{"id":657146,"date":"2026-03-21T16:55:49","date_gmt":"2026-03-21T15:55:49","guid":{"rendered":"https:\/\/dicodusport.fr\/blog\/?p=657146&#038;preview=true&#038;preview_id=657146"},"modified":"2026-03-21T17:11:54","modified_gmt":"2026-03-21T16:11:54","slug":"tadej-pogacar-soffre-enfin-milan-san-remo-apres-un-superbe-mano-a-mano-avec-tom-pidcock","status":"publish","type":"post","link":"https:\/\/dicodusport.fr\/blog\/tadej-pogacar-soffre-enfin-milan-san-remo-apres-un-superbe-mano-a-mano-avec-tom-pidcock\/","title":{"rendered":"Tadej Poga\u010dar s&rsquo;offre enfin Milan-San Remo apr\u00e8s un superbe mano a mano avec Tom Pidcock"},"content":{"rendered":"<p style=\"text-align: justify;\"><em><strong>MILAN-SAN REMO 2026 &#8211; Malgr\u00e9 une grosse chute, Tadej Poga\u010dar (UAE Team Emirates XRG) s&rsquo;est adjug\u00e9 la 117\u00e8me \u00e9dition de Milan-San Remo, samedi.\u00a0<\/strong><\/em><\/p>\n<ul style=\"text-align: justify;\">\n<li style=\"text-align: justify;\"><strong>\u00c0 ce sujet \u2013\u00a0<a href=\"https:\/\/dicodusport.fr\/blog\/actualites\/cyclisme\/\">L\u2019actualit\u00e9 du cyclisme<\/a><\/strong><\/li>\n<\/ul>\n<p style=\"text-align: justify;\">Apr\u00e8s <a href=\"https:\/\/dicodusport.fr\/blog\/paris-nice-2026-le-parcours-complet-et-le-profil-des-8-etapes\/\"><strong>Paris-Nice<\/strong><\/a> et <a href=\"https:\/\/dicodusport.fr\/blog\/tag\/tirreno-adriatico\/\"><strong>Tirreno-Adriatico<\/strong><\/a>, place au premier des cinq Monuments de la saison 2026 avec la <em>Primavera<\/em>\u00a0pour sa <strong>117\u00e8me \u00e9dition de Milan-San Remo<\/strong> avec un parcours identique \u00e0 celui de l\u2019\u00e9dition pr\u00e9c\u00e9dente, ce samedi 21 mars 2026 pour une course longue de 298 kilom\u00e8tres, avec ses habituels <em>Capi<\/em> dans son dernier quart, en bord de mer.<\/p>\n<h2 style=\"text-align: justify;\">L&rsquo;\u00e9chapp\u00e9e a eu du champ<\/h2>\n<p style=\"text-align: justify;\">Apr\u00e8s qu&rsquo;une premi\u00e8re tentative d\u2019\u00e9chapp\u00e9e s&rsquo;est tromp\u00e9e de route, neuf coureurs ont form\u00e9 l&rsquo;\u00e9chapp\u00e9e matinale : <strong>Martin Marcellusi, Manuele Tarozzi<\/strong> (Bardiani VF Group), <strong>Lorenzo Milesi, Manlio Moro<\/strong> (Movistar), <strong>Andrea Peron, David Lozano<\/strong> (Novo Nordisk), <strong>Alexy Faure Prost<\/strong> (Picnic PostNL), <strong>Dario Igor Belletta et Mirco Maestri<\/strong> (Polti-VisitMalta). <strong>Jan Christen<\/strong> (UAE Team Emirates XRG) et <strong>Orluis Aular<\/strong> (Movistar) ont chut\u00e9 et ont \u00e9t\u00e9 contraints \u00e0 l&rsquo;abandon, en d\u00e9but de course.<\/p>\n<ul style=\"text-align: justify;\">\n<li><strong>\u00c0 ce sujet &#8211;\u00a0<a href=\"https:\/\/dicodusport.fr\/blog\/resultats-milan-san-remo-2026-classement-de-la-course\/\">R\u00e9sultats Milan-San Remo 2026 : classement de la course<\/a><\/strong><\/li>\n<\/ul>\n<p style=\"text-align: justify;\">Puis, l&rsquo;avance est mont\u00e9e \u00e0 plus de 6 minutes 40 au maximum sur un peloton emmen\u00e9 par<strong> Silvan Dillier<\/strong> (Alpecin Premier Tech).<strong> Domen Novak<\/strong> (UAE Team Emirates XRG) a ensuite pris les commandes du peloton pour r\u00e9duire l&rsquo;\u00e9cart avec l&rsquo;\u00e9chapp\u00e9e matinale alors qu&rsquo;<strong>Andrea Peron<\/strong> et <strong>David Lozano<\/strong> ont \u00e9t\u00e9 l\u00e2ch\u00e9s du groupe de t\u00eate. Une grosse a impliqu\u00e9 trois coureurs de la formation INEOS Grenadiers, \u00e0 65 kilom\u00e8tres du terme, <strong>Ben Turner, Connor Swift<\/strong> et <strong>Michal Kwiatkowski<\/strong>. Le coureur polonais a heurt\u00e9 un poteau.<\/p>\n<h2 style=\"text-align: justify;\">Sc\u00e9nario incroyable, Poga\u010dar couronn\u00e9<\/h2>\n<p style=\"text-align: justify;\">Dans le Capo Berta, ils n&rsquo;\u00e9taient plus que trois \u00e0 l&rsquo;avant de la course avec plus d&rsquo;une minute d&rsquo;avance sur le peloton : <strong>Lorenzo Milesi, Dario Igor Belletta<\/strong> et <strong>Mirco Maestri<\/strong>. Malheureusement, <strong>Matteo Jorgenson, Wout Van Aert<\/strong> (Visma Lease a Bike), <strong>Giulio Pellizzari<\/strong> (Red Bull-Bora-Hansgrohe), <strong>Biniam Girmay<\/strong> (NSN Pro Team), <strong>Soren Kragh Andersen<\/strong> (Lidl-Trek) et <strong>Tadej Poga\u010dar<\/strong> (UAE Team Emirates XRG) ont chut\u00e9 \u00e0 33 km de l&rsquo;arriv\u00e9e.<\/p>\n<blockquote class=\"twitter-tweet\">\n<p dir=\"ltr\" lang=\"fr\">\ud83d\udca5 CHUTE DE POGACAR ! Le champion du monde finit au sol, en compagnie de Wout van Aert ou Biniam Girmay \u00e0 32 kilom\u00e8tres de l&rsquo;arriv\u00e9e de <a href=\"https:\/\/twitter.com\/hashtag\/MilanoSanremo?src=hash&amp;ref_src=twsrc%5Etfw\">#MilanoSanremo<\/a> ! <a href=\"https:\/\/t.co\/PzSaIBwXue\">pic.twitter.com\/PzSaIBwXue<\/a><\/p>\n<p>\u2014 Eurosport France (@Eurosport_FR) <a href=\"https:\/\/twitter.com\/Eurosport_FR\/status\/2035374239008673896?ref_src=twsrc%5Etfw\">March 21, 2026<\/a><\/p><\/blockquote>\n<p style=\"text-align: justify;\"><script async src=\"https:\/\/platform.twitter.com\/widgets.js\" charset=\"utf-8\"><\/script><\/p>\n<p style=\"text-align: justify;\">Ramen\u00e9 par ses \u00e9quipiers au sein du peloton, <strong>Tadej Poga\u010dar<\/strong> a port\u00e9 une violente attaque dans la Cipressa, apr\u00e8s un gros relais notamment d&rsquo;<strong>Isaac Del Toro<\/strong> (UAE Team Emirates XRG). Le double champion du monde \u00e9tait suivi par <strong>Tom Pidcock<\/strong> (Pinarello Q36.5 Pro Cycling) et par <strong>Mathieu van der Poel<\/strong> (Alpecin Premier Tech). Avec une trentaine de secondes de retard, les \u00e9quipes Decathlon CMA CGM et Lidl-Trek ont pris leur responsabilit\u00e9 pour mener la poursuite derri\u00e8re le trio de t\u00eate. Avec le retour de <b>Wout Van Aert<\/b>\u00a0au sein du peloton, la Visma Lease a Bike est venue apporter son soutien.<\/p>\n<p style=\"text-align: justify;\">Par la suite, <strong>Tadej Poga\u010dar<\/strong> a r\u00e9ussi \u00e0 se d\u00e9faire de <strong>Mathieu van der Poel<\/strong> apr\u00e8s une premi\u00e8re attaque, \u00e0 plus de 8 kilom\u00e8tres du terme. Mais, <strong>Tom Pidcock<\/strong> a r\u00e9sist\u00e9 aux deux autres attaques du coureur slov\u00e8ne. Au sommet de cette ultime difficult\u00e9,<strong> Mathieu van der Poel<\/strong> avait 13 secondes de retard alors que le peloton d&rsquo;une quarantaine de coureurs n&rsquo;a accus\u00e9 que 20 secondes de d\u00e9bours. Le double vainqueur de l&rsquo;\u00e9preuve a \u00e9t\u00e9 repris par le peloton au bas de la descente.<\/p>\n<blockquote class=\"twitter-tweet\">\n<p dir=\"ltr\" lang=\"fr\">\ud83d\udc51 IL L&rsquo;A FAIT ! Tadej Pogacar remporte <a href=\"https:\/\/twitter.com\/hashtag\/MilanoSanremo?src=hash&amp;ref_src=twsrc%5Etfw\">#MilanoSanremo<\/a> en domptant Tom Pidcock au sprint ! <a href=\"https:\/\/twitter.com\/hashtag\/LesRP?src=hash&amp;ref_src=twsrc%5Etfw\">#LesRP<\/a> <a href=\"https:\/\/t.co\/rU4O85UqjB\">pic.twitter.com\/rU4O85UqjB<\/a><\/p>\n<p>\u2014 Eurosport France (@Eurosport_FR) <a href=\"https:\/\/twitter.com\/Eurosport_FR\/status\/2035384768880075243?ref_src=twsrc%5Etfw\">March 21, 2026<\/a><\/p><\/blockquote>\n<p style=\"text-align: justify;\"><script async src=\"https:\/\/platform.twitter.com\/widgets.js\" charset=\"utf-8\"><\/script><\/p>\n<p style=\"text-align: justify;\">Finalement, les deux hommes de t\u00eate ont maintenu une petite avance sur le peloton dans les rues de San Remo. Au terme d&rsquo;un sprint long,<strong> Tadej Poga\u010dar<\/strong> a gard\u00e9 une demi-roue d&rsquo;avance sur <strong>Tom Pidcock<\/strong> pour remporter pour la premi\u00e8re fois la Primavera. Sorti dans le dernier kilom\u00e8tre,<strong> Wout Van Aert<\/strong> a pris la troisi\u00e8me place \u00e0 4 secondes devant <strong>Mads Pedersen<\/strong> (Lidl-Trek) et <strong>Corbin Strong<\/strong> (NSN Pro Team). <strong>Mathieu van der Poel <\/strong>s&rsquo;est class\u00e9 au final au huiti\u00e8me rang.<\/p>\n<h3 style=\"text-align: justify;\">\u00c0 lire aussi<\/h3>\n<div class=\"vlp-link-container vlp-layout-article\"><a href=\"https:\/\/dicodusport.fr\/blog\/lotte-kopecky-triomphe-sur-milan-san-remo-et-soffre-un-nouveau-monument\/\" class=\"vlp-link\" title=\"Lotte Kopecky triomphe sur Milan-San Remo et s&#039;offre un nouveau Monument !\"><\/a><div class=\"vlp-layout-zone-side\"><div class=\"vlp-block-4 vlp-link-image\"><img loading=\"lazy\" decoding=\"async\" style=\"max-width: 792px;\" width=\"792\" height=\"445\" src=\"https:\/\/dicodusport.fr\/blog\/wp-content\/uploads\/2026\/03\/Lotte-Kopecky-triomphe-sur-Milan-San-Remo-et-soffre-un-nouveau-Monument-.png\" class=\"attachment-800x445 size-800x445\" alt=\"Lotte Kopecky triomphe sur Milan-San Remo et s&#039;offre un nouveau Monument !\" srcset=\"https:\/\/dicodusport.fr\/blog\/wp-content\/uploads\/2026\/03\/Lotte-Kopecky-triomphe-sur-Milan-San-Remo-et-soffre-un-nouveau-Monument-.png 1200w, https:\/\/dicodusport.fr\/blog\/wp-content\/uploads\/2026\/03\/Lotte-Kopecky-triomphe-sur-Milan-San-Remo-et-soffre-un-nouveau-Monument--300x169.png 300w, https:\/\/dicodusport.fr\/blog\/wp-content\/uploads\/2026\/03\/Lotte-Kopecky-triomphe-sur-Milan-San-Remo-et-soffre-un-nouveau-Monument--1024x575.png 1024w, https:\/\/dicodusport.fr\/blog\/wp-content\/uploads\/2026\/03\/Lotte-Kopecky-triomphe-sur-Milan-San-Remo-et-soffre-un-nouveau-Monument--768x431.png 768w\" sizes=\"auto, (max-width: 792px) 100vw, 792px\" \/><\/div><\/div><div class=\"vlp-layout-zone-main\"><div class=\"vlp-block-0 vlp-link-title\">Lotte Kopecky triomphe sur Milan-San Remo et s'offre un nouveau Monument !<\/div><div class=\"vlp-block-1 vlp-link-summary\">MILAN-SAN REMO FEMMES 2026 - Lotte Kopecky (SD Worx-Protime) a remport\u00e9 l'\u00e9preuve en r\u00e9glant un sprint en comit\u00e9 r\u00e9duit.<\/div><div class=\"vlp-block-2 vlp-link-button\">Lire l'article<\/div><div class=\"vlp-block-3 vlp-link-url\">dicodusport.fr<\/div><\/div><\/div>\n","protected":false},"excerpt":{"rendered":"<p>MILAN-SAN REMO 2026 &#8211; Malgr\u00e9 une grosse chute, Tadej Poga\u010dar (UAE Team Emirates XRG) s&rsquo;est adjug\u00e9 la 117\u00e8me \u00e9dition de Milan-San Remo, samedi.\u00a0<\/p>\n","protected":false},"author":48,"featured_media":657259,"comment_status":"open","ping_status":"closed","sticky":false,"template":"","format":"standard","meta":{"_acf_changed":false,"_daextam_enable_autolinks":"1","footnotes":""},"categories":[46994],"tags":[32415,16878,574,11197,4162,24],"class_list":["post-657146","post","type-post","status-publish","format-standard","has-post-thumbnail","hentry","category-cyclisme-sur-route","tag-actu","tag-breve","tag-cyclisme","tag-cyclisme-sur-route","tag-milan-san-remo","tag-sport"],"acf":[],"yoast_head":"<!-- This site is optimized with the Yoast SEO Premium plugin v26.7 (Yoast SEO v26.7) - https:\/\/yoast.com\/wordpress\/plugins\/seo\/ -->\n<title>Tadej Poga\u010dar s&#039;offre enfin Milan-San Remo apr\u00e8s un superbe mano a mano avec Tom Pidcock<\/title>\n<meta name=\"description\" content=\"MILAN-SAN REMO 2026 - Malgr\u00e9 une grosse chute, Tadej Poga\u010dar (UAE Team Emirates XRG) s&#039;est adjug\u00e9 la 117\u00e8me \u00e9dition de Milan-San Remo, samedi.\u00a0\" \/>\n<meta name=\"robots\" content=\"index, follow, max-snippet:-1, max-image-preview:large, max-video-preview:-1\" \/>\n<link rel=\"canonical\" href=\"https:\/\/dicodusport.fr\/blog\/tadej-pogacar-soffre-enfin-milan-san-remo-apres-un-superbe-mano-a-mano-avec-tom-pidcock\/\" \/>\n<meta property=\"og:locale\" content=\"fr_FR\" \/>\n<meta property=\"og:type\" content=\"article\" \/>\n<meta property=\"og:title\" content=\"Tadej Poga\u010dar s&#039;offre enfin Milan-San Remo apr\u00e8s un superbe mano a mano avec Tom Pidcock\" \/>\n<meta property=\"og:description\" content=\"MILAN-SAN REMO 2026 - Malgr\u00e9 une grosse chute, Tadej Poga\u010dar (UAE Team Emirates XRG) s&#039;est adjug\u00e9 la 117\u00e8me \u00e9dition de Milan-San Remo, samedi.\u00a0\" \/>\n<meta property=\"og:url\" content=\"https:\/\/dicodusport.fr\/blog\/tadej-pogacar-soffre-enfin-milan-san-remo-apres-un-superbe-mano-a-mano-avec-tom-pidcock\/\" \/>\n<meta property=\"og:site_name\" content=\"Dicodusport\" \/>\n<meta property=\"article:publisher\" content=\"https:\/\/www.facebook.com\/dicodusport\" \/>\n<meta property=\"article:author\" content=\"https:\/\/www.facebook.com\/groups\/LesRoisDuPeloton\" \/>\n<meta property=\"article:published_time\" content=\"2026-03-21T15:55:49+00:00\" \/>\n<meta property=\"article:modified_time\" content=\"2026-03-21T16:11:54+00:00\" \/>\n<meta property=\"og:image\" content=\"https:\/\/dicodusport.fr\/blog\/wp-content\/uploads\/2026\/03\/Tadej-Pogacar-soffre-enfin-Milan-San-Remo-apres-un-superbe-mano-a-mano-avec-Tom-Pidcock-1.png\" \/>\n\t<meta property=\"og:image:width\" content=\"1200\" \/>\n\t<meta property=\"og:image:height\" content=\"674\" \/>\n\t<meta property=\"og:image:type\" content=\"image\/png\" \/>\n<meta name=\"author\" content=\"Emilien Descampiaux\" \/>\n<meta name=\"twitter:card\" content=\"summary_large_image\" \/>\n<meta name=\"twitter:creator\" content=\"@https:\/\/twitter.com\/LRoisDuPeloton\" \/>\n<meta name=\"twitter:site\" content=\"@dicodusport\" \/>\n<script type=\"application\/ld+json\" class=\"yoast-schema-graph\">{\"@context\":\"https:\/\/schema.org\",\"@graph\":[{\"@type\":\"NewsArticle\",\"@id\":\"https:\/\/dicodusport.fr\/blog\/tadej-pogacar-soffre-enfin-milan-san-remo-apres-un-superbe-mano-a-mano-avec-tom-pidcock\/#article\",\"isPartOf\":{\"@id\":\"https:\/\/dicodusport.fr\/blog\/tadej-pogacar-soffre-enfin-milan-san-remo-apres-un-superbe-mano-a-mano-avec-tom-pidcock\/\"},\"author\":{\"name\":\"Emilien Descampiaux\",\"@id\":\"https:\/\/dicodusport.fr\/blog\/#\/schema\/person\/6db4bae06b171592211be385b32876a7\"},\"headline\":\"Tadej Poga\u010dar s&rsquo;offre enfin Milan-San Remo apr\u00e8s un superbe mano a mano avec Tom Pidcock\",\"datePublished\":\"2026-03-21T15:55:49+00:00\",\"dateModified\":\"2026-03-21T16:11:54+00:00\",\"mainEntityOfPage\":{\"@id\":\"https:\/\/dicodusport.fr\/blog\/tadej-pogacar-soffre-enfin-milan-san-remo-apres-un-superbe-mano-a-mano-avec-tom-pidcock\/\"},\"wordCount\":806,\"commentCount\":0,\"publisher\":{\"@id\":\"https:\/\/dicodusport.fr\/blog\/#organization\"},\"image\":{\"@id\":\"https:\/\/dicodusport.fr\/blog\/tadej-pogacar-soffre-enfin-milan-san-remo-apres-un-superbe-mano-a-mano-avec-tom-pidcock\/#primaryimage\"},\"thumbnailUrl\":\"https:\/\/dicodusport.fr\/blog\/wp-content\/uploads\/2026\/03\/Tadej-Pogacar-soffre-enfin-Milan-San-Remo-apres-un-superbe-mano-a-mano-avec-Tom-Pidcock-1.png\",\"keywords\":[\"actu\",\"br\u00e8ve\",\"Cyclisme\",\"Cyclisme sur route\",\"Milan-San Remo\",\"sport\"],\"articleSection\":[\"Cyclisme sur route\"],\"inLanguage\":\"fr-FR\",\"potentialAction\":[{\"@type\":\"CommentAction\",\"name\":\"Comment\",\"target\":[\"https:\/\/dicodusport.fr\/blog\/tadej-pogacar-soffre-enfin-milan-san-remo-apres-un-superbe-mano-a-mano-avec-tom-pidcock\/#respond\"]}],\"copyrightYear\":\"2026\",\"copyrightHolder\":{\"@id\":\"https:\/\/dicodusport.fr\/blog\/#organization\"}},{\"@type\":\"WebPage\",\"@id\":\"https:\/\/dicodusport.fr\/blog\/tadej-pogacar-soffre-enfin-milan-san-remo-apres-un-superbe-mano-a-mano-avec-tom-pidcock\/\",\"url\":\"https:\/\/dicodusport.fr\/blog\/tadej-pogacar-soffre-enfin-milan-san-remo-apres-un-superbe-mano-a-mano-avec-tom-pidcock\/\",\"name\":\"Tadej Poga\u010dar s'offre enfin Milan-San Remo apr\u00e8s un superbe mano a mano avec Tom Pidcock\",\"isPartOf\":{\"@id\":\"https:\/\/dicodusport.fr\/blog\/#website\"},\"primaryImageOfPage\":{\"@id\":\"https:\/\/dicodusport.fr\/blog\/tadej-pogacar-soffre-enfin-milan-san-remo-apres-un-superbe-mano-a-mano-avec-tom-pidcock\/#primaryimage\"},\"image\":{\"@id\":\"https:\/\/dicodusport.fr\/blog\/tadej-pogacar-soffre-enfin-milan-san-remo-apres-un-superbe-mano-a-mano-avec-tom-pidcock\/#primaryimage\"},\"thumbnailUrl\":\"https:\/\/dicodusport.fr\/blog\/wp-content\/uploads\/2026\/03\/Tadej-Pogacar-soffre-enfin-Milan-San-Remo-apres-un-superbe-mano-a-mano-avec-Tom-Pidcock-1.png\",\"datePublished\":\"2026-03-21T15:55:49+00:00\",\"dateModified\":\"2026-03-21T16:11:54+00:00\",\"description\":\"MILAN-SAN REMO 2026 - Malgr\u00e9 une grosse chute, Tadej Poga\u010dar (UAE Team Emirates XRG) s'est adjug\u00e9 la 117\u00e8me \u00e9dition de Milan-San Remo, samedi.\u00a0\",\"breadcrumb\":{\"@id\":\"https:\/\/dicodusport.fr\/blog\/tadej-pogacar-soffre-enfin-milan-san-remo-apres-un-superbe-mano-a-mano-avec-tom-pidcock\/#breadcrumb\"},\"inLanguage\":\"fr-FR\",\"potentialAction\":[{\"@type\":\"ReadAction\",\"target\":[\"https:\/\/dicodusport.fr\/blog\/tadej-pogacar-soffre-enfin-milan-san-remo-apres-un-superbe-mano-a-mano-avec-tom-pidcock\/\"]}]},{\"@type\":\"ImageObject\",\"inLanguage\":\"fr-FR\",\"@id\":\"https:\/\/dicodusport.fr\/blog\/tadej-pogacar-soffre-enfin-milan-san-remo-apres-un-superbe-mano-a-mano-avec-tom-pidcock\/#primaryimage\",\"url\":\"https:\/\/dicodusport.fr\/blog\/wp-content\/uploads\/2026\/03\/Tadej-Pogacar-soffre-enfin-Milan-San-Remo-apres-un-superbe-mano-a-mano-avec-Tom-Pidcock-1.png\",\"contentUrl\":\"https:\/\/dicodusport.fr\/blog\/wp-content\/uploads\/2026\/03\/Tadej-Pogacar-soffre-enfin-Milan-San-Remo-apres-un-superbe-mano-a-mano-avec-Tom-Pidcock-1.png\",\"width\":1200,\"height\":674,\"caption\":\"Tadej Poga\u010dar s'offre enfin Milan-San Remo apr\u00e8s un superbe mano a mano avec Tom Pidcock\"},{\"@type\":\"BreadcrumbList\",\"@id\":\"https:\/\/dicodusport.fr\/blog\/tadej-pogacar-soffre-enfin-milan-san-remo-apres-un-superbe-mano-a-mano-avec-tom-pidcock\/#breadcrumb\",\"itemListElement\":[{\"@type\":\"ListItem\",\"position\":1,\"name\":\"Accueil\",\"item\":\"https:\/\/dicodusport.fr\/blog\/\"},{\"@type\":\"ListItem\",\"position\":2,\"name\":\"Tadej Poga\u010dar s&rsquo;offre enfin Milan-San Remo apr\u00e8s un superbe mano a mano avec Tom Pidcock\"}]},{\"@type\":\"WebSite\",\"@id\":\"https:\/\/dicodusport.fr\/blog\/#website\",\"url\":\"https:\/\/dicodusport.fr\/blog\/\",\"name\":\"Dicodusport\",\"description\":\"L&#039;encyclop\u00e9die de l&#039;actualit\u00e9 sportive\",\"publisher\":{\"@id\":\"https:\/\/dicodusport.fr\/blog\/#organization\"},\"potentialAction\":[{\"@type\":\"SearchAction\",\"target\":{\"@type\":\"EntryPoint\",\"urlTemplate\":\"https:\/\/dicodusport.fr\/blog\/?s={search_term_string}\"},\"query-input\":{\"@type\":\"PropertyValueSpecification\",\"valueRequired\":true,\"valueName\":\"search_term_string\"}}],\"inLanguage\":\"fr-FR\"},{\"@type\":\"NewsMediaOrganization\",\"@id\":\"https:\/\/dicodusport.fr\/blog\/#organization\",\"name\":\"Dicodusport\",\"url\":\"https:\/\/dicodusport.fr\/blog\/\",\"logo\":{\"@type\":\"ImageObject\",\"inLanguage\":\"fr-FR\",\"@id\":\"https:\/\/dicodusport.fr\/blog\/#\/schema\/logo\/image\/\",\"url\":\"https:\/\/dicodusport.fr\/blog\/wp-content\/uploads\/2020\/06\/cropped-LOGO-DICODUSPORT-2020-SANS-FOND-SANS-TEXTE.png\",\"contentUrl\":\"https:\/\/dicodusport.fr\/blog\/wp-content\/uploads\/2020\/06\/cropped-LOGO-DICODUSPORT-2020-SANS-FOND-SANS-TEXTE.png\",\"width\":512,\"height\":512,\"caption\":\"Dicodusport\"},\"image\":{\"@id\":\"https:\/\/dicodusport.fr\/blog\/#\/schema\/logo\/image\/\"},\"sameAs\":[\"https:\/\/www.facebook.com\/dicodusport\",\"https:\/\/x.com\/dicodusport\",\"https:\/\/www.instagram.com\/dicodusport\/\",\"https:\/\/www.youtube.com\/channel\/UC7V2KZ5sd3htJivAbA4ZG3w\"],\"description\":\"Dicodusport est l'encyclop\u00e9die de l'actualit\u00e9 sportive.\",\"email\":\"bonjour@dicodusport.fr\",\"legalName\":\"DICODUSPORT\",\"foundingDate\":\"2018-01-14\",\"vatID\":\"FR71834470973\",\"taxID\":\"83447097300043\",\"numberOfEmployees\":{\"@type\":\"QuantitativeValue\",\"minValue\":\"1\",\"maxValue\":\"10\"}},{\"@type\":\"Person\",\"@id\":\"https:\/\/dicodusport.fr\/blog\/#\/schema\/person\/6db4bae06b171592211be385b32876a7\",\"name\":\"Emilien Descampiaux\",\"image\":{\"@type\":\"ImageObject\",\"inLanguage\":\"fr-FR\",\"@id\":\"https:\/\/dicodusport.fr\/blog\/#\/schema\/person\/image\/\",\"url\":\"https:\/\/dicodusport.fr\/blog\/wp-content\/uploads\/2021\/05\/Emilien-Descampiaux-150x150.jpg\",\"contentUrl\":\"https:\/\/dicodusport.fr\/blog\/wp-content\/uploads\/2021\/05\/Emilien-Descampiaux-150x150.jpg\",\"caption\":\"Emilien Descampiaux\"},\"description\":\"Journaliste\/r\u00e9dacteur depuis 2014 - Fan de la classe de Frank Vandenbroucke, je vis cyclisme (et de ses paysages) depuis plus de 20 ans. Je suis tr\u00e8s impliqu\u00e9 sur mes diff\u00e9rents r\u00e9seaux sociaux pour partager ma passion sur le monde et l'Histoire de la bicyclette avec ma voix sur les images en noir et blanc du succ\u00e8s de Rik Van Steenbergen lors du Ronde sur le V\u00e9lodrome de Gand.\",\"sameAs\":[\"https:\/\/www.facebook.com\/groups\/LesRoisDuPeloton\",\"https:\/\/x.com\/https:\/\/twitter.com\/LRoisDuPeloton\"],\"url\":\"https:\/\/dicodusport.fr\/blog\/author\/emiliend\/\"}]}<\/script>\n<!-- \/ Yoast SEO Premium plugin. -->","yoast_head_json":{"title":"Tadej Poga\u010dar s'offre enfin Milan-San Remo apr\u00e8s un superbe mano a mano avec Tom Pidcock","description":"MILAN-SAN REMO 2026 - Malgr\u00e9 une grosse chute, Tadej Poga\u010dar (UAE Team Emirates XRG) s'est adjug\u00e9 la 117\u00e8me \u00e9dition de Milan-San Remo, samedi.\u00a0","robots":{"index":"index","follow":"follow","max-snippet":"max-snippet:-1","max-image-preview":"max-image-preview:large","max-video-preview":"max-video-preview:-1"},"canonical":"https:\/\/dicodusport.fr\/blog\/tadej-pogacar-soffre-enfin-milan-san-remo-apres-un-superbe-mano-a-mano-avec-tom-pidcock\/","og_locale":"fr_FR","og_type":"article","og_title":"Tadej Poga\u010dar s'offre enfin Milan-San Remo apr\u00e8s un superbe mano a mano avec Tom Pidcock","og_description":"MILAN-SAN REMO 2026 - Malgr\u00e9 une grosse chute, Tadej Poga\u010dar (UAE Team Emirates XRG) s'est adjug\u00e9 la 117\u00e8me \u00e9dition de Milan-San Remo, samedi.\u00a0","og_url":"https:\/\/dicodusport.fr\/blog\/tadej-pogacar-soffre-enfin-milan-san-remo-apres-un-superbe-mano-a-mano-avec-tom-pidcock\/","og_site_name":"Dicodusport","article_publisher":"https:\/\/www.facebook.com\/dicodusport","article_author":"https:\/\/www.facebook.com\/groups\/LesRoisDuPeloton","article_published_time":"2026-03-21T15:55:49+00:00","article_modified_time":"2026-03-21T16:11:54+00:00","og_image":[{"width":1200,"height":674,"url":"https:\/\/dicodusport.fr\/blog\/wp-content\/uploads\/2026\/03\/Tadej-Pogacar-soffre-enfin-Milan-San-Remo-apres-un-superbe-mano-a-mano-avec-Tom-Pidcock-1.png","type":"image\/png"}],"author":"Emilien Descampiaux","twitter_card":"summary_large_image","twitter_creator":"@https:\/\/twitter.com\/LRoisDuPeloton","twitter_site":"@dicodusport","schema":{"@context":"https:\/\/schema.org","@graph":[{"@type":"NewsArticle","@id":"https:\/\/dicodusport.fr\/blog\/tadej-pogacar-soffre-enfin-milan-san-remo-apres-un-superbe-mano-a-mano-avec-tom-pidcock\/#article","isPartOf":{"@id":"https:\/\/dicodusport.fr\/blog\/tadej-pogacar-soffre-enfin-milan-san-remo-apres-un-superbe-mano-a-mano-avec-tom-pidcock\/"},"author":{"name":"Emilien Descampiaux","@id":"https:\/\/dicodusport.fr\/blog\/#\/schema\/person\/6db4bae06b171592211be385b32876a7"},"headline":"Tadej Poga\u010dar s&rsquo;offre enfin Milan-San Remo apr\u00e8s un superbe mano a mano avec Tom Pidcock","datePublished":"2026-03-21T15:55:49+00:00","dateModified":"2026-03-21T16:11:54+00:00","mainEntityOfPage":{"@id":"https:\/\/dicodusport.fr\/blog\/tadej-pogacar-soffre-enfin-milan-san-remo-apres-un-superbe-mano-a-mano-avec-tom-pidcock\/"},"wordCount":806,"commentCount":0,"publisher":{"@id":"https:\/\/dicodusport.fr\/blog\/#organization"},"image":{"@id":"https:\/\/dicodusport.fr\/blog\/tadej-pogacar-soffre-enfin-milan-san-remo-apres-un-superbe-mano-a-mano-avec-tom-pidcock\/#primaryimage"},"thumbnailUrl":"https:\/\/dicodusport.fr\/blog\/wp-content\/uploads\/2026\/03\/Tadej-Pogacar-soffre-enfin-Milan-San-Remo-apres-un-superbe-mano-a-mano-avec-Tom-Pidcock-1.png","keywords":["actu","br\u00e8ve","Cyclisme","Cyclisme sur route","Milan-San Remo","sport"],"articleSection":["Cyclisme sur route"],"inLanguage":"fr-FR","potentialAction":[{"@type":"CommentAction","name":"Comment","target":["https:\/\/dicodusport.fr\/blog\/tadej-pogacar-soffre-enfin-milan-san-remo-apres-un-superbe-mano-a-mano-avec-tom-pidcock\/#respond"]}],"copyrightYear":"2026","copyrightHolder":{"@id":"https:\/\/dicodusport.fr\/blog\/#organization"}},{"@type":"WebPage","@id":"https:\/\/dicodusport.fr\/blog\/tadej-pogacar-soffre-enfin-milan-san-remo-apres-un-superbe-mano-a-mano-avec-tom-pidcock\/","url":"https:\/\/dicodusport.fr\/blog\/tadej-pogacar-soffre-enfin-milan-san-remo-apres-un-superbe-mano-a-mano-avec-tom-pidcock\/","name":"Tadej Poga\u010dar s'offre enfin Milan-San Remo apr\u00e8s un superbe mano a mano avec Tom Pidcock","isPartOf":{"@id":"https:\/\/dicodusport.fr\/blog\/#website"},"primaryImageOfPage":{"@id":"https:\/\/dicodusport.fr\/blog\/tadej-pogacar-soffre-enfin-milan-san-remo-apres-un-superbe-mano-a-mano-avec-tom-pidcock\/#primaryimage"},"image":{"@id":"https:\/\/dicodusport.fr\/blog\/tadej-pogacar-soffre-enfin-milan-san-remo-apres-un-superbe-mano-a-mano-avec-tom-pidcock\/#primaryimage"},"thumbnailUrl":"https:\/\/dicodusport.fr\/blog\/wp-content\/uploads\/2026\/03\/Tadej-Pogacar-soffre-enfin-Milan-San-Remo-apres-un-superbe-mano-a-mano-avec-Tom-Pidcock-1.png","datePublished":"2026-03-21T15:55:49+00:00","dateModified":"2026-03-21T16:11:54+00:00","description":"MILAN-SAN REMO 2026 - Malgr\u00e9 une grosse chute, Tadej Poga\u010dar (UAE Team Emirates XRG) s'est adjug\u00e9 la 117\u00e8me \u00e9dition de Milan-San Remo, samedi.\u00a0","breadcrumb":{"@id":"https:\/\/dicodusport.fr\/blog\/tadej-pogacar-soffre-enfin-milan-san-remo-apres-un-superbe-mano-a-mano-avec-tom-pidcock\/#breadcrumb"},"inLanguage":"fr-FR","potentialAction":[{"@type":"ReadAction","target":["https:\/\/dicodusport.fr\/blog\/tadej-pogacar-soffre-enfin-milan-san-remo-apres-un-superbe-mano-a-mano-avec-tom-pidcock\/"]}]},{"@type":"ImageObject","inLanguage":"fr-FR","@id":"https:\/\/dicodusport.fr\/blog\/tadej-pogacar-soffre-enfin-milan-san-remo-apres-un-superbe-mano-a-mano-avec-tom-pidcock\/#primaryimage","url":"https:\/\/dicodusport.fr\/blog\/wp-content\/uploads\/2026\/03\/Tadej-Pogacar-soffre-enfin-Milan-San-Remo-apres-un-superbe-mano-a-mano-avec-Tom-Pidcock-1.png","contentUrl":"https:\/\/dicodusport.fr\/blog\/wp-content\/uploads\/2026\/03\/Tadej-Pogacar-soffre-enfin-Milan-San-Remo-apres-un-superbe-mano-a-mano-avec-Tom-Pidcock-1.png","width":1200,"height":674,"caption":"Tadej Poga\u010dar s'offre enfin Milan-San Remo apr\u00e8s un superbe mano a mano avec Tom Pidcock"},{"@type":"BreadcrumbList","@id":"https:\/\/dicodusport.fr\/blog\/tadej-pogacar-soffre-enfin-milan-san-remo-apres-un-superbe-mano-a-mano-avec-tom-pidcock\/#breadcrumb","itemListElement":[{"@type":"ListItem","position":1,"name":"Accueil","item":"https:\/\/dicodusport.fr\/blog\/"},{"@type":"ListItem","position":2,"name":"Tadej Poga\u010dar s&rsquo;offre enfin Milan-San Remo apr\u00e8s un superbe mano a mano avec Tom Pidcock"}]},{"@type":"WebSite","@id":"https:\/\/dicodusport.fr\/blog\/#website","url":"https:\/\/dicodusport.fr\/blog\/","name":"Dicodusport","description":"L&#039;encyclop\u00e9die de l&#039;actualit\u00e9 sportive","publisher":{"@id":"https:\/\/dicodusport.fr\/blog\/#organization"},"potentialAction":[{"@type":"SearchAction","target":{"@type":"EntryPoint","urlTemplate":"https:\/\/dicodusport.fr\/blog\/?s={search_term_string}"},"query-input":{"@type":"PropertyValueSpecification","valueRequired":true,"valueName":"search_term_string"}}],"inLanguage":"fr-FR"},{"@type":"NewsMediaOrganization","@id":"https:\/\/dicodusport.fr\/blog\/#organization","name":"Dicodusport","url":"https:\/\/dicodusport.fr\/blog\/","logo":{"@type":"ImageObject","inLanguage":"fr-FR","@id":"https:\/\/dicodusport.fr\/blog\/#\/schema\/logo\/image\/","url":"https:\/\/dicodusport.fr\/blog\/wp-content\/uploads\/2020\/06\/cropped-LOGO-DICODUSPORT-2020-SANS-FOND-SANS-TEXTE.png","contentUrl":"https:\/\/dicodusport.fr\/blog\/wp-content\/uploads\/2020\/06\/cropped-LOGO-DICODUSPORT-2020-SANS-FOND-SANS-TEXTE.png","width":512,"height":512,"caption":"Dicodusport"},"image":{"@id":"https:\/\/dicodusport.fr\/blog\/#\/schema\/logo\/image\/"},"sameAs":["https:\/\/www.facebook.com\/dicodusport","https:\/\/x.com\/dicodusport","https:\/\/www.instagram.com\/dicodusport\/","https:\/\/www.youtube.com\/channel\/UC7V2KZ5sd3htJivAbA4ZG3w"],"description":"Dicodusport est l'encyclop\u00e9die de l'actualit\u00e9 sportive.","email":"bonjour@dicodusport.fr","legalName":"DICODUSPORT","foundingDate":"2018-01-14","vatID":"FR71834470973","taxID":"83447097300043","numberOfEmployees":{"@type":"QuantitativeValue","minValue":"1","maxValue":"10"}},{"@type":"Person","@id":"https:\/\/dicodusport.fr\/blog\/#\/schema\/person\/6db4bae06b171592211be385b32876a7","name":"Emilien Descampiaux","image":{"@type":"ImageObject","inLanguage":"fr-FR","@id":"https:\/\/dicodusport.fr\/blog\/#\/schema\/person\/image\/","url":"https:\/\/dicodusport.fr\/blog\/wp-content\/uploads\/2021\/05\/Emilien-Descampiaux-150x150.jpg","contentUrl":"https:\/\/dicodusport.fr\/blog\/wp-content\/uploads\/2021\/05\/Emilien-Descampiaux-150x150.jpg","caption":"Emilien Descampiaux"},"description":"Journaliste\/r\u00e9dacteur depuis 2014 - Fan de la classe de Frank Vandenbroucke, je vis cyclisme (et de ses paysages) depuis plus de 20 ans. Je suis tr\u00e8s impliqu\u00e9 sur mes diff\u00e9rents r\u00e9seaux sociaux pour partager ma passion sur le monde et l'Histoire de la bicyclette avec ma voix sur les images en noir et blanc du succ\u00e8s de Rik Van Steenbergen lors du Ronde sur le V\u00e9lodrome de Gand.","sameAs":["https:\/\/www.facebook.com\/groups\/LesRoisDuPeloton","https:\/\/x.com\/https:\/\/twitter.com\/LRoisDuPeloton"],"url":"https:\/\/dicodusport.fr\/blog\/author\/emiliend\/"}]}},"_links":{"self":[{"href":"https:\/\/dicodusport.fr\/blog\/wp-json\/wp\/v2\/posts\/657146","targetHints":{"allow":["GET"]}}],"collection":[{"href":"https:\/\/dicodusport.fr\/blog\/wp-json\/wp\/v2\/posts"}],"about":[{"href":"https:\/\/dicodusport.fr\/blog\/wp-json\/wp\/v2\/types\/post"}],"author":[{"embeddable":true,"href":"https:\/\/dicodusport.fr\/blog\/wp-json\/wp\/v2\/users\/48"}],"replies":[{"embeddable":true,"href":"https:\/\/dicodusport.fr\/blog\/wp-json\/wp\/v2\/comments?post=657146"}],"version-history":[{"count":5,"href":"https:\/\/dicodusport.fr\/blog\/wp-json\/wp\/v2\/posts\/657146\/revisions"}],"predecessor-version":[{"id":657258,"href":"https:\/\/dicodusport.fr\/blog\/wp-json\/wp\/v2\/posts\/657146\/revisions\/657258"}],"wp:featuredmedia":[{"embeddable":true,"href":"https:\/\/dicodusport.fr\/blog\/wp-json\/wp\/v2\/media\/657259"}],"wp:attachment":[{"href":"https:\/\/dicodusport.fr\/blog\/wp-json\/wp\/v2\/media?parent=657146"}],"wp:term":[{"taxonomy":"category","embeddable":true,"href":"https:\/\/dicodusport.fr\/blog\/wp-json\/wp\/v2\/categories?post=657146"},{"taxonomy":"post_tag","embeddable":true,"href":"https:\/\/dicodusport.fr\/blog\/wp-json\/wp\/v2\/tags?post=657146"}],"curies":[{"name":"wp","href":"https:\/\/api.w.org\/{rel}","templated":true}]}}