{"id":657277,"date":"2026-03-21T18:01:10","date_gmt":"2026-03-21T17:01:10","guid":{"rendered":"https:\/\/dicodusport.fr\/blog\/?p=657277&#038;preview=true&#038;preview_id=657277"},"modified":"2026-03-22T09:39:50","modified_gmt":"2026-03-22T08:39:50","slug":"mass-start-femmes-oslo-2026-startlist-et-dossards-des-francaises-engagees","status":"publish","type":"post","link":"https:\/\/dicodusport.fr\/blog\/mass-start-femmes-oslo-2026-startlist-et-dossards-des-francaises-engagees\/","title":{"rendered":"Mass start femmes Oslo 2026 \u2013 Startlist et dossards des Fran\u00e7aises engag\u00e9es"},"content":{"rendered":"<p style=\"text-align: justify;\"><strong><em>Retrouvez la startlist et les dossards des Fran\u00e7aises engag\u00e9es sur la mass start femmes d&rsquo;Oslo (Norv\u00e8ge), dont le d\u00e9part est pr\u00e9vu le dimanche 22 mars 2026 \u00e0 13h45.<\/em><\/strong><\/p>\n<ul style=\"text-align: justify;\">\n<li style=\"text-align: justify;\"><strong>\u00c0 ce sujet &#8211; <a href=\"https:\/\/dicodusport.fr\/blog\/biathlon-oslo-2026-programme-horaires-et-resultats\/\">Biathlon Oslo 2026 : Programme, Horaires et R\u00e9sultats<\/a><\/strong><\/li>\n<\/ul>\n<p style=\"text-align: justify;\">Apr\u00e8s la deuxi\u00e8me place de <strong>Julia<\/strong> <strong>Simon<\/strong> sur la poursuite, les <strong>Fran\u00e7aises<\/strong> ont de nouveau de belles chances pour la derni\u00e8re course de la saison. Cinq Tricolores sont au d\u00e9part, dont la laur\u00e9ate du gros globe de cristal, <strong>Lou<\/strong> <strong>Jeanmonnot<\/strong>, qui peut d&rsquo;ailleurs viser un nouveau petit globe ce dimanche \u00e0 la mi-journ\u00e9e.<\/p>\n<div class=\"vlp-link-container vlp-layout-article\"><a href=\"https:\/\/dicodusport.fr\/blog\/lou-jeanmonnot-remporte-le-gros-globe-de-cristal-a-lissue-du-sprint-doslo-gagne-par-hanna-oeberg\/\" class=\"vlp-link\" title=\"Lou Jeanmonnot remporte le gros globe de cristal \u00e0 l&#039;issue du sprint d&#039;Oslo gagn\u00e9 par Hanna Oeberg\"><\/a><div class=\"vlp-layout-zone-side\"><div class=\"vlp-block-4 vlp-link-image\"><img loading=\"lazy\" decoding=\"async\" style=\"max-width: 792px;\" width=\"792\" height=\"445\" src=\"https:\/\/dicodusport.fr\/blog\/wp-content\/uploads\/2026\/03\/Lou-Jeanmonnot-remporte-le-gros-globe-de-cristal-a-lissue-du-sprint-dOslo-gagne-par-Hanna-Oeberg-1.png\" class=\"attachment-800x445 size-800x445\" alt=\"Lou Jeanmonnot remporte le gros globe de cristal \u00e0 l&#039;issue du sprint d&#039;Oslo gagn\u00e9 par Hanna Oeberg (1)\" srcset=\"https:\/\/dicodusport.fr\/blog\/wp-content\/uploads\/2026\/03\/Lou-Jeanmonnot-remporte-le-gros-globe-de-cristal-a-lissue-du-sprint-dOslo-gagne-par-Hanna-Oeberg-1.png 1200w, https:\/\/dicodusport.fr\/blog\/wp-content\/uploads\/2026\/03\/Lou-Jeanmonnot-remporte-le-gros-globe-de-cristal-a-lissue-du-sprint-dOslo-gagne-par-Hanna-Oeberg-1-300x169.png 300w, https:\/\/dicodusport.fr\/blog\/wp-content\/uploads\/2026\/03\/Lou-Jeanmonnot-remporte-le-gros-globe-de-cristal-a-lissue-du-sprint-dOslo-gagne-par-Hanna-Oeberg-1-1024x575.png 1024w, https:\/\/dicodusport.fr\/blog\/wp-content\/uploads\/2026\/03\/Lou-Jeanmonnot-remporte-le-gros-globe-de-cristal-a-lissue-du-sprint-dOslo-gagne-par-Hanna-Oeberg-1-768x431.png 768w\" sizes=\"auto, (max-width: 792px) 100vw, 792px\" \/><\/div><\/div><div class=\"vlp-layout-zone-main\"><div class=\"vlp-block-0 vlp-link-title\">Lou Jeanmonnot remporte le gros globe de cristal \u00e0 l'issue du sprint d'Oslo gagn\u00e9 par Hanna Oeberg<\/div><div class=\"vlp-block-1 vlp-link-summary\">Le Graal pour Jeanmonnot. La Fran\u00e7aise d\u00e9croche le gros globe de cristal, apr\u00e8s un sprint ma\u00eetris\u00e9, remport\u00e9 par Hanna Oeberg imp\u00e9riale dans le final.<\/div><div class=\"vlp-block-2 vlp-link-button\">Lire l'article<\/div><div class=\"vlp-block-3 vlp-link-url\">dicodusport.fr<\/div><\/div><\/div>\n<p style=\"text-align: justify;\"><strong>Julia<\/strong> <strong>Simon<\/strong>, qui est mont\u00e9e sept fois sur le podium lors des 14 derni\u00e8res courses, est aussi une belle chance pour la d\u00e9l\u00e9gation <strong>fran\u00e7aise<\/strong>. Elle aura le dossard 6 dimanche. <strong>Oc\u00e9ane<\/strong> <strong>Michelon<\/strong> sera elle en troisi\u00e8me ligne au d\u00e9part avec le num\u00e9ro huit.<\/p>\n<p style=\"text-align: justify;\"><strong>Justine Braisaz-Bouchet<\/strong>, toujours en difficult\u00e9 avec son tir, et Camille Bened sont les deux autres <strong>Fran\u00e7aises<\/strong> au d\u00e9part. Le d\u00e9part de cette derni\u00e8re mass start de la saison sera donn\u00e9 \u00e0 13h45 ce dimanche.<\/p>\n<h2 style=\"text-align: justify;\">Dossards des Fran\u00e7aises \u2013 Poursuite femmes d\u2019Oslo 2026<\/h2>\n<p style=\"text-align: justify;\"><strong>Lou Jeanmonnot<\/strong> : dossard 1<\/p>\n<p style=\"text-align: justify;\"><strong>Julia Simon<\/strong> : dossard 6<\/p>\n<p style=\"text-align: justify;\"><strong>Oc\u00e9ane Michelon<\/strong> : dossard 8<\/p>\n<p style=\"text-align: justify;\"><strong>Justine Braisaz-Bouchet<\/strong> : dossard 10<\/p>\n<p style=\"text-align: justify;\"><strong>Camille Bened<\/strong> : dossard 11<\/p>\n<ul style=\"text-align: justify;\">\n<li><strong>\u00c0 ce sujet &#8211; <a href=\"https:\/\/dicodusport.fr\/blog\/biathlon-oslo-2026-pronostic-mass-start-femmes\/\">Biathlon Oslo 2026 \u2013 Pronostic Mass start femmes<\/a><\/strong><\/li>\n<\/ul>\n<h2 style=\"text-align: justify;\" align=\"justify\">La startlist de la mass start femmes d&rsquo;Oslo<\/h2>\n<p style=\"text-align: justify;\"><a href=\"https:\/\/dicodusport.fr\/blog\/wp-content\/uploads\/2026\/03\/Startlist-mass-start-femmes-oslo.pdf\" class=\"pdfemb-viewer\" style=\"\" data-width=\"max\" data-height=\"max\"  data-toolbar=\"both\" data-toolbar-fixed=\"on\">Startlist mass start femmes oslo<br\/><\/a>\n<h3 style=\"text-align: justify;\">Dicodusport vous conseille<\/h3>\n<ul style=\"text-align: justify;\">\n<li style=\"text-align: justify;\"><strong><a href=\"https:\/\/dicodusport.fr\/blog\/biathlon-coupe-du-monde-2025-2026-le-calendrier-complet\/\">Biathlon Coupe du monde 2025-2026 &#8211; Le calendrier complet<\/a><\/strong><\/li>\n<\/ul>\n","protected":false},"excerpt":{"rendered":"<p>Retrouvez la startlist et les dossards des Fran\u00e7aises engag\u00e9es sur la mass start femmes d&rsquo;Oslo (Norv\u00e8ge), dont le d\u00e9part est pr\u00e9vu le dimanche 22 mars 2026 \u00e0 13h45.<\/p>\n","protected":false},"author":1,"featured_media":657283,"comment_status":"open","ping_status":"closed","sticky":false,"template":"","format":"standard","meta":{"_acf_changed":false,"_daextam_enable_autolinks":"1","footnotes":""},"categories":[47040],"tags":[32415,2427,22316,30329,16878,2695,7454],"class_list":["post-657277","post","type-post","status-publish","format-standard","has-post-thumbnail","hentry","category-coupe-du-monde-de-biathlon","tag-actu","tag-biathlon","tag-biathlon-oslo","tag-biathlon-oslo-holmenkollen","tag-breve","tag-coupe-du-monde-de-biathlon","tag-mass-start-femmes"],"acf":[],"yoast_head":"<!-- This site is optimized with the Yoast SEO Premium plugin v26.7 (Yoast SEO v26.7) - https:\/\/yoast.com\/wordpress\/plugins\/seo\/ -->\n<title>Mass start femmes Oslo 2026 \u2013 Startlist et dossards des Fran\u00e7aises engag\u00e9es<\/title>\n<meta name=\"description\" content=\"Retrouvez la startlist et les dossards des Fran\u00e7aises engag\u00e9es sur la mass start femmes d&#039;Oslo (Norv\u00e8ge), dont le d\u00e9part est pr\u00e9vu le dimanche 22 mars 2026 \u00e0 13h45.\" \/>\n<meta name=\"robots\" content=\"index, follow, max-snippet:-1, max-image-preview:large, max-video-preview:-1\" \/>\n<link rel=\"canonical\" href=\"https:\/\/dicodusport.fr\/blog\/mass-start-femmes-oslo-2026-startlist-et-dossards-des-francaises-engagees\/\" \/>\n<meta property=\"og:locale\" content=\"fr_FR\" \/>\n<meta property=\"og:type\" content=\"article\" \/>\n<meta property=\"og:title\" content=\"Mass start femmes Oslo 2026 \u2013 Startlist et dossards des Fran\u00e7aises engag\u00e9es\" \/>\n<meta property=\"og:description\" content=\"Retrouvez la startlist et les dossards des Fran\u00e7aises engag\u00e9es sur la mass start femmes d&#039;Oslo (Norv\u00e8ge), dont le d\u00e9part est pr\u00e9vu le dimanche 22 mars 2026 \u00e0 13h45.\" \/>\n<meta property=\"og:url\" content=\"https:\/\/dicodusport.fr\/blog\/mass-start-femmes-oslo-2026-startlist-et-dossards-des-francaises-engagees\/\" \/>\n<meta property=\"og:site_name\" content=\"Dicodusport\" \/>\n<meta property=\"article:publisher\" content=\"https:\/\/www.facebook.com\/dicodusport\" \/>\n<meta property=\"article:author\" content=\"https:\/\/www.facebook.com\/dicodusport\" \/>\n<meta property=\"article:published_time\" content=\"2026-03-21T17:01:10+00:00\" \/>\n<meta property=\"article:modified_time\" content=\"2026-03-22T08:39:50+00:00\" \/>\n<meta property=\"og:image\" content=\"https:\/\/dicodusport.fr\/blog\/wp-content\/uploads\/2026\/03\/Mass-start-femmes-Oslo-2026-\u2013-Startlist-et-dossards-des-Francaises-engagees.png\" \/>\n\t<meta property=\"og:image:width\" content=\"1200\" \/>\n\t<meta property=\"og:image:height\" content=\"674\" \/>\n\t<meta property=\"og:image:type\" content=\"image\/png\" \/>\n<meta name=\"author\" content=\"Nicolas Jacquemard\" \/>\n<meta name=\"twitter:card\" content=\"summary_large_image\" \/>\n<meta name=\"twitter:title\" content=\"Mass start femmes Oslo 2026 \u2013 Startlist et dossards des Fran\u00e7aises engag\u00e9es\" \/>\n<meta name=\"twitter:creator\" content=\"@https:\/\/twitter.com\/Nico_Jacquemard\" \/>\n<meta name=\"twitter:site\" content=\"@dicodusport\" \/>\n<script type=\"application\/ld+json\" class=\"yoast-schema-graph\">{\"@context\":\"https:\/\/schema.org\",\"@graph\":[{\"@type\":\"NewsArticle\",\"@id\":\"https:\/\/dicodusport.fr\/blog\/mass-start-femmes-oslo-2026-startlist-et-dossards-des-francaises-engagees\/#article\",\"isPartOf\":{\"@id\":\"https:\/\/dicodusport.fr\/blog\/mass-start-femmes-oslo-2026-startlist-et-dossards-des-francaises-engagees\/\"},\"author\":{\"name\":\"Nicolas Jacquemard\",\"@id\":\"https:\/\/dicodusport.fr\/blog\/#\/schema\/person\/55dcb50ad410894e431ed812bbb70191\"},\"headline\":\"Mass start femmes Oslo 2026 \u2013 Startlist et dossards des Fran\u00e7aises engag\u00e9es\",\"datePublished\":\"2026-03-21T17:01:10+00:00\",\"dateModified\":\"2026-03-22T08:39:50+00:00\",\"mainEntityOfPage\":{\"@id\":\"https:\/\/dicodusport.fr\/blog\/mass-start-femmes-oslo-2026-startlist-et-dossards-des-francaises-engagees\/\"},\"wordCount\":378,\"commentCount\":0,\"publisher\":{\"@id\":\"https:\/\/dicodusport.fr\/blog\/#organization\"},\"image\":{\"@id\":\"https:\/\/dicodusport.fr\/blog\/mass-start-femmes-oslo-2026-startlist-et-dossards-des-francaises-engagees\/#primaryimage\"},\"thumbnailUrl\":\"https:\/\/dicodusport.fr\/blog\/wp-content\/uploads\/2026\/03\/Mass-start-femmes-Oslo-2026-\u2013-Startlist-et-dossards-des-Francaises-engagees.png\",\"keywords\":[\"actu\",\"Biathlon\",\"biathlon oslo\",\"Biathlon Oslo-Holmenkollen\",\"br\u00e8ve\",\"Coupe du monde de Biathlon\",\"Mass start femmes\"],\"articleSection\":[\"Coupe du monde de biathlon\"],\"inLanguage\":\"fr-FR\",\"potentialAction\":[{\"@type\":\"CommentAction\",\"name\":\"Comment\",\"target\":[\"https:\/\/dicodusport.fr\/blog\/mass-start-femmes-oslo-2026-startlist-et-dossards-des-francaises-engagees\/#respond\"]}],\"copyrightYear\":\"2026\",\"copyrightHolder\":{\"@id\":\"https:\/\/dicodusport.fr\/blog\/#organization\"}},{\"@type\":\"WebPage\",\"@id\":\"https:\/\/dicodusport.fr\/blog\/mass-start-femmes-oslo-2026-startlist-et-dossards-des-francaises-engagees\/\",\"url\":\"https:\/\/dicodusport.fr\/blog\/mass-start-femmes-oslo-2026-startlist-et-dossards-des-francaises-engagees\/\",\"name\":\"Mass start femmes Oslo 2026 \u2013 Startlist et dossards des Fran\u00e7aises engag\u00e9es\",\"isPartOf\":{\"@id\":\"https:\/\/dicodusport.fr\/blog\/#website\"},\"primaryImageOfPage\":{\"@id\":\"https:\/\/dicodusport.fr\/blog\/mass-start-femmes-oslo-2026-startlist-et-dossards-des-francaises-engagees\/#primaryimage\"},\"image\":{\"@id\":\"https:\/\/dicodusport.fr\/blog\/mass-start-femmes-oslo-2026-startlist-et-dossards-des-francaises-engagees\/#primaryimage\"},\"thumbnailUrl\":\"https:\/\/dicodusport.fr\/blog\/wp-content\/uploads\/2026\/03\/Mass-start-femmes-Oslo-2026-\u2013-Startlist-et-dossards-des-Francaises-engagees.png\",\"datePublished\":\"2026-03-21T17:01:10+00:00\",\"dateModified\":\"2026-03-22T08:39:50+00:00\",\"description\":\"Retrouvez la startlist et les dossards des Fran\u00e7aises engag\u00e9es sur la mass start femmes d'Oslo (Norv\u00e8ge), dont le d\u00e9part est pr\u00e9vu le dimanche 22 mars 2026 \u00e0 13h45.\",\"breadcrumb\":{\"@id\":\"https:\/\/dicodusport.fr\/blog\/mass-start-femmes-oslo-2026-startlist-et-dossards-des-francaises-engagees\/#breadcrumb\"},\"inLanguage\":\"fr-FR\",\"potentialAction\":[{\"@type\":\"ReadAction\",\"target\":[\"https:\/\/dicodusport.fr\/blog\/mass-start-femmes-oslo-2026-startlist-et-dossards-des-francaises-engagees\/\"]}]},{\"@type\":\"ImageObject\",\"inLanguage\":\"fr-FR\",\"@id\":\"https:\/\/dicodusport.fr\/blog\/mass-start-femmes-oslo-2026-startlist-et-dossards-des-francaises-engagees\/#primaryimage\",\"url\":\"https:\/\/dicodusport.fr\/blog\/wp-content\/uploads\/2026\/03\/Mass-start-femmes-Oslo-2026-\u2013-Startlist-et-dossards-des-Francaises-engagees.png\",\"contentUrl\":\"https:\/\/dicodusport.fr\/blog\/wp-content\/uploads\/2026\/03\/Mass-start-femmes-Oslo-2026-\u2013-Startlist-et-dossards-des-Francaises-engagees.png\",\"width\":1200,\"height\":674},{\"@type\":\"BreadcrumbList\",\"@id\":\"https:\/\/dicodusport.fr\/blog\/mass-start-femmes-oslo-2026-startlist-et-dossards-des-francaises-engagees\/#breadcrumb\",\"itemListElement\":[{\"@type\":\"ListItem\",\"position\":1,\"name\":\"Accueil\",\"item\":\"https:\/\/dicodusport.fr\/blog\/\"},{\"@type\":\"ListItem\",\"position\":2,\"name\":\"Mass start femmes Oslo 2026 \u2013 Startlist et dossards des Fran\u00e7aises engag\u00e9es\"}]},{\"@type\":\"WebSite\",\"@id\":\"https:\/\/dicodusport.fr\/blog\/#website\",\"url\":\"https:\/\/dicodusport.fr\/blog\/\",\"name\":\"Dicodusport\",\"description\":\"L&#039;encyclop\u00e9die de l&#039;actualit\u00e9 sportive\",\"publisher\":{\"@id\":\"https:\/\/dicodusport.fr\/blog\/#organization\"},\"potentialAction\":[{\"@type\":\"SearchAction\",\"target\":{\"@type\":\"EntryPoint\",\"urlTemplate\":\"https:\/\/dicodusport.fr\/blog\/?s={search_term_string}\"},\"query-input\":{\"@type\":\"PropertyValueSpecification\",\"valueRequired\":true,\"valueName\":\"search_term_string\"}}],\"inLanguage\":\"fr-FR\"},{\"@type\":\"NewsMediaOrganization\",\"@id\":\"https:\/\/dicodusport.fr\/blog\/#organization\",\"name\":\"Dicodusport\",\"url\":\"https:\/\/dicodusport.fr\/blog\/\",\"logo\":{\"@type\":\"ImageObject\",\"inLanguage\":\"fr-FR\",\"@id\":\"https:\/\/dicodusport.fr\/blog\/#\/schema\/logo\/image\/\",\"url\":\"https:\/\/dicodusport.fr\/blog\/wp-content\/uploads\/2020\/06\/cropped-LOGO-DICODUSPORT-2020-SANS-FOND-SANS-TEXTE.png\",\"contentUrl\":\"https:\/\/dicodusport.fr\/blog\/wp-content\/uploads\/2020\/06\/cropped-LOGO-DICODUSPORT-2020-SANS-FOND-SANS-TEXTE.png\",\"width\":512,\"height\":512,\"caption\":\"Dicodusport\"},\"image\":{\"@id\":\"https:\/\/dicodusport.fr\/blog\/#\/schema\/logo\/image\/\"},\"sameAs\":[\"https:\/\/www.facebook.com\/dicodusport\",\"https:\/\/x.com\/dicodusport\",\"https:\/\/www.instagram.com\/dicodusport\/\",\"https:\/\/www.youtube.com\/channel\/UC7V2KZ5sd3htJivAbA4ZG3w\"],\"description\":\"Dicodusport est l'encyclop\u00e9die de l'actualit\u00e9 sportive.\",\"email\":\"bonjour@dicodusport.fr\",\"legalName\":\"DICODUSPORT\",\"foundingDate\":\"2018-01-14\",\"vatID\":\"FR71834470973\",\"taxID\":\"83447097300043\",\"numberOfEmployees\":{\"@type\":\"QuantitativeValue\",\"minValue\":\"1\",\"maxValue\":\"10\"}},{\"@type\":\"Person\",\"@id\":\"https:\/\/dicodusport.fr\/blog\/#\/schema\/person\/55dcb50ad410894e431ed812bbb70191\",\"name\":\"Nicolas Jacquemard\",\"image\":{\"@type\":\"ImageObject\",\"inLanguage\":\"fr-FR\",\"@id\":\"https:\/\/dicodusport.fr\/blog\/#\/schema\/person\/image\/\",\"url\":\"https:\/\/dicodusport.fr\/blog\/wp-content\/uploads\/2021\/05\/Nicolas-Jacquemard-150x150.jpeg\",\"contentUrl\":\"https:\/\/dicodusport.fr\/blog\/wp-content\/uploads\/2021\/05\/Nicolas-Jacquemard-150x150.jpeg\",\"caption\":\"Nicolas Jacquemard\"},\"description\":\"Passionn\u00e9 de sport et entrepreneur depuis mes 18 ans, la cr\u00e9ation de Dicodusport m'a sembl\u00e9 \u00e9vidente pour participer \u00e0 la m\u00e9diatisation d'un plus grand nombre de sports. Le chemin est long mais avec une \u00e9quipe des plus motiv\u00e9es et les Jeux Olympiques de Paris 2024 en point de mire, nous y arriverons ! Journaliste dans le monde du sport depuis plus de 5 ans, je traite aussi bien de football, de rugby, de biathlon que de cyclisme.\",\"sameAs\":[\"https:\/\/www.facebook.com\/dicodusport\",\"https:\/\/x.com\/https:\/\/twitter.com\/Nico_Jacquemard\"],\"url\":\"https:\/\/dicodusport.fr\/blog\/author\/dicodusport\/\"}]}<\/script>\n<!-- \/ Yoast SEO Premium plugin. -->","yoast_head_json":{"title":"Mass start femmes Oslo 2026 \u2013 Startlist et dossards des Fran\u00e7aises engag\u00e9es","description":"Retrouvez la startlist et les dossards des Fran\u00e7aises engag\u00e9es sur la mass start femmes d'Oslo (Norv\u00e8ge), dont le d\u00e9part est pr\u00e9vu le dimanche 22 mars 2026 \u00e0 13h45.","robots":{"index":"index","follow":"follow","max-snippet":"max-snippet:-1","max-image-preview":"max-image-preview:large","max-video-preview":"max-video-preview:-1"},"canonical":"https:\/\/dicodusport.fr\/blog\/mass-start-femmes-oslo-2026-startlist-et-dossards-des-francaises-engagees\/","og_locale":"fr_FR","og_type":"article","og_title":"Mass start femmes Oslo 2026 \u2013 Startlist et dossards des Fran\u00e7aises engag\u00e9es","og_description":"Retrouvez la startlist et les dossards des Fran\u00e7aises engag\u00e9es sur la mass start femmes d'Oslo (Norv\u00e8ge), dont le d\u00e9part est pr\u00e9vu le dimanche 22 mars 2026 \u00e0 13h45.","og_url":"https:\/\/dicodusport.fr\/blog\/mass-start-femmes-oslo-2026-startlist-et-dossards-des-francaises-engagees\/","og_site_name":"Dicodusport","article_publisher":"https:\/\/www.facebook.com\/dicodusport","article_author":"https:\/\/www.facebook.com\/dicodusport","article_published_time":"2026-03-21T17:01:10+00:00","article_modified_time":"2026-03-22T08:39:50+00:00","og_image":[{"width":1200,"height":674,"url":"https:\/\/dicodusport.fr\/blog\/wp-content\/uploads\/2026\/03\/Mass-start-femmes-Oslo-2026-\u2013-Startlist-et-dossards-des-Francaises-engagees.png","type":"image\/png"}],"author":"Nicolas Jacquemard","twitter_card":"summary_large_image","twitter_title":"Mass start femmes Oslo 2026 \u2013 Startlist et dossards des Fran\u00e7aises engag\u00e9es","twitter_creator":"@https:\/\/twitter.com\/Nico_Jacquemard","twitter_site":"@dicodusport","schema":{"@context":"https:\/\/schema.org","@graph":[{"@type":"NewsArticle","@id":"https:\/\/dicodusport.fr\/blog\/mass-start-femmes-oslo-2026-startlist-et-dossards-des-francaises-engagees\/#article","isPartOf":{"@id":"https:\/\/dicodusport.fr\/blog\/mass-start-femmes-oslo-2026-startlist-et-dossards-des-francaises-engagees\/"},"author":{"name":"Nicolas Jacquemard","@id":"https:\/\/dicodusport.fr\/blog\/#\/schema\/person\/55dcb50ad410894e431ed812bbb70191"},"headline":"Mass start femmes Oslo 2026 \u2013 Startlist et dossards des Fran\u00e7aises engag\u00e9es","datePublished":"2026-03-21T17:01:10+00:00","dateModified":"2026-03-22T08:39:50+00:00","mainEntityOfPage":{"@id":"https:\/\/dicodusport.fr\/blog\/mass-start-femmes-oslo-2026-startlist-et-dossards-des-francaises-engagees\/"},"wordCount":378,"commentCount":0,"publisher":{"@id":"https:\/\/dicodusport.fr\/blog\/#organization"},"image":{"@id":"https:\/\/dicodusport.fr\/blog\/mass-start-femmes-oslo-2026-startlist-et-dossards-des-francaises-engagees\/#primaryimage"},"thumbnailUrl":"https:\/\/dicodusport.fr\/blog\/wp-content\/uploads\/2026\/03\/Mass-start-femmes-Oslo-2026-\u2013-Startlist-et-dossards-des-Francaises-engagees.png","keywords":["actu","Biathlon","biathlon oslo","Biathlon Oslo-Holmenkollen","br\u00e8ve","Coupe du monde de Biathlon","Mass start femmes"],"articleSection":["Coupe du monde de biathlon"],"inLanguage":"fr-FR","potentialAction":[{"@type":"CommentAction","name":"Comment","target":["https:\/\/dicodusport.fr\/blog\/mass-start-femmes-oslo-2026-startlist-et-dossards-des-francaises-engagees\/#respond"]}],"copyrightYear":"2026","copyrightHolder":{"@id":"https:\/\/dicodusport.fr\/blog\/#organization"}},{"@type":"WebPage","@id":"https:\/\/dicodusport.fr\/blog\/mass-start-femmes-oslo-2026-startlist-et-dossards-des-francaises-engagees\/","url":"https:\/\/dicodusport.fr\/blog\/mass-start-femmes-oslo-2026-startlist-et-dossards-des-francaises-engagees\/","name":"Mass start femmes Oslo 2026 \u2013 Startlist et dossards des Fran\u00e7aises engag\u00e9es","isPartOf":{"@id":"https:\/\/dicodusport.fr\/blog\/#website"},"primaryImageOfPage":{"@id":"https:\/\/dicodusport.fr\/blog\/mass-start-femmes-oslo-2026-startlist-et-dossards-des-francaises-engagees\/#primaryimage"},"image":{"@id":"https:\/\/dicodusport.fr\/blog\/mass-start-femmes-oslo-2026-startlist-et-dossards-des-francaises-engagees\/#primaryimage"},"thumbnailUrl":"https:\/\/dicodusport.fr\/blog\/wp-content\/uploads\/2026\/03\/Mass-start-femmes-Oslo-2026-\u2013-Startlist-et-dossards-des-Francaises-engagees.png","datePublished":"2026-03-21T17:01:10+00:00","dateModified":"2026-03-22T08:39:50+00:00","description":"Retrouvez la startlist et les dossards des Fran\u00e7aises engag\u00e9es sur la mass start femmes d'Oslo (Norv\u00e8ge), dont le d\u00e9part est pr\u00e9vu le dimanche 22 mars 2026 \u00e0 13h45.","breadcrumb":{"@id":"https:\/\/dicodusport.fr\/blog\/mass-start-femmes-oslo-2026-startlist-et-dossards-des-francaises-engagees\/#breadcrumb"},"inLanguage":"fr-FR","potentialAction":[{"@type":"ReadAction","target":["https:\/\/dicodusport.fr\/blog\/mass-start-femmes-oslo-2026-startlist-et-dossards-des-francaises-engagees\/"]}]},{"@type":"ImageObject","inLanguage":"fr-FR","@id":"https:\/\/dicodusport.fr\/blog\/mass-start-femmes-oslo-2026-startlist-et-dossards-des-francaises-engagees\/#primaryimage","url":"https:\/\/dicodusport.fr\/blog\/wp-content\/uploads\/2026\/03\/Mass-start-femmes-Oslo-2026-\u2013-Startlist-et-dossards-des-Francaises-engagees.png","contentUrl":"https:\/\/dicodusport.fr\/blog\/wp-content\/uploads\/2026\/03\/Mass-start-femmes-Oslo-2026-\u2013-Startlist-et-dossards-des-Francaises-engagees.png","width":1200,"height":674},{"@type":"BreadcrumbList","@id":"https:\/\/dicodusport.fr\/blog\/mass-start-femmes-oslo-2026-startlist-et-dossards-des-francaises-engagees\/#breadcrumb","itemListElement":[{"@type":"ListItem","position":1,"name":"Accueil","item":"https:\/\/dicodusport.fr\/blog\/"},{"@type":"ListItem","position":2,"name":"Mass start femmes Oslo 2026 \u2013 Startlist et dossards des Fran\u00e7aises engag\u00e9es"}]},{"@type":"WebSite","@id":"https:\/\/dicodusport.fr\/blog\/#website","url":"https:\/\/dicodusport.fr\/blog\/","name":"Dicodusport","description":"L&#039;encyclop\u00e9die de l&#039;actualit\u00e9 sportive","publisher":{"@id":"https:\/\/dicodusport.fr\/blog\/#organization"},"potentialAction":[{"@type":"SearchAction","target":{"@type":"EntryPoint","urlTemplate":"https:\/\/dicodusport.fr\/blog\/?s={search_term_string}"},"query-input":{"@type":"PropertyValueSpecification","valueRequired":true,"valueName":"search_term_string"}}],"inLanguage":"fr-FR"},{"@type":"NewsMediaOrganization","@id":"https:\/\/dicodusport.fr\/blog\/#organization","name":"Dicodusport","url":"https:\/\/dicodusport.fr\/blog\/","logo":{"@type":"ImageObject","inLanguage":"fr-FR","@id":"https:\/\/dicodusport.fr\/blog\/#\/schema\/logo\/image\/","url":"https:\/\/dicodusport.fr\/blog\/wp-content\/uploads\/2020\/06\/cropped-LOGO-DICODUSPORT-2020-SANS-FOND-SANS-TEXTE.png","contentUrl":"https:\/\/dicodusport.fr\/blog\/wp-content\/uploads\/2020\/06\/cropped-LOGO-DICODUSPORT-2020-SANS-FOND-SANS-TEXTE.png","width":512,"height":512,"caption":"Dicodusport"},"image":{"@id":"https:\/\/dicodusport.fr\/blog\/#\/schema\/logo\/image\/"},"sameAs":["https:\/\/www.facebook.com\/dicodusport","https:\/\/x.com\/dicodusport","https:\/\/www.instagram.com\/dicodusport\/","https:\/\/www.youtube.com\/channel\/UC7V2KZ5sd3htJivAbA4ZG3w"],"description":"Dicodusport est l'encyclop\u00e9die de l'actualit\u00e9 sportive.","email":"bonjour@dicodusport.fr","legalName":"DICODUSPORT","foundingDate":"2018-01-14","vatID":"FR71834470973","taxID":"83447097300043","numberOfEmployees":{"@type":"QuantitativeValue","minValue":"1","maxValue":"10"}},{"@type":"Person","@id":"https:\/\/dicodusport.fr\/blog\/#\/schema\/person\/55dcb50ad410894e431ed812bbb70191","name":"Nicolas Jacquemard","image":{"@type":"ImageObject","inLanguage":"fr-FR","@id":"https:\/\/dicodusport.fr\/blog\/#\/schema\/person\/image\/","url":"https:\/\/dicodusport.fr\/blog\/wp-content\/uploads\/2021\/05\/Nicolas-Jacquemard-150x150.jpeg","contentUrl":"https:\/\/dicodusport.fr\/blog\/wp-content\/uploads\/2021\/05\/Nicolas-Jacquemard-150x150.jpeg","caption":"Nicolas Jacquemard"},"description":"Passionn\u00e9 de sport et entrepreneur depuis mes 18 ans, la cr\u00e9ation de Dicodusport m'a sembl\u00e9 \u00e9vidente pour participer \u00e0 la m\u00e9diatisation d'un plus grand nombre de sports. Le chemin est long mais avec une \u00e9quipe des plus motiv\u00e9es et les Jeux Olympiques de Paris 2024 en point de mire, nous y arriverons ! Journaliste dans le monde du sport depuis plus de 5 ans, je traite aussi bien de football, de rugby, de biathlon que de cyclisme.","sameAs":["https:\/\/www.facebook.com\/dicodusport","https:\/\/x.com\/https:\/\/twitter.com\/Nico_Jacquemard"],"url":"https:\/\/dicodusport.fr\/blog\/author\/dicodusport\/"}]}},"_links":{"self":[{"href":"https:\/\/dicodusport.fr\/blog\/wp-json\/wp\/v2\/posts\/657277","targetHints":{"allow":["GET"]}}],"collection":[{"href":"https:\/\/dicodusport.fr\/blog\/wp-json\/wp\/v2\/posts"}],"about":[{"href":"https:\/\/dicodusport.fr\/blog\/wp-json\/wp\/v2\/types\/post"}],"author":[{"embeddable":true,"href":"https:\/\/dicodusport.fr\/blog\/wp-json\/wp\/v2\/users\/1"}],"replies":[{"embeddable":true,"href":"https:\/\/dicodusport.fr\/blog\/wp-json\/wp\/v2\/comments?post=657277"}],"version-history":[{"count":3,"href":"https:\/\/dicodusport.fr\/blog\/wp-json\/wp\/v2\/posts\/657277\/revisions"}],"predecessor-version":[{"id":657479,"href":"https:\/\/dicodusport.fr\/blog\/wp-json\/wp\/v2\/posts\/657277\/revisions\/657479"}],"wp:featuredmedia":[{"embeddable":true,"href":"https:\/\/dicodusport.fr\/blog\/wp-json\/wp\/v2\/media\/657283"}],"wp:attachment":[{"href":"https:\/\/dicodusport.fr\/blog\/wp-json\/wp\/v2\/media?parent=657277"}],"wp:term":[{"taxonomy":"category","embeddable":true,"href":"https:\/\/dicodusport.fr\/blog\/wp-json\/wp\/v2\/categories?post=657277"},{"taxonomy":"post_tag","embeddable":true,"href":"https:\/\/dicodusport.fr\/blog\/wp-json\/wp\/v2\/tags?post=657277"}],"curies":[{"name":"wp","href":"https:\/\/api.w.org\/{rel}","templated":true}]}}