{"id":657302,"date":"2026-03-21T18:52:22","date_gmt":"2026-03-21T17:52:22","guid":{"rendered":"https:\/\/dicodusport.fr\/blog\/?p=657302&#038;preview=true&#038;preview_id=657302"},"modified":"2026-03-21T19:14:54","modified_gmt":"2026-03-21T18:14:54","slug":"richard-jouve-prend-sa-retraite-un-patron-du-ski-de-fond-francais-range-les-skis-a-31-ans","status":"publish","type":"post","link":"https:\/\/dicodusport.fr\/blog\/richard-jouve-prend-sa-retraite-un-patron-du-ski-de-fond-francais-range-les-skis-a-31-ans\/","title":{"rendered":"Richard Jouve prend sa retraite : un patron du ski de fond fran\u00e7ais range les skis \u00e0 31 ans"},"content":{"rendered":"<p style=\"text-align: justify;\"><strong><em>SKI DE FOND &#8211; Ce samedi, le fondeur fran\u00e7ais Richard Jouve a rendu officielle la fin de sa carri\u00e8re, \u00e0 seulement 31 ans.<\/em><\/strong><\/p>\n<p style=\"text-align: justify;\">Le <strong>ski de fond<\/strong> a perdu un de ses leaders historiques ce samedi. Figure de la discipline depuis une d\u00e9cennie, <strong>Richard Jouve<\/strong> a annonc\u00e9 la fin de sa grande carri\u00e8re ce samedi \u00e0 travers un long message sur <a href=\"https:\/\/www.instagram.com\/p\/DWJ21KrjIpM\/?utm_source=ig_embed\">Instagram<\/a>. Au lendemain de Jeux Olympiques difficiles \u00e0 titre personnel, cette annonce \u00e9tait plus ou moins attendue.<\/p>\n<h2 style=\"text-align: justify;\">Richard Jouve, pilier du ski de fond tricolore durant une d\u00e9cennie<\/h2>\n<p style=\"text-align: justify;\">\u00c0 seulement 31 ans, il met ainsi un terme \u00e0 une magnifique carri\u00e8re couronn\u00e9e de succ\u00e8s. Vainqueur de <strong>4 manches de Coupe du monde<\/strong>, mais aussi du <a href=\"https:\/\/dicodusport.fr\/blog\/sprint-classique-de-falun-richard-jouve-remporte-le-petit-globe-de-la-discipline\/\"><strong>petit globe du sprint en 2022<\/strong><\/a>, le natif de Brian\u00e7on aura pass\u00e9 plus d&rsquo;une d\u00e9cennie \u00e0 accumuler les m\u00e9dailles sur toutes les sc\u00e8nes. <strong>Double m\u00e9daill\u00e9 de bronze olympique et mondial<\/strong>, \u00e0 chaque fois sur le sprint et le relais, sa r\u00e9gularit\u00e9 en a fait l&rsquo;un des fers de lance du ski de fond tricolore.\u00a0Dans sa publication, il explique le choix de tirer sa r\u00e9v\u00e9rence :<\/p>\n<blockquote><p>Apr\u00e8s plus de 20 ans sur les skis, j\u2019ai pris la d\u00e9cision de mettre un terme \u00e0 ma carri\u00e8re. Au fil des ann\u00e9es, le ski est devenu bien plus qu\u2019un simple sport, une passion, un mode de vie pour un engagement total.<\/p>\n<p>J\u2019ai connu des moments incroyables, avec des \u00e9motions fortes, des r\u00e9ussites, mais aussi des doutes et des p\u00e9riodes plus difficiles. J\u2019ai toujours tout donn\u00e9, avec le c\u0153ur et avec l\u2019envie de faire de mon mieux, encore et encore.<\/p>\n<p>Aujourd\u2019hui, cette flamme a disparu. Et m\u00eame si l\u2019amour du sport est toujours l\u00e0, le quotidien de l\u2019entra\u00eenement est devenu un d\u00e9fi mental.<\/p><\/blockquote>\n<p style=\"text-align: justify;\"><strong>Richard Jouve<\/strong> transmet ainsi le t\u00e9moin \u00e0 une nouvelle g\u00e9n\u00e9ration prometteuse, symbolis\u00e9e par le quadruple m\u00e9daill\u00e9 olympique <strong>Mathis Desloges<\/strong>. Tout en restant l&rsquo;un des visages marquants des sports blancs tricolores des dix derni\u00e8res ann\u00e9es.<\/p>\n<blockquote class=\"instagram-media\" style=\"background: #FFF; border: 0; border-radius: 3px; box-shadow: 0 0 1px 0 rgba(0,0,0,0.5),0 1px 10px 0 rgba(0,0,0,0.15); margin: 1px; max-width: 540px; min-width: 326px; padding: 0; width: calc(100% - 2px);\" data-instgrm-captioned=\"\" data-instgrm-permalink=\"https:\/\/www.instagram.com\/p\/DWJ21KrjIpM\/?utm_source=ig_embed&amp;utm_campaign=loading\" data-instgrm-version=\"14\">\n<div style=\"padding: 16px;\">\n<p>&nbsp;<\/p>\n<div style=\"display: flex; flex-direction: row; align-items: center;\">\n<div style=\"background-color: #f4f4f4; border-radius: 50%; flex-grow: 0; height: 40px; margin-right: 14px; width: 40px;\"><\/div>\n<div style=\"display: flex; flex-direction: column; flex-grow: 1; justify-content: center;\">\n<div style=\"background-color: #f4f4f4; border-radius: 4px; flex-grow: 0; height: 14px; margin-bottom: 6px; width: 100px;\"><\/div>\n<div style=\"background-color: #f4f4f4; border-radius: 4px; flex-grow: 0; height: 14px; width: 60px;\"><\/div>\n<\/div>\n<\/div>\n<div style=\"padding: 19% 0;\"><\/div>\n<div style=\"display: block; height: 50px; margin: 0 auto 12px; width: 50px;\"><\/div>\n<div style=\"padding-top: 8px;\">\n<div style=\"color: #3897f0; font-family: Arial,sans-serif; font-size: 14px; font-style: normal; font-weight: 550; line-height: 18px;\">Voir cette publication sur Instagram<\/div>\n<\/div>\n<div style=\"padding: 12.5% 0;\"><\/div>\n<div style=\"display: flex; flex-direction: row; margin-bottom: 14px; align-items: center;\">\n<div>\n<div style=\"background-color: #f4f4f4; border-radius: 50%; height: 12.5px; width: 12.5px; transform: translateX(0px) translateY(7px);\"><\/div>\n<div style=\"background-color: #f4f4f4; height: 12.5px; transform: rotate(-45deg) translateX(3px) translateY(1px); width: 12.5px; flex-grow: 0; margin-right: 14px; margin-left: 2px;\"><\/div>\n<div style=\"background-color: #f4f4f4; border-radius: 50%; height: 12.5px; width: 12.5px; transform: translateX(9px) translateY(-18px);\"><\/div>\n<\/div>\n<div style=\"margin-left: 8px;\">\n<div style=\"background-color: #f4f4f4; border-radius: 50%; flex-grow: 0; height: 20px; width: 20px;\"><\/div>\n<div style=\"width: 0; height: 0; border-top: 2px solid transparent; border-left: 6px solid #f4f4f4; border-bottom: 2px solid transparent; transform: translateX(16px) translateY(-4px) rotate(30deg);\"><\/div>\n<\/div>\n<div style=\"margin-left: auto;\">\n<div style=\"width: 0px; border-top: 8px solid #F4F4F4; border-right: 8px solid transparent; transform: translateY(16px);\"><\/div>\n<div style=\"background-color: #f4f4f4; flex-grow: 0; height: 12px; width: 16px; transform: translateY(-4px);\"><\/div>\n<div style=\"width: 0; height: 0; border-top: 8px solid #F4F4F4; border-left: 8px solid transparent; transform: translateY(-4px) translateX(8px);\"><\/div>\n<\/div>\n<\/div>\n<div style=\"display: flex; flex-direction: column; flex-grow: 1; justify-content: center; margin-bottom: 24px;\">\n<div style=\"background-color: #f4f4f4; border-radius: 4px; flex-grow: 0; height: 14px; margin-bottom: 6px; width: 224px;\"><\/div>\n<div style=\"background-color: #f4f4f4; border-radius: 4px; flex-grow: 0; height: 14px; width: 144px;\"><\/div>\n<\/div>\n<p>&nbsp;<\/p>\n<p style=\"color: #c9c8cd; font-family: Arial,sans-serif; font-size: 14px; line-height: 17px; margin-bottom: 0; margin-top: 8px; overflow: hidden; padding: 8px 0 7px; text-align: center; text-overflow: ellipsis; white-space: nowrap;\"><a style=\"color: #c9c8cd; font-family: Arial,sans-serif; font-size: 14px; font-style: normal; font-weight: normal; line-height: 17px; text-decoration: none;\" href=\"https:\/\/www.instagram.com\/p\/DWJ21KrjIpM\/?utm_source=ig_embed&amp;utm_campaign=loading\" target=\"_blank\" rel=\"noopener\">Une publication partag\u00e9e par R I C H A R D J O U V E (@richardjouve)<\/a><\/p>\n<\/div>\n<\/blockquote>\n<p style=\"text-align: justify;\"><script async src=\"\/\/www.instagram.com\/embed.js\"><\/script><\/p>\n<h3 style=\"text-align: justify;\">\u00c0 ce sujet<\/h3>\n<div class=\"vlp-link-container vlp-layout-article\"><a href=\"https:\/\/dicodusport.fr\/blog\/sprint-classique-de-drammen-premiere-victoire-en-coupe-du-monde-pour-richard-jouve\/\" class=\"vlp-link\" title=\"Sprint classique de Drammen : Premi\u00e8re victoire en Coupe du monde pour Richard Jouve\"><\/a><div class=\"vlp-layout-zone-side\"><div class=\"vlp-block-4 vlp-link-image\"><img loading=\"lazy\" decoding=\"async\" style=\"max-width: 800px;\" width=\"800\" height=\"445\" src=\"https:\/\/dicodusport.fr\/blog\/wp-content\/uploads\/2022\/03\/Sprint-classique-de-Drammen-Premiere-victoire-en-Coupe-du-monde-pour-Richard-Jouve.png\" class=\"attachment-800x445 size-800x445\" alt=\"Sprint classique de Drammen Premi\u00e8re victoire en Coupe du monde pour Richard Jouve\" srcset=\"https:\/\/dicodusport.fr\/blog\/wp-content\/uploads\/2022\/03\/Sprint-classique-de-Drammen-Premiere-victoire-en-Coupe-du-monde-pour-Richard-Jouve.png 800w, https:\/\/dicodusport.fr\/blog\/wp-content\/uploads\/2022\/03\/Sprint-classique-de-Drammen-Premiere-victoire-en-Coupe-du-monde-pour-Richard-Jouve-300x167.png 300w, https:\/\/dicodusport.fr\/blog\/wp-content\/uploads\/2022\/03\/Sprint-classique-de-Drammen-Premiere-victoire-en-Coupe-du-monde-pour-Richard-Jouve-768x427.png 768w\" sizes=\"auto, (max-width: 800px) 100vw, 800px\" \/><\/div><\/div><div class=\"vlp-layout-zone-main\"><div class=\"vlp-block-0 vlp-link-title\">Sprint classique de Drammen : Premi\u00e8re victoire en Coupe du monde pour Richard Jouve<\/div><div class=\"vlp-block-1 vlp-link-summary\">SKI DE FOND, SPRINT CLASSIQUE DE DRAMMEN - Quelle performance des Bleus ! Sans la pr\u00e9sence des meilleurs norv\u00e9giens et des Russes, la porte \u00e9tait ouverte pour s'imposer en Coupe du Monde. Richard Jouve n'a pas manqu\u00e9 le coche pour s'imposer pour la premi\u00e8re fois sur le circuit. Lucas Chanavat termine troisi\u00e8me derri\u00e8re le Chinois Qiang Wang. Chez les femmes, c'est la star du sprint norv\u00e9gien, Maiken Caspersen Falla, qui s'est impos\u00e9e pour la sixi\u00e8me fois \u00e0 Drammen devant la Su\u00e9doise Jonna Sundling et la Slov\u00e8ne Anamarija Lampic.\u00a0<\/div><div class=\"vlp-block-2 vlp-link-button\">Lire l'article<\/div><div class=\"vlp-block-3 vlp-link-url\">dicodusport.fr<\/div><\/div><\/div>\n<div id=\"gtx-trans\" style=\"position: absolute; left: -14px; top: 40.9091px;\">\n<div class=\"gtx-trans-icon\" style=\"text-align: justify;\"><\/div>\n<\/div>\n","protected":false},"excerpt":{"rendered":"<p>SKI DE FOND &#8211; Ce samedi, le fondeur fran\u00e7ais Richard Jouve a rendu officielle la fin de sa carri\u00e8re, \u00e0 seulement 31 ans.<\/p>\n","protected":false},"author":55,"featured_media":657305,"comment_status":"open","ping_status":"closed","sticky":false,"template":"","format":"standard","meta":{"_acf_changed":false,"_daextam_enable_autolinks":"1","footnotes":""},"categories":[9217],"tags":[16878,3895,2819],"class_list":["post-657302","post","type-post","status-publish","format-standard","has-post-thumbnail","hentry","category-ski","tag-breve","tag-richard-jouve","tag-ski-de-fond"],"acf":[],"yoast_head":"<!-- This site is optimized with the Yoast SEO Premium plugin v26.7 (Yoast SEO v26.7) - https:\/\/yoast.com\/wordpress\/plugins\/seo\/ -->\n<title>Richard Jouve prend sa retraite : un patron du ski de fond fran\u00e7ais range les skis \u00e0 31 ans<\/title>\n<meta name=\"description\" content=\"SKI DE FOND - Ce samedi, le fondeur fran\u00e7ais Richard Jouve a rendu officielle la fin de sa carri\u00e8re, \u00e0 seulement 31 ans.\" \/>\n<meta name=\"robots\" content=\"index, follow, max-snippet:-1, max-image-preview:large, max-video-preview:-1\" \/>\n<link rel=\"canonical\" href=\"https:\/\/dicodusport.fr\/blog\/richard-jouve-prend-sa-retraite-un-patron-du-ski-de-fond-francais-range-les-skis-a-31-ans\/\" \/>\n<meta property=\"og:locale\" content=\"fr_FR\" \/>\n<meta property=\"og:type\" content=\"article\" \/>\n<meta property=\"og:title\" content=\"Richard Jouve prend sa retraite : un patron du ski de fond fran\u00e7ais range les skis \u00e0 31 ans\" \/>\n<meta property=\"og:description\" content=\"SKI DE FOND - Ce samedi, le fondeur fran\u00e7ais Richard Jouve a rendu officielle la fin de sa carri\u00e8re, \u00e0 seulement 31 ans.\" \/>\n<meta property=\"og:url\" content=\"https:\/\/dicodusport.fr\/blog\/richard-jouve-prend-sa-retraite-un-patron-du-ski-de-fond-francais-range-les-skis-a-31-ans\/\" \/>\n<meta property=\"og:site_name\" content=\"Dicodusport\" \/>\n<meta property=\"article:publisher\" content=\"https:\/\/www.facebook.com\/dicodusport\" \/>\n<meta property=\"article:published_time\" content=\"2026-03-21T17:52:22+00:00\" \/>\n<meta property=\"article:modified_time\" content=\"2026-03-21T18:14:54+00:00\" \/>\n<meta property=\"og:image\" content=\"https:\/\/dicodusport.fr\/blog\/wp-content\/uploads\/2026\/03\/Richard-Jouve-prend-sa-retraite-un-patron-du-ski-de-fond-francais-range-les-skis-a-31-ans.png\" \/>\n\t<meta property=\"og:image:width\" content=\"1200\" \/>\n\t<meta property=\"og:image:height\" content=\"674\" \/>\n\t<meta property=\"og:image:type\" content=\"image\/png\" \/>\n<meta name=\"author\" content=\"Maxime Cazenave\" \/>\n<meta name=\"twitter:card\" content=\"summary_large_image\" \/>\n<meta name=\"twitter:title\" content=\"Richard Jouve prend sa retraite : un patron du ski de fond fran\u00e7ais range les skis \u00e0 31 ans\" \/>\n<meta name=\"twitter:creator\" content=\"@https:\/\/twitter.com\/Maxime_Caze\" \/>\n<meta name=\"twitter:site\" content=\"@dicodusport\" \/>\n<script type=\"application\/ld+json\" class=\"yoast-schema-graph\">{\"@context\":\"https:\/\/schema.org\",\"@graph\":[{\"@type\":\"NewsArticle\",\"@id\":\"https:\/\/dicodusport.fr\/blog\/richard-jouve-prend-sa-retraite-un-patron-du-ski-de-fond-francais-range-les-skis-a-31-ans\/#article\",\"isPartOf\":{\"@id\":\"https:\/\/dicodusport.fr\/blog\/richard-jouve-prend-sa-retraite-un-patron-du-ski-de-fond-francais-range-les-skis-a-31-ans\/\"},\"author\":{\"name\":\"Maxime Cazenave\",\"@id\":\"https:\/\/dicodusport.fr\/blog\/#\/schema\/person\/37def232098a7a5cbab3974a3690abb0\"},\"headline\":\"Richard Jouve prend sa retraite : un patron du ski de fond fran\u00e7ais range les skis \u00e0 31 ans\",\"datePublished\":\"2026-03-21T17:52:22+00:00\",\"dateModified\":\"2026-03-21T18:14:54+00:00\",\"mainEntityOfPage\":{\"@id\":\"https:\/\/dicodusport.fr\/blog\/richard-jouve-prend-sa-retraite-un-patron-du-ski-de-fond-francais-range-les-skis-a-31-ans\/\"},\"wordCount\":524,\"commentCount\":0,\"publisher\":{\"@id\":\"https:\/\/dicodusport.fr\/blog\/#organization\"},\"image\":{\"@id\":\"https:\/\/dicodusport.fr\/blog\/richard-jouve-prend-sa-retraite-un-patron-du-ski-de-fond-francais-range-les-skis-a-31-ans\/#primaryimage\"},\"thumbnailUrl\":\"https:\/\/dicodusport.fr\/blog\/wp-content\/uploads\/2026\/03\/Richard-Jouve-prend-sa-retraite-un-patron-du-ski-de-fond-francais-range-les-skis-a-31-ans.png\",\"keywords\":[\"br\u00e8ve\",\"Richard Jouve\",\"Ski de fond\"],\"articleSection\":[\"Ski\"],\"inLanguage\":\"fr-FR\",\"potentialAction\":[{\"@type\":\"CommentAction\",\"name\":\"Comment\",\"target\":[\"https:\/\/dicodusport.fr\/blog\/richard-jouve-prend-sa-retraite-un-patron-du-ski-de-fond-francais-range-les-skis-a-31-ans\/#respond\"]}],\"copyrightYear\":\"2026\",\"copyrightHolder\":{\"@id\":\"https:\/\/dicodusport.fr\/blog\/#organization\"}},{\"@type\":\"WebPage\",\"@id\":\"https:\/\/dicodusport.fr\/blog\/richard-jouve-prend-sa-retraite-un-patron-du-ski-de-fond-francais-range-les-skis-a-31-ans\/\",\"url\":\"https:\/\/dicodusport.fr\/blog\/richard-jouve-prend-sa-retraite-un-patron-du-ski-de-fond-francais-range-les-skis-a-31-ans\/\",\"name\":\"Richard Jouve prend sa retraite : un patron du ski de fond fran\u00e7ais range les skis \u00e0 31 ans\",\"isPartOf\":{\"@id\":\"https:\/\/dicodusport.fr\/blog\/#website\"},\"primaryImageOfPage\":{\"@id\":\"https:\/\/dicodusport.fr\/blog\/richard-jouve-prend-sa-retraite-un-patron-du-ski-de-fond-francais-range-les-skis-a-31-ans\/#primaryimage\"},\"image\":{\"@id\":\"https:\/\/dicodusport.fr\/blog\/richard-jouve-prend-sa-retraite-un-patron-du-ski-de-fond-francais-range-les-skis-a-31-ans\/#primaryimage\"},\"thumbnailUrl\":\"https:\/\/dicodusport.fr\/blog\/wp-content\/uploads\/2026\/03\/Richard-Jouve-prend-sa-retraite-un-patron-du-ski-de-fond-francais-range-les-skis-a-31-ans.png\",\"datePublished\":\"2026-03-21T17:52:22+00:00\",\"dateModified\":\"2026-03-21T18:14:54+00:00\",\"description\":\"SKI DE FOND - Ce samedi, le fondeur fran\u00e7ais Richard Jouve a rendu officielle la fin de sa carri\u00e8re, \u00e0 seulement 31 ans.\",\"breadcrumb\":{\"@id\":\"https:\/\/dicodusport.fr\/blog\/richard-jouve-prend-sa-retraite-un-patron-du-ski-de-fond-francais-range-les-skis-a-31-ans\/#breadcrumb\"},\"inLanguage\":\"fr-FR\",\"potentialAction\":[{\"@type\":\"ReadAction\",\"target\":[\"https:\/\/dicodusport.fr\/blog\/richard-jouve-prend-sa-retraite-un-patron-du-ski-de-fond-francais-range-les-skis-a-31-ans\/\"]}]},{\"@type\":\"ImageObject\",\"inLanguage\":\"fr-FR\",\"@id\":\"https:\/\/dicodusport.fr\/blog\/richard-jouve-prend-sa-retraite-un-patron-du-ski-de-fond-francais-range-les-skis-a-31-ans\/#primaryimage\",\"url\":\"https:\/\/dicodusport.fr\/blog\/wp-content\/uploads\/2026\/03\/Richard-Jouve-prend-sa-retraite-un-patron-du-ski-de-fond-francais-range-les-skis-a-31-ans.png\",\"contentUrl\":\"https:\/\/dicodusport.fr\/blog\/wp-content\/uploads\/2026\/03\/Richard-Jouve-prend-sa-retraite-un-patron-du-ski-de-fond-francais-range-les-skis-a-31-ans.png\",\"width\":1200,\"height\":674,\"caption\":\"Richard Jouve prend sa retraite : un patron du ski de fond fran\u00e7ais range les skis \u00e0 31 ans\"},{\"@type\":\"BreadcrumbList\",\"@id\":\"https:\/\/dicodusport.fr\/blog\/richard-jouve-prend-sa-retraite-un-patron-du-ski-de-fond-francais-range-les-skis-a-31-ans\/#breadcrumb\",\"itemListElement\":[{\"@type\":\"ListItem\",\"position\":1,\"name\":\"Accueil\",\"item\":\"https:\/\/dicodusport.fr\/blog\/\"},{\"@type\":\"ListItem\",\"position\":2,\"name\":\"Richard Jouve prend sa retraite : un patron du ski de fond fran\u00e7ais range les skis \u00e0 31 ans\"}]},{\"@type\":\"WebSite\",\"@id\":\"https:\/\/dicodusport.fr\/blog\/#website\",\"url\":\"https:\/\/dicodusport.fr\/blog\/\",\"name\":\"Dicodusport\",\"description\":\"L&#039;encyclop\u00e9die de l&#039;actualit\u00e9 sportive\",\"publisher\":{\"@id\":\"https:\/\/dicodusport.fr\/blog\/#organization\"},\"potentialAction\":[{\"@type\":\"SearchAction\",\"target\":{\"@type\":\"EntryPoint\",\"urlTemplate\":\"https:\/\/dicodusport.fr\/blog\/?s={search_term_string}\"},\"query-input\":{\"@type\":\"PropertyValueSpecification\",\"valueRequired\":true,\"valueName\":\"search_term_string\"}}],\"inLanguage\":\"fr-FR\"},{\"@type\":\"NewsMediaOrganization\",\"@id\":\"https:\/\/dicodusport.fr\/blog\/#organization\",\"name\":\"Dicodusport\",\"url\":\"https:\/\/dicodusport.fr\/blog\/\",\"logo\":{\"@type\":\"ImageObject\",\"inLanguage\":\"fr-FR\",\"@id\":\"https:\/\/dicodusport.fr\/blog\/#\/schema\/logo\/image\/\",\"url\":\"https:\/\/dicodusport.fr\/blog\/wp-content\/uploads\/2020\/06\/cropped-LOGO-DICODUSPORT-2020-SANS-FOND-SANS-TEXTE.png\",\"contentUrl\":\"https:\/\/dicodusport.fr\/blog\/wp-content\/uploads\/2020\/06\/cropped-LOGO-DICODUSPORT-2020-SANS-FOND-SANS-TEXTE.png\",\"width\":512,\"height\":512,\"caption\":\"Dicodusport\"},\"image\":{\"@id\":\"https:\/\/dicodusport.fr\/blog\/#\/schema\/logo\/image\/\"},\"sameAs\":[\"https:\/\/www.facebook.com\/dicodusport\",\"https:\/\/x.com\/dicodusport\",\"https:\/\/www.instagram.com\/dicodusport\/\",\"https:\/\/www.youtube.com\/channel\/UC7V2KZ5sd3htJivAbA4ZG3w\"],\"description\":\"Dicodusport est l'encyclop\u00e9die de l'actualit\u00e9 sportive.\",\"email\":\"bonjour@dicodusport.fr\",\"legalName\":\"DICODUSPORT\",\"foundingDate\":\"2018-01-14\",\"vatID\":\"FR71834470973\",\"taxID\":\"83447097300043\",\"numberOfEmployees\":{\"@type\":\"QuantitativeValue\",\"minValue\":\"1\",\"maxValue\":\"10\"}},{\"@type\":\"Person\",\"@id\":\"https:\/\/dicodusport.fr\/blog\/#\/schema\/person\/37def232098a7a5cbab3974a3690abb0\",\"name\":\"Maxime Cazenave\",\"image\":{\"@type\":\"ImageObject\",\"inLanguage\":\"fr-FR\",\"@id\":\"https:\/\/dicodusport.fr\/blog\/#\/schema\/person\/image\/\",\"url\":\"https:\/\/dicodusport.fr\/blog\/wp-content\/uploads\/2021\/05\/Maxime-Cazenave-150x150.jpg\",\"contentUrl\":\"https:\/\/dicodusport.fr\/blog\/wp-content\/uploads\/2021\/05\/Maxime-Cazenave-150x150.jpg\",\"caption\":\"Maxime Cazenave\"},\"description\":\"Journaliste\/R\u00e9dacteur depuis 2012 - Berc\u00e9 par l\u2019amour des Girondins de Bordeaux, les \u00e9checs de Christophe Moreau sur le Tour de France sous l'\u00e8re Lance Armstrong et le fade-away l\u00e9tal de Dirk Nowitzki, ma passion d\u00e9vorante pour le sport a toujours \u00e9t\u00e9 un pan incontournable de ma vie. Transmettre ma passion \u00e0 l\u2019\u00e9crit a \u00e9t\u00e9 une transition naturelle. Suiveur assidu de basket et de hockey sur glace, je garde toujours un peu de place pour suivre le cyclisme, le football et le maximum de performances fran\u00e7aises.\",\"sameAs\":[\"https:\/\/x.com\/https:\/\/twitter.com\/Maxime_Caze\"],\"url\":\"https:\/\/dicodusport.fr\/blog\/author\/maximec\/\"}]}<\/script>\n<!-- \/ Yoast SEO Premium plugin. -->","yoast_head_json":{"title":"Richard Jouve prend sa retraite : un patron du ski de fond fran\u00e7ais range les skis \u00e0 31 ans","description":"SKI DE FOND - Ce samedi, le fondeur fran\u00e7ais Richard Jouve a rendu officielle la fin de sa carri\u00e8re, \u00e0 seulement 31 ans.","robots":{"index":"index","follow":"follow","max-snippet":"max-snippet:-1","max-image-preview":"max-image-preview:large","max-video-preview":"max-video-preview:-1"},"canonical":"https:\/\/dicodusport.fr\/blog\/richard-jouve-prend-sa-retraite-un-patron-du-ski-de-fond-francais-range-les-skis-a-31-ans\/","og_locale":"fr_FR","og_type":"article","og_title":"Richard Jouve prend sa retraite : un patron du ski de fond fran\u00e7ais range les skis \u00e0 31 ans","og_description":"SKI DE FOND - Ce samedi, le fondeur fran\u00e7ais Richard Jouve a rendu officielle la fin de sa carri\u00e8re, \u00e0 seulement 31 ans.","og_url":"https:\/\/dicodusport.fr\/blog\/richard-jouve-prend-sa-retraite-un-patron-du-ski-de-fond-francais-range-les-skis-a-31-ans\/","og_site_name":"Dicodusport","article_publisher":"https:\/\/www.facebook.com\/dicodusport","article_published_time":"2026-03-21T17:52:22+00:00","article_modified_time":"2026-03-21T18:14:54+00:00","og_image":[{"width":1200,"height":674,"url":"https:\/\/dicodusport.fr\/blog\/wp-content\/uploads\/2026\/03\/Richard-Jouve-prend-sa-retraite-un-patron-du-ski-de-fond-francais-range-les-skis-a-31-ans.png","type":"image\/png"}],"author":"Maxime Cazenave","twitter_card":"summary_large_image","twitter_title":"Richard Jouve prend sa retraite : un patron du ski de fond fran\u00e7ais range les skis \u00e0 31 ans","twitter_creator":"@https:\/\/twitter.com\/Maxime_Caze","twitter_site":"@dicodusport","schema":{"@context":"https:\/\/schema.org","@graph":[{"@type":"NewsArticle","@id":"https:\/\/dicodusport.fr\/blog\/richard-jouve-prend-sa-retraite-un-patron-du-ski-de-fond-francais-range-les-skis-a-31-ans\/#article","isPartOf":{"@id":"https:\/\/dicodusport.fr\/blog\/richard-jouve-prend-sa-retraite-un-patron-du-ski-de-fond-francais-range-les-skis-a-31-ans\/"},"author":{"name":"Maxime Cazenave","@id":"https:\/\/dicodusport.fr\/blog\/#\/schema\/person\/37def232098a7a5cbab3974a3690abb0"},"headline":"Richard Jouve prend sa retraite : un patron du ski de fond fran\u00e7ais range les skis \u00e0 31 ans","datePublished":"2026-03-21T17:52:22+00:00","dateModified":"2026-03-21T18:14:54+00:00","mainEntityOfPage":{"@id":"https:\/\/dicodusport.fr\/blog\/richard-jouve-prend-sa-retraite-un-patron-du-ski-de-fond-francais-range-les-skis-a-31-ans\/"},"wordCount":524,"commentCount":0,"publisher":{"@id":"https:\/\/dicodusport.fr\/blog\/#organization"},"image":{"@id":"https:\/\/dicodusport.fr\/blog\/richard-jouve-prend-sa-retraite-un-patron-du-ski-de-fond-francais-range-les-skis-a-31-ans\/#primaryimage"},"thumbnailUrl":"https:\/\/dicodusport.fr\/blog\/wp-content\/uploads\/2026\/03\/Richard-Jouve-prend-sa-retraite-un-patron-du-ski-de-fond-francais-range-les-skis-a-31-ans.png","keywords":["br\u00e8ve","Richard Jouve","Ski de fond"],"articleSection":["Ski"],"inLanguage":"fr-FR","potentialAction":[{"@type":"CommentAction","name":"Comment","target":["https:\/\/dicodusport.fr\/blog\/richard-jouve-prend-sa-retraite-un-patron-du-ski-de-fond-francais-range-les-skis-a-31-ans\/#respond"]}],"copyrightYear":"2026","copyrightHolder":{"@id":"https:\/\/dicodusport.fr\/blog\/#organization"}},{"@type":"WebPage","@id":"https:\/\/dicodusport.fr\/blog\/richard-jouve-prend-sa-retraite-un-patron-du-ski-de-fond-francais-range-les-skis-a-31-ans\/","url":"https:\/\/dicodusport.fr\/blog\/richard-jouve-prend-sa-retraite-un-patron-du-ski-de-fond-francais-range-les-skis-a-31-ans\/","name":"Richard Jouve prend sa retraite : un patron du ski de fond fran\u00e7ais range les skis \u00e0 31 ans","isPartOf":{"@id":"https:\/\/dicodusport.fr\/blog\/#website"},"primaryImageOfPage":{"@id":"https:\/\/dicodusport.fr\/blog\/richard-jouve-prend-sa-retraite-un-patron-du-ski-de-fond-francais-range-les-skis-a-31-ans\/#primaryimage"},"image":{"@id":"https:\/\/dicodusport.fr\/blog\/richard-jouve-prend-sa-retraite-un-patron-du-ski-de-fond-francais-range-les-skis-a-31-ans\/#primaryimage"},"thumbnailUrl":"https:\/\/dicodusport.fr\/blog\/wp-content\/uploads\/2026\/03\/Richard-Jouve-prend-sa-retraite-un-patron-du-ski-de-fond-francais-range-les-skis-a-31-ans.png","datePublished":"2026-03-21T17:52:22+00:00","dateModified":"2026-03-21T18:14:54+00:00","description":"SKI DE FOND - Ce samedi, le fondeur fran\u00e7ais Richard Jouve a rendu officielle la fin de sa carri\u00e8re, \u00e0 seulement 31 ans.","breadcrumb":{"@id":"https:\/\/dicodusport.fr\/blog\/richard-jouve-prend-sa-retraite-un-patron-du-ski-de-fond-francais-range-les-skis-a-31-ans\/#breadcrumb"},"inLanguage":"fr-FR","potentialAction":[{"@type":"ReadAction","target":["https:\/\/dicodusport.fr\/blog\/richard-jouve-prend-sa-retraite-un-patron-du-ski-de-fond-francais-range-les-skis-a-31-ans\/"]}]},{"@type":"ImageObject","inLanguage":"fr-FR","@id":"https:\/\/dicodusport.fr\/blog\/richard-jouve-prend-sa-retraite-un-patron-du-ski-de-fond-francais-range-les-skis-a-31-ans\/#primaryimage","url":"https:\/\/dicodusport.fr\/blog\/wp-content\/uploads\/2026\/03\/Richard-Jouve-prend-sa-retraite-un-patron-du-ski-de-fond-francais-range-les-skis-a-31-ans.png","contentUrl":"https:\/\/dicodusport.fr\/blog\/wp-content\/uploads\/2026\/03\/Richard-Jouve-prend-sa-retraite-un-patron-du-ski-de-fond-francais-range-les-skis-a-31-ans.png","width":1200,"height":674,"caption":"Richard Jouve prend sa retraite : un patron du ski de fond fran\u00e7ais range les skis \u00e0 31 ans"},{"@type":"BreadcrumbList","@id":"https:\/\/dicodusport.fr\/blog\/richard-jouve-prend-sa-retraite-un-patron-du-ski-de-fond-francais-range-les-skis-a-31-ans\/#breadcrumb","itemListElement":[{"@type":"ListItem","position":1,"name":"Accueil","item":"https:\/\/dicodusport.fr\/blog\/"},{"@type":"ListItem","position":2,"name":"Richard Jouve prend sa retraite : un patron du ski de fond fran\u00e7ais range les skis \u00e0 31 ans"}]},{"@type":"WebSite","@id":"https:\/\/dicodusport.fr\/blog\/#website","url":"https:\/\/dicodusport.fr\/blog\/","name":"Dicodusport","description":"L&#039;encyclop\u00e9die de l&#039;actualit\u00e9 sportive","publisher":{"@id":"https:\/\/dicodusport.fr\/blog\/#organization"},"potentialAction":[{"@type":"SearchAction","target":{"@type":"EntryPoint","urlTemplate":"https:\/\/dicodusport.fr\/blog\/?s={search_term_string}"},"query-input":{"@type":"PropertyValueSpecification","valueRequired":true,"valueName":"search_term_string"}}],"inLanguage":"fr-FR"},{"@type":"NewsMediaOrganization","@id":"https:\/\/dicodusport.fr\/blog\/#organization","name":"Dicodusport","url":"https:\/\/dicodusport.fr\/blog\/","logo":{"@type":"ImageObject","inLanguage":"fr-FR","@id":"https:\/\/dicodusport.fr\/blog\/#\/schema\/logo\/image\/","url":"https:\/\/dicodusport.fr\/blog\/wp-content\/uploads\/2020\/06\/cropped-LOGO-DICODUSPORT-2020-SANS-FOND-SANS-TEXTE.png","contentUrl":"https:\/\/dicodusport.fr\/blog\/wp-content\/uploads\/2020\/06\/cropped-LOGO-DICODUSPORT-2020-SANS-FOND-SANS-TEXTE.png","width":512,"height":512,"caption":"Dicodusport"},"image":{"@id":"https:\/\/dicodusport.fr\/blog\/#\/schema\/logo\/image\/"},"sameAs":["https:\/\/www.facebook.com\/dicodusport","https:\/\/x.com\/dicodusport","https:\/\/www.instagram.com\/dicodusport\/","https:\/\/www.youtube.com\/channel\/UC7V2KZ5sd3htJivAbA4ZG3w"],"description":"Dicodusport est l'encyclop\u00e9die de l'actualit\u00e9 sportive.","email":"bonjour@dicodusport.fr","legalName":"DICODUSPORT","foundingDate":"2018-01-14","vatID":"FR71834470973","taxID":"83447097300043","numberOfEmployees":{"@type":"QuantitativeValue","minValue":"1","maxValue":"10"}},{"@type":"Person","@id":"https:\/\/dicodusport.fr\/blog\/#\/schema\/person\/37def232098a7a5cbab3974a3690abb0","name":"Maxime Cazenave","image":{"@type":"ImageObject","inLanguage":"fr-FR","@id":"https:\/\/dicodusport.fr\/blog\/#\/schema\/person\/image\/","url":"https:\/\/dicodusport.fr\/blog\/wp-content\/uploads\/2021\/05\/Maxime-Cazenave-150x150.jpg","contentUrl":"https:\/\/dicodusport.fr\/blog\/wp-content\/uploads\/2021\/05\/Maxime-Cazenave-150x150.jpg","caption":"Maxime Cazenave"},"description":"Journaliste\/R\u00e9dacteur depuis 2012 - Berc\u00e9 par l\u2019amour des Girondins de Bordeaux, les \u00e9checs de Christophe Moreau sur le Tour de France sous l'\u00e8re Lance Armstrong et le fade-away l\u00e9tal de Dirk Nowitzki, ma passion d\u00e9vorante pour le sport a toujours \u00e9t\u00e9 un pan incontournable de ma vie. Transmettre ma passion \u00e0 l\u2019\u00e9crit a \u00e9t\u00e9 une transition naturelle. Suiveur assidu de basket et de hockey sur glace, je garde toujours un peu de place pour suivre le cyclisme, le football et le maximum de performances fran\u00e7aises.","sameAs":["https:\/\/x.com\/https:\/\/twitter.com\/Maxime_Caze"],"url":"https:\/\/dicodusport.fr\/blog\/author\/maximec\/"}]}},"_links":{"self":[{"href":"https:\/\/dicodusport.fr\/blog\/wp-json\/wp\/v2\/posts\/657302","targetHints":{"allow":["GET"]}}],"collection":[{"href":"https:\/\/dicodusport.fr\/blog\/wp-json\/wp\/v2\/posts"}],"about":[{"href":"https:\/\/dicodusport.fr\/blog\/wp-json\/wp\/v2\/types\/post"}],"author":[{"embeddable":true,"href":"https:\/\/dicodusport.fr\/blog\/wp-json\/wp\/v2\/users\/55"}],"replies":[{"embeddable":true,"href":"https:\/\/dicodusport.fr\/blog\/wp-json\/wp\/v2\/comments?post=657302"}],"version-history":[{"count":3,"href":"https:\/\/dicodusport.fr\/blog\/wp-json\/wp\/v2\/posts\/657302\/revisions"}],"predecessor-version":[{"id":657334,"href":"https:\/\/dicodusport.fr\/blog\/wp-json\/wp\/v2\/posts\/657302\/revisions\/657334"}],"wp:featuredmedia":[{"embeddable":true,"href":"https:\/\/dicodusport.fr\/blog\/wp-json\/wp\/v2\/media\/657305"}],"wp:attachment":[{"href":"https:\/\/dicodusport.fr\/blog\/wp-json\/wp\/v2\/media?parent=657302"}],"wp:term":[{"taxonomy":"category","embeddable":true,"href":"https:\/\/dicodusport.fr\/blog\/wp-json\/wp\/v2\/categories?post=657302"},{"taxonomy":"post_tag","embeddable":true,"href":"https:\/\/dicodusport.fr\/blog\/wp-json\/wp\/v2\/tags?post=657302"}],"curies":[{"name":"wp","href":"https:\/\/api.w.org\/{rel}","templated":true}]}}