{"id":65748,"date":"2020-05-24T18:18:15","date_gmt":"2020-05-24T16:18:15","guid":{"rendered":"http:\/\/dicodusport.fr\/blog\/?p=65748&#038;preview=true&#038;preview_id=65748"},"modified":"2020-06-23T22:00:34","modified_gmt":"2020-06-23T20:00:34","slug":"top-14-2020-2021-transferts-le-point-sur-le-mercato-de-bayonne","status":"publish","type":"post","link":"https:\/\/dicodusport.fr\/blog\/top-14-2020-2021-transferts-le-point-sur-le-mercato-de-bayonne\/","title":{"rendered":"Top 14 2020\/2021 &#8211; Transferts : le point sur le mercato de Bayonne"},"content":{"rendered":"<p style=\"text-align: justify;\"><strong><em>Top 14 2020\/2021 &#8211; La saison actuelle n&rsquo;est pas encore termin\u00e9e, que la suivante est d\u00e9j\u00e0 dans toutes les t\u00eates. Le point sur le mercato de l&rsquo;Aviron Bayonnais.<br \/>\n<\/em><\/strong><\/p>\n<h2 style=\"text-align: justify;\">Les arriv\u00e9es<\/h2>\n<p style=\"text-align: justify;\">\u00c0 ce jour, six joueurs sont s\u00fbrs d&rsquo;arriver \u00e0 Bayonne. Le pilier anglais <strong>Sam Nixon<\/strong> (23 ans) d\u00e9barque de Bath. Toujours en premi\u00e8re ligne, le talonneur australien <strong>John Ulugia<\/strong> (34 ans) arrive de <a href=\"https:\/\/dicodusport.fr\/blog\/top-14-2020-2021-transferts-point-mercato-asm-clermont\/\" target=\"_blank\" rel=\"noopener noreferrer\">Clermont<\/a>. Son compatriote <strong>Hugh Pyle<\/strong> (31 ans) quitte le Stade Fran\u00e7ais pour l&rsquo;Aviron Bayonnais. En deuxi\u00e8me ligne, le jeune Toulousain <strong>Alexandre Manukula<\/strong> d\u00e9barque en pr\u00eat pour une saison En troisi\u00e8me ligne, l&rsquo;Espagnol <strong>Asier Usarraga<\/strong> (25 ans), quitte le voisin biarrot pour rejoindre le club bayonnais.<\/p>\n<p style=\"text-align: justify;\">Derri\u00e8re, le Fidjien <strong>Joe Ravouvou<\/strong>, 29 ans et star du rugby \u00e0 7 \u00e9voluant avec les All Blacks 7&rsquo;s, a sign\u00e9, tout comme l&rsquo;arri\u00e8re <strong>Ga\u00ebtan Germain<\/strong>, 30 ans, qui arrive en provenance de Grenoble.<\/p>\n<p style=\"text-align: justify;\">Un retour de pr\u00eat est pour le moment \u00e0 signaler. Le pilier espagnol <strong>Jon Zabala<\/strong> revient en effet au Stade Jean Dauger.<\/p>\n<h2 style=\"text-align: justify;\">Les d\u00e9parts<\/h2>\n<p style=\"text-align: justify;\">Trois d\u00e9part \u00e0 la retraite sont officialis\u00e9s. Arriv\u00e9 l&rsquo;an dernier, le pilier samoan <strong>Census Johnston<\/strong>, 39 ans, va tirer sa r\u00e9v\u00e9rence. Un autre pilier va arr\u00eater sa carri\u00e8re : <strong>Aretz Iguiniz<\/strong> (37 ans). C&rsquo;est \u00e9galement le cas du troisi\u00e8me ligne <strong>Antoine Battut<\/strong> (36 ans).<\/p>\n<p style=\"text-align: justify;\">C\u00f4t\u00e9 d\u00e9parts act\u00e9s, certains joueurs ont trouv\u00e9 une nouvelle destination. L&rsquo;arri\u00e8re <strong>Julien Tisseron<\/strong>, 24 ans, va en effet rejoindre Montpellier. Le troisi\u00e8me ligne <strong>Benjamin Collet<\/strong> (31 ans) va lui rebondir \u00e0 Valence Romans.<\/p>\n<p style=\"text-align: justify;\">Les deuxi\u00e8mes lignes <strong>Pieter Jan Van Lill<\/strong> (36 ans), <strong>Adam Jaulhac<\/strong> (32 ans) et <strong>Edwin Maka<\/strong> (27 ans) cherchent un nouveau club. Toujours devant, le 3\u00e8me ligne <strong>Armandt Koster<\/strong> (30 ans) ne sera pas conserv\u00e9. Le demi de m\u00eal\u00e9e <strong>Emmanuel Saubusse<\/strong> (30 ans) va lui aussi quitter le club.<\/p>\n<p style=\"text-align: justify;\">De nombreux joueurs ont quitt\u00e9 le navire au cours de la saison. C&rsquo;est le cas pour <strong>Ayarza<\/strong> et <strong>Oulai<\/strong> (Montauban), <strong>Bergounioux<\/strong> (Anglet) et <strong>Mamao<\/strong> (Rovigo). \u00c0 noter le retour \u00e0 <a href=\"https:\/\/dicodusport.fr\/blog\/top-14-2020-2021-transferts-point-mercato-ubb\/\" target=\"_blank\" rel=\"noopener noreferrer\">Bordeaux-B\u00e8gles<\/a> du talonneur espoir <strong>Maxime Lamothe<\/strong> (21 ans).<\/p>\n<ul>\n<li style=\"text-align: justify;\"><strong><a href=\"https:\/\/www.allrugby.com\/dossiers\/transferts-aviron-bayonnais.html\" target=\"_blank\" rel=\"noopener noreferrer\">Tout ce qu&rsquo;il faut savoir sur l&rsquo;effectif de l&rsquo;Aviron Bayonnais pour la saison 2020\/2021<\/a><\/strong><\/li>\n<\/ul>\n<p><strong><em>Dicodusport<br \/>\n<a href=\"https:\/\/www.facebook.com\/dicodusport\/\" target=\"_blank\" rel=\"noopener noreferrer\"><img loading=\"lazy\" decoding=\"async\" class=\"alignnone wp-image-2909\" src=\"http:\/\/dicodusport.fr\/blog\/wp-content\/uploads\/2017\/07\/logo-facebook-150x150.png\" sizes=\"auto, (max-width: 40px) 100vw, 40px\" srcset=\"https:\/\/dicodusport.fr\/blog\/wp-content\/uploads\/2017\/07\/logo-facebook-150x150.png 150w, https:\/\/dicodusport.fr\/blog\/wp-content\/uploads\/2017\/07\/logo-facebook-300x300.png 300w, https:\/\/dicodusport.fr\/blog\/wp-content\/uploads\/2017\/07\/logo-facebook.png 400w\" alt=\"\" width=\"40\" height=\"40\" \/><\/a><a href=\"https:\/\/twitter.com\/dicodusport\" target=\"_blank\" rel=\"noopener noreferrer\"><img loading=\"lazy\" decoding=\"async\" class=\"alignnone wp-image-2908\" src=\"http:\/\/dicodusport.fr\/blog\/wp-content\/uploads\/2017\/07\/logo-twitter-150x150.png\" alt=\"\" width=\"39\" height=\"39\" \/><\/a><\/em><\/strong><\/p>\n","protected":false},"excerpt":{"rendered":"<p>Top 14 2020\/2021 &#8211; La saison actuelle n&rsquo;est pas encore termin\u00e9e, que la suivante est d\u00e9j\u00e0 dans toutes les t\u00eates. Le point sur le mercato de l&rsquo;Aviron Bayonnais.<\/p>\n","protected":false},"author":4,"featured_media":65764,"comment_status":"open","ping_status":"closed","sticky":false,"template":"","format":"standard","meta":{"_acf_changed":false,"_daextam_enable_autolinks":"","footnotes":""},"categories":[9129],"tags":[8158,7974,111,7945],"class_list":["post-65748","post","type-post","status-publish","format-standard","has-post-thumbnail","hentry","category-rugby-a-xv","tag-aviron-bayonnais","tag-mercato-top-14","tag-top-14","tag-transferts-top-14"],"acf":[],"yoast_head":"<!-- This site is optimized with the Yoast SEO Premium plugin v26.7 (Yoast SEO v26.7) - https:\/\/yoast.com\/wordpress\/plugins\/seo\/ -->\n<title>Top 14 2020\/2021 - Transferts : le point sur le mercato de Bayonne<\/title>\n<meta name=\"description\" content=\"Transferts Top 14 - La saison actuelle n&#039;est pas encore termin\u00e9e, que la suivante est d\u00e9j\u00e0 dans toutes les t\u00eates. Le point sur le mercato de Bayonne.\" \/>\n<meta name=\"robots\" content=\"index, follow, max-snippet:-1, max-image-preview:large, max-video-preview:-1\" \/>\n<link rel=\"canonical\" href=\"https:\/\/dicodusport.fr\/blog\/top-14-2020-2021-transferts-le-point-sur-le-mercato-de-bayonne\/\" \/>\n<meta property=\"og:locale\" content=\"fr_FR\" \/>\n<meta property=\"og:type\" content=\"article\" \/>\n<meta property=\"og:title\" content=\"Top 14 2020\/2021 - Transferts : le point sur le mercato de l&#039;Aviron Bayonnais\" \/>\n<meta property=\"og:description\" content=\"Transferts Top 14 - La saison actuelle n&#039;est pas encore termin\u00e9e, que la suivante est d\u00e9j\u00e0 dans toutes les t\u00eates. Le point sur le mercato de Bayonne.\" \/>\n<meta property=\"og:url\" content=\"https:\/\/dicodusport.fr\/blog\/top-14-2020-2021-transferts-le-point-sur-le-mercato-de-bayonne\/\" \/>\n<meta property=\"og:site_name\" content=\"Dicodusport\" \/>\n<meta property=\"article:publisher\" content=\"https:\/\/www.facebook.com\/dicodusport\" \/>\n<meta property=\"article:author\" content=\"https:\/\/www.facebook.com\/florent.ostermann\" \/>\n<meta property=\"article:published_time\" content=\"2020-05-24T16:18:15+00:00\" \/>\n<meta property=\"article:modified_time\" content=\"2020-06-23T20:00:34+00:00\" \/>\n<meta property=\"og:image\" content=\"https:\/\/dicodusport.fr\/blog\/wp-content\/uploads\/2020\/04\/Top-14-2020-2021-Transferts-Le-point-sur-le-mercato-de-Bayonne.png\" \/>\n\t<meta property=\"og:image:width\" content=\"800\" \/>\n\t<meta property=\"og:image:height\" content=\"445\" \/>\n\t<meta property=\"og:image:type\" content=\"image\/png\" \/>\n<meta name=\"author\" content=\"Flo Ostermann\" \/>\n<meta name=\"twitter:card\" content=\"summary_large_image\" \/>\n<meta name=\"twitter:title\" content=\"Top 14 2020\/2021 - Transferts : le point sur le mercato de l&#039;Aviron Bayonnais\" \/>\n<meta name=\"twitter:creator\" content=\"@https:\/\/twitter.com\/FlOstermann\" \/>\n<meta name=\"twitter:site\" content=\"@dicodusport\" \/>\n<script type=\"application\/ld+json\" class=\"yoast-schema-graph\">{\"@context\":\"https:\/\/schema.org\",\"@graph\":[{\"@type\":\"NewsArticle\",\"@id\":\"https:\/\/dicodusport.fr\/blog\/top-14-2020-2021-transferts-le-point-sur-le-mercato-de-bayonne\/#article\",\"isPartOf\":{\"@id\":\"https:\/\/dicodusport.fr\/blog\/top-14-2020-2021-transferts-le-point-sur-le-mercato-de-bayonne\/\"},\"author\":{\"name\":\"Flo Ostermann\",\"@id\":\"https:\/\/dicodusport.fr\/blog\/#\/schema\/person\/cb02af4c173ce4a653b55e9baf388d4a\"},\"headline\":\"Top 14 2020\/2021 &#8211; Transferts : le point sur le mercato de Bayonne\",\"datePublished\":\"2020-05-24T16:18:15+00:00\",\"dateModified\":\"2020-06-23T20:00:34+00:00\",\"mainEntityOfPage\":{\"@id\":\"https:\/\/dicodusport.fr\/blog\/top-14-2020-2021-transferts-le-point-sur-le-mercato-de-bayonne\/\"},\"wordCount\":371,\"commentCount\":0,\"publisher\":{\"@id\":\"https:\/\/dicodusport.fr\/blog\/#organization\"},\"image\":{\"@id\":\"https:\/\/dicodusport.fr\/blog\/top-14-2020-2021-transferts-le-point-sur-le-mercato-de-bayonne\/#primaryimage\"},\"thumbnailUrl\":\"https:\/\/dicodusport.fr\/blog\/wp-content\/uploads\/2020\/04\/Top-14-2020-2021-Transferts-Le-point-sur-le-mercato-de-Bayonne.png\",\"keywords\":[\"Aviron Bayonnais\",\"Mercato Top 14\",\"Top 14\",\"Transferts Top 14\"],\"articleSection\":[\"Rugby \u00e0 XV\"],\"inLanguage\":\"fr-FR\",\"potentialAction\":[{\"@type\":\"CommentAction\",\"name\":\"Comment\",\"target\":[\"https:\/\/dicodusport.fr\/blog\/top-14-2020-2021-transferts-le-point-sur-le-mercato-de-bayonne\/#respond\"]}],\"copyrightYear\":\"2020\",\"copyrightHolder\":{\"@id\":\"https:\/\/dicodusport.fr\/blog\/#organization\"}},{\"@type\":\"WebPage\",\"@id\":\"https:\/\/dicodusport.fr\/blog\/top-14-2020-2021-transferts-le-point-sur-le-mercato-de-bayonne\/\",\"url\":\"https:\/\/dicodusport.fr\/blog\/top-14-2020-2021-transferts-le-point-sur-le-mercato-de-bayonne\/\",\"name\":\"Top 14 2020\/2021 - Transferts : le point sur le mercato de Bayonne\",\"isPartOf\":{\"@id\":\"https:\/\/dicodusport.fr\/blog\/#website\"},\"primaryImageOfPage\":{\"@id\":\"https:\/\/dicodusport.fr\/blog\/top-14-2020-2021-transferts-le-point-sur-le-mercato-de-bayonne\/#primaryimage\"},\"image\":{\"@id\":\"https:\/\/dicodusport.fr\/blog\/top-14-2020-2021-transferts-le-point-sur-le-mercato-de-bayonne\/#primaryimage\"},\"thumbnailUrl\":\"https:\/\/dicodusport.fr\/blog\/wp-content\/uploads\/2020\/04\/Top-14-2020-2021-Transferts-Le-point-sur-le-mercato-de-Bayonne.png\",\"datePublished\":\"2020-05-24T16:18:15+00:00\",\"dateModified\":\"2020-06-23T20:00:34+00:00\",\"description\":\"Transferts Top 14 - La saison actuelle n'est pas encore termin\u00e9e, que la suivante est d\u00e9j\u00e0 dans toutes les t\u00eates. Le point sur le mercato de Bayonne.\",\"breadcrumb\":{\"@id\":\"https:\/\/dicodusport.fr\/blog\/top-14-2020-2021-transferts-le-point-sur-le-mercato-de-bayonne\/#breadcrumb\"},\"inLanguage\":\"fr-FR\",\"potentialAction\":[{\"@type\":\"ReadAction\",\"target\":[\"https:\/\/dicodusport.fr\/blog\/top-14-2020-2021-transferts-le-point-sur-le-mercato-de-bayonne\/\"]}]},{\"@type\":\"ImageObject\",\"inLanguage\":\"fr-FR\",\"@id\":\"https:\/\/dicodusport.fr\/blog\/top-14-2020-2021-transferts-le-point-sur-le-mercato-de-bayonne\/#primaryimage\",\"url\":\"https:\/\/dicodusport.fr\/blog\/wp-content\/uploads\/2020\/04\/Top-14-2020-2021-Transferts-Le-point-sur-le-mercato-de-Bayonne.png\",\"contentUrl\":\"https:\/\/dicodusport.fr\/blog\/wp-content\/uploads\/2020\/04\/Top-14-2020-2021-Transferts-Le-point-sur-le-mercato-de-Bayonne.png\",\"width\":800,\"height\":445,\"caption\":\"Top 14 2020\/2021 - Transferts : le point sur le mercato de Bayonne\"},{\"@type\":\"BreadcrumbList\",\"@id\":\"https:\/\/dicodusport.fr\/blog\/top-14-2020-2021-transferts-le-point-sur-le-mercato-de-bayonne\/#breadcrumb\",\"itemListElement\":[{\"@type\":\"ListItem\",\"position\":1,\"name\":\"Accueil\",\"item\":\"https:\/\/dicodusport.fr\/blog\/\"},{\"@type\":\"ListItem\",\"position\":2,\"name\":\"Top 14 2020\/2021 &#8211; Transferts : le point sur le mercato de Bayonne\"}]},{\"@type\":\"WebSite\",\"@id\":\"https:\/\/dicodusport.fr\/blog\/#website\",\"url\":\"https:\/\/dicodusport.fr\/blog\/\",\"name\":\"Dicodusport\",\"description\":\"L&#039;encyclop\u00e9die de l&#039;actualit\u00e9 sportive\",\"publisher\":{\"@id\":\"https:\/\/dicodusport.fr\/blog\/#organization\"},\"potentialAction\":[{\"@type\":\"SearchAction\",\"target\":{\"@type\":\"EntryPoint\",\"urlTemplate\":\"https:\/\/dicodusport.fr\/blog\/?s={search_term_string}\"},\"query-input\":{\"@type\":\"PropertyValueSpecification\",\"valueRequired\":true,\"valueName\":\"search_term_string\"}}],\"inLanguage\":\"fr-FR\"},{\"@type\":\"NewsMediaOrganization\",\"@id\":\"https:\/\/dicodusport.fr\/blog\/#organization\",\"name\":\"Dicodusport\",\"url\":\"https:\/\/dicodusport.fr\/blog\/\",\"logo\":{\"@type\":\"ImageObject\",\"inLanguage\":\"fr-FR\",\"@id\":\"https:\/\/dicodusport.fr\/blog\/#\/schema\/logo\/image\/\",\"url\":\"https:\/\/dicodusport.fr\/blog\/wp-content\/uploads\/2020\/06\/cropped-LOGO-DICODUSPORT-2020-SANS-FOND-SANS-TEXTE.png\",\"contentUrl\":\"https:\/\/dicodusport.fr\/blog\/wp-content\/uploads\/2020\/06\/cropped-LOGO-DICODUSPORT-2020-SANS-FOND-SANS-TEXTE.png\",\"width\":512,\"height\":512,\"caption\":\"Dicodusport\"},\"image\":{\"@id\":\"https:\/\/dicodusport.fr\/blog\/#\/schema\/logo\/image\/\"},\"sameAs\":[\"https:\/\/www.facebook.com\/dicodusport\",\"https:\/\/x.com\/dicodusport\",\"https:\/\/www.instagram.com\/dicodusport\/\",\"https:\/\/www.youtube.com\/channel\/UC7V2KZ5sd3htJivAbA4ZG3w\"],\"description\":\"Dicodusport est l'encyclop\u00e9die de l'actualit\u00e9 sportive.\",\"email\":\"bonjour@dicodusport.fr\",\"legalName\":\"DICODUSPORT\",\"foundingDate\":\"2018-01-14\",\"vatID\":\"FR71834470973\",\"taxID\":\"83447097300043\",\"numberOfEmployees\":{\"@type\":\"QuantitativeValue\",\"minValue\":\"1\",\"maxValue\":\"10\"}},{\"@type\":\"Person\",\"@id\":\"https:\/\/dicodusport.fr\/blog\/#\/schema\/person\/cb02af4c173ce4a653b55e9baf388d4a\",\"name\":\"Flo Ostermann\",\"image\":{\"@type\":\"ImageObject\",\"inLanguage\":\"fr-FR\",\"@id\":\"https:\/\/dicodusport.fr\/blog\/#\/schema\/person\/image\/\",\"url\":\"https:\/\/dicodusport.fr\/blog\/wp-content\/uploads\/2021\/05\/Flo-Ostermann-150x150.jpg\",\"contentUrl\":\"https:\/\/dicodusport.fr\/blog\/wp-content\/uploads\/2021\/05\/Flo-Ostermann-150x150.jpg\",\"caption\":\"Flo Ostermann\"},\"description\":\"Journaliste\/R\u00e9dacteur depuis septembre 2015 - Mes premiers souvenirs dans le sport ? Les envol\u00e9es du Stade Toulousain et les duels Villeneuve-Schumacher et H\u00e4kkinen-Schumacher \u00e0 la fin des ann\u00e9es 90, la Coupe du monde de football en 1998, l\u2019exploit du XV de France face aux All Blacks en 1999, mais aussi Richard C\u0153ur de Lion qui vole sur les montagnes du Tour de France. Bien parti pour devenir professeur d\u2019EPS, les \u00e9v\u00e9nements de la vie (et la flemme d\u2019animer des s\u00e9ances de 3x500 m\u00e8tres toute ma vie) m\u2019ont conduit \u00e0 revoir mes plans. Me voil\u00e0 depuis fin 2017 sur Dicodusport, m\u00e9dia gr\u00e2ce (et pour) lequel je partage ma passion : le sport dans tous ses \u00e9tats. Le tout accompagn\u00e9 par les fous furieux et folles furieuses cit\u00e9s sur cette page !\",\"sameAs\":[\"https:\/\/www.facebook.com\/florent.ostermann\",\"https:\/\/x.com\/https:\/\/twitter.com\/FlOstermann\",\"admin\"],\"url\":\"https:\/\/dicodusport.fr\/blog\/author\/flo\/\"}]}<\/script>\n<!-- \/ Yoast SEO Premium plugin. -->","yoast_head_json":{"title":"Top 14 2020\/2021 - Transferts : le point sur le mercato de Bayonne","description":"Transferts Top 14 - La saison actuelle n'est pas encore termin\u00e9e, que la suivante est d\u00e9j\u00e0 dans toutes les t\u00eates. Le point sur le mercato de Bayonne.","robots":{"index":"index","follow":"follow","max-snippet":"max-snippet:-1","max-image-preview":"max-image-preview:large","max-video-preview":"max-video-preview:-1"},"canonical":"https:\/\/dicodusport.fr\/blog\/top-14-2020-2021-transferts-le-point-sur-le-mercato-de-bayonne\/","og_locale":"fr_FR","og_type":"article","og_title":"Top 14 2020\/2021 - Transferts : le point sur le mercato de l'Aviron Bayonnais","og_description":"Transferts Top 14 - La saison actuelle n'est pas encore termin\u00e9e, que la suivante est d\u00e9j\u00e0 dans toutes les t\u00eates. Le point sur le mercato de Bayonne.","og_url":"https:\/\/dicodusport.fr\/blog\/top-14-2020-2021-transferts-le-point-sur-le-mercato-de-bayonne\/","og_site_name":"Dicodusport","article_publisher":"https:\/\/www.facebook.com\/dicodusport","article_author":"https:\/\/www.facebook.com\/florent.ostermann","article_published_time":"2020-05-24T16:18:15+00:00","article_modified_time":"2020-06-23T20:00:34+00:00","og_image":[{"width":800,"height":445,"url":"https:\/\/dicodusport.fr\/blog\/wp-content\/uploads\/2020\/04\/Top-14-2020-2021-Transferts-Le-point-sur-le-mercato-de-Bayonne.png","type":"image\/png"}],"author":"Flo Ostermann","twitter_card":"summary_large_image","twitter_title":"Top 14 2020\/2021 - Transferts : le point sur le mercato de l'Aviron Bayonnais","twitter_creator":"@https:\/\/twitter.com\/FlOstermann","twitter_site":"@dicodusport","schema":{"@context":"https:\/\/schema.org","@graph":[{"@type":"NewsArticle","@id":"https:\/\/dicodusport.fr\/blog\/top-14-2020-2021-transferts-le-point-sur-le-mercato-de-bayonne\/#article","isPartOf":{"@id":"https:\/\/dicodusport.fr\/blog\/top-14-2020-2021-transferts-le-point-sur-le-mercato-de-bayonne\/"},"author":{"name":"Flo Ostermann","@id":"https:\/\/dicodusport.fr\/blog\/#\/schema\/person\/cb02af4c173ce4a653b55e9baf388d4a"},"headline":"Top 14 2020\/2021 &#8211; Transferts : le point sur le mercato de Bayonne","datePublished":"2020-05-24T16:18:15+00:00","dateModified":"2020-06-23T20:00:34+00:00","mainEntityOfPage":{"@id":"https:\/\/dicodusport.fr\/blog\/top-14-2020-2021-transferts-le-point-sur-le-mercato-de-bayonne\/"},"wordCount":371,"commentCount":0,"publisher":{"@id":"https:\/\/dicodusport.fr\/blog\/#organization"},"image":{"@id":"https:\/\/dicodusport.fr\/blog\/top-14-2020-2021-transferts-le-point-sur-le-mercato-de-bayonne\/#primaryimage"},"thumbnailUrl":"https:\/\/dicodusport.fr\/blog\/wp-content\/uploads\/2020\/04\/Top-14-2020-2021-Transferts-Le-point-sur-le-mercato-de-Bayonne.png","keywords":["Aviron Bayonnais","Mercato Top 14","Top 14","Transferts Top 14"],"articleSection":["Rugby \u00e0 XV"],"inLanguage":"fr-FR","potentialAction":[{"@type":"CommentAction","name":"Comment","target":["https:\/\/dicodusport.fr\/blog\/top-14-2020-2021-transferts-le-point-sur-le-mercato-de-bayonne\/#respond"]}],"copyrightYear":"2020","copyrightHolder":{"@id":"https:\/\/dicodusport.fr\/blog\/#organization"}},{"@type":"WebPage","@id":"https:\/\/dicodusport.fr\/blog\/top-14-2020-2021-transferts-le-point-sur-le-mercato-de-bayonne\/","url":"https:\/\/dicodusport.fr\/blog\/top-14-2020-2021-transferts-le-point-sur-le-mercato-de-bayonne\/","name":"Top 14 2020\/2021 - Transferts : le point sur le mercato de Bayonne","isPartOf":{"@id":"https:\/\/dicodusport.fr\/blog\/#website"},"primaryImageOfPage":{"@id":"https:\/\/dicodusport.fr\/blog\/top-14-2020-2021-transferts-le-point-sur-le-mercato-de-bayonne\/#primaryimage"},"image":{"@id":"https:\/\/dicodusport.fr\/blog\/top-14-2020-2021-transferts-le-point-sur-le-mercato-de-bayonne\/#primaryimage"},"thumbnailUrl":"https:\/\/dicodusport.fr\/blog\/wp-content\/uploads\/2020\/04\/Top-14-2020-2021-Transferts-Le-point-sur-le-mercato-de-Bayonne.png","datePublished":"2020-05-24T16:18:15+00:00","dateModified":"2020-06-23T20:00:34+00:00","description":"Transferts Top 14 - La saison actuelle n'est pas encore termin\u00e9e, que la suivante est d\u00e9j\u00e0 dans toutes les t\u00eates. Le point sur le mercato de Bayonne.","breadcrumb":{"@id":"https:\/\/dicodusport.fr\/blog\/top-14-2020-2021-transferts-le-point-sur-le-mercato-de-bayonne\/#breadcrumb"},"inLanguage":"fr-FR","potentialAction":[{"@type":"ReadAction","target":["https:\/\/dicodusport.fr\/blog\/top-14-2020-2021-transferts-le-point-sur-le-mercato-de-bayonne\/"]}]},{"@type":"ImageObject","inLanguage":"fr-FR","@id":"https:\/\/dicodusport.fr\/blog\/top-14-2020-2021-transferts-le-point-sur-le-mercato-de-bayonne\/#primaryimage","url":"https:\/\/dicodusport.fr\/blog\/wp-content\/uploads\/2020\/04\/Top-14-2020-2021-Transferts-Le-point-sur-le-mercato-de-Bayonne.png","contentUrl":"https:\/\/dicodusport.fr\/blog\/wp-content\/uploads\/2020\/04\/Top-14-2020-2021-Transferts-Le-point-sur-le-mercato-de-Bayonne.png","width":800,"height":445,"caption":"Top 14 2020\/2021 - Transferts : le point sur le mercato de Bayonne"},{"@type":"BreadcrumbList","@id":"https:\/\/dicodusport.fr\/blog\/top-14-2020-2021-transferts-le-point-sur-le-mercato-de-bayonne\/#breadcrumb","itemListElement":[{"@type":"ListItem","position":1,"name":"Accueil","item":"https:\/\/dicodusport.fr\/blog\/"},{"@type":"ListItem","position":2,"name":"Top 14 2020\/2021 &#8211; Transferts : le point sur le mercato de Bayonne"}]},{"@type":"WebSite","@id":"https:\/\/dicodusport.fr\/blog\/#website","url":"https:\/\/dicodusport.fr\/blog\/","name":"Dicodusport","description":"L&#039;encyclop\u00e9die de l&#039;actualit\u00e9 sportive","publisher":{"@id":"https:\/\/dicodusport.fr\/blog\/#organization"},"potentialAction":[{"@type":"SearchAction","target":{"@type":"EntryPoint","urlTemplate":"https:\/\/dicodusport.fr\/blog\/?s={search_term_string}"},"query-input":{"@type":"PropertyValueSpecification","valueRequired":true,"valueName":"search_term_string"}}],"inLanguage":"fr-FR"},{"@type":"NewsMediaOrganization","@id":"https:\/\/dicodusport.fr\/blog\/#organization","name":"Dicodusport","url":"https:\/\/dicodusport.fr\/blog\/","logo":{"@type":"ImageObject","inLanguage":"fr-FR","@id":"https:\/\/dicodusport.fr\/blog\/#\/schema\/logo\/image\/","url":"https:\/\/dicodusport.fr\/blog\/wp-content\/uploads\/2020\/06\/cropped-LOGO-DICODUSPORT-2020-SANS-FOND-SANS-TEXTE.png","contentUrl":"https:\/\/dicodusport.fr\/blog\/wp-content\/uploads\/2020\/06\/cropped-LOGO-DICODUSPORT-2020-SANS-FOND-SANS-TEXTE.png","width":512,"height":512,"caption":"Dicodusport"},"image":{"@id":"https:\/\/dicodusport.fr\/blog\/#\/schema\/logo\/image\/"},"sameAs":["https:\/\/www.facebook.com\/dicodusport","https:\/\/x.com\/dicodusport","https:\/\/www.instagram.com\/dicodusport\/","https:\/\/www.youtube.com\/channel\/UC7V2KZ5sd3htJivAbA4ZG3w"],"description":"Dicodusport est l'encyclop\u00e9die de l'actualit\u00e9 sportive.","email":"bonjour@dicodusport.fr","legalName":"DICODUSPORT","foundingDate":"2018-01-14","vatID":"FR71834470973","taxID":"83447097300043","numberOfEmployees":{"@type":"QuantitativeValue","minValue":"1","maxValue":"10"}},{"@type":"Person","@id":"https:\/\/dicodusport.fr\/blog\/#\/schema\/person\/cb02af4c173ce4a653b55e9baf388d4a","name":"Flo Ostermann","image":{"@type":"ImageObject","inLanguage":"fr-FR","@id":"https:\/\/dicodusport.fr\/blog\/#\/schema\/person\/image\/","url":"https:\/\/dicodusport.fr\/blog\/wp-content\/uploads\/2021\/05\/Flo-Ostermann-150x150.jpg","contentUrl":"https:\/\/dicodusport.fr\/blog\/wp-content\/uploads\/2021\/05\/Flo-Ostermann-150x150.jpg","caption":"Flo Ostermann"},"description":"Journaliste\/R\u00e9dacteur depuis septembre 2015 - Mes premiers souvenirs dans le sport ? Les envol\u00e9es du Stade Toulousain et les duels Villeneuve-Schumacher et H\u00e4kkinen-Schumacher \u00e0 la fin des ann\u00e9es 90, la Coupe du monde de football en 1998, l\u2019exploit du XV de France face aux All Blacks en 1999, mais aussi Richard C\u0153ur de Lion qui vole sur les montagnes du Tour de France. Bien parti pour devenir professeur d\u2019EPS, les \u00e9v\u00e9nements de la vie (et la flemme d\u2019animer des s\u00e9ances de 3x500 m\u00e8tres toute ma vie) m\u2019ont conduit \u00e0 revoir mes plans. Me voil\u00e0 depuis fin 2017 sur Dicodusport, m\u00e9dia gr\u00e2ce (et pour) lequel je partage ma passion : le sport dans tous ses \u00e9tats. Le tout accompagn\u00e9 par les fous furieux et folles furieuses cit\u00e9s sur cette page !","sameAs":["https:\/\/www.facebook.com\/florent.ostermann","https:\/\/x.com\/https:\/\/twitter.com\/FlOstermann","admin"],"url":"https:\/\/dicodusport.fr\/blog\/author\/flo\/"}]}},"_links":{"self":[{"href":"https:\/\/dicodusport.fr\/blog\/wp-json\/wp\/v2\/posts\/65748","targetHints":{"allow":["GET"]}}],"collection":[{"href":"https:\/\/dicodusport.fr\/blog\/wp-json\/wp\/v2\/posts"}],"about":[{"href":"https:\/\/dicodusport.fr\/blog\/wp-json\/wp\/v2\/types\/post"}],"author":[{"embeddable":true,"href":"https:\/\/dicodusport.fr\/blog\/wp-json\/wp\/v2\/users\/4"}],"replies":[{"embeddable":true,"href":"https:\/\/dicodusport.fr\/blog\/wp-json\/wp\/v2\/comments?post=65748"}],"version-history":[{"count":0,"href":"https:\/\/dicodusport.fr\/blog\/wp-json\/wp\/v2\/posts\/65748\/revisions"}],"wp:featuredmedia":[{"embeddable":true,"href":"https:\/\/dicodusport.fr\/blog\/wp-json\/wp\/v2\/media\/65764"}],"wp:attachment":[{"href":"https:\/\/dicodusport.fr\/blog\/wp-json\/wp\/v2\/media?parent=65748"}],"wp:term":[{"taxonomy":"category","embeddable":true,"href":"https:\/\/dicodusport.fr\/blog\/wp-json\/wp\/v2\/categories?post=65748"},{"taxonomy":"post_tag","embeddable":true,"href":"https:\/\/dicodusport.fr\/blog\/wp-json\/wp\/v2\/tags?post=65748"}],"curies":[{"name":"wp","href":"https:\/\/api.w.org\/{rel}","templated":true}]}}