{"id":657501,"date":"2026-03-22T13:27:13","date_gmt":"2026-03-22T12:27:13","guid":{"rendered":"https:\/\/dicodusport.fr\/blog\/?p=657501&#038;preview=true&#038;preview_id=657501"},"modified":"2026-03-22T13:38:05","modified_gmt":"2026-03-22T12:38:05","slug":"apres-la-descente-le-super-g-dominik-paris-realise-un-enorme-double-aux-finales-de-lillehammer","status":"publish","type":"post","link":"https:\/\/dicodusport.fr\/blog\/apres-la-descente-le-super-g-dominik-paris-realise-un-enorme-double-aux-finales-de-lillehammer\/","title":{"rendered":"Apr\u00e8s la descente, le Super-G : Dominik Paris r\u00e9alise un \u00e9norme doubl\u00e9 aux finales de Lillehammer"},"content":{"rendered":"<p style=\"text-align: justify;\"><strong><i>COUPE DU MONDE DE SKI ALPIN 2025-2026 : Dominik Paris a remport\u00e9 le Super-G des finales de Lillehammer (Norv\u00e8ge),<\/i><i> dimanche.<\/i><\/strong><\/p>\n<ul>\n<li style=\"text-align: justify;\"><strong>\u00c0 ce sujet \u2013\u00a0<a href=\"https:\/\/dicodusport.fr\/blog\/ski-alpin-coupe-du-monde-2025-2026-le-calendrier-complet\/\">Ski alpin Coupe du monde 2025-2026 \u2013 Le calendrier complet<\/a><\/strong><\/li>\n<\/ul>\n<p style=\"text-align: justify;\">Quelques heures apr\u00e8s <a href=\"https:\/\/dicodusport.fr\/blog\/sofia-goggia-ecoeure-la-concurrence-sur-le-super-g-de-lillehammer-et-soffre-le-petit-globe\/\">l\u2019\u00e9preuve f\u00e9minine remport\u00e9e par Sofia Goggia<\/a>, les hommes ont pris le relais sur la piste olympique <em>Olympiabakken<\/em> de <em>Kvitfjell<\/em>, \u00e0 Lillehammer, \u00e0 l\u2019occasion du dernier Super-G de la saison. Le globe de cristal avait d\u00e9j\u00e0 trouv\u00e9 son propri\u00e9taire en la personne de <strong>Marco Odermatt<\/strong>, imp\u00e9rial tout au long de l\u2019hiver. Le trac\u00e9, lui, \u00e9tait plus tournant et plus serr\u00e9 que d&rsquo;habitude.<\/p>\n<ul>\n<li style=\"text-align: justify;\"><strong>\u00c0 ce sujet \u2013 <a href=\"https:\/\/dicodusport.fr\/blog\/coupe-du-monde-ski-alpin-classement-general-hommes-mis-a-jour\/\">Coupe du monde Ski alpin : Classement g\u00e9n\u00e9ral hommes mis \u00e0 jour<\/a><\/strong><\/li>\n<\/ul>\n<h2 style=\"text-align: justify;\">Dominik Paris comme chez lui \u00e0 Kvitfjell-Lillehammer<\/h2>\n<p style=\"text-align: justify;\"><a href=\"https:\/\/dicodusport.fr\/blog\/20eme-victoire-en-descente-pour-dominik-paris-dominateur-lors-des-finales-de-lillehammer\/\">Vainqueur de la descente la veille<\/a>, <strong>Dominik Paris<\/strong> a pris beaucoup de vitesse sur le haut du parcours et s&rsquo;est parfaitement engag\u00e9 sur le reste du trac\u00e9, malgr\u00e9 une petite faute dans la section du <em>Motocross<\/em>, pour signer un huiti\u00e8me succ\u00e8s sur la piste norv\u00e9gienne. Gr\u00e2ce \u00e0 un excellent troisi\u00e8me secteur, ski\u00e9 \u00e0 l\u2019instinct, l\u2019Italien a sign\u00e9 le meilleur temps en <strong>1 minute 26 secondes et 81 centi\u00e8mes<\/strong>.<\/p>\n<blockquote class=\"twitter-tweet\">\n<p dir=\"ltr\" lang=\"fr\">Apr\u00e8s la descente, le Super-G : Dominik Paris passe un meilleur week-end que vous \ud83d\ude05 <a href=\"https:\/\/twitter.com\/hashtag\/ChaletClub?src=hash&amp;ref_src=twsrc%5Etfw\">#ChaletClub<\/a> <a href=\"https:\/\/t.co\/CBdzoUoFLD\">pic.twitter.com\/CBdzoUoFLD<\/a><\/p>\n<p>\u2014 Eurosport France (@Eurosport_FR) <a href=\"https:\/\/twitter.com\/Eurosport_FR\/status\/2035695684863639584?ref_src=twsrc%5Etfw\">March 22, 2026<\/a><\/p><\/blockquote>\n<p><script async src=\"https:\/\/platform.twitter.com\/widgets.js\" charset=\"utf-8\"><\/script><\/p>\n<p style=\"text-align: justify;\"><strong>Vincent Kriechmayr<\/strong> est rest\u00e9 tr\u00e8s \u00e9quilibr\u00e9 sur les mouvements de terrain. M\u00eame s&rsquo;il s&rsquo;est l\u00e9g\u00e8rement ouvert dans le <em>Tommy Moe<\/em>, il a r\u00e9ussi \u00e0 conserver de la vitesse sur le bas du parcours pour terminer \u00e0 seulement <strong>7 centi\u00e8mes<\/strong>, au deuxi\u00e8me rang. Puis, <strong>Raphael Haaser<\/strong> a tr\u00e8s bien termin\u00e9 ses courbes, notamment dans l&rsquo;avant-dernier tron\u00e7on, pour compl\u00e9ter le podium \u00e0 <strong>38 centi\u00e8mes<\/strong>. Apr\u00e8s une mise en action d\u00e9licate, <strong>Alexis Monney<\/strong> a fini au pied du podium \u00e0 <strong>66 centi\u00e8mes<\/strong>, en poussant au maximum ses courbes dans le quatri\u00e8me secteur. <strong>Giovanni Franzoni<\/strong> a pris la cinqui\u00e8me place \u00e0 <strong>86 centi\u00e8mes<\/strong>, devant <strong>Stefan Rogentin<\/strong>, sixi\u00e8me \u00e0 <strong>93 centi\u00e8mes<\/strong>, malgr\u00e9 une grosse faute dans le deuxi\u00e8me secteur.<\/p>\n<ul>\n<li style=\"text-align: justify;\"><strong>\u00c0 lire aussi &#8211; <a href=\"https:\/\/dicodusport.fr\/blog\/super-g-hommes-lillehammer-2026-classement-et-resultats\/\">Le classement du Super-G hommes de Lillehammer<\/a><\/strong><\/li>\n<\/ul>\n<p style=\"text-align: justify;\"><strong>Marco Odermatt<\/strong>, lui, \u00e9tait hors du coup avec plusieurs grosses fautes, signant sa plus mauvaise performance de la saison dans la discipline et ne marquant aucun point. Le Suisse boucle n\u00e9anmoins l&rsquo;hiver en Super-G avec deux victoires \u00e0 <strong>Copper Mountain<\/strong> et <strong>Kitzb\u00fchel<\/strong>, un podium \u00e0 <strong>Val Gardena<\/strong>, deux quatri\u00e8mes places \u00e0 <strong>Wengen<\/strong> et <strong>Livigno<\/strong> ainsi qu&rsquo;une cinqui\u00e8me place \u00e0 <strong>Beaver Creek<\/strong>, pour un total de <strong>485 points<\/strong>.<\/p>\n<p style=\"text-align: justify;\">Dans le clan fran\u00e7ais, <strong>Nils All\u00e8gre<\/strong> a manqu\u00e9 de vitesse sur le bas apr\u00e8s plusieurs fautes dans la partie m\u00e9diane du trac\u00e9, c\u00e9dant <strong>1.88<\/strong> pour terminer au <strong>16e rang<\/strong>. Avec un d\u00e9part tr\u00e8s compliqu\u00e9, <strong>Mathieu Bailet<\/strong> a fini juste devant son compatriote, \u00e0 <strong>1.86<\/strong> (15e), perdant du temps tout au long du parcours malgr\u00e9 une bonne gestion des mouvements de terrain. Enfin, le champion du monde juniors <strong>Victor Haghighat<\/strong> a fait preuve d\u2019un certain courage pour sa premi\u00e8re course \u00e0 ce niveau, r\u00e9alisant une bonne section technique finale pour conclure \u00e0 <strong>3.11<\/strong>.<\/p>\n<h3 style=\"text-align: justify;\">\u00c0 ce sujet<\/h3>\n<div class=\"vlp-link-container vlp-layout-article\"><a href=\"https:\/\/dicodusport.fr\/blog\/victor-haghighat-champion-du-monde-juniors-du-super-g-la-france-decroche-les-deux-titres-de-la-specialite-en-norvege\/\" class=\"vlp-link\" title=\"Victor Haghighat champion du monde juniors du Super-G : la France d\u00e9croche les deux titres de la sp\u00e9cialit\u00e9 en Norv\u00e8ge\"><\/a><div class=\"vlp-layout-zone-side\"><div class=\"vlp-block-4 vlp-link-image\"><img loading=\"lazy\" decoding=\"async\" style=\"max-width: 792px;\" width=\"792\" height=\"445\" src=\"https:\/\/dicodusport.fr\/blog\/wp-content\/uploads\/2026\/03\/Victor-Haghighat-champion-du-monde-juniors-du-Super-G-la-France-decroche-les-deux-titres-de-la-specialite-en-Norvege-1.png\" class=\"attachment-800x445 size-800x445\" alt=\"Victor Haghighat champion du monde juniors du Super-G la France d\u00e9croche les deux titres de la sp\u00e9cialit\u00e9 en Norv\u00e8ge\" srcset=\"https:\/\/dicodusport.fr\/blog\/wp-content\/uploads\/2026\/03\/Victor-Haghighat-champion-du-monde-juniors-du-Super-G-la-France-decroche-les-deux-titres-de-la-specialite-en-Norvege-1.png 1200w, https:\/\/dicodusport.fr\/blog\/wp-content\/uploads\/2026\/03\/Victor-Haghighat-champion-du-monde-juniors-du-Super-G-la-France-decroche-les-deux-titres-de-la-specialite-en-Norvege-1-300x169.png 300w, https:\/\/dicodusport.fr\/blog\/wp-content\/uploads\/2026\/03\/Victor-Haghighat-champion-du-monde-juniors-du-Super-G-la-France-decroche-les-deux-titres-de-la-specialite-en-Norvege-1-1024x575.png 1024w, https:\/\/dicodusport.fr\/blog\/wp-content\/uploads\/2026\/03\/Victor-Haghighat-champion-du-monde-juniors-du-Super-G-la-France-decroche-les-deux-titres-de-la-specialite-en-Norvege-1-768x431.png 768w\" sizes=\"auto, (max-width: 792px) 100vw, 792px\" \/><\/div><\/div><div class=\"vlp-layout-zone-main\"><div class=\"vlp-block-0 vlp-link-title\">Victor Haghighat champion du monde juniors du Super-G : la France d\u00e9croche les deux titres de la sp\u00e9cialit\u00e9 en Norv\u00e8ge<\/div><div class=\"vlp-block-1 vlp-link-summary\">MONDIAUX JUNIORS DE SKI ALPIN 2026 - Au lendemain du sacre d\u2019Emy Charbonnier sur le Super-G, Victor Haghighat s\u2019offre lui aussi l\u2019or mondial du format.<\/div><div class=\"vlp-block-2 vlp-link-button\">Lire l'article<\/div><div class=\"vlp-block-3 vlp-link-url\">dicodusport.fr<\/div><\/div><\/div>\n","protected":false},"excerpt":{"rendered":"<p>Dominik Paris a remport\u00e9 le Super-G des finales de Lillehammer (Norv\u00e8ge), dimanche.<\/p>\n","protected":false},"author":48,"featured_media":657547,"comment_status":"open","ping_status":"closed","sticky":false,"template":"","format":"standard","meta":{"_acf_changed":false,"_daextam_enable_autolinks":"1","footnotes":""},"categories":[47084],"tags":[16878,12586,2233,24],"class_list":["post-657501","post","type-post","status-publish","format-standard","has-post-thumbnail","hentry","category-coupe-du-monde-ski-alpin","tag-breve","tag-coupe-du-monde-de-ski-alpin","tag-ski-alpin","tag-sport"],"acf":[],"yoast_head":"<!-- This site is optimized with the Yoast SEO Premium plugin v26.7 (Yoast SEO v26.7) - https:\/\/yoast.com\/wordpress\/plugins\/seo\/ -->\n<title>Apr\u00e8s la descente, le Super-G : Dominik Paris r\u00e9alise un \u00e9norme doubl\u00e9 aux finales de Lillehammer<\/title>\n<meta name=\"description\" content=\"COUPE DU MONDE DE SKI ALPIN 2025-2026 : Dominik Paris a remport\u00e9 le Super-G des finales de Lillehammer (Norv\u00e8ge), dimanche.\" \/>\n<meta name=\"robots\" content=\"index, follow, max-snippet:-1, max-image-preview:large, max-video-preview:-1\" \/>\n<link rel=\"canonical\" href=\"https:\/\/dicodusport.fr\/blog\/apres-la-descente-le-super-g-dominik-paris-realise-un-enorme-double-aux-finales-de-lillehammer\/\" \/>\n<meta property=\"og:locale\" content=\"fr_FR\" \/>\n<meta property=\"og:type\" content=\"article\" \/>\n<meta property=\"og:title\" content=\"Apr\u00e8s la descente, le Super-G : Dominik Paris r\u00e9alise un \u00e9norme doubl\u00e9 aux finales de Lillehammer\" \/>\n<meta property=\"og:description\" content=\"COUPE DU MONDE DE SKI ALPIN 2025-2026 : Dominik Paris a remport\u00e9 le Super-G des finales de Lillehammer (Norv\u00e8ge), dimanche.\" \/>\n<meta property=\"og:url\" content=\"https:\/\/dicodusport.fr\/blog\/apres-la-descente-le-super-g-dominik-paris-realise-un-enorme-double-aux-finales-de-lillehammer\/\" \/>\n<meta property=\"og:site_name\" content=\"Dicodusport\" \/>\n<meta property=\"article:publisher\" content=\"https:\/\/www.facebook.com\/dicodusport\" \/>\n<meta property=\"article:author\" content=\"https:\/\/www.facebook.com\/groups\/LesRoisDuPeloton\" \/>\n<meta property=\"article:published_time\" content=\"2026-03-22T12:27:13+00:00\" \/>\n<meta property=\"article:modified_time\" content=\"2026-03-22T12:38:05+00:00\" \/>\n<meta property=\"og:image\" content=\"https:\/\/dicodusport.fr\/blog\/wp-content\/uploads\/2026\/03\/Apres-la-descente-le-Super-G-Dominik-Paris-realise-un-enorme-double-aux-finales-de-Lillehammer.png\" \/>\n\t<meta property=\"og:image:width\" content=\"1200\" \/>\n\t<meta property=\"og:image:height\" content=\"674\" \/>\n\t<meta property=\"og:image:type\" content=\"image\/png\" \/>\n<meta name=\"author\" content=\"Emilien Descampiaux\" \/>\n<meta name=\"twitter:card\" content=\"summary_large_image\" \/>\n<meta name=\"twitter:creator\" content=\"@https:\/\/twitter.com\/LRoisDuPeloton\" \/>\n<meta name=\"twitter:site\" content=\"@dicodusport\" \/>\n<script type=\"application\/ld+json\" class=\"yoast-schema-graph\">{\"@context\":\"https:\/\/schema.org\",\"@graph\":[{\"@type\":\"NewsArticle\",\"@id\":\"https:\/\/dicodusport.fr\/blog\/apres-la-descente-le-super-g-dominik-paris-realise-un-enorme-double-aux-finales-de-lillehammer\/#article\",\"isPartOf\":{\"@id\":\"https:\/\/dicodusport.fr\/blog\/apres-la-descente-le-super-g-dominik-paris-realise-un-enorme-double-aux-finales-de-lillehammer\/\"},\"author\":{\"name\":\"Emilien Descampiaux\",\"@id\":\"https:\/\/dicodusport.fr\/blog\/#\/schema\/person\/6db4bae06b171592211be385b32876a7\"},\"headline\":\"Apr\u00e8s la descente, le Super-G : Dominik Paris r\u00e9alise un \u00e9norme doubl\u00e9 aux finales de Lillehammer\",\"datePublished\":\"2026-03-22T12:27:13+00:00\",\"dateModified\":\"2026-03-22T12:38:05+00:00\",\"mainEntityOfPage\":{\"@id\":\"https:\/\/dicodusport.fr\/blog\/apres-la-descente-le-super-g-dominik-paris-realise-un-enorme-double-aux-finales-de-lillehammer\/\"},\"wordCount\":648,\"commentCount\":0,\"publisher\":{\"@id\":\"https:\/\/dicodusport.fr\/blog\/#organization\"},\"image\":{\"@id\":\"https:\/\/dicodusport.fr\/blog\/apres-la-descente-le-super-g-dominik-paris-realise-un-enorme-double-aux-finales-de-lillehammer\/#primaryimage\"},\"thumbnailUrl\":\"https:\/\/dicodusport.fr\/blog\/wp-content\/uploads\/2026\/03\/Apres-la-descente-le-Super-G-Dominik-Paris-realise-un-enorme-double-aux-finales-de-Lillehammer.png\",\"keywords\":[\"br\u00e8ve\",\"Coupe du monde de ski alpin\",\"Ski alpin\",\"sport\"],\"articleSection\":[\"Coupe du monde de ski alpin\"],\"inLanguage\":\"fr-FR\",\"potentialAction\":[{\"@type\":\"CommentAction\",\"name\":\"Comment\",\"target\":[\"https:\/\/dicodusport.fr\/blog\/apres-la-descente-le-super-g-dominik-paris-realise-un-enorme-double-aux-finales-de-lillehammer\/#respond\"]}],\"copyrightYear\":\"2026\",\"copyrightHolder\":{\"@id\":\"https:\/\/dicodusport.fr\/blog\/#organization\"}},{\"@type\":\"WebPage\",\"@id\":\"https:\/\/dicodusport.fr\/blog\/apres-la-descente-le-super-g-dominik-paris-realise-un-enorme-double-aux-finales-de-lillehammer\/\",\"url\":\"https:\/\/dicodusport.fr\/blog\/apres-la-descente-le-super-g-dominik-paris-realise-un-enorme-double-aux-finales-de-lillehammer\/\",\"name\":\"Apr\u00e8s la descente, le Super-G : Dominik Paris r\u00e9alise un \u00e9norme doubl\u00e9 aux finales de Lillehammer\",\"isPartOf\":{\"@id\":\"https:\/\/dicodusport.fr\/blog\/#website\"},\"primaryImageOfPage\":{\"@id\":\"https:\/\/dicodusport.fr\/blog\/apres-la-descente-le-super-g-dominik-paris-realise-un-enorme-double-aux-finales-de-lillehammer\/#primaryimage\"},\"image\":{\"@id\":\"https:\/\/dicodusport.fr\/blog\/apres-la-descente-le-super-g-dominik-paris-realise-un-enorme-double-aux-finales-de-lillehammer\/#primaryimage\"},\"thumbnailUrl\":\"https:\/\/dicodusport.fr\/blog\/wp-content\/uploads\/2026\/03\/Apres-la-descente-le-Super-G-Dominik-Paris-realise-un-enorme-double-aux-finales-de-Lillehammer.png\",\"datePublished\":\"2026-03-22T12:27:13+00:00\",\"dateModified\":\"2026-03-22T12:38:05+00:00\",\"description\":\"COUPE DU MONDE DE SKI ALPIN 2025-2026 : Dominik Paris a remport\u00e9 le Super-G des finales de Lillehammer (Norv\u00e8ge), dimanche.\",\"breadcrumb\":{\"@id\":\"https:\/\/dicodusport.fr\/blog\/apres-la-descente-le-super-g-dominik-paris-realise-un-enorme-double-aux-finales-de-lillehammer\/#breadcrumb\"},\"inLanguage\":\"fr-FR\",\"potentialAction\":[{\"@type\":\"ReadAction\",\"target\":[\"https:\/\/dicodusport.fr\/blog\/apres-la-descente-le-super-g-dominik-paris-realise-un-enorme-double-aux-finales-de-lillehammer\/\"]}]},{\"@type\":\"ImageObject\",\"inLanguage\":\"fr-FR\",\"@id\":\"https:\/\/dicodusport.fr\/blog\/apres-la-descente-le-super-g-dominik-paris-realise-un-enorme-double-aux-finales-de-lillehammer\/#primaryimage\",\"url\":\"https:\/\/dicodusport.fr\/blog\/wp-content\/uploads\/2026\/03\/Apres-la-descente-le-Super-G-Dominik-Paris-realise-un-enorme-double-aux-finales-de-Lillehammer.png\",\"contentUrl\":\"https:\/\/dicodusport.fr\/blog\/wp-content\/uploads\/2026\/03\/Apres-la-descente-le-Super-G-Dominik-Paris-realise-un-enorme-double-aux-finales-de-Lillehammer.png\",\"width\":1200,\"height\":674,\"caption\":\"Apr\u00e8s la descente, le Super-G Dominik Paris r\u00e9alise un \u00e9norme doubl\u00e9 aux finales de Lillehammer\"},{\"@type\":\"BreadcrumbList\",\"@id\":\"https:\/\/dicodusport.fr\/blog\/apres-la-descente-le-super-g-dominik-paris-realise-un-enorme-double-aux-finales-de-lillehammer\/#breadcrumb\",\"itemListElement\":[{\"@type\":\"ListItem\",\"position\":1,\"name\":\"Accueil\",\"item\":\"https:\/\/dicodusport.fr\/blog\/\"},{\"@type\":\"ListItem\",\"position\":2,\"name\":\"Apr\u00e8s la descente, le Super-G : Dominik Paris r\u00e9alise un \u00e9norme doubl\u00e9 aux finales de Lillehammer\"}]},{\"@type\":\"WebSite\",\"@id\":\"https:\/\/dicodusport.fr\/blog\/#website\",\"url\":\"https:\/\/dicodusport.fr\/blog\/\",\"name\":\"Dicodusport\",\"description\":\"L&#039;encyclop\u00e9die de l&#039;actualit\u00e9 sportive\",\"publisher\":{\"@id\":\"https:\/\/dicodusport.fr\/blog\/#organization\"},\"potentialAction\":[{\"@type\":\"SearchAction\",\"target\":{\"@type\":\"EntryPoint\",\"urlTemplate\":\"https:\/\/dicodusport.fr\/blog\/?s={search_term_string}\"},\"query-input\":{\"@type\":\"PropertyValueSpecification\",\"valueRequired\":true,\"valueName\":\"search_term_string\"}}],\"inLanguage\":\"fr-FR\"},{\"@type\":\"NewsMediaOrganization\",\"@id\":\"https:\/\/dicodusport.fr\/blog\/#organization\",\"name\":\"Dicodusport\",\"url\":\"https:\/\/dicodusport.fr\/blog\/\",\"logo\":{\"@type\":\"ImageObject\",\"inLanguage\":\"fr-FR\",\"@id\":\"https:\/\/dicodusport.fr\/blog\/#\/schema\/logo\/image\/\",\"url\":\"https:\/\/dicodusport.fr\/blog\/wp-content\/uploads\/2020\/06\/cropped-LOGO-DICODUSPORT-2020-SANS-FOND-SANS-TEXTE.png\",\"contentUrl\":\"https:\/\/dicodusport.fr\/blog\/wp-content\/uploads\/2020\/06\/cropped-LOGO-DICODUSPORT-2020-SANS-FOND-SANS-TEXTE.png\",\"width\":512,\"height\":512,\"caption\":\"Dicodusport\"},\"image\":{\"@id\":\"https:\/\/dicodusport.fr\/blog\/#\/schema\/logo\/image\/\"},\"sameAs\":[\"https:\/\/www.facebook.com\/dicodusport\",\"https:\/\/x.com\/dicodusport\",\"https:\/\/www.instagram.com\/dicodusport\/\",\"https:\/\/www.youtube.com\/channel\/UC7V2KZ5sd3htJivAbA4ZG3w\"],\"description\":\"Dicodusport est l'encyclop\u00e9die de l'actualit\u00e9 sportive.\",\"email\":\"bonjour@dicodusport.fr\",\"legalName\":\"DICODUSPORT\",\"foundingDate\":\"2018-01-14\",\"vatID\":\"FR71834470973\",\"taxID\":\"83447097300043\",\"numberOfEmployees\":{\"@type\":\"QuantitativeValue\",\"minValue\":\"1\",\"maxValue\":\"10\"}},{\"@type\":\"Person\",\"@id\":\"https:\/\/dicodusport.fr\/blog\/#\/schema\/person\/6db4bae06b171592211be385b32876a7\",\"name\":\"Emilien Descampiaux\",\"image\":{\"@type\":\"ImageObject\",\"inLanguage\":\"fr-FR\",\"@id\":\"https:\/\/dicodusport.fr\/blog\/#\/schema\/person\/image\/\",\"url\":\"https:\/\/dicodusport.fr\/blog\/wp-content\/uploads\/2021\/05\/Emilien-Descampiaux-150x150.jpg\",\"contentUrl\":\"https:\/\/dicodusport.fr\/blog\/wp-content\/uploads\/2021\/05\/Emilien-Descampiaux-150x150.jpg\",\"caption\":\"Emilien Descampiaux\"},\"description\":\"Journaliste\/r\u00e9dacteur depuis 2014 - Fan de la classe de Frank Vandenbroucke, je vis cyclisme (et de ses paysages) depuis plus de 20 ans. Je suis tr\u00e8s impliqu\u00e9 sur mes diff\u00e9rents r\u00e9seaux sociaux pour partager ma passion sur le monde et l'Histoire de la bicyclette avec ma voix sur les images en noir et blanc du succ\u00e8s de Rik Van Steenbergen lors du Ronde sur le V\u00e9lodrome de Gand.\",\"sameAs\":[\"https:\/\/www.facebook.com\/groups\/LesRoisDuPeloton\",\"https:\/\/x.com\/https:\/\/twitter.com\/LRoisDuPeloton\"],\"url\":\"https:\/\/dicodusport.fr\/blog\/author\/emiliend\/\"}]}<\/script>\n<!-- \/ Yoast SEO Premium plugin. -->","yoast_head_json":{"title":"Apr\u00e8s la descente, le Super-G : Dominik Paris r\u00e9alise un \u00e9norme doubl\u00e9 aux finales de Lillehammer","description":"COUPE DU MONDE DE SKI ALPIN 2025-2026 : Dominik Paris a remport\u00e9 le Super-G des finales de Lillehammer (Norv\u00e8ge), dimanche.","robots":{"index":"index","follow":"follow","max-snippet":"max-snippet:-1","max-image-preview":"max-image-preview:large","max-video-preview":"max-video-preview:-1"},"canonical":"https:\/\/dicodusport.fr\/blog\/apres-la-descente-le-super-g-dominik-paris-realise-un-enorme-double-aux-finales-de-lillehammer\/","og_locale":"fr_FR","og_type":"article","og_title":"Apr\u00e8s la descente, le Super-G : Dominik Paris r\u00e9alise un \u00e9norme doubl\u00e9 aux finales de Lillehammer","og_description":"COUPE DU MONDE DE SKI ALPIN 2025-2026 : Dominik Paris a remport\u00e9 le Super-G des finales de Lillehammer (Norv\u00e8ge), dimanche.","og_url":"https:\/\/dicodusport.fr\/blog\/apres-la-descente-le-super-g-dominik-paris-realise-un-enorme-double-aux-finales-de-lillehammer\/","og_site_name":"Dicodusport","article_publisher":"https:\/\/www.facebook.com\/dicodusport","article_author":"https:\/\/www.facebook.com\/groups\/LesRoisDuPeloton","article_published_time":"2026-03-22T12:27:13+00:00","article_modified_time":"2026-03-22T12:38:05+00:00","og_image":[{"width":1200,"height":674,"url":"https:\/\/dicodusport.fr\/blog\/wp-content\/uploads\/2026\/03\/Apres-la-descente-le-Super-G-Dominik-Paris-realise-un-enorme-double-aux-finales-de-Lillehammer.png","type":"image\/png"}],"author":"Emilien Descampiaux","twitter_card":"summary_large_image","twitter_creator":"@https:\/\/twitter.com\/LRoisDuPeloton","twitter_site":"@dicodusport","schema":{"@context":"https:\/\/schema.org","@graph":[{"@type":"NewsArticle","@id":"https:\/\/dicodusport.fr\/blog\/apres-la-descente-le-super-g-dominik-paris-realise-un-enorme-double-aux-finales-de-lillehammer\/#article","isPartOf":{"@id":"https:\/\/dicodusport.fr\/blog\/apres-la-descente-le-super-g-dominik-paris-realise-un-enorme-double-aux-finales-de-lillehammer\/"},"author":{"name":"Emilien Descampiaux","@id":"https:\/\/dicodusport.fr\/blog\/#\/schema\/person\/6db4bae06b171592211be385b32876a7"},"headline":"Apr\u00e8s la descente, le Super-G : Dominik Paris r\u00e9alise un \u00e9norme doubl\u00e9 aux finales de Lillehammer","datePublished":"2026-03-22T12:27:13+00:00","dateModified":"2026-03-22T12:38:05+00:00","mainEntityOfPage":{"@id":"https:\/\/dicodusport.fr\/blog\/apres-la-descente-le-super-g-dominik-paris-realise-un-enorme-double-aux-finales-de-lillehammer\/"},"wordCount":648,"commentCount":0,"publisher":{"@id":"https:\/\/dicodusport.fr\/blog\/#organization"},"image":{"@id":"https:\/\/dicodusport.fr\/blog\/apres-la-descente-le-super-g-dominik-paris-realise-un-enorme-double-aux-finales-de-lillehammer\/#primaryimage"},"thumbnailUrl":"https:\/\/dicodusport.fr\/blog\/wp-content\/uploads\/2026\/03\/Apres-la-descente-le-Super-G-Dominik-Paris-realise-un-enorme-double-aux-finales-de-Lillehammer.png","keywords":["br\u00e8ve","Coupe du monde de ski alpin","Ski alpin","sport"],"articleSection":["Coupe du monde de ski alpin"],"inLanguage":"fr-FR","potentialAction":[{"@type":"CommentAction","name":"Comment","target":["https:\/\/dicodusport.fr\/blog\/apres-la-descente-le-super-g-dominik-paris-realise-un-enorme-double-aux-finales-de-lillehammer\/#respond"]}],"copyrightYear":"2026","copyrightHolder":{"@id":"https:\/\/dicodusport.fr\/blog\/#organization"}},{"@type":"WebPage","@id":"https:\/\/dicodusport.fr\/blog\/apres-la-descente-le-super-g-dominik-paris-realise-un-enorme-double-aux-finales-de-lillehammer\/","url":"https:\/\/dicodusport.fr\/blog\/apres-la-descente-le-super-g-dominik-paris-realise-un-enorme-double-aux-finales-de-lillehammer\/","name":"Apr\u00e8s la descente, le Super-G : Dominik Paris r\u00e9alise un \u00e9norme doubl\u00e9 aux finales de Lillehammer","isPartOf":{"@id":"https:\/\/dicodusport.fr\/blog\/#website"},"primaryImageOfPage":{"@id":"https:\/\/dicodusport.fr\/blog\/apres-la-descente-le-super-g-dominik-paris-realise-un-enorme-double-aux-finales-de-lillehammer\/#primaryimage"},"image":{"@id":"https:\/\/dicodusport.fr\/blog\/apres-la-descente-le-super-g-dominik-paris-realise-un-enorme-double-aux-finales-de-lillehammer\/#primaryimage"},"thumbnailUrl":"https:\/\/dicodusport.fr\/blog\/wp-content\/uploads\/2026\/03\/Apres-la-descente-le-Super-G-Dominik-Paris-realise-un-enorme-double-aux-finales-de-Lillehammer.png","datePublished":"2026-03-22T12:27:13+00:00","dateModified":"2026-03-22T12:38:05+00:00","description":"COUPE DU MONDE DE SKI ALPIN 2025-2026 : Dominik Paris a remport\u00e9 le Super-G des finales de Lillehammer (Norv\u00e8ge), dimanche.","breadcrumb":{"@id":"https:\/\/dicodusport.fr\/blog\/apres-la-descente-le-super-g-dominik-paris-realise-un-enorme-double-aux-finales-de-lillehammer\/#breadcrumb"},"inLanguage":"fr-FR","potentialAction":[{"@type":"ReadAction","target":["https:\/\/dicodusport.fr\/blog\/apres-la-descente-le-super-g-dominik-paris-realise-un-enorme-double-aux-finales-de-lillehammer\/"]}]},{"@type":"ImageObject","inLanguage":"fr-FR","@id":"https:\/\/dicodusport.fr\/blog\/apres-la-descente-le-super-g-dominik-paris-realise-un-enorme-double-aux-finales-de-lillehammer\/#primaryimage","url":"https:\/\/dicodusport.fr\/blog\/wp-content\/uploads\/2026\/03\/Apres-la-descente-le-Super-G-Dominik-Paris-realise-un-enorme-double-aux-finales-de-Lillehammer.png","contentUrl":"https:\/\/dicodusport.fr\/blog\/wp-content\/uploads\/2026\/03\/Apres-la-descente-le-Super-G-Dominik-Paris-realise-un-enorme-double-aux-finales-de-Lillehammer.png","width":1200,"height":674,"caption":"Apr\u00e8s la descente, le Super-G Dominik Paris r\u00e9alise un \u00e9norme doubl\u00e9 aux finales de Lillehammer"},{"@type":"BreadcrumbList","@id":"https:\/\/dicodusport.fr\/blog\/apres-la-descente-le-super-g-dominik-paris-realise-un-enorme-double-aux-finales-de-lillehammer\/#breadcrumb","itemListElement":[{"@type":"ListItem","position":1,"name":"Accueil","item":"https:\/\/dicodusport.fr\/blog\/"},{"@type":"ListItem","position":2,"name":"Apr\u00e8s la descente, le Super-G : Dominik Paris r\u00e9alise un \u00e9norme doubl\u00e9 aux finales de Lillehammer"}]},{"@type":"WebSite","@id":"https:\/\/dicodusport.fr\/blog\/#website","url":"https:\/\/dicodusport.fr\/blog\/","name":"Dicodusport","description":"L&#039;encyclop\u00e9die de l&#039;actualit\u00e9 sportive","publisher":{"@id":"https:\/\/dicodusport.fr\/blog\/#organization"},"potentialAction":[{"@type":"SearchAction","target":{"@type":"EntryPoint","urlTemplate":"https:\/\/dicodusport.fr\/blog\/?s={search_term_string}"},"query-input":{"@type":"PropertyValueSpecification","valueRequired":true,"valueName":"search_term_string"}}],"inLanguage":"fr-FR"},{"@type":"NewsMediaOrganization","@id":"https:\/\/dicodusport.fr\/blog\/#organization","name":"Dicodusport","url":"https:\/\/dicodusport.fr\/blog\/","logo":{"@type":"ImageObject","inLanguage":"fr-FR","@id":"https:\/\/dicodusport.fr\/blog\/#\/schema\/logo\/image\/","url":"https:\/\/dicodusport.fr\/blog\/wp-content\/uploads\/2020\/06\/cropped-LOGO-DICODUSPORT-2020-SANS-FOND-SANS-TEXTE.png","contentUrl":"https:\/\/dicodusport.fr\/blog\/wp-content\/uploads\/2020\/06\/cropped-LOGO-DICODUSPORT-2020-SANS-FOND-SANS-TEXTE.png","width":512,"height":512,"caption":"Dicodusport"},"image":{"@id":"https:\/\/dicodusport.fr\/blog\/#\/schema\/logo\/image\/"},"sameAs":["https:\/\/www.facebook.com\/dicodusport","https:\/\/x.com\/dicodusport","https:\/\/www.instagram.com\/dicodusport\/","https:\/\/www.youtube.com\/channel\/UC7V2KZ5sd3htJivAbA4ZG3w"],"description":"Dicodusport est l'encyclop\u00e9die de l'actualit\u00e9 sportive.","email":"bonjour@dicodusport.fr","legalName":"DICODUSPORT","foundingDate":"2018-01-14","vatID":"FR71834470973","taxID":"83447097300043","numberOfEmployees":{"@type":"QuantitativeValue","minValue":"1","maxValue":"10"}},{"@type":"Person","@id":"https:\/\/dicodusport.fr\/blog\/#\/schema\/person\/6db4bae06b171592211be385b32876a7","name":"Emilien Descampiaux","image":{"@type":"ImageObject","inLanguage":"fr-FR","@id":"https:\/\/dicodusport.fr\/blog\/#\/schema\/person\/image\/","url":"https:\/\/dicodusport.fr\/blog\/wp-content\/uploads\/2021\/05\/Emilien-Descampiaux-150x150.jpg","contentUrl":"https:\/\/dicodusport.fr\/blog\/wp-content\/uploads\/2021\/05\/Emilien-Descampiaux-150x150.jpg","caption":"Emilien Descampiaux"},"description":"Journaliste\/r\u00e9dacteur depuis 2014 - Fan de la classe de Frank Vandenbroucke, je vis cyclisme (et de ses paysages) depuis plus de 20 ans. Je suis tr\u00e8s impliqu\u00e9 sur mes diff\u00e9rents r\u00e9seaux sociaux pour partager ma passion sur le monde et l'Histoire de la bicyclette avec ma voix sur les images en noir et blanc du succ\u00e8s de Rik Van Steenbergen lors du Ronde sur le V\u00e9lodrome de Gand.","sameAs":["https:\/\/www.facebook.com\/groups\/LesRoisDuPeloton","https:\/\/x.com\/https:\/\/twitter.com\/LRoisDuPeloton"],"url":"https:\/\/dicodusport.fr\/blog\/author\/emiliend\/"}]}},"_links":{"self":[{"href":"https:\/\/dicodusport.fr\/blog\/wp-json\/wp\/v2\/posts\/657501","targetHints":{"allow":["GET"]}}],"collection":[{"href":"https:\/\/dicodusport.fr\/blog\/wp-json\/wp\/v2\/posts"}],"about":[{"href":"https:\/\/dicodusport.fr\/blog\/wp-json\/wp\/v2\/types\/post"}],"author":[{"embeddable":true,"href":"https:\/\/dicodusport.fr\/blog\/wp-json\/wp\/v2\/users\/48"}],"replies":[{"embeddable":true,"href":"https:\/\/dicodusport.fr\/blog\/wp-json\/wp\/v2\/comments?post=657501"}],"version-history":[{"count":5,"href":"https:\/\/dicodusport.fr\/blog\/wp-json\/wp\/v2\/posts\/657501\/revisions"}],"predecessor-version":[{"id":657554,"href":"https:\/\/dicodusport.fr\/blog\/wp-json\/wp\/v2\/posts\/657501\/revisions\/657554"}],"wp:featuredmedia":[{"embeddable":true,"href":"https:\/\/dicodusport.fr\/blog\/wp-json\/wp\/v2\/media\/657547"}],"wp:attachment":[{"href":"https:\/\/dicodusport.fr\/blog\/wp-json\/wp\/v2\/media?parent=657501"}],"wp:term":[{"taxonomy":"category","embeddable":true,"href":"https:\/\/dicodusport.fr\/blog\/wp-json\/wp\/v2\/categories?post=657501"},{"taxonomy":"post_tag","embeddable":true,"href":"https:\/\/dicodusport.fr\/blog\/wp-json\/wp\/v2\/tags?post=657501"}],"curies":[{"name":"wp","href":"https:\/\/api.w.org\/{rel}","templated":true}]}}