{"id":657582,"date":"2026-03-22T19:07:48","date_gmt":"2026-03-22T18:07:48","guid":{"rendered":"https:\/\/dicodusport.fr\/blog\/?p=657582&#038;preview=true&#038;preview_id=657582"},"modified":"2026-03-23T20:23:30","modified_gmt":"2026-03-23T19:23:30","slug":"tour-de-catalogne-2026-a-quelle-heure-et-sur-quelle-chaine-suivre-la-course-en-direct","status":"publish","type":"post","link":"https:\/\/dicodusport.fr\/blog\/tour-de-catalogne-2026-a-quelle-heure-et-sur-quelle-chaine-suivre-la-course-en-direct\/","title":{"rendered":"Tour de Catalogne 2026 : \u00e0 quelle heure et sur quelle cha\u00eene suivre la course en direct ?"},"content":{"rendered":"<p style=\"text-align: justify;\"><em><strong>Cha\u00eenes TV, horaires, programme complet : tout savoir pour suivre le Tour de Catalogne 2026 en direct du 23 au 29 mars.\u00a0<\/strong><\/em><\/p>\n<ul>\n<li style=\"text-align: justify;\"><strong>\u00c0 ce sujet &#8211; <a href=\"https:\/\/dicodusport.fr\/blog\/actualites\/cyclisme\/\">L\u2019actualit\u00e9 du cyclisme<\/a><\/strong><\/li>\n<\/ul>\n<p style=\"text-align: justify;\">Le <strong>Tour de Catalogne 2026<\/strong> se d\u00e9roule du <strong>23 au 29 mars<\/strong> et s\u2019annonce une nouvelle fois comme l\u2019une des grandes courses par \u00e9tapes du d\u00e9but de saison. Inscrite au calendrier <strong>UCI WorldTour<\/strong>, l\u2019\u00e9preuve catalane proposera sept \u00e9tapes entre Sant Feliu de Gu\u00edxols et Barcelone, pour un total d\u2019un peu plus de <strong>1080 kilom\u00e8tres<\/strong>. Comme souvent, le parcours devrait offrir un terrain d\u2019expression id\u00e9al aux grimpeurs et aux sp\u00e9cialistes du classement g\u00e9n\u00e9ral.<\/p>\n<p style=\"text-align: justify;\">Plusieurs journ\u00e9es de montagne seront au programme, avec notamment trois arriv\u00e9es au sommet qui devraient jouer un r\u00f4le d\u00e9terminant dans la lutte pour la victoire finale. Les ascensions de <strong>Vallter<\/strong>, de <strong>La Molina \/ Coll de Pal<\/strong> et de <strong>Queralt<\/strong> devraient permettre de faire de grosses diff\u00e9rences entre les favoris, alors que la derni\u00e8re \u00e9tape autour de Barcelone promet encore une course nerveuse sur le circuit du Montju\u00efc.<\/p>\n<div class=\"vlp-link-container vlp-layout-article\"><a href=\"https:\/\/dicodusport.fr\/blog\/tour-de-catalogne-2026-le-parcours-complet-et-le-profil-des-7-etapes\/\" class=\"vlp-link\" title=\"Tour de Catalogne 2026 : le parcours complet et le profil des 7 \u00e9tapes\"><\/a><div class=\"vlp-layout-zone-side\"><div class=\"vlp-block-4 vlp-link-image\"><img loading=\"lazy\" decoding=\"async\" style=\"max-width: 792px;\" width=\"792\" height=\"445\" src=\"https:\/\/dicodusport.fr\/blog\/wp-content\/uploads\/2026\/03\/Tour-de-Catalogne-2026-le-parcours-complet-et-le-profil-des-7-etapes.png\" class=\"attachment-800x445 size-800x445\" alt=\"Tour de Catalogne 2026 le parcours complet et le profil des 7 \u00e9tapes\" srcset=\"https:\/\/dicodusport.fr\/blog\/wp-content\/uploads\/2026\/03\/Tour-de-Catalogne-2026-le-parcours-complet-et-le-profil-des-7-etapes.png 1200w, https:\/\/dicodusport.fr\/blog\/wp-content\/uploads\/2026\/03\/Tour-de-Catalogne-2026-le-parcours-complet-et-le-profil-des-7-etapes-300x169.png 300w, https:\/\/dicodusport.fr\/blog\/wp-content\/uploads\/2026\/03\/Tour-de-Catalogne-2026-le-parcours-complet-et-le-profil-des-7-etapes-1024x575.png 1024w, https:\/\/dicodusport.fr\/blog\/wp-content\/uploads\/2026\/03\/Tour-de-Catalogne-2026-le-parcours-complet-et-le-profil-des-7-etapes-768x431.png 768w\" sizes=\"auto, (max-width: 792px) 100vw, 792px\" \/><\/div><\/div><div class=\"vlp-layout-zone-main\"><div class=\"vlp-block-0 vlp-link-title\">Tour de Catalogne 2026 : le parcours complet et le profil des 7 \u00e9tapes<\/div><div class=\"vlp-block-1 vlp-link-summary\">Tour de Catalogne 2026 : d\u00e9couvrez le parcours complet et les profils des 7 \u00e9tapes, avec trois arriv\u00e9es au sommet et des \u00e9tapes d\u00e9cisives pour les grimpeurs.<\/div><div class=\"vlp-block-2 vlp-link-button\">Lire l'article<\/div><div class=\"vlp-block-3 vlp-link-url\">dicodusport.fr<\/div><\/div><\/div>\n<h2 style=\"text-align: justify;\">Tour de Catalogne 2026 : des favoris de tr\u00e8s haut niveau au d\u00e9part<\/h2>\n<p style=\"text-align: justify;\">Le plateau annonc\u00e9 au d\u00e9part est particuli\u00e8rement relev\u00e9 avec la pr\u00e9sence de plusieurs grands noms du peloton international. Le double vainqueur du Tour de France <strong>Jonas Vingegaard<\/strong>, <a href=\"https:\/\/dicodusport.fr\/blog\/classement-general-paris-nice-2026-mis-a-jour\/\">vainqueur du classement g\u00e9n\u00e9ral de Paris-Nice<\/a>,\u00a0figure parmi les principaux pr\u00e9tendants \u00e0 la victoire finale, tout comme <strong>Remco Evenepoel<\/strong>, redoutable sur les parcours montagneux et explosifs.<\/p>\n<p style=\"text-align: justify;\">Face \u00e0 eux, la concurrence s\u2019annonce particuli\u00e8rement dense. <strong>Jo\u00e3o Almeida<\/strong> fait partie des outsiders les plus s\u00e9rieux, tandis que <strong>Tom Pidcock<\/strong> pourrait profiter des \u00e9tapes vallonn\u00e9es et explosives pour jouer les trouble-f\u00eate. Des coureurs comme <strong>Enric Mas<\/strong>, <strong>Carlos Rodr\u00edguez<\/strong>,<strong> Lenny Martinez<\/strong>\u00a0ou encore <strong>Florian Lipowitz<\/strong> pourraient \u00e9galement se m\u00ealer \u00e0 la bataille pour le classement g\u00e9n\u00e9ral.<\/p>\n<p style=\"text-align: justify;\">Avec un parcours exigeant et un plateau particuli\u00e8rement dense, cette 105\u00e8me \u00e9dition du Tour de Catalogne promet une semaine de course intense sur les routes catalanes.<\/p>\n<ul>\n<li style=\"text-align: justify;\"><strong>\u00c0 ce sujet &#8211; <a href=\"https:\/\/dicodusport.fr\/blog\/tour-de-catalogne-2026-les-favoris-et-la-startlist-complete\/\">Tour de Catalogne 2026 : les favoris et la startlist compl\u00e8te<\/a><\/strong><\/li>\n<\/ul>\n<h2 style=\"text-align: justify;\">Comment suivre le Tour de Catalogne 2026 \u00e0 la t\u00e9l\u00e9vision ?<\/h2>\n<p style=\"text-align: justify;\">Le <strong>Tour de Catalogne 2026<\/strong>, disput\u00e9 du <strong>23 au 29 mars<\/strong>, fait partie des grandes courses par \u00e9tapes du d\u00e9but de saison sur le calendrier WorldTour. Durant une semaine, le peloton sillonnera les routes catalanes avec plusieurs \u00e9tapes cl\u00e9s pour les pr\u00e9tendants au classement g\u00e9n\u00e9ral.<\/p>\n<p style=\"text-align: justify;\">L\u2019int\u00e9gralit\u00e9 de l\u2019\u00e9preuve sera retransmise <strong>en direct chaque jour<\/strong>. En France, les images seront diffus\u00e9es sur <strong>Eurosport 2<\/strong> ainsi que sur la plateforme de streaming <strong>HBO Max<\/strong>. Les t\u00e9l\u00e9spectateurs belges pourront \u00e9galement suivre la course sur <strong>Tipik<\/strong> et via la plateforme num\u00e9rique <strong>Auvio<\/strong>.<\/p>\n<ul>\n<li style=\"text-align: justify;\"><strong>\u00c0 ce sujet \u2013\u00a0<a href=\"https:\/\/dicodusport.fr\/blog\/classement-general-tour-de-catalogne-2026-mis-a-jour\/\">Classement g\u00e9n\u00e9ral Tour de Catalogne 2026 mis \u00e0 jour<\/a><\/strong><\/li>\n<\/ul>\n<h3 style=\"text-align: justify;\">Le programme TV complet des \u00e9tapes<\/h3>\n<p><strong>Lundi 23 mars \u2013 \u00c9tape 1 :<\/strong> Sant Feliu de Gu\u00edxols \u2192 Sant Feliu de Gu\u00edxols (172,6 km)<\/p>\n<ul>\n<li>Eurosport 2 \/ HBO Max : diffusion en direct d\u00e8s <strong>15h20<\/strong><\/li>\n<li>Tipik \/ Auvio : direct \u00e0 partir de <strong>15h20<\/strong><\/li>\n<\/ul>\n<p><strong>Mardi 24 mars \u2013 \u00c9tape 2 :<\/strong> Figueres \u2192 Banyoles (167,4 km)<\/p>\n<ul>\n<li>Eurosport 2 \/ HBO Max : direct \u00e0 <strong>15h20<\/strong><\/li>\n<li>Tipik \/ Auvio : direct \u00e0 <strong>15h20<\/strong><\/li>\n<\/ul>\n<p><strong>Mercredi 25 mars \u2013 \u00c9tape 3 :<\/strong> Mont-roig del Camp \u2192 Vila-seca (159,5 km)<\/p>\n<ul>\n<li>Eurosport 2 \/ HBO Max : en direct d\u00e8s <strong>15h20<\/strong><\/li>\n<li>Tipik \/ Auvio : en direct d\u00e8s <strong>15h20<\/strong><\/li>\n<\/ul>\n<p><strong>Jeudi 26 mars \u2013 \u00c9tape 4 :<\/strong> Matar\u00f3 \u2192 Vallter (173 km)<\/p>\n<ul>\n<li>Eurosport 2 \/ HBO Max : direct \u00e0 partir de <strong>15h20<\/strong><\/li>\n<li>Tipik \/ Auvio : direct \u00e0 partir de <strong>15h20<\/strong><\/li>\n<\/ul>\n<p><strong>Vendredi 27 mars \u2013 \u00c9tape 5 :<\/strong> La Seu d\u2019Urgell \u2192 La Molina (155,3 km)<\/p>\n<ul>\n<li>Eurosport 2 \/ HBO Max : prise d\u2019antenne \u00e0 <strong>14h20<\/strong><\/li>\n<li>Tipik \/ Auvio : direct \u00e0 <strong>15h20<\/strong><\/li>\n<\/ul>\n<p><strong>Samedi 28 mars \u2013 \u00c9tape 6 :<\/strong> Berga \u2192 Queralt (158,2 km)<\/p>\n<ul>\n<li>Eurosport 2 \/ HBO Max : direct d\u00e8s <strong>15h20<\/strong><\/li>\n<li>Tipik \/ Auvio : direct d\u00e8s <strong>15h20<\/strong><\/li>\n<\/ul>\n<p><strong>Dimanche 29 mars \u2013 \u00c9tape 7 :<\/strong> Barcelone \u2192 Barcelone (95,1 km)<\/p>\n<ul style=\"text-align: justify;\">\n<li>Eurosport 2 \/ HBO Max : diffusion en direct \u00e0 partir de <strong>12h20<\/strong><\/li>\n<li>Tipik \/ Auvio : diffusion en direct \u00e0 partir de <strong>12h20<\/strong><\/li>\n<\/ul>\n<hr \/>\n<h2 style=\"text-align: justify;\">Palmar\u00e8s r\u00e9cent du Tour de Catalogne<\/h2>\n<p style=\"text-align: justify;\"><strong>2025 :<\/strong> ROGLI\u010c Primo\u017e &#8211; <a href=\"https:\/\/dicodusport.fr\/blog\/classement-general-tour-de-catalogne-2025\/\"><em>Classement g\u00e9n\u00e9ral<\/em><\/a><\/p>\n<p style=\"text-align: justify;\"><strong>2024 :<\/strong> POGA\u010cAR Tadej &#8211; <a href=\"https:\/\/dicodusport.fr\/blog\/tour-de-catalogne-2024-classement-general\/\"><em>Classement g\u00e9n\u00e9ral<\/em><\/a><\/p>\n<p style=\"text-align: justify;\"><strong>2023 :<\/strong> ROGLI\u010c Primo\u017e &#8211; <a href=\"https:\/\/dicodusport.fr\/blog\/tour-de-catalogne-2023-classement-general\/\"><em>Classement g\u00e9n\u00e9ral<\/em><\/a><\/p>\n<p style=\"text-align: justify;\"><strong>2022 :<\/strong> HIGUITA Sergio &#8211; <a href=\"https:\/\/dicodusport.fr\/blog\/tour-de-catalogne-2022-classement-general\/\"><em>Classement g\u00e9n\u00e9ral<\/em><\/a><\/p>\n<p style=\"text-align: justify;\"><strong>2021 :<\/strong> YATES Adam &#8211; <a href=\"https:\/\/dicodusport.fr\/blog\/tour-de-catalogne-2021-classement-general\/\"><em>Classement g\u00e9n\u00e9ral<\/em><\/a><\/p>\n<p style=\"text-align: justify;\"><strong>2019 :<\/strong> L\u00d3PEZ Miguel \u00c1ngel<\/p>\n<p style=\"text-align: justify;\"><strong>2018 :<\/strong> VALVERDE Alejandro<\/p>\n<p style=\"text-align: justify;\"><strong>2017 :<\/strong> VALVERDE Alejandro<\/p>\n<p style=\"text-align: justify;\"><strong>2016 :<\/strong> QUINTANA Nairo<\/p>\n<p style=\"text-align: justify;\"><strong>2015 :<\/strong> PORTE Richie<\/p>\n<p style=\"text-align: justify;\"><strong>2014 :<\/strong> RODR\u00cdGUEZ Joaquim<\/p>\n<p>&nbsp;<\/p>\n","protected":false},"excerpt":{"rendered":"<p>Cha\u00eenes TV, horaires, programme complet : tout savoir pour suivre le Tour de Catalogne 2026 en direct du 23 au 29 mars.<\/p>\n","protected":false},"author":4,"featured_media":657714,"comment_status":"open","ping_status":"closed","sticky":false,"template":"","format":"standard","meta":{"_acf_changed":false,"_daextam_enable_autolinks":"1","footnotes":""},"categories":[44295,46994],"tags":[32415,16878,574,11197,7488],"class_list":["post-657582","post","type-post","status-publish","format-standard","has-post-thumbnail","hentry","category-chaine-tv","category-cyclisme-sur-route","tag-actu","tag-breve","tag-cyclisme","tag-cyclisme-sur-route","tag-tour-de-catalogne"],"acf":[],"yoast_head":"<!-- This site is optimized with the Yoast SEO Premium plugin v26.7 (Yoast SEO v26.7) - https:\/\/yoast.com\/wordpress\/plugins\/seo\/ -->\n<title>Tour de Catalogne 2026 : \u00e0 quelle heure et sur quelle cha\u00eene suivre la course en direct ?<\/title>\n<meta name=\"description\" content=\"Cha\u00eenes TV, horaires, programme complet : tout savoir pour suivre le Tour de Catalogne 2026 en direct du 23 au 29 mars.\" \/>\n<meta name=\"robots\" content=\"index, follow, max-snippet:-1, max-image-preview:large, max-video-preview:-1\" \/>\n<link rel=\"canonical\" href=\"https:\/\/dicodusport.fr\/blog\/tour-de-catalogne-2026-a-quelle-heure-et-sur-quelle-chaine-suivre-la-course-en-direct\/\" \/>\n<meta property=\"og:locale\" content=\"fr_FR\" \/>\n<meta property=\"og:type\" content=\"article\" \/>\n<meta property=\"og:title\" content=\"Tour de Catalogne 2026 : \u00e0 quelle heure et sur quelle cha\u00eene suivre la course en direct ?\" \/>\n<meta property=\"og:description\" content=\"Cha\u00eenes TV, horaires, programme complet : tout savoir pour suivre le Tour de Catalogne 2026 en direct du 23 au 29 mars.\" \/>\n<meta property=\"og:url\" content=\"https:\/\/dicodusport.fr\/blog\/tour-de-catalogne-2026-a-quelle-heure-et-sur-quelle-chaine-suivre-la-course-en-direct\/\" \/>\n<meta property=\"og:site_name\" content=\"Dicodusport\" \/>\n<meta property=\"article:publisher\" content=\"https:\/\/www.facebook.com\/dicodusport\" \/>\n<meta property=\"article:author\" content=\"https:\/\/www.facebook.com\/florent.ostermann\" \/>\n<meta property=\"article:published_time\" content=\"2026-03-22T18:07:48+00:00\" \/>\n<meta property=\"article:modified_time\" content=\"2026-03-23T19:23:30+00:00\" \/>\n<meta property=\"og:image\" content=\"https:\/\/dicodusport.fr\/blog\/wp-content\/uploads\/2026\/03\/Tour-de-Catalogne-2026-a-quelle-heure-et-sur-quelle-chaine-suivre-la-course-en-direct-.png\" \/>\n\t<meta property=\"og:image:width\" content=\"1200\" \/>\n\t<meta property=\"og:image:height\" content=\"674\" \/>\n\t<meta property=\"og:image:type\" content=\"image\/png\" \/>\n<meta name=\"author\" content=\"Flo Ostermann\" \/>\n<meta name=\"twitter:card\" content=\"summary_large_image\" \/>\n<meta name=\"twitter:title\" content=\"Tour de Catalogne 2026 : \u00e0 quelle heure et sur quelle cha\u00eene suivre la course en direct ?\" \/>\n<meta name=\"twitter:creator\" content=\"@https:\/\/twitter.com\/FlOstermann\" \/>\n<meta name=\"twitter:site\" content=\"@dicodusport\" \/>\n<script type=\"application\/ld+json\" class=\"yoast-schema-graph\">{\"@context\":\"https:\/\/schema.org\",\"@graph\":[{\"@type\":\"NewsArticle\",\"@id\":\"https:\/\/dicodusport.fr\/blog\/tour-de-catalogne-2026-a-quelle-heure-et-sur-quelle-chaine-suivre-la-course-en-direct\/#article\",\"isPartOf\":{\"@id\":\"https:\/\/dicodusport.fr\/blog\/tour-de-catalogne-2026-a-quelle-heure-et-sur-quelle-chaine-suivre-la-course-en-direct\/\"},\"author\":{\"name\":\"Flo Ostermann\",\"@id\":\"https:\/\/dicodusport.fr\/blog\/#\/schema\/person\/cb02af4c173ce4a653b55e9baf388d4a\"},\"headline\":\"Tour de Catalogne 2026 : \u00e0 quelle heure et sur quelle cha\u00eene suivre la course en direct ?\",\"datePublished\":\"2026-03-22T18:07:48+00:00\",\"dateModified\":\"2026-03-23T19:23:30+00:00\",\"mainEntityOfPage\":{\"@id\":\"https:\/\/dicodusport.fr\/blog\/tour-de-catalogne-2026-a-quelle-heure-et-sur-quelle-chaine-suivre-la-course-en-direct\/\"},\"wordCount\":774,\"commentCount\":0,\"publisher\":{\"@id\":\"https:\/\/dicodusport.fr\/blog\/#organization\"},\"image\":{\"@id\":\"https:\/\/dicodusport.fr\/blog\/tour-de-catalogne-2026-a-quelle-heure-et-sur-quelle-chaine-suivre-la-course-en-direct\/#primaryimage\"},\"thumbnailUrl\":\"https:\/\/dicodusport.fr\/blog\/wp-content\/uploads\/2026\/03\/Tour-de-Catalogne-2026-a-quelle-heure-et-sur-quelle-chaine-suivre-la-course-en-direct-.png\",\"keywords\":[\"actu\",\"br\u00e8ve\",\"Cyclisme\",\"Cyclisme sur route\",\"Tour de Catalogne\"],\"articleSection\":[\"Cha\u00eene TV\",\"Cyclisme sur route\"],\"inLanguage\":\"fr-FR\",\"potentialAction\":[{\"@type\":\"CommentAction\",\"name\":\"Comment\",\"target\":[\"https:\/\/dicodusport.fr\/blog\/tour-de-catalogne-2026-a-quelle-heure-et-sur-quelle-chaine-suivre-la-course-en-direct\/#respond\"]}],\"copyrightYear\":\"2026\",\"copyrightHolder\":{\"@id\":\"https:\/\/dicodusport.fr\/blog\/#organization\"}},{\"@type\":\"WebPage\",\"@id\":\"https:\/\/dicodusport.fr\/blog\/tour-de-catalogne-2026-a-quelle-heure-et-sur-quelle-chaine-suivre-la-course-en-direct\/\",\"url\":\"https:\/\/dicodusport.fr\/blog\/tour-de-catalogne-2026-a-quelle-heure-et-sur-quelle-chaine-suivre-la-course-en-direct\/\",\"name\":\"Tour de Catalogne 2026 : \u00e0 quelle heure et sur quelle cha\u00eene suivre la course en direct ?\",\"isPartOf\":{\"@id\":\"https:\/\/dicodusport.fr\/blog\/#website\"},\"primaryImageOfPage\":{\"@id\":\"https:\/\/dicodusport.fr\/blog\/tour-de-catalogne-2026-a-quelle-heure-et-sur-quelle-chaine-suivre-la-course-en-direct\/#primaryimage\"},\"image\":{\"@id\":\"https:\/\/dicodusport.fr\/blog\/tour-de-catalogne-2026-a-quelle-heure-et-sur-quelle-chaine-suivre-la-course-en-direct\/#primaryimage\"},\"thumbnailUrl\":\"https:\/\/dicodusport.fr\/blog\/wp-content\/uploads\/2026\/03\/Tour-de-Catalogne-2026-a-quelle-heure-et-sur-quelle-chaine-suivre-la-course-en-direct-.png\",\"datePublished\":\"2026-03-22T18:07:48+00:00\",\"dateModified\":\"2026-03-23T19:23:30+00:00\",\"description\":\"Cha\u00eenes TV, horaires, programme complet : tout savoir pour suivre le Tour de Catalogne 2026 en direct du 23 au 29 mars.\",\"breadcrumb\":{\"@id\":\"https:\/\/dicodusport.fr\/blog\/tour-de-catalogne-2026-a-quelle-heure-et-sur-quelle-chaine-suivre-la-course-en-direct\/#breadcrumb\"},\"inLanguage\":\"fr-FR\",\"potentialAction\":[{\"@type\":\"ReadAction\",\"target\":[\"https:\/\/dicodusport.fr\/blog\/tour-de-catalogne-2026-a-quelle-heure-et-sur-quelle-chaine-suivre-la-course-en-direct\/\"]}]},{\"@type\":\"ImageObject\",\"inLanguage\":\"fr-FR\",\"@id\":\"https:\/\/dicodusport.fr\/blog\/tour-de-catalogne-2026-a-quelle-heure-et-sur-quelle-chaine-suivre-la-course-en-direct\/#primaryimage\",\"url\":\"https:\/\/dicodusport.fr\/blog\/wp-content\/uploads\/2026\/03\/Tour-de-Catalogne-2026-a-quelle-heure-et-sur-quelle-chaine-suivre-la-course-en-direct-.png\",\"contentUrl\":\"https:\/\/dicodusport.fr\/blog\/wp-content\/uploads\/2026\/03\/Tour-de-Catalogne-2026-a-quelle-heure-et-sur-quelle-chaine-suivre-la-course-en-direct-.png\",\"width\":1200,\"height\":674,\"caption\":\"Tour de Catalogne 2026 \u00e0 quelle heure et sur quelle cha\u00eene suivre la course en direct\"},{\"@type\":\"BreadcrumbList\",\"@id\":\"https:\/\/dicodusport.fr\/blog\/tour-de-catalogne-2026-a-quelle-heure-et-sur-quelle-chaine-suivre-la-course-en-direct\/#breadcrumb\",\"itemListElement\":[{\"@type\":\"ListItem\",\"position\":1,\"name\":\"Accueil\",\"item\":\"https:\/\/dicodusport.fr\/blog\/\"},{\"@type\":\"ListItem\",\"position\":2,\"name\":\"Tour de Catalogne 2026 : \u00e0 quelle heure et sur quelle cha\u00eene suivre la course en direct ?\"}]},{\"@type\":\"WebSite\",\"@id\":\"https:\/\/dicodusport.fr\/blog\/#website\",\"url\":\"https:\/\/dicodusport.fr\/blog\/\",\"name\":\"Dicodusport\",\"description\":\"L&#039;encyclop\u00e9die de l&#039;actualit\u00e9 sportive\",\"publisher\":{\"@id\":\"https:\/\/dicodusport.fr\/blog\/#organization\"},\"potentialAction\":[{\"@type\":\"SearchAction\",\"target\":{\"@type\":\"EntryPoint\",\"urlTemplate\":\"https:\/\/dicodusport.fr\/blog\/?s={search_term_string}\"},\"query-input\":{\"@type\":\"PropertyValueSpecification\",\"valueRequired\":true,\"valueName\":\"search_term_string\"}}],\"inLanguage\":\"fr-FR\"},{\"@type\":\"NewsMediaOrganization\",\"@id\":\"https:\/\/dicodusport.fr\/blog\/#organization\",\"name\":\"Dicodusport\",\"url\":\"https:\/\/dicodusport.fr\/blog\/\",\"logo\":{\"@type\":\"ImageObject\",\"inLanguage\":\"fr-FR\",\"@id\":\"https:\/\/dicodusport.fr\/blog\/#\/schema\/logo\/image\/\",\"url\":\"https:\/\/dicodusport.fr\/blog\/wp-content\/uploads\/2020\/06\/cropped-LOGO-DICODUSPORT-2020-SANS-FOND-SANS-TEXTE.png\",\"contentUrl\":\"https:\/\/dicodusport.fr\/blog\/wp-content\/uploads\/2020\/06\/cropped-LOGO-DICODUSPORT-2020-SANS-FOND-SANS-TEXTE.png\",\"width\":512,\"height\":512,\"caption\":\"Dicodusport\"},\"image\":{\"@id\":\"https:\/\/dicodusport.fr\/blog\/#\/schema\/logo\/image\/\"},\"sameAs\":[\"https:\/\/www.facebook.com\/dicodusport\",\"https:\/\/x.com\/dicodusport\",\"https:\/\/www.instagram.com\/dicodusport\/\",\"https:\/\/www.youtube.com\/channel\/UC7V2KZ5sd3htJivAbA4ZG3w\"],\"description\":\"Dicodusport est l'encyclop\u00e9die de l'actualit\u00e9 sportive.\",\"email\":\"bonjour@dicodusport.fr\",\"legalName\":\"DICODUSPORT\",\"foundingDate\":\"2018-01-14\",\"vatID\":\"FR71834470973\",\"taxID\":\"83447097300043\",\"numberOfEmployees\":{\"@type\":\"QuantitativeValue\",\"minValue\":\"1\",\"maxValue\":\"10\"}},{\"@type\":\"Person\",\"@id\":\"https:\/\/dicodusport.fr\/blog\/#\/schema\/person\/cb02af4c173ce4a653b55e9baf388d4a\",\"name\":\"Flo Ostermann\",\"image\":{\"@type\":\"ImageObject\",\"inLanguage\":\"fr-FR\",\"@id\":\"https:\/\/dicodusport.fr\/blog\/#\/schema\/person\/image\/\",\"url\":\"https:\/\/dicodusport.fr\/blog\/wp-content\/uploads\/2021\/05\/Flo-Ostermann-150x150.jpg\",\"contentUrl\":\"https:\/\/dicodusport.fr\/blog\/wp-content\/uploads\/2021\/05\/Flo-Ostermann-150x150.jpg\",\"caption\":\"Flo Ostermann\"},\"description\":\"Journaliste\/R\u00e9dacteur depuis septembre 2015 - Mes premiers souvenirs dans le sport ? Les envol\u00e9es du Stade Toulousain et les duels Villeneuve-Schumacher et H\u00e4kkinen-Schumacher \u00e0 la fin des ann\u00e9es 90, la Coupe du monde de football en 1998, l\u2019exploit du XV de France face aux All Blacks en 1999, mais aussi Richard C\u0153ur de Lion qui vole sur les montagnes du Tour de France. Bien parti pour devenir professeur d\u2019EPS, les \u00e9v\u00e9nements de la vie (et la flemme d\u2019animer des s\u00e9ances de 3x500 m\u00e8tres toute ma vie) m\u2019ont conduit \u00e0 revoir mes plans. Me voil\u00e0 depuis fin 2017 sur Dicodusport, m\u00e9dia gr\u00e2ce (et pour) lequel je partage ma passion : le sport dans tous ses \u00e9tats. Le tout accompagn\u00e9 par les fous furieux et folles furieuses cit\u00e9s sur cette page !\",\"sameAs\":[\"https:\/\/www.facebook.com\/florent.ostermann\",\"https:\/\/x.com\/https:\/\/twitter.com\/FlOstermann\",\"admin\"],\"url\":\"https:\/\/dicodusport.fr\/blog\/author\/flo\/\"}]}<\/script>\n<!-- \/ Yoast SEO Premium plugin. -->","yoast_head_json":{"title":"Tour de Catalogne 2026 : \u00e0 quelle heure et sur quelle cha\u00eene suivre la course en direct ?","description":"Cha\u00eenes TV, horaires, programme complet : tout savoir pour suivre le Tour de Catalogne 2026 en direct du 23 au 29 mars.","robots":{"index":"index","follow":"follow","max-snippet":"max-snippet:-1","max-image-preview":"max-image-preview:large","max-video-preview":"max-video-preview:-1"},"canonical":"https:\/\/dicodusport.fr\/blog\/tour-de-catalogne-2026-a-quelle-heure-et-sur-quelle-chaine-suivre-la-course-en-direct\/","og_locale":"fr_FR","og_type":"article","og_title":"Tour de Catalogne 2026 : \u00e0 quelle heure et sur quelle cha\u00eene suivre la course en direct ?","og_description":"Cha\u00eenes TV, horaires, programme complet : tout savoir pour suivre le Tour de Catalogne 2026 en direct du 23 au 29 mars.","og_url":"https:\/\/dicodusport.fr\/blog\/tour-de-catalogne-2026-a-quelle-heure-et-sur-quelle-chaine-suivre-la-course-en-direct\/","og_site_name":"Dicodusport","article_publisher":"https:\/\/www.facebook.com\/dicodusport","article_author":"https:\/\/www.facebook.com\/florent.ostermann","article_published_time":"2026-03-22T18:07:48+00:00","article_modified_time":"2026-03-23T19:23:30+00:00","og_image":[{"width":1200,"height":674,"url":"https:\/\/dicodusport.fr\/blog\/wp-content\/uploads\/2026\/03\/Tour-de-Catalogne-2026-a-quelle-heure-et-sur-quelle-chaine-suivre-la-course-en-direct-.png","type":"image\/png"}],"author":"Flo Ostermann","twitter_card":"summary_large_image","twitter_title":"Tour de Catalogne 2026 : \u00e0 quelle heure et sur quelle cha\u00eene suivre la course en direct ?","twitter_creator":"@https:\/\/twitter.com\/FlOstermann","twitter_site":"@dicodusport","schema":{"@context":"https:\/\/schema.org","@graph":[{"@type":"NewsArticle","@id":"https:\/\/dicodusport.fr\/blog\/tour-de-catalogne-2026-a-quelle-heure-et-sur-quelle-chaine-suivre-la-course-en-direct\/#article","isPartOf":{"@id":"https:\/\/dicodusport.fr\/blog\/tour-de-catalogne-2026-a-quelle-heure-et-sur-quelle-chaine-suivre-la-course-en-direct\/"},"author":{"name":"Flo Ostermann","@id":"https:\/\/dicodusport.fr\/blog\/#\/schema\/person\/cb02af4c173ce4a653b55e9baf388d4a"},"headline":"Tour de Catalogne 2026 : \u00e0 quelle heure et sur quelle cha\u00eene suivre la course en direct ?","datePublished":"2026-03-22T18:07:48+00:00","dateModified":"2026-03-23T19:23:30+00:00","mainEntityOfPage":{"@id":"https:\/\/dicodusport.fr\/blog\/tour-de-catalogne-2026-a-quelle-heure-et-sur-quelle-chaine-suivre-la-course-en-direct\/"},"wordCount":774,"commentCount":0,"publisher":{"@id":"https:\/\/dicodusport.fr\/blog\/#organization"},"image":{"@id":"https:\/\/dicodusport.fr\/blog\/tour-de-catalogne-2026-a-quelle-heure-et-sur-quelle-chaine-suivre-la-course-en-direct\/#primaryimage"},"thumbnailUrl":"https:\/\/dicodusport.fr\/blog\/wp-content\/uploads\/2026\/03\/Tour-de-Catalogne-2026-a-quelle-heure-et-sur-quelle-chaine-suivre-la-course-en-direct-.png","keywords":["actu","br\u00e8ve","Cyclisme","Cyclisme sur route","Tour de Catalogne"],"articleSection":["Cha\u00eene TV","Cyclisme sur route"],"inLanguage":"fr-FR","potentialAction":[{"@type":"CommentAction","name":"Comment","target":["https:\/\/dicodusport.fr\/blog\/tour-de-catalogne-2026-a-quelle-heure-et-sur-quelle-chaine-suivre-la-course-en-direct\/#respond"]}],"copyrightYear":"2026","copyrightHolder":{"@id":"https:\/\/dicodusport.fr\/blog\/#organization"}},{"@type":"WebPage","@id":"https:\/\/dicodusport.fr\/blog\/tour-de-catalogne-2026-a-quelle-heure-et-sur-quelle-chaine-suivre-la-course-en-direct\/","url":"https:\/\/dicodusport.fr\/blog\/tour-de-catalogne-2026-a-quelle-heure-et-sur-quelle-chaine-suivre-la-course-en-direct\/","name":"Tour de Catalogne 2026 : \u00e0 quelle heure et sur quelle cha\u00eene suivre la course en direct ?","isPartOf":{"@id":"https:\/\/dicodusport.fr\/blog\/#website"},"primaryImageOfPage":{"@id":"https:\/\/dicodusport.fr\/blog\/tour-de-catalogne-2026-a-quelle-heure-et-sur-quelle-chaine-suivre-la-course-en-direct\/#primaryimage"},"image":{"@id":"https:\/\/dicodusport.fr\/blog\/tour-de-catalogne-2026-a-quelle-heure-et-sur-quelle-chaine-suivre-la-course-en-direct\/#primaryimage"},"thumbnailUrl":"https:\/\/dicodusport.fr\/blog\/wp-content\/uploads\/2026\/03\/Tour-de-Catalogne-2026-a-quelle-heure-et-sur-quelle-chaine-suivre-la-course-en-direct-.png","datePublished":"2026-03-22T18:07:48+00:00","dateModified":"2026-03-23T19:23:30+00:00","description":"Cha\u00eenes TV, horaires, programme complet : tout savoir pour suivre le Tour de Catalogne 2026 en direct du 23 au 29 mars.","breadcrumb":{"@id":"https:\/\/dicodusport.fr\/blog\/tour-de-catalogne-2026-a-quelle-heure-et-sur-quelle-chaine-suivre-la-course-en-direct\/#breadcrumb"},"inLanguage":"fr-FR","potentialAction":[{"@type":"ReadAction","target":["https:\/\/dicodusport.fr\/blog\/tour-de-catalogne-2026-a-quelle-heure-et-sur-quelle-chaine-suivre-la-course-en-direct\/"]}]},{"@type":"ImageObject","inLanguage":"fr-FR","@id":"https:\/\/dicodusport.fr\/blog\/tour-de-catalogne-2026-a-quelle-heure-et-sur-quelle-chaine-suivre-la-course-en-direct\/#primaryimage","url":"https:\/\/dicodusport.fr\/blog\/wp-content\/uploads\/2026\/03\/Tour-de-Catalogne-2026-a-quelle-heure-et-sur-quelle-chaine-suivre-la-course-en-direct-.png","contentUrl":"https:\/\/dicodusport.fr\/blog\/wp-content\/uploads\/2026\/03\/Tour-de-Catalogne-2026-a-quelle-heure-et-sur-quelle-chaine-suivre-la-course-en-direct-.png","width":1200,"height":674,"caption":"Tour de Catalogne 2026 \u00e0 quelle heure et sur quelle cha\u00eene suivre la course en direct"},{"@type":"BreadcrumbList","@id":"https:\/\/dicodusport.fr\/blog\/tour-de-catalogne-2026-a-quelle-heure-et-sur-quelle-chaine-suivre-la-course-en-direct\/#breadcrumb","itemListElement":[{"@type":"ListItem","position":1,"name":"Accueil","item":"https:\/\/dicodusport.fr\/blog\/"},{"@type":"ListItem","position":2,"name":"Tour de Catalogne 2026 : \u00e0 quelle heure et sur quelle cha\u00eene suivre la course en direct ?"}]},{"@type":"WebSite","@id":"https:\/\/dicodusport.fr\/blog\/#website","url":"https:\/\/dicodusport.fr\/blog\/","name":"Dicodusport","description":"L&#039;encyclop\u00e9die de l&#039;actualit\u00e9 sportive","publisher":{"@id":"https:\/\/dicodusport.fr\/blog\/#organization"},"potentialAction":[{"@type":"SearchAction","target":{"@type":"EntryPoint","urlTemplate":"https:\/\/dicodusport.fr\/blog\/?s={search_term_string}"},"query-input":{"@type":"PropertyValueSpecification","valueRequired":true,"valueName":"search_term_string"}}],"inLanguage":"fr-FR"},{"@type":"NewsMediaOrganization","@id":"https:\/\/dicodusport.fr\/blog\/#organization","name":"Dicodusport","url":"https:\/\/dicodusport.fr\/blog\/","logo":{"@type":"ImageObject","inLanguage":"fr-FR","@id":"https:\/\/dicodusport.fr\/blog\/#\/schema\/logo\/image\/","url":"https:\/\/dicodusport.fr\/blog\/wp-content\/uploads\/2020\/06\/cropped-LOGO-DICODUSPORT-2020-SANS-FOND-SANS-TEXTE.png","contentUrl":"https:\/\/dicodusport.fr\/blog\/wp-content\/uploads\/2020\/06\/cropped-LOGO-DICODUSPORT-2020-SANS-FOND-SANS-TEXTE.png","width":512,"height":512,"caption":"Dicodusport"},"image":{"@id":"https:\/\/dicodusport.fr\/blog\/#\/schema\/logo\/image\/"},"sameAs":["https:\/\/www.facebook.com\/dicodusport","https:\/\/x.com\/dicodusport","https:\/\/www.instagram.com\/dicodusport\/","https:\/\/www.youtube.com\/channel\/UC7V2KZ5sd3htJivAbA4ZG3w"],"description":"Dicodusport est l'encyclop\u00e9die de l'actualit\u00e9 sportive.","email":"bonjour@dicodusport.fr","legalName":"DICODUSPORT","foundingDate":"2018-01-14","vatID":"FR71834470973","taxID":"83447097300043","numberOfEmployees":{"@type":"QuantitativeValue","minValue":"1","maxValue":"10"}},{"@type":"Person","@id":"https:\/\/dicodusport.fr\/blog\/#\/schema\/person\/cb02af4c173ce4a653b55e9baf388d4a","name":"Flo Ostermann","image":{"@type":"ImageObject","inLanguage":"fr-FR","@id":"https:\/\/dicodusport.fr\/blog\/#\/schema\/person\/image\/","url":"https:\/\/dicodusport.fr\/blog\/wp-content\/uploads\/2021\/05\/Flo-Ostermann-150x150.jpg","contentUrl":"https:\/\/dicodusport.fr\/blog\/wp-content\/uploads\/2021\/05\/Flo-Ostermann-150x150.jpg","caption":"Flo Ostermann"},"description":"Journaliste\/R\u00e9dacteur depuis septembre 2015 - Mes premiers souvenirs dans le sport ? Les envol\u00e9es du Stade Toulousain et les duels Villeneuve-Schumacher et H\u00e4kkinen-Schumacher \u00e0 la fin des ann\u00e9es 90, la Coupe du monde de football en 1998, l\u2019exploit du XV de France face aux All Blacks en 1999, mais aussi Richard C\u0153ur de Lion qui vole sur les montagnes du Tour de France. Bien parti pour devenir professeur d\u2019EPS, les \u00e9v\u00e9nements de la vie (et la flemme d\u2019animer des s\u00e9ances de 3x500 m\u00e8tres toute ma vie) m\u2019ont conduit \u00e0 revoir mes plans. Me voil\u00e0 depuis fin 2017 sur Dicodusport, m\u00e9dia gr\u00e2ce (et pour) lequel je partage ma passion : le sport dans tous ses \u00e9tats. Le tout accompagn\u00e9 par les fous furieux et folles furieuses cit\u00e9s sur cette page !","sameAs":["https:\/\/www.facebook.com\/florent.ostermann","https:\/\/x.com\/https:\/\/twitter.com\/FlOstermann","admin"],"url":"https:\/\/dicodusport.fr\/blog\/author\/flo\/"}]}},"_links":{"self":[{"href":"https:\/\/dicodusport.fr\/blog\/wp-json\/wp\/v2\/posts\/657582","targetHints":{"allow":["GET"]}}],"collection":[{"href":"https:\/\/dicodusport.fr\/blog\/wp-json\/wp\/v2\/posts"}],"about":[{"href":"https:\/\/dicodusport.fr\/blog\/wp-json\/wp\/v2\/types\/post"}],"author":[{"embeddable":true,"href":"https:\/\/dicodusport.fr\/blog\/wp-json\/wp\/v2\/users\/4"}],"replies":[{"embeddable":true,"href":"https:\/\/dicodusport.fr\/blog\/wp-json\/wp\/v2\/comments?post=657582"}],"version-history":[{"count":3,"href":"https:\/\/dicodusport.fr\/blog\/wp-json\/wp\/v2\/posts\/657582\/revisions"}],"predecessor-version":[{"id":657904,"href":"https:\/\/dicodusport.fr\/blog\/wp-json\/wp\/v2\/posts\/657582\/revisions\/657904"}],"wp:featuredmedia":[{"embeddable":true,"href":"https:\/\/dicodusport.fr\/blog\/wp-json\/wp\/v2\/media\/657714"}],"wp:attachment":[{"href":"https:\/\/dicodusport.fr\/blog\/wp-json\/wp\/v2\/media?parent=657582"}],"wp:term":[{"taxonomy":"category","embeddable":true,"href":"https:\/\/dicodusport.fr\/blog\/wp-json\/wp\/v2\/categories?post=657582"},{"taxonomy":"post_tag","embeddable":true,"href":"https:\/\/dicodusport.fr\/blog\/wp-json\/wp\/v2\/tags?post=657582"}],"curies":[{"name":"wp","href":"https:\/\/api.w.org\/{rel}","templated":true}]}}