{"id":657697,"date":"2026-03-22T19:39:58","date_gmt":"2026-03-22T18:39:58","guid":{"rendered":"https:\/\/dicodusport.fr\/blog\/?p=657697&#038;preview=true&#038;preview_id=657697"},"modified":"2026-03-22T23:34:57","modified_gmt":"2026-03-22T22:34:57","slug":"intouchable-marco-bezzecchi-simpose-facilement-au-grand-prix-du-bresil","status":"publish","type":"post","link":"https:\/\/dicodusport.fr\/blog\/intouchable-marco-bezzecchi-simpose-facilement-au-grand-prix-du-bresil\/","title":{"rendered":"Intouchable, Marco Bezzecchi s&rsquo;impose facilement au Grand Prix du Br\u00e9sil"},"content":{"rendered":"<p style=\"text-align: justify;\"><strong><em>MOTOGP \u2013 GRAND PRIX DU BR<span class=\"gs_tkn show\">\u00c9SIL<\/span> 2026 &#8211; Intouchable tout au long de la course, Marco Bezzecchi (Aprilia) a domin\u00e9 le Grand Prix du Br\u00e9sil devant Jorge Martin.<\/em><\/strong><\/p>\n<ul>\n<li style=\"text-align: justify;\"><strong>\u00c0 ce sujet \u2013\u00a0<a href=\"https:\/\/dicodusport.fr\/blog\/motogp-grand-prix-du-bresil-2026-classement-et-resultats-de-la-course\/\">MotoGP \u2013 Grand Prix du Br\u00e9sil 2026 : Classement et r\u00e9sultats de la course<\/a>\u00a0<\/strong><\/li>\n<\/ul>\n<p style=\"text-align: justify;\">De retour au calendrier pour la premi\u00e8re fois depuis 2004, le Grand Prix du <strong>Br\u00e9sil<\/strong> marquait un week-end particulier en <strong>MotoGP<\/strong>. En pole, <strong>Fabio Di Giannantonio<\/strong>, battu par <strong>Marc M\u00e1rquez<\/strong> lors de la course sprint, visait cette fois \u00e0 conserver sa premi\u00e8re place face \u00e0 l\u2019Espagnol et \u00e0 <strong>Marco Bezzecchi<\/strong>.<\/p>\n<p style=\"text-align: justify;\">Derri\u00e8re, <strong>Fabio Quartararo<\/strong> (4e au d\u00e9part) et <strong>Johann Zarco<\/strong> (10e) esp\u00e9raient profiter de ce contexte incertain pour marquer des points importants. Avant le d\u00e9part, la direction de course a annonc\u00e9 la r\u00e9duction du nombre de tours de <strong>31 \u00e0 23<\/strong> en raison de la forte d\u00e9gradation des pneus observ\u00e9e depuis le d\u00e9but du week-end.<\/p>\n<ul>\n<li style=\"text-align: justify;\"><strong>\u00c0 ce sujet \u2013\u00a0<a href=\"https:\/\/dicodusport.fr\/blog\/calendrier-motogp-2026-toutes-les-dates-et-le-programme-complet-de-la-saison\/\">Calendrier MotoGP 2026 : toutes les dates et le programme complet de la saison<\/a><\/strong><\/li>\n<\/ul>\n<h2 style=\"text-align: justify;\">Bezzecchi prend les commandes d\u00e8s le d\u00e9part<\/h2>\n<p style=\"text-align: justify;\">D\u00e8s le d\u00e9part, <strong>Di Giannantonio<\/strong> (<strong>VR46<\/strong>) a perdu la t\u00eate au profit de l\u2019excellent envol de <strong>Marco Bezzecchi<\/strong>. Apr\u00e8s un premier tour compliqu\u00e9, <strong>Marc M\u00e1rquez<\/strong> a profit\u00e9 d\u2019un \u00e9cart du poleman pour s\u2019emparer de la deuxi\u00e8me position au d\u00e9but du deuxi\u00e8me tour.<\/p>\n<p style=\"text-align: justify;\"><strong>Fabio Quartararo<\/strong> (<strong>Yamaha<\/strong>) a rapidement d\u00e9gringol\u00e9 dans le classement, perdant cinq places au d\u00e9part pour se retrouver <strong>11e<\/strong> au troisi\u00e8me tour. \u00c0 l\u2019inverse, <strong>Johann Zarco<\/strong> (<strong>Honda<\/strong>) a gagn\u00e9 trois positions d\u00e8s le premier virage.<\/p>\n<blockquote class=\"twitter-tweet\">\n<p dir=\"ltr\" lang=\"fr\">ET BOUUM ! \ud83d\udca5<\/p>\n<p>C&rsquo;est parti \u00e0 Goi\u00e2nia pour le Grand Prix ! \ud83c\udde7\ud83c\uddf7<a href=\"https:\/\/twitter.com\/hashtag\/BrazilianGP?src=hash&amp;ref_src=twsrc%5Etfw\">#BrazilianGP<\/a> | <a href=\"https:\/\/twitter.com\/hashtag\/MotoGP?src=hash&amp;ref_src=twsrc%5Etfw\">#MotoGP<\/a> <a href=\"https:\/\/t.co\/HMJPgkhHm4\">pic.twitter.com\/HMJPgkhHm4<\/a><\/p>\n<p>\u2014 CANAL+ MotoGP\u2122 (@CanalplusMotoGP) <a href=\"https:\/\/twitter.com\/CanalplusMotoGP\/status\/2035779569823694888?ref_src=twsrc%5Etfw\">March 22, 2026<\/a><\/p><\/blockquote>\n<p><script async src=\"https:\/\/platform.twitter.com\/widgets.js\" charset=\"utf-8\"><\/script><\/p>\n<p style=\"text-align: justify;\">Dans les tours suivants, <strong>Marco Bezzecchi<\/strong> a encha\u00een\u00e9 les records du tour et s\u2019est rapidement d\u00e9tach\u00e9 avec pr\u00e8s de <strong>deux secondes d\u2019avance<\/strong> sur ses poursuivants. Une belle bataille \u00e0 trois s\u2019est alors install\u00e9e pour le podium entre <strong>M\u00e1rquez<\/strong> (<strong>Ducati<\/strong>), <strong>Di Giannantonio<\/strong> et <strong>Jorge Mart\u00edn<\/strong> (<strong>Aprilia<\/strong>).<\/p>\n<p style=\"text-align: justify;\">\u00c0 la suite d\u2019un d\u00e9passement, <strong>Di Giannantonio<\/strong> a emmen\u00e9 <strong>M\u00e1rquez<\/strong> au large sans contact, ce qui a profit\u00e9 \u00e0 <strong>Mart\u00edn<\/strong>. L\u2019Espagnol en a profit\u00e9 pour d\u00e9passer les deux pilotes et s\u2019emparer de la deuxi\u00e8me place.<\/p>\n<ul>\n<li style=\"text-align: justify;\"><strong>\u00c0 ce sujet \u2013\u00a0<a href=\"https:\/\/dicodusport.fr\/blog\/motogp-2026-le-classement-du-championnat-du-monde-des-pilotes-mis-a-jour\/\">MotoGP 2026 : le classement du championnat du monde des pilotes mis \u00e0 jour<\/a><\/strong><\/li>\n<\/ul>\n<h2 style=\"text-align: justify;\">Mart\u00edn solide, Di Giannantonio r\u00e9siste \u00e0 M\u00e1rquez<\/h2>\n<p style=\"text-align: justify;\">Apr\u00e8s ce d\u00e9passement, le pilote <strong>Aprilia<\/strong> s\u2019est \u00e9chapp\u00e9, laissant <strong>Di Giannantonio<\/strong> et <strong>M\u00e1rquez<\/strong> se battre pour la troisi\u00e8me place. Les deux pilotes ont livr\u00e9 une belle bataille dans les derniers tours, comme lors de la course sprint de la veille.<\/p>\n<p style=\"text-align: justify;\">Au <strong>17e tour<\/strong>, <strong>M\u00e1rquez<\/strong> est parvenu \u00e0 passer, laissant penser \u00e0 un sc\u00e9nario similaire \u00e0 celui de la veille. Mais quelques tours plus tard, le pilote <strong>VR46<\/strong> a profit\u00e9 d\u2019une erreur de l\u2019Espagnol pour reprendre la troisi\u00e8me position et s\u00e9curiser d\u00e9finitivement le podium.<\/p>\n<blockquote class=\"twitter-tweet\">\n<p dir=\"ltr\" lang=\"en\">\ud83d\udd25 <a href=\"https:\/\/twitter.com\/FabioDiggia49?ref_src=twsrc%5Etfw\">@fabiodiggia49<\/a> is BACK in 3rd<a href=\"https:\/\/twitter.com\/hashtag\/BrazilianGP?src=hash&amp;ref_src=twsrc%5Etfw\">#BrazilianGP<\/a> \ud83c\udde7\ud83c\uddf7 <a href=\"https:\/\/t.co\/py6ID59XPj\">pic.twitter.com\/py6ID59XPj<\/a><\/p>\n<p>\u2014 MotoGP\u2122\ud83c\udfc1 (@MotoGP) <a href=\"https:\/\/twitter.com\/MotoGP\/status\/2035786106826789115?ref_src=twsrc%5Etfw\">March 22, 2026<\/a><\/p><\/blockquote>\n<p><script async src=\"https:\/\/platform.twitter.com\/widgets.js\" charset=\"utf-8\"><\/script><\/p>\n<p style=\"text-align: justify;\">Apr\u00e8s de nombreuses batailles avec <strong>Ferm\u00edn Aldeguer<\/strong> et <strong>Francesco Bagnaia<\/strong>, <strong>Johann Zarco<\/strong> a finalement termin\u00e9 \u00e0 la <strong>9e place<\/strong>. De son c\u00f4t\u00e9, <strong>Fabio Quartararo<\/strong> a v\u00e9cu une course compliqu\u00e9e et a d\u00fb se contenter de la <strong>16e position<\/strong>.<\/p>\n<ul>\n<li style=\"text-align: justify;\"><strong>\u00c0 ce sujet \u2013\u00a0<a href=\"https:\/\/dicodusport.fr\/blog\/top-10-des-pilotes-de-motogp-avec-le-plus-de-victoires-en-grand-prix\/\">Top 10 des pilotes de MotoGP avec le plus de victoires en Grand Prix<\/a>\u00a0<\/strong><\/li>\n<\/ul>\n<div id=\"gtx-trans\" style=\"position: absolute; left: -14px; top: 40.9091px;\">\n<div class=\"gtx-trans-icon\"><\/div>\n<\/div>\n","protected":false},"excerpt":{"rendered":"<p>MOTOGP \u2013 GRAND PRIX DU BR\u00c9SIL 2026 &#8211; Intouchable tout au long de la course, Marco Bezzecchi (Aprilia) a domin\u00e9 le Grand Prix du Br\u00e9sil devant Jorge Martin.<\/p>\n","protected":false},"author":110,"featured_media":657780,"comment_status":"open","ping_status":"closed","sticky":false,"template":"","format":"standard","meta":{"_acf_changed":false,"_daextam_enable_autolinks":"1","footnotes":""},"categories":[47087],"tags":[32415,16878,47438,10938,47439],"class_list":["post-657697","post","type-post","status-publish","format-standard","has-post-thumbnail","hentry","category-motogp","tag-actu","tag-breve","tag-grand-prix-du-bresil-motogp","tag-motogp","tag-motogp-bresil"],"acf":[],"yoast_head":"<!-- This site is optimized with the Yoast SEO Premium plugin v26.7 (Yoast SEO v26.7) - https:\/\/yoast.com\/wordpress\/plugins\/seo\/ -->\n<title>Intouchable, Marco Bezzecchi s&#039;impose facilement au Grand Prix du Br\u00e9sil<\/title>\n<meta name=\"description\" content=\"MOTOGP \u2013 GRAND PRIX DU BR\u00c9SIL 2026 - Intouchable tout au long de la course, Marco Bezzecchi (Aprilia) a domin\u00e9 le Grand Prix du Br\u00e9sil devant Jorge Martin.\" \/>\n<meta name=\"robots\" content=\"index, follow, max-snippet:-1, max-image-preview:large, max-video-preview:-1\" \/>\n<link rel=\"canonical\" href=\"https:\/\/dicodusport.fr\/blog\/intouchable-marco-bezzecchi-simpose-facilement-au-grand-prix-du-bresil\/\" \/>\n<meta property=\"og:locale\" content=\"fr_FR\" \/>\n<meta property=\"og:type\" content=\"article\" \/>\n<meta property=\"og:title\" content=\"Intouchable, Marco Bezzecchi s&#039;impose facilement au Grand Prix du Br\u00e9sil\" \/>\n<meta property=\"og:description\" content=\"MOTOGP \u2013 GRAND PRIX DU BR\u00c9SIL 2026 - Intouchable tout au long de la course, Marco Bezzecchi (Aprilia) a domin\u00e9 le Grand Prix du Br\u00e9sil devant Jorge Martin.\" \/>\n<meta property=\"og:url\" content=\"https:\/\/dicodusport.fr\/blog\/intouchable-marco-bezzecchi-simpose-facilement-au-grand-prix-du-bresil\/\" \/>\n<meta property=\"og:site_name\" content=\"Dicodusport\" \/>\n<meta property=\"article:publisher\" content=\"https:\/\/www.facebook.com\/dicodusport\" \/>\n<meta property=\"article:published_time\" content=\"2026-03-22T18:39:58+00:00\" \/>\n<meta property=\"article:modified_time\" content=\"2026-03-22T22:34:57+00:00\" \/>\n<meta property=\"og:image\" content=\"https:\/\/dicodusport.fr\/blog\/wp-content\/uploads\/2026\/03\/Intouchable-Marco-Bezzecchi-simpose-facilement-au-Grand-Prix-du-Bresil-1.png\" \/>\n\t<meta property=\"og:image:width\" content=\"1200\" \/>\n\t<meta property=\"og:image:height\" content=\"674\" \/>\n\t<meta property=\"og:image:type\" content=\"image\/png\" \/>\n<meta name=\"author\" content=\"Malo Clement\" \/>\n<meta name=\"twitter:card\" content=\"summary_large_image\" \/>\n<meta name=\"twitter:title\" content=\"Intouchable, Marco Bezzecchi s&#039;impose facilement au Grand Prix du Br\u00e9sil\" \/>\n<meta name=\"twitter:creator\" content=\"@dicodusport\" \/>\n<meta name=\"twitter:site\" content=\"@dicodusport\" \/>\n<script type=\"application\/ld+json\" class=\"yoast-schema-graph\">{\"@context\":\"https:\/\/schema.org\",\"@graph\":[{\"@type\":\"NewsArticle\",\"@id\":\"https:\/\/dicodusport.fr\/blog\/intouchable-marco-bezzecchi-simpose-facilement-au-grand-prix-du-bresil\/#article\",\"isPartOf\":{\"@id\":\"https:\/\/dicodusport.fr\/blog\/intouchable-marco-bezzecchi-simpose-facilement-au-grand-prix-du-bresil\/\"},\"author\":{\"name\":\"Malo Clement\",\"@id\":\"https:\/\/dicodusport.fr\/blog\/#\/schema\/person\/c28883329a45cc92814310316945b3ce\"},\"headline\":\"Intouchable, Marco Bezzecchi s&rsquo;impose facilement au Grand Prix du Br\u00e9sil\",\"datePublished\":\"2026-03-22T18:39:58+00:00\",\"dateModified\":\"2026-03-22T22:34:57+00:00\",\"mainEntityOfPage\":{\"@id\":\"https:\/\/dicodusport.fr\/blog\/intouchable-marco-bezzecchi-simpose-facilement-au-grand-prix-du-bresil\/\"},\"wordCount\":580,\"commentCount\":0,\"publisher\":{\"@id\":\"https:\/\/dicodusport.fr\/blog\/#organization\"},\"image\":{\"@id\":\"https:\/\/dicodusport.fr\/blog\/intouchable-marco-bezzecchi-simpose-facilement-au-grand-prix-du-bresil\/#primaryimage\"},\"thumbnailUrl\":\"https:\/\/dicodusport.fr\/blog\/wp-content\/uploads\/2026\/03\/Intouchable-Marco-Bezzecchi-simpose-facilement-au-Grand-Prix-du-Bresil-1.png\",\"keywords\":[\"actu\",\"br\u00e8ve\",\"Grand Prix du Br\u00e9sil MotoGP\",\"MotoGP\",\"MotoGP Br\u00e9sil\"],\"articleSection\":[\"MotoGP\"],\"inLanguage\":\"fr-FR\",\"potentialAction\":[{\"@type\":\"CommentAction\",\"name\":\"Comment\",\"target\":[\"https:\/\/dicodusport.fr\/blog\/intouchable-marco-bezzecchi-simpose-facilement-au-grand-prix-du-bresil\/#respond\"]}],\"copyrightYear\":\"2026\",\"copyrightHolder\":{\"@id\":\"https:\/\/dicodusport.fr\/blog\/#organization\"}},{\"@type\":\"WebPage\",\"@id\":\"https:\/\/dicodusport.fr\/blog\/intouchable-marco-bezzecchi-simpose-facilement-au-grand-prix-du-bresil\/\",\"url\":\"https:\/\/dicodusport.fr\/blog\/intouchable-marco-bezzecchi-simpose-facilement-au-grand-prix-du-bresil\/\",\"name\":\"Intouchable, Marco Bezzecchi s'impose facilement au Grand Prix du Br\u00e9sil\",\"isPartOf\":{\"@id\":\"https:\/\/dicodusport.fr\/blog\/#website\"},\"primaryImageOfPage\":{\"@id\":\"https:\/\/dicodusport.fr\/blog\/intouchable-marco-bezzecchi-simpose-facilement-au-grand-prix-du-bresil\/#primaryimage\"},\"image\":{\"@id\":\"https:\/\/dicodusport.fr\/blog\/intouchable-marco-bezzecchi-simpose-facilement-au-grand-prix-du-bresil\/#primaryimage\"},\"thumbnailUrl\":\"https:\/\/dicodusport.fr\/blog\/wp-content\/uploads\/2026\/03\/Intouchable-Marco-Bezzecchi-simpose-facilement-au-Grand-Prix-du-Bresil-1.png\",\"datePublished\":\"2026-03-22T18:39:58+00:00\",\"dateModified\":\"2026-03-22T22:34:57+00:00\",\"description\":\"MOTOGP \u2013 GRAND PRIX DU BR\u00c9SIL 2026 - Intouchable tout au long de la course, Marco Bezzecchi (Aprilia) a domin\u00e9 le Grand Prix du Br\u00e9sil devant Jorge Martin.\",\"breadcrumb\":{\"@id\":\"https:\/\/dicodusport.fr\/blog\/intouchable-marco-bezzecchi-simpose-facilement-au-grand-prix-du-bresil\/#breadcrumb\"},\"inLanguage\":\"fr-FR\",\"potentialAction\":[{\"@type\":\"ReadAction\",\"target\":[\"https:\/\/dicodusport.fr\/blog\/intouchable-marco-bezzecchi-simpose-facilement-au-grand-prix-du-bresil\/\"]}]},{\"@type\":\"ImageObject\",\"inLanguage\":\"fr-FR\",\"@id\":\"https:\/\/dicodusport.fr\/blog\/intouchable-marco-bezzecchi-simpose-facilement-au-grand-prix-du-bresil\/#primaryimage\",\"url\":\"https:\/\/dicodusport.fr\/blog\/wp-content\/uploads\/2026\/03\/Intouchable-Marco-Bezzecchi-simpose-facilement-au-Grand-Prix-du-Bresil-1.png\",\"contentUrl\":\"https:\/\/dicodusport.fr\/blog\/wp-content\/uploads\/2026\/03\/Intouchable-Marco-Bezzecchi-simpose-facilement-au-Grand-Prix-du-Bresil-1.png\",\"width\":1200,\"height\":674,\"caption\":\"Intouchable, Marco Bezzecchi s'impose facilement au Grand Prix du Br\u00e9sil (1)\"},{\"@type\":\"BreadcrumbList\",\"@id\":\"https:\/\/dicodusport.fr\/blog\/intouchable-marco-bezzecchi-simpose-facilement-au-grand-prix-du-bresil\/#breadcrumb\",\"itemListElement\":[{\"@type\":\"ListItem\",\"position\":1,\"name\":\"Accueil\",\"item\":\"https:\/\/dicodusport.fr\/blog\/\"},{\"@type\":\"ListItem\",\"position\":2,\"name\":\"Intouchable, Marco Bezzecchi s&rsquo;impose facilement au Grand Prix du Br\u00e9sil\"}]},{\"@type\":\"WebSite\",\"@id\":\"https:\/\/dicodusport.fr\/blog\/#website\",\"url\":\"https:\/\/dicodusport.fr\/blog\/\",\"name\":\"Dicodusport\",\"description\":\"L&#039;encyclop\u00e9die de l&#039;actualit\u00e9 sportive\",\"publisher\":{\"@id\":\"https:\/\/dicodusport.fr\/blog\/#organization\"},\"potentialAction\":[{\"@type\":\"SearchAction\",\"target\":{\"@type\":\"EntryPoint\",\"urlTemplate\":\"https:\/\/dicodusport.fr\/blog\/?s={search_term_string}\"},\"query-input\":{\"@type\":\"PropertyValueSpecification\",\"valueRequired\":true,\"valueName\":\"search_term_string\"}}],\"inLanguage\":\"fr-FR\"},{\"@type\":\"NewsMediaOrganization\",\"@id\":\"https:\/\/dicodusport.fr\/blog\/#organization\",\"name\":\"Dicodusport\",\"url\":\"https:\/\/dicodusport.fr\/blog\/\",\"logo\":{\"@type\":\"ImageObject\",\"inLanguage\":\"fr-FR\",\"@id\":\"https:\/\/dicodusport.fr\/blog\/#\/schema\/logo\/image\/\",\"url\":\"https:\/\/dicodusport.fr\/blog\/wp-content\/uploads\/2020\/06\/cropped-LOGO-DICODUSPORT-2020-SANS-FOND-SANS-TEXTE.png\",\"contentUrl\":\"https:\/\/dicodusport.fr\/blog\/wp-content\/uploads\/2020\/06\/cropped-LOGO-DICODUSPORT-2020-SANS-FOND-SANS-TEXTE.png\",\"width\":512,\"height\":512,\"caption\":\"Dicodusport\"},\"image\":{\"@id\":\"https:\/\/dicodusport.fr\/blog\/#\/schema\/logo\/image\/\"},\"sameAs\":[\"https:\/\/www.facebook.com\/dicodusport\",\"https:\/\/x.com\/dicodusport\",\"https:\/\/www.instagram.com\/dicodusport\/\",\"https:\/\/www.youtube.com\/channel\/UC7V2KZ5sd3htJivAbA4ZG3w\"],\"description\":\"Dicodusport est l'encyclop\u00e9die de l'actualit\u00e9 sportive.\",\"email\":\"bonjour@dicodusport.fr\",\"legalName\":\"DICODUSPORT\",\"foundingDate\":\"2018-01-14\",\"vatID\":\"FR71834470973\",\"taxID\":\"83447097300043\",\"numberOfEmployees\":{\"@type\":\"QuantitativeValue\",\"minValue\":\"1\",\"maxValue\":\"10\"}},{\"@type\":\"Person\",\"@id\":\"https:\/\/dicodusport.fr\/blog\/#\/schema\/person\/c28883329a45cc92814310316945b3ce\",\"name\":\"Malo Clement\",\"image\":{\"@type\":\"ImageObject\",\"inLanguage\":\"fr-FR\",\"@id\":\"https:\/\/dicodusport.fr\/blog\/#\/schema\/person\/image\/\",\"url\":\"https:\/\/dicodusport.fr\/blog\/wp-content\/uploads\/2025\/02\/Maillot-Dicodusport-Malo-150x150.png\",\"contentUrl\":\"https:\/\/dicodusport.fr\/blog\/wp-content\/uploads\/2025\/02\/Maillot-Dicodusport-Malo-150x150.png\",\"caption\":\"Malo Clement\"},\"description\":\"Fan de sport depuis mes 10 ans, mes premiers souvenirs de stade sont le Racing M\u00e9tro 92 \u00e0 Yves du Manoir, le XV de France et le PSG de Nen\u00ea. Celui d\u2019Ibra, Lucas, Cavani et Verratti m\u2019ont d\u00e9finitivement emport\u00e9 dans le football, au d\u00e9sarroi de ma famille. Entre les finales perdues de Champions Cup et les m\u00e9saventures en Ligue des Champions, j\u2019ai eu le nez fin. Au-del\u00e0 de mes clubs franciliens, je m\u2019int\u00e9resse au sport en g\u00e9n\u00e9ral et principalement \u00e0 la d\u00e9couverte de jeunes sportifs. Cela a commenc\u00e9 par Football Manager et j'ai repris \u00e7a avec les sports automobiles. Depuis 2020, mes dimanches apr\u00e8s-midi sont occup\u00e9s par Julien F\u00e9breau et la Formule 1. L\u2019endurance, la F2, la F3 et les autres championnats compl\u00e8tent mes week-ends. J\u2019ai rejoint Dicodusport en novembre 2024 et je suis ravi d\u2019\u00eatre le cadet de la r\u00e9daction.\",\"url\":\"https:\/\/dicodusport.fr\/blog\/author\/clement-malo\/\"}]}<\/script>\n<!-- \/ Yoast SEO Premium plugin. -->","yoast_head_json":{"title":"Intouchable, Marco Bezzecchi s'impose facilement au Grand Prix du Br\u00e9sil","description":"MOTOGP \u2013 GRAND PRIX DU BR\u00c9SIL 2026 - Intouchable tout au long de la course, Marco Bezzecchi (Aprilia) a domin\u00e9 le Grand Prix du Br\u00e9sil devant Jorge Martin.","robots":{"index":"index","follow":"follow","max-snippet":"max-snippet:-1","max-image-preview":"max-image-preview:large","max-video-preview":"max-video-preview:-1"},"canonical":"https:\/\/dicodusport.fr\/blog\/intouchable-marco-bezzecchi-simpose-facilement-au-grand-prix-du-bresil\/","og_locale":"fr_FR","og_type":"article","og_title":"Intouchable, Marco Bezzecchi s'impose facilement au Grand Prix du Br\u00e9sil","og_description":"MOTOGP \u2013 GRAND PRIX DU BR\u00c9SIL 2026 - Intouchable tout au long de la course, Marco Bezzecchi (Aprilia) a domin\u00e9 le Grand Prix du Br\u00e9sil devant Jorge Martin.","og_url":"https:\/\/dicodusport.fr\/blog\/intouchable-marco-bezzecchi-simpose-facilement-au-grand-prix-du-bresil\/","og_site_name":"Dicodusport","article_publisher":"https:\/\/www.facebook.com\/dicodusport","article_published_time":"2026-03-22T18:39:58+00:00","article_modified_time":"2026-03-22T22:34:57+00:00","og_image":[{"width":1200,"height":674,"url":"https:\/\/dicodusport.fr\/blog\/wp-content\/uploads\/2026\/03\/Intouchable-Marco-Bezzecchi-simpose-facilement-au-Grand-Prix-du-Bresil-1.png","type":"image\/png"}],"author":"Malo Clement","twitter_card":"summary_large_image","twitter_title":"Intouchable, Marco Bezzecchi s'impose facilement au Grand Prix du Br\u00e9sil","twitter_creator":"@dicodusport","twitter_site":"@dicodusport","schema":{"@context":"https:\/\/schema.org","@graph":[{"@type":"NewsArticle","@id":"https:\/\/dicodusport.fr\/blog\/intouchable-marco-bezzecchi-simpose-facilement-au-grand-prix-du-bresil\/#article","isPartOf":{"@id":"https:\/\/dicodusport.fr\/blog\/intouchable-marco-bezzecchi-simpose-facilement-au-grand-prix-du-bresil\/"},"author":{"name":"Malo Clement","@id":"https:\/\/dicodusport.fr\/blog\/#\/schema\/person\/c28883329a45cc92814310316945b3ce"},"headline":"Intouchable, Marco Bezzecchi s&rsquo;impose facilement au Grand Prix du Br\u00e9sil","datePublished":"2026-03-22T18:39:58+00:00","dateModified":"2026-03-22T22:34:57+00:00","mainEntityOfPage":{"@id":"https:\/\/dicodusport.fr\/blog\/intouchable-marco-bezzecchi-simpose-facilement-au-grand-prix-du-bresil\/"},"wordCount":580,"commentCount":0,"publisher":{"@id":"https:\/\/dicodusport.fr\/blog\/#organization"},"image":{"@id":"https:\/\/dicodusport.fr\/blog\/intouchable-marco-bezzecchi-simpose-facilement-au-grand-prix-du-bresil\/#primaryimage"},"thumbnailUrl":"https:\/\/dicodusport.fr\/blog\/wp-content\/uploads\/2026\/03\/Intouchable-Marco-Bezzecchi-simpose-facilement-au-Grand-Prix-du-Bresil-1.png","keywords":["actu","br\u00e8ve","Grand Prix du Br\u00e9sil MotoGP","MotoGP","MotoGP Br\u00e9sil"],"articleSection":["MotoGP"],"inLanguage":"fr-FR","potentialAction":[{"@type":"CommentAction","name":"Comment","target":["https:\/\/dicodusport.fr\/blog\/intouchable-marco-bezzecchi-simpose-facilement-au-grand-prix-du-bresil\/#respond"]}],"copyrightYear":"2026","copyrightHolder":{"@id":"https:\/\/dicodusport.fr\/blog\/#organization"}},{"@type":"WebPage","@id":"https:\/\/dicodusport.fr\/blog\/intouchable-marco-bezzecchi-simpose-facilement-au-grand-prix-du-bresil\/","url":"https:\/\/dicodusport.fr\/blog\/intouchable-marco-bezzecchi-simpose-facilement-au-grand-prix-du-bresil\/","name":"Intouchable, Marco Bezzecchi s'impose facilement au Grand Prix du Br\u00e9sil","isPartOf":{"@id":"https:\/\/dicodusport.fr\/blog\/#website"},"primaryImageOfPage":{"@id":"https:\/\/dicodusport.fr\/blog\/intouchable-marco-bezzecchi-simpose-facilement-au-grand-prix-du-bresil\/#primaryimage"},"image":{"@id":"https:\/\/dicodusport.fr\/blog\/intouchable-marco-bezzecchi-simpose-facilement-au-grand-prix-du-bresil\/#primaryimage"},"thumbnailUrl":"https:\/\/dicodusport.fr\/blog\/wp-content\/uploads\/2026\/03\/Intouchable-Marco-Bezzecchi-simpose-facilement-au-Grand-Prix-du-Bresil-1.png","datePublished":"2026-03-22T18:39:58+00:00","dateModified":"2026-03-22T22:34:57+00:00","description":"MOTOGP \u2013 GRAND PRIX DU BR\u00c9SIL 2026 - Intouchable tout au long de la course, Marco Bezzecchi (Aprilia) a domin\u00e9 le Grand Prix du Br\u00e9sil devant Jorge Martin.","breadcrumb":{"@id":"https:\/\/dicodusport.fr\/blog\/intouchable-marco-bezzecchi-simpose-facilement-au-grand-prix-du-bresil\/#breadcrumb"},"inLanguage":"fr-FR","potentialAction":[{"@type":"ReadAction","target":["https:\/\/dicodusport.fr\/blog\/intouchable-marco-bezzecchi-simpose-facilement-au-grand-prix-du-bresil\/"]}]},{"@type":"ImageObject","inLanguage":"fr-FR","@id":"https:\/\/dicodusport.fr\/blog\/intouchable-marco-bezzecchi-simpose-facilement-au-grand-prix-du-bresil\/#primaryimage","url":"https:\/\/dicodusport.fr\/blog\/wp-content\/uploads\/2026\/03\/Intouchable-Marco-Bezzecchi-simpose-facilement-au-Grand-Prix-du-Bresil-1.png","contentUrl":"https:\/\/dicodusport.fr\/blog\/wp-content\/uploads\/2026\/03\/Intouchable-Marco-Bezzecchi-simpose-facilement-au-Grand-Prix-du-Bresil-1.png","width":1200,"height":674,"caption":"Intouchable, Marco Bezzecchi s'impose facilement au Grand Prix du Br\u00e9sil (1)"},{"@type":"BreadcrumbList","@id":"https:\/\/dicodusport.fr\/blog\/intouchable-marco-bezzecchi-simpose-facilement-au-grand-prix-du-bresil\/#breadcrumb","itemListElement":[{"@type":"ListItem","position":1,"name":"Accueil","item":"https:\/\/dicodusport.fr\/blog\/"},{"@type":"ListItem","position":2,"name":"Intouchable, Marco Bezzecchi s&rsquo;impose facilement au Grand Prix du Br\u00e9sil"}]},{"@type":"WebSite","@id":"https:\/\/dicodusport.fr\/blog\/#website","url":"https:\/\/dicodusport.fr\/blog\/","name":"Dicodusport","description":"L&#039;encyclop\u00e9die de l&#039;actualit\u00e9 sportive","publisher":{"@id":"https:\/\/dicodusport.fr\/blog\/#organization"},"potentialAction":[{"@type":"SearchAction","target":{"@type":"EntryPoint","urlTemplate":"https:\/\/dicodusport.fr\/blog\/?s={search_term_string}"},"query-input":{"@type":"PropertyValueSpecification","valueRequired":true,"valueName":"search_term_string"}}],"inLanguage":"fr-FR"},{"@type":"NewsMediaOrganization","@id":"https:\/\/dicodusport.fr\/blog\/#organization","name":"Dicodusport","url":"https:\/\/dicodusport.fr\/blog\/","logo":{"@type":"ImageObject","inLanguage":"fr-FR","@id":"https:\/\/dicodusport.fr\/blog\/#\/schema\/logo\/image\/","url":"https:\/\/dicodusport.fr\/blog\/wp-content\/uploads\/2020\/06\/cropped-LOGO-DICODUSPORT-2020-SANS-FOND-SANS-TEXTE.png","contentUrl":"https:\/\/dicodusport.fr\/blog\/wp-content\/uploads\/2020\/06\/cropped-LOGO-DICODUSPORT-2020-SANS-FOND-SANS-TEXTE.png","width":512,"height":512,"caption":"Dicodusport"},"image":{"@id":"https:\/\/dicodusport.fr\/blog\/#\/schema\/logo\/image\/"},"sameAs":["https:\/\/www.facebook.com\/dicodusport","https:\/\/x.com\/dicodusport","https:\/\/www.instagram.com\/dicodusport\/","https:\/\/www.youtube.com\/channel\/UC7V2KZ5sd3htJivAbA4ZG3w"],"description":"Dicodusport est l'encyclop\u00e9die de l'actualit\u00e9 sportive.","email":"bonjour@dicodusport.fr","legalName":"DICODUSPORT","foundingDate":"2018-01-14","vatID":"FR71834470973","taxID":"83447097300043","numberOfEmployees":{"@type":"QuantitativeValue","minValue":"1","maxValue":"10"}},{"@type":"Person","@id":"https:\/\/dicodusport.fr\/blog\/#\/schema\/person\/c28883329a45cc92814310316945b3ce","name":"Malo Clement","image":{"@type":"ImageObject","inLanguage":"fr-FR","@id":"https:\/\/dicodusport.fr\/blog\/#\/schema\/person\/image\/","url":"https:\/\/dicodusport.fr\/blog\/wp-content\/uploads\/2025\/02\/Maillot-Dicodusport-Malo-150x150.png","contentUrl":"https:\/\/dicodusport.fr\/blog\/wp-content\/uploads\/2025\/02\/Maillot-Dicodusport-Malo-150x150.png","caption":"Malo Clement"},"description":"Fan de sport depuis mes 10 ans, mes premiers souvenirs de stade sont le Racing M\u00e9tro 92 \u00e0 Yves du Manoir, le XV de France et le PSG de Nen\u00ea. Celui d\u2019Ibra, Lucas, Cavani et Verratti m\u2019ont d\u00e9finitivement emport\u00e9 dans le football, au d\u00e9sarroi de ma famille. Entre les finales perdues de Champions Cup et les m\u00e9saventures en Ligue des Champions, j\u2019ai eu le nez fin. Au-del\u00e0 de mes clubs franciliens, je m\u2019int\u00e9resse au sport en g\u00e9n\u00e9ral et principalement \u00e0 la d\u00e9couverte de jeunes sportifs. Cela a commenc\u00e9 par Football Manager et j'ai repris \u00e7a avec les sports automobiles. Depuis 2020, mes dimanches apr\u00e8s-midi sont occup\u00e9s par Julien F\u00e9breau et la Formule 1. L\u2019endurance, la F2, la F3 et les autres championnats compl\u00e8tent mes week-ends. J\u2019ai rejoint Dicodusport en novembre 2024 et je suis ravi d\u2019\u00eatre le cadet de la r\u00e9daction.","url":"https:\/\/dicodusport.fr\/blog\/author\/clement-malo\/"}]}},"_links":{"self":[{"href":"https:\/\/dicodusport.fr\/blog\/wp-json\/wp\/v2\/posts\/657697","targetHints":{"allow":["GET"]}}],"collection":[{"href":"https:\/\/dicodusport.fr\/blog\/wp-json\/wp\/v2\/posts"}],"about":[{"href":"https:\/\/dicodusport.fr\/blog\/wp-json\/wp\/v2\/types\/post"}],"author":[{"embeddable":true,"href":"https:\/\/dicodusport.fr\/blog\/wp-json\/wp\/v2\/users\/110"}],"replies":[{"embeddable":true,"href":"https:\/\/dicodusport.fr\/blog\/wp-json\/wp\/v2\/comments?post=657697"}],"version-history":[{"count":5,"href":"https:\/\/dicodusport.fr\/blog\/wp-json\/wp\/v2\/posts\/657697\/revisions"}],"predecessor-version":[{"id":657742,"href":"https:\/\/dicodusport.fr\/blog\/wp-json\/wp\/v2\/posts\/657697\/revisions\/657742"}],"wp:featuredmedia":[{"embeddable":true,"href":"https:\/\/dicodusport.fr\/blog\/wp-json\/wp\/v2\/media\/657780"}],"wp:attachment":[{"href":"https:\/\/dicodusport.fr\/blog\/wp-json\/wp\/v2\/media?parent=657697"}],"wp:term":[{"taxonomy":"category","embeddable":true,"href":"https:\/\/dicodusport.fr\/blog\/wp-json\/wp\/v2\/categories?post=657697"},{"taxonomy":"post_tag","embeddable":true,"href":"https:\/\/dicodusport.fr\/blog\/wp-json\/wp\/v2\/tags?post=657697"}],"curies":[{"name":"wp","href":"https:\/\/api.w.org\/{rel}","templated":true}]}}