{"id":657790,"date":"2026-03-23T09:52:51","date_gmt":"2026-03-23T08:52:51","guid":{"rendered":"https:\/\/dicodusport.fr\/blog\/?p=657790&#038;preview=true&#038;preview_id=657790"},"modified":"2026-03-23T10:47:26","modified_gmt":"2026-03-23T09:47:26","slug":"la-deception-du-dakar-digeree-sebastien-loeb-rebondit-en-remportant-le-rally-raid-du-portugal","status":"publish","type":"post","link":"https:\/\/dicodusport.fr\/blog\/la-deception-du-dakar-digeree-sebastien-loeb-rebondit-en-remportant-le-rally-raid-du-portugal\/","title":{"rendered":"La d\u00e9ception du Dakar dig\u00e9r\u00e9e, S\u00e9bastien Loeb rebondit en remportant le rally-raid du Portugal"},"content":{"rendered":"<p style=\"text-align: justify;\"><strong><em>RALLY-RAID W2RC &#8211; Ce weekend, S\u00e9bastien Loeb a obtenu son 3\u00e8me succ\u00e8s en carri\u00e8re en W2RC en remportant le rally-raid du Portugal.<\/em><\/strong><\/p>\n<p style=\"text-align: justify;\">Il y a deux mois, il avait quitt\u00e9 le <strong>Dakar<\/strong> sur une nouvelle frustration, en \u00e9chouant au pied du podium. Entre-temps, une mauvaise nouvelle est intervenue avec l&rsquo;annonce de la fin de l&rsquo;engagement de <strong>Dacia<\/strong> en fin d&rsquo;ann\u00e9e. Malgr\u00e9 cela, <strong>S\u00e9bastien Loeb<\/strong> et son copilote <strong>\u00c9douard Boulanger<\/strong> n&rsquo;ont pas tard\u00e9 \u00e0 rebondir sur la deuxi\u00e8me manche du championnat <strong>W2RC<\/strong> de <strong>rally-raid<\/strong>.<\/p>\n<div class=\"vlp-link-container vlp-layout-article\"><a href=\"https:\/\/dicodusport.fr\/blog\/nasser-al-attiyah-reprend-sa-couronne-le-qatari-remporte-son-6eme-dakar-en-autos\/\" class=\"vlp-link\" title=\"Nasser Al-Attiyah reprend sa couronne : le Qatari remporte son 6\u00e8me Dakar en autos\"><\/a><div class=\"vlp-layout-zone-side\"><div class=\"vlp-block-4 vlp-link-image\"><img loading=\"lazy\" decoding=\"async\" style=\"max-width: 792px;\" width=\"792\" height=\"445\" src=\"https:\/\/dicodusport.fr\/blog\/wp-content\/uploads\/2026\/01\/Nasser-Al-Attiyah-reprend-sa-couronne-le-Qatari-remporte-son-6eme-Dakar-en-autos-1.png\" class=\"attachment-800x445 size-800x445\" alt=\"Nasser Al-Attiyah reprend sa couronne le Qatari remporte son 6\u00e8me Dakar en autos\" srcset=\"https:\/\/dicodusport.fr\/blog\/wp-content\/uploads\/2026\/01\/Nasser-Al-Attiyah-reprend-sa-couronne-le-Qatari-remporte-son-6eme-Dakar-en-autos-1.png 1200w, https:\/\/dicodusport.fr\/blog\/wp-content\/uploads\/2026\/01\/Nasser-Al-Attiyah-reprend-sa-couronne-le-Qatari-remporte-son-6eme-Dakar-en-autos-1-300x169.png 300w, https:\/\/dicodusport.fr\/blog\/wp-content\/uploads\/2026\/01\/Nasser-Al-Attiyah-reprend-sa-couronne-le-Qatari-remporte-son-6eme-Dakar-en-autos-1-1024x575.png 1024w, https:\/\/dicodusport.fr\/blog\/wp-content\/uploads\/2026\/01\/Nasser-Al-Attiyah-reprend-sa-couronne-le-Qatari-remporte-son-6eme-Dakar-en-autos-1-768x431.png 768w\" sizes=\"auto, (max-width: 792px) 100vw, 792px\" \/><\/div><\/div><div class=\"vlp-layout-zone-main\"><div class=\"vlp-block-0 vlp-link-title\">Nasser Al-Attiyah reprend sa couronne : le Qatari remporte son 6\u00e8me Dakar en autos<\/div><div class=\"vlp-block-1 vlp-link-summary\">DAKAR 2026 - \u00c0 l'issue de la 13\u00e8me et derni\u00e8re \u00e9tape, Nasser Al-Attiyah a obtenu son 6\u00e8me sacre sur l'\u00e9preuve.\u00a0<\/div><div class=\"vlp-block-2 vlp-link-button\">Lire l'article<\/div><div class=\"vlp-block-3 vlp-link-url\">dicodusport.fr<\/div><\/div><\/div>\n<h2 style=\"text-align: justify;\">Coup double pour S\u00e9bastien Loeb, la victoire et la t\u00eate du g\u00e9n\u00e9ral<\/h2>\n<p style=\"text-align: justify;\">La semaine derni\u00e8re, du 17 au 22 mars, le pilote fran\u00e7ais \u00e9tait de retour en piste \u00e0 l&rsquo;occasion du <strong>BP Ultimate Rally-raid du Portugal<\/strong>. En embuscade d\u00e8s la 1\u00e8re \u00e9tape (3\u00e8me), le Fran\u00e7ais avait alors vu une belle fen\u00eatre s&rsquo;ouvrir avec le retrait pr\u00e9matur\u00e9 des <strong>Ford<\/strong>, min\u00e9es par des probl\u00e8mes m\u00e9caniques r\u00e9currents tout au long de cette premi\u00e8re journ\u00e9e. Ainsi, en <strong>remportant la 2\u00e8me \u00e9tape<\/strong> le lendemain, il s&rsquo;est empar\u00e9 de la t\u00eate du classement pour ne plus jamais la quitter.<\/p>\n<p style=\"text-align: justify;\">Alternant parfaitement entre gestion et attaque pour \u00e9pouser au mieux les qualit\u00e9s de sa <strong>Sandrider<\/strong>, le pilote fran\u00e7ais n&rsquo;a pas remport\u00e9 d&rsquo;autre sp\u00e9ciale. Ce qui ne l&rsquo;a pas emp\u00each\u00e9 de renforcer jour apr\u00e8s jour son avance sur les <strong>Toyota<\/strong> de<strong> Seth Quintero<\/strong> et <strong>Jo\u00e3o Ferreira<\/strong>. \u00c0 l&rsquo;issue de la 5\u00e8me et derni\u00e8re \u00e9tape disput\u00e9e dimanche, il a ainsi franchi la ligne en cumulant plus de 2 minutes d&rsquo;avance sur l&rsquo;Am\u00e9ricain, et plus de 3 minutes sur le Portugais, qui compl\u00e8tent tous deux le podium.<\/p>\n<p style=\"text-align: justify;\">En cons\u00e9quence, le Fran\u00e7ais r\u00e9alise une excellente op\u00e9ration au classement mondial. Profitant des d\u00e9boires des Ford de <strong>Carlos Sainz<\/strong> et <strong>Mattias Ekstr\u00f6m<\/strong>, mais aussi de ceux connus par son co\u00e9quipier, et vainqueur sortant du Dakar, <strong>Nasser Al-Attiyah,<\/strong> <strong>S\u00e9bastien Loeb s&#8217;empare de la t\u00eate du classement g\u00e9n\u00e9ral<\/strong>.<\/p>\n<blockquote class=\"twitter-tweet\">\n<p dir=\"ltr\" lang=\"en\">\ud83d\udd25 <a href=\"https:\/\/twitter.com\/SebastienLoeb?ref_src=twsrc%5Etfw\">@SebastienLoeb<\/a> is the new overall leader after his massive win in Portugal, moving ahead of <a href=\"https:\/\/twitter.com\/AlAttiyahN?ref_src=twsrc%5Etfw\">@AlAttiyahN<\/a>! And things are heating up behind them, too!<\/p>\n<p>TOP 5 FIA W2RC Ultimate &#8211; Ranking after the Round 2 <a href=\"https:\/\/twitter.com\/hashtag\/RallyRaidPortugal?src=hash&amp;ref_src=twsrc%5Etfw\">#RallyRaidPortugal<\/a> \ud83d\udc47<br \/>\n1\ufe0f\u20e3 Loeb &#8211; 87 pts<br \/>\n2\ufe0f\u20e3 Al-Attiyah &#8211; 80 pts<br \/>\n3\ufe0f\u20e3 Quintero\u2026 <a href=\"https:\/\/t.co\/KbadH7lChO\">pic.twitter.com\/KbadH7lChO<\/a><\/p>\n<p>\u2014 World Rally-Raid Championship \ud83d\ude97 \ud83c\udfcd (@OfficialW2RC) <a href=\"https:\/\/twitter.com\/OfficialW2RC\/status\/2035799125149835379?ref_src=twsrc%5Etfw\">March 22, 2026<\/a><\/p><\/blockquote>\n<p style=\"text-align: justify;\"><script async src=\"https:\/\/platform.twitter.com\/widgets.js\" charset=\"utf-8\"><\/script><\/p>\n<h2 style=\"text-align: justify;\">\u00c0 60 ans, St\u00e9phane Peterhansel gagne encore !<\/h2>\n<p style=\"text-align: justify;\">S\u00e9bastien Loeb n&rsquo;a pas \u00e9t\u00e9 le seul pilote fran\u00e7ais \u00e0 s&rsquo;illustrer en terres portugaises. Dans la cat\u00e9gorie <strong>stock<\/strong>, une autre l\u00e9gende du sport tricolore a triomph\u00e9 : <strong>St\u00e9phane Peterhansel<\/strong> (Defender). Inusable, M. Dakar est venu accrocher son premier succ\u00e8s dans cette cat\u00e9gorie \u00e0 60 ans, ajoutant un honneur suppl\u00e9mentaire \u00e0 son palmar\u00e8s stratosph\u00e9rique.<\/p>\n<p style=\"text-align: justify;\">En challenger, le copilote tricolore <strong>Xavier Panseri<\/strong> accroche lui une belle 2\u00e8me place aux c\u00f4t\u00e9s du Luxembourgeois <strong>Charles M\u00fcnster<\/strong> (KTM X-Bow) alors que le local Alexandre Pinto s&rsquo;est impos\u00e9 \u00e0 domicile. Enfin, en moto, <strong>Adrien Van Beveren<\/strong> (Monster Energy Honda HRC) est le dernier Fran\u00e7ais \u00e0 avoir obtenu une place sur la bo\u00eete en terminant 3\u00e8me dans une cat\u00e9gorie reine domin\u00e9e par Tossa Schareina (Red Bull KTM).<\/p>\n<p style=\"text-align: justify;\">Rendez-vous en <strong>Argentine<\/strong> du <strong>24 au 29 mai<\/strong> pour la 3\u00e8me \u00e9tape du calendrier !<\/p>\n<blockquote class=\"twitter-tweet\">\n<p dir=\"ltr\" lang=\"en\">\ud83c\udfc6 \ud835\uddd9\ud835\udddc\ud835\uddd4 \ud835\uddea\ud835\udfee\ud835\udde5\ud835\uddd6 \ud835\uddea\ud835\uddf6\ud835\uddfb\ud835\uddfb\ud835\uddf2\ud835\uddff\ud835\ude00<br \/>\n\ud83c\udfdc Round 2\/5 &#8211; @rallyraidpt<\/p>\n<p>\ud83d\udc4f Cheers to Loeb and Boulanger (ULTIMATE), Peterhansel and Metge (STOCK), Pinto and Oliveira (CHALLENGER) and Monteiro and Morais (SSV) for this victory!<br \/>\nBring on the celebration! \ud83c\udf89 <a href=\"https:\/\/twitter.com\/hashtag\/W2RC?src=hash&amp;ref_src=twsrc%5Etfw\">#W2RC<\/a> <a href=\"https:\/\/twitter.com\/hashtag\/FIA?src=hash&amp;ref_src=twsrc%5Etfw\">#FIA<\/a> <a href=\"https:\/\/twitter.com\/hashtag\/RallyRaidPortugal?src=hash&amp;ref_src=twsrc%5Etfw\">#RallyRaidPortugal<\/a> <a href=\"https:\/\/t.co\/z1p5uoXpAu\">pic.twitter.com\/z1p5uoXpAu<\/a><\/p>\n<p>\u2014 World Rally-Raid Championship \ud83d\ude97 \ud83c\udfcd (@OfficialW2RC) <a href=\"https:\/\/twitter.com\/OfficialW2RC\/status\/2035736188108091763?ref_src=twsrc%5Etfw\">March 22, 2026<\/a><\/p><\/blockquote>\n<p style=\"text-align: justify;\"><script async src=\"https:\/\/platform.twitter.com\/widgets.js\" charset=\"utf-8\"><\/script><\/p>\n<div id=\"gtx-trans\" style=\"position: absolute; left: -14px; top: 40.9091px;\">\n<div class=\"gtx-trans-icon\" style=\"text-align: justify;\"><\/div>\n<\/div>\n","protected":false},"excerpt":{"rendered":"<p>RALLY-RAID W2RC &#8211; Ce weekend, S\u00e9bastien Loeb a obtenu son 3\u00e8me succ\u00e8s en carri\u00e8re en W2RC en remportant le rally-raid du Portugal.<\/p>\n","protected":false},"author":55,"featured_media":657791,"comment_status":"open","ping_status":"closed","sticky":false,"template":"","format":"standard","meta":{"_acf_changed":false,"_daextam_enable_autolinks":"1","footnotes":""},"categories":[9237],"tags":[16878,3858,3282],"class_list":["post-657790","post","type-post","status-publish","format-standard","has-post-thumbnail","hentry","category-rallye","tag-breve","tag-rallye","tag-sebastien-loeb"],"acf":[],"yoast_head":"<!-- This site is optimized with the Yoast SEO Premium plugin v26.7 (Yoast SEO v26.7) - https:\/\/yoast.com\/wordpress\/plugins\/seo\/ -->\n<title>La d\u00e9ception du Dakar dig\u00e9r\u00e9e, S\u00e9bastien Loeb rebondit en remportant le rally-raid du Portugal<\/title>\n<meta name=\"description\" content=\"RALLY-RAID W2RC - Ce weekend, S\u00e9bastien Loeb a obtenu son 3\u00e8me succ\u00e8s en carri\u00e8re en W2RC en remportant le rally-raid du Portugal.\" \/>\n<meta name=\"robots\" content=\"index, follow, max-snippet:-1, max-image-preview:large, max-video-preview:-1\" \/>\n<link rel=\"canonical\" href=\"https:\/\/dicodusport.fr\/blog\/la-deception-du-dakar-digeree-sebastien-loeb-rebondit-en-remportant-le-rally-raid-du-portugal\/\" \/>\n<meta property=\"og:locale\" content=\"fr_FR\" \/>\n<meta property=\"og:type\" content=\"article\" \/>\n<meta property=\"og:title\" content=\"La d\u00e9ception du Dakar dig\u00e9r\u00e9e, S\u00e9bastien Loeb rebondit en remportant le rally-raid du Portugal\" \/>\n<meta property=\"og:description\" content=\"RALLY-RAID W2RC - Ce weekend, S\u00e9bastien Loeb a obtenu son 3\u00e8me succ\u00e8s en carri\u00e8re en W2RC en remportant le rally-raid du Portugal.\" \/>\n<meta property=\"og:url\" content=\"https:\/\/dicodusport.fr\/blog\/la-deception-du-dakar-digeree-sebastien-loeb-rebondit-en-remportant-le-rally-raid-du-portugal\/\" \/>\n<meta property=\"og:site_name\" content=\"Dicodusport\" \/>\n<meta property=\"article:publisher\" content=\"https:\/\/www.facebook.com\/dicodusport\" \/>\n<meta property=\"article:published_time\" content=\"2026-03-23T08:52:51+00:00\" \/>\n<meta property=\"article:modified_time\" content=\"2026-03-23T09:47:26+00:00\" \/>\n<meta property=\"og:image\" content=\"https:\/\/dicodusport.fr\/blog\/wp-content\/uploads\/2026\/03\/La-deception-du-Dakar-digeree-Sebastien-Loeb-rebondit-en-remportant-le-rally-raid-du-Portugal.png\" \/>\n\t<meta property=\"og:image:width\" content=\"1200\" \/>\n\t<meta property=\"og:image:height\" content=\"674\" \/>\n\t<meta property=\"og:image:type\" content=\"image\/png\" \/>\n<meta name=\"author\" content=\"Maxime Cazenave\" \/>\n<meta name=\"twitter:card\" content=\"summary_large_image\" \/>\n<meta name=\"twitter:title\" content=\"La d\u00e9ception du Dakar dig\u00e9r\u00e9e, S\u00e9bastien Loeb rebondit en remportant le rally-raid du Portugal\" \/>\n<meta name=\"twitter:creator\" content=\"@https:\/\/twitter.com\/Maxime_Caze\" \/>\n<meta name=\"twitter:site\" content=\"@dicodusport\" \/>\n<script type=\"application\/ld+json\" class=\"yoast-schema-graph\">{\"@context\":\"https:\/\/schema.org\",\"@graph\":[{\"@type\":\"NewsArticle\",\"@id\":\"https:\/\/dicodusport.fr\/blog\/la-deception-du-dakar-digeree-sebastien-loeb-rebondit-en-remportant-le-rally-raid-du-portugal\/#article\",\"isPartOf\":{\"@id\":\"https:\/\/dicodusport.fr\/blog\/la-deception-du-dakar-digeree-sebastien-loeb-rebondit-en-remportant-le-rally-raid-du-portugal\/\"},\"author\":{\"name\":\"Maxime Cazenave\",\"@id\":\"https:\/\/dicodusport.fr\/blog\/#\/schema\/person\/37def232098a7a5cbab3974a3690abb0\"},\"headline\":\"La d\u00e9ception du Dakar dig\u00e9r\u00e9e, S\u00e9bastien Loeb rebondit en remportant le rally-raid du Portugal\",\"datePublished\":\"2026-03-23T08:52:51+00:00\",\"dateModified\":\"2026-03-23T09:47:26+00:00\",\"mainEntityOfPage\":{\"@id\":\"https:\/\/dicodusport.fr\/blog\/la-deception-du-dakar-digeree-sebastien-loeb-rebondit-en-remportant-le-rally-raid-du-portugal\/\"},\"wordCount\":711,\"commentCount\":0,\"publisher\":{\"@id\":\"https:\/\/dicodusport.fr\/blog\/#organization\"},\"image\":{\"@id\":\"https:\/\/dicodusport.fr\/blog\/la-deception-du-dakar-digeree-sebastien-loeb-rebondit-en-remportant-le-rally-raid-du-portugal\/#primaryimage\"},\"thumbnailUrl\":\"https:\/\/dicodusport.fr\/blog\/wp-content\/uploads\/2026\/03\/La-deception-du-Dakar-digeree-Sebastien-Loeb-rebondit-en-remportant-le-rally-raid-du-Portugal.png\",\"keywords\":[\"br\u00e8ve\",\"Rallye\",\"s\u00e9bastien loeb\"],\"articleSection\":[\"Rallye\"],\"inLanguage\":\"fr-FR\",\"potentialAction\":[{\"@type\":\"CommentAction\",\"name\":\"Comment\",\"target\":[\"https:\/\/dicodusport.fr\/blog\/la-deception-du-dakar-digeree-sebastien-loeb-rebondit-en-remportant-le-rally-raid-du-portugal\/#respond\"]}],\"copyrightYear\":\"2026\",\"copyrightHolder\":{\"@id\":\"https:\/\/dicodusport.fr\/blog\/#organization\"}},{\"@type\":\"WebPage\",\"@id\":\"https:\/\/dicodusport.fr\/blog\/la-deception-du-dakar-digeree-sebastien-loeb-rebondit-en-remportant-le-rally-raid-du-portugal\/\",\"url\":\"https:\/\/dicodusport.fr\/blog\/la-deception-du-dakar-digeree-sebastien-loeb-rebondit-en-remportant-le-rally-raid-du-portugal\/\",\"name\":\"La d\u00e9ception du Dakar dig\u00e9r\u00e9e, S\u00e9bastien Loeb rebondit en remportant le rally-raid du Portugal\",\"isPartOf\":{\"@id\":\"https:\/\/dicodusport.fr\/blog\/#website\"},\"primaryImageOfPage\":{\"@id\":\"https:\/\/dicodusport.fr\/blog\/la-deception-du-dakar-digeree-sebastien-loeb-rebondit-en-remportant-le-rally-raid-du-portugal\/#primaryimage\"},\"image\":{\"@id\":\"https:\/\/dicodusport.fr\/blog\/la-deception-du-dakar-digeree-sebastien-loeb-rebondit-en-remportant-le-rally-raid-du-portugal\/#primaryimage\"},\"thumbnailUrl\":\"https:\/\/dicodusport.fr\/blog\/wp-content\/uploads\/2026\/03\/La-deception-du-Dakar-digeree-Sebastien-Loeb-rebondit-en-remportant-le-rally-raid-du-Portugal.png\",\"datePublished\":\"2026-03-23T08:52:51+00:00\",\"dateModified\":\"2026-03-23T09:47:26+00:00\",\"description\":\"RALLY-RAID W2RC - Ce weekend, S\u00e9bastien Loeb a obtenu son 3\u00e8me succ\u00e8s en carri\u00e8re en W2RC en remportant le rally-raid du Portugal.\",\"breadcrumb\":{\"@id\":\"https:\/\/dicodusport.fr\/blog\/la-deception-du-dakar-digeree-sebastien-loeb-rebondit-en-remportant-le-rally-raid-du-portugal\/#breadcrumb\"},\"inLanguage\":\"fr-FR\",\"potentialAction\":[{\"@type\":\"ReadAction\",\"target\":[\"https:\/\/dicodusport.fr\/blog\/la-deception-du-dakar-digeree-sebastien-loeb-rebondit-en-remportant-le-rally-raid-du-portugal\/\"]}]},{\"@type\":\"ImageObject\",\"inLanguage\":\"fr-FR\",\"@id\":\"https:\/\/dicodusport.fr\/blog\/la-deception-du-dakar-digeree-sebastien-loeb-rebondit-en-remportant-le-rally-raid-du-portugal\/#primaryimage\",\"url\":\"https:\/\/dicodusport.fr\/blog\/wp-content\/uploads\/2026\/03\/La-deception-du-Dakar-digeree-Sebastien-Loeb-rebondit-en-remportant-le-rally-raid-du-Portugal.png\",\"contentUrl\":\"https:\/\/dicodusport.fr\/blog\/wp-content\/uploads\/2026\/03\/La-deception-du-Dakar-digeree-Sebastien-Loeb-rebondit-en-remportant-le-rally-raid-du-Portugal.png\",\"width\":1200,\"height\":674,\"caption\":\"La d\u00e9ception du Dakar dig\u00e9r\u00e9e, S\u00e9bastien Loeb rebondit en remportant le rally-raid du Portugal\"},{\"@type\":\"BreadcrumbList\",\"@id\":\"https:\/\/dicodusport.fr\/blog\/la-deception-du-dakar-digeree-sebastien-loeb-rebondit-en-remportant-le-rally-raid-du-portugal\/#breadcrumb\",\"itemListElement\":[{\"@type\":\"ListItem\",\"position\":1,\"name\":\"Accueil\",\"item\":\"https:\/\/dicodusport.fr\/blog\/\"},{\"@type\":\"ListItem\",\"position\":2,\"name\":\"La d\u00e9ception du Dakar dig\u00e9r\u00e9e, S\u00e9bastien Loeb rebondit en remportant le rally-raid du Portugal\"}]},{\"@type\":\"WebSite\",\"@id\":\"https:\/\/dicodusport.fr\/blog\/#website\",\"url\":\"https:\/\/dicodusport.fr\/blog\/\",\"name\":\"Dicodusport\",\"description\":\"L&#039;encyclop\u00e9die de l&#039;actualit\u00e9 sportive\",\"publisher\":{\"@id\":\"https:\/\/dicodusport.fr\/blog\/#organization\"},\"potentialAction\":[{\"@type\":\"SearchAction\",\"target\":{\"@type\":\"EntryPoint\",\"urlTemplate\":\"https:\/\/dicodusport.fr\/blog\/?s={search_term_string}\"},\"query-input\":{\"@type\":\"PropertyValueSpecification\",\"valueRequired\":true,\"valueName\":\"search_term_string\"}}],\"inLanguage\":\"fr-FR\"},{\"@type\":\"NewsMediaOrganization\",\"@id\":\"https:\/\/dicodusport.fr\/blog\/#organization\",\"name\":\"Dicodusport\",\"url\":\"https:\/\/dicodusport.fr\/blog\/\",\"logo\":{\"@type\":\"ImageObject\",\"inLanguage\":\"fr-FR\",\"@id\":\"https:\/\/dicodusport.fr\/blog\/#\/schema\/logo\/image\/\",\"url\":\"https:\/\/dicodusport.fr\/blog\/wp-content\/uploads\/2020\/06\/cropped-LOGO-DICODUSPORT-2020-SANS-FOND-SANS-TEXTE.png\",\"contentUrl\":\"https:\/\/dicodusport.fr\/blog\/wp-content\/uploads\/2020\/06\/cropped-LOGO-DICODUSPORT-2020-SANS-FOND-SANS-TEXTE.png\",\"width\":512,\"height\":512,\"caption\":\"Dicodusport\"},\"image\":{\"@id\":\"https:\/\/dicodusport.fr\/blog\/#\/schema\/logo\/image\/\"},\"sameAs\":[\"https:\/\/www.facebook.com\/dicodusport\",\"https:\/\/x.com\/dicodusport\",\"https:\/\/www.instagram.com\/dicodusport\/\",\"https:\/\/www.youtube.com\/channel\/UC7V2KZ5sd3htJivAbA4ZG3w\"],\"description\":\"Dicodusport est l'encyclop\u00e9die de l'actualit\u00e9 sportive.\",\"email\":\"bonjour@dicodusport.fr\",\"legalName\":\"DICODUSPORT\",\"foundingDate\":\"2018-01-14\",\"vatID\":\"FR71834470973\",\"taxID\":\"83447097300043\",\"numberOfEmployees\":{\"@type\":\"QuantitativeValue\",\"minValue\":\"1\",\"maxValue\":\"10\"}},{\"@type\":\"Person\",\"@id\":\"https:\/\/dicodusport.fr\/blog\/#\/schema\/person\/37def232098a7a5cbab3974a3690abb0\",\"name\":\"Maxime Cazenave\",\"image\":{\"@type\":\"ImageObject\",\"inLanguage\":\"fr-FR\",\"@id\":\"https:\/\/dicodusport.fr\/blog\/#\/schema\/person\/image\/\",\"url\":\"https:\/\/dicodusport.fr\/blog\/wp-content\/uploads\/2021\/05\/Maxime-Cazenave-150x150.jpg\",\"contentUrl\":\"https:\/\/dicodusport.fr\/blog\/wp-content\/uploads\/2021\/05\/Maxime-Cazenave-150x150.jpg\",\"caption\":\"Maxime Cazenave\"},\"description\":\"Journaliste\/R\u00e9dacteur depuis 2012 - Berc\u00e9 par l\u2019amour des Girondins de Bordeaux, les \u00e9checs de Christophe Moreau sur le Tour de France sous l'\u00e8re Lance Armstrong et le fade-away l\u00e9tal de Dirk Nowitzki, ma passion d\u00e9vorante pour le sport a toujours \u00e9t\u00e9 un pan incontournable de ma vie. Transmettre ma passion \u00e0 l\u2019\u00e9crit a \u00e9t\u00e9 une transition naturelle. Suiveur assidu de basket et de hockey sur glace, je garde toujours un peu de place pour suivre le cyclisme, le football et le maximum de performances fran\u00e7aises.\",\"sameAs\":[\"https:\/\/x.com\/https:\/\/twitter.com\/Maxime_Caze\"],\"url\":\"https:\/\/dicodusport.fr\/blog\/author\/maximec\/\"}]}<\/script>\n<!-- \/ Yoast SEO Premium plugin. -->","yoast_head_json":{"title":"La d\u00e9ception du Dakar dig\u00e9r\u00e9e, S\u00e9bastien Loeb rebondit en remportant le rally-raid du Portugal","description":"RALLY-RAID W2RC - Ce weekend, S\u00e9bastien Loeb a obtenu son 3\u00e8me succ\u00e8s en carri\u00e8re en W2RC en remportant le rally-raid du Portugal.","robots":{"index":"index","follow":"follow","max-snippet":"max-snippet:-1","max-image-preview":"max-image-preview:large","max-video-preview":"max-video-preview:-1"},"canonical":"https:\/\/dicodusport.fr\/blog\/la-deception-du-dakar-digeree-sebastien-loeb-rebondit-en-remportant-le-rally-raid-du-portugal\/","og_locale":"fr_FR","og_type":"article","og_title":"La d\u00e9ception du Dakar dig\u00e9r\u00e9e, S\u00e9bastien Loeb rebondit en remportant le rally-raid du Portugal","og_description":"RALLY-RAID W2RC - Ce weekend, S\u00e9bastien Loeb a obtenu son 3\u00e8me succ\u00e8s en carri\u00e8re en W2RC en remportant le rally-raid du Portugal.","og_url":"https:\/\/dicodusport.fr\/blog\/la-deception-du-dakar-digeree-sebastien-loeb-rebondit-en-remportant-le-rally-raid-du-portugal\/","og_site_name":"Dicodusport","article_publisher":"https:\/\/www.facebook.com\/dicodusport","article_published_time":"2026-03-23T08:52:51+00:00","article_modified_time":"2026-03-23T09:47:26+00:00","og_image":[{"width":1200,"height":674,"url":"https:\/\/dicodusport.fr\/blog\/wp-content\/uploads\/2026\/03\/La-deception-du-Dakar-digeree-Sebastien-Loeb-rebondit-en-remportant-le-rally-raid-du-Portugal.png","type":"image\/png"}],"author":"Maxime Cazenave","twitter_card":"summary_large_image","twitter_title":"La d\u00e9ception du Dakar dig\u00e9r\u00e9e, S\u00e9bastien Loeb rebondit en remportant le rally-raid du Portugal","twitter_creator":"@https:\/\/twitter.com\/Maxime_Caze","twitter_site":"@dicodusport","schema":{"@context":"https:\/\/schema.org","@graph":[{"@type":"NewsArticle","@id":"https:\/\/dicodusport.fr\/blog\/la-deception-du-dakar-digeree-sebastien-loeb-rebondit-en-remportant-le-rally-raid-du-portugal\/#article","isPartOf":{"@id":"https:\/\/dicodusport.fr\/blog\/la-deception-du-dakar-digeree-sebastien-loeb-rebondit-en-remportant-le-rally-raid-du-portugal\/"},"author":{"name":"Maxime Cazenave","@id":"https:\/\/dicodusport.fr\/blog\/#\/schema\/person\/37def232098a7a5cbab3974a3690abb0"},"headline":"La d\u00e9ception du Dakar dig\u00e9r\u00e9e, S\u00e9bastien Loeb rebondit en remportant le rally-raid du Portugal","datePublished":"2026-03-23T08:52:51+00:00","dateModified":"2026-03-23T09:47:26+00:00","mainEntityOfPage":{"@id":"https:\/\/dicodusport.fr\/blog\/la-deception-du-dakar-digeree-sebastien-loeb-rebondit-en-remportant-le-rally-raid-du-portugal\/"},"wordCount":711,"commentCount":0,"publisher":{"@id":"https:\/\/dicodusport.fr\/blog\/#organization"},"image":{"@id":"https:\/\/dicodusport.fr\/blog\/la-deception-du-dakar-digeree-sebastien-loeb-rebondit-en-remportant-le-rally-raid-du-portugal\/#primaryimage"},"thumbnailUrl":"https:\/\/dicodusport.fr\/blog\/wp-content\/uploads\/2026\/03\/La-deception-du-Dakar-digeree-Sebastien-Loeb-rebondit-en-remportant-le-rally-raid-du-Portugal.png","keywords":["br\u00e8ve","Rallye","s\u00e9bastien loeb"],"articleSection":["Rallye"],"inLanguage":"fr-FR","potentialAction":[{"@type":"CommentAction","name":"Comment","target":["https:\/\/dicodusport.fr\/blog\/la-deception-du-dakar-digeree-sebastien-loeb-rebondit-en-remportant-le-rally-raid-du-portugal\/#respond"]}],"copyrightYear":"2026","copyrightHolder":{"@id":"https:\/\/dicodusport.fr\/blog\/#organization"}},{"@type":"WebPage","@id":"https:\/\/dicodusport.fr\/blog\/la-deception-du-dakar-digeree-sebastien-loeb-rebondit-en-remportant-le-rally-raid-du-portugal\/","url":"https:\/\/dicodusport.fr\/blog\/la-deception-du-dakar-digeree-sebastien-loeb-rebondit-en-remportant-le-rally-raid-du-portugal\/","name":"La d\u00e9ception du Dakar dig\u00e9r\u00e9e, S\u00e9bastien Loeb rebondit en remportant le rally-raid du Portugal","isPartOf":{"@id":"https:\/\/dicodusport.fr\/blog\/#website"},"primaryImageOfPage":{"@id":"https:\/\/dicodusport.fr\/blog\/la-deception-du-dakar-digeree-sebastien-loeb-rebondit-en-remportant-le-rally-raid-du-portugal\/#primaryimage"},"image":{"@id":"https:\/\/dicodusport.fr\/blog\/la-deception-du-dakar-digeree-sebastien-loeb-rebondit-en-remportant-le-rally-raid-du-portugal\/#primaryimage"},"thumbnailUrl":"https:\/\/dicodusport.fr\/blog\/wp-content\/uploads\/2026\/03\/La-deception-du-Dakar-digeree-Sebastien-Loeb-rebondit-en-remportant-le-rally-raid-du-Portugal.png","datePublished":"2026-03-23T08:52:51+00:00","dateModified":"2026-03-23T09:47:26+00:00","description":"RALLY-RAID W2RC - Ce weekend, S\u00e9bastien Loeb a obtenu son 3\u00e8me succ\u00e8s en carri\u00e8re en W2RC en remportant le rally-raid du Portugal.","breadcrumb":{"@id":"https:\/\/dicodusport.fr\/blog\/la-deception-du-dakar-digeree-sebastien-loeb-rebondit-en-remportant-le-rally-raid-du-portugal\/#breadcrumb"},"inLanguage":"fr-FR","potentialAction":[{"@type":"ReadAction","target":["https:\/\/dicodusport.fr\/blog\/la-deception-du-dakar-digeree-sebastien-loeb-rebondit-en-remportant-le-rally-raid-du-portugal\/"]}]},{"@type":"ImageObject","inLanguage":"fr-FR","@id":"https:\/\/dicodusport.fr\/blog\/la-deception-du-dakar-digeree-sebastien-loeb-rebondit-en-remportant-le-rally-raid-du-portugal\/#primaryimage","url":"https:\/\/dicodusport.fr\/blog\/wp-content\/uploads\/2026\/03\/La-deception-du-Dakar-digeree-Sebastien-Loeb-rebondit-en-remportant-le-rally-raid-du-Portugal.png","contentUrl":"https:\/\/dicodusport.fr\/blog\/wp-content\/uploads\/2026\/03\/La-deception-du-Dakar-digeree-Sebastien-Loeb-rebondit-en-remportant-le-rally-raid-du-Portugal.png","width":1200,"height":674,"caption":"La d\u00e9ception du Dakar dig\u00e9r\u00e9e, S\u00e9bastien Loeb rebondit en remportant le rally-raid du Portugal"},{"@type":"BreadcrumbList","@id":"https:\/\/dicodusport.fr\/blog\/la-deception-du-dakar-digeree-sebastien-loeb-rebondit-en-remportant-le-rally-raid-du-portugal\/#breadcrumb","itemListElement":[{"@type":"ListItem","position":1,"name":"Accueil","item":"https:\/\/dicodusport.fr\/blog\/"},{"@type":"ListItem","position":2,"name":"La d\u00e9ception du Dakar dig\u00e9r\u00e9e, S\u00e9bastien Loeb rebondit en remportant le rally-raid du Portugal"}]},{"@type":"WebSite","@id":"https:\/\/dicodusport.fr\/blog\/#website","url":"https:\/\/dicodusport.fr\/blog\/","name":"Dicodusport","description":"L&#039;encyclop\u00e9die de l&#039;actualit\u00e9 sportive","publisher":{"@id":"https:\/\/dicodusport.fr\/blog\/#organization"},"potentialAction":[{"@type":"SearchAction","target":{"@type":"EntryPoint","urlTemplate":"https:\/\/dicodusport.fr\/blog\/?s={search_term_string}"},"query-input":{"@type":"PropertyValueSpecification","valueRequired":true,"valueName":"search_term_string"}}],"inLanguage":"fr-FR"},{"@type":"NewsMediaOrganization","@id":"https:\/\/dicodusport.fr\/blog\/#organization","name":"Dicodusport","url":"https:\/\/dicodusport.fr\/blog\/","logo":{"@type":"ImageObject","inLanguage":"fr-FR","@id":"https:\/\/dicodusport.fr\/blog\/#\/schema\/logo\/image\/","url":"https:\/\/dicodusport.fr\/blog\/wp-content\/uploads\/2020\/06\/cropped-LOGO-DICODUSPORT-2020-SANS-FOND-SANS-TEXTE.png","contentUrl":"https:\/\/dicodusport.fr\/blog\/wp-content\/uploads\/2020\/06\/cropped-LOGO-DICODUSPORT-2020-SANS-FOND-SANS-TEXTE.png","width":512,"height":512,"caption":"Dicodusport"},"image":{"@id":"https:\/\/dicodusport.fr\/blog\/#\/schema\/logo\/image\/"},"sameAs":["https:\/\/www.facebook.com\/dicodusport","https:\/\/x.com\/dicodusport","https:\/\/www.instagram.com\/dicodusport\/","https:\/\/www.youtube.com\/channel\/UC7V2KZ5sd3htJivAbA4ZG3w"],"description":"Dicodusport est l'encyclop\u00e9die de l'actualit\u00e9 sportive.","email":"bonjour@dicodusport.fr","legalName":"DICODUSPORT","foundingDate":"2018-01-14","vatID":"FR71834470973","taxID":"83447097300043","numberOfEmployees":{"@type":"QuantitativeValue","minValue":"1","maxValue":"10"}},{"@type":"Person","@id":"https:\/\/dicodusport.fr\/blog\/#\/schema\/person\/37def232098a7a5cbab3974a3690abb0","name":"Maxime Cazenave","image":{"@type":"ImageObject","inLanguage":"fr-FR","@id":"https:\/\/dicodusport.fr\/blog\/#\/schema\/person\/image\/","url":"https:\/\/dicodusport.fr\/blog\/wp-content\/uploads\/2021\/05\/Maxime-Cazenave-150x150.jpg","contentUrl":"https:\/\/dicodusport.fr\/blog\/wp-content\/uploads\/2021\/05\/Maxime-Cazenave-150x150.jpg","caption":"Maxime Cazenave"},"description":"Journaliste\/R\u00e9dacteur depuis 2012 - Berc\u00e9 par l\u2019amour des Girondins de Bordeaux, les \u00e9checs de Christophe Moreau sur le Tour de France sous l'\u00e8re Lance Armstrong et le fade-away l\u00e9tal de Dirk Nowitzki, ma passion d\u00e9vorante pour le sport a toujours \u00e9t\u00e9 un pan incontournable de ma vie. Transmettre ma passion \u00e0 l\u2019\u00e9crit a \u00e9t\u00e9 une transition naturelle. Suiveur assidu de basket et de hockey sur glace, je garde toujours un peu de place pour suivre le cyclisme, le football et le maximum de performances fran\u00e7aises.","sameAs":["https:\/\/x.com\/https:\/\/twitter.com\/Maxime_Caze"],"url":"https:\/\/dicodusport.fr\/blog\/author\/maximec\/"}]}},"_links":{"self":[{"href":"https:\/\/dicodusport.fr\/blog\/wp-json\/wp\/v2\/posts\/657790","targetHints":{"allow":["GET"]}}],"collection":[{"href":"https:\/\/dicodusport.fr\/blog\/wp-json\/wp\/v2\/posts"}],"about":[{"href":"https:\/\/dicodusport.fr\/blog\/wp-json\/wp\/v2\/types\/post"}],"author":[{"embeddable":true,"href":"https:\/\/dicodusport.fr\/blog\/wp-json\/wp\/v2\/users\/55"}],"replies":[{"embeddable":true,"href":"https:\/\/dicodusport.fr\/blog\/wp-json\/wp\/v2\/comments?post=657790"}],"version-history":[{"count":5,"href":"https:\/\/dicodusport.fr\/blog\/wp-json\/wp\/v2\/posts\/657790\/revisions"}],"predecessor-version":[{"id":657813,"href":"https:\/\/dicodusport.fr\/blog\/wp-json\/wp\/v2\/posts\/657790\/revisions\/657813"}],"wp:featuredmedia":[{"embeddable":true,"href":"https:\/\/dicodusport.fr\/blog\/wp-json\/wp\/v2\/media\/657791"}],"wp:attachment":[{"href":"https:\/\/dicodusport.fr\/blog\/wp-json\/wp\/v2\/media?parent=657790"}],"wp:term":[{"taxonomy":"category","embeddable":true,"href":"https:\/\/dicodusport.fr\/blog\/wp-json\/wp\/v2\/categories?post=657790"},{"taxonomy":"post_tag","embeddable":true,"href":"https:\/\/dicodusport.fr\/blog\/wp-json\/wp\/v2\/tags?post=657790"}],"curies":[{"name":"wp","href":"https:\/\/api.w.org\/{rel}","templated":true}]}}