{"id":657795,"date":"2026-03-23T10:50:34","date_gmt":"2026-03-23T09:50:34","guid":{"rendered":"https:\/\/dicodusport.fr\/blog\/?p=657795&#038;preview=true&#038;preview_id=657795"},"modified":"2026-03-23T13:33:12","modified_gmt":"2026-03-23T12:33:12","slug":"premiere-etape-de-coupe-du-monde-de-para-cyclisme-aboutie-pour-les-bleus-9-medailles-dont-5-en-or-a-chiang-mai","status":"publish","type":"post","link":"https:\/\/dicodusport.fr\/blog\/premiere-etape-de-coupe-du-monde-de-para-cyclisme-aboutie-pour-les-bleus-9-medailles-dont-5-en-or-a-chiang-mai\/","title":{"rendered":"Premi\u00e8re \u00e9tape de Coupe du monde de para cyclisme aboutie pour les Bleus : 9 m\u00e9dailles dont 5 en or \u00e0 Chiang Mai"},"content":{"rendered":"<p style=\"text-align: justify;\"><strong><em>COUPE DU MONDE DE PARA CYCLISME &#8211; \u00c0 Chiang Mai (Tha\u00eflande), le collectif tricolore s&rsquo;est montr\u00e9 \u00e0 son avantage en accumulant les m\u00e9dailles.\u00a0<\/em><\/strong><\/p>\n<p style=\"text-align: justify;\">Au milieu de ce riche weekend de cyclisme marqu\u00e9 par <a href=\"https:\/\/dicodusport.fr\/blog\/tadej-pogacar-soffre-enfin-milan-san-remo-apres-un-superbe-mano-a-mano-avec-tom-pidcock\/\">Milan-San Remo<\/a>, la <strong>Coupe du monde de para cyclisme<\/strong> effectuait sa rentr\u00e9e du c\u00f4t\u00e9 de <strong>Chiang Mai<\/strong>, en <strong>Tha\u00eflande<\/strong>. Si plusieurs habituels cadres de l&rsquo;\u00e9quipe de France manquaient \u00e0 l&rsquo;appel, les Bleus ont tout de m\u00eame accumul\u00e9 les r\u00e9sultats positifs gr\u00e2ce au contingent ayant fait le d\u00e9placement.<\/p>\n<h2 style=\"text-align: justify;\">Le doubl\u00e9 pour Eliott Pierre et Louis Hubert<\/h2>\n<p style=\"text-align: justify;\">Deux gar\u00e7ons se sont particuli\u00e8rement signal\u00e9s en s&rsquo;imposant \u00e0 la fois sur le contre-la-montre et la course en ligne. R\u00e9cemment pass\u00e9 professionnel au sein de la structure Cofidis,<strong> Eliott Pierre<\/strong> a confirm\u00e9 ses bonnes dispositions aper\u00e7ues lors des <a href=\"https:\/\/dicodusport.fr\/blog\/mondiaux-para-cyclisme-2025-avec-9-nouvelles-medailles-les-bleus-terminent-en-tete-du-classement-des-nations\/\">derniers Mondiaux<\/a> (m\u00e9daille de bronze). En cat\u00e9gorie C5, le coureur de 25 ans n&rsquo;a laiss\u00e9 aucune chance \u00e0 ses rivaux en s&rsquo;imposant avec 18 secondes d&rsquo;avance sur le contre-la-montre, et plus de deux minutes sur l&rsquo;\u00e9preuve en ligne !<\/p>\n<p style=\"text-align: justify;\">\u00c9galement engag\u00e9 sous les couleurs de Cofidis, <strong>Louis Hubert<\/strong> a lui confirm\u00e9 qu&rsquo;il \u00e9tait l&rsquo;avenir des Bleus du para cyclisme. \u00c0 seulement 19 ans, ce dernier a \u00e9cras\u00e9 la cat\u00e9gorie C3 en collant plus de 3 minutes \u00e0 ses adversaires sur le contre-la-montre. Puis, il a une nouvelle fois domin\u00e9 l&rsquo;\u00e9preuve en ligne, repoussant notamment l&rsquo;incontournable<strong> Thomas Peyroton-Dartet<\/strong> (41 ans) \u00e0 plus d&rsquo;une minute. Les deux hommes offrent d&rsquo;ailleurs l\u00e0 l&rsquo;unique double podium tricolore sur cette \u00e9tape.<\/p>\n<blockquote class=\"twitter-tweet\">\n<p dir=\"ltr\" lang=\"fr\">Le doubl\u00e9 pour Louis Hubert ! \ud83c\udfc6<\/p>\n<p>Comme Eliott Pierre en C5, Louis Hubert r\u00e9alise le doubl\u00e9 contre-la-montre \/ course en ligne lors de la coupe du Monde de Chiang Mai \ud83c\uddf9\ud83c\udded dans la cat\u00e9gorie C3 \ud83d\udd25<\/p>\n<p>Just like Eliott Pierre in the C5 category, Louis Hubert swept both the time trial\u2026 <a href=\"https:\/\/t.co\/jbN6JktRlX\">pic.twitter.com\/jbN6JktRlX<\/a><\/p>\n<p>\u2014 Team Cofidis (@TeamCOFIDIS) <a href=\"https:\/\/twitter.com\/TeamCOFIDIS\/status\/2035323489893118343?ref_src=twsrc%5Etfw\">March 21, 2026<\/a><\/p><\/blockquote>\n<p style=\"text-align: justify;\"><script async src=\"https:\/\/platform.twitter.com\/widgets.js\" charset=\"utf-8\"><\/script><\/p>\n<p style=\"text-align: justify;\">Autre grand espoir, mais qui a d\u00e9j\u00e0 confirm\u00e9 sur les plus grandes sc\u00e8nes, <strong>Gatien Le Rousseau<\/strong> a fris\u00e9 la m\u00eame performance en cat\u00e9gorie C4. Vainqueur sur le chrono, il s&rsquo;est en revanche content\u00e9 de la 2\u00e8me place en ligne. Pour compl\u00e9ter ce beau palmar\u00e8s, <strong>Rapha\u00ebl Beaugillet<\/strong> a d\u00e9croch\u00e9 une m\u00e9daille d&rsquo;argent suppl\u00e9mentaire en tandem, alors que<strong> Katell Alen\u00e7on<\/strong> boucle le joli palmar\u00e8s tricolore avec du bronze.<\/p>\n<h3 style=\"text-align: justify;\">Les r\u00e9sultats des Fran\u00e7ais \u00e0 Chiang Mai<\/h3>\n<p style=\"text-align: justify;\"><strong><em>Or (5)<\/em><\/strong> : Louis HUBERT X2 (CLM et CEL C3), Gatien LE ROUSSEAU (CLM C4), Eliott PIERRE X2 (CLM et CEL C5).<\/p>\n<p style=\"text-align: justify;\"><strong><em>Argent (3)<\/em><\/strong> : Rapha\u00ebl BEAUGILLET (CEL tandem), Gatien LE ROUSSEAU (CEL C4), Thomas PEYROTON-DARTET (CEL C3).<\/p>\n<p style=\"text-align: justify;\"><strong><em>Bronze (1)<\/em><\/strong> : Katell ALEN\u00c7ON (CEL C4).<\/p>\n","protected":false},"excerpt":{"rendered":"<p>COUPE DU MONDE DE PARA CYCLISME &#8211; \u00c0 Chiang Mai (Tha\u00eflande), le collectif tricolore s&rsquo;est montr\u00e9 \u00e0 son avantage en accumulant les m\u00e9dailles.\u00a0<\/p>\n","protected":false},"author":55,"featured_media":657796,"comment_status":"open","ping_status":"closed","sticky":false,"template":"","format":"standard","meta":{"_acf_changed":false,"_daextam_enable_autolinks":"1","footnotes":""},"categories":[46994,5753],"tags":[16878,18947,41639],"class_list":["post-657795","post","type-post","status-publish","format-standard","has-post-thumbnail","hentry","category-cyclisme-sur-route","category-handisport","tag-breve","tag-para-cyclisme","tag-para-cyclisme-sur-route"],"acf":[],"yoast_head":"<!-- This site is optimized with the Yoast SEO Premium plugin v26.7 (Yoast SEO v26.7) - https:\/\/yoast.com\/wordpress\/plugins\/seo\/ -->\n<title>Premi\u00e8re \u00e9tape de Coupe du monde de para cyclisme aboutie pour les Bleus : 9 m\u00e9dailles dont 5 en or \u00e0 Chiang Mai<\/title>\n<meta name=\"description\" content=\"COUPE DU MONDE DE PARA CYCLISME - \u00c0 Chiang Mai (Tha\u00eflande), le collectif tricolore s&#039;est montr\u00e9 \u00e0 son avantage en accumulant les m\u00e9dailles.\u00a0\" \/>\n<meta name=\"robots\" content=\"index, follow, max-snippet:-1, max-image-preview:large, max-video-preview:-1\" \/>\n<link rel=\"canonical\" href=\"https:\/\/dicodusport.fr\/blog\/premiere-etape-de-coupe-du-monde-de-para-cyclisme-aboutie-pour-les-bleus-9-medailles-dont-5-en-or-a-chiang-mai\/\" \/>\n<meta property=\"og:locale\" content=\"fr_FR\" \/>\n<meta property=\"og:type\" content=\"article\" \/>\n<meta property=\"og:title\" content=\"Premi\u00e8re \u00e9tape de Coupe du monde de para cyclisme aboutie pour les Bleus : 9 m\u00e9dailles dont 5 en or \u00e0 Chiang Mai\" \/>\n<meta property=\"og:description\" content=\"COUPE DU MONDE DE PARA CYCLISME - \u00c0 Chiang Mai (Tha\u00eflande), le collectif tricolore s&#039;est montr\u00e9 \u00e0 son avantage en accumulant les m\u00e9dailles.\u00a0\" \/>\n<meta property=\"og:url\" content=\"https:\/\/dicodusport.fr\/blog\/premiere-etape-de-coupe-du-monde-de-para-cyclisme-aboutie-pour-les-bleus-9-medailles-dont-5-en-or-a-chiang-mai\/\" \/>\n<meta property=\"og:site_name\" content=\"Dicodusport\" \/>\n<meta property=\"article:publisher\" content=\"https:\/\/www.facebook.com\/dicodusport\" \/>\n<meta property=\"article:published_time\" content=\"2026-03-23T09:50:34+00:00\" \/>\n<meta property=\"article:modified_time\" content=\"2026-03-23T12:33:12+00:00\" \/>\n<meta property=\"og:image\" content=\"https:\/\/dicodusport.fr\/blog\/wp-content\/uploads\/2026\/03\/Premiere-etape-de-Coupe-du-monde-de-para-cyclisme-aboutie-pour-les-Bleus-9-medailles-dont-5-en-or-a-Chiang-Mai.png\" \/>\n\t<meta property=\"og:image:width\" content=\"1200\" \/>\n\t<meta property=\"og:image:height\" content=\"674\" \/>\n\t<meta property=\"og:image:type\" content=\"image\/png\" \/>\n<meta name=\"author\" content=\"Maxime Cazenave\" \/>\n<meta name=\"twitter:card\" content=\"summary_large_image\" \/>\n<meta name=\"twitter:title\" content=\"Premi\u00e8re \u00e9tape de Coupe du monde de para cyclisme aboutie pour les Bleus : 9 m\u00e9dailles dont 5 en or \u00e0 Chiang Mai\" \/>\n<meta name=\"twitter:creator\" content=\"@https:\/\/twitter.com\/Maxime_Caze\" \/>\n<meta name=\"twitter:site\" content=\"@dicodusport\" \/>\n<script type=\"application\/ld+json\" class=\"yoast-schema-graph\">{\"@context\":\"https:\/\/schema.org\",\"@graph\":[{\"@type\":\"NewsArticle\",\"@id\":\"https:\/\/dicodusport.fr\/blog\/premiere-etape-de-coupe-du-monde-de-para-cyclisme-aboutie-pour-les-bleus-9-medailles-dont-5-en-or-a-chiang-mai\/#article\",\"isPartOf\":{\"@id\":\"https:\/\/dicodusport.fr\/blog\/premiere-etape-de-coupe-du-monde-de-para-cyclisme-aboutie-pour-les-bleus-9-medailles-dont-5-en-or-a-chiang-mai\/\"},\"author\":{\"name\":\"Maxime Cazenave\",\"@id\":\"https:\/\/dicodusport.fr\/blog\/#\/schema\/person\/37def232098a7a5cbab3974a3690abb0\"},\"headline\":\"Premi\u00e8re \u00e9tape de Coupe du monde de para cyclisme aboutie pour les Bleus : 9 m\u00e9dailles dont 5 en or \u00e0 Chiang Mai\",\"datePublished\":\"2026-03-23T09:50:34+00:00\",\"dateModified\":\"2026-03-23T12:33:12+00:00\",\"mainEntityOfPage\":{\"@id\":\"https:\/\/dicodusport.fr\/blog\/premiere-etape-de-coupe-du-monde-de-para-cyclisme-aboutie-pour-les-bleus-9-medailles-dont-5-en-or-a-chiang-mai\/\"},\"wordCount\":468,\"commentCount\":0,\"publisher\":{\"@id\":\"https:\/\/dicodusport.fr\/blog\/#organization\"},\"image\":{\"@id\":\"https:\/\/dicodusport.fr\/blog\/premiere-etape-de-coupe-du-monde-de-para-cyclisme-aboutie-pour-les-bleus-9-medailles-dont-5-en-or-a-chiang-mai\/#primaryimage\"},\"thumbnailUrl\":\"https:\/\/dicodusport.fr\/blog\/wp-content\/uploads\/2026\/03\/Premiere-etape-de-Coupe-du-monde-de-para-cyclisme-aboutie-pour-les-Bleus-9-medailles-dont-5-en-or-a-Chiang-Mai.png\",\"keywords\":[\"br\u00e8ve\",\"Para cyclisme\",\"Para cyclisme sur route\"],\"articleSection\":[\"Cyclisme sur route\",\"Handisport\"],\"inLanguage\":\"fr-FR\",\"potentialAction\":[{\"@type\":\"CommentAction\",\"name\":\"Comment\",\"target\":[\"https:\/\/dicodusport.fr\/blog\/premiere-etape-de-coupe-du-monde-de-para-cyclisme-aboutie-pour-les-bleus-9-medailles-dont-5-en-or-a-chiang-mai\/#respond\"]}],\"copyrightYear\":\"2026\",\"copyrightHolder\":{\"@id\":\"https:\/\/dicodusport.fr\/blog\/#organization\"}},{\"@type\":\"WebPage\",\"@id\":\"https:\/\/dicodusport.fr\/blog\/premiere-etape-de-coupe-du-monde-de-para-cyclisme-aboutie-pour-les-bleus-9-medailles-dont-5-en-or-a-chiang-mai\/\",\"url\":\"https:\/\/dicodusport.fr\/blog\/premiere-etape-de-coupe-du-monde-de-para-cyclisme-aboutie-pour-les-bleus-9-medailles-dont-5-en-or-a-chiang-mai\/\",\"name\":\"Premi\u00e8re \u00e9tape de Coupe du monde de para cyclisme aboutie pour les Bleus : 9 m\u00e9dailles dont 5 en or \u00e0 Chiang Mai\",\"isPartOf\":{\"@id\":\"https:\/\/dicodusport.fr\/blog\/#website\"},\"primaryImageOfPage\":{\"@id\":\"https:\/\/dicodusport.fr\/blog\/premiere-etape-de-coupe-du-monde-de-para-cyclisme-aboutie-pour-les-bleus-9-medailles-dont-5-en-or-a-chiang-mai\/#primaryimage\"},\"image\":{\"@id\":\"https:\/\/dicodusport.fr\/blog\/premiere-etape-de-coupe-du-monde-de-para-cyclisme-aboutie-pour-les-bleus-9-medailles-dont-5-en-or-a-chiang-mai\/#primaryimage\"},\"thumbnailUrl\":\"https:\/\/dicodusport.fr\/blog\/wp-content\/uploads\/2026\/03\/Premiere-etape-de-Coupe-du-monde-de-para-cyclisme-aboutie-pour-les-Bleus-9-medailles-dont-5-en-or-a-Chiang-Mai.png\",\"datePublished\":\"2026-03-23T09:50:34+00:00\",\"dateModified\":\"2026-03-23T12:33:12+00:00\",\"description\":\"COUPE DU MONDE DE PARA CYCLISME - \u00c0 Chiang Mai (Tha\u00eflande), le collectif tricolore s'est montr\u00e9 \u00e0 son avantage en accumulant les m\u00e9dailles.\u00a0\",\"breadcrumb\":{\"@id\":\"https:\/\/dicodusport.fr\/blog\/premiere-etape-de-coupe-du-monde-de-para-cyclisme-aboutie-pour-les-bleus-9-medailles-dont-5-en-or-a-chiang-mai\/#breadcrumb\"},\"inLanguage\":\"fr-FR\",\"potentialAction\":[{\"@type\":\"ReadAction\",\"target\":[\"https:\/\/dicodusport.fr\/blog\/premiere-etape-de-coupe-du-monde-de-para-cyclisme-aboutie-pour-les-bleus-9-medailles-dont-5-en-or-a-chiang-mai\/\"]}]},{\"@type\":\"ImageObject\",\"inLanguage\":\"fr-FR\",\"@id\":\"https:\/\/dicodusport.fr\/blog\/premiere-etape-de-coupe-du-monde-de-para-cyclisme-aboutie-pour-les-bleus-9-medailles-dont-5-en-or-a-chiang-mai\/#primaryimage\",\"url\":\"https:\/\/dicodusport.fr\/blog\/wp-content\/uploads\/2026\/03\/Premiere-etape-de-Coupe-du-monde-de-para-cyclisme-aboutie-pour-les-Bleus-9-medailles-dont-5-en-or-a-Chiang-Mai.png\",\"contentUrl\":\"https:\/\/dicodusport.fr\/blog\/wp-content\/uploads\/2026\/03\/Premiere-etape-de-Coupe-du-monde-de-para-cyclisme-aboutie-pour-les-Bleus-9-medailles-dont-5-en-or-a-Chiang-Mai.png\",\"width\":1200,\"height\":674,\"caption\":\"Premi\u00e8re \u00e9tape de Coupe du monde de para cyclisme aboutie pour les Bleus : 9 m\u00e9dailles dont 5 en or \u00e0 Chiang Mai\"},{\"@type\":\"BreadcrumbList\",\"@id\":\"https:\/\/dicodusport.fr\/blog\/premiere-etape-de-coupe-du-monde-de-para-cyclisme-aboutie-pour-les-bleus-9-medailles-dont-5-en-or-a-chiang-mai\/#breadcrumb\",\"itemListElement\":[{\"@type\":\"ListItem\",\"position\":1,\"name\":\"Accueil\",\"item\":\"https:\/\/dicodusport.fr\/blog\/\"},{\"@type\":\"ListItem\",\"position\":2,\"name\":\"Premi\u00e8re \u00e9tape de Coupe du monde de para cyclisme aboutie pour les Bleus : 9 m\u00e9dailles dont 5 en or \u00e0 Chiang Mai\"}]},{\"@type\":\"WebSite\",\"@id\":\"https:\/\/dicodusport.fr\/blog\/#website\",\"url\":\"https:\/\/dicodusport.fr\/blog\/\",\"name\":\"Dicodusport\",\"description\":\"L&#039;encyclop\u00e9die de l&#039;actualit\u00e9 sportive\",\"publisher\":{\"@id\":\"https:\/\/dicodusport.fr\/blog\/#organization\"},\"potentialAction\":[{\"@type\":\"SearchAction\",\"target\":{\"@type\":\"EntryPoint\",\"urlTemplate\":\"https:\/\/dicodusport.fr\/blog\/?s={search_term_string}\"},\"query-input\":{\"@type\":\"PropertyValueSpecification\",\"valueRequired\":true,\"valueName\":\"search_term_string\"}}],\"inLanguage\":\"fr-FR\"},{\"@type\":\"NewsMediaOrganization\",\"@id\":\"https:\/\/dicodusport.fr\/blog\/#organization\",\"name\":\"Dicodusport\",\"url\":\"https:\/\/dicodusport.fr\/blog\/\",\"logo\":{\"@type\":\"ImageObject\",\"inLanguage\":\"fr-FR\",\"@id\":\"https:\/\/dicodusport.fr\/blog\/#\/schema\/logo\/image\/\",\"url\":\"https:\/\/dicodusport.fr\/blog\/wp-content\/uploads\/2020\/06\/cropped-LOGO-DICODUSPORT-2020-SANS-FOND-SANS-TEXTE.png\",\"contentUrl\":\"https:\/\/dicodusport.fr\/blog\/wp-content\/uploads\/2020\/06\/cropped-LOGO-DICODUSPORT-2020-SANS-FOND-SANS-TEXTE.png\",\"width\":512,\"height\":512,\"caption\":\"Dicodusport\"},\"image\":{\"@id\":\"https:\/\/dicodusport.fr\/blog\/#\/schema\/logo\/image\/\"},\"sameAs\":[\"https:\/\/www.facebook.com\/dicodusport\",\"https:\/\/x.com\/dicodusport\",\"https:\/\/www.instagram.com\/dicodusport\/\",\"https:\/\/www.youtube.com\/channel\/UC7V2KZ5sd3htJivAbA4ZG3w\"],\"description\":\"Dicodusport est l'encyclop\u00e9die de l'actualit\u00e9 sportive.\",\"email\":\"bonjour@dicodusport.fr\",\"legalName\":\"DICODUSPORT\",\"foundingDate\":\"2018-01-14\",\"vatID\":\"FR71834470973\",\"taxID\":\"83447097300043\",\"numberOfEmployees\":{\"@type\":\"QuantitativeValue\",\"minValue\":\"1\",\"maxValue\":\"10\"}},{\"@type\":\"Person\",\"@id\":\"https:\/\/dicodusport.fr\/blog\/#\/schema\/person\/37def232098a7a5cbab3974a3690abb0\",\"name\":\"Maxime Cazenave\",\"image\":{\"@type\":\"ImageObject\",\"inLanguage\":\"fr-FR\",\"@id\":\"https:\/\/dicodusport.fr\/blog\/#\/schema\/person\/image\/\",\"url\":\"https:\/\/dicodusport.fr\/blog\/wp-content\/uploads\/2021\/05\/Maxime-Cazenave-150x150.jpg\",\"contentUrl\":\"https:\/\/dicodusport.fr\/blog\/wp-content\/uploads\/2021\/05\/Maxime-Cazenave-150x150.jpg\",\"caption\":\"Maxime Cazenave\"},\"description\":\"Journaliste\/R\u00e9dacteur depuis 2012 - Berc\u00e9 par l\u2019amour des Girondins de Bordeaux, les \u00e9checs de Christophe Moreau sur le Tour de France sous l'\u00e8re Lance Armstrong et le fade-away l\u00e9tal de Dirk Nowitzki, ma passion d\u00e9vorante pour le sport a toujours \u00e9t\u00e9 un pan incontournable de ma vie. Transmettre ma passion \u00e0 l\u2019\u00e9crit a \u00e9t\u00e9 une transition naturelle. Suiveur assidu de basket et de hockey sur glace, je garde toujours un peu de place pour suivre le cyclisme, le football et le maximum de performances fran\u00e7aises.\",\"sameAs\":[\"https:\/\/x.com\/https:\/\/twitter.com\/Maxime_Caze\"],\"url\":\"https:\/\/dicodusport.fr\/blog\/author\/maximec\/\"}]}<\/script>\n<!-- \/ Yoast SEO Premium plugin. -->","yoast_head_json":{"title":"Premi\u00e8re \u00e9tape de Coupe du monde de para cyclisme aboutie pour les Bleus : 9 m\u00e9dailles dont 5 en or \u00e0 Chiang Mai","description":"COUPE DU MONDE DE PARA CYCLISME - \u00c0 Chiang Mai (Tha\u00eflande), le collectif tricolore s'est montr\u00e9 \u00e0 son avantage en accumulant les m\u00e9dailles.\u00a0","robots":{"index":"index","follow":"follow","max-snippet":"max-snippet:-1","max-image-preview":"max-image-preview:large","max-video-preview":"max-video-preview:-1"},"canonical":"https:\/\/dicodusport.fr\/blog\/premiere-etape-de-coupe-du-monde-de-para-cyclisme-aboutie-pour-les-bleus-9-medailles-dont-5-en-or-a-chiang-mai\/","og_locale":"fr_FR","og_type":"article","og_title":"Premi\u00e8re \u00e9tape de Coupe du monde de para cyclisme aboutie pour les Bleus : 9 m\u00e9dailles dont 5 en or \u00e0 Chiang Mai","og_description":"COUPE DU MONDE DE PARA CYCLISME - \u00c0 Chiang Mai (Tha\u00eflande), le collectif tricolore s'est montr\u00e9 \u00e0 son avantage en accumulant les m\u00e9dailles.\u00a0","og_url":"https:\/\/dicodusport.fr\/blog\/premiere-etape-de-coupe-du-monde-de-para-cyclisme-aboutie-pour-les-bleus-9-medailles-dont-5-en-or-a-chiang-mai\/","og_site_name":"Dicodusport","article_publisher":"https:\/\/www.facebook.com\/dicodusport","article_published_time":"2026-03-23T09:50:34+00:00","article_modified_time":"2026-03-23T12:33:12+00:00","og_image":[{"width":1200,"height":674,"url":"https:\/\/dicodusport.fr\/blog\/wp-content\/uploads\/2026\/03\/Premiere-etape-de-Coupe-du-monde-de-para-cyclisme-aboutie-pour-les-Bleus-9-medailles-dont-5-en-or-a-Chiang-Mai.png","type":"image\/png"}],"author":"Maxime Cazenave","twitter_card":"summary_large_image","twitter_title":"Premi\u00e8re \u00e9tape de Coupe du monde de para cyclisme aboutie pour les Bleus : 9 m\u00e9dailles dont 5 en or \u00e0 Chiang Mai","twitter_creator":"@https:\/\/twitter.com\/Maxime_Caze","twitter_site":"@dicodusport","schema":{"@context":"https:\/\/schema.org","@graph":[{"@type":"NewsArticle","@id":"https:\/\/dicodusport.fr\/blog\/premiere-etape-de-coupe-du-monde-de-para-cyclisme-aboutie-pour-les-bleus-9-medailles-dont-5-en-or-a-chiang-mai\/#article","isPartOf":{"@id":"https:\/\/dicodusport.fr\/blog\/premiere-etape-de-coupe-du-monde-de-para-cyclisme-aboutie-pour-les-bleus-9-medailles-dont-5-en-or-a-chiang-mai\/"},"author":{"name":"Maxime Cazenave","@id":"https:\/\/dicodusport.fr\/blog\/#\/schema\/person\/37def232098a7a5cbab3974a3690abb0"},"headline":"Premi\u00e8re \u00e9tape de Coupe du monde de para cyclisme aboutie pour les Bleus : 9 m\u00e9dailles dont 5 en or \u00e0 Chiang Mai","datePublished":"2026-03-23T09:50:34+00:00","dateModified":"2026-03-23T12:33:12+00:00","mainEntityOfPage":{"@id":"https:\/\/dicodusport.fr\/blog\/premiere-etape-de-coupe-du-monde-de-para-cyclisme-aboutie-pour-les-bleus-9-medailles-dont-5-en-or-a-chiang-mai\/"},"wordCount":468,"commentCount":0,"publisher":{"@id":"https:\/\/dicodusport.fr\/blog\/#organization"},"image":{"@id":"https:\/\/dicodusport.fr\/blog\/premiere-etape-de-coupe-du-monde-de-para-cyclisme-aboutie-pour-les-bleus-9-medailles-dont-5-en-or-a-chiang-mai\/#primaryimage"},"thumbnailUrl":"https:\/\/dicodusport.fr\/blog\/wp-content\/uploads\/2026\/03\/Premiere-etape-de-Coupe-du-monde-de-para-cyclisme-aboutie-pour-les-Bleus-9-medailles-dont-5-en-or-a-Chiang-Mai.png","keywords":["br\u00e8ve","Para cyclisme","Para cyclisme sur route"],"articleSection":["Cyclisme sur route","Handisport"],"inLanguage":"fr-FR","potentialAction":[{"@type":"CommentAction","name":"Comment","target":["https:\/\/dicodusport.fr\/blog\/premiere-etape-de-coupe-du-monde-de-para-cyclisme-aboutie-pour-les-bleus-9-medailles-dont-5-en-or-a-chiang-mai\/#respond"]}],"copyrightYear":"2026","copyrightHolder":{"@id":"https:\/\/dicodusport.fr\/blog\/#organization"}},{"@type":"WebPage","@id":"https:\/\/dicodusport.fr\/blog\/premiere-etape-de-coupe-du-monde-de-para-cyclisme-aboutie-pour-les-bleus-9-medailles-dont-5-en-or-a-chiang-mai\/","url":"https:\/\/dicodusport.fr\/blog\/premiere-etape-de-coupe-du-monde-de-para-cyclisme-aboutie-pour-les-bleus-9-medailles-dont-5-en-or-a-chiang-mai\/","name":"Premi\u00e8re \u00e9tape de Coupe du monde de para cyclisme aboutie pour les Bleus : 9 m\u00e9dailles dont 5 en or \u00e0 Chiang Mai","isPartOf":{"@id":"https:\/\/dicodusport.fr\/blog\/#website"},"primaryImageOfPage":{"@id":"https:\/\/dicodusport.fr\/blog\/premiere-etape-de-coupe-du-monde-de-para-cyclisme-aboutie-pour-les-bleus-9-medailles-dont-5-en-or-a-chiang-mai\/#primaryimage"},"image":{"@id":"https:\/\/dicodusport.fr\/blog\/premiere-etape-de-coupe-du-monde-de-para-cyclisme-aboutie-pour-les-bleus-9-medailles-dont-5-en-or-a-chiang-mai\/#primaryimage"},"thumbnailUrl":"https:\/\/dicodusport.fr\/blog\/wp-content\/uploads\/2026\/03\/Premiere-etape-de-Coupe-du-monde-de-para-cyclisme-aboutie-pour-les-Bleus-9-medailles-dont-5-en-or-a-Chiang-Mai.png","datePublished":"2026-03-23T09:50:34+00:00","dateModified":"2026-03-23T12:33:12+00:00","description":"COUPE DU MONDE DE PARA CYCLISME - \u00c0 Chiang Mai (Tha\u00eflande), le collectif tricolore s'est montr\u00e9 \u00e0 son avantage en accumulant les m\u00e9dailles.\u00a0","breadcrumb":{"@id":"https:\/\/dicodusport.fr\/blog\/premiere-etape-de-coupe-du-monde-de-para-cyclisme-aboutie-pour-les-bleus-9-medailles-dont-5-en-or-a-chiang-mai\/#breadcrumb"},"inLanguage":"fr-FR","potentialAction":[{"@type":"ReadAction","target":["https:\/\/dicodusport.fr\/blog\/premiere-etape-de-coupe-du-monde-de-para-cyclisme-aboutie-pour-les-bleus-9-medailles-dont-5-en-or-a-chiang-mai\/"]}]},{"@type":"ImageObject","inLanguage":"fr-FR","@id":"https:\/\/dicodusport.fr\/blog\/premiere-etape-de-coupe-du-monde-de-para-cyclisme-aboutie-pour-les-bleus-9-medailles-dont-5-en-or-a-chiang-mai\/#primaryimage","url":"https:\/\/dicodusport.fr\/blog\/wp-content\/uploads\/2026\/03\/Premiere-etape-de-Coupe-du-monde-de-para-cyclisme-aboutie-pour-les-Bleus-9-medailles-dont-5-en-or-a-Chiang-Mai.png","contentUrl":"https:\/\/dicodusport.fr\/blog\/wp-content\/uploads\/2026\/03\/Premiere-etape-de-Coupe-du-monde-de-para-cyclisme-aboutie-pour-les-Bleus-9-medailles-dont-5-en-or-a-Chiang-Mai.png","width":1200,"height":674,"caption":"Premi\u00e8re \u00e9tape de Coupe du monde de para cyclisme aboutie pour les Bleus : 9 m\u00e9dailles dont 5 en or \u00e0 Chiang Mai"},{"@type":"BreadcrumbList","@id":"https:\/\/dicodusport.fr\/blog\/premiere-etape-de-coupe-du-monde-de-para-cyclisme-aboutie-pour-les-bleus-9-medailles-dont-5-en-or-a-chiang-mai\/#breadcrumb","itemListElement":[{"@type":"ListItem","position":1,"name":"Accueil","item":"https:\/\/dicodusport.fr\/blog\/"},{"@type":"ListItem","position":2,"name":"Premi\u00e8re \u00e9tape de Coupe du monde de para cyclisme aboutie pour les Bleus : 9 m\u00e9dailles dont 5 en or \u00e0 Chiang Mai"}]},{"@type":"WebSite","@id":"https:\/\/dicodusport.fr\/blog\/#website","url":"https:\/\/dicodusport.fr\/blog\/","name":"Dicodusport","description":"L&#039;encyclop\u00e9die de l&#039;actualit\u00e9 sportive","publisher":{"@id":"https:\/\/dicodusport.fr\/blog\/#organization"},"potentialAction":[{"@type":"SearchAction","target":{"@type":"EntryPoint","urlTemplate":"https:\/\/dicodusport.fr\/blog\/?s={search_term_string}"},"query-input":{"@type":"PropertyValueSpecification","valueRequired":true,"valueName":"search_term_string"}}],"inLanguage":"fr-FR"},{"@type":"NewsMediaOrganization","@id":"https:\/\/dicodusport.fr\/blog\/#organization","name":"Dicodusport","url":"https:\/\/dicodusport.fr\/blog\/","logo":{"@type":"ImageObject","inLanguage":"fr-FR","@id":"https:\/\/dicodusport.fr\/blog\/#\/schema\/logo\/image\/","url":"https:\/\/dicodusport.fr\/blog\/wp-content\/uploads\/2020\/06\/cropped-LOGO-DICODUSPORT-2020-SANS-FOND-SANS-TEXTE.png","contentUrl":"https:\/\/dicodusport.fr\/blog\/wp-content\/uploads\/2020\/06\/cropped-LOGO-DICODUSPORT-2020-SANS-FOND-SANS-TEXTE.png","width":512,"height":512,"caption":"Dicodusport"},"image":{"@id":"https:\/\/dicodusport.fr\/blog\/#\/schema\/logo\/image\/"},"sameAs":["https:\/\/www.facebook.com\/dicodusport","https:\/\/x.com\/dicodusport","https:\/\/www.instagram.com\/dicodusport\/","https:\/\/www.youtube.com\/channel\/UC7V2KZ5sd3htJivAbA4ZG3w"],"description":"Dicodusport est l'encyclop\u00e9die de l'actualit\u00e9 sportive.","email":"bonjour@dicodusport.fr","legalName":"DICODUSPORT","foundingDate":"2018-01-14","vatID":"FR71834470973","taxID":"83447097300043","numberOfEmployees":{"@type":"QuantitativeValue","minValue":"1","maxValue":"10"}},{"@type":"Person","@id":"https:\/\/dicodusport.fr\/blog\/#\/schema\/person\/37def232098a7a5cbab3974a3690abb0","name":"Maxime Cazenave","image":{"@type":"ImageObject","inLanguage":"fr-FR","@id":"https:\/\/dicodusport.fr\/blog\/#\/schema\/person\/image\/","url":"https:\/\/dicodusport.fr\/blog\/wp-content\/uploads\/2021\/05\/Maxime-Cazenave-150x150.jpg","contentUrl":"https:\/\/dicodusport.fr\/blog\/wp-content\/uploads\/2021\/05\/Maxime-Cazenave-150x150.jpg","caption":"Maxime Cazenave"},"description":"Journaliste\/R\u00e9dacteur depuis 2012 - Berc\u00e9 par l\u2019amour des Girondins de Bordeaux, les \u00e9checs de Christophe Moreau sur le Tour de France sous l'\u00e8re Lance Armstrong et le fade-away l\u00e9tal de Dirk Nowitzki, ma passion d\u00e9vorante pour le sport a toujours \u00e9t\u00e9 un pan incontournable de ma vie. Transmettre ma passion \u00e0 l\u2019\u00e9crit a \u00e9t\u00e9 une transition naturelle. Suiveur assidu de basket et de hockey sur glace, je garde toujours un peu de place pour suivre le cyclisme, le football et le maximum de performances fran\u00e7aises.","sameAs":["https:\/\/x.com\/https:\/\/twitter.com\/Maxime_Caze"],"url":"https:\/\/dicodusport.fr\/blog\/author\/maximec\/"}]}},"_links":{"self":[{"href":"https:\/\/dicodusport.fr\/blog\/wp-json\/wp\/v2\/posts\/657795","targetHints":{"allow":["GET"]}}],"collection":[{"href":"https:\/\/dicodusport.fr\/blog\/wp-json\/wp\/v2\/posts"}],"about":[{"href":"https:\/\/dicodusport.fr\/blog\/wp-json\/wp\/v2\/types\/post"}],"author":[{"embeddable":true,"href":"https:\/\/dicodusport.fr\/blog\/wp-json\/wp\/v2\/users\/55"}],"replies":[{"embeddable":true,"href":"https:\/\/dicodusport.fr\/blog\/wp-json\/wp\/v2\/comments?post=657795"}],"version-history":[{"count":5,"href":"https:\/\/dicodusport.fr\/blog\/wp-json\/wp\/v2\/posts\/657795\/revisions"}],"predecessor-version":[{"id":657821,"href":"https:\/\/dicodusport.fr\/blog\/wp-json\/wp\/v2\/posts\/657795\/revisions\/657821"}],"wp:featuredmedia":[{"embeddable":true,"href":"https:\/\/dicodusport.fr\/blog\/wp-json\/wp\/v2\/media\/657796"}],"wp:attachment":[{"href":"https:\/\/dicodusport.fr\/blog\/wp-json\/wp\/v2\/media?parent=657795"}],"wp:term":[{"taxonomy":"category","embeddable":true,"href":"https:\/\/dicodusport.fr\/blog\/wp-json\/wp\/v2\/categories?post=657795"},{"taxonomy":"post_tag","embeddable":true,"href":"https:\/\/dicodusport.fr\/blog\/wp-json\/wp\/v2\/tags?post=657795"}],"curies":[{"name":"wp","href":"https:\/\/api.w.org\/{rel}","templated":true}]}}