{"id":65787,"date":"2020-04-28T09:43:57","date_gmt":"2020-04-28T07:43:57","guid":{"rendered":"http:\/\/dicodusport.fr\/blog\/?p=65787&#038;preview=true&#038;preview_id=65787"},"modified":"2020-05-05T10:41:08","modified_gmt":"2020-05-05T08:41:08","slug":"jo-tokyo-2021-seront-annules-pandemie-pas-maitrisee","status":"publish","type":"post","link":"https:\/\/dicodusport.fr\/blog\/jo-tokyo-2021-seront-annules-pandemie-pas-maitrisee\/","title":{"rendered":"Les JO de Tokyo en 2021 seront annul\u00e9s si la pand\u00e9mie n&rsquo;est pas ma\u00eetris\u00e9e"},"content":{"rendered":"<p style=\"text-align: justify;\"><strong><em>TOKYO 2021 &#8211; <a href=\"https:\/\/dicodusport.fr\/blog\/jeux-olympiques-tokyo-reportes\/#jotokyo\" target=\"_blank\" rel=\"noopener noreferrer\">Report\u00e9s en 2021 \u00e0 cause du coronavirus<\/a>, les JO de Tokyo restent plus que jamais menac\u00e9s. Le pr\u00e9sident du comit\u00e9 japonais d&rsquo;organisation, Yoshiro Mori, a \u00e9voqu\u00e9 l&rsquo;annulation en cas du pand\u00e9mie non ma\u00eetris\u00e9e d&rsquo;ici l&rsquo;\u00e9t\u00e9 2021.<\/em><\/strong><\/p>\n<p style=\"text-align: justify;\">Simple. Basique. La d\u00e9claration de <strong>Yoshiro Mori<\/strong> ne laisse pas de place au doute. Le pr\u00e9sident du comit\u00e9 japonais d&rsquo;organisation, qui s&rsquo;est exprim\u00e9 lors d&rsquo;un point presse ce mardi, n&rsquo;y va pas par quatre chemins. Si la pand\u00e9mie du <strong>Covid-19<\/strong> n&rsquo;est pas ma\u00eetris\u00e9e d&rsquo;ici l&rsquo;\u00e9t\u00e9 prochain, les <strong>Jeux Olympiques de Tokyo<\/strong> seront annul\u00e9s. Pr\u00e9sident de l&rsquo;association m\u00e9dicale du Japon, <strong>Yoshitake Yokokura<\/strong>, \u00e9voque quant \u00e0 lui une tenue des JO <em>\u00ab excessivement difficile \u00bb<\/em> si un vaccin n&rsquo;est pas sur le march\u00e9 d&rsquo;ici l\u00e0.<\/p>\n<p style=\"text-align: justify;\">Au Japon, le pessimisme est de rigueur depuis des semaines. Et ce m\u00eame avant le report d&rsquo;un an de l&rsquo;\u00e9ch\u00e9ance olympique. Le 20 mars dernier, <strong>Kentaro Iwata<\/strong>, sp\u00e9cialiste des maladies infectieuses \u00e0 l&rsquo;Universit\u00e9 de Kobe, ne le cachait pas : <em>\u00ab<\/em> <em>Honn\u00eatement, je ne pense pas qu&rsquo;il soit probable que les Jeux olympiques aient lieu l&rsquo;ann\u00e9e prochaine. \u00bb.\u00a0<\/em>Plus que jamais, les JO de la 32\u00e8me Olympiade restent incertains.<\/p>\n<p><strong><em>Dicodusport<br \/>\n<a href=\"https:\/\/www.facebook.com\/dicodusport\/\" target=\"_blank\" rel=\"noopener noreferrer\"><img loading=\"lazy\" decoding=\"async\" class=\"alignnone wp-image-2909\" src=\"http:\/\/dicodusport.fr\/blog\/wp-content\/uploads\/2017\/07\/logo-facebook-150x150.png\" alt=\"\" width=\"40\" height=\"40\" \/><\/a><a href=\"https:\/\/twitter.com\/dicodusport\" target=\"_blank\" rel=\"noopener noreferrer\"><img loading=\"lazy\" decoding=\"async\" class=\"alignnone wp-image-2908\" src=\"http:\/\/dicodusport.fr\/blog\/wp-content\/uploads\/2017\/07\/logo-twitter-150x150.png\" alt=\"\" width=\"39\" height=\"39\" \/><\/a><\/em><\/strong><\/p>\n","protected":false},"excerpt":{"rendered":"<p>TOKYO 2021 &#8211; Report\u00e9s en 2021 \u00e0 cause du coronavirus, les JO de Tokyo restent plus que jamais menac\u00e9s. Le pr\u00e9sident du comit\u00e9 japonais d&rsquo;organisation, Yoshiro Mori, a \u00e9voqu\u00e9 l&rsquo;annulation en cas du pand\u00e9mie non ma\u00eetris\u00e9e d&rsquo;ici l&rsquo;\u00e9t\u00e9 2021.<\/p>\n","protected":false},"author":4,"featured_media":65789,"comment_status":"open","ping_status":"closed","sticky":false,"template":"","format":"standard","meta":{"_acf_changed":false,"_daextam_enable_autolinks":"","footnotes":""},"categories":[10646,8433],"tags":[9827,10586],"class_list":["post-65787","post","type-post","status-publish","format-standard","has-post-thumbnail","hentry","category-coronavirus","category-jo-tokyo-2020","tag-coronavirus","tag-jo-de-tokyo"],"acf":[],"yoast_head":"<!-- This site is optimized with the Yoast SEO Premium plugin v26.7 (Yoast SEO v26.7) - https:\/\/yoast.com\/wordpress\/plugins\/seo\/ -->\n<title>Les JO de Tokyo en 2021 seront annul\u00e9s si la pand\u00e9mie n&#039;est pas ma\u00eetris\u00e9e<\/title>\n<meta name=\"description\" content=\"TOKYO 2021 - Report\u00e9s en 2021 \u00e0 cause du coronavirus, les JO de Tokyo restent plus que jamais menac\u00e9s. Le pr\u00e9sident du comit\u00e9 japonais d&#039;organisation, Yoshiro Mori, a \u00e9voqu\u00e9 l&#039;annulation en cas du pand\u00e9mie non ma\u00eetris\u00e9e d&#039;ici l&#039;\u00e9t\u00e9 2021.\" \/>\n<meta name=\"robots\" content=\"index, follow, max-snippet:-1, max-image-preview:large, max-video-preview:-1\" \/>\n<link rel=\"canonical\" href=\"https:\/\/dicodusport.fr\/blog\/jo-tokyo-2021-seront-annules-pandemie-pas-maitrisee\/\" \/>\n<meta property=\"og:locale\" content=\"fr_FR\" \/>\n<meta property=\"og:type\" content=\"article\" \/>\n<meta property=\"og:title\" content=\"Les JO de Tokyo en 2021 seront annul\u00e9s si la pand\u00e9mie n&#039;est pas ma\u00eetris\u00e9e\" \/>\n<meta property=\"og:description\" content=\"TOKYO 2021 - Report\u00e9s en 2021 \u00e0 cause du coronavirus, les JO de Tokyo restent plus que jamais menac\u00e9s. Le pr\u00e9sident du comit\u00e9 japonais d&#039;organisation, Yoshiro Mori, a \u00e9voqu\u00e9 l&#039;annulation en cas du pand\u00e9mie non ma\u00eetris\u00e9e d&#039;ici l&#039;\u00e9t\u00e9 2021.\" \/>\n<meta property=\"og:url\" content=\"https:\/\/dicodusport.fr\/blog\/jo-tokyo-2021-seront-annules-pandemie-pas-maitrisee\/\" \/>\n<meta property=\"og:site_name\" content=\"Dicodusport\" \/>\n<meta property=\"article:publisher\" content=\"https:\/\/www.facebook.com\/dicodusport\" \/>\n<meta property=\"article:author\" content=\"https:\/\/www.facebook.com\/florent.ostermann\" \/>\n<meta property=\"article:published_time\" content=\"2020-04-28T07:43:57+00:00\" \/>\n<meta property=\"article:modified_time\" content=\"2020-05-05T08:41:08+00:00\" \/>\n<meta property=\"og:image\" content=\"https:\/\/dicodusport.fr\/blog\/wp-content\/uploads\/2020\/04\/Les-JO-de-Tokyo-en-2021-seront-annul\u00e9s-si-la-pand\u00e9mie-nest-pas-ma\u00eetris\u00e9e.png\" \/>\n\t<meta property=\"og:image:width\" content=\"800\" \/>\n\t<meta property=\"og:image:height\" content=\"445\" \/>\n\t<meta property=\"og:image:type\" content=\"image\/png\" \/>\n<meta name=\"author\" content=\"Flo Ostermann\" \/>\n<meta name=\"twitter:card\" content=\"summary_large_image\" \/>\n<meta name=\"twitter:title\" content=\"Les JO de Tokyo en 2021 seront annul\u00e9s si la pand\u00e9mie n&#039;est pas ma\u00eetris\u00e9e\" \/>\n<meta name=\"twitter:creator\" content=\"@https:\/\/twitter.com\/FlOstermann\" \/>\n<meta name=\"twitter:site\" content=\"@dicodusport\" \/>\n<script type=\"application\/ld+json\" class=\"yoast-schema-graph\">{\"@context\":\"https:\/\/schema.org\",\"@graph\":[{\"@type\":\"NewsArticle\",\"@id\":\"https:\/\/dicodusport.fr\/blog\/jo-tokyo-2021-seront-annules-pandemie-pas-maitrisee\/#article\",\"isPartOf\":{\"@id\":\"https:\/\/dicodusport.fr\/blog\/jo-tokyo-2021-seront-annules-pandemie-pas-maitrisee\/\"},\"author\":{\"name\":\"Flo Ostermann\",\"@id\":\"https:\/\/dicodusport.fr\/blog\/#\/schema\/person\/cb02af4c173ce4a653b55e9baf388d4a\"},\"headline\":\"Les JO de Tokyo en 2021 seront annul\u00e9s si la pand\u00e9mie n&rsquo;est pas ma\u00eetris\u00e9e\",\"datePublished\":\"2020-04-28T07:43:57+00:00\",\"dateModified\":\"2020-05-05T08:41:08+00:00\",\"mainEntityOfPage\":{\"@id\":\"https:\/\/dicodusport.fr\/blog\/jo-tokyo-2021-seront-annules-pandemie-pas-maitrisee\/\"},\"wordCount\":236,\"commentCount\":0,\"publisher\":{\"@id\":\"https:\/\/dicodusport.fr\/blog\/#organization\"},\"image\":{\"@id\":\"https:\/\/dicodusport.fr\/blog\/jo-tokyo-2021-seront-annules-pandemie-pas-maitrisee\/#primaryimage\"},\"thumbnailUrl\":\"https:\/\/dicodusport.fr\/blog\/wp-content\/uploads\/2020\/04\/Les-JO-de-Tokyo-en-2021-seront-annul\u00e9s-si-la-pand\u00e9mie-nest-pas-ma\u00eetris\u00e9e.png\",\"keywords\":[\"Coronavirus\",\"JO de Tokyo\"],\"articleSection\":[\"Coronavirus\",\"JO Tokyo 2020\"],\"inLanguage\":\"fr-FR\",\"potentialAction\":[{\"@type\":\"CommentAction\",\"name\":\"Comment\",\"target\":[\"https:\/\/dicodusport.fr\/blog\/jo-tokyo-2021-seront-annules-pandemie-pas-maitrisee\/#respond\"]}],\"copyrightYear\":\"2020\",\"copyrightHolder\":{\"@id\":\"https:\/\/dicodusport.fr\/blog\/#organization\"}},{\"@type\":\"WebPage\",\"@id\":\"https:\/\/dicodusport.fr\/blog\/jo-tokyo-2021-seront-annules-pandemie-pas-maitrisee\/\",\"url\":\"https:\/\/dicodusport.fr\/blog\/jo-tokyo-2021-seront-annules-pandemie-pas-maitrisee\/\",\"name\":\"Les JO de Tokyo en 2021 seront annul\u00e9s si la pand\u00e9mie n'est pas ma\u00eetris\u00e9e\",\"isPartOf\":{\"@id\":\"https:\/\/dicodusport.fr\/blog\/#website\"},\"primaryImageOfPage\":{\"@id\":\"https:\/\/dicodusport.fr\/blog\/jo-tokyo-2021-seront-annules-pandemie-pas-maitrisee\/#primaryimage\"},\"image\":{\"@id\":\"https:\/\/dicodusport.fr\/blog\/jo-tokyo-2021-seront-annules-pandemie-pas-maitrisee\/#primaryimage\"},\"thumbnailUrl\":\"https:\/\/dicodusport.fr\/blog\/wp-content\/uploads\/2020\/04\/Les-JO-de-Tokyo-en-2021-seront-annul\u00e9s-si-la-pand\u00e9mie-nest-pas-ma\u00eetris\u00e9e.png\",\"datePublished\":\"2020-04-28T07:43:57+00:00\",\"dateModified\":\"2020-05-05T08:41:08+00:00\",\"description\":\"TOKYO 2021 - Report\u00e9s en 2021 \u00e0 cause du coronavirus, les JO de Tokyo restent plus que jamais menac\u00e9s. Le pr\u00e9sident du comit\u00e9 japonais d'organisation, Yoshiro Mori, a \u00e9voqu\u00e9 l'annulation en cas du pand\u00e9mie non ma\u00eetris\u00e9e d'ici l'\u00e9t\u00e9 2021.\",\"breadcrumb\":{\"@id\":\"https:\/\/dicodusport.fr\/blog\/jo-tokyo-2021-seront-annules-pandemie-pas-maitrisee\/#breadcrumb\"},\"inLanguage\":\"fr-FR\",\"potentialAction\":[{\"@type\":\"ReadAction\",\"target\":[\"https:\/\/dicodusport.fr\/blog\/jo-tokyo-2021-seront-annules-pandemie-pas-maitrisee\/\"]}]},{\"@type\":\"ImageObject\",\"inLanguage\":\"fr-FR\",\"@id\":\"https:\/\/dicodusport.fr\/blog\/jo-tokyo-2021-seront-annules-pandemie-pas-maitrisee\/#primaryimage\",\"url\":\"https:\/\/dicodusport.fr\/blog\/wp-content\/uploads\/2020\/04\/Les-JO-de-Tokyo-en-2021-seront-annul\u00e9s-si-la-pand\u00e9mie-nest-pas-ma\u00eetris\u00e9e.png\",\"contentUrl\":\"https:\/\/dicodusport.fr\/blog\/wp-content\/uploads\/2020\/04\/Les-JO-de-Tokyo-en-2021-seront-annul\u00e9s-si-la-pand\u00e9mie-nest-pas-ma\u00eetris\u00e9e.png\",\"width\":800,\"height\":445,\"caption\":\"Les JO de Tokyo en 2021 seront annul\u00e9s si la pand\u00e9mie n'est pas ma\u00eetris\u00e9e\"},{\"@type\":\"BreadcrumbList\",\"@id\":\"https:\/\/dicodusport.fr\/blog\/jo-tokyo-2021-seront-annules-pandemie-pas-maitrisee\/#breadcrumb\",\"itemListElement\":[{\"@type\":\"ListItem\",\"position\":1,\"name\":\"Accueil\",\"item\":\"https:\/\/dicodusport.fr\/blog\/\"},{\"@type\":\"ListItem\",\"position\":2,\"name\":\"Les JO de Tokyo en 2021 seront annul\u00e9s si la pand\u00e9mie n&rsquo;est pas ma\u00eetris\u00e9e\"}]},{\"@type\":\"WebSite\",\"@id\":\"https:\/\/dicodusport.fr\/blog\/#website\",\"url\":\"https:\/\/dicodusport.fr\/blog\/\",\"name\":\"Dicodusport\",\"description\":\"L&#039;encyclop\u00e9die de l&#039;actualit\u00e9 sportive\",\"publisher\":{\"@id\":\"https:\/\/dicodusport.fr\/blog\/#organization\"},\"potentialAction\":[{\"@type\":\"SearchAction\",\"target\":{\"@type\":\"EntryPoint\",\"urlTemplate\":\"https:\/\/dicodusport.fr\/blog\/?s={search_term_string}\"},\"query-input\":{\"@type\":\"PropertyValueSpecification\",\"valueRequired\":true,\"valueName\":\"search_term_string\"}}],\"inLanguage\":\"fr-FR\"},{\"@type\":\"NewsMediaOrganization\",\"@id\":\"https:\/\/dicodusport.fr\/blog\/#organization\",\"name\":\"Dicodusport\",\"url\":\"https:\/\/dicodusport.fr\/blog\/\",\"logo\":{\"@type\":\"ImageObject\",\"inLanguage\":\"fr-FR\",\"@id\":\"https:\/\/dicodusport.fr\/blog\/#\/schema\/logo\/image\/\",\"url\":\"https:\/\/dicodusport.fr\/blog\/wp-content\/uploads\/2020\/06\/cropped-LOGO-DICODUSPORT-2020-SANS-FOND-SANS-TEXTE.png\",\"contentUrl\":\"https:\/\/dicodusport.fr\/blog\/wp-content\/uploads\/2020\/06\/cropped-LOGO-DICODUSPORT-2020-SANS-FOND-SANS-TEXTE.png\",\"width\":512,\"height\":512,\"caption\":\"Dicodusport\"},\"image\":{\"@id\":\"https:\/\/dicodusport.fr\/blog\/#\/schema\/logo\/image\/\"},\"sameAs\":[\"https:\/\/www.facebook.com\/dicodusport\",\"https:\/\/x.com\/dicodusport\",\"https:\/\/www.instagram.com\/dicodusport\/\",\"https:\/\/www.youtube.com\/channel\/UC7V2KZ5sd3htJivAbA4ZG3w\"],\"description\":\"Dicodusport est l'encyclop\u00e9die de l'actualit\u00e9 sportive.\",\"email\":\"bonjour@dicodusport.fr\",\"legalName\":\"DICODUSPORT\",\"foundingDate\":\"2018-01-14\",\"vatID\":\"FR71834470973\",\"taxID\":\"83447097300043\",\"numberOfEmployees\":{\"@type\":\"QuantitativeValue\",\"minValue\":\"1\",\"maxValue\":\"10\"}},{\"@type\":\"Person\",\"@id\":\"https:\/\/dicodusport.fr\/blog\/#\/schema\/person\/cb02af4c173ce4a653b55e9baf388d4a\",\"name\":\"Flo Ostermann\",\"image\":{\"@type\":\"ImageObject\",\"inLanguage\":\"fr-FR\",\"@id\":\"https:\/\/dicodusport.fr\/blog\/#\/schema\/person\/image\/\",\"url\":\"https:\/\/dicodusport.fr\/blog\/wp-content\/uploads\/2021\/05\/Flo-Ostermann-150x150.jpg\",\"contentUrl\":\"https:\/\/dicodusport.fr\/blog\/wp-content\/uploads\/2021\/05\/Flo-Ostermann-150x150.jpg\",\"caption\":\"Flo Ostermann\"},\"description\":\"Journaliste\/R\u00e9dacteur depuis septembre 2015 - Mes premiers souvenirs dans le sport ? Les envol\u00e9es du Stade Toulousain et les duels Villeneuve-Schumacher et H\u00e4kkinen-Schumacher \u00e0 la fin des ann\u00e9es 90, la Coupe du monde de football en 1998, l\u2019exploit du XV de France face aux All Blacks en 1999, mais aussi Richard C\u0153ur de Lion qui vole sur les montagnes du Tour de France. Bien parti pour devenir professeur d\u2019EPS, les \u00e9v\u00e9nements de la vie (et la flemme d\u2019animer des s\u00e9ances de 3x500 m\u00e8tres toute ma vie) m\u2019ont conduit \u00e0 revoir mes plans. Me voil\u00e0 depuis fin 2017 sur Dicodusport, m\u00e9dia gr\u00e2ce (et pour) lequel je partage ma passion : le sport dans tous ses \u00e9tats. Le tout accompagn\u00e9 par les fous furieux et folles furieuses cit\u00e9s sur cette page !\",\"sameAs\":[\"https:\/\/www.facebook.com\/florent.ostermann\",\"https:\/\/x.com\/https:\/\/twitter.com\/FlOstermann\",\"admin\"],\"url\":\"https:\/\/dicodusport.fr\/blog\/author\/flo\/\"}]}<\/script>\n<!-- \/ Yoast SEO Premium plugin. -->","yoast_head_json":{"title":"Les JO de Tokyo en 2021 seront annul\u00e9s si la pand\u00e9mie n'est pas ma\u00eetris\u00e9e","description":"TOKYO 2021 - Report\u00e9s en 2021 \u00e0 cause du coronavirus, les JO de Tokyo restent plus que jamais menac\u00e9s. Le pr\u00e9sident du comit\u00e9 japonais d'organisation, Yoshiro Mori, a \u00e9voqu\u00e9 l'annulation en cas du pand\u00e9mie non ma\u00eetris\u00e9e d'ici l'\u00e9t\u00e9 2021.","robots":{"index":"index","follow":"follow","max-snippet":"max-snippet:-1","max-image-preview":"max-image-preview:large","max-video-preview":"max-video-preview:-1"},"canonical":"https:\/\/dicodusport.fr\/blog\/jo-tokyo-2021-seront-annules-pandemie-pas-maitrisee\/","og_locale":"fr_FR","og_type":"article","og_title":"Les JO de Tokyo en 2021 seront annul\u00e9s si la pand\u00e9mie n'est pas ma\u00eetris\u00e9e","og_description":"TOKYO 2021 - Report\u00e9s en 2021 \u00e0 cause du coronavirus, les JO de Tokyo restent plus que jamais menac\u00e9s. Le pr\u00e9sident du comit\u00e9 japonais d'organisation, Yoshiro Mori, a \u00e9voqu\u00e9 l'annulation en cas du pand\u00e9mie non ma\u00eetris\u00e9e d'ici l'\u00e9t\u00e9 2021.","og_url":"https:\/\/dicodusport.fr\/blog\/jo-tokyo-2021-seront-annules-pandemie-pas-maitrisee\/","og_site_name":"Dicodusport","article_publisher":"https:\/\/www.facebook.com\/dicodusport","article_author":"https:\/\/www.facebook.com\/florent.ostermann","article_published_time":"2020-04-28T07:43:57+00:00","article_modified_time":"2020-05-05T08:41:08+00:00","og_image":[{"width":800,"height":445,"url":"https:\/\/dicodusport.fr\/blog\/wp-content\/uploads\/2020\/04\/Les-JO-de-Tokyo-en-2021-seront-annul\u00e9s-si-la-pand\u00e9mie-nest-pas-ma\u00eetris\u00e9e.png","type":"image\/png"}],"author":"Flo Ostermann","twitter_card":"summary_large_image","twitter_title":"Les JO de Tokyo en 2021 seront annul\u00e9s si la pand\u00e9mie n'est pas ma\u00eetris\u00e9e","twitter_creator":"@https:\/\/twitter.com\/FlOstermann","twitter_site":"@dicodusport","schema":{"@context":"https:\/\/schema.org","@graph":[{"@type":"NewsArticle","@id":"https:\/\/dicodusport.fr\/blog\/jo-tokyo-2021-seront-annules-pandemie-pas-maitrisee\/#article","isPartOf":{"@id":"https:\/\/dicodusport.fr\/blog\/jo-tokyo-2021-seront-annules-pandemie-pas-maitrisee\/"},"author":{"name":"Flo Ostermann","@id":"https:\/\/dicodusport.fr\/blog\/#\/schema\/person\/cb02af4c173ce4a653b55e9baf388d4a"},"headline":"Les JO de Tokyo en 2021 seront annul\u00e9s si la pand\u00e9mie n&rsquo;est pas ma\u00eetris\u00e9e","datePublished":"2020-04-28T07:43:57+00:00","dateModified":"2020-05-05T08:41:08+00:00","mainEntityOfPage":{"@id":"https:\/\/dicodusport.fr\/blog\/jo-tokyo-2021-seront-annules-pandemie-pas-maitrisee\/"},"wordCount":236,"commentCount":0,"publisher":{"@id":"https:\/\/dicodusport.fr\/blog\/#organization"},"image":{"@id":"https:\/\/dicodusport.fr\/blog\/jo-tokyo-2021-seront-annules-pandemie-pas-maitrisee\/#primaryimage"},"thumbnailUrl":"https:\/\/dicodusport.fr\/blog\/wp-content\/uploads\/2020\/04\/Les-JO-de-Tokyo-en-2021-seront-annul\u00e9s-si-la-pand\u00e9mie-nest-pas-ma\u00eetris\u00e9e.png","keywords":["Coronavirus","JO de Tokyo"],"articleSection":["Coronavirus","JO Tokyo 2020"],"inLanguage":"fr-FR","potentialAction":[{"@type":"CommentAction","name":"Comment","target":["https:\/\/dicodusport.fr\/blog\/jo-tokyo-2021-seront-annules-pandemie-pas-maitrisee\/#respond"]}],"copyrightYear":"2020","copyrightHolder":{"@id":"https:\/\/dicodusport.fr\/blog\/#organization"}},{"@type":"WebPage","@id":"https:\/\/dicodusport.fr\/blog\/jo-tokyo-2021-seront-annules-pandemie-pas-maitrisee\/","url":"https:\/\/dicodusport.fr\/blog\/jo-tokyo-2021-seront-annules-pandemie-pas-maitrisee\/","name":"Les JO de Tokyo en 2021 seront annul\u00e9s si la pand\u00e9mie n'est pas ma\u00eetris\u00e9e","isPartOf":{"@id":"https:\/\/dicodusport.fr\/blog\/#website"},"primaryImageOfPage":{"@id":"https:\/\/dicodusport.fr\/blog\/jo-tokyo-2021-seront-annules-pandemie-pas-maitrisee\/#primaryimage"},"image":{"@id":"https:\/\/dicodusport.fr\/blog\/jo-tokyo-2021-seront-annules-pandemie-pas-maitrisee\/#primaryimage"},"thumbnailUrl":"https:\/\/dicodusport.fr\/blog\/wp-content\/uploads\/2020\/04\/Les-JO-de-Tokyo-en-2021-seront-annul\u00e9s-si-la-pand\u00e9mie-nest-pas-ma\u00eetris\u00e9e.png","datePublished":"2020-04-28T07:43:57+00:00","dateModified":"2020-05-05T08:41:08+00:00","description":"TOKYO 2021 - Report\u00e9s en 2021 \u00e0 cause du coronavirus, les JO de Tokyo restent plus que jamais menac\u00e9s. Le pr\u00e9sident du comit\u00e9 japonais d'organisation, Yoshiro Mori, a \u00e9voqu\u00e9 l'annulation en cas du pand\u00e9mie non ma\u00eetris\u00e9e d'ici l'\u00e9t\u00e9 2021.","breadcrumb":{"@id":"https:\/\/dicodusport.fr\/blog\/jo-tokyo-2021-seront-annules-pandemie-pas-maitrisee\/#breadcrumb"},"inLanguage":"fr-FR","potentialAction":[{"@type":"ReadAction","target":["https:\/\/dicodusport.fr\/blog\/jo-tokyo-2021-seront-annules-pandemie-pas-maitrisee\/"]}]},{"@type":"ImageObject","inLanguage":"fr-FR","@id":"https:\/\/dicodusport.fr\/blog\/jo-tokyo-2021-seront-annules-pandemie-pas-maitrisee\/#primaryimage","url":"https:\/\/dicodusport.fr\/blog\/wp-content\/uploads\/2020\/04\/Les-JO-de-Tokyo-en-2021-seront-annul\u00e9s-si-la-pand\u00e9mie-nest-pas-ma\u00eetris\u00e9e.png","contentUrl":"https:\/\/dicodusport.fr\/blog\/wp-content\/uploads\/2020\/04\/Les-JO-de-Tokyo-en-2021-seront-annul\u00e9s-si-la-pand\u00e9mie-nest-pas-ma\u00eetris\u00e9e.png","width":800,"height":445,"caption":"Les JO de Tokyo en 2021 seront annul\u00e9s si la pand\u00e9mie n'est pas ma\u00eetris\u00e9e"},{"@type":"BreadcrumbList","@id":"https:\/\/dicodusport.fr\/blog\/jo-tokyo-2021-seront-annules-pandemie-pas-maitrisee\/#breadcrumb","itemListElement":[{"@type":"ListItem","position":1,"name":"Accueil","item":"https:\/\/dicodusport.fr\/blog\/"},{"@type":"ListItem","position":2,"name":"Les JO de Tokyo en 2021 seront annul\u00e9s si la pand\u00e9mie n&rsquo;est pas ma\u00eetris\u00e9e"}]},{"@type":"WebSite","@id":"https:\/\/dicodusport.fr\/blog\/#website","url":"https:\/\/dicodusport.fr\/blog\/","name":"Dicodusport","description":"L&#039;encyclop\u00e9die de l&#039;actualit\u00e9 sportive","publisher":{"@id":"https:\/\/dicodusport.fr\/blog\/#organization"},"potentialAction":[{"@type":"SearchAction","target":{"@type":"EntryPoint","urlTemplate":"https:\/\/dicodusport.fr\/blog\/?s={search_term_string}"},"query-input":{"@type":"PropertyValueSpecification","valueRequired":true,"valueName":"search_term_string"}}],"inLanguage":"fr-FR"},{"@type":"NewsMediaOrganization","@id":"https:\/\/dicodusport.fr\/blog\/#organization","name":"Dicodusport","url":"https:\/\/dicodusport.fr\/blog\/","logo":{"@type":"ImageObject","inLanguage":"fr-FR","@id":"https:\/\/dicodusport.fr\/blog\/#\/schema\/logo\/image\/","url":"https:\/\/dicodusport.fr\/blog\/wp-content\/uploads\/2020\/06\/cropped-LOGO-DICODUSPORT-2020-SANS-FOND-SANS-TEXTE.png","contentUrl":"https:\/\/dicodusport.fr\/blog\/wp-content\/uploads\/2020\/06\/cropped-LOGO-DICODUSPORT-2020-SANS-FOND-SANS-TEXTE.png","width":512,"height":512,"caption":"Dicodusport"},"image":{"@id":"https:\/\/dicodusport.fr\/blog\/#\/schema\/logo\/image\/"},"sameAs":["https:\/\/www.facebook.com\/dicodusport","https:\/\/x.com\/dicodusport","https:\/\/www.instagram.com\/dicodusport\/","https:\/\/www.youtube.com\/channel\/UC7V2KZ5sd3htJivAbA4ZG3w"],"description":"Dicodusport est l'encyclop\u00e9die de l'actualit\u00e9 sportive.","email":"bonjour@dicodusport.fr","legalName":"DICODUSPORT","foundingDate":"2018-01-14","vatID":"FR71834470973","taxID":"83447097300043","numberOfEmployees":{"@type":"QuantitativeValue","minValue":"1","maxValue":"10"}},{"@type":"Person","@id":"https:\/\/dicodusport.fr\/blog\/#\/schema\/person\/cb02af4c173ce4a653b55e9baf388d4a","name":"Flo Ostermann","image":{"@type":"ImageObject","inLanguage":"fr-FR","@id":"https:\/\/dicodusport.fr\/blog\/#\/schema\/person\/image\/","url":"https:\/\/dicodusport.fr\/blog\/wp-content\/uploads\/2021\/05\/Flo-Ostermann-150x150.jpg","contentUrl":"https:\/\/dicodusport.fr\/blog\/wp-content\/uploads\/2021\/05\/Flo-Ostermann-150x150.jpg","caption":"Flo Ostermann"},"description":"Journaliste\/R\u00e9dacteur depuis septembre 2015 - Mes premiers souvenirs dans le sport ? Les envol\u00e9es du Stade Toulousain et les duels Villeneuve-Schumacher et H\u00e4kkinen-Schumacher \u00e0 la fin des ann\u00e9es 90, la Coupe du monde de football en 1998, l\u2019exploit du XV de France face aux All Blacks en 1999, mais aussi Richard C\u0153ur de Lion qui vole sur les montagnes du Tour de France. Bien parti pour devenir professeur d\u2019EPS, les \u00e9v\u00e9nements de la vie (et la flemme d\u2019animer des s\u00e9ances de 3x500 m\u00e8tres toute ma vie) m\u2019ont conduit \u00e0 revoir mes plans. Me voil\u00e0 depuis fin 2017 sur Dicodusport, m\u00e9dia gr\u00e2ce (et pour) lequel je partage ma passion : le sport dans tous ses \u00e9tats. Le tout accompagn\u00e9 par les fous furieux et folles furieuses cit\u00e9s sur cette page !","sameAs":["https:\/\/www.facebook.com\/florent.ostermann","https:\/\/x.com\/https:\/\/twitter.com\/FlOstermann","admin"],"url":"https:\/\/dicodusport.fr\/blog\/author\/flo\/"}]}},"_links":{"self":[{"href":"https:\/\/dicodusport.fr\/blog\/wp-json\/wp\/v2\/posts\/65787","targetHints":{"allow":["GET"]}}],"collection":[{"href":"https:\/\/dicodusport.fr\/blog\/wp-json\/wp\/v2\/posts"}],"about":[{"href":"https:\/\/dicodusport.fr\/blog\/wp-json\/wp\/v2\/types\/post"}],"author":[{"embeddable":true,"href":"https:\/\/dicodusport.fr\/blog\/wp-json\/wp\/v2\/users\/4"}],"replies":[{"embeddable":true,"href":"https:\/\/dicodusport.fr\/blog\/wp-json\/wp\/v2\/comments?post=65787"}],"version-history":[{"count":0,"href":"https:\/\/dicodusport.fr\/blog\/wp-json\/wp\/v2\/posts\/65787\/revisions"}],"wp:featuredmedia":[{"embeddable":true,"href":"https:\/\/dicodusport.fr\/blog\/wp-json\/wp\/v2\/media\/65789"}],"wp:attachment":[{"href":"https:\/\/dicodusport.fr\/blog\/wp-json\/wp\/v2\/media?parent=65787"}],"wp:term":[{"taxonomy":"category","embeddable":true,"href":"https:\/\/dicodusport.fr\/blog\/wp-json\/wp\/v2\/categories?post=65787"},{"taxonomy":"post_tag","embeddable":true,"href":"https:\/\/dicodusport.fr\/blog\/wp-json\/wp\/v2\/tags?post=65787"}],"curies":[{"name":"wp","href":"https:\/\/api.w.org\/{rel}","templated":true}]}}