{"id":657874,"date":"2026-03-23T17:11:44","date_gmt":"2026-03-23T16:11:44","guid":{"rendered":"https:\/\/dicodusport.fr\/blog\/?p=657874&#038;preview=true&#038;preview_id=657874"},"modified":"2026-03-23T21:11:51","modified_gmt":"2026-03-23T20:11:51","slug":"dorian-goron-resiste-a-remco-evenepoel-et-rafle-la-1ere-etape-du-tour-de-catalogne","status":"publish","type":"post","link":"https:\/\/dicodusport.fr\/blog\/dorian-goron-resiste-a-remco-evenepoel-et-rafle-la-1ere-etape-du-tour-de-catalogne\/","title":{"rendered":"Dorian Godon r\u00e9siste \u00e0 Remco Evenepoel et rafle la 1\u00e8re \u00e9tape du Tour de Catalogne !"},"content":{"rendered":"<p style=\"text-align: justify;\"><strong><em>TOUR DE CATALOGNE 2026 &#8211; Dorian Godon (INEOS Grenadiers) remporte la premi\u00e8re \u00e9tape au terme d&rsquo;un sprint splendide face \u00e0 Remco Evenepoel.<\/em><\/strong><\/p>\n<ul style=\"text-align: justify;\">\n<li><strong>\u00c0 ce sujet &#8211; <a href=\"https:\/\/dicodusport.fr\/blog\/1e-etape-tour-de-catalogne-2026-classement-et-resultats\/\">1e \u00e9tape Tour de Catalogne 2026 : Classement et r\u00e9sultats<\/a><\/strong><\/li>\n<\/ul>\n<h2 style=\"text-align: justify;\">Cinq hommes \u00e0 l&rsquo;avant, le maillot de meilleur grimpeur pour Baptiste Veistroffer<\/h2>\n<p style=\"text-align: justify;\">Cinq hommes ont pris la poudre d&rsquo;escampette d\u00e8s le d\u00e9but de l&rsquo;\u00e9tape. On retrouve le baroudeur fran\u00e7ais, l&rsquo;infatigable<strong> Baptiste Veistroffer<\/strong> (Lotto-Intermarch\u00e9), qui avait r\u00e9alis\u00e9 <a href=\"https:\/\/dicodusport.fr\/blog\/incroyable-baptiste-veistroffer-le-francais-rafle-la-2eme-etape-du-tour-doman-en-solitaire\/*\">un exploit sur les routes du Tour d&rsquo;Oman, en f\u00e9vrier dernier<\/a>. Le Tricolore est accompagn\u00e9 de <strong>Hugo Aznar<\/strong> (Equipo Kern Pharma),<strong> Unai Aznar<\/strong> (Euskaltel &#8211; Euskadi),<strong> Josh Burnett<\/strong> (Burgos Burpellet BH), <strong>Tyler Stites<\/strong> (Modern Adventure Pro Cycling). Un groupe qui a compt\u00e9 jusqu&rsquo;\u00e0 quatre minutes d&rsquo;avance, peu de temps apr\u00e8s s&rsquo;\u00eatre d\u00e9gag\u00e9. Avant d&rsquo;\u00eatre tr\u00e8s rapidement contr\u00f4l\u00e9 par le peloton.<\/p>\n<ul style=\"text-align: justify;\">\n<li><strong>\u00c0 ce sujet &#8211;\u00a0<a href=\"https:\/\/dicodusport.fr\/blog\/classement-general-tour-de-catalogne-2026-mis-a-jour\/\">Classement g\u00e9n\u00e9ral Tour de Catalogne 2026 mis \u00e0 jour<\/a><\/strong><\/li>\n<\/ul>\n<p style=\"text-align: justify;\">D\u00e8s 70 kilom\u00e8tres de l&rsquo;arriv\u00e9e, l&rsquo;\u00e9cart est revenu \u00e0 une minute. Un \u00e9cart qui alternera ensuite entre une et deux minutes pendant de nombreux kilom\u00e8tres. Avant que le groupe ne soit repris \u00e0 11 kilom\u00e8tres de l&rsquo;arriv\u00e9e. Tout n&rsquo;est pas perdu pour <strong style=\"text-align: justify;\">Baptiste Veistroffer, <\/strong>qui <span style=\"text-align: justify;\">en a profit\u00e9 pour prendre les points au sommet de l&rsquo;Alto de Sant Hilari (16 km \u00e0 3 %) et sera le meilleur grimpeur de ce Tour de Catalogne. C&rsquo;est lui qui aura tent\u00e9 de faire exploser son groupe un \u00e0 un. Sauf <strong>Josh Burnett<\/strong>, qui s&rsquo;est bien accroch\u00e9 avec le Fran\u00e7ais et qui a pu contrer ce dernier.<\/span><\/p>\n<h2 style=\"text-align: justify;\">Des coureurs perdent d\u00e9j\u00e0 toutes chances au g\u00e9n\u00e9ral<\/h2>\n<p style=\"text-align: justify;\">Mais trop d&rsquo;\u00e9quipes voulaient la victoire et la perspective du maillot de leader. On a vu INEOS Grenadiers rouler pour le champion de France <strong>Dorian Godon<\/strong>. La Red Bull-Bora-Hansgrohe a \u00e9galement assum\u00e9 une part de la poursuite dans les 40 derniers kilom\u00e8tres, avec la Lidl-Trek. M\u00eame la formation Bahrain Victorious a pris le manche dans les petites ascensions du final. Les \u00e9quipes de leaders mais aussi celles qui veulent jouer l&rsquo;\u00e9tape ont fait course commune dans cette premi\u00e8re \u00e9tape. Une fois l&rsquo;\u00e9chapp\u00e9e reprise, UAE Team Emirates-XRG a imprim\u00e9 un gros rythme.<\/p>\n<ul style=\"text-align: justify;\">\n<li><strong>\u00c0 ce sujet \u2013\u00a0<a href=\"https:\/\/dicodusport.fr\/blog\/tour-de-catalogne-2026-les-favoris-et-la-startlist-complete\/\">Tour de Catalogne 2026 : les favoris et la startlist compl\u00e8te<\/a><\/strong><\/li>\n<\/ul>\n<p style=\"text-align: justify;\">Un rythme qui a fait exploser des coureurs. Certains leaders ont d&rsquo;ores et d\u00e9j\u00e0 perdu le Tour de Catalogne. <strong>Einer Rubio<\/strong> (Movistar) ou encore <strong>David Gaudu<\/strong> (Groupama-FDJ United), <strong>Giulio Ciccone<\/strong> (Lidl-Trek) ont explos\u00e9 !<\/p>\n<h2 style=\"text-align: justify;\">Remco Evenepoel marque d\u00e9j\u00e0 les esprits sur le Tour de Catalogne<\/h2>\n<p style=\"text-align: justify;\">Tous loin d&rsquo;un sprint hom\u00e9rique ! Un sprint d\u00e9clench\u00e9 par <strong>Tom Pidcock<\/strong> (Pinarello-Q36.5 Pro Cycling Team). Mais le Britannique, peut-\u00eatre fatigu\u00e9 apr\u00e8s <a href=\"https:\/\/dicodusport.fr\/blog\/tadej-pogacar-soffre-enfin-milan-san-remo-apres-un-superbe-mano-a-mano-avec-tom-pidcock\/\">son Milan-San Remo achev\u00e9 \u00e0 la deuxi\u00e8me place<\/a>, doit se rasseoir. D\u00e9bord\u00e9 par <strong>Remco Evenepoel<\/strong>. Le Belge, candidat \u00e0 la victoire finale, a du feu dans les jambes et fait parler l&rsquo;explosivit\u00e9. Un seul homme parvient \u00e0 s&rsquo;accrocher, c&rsquo;est Dorian Godon.<\/p>\n<p style=\"text-align: justify;\">Le champion de France parvient \u00e0 d\u00e9border le champion du monde 2022. Mais le Belge retrouve de la ressource et se montre mena\u00e7ant jusqu&rsquo;\u00e0 la ligne. Il faudra la photo-finish pour d\u00e9partager les deux hommes. Photo qui bascule en faveur du Fran\u00e7ais. <a href=\"https:\/\/dicodusport.fr\/blog\/le-champion-de-france-dorian-godon-rafle-une-7e-etape-tronquee-sur-paris-nice\/\">Apr\u00e8s sa victoire sur la 7\u00e8me \u00e9tape de Paris-Nice<\/a>, il engrange une nouvelle victoire en World Tour en 2026. Il s&rsquo;affirme comme un des meilleurs coureurs du monde sur ces profils d&rsquo;arriv\u00e9es en faux plat montant.<\/p>\n<blockquote class=\"twitter-tweet\">\n<p dir=\"ltr\" lang=\"fr\">\ud83c\uddeb\ud83c\uddf7 Le champion de France Dorian Godon s&rsquo;offre Remco Evenepoel au sprint et la 1re \u00e9tape du Tour de Catalogne ! <a href=\"https:\/\/twitter.com\/hashtag\/VoltaCatalunya105?src=hash&amp;ref_src=twsrc%5Etfw\">#VoltaCatalunya105<\/a> <a href=\"https:\/\/twitter.com\/hashtag\/LesRP?src=hash&amp;ref_src=twsrc%5Etfw\">#LesRP<\/a> <a href=\"https:\/\/t.co\/lu2SnE3zKh\">pic.twitter.com\/lu2SnE3zKh<\/a><\/p>\n<p>\u2014 Eurosport France (@Eurosport_FR) <a href=\"https:\/\/twitter.com\/Eurosport_FR\/status\/2036115233136070798?ref_src=twsrc%5Etfw\">March 23, 2026<\/a><\/p><\/blockquote>\n<p style=\"text-align: justify;\"><script async src=\"https:\/\/platform.twitter.com\/widgets.js\" charset=\"utf-8\"><\/script><\/p>\n<h3 style=\"text-align: justify;\">\u00c0 ce sujet<\/h3>\n<div class=\"vlp-link-container vlp-layout-article\"><a href=\"https:\/\/dicodusport.fr\/blog\/tour-de-catalogne-2026-le-parcours-complet-et-le-profil-des-7-etapes\/\" class=\"vlp-link\" title=\"Tour de Catalogne 2026 : le parcours complet et le profil des 7 \u00e9tapes\"><\/a><div class=\"vlp-layout-zone-side\"><div class=\"vlp-block-4 vlp-link-image\"><img loading=\"lazy\" decoding=\"async\" style=\"max-width: 792px;\" width=\"792\" height=\"445\" src=\"https:\/\/dicodusport.fr\/blog\/wp-content\/uploads\/2026\/03\/Tour-de-Catalogne-2026-le-parcours-complet-et-le-profil-des-7-etapes.png\" class=\"attachment-800x445 size-800x445\" alt=\"Tour de Catalogne 2026 le parcours complet et le profil des 7 \u00e9tapes\" srcset=\"https:\/\/dicodusport.fr\/blog\/wp-content\/uploads\/2026\/03\/Tour-de-Catalogne-2026-le-parcours-complet-et-le-profil-des-7-etapes.png 1200w, https:\/\/dicodusport.fr\/blog\/wp-content\/uploads\/2026\/03\/Tour-de-Catalogne-2026-le-parcours-complet-et-le-profil-des-7-etapes-300x169.png 300w, https:\/\/dicodusport.fr\/blog\/wp-content\/uploads\/2026\/03\/Tour-de-Catalogne-2026-le-parcours-complet-et-le-profil-des-7-etapes-1024x575.png 1024w, https:\/\/dicodusport.fr\/blog\/wp-content\/uploads\/2026\/03\/Tour-de-Catalogne-2026-le-parcours-complet-et-le-profil-des-7-etapes-768x431.png 768w\" sizes=\"auto, (max-width: 792px) 100vw, 792px\" \/><\/div><\/div><div class=\"vlp-layout-zone-main\"><div class=\"vlp-block-0 vlp-link-title\">Tour de Catalogne 2026 : le parcours complet et le profil des 7 \u00e9tapes<\/div><div class=\"vlp-block-1 vlp-link-summary\">Tour de Catalogne 2026 : d\u00e9couvrez le parcours complet et les profils des 7 \u00e9tapes, avec trois arriv\u00e9es au sommet et des \u00e9tapes d\u00e9cisives pour les grimpeurs.<\/div><div class=\"vlp-block-2 vlp-link-button\">Lire l'article<\/div><div class=\"vlp-block-3 vlp-link-url\">dicodusport.fr<\/div><\/div><\/div>\n<div id=\"gtx-trans\" style=\"position: absolute; left: -14px; top: 40.9091px;\">\n<div class=\"gtx-trans-icon\" style=\"text-align: justify;\"><\/div>\n<\/div>\n","protected":false},"excerpt":{"rendered":"<p>TOUR DE CATALOGNE 2026 &#8211; Dorian Godon (INEOS Grenadiers) remporte la premi\u00e8re \u00e9tape au terme d&rsquo;un sprint splendide face \u00e0 Remco Evenepoel.<\/p>\n","protected":false},"author":83,"featured_media":657887,"comment_status":"open","ping_status":"closed","sticky":false,"template":"","format":"standard","meta":{"_acf_changed":false,"_daextam_enable_autolinks":"1","footnotes":""},"categories":[46994],"tags":[16878,574,11197,47138,24,7488],"class_list":["post-657874","post","type-post","status-publish","format-standard","has-post-thumbnail","hentry","category-cyclisme-sur-route","tag-breve","tag-cyclisme","tag-cyclisme-sur-route","tag-dorian-godon","tag-sport","tag-tour-de-catalogne"],"acf":[],"yoast_head":"<!-- This site is optimized with the Yoast SEO Premium plugin v26.7 (Yoast SEO v26.7) - https:\/\/yoast.com\/wordpress\/plugins\/seo\/ -->\n<title>Dorian Godon r\u00e9siste \u00e0 Remco Evenepoel et rafle la 1\u00e8re \u00e9tape du Tour de Catalogne !<\/title>\n<meta name=\"description\" content=\"TOUR DE CATALOGNE 2026 - Dorian Godon (INEOS Grenadiers) remporte la premi\u00e8re \u00e9tape au terme d&#039;un sprint splendide face \u00e0 Remco Evenepoel.\" \/>\n<meta name=\"robots\" content=\"index, follow, max-snippet:-1, max-image-preview:large, max-video-preview:-1\" \/>\n<link rel=\"canonical\" href=\"https:\/\/dicodusport.fr\/blog\/dorian-goron-resiste-a-remco-evenepoel-et-rafle-la-1ere-etape-du-tour-de-catalogne\/\" \/>\n<meta property=\"og:locale\" content=\"fr_FR\" \/>\n<meta property=\"og:type\" content=\"article\" \/>\n<meta property=\"og:title\" content=\"Dorian Godon r\u00e9siste \u00e0 Remco Evenepoel et rafle la 1\u00e8re \u00e9tape du Tour de Catalogne !\" \/>\n<meta property=\"og:description\" content=\"TOUR DE CATALOGNE 2026 - Dorian Godon (INEOS Grenadiers) remporte la premi\u00e8re \u00e9tape au terme d&#039;un sprint splendide face \u00e0 Remco Evenepoel.\" \/>\n<meta property=\"og:url\" content=\"https:\/\/dicodusport.fr\/blog\/dorian-goron-resiste-a-remco-evenepoel-et-rafle-la-1ere-etape-du-tour-de-catalogne\/\" \/>\n<meta property=\"og:site_name\" content=\"Dicodusport\" \/>\n<meta property=\"article:publisher\" content=\"https:\/\/www.facebook.com\/dicodusport\" \/>\n<meta property=\"article:published_time\" content=\"2026-03-23T16:11:44+00:00\" \/>\n<meta property=\"article:modified_time\" content=\"2026-03-23T20:11:51+00:00\" \/>\n<meta property=\"og:image\" content=\"https:\/\/dicodusport.fr\/blog\/wp-content\/uploads\/2026\/03\/Dorian-Godon-resiste-a-Remco-Evenepoel-et-rafle-la-1ere-etape-du-Tour-de-Catalogne-.png\" \/>\n\t<meta property=\"og:image:width\" content=\"1200\" \/>\n\t<meta property=\"og:image:height\" content=\"674\" \/>\n\t<meta property=\"og:image:type\" content=\"image\/png\" \/>\n<meta name=\"author\" content=\"Etienne Goursaud\" \/>\n<meta name=\"twitter:card\" content=\"summary_large_image\" \/>\n<meta name=\"twitter:title\" content=\"Dorian Godon r\u00e9siste \u00e0 Remco Evenepoel et rafle la 1\u00e8re \u00e9tape du Tour de Catalogne !\" \/>\n<meta name=\"twitter:creator\" content=\"@dicodusport\" \/>\n<meta name=\"twitter:site\" content=\"@dicodusport\" \/>\n<script type=\"application\/ld+json\" class=\"yoast-schema-graph\">{\"@context\":\"https:\/\/schema.org\",\"@graph\":[{\"@type\":\"NewsArticle\",\"@id\":\"https:\/\/dicodusport.fr\/blog\/dorian-goron-resiste-a-remco-evenepoel-et-rafle-la-1ere-etape-du-tour-de-catalogne\/#article\",\"isPartOf\":{\"@id\":\"https:\/\/dicodusport.fr\/blog\/dorian-goron-resiste-a-remco-evenepoel-et-rafle-la-1ere-etape-du-tour-de-catalogne\/\"},\"author\":{\"name\":\"Etienne Goursaud\",\"@id\":\"https:\/\/dicodusport.fr\/blog\/#\/schema\/person\/d603dd7da31fb2b46c82b9835a77ec13\"},\"headline\":\"Dorian Godon r\u00e9siste \u00e0 Remco Evenepoel et rafle la 1\u00e8re \u00e9tape du Tour de Catalogne !\",\"datePublished\":\"2026-03-23T16:11:44+00:00\",\"dateModified\":\"2026-03-23T20:11:51+00:00\",\"mainEntityOfPage\":{\"@id\":\"https:\/\/dicodusport.fr\/blog\/dorian-goron-resiste-a-remco-evenepoel-et-rafle-la-1ere-etape-du-tour-de-catalogne\/\"},\"wordCount\":707,\"commentCount\":0,\"publisher\":{\"@id\":\"https:\/\/dicodusport.fr\/blog\/#organization\"},\"image\":{\"@id\":\"https:\/\/dicodusport.fr\/blog\/dorian-goron-resiste-a-remco-evenepoel-et-rafle-la-1ere-etape-du-tour-de-catalogne\/#primaryimage\"},\"thumbnailUrl\":\"https:\/\/dicodusport.fr\/blog\/wp-content\/uploads\/2026\/03\/Dorian-Godon-resiste-a-Remco-Evenepoel-et-rafle-la-1ere-etape-du-Tour-de-Catalogne-.png\",\"keywords\":[\"br\u00e8ve\",\"Cyclisme\",\"Cyclisme sur route\",\"Dorian Godon\",\"sport\",\"Tour de Catalogne\"],\"articleSection\":[\"Cyclisme sur route\"],\"inLanguage\":\"fr-FR\",\"potentialAction\":[{\"@type\":\"CommentAction\",\"name\":\"Comment\",\"target\":[\"https:\/\/dicodusport.fr\/blog\/dorian-goron-resiste-a-remco-evenepoel-et-rafle-la-1ere-etape-du-tour-de-catalogne\/#respond\"]}],\"copyrightYear\":\"2026\",\"copyrightHolder\":{\"@id\":\"https:\/\/dicodusport.fr\/blog\/#organization\"}},{\"@type\":\"WebPage\",\"@id\":\"https:\/\/dicodusport.fr\/blog\/dorian-goron-resiste-a-remco-evenepoel-et-rafle-la-1ere-etape-du-tour-de-catalogne\/\",\"url\":\"https:\/\/dicodusport.fr\/blog\/dorian-goron-resiste-a-remco-evenepoel-et-rafle-la-1ere-etape-du-tour-de-catalogne\/\",\"name\":\"Dorian Godon r\u00e9siste \u00e0 Remco Evenepoel et rafle la 1\u00e8re \u00e9tape du Tour de Catalogne !\",\"isPartOf\":{\"@id\":\"https:\/\/dicodusport.fr\/blog\/#website\"},\"primaryImageOfPage\":{\"@id\":\"https:\/\/dicodusport.fr\/blog\/dorian-goron-resiste-a-remco-evenepoel-et-rafle-la-1ere-etape-du-tour-de-catalogne\/#primaryimage\"},\"image\":{\"@id\":\"https:\/\/dicodusport.fr\/blog\/dorian-goron-resiste-a-remco-evenepoel-et-rafle-la-1ere-etape-du-tour-de-catalogne\/#primaryimage\"},\"thumbnailUrl\":\"https:\/\/dicodusport.fr\/blog\/wp-content\/uploads\/2026\/03\/Dorian-Godon-resiste-a-Remco-Evenepoel-et-rafle-la-1ere-etape-du-Tour-de-Catalogne-.png\",\"datePublished\":\"2026-03-23T16:11:44+00:00\",\"dateModified\":\"2026-03-23T20:11:51+00:00\",\"description\":\"TOUR DE CATALOGNE 2026 - Dorian Godon (INEOS Grenadiers) remporte la premi\u00e8re \u00e9tape au terme d'un sprint splendide face \u00e0 Remco Evenepoel.\",\"breadcrumb\":{\"@id\":\"https:\/\/dicodusport.fr\/blog\/dorian-goron-resiste-a-remco-evenepoel-et-rafle-la-1ere-etape-du-tour-de-catalogne\/#breadcrumb\"},\"inLanguage\":\"fr-FR\",\"potentialAction\":[{\"@type\":\"ReadAction\",\"target\":[\"https:\/\/dicodusport.fr\/blog\/dorian-goron-resiste-a-remco-evenepoel-et-rafle-la-1ere-etape-du-tour-de-catalogne\/\"]}]},{\"@type\":\"ImageObject\",\"inLanguage\":\"fr-FR\",\"@id\":\"https:\/\/dicodusport.fr\/blog\/dorian-goron-resiste-a-remco-evenepoel-et-rafle-la-1ere-etape-du-tour-de-catalogne\/#primaryimage\",\"url\":\"https:\/\/dicodusport.fr\/blog\/wp-content\/uploads\/2026\/03\/Dorian-Godon-resiste-a-Remco-Evenepoel-et-rafle-la-1ere-etape-du-Tour-de-Catalogne-.png\",\"contentUrl\":\"https:\/\/dicodusport.fr\/blog\/wp-content\/uploads\/2026\/03\/Dorian-Godon-resiste-a-Remco-Evenepoel-et-rafle-la-1ere-etape-du-Tour-de-Catalogne-.png\",\"width\":1200,\"height\":674,\"caption\":\"Dorian Godon r\u00e9siste \u00e0 Remco Evenepoel et rafle la 1\u00e8re \u00e9tape du Tour de Catalogne !\"},{\"@type\":\"BreadcrumbList\",\"@id\":\"https:\/\/dicodusport.fr\/blog\/dorian-goron-resiste-a-remco-evenepoel-et-rafle-la-1ere-etape-du-tour-de-catalogne\/#breadcrumb\",\"itemListElement\":[{\"@type\":\"ListItem\",\"position\":1,\"name\":\"Accueil\",\"item\":\"https:\/\/dicodusport.fr\/blog\/\"},{\"@type\":\"ListItem\",\"position\":2,\"name\":\"Dorian Godon r\u00e9siste \u00e0 Remco Evenepoel et rafle la 1\u00e8re \u00e9tape du Tour de Catalogne !\"}]},{\"@type\":\"WebSite\",\"@id\":\"https:\/\/dicodusport.fr\/blog\/#website\",\"url\":\"https:\/\/dicodusport.fr\/blog\/\",\"name\":\"Dicodusport\",\"description\":\"L&#039;encyclop\u00e9die de l&#039;actualit\u00e9 sportive\",\"publisher\":{\"@id\":\"https:\/\/dicodusport.fr\/blog\/#organization\"},\"potentialAction\":[{\"@type\":\"SearchAction\",\"target\":{\"@type\":\"EntryPoint\",\"urlTemplate\":\"https:\/\/dicodusport.fr\/blog\/?s={search_term_string}\"},\"query-input\":{\"@type\":\"PropertyValueSpecification\",\"valueRequired\":true,\"valueName\":\"search_term_string\"}}],\"inLanguage\":\"fr-FR\"},{\"@type\":\"NewsMediaOrganization\",\"@id\":\"https:\/\/dicodusport.fr\/blog\/#organization\",\"name\":\"Dicodusport\",\"url\":\"https:\/\/dicodusport.fr\/blog\/\",\"logo\":{\"@type\":\"ImageObject\",\"inLanguage\":\"fr-FR\",\"@id\":\"https:\/\/dicodusport.fr\/blog\/#\/schema\/logo\/image\/\",\"url\":\"https:\/\/dicodusport.fr\/blog\/wp-content\/uploads\/2020\/06\/cropped-LOGO-DICODUSPORT-2020-SANS-FOND-SANS-TEXTE.png\",\"contentUrl\":\"https:\/\/dicodusport.fr\/blog\/wp-content\/uploads\/2020\/06\/cropped-LOGO-DICODUSPORT-2020-SANS-FOND-SANS-TEXTE.png\",\"width\":512,\"height\":512,\"caption\":\"Dicodusport\"},\"image\":{\"@id\":\"https:\/\/dicodusport.fr\/blog\/#\/schema\/logo\/image\/\"},\"sameAs\":[\"https:\/\/www.facebook.com\/dicodusport\",\"https:\/\/x.com\/dicodusport\",\"https:\/\/www.instagram.com\/dicodusport\/\",\"https:\/\/www.youtube.com\/channel\/UC7V2KZ5sd3htJivAbA4ZG3w\"],\"description\":\"Dicodusport est l'encyclop\u00e9die de l'actualit\u00e9 sportive.\",\"email\":\"bonjour@dicodusport.fr\",\"legalName\":\"DICODUSPORT\",\"foundingDate\":\"2018-01-14\",\"vatID\":\"FR71834470973\",\"taxID\":\"83447097300043\",\"numberOfEmployees\":{\"@type\":\"QuantitativeValue\",\"minValue\":\"1\",\"maxValue\":\"10\"}},{\"@type\":\"Person\",\"@id\":\"https:\/\/dicodusport.fr\/blog\/#\/schema\/person\/d603dd7da31fb2b46c82b9835a77ec13\",\"name\":\"Etienne Goursaud\",\"image\":{\"@type\":\"ImageObject\",\"inLanguage\":\"fr-FR\",\"@id\":\"https:\/\/dicodusport.fr\/blog\/#\/schema\/person\/image\/\",\"url\":\"https:\/\/dicodusport.fr\/blog\/wp-content\/uploads\/2023\/12\/410122264_10231602061736049_5565839791558026645_n-150x150.jpg\",\"contentUrl\":\"https:\/\/dicodusport.fr\/blog\/wp-content\/uploads\/2023\/12\/410122264_10231602061736049_5565839791558026645_n-150x150.jpg\",\"caption\":\"Etienne Goursaud\"},\"description\":\"Journaliste et amoureux de sport. Ancien footballeur reconverti athl\u00e8te quand ses muscles le laissent tranquille. \u00c9lev\u00e9 \u00e0 la sauce des exploits de Thomas Voeckler en 2004, du dernier essai de l\u00e9gende de Eunice Barber \u00e0 la longueur lors des championnats du monde d'athl\u00e9tisme de 2003 mais aussi Zidane, Omeyer et Titou Lamaison.\",\"url\":\"https:\/\/dicodusport.fr\/blog\/author\/etienne-goursaud\/\"}]}<\/script>\n<!-- \/ Yoast SEO Premium plugin. -->","yoast_head_json":{"title":"Dorian Godon r\u00e9siste \u00e0 Remco Evenepoel et rafle la 1\u00e8re \u00e9tape du Tour de Catalogne !","description":"TOUR DE CATALOGNE 2026 - Dorian Godon (INEOS Grenadiers) remporte la premi\u00e8re \u00e9tape au terme d'un sprint splendide face \u00e0 Remco Evenepoel.","robots":{"index":"index","follow":"follow","max-snippet":"max-snippet:-1","max-image-preview":"max-image-preview:large","max-video-preview":"max-video-preview:-1"},"canonical":"https:\/\/dicodusport.fr\/blog\/dorian-goron-resiste-a-remco-evenepoel-et-rafle-la-1ere-etape-du-tour-de-catalogne\/","og_locale":"fr_FR","og_type":"article","og_title":"Dorian Godon r\u00e9siste \u00e0 Remco Evenepoel et rafle la 1\u00e8re \u00e9tape du Tour de Catalogne !","og_description":"TOUR DE CATALOGNE 2026 - Dorian Godon (INEOS Grenadiers) remporte la premi\u00e8re \u00e9tape au terme d'un sprint splendide face \u00e0 Remco Evenepoel.","og_url":"https:\/\/dicodusport.fr\/blog\/dorian-goron-resiste-a-remco-evenepoel-et-rafle-la-1ere-etape-du-tour-de-catalogne\/","og_site_name":"Dicodusport","article_publisher":"https:\/\/www.facebook.com\/dicodusport","article_published_time":"2026-03-23T16:11:44+00:00","article_modified_time":"2026-03-23T20:11:51+00:00","og_image":[{"width":1200,"height":674,"url":"https:\/\/dicodusport.fr\/blog\/wp-content\/uploads\/2026\/03\/Dorian-Godon-resiste-a-Remco-Evenepoel-et-rafle-la-1ere-etape-du-Tour-de-Catalogne-.png","type":"image\/png"}],"author":"Etienne Goursaud","twitter_card":"summary_large_image","twitter_title":"Dorian Godon r\u00e9siste \u00e0 Remco Evenepoel et rafle la 1\u00e8re \u00e9tape du Tour de Catalogne !","twitter_creator":"@dicodusport","twitter_site":"@dicodusport","schema":{"@context":"https:\/\/schema.org","@graph":[{"@type":"NewsArticle","@id":"https:\/\/dicodusport.fr\/blog\/dorian-goron-resiste-a-remco-evenepoel-et-rafle-la-1ere-etape-du-tour-de-catalogne\/#article","isPartOf":{"@id":"https:\/\/dicodusport.fr\/blog\/dorian-goron-resiste-a-remco-evenepoel-et-rafle-la-1ere-etape-du-tour-de-catalogne\/"},"author":{"name":"Etienne Goursaud","@id":"https:\/\/dicodusport.fr\/blog\/#\/schema\/person\/d603dd7da31fb2b46c82b9835a77ec13"},"headline":"Dorian Godon r\u00e9siste \u00e0 Remco Evenepoel et rafle la 1\u00e8re \u00e9tape du Tour de Catalogne !","datePublished":"2026-03-23T16:11:44+00:00","dateModified":"2026-03-23T20:11:51+00:00","mainEntityOfPage":{"@id":"https:\/\/dicodusport.fr\/blog\/dorian-goron-resiste-a-remco-evenepoel-et-rafle-la-1ere-etape-du-tour-de-catalogne\/"},"wordCount":707,"commentCount":0,"publisher":{"@id":"https:\/\/dicodusport.fr\/blog\/#organization"},"image":{"@id":"https:\/\/dicodusport.fr\/blog\/dorian-goron-resiste-a-remco-evenepoel-et-rafle-la-1ere-etape-du-tour-de-catalogne\/#primaryimage"},"thumbnailUrl":"https:\/\/dicodusport.fr\/blog\/wp-content\/uploads\/2026\/03\/Dorian-Godon-resiste-a-Remco-Evenepoel-et-rafle-la-1ere-etape-du-Tour-de-Catalogne-.png","keywords":["br\u00e8ve","Cyclisme","Cyclisme sur route","Dorian Godon","sport","Tour de Catalogne"],"articleSection":["Cyclisme sur route"],"inLanguage":"fr-FR","potentialAction":[{"@type":"CommentAction","name":"Comment","target":["https:\/\/dicodusport.fr\/blog\/dorian-goron-resiste-a-remco-evenepoel-et-rafle-la-1ere-etape-du-tour-de-catalogne\/#respond"]}],"copyrightYear":"2026","copyrightHolder":{"@id":"https:\/\/dicodusport.fr\/blog\/#organization"}},{"@type":"WebPage","@id":"https:\/\/dicodusport.fr\/blog\/dorian-goron-resiste-a-remco-evenepoel-et-rafle-la-1ere-etape-du-tour-de-catalogne\/","url":"https:\/\/dicodusport.fr\/blog\/dorian-goron-resiste-a-remco-evenepoel-et-rafle-la-1ere-etape-du-tour-de-catalogne\/","name":"Dorian Godon r\u00e9siste \u00e0 Remco Evenepoel et rafle la 1\u00e8re \u00e9tape du Tour de Catalogne !","isPartOf":{"@id":"https:\/\/dicodusport.fr\/blog\/#website"},"primaryImageOfPage":{"@id":"https:\/\/dicodusport.fr\/blog\/dorian-goron-resiste-a-remco-evenepoel-et-rafle-la-1ere-etape-du-tour-de-catalogne\/#primaryimage"},"image":{"@id":"https:\/\/dicodusport.fr\/blog\/dorian-goron-resiste-a-remco-evenepoel-et-rafle-la-1ere-etape-du-tour-de-catalogne\/#primaryimage"},"thumbnailUrl":"https:\/\/dicodusport.fr\/blog\/wp-content\/uploads\/2026\/03\/Dorian-Godon-resiste-a-Remco-Evenepoel-et-rafle-la-1ere-etape-du-Tour-de-Catalogne-.png","datePublished":"2026-03-23T16:11:44+00:00","dateModified":"2026-03-23T20:11:51+00:00","description":"TOUR DE CATALOGNE 2026 - Dorian Godon (INEOS Grenadiers) remporte la premi\u00e8re \u00e9tape au terme d'un sprint splendide face \u00e0 Remco Evenepoel.","breadcrumb":{"@id":"https:\/\/dicodusport.fr\/blog\/dorian-goron-resiste-a-remco-evenepoel-et-rafle-la-1ere-etape-du-tour-de-catalogne\/#breadcrumb"},"inLanguage":"fr-FR","potentialAction":[{"@type":"ReadAction","target":["https:\/\/dicodusport.fr\/blog\/dorian-goron-resiste-a-remco-evenepoel-et-rafle-la-1ere-etape-du-tour-de-catalogne\/"]}]},{"@type":"ImageObject","inLanguage":"fr-FR","@id":"https:\/\/dicodusport.fr\/blog\/dorian-goron-resiste-a-remco-evenepoel-et-rafle-la-1ere-etape-du-tour-de-catalogne\/#primaryimage","url":"https:\/\/dicodusport.fr\/blog\/wp-content\/uploads\/2026\/03\/Dorian-Godon-resiste-a-Remco-Evenepoel-et-rafle-la-1ere-etape-du-Tour-de-Catalogne-.png","contentUrl":"https:\/\/dicodusport.fr\/blog\/wp-content\/uploads\/2026\/03\/Dorian-Godon-resiste-a-Remco-Evenepoel-et-rafle-la-1ere-etape-du-Tour-de-Catalogne-.png","width":1200,"height":674,"caption":"Dorian Godon r\u00e9siste \u00e0 Remco Evenepoel et rafle la 1\u00e8re \u00e9tape du Tour de Catalogne !"},{"@type":"BreadcrumbList","@id":"https:\/\/dicodusport.fr\/blog\/dorian-goron-resiste-a-remco-evenepoel-et-rafle-la-1ere-etape-du-tour-de-catalogne\/#breadcrumb","itemListElement":[{"@type":"ListItem","position":1,"name":"Accueil","item":"https:\/\/dicodusport.fr\/blog\/"},{"@type":"ListItem","position":2,"name":"Dorian Godon r\u00e9siste \u00e0 Remco Evenepoel et rafle la 1\u00e8re \u00e9tape du Tour de Catalogne !"}]},{"@type":"WebSite","@id":"https:\/\/dicodusport.fr\/blog\/#website","url":"https:\/\/dicodusport.fr\/blog\/","name":"Dicodusport","description":"L&#039;encyclop\u00e9die de l&#039;actualit\u00e9 sportive","publisher":{"@id":"https:\/\/dicodusport.fr\/blog\/#organization"},"potentialAction":[{"@type":"SearchAction","target":{"@type":"EntryPoint","urlTemplate":"https:\/\/dicodusport.fr\/blog\/?s={search_term_string}"},"query-input":{"@type":"PropertyValueSpecification","valueRequired":true,"valueName":"search_term_string"}}],"inLanguage":"fr-FR"},{"@type":"NewsMediaOrganization","@id":"https:\/\/dicodusport.fr\/blog\/#organization","name":"Dicodusport","url":"https:\/\/dicodusport.fr\/blog\/","logo":{"@type":"ImageObject","inLanguage":"fr-FR","@id":"https:\/\/dicodusport.fr\/blog\/#\/schema\/logo\/image\/","url":"https:\/\/dicodusport.fr\/blog\/wp-content\/uploads\/2020\/06\/cropped-LOGO-DICODUSPORT-2020-SANS-FOND-SANS-TEXTE.png","contentUrl":"https:\/\/dicodusport.fr\/blog\/wp-content\/uploads\/2020\/06\/cropped-LOGO-DICODUSPORT-2020-SANS-FOND-SANS-TEXTE.png","width":512,"height":512,"caption":"Dicodusport"},"image":{"@id":"https:\/\/dicodusport.fr\/blog\/#\/schema\/logo\/image\/"},"sameAs":["https:\/\/www.facebook.com\/dicodusport","https:\/\/x.com\/dicodusport","https:\/\/www.instagram.com\/dicodusport\/","https:\/\/www.youtube.com\/channel\/UC7V2KZ5sd3htJivAbA4ZG3w"],"description":"Dicodusport est l'encyclop\u00e9die de l'actualit\u00e9 sportive.","email":"bonjour@dicodusport.fr","legalName":"DICODUSPORT","foundingDate":"2018-01-14","vatID":"FR71834470973","taxID":"83447097300043","numberOfEmployees":{"@type":"QuantitativeValue","minValue":"1","maxValue":"10"}},{"@type":"Person","@id":"https:\/\/dicodusport.fr\/blog\/#\/schema\/person\/d603dd7da31fb2b46c82b9835a77ec13","name":"Etienne Goursaud","image":{"@type":"ImageObject","inLanguage":"fr-FR","@id":"https:\/\/dicodusport.fr\/blog\/#\/schema\/person\/image\/","url":"https:\/\/dicodusport.fr\/blog\/wp-content\/uploads\/2023\/12\/410122264_10231602061736049_5565839791558026645_n-150x150.jpg","contentUrl":"https:\/\/dicodusport.fr\/blog\/wp-content\/uploads\/2023\/12\/410122264_10231602061736049_5565839791558026645_n-150x150.jpg","caption":"Etienne Goursaud"},"description":"Journaliste et amoureux de sport. Ancien footballeur reconverti athl\u00e8te quand ses muscles le laissent tranquille. \u00c9lev\u00e9 \u00e0 la sauce des exploits de Thomas Voeckler en 2004, du dernier essai de l\u00e9gende de Eunice Barber \u00e0 la longueur lors des championnats du monde d'athl\u00e9tisme de 2003 mais aussi Zidane, Omeyer et Titou Lamaison.","url":"https:\/\/dicodusport.fr\/blog\/author\/etienne-goursaud\/"}]}},"_links":{"self":[{"href":"https:\/\/dicodusport.fr\/blog\/wp-json\/wp\/v2\/posts\/657874","targetHints":{"allow":["GET"]}}],"collection":[{"href":"https:\/\/dicodusport.fr\/blog\/wp-json\/wp\/v2\/posts"}],"about":[{"href":"https:\/\/dicodusport.fr\/blog\/wp-json\/wp\/v2\/types\/post"}],"author":[{"embeddable":true,"href":"https:\/\/dicodusport.fr\/blog\/wp-json\/wp\/v2\/users\/83"}],"replies":[{"embeddable":true,"href":"https:\/\/dicodusport.fr\/blog\/wp-json\/wp\/v2\/comments?post=657874"}],"version-history":[{"count":5,"href":"https:\/\/dicodusport.fr\/blog\/wp-json\/wp\/v2\/posts\/657874\/revisions"}],"predecessor-version":[{"id":657906,"href":"https:\/\/dicodusport.fr\/blog\/wp-json\/wp\/v2\/posts\/657874\/revisions\/657906"}],"wp:featuredmedia":[{"embeddable":true,"href":"https:\/\/dicodusport.fr\/blog\/wp-json\/wp\/v2\/media\/657887"}],"wp:attachment":[{"href":"https:\/\/dicodusport.fr\/blog\/wp-json\/wp\/v2\/media?parent=657874"}],"wp:term":[{"taxonomy":"category","embeddable":true,"href":"https:\/\/dicodusport.fr\/blog\/wp-json\/wp\/v2\/categories?post=657874"},{"taxonomy":"post_tag","embeddable":true,"href":"https:\/\/dicodusport.fr\/blog\/wp-json\/wp\/v2\/tags?post=657874"}],"curies":[{"name":"wp","href":"https:\/\/api.w.org\/{rel}","templated":true}]}}