{"id":658179,"date":"2026-03-25T16:00:06","date_gmt":"2026-03-25T15:00:06","guid":{"rendered":"https:\/\/dicodusport.fr\/blog\/?p=658179&#038;preview=true&#038;preview_id=658179"},"modified":"2026-03-25T12:21:26","modified_gmt":"2026-03-25T11:21:26","slug":"champion-du-monde-et-laureat-du-globe-simon-billy-signe-lhiver-parfait-en-ski-de-vitesse","status":"publish","type":"post","link":"https:\/\/dicodusport.fr\/blog\/champion-du-monde-et-laureat-du-globe-simon-billy-signe-lhiver-parfait-en-ski-de-vitesse\/","title":{"rendered":"Champion du monde et laur\u00e9at du globe, Simon Billy signe l\u2019hiver parfait en ski de vitesse"},"content":{"rendered":"<p style=\"text-align: justify;\"><strong><em>SKI DE VITESSE \u2013 Sacr\u00e9 champion du monde et vainqueur du globe de cristal, Simon Billy a absolument tout rafl\u00e9 cet hiver.<\/em><\/strong><\/p>\n<p style=\"text-align: justify;\">Quelle saison pour <strong>Simon Billy<\/strong>\u00a0! \u00c0 34 ans, le skieur de vitesse montpelli\u00e9rain vient peut-\u00eatre de d\u00e9livrer le meilleur hiver de sa carri\u00e8re. La semaine derni\u00e8re, \u00e0 <strong>Vars<\/strong>, le Fran\u00e7ais a v\u00e9cu une v\u00e9ritable cons\u00e9cration en remportant son <strong>deuxi\u00e8me globe de cristal<\/strong> en carri\u00e8re, mais aussi un <strong>5\u00e8me titre de champion du monde cons\u00e9cutif<\/strong>\u00a0!<\/p>\n<h2 style=\"text-align: justify;\">Un rebond brillant apr\u00e8s un hiver insuffisant<\/h2>\n<p style=\"text-align: justify;\">Pourtant, en mars dernier, au moment de tirer le bilan de son hiver 2024\/2025, tous les voyants n\u2019\u00e9taient pas au vert. S\u2019il avait accroch\u00e9 son 4\u00e8me titre mondial cons\u00e9cutif pour s\u2019offrir une \u00e9claircie, il n\u2019avait connu le <strong>podium qu\u2019\u00e0 une seule reprise en Coupe du monde<\/strong>, bien loin de ses ambitions de globe.<\/p>\n<div class=\"vlp-link-container vlp-layout-article\"><a href=\"https:\/\/dicodusport.fr\/blog\/ski-de-vitesse-simon-billy-remporte-un-quatrieme-titre-mondial-de-rang\/\" class=\"vlp-link\" title=\"Ski de vitesse : Simon Billy remporte un quatri\u00e8me titre mondial de rang\"><\/a><div class=\"vlp-layout-zone-side\"><div class=\"vlp-block-4 vlp-link-image\"><img loading=\"lazy\" decoding=\"async\" style=\"max-width: 792px;\" width=\"792\" height=\"445\" src=\"https:\/\/dicodusport.fr\/blog\/wp-content\/uploads\/2025\/03\/Ski-de-vitesse-Simon-Billy-remporte-un-quatrieme-titre-mondial-de-rang.png\" class=\"attachment-800x445 size-800x445\" alt=\"Ski de vitesse Simon Billy remporte un quatri\u00e8me titre mondial de rang\" srcset=\"https:\/\/dicodusport.fr\/blog\/wp-content\/uploads\/2025\/03\/Ski-de-vitesse-Simon-Billy-remporte-un-quatrieme-titre-mondial-de-rang.png 1200w, https:\/\/dicodusport.fr\/blog\/wp-content\/uploads\/2025\/03\/Ski-de-vitesse-Simon-Billy-remporte-un-quatrieme-titre-mondial-de-rang-300x169.png 300w, https:\/\/dicodusport.fr\/blog\/wp-content\/uploads\/2025\/03\/Ski-de-vitesse-Simon-Billy-remporte-un-quatrieme-titre-mondial-de-rang-1024x575.png 1024w, https:\/\/dicodusport.fr\/blog\/wp-content\/uploads\/2025\/03\/Ski-de-vitesse-Simon-Billy-remporte-un-quatrieme-titre-mondial-de-rang-768x431.png 768w\" sizes=\"auto, (max-width: 792px) 100vw, 792px\" \/><\/div><\/div><div class=\"vlp-layout-zone-main\"><div class=\"vlp-block-0 vlp-link-title\">Ski de vitesse : Simon Billy remporte un quatri\u00e8me titre mondial de rang<\/div><div class=\"vlp-block-1 vlp-link-summary\">SKI DE VITESSE - D\u00e9j\u00e0 d\u00e9tenteur de trois couronnes mondiales, Simon Billy a en d\u00e9croch\u00e9 une quatri\u00e8me cons\u00e9vutive \u00e0 Vars avec un run final flash\u00e9 \u00e0 229,138 km\/h.<\/div><div class=\"vlp-block-2 vlp-link-button\">Lire l'article<\/div><div class=\"vlp-block-3 vlp-link-url\">dicodusport.fr<\/div><\/div><\/div>\n<p style=\"text-align: justify;\">Durant l\u2019intersaison, <strong>Simon Billy<\/strong> s\u2019\u00e9tait alors remis en question, travaillant avec assiduit\u00e9 sur l\u2019a\u00e9rodynamisme, notamment sur le bas de la piste. Un travail de fond qui a v\u00e9ritablement port\u00e9 ses fruits. Toujours \u00e0 la lutte avec son \u00e9ternel rival et d\u00e9tenteur de 16 globes, l\u2019Italien <strong>Simone Origone<\/strong>, il a cette saison domin\u00e9 de la t\u00eate et des \u00e9paules.<\/p>\n<h2 style=\"text-align: justify;\">Globe, Mondiaux, victoires \u00e0 la pelle\u2026 Simon Billy rafle tout<\/h2>\n<p style=\"text-align: justify;\">Battu par son compatriote <strong>Bastien Mont\u00e8s<\/strong> lors de l\u2019\u00e9preuve d\u2019ouverture disput\u00e9e \u00e0 <strong>Salla<\/strong> (Finlande), il s\u2019agit de son seul \u00ab\u00a0\u00e9chec\u00a0\u00bb de l\u2019hiver. Les deux jours suivants, il a achev\u00e9 l\u2019\u00e9tape finlandaise en cumulant deux succ\u00e8s. Puis, une fois arriv\u00e9 \u00e0 <strong>Vars<\/strong>, sur la piste de Chabri\u00e8res, il n\u2019a absolument rien laiss\u00e9 passer. Sur les deux \u00e9preuves de Coupe du monde, c\u2019est m\u00eame une v\u00e9ritable d\u00e9monstration qu\u2019il a r\u00e9alis\u00e9e, remportant notamment la deuxi\u00e8me \u00e9preuve en collant plus de 3km\/h \u00e0 son dauphin. En cumulant <strong>4 victoires en 5 \u00e9preuves<\/strong>, il a logiquement accroch\u00e9 son 2\u00e8me globe en carri\u00e8re, cinq ans apr\u00e8s le premier.<\/p>\n<p style=\"text-align: justify;\">Enfin, pour conclure en apoth\u00e9ose une saison de r\u00eave, <strong>Simon Billy<\/strong> est all\u00e9 chercher son<strong> 5\u00e8me titre mondial<\/strong> ce weekend avec une nouvelle performance de choix. En atteignant les <strong>252,10km\/h<\/strong> en qualifications, le <a href=\"https:\/\/dicodusport.fr\/blog\/ski-record-du-monde-de-vitesse-pour-simon-billy\/\">recordman du monde<\/a> a coll\u00e9 <strong>plus de 4km\/h \u00e0 Origone, 2\u00e8me<\/strong>. Un v\u00e9ritable gouffre \u00e0 un tel niveau de comp\u00e9tition. Et une performance synonyme de titre en raison de l\u2019annulation de la finale.<\/p>\n<p style=\"text-align: justify;\">Si ces annulations l\u2019ont emp\u00each\u00e9 de pouvoir battre son record (255,5km\/h) malgr\u00e9 des conditions id\u00e9ales, cela ne l\u2019emp\u00eachera pas de savourer son sans-faute hivernal.<\/p>\n<p style=\"text-align: justify;\">\u00a0<iframe loading=\"lazy\" style=\"border: none; overflow: hidden;\" src=\"https:\/\/www.facebook.com\/plugins\/post.php?href=https%3A%2F%2Fwww.facebook.com%2Fpermalink.php%3Fstory_fbid%3Dpfbid0WZMZKGyGZJVuCFnKokK6EDsmYrM2dEJNtyMXRaWoU9t2Ly6tQwpPeqaCFA8sZiFbl%26id%3D100057920807278&amp;show_text=true&amp;width=500\" width=\"500\" height=\"562\" frameborder=\"0\" scrolling=\"no\" allowfullscreen=\"allowfullscreen\"><\/iframe><\/p>\n<h2 style=\"text-align: justify;\">Les Jeux Olympiques 2030, un r\u00eave accessible ?<\/h2>\n<p style=\"text-align: justify;\">Disposant d\u00e9j\u00e0 d&rsquo;un palmar\u00e8s stratosph\u00e9rique, <strong>Simon Billy<\/strong> r\u00eaverait sans doute de pouvoir ajouter une m\u00e9daille olympique afin de boucler la boucle. Pr\u00e9sent au programme des Jeux \u00e0 une seule reprise, en 1992, le <strong>ski de vitesse<\/strong> fait partie des <strong>candidats \u00e0 une place dans les Alpes Fran\u00e7aises en 2030<\/strong>. H\u00e9las, la discipline ne fait clairement pas partie des favorites.<\/p>\n<p style=\"text-align: justify;\">Alors que le <strong>ski alpinisme<\/strong> devrait conserver sa place apr\u00e8s une entr\u00e9e en mati\u00e8re plut\u00f4t r\u00e9ussie, la concurrence est f\u00e9roce. Entre les volont\u00e9s nouvelles du <strong>cyclo-cross <\/strong>et du<strong> cross-country<\/strong>, la progression spectaculaire du <strong>freeride<\/strong>, ou encore une discipline plus traditionnelle comme le <strong>t\u00e9l\u00e9mark<\/strong>, pour ne citer qu&rsquo;eux, difficile de se faire une place. Mais tant qu&rsquo;un choix officiel n&rsquo;a pas \u00e9t\u00e9 r\u00e9alis\u00e9, tous les r\u00eaves sont permis.<\/p>\n<div id=\"gtx-trans\" style=\"position: absolute; left: -14px; top: 40.9091px;\">\n<div class=\"gtx-trans-icon\" style=\"text-align: justify;\"><\/div>\n<\/div>\n","protected":false},"excerpt":{"rendered":"<p>SKI DE VITESSE \u2013 Sacr\u00e9 champion du monde et vainqueur du globe de cristal, Simon Billy a absolument tout rafl\u00e9 cet hiver.<\/p>\n","protected":false},"author":55,"featured_media":658198,"comment_status":"open","ping_status":"closed","sticky":false,"template":"","format":"standard","meta":{"_acf_changed":false,"_daextam_enable_autolinks":"1","footnotes":""},"categories":[9217],"tags":[16878,15117,15118],"class_list":["post-658179","post","type-post","status-publish","format-standard","has-post-thumbnail","hentry","category-ski","tag-breve","tag-simon-billy","tag-ski-de-vitesse"],"acf":[],"yoast_head":"<!-- This site is optimized with the Yoast SEO Premium plugin v26.7 (Yoast SEO v26.7) - https:\/\/yoast.com\/wordpress\/plugins\/seo\/ -->\n<title>Champion du monde et laur\u00e9at du globe, Simon Billy signe l\u2019hiver parfait en ski de vitesse<\/title>\n<meta name=\"description\" content=\"SKI DE VITESSE \u2013 Sacr\u00e9 champion du monde et vainqueur du globe de cristal, Simon Billy a absolument tout rafl\u00e9 cet hiver.\" \/>\n<meta name=\"robots\" content=\"index, follow, max-snippet:-1, max-image-preview:large, max-video-preview:-1\" \/>\n<link rel=\"canonical\" href=\"https:\/\/dicodusport.fr\/blog\/champion-du-monde-et-laureat-du-globe-simon-billy-signe-lhiver-parfait-en-ski-de-vitesse\/\" \/>\n<meta property=\"og:locale\" content=\"fr_FR\" \/>\n<meta property=\"og:type\" content=\"article\" \/>\n<meta property=\"og:title\" content=\"Champion du monde et laur\u00e9at du globe, Simon Billy signe l\u2019hiver parfait en ski de vitesse\" \/>\n<meta property=\"og:description\" content=\"SKI DE VITESSE \u2013 Sacr\u00e9 champion du monde et vainqueur du globe de cristal, Simon Billy a absolument tout rafl\u00e9 cet hiver.\" \/>\n<meta property=\"og:url\" content=\"https:\/\/dicodusport.fr\/blog\/champion-du-monde-et-laureat-du-globe-simon-billy-signe-lhiver-parfait-en-ski-de-vitesse\/\" \/>\n<meta property=\"og:site_name\" content=\"Dicodusport\" \/>\n<meta property=\"article:publisher\" content=\"https:\/\/www.facebook.com\/dicodusport\" \/>\n<meta property=\"article:published_time\" content=\"2026-03-25T15:00:06+00:00\" \/>\n<meta property=\"og:image\" content=\"https:\/\/dicodusport.fr\/blog\/wp-content\/uploads\/2026\/03\/Champion-du-monde-et-laureat-du-globe-Simon-Billy-signe-lhiver-parfait-en-ski-de-vitesse.png\" \/>\n\t<meta property=\"og:image:width\" content=\"1200\" \/>\n\t<meta property=\"og:image:height\" content=\"674\" \/>\n\t<meta property=\"og:image:type\" content=\"image\/png\" \/>\n<meta name=\"author\" content=\"Maxime Cazenave\" \/>\n<meta name=\"twitter:card\" content=\"summary_large_image\" \/>\n<meta name=\"twitter:title\" content=\"Champion du monde et laur\u00e9at du globe, Simon Billy signe l\u2019hiver parfait en ski de vitesse\" \/>\n<meta name=\"twitter:creator\" content=\"@https:\/\/twitter.com\/Maxime_Caze\" \/>\n<meta name=\"twitter:site\" content=\"@dicodusport\" \/>\n<script type=\"application\/ld+json\" class=\"yoast-schema-graph\">{\"@context\":\"https:\/\/schema.org\",\"@graph\":[{\"@type\":\"NewsArticle\",\"@id\":\"https:\/\/dicodusport.fr\/blog\/champion-du-monde-et-laureat-du-globe-simon-billy-signe-lhiver-parfait-en-ski-de-vitesse\/#article\",\"isPartOf\":{\"@id\":\"https:\/\/dicodusport.fr\/blog\/champion-du-monde-et-laureat-du-globe-simon-billy-signe-lhiver-parfait-en-ski-de-vitesse\/\"},\"author\":{\"name\":\"Maxime Cazenave\",\"@id\":\"https:\/\/dicodusport.fr\/blog\/#\/schema\/person\/37def232098a7a5cbab3974a3690abb0\"},\"headline\":\"Champion du monde et laur\u00e9at du globe, Simon Billy signe l\u2019hiver parfait en ski de vitesse\",\"datePublished\":\"2026-03-25T15:00:06+00:00\",\"mainEntityOfPage\":{\"@id\":\"https:\/\/dicodusport.fr\/blog\/champion-du-monde-et-laureat-du-globe-simon-billy-signe-lhiver-parfait-en-ski-de-vitesse\/\"},\"wordCount\":700,\"commentCount\":0,\"publisher\":{\"@id\":\"https:\/\/dicodusport.fr\/blog\/#organization\"},\"image\":{\"@id\":\"https:\/\/dicodusport.fr\/blog\/champion-du-monde-et-laureat-du-globe-simon-billy-signe-lhiver-parfait-en-ski-de-vitesse\/#primaryimage\"},\"thumbnailUrl\":\"https:\/\/dicodusport.fr\/blog\/wp-content\/uploads\/2026\/03\/Champion-du-monde-et-laureat-du-globe-Simon-Billy-signe-lhiver-parfait-en-ski-de-vitesse.png\",\"keywords\":[\"br\u00e8ve\",\"Simon Billy\",\"Ski de vitesse\"],\"articleSection\":[\"Ski\"],\"inLanguage\":\"fr-FR\",\"potentialAction\":[{\"@type\":\"CommentAction\",\"name\":\"Comment\",\"target\":[\"https:\/\/dicodusport.fr\/blog\/champion-du-monde-et-laureat-du-globe-simon-billy-signe-lhiver-parfait-en-ski-de-vitesse\/#respond\"]}],\"copyrightYear\":\"2026\",\"copyrightHolder\":{\"@id\":\"https:\/\/dicodusport.fr\/blog\/#organization\"}},{\"@type\":\"WebPage\",\"@id\":\"https:\/\/dicodusport.fr\/blog\/champion-du-monde-et-laureat-du-globe-simon-billy-signe-lhiver-parfait-en-ski-de-vitesse\/\",\"url\":\"https:\/\/dicodusport.fr\/blog\/champion-du-monde-et-laureat-du-globe-simon-billy-signe-lhiver-parfait-en-ski-de-vitesse\/\",\"name\":\"Champion du monde et laur\u00e9at du globe, Simon Billy signe l\u2019hiver parfait en ski de vitesse\",\"isPartOf\":{\"@id\":\"https:\/\/dicodusport.fr\/blog\/#website\"},\"primaryImageOfPage\":{\"@id\":\"https:\/\/dicodusport.fr\/blog\/champion-du-monde-et-laureat-du-globe-simon-billy-signe-lhiver-parfait-en-ski-de-vitesse\/#primaryimage\"},\"image\":{\"@id\":\"https:\/\/dicodusport.fr\/blog\/champion-du-monde-et-laureat-du-globe-simon-billy-signe-lhiver-parfait-en-ski-de-vitesse\/#primaryimage\"},\"thumbnailUrl\":\"https:\/\/dicodusport.fr\/blog\/wp-content\/uploads\/2026\/03\/Champion-du-monde-et-laureat-du-globe-Simon-Billy-signe-lhiver-parfait-en-ski-de-vitesse.png\",\"datePublished\":\"2026-03-25T15:00:06+00:00\",\"description\":\"SKI DE VITESSE \u2013 Sacr\u00e9 champion du monde et vainqueur du globe de cristal, Simon Billy a absolument tout rafl\u00e9 cet hiver.\",\"breadcrumb\":{\"@id\":\"https:\/\/dicodusport.fr\/blog\/champion-du-monde-et-laureat-du-globe-simon-billy-signe-lhiver-parfait-en-ski-de-vitesse\/#breadcrumb\"},\"inLanguage\":\"fr-FR\",\"potentialAction\":[{\"@type\":\"ReadAction\",\"target\":[\"https:\/\/dicodusport.fr\/blog\/champion-du-monde-et-laureat-du-globe-simon-billy-signe-lhiver-parfait-en-ski-de-vitesse\/\"]}]},{\"@type\":\"ImageObject\",\"inLanguage\":\"fr-FR\",\"@id\":\"https:\/\/dicodusport.fr\/blog\/champion-du-monde-et-laureat-du-globe-simon-billy-signe-lhiver-parfait-en-ski-de-vitesse\/#primaryimage\",\"url\":\"https:\/\/dicodusport.fr\/blog\/wp-content\/uploads\/2026\/03\/Champion-du-monde-et-laureat-du-globe-Simon-Billy-signe-lhiver-parfait-en-ski-de-vitesse.png\",\"contentUrl\":\"https:\/\/dicodusport.fr\/blog\/wp-content\/uploads\/2026\/03\/Champion-du-monde-et-laureat-du-globe-Simon-Billy-signe-lhiver-parfait-en-ski-de-vitesse.png\",\"width\":1200,\"height\":674,\"caption\":\"Champion du monde et r\u00e9cipiendaire du globe, Simon Billy signe l\u2019hiver parfait en ski de vitesse\"},{\"@type\":\"BreadcrumbList\",\"@id\":\"https:\/\/dicodusport.fr\/blog\/champion-du-monde-et-laureat-du-globe-simon-billy-signe-lhiver-parfait-en-ski-de-vitesse\/#breadcrumb\",\"itemListElement\":[{\"@type\":\"ListItem\",\"position\":1,\"name\":\"Accueil\",\"item\":\"https:\/\/dicodusport.fr\/blog\/\"},{\"@type\":\"ListItem\",\"position\":2,\"name\":\"Champion du monde et laur\u00e9at du globe, Simon Billy signe l\u2019hiver parfait en ski de vitesse\"}]},{\"@type\":\"WebSite\",\"@id\":\"https:\/\/dicodusport.fr\/blog\/#website\",\"url\":\"https:\/\/dicodusport.fr\/blog\/\",\"name\":\"Dicodusport\",\"description\":\"L&#039;encyclop\u00e9die de l&#039;actualit\u00e9 sportive\",\"publisher\":{\"@id\":\"https:\/\/dicodusport.fr\/blog\/#organization\"},\"potentialAction\":[{\"@type\":\"SearchAction\",\"target\":{\"@type\":\"EntryPoint\",\"urlTemplate\":\"https:\/\/dicodusport.fr\/blog\/?s={search_term_string}\"},\"query-input\":{\"@type\":\"PropertyValueSpecification\",\"valueRequired\":true,\"valueName\":\"search_term_string\"}}],\"inLanguage\":\"fr-FR\"},{\"@type\":\"NewsMediaOrganization\",\"@id\":\"https:\/\/dicodusport.fr\/blog\/#organization\",\"name\":\"Dicodusport\",\"url\":\"https:\/\/dicodusport.fr\/blog\/\",\"logo\":{\"@type\":\"ImageObject\",\"inLanguage\":\"fr-FR\",\"@id\":\"https:\/\/dicodusport.fr\/blog\/#\/schema\/logo\/image\/\",\"url\":\"https:\/\/dicodusport.fr\/blog\/wp-content\/uploads\/2020\/06\/cropped-LOGO-DICODUSPORT-2020-SANS-FOND-SANS-TEXTE.png\",\"contentUrl\":\"https:\/\/dicodusport.fr\/blog\/wp-content\/uploads\/2020\/06\/cropped-LOGO-DICODUSPORT-2020-SANS-FOND-SANS-TEXTE.png\",\"width\":512,\"height\":512,\"caption\":\"Dicodusport\"},\"image\":{\"@id\":\"https:\/\/dicodusport.fr\/blog\/#\/schema\/logo\/image\/\"},\"sameAs\":[\"https:\/\/www.facebook.com\/dicodusport\",\"https:\/\/x.com\/dicodusport\",\"https:\/\/www.instagram.com\/dicodusport\/\",\"https:\/\/www.youtube.com\/channel\/UC7V2KZ5sd3htJivAbA4ZG3w\"],\"description\":\"Dicodusport est l'encyclop\u00e9die de l'actualit\u00e9 sportive.\",\"email\":\"bonjour@dicodusport.fr\",\"legalName\":\"DICODUSPORT\",\"foundingDate\":\"2018-01-14\",\"vatID\":\"FR71834470973\",\"taxID\":\"83447097300043\",\"numberOfEmployees\":{\"@type\":\"QuantitativeValue\",\"minValue\":\"1\",\"maxValue\":\"10\"}},{\"@type\":\"Person\",\"@id\":\"https:\/\/dicodusport.fr\/blog\/#\/schema\/person\/37def232098a7a5cbab3974a3690abb0\",\"name\":\"Maxime Cazenave\",\"image\":{\"@type\":\"ImageObject\",\"inLanguage\":\"fr-FR\",\"@id\":\"https:\/\/dicodusport.fr\/blog\/#\/schema\/person\/image\/\",\"url\":\"https:\/\/dicodusport.fr\/blog\/wp-content\/uploads\/2021\/05\/Maxime-Cazenave-150x150.jpg\",\"contentUrl\":\"https:\/\/dicodusport.fr\/blog\/wp-content\/uploads\/2021\/05\/Maxime-Cazenave-150x150.jpg\",\"caption\":\"Maxime Cazenave\"},\"description\":\"Journaliste\/R\u00e9dacteur depuis 2012 - Berc\u00e9 par l\u2019amour des Girondins de Bordeaux, les \u00e9checs de Christophe Moreau sur le Tour de France sous l'\u00e8re Lance Armstrong et le fade-away l\u00e9tal de Dirk Nowitzki, ma passion d\u00e9vorante pour le sport a toujours \u00e9t\u00e9 un pan incontournable de ma vie. Transmettre ma passion \u00e0 l\u2019\u00e9crit a \u00e9t\u00e9 une transition naturelle. Suiveur assidu de basket et de hockey sur glace, je garde toujours un peu de place pour suivre le cyclisme, le football et le maximum de performances fran\u00e7aises.\",\"sameAs\":[\"https:\/\/x.com\/https:\/\/twitter.com\/Maxime_Caze\"],\"url\":\"https:\/\/dicodusport.fr\/blog\/author\/maximec\/\"}]}<\/script>\n<!-- \/ Yoast SEO Premium plugin. -->","yoast_head_json":{"title":"Champion du monde et laur\u00e9at du globe, Simon Billy signe l\u2019hiver parfait en ski de vitesse","description":"SKI DE VITESSE \u2013 Sacr\u00e9 champion du monde et vainqueur du globe de cristal, Simon Billy a absolument tout rafl\u00e9 cet hiver.","robots":{"index":"index","follow":"follow","max-snippet":"max-snippet:-1","max-image-preview":"max-image-preview:large","max-video-preview":"max-video-preview:-1"},"canonical":"https:\/\/dicodusport.fr\/blog\/champion-du-monde-et-laureat-du-globe-simon-billy-signe-lhiver-parfait-en-ski-de-vitesse\/","og_locale":"fr_FR","og_type":"article","og_title":"Champion du monde et laur\u00e9at du globe, Simon Billy signe l\u2019hiver parfait en ski de vitesse","og_description":"SKI DE VITESSE \u2013 Sacr\u00e9 champion du monde et vainqueur du globe de cristal, Simon Billy a absolument tout rafl\u00e9 cet hiver.","og_url":"https:\/\/dicodusport.fr\/blog\/champion-du-monde-et-laureat-du-globe-simon-billy-signe-lhiver-parfait-en-ski-de-vitesse\/","og_site_name":"Dicodusport","article_publisher":"https:\/\/www.facebook.com\/dicodusport","article_published_time":"2026-03-25T15:00:06+00:00","og_image":[{"width":1200,"height":674,"url":"https:\/\/dicodusport.fr\/blog\/wp-content\/uploads\/2026\/03\/Champion-du-monde-et-laureat-du-globe-Simon-Billy-signe-lhiver-parfait-en-ski-de-vitesse.png","type":"image\/png"}],"author":"Maxime Cazenave","twitter_card":"summary_large_image","twitter_title":"Champion du monde et laur\u00e9at du globe, Simon Billy signe l\u2019hiver parfait en ski de vitesse","twitter_creator":"@https:\/\/twitter.com\/Maxime_Caze","twitter_site":"@dicodusport","schema":{"@context":"https:\/\/schema.org","@graph":[{"@type":"NewsArticle","@id":"https:\/\/dicodusport.fr\/blog\/champion-du-monde-et-laureat-du-globe-simon-billy-signe-lhiver-parfait-en-ski-de-vitesse\/#article","isPartOf":{"@id":"https:\/\/dicodusport.fr\/blog\/champion-du-monde-et-laureat-du-globe-simon-billy-signe-lhiver-parfait-en-ski-de-vitesse\/"},"author":{"name":"Maxime Cazenave","@id":"https:\/\/dicodusport.fr\/blog\/#\/schema\/person\/37def232098a7a5cbab3974a3690abb0"},"headline":"Champion du monde et laur\u00e9at du globe, Simon Billy signe l\u2019hiver parfait en ski de vitesse","datePublished":"2026-03-25T15:00:06+00:00","mainEntityOfPage":{"@id":"https:\/\/dicodusport.fr\/blog\/champion-du-monde-et-laureat-du-globe-simon-billy-signe-lhiver-parfait-en-ski-de-vitesse\/"},"wordCount":700,"commentCount":0,"publisher":{"@id":"https:\/\/dicodusport.fr\/blog\/#organization"},"image":{"@id":"https:\/\/dicodusport.fr\/blog\/champion-du-monde-et-laureat-du-globe-simon-billy-signe-lhiver-parfait-en-ski-de-vitesse\/#primaryimage"},"thumbnailUrl":"https:\/\/dicodusport.fr\/blog\/wp-content\/uploads\/2026\/03\/Champion-du-monde-et-laureat-du-globe-Simon-Billy-signe-lhiver-parfait-en-ski-de-vitesse.png","keywords":["br\u00e8ve","Simon Billy","Ski de vitesse"],"articleSection":["Ski"],"inLanguage":"fr-FR","potentialAction":[{"@type":"CommentAction","name":"Comment","target":["https:\/\/dicodusport.fr\/blog\/champion-du-monde-et-laureat-du-globe-simon-billy-signe-lhiver-parfait-en-ski-de-vitesse\/#respond"]}],"copyrightYear":"2026","copyrightHolder":{"@id":"https:\/\/dicodusport.fr\/blog\/#organization"}},{"@type":"WebPage","@id":"https:\/\/dicodusport.fr\/blog\/champion-du-monde-et-laureat-du-globe-simon-billy-signe-lhiver-parfait-en-ski-de-vitesse\/","url":"https:\/\/dicodusport.fr\/blog\/champion-du-monde-et-laureat-du-globe-simon-billy-signe-lhiver-parfait-en-ski-de-vitesse\/","name":"Champion du monde et laur\u00e9at du globe, Simon Billy signe l\u2019hiver parfait en ski de vitesse","isPartOf":{"@id":"https:\/\/dicodusport.fr\/blog\/#website"},"primaryImageOfPage":{"@id":"https:\/\/dicodusport.fr\/blog\/champion-du-monde-et-laureat-du-globe-simon-billy-signe-lhiver-parfait-en-ski-de-vitesse\/#primaryimage"},"image":{"@id":"https:\/\/dicodusport.fr\/blog\/champion-du-monde-et-laureat-du-globe-simon-billy-signe-lhiver-parfait-en-ski-de-vitesse\/#primaryimage"},"thumbnailUrl":"https:\/\/dicodusport.fr\/blog\/wp-content\/uploads\/2026\/03\/Champion-du-monde-et-laureat-du-globe-Simon-Billy-signe-lhiver-parfait-en-ski-de-vitesse.png","datePublished":"2026-03-25T15:00:06+00:00","description":"SKI DE VITESSE \u2013 Sacr\u00e9 champion du monde et vainqueur du globe de cristal, Simon Billy a absolument tout rafl\u00e9 cet hiver.","breadcrumb":{"@id":"https:\/\/dicodusport.fr\/blog\/champion-du-monde-et-laureat-du-globe-simon-billy-signe-lhiver-parfait-en-ski-de-vitesse\/#breadcrumb"},"inLanguage":"fr-FR","potentialAction":[{"@type":"ReadAction","target":["https:\/\/dicodusport.fr\/blog\/champion-du-monde-et-laureat-du-globe-simon-billy-signe-lhiver-parfait-en-ski-de-vitesse\/"]}]},{"@type":"ImageObject","inLanguage":"fr-FR","@id":"https:\/\/dicodusport.fr\/blog\/champion-du-monde-et-laureat-du-globe-simon-billy-signe-lhiver-parfait-en-ski-de-vitesse\/#primaryimage","url":"https:\/\/dicodusport.fr\/blog\/wp-content\/uploads\/2026\/03\/Champion-du-monde-et-laureat-du-globe-Simon-Billy-signe-lhiver-parfait-en-ski-de-vitesse.png","contentUrl":"https:\/\/dicodusport.fr\/blog\/wp-content\/uploads\/2026\/03\/Champion-du-monde-et-laureat-du-globe-Simon-Billy-signe-lhiver-parfait-en-ski-de-vitesse.png","width":1200,"height":674,"caption":"Champion du monde et r\u00e9cipiendaire du globe, Simon Billy signe l\u2019hiver parfait en ski de vitesse"},{"@type":"BreadcrumbList","@id":"https:\/\/dicodusport.fr\/blog\/champion-du-monde-et-laureat-du-globe-simon-billy-signe-lhiver-parfait-en-ski-de-vitesse\/#breadcrumb","itemListElement":[{"@type":"ListItem","position":1,"name":"Accueil","item":"https:\/\/dicodusport.fr\/blog\/"},{"@type":"ListItem","position":2,"name":"Champion du monde et laur\u00e9at du globe, Simon Billy signe l\u2019hiver parfait en ski de vitesse"}]},{"@type":"WebSite","@id":"https:\/\/dicodusport.fr\/blog\/#website","url":"https:\/\/dicodusport.fr\/blog\/","name":"Dicodusport","description":"L&#039;encyclop\u00e9die de l&#039;actualit\u00e9 sportive","publisher":{"@id":"https:\/\/dicodusport.fr\/blog\/#organization"},"potentialAction":[{"@type":"SearchAction","target":{"@type":"EntryPoint","urlTemplate":"https:\/\/dicodusport.fr\/blog\/?s={search_term_string}"},"query-input":{"@type":"PropertyValueSpecification","valueRequired":true,"valueName":"search_term_string"}}],"inLanguage":"fr-FR"},{"@type":"NewsMediaOrganization","@id":"https:\/\/dicodusport.fr\/blog\/#organization","name":"Dicodusport","url":"https:\/\/dicodusport.fr\/blog\/","logo":{"@type":"ImageObject","inLanguage":"fr-FR","@id":"https:\/\/dicodusport.fr\/blog\/#\/schema\/logo\/image\/","url":"https:\/\/dicodusport.fr\/blog\/wp-content\/uploads\/2020\/06\/cropped-LOGO-DICODUSPORT-2020-SANS-FOND-SANS-TEXTE.png","contentUrl":"https:\/\/dicodusport.fr\/blog\/wp-content\/uploads\/2020\/06\/cropped-LOGO-DICODUSPORT-2020-SANS-FOND-SANS-TEXTE.png","width":512,"height":512,"caption":"Dicodusport"},"image":{"@id":"https:\/\/dicodusport.fr\/blog\/#\/schema\/logo\/image\/"},"sameAs":["https:\/\/www.facebook.com\/dicodusport","https:\/\/x.com\/dicodusport","https:\/\/www.instagram.com\/dicodusport\/","https:\/\/www.youtube.com\/channel\/UC7V2KZ5sd3htJivAbA4ZG3w"],"description":"Dicodusport est l'encyclop\u00e9die de l'actualit\u00e9 sportive.","email":"bonjour@dicodusport.fr","legalName":"DICODUSPORT","foundingDate":"2018-01-14","vatID":"FR71834470973","taxID":"83447097300043","numberOfEmployees":{"@type":"QuantitativeValue","minValue":"1","maxValue":"10"}},{"@type":"Person","@id":"https:\/\/dicodusport.fr\/blog\/#\/schema\/person\/37def232098a7a5cbab3974a3690abb0","name":"Maxime Cazenave","image":{"@type":"ImageObject","inLanguage":"fr-FR","@id":"https:\/\/dicodusport.fr\/blog\/#\/schema\/person\/image\/","url":"https:\/\/dicodusport.fr\/blog\/wp-content\/uploads\/2021\/05\/Maxime-Cazenave-150x150.jpg","contentUrl":"https:\/\/dicodusport.fr\/blog\/wp-content\/uploads\/2021\/05\/Maxime-Cazenave-150x150.jpg","caption":"Maxime Cazenave"},"description":"Journaliste\/R\u00e9dacteur depuis 2012 - Berc\u00e9 par l\u2019amour des Girondins de Bordeaux, les \u00e9checs de Christophe Moreau sur le Tour de France sous l'\u00e8re Lance Armstrong et le fade-away l\u00e9tal de Dirk Nowitzki, ma passion d\u00e9vorante pour le sport a toujours \u00e9t\u00e9 un pan incontournable de ma vie. Transmettre ma passion \u00e0 l\u2019\u00e9crit a \u00e9t\u00e9 une transition naturelle. Suiveur assidu de basket et de hockey sur glace, je garde toujours un peu de place pour suivre le cyclisme, le football et le maximum de performances fran\u00e7aises.","sameAs":["https:\/\/x.com\/https:\/\/twitter.com\/Maxime_Caze"],"url":"https:\/\/dicodusport.fr\/blog\/author\/maximec\/"}]}},"_links":{"self":[{"href":"https:\/\/dicodusport.fr\/blog\/wp-json\/wp\/v2\/posts\/658179","targetHints":{"allow":["GET"]}}],"collection":[{"href":"https:\/\/dicodusport.fr\/blog\/wp-json\/wp\/v2\/posts"}],"about":[{"href":"https:\/\/dicodusport.fr\/blog\/wp-json\/wp\/v2\/types\/post"}],"author":[{"embeddable":true,"href":"https:\/\/dicodusport.fr\/blog\/wp-json\/wp\/v2\/users\/55"}],"replies":[{"embeddable":true,"href":"https:\/\/dicodusport.fr\/blog\/wp-json\/wp\/v2\/comments?post=658179"}],"version-history":[{"count":6,"href":"https:\/\/dicodusport.fr\/blog\/wp-json\/wp\/v2\/posts\/658179\/revisions"}],"predecessor-version":[{"id":658284,"href":"https:\/\/dicodusport.fr\/blog\/wp-json\/wp\/v2\/posts\/658179\/revisions\/658284"}],"wp:featuredmedia":[{"embeddable":true,"href":"https:\/\/dicodusport.fr\/blog\/wp-json\/wp\/v2\/media\/658198"}],"wp:attachment":[{"href":"https:\/\/dicodusport.fr\/blog\/wp-json\/wp\/v2\/media?parent=658179"}],"wp:term":[{"taxonomy":"category","embeddable":true,"href":"https:\/\/dicodusport.fr\/blog\/wp-json\/wp\/v2\/categories?post=658179"},{"taxonomy":"post_tag","embeddable":true,"href":"https:\/\/dicodusport.fr\/blog\/wp-json\/wp\/v2\/tags?post=658179"}],"curies":[{"name":"wp","href":"https:\/\/api.w.org\/{rel}","templated":true}]}}