{"id":658241,"date":"2026-03-25T17:29:46","date_gmt":"2026-03-25T16:29:46","guid":{"rendered":"https:\/\/dicodusport.fr\/blog\/?p=658241&#038;preview=true&#038;preview_id=658241"},"modified":"2026-03-25T20:10:12","modified_gmt":"2026-03-25T19:10:12","slug":"dorian-godon-bisse-sur-une-3eme-etape-du-tour-de-catalogne-completement-folle","status":"publish","type":"post","link":"https:\/\/dicodusport.fr\/blog\/dorian-godon-bisse-sur-une-3eme-etape-du-tour-de-catalogne-completement-folle\/","title":{"rendered":"Dorian Godon bisse sur une 3\u00e8me \u00e9tape du Tour de Catalogne compl\u00e8tement folle !"},"content":{"rendered":"<p style=\"text-align: justify;\"><strong><em>TOUR DE CATALOGNE 2026 &#8211; Dorian Godon (INEOS Grenadiers) remporte la 3\u00e8me \u00e9tape au terme d&rsquo;un sc\u00e9nario ahurissant.\u00a0<\/em><\/strong><\/p>\n<p style=\"text-align: justify;\"><strong>Remco Evenepoel<\/strong>, seul en t\u00eate avec <strong>Jonas Vingegaard<\/strong>, a chut\u00e9 \u00e0 500 m du but, et le Danois n\u2019a pas pu r\u00e9sister au peloton. Les deux coureurs \u00e9taient en t\u00eate depuis pr\u00e8s de 30 kilom\u00e8tres.<\/p>\n<ul style=\"text-align: justify;\">\n<li style=\"text-align: justify;\"><strong>\u00c0 ce sujet \u2013 <a href=\"https:\/\/dicodusport.fr\/blog\/3e-etape-tour-de-catalogne-2026-classement-et-resultats\/\">3e \u00e9tape Tour de Catalogne 2026 : Classement et r\u00e9sultats<\/a><\/strong><\/li>\n<\/ul>\n<h2 style=\"text-align: justify;\">Six hommes \u00e0 l&rsquo;avant, un peloton qui ne prend pas de risque<\/h2>\n<p style=\"text-align: justify;\">Six hommes ont attaqu\u00e9 d\u00e8s le d\u00e9but de l&rsquo;\u00e9tape pour former l&rsquo;\u00e9chapp\u00e9e du jour. On retrouvait encore une fois le Tricolore <strong>Baptiste Veistroffer<\/strong> (<strong>Lotto<\/strong>), animateur de ce <strong>Tour de Catalogne<\/strong> et pr\u00e9sent en t\u00eate de la course, comme lors des deux premi\u00e8res \u00e9tapes. <a href=\"https:\/\/dicodusport.fr\/blog\/magnus-cort-nielsen-renait-de-ses-cendres-sur-la-2e-etape-du-tour-de-catalogne\/\">Repris \u00e0 moins de trois kilom\u00e8tres du but la veille<\/a>, il avait encore de l&rsquo;essence dans le moteur. Il en a profit\u00e9 pour marquer de nouveaux points pr\u00e9cieux dans l&rsquo;<strong>Alt de la Mussara<\/strong> et le <strong>Coll de Capafonts<\/strong>, afin de reprendre le maillot de meilleur grimpeur.<\/p>\n<p style=\"text-align: justify;\">Il \u00e9tait accompagn\u00e9 par son \u00e9quipier <strong>Reuben Thompson<\/strong>, mais aussi par <strong>Diego Uriarte<\/strong> (Equipo Kern Pharma), <strong>Yago Aguirre<\/strong> (Euskaltel-Euskadi), <strong>Josh Burnett<\/strong> (Burgos Burpellet BH) et <strong>Mark Stewart<\/strong> (Modern Adventure Pro Cycling), qui ont accompagn\u00e9 le Tricolore dans une nouvelle \u00e9pop\u00e9e. Apr\u00e8s deux sprints massifs, les baroudeurs pouvaient nourrir un mince espoir, avec ce d\u00e9but d&rsquo;\u00e9tape escarp\u00e9 malgr\u00e9 un final plus plat.<\/p>\n<ul style=\"text-align: justify;\">\n<li style=\"text-align: justify;\"><strong>\u00c0 ce sujet \u2013 <a href=\"https:\/\/dicodusport.fr\/blog\/classement-general-tour-de-catalogne-2026-mis-a-jour\/\">Classement g\u00e9n\u00e9ral Tour de Catalogne 2026 mis \u00e0 jour<\/a><\/strong><\/li>\n<\/ul>\n<h2 style=\"text-align: justify;\">Le peloton a contr\u00f4l\u00e9 sans souci<\/h2>\n<p style=\"text-align: justify;\">Malheureusement pour les baroudeurs, le peloton avait encore l&rsquo;envie de placer les hommes rapides en situation de gagner l&rsquo;\u00e9tape. \u00c0 ce moment de la course, on pouvait s&rsquo;interroger sur la man\u0153uvre des hommes \u00e0 l&rsquo;arri\u00e8re. En laissant les six hommes \u00e0 moins d&rsquo;une minute, ils ont donn\u00e9 quelques vell\u00e9it\u00e9s offensives \u00e0 certains coureurs. On a ainsi vu plusieurs escarmouches \u00e0 70 km du but. Mais le sc\u00e9nario de la course leur a donn\u00e9 raison. Personne n&rsquo;a pu initier un groupe de contre, et le peloton a pass\u00e9 presque group\u00e9 la derni\u00e8re difficult\u00e9, plac\u00e9e \u00e0 44 kilom\u00e8tres de l&rsquo;arriv\u00e9e. Ne restait plus qu&rsquo;\u00e0 cueillir les baroudeurs. Chose faite \u00e0 30 kilom\u00e8tres de l&rsquo;arriv\u00e9e.<\/p>\n<p style=\"text-align: justify;\">Pendant ce temps-l\u00e0, une chute en mont\u00e9e a projet\u00e9 plusieurs hommes \u00e0 terre. Les deux plus durement touch\u00e9s sont <strong>Jay Vine<\/strong> et <strong>Ivo Oliveira<\/strong> (UAE Team Emirates XRG). Le premier cit\u00e9 n&rsquo;a pas termin\u00e9 l&rsquo;\u00e9tape. Coup dur pour <strong>Jo\u00e3o Almeida<\/strong>, qui perd sans doute son meilleur lieutenant \u00e0 la veille de la premi\u00e8re des trois grosses \u00e9tapes de montagne de ce <strong>Tour de Catalogne<\/strong>.<\/p>\n<h2 style=\"text-align: justify;\">Remco Evenepoel et Jonas Vingegaard seuls en t\u00eate \u00e0 28 km du but, sur du plat<\/h2>\n<p style=\"text-align: justify;\">Au moment de la jonction, la formation <strong>Red Bull-BORA-hansgrohe<\/strong> a mis en route, profitant d&rsquo;une route large et d&rsquo;un vent de c\u00f4t\u00e9. Elle a ensuite \u00e9t\u00e9 relay\u00e9e par la formation <strong>Visma | Lease a Bike<\/strong>. Une acc\u00e9l\u00e9ration qui a scind\u00e9 le peloton en deux. Apr\u00e8s avoir perdu son lieutenant, deuxi\u00e8me coup dur pour <strong>Jo\u00e3o Almeida<\/strong>, qui s&rsquo;est retrouv\u00e9 dans la seconde bordure, comme <strong>Felix Gall<\/strong> (Decathlon CMA CGM).<\/p>\n<ul style=\"text-align: justify;\">\n<li style=\"text-align: justify;\"><strong>\u00c0 ce sujet \u2013 <a href=\"https:\/\/dicodusport.fr\/blog\/tour-de-catalogne-2026-les-favoris-et-la-startlist-complete\/\">Tour de Catalogne 2026 : les favoris et la startlist compl\u00e8te<\/a><\/strong><\/li>\n<\/ul>\n<p style=\"text-align: justify;\">De palpitante, la course est devenue folle quand <strong>Remco Evenepoel<\/strong> a attaqu\u00e9 seul sur le plat. Seul <strong>Jonas Vingegaard<\/strong> a pu prendre sa roue. Alors que la montagne n&rsquo;\u00e9tait pas encore arriv\u00e9e, les deux grands favoris de ce <strong>Tour de Catalogne<\/strong> se d\u00e9fiaient d\u00e9j\u00e0. Clairement, il s&rsquo;agissait autant d&rsquo;un num\u00e9ro d&rsquo;intox que d&rsquo;un duel dans le duel. Le duel entre les deux hommes, mais aussi celui \u00e0 distance avec <strong>Tadej Pogacar<\/strong> pour tenter de marquer les esprits. Cela a favoris\u00e9 les pi\u00e9g\u00e9s, qui sont parvenus \u00e0 faire la jonction. Le duo s&rsquo;est bien entendu et a compt\u00e9 30 secondes d&rsquo;avance \u00e0 15 kilom\u00e8tres du but.<\/p>\n<h2 style=\"text-align: justify;\">Coup de th\u00e9\u00e2tre et doubl\u00e9 pour Dorian Godon<\/h2>\n<p style=\"text-align: justify;\">Une entente qui a vol\u00e9 en \u00e9clats quand le Danois a refus\u00e9 les relais \u00e0 partir de 9 km du but. Cela n&rsquo;a pas emp\u00each\u00e9 le Belge de continuer \u00e0 appuyer sur les p\u00e9dales. On pensait alors que les deux coureurs allaient se disputer la victoire. Le d\u00e9bat commen\u00e7ait m\u00eame \u00e0 poindre sur le fait que le double vainqueur du <strong>Tour de France<\/strong> devait disputer le sprint, avec les bonifications en jeu, mais \u00e9galement au regard de son refus de relayer.<\/p>\n<ul style=\"text-align: justify;\">\n<li style=\"text-align: justify;\"><strong>\u00c0 ce sujet &#8211; <a href=\"https:\/\/dicodusport.fr\/blog\/top-10-cyclistes-francais-en-activite-avec-le-plus-grand-nombre-de-victoires\/\">Top 10 des cyclistes fran\u00e7ais en activit\u00e9 avec le plus grand nombre de victoires<\/a><\/strong><\/li>\n<\/ul>\n<p style=\"text-align: justify;\">Mais coup de th\u00e9\u00e2tre : \u00e0 500 m de la ligne, <strong>Remco Evenepoel<\/strong> chute ! <strong>Jonas Vingegaard<\/strong>, seul en t\u00eate, se fait alors d\u00e9border par le peloton. Les deux hommes ont tout perdu apr\u00e8s 30 kilom\u00e8tres d&rsquo;efforts. Une chute qui va marquer le Belge dans sa chair et dans son moral. Le malheur des uns a fait le bonheur des autres. <strong>Dorian Godon<\/strong>, parfaitement propuls\u00e9 par son \u00e9quipe, a pu doubler la mise.<\/p>\n<p style=\"text-align: justify;\">Le Fran\u00e7ais conforte son maillot de leader \u2014 m\u00eame s&rsquo;il ne joue pas le g\u00e9n\u00e9ral \u2014 au terme d&rsquo;une victoire qui semblait presque impossible \u00e0 500 m du but. Il devance <strong>Ethan Vernon<\/strong> (NSN). Une victoire dont il se souviendra. Sa <strong>3e<\/strong>, d\u00e9j\u00e0, en <strong>WorldTour<\/strong> cette ann\u00e9e, apr\u00e8s <a href=\"https:\/\/dicodusport.fr\/blog\/le-champion-de-france-dorian-godon-rafle-une-7e-etape-tronquee-sur-paris-nice\/\">la 7e \u00e9tape de Paris-Nice<\/a> et <a href=\"https:\/\/dicodusport.fr\/blog\/dorian-goron-resiste-a-remco-evenepoel-et-rafle-la-1ere-etape-du-tour-de-catalogne\/\">son succ\u00e8s lundi<\/a>.<\/p>\n<blockquote class=\"twitter-tweet\">\n<p dir=\"ltr\" lang=\"fr\">Godon s&rsquo;impose, Evenepoel chute, Vingegaard rattrap\u00e9 dans les derniers m\u00e8tres : fin d&rsquo;\u00e9tape COMPL\u00c8TEMENT DINGUE sur le Tour de Catalogne \ud83e\udd2f <a href=\"https:\/\/t.co\/HzFtf1Sxlm\">pic.twitter.com\/HzFtf1Sxlm<\/a><\/p>\n<p>\u2014 Eurosport France (@Eurosport_FR) <a href=\"https:\/\/twitter.com\/Eurosport_FR\/status\/2036843711850537389?ref_src=twsrc%5Etfw\">March 25, 2026<\/a><\/p><\/blockquote>\n<p style=\"text-align: justify;\"><script async src=\"https:\/\/platform.twitter.com\/widgets.js\" charset=\"utf-8\"><\/script><\/p>\n<h3 style=\"text-align: justify;\">\u00c0 ce sujet<\/h3>\n<div class=\"vlp-link-container vlp-layout-article\"><a href=\"https:\/\/dicodusport.fr\/blog\/tour-de-catalogne-2026-le-parcours-complet-et-le-profil-des-7-etapes\/\" class=\"vlp-link\" title=\"Tour de Catalogne 2026 : le parcours complet et le profil des 7 \u00e9tapes\"><\/a><div class=\"vlp-layout-zone-side\"><div class=\"vlp-block-4 vlp-link-image\"><img loading=\"lazy\" decoding=\"async\" style=\"max-width: 792px;\" width=\"792\" height=\"445\" src=\"https:\/\/dicodusport.fr\/blog\/wp-content\/uploads\/2026\/03\/Tour-de-Catalogne-2026-le-parcours-complet-et-le-profil-des-7-etapes.png\" class=\"attachment-800x445 size-800x445\" alt=\"Tour de Catalogne 2026 le parcours complet et le profil des 7 \u00e9tapes\" srcset=\"https:\/\/dicodusport.fr\/blog\/wp-content\/uploads\/2026\/03\/Tour-de-Catalogne-2026-le-parcours-complet-et-le-profil-des-7-etapes.png 1200w, https:\/\/dicodusport.fr\/blog\/wp-content\/uploads\/2026\/03\/Tour-de-Catalogne-2026-le-parcours-complet-et-le-profil-des-7-etapes-300x169.png 300w, https:\/\/dicodusport.fr\/blog\/wp-content\/uploads\/2026\/03\/Tour-de-Catalogne-2026-le-parcours-complet-et-le-profil-des-7-etapes-1024x575.png 1024w, https:\/\/dicodusport.fr\/blog\/wp-content\/uploads\/2026\/03\/Tour-de-Catalogne-2026-le-parcours-complet-et-le-profil-des-7-etapes-768x431.png 768w\" sizes=\"auto, (max-width: 792px) 100vw, 792px\" \/><\/div><\/div><div class=\"vlp-layout-zone-main\"><div class=\"vlp-block-0 vlp-link-title\">Tour de Catalogne 2026 : le parcours complet et le profil des 7 \u00e9tapes<\/div><div class=\"vlp-block-1 vlp-link-summary\">Tour de Catalogne 2026 : d\u00e9couvrez le parcours complet et les profils des 7 \u00e9tapes, avec trois arriv\u00e9es au sommet et des \u00e9tapes d\u00e9cisives pour les grimpeurs.<\/div><div class=\"vlp-block-2 vlp-link-button\">Lire l'article<\/div><div class=\"vlp-block-3 vlp-link-url\">dicodusport.fr<\/div><\/div><\/div>\n<div id=\"gtx-trans\" style=\"position: absolute; left: -14px; top: 40.9091px;\">\n<div class=\"gtx-trans-icon\" style=\"text-align: justify;\"><\/div>\n<\/div>\n","protected":false},"excerpt":{"rendered":"<p>TOUR DE CATALOGNE 2026 &#8211; Dorian Godon (INEOS Grenadiers) remporte la 3\u00e8me \u00e9tape au terme d&rsquo;un sc\u00e9nario ahurissant.\u00a0<\/p>\n","protected":false},"author":83,"featured_media":658300,"comment_status":"open","ping_status":"closed","sticky":false,"template":"","format":"standard","meta":{"_acf_changed":false,"_daextam_enable_autolinks":"1","footnotes":""},"categories":[46994],"tags":[16878,574,11197,47138,24,7488],"class_list":["post-658241","post","type-post","status-publish","format-standard","has-post-thumbnail","hentry","category-cyclisme-sur-route","tag-breve","tag-cyclisme","tag-cyclisme-sur-route","tag-dorian-godon","tag-sport","tag-tour-de-catalogne"],"acf":[],"yoast_head":"<!-- This site is optimized with the Yoast SEO Premium plugin v26.7 (Yoast SEO v26.7) - https:\/\/yoast.com\/wordpress\/plugins\/seo\/ -->\n<title>Dorian Godon bisse sur une 3\u00e8me \u00e9tape du Tour de Catalogne compl\u00e8tement folle !<\/title>\n<meta name=\"description\" content=\"TOUR DE CATALOGNE 2026 - Dorian Godon (INEOS Grenadiers) remporte la 3\u00e8me \u00e9tape au terme d&#039;un sc\u00e9nario ahurissant.\u00a0\" \/>\n<meta name=\"robots\" content=\"index, follow, max-snippet:-1, max-image-preview:large, max-video-preview:-1\" \/>\n<link rel=\"canonical\" href=\"https:\/\/dicodusport.fr\/blog\/dorian-godon-bisse-sur-une-3eme-etape-du-tour-de-catalogne-completement-folle\/\" \/>\n<meta property=\"og:locale\" content=\"fr_FR\" \/>\n<meta property=\"og:type\" content=\"article\" \/>\n<meta property=\"og:title\" content=\"Dorian Godon bisse sur une 3\u00e8me \u00e9tape du Tour de Catalogne compl\u00e8tement folle !\" \/>\n<meta property=\"og:description\" content=\"TOUR DE CATALOGNE 2026 - Dorian Godon (INEOS Grenadiers) remporte la 3\u00e8me \u00e9tape au terme d&#039;un sc\u00e9nario ahurissant.\u00a0\" \/>\n<meta property=\"og:url\" content=\"https:\/\/dicodusport.fr\/blog\/dorian-godon-bisse-sur-une-3eme-etape-du-tour-de-catalogne-completement-folle\/\" \/>\n<meta property=\"og:site_name\" content=\"Dicodusport\" \/>\n<meta property=\"article:publisher\" content=\"https:\/\/www.facebook.com\/dicodusport\" \/>\n<meta property=\"article:published_time\" content=\"2026-03-25T16:29:46+00:00\" \/>\n<meta property=\"article:modified_time\" content=\"2026-03-25T19:10:12+00:00\" \/>\n<meta property=\"og:image\" content=\"https:\/\/dicodusport.fr\/blog\/wp-content\/uploads\/2026\/03\/Dorian-Godon-bisse-sur-une-3eme-etape-du-Tour-de-Catalogne-completement-folle-1-1.png\" \/>\n\t<meta property=\"og:image:width\" content=\"1200\" \/>\n\t<meta property=\"og:image:height\" content=\"674\" \/>\n\t<meta property=\"og:image:type\" content=\"image\/png\" \/>\n<meta name=\"author\" content=\"Etienne Goursaud\" \/>\n<meta name=\"twitter:card\" content=\"summary_large_image\" \/>\n<meta name=\"twitter:title\" content=\"Dorian Godon bisse sur une 3\u00e8me \u00e9tape du Tour de Catalogne compl\u00e8tement folle !\" \/>\n<meta name=\"twitter:creator\" content=\"@dicodusport\" \/>\n<meta name=\"twitter:site\" content=\"@dicodusport\" \/>\n<script type=\"application\/ld+json\" class=\"yoast-schema-graph\">{\"@context\":\"https:\/\/schema.org\",\"@graph\":[{\"@type\":\"NewsArticle\",\"@id\":\"https:\/\/dicodusport.fr\/blog\/dorian-godon-bisse-sur-une-3eme-etape-du-tour-de-catalogne-completement-folle\/#article\",\"isPartOf\":{\"@id\":\"https:\/\/dicodusport.fr\/blog\/dorian-godon-bisse-sur-une-3eme-etape-du-tour-de-catalogne-completement-folle\/\"},\"author\":{\"name\":\"Etienne Goursaud\",\"@id\":\"https:\/\/dicodusport.fr\/blog\/#\/schema\/person\/d603dd7da31fb2b46c82b9835a77ec13\"},\"headline\":\"Dorian Godon bisse sur une 3\u00e8me \u00e9tape du Tour de Catalogne compl\u00e8tement folle !\",\"datePublished\":\"2026-03-25T16:29:46+00:00\",\"dateModified\":\"2026-03-25T19:10:12+00:00\",\"mainEntityOfPage\":{\"@id\":\"https:\/\/dicodusport.fr\/blog\/dorian-godon-bisse-sur-une-3eme-etape-du-tour-de-catalogne-completement-folle\/\"},\"wordCount\":1036,\"commentCount\":0,\"publisher\":{\"@id\":\"https:\/\/dicodusport.fr\/blog\/#organization\"},\"image\":{\"@id\":\"https:\/\/dicodusport.fr\/blog\/dorian-godon-bisse-sur-une-3eme-etape-du-tour-de-catalogne-completement-folle\/#primaryimage\"},\"thumbnailUrl\":\"https:\/\/dicodusport.fr\/blog\/wp-content\/uploads\/2026\/03\/Dorian-Godon-bisse-sur-une-3eme-etape-du-Tour-de-Catalogne-completement-folle-1-1.png\",\"keywords\":[\"br\u00e8ve\",\"Cyclisme\",\"Cyclisme sur route\",\"Dorian Godon\",\"sport\",\"Tour de Catalogne\"],\"articleSection\":[\"Cyclisme sur route\"],\"inLanguage\":\"fr-FR\",\"potentialAction\":[{\"@type\":\"CommentAction\",\"name\":\"Comment\",\"target\":[\"https:\/\/dicodusport.fr\/blog\/dorian-godon-bisse-sur-une-3eme-etape-du-tour-de-catalogne-completement-folle\/#respond\"]}],\"copyrightYear\":\"2026\",\"copyrightHolder\":{\"@id\":\"https:\/\/dicodusport.fr\/blog\/#organization\"}},{\"@type\":\"WebPage\",\"@id\":\"https:\/\/dicodusport.fr\/blog\/dorian-godon-bisse-sur-une-3eme-etape-du-tour-de-catalogne-completement-folle\/\",\"url\":\"https:\/\/dicodusport.fr\/blog\/dorian-godon-bisse-sur-une-3eme-etape-du-tour-de-catalogne-completement-folle\/\",\"name\":\"Dorian Godon bisse sur une 3\u00e8me \u00e9tape du Tour de Catalogne compl\u00e8tement folle !\",\"isPartOf\":{\"@id\":\"https:\/\/dicodusport.fr\/blog\/#website\"},\"primaryImageOfPage\":{\"@id\":\"https:\/\/dicodusport.fr\/blog\/dorian-godon-bisse-sur-une-3eme-etape-du-tour-de-catalogne-completement-folle\/#primaryimage\"},\"image\":{\"@id\":\"https:\/\/dicodusport.fr\/blog\/dorian-godon-bisse-sur-une-3eme-etape-du-tour-de-catalogne-completement-folle\/#primaryimage\"},\"thumbnailUrl\":\"https:\/\/dicodusport.fr\/blog\/wp-content\/uploads\/2026\/03\/Dorian-Godon-bisse-sur-une-3eme-etape-du-Tour-de-Catalogne-completement-folle-1-1.png\",\"datePublished\":\"2026-03-25T16:29:46+00:00\",\"dateModified\":\"2026-03-25T19:10:12+00:00\",\"description\":\"TOUR DE CATALOGNE 2026 - Dorian Godon (INEOS Grenadiers) remporte la 3\u00e8me \u00e9tape au terme d'un sc\u00e9nario ahurissant.\u00a0\",\"breadcrumb\":{\"@id\":\"https:\/\/dicodusport.fr\/blog\/dorian-godon-bisse-sur-une-3eme-etape-du-tour-de-catalogne-completement-folle\/#breadcrumb\"},\"inLanguage\":\"fr-FR\",\"potentialAction\":[{\"@type\":\"ReadAction\",\"target\":[\"https:\/\/dicodusport.fr\/blog\/dorian-godon-bisse-sur-une-3eme-etape-du-tour-de-catalogne-completement-folle\/\"]}]},{\"@type\":\"ImageObject\",\"inLanguage\":\"fr-FR\",\"@id\":\"https:\/\/dicodusport.fr\/blog\/dorian-godon-bisse-sur-une-3eme-etape-du-tour-de-catalogne-completement-folle\/#primaryimage\",\"url\":\"https:\/\/dicodusport.fr\/blog\/wp-content\/uploads\/2026\/03\/Dorian-Godon-bisse-sur-une-3eme-etape-du-Tour-de-Catalogne-completement-folle-1-1.png\",\"contentUrl\":\"https:\/\/dicodusport.fr\/blog\/wp-content\/uploads\/2026\/03\/Dorian-Godon-bisse-sur-une-3eme-etape-du-Tour-de-Catalogne-completement-folle-1-1.png\",\"width\":1200,\"height\":674,\"caption\":\"Dorian Godon bisse sur une 3\u00e8me \u00e9tape du Tour de Catalogne compl\u00e8tement folle !\"},{\"@type\":\"BreadcrumbList\",\"@id\":\"https:\/\/dicodusport.fr\/blog\/dorian-godon-bisse-sur-une-3eme-etape-du-tour-de-catalogne-completement-folle\/#breadcrumb\",\"itemListElement\":[{\"@type\":\"ListItem\",\"position\":1,\"name\":\"Accueil\",\"item\":\"https:\/\/dicodusport.fr\/blog\/\"},{\"@type\":\"ListItem\",\"position\":2,\"name\":\"Dorian Godon bisse sur une 3\u00e8me \u00e9tape du Tour de Catalogne compl\u00e8tement folle !\"}]},{\"@type\":\"WebSite\",\"@id\":\"https:\/\/dicodusport.fr\/blog\/#website\",\"url\":\"https:\/\/dicodusport.fr\/blog\/\",\"name\":\"Dicodusport\",\"description\":\"L&#039;encyclop\u00e9die de l&#039;actualit\u00e9 sportive\",\"publisher\":{\"@id\":\"https:\/\/dicodusport.fr\/blog\/#organization\"},\"potentialAction\":[{\"@type\":\"SearchAction\",\"target\":{\"@type\":\"EntryPoint\",\"urlTemplate\":\"https:\/\/dicodusport.fr\/blog\/?s={search_term_string}\"},\"query-input\":{\"@type\":\"PropertyValueSpecification\",\"valueRequired\":true,\"valueName\":\"search_term_string\"}}],\"inLanguage\":\"fr-FR\"},{\"@type\":\"NewsMediaOrganization\",\"@id\":\"https:\/\/dicodusport.fr\/blog\/#organization\",\"name\":\"Dicodusport\",\"url\":\"https:\/\/dicodusport.fr\/blog\/\",\"logo\":{\"@type\":\"ImageObject\",\"inLanguage\":\"fr-FR\",\"@id\":\"https:\/\/dicodusport.fr\/blog\/#\/schema\/logo\/image\/\",\"url\":\"https:\/\/dicodusport.fr\/blog\/wp-content\/uploads\/2020\/06\/cropped-LOGO-DICODUSPORT-2020-SANS-FOND-SANS-TEXTE.png\",\"contentUrl\":\"https:\/\/dicodusport.fr\/blog\/wp-content\/uploads\/2020\/06\/cropped-LOGO-DICODUSPORT-2020-SANS-FOND-SANS-TEXTE.png\",\"width\":512,\"height\":512,\"caption\":\"Dicodusport\"},\"image\":{\"@id\":\"https:\/\/dicodusport.fr\/blog\/#\/schema\/logo\/image\/\"},\"sameAs\":[\"https:\/\/www.facebook.com\/dicodusport\",\"https:\/\/x.com\/dicodusport\",\"https:\/\/www.instagram.com\/dicodusport\/\",\"https:\/\/www.youtube.com\/channel\/UC7V2KZ5sd3htJivAbA4ZG3w\"],\"description\":\"Dicodusport est l'encyclop\u00e9die de l'actualit\u00e9 sportive.\",\"email\":\"bonjour@dicodusport.fr\",\"legalName\":\"DICODUSPORT\",\"foundingDate\":\"2018-01-14\",\"vatID\":\"FR71834470973\",\"taxID\":\"83447097300043\",\"numberOfEmployees\":{\"@type\":\"QuantitativeValue\",\"minValue\":\"1\",\"maxValue\":\"10\"}},{\"@type\":\"Person\",\"@id\":\"https:\/\/dicodusport.fr\/blog\/#\/schema\/person\/d603dd7da31fb2b46c82b9835a77ec13\",\"name\":\"Etienne Goursaud\",\"image\":{\"@type\":\"ImageObject\",\"inLanguage\":\"fr-FR\",\"@id\":\"https:\/\/dicodusport.fr\/blog\/#\/schema\/person\/image\/\",\"url\":\"https:\/\/dicodusport.fr\/blog\/wp-content\/uploads\/2023\/12\/410122264_10231602061736049_5565839791558026645_n-150x150.jpg\",\"contentUrl\":\"https:\/\/dicodusport.fr\/blog\/wp-content\/uploads\/2023\/12\/410122264_10231602061736049_5565839791558026645_n-150x150.jpg\",\"caption\":\"Etienne Goursaud\"},\"description\":\"Journaliste et amoureux de sport. Ancien footballeur reconverti athl\u00e8te quand ses muscles le laissent tranquille. \u00c9lev\u00e9 \u00e0 la sauce des exploits de Thomas Voeckler en 2004, du dernier essai de l\u00e9gende de Eunice Barber \u00e0 la longueur lors des championnats du monde d'athl\u00e9tisme de 2003 mais aussi Zidane, Omeyer et Titou Lamaison.\",\"url\":\"https:\/\/dicodusport.fr\/blog\/author\/etienne-goursaud\/\"}]}<\/script>\n<!-- \/ Yoast SEO Premium plugin. -->","yoast_head_json":{"title":"Dorian Godon bisse sur une 3\u00e8me \u00e9tape du Tour de Catalogne compl\u00e8tement folle !","description":"TOUR DE CATALOGNE 2026 - Dorian Godon (INEOS Grenadiers) remporte la 3\u00e8me \u00e9tape au terme d'un sc\u00e9nario ahurissant.\u00a0","robots":{"index":"index","follow":"follow","max-snippet":"max-snippet:-1","max-image-preview":"max-image-preview:large","max-video-preview":"max-video-preview:-1"},"canonical":"https:\/\/dicodusport.fr\/blog\/dorian-godon-bisse-sur-une-3eme-etape-du-tour-de-catalogne-completement-folle\/","og_locale":"fr_FR","og_type":"article","og_title":"Dorian Godon bisse sur une 3\u00e8me \u00e9tape du Tour de Catalogne compl\u00e8tement folle !","og_description":"TOUR DE CATALOGNE 2026 - Dorian Godon (INEOS Grenadiers) remporte la 3\u00e8me \u00e9tape au terme d'un sc\u00e9nario ahurissant.\u00a0","og_url":"https:\/\/dicodusport.fr\/blog\/dorian-godon-bisse-sur-une-3eme-etape-du-tour-de-catalogne-completement-folle\/","og_site_name":"Dicodusport","article_publisher":"https:\/\/www.facebook.com\/dicodusport","article_published_time":"2026-03-25T16:29:46+00:00","article_modified_time":"2026-03-25T19:10:12+00:00","og_image":[{"width":1200,"height":674,"url":"https:\/\/dicodusport.fr\/blog\/wp-content\/uploads\/2026\/03\/Dorian-Godon-bisse-sur-une-3eme-etape-du-Tour-de-Catalogne-completement-folle-1-1.png","type":"image\/png"}],"author":"Etienne Goursaud","twitter_card":"summary_large_image","twitter_title":"Dorian Godon bisse sur une 3\u00e8me \u00e9tape du Tour de Catalogne compl\u00e8tement folle !","twitter_creator":"@dicodusport","twitter_site":"@dicodusport","schema":{"@context":"https:\/\/schema.org","@graph":[{"@type":"NewsArticle","@id":"https:\/\/dicodusport.fr\/blog\/dorian-godon-bisse-sur-une-3eme-etape-du-tour-de-catalogne-completement-folle\/#article","isPartOf":{"@id":"https:\/\/dicodusport.fr\/blog\/dorian-godon-bisse-sur-une-3eme-etape-du-tour-de-catalogne-completement-folle\/"},"author":{"name":"Etienne Goursaud","@id":"https:\/\/dicodusport.fr\/blog\/#\/schema\/person\/d603dd7da31fb2b46c82b9835a77ec13"},"headline":"Dorian Godon bisse sur une 3\u00e8me \u00e9tape du Tour de Catalogne compl\u00e8tement folle !","datePublished":"2026-03-25T16:29:46+00:00","dateModified":"2026-03-25T19:10:12+00:00","mainEntityOfPage":{"@id":"https:\/\/dicodusport.fr\/blog\/dorian-godon-bisse-sur-une-3eme-etape-du-tour-de-catalogne-completement-folle\/"},"wordCount":1036,"commentCount":0,"publisher":{"@id":"https:\/\/dicodusport.fr\/blog\/#organization"},"image":{"@id":"https:\/\/dicodusport.fr\/blog\/dorian-godon-bisse-sur-une-3eme-etape-du-tour-de-catalogne-completement-folle\/#primaryimage"},"thumbnailUrl":"https:\/\/dicodusport.fr\/blog\/wp-content\/uploads\/2026\/03\/Dorian-Godon-bisse-sur-une-3eme-etape-du-Tour-de-Catalogne-completement-folle-1-1.png","keywords":["br\u00e8ve","Cyclisme","Cyclisme sur route","Dorian Godon","sport","Tour de Catalogne"],"articleSection":["Cyclisme sur route"],"inLanguage":"fr-FR","potentialAction":[{"@type":"CommentAction","name":"Comment","target":["https:\/\/dicodusport.fr\/blog\/dorian-godon-bisse-sur-une-3eme-etape-du-tour-de-catalogne-completement-folle\/#respond"]}],"copyrightYear":"2026","copyrightHolder":{"@id":"https:\/\/dicodusport.fr\/blog\/#organization"}},{"@type":"WebPage","@id":"https:\/\/dicodusport.fr\/blog\/dorian-godon-bisse-sur-une-3eme-etape-du-tour-de-catalogne-completement-folle\/","url":"https:\/\/dicodusport.fr\/blog\/dorian-godon-bisse-sur-une-3eme-etape-du-tour-de-catalogne-completement-folle\/","name":"Dorian Godon bisse sur une 3\u00e8me \u00e9tape du Tour de Catalogne compl\u00e8tement folle !","isPartOf":{"@id":"https:\/\/dicodusport.fr\/blog\/#website"},"primaryImageOfPage":{"@id":"https:\/\/dicodusport.fr\/blog\/dorian-godon-bisse-sur-une-3eme-etape-du-tour-de-catalogne-completement-folle\/#primaryimage"},"image":{"@id":"https:\/\/dicodusport.fr\/blog\/dorian-godon-bisse-sur-une-3eme-etape-du-tour-de-catalogne-completement-folle\/#primaryimage"},"thumbnailUrl":"https:\/\/dicodusport.fr\/blog\/wp-content\/uploads\/2026\/03\/Dorian-Godon-bisse-sur-une-3eme-etape-du-Tour-de-Catalogne-completement-folle-1-1.png","datePublished":"2026-03-25T16:29:46+00:00","dateModified":"2026-03-25T19:10:12+00:00","description":"TOUR DE CATALOGNE 2026 - Dorian Godon (INEOS Grenadiers) remporte la 3\u00e8me \u00e9tape au terme d'un sc\u00e9nario ahurissant.\u00a0","breadcrumb":{"@id":"https:\/\/dicodusport.fr\/blog\/dorian-godon-bisse-sur-une-3eme-etape-du-tour-de-catalogne-completement-folle\/#breadcrumb"},"inLanguage":"fr-FR","potentialAction":[{"@type":"ReadAction","target":["https:\/\/dicodusport.fr\/blog\/dorian-godon-bisse-sur-une-3eme-etape-du-tour-de-catalogne-completement-folle\/"]}]},{"@type":"ImageObject","inLanguage":"fr-FR","@id":"https:\/\/dicodusport.fr\/blog\/dorian-godon-bisse-sur-une-3eme-etape-du-tour-de-catalogne-completement-folle\/#primaryimage","url":"https:\/\/dicodusport.fr\/blog\/wp-content\/uploads\/2026\/03\/Dorian-Godon-bisse-sur-une-3eme-etape-du-Tour-de-Catalogne-completement-folle-1-1.png","contentUrl":"https:\/\/dicodusport.fr\/blog\/wp-content\/uploads\/2026\/03\/Dorian-Godon-bisse-sur-une-3eme-etape-du-Tour-de-Catalogne-completement-folle-1-1.png","width":1200,"height":674,"caption":"Dorian Godon bisse sur une 3\u00e8me \u00e9tape du Tour de Catalogne compl\u00e8tement folle !"},{"@type":"BreadcrumbList","@id":"https:\/\/dicodusport.fr\/blog\/dorian-godon-bisse-sur-une-3eme-etape-du-tour-de-catalogne-completement-folle\/#breadcrumb","itemListElement":[{"@type":"ListItem","position":1,"name":"Accueil","item":"https:\/\/dicodusport.fr\/blog\/"},{"@type":"ListItem","position":2,"name":"Dorian Godon bisse sur une 3\u00e8me \u00e9tape du Tour de Catalogne compl\u00e8tement folle !"}]},{"@type":"WebSite","@id":"https:\/\/dicodusport.fr\/blog\/#website","url":"https:\/\/dicodusport.fr\/blog\/","name":"Dicodusport","description":"L&#039;encyclop\u00e9die de l&#039;actualit\u00e9 sportive","publisher":{"@id":"https:\/\/dicodusport.fr\/blog\/#organization"},"potentialAction":[{"@type":"SearchAction","target":{"@type":"EntryPoint","urlTemplate":"https:\/\/dicodusport.fr\/blog\/?s={search_term_string}"},"query-input":{"@type":"PropertyValueSpecification","valueRequired":true,"valueName":"search_term_string"}}],"inLanguage":"fr-FR"},{"@type":"NewsMediaOrganization","@id":"https:\/\/dicodusport.fr\/blog\/#organization","name":"Dicodusport","url":"https:\/\/dicodusport.fr\/blog\/","logo":{"@type":"ImageObject","inLanguage":"fr-FR","@id":"https:\/\/dicodusport.fr\/blog\/#\/schema\/logo\/image\/","url":"https:\/\/dicodusport.fr\/blog\/wp-content\/uploads\/2020\/06\/cropped-LOGO-DICODUSPORT-2020-SANS-FOND-SANS-TEXTE.png","contentUrl":"https:\/\/dicodusport.fr\/blog\/wp-content\/uploads\/2020\/06\/cropped-LOGO-DICODUSPORT-2020-SANS-FOND-SANS-TEXTE.png","width":512,"height":512,"caption":"Dicodusport"},"image":{"@id":"https:\/\/dicodusport.fr\/blog\/#\/schema\/logo\/image\/"},"sameAs":["https:\/\/www.facebook.com\/dicodusport","https:\/\/x.com\/dicodusport","https:\/\/www.instagram.com\/dicodusport\/","https:\/\/www.youtube.com\/channel\/UC7V2KZ5sd3htJivAbA4ZG3w"],"description":"Dicodusport est l'encyclop\u00e9die de l'actualit\u00e9 sportive.","email":"bonjour@dicodusport.fr","legalName":"DICODUSPORT","foundingDate":"2018-01-14","vatID":"FR71834470973","taxID":"83447097300043","numberOfEmployees":{"@type":"QuantitativeValue","minValue":"1","maxValue":"10"}},{"@type":"Person","@id":"https:\/\/dicodusport.fr\/blog\/#\/schema\/person\/d603dd7da31fb2b46c82b9835a77ec13","name":"Etienne Goursaud","image":{"@type":"ImageObject","inLanguage":"fr-FR","@id":"https:\/\/dicodusport.fr\/blog\/#\/schema\/person\/image\/","url":"https:\/\/dicodusport.fr\/blog\/wp-content\/uploads\/2023\/12\/410122264_10231602061736049_5565839791558026645_n-150x150.jpg","contentUrl":"https:\/\/dicodusport.fr\/blog\/wp-content\/uploads\/2023\/12\/410122264_10231602061736049_5565839791558026645_n-150x150.jpg","caption":"Etienne Goursaud"},"description":"Journaliste et amoureux de sport. Ancien footballeur reconverti athl\u00e8te quand ses muscles le laissent tranquille. \u00c9lev\u00e9 \u00e0 la sauce des exploits de Thomas Voeckler en 2004, du dernier essai de l\u00e9gende de Eunice Barber \u00e0 la longueur lors des championnats du monde d'athl\u00e9tisme de 2003 mais aussi Zidane, Omeyer et Titou Lamaison.","url":"https:\/\/dicodusport.fr\/blog\/author\/etienne-goursaud\/"}]}},"_links":{"self":[{"href":"https:\/\/dicodusport.fr\/blog\/wp-json\/wp\/v2\/posts\/658241","targetHints":{"allow":["GET"]}}],"collection":[{"href":"https:\/\/dicodusport.fr\/blog\/wp-json\/wp\/v2\/posts"}],"about":[{"href":"https:\/\/dicodusport.fr\/blog\/wp-json\/wp\/v2\/types\/post"}],"author":[{"embeddable":true,"href":"https:\/\/dicodusport.fr\/blog\/wp-json\/wp\/v2\/users\/83"}],"replies":[{"embeddable":true,"href":"https:\/\/dicodusport.fr\/blog\/wp-json\/wp\/v2\/comments?post=658241"}],"version-history":[{"count":6,"href":"https:\/\/dicodusport.fr\/blog\/wp-json\/wp\/v2\/posts\/658241\/revisions"}],"predecessor-version":[{"id":658334,"href":"https:\/\/dicodusport.fr\/blog\/wp-json\/wp\/v2\/posts\/658241\/revisions\/658334"}],"wp:featuredmedia":[{"embeddable":true,"href":"https:\/\/dicodusport.fr\/blog\/wp-json\/wp\/v2\/media\/658300"}],"wp:attachment":[{"href":"https:\/\/dicodusport.fr\/blog\/wp-json\/wp\/v2\/media?parent=658241"}],"wp:term":[{"taxonomy":"category","embeddable":true,"href":"https:\/\/dicodusport.fr\/blog\/wp-json\/wp\/v2\/categories?post=658241"},{"taxonomy":"post_tag","embeddable":true,"href":"https:\/\/dicodusport.fr\/blog\/wp-json\/wp\/v2\/tags?post=658241"}],"curies":[{"name":"wp","href":"https:\/\/api.w.org\/{rel}","templated":true}]}}