{"id":658392,"date":"2026-03-28T13:12:59","date_gmt":"2026-03-28T12:12:59","guid":{"rendered":"https:\/\/dicodusport.fr\/blog\/?p=658392&#038;preview=true&#038;preview_id=658392"},"modified":"2026-03-28T13:24:02","modified_gmt":"2026-03-28T12:24:02","slug":"gand-wevelgem-femmes-2026-wiebes-kool-les-grandes-favorites-de-la-classique-belge","status":"publish","type":"post","link":"https:\/\/dicodusport.fr\/blog\/gand-wevelgem-femmes-2026-wiebes-kool-les-grandes-favorites-de-la-classique-belge\/","title":{"rendered":"Gand-Wevelgem Femmes 2026 : Wiebes, Kool\u2026 les grandes favorites de la classique belge"},"content":{"rendered":"<p style=\"text-align: justify;\"><strong><em>GAND-WEVELGEM FEMMES &#8211; Focus sur les favorites \u00e0 la succession de Lorena Wiebes, double tenante du titre de la classique belge.<\/em><\/strong><\/p>\n<ul>\n<li style=\"text-align: justify;\"><strong>\u00c0 ce sujet &#8211;<a href=\"https:\/\/dicodusport.fr\/blog\/actualites\/cyclisme\/cyclisme-sur-route\/\"> L&rsquo;actualit\u00e9 du cyclisme<\/a><\/strong><\/li>\n<\/ul>\n<h2 style=\"text-align: justify;\">Toutes contre Lorena Wiebes, en qu\u00eate d&rsquo;un tripl\u00e9 ?<\/h2>\n<p style=\"text-align: justify;\">Un nom ressort plus que les autres quand on regarde la startlist. Celui de la N\u00e9erlandaise <strong>Lorena Wiebes<\/strong> (Team SD Worx &#8211; Protime). La coureuse de 27 ans, qu&rsquo;elle a eus le 17 mars dernier, a d\u00e9j\u00e0 remport\u00e9 cinq succ\u00e8s depuis le d\u00e9but de la saison. Elle sort d&rsquo;un \u00e9chec relatif sur Milan-San Remo. Elle a pris la <strong>6e place<\/strong> d&rsquo;une course dont elle \u00e9tait tenante du titre. <a href=\"https:\/\/dicodusport.fr\/blog\/lotte-kopecky-triomphe-sur-milan-san-remo-et-soffre-un-nouveau-monument\/\">\u00c9chec relatif, car c&rsquo;est sa co\u00e9quipi\u00e8re <strong>Lotte Kopecky<\/strong> qui s&rsquo;est impos\u00e9e<\/a>.<\/p>\n<div class=\"vlp-link-container vlp-layout-article\"><a href=\"https:\/\/dicodusport.fr\/blog\/gand-wevelgem-feminin-2025-100e-rugissante-pour-lorena-wiebes\/\" class=\"vlp-link\" title=\"Gand-Wevelgem F\u00e9minin 2025 : 100e rugissante pour Lorena Wiebes\"><\/a><div class=\"vlp-layout-zone-side\"><div class=\"vlp-block-4 vlp-link-image\"><img loading=\"lazy\" decoding=\"async\" style=\"max-width: 792px;\" width=\"792\" height=\"445\" src=\"https:\/\/dicodusport.fr\/blog\/wp-content\/uploads\/2025\/03\/Gand-Wevelgem-Feminin-2025-100e-rugissante-pour-Lorena-Wiebes.png\" class=\"attachment-800x445 size-800x445\" alt=\"Gand-Wevelgem F\u00e9minin 2025 100e rugissante pour Lorena Wiebes\" srcset=\"https:\/\/dicodusport.fr\/blog\/wp-content\/uploads\/2025\/03\/Gand-Wevelgem-Feminin-2025-100e-rugissante-pour-Lorena-Wiebes.png 1200w, https:\/\/dicodusport.fr\/blog\/wp-content\/uploads\/2025\/03\/Gand-Wevelgem-Feminin-2025-100e-rugissante-pour-Lorena-Wiebes-300x169.png 300w, https:\/\/dicodusport.fr\/blog\/wp-content\/uploads\/2025\/03\/Gand-Wevelgem-Feminin-2025-100e-rugissante-pour-Lorena-Wiebes-1024x575.png 1024w, https:\/\/dicodusport.fr\/blog\/wp-content\/uploads\/2025\/03\/Gand-Wevelgem-Feminin-2025-100e-rugissante-pour-Lorena-Wiebes-768x431.png 768w\" sizes=\"auto, (max-width: 792px) 100vw, 792px\" \/><\/div><\/div><div class=\"vlp-layout-zone-main\"><div class=\"vlp-block-0 vlp-link-title\">Gand-Wevelgem F\u00e9minin 2025 : 100e rugissante pour Lorena Wiebes<\/div><div class=\"vlp-block-1 vlp-link-summary\">GAND-WEVELGEM F\u00c9MININ 2025 - Lorena Wiebes (SD Worx-Protime) remporte son 100e succ\u00e8s professionnel au sprint. La N\u00e9erlandaise, encore une fois imp\u00e9riale, n'a laiss\u00e9 aucune chance \u00e0 ses adversaires et confirme son d\u00e9but de saison absolument monumental.\u00a0<\/div><div class=\"vlp-block-2 vlp-link-button\">Lire l'article<\/div><div class=\"vlp-block-3 vlp-link-url\">dicodusport.fr<\/div><\/div><\/div>\n<p style=\"text-align: justify;\">Cette fois-ci, Wiebes sera la seule leader d&rsquo;une course qui sourit globalement aux sprinteuses, lesquelles ont lev\u00e9 les bras \u00e0 trois reprises lors des quatre derni\u00e8res \u00e9ditions. Dont la N\u00e9erlandaise, double tenante du titre, qui avait remport\u00e9 son 100e succ\u00e8s pro l&rsquo;an pass\u00e9 sur ces m\u00eames routes. On le sait, en cas d&#8217;emballage final, elle est quasiment invincible depuis pr\u00e8s de deux saisons. Sa puissance est, pour l&rsquo;heure, incomparable.<\/p>\n<p style=\"text-align: justify;\">Les autres coureuses devront tenter de la d\u00e9crocher dans les difficult\u00e9s. On pense au <strong>mont Kemmel<\/strong>. Les monts pav\u00e9s \u00e0 r\u00e9p\u00e9tition constituent encore sa limite, elle qui ne s&rsquo;est pas encore gliss\u00e9e dans le Top 10 du Tour des Flandres. Mais le Ronde est incomparable \u00e0 Gand-Wevelgem par sa difficult\u00e9.<\/p>\n<p style=\"text-align: justify;\">La double vainqueure d&rsquo;\u00e9tape sur le Tour de France 2025 sera bien entour\u00e9e, avec des coureuses solides comme les deux <strong>Femke, Markus et Gerritse<\/strong>. Mais aussi <strong>Elena Cecchini, Barbara Guarischi et Marta Lach<\/strong>. Ce n&rsquo;est pas une dream team, mais on sent l&rsquo;accent mis sur la volont\u00e9 d&rsquo;entourer la sprinteuse, en qu\u00eate de son tripl\u00e9 !<\/p>\n<h2 style=\"text-align: justify;\">Un gros plateau de sprinteuses, favorites sur Gand-Wevelgem<\/h2>\n<p style=\"text-align: justify;\">Gand-Wevelgem sourit aux sprinteuses, et celles-ci le savent. Plusieurs \u00e9quipes ont amen\u00e9 leurs meilleurs \u00e9l\u00e9ments en cas d&#8217;emballage massif. Quelques outsiders sont capables de r\u00e9aliser de belles performances. On pense \u00e0 <strong>Charlotte Kool<\/strong> (Fenix-Premier Tech), l&rsquo;une des derni\u00e8res \u00e0 avoir contrari\u00e9 l&rsquo;\u00e9crasante domination de sa compatriote.<\/p>\n<p style=\"text-align: justify;\">Notamment lors de la <strong>3e \u00e9tape<\/strong> du Tour de France 2024. Seule ann\u00e9e o\u00f9 Wiebes ne remporte pas le moindre succ\u00e8s sur la Grande Boucle. Apr\u00e8s une ann\u00e9e 2025 compliqu\u00e9e, le transfert chez Fenix-Premier Tech semble avoir fait du bien \u00e0 Kool, <a href=\"https:\/\/dicodusport.fr\/blog\/charlotte-kool-domine-au-sprint-un-omloop-van-het-hageland-a-suspense\/\">qui a lev\u00e9 les bras sur les routes de l&rsquo;Omloop van het Hageland<\/a>.<\/p>\n<p style=\"text-align: justify;\">Vainqueure en 2022 et double deuxi\u00e8me des deux derni\u00e8res \u00e9ditions, <strong>Elisa Balsamo<\/strong> (Lidl-Trek) marque le pas cette saison. Un seul Top 5 et parfois une impression de manque de force au sprint ! Elle aussi devra passer les monts pav\u00e9s, son gros point faible. Moins rapide sur le papier que les autres coureuses cit\u00e9es, <strong>Cat Ferguson<\/strong> (Movistar) peut, elle, tirer \u00e0 son avantage les difficult\u00e9s du parcours.<\/p>\n<p style=\"text-align: justify;\">Mais le Britannique reste sur une p\u00e9riode o\u00f9 elle n&rsquo;a pas \u00e9t\u00e9 tr\u00e8s tranchante. <a href=\"https:\/\/dicodusport.fr\/blog\/karlijn-swinkels-remporte-le-trofeo-alfredo-binda-apres-un-gros-travail-collectif-duae-team-adq\/\">Seulement 22e et jamais en mesure de peser sur le Trofeo Alfredo Binda<\/a>, elle n&rsquo;a \u00e9galement pris que la <strong>12e place<\/strong> de Milan-San Remo. On n&rsquo;oubliera pas qu&rsquo;elle n&rsquo;a que 19 ans et encore de la caisse \u00e0 prendre. <strong>Chiara Consonni<\/strong> (CANYON\/\/SRAM zondacrypto) et <strong>Lara Gillespie<\/strong> (UAE Team-ADQ) seront \u00e9galement \u00e0 surveiller.<\/p>\n<h2 style=\"text-align: justify;\">D&rsquo;autres favorites qui devront dynamiter la course sur Gand-Wevelgem et \u00e9viter le sprint<\/h2>\n<h3 style=\"text-align: justify;\">Une impressionnante \u00e9quipe FDJ-Suez<\/h3>\n<p style=\"text-align: justify;\">\u00c0 l&rsquo;inverse, d&rsquo;autres \u00e9quipes auront int\u00e9r\u00eat \u00e0 tenter de dynamiter la course pour \u00e9viter un sprint. L&rsquo;\u00e9quipe qui a peut-\u00eatre le plus de cl\u00e9s en main est la formation FDJ United-Suez ! Si elle a <strong>Vittoria Guazzini<\/strong>, assez rapide, tout comme <strong>Ally Wollaston<\/strong>, les deux coureuses cit\u00e9es auront du mal face \u00e0 des Lorena Wiebes et m\u00eame Charlotte Kool, m\u00eame si Wollaston a battu Kool sur Milan-San Remo.<\/p>\n<div class=\"vlp-link-container vlp-layout-article\"><a href=\"https:\/\/dicodusport.fr\/blog\/celia-gery-un-diamant-aux-multiples-facettes\/\" class=\"vlp-link\" title=\"C\u00e9lia G\u00e9ry, un diamant aux multiples facettes\"><\/a><div class=\"vlp-layout-zone-side\"><div class=\"vlp-block-4 vlp-link-image\"><img loading=\"lazy\" decoding=\"async\" style=\"max-width: 792px;\" width=\"792\" height=\"445\" src=\"https:\/\/dicodusport.fr\/blog\/wp-content\/uploads\/2025\/09\/Cyclisme-Celia-Gery-un-diamant-aux-multiples-facettes.png\" class=\"attachment-800x445 size-800x445\" alt=\"Cyclisme - C\u00e9lia G\u00e9ry, un diamant aux multiples facettes\" srcset=\"https:\/\/dicodusport.fr\/blog\/wp-content\/uploads\/2025\/09\/Cyclisme-Celia-Gery-un-diamant-aux-multiples-facettes.png 1200w, https:\/\/dicodusport.fr\/blog\/wp-content\/uploads\/2025\/09\/Cyclisme-Celia-Gery-un-diamant-aux-multiples-facettes-300x169.png 300w, https:\/\/dicodusport.fr\/blog\/wp-content\/uploads\/2025\/09\/Cyclisme-Celia-Gery-un-diamant-aux-multiples-facettes-1024x575.png 1024w, https:\/\/dicodusport.fr\/blog\/wp-content\/uploads\/2025\/09\/Cyclisme-Celia-Gery-un-diamant-aux-multiples-facettes-768x431.png 768w\" sizes=\"auto, (max-width: 792px) 100vw, 792px\" \/><\/div><\/div><div class=\"vlp-layout-zone-main\"><div class=\"vlp-block-0 vlp-link-title\">C\u00e9lia G\u00e9ry, un diamant aux multiples facettes<\/div><div class=\"vlp-block-1 vlp-link-summary\">Sacr\u00e9e championne du monde espoirs de la course en ligne, C\u00e9lia G\u00e9ry confirme tout le bien que l'on dit d'elle depuis plus d'un an. Quelles sont les limites de la coureuse de la FDJ-Suez ? Quels formats de course peuvent lui convenir ? On fait le point.<\/div><div class=\"vlp-block-2 vlp-link-button\">Lire l'article<\/div><div class=\"vlp-block-3 vlp-link-url\">dicodusport.fr<\/div><\/div><\/div>\n<p style=\"text-align: justify;\">La formation tricolore arrive avec <strong>\u00c9lise Chabbey<\/strong>, <a href=\"https:\/\/dicodusport.fr\/blog\/elise-chabbey-remporte-les-strade-bianche-au-terme-dun-final-danthologie\/\">impressionnante vainqueure des Strade Bianche au d\u00e9but du mois de mars<\/a>. La Suissesse avait multipli\u00e9 les attaques et s&rsquo;\u00e9tait montr\u00e9e infatigable. Il y aura \u00e9galement <strong>Franziska Koch<\/strong>, 3e de la classique italienne, tout aussi impressionnante. Et si cela ne suffisait pas, <strong>C\u00e9lia Gery<\/strong> est \u00e9galement pr\u00e9sente en Belgique. On s&rsquo;est d\u00e9j\u00e0 demand\u00e9 si les classiques flandriennes pourraient lui aller. On aura un premier \u00e9l\u00e9ment de r\u00e9ponse. La jeune Fran\u00e7aise de 20 ans est utilis\u00e9e avec parcimonie par son \u00e9quipe, avec seulement trois jours de course en 2026. Mais elle est d\u00e9j\u00e0 entr\u00e9e dans le Top 10 du Trofeo Alfredo Binda (9e).<\/p>\n<h3 style=\"text-align: justify;\">D&rsquo;autres coureuses en embuscade<\/h3>\n<p style=\"text-align: justify;\">D&rsquo;autres coureuses comme <strong>Pfeiffer Georgi<\/strong> (Team Picnic PostNL), <strong>Margaux Vigi\u00e9<\/strong> (Visma-Lease a bike), <strong>Letizia Paternoster<\/strong> (Liv AlUla Jayco), <strong>Victoire Berteau<\/strong> (Cofidis), <strong>Alison Jackson<\/strong> (St Michel &#8211; Preference Home &#8211; Auber93) auront \u00e9galement int\u00e9r\u00eat \u00e0 anticiper de loin et \u00e0 mettre \u00e0 mal les \u00e9quipes de sprinteuses. On le sait, dans une course ouverte comme Gand-Wevelgem, un gros groupe peut se d\u00e9tacher et il ne faudra pas manquer le bon coup.<\/p>\n<p style=\"text-align: justify;\">Tandis qu&rsquo;une <strong>Zoe B\u00e4ckstedt<\/strong> ou une <strong>Eleonora Gasparrini<\/strong> peuvent aussi tirer les marrons du feu en suivant les mouvements et en se permettant \u00e9ventuellement de ne pas relayer, avec des coureuses rapides dans leur \u00e9quipe.<\/p>\n<h3 style=\"text-align: justify;\">\u00c0 ce sujet<\/h3>\n<div class=\"vlp-link-container vlp-layout-article\"><a href=\"https:\/\/dicodusport.fr\/blog\/le-cyclisme-feminin-est-il-devenu-plus-interessant-que-le-cyclisme-masculin\/\" class=\"vlp-link\" title=\"Le cyclisme f\u00e9minin est-il devenu plus int\u00e9ressant que le cyclisme masculin ?\"><\/a><div class=\"vlp-layout-zone-side\"><div class=\"vlp-block-4 vlp-link-image\"><img loading=\"lazy\" decoding=\"async\" style=\"max-width: 792px;\" width=\"792\" height=\"445\" src=\"https:\/\/dicodusport.fr\/blog\/wp-content\/uploads\/2026\/03\/Le-cyclisme-feminin-est-il-devenu-plus-interessant-que-le-cyclisme-masculin-1-1.png\" class=\"attachment-800x445 size-800x445\" alt=\"Le cyclisme f\u00e9minin est-il devenu plus int\u00e9ressant que le cyclisme masculin\" srcset=\"https:\/\/dicodusport.fr\/blog\/wp-content\/uploads\/2026\/03\/Le-cyclisme-feminin-est-il-devenu-plus-interessant-que-le-cyclisme-masculin-1-1.png 1200w, https:\/\/dicodusport.fr\/blog\/wp-content\/uploads\/2026\/03\/Le-cyclisme-feminin-est-il-devenu-plus-interessant-que-le-cyclisme-masculin-1-1-300x169.png 300w, https:\/\/dicodusport.fr\/blog\/wp-content\/uploads\/2026\/03\/Le-cyclisme-feminin-est-il-devenu-plus-interessant-que-le-cyclisme-masculin-1-1-1024x575.png 1024w, https:\/\/dicodusport.fr\/blog\/wp-content\/uploads\/2026\/03\/Le-cyclisme-feminin-est-il-devenu-plus-interessant-que-le-cyclisme-masculin-1-1-768x431.png 768w\" sizes=\"auto, (max-width: 792px) 100vw, 792px\" \/><\/div><\/div><div class=\"vlp-layout-zone-main\"><div class=\"vlp-block-0 vlp-link-title\">Le cyclisme f\u00e9minin est-il devenu plus int\u00e9ressant que le cyclisme masculin ?<\/div><div class=\"vlp-block-1 vlp-link-summary\">Apr\u00e8s les deux courses des Strade Bianche, la question se pose de l'int\u00e9r\u00eat du cyclisme f\u00e9minin par rapport au masculin.<\/div><div class=\"vlp-block-2 vlp-link-button\">Lire l'article<\/div><div class=\"vlp-block-3 vlp-link-url\">dicodusport.fr<\/div><\/div><\/div>\n<div id=\"gtx-trans\" style=\"position: absolute; left: -14px; top: 40.9091px;\">\n<div class=\"gtx-trans-icon\"><\/div>\n<\/div>\n","protected":false},"excerpt":{"rendered":"<p>GAND-WEVELGEM FEMMES &#8211; Focus sur les favorites \u00e0 la succession de Lorena Wiebes, double tenante du titre de la classique belge.<\/p>\n","protected":false},"author":83,"featured_media":658839,"comment_status":"open","ping_status":"closed","sticky":false,"template":"","format":"standard","meta":{"_acf_changed":false,"_daextam_enable_autolinks":"1","footnotes":""},"categories":[46994],"tags":[16878,2875,11197,4283,25536],"class_list":["post-658392","post","type-post","status-publish","format-standard","has-post-thumbnail","hentry","category-cyclisme-sur-route","tag-breve","tag-cyclisme-feminin","tag-cyclisme-sur-route","tag-gand-wevelgem","tag-lorena-wiebes"],"acf":[],"yoast_head":"<!-- This site is optimized with the Yoast SEO Premium plugin v26.7 (Yoast SEO v26.7) - https:\/\/yoast.com\/wordpress\/plugins\/seo\/ -->\n<title>Gand-Wevelgem Femmes 2026 : Wiebes, Kool\u2026 les grandes favorites de la classique belge<\/title>\n<meta name=\"description\" content=\"GAND-WEVELGEM FEMMES - Focus sur les favorites \u00e0 la succession de Lorena Wiebes, double tenante du titre de la classique belge.\" \/>\n<meta name=\"robots\" content=\"index, follow, max-snippet:-1, max-image-preview:large, max-video-preview:-1\" \/>\n<link rel=\"canonical\" href=\"https:\/\/dicodusport.fr\/blog\/gand-wevelgem-femmes-2026-wiebes-kool-les-grandes-favorites-de-la-classique-belge\/\" \/>\n<meta property=\"og:locale\" content=\"fr_FR\" \/>\n<meta property=\"og:type\" content=\"article\" \/>\n<meta property=\"og:title\" content=\"Gand-Wevelgem Femmes 2026 : Wiebes, Kool\u2026 les grandes favorites de la classique belge\" \/>\n<meta property=\"og:description\" content=\"GAND-WEVELGEM FEMMES - Focus sur les favorites \u00e0 la succession de Lorena Wiebes, double tenante du titre de la classique belge.\" \/>\n<meta property=\"og:url\" content=\"https:\/\/dicodusport.fr\/blog\/gand-wevelgem-femmes-2026-wiebes-kool-les-grandes-favorites-de-la-classique-belge\/\" \/>\n<meta property=\"og:site_name\" content=\"Dicodusport\" \/>\n<meta property=\"article:publisher\" content=\"https:\/\/www.facebook.com\/dicodusport\" \/>\n<meta property=\"article:published_time\" content=\"2026-03-28T12:12:59+00:00\" \/>\n<meta property=\"article:modified_time\" content=\"2026-03-28T12:24:02+00:00\" \/>\n<meta property=\"og:image\" content=\"https:\/\/dicodusport.fr\/blog\/wp-content\/uploads\/2026\/03\/Gand-Wevelgem-Femmes-2026-Wiebes-Kool-les-grandes-favorites-de-la-classique-belge.png\" \/>\n\t<meta property=\"og:image:width\" content=\"1200\" \/>\n\t<meta property=\"og:image:height\" content=\"674\" \/>\n\t<meta property=\"og:image:type\" content=\"image\/png\" \/>\n<meta name=\"author\" content=\"Etienne Goursaud\" \/>\n<meta name=\"twitter:card\" content=\"summary_large_image\" \/>\n<meta name=\"twitter:title\" content=\"Gand-Wevelgem Femmes 2026 : Wiebes, Kool\u2026 les grandes favorites de la classique belge\" \/>\n<meta name=\"twitter:creator\" content=\"@dicodusport\" \/>\n<meta name=\"twitter:site\" content=\"@dicodusport\" \/>\n<script type=\"application\/ld+json\" class=\"yoast-schema-graph\">{\"@context\":\"https:\/\/schema.org\",\"@graph\":[{\"@type\":\"NewsArticle\",\"@id\":\"https:\/\/dicodusport.fr\/blog\/gand-wevelgem-femmes-2026-wiebes-kool-les-grandes-favorites-de-la-classique-belge\/#article\",\"isPartOf\":{\"@id\":\"https:\/\/dicodusport.fr\/blog\/gand-wevelgem-femmes-2026-wiebes-kool-les-grandes-favorites-de-la-classique-belge\/\"},\"author\":{\"name\":\"Etienne Goursaud\",\"@id\":\"https:\/\/dicodusport.fr\/blog\/#\/schema\/person\/d603dd7da31fb2b46c82b9835a77ec13\"},\"headline\":\"Gand-Wevelgem Femmes 2026 : Wiebes, Kool\u2026 les grandes favorites de la classique belge\",\"datePublished\":\"2026-03-28T12:12:59+00:00\",\"dateModified\":\"2026-03-28T12:24:02+00:00\",\"mainEntityOfPage\":{\"@id\":\"https:\/\/dicodusport.fr\/blog\/gand-wevelgem-femmes-2026-wiebes-kool-les-grandes-favorites-de-la-classique-belge\/\"},\"wordCount\":1192,\"commentCount\":0,\"publisher\":{\"@id\":\"https:\/\/dicodusport.fr\/blog\/#organization\"},\"image\":{\"@id\":\"https:\/\/dicodusport.fr\/blog\/gand-wevelgem-femmes-2026-wiebes-kool-les-grandes-favorites-de-la-classique-belge\/#primaryimage\"},\"thumbnailUrl\":\"https:\/\/dicodusport.fr\/blog\/wp-content\/uploads\/2026\/03\/Gand-Wevelgem-Femmes-2026-Wiebes-Kool-les-grandes-favorites-de-la-classique-belge.png\",\"keywords\":[\"br\u00e8ve\",\"cyclisme f\u00e9minin\",\"Cyclisme sur route\",\"Gand-Wevelgem\",\"Lorena Wiebes\"],\"articleSection\":[\"Cyclisme sur route\"],\"inLanguage\":\"fr-FR\",\"potentialAction\":[{\"@type\":\"CommentAction\",\"name\":\"Comment\",\"target\":[\"https:\/\/dicodusport.fr\/blog\/gand-wevelgem-femmes-2026-wiebes-kool-les-grandes-favorites-de-la-classique-belge\/#respond\"]}],\"copyrightYear\":\"2026\",\"copyrightHolder\":{\"@id\":\"https:\/\/dicodusport.fr\/blog\/#organization\"}},{\"@type\":\"WebPage\",\"@id\":\"https:\/\/dicodusport.fr\/blog\/gand-wevelgem-femmes-2026-wiebes-kool-les-grandes-favorites-de-la-classique-belge\/\",\"url\":\"https:\/\/dicodusport.fr\/blog\/gand-wevelgem-femmes-2026-wiebes-kool-les-grandes-favorites-de-la-classique-belge\/\",\"name\":\"Gand-Wevelgem Femmes 2026 : Wiebes, Kool\u2026 les grandes favorites de la classique belge\",\"isPartOf\":{\"@id\":\"https:\/\/dicodusport.fr\/blog\/#website\"},\"primaryImageOfPage\":{\"@id\":\"https:\/\/dicodusport.fr\/blog\/gand-wevelgem-femmes-2026-wiebes-kool-les-grandes-favorites-de-la-classique-belge\/#primaryimage\"},\"image\":{\"@id\":\"https:\/\/dicodusport.fr\/blog\/gand-wevelgem-femmes-2026-wiebes-kool-les-grandes-favorites-de-la-classique-belge\/#primaryimage\"},\"thumbnailUrl\":\"https:\/\/dicodusport.fr\/blog\/wp-content\/uploads\/2026\/03\/Gand-Wevelgem-Femmes-2026-Wiebes-Kool-les-grandes-favorites-de-la-classique-belge.png\",\"datePublished\":\"2026-03-28T12:12:59+00:00\",\"dateModified\":\"2026-03-28T12:24:02+00:00\",\"description\":\"GAND-WEVELGEM FEMMES - Focus sur les favorites \u00e0 la succession de Lorena Wiebes, double tenante du titre de la classique belge.\",\"breadcrumb\":{\"@id\":\"https:\/\/dicodusport.fr\/blog\/gand-wevelgem-femmes-2026-wiebes-kool-les-grandes-favorites-de-la-classique-belge\/#breadcrumb\"},\"inLanguage\":\"fr-FR\",\"potentialAction\":[{\"@type\":\"ReadAction\",\"target\":[\"https:\/\/dicodusport.fr\/blog\/gand-wevelgem-femmes-2026-wiebes-kool-les-grandes-favorites-de-la-classique-belge\/\"]}]},{\"@type\":\"ImageObject\",\"inLanguage\":\"fr-FR\",\"@id\":\"https:\/\/dicodusport.fr\/blog\/gand-wevelgem-femmes-2026-wiebes-kool-les-grandes-favorites-de-la-classique-belge\/#primaryimage\",\"url\":\"https:\/\/dicodusport.fr\/blog\/wp-content\/uploads\/2026\/03\/Gand-Wevelgem-Femmes-2026-Wiebes-Kool-les-grandes-favorites-de-la-classique-belge.png\",\"contentUrl\":\"https:\/\/dicodusport.fr\/blog\/wp-content\/uploads\/2026\/03\/Gand-Wevelgem-Femmes-2026-Wiebes-Kool-les-grandes-favorites-de-la-classique-belge.png\",\"width\":1200,\"height\":674,\"caption\":\"Gand-Wevelgem Femmes 2026 Wiebes, Kool les grandes favorites de la classique belge\"},{\"@type\":\"BreadcrumbList\",\"@id\":\"https:\/\/dicodusport.fr\/blog\/gand-wevelgem-femmes-2026-wiebes-kool-les-grandes-favorites-de-la-classique-belge\/#breadcrumb\",\"itemListElement\":[{\"@type\":\"ListItem\",\"position\":1,\"name\":\"Accueil\",\"item\":\"https:\/\/dicodusport.fr\/blog\/\"},{\"@type\":\"ListItem\",\"position\":2,\"name\":\"Gand-Wevelgem Femmes 2026 : Wiebes, Kool\u2026 les grandes favorites de la classique belge\"}]},{\"@type\":\"WebSite\",\"@id\":\"https:\/\/dicodusport.fr\/blog\/#website\",\"url\":\"https:\/\/dicodusport.fr\/blog\/\",\"name\":\"Dicodusport\",\"description\":\"L&#039;encyclop\u00e9die de l&#039;actualit\u00e9 sportive\",\"publisher\":{\"@id\":\"https:\/\/dicodusport.fr\/blog\/#organization\"},\"potentialAction\":[{\"@type\":\"SearchAction\",\"target\":{\"@type\":\"EntryPoint\",\"urlTemplate\":\"https:\/\/dicodusport.fr\/blog\/?s={search_term_string}\"},\"query-input\":{\"@type\":\"PropertyValueSpecification\",\"valueRequired\":true,\"valueName\":\"search_term_string\"}}],\"inLanguage\":\"fr-FR\"},{\"@type\":\"NewsMediaOrganization\",\"@id\":\"https:\/\/dicodusport.fr\/blog\/#organization\",\"name\":\"Dicodusport\",\"url\":\"https:\/\/dicodusport.fr\/blog\/\",\"logo\":{\"@type\":\"ImageObject\",\"inLanguage\":\"fr-FR\",\"@id\":\"https:\/\/dicodusport.fr\/blog\/#\/schema\/logo\/image\/\",\"url\":\"https:\/\/dicodusport.fr\/blog\/wp-content\/uploads\/2020\/06\/cropped-LOGO-DICODUSPORT-2020-SANS-FOND-SANS-TEXTE.png\",\"contentUrl\":\"https:\/\/dicodusport.fr\/blog\/wp-content\/uploads\/2020\/06\/cropped-LOGO-DICODUSPORT-2020-SANS-FOND-SANS-TEXTE.png\",\"width\":512,\"height\":512,\"caption\":\"Dicodusport\"},\"image\":{\"@id\":\"https:\/\/dicodusport.fr\/blog\/#\/schema\/logo\/image\/\"},\"sameAs\":[\"https:\/\/www.facebook.com\/dicodusport\",\"https:\/\/x.com\/dicodusport\",\"https:\/\/www.instagram.com\/dicodusport\/\",\"https:\/\/www.youtube.com\/channel\/UC7V2KZ5sd3htJivAbA4ZG3w\"],\"description\":\"Dicodusport est l'encyclop\u00e9die de l'actualit\u00e9 sportive.\",\"email\":\"bonjour@dicodusport.fr\",\"legalName\":\"DICODUSPORT\",\"foundingDate\":\"2018-01-14\",\"vatID\":\"FR71834470973\",\"taxID\":\"83447097300043\",\"numberOfEmployees\":{\"@type\":\"QuantitativeValue\",\"minValue\":\"1\",\"maxValue\":\"10\"}},{\"@type\":\"Person\",\"@id\":\"https:\/\/dicodusport.fr\/blog\/#\/schema\/person\/d603dd7da31fb2b46c82b9835a77ec13\",\"name\":\"Etienne Goursaud\",\"image\":{\"@type\":\"ImageObject\",\"inLanguage\":\"fr-FR\",\"@id\":\"https:\/\/dicodusport.fr\/blog\/#\/schema\/person\/image\/\",\"url\":\"https:\/\/dicodusport.fr\/blog\/wp-content\/uploads\/2023\/12\/410122264_10231602061736049_5565839791558026645_n-150x150.jpg\",\"contentUrl\":\"https:\/\/dicodusport.fr\/blog\/wp-content\/uploads\/2023\/12\/410122264_10231602061736049_5565839791558026645_n-150x150.jpg\",\"caption\":\"Etienne Goursaud\"},\"description\":\"Journaliste et amoureux de sport. Ancien footballeur reconverti athl\u00e8te quand ses muscles le laissent tranquille. \u00c9lev\u00e9 \u00e0 la sauce des exploits de Thomas Voeckler en 2004, du dernier essai de l\u00e9gende de Eunice Barber \u00e0 la longueur lors des championnats du monde d'athl\u00e9tisme de 2003 mais aussi Zidane, Omeyer et Titou Lamaison.\",\"url\":\"https:\/\/dicodusport.fr\/blog\/author\/etienne-goursaud\/\"}]}<\/script>\n<!-- \/ Yoast SEO Premium plugin. -->","yoast_head_json":{"title":"Gand-Wevelgem Femmes 2026 : Wiebes, Kool\u2026 les grandes favorites de la classique belge","description":"GAND-WEVELGEM FEMMES - Focus sur les favorites \u00e0 la succession de Lorena Wiebes, double tenante du titre de la classique belge.","robots":{"index":"index","follow":"follow","max-snippet":"max-snippet:-1","max-image-preview":"max-image-preview:large","max-video-preview":"max-video-preview:-1"},"canonical":"https:\/\/dicodusport.fr\/blog\/gand-wevelgem-femmes-2026-wiebes-kool-les-grandes-favorites-de-la-classique-belge\/","og_locale":"fr_FR","og_type":"article","og_title":"Gand-Wevelgem Femmes 2026 : Wiebes, Kool\u2026 les grandes favorites de la classique belge","og_description":"GAND-WEVELGEM FEMMES - Focus sur les favorites \u00e0 la succession de Lorena Wiebes, double tenante du titre de la classique belge.","og_url":"https:\/\/dicodusport.fr\/blog\/gand-wevelgem-femmes-2026-wiebes-kool-les-grandes-favorites-de-la-classique-belge\/","og_site_name":"Dicodusport","article_publisher":"https:\/\/www.facebook.com\/dicodusport","article_published_time":"2026-03-28T12:12:59+00:00","article_modified_time":"2026-03-28T12:24:02+00:00","og_image":[{"width":1200,"height":674,"url":"https:\/\/dicodusport.fr\/blog\/wp-content\/uploads\/2026\/03\/Gand-Wevelgem-Femmes-2026-Wiebes-Kool-les-grandes-favorites-de-la-classique-belge.png","type":"image\/png"}],"author":"Etienne Goursaud","twitter_card":"summary_large_image","twitter_title":"Gand-Wevelgem Femmes 2026 : Wiebes, Kool\u2026 les grandes favorites de la classique belge","twitter_creator":"@dicodusport","twitter_site":"@dicodusport","schema":{"@context":"https:\/\/schema.org","@graph":[{"@type":"NewsArticle","@id":"https:\/\/dicodusport.fr\/blog\/gand-wevelgem-femmes-2026-wiebes-kool-les-grandes-favorites-de-la-classique-belge\/#article","isPartOf":{"@id":"https:\/\/dicodusport.fr\/blog\/gand-wevelgem-femmes-2026-wiebes-kool-les-grandes-favorites-de-la-classique-belge\/"},"author":{"name":"Etienne Goursaud","@id":"https:\/\/dicodusport.fr\/blog\/#\/schema\/person\/d603dd7da31fb2b46c82b9835a77ec13"},"headline":"Gand-Wevelgem Femmes 2026 : Wiebes, Kool\u2026 les grandes favorites de la classique belge","datePublished":"2026-03-28T12:12:59+00:00","dateModified":"2026-03-28T12:24:02+00:00","mainEntityOfPage":{"@id":"https:\/\/dicodusport.fr\/blog\/gand-wevelgem-femmes-2026-wiebes-kool-les-grandes-favorites-de-la-classique-belge\/"},"wordCount":1192,"commentCount":0,"publisher":{"@id":"https:\/\/dicodusport.fr\/blog\/#organization"},"image":{"@id":"https:\/\/dicodusport.fr\/blog\/gand-wevelgem-femmes-2026-wiebes-kool-les-grandes-favorites-de-la-classique-belge\/#primaryimage"},"thumbnailUrl":"https:\/\/dicodusport.fr\/blog\/wp-content\/uploads\/2026\/03\/Gand-Wevelgem-Femmes-2026-Wiebes-Kool-les-grandes-favorites-de-la-classique-belge.png","keywords":["br\u00e8ve","cyclisme f\u00e9minin","Cyclisme sur route","Gand-Wevelgem","Lorena Wiebes"],"articleSection":["Cyclisme sur route"],"inLanguage":"fr-FR","potentialAction":[{"@type":"CommentAction","name":"Comment","target":["https:\/\/dicodusport.fr\/blog\/gand-wevelgem-femmes-2026-wiebes-kool-les-grandes-favorites-de-la-classique-belge\/#respond"]}],"copyrightYear":"2026","copyrightHolder":{"@id":"https:\/\/dicodusport.fr\/blog\/#organization"}},{"@type":"WebPage","@id":"https:\/\/dicodusport.fr\/blog\/gand-wevelgem-femmes-2026-wiebes-kool-les-grandes-favorites-de-la-classique-belge\/","url":"https:\/\/dicodusport.fr\/blog\/gand-wevelgem-femmes-2026-wiebes-kool-les-grandes-favorites-de-la-classique-belge\/","name":"Gand-Wevelgem Femmes 2026 : Wiebes, Kool\u2026 les grandes favorites de la classique belge","isPartOf":{"@id":"https:\/\/dicodusport.fr\/blog\/#website"},"primaryImageOfPage":{"@id":"https:\/\/dicodusport.fr\/blog\/gand-wevelgem-femmes-2026-wiebes-kool-les-grandes-favorites-de-la-classique-belge\/#primaryimage"},"image":{"@id":"https:\/\/dicodusport.fr\/blog\/gand-wevelgem-femmes-2026-wiebes-kool-les-grandes-favorites-de-la-classique-belge\/#primaryimage"},"thumbnailUrl":"https:\/\/dicodusport.fr\/blog\/wp-content\/uploads\/2026\/03\/Gand-Wevelgem-Femmes-2026-Wiebes-Kool-les-grandes-favorites-de-la-classique-belge.png","datePublished":"2026-03-28T12:12:59+00:00","dateModified":"2026-03-28T12:24:02+00:00","description":"GAND-WEVELGEM FEMMES - Focus sur les favorites \u00e0 la succession de Lorena Wiebes, double tenante du titre de la classique belge.","breadcrumb":{"@id":"https:\/\/dicodusport.fr\/blog\/gand-wevelgem-femmes-2026-wiebes-kool-les-grandes-favorites-de-la-classique-belge\/#breadcrumb"},"inLanguage":"fr-FR","potentialAction":[{"@type":"ReadAction","target":["https:\/\/dicodusport.fr\/blog\/gand-wevelgem-femmes-2026-wiebes-kool-les-grandes-favorites-de-la-classique-belge\/"]}]},{"@type":"ImageObject","inLanguage":"fr-FR","@id":"https:\/\/dicodusport.fr\/blog\/gand-wevelgem-femmes-2026-wiebes-kool-les-grandes-favorites-de-la-classique-belge\/#primaryimage","url":"https:\/\/dicodusport.fr\/blog\/wp-content\/uploads\/2026\/03\/Gand-Wevelgem-Femmes-2026-Wiebes-Kool-les-grandes-favorites-de-la-classique-belge.png","contentUrl":"https:\/\/dicodusport.fr\/blog\/wp-content\/uploads\/2026\/03\/Gand-Wevelgem-Femmes-2026-Wiebes-Kool-les-grandes-favorites-de-la-classique-belge.png","width":1200,"height":674,"caption":"Gand-Wevelgem Femmes 2026 Wiebes, Kool les grandes favorites de la classique belge"},{"@type":"BreadcrumbList","@id":"https:\/\/dicodusport.fr\/blog\/gand-wevelgem-femmes-2026-wiebes-kool-les-grandes-favorites-de-la-classique-belge\/#breadcrumb","itemListElement":[{"@type":"ListItem","position":1,"name":"Accueil","item":"https:\/\/dicodusport.fr\/blog\/"},{"@type":"ListItem","position":2,"name":"Gand-Wevelgem Femmes 2026 : Wiebes, Kool\u2026 les grandes favorites de la classique belge"}]},{"@type":"WebSite","@id":"https:\/\/dicodusport.fr\/blog\/#website","url":"https:\/\/dicodusport.fr\/blog\/","name":"Dicodusport","description":"L&#039;encyclop\u00e9die de l&#039;actualit\u00e9 sportive","publisher":{"@id":"https:\/\/dicodusport.fr\/blog\/#organization"},"potentialAction":[{"@type":"SearchAction","target":{"@type":"EntryPoint","urlTemplate":"https:\/\/dicodusport.fr\/blog\/?s={search_term_string}"},"query-input":{"@type":"PropertyValueSpecification","valueRequired":true,"valueName":"search_term_string"}}],"inLanguage":"fr-FR"},{"@type":"NewsMediaOrganization","@id":"https:\/\/dicodusport.fr\/blog\/#organization","name":"Dicodusport","url":"https:\/\/dicodusport.fr\/blog\/","logo":{"@type":"ImageObject","inLanguage":"fr-FR","@id":"https:\/\/dicodusport.fr\/blog\/#\/schema\/logo\/image\/","url":"https:\/\/dicodusport.fr\/blog\/wp-content\/uploads\/2020\/06\/cropped-LOGO-DICODUSPORT-2020-SANS-FOND-SANS-TEXTE.png","contentUrl":"https:\/\/dicodusport.fr\/blog\/wp-content\/uploads\/2020\/06\/cropped-LOGO-DICODUSPORT-2020-SANS-FOND-SANS-TEXTE.png","width":512,"height":512,"caption":"Dicodusport"},"image":{"@id":"https:\/\/dicodusport.fr\/blog\/#\/schema\/logo\/image\/"},"sameAs":["https:\/\/www.facebook.com\/dicodusport","https:\/\/x.com\/dicodusport","https:\/\/www.instagram.com\/dicodusport\/","https:\/\/www.youtube.com\/channel\/UC7V2KZ5sd3htJivAbA4ZG3w"],"description":"Dicodusport est l'encyclop\u00e9die de l'actualit\u00e9 sportive.","email":"bonjour@dicodusport.fr","legalName":"DICODUSPORT","foundingDate":"2018-01-14","vatID":"FR71834470973","taxID":"83447097300043","numberOfEmployees":{"@type":"QuantitativeValue","minValue":"1","maxValue":"10"}},{"@type":"Person","@id":"https:\/\/dicodusport.fr\/blog\/#\/schema\/person\/d603dd7da31fb2b46c82b9835a77ec13","name":"Etienne Goursaud","image":{"@type":"ImageObject","inLanguage":"fr-FR","@id":"https:\/\/dicodusport.fr\/blog\/#\/schema\/person\/image\/","url":"https:\/\/dicodusport.fr\/blog\/wp-content\/uploads\/2023\/12\/410122264_10231602061736049_5565839791558026645_n-150x150.jpg","contentUrl":"https:\/\/dicodusport.fr\/blog\/wp-content\/uploads\/2023\/12\/410122264_10231602061736049_5565839791558026645_n-150x150.jpg","caption":"Etienne Goursaud"},"description":"Journaliste et amoureux de sport. Ancien footballeur reconverti athl\u00e8te quand ses muscles le laissent tranquille. \u00c9lev\u00e9 \u00e0 la sauce des exploits de Thomas Voeckler en 2004, du dernier essai de l\u00e9gende de Eunice Barber \u00e0 la longueur lors des championnats du monde d'athl\u00e9tisme de 2003 mais aussi Zidane, Omeyer et Titou Lamaison.","url":"https:\/\/dicodusport.fr\/blog\/author\/etienne-goursaud\/"}]}},"_links":{"self":[{"href":"https:\/\/dicodusport.fr\/blog\/wp-json\/wp\/v2\/posts\/658392","targetHints":{"allow":["GET"]}}],"collection":[{"href":"https:\/\/dicodusport.fr\/blog\/wp-json\/wp\/v2\/posts"}],"about":[{"href":"https:\/\/dicodusport.fr\/blog\/wp-json\/wp\/v2\/types\/post"}],"author":[{"embeddable":true,"href":"https:\/\/dicodusport.fr\/blog\/wp-json\/wp\/v2\/users\/83"}],"replies":[{"embeddable":true,"href":"https:\/\/dicodusport.fr\/blog\/wp-json\/wp\/v2\/comments?post=658392"}],"version-history":[{"count":3,"href":"https:\/\/dicodusport.fr\/blog\/wp-json\/wp\/v2\/posts\/658392\/revisions"}],"predecessor-version":[{"id":658836,"href":"https:\/\/dicodusport.fr\/blog\/wp-json\/wp\/v2\/posts\/658392\/revisions\/658836"}],"wp:featuredmedia":[{"embeddable":true,"href":"https:\/\/dicodusport.fr\/blog\/wp-json\/wp\/v2\/media\/658839"}],"wp:attachment":[{"href":"https:\/\/dicodusport.fr\/blog\/wp-json\/wp\/v2\/media?parent=658392"}],"wp:term":[{"taxonomy":"category","embeddable":true,"href":"https:\/\/dicodusport.fr\/blog\/wp-json\/wp\/v2\/categories?post=658392"},{"taxonomy":"post_tag","embeddable":true,"href":"https:\/\/dicodusport.fr\/blog\/wp-json\/wp\/v2\/tags?post=658392"}],"curies":[{"name":"wp","href":"https:\/\/api.w.org\/{rel}","templated":true}]}}