{"id":658419,"date":"2026-03-26T17:20:44","date_gmt":"2026-03-26T16:20:44","guid":{"rendered":"https:\/\/dicodusport.fr\/blog\/?p=658419&#038;preview=true&#038;preview_id=658419"},"modified":"2026-03-26T17:31:26","modified_gmt":"2026-03-26T16:31:26","slug":"pas-de-triple-pour-dorian-godon-battu-par-ethan-vernon-sur-la-4eme-etape-du-tour-de-catalogne","status":"publish","type":"post","link":"https:\/\/dicodusport.fr\/blog\/pas-de-triple-pour-dorian-godon-battu-par-ethan-vernon-sur-la-4eme-etape-du-tour-de-catalogne\/","title":{"rendered":"Pas de tripl\u00e9 pour Dorian Godon, battu par Ethan Vernon sur la 4\u00e8me \u00e9tape du Tour de Catalogne"},"content":{"rendered":"<p style=\"text-align: justify;\"><strong><em>TOUR DE CATALOGNE 2026 &#8211; Ethan Vernon (NSN Cycling Team) a remport\u00e9 au sprint une 4\u00e8me \u00e9tape raccourcie \u00e0 Camprod\u00f3n en devan\u00e7ant Dorian Godon.\u00a0<\/em><\/strong><\/p>\n<ul style=\"text-align: justify;\">\n<li><strong>\u00c0 ce sujet &#8211; <a href=\"https:\/\/dicodusport.fr\/blog\/tour-de-catalogne-2026-le-parcours-complet-et-le-profil-des-7-etapes\/\">Tour de Catalogne 2026 : le parcours complet et le profil des 7 \u00e9tapes<\/a><\/strong><\/li>\n<\/ul>\n<p style=\"text-align: justify;\">Attendue comme la premi\u00e8re explication entre favoris au sommet de <strong>Vallter 2000<\/strong>, la <strong>4\u00e8me \u00e9tape<\/strong> du <strong>Tour de Catalogne<\/strong> a \u00e9t\u00e9 raccourcie en raison de mauvaises conditions m\u00e9t\u00e9orologiques. R\u00e9sultat, l&rsquo;ascension reine de la journ\u00e9e a \u00e9t\u00e9 annul\u00e9e, amputant l&rsquo;\u00e9tape d&rsquo;une vingtaine de kilom\u00e8tres, pour finalement proposer un relief vallonn\u00e9 de <strong>151km<\/strong> entre <strong>Matar\u00f3<\/strong> et <strong>Camprod\u00f3n<\/strong>. De quoi favoriser une \u00e9chapp\u00e9e, ou un nouveau sprint entre costauds.<\/p>\n<ul style=\"text-align: justify;\">\n<li><strong>\u00c0 ce sujet \u2013 <a href=\"https:\/\/dicodusport.fr\/blog\/4e-etape-tour-de-catalogne-2026-classement-et-resultats\/\">4e \u00e9tape Tour de Catalogne 2026 : Classement et r\u00e9sultats<\/a><\/strong><\/li>\n<\/ul>\n<h2 style=\"text-align: justify;\">Veistroffer conforte son maillot de meilleur grimpeur, une \u00e9chapp\u00e9e r\u00e9duite<\/h2>\n<p style=\"text-align: justify;\">Suite \u00e0 une premi\u00e8re bataille en d\u00e9but d&rsquo;\u00e9tape, et des secondes de bonification r\u00e9cup\u00e9r\u00e9es par <strong>Remco Evenepoel<\/strong> (Red Bull-Bora Hansgrohe), une \u00e9chapp\u00e9e de 4 coureurs a finalement pris la poudre d&rsquo;escampette. Meilleur grimpeur de l&rsquo;\u00e9preuve, et d\u00e9j\u00e0 pr\u00e9sent dans les trois \u00e9chapp\u00e9es fleuves des trois premi\u00e8res \u00e9tapes, <strong>Baptiste Veistroffer<\/strong> (Lotto-Intermarch\u00e9) a r\u00e9alis\u00e9 la passe de quatre, aux c\u00f4t\u00e9s de <strong>Koen Bouwman<\/strong> (Jayco AlUla), <strong>Merhawi Kudus<\/strong> (Burgos Burpeller BH) et <strong>Samuel Fern\u00e1ndez<\/strong> (Euskaltel-Euskadi).<\/p>\n<div class=\"vlp-link-container vlp-layout-article\"><a href=\"https:\/\/dicodusport.fr\/blog\/baptiste-veistroffer-le-nouveau-maitre-des-echappees\/\" class=\"vlp-link\" title=\"Baptiste Veistroffer, le nouveau ma\u00eetre des \u00e9chapp\u00e9es\"><\/a><div class=\"vlp-layout-zone-side\"><div class=\"vlp-block-4 vlp-link-image\"><img loading=\"lazy\" decoding=\"async\" style=\"max-width: 792px;\" width=\"792\" height=\"445\" src=\"https:\/\/dicodusport.fr\/blog\/wp-content\/uploads\/2026\/03\/Baptiste-Veistroffer-le-nouveau-maitre-des-echappees.png\" class=\"attachment-800x445 size-800x445\" alt=\"Baptiste Veistroffer, le nouveau ma\u00eetre des \u00e9chapp\u00e9es\" srcset=\"https:\/\/dicodusport.fr\/blog\/wp-content\/uploads\/2026\/03\/Baptiste-Veistroffer-le-nouveau-maitre-des-echappees.png 1200w, https:\/\/dicodusport.fr\/blog\/wp-content\/uploads\/2026\/03\/Baptiste-Veistroffer-le-nouveau-maitre-des-echappees-300x169.png 300w, https:\/\/dicodusport.fr\/blog\/wp-content\/uploads\/2026\/03\/Baptiste-Veistroffer-le-nouveau-maitre-des-echappees-1024x575.png 1024w, https:\/\/dicodusport.fr\/blog\/wp-content\/uploads\/2026\/03\/Baptiste-Veistroffer-le-nouveau-maitre-des-echappees-768x431.png 768w\" sizes=\"auto, (max-width: 792px) 100vw, 792px\" \/><\/div><\/div><div class=\"vlp-layout-zone-main\"><div class=\"vlp-block-0 vlp-link-title\">Baptiste Veistroffer, le nouveau ma\u00eetre des \u00e9chapp\u00e9es<\/div><div class=\"vlp-block-1 vlp-link-summary\">CYCLISME SUR ROUTE \u2013 Auteur de trois \u00e9chapp\u00e9es lors des trois premi\u00e8res \u00e9tapes du Tour de Catalogne, Baptiste Veistroffer confirme son nouveau statut de baroudeur de premier plan, obtenu gr\u00e2ce \u00e0 un d\u00e9but d'ann\u00e9e 2026 tonitruant.<\/div><div class=\"vlp-block-2 vlp-link-button\">Lire l'article<\/div><div class=\"vlp-block-3 vlp-link-url\">dicodusport.fr<\/div><\/div><\/div>\n<p style=\"text-align: justify;\">N\u00e9anmoins, \u00e0 100km de la ligne, et apr\u00e8s l&rsquo;ascension de l&rsquo;autre difficult\u00e9 du jour (2\u00e8me cat\u00e9gorie), Veistroffer et Bouwman se sont relev\u00e9s, laissant Kudus et Fern\u00e1ndez former un duo. L&rsquo;\u00e9cart n&rsquo;a jamais \u00e9t\u00e9 bien grand, et il s&rsquo;est r\u00e9duit sous l&rsquo;impulsion des Uno-X Mobility, avant que des tentatives de contre le r\u00e9duisent \u00e0 peau de chagrin. Revenu \u00e0 seulement 15 secondes, le peloton a ensuite coup\u00e9 son effort pour redonner un peu de champ aux deux fuyards, offrant ainsi un long temps de r\u00e9pit \u00e0 tout le monde.<\/p>\n<blockquote class=\"twitter-tweet\">\n<p dir=\"ltr\" lang=\"ca\">\u26aa\ufe0f\ud83d\udd34Baptiste Veistroffer (<a href=\"https:\/\/twitter.com\/LottoIntermarch?ref_src=twsrc%5Etfw\">@LottoIntermarch<\/a>), l\u00edder de la muntanya i escapat els quatre dies de cursa, ha liderat tots els passos puntuables de <a href=\"https:\/\/twitter.com\/hashtag\/VoltaCatalunya105?src=hash&amp;ref_src=twsrc%5Etfw\">#VoltaCatalunya105<\/a>&#8230; menys els dos esprints de <a href=\"https:\/\/twitter.com\/EvenepoelRemco?ref_src=twsrc%5Etfw\">@EvenepoelRemco<\/a> i Parpers.<\/p>\n<p>\ud83d\udc17Our KOM leader wants it all! <a href=\"https:\/\/t.co\/kfF6JeYiIO\">https:\/\/t.co\/kfF6JeYiIO<\/a> <a href=\"https:\/\/t.co\/Vk6KqKR48P\">pic.twitter.com\/Vk6KqKR48P<\/a><\/p>\n<p>\u2014 Volta a Catalunya (@VoltaCatalunya) <a href=\"https:\/\/twitter.com\/VoltaCatalunya\/status\/2037162610907341266?ref_src=twsrc%5Etfw\">March 26, 2026<\/a><\/p><\/blockquote>\n<p style=\"text-align: justify;\"><script async src=\"https:\/\/platform.twitter.com\/widgets.js\" charset=\"utf-8\"><\/script><\/p>\n<h2 style=\"text-align: justify;\">La NSN Cycling Team propulse Ethan Vernon<\/h2>\n<p style=\"text-align: justify;\">Ce r\u00e9pit s&rsquo;est finalement prolong\u00e9 jusqu&rsquo;au final de l&rsquo;\u00e9tape. Sous l&rsquo;impulsion des INEOS Grenadiers et des Uno-X Mobility cadence s&rsquo;est doucement acc\u00e9l\u00e9r\u00e9e \u00e0 l&rsquo;approche du dernier sprint interm\u00e9diaire du jour. L&rsquo;\u00e9chapp\u00e9e a \u00e9t\u00e9 aval\u00e9e, et <strong>Tom Pidcock<\/strong> (Pinarello Q36) a pris trois secondes suppl\u00e9mentaires, apr\u00e8s les deux gratt\u00e9es en d\u00e9but de journ\u00e9e. Le Britannique s&rsquo;est m\u00eame bri\u00e8vement \u00e9chapp\u00e9 au sein d&rsquo;un quatuor comprenant <strong>Lenny Martinez<\/strong> (Bahrain Victorious) et <strong>Florian Lipowitz<\/strong> (Red Bull-Bora Hansgrohe), mais le peloton est rapidement revenu pour pr\u00e9parer l&#8217;emballage final.<\/p>\n<ul style=\"text-align: justify;\">\n<li><strong>\u00c0 ce sujet \u2013\u00a0<a href=\"https:\/\/dicodusport.fr\/blog\/classement-general-tour-de-catalogne-2026-mis-a-jour\/\">Classement g\u00e9n\u00e9ral Tour de Catalogne 2026 mis \u00e0 jour<\/a><\/strong><\/li>\n<\/ul>\n<p style=\"text-align: justify;\">Contrairement aux jours pr\u00e9c\u00e9dents, c&rsquo;est un peloton entier et frais qui s&rsquo;est pr\u00e9sent\u00e9 \u00e0 l&rsquo;arriv\u00e9e dans ce final rectiligne sur de grandes routes larges, id\u00e9ales pour pr\u00e9parer un sprint massif. Les purs sprinteurs \u00e9tant peu nombreux sur l&rsquo;\u00e9preuve, l&rsquo;ind\u00e9cision r\u00e9gnait, m\u00eame si <strong>Dorian Godon<\/strong> (INEOS Grenadiers) faisait figure de favori suite \u00e0 ses deux victoires en d\u00e9but de semaine.<\/p>\n<blockquote class=\"twitter-tweet\">\n<p dir=\"ltr\" lang=\"en\">\ud83c\udfc6 <a href=\"https:\/\/twitter.com\/EthanVernon22?ref_src=twsrc%5Etfw\">@EthanVernon22<\/a>, guanyador de la 4a etapa a <a href=\"https:\/\/twitter.com\/ajcamprodon?ref_src=twsrc%5Etfw\">@ajcamprodon<\/a>!<\/p>\n<p>\ud83d\ude4cVernon <a href=\"https:\/\/twitter.com\/NSNCyclingTeam?ref_src=twsrc%5Etfw\">@NSNCyclingTeam<\/a> takes the win over race leader <a href=\"https:\/\/twitter.com\/DorianGodon?ref_src=twsrc%5Etfw\">@DorianGodon<\/a>! <a href=\"https:\/\/twitter.com\/hashtag\/VoltaCatalunya105?src=hash&amp;ref_src=twsrc%5Etfw\">#VoltaCatalunya105<\/a> | <a href=\"https:\/\/twitter.com\/Pirineu365?ref_src=twsrc%5Etfw\">@Pirineu365<\/a> <a href=\"https:\/\/t.co\/Hq1fmVh5At\">pic.twitter.com\/Hq1fmVh5At<\/a><\/p>\n<p>\u2014 Volta a Catalunya (@VoltaCatalunya) <a href=\"https:\/\/twitter.com\/VoltaCatalunya\/status\/2037202286846312574?ref_src=twsrc%5Etfw\">March 26, 2026<\/a><\/p><\/blockquote>\n<p style=\"text-align: justify;\"><script async src=\"https:\/\/platform.twitter.com\/widgets.js\" charset=\"utf-8\"><\/script><\/p>\n<p style=\"text-align: justify;\">Parfaitement positionn\u00e9 dans le sillage des NSN Cycling Team, le Fran\u00e7ais n&rsquo;a en revanche pas r\u00e9ussi \u00e0 surpasser un <strong>Ethan Vernon<\/strong> (NSN Cycling Team) surpuissant, qui a parfaitement anticip\u00e9 le dernier virage \u00e0 200 m\u00e8tres de la ligne. Le Britannique d\u00e9croche donc son premier succ\u00e8s de la semaine, et le Fran\u00e7ais se console en conservant la t\u00eate du g\u00e9n\u00e9ral. <strong>Tom Pidcock<\/strong> compl\u00e8te le podium du jour.<\/p>\n<h3 style=\"text-align: justify;\">\u00c0 lire aussi<\/h3>\n<div class=\"vlp-link-container vlp-layout-article\"><a href=\"https:\/\/dicodusport.fr\/blog\/dorian-godon-sur-un-nuage-chez-ineos-grenadiers-jusquou-peut-il-aller\/\" class=\"vlp-link\" title=\"Dorian Godon : Sur un nuage chez INEOS Grenadiers, jusqu&#039;o\u00f9 peut-il aller ?\"><\/a><div class=\"vlp-layout-zone-side\"><div class=\"vlp-block-4 vlp-link-image\"><img loading=\"lazy\" decoding=\"async\" style=\"max-width: 792px;\" width=\"792\" height=\"445\" src=\"https:\/\/dicodusport.fr\/blog\/wp-content\/uploads\/2026\/03\/Dorian-Godon-Sur-un-nuage-chez-INEOS-Grenadiers-jusquou-peut-il-aller-1-1.png\" class=\"attachment-800x445 size-800x445\" alt=\"Dorian Godon Sur un nuage chez INEOS Grenadiers, jusqu&#039;o\u00f9 peut-il aller\" srcset=\"https:\/\/dicodusport.fr\/blog\/wp-content\/uploads\/2026\/03\/Dorian-Godon-Sur-un-nuage-chez-INEOS-Grenadiers-jusquou-peut-il-aller-1-1.png 1200w, https:\/\/dicodusport.fr\/blog\/wp-content\/uploads\/2026\/03\/Dorian-Godon-Sur-un-nuage-chez-INEOS-Grenadiers-jusquou-peut-il-aller-1-1-300x169.png 300w, https:\/\/dicodusport.fr\/blog\/wp-content\/uploads\/2026\/03\/Dorian-Godon-Sur-un-nuage-chez-INEOS-Grenadiers-jusquou-peut-il-aller-1-1-1024x575.png 1024w, https:\/\/dicodusport.fr\/blog\/wp-content\/uploads\/2026\/03\/Dorian-Godon-Sur-un-nuage-chez-INEOS-Grenadiers-jusquou-peut-il-aller-1-1-768x431.png 768w\" sizes=\"auto, (max-width: 792px) 100vw, 792px\" \/><\/div><\/div><div class=\"vlp-layout-zone-main\"><div class=\"vlp-block-0 vlp-link-title\">Dorian Godon : Sur un nuage chez INEOS Grenadiers, jusqu'o\u00f9 peut-il aller ?<\/div><div class=\"vlp-block-1 vlp-link-summary\">Leader du g\u00e9n\u00e9ral et vainqueur de deux \u00e9tapes sur le Tour de Catalogne, Dorian Godon r\u00e9alise un \u00e9norme d\u00e9but de saison.<\/div><div class=\"vlp-block-2 vlp-link-button\">Lire l'article<\/div><div class=\"vlp-block-3 vlp-link-url\">dicodusport.fr<\/div><\/div><\/div>\n<div id=\"gtx-trans\" style=\"position: absolute; left: -14px; top: 40.9091px;\">\n<div class=\"gtx-trans-icon\" style=\"text-align: justify;\"><\/div>\n<\/div>\n","protected":false},"excerpt":{"rendered":"<p>TOUR DE CATALOGNE 2026 &#8211; Ethan Vernon (NSN Cycling Team) a remport\u00e9 au sprint une 4\u00e8me \u00e9tape raccourcie \u00e0 Camprod\u00f3n en devan\u00e7ant Dorian Godon.\u00a0<\/p>\n","protected":false},"author":55,"featured_media":658451,"comment_status":"open","ping_status":"closed","sticky":false,"template":"","format":"standard","meta":{"_acf_changed":false,"_daextam_enable_autolinks":"1","footnotes":""},"categories":[46994],"tags":[16878,574,11197,7488],"class_list":["post-658419","post","type-post","status-publish","format-standard","has-post-thumbnail","hentry","category-cyclisme-sur-route","tag-breve","tag-cyclisme","tag-cyclisme-sur-route","tag-tour-de-catalogne"],"acf":[],"yoast_head":"<!-- This site is optimized with the Yoast SEO Premium plugin v26.7 (Yoast SEO v26.7) - https:\/\/yoast.com\/wordpress\/plugins\/seo\/ -->\n<title>Pas de tripl\u00e9 pour Dorian Godon, battu par Ethan Vernon sur la 4\u00e8me \u00e9tape du Tour de Catalogne<\/title>\n<meta name=\"description\" content=\"TOUR DE CATALOGNE 2026 - Ethan Vernon (NSN Cycling Team) a remport\u00e9 au sprint une 4\u00e8me \u00e9tape raccourcie \u00e0 Camprod\u00f3n en devan\u00e7ant Dorian Godon.\u00a0\" \/>\n<meta name=\"robots\" content=\"index, follow, max-snippet:-1, max-image-preview:large, max-video-preview:-1\" \/>\n<link rel=\"canonical\" href=\"https:\/\/dicodusport.fr\/blog\/pas-de-triple-pour-dorian-godon-battu-par-ethan-vernon-sur-la-4eme-etape-du-tour-de-catalogne\/\" \/>\n<meta property=\"og:locale\" content=\"fr_FR\" \/>\n<meta property=\"og:type\" content=\"article\" \/>\n<meta property=\"og:title\" content=\"Pas de tripl\u00e9 pour Dorian Godon, battu par Ethan Vernon sur la 4\u00e8me \u00e9tape du Tour de Catalogne\" \/>\n<meta property=\"og:description\" content=\"TOUR DE CATALOGNE 2026 - Ethan Vernon (NSN Cycling Team) a remport\u00e9 au sprint une 4\u00e8me \u00e9tape raccourcie \u00e0 Camprod\u00f3n en devan\u00e7ant Dorian Godon.\u00a0\" \/>\n<meta property=\"og:url\" content=\"https:\/\/dicodusport.fr\/blog\/pas-de-triple-pour-dorian-godon-battu-par-ethan-vernon-sur-la-4eme-etape-du-tour-de-catalogne\/\" \/>\n<meta property=\"og:site_name\" content=\"Dicodusport\" \/>\n<meta property=\"article:publisher\" content=\"https:\/\/www.facebook.com\/dicodusport\" \/>\n<meta property=\"article:published_time\" content=\"2026-03-26T16:20:44+00:00\" \/>\n<meta property=\"article:modified_time\" content=\"2026-03-26T16:31:26+00:00\" \/>\n<meta property=\"og:image\" content=\"https:\/\/dicodusport.fr\/blog\/wp-content\/uploads\/2026\/03\/Pas-de-triple-pour-Dorian-Godon-battu-par-Ethan-Vernon-sur-la-4eme-etape-du-Tour-de-Catalogne-1.png\" \/>\n\t<meta property=\"og:image:width\" content=\"1200\" \/>\n\t<meta property=\"og:image:height\" content=\"674\" \/>\n\t<meta property=\"og:image:type\" content=\"image\/png\" \/>\n<meta name=\"author\" content=\"Maxime Cazenave\" \/>\n<meta name=\"twitter:card\" content=\"summary_large_image\" \/>\n<meta name=\"twitter:title\" content=\"Pas de tripl\u00e9 pour Dorian Godon, battu par Ethan Vernon sur la 4\u00e8me \u00e9tape du Tour de Catalogne\" \/>\n<meta name=\"twitter:creator\" content=\"@https:\/\/twitter.com\/Maxime_Caze\" \/>\n<meta name=\"twitter:site\" content=\"@dicodusport\" \/>\n<script type=\"application\/ld+json\" class=\"yoast-schema-graph\">{\"@context\":\"https:\/\/schema.org\",\"@graph\":[{\"@type\":\"NewsArticle\",\"@id\":\"https:\/\/dicodusport.fr\/blog\/pas-de-triple-pour-dorian-godon-battu-par-ethan-vernon-sur-la-4eme-etape-du-tour-de-catalogne\/#article\",\"isPartOf\":{\"@id\":\"https:\/\/dicodusport.fr\/blog\/pas-de-triple-pour-dorian-godon-battu-par-ethan-vernon-sur-la-4eme-etape-du-tour-de-catalogne\/\"},\"author\":{\"name\":\"Maxime Cazenave\",\"@id\":\"https:\/\/dicodusport.fr\/blog\/#\/schema\/person\/37def232098a7a5cbab3974a3690abb0\"},\"headline\":\"Pas de tripl\u00e9 pour Dorian Godon, battu par Ethan Vernon sur la 4\u00e8me \u00e9tape du Tour de Catalogne\",\"datePublished\":\"2026-03-26T16:20:44+00:00\",\"dateModified\":\"2026-03-26T16:31:26+00:00\",\"mainEntityOfPage\":{\"@id\":\"https:\/\/dicodusport.fr\/blog\/pas-de-triple-pour-dorian-godon-battu-par-ethan-vernon-sur-la-4eme-etape-du-tour-de-catalogne\/\"},\"wordCount\":875,\"commentCount\":0,\"publisher\":{\"@id\":\"https:\/\/dicodusport.fr\/blog\/#organization\"},\"image\":{\"@id\":\"https:\/\/dicodusport.fr\/blog\/pas-de-triple-pour-dorian-godon-battu-par-ethan-vernon-sur-la-4eme-etape-du-tour-de-catalogne\/#primaryimage\"},\"thumbnailUrl\":\"https:\/\/dicodusport.fr\/blog\/wp-content\/uploads\/2026\/03\/Pas-de-triple-pour-Dorian-Godon-battu-par-Ethan-Vernon-sur-la-4eme-etape-du-Tour-de-Catalogne-1.png\",\"keywords\":[\"br\u00e8ve\",\"Cyclisme\",\"Cyclisme sur route\",\"Tour de Catalogne\"],\"articleSection\":[\"Cyclisme sur route\"],\"inLanguage\":\"fr-FR\",\"potentialAction\":[{\"@type\":\"CommentAction\",\"name\":\"Comment\",\"target\":[\"https:\/\/dicodusport.fr\/blog\/pas-de-triple-pour-dorian-godon-battu-par-ethan-vernon-sur-la-4eme-etape-du-tour-de-catalogne\/#respond\"]}],\"copyrightYear\":\"2026\",\"copyrightHolder\":{\"@id\":\"https:\/\/dicodusport.fr\/blog\/#organization\"}},{\"@type\":\"WebPage\",\"@id\":\"https:\/\/dicodusport.fr\/blog\/pas-de-triple-pour-dorian-godon-battu-par-ethan-vernon-sur-la-4eme-etape-du-tour-de-catalogne\/\",\"url\":\"https:\/\/dicodusport.fr\/blog\/pas-de-triple-pour-dorian-godon-battu-par-ethan-vernon-sur-la-4eme-etape-du-tour-de-catalogne\/\",\"name\":\"Pas de tripl\u00e9 pour Dorian Godon, battu par Ethan Vernon sur la 4\u00e8me \u00e9tape du Tour de Catalogne\",\"isPartOf\":{\"@id\":\"https:\/\/dicodusport.fr\/blog\/#website\"},\"primaryImageOfPage\":{\"@id\":\"https:\/\/dicodusport.fr\/blog\/pas-de-triple-pour-dorian-godon-battu-par-ethan-vernon-sur-la-4eme-etape-du-tour-de-catalogne\/#primaryimage\"},\"image\":{\"@id\":\"https:\/\/dicodusport.fr\/blog\/pas-de-triple-pour-dorian-godon-battu-par-ethan-vernon-sur-la-4eme-etape-du-tour-de-catalogne\/#primaryimage\"},\"thumbnailUrl\":\"https:\/\/dicodusport.fr\/blog\/wp-content\/uploads\/2026\/03\/Pas-de-triple-pour-Dorian-Godon-battu-par-Ethan-Vernon-sur-la-4eme-etape-du-Tour-de-Catalogne-1.png\",\"datePublished\":\"2026-03-26T16:20:44+00:00\",\"dateModified\":\"2026-03-26T16:31:26+00:00\",\"description\":\"TOUR DE CATALOGNE 2026 - Ethan Vernon (NSN Cycling Team) a remport\u00e9 au sprint une 4\u00e8me \u00e9tape raccourcie \u00e0 Camprod\u00f3n en devan\u00e7ant Dorian Godon.\u00a0\",\"breadcrumb\":{\"@id\":\"https:\/\/dicodusport.fr\/blog\/pas-de-triple-pour-dorian-godon-battu-par-ethan-vernon-sur-la-4eme-etape-du-tour-de-catalogne\/#breadcrumb\"},\"inLanguage\":\"fr-FR\",\"potentialAction\":[{\"@type\":\"ReadAction\",\"target\":[\"https:\/\/dicodusport.fr\/blog\/pas-de-triple-pour-dorian-godon-battu-par-ethan-vernon-sur-la-4eme-etape-du-tour-de-catalogne\/\"]}]},{\"@type\":\"ImageObject\",\"inLanguage\":\"fr-FR\",\"@id\":\"https:\/\/dicodusport.fr\/blog\/pas-de-triple-pour-dorian-godon-battu-par-ethan-vernon-sur-la-4eme-etape-du-tour-de-catalogne\/#primaryimage\",\"url\":\"https:\/\/dicodusport.fr\/blog\/wp-content\/uploads\/2026\/03\/Pas-de-triple-pour-Dorian-Godon-battu-par-Ethan-Vernon-sur-la-4eme-etape-du-Tour-de-Catalogne-1.png\",\"contentUrl\":\"https:\/\/dicodusport.fr\/blog\/wp-content\/uploads\/2026\/03\/Pas-de-triple-pour-Dorian-Godon-battu-par-Ethan-Vernon-sur-la-4eme-etape-du-Tour-de-Catalogne-1.png\",\"width\":1200,\"height\":674,\"caption\":\"Pas de tripl\u00e9 pour Dorian Godon, battu par Ethan Vernon sur la 4\u00e8me \u00e9tape du Tour de Catalogne\"},{\"@type\":\"BreadcrumbList\",\"@id\":\"https:\/\/dicodusport.fr\/blog\/pas-de-triple-pour-dorian-godon-battu-par-ethan-vernon-sur-la-4eme-etape-du-tour-de-catalogne\/#breadcrumb\",\"itemListElement\":[{\"@type\":\"ListItem\",\"position\":1,\"name\":\"Accueil\",\"item\":\"https:\/\/dicodusport.fr\/blog\/\"},{\"@type\":\"ListItem\",\"position\":2,\"name\":\"Pas de tripl\u00e9 pour Dorian Godon, battu par Ethan Vernon sur la 4\u00e8me \u00e9tape du Tour de Catalogne\"}]},{\"@type\":\"WebSite\",\"@id\":\"https:\/\/dicodusport.fr\/blog\/#website\",\"url\":\"https:\/\/dicodusport.fr\/blog\/\",\"name\":\"Dicodusport\",\"description\":\"L&#039;encyclop\u00e9die de l&#039;actualit\u00e9 sportive\",\"publisher\":{\"@id\":\"https:\/\/dicodusport.fr\/blog\/#organization\"},\"potentialAction\":[{\"@type\":\"SearchAction\",\"target\":{\"@type\":\"EntryPoint\",\"urlTemplate\":\"https:\/\/dicodusport.fr\/blog\/?s={search_term_string}\"},\"query-input\":{\"@type\":\"PropertyValueSpecification\",\"valueRequired\":true,\"valueName\":\"search_term_string\"}}],\"inLanguage\":\"fr-FR\"},{\"@type\":\"NewsMediaOrganization\",\"@id\":\"https:\/\/dicodusport.fr\/blog\/#organization\",\"name\":\"Dicodusport\",\"url\":\"https:\/\/dicodusport.fr\/blog\/\",\"logo\":{\"@type\":\"ImageObject\",\"inLanguage\":\"fr-FR\",\"@id\":\"https:\/\/dicodusport.fr\/blog\/#\/schema\/logo\/image\/\",\"url\":\"https:\/\/dicodusport.fr\/blog\/wp-content\/uploads\/2020\/06\/cropped-LOGO-DICODUSPORT-2020-SANS-FOND-SANS-TEXTE.png\",\"contentUrl\":\"https:\/\/dicodusport.fr\/blog\/wp-content\/uploads\/2020\/06\/cropped-LOGO-DICODUSPORT-2020-SANS-FOND-SANS-TEXTE.png\",\"width\":512,\"height\":512,\"caption\":\"Dicodusport\"},\"image\":{\"@id\":\"https:\/\/dicodusport.fr\/blog\/#\/schema\/logo\/image\/\"},\"sameAs\":[\"https:\/\/www.facebook.com\/dicodusport\",\"https:\/\/x.com\/dicodusport\",\"https:\/\/www.instagram.com\/dicodusport\/\",\"https:\/\/www.youtube.com\/channel\/UC7V2KZ5sd3htJivAbA4ZG3w\"],\"description\":\"Dicodusport est l'encyclop\u00e9die de l'actualit\u00e9 sportive.\",\"email\":\"bonjour@dicodusport.fr\",\"legalName\":\"DICODUSPORT\",\"foundingDate\":\"2018-01-14\",\"vatID\":\"FR71834470973\",\"taxID\":\"83447097300043\",\"numberOfEmployees\":{\"@type\":\"QuantitativeValue\",\"minValue\":\"1\",\"maxValue\":\"10\"}},{\"@type\":\"Person\",\"@id\":\"https:\/\/dicodusport.fr\/blog\/#\/schema\/person\/37def232098a7a5cbab3974a3690abb0\",\"name\":\"Maxime Cazenave\",\"image\":{\"@type\":\"ImageObject\",\"inLanguage\":\"fr-FR\",\"@id\":\"https:\/\/dicodusport.fr\/blog\/#\/schema\/person\/image\/\",\"url\":\"https:\/\/dicodusport.fr\/blog\/wp-content\/uploads\/2021\/05\/Maxime-Cazenave-150x150.jpg\",\"contentUrl\":\"https:\/\/dicodusport.fr\/blog\/wp-content\/uploads\/2021\/05\/Maxime-Cazenave-150x150.jpg\",\"caption\":\"Maxime Cazenave\"},\"description\":\"Journaliste\/R\u00e9dacteur depuis 2012 - Berc\u00e9 par l\u2019amour des Girondins de Bordeaux, les \u00e9checs de Christophe Moreau sur le Tour de France sous l'\u00e8re Lance Armstrong et le fade-away l\u00e9tal de Dirk Nowitzki, ma passion d\u00e9vorante pour le sport a toujours \u00e9t\u00e9 un pan incontournable de ma vie. Transmettre ma passion \u00e0 l\u2019\u00e9crit a \u00e9t\u00e9 une transition naturelle. Suiveur assidu de basket et de hockey sur glace, je garde toujours un peu de place pour suivre le cyclisme, le football et le maximum de performances fran\u00e7aises.\",\"sameAs\":[\"https:\/\/x.com\/https:\/\/twitter.com\/Maxime_Caze\"],\"url\":\"https:\/\/dicodusport.fr\/blog\/author\/maximec\/\"}]}<\/script>\n<!-- \/ Yoast SEO Premium plugin. -->","yoast_head_json":{"title":"Pas de tripl\u00e9 pour Dorian Godon, battu par Ethan Vernon sur la 4\u00e8me \u00e9tape du Tour de Catalogne","description":"TOUR DE CATALOGNE 2026 - Ethan Vernon (NSN Cycling Team) a remport\u00e9 au sprint une 4\u00e8me \u00e9tape raccourcie \u00e0 Camprod\u00f3n en devan\u00e7ant Dorian Godon.\u00a0","robots":{"index":"index","follow":"follow","max-snippet":"max-snippet:-1","max-image-preview":"max-image-preview:large","max-video-preview":"max-video-preview:-1"},"canonical":"https:\/\/dicodusport.fr\/blog\/pas-de-triple-pour-dorian-godon-battu-par-ethan-vernon-sur-la-4eme-etape-du-tour-de-catalogne\/","og_locale":"fr_FR","og_type":"article","og_title":"Pas de tripl\u00e9 pour Dorian Godon, battu par Ethan Vernon sur la 4\u00e8me \u00e9tape du Tour de Catalogne","og_description":"TOUR DE CATALOGNE 2026 - Ethan Vernon (NSN Cycling Team) a remport\u00e9 au sprint une 4\u00e8me \u00e9tape raccourcie \u00e0 Camprod\u00f3n en devan\u00e7ant Dorian Godon.\u00a0","og_url":"https:\/\/dicodusport.fr\/blog\/pas-de-triple-pour-dorian-godon-battu-par-ethan-vernon-sur-la-4eme-etape-du-tour-de-catalogne\/","og_site_name":"Dicodusport","article_publisher":"https:\/\/www.facebook.com\/dicodusport","article_published_time":"2026-03-26T16:20:44+00:00","article_modified_time":"2026-03-26T16:31:26+00:00","og_image":[{"width":1200,"height":674,"url":"https:\/\/dicodusport.fr\/blog\/wp-content\/uploads\/2026\/03\/Pas-de-triple-pour-Dorian-Godon-battu-par-Ethan-Vernon-sur-la-4eme-etape-du-Tour-de-Catalogne-1.png","type":"image\/png"}],"author":"Maxime Cazenave","twitter_card":"summary_large_image","twitter_title":"Pas de tripl\u00e9 pour Dorian Godon, battu par Ethan Vernon sur la 4\u00e8me \u00e9tape du Tour de Catalogne","twitter_creator":"@https:\/\/twitter.com\/Maxime_Caze","twitter_site":"@dicodusport","schema":{"@context":"https:\/\/schema.org","@graph":[{"@type":"NewsArticle","@id":"https:\/\/dicodusport.fr\/blog\/pas-de-triple-pour-dorian-godon-battu-par-ethan-vernon-sur-la-4eme-etape-du-tour-de-catalogne\/#article","isPartOf":{"@id":"https:\/\/dicodusport.fr\/blog\/pas-de-triple-pour-dorian-godon-battu-par-ethan-vernon-sur-la-4eme-etape-du-tour-de-catalogne\/"},"author":{"name":"Maxime Cazenave","@id":"https:\/\/dicodusport.fr\/blog\/#\/schema\/person\/37def232098a7a5cbab3974a3690abb0"},"headline":"Pas de tripl\u00e9 pour Dorian Godon, battu par Ethan Vernon sur la 4\u00e8me \u00e9tape du Tour de Catalogne","datePublished":"2026-03-26T16:20:44+00:00","dateModified":"2026-03-26T16:31:26+00:00","mainEntityOfPage":{"@id":"https:\/\/dicodusport.fr\/blog\/pas-de-triple-pour-dorian-godon-battu-par-ethan-vernon-sur-la-4eme-etape-du-tour-de-catalogne\/"},"wordCount":875,"commentCount":0,"publisher":{"@id":"https:\/\/dicodusport.fr\/blog\/#organization"},"image":{"@id":"https:\/\/dicodusport.fr\/blog\/pas-de-triple-pour-dorian-godon-battu-par-ethan-vernon-sur-la-4eme-etape-du-tour-de-catalogne\/#primaryimage"},"thumbnailUrl":"https:\/\/dicodusport.fr\/blog\/wp-content\/uploads\/2026\/03\/Pas-de-triple-pour-Dorian-Godon-battu-par-Ethan-Vernon-sur-la-4eme-etape-du-Tour-de-Catalogne-1.png","keywords":["br\u00e8ve","Cyclisme","Cyclisme sur route","Tour de Catalogne"],"articleSection":["Cyclisme sur route"],"inLanguage":"fr-FR","potentialAction":[{"@type":"CommentAction","name":"Comment","target":["https:\/\/dicodusport.fr\/blog\/pas-de-triple-pour-dorian-godon-battu-par-ethan-vernon-sur-la-4eme-etape-du-tour-de-catalogne\/#respond"]}],"copyrightYear":"2026","copyrightHolder":{"@id":"https:\/\/dicodusport.fr\/blog\/#organization"}},{"@type":"WebPage","@id":"https:\/\/dicodusport.fr\/blog\/pas-de-triple-pour-dorian-godon-battu-par-ethan-vernon-sur-la-4eme-etape-du-tour-de-catalogne\/","url":"https:\/\/dicodusport.fr\/blog\/pas-de-triple-pour-dorian-godon-battu-par-ethan-vernon-sur-la-4eme-etape-du-tour-de-catalogne\/","name":"Pas de tripl\u00e9 pour Dorian Godon, battu par Ethan Vernon sur la 4\u00e8me \u00e9tape du Tour de Catalogne","isPartOf":{"@id":"https:\/\/dicodusport.fr\/blog\/#website"},"primaryImageOfPage":{"@id":"https:\/\/dicodusport.fr\/blog\/pas-de-triple-pour-dorian-godon-battu-par-ethan-vernon-sur-la-4eme-etape-du-tour-de-catalogne\/#primaryimage"},"image":{"@id":"https:\/\/dicodusport.fr\/blog\/pas-de-triple-pour-dorian-godon-battu-par-ethan-vernon-sur-la-4eme-etape-du-tour-de-catalogne\/#primaryimage"},"thumbnailUrl":"https:\/\/dicodusport.fr\/blog\/wp-content\/uploads\/2026\/03\/Pas-de-triple-pour-Dorian-Godon-battu-par-Ethan-Vernon-sur-la-4eme-etape-du-Tour-de-Catalogne-1.png","datePublished":"2026-03-26T16:20:44+00:00","dateModified":"2026-03-26T16:31:26+00:00","description":"TOUR DE CATALOGNE 2026 - Ethan Vernon (NSN Cycling Team) a remport\u00e9 au sprint une 4\u00e8me \u00e9tape raccourcie \u00e0 Camprod\u00f3n en devan\u00e7ant Dorian Godon.\u00a0","breadcrumb":{"@id":"https:\/\/dicodusport.fr\/blog\/pas-de-triple-pour-dorian-godon-battu-par-ethan-vernon-sur-la-4eme-etape-du-tour-de-catalogne\/#breadcrumb"},"inLanguage":"fr-FR","potentialAction":[{"@type":"ReadAction","target":["https:\/\/dicodusport.fr\/blog\/pas-de-triple-pour-dorian-godon-battu-par-ethan-vernon-sur-la-4eme-etape-du-tour-de-catalogne\/"]}]},{"@type":"ImageObject","inLanguage":"fr-FR","@id":"https:\/\/dicodusport.fr\/blog\/pas-de-triple-pour-dorian-godon-battu-par-ethan-vernon-sur-la-4eme-etape-du-tour-de-catalogne\/#primaryimage","url":"https:\/\/dicodusport.fr\/blog\/wp-content\/uploads\/2026\/03\/Pas-de-triple-pour-Dorian-Godon-battu-par-Ethan-Vernon-sur-la-4eme-etape-du-Tour-de-Catalogne-1.png","contentUrl":"https:\/\/dicodusport.fr\/blog\/wp-content\/uploads\/2026\/03\/Pas-de-triple-pour-Dorian-Godon-battu-par-Ethan-Vernon-sur-la-4eme-etape-du-Tour-de-Catalogne-1.png","width":1200,"height":674,"caption":"Pas de tripl\u00e9 pour Dorian Godon, battu par Ethan Vernon sur la 4\u00e8me \u00e9tape du Tour de Catalogne"},{"@type":"BreadcrumbList","@id":"https:\/\/dicodusport.fr\/blog\/pas-de-triple-pour-dorian-godon-battu-par-ethan-vernon-sur-la-4eme-etape-du-tour-de-catalogne\/#breadcrumb","itemListElement":[{"@type":"ListItem","position":1,"name":"Accueil","item":"https:\/\/dicodusport.fr\/blog\/"},{"@type":"ListItem","position":2,"name":"Pas de tripl\u00e9 pour Dorian Godon, battu par Ethan Vernon sur la 4\u00e8me \u00e9tape du Tour de Catalogne"}]},{"@type":"WebSite","@id":"https:\/\/dicodusport.fr\/blog\/#website","url":"https:\/\/dicodusport.fr\/blog\/","name":"Dicodusport","description":"L&#039;encyclop\u00e9die de l&#039;actualit\u00e9 sportive","publisher":{"@id":"https:\/\/dicodusport.fr\/blog\/#organization"},"potentialAction":[{"@type":"SearchAction","target":{"@type":"EntryPoint","urlTemplate":"https:\/\/dicodusport.fr\/blog\/?s={search_term_string}"},"query-input":{"@type":"PropertyValueSpecification","valueRequired":true,"valueName":"search_term_string"}}],"inLanguage":"fr-FR"},{"@type":"NewsMediaOrganization","@id":"https:\/\/dicodusport.fr\/blog\/#organization","name":"Dicodusport","url":"https:\/\/dicodusport.fr\/blog\/","logo":{"@type":"ImageObject","inLanguage":"fr-FR","@id":"https:\/\/dicodusport.fr\/blog\/#\/schema\/logo\/image\/","url":"https:\/\/dicodusport.fr\/blog\/wp-content\/uploads\/2020\/06\/cropped-LOGO-DICODUSPORT-2020-SANS-FOND-SANS-TEXTE.png","contentUrl":"https:\/\/dicodusport.fr\/blog\/wp-content\/uploads\/2020\/06\/cropped-LOGO-DICODUSPORT-2020-SANS-FOND-SANS-TEXTE.png","width":512,"height":512,"caption":"Dicodusport"},"image":{"@id":"https:\/\/dicodusport.fr\/blog\/#\/schema\/logo\/image\/"},"sameAs":["https:\/\/www.facebook.com\/dicodusport","https:\/\/x.com\/dicodusport","https:\/\/www.instagram.com\/dicodusport\/","https:\/\/www.youtube.com\/channel\/UC7V2KZ5sd3htJivAbA4ZG3w"],"description":"Dicodusport est l'encyclop\u00e9die de l'actualit\u00e9 sportive.","email":"bonjour@dicodusport.fr","legalName":"DICODUSPORT","foundingDate":"2018-01-14","vatID":"FR71834470973","taxID":"83447097300043","numberOfEmployees":{"@type":"QuantitativeValue","minValue":"1","maxValue":"10"}},{"@type":"Person","@id":"https:\/\/dicodusport.fr\/blog\/#\/schema\/person\/37def232098a7a5cbab3974a3690abb0","name":"Maxime Cazenave","image":{"@type":"ImageObject","inLanguage":"fr-FR","@id":"https:\/\/dicodusport.fr\/blog\/#\/schema\/person\/image\/","url":"https:\/\/dicodusport.fr\/blog\/wp-content\/uploads\/2021\/05\/Maxime-Cazenave-150x150.jpg","contentUrl":"https:\/\/dicodusport.fr\/blog\/wp-content\/uploads\/2021\/05\/Maxime-Cazenave-150x150.jpg","caption":"Maxime Cazenave"},"description":"Journaliste\/R\u00e9dacteur depuis 2012 - Berc\u00e9 par l\u2019amour des Girondins de Bordeaux, les \u00e9checs de Christophe Moreau sur le Tour de France sous l'\u00e8re Lance Armstrong et le fade-away l\u00e9tal de Dirk Nowitzki, ma passion d\u00e9vorante pour le sport a toujours \u00e9t\u00e9 un pan incontournable de ma vie. Transmettre ma passion \u00e0 l\u2019\u00e9crit a \u00e9t\u00e9 une transition naturelle. Suiveur assidu de basket et de hockey sur glace, je garde toujours un peu de place pour suivre le cyclisme, le football et le maximum de performances fran\u00e7aises.","sameAs":["https:\/\/x.com\/https:\/\/twitter.com\/Maxime_Caze"],"url":"https:\/\/dicodusport.fr\/blog\/author\/maximec\/"}]}},"_links":{"self":[{"href":"https:\/\/dicodusport.fr\/blog\/wp-json\/wp\/v2\/posts\/658419","targetHints":{"allow":["GET"]}}],"collection":[{"href":"https:\/\/dicodusport.fr\/blog\/wp-json\/wp\/v2\/posts"}],"about":[{"href":"https:\/\/dicodusport.fr\/blog\/wp-json\/wp\/v2\/types\/post"}],"author":[{"embeddable":true,"href":"https:\/\/dicodusport.fr\/blog\/wp-json\/wp\/v2\/users\/55"}],"replies":[{"embeddable":true,"href":"https:\/\/dicodusport.fr\/blog\/wp-json\/wp\/v2\/comments?post=658419"}],"version-history":[{"count":5,"href":"https:\/\/dicodusport.fr\/blog\/wp-json\/wp\/v2\/posts\/658419\/revisions"}],"predecessor-version":[{"id":658453,"href":"https:\/\/dicodusport.fr\/blog\/wp-json\/wp\/v2\/posts\/658419\/revisions\/658453"}],"wp:featuredmedia":[{"embeddable":true,"href":"https:\/\/dicodusport.fr\/blog\/wp-json\/wp\/v2\/media\/658451"}],"wp:attachment":[{"href":"https:\/\/dicodusport.fr\/blog\/wp-json\/wp\/v2\/media?parent=658419"}],"wp:term":[{"taxonomy":"category","embeddable":true,"href":"https:\/\/dicodusport.fr\/blog\/wp-json\/wp\/v2\/categories?post=658419"},{"taxonomy":"post_tag","embeddable":true,"href":"https:\/\/dicodusport.fr\/blog\/wp-json\/wp\/v2\/tags?post=658419"}],"curies":[{"name":"wp","href":"https:\/\/api.w.org\/{rel}","templated":true}]}}