{"id":658464,"date":"2026-03-26T18:13:28","date_gmt":"2026-03-26T17:13:28","guid":{"rendered":"https:\/\/dicodusport.fr\/blog\/?p=658464&#038;preview=true&#038;preview_id=658464"},"modified":"2026-03-26T18:13:28","modified_gmt":"2026-03-26T17:13:28","slug":"adam-siao-him-fa-bien-place-pour-une-medaille-le-resume-video-du-programme-court-aux-mondiaux-de-patinage-artistique","status":"publish","type":"post","link":"https:\/\/dicodusport.fr\/blog\/adam-siao-him-fa-bien-place-pour-une-medaille-le-resume-video-du-programme-court-aux-mondiaux-de-patinage-artistique\/","title":{"rendered":"Adam Siao Him Fa bien plac\u00e9 pour une m\u00e9daille : le r\u00e9sum\u00e9 vid\u00e9o du programme court aux Mondiaux de patinage artistique"},"content":{"rendered":"<p style=\"text-align: justify;\"><strong><em>CHAMPIONNATS DU MONDE DE PATINAGE ARTISTIQUE 2026 &#8211; Apr\u00e8s un programme court r\u00e9ussi, Adam Siao Him Fa est deuxi\u00e8me. Sa performance en vid\u00e9o.<\/em><\/strong><\/p>\n<ul style=\"text-align: justify;\">\n<li><strong>\u00c0 ce sujet<\/strong>\u00a0<strong>\u2013<\/strong>\u00a0<strong><a href=\"https:\/\/dicodusport.fr\/blog\/championnats-du-monde-de-patinage-artistique-2026-programme-complet-et-resultats\/\">Championnats du monde de patinage artistique 2026 : programme complet et r\u00e9sultats<\/a><\/strong><\/li>\n<\/ul>\n<p style=\"text-align: justify;\">Voil\u00e0 deux ans, <strong>Adam Siao Him Fa<\/strong> d\u00e9crochait <a href=\"https:\/\/dicodusport.fr\/blog\/mondiaux-patinage-artistique-adam-siao-him-fa-en-bronze\/\">sa toute premi\u00e8re m\u00e9daille mondiale<\/a>, en bronze, apr\u00e8s une incroyable remont\u00e9e sur le programme libre, lui qui \u00e9tait 19\u00e8me apr\u00e8s le programme court. On attendait alors du Fran\u00e7ais qu&rsquo;il devienne le successeur de <strong>Brian Joubert<\/strong>, dernier Fran\u00e7ais champion du monde chez les hommes en 2007, mais il avait termin\u00e9 au pied du podium l&rsquo;an dernier.<\/p>\n<ul style=\"text-align: justify;\">\n<li><strong>\u00c0 ce sujet \u2013\u00a0<a href=\"https:\/\/dicodusport.fr\/blog\/championnats-du-monde-de-patinage-artistique-2026-tableau-des-medailles-mis-a-jour\/\" target=\"_blank\" rel=\"noopener\">Le tableau des m\u00e9dailles des Championnats du monde de patinage artistique 2026<\/a><\/strong><\/li>\n<\/ul>\n<p style=\"text-align: justify;\">Apr\u00e8s des Jeux Olympiques rat\u00e9s, la faute \u00e0 <a href=\"https:\/\/dicodusport.fr\/blog\/immense-deception-pour-adam-siao-him-fa-mikhail-shaidorov-champion-olympique-surprise\/\">plusieurs chutes dans le programme libre<\/a> alors qu&rsquo;il \u00e9tait troisi\u00e8me apr\u00e8s le court, on ne savait pas \u00e0 quoi s&rsquo;attendre pour ces Mondiaux. Apr\u00e8s un programme court de tr\u00e8s grande qualit\u00e9, il est actuellement deuxi\u00e8me. Certes, il est \u00e0 pr\u00e8s de dix points d&rsquo;<strong>Ilia Malinin<\/strong>, grand favori pour rebondir apr\u00e8s son \u00e9chec aux JO, et qui a battu son record aujourd&rsquo;hui, mais avec plus de cinq points d&rsquo;avance sur le troisi\u00e8me, il a les cartes en mains pour aller chercher une m\u00e9daille. <strong>Kevin Aymoz<\/strong> et <strong>Fran\u00e7ois Pitot<\/strong> sont eux en dehors du Top 10.<\/p>\n<h2 style=\"text-align: justify;\">Les meilleurs moments du programme court en vid\u00e9o<\/h2>\n<div class=\"vlp-link-container vlp-layout-article\"><a href=\"https:\/\/www.youtube.com\/watch?v=h1OJeAHHYyU\" class=\"vlp-link\" title=\"Adam Siao Hima Fa magique, RECORD pour Ilia Malinin : revivez le programme court des Mondiaux\" rel=\"nofollow\" target=\"_blank\"><\/a><div class=\"vlp-layout-zone-side\"><div class=\"vlp-block-4 vlp-link-image\"><img decoding=\"async\" src=\"https:\/\/i.ytimg.com\/vi\/h1OJeAHHYyU\/maxresdefault.jpg\" style=\"max-width: 800px; max-height: 800px\" \/><\/div><\/div><div class=\"vlp-layout-zone-main\"><div class=\"vlp-block-0 vlp-link-title\">Adam Siao Hima Fa magique, RECORD pour Ilia Malinin : revivez le programme court des Mondiaux<\/div><div class=\"vlp-block-1 vlp-link-summary\">Les meilleurs moments du programme court messieurs des Mondiaux de patinage artistique 2026.<\/div><div class=\"vlp-block-2 vlp-link-button\">Lire l'article<\/div><div class=\"vlp-block-3 vlp-link-url\">www.youtube.com<\/div><\/div><\/div>\n","protected":false},"excerpt":{"rendered":"<p>CHAMPIONNATS DU MONDE DE PATINAGE ARTISTIQUE 2026 &#8211; Apr\u00e8s un programme court r\u00e9ussi, Adam Siao Him Fa est deuxi\u00e8me. Sa performance en vid\u00e9o.<\/p>\n","protected":false},"author":59,"featured_media":658466,"comment_status":"open","ping_status":"closed","sticky":false,"template":"","format":"standard","meta":{"_acf_changed":false,"_daextam_enable_autolinks":"1","footnotes":""},"categories":[9141],"tags":[27759,16878,30509],"class_list":["post-658464","post","type-post","status-publish","format-standard","has-post-thumbnail","hentry","category-patinage-artistique","tag-adam-siao-him-fa","tag-breve","tag-championnats-du-monde-de-patinage-artistique"],"acf":[],"yoast_head":"<!-- This site is optimized with the Yoast SEO Premium plugin v26.7 (Yoast SEO v26.7) - https:\/\/yoast.com\/wordpress\/plugins\/seo\/ -->\n<title>Adam Siao Him Fa bien plac\u00e9 pour une m\u00e9daille : le r\u00e9sum\u00e9 vid\u00e9o du programme court aux Mondiaux de patinage artistique<\/title>\n<meta name=\"description\" content=\"CHAMPIONNATS DU MONDE DE PATINAGE ARTISTIQUE 2026 - Apr\u00e8s un programme court r\u00e9ussi, Adam Siao Him Fa est deuxi\u00e8me. Sa performance en vid\u00e9o.\" \/>\n<meta name=\"robots\" content=\"index, follow, max-snippet:-1, max-image-preview:large, max-video-preview:-1\" \/>\n<link rel=\"canonical\" href=\"https:\/\/dicodusport.fr\/blog\/adam-siao-him-fa-bien-place-pour-une-medaille-le-resume-video-du-programme-court-aux-mondiaux-de-patinage-artistique\/\" \/>\n<meta property=\"og:locale\" content=\"fr_FR\" \/>\n<meta property=\"og:type\" content=\"article\" \/>\n<meta property=\"og:title\" content=\"Adam Siao Him Fa bien plac\u00e9 pour une m\u00e9daille : le r\u00e9sum\u00e9 vid\u00e9o du programme court aux Mondiaux de patinage artistique\" \/>\n<meta property=\"og:description\" content=\"CHAMPIONNATS DU MONDE DE PATINAGE ARTISTIQUE 2026 - Apr\u00e8s un programme court r\u00e9ussi, Adam Siao Him Fa est deuxi\u00e8me. Sa performance en vid\u00e9o.\" \/>\n<meta property=\"og:url\" content=\"https:\/\/dicodusport.fr\/blog\/adam-siao-him-fa-bien-place-pour-une-medaille-le-resume-video-du-programme-court-aux-mondiaux-de-patinage-artistique\/\" \/>\n<meta property=\"og:site_name\" content=\"Dicodusport\" \/>\n<meta property=\"article:publisher\" content=\"https:\/\/www.facebook.com\/dicodusport\" \/>\n<meta property=\"article:author\" content=\"https:\/\/www.facebook.com\/sebastien.gente\/\" \/>\n<meta property=\"article:published_time\" content=\"2026-03-26T17:13:28+00:00\" \/>\n<meta property=\"og:image\" content=\"https:\/\/dicodusport.fr\/blog\/wp-content\/uploads\/2026\/03\/Adam-Siao-Him-Fa-bien-place-pour-une-medaille-le-resume-video-du-programme-court-aux-Mondiaux-de-patinage-artistique.png\" \/>\n\t<meta property=\"og:image:width\" content=\"1200\" \/>\n\t<meta property=\"og:image:height\" content=\"674\" \/>\n\t<meta property=\"og:image:type\" content=\"image\/png\" \/>\n<meta name=\"author\" content=\"S\u00e9bastien Gente\" \/>\n<meta name=\"twitter:card\" content=\"summary_large_image\" \/>\n<meta name=\"twitter:title\" content=\"Adam Siao Him Fa bien plac\u00e9 pour une m\u00e9daille : le r\u00e9sum\u00e9 vid\u00e9o du programme court aux Mondiaux de patinage artistique\" \/>\n<meta name=\"twitter:creator\" content=\"@https:\/\/twitter.com\/globulo24\" \/>\n<meta name=\"twitter:site\" content=\"@dicodusport\" \/>\n<script type=\"application\/ld+json\" class=\"yoast-schema-graph\">{\"@context\":\"https:\/\/schema.org\",\"@graph\":[{\"@type\":\"NewsArticle\",\"@id\":\"https:\/\/dicodusport.fr\/blog\/adam-siao-him-fa-bien-place-pour-une-medaille-le-resume-video-du-programme-court-aux-mondiaux-de-patinage-artistique\/#article\",\"isPartOf\":{\"@id\":\"https:\/\/dicodusport.fr\/blog\/adam-siao-him-fa-bien-place-pour-une-medaille-le-resume-video-du-programme-court-aux-mondiaux-de-patinage-artistique\/\"},\"author\":{\"name\":\"S\u00e9bastien Gente\",\"@id\":\"https:\/\/dicodusport.fr\/blog\/#\/schema\/person\/627966a6cde45dbd8c5e36ac85d783da\"},\"headline\":\"Adam Siao Him Fa bien plac\u00e9 pour une m\u00e9daille : le r\u00e9sum\u00e9 vid\u00e9o du programme court aux Mondiaux de patinage artistique\",\"datePublished\":\"2026-03-26T17:13:28+00:00\",\"mainEntityOfPage\":{\"@id\":\"https:\/\/dicodusport.fr\/blog\/adam-siao-him-fa-bien-place-pour-une-medaille-le-resume-video-du-programme-court-aux-mondiaux-de-patinage-artistique\/\"},\"wordCount\":334,\"commentCount\":0,\"publisher\":{\"@id\":\"https:\/\/dicodusport.fr\/blog\/#organization\"},\"image\":{\"@id\":\"https:\/\/dicodusport.fr\/blog\/adam-siao-him-fa-bien-place-pour-une-medaille-le-resume-video-du-programme-court-aux-mondiaux-de-patinage-artistique\/#primaryimage\"},\"thumbnailUrl\":\"https:\/\/dicodusport.fr\/blog\/wp-content\/uploads\/2026\/03\/Adam-Siao-Him-Fa-bien-place-pour-une-medaille-le-resume-video-du-programme-court-aux-Mondiaux-de-patinage-artistique.png\",\"keywords\":[\"Adam Siao Him Fa\",\"br\u00e8ve\",\"championnats du monde de patinage artistique\"],\"articleSection\":[\"Patinage artistique\"],\"inLanguage\":\"fr-FR\",\"potentialAction\":[{\"@type\":\"CommentAction\",\"name\":\"Comment\",\"target\":[\"https:\/\/dicodusport.fr\/blog\/adam-siao-him-fa-bien-place-pour-une-medaille-le-resume-video-du-programme-court-aux-mondiaux-de-patinage-artistique\/#respond\"]}],\"copyrightYear\":\"2026\",\"copyrightHolder\":{\"@id\":\"https:\/\/dicodusport.fr\/blog\/#organization\"}},{\"@type\":\"WebPage\",\"@id\":\"https:\/\/dicodusport.fr\/blog\/adam-siao-him-fa-bien-place-pour-une-medaille-le-resume-video-du-programme-court-aux-mondiaux-de-patinage-artistique\/\",\"url\":\"https:\/\/dicodusport.fr\/blog\/adam-siao-him-fa-bien-place-pour-une-medaille-le-resume-video-du-programme-court-aux-mondiaux-de-patinage-artistique\/\",\"name\":\"Adam Siao Him Fa bien plac\u00e9 pour une m\u00e9daille : le r\u00e9sum\u00e9 vid\u00e9o du programme court aux Mondiaux de patinage artistique\",\"isPartOf\":{\"@id\":\"https:\/\/dicodusport.fr\/blog\/#website\"},\"primaryImageOfPage\":{\"@id\":\"https:\/\/dicodusport.fr\/blog\/adam-siao-him-fa-bien-place-pour-une-medaille-le-resume-video-du-programme-court-aux-mondiaux-de-patinage-artistique\/#primaryimage\"},\"image\":{\"@id\":\"https:\/\/dicodusport.fr\/blog\/adam-siao-him-fa-bien-place-pour-une-medaille-le-resume-video-du-programme-court-aux-mondiaux-de-patinage-artistique\/#primaryimage\"},\"thumbnailUrl\":\"https:\/\/dicodusport.fr\/blog\/wp-content\/uploads\/2026\/03\/Adam-Siao-Him-Fa-bien-place-pour-une-medaille-le-resume-video-du-programme-court-aux-Mondiaux-de-patinage-artistique.png\",\"datePublished\":\"2026-03-26T17:13:28+00:00\",\"description\":\"CHAMPIONNATS DU MONDE DE PATINAGE ARTISTIQUE 2026 - Apr\u00e8s un programme court r\u00e9ussi, Adam Siao Him Fa est deuxi\u00e8me. Sa performance en vid\u00e9o.\",\"breadcrumb\":{\"@id\":\"https:\/\/dicodusport.fr\/blog\/adam-siao-him-fa-bien-place-pour-une-medaille-le-resume-video-du-programme-court-aux-mondiaux-de-patinage-artistique\/#breadcrumb\"},\"inLanguage\":\"fr-FR\",\"potentialAction\":[{\"@type\":\"ReadAction\",\"target\":[\"https:\/\/dicodusport.fr\/blog\/adam-siao-him-fa-bien-place-pour-une-medaille-le-resume-video-du-programme-court-aux-mondiaux-de-patinage-artistique\/\"]}]},{\"@type\":\"ImageObject\",\"inLanguage\":\"fr-FR\",\"@id\":\"https:\/\/dicodusport.fr\/blog\/adam-siao-him-fa-bien-place-pour-une-medaille-le-resume-video-du-programme-court-aux-mondiaux-de-patinage-artistique\/#primaryimage\",\"url\":\"https:\/\/dicodusport.fr\/blog\/wp-content\/uploads\/2026\/03\/Adam-Siao-Him-Fa-bien-place-pour-une-medaille-le-resume-video-du-programme-court-aux-Mondiaux-de-patinage-artistique.png\",\"contentUrl\":\"https:\/\/dicodusport.fr\/blog\/wp-content\/uploads\/2026\/03\/Adam-Siao-Him-Fa-bien-place-pour-une-medaille-le-resume-video-du-programme-court-aux-Mondiaux-de-patinage-artistique.png\",\"width\":1200,\"height\":674,\"caption\":\"Adam Siao Him Fa bien plac\u00e9 pour une m\u00e9daille le r\u00e9sum\u00e9 vid\u00e9o du programme court aux Mondiaux de patinage artistique\"},{\"@type\":\"BreadcrumbList\",\"@id\":\"https:\/\/dicodusport.fr\/blog\/adam-siao-him-fa-bien-place-pour-une-medaille-le-resume-video-du-programme-court-aux-mondiaux-de-patinage-artistique\/#breadcrumb\",\"itemListElement\":[{\"@type\":\"ListItem\",\"position\":1,\"name\":\"Accueil\",\"item\":\"https:\/\/dicodusport.fr\/blog\/\"},{\"@type\":\"ListItem\",\"position\":2,\"name\":\"Adam Siao Him Fa bien plac\u00e9 pour une m\u00e9daille : le r\u00e9sum\u00e9 vid\u00e9o du programme court aux Mondiaux de patinage artistique\"}]},{\"@type\":\"WebSite\",\"@id\":\"https:\/\/dicodusport.fr\/blog\/#website\",\"url\":\"https:\/\/dicodusport.fr\/blog\/\",\"name\":\"Dicodusport\",\"description\":\"L&#039;encyclop\u00e9die de l&#039;actualit\u00e9 sportive\",\"publisher\":{\"@id\":\"https:\/\/dicodusport.fr\/blog\/#organization\"},\"potentialAction\":[{\"@type\":\"SearchAction\",\"target\":{\"@type\":\"EntryPoint\",\"urlTemplate\":\"https:\/\/dicodusport.fr\/blog\/?s={search_term_string}\"},\"query-input\":{\"@type\":\"PropertyValueSpecification\",\"valueRequired\":true,\"valueName\":\"search_term_string\"}}],\"inLanguage\":\"fr-FR\"},{\"@type\":\"NewsMediaOrganization\",\"@id\":\"https:\/\/dicodusport.fr\/blog\/#organization\",\"name\":\"Dicodusport\",\"url\":\"https:\/\/dicodusport.fr\/blog\/\",\"logo\":{\"@type\":\"ImageObject\",\"inLanguage\":\"fr-FR\",\"@id\":\"https:\/\/dicodusport.fr\/blog\/#\/schema\/logo\/image\/\",\"url\":\"https:\/\/dicodusport.fr\/blog\/wp-content\/uploads\/2020\/06\/cropped-LOGO-DICODUSPORT-2020-SANS-FOND-SANS-TEXTE.png\",\"contentUrl\":\"https:\/\/dicodusport.fr\/blog\/wp-content\/uploads\/2020\/06\/cropped-LOGO-DICODUSPORT-2020-SANS-FOND-SANS-TEXTE.png\",\"width\":512,\"height\":512,\"caption\":\"Dicodusport\"},\"image\":{\"@id\":\"https:\/\/dicodusport.fr\/blog\/#\/schema\/logo\/image\/\"},\"sameAs\":[\"https:\/\/www.facebook.com\/dicodusport\",\"https:\/\/x.com\/dicodusport\",\"https:\/\/www.instagram.com\/dicodusport\/\",\"https:\/\/www.youtube.com\/channel\/UC7V2KZ5sd3htJivAbA4ZG3w\"],\"description\":\"Dicodusport est l'encyclop\u00e9die de l'actualit\u00e9 sportive.\",\"email\":\"bonjour@dicodusport.fr\",\"legalName\":\"DICODUSPORT\",\"foundingDate\":\"2018-01-14\",\"vatID\":\"FR71834470973\",\"taxID\":\"83447097300043\",\"numberOfEmployees\":{\"@type\":\"QuantitativeValue\",\"minValue\":\"1\",\"maxValue\":\"10\"}},{\"@type\":\"Person\",\"@id\":\"https:\/\/dicodusport.fr\/blog\/#\/schema\/person\/627966a6cde45dbd8c5e36ac85d783da\",\"name\":\"S\u00e9bastien Gente\",\"image\":{\"@type\":\"ImageObject\",\"inLanguage\":\"fr-FR\",\"@id\":\"https:\/\/dicodusport.fr\/blog\/#\/schema\/person\/image\/\",\"url\":\"https:\/\/dicodusport.fr\/blog\/wp-content\/uploads\/2021\/09\/1510990_10205810251400683_4124423575079401707_n-150x150.jpg\",\"contentUrl\":\"https:\/\/dicodusport.fr\/blog\/wp-content\/uploads\/2021\/09\/1510990_10205810251400683_4124423575079401707_n-150x150.jpg\",\"caption\":\"S\u00e9bastien Gente\"},\"description\":\"John Stockton, Gianni Bugno, Zinedine Zidane, Steffi Graf, Frode Andresen, St\u00e9phane Stoecklin, Davis Kamoga, Primoz Peterka, Werner Schlager et Aur\u00e9lien Rougerie. Point commun entre ces sportifs? Ils m'ont fait r\u00eaver et ont berc\u00e9 mon adolescence. Je suis un fondu de sports et j'essaie de retranscrire ma passion \u00e0 travers mes articles. Originaire du P\u00e9rigord, ma passion pour les Girondins, les Jaunards et les Jazzmen transpire dans mes \u00e9crits. \u00c0 Dicodusport depuis 2021, je d\u00e9niche les sports m\u00e9connus dans lesquels la France brille, et il y en a !\",\"sameAs\":[\"https:\/\/www.facebook.com\/sebastien.gente\/\",\"https:\/\/www.instagram.com\/sebgente\/\",\"https:\/\/www.linkedin.com\/in\/sbastien-gente-a29583169\/\",\"https:\/\/x.com\/https:\/\/twitter.com\/globulo24\",\"SebastienGente\"],\"worksFor\":\"S\u00e9bastien GENTE\",\"url\":\"https:\/\/dicodusport.fr\/blog\/author\/sebastiengente\/\"}]}<\/script>\n<!-- \/ Yoast SEO Premium plugin. -->","yoast_head_json":{"title":"Adam Siao Him Fa bien plac\u00e9 pour une m\u00e9daille : le r\u00e9sum\u00e9 vid\u00e9o du programme court aux Mondiaux de patinage artistique","description":"CHAMPIONNATS DU MONDE DE PATINAGE ARTISTIQUE 2026 - Apr\u00e8s un programme court r\u00e9ussi, Adam Siao Him Fa est deuxi\u00e8me. Sa performance en vid\u00e9o.","robots":{"index":"index","follow":"follow","max-snippet":"max-snippet:-1","max-image-preview":"max-image-preview:large","max-video-preview":"max-video-preview:-1"},"canonical":"https:\/\/dicodusport.fr\/blog\/adam-siao-him-fa-bien-place-pour-une-medaille-le-resume-video-du-programme-court-aux-mondiaux-de-patinage-artistique\/","og_locale":"fr_FR","og_type":"article","og_title":"Adam Siao Him Fa bien plac\u00e9 pour une m\u00e9daille : le r\u00e9sum\u00e9 vid\u00e9o du programme court aux Mondiaux de patinage artistique","og_description":"CHAMPIONNATS DU MONDE DE PATINAGE ARTISTIQUE 2026 - Apr\u00e8s un programme court r\u00e9ussi, Adam Siao Him Fa est deuxi\u00e8me. Sa performance en vid\u00e9o.","og_url":"https:\/\/dicodusport.fr\/blog\/adam-siao-him-fa-bien-place-pour-une-medaille-le-resume-video-du-programme-court-aux-mondiaux-de-patinage-artistique\/","og_site_name":"Dicodusport","article_publisher":"https:\/\/www.facebook.com\/dicodusport","article_author":"https:\/\/www.facebook.com\/sebastien.gente\/","article_published_time":"2026-03-26T17:13:28+00:00","og_image":[{"width":1200,"height":674,"url":"https:\/\/dicodusport.fr\/blog\/wp-content\/uploads\/2026\/03\/Adam-Siao-Him-Fa-bien-place-pour-une-medaille-le-resume-video-du-programme-court-aux-Mondiaux-de-patinage-artistique.png","type":"image\/png"}],"author":"S\u00e9bastien Gente","twitter_card":"summary_large_image","twitter_title":"Adam Siao Him Fa bien plac\u00e9 pour une m\u00e9daille : le r\u00e9sum\u00e9 vid\u00e9o du programme court aux Mondiaux de patinage artistique","twitter_creator":"@https:\/\/twitter.com\/globulo24","twitter_site":"@dicodusport","schema":{"@context":"https:\/\/schema.org","@graph":[{"@type":"NewsArticle","@id":"https:\/\/dicodusport.fr\/blog\/adam-siao-him-fa-bien-place-pour-une-medaille-le-resume-video-du-programme-court-aux-mondiaux-de-patinage-artistique\/#article","isPartOf":{"@id":"https:\/\/dicodusport.fr\/blog\/adam-siao-him-fa-bien-place-pour-une-medaille-le-resume-video-du-programme-court-aux-mondiaux-de-patinage-artistique\/"},"author":{"name":"S\u00e9bastien Gente","@id":"https:\/\/dicodusport.fr\/blog\/#\/schema\/person\/627966a6cde45dbd8c5e36ac85d783da"},"headline":"Adam Siao Him Fa bien plac\u00e9 pour une m\u00e9daille : le r\u00e9sum\u00e9 vid\u00e9o du programme court aux Mondiaux de patinage artistique","datePublished":"2026-03-26T17:13:28+00:00","mainEntityOfPage":{"@id":"https:\/\/dicodusport.fr\/blog\/adam-siao-him-fa-bien-place-pour-une-medaille-le-resume-video-du-programme-court-aux-mondiaux-de-patinage-artistique\/"},"wordCount":334,"commentCount":0,"publisher":{"@id":"https:\/\/dicodusport.fr\/blog\/#organization"},"image":{"@id":"https:\/\/dicodusport.fr\/blog\/adam-siao-him-fa-bien-place-pour-une-medaille-le-resume-video-du-programme-court-aux-mondiaux-de-patinage-artistique\/#primaryimage"},"thumbnailUrl":"https:\/\/dicodusport.fr\/blog\/wp-content\/uploads\/2026\/03\/Adam-Siao-Him-Fa-bien-place-pour-une-medaille-le-resume-video-du-programme-court-aux-Mondiaux-de-patinage-artistique.png","keywords":["Adam Siao Him Fa","br\u00e8ve","championnats du monde de patinage artistique"],"articleSection":["Patinage artistique"],"inLanguage":"fr-FR","potentialAction":[{"@type":"CommentAction","name":"Comment","target":["https:\/\/dicodusport.fr\/blog\/adam-siao-him-fa-bien-place-pour-une-medaille-le-resume-video-du-programme-court-aux-mondiaux-de-patinage-artistique\/#respond"]}],"copyrightYear":"2026","copyrightHolder":{"@id":"https:\/\/dicodusport.fr\/blog\/#organization"}},{"@type":"WebPage","@id":"https:\/\/dicodusport.fr\/blog\/adam-siao-him-fa-bien-place-pour-une-medaille-le-resume-video-du-programme-court-aux-mondiaux-de-patinage-artistique\/","url":"https:\/\/dicodusport.fr\/blog\/adam-siao-him-fa-bien-place-pour-une-medaille-le-resume-video-du-programme-court-aux-mondiaux-de-patinage-artistique\/","name":"Adam Siao Him Fa bien plac\u00e9 pour une m\u00e9daille : le r\u00e9sum\u00e9 vid\u00e9o du programme court aux Mondiaux de patinage artistique","isPartOf":{"@id":"https:\/\/dicodusport.fr\/blog\/#website"},"primaryImageOfPage":{"@id":"https:\/\/dicodusport.fr\/blog\/adam-siao-him-fa-bien-place-pour-une-medaille-le-resume-video-du-programme-court-aux-mondiaux-de-patinage-artistique\/#primaryimage"},"image":{"@id":"https:\/\/dicodusport.fr\/blog\/adam-siao-him-fa-bien-place-pour-une-medaille-le-resume-video-du-programme-court-aux-mondiaux-de-patinage-artistique\/#primaryimage"},"thumbnailUrl":"https:\/\/dicodusport.fr\/blog\/wp-content\/uploads\/2026\/03\/Adam-Siao-Him-Fa-bien-place-pour-une-medaille-le-resume-video-du-programme-court-aux-Mondiaux-de-patinage-artistique.png","datePublished":"2026-03-26T17:13:28+00:00","description":"CHAMPIONNATS DU MONDE DE PATINAGE ARTISTIQUE 2026 - Apr\u00e8s un programme court r\u00e9ussi, Adam Siao Him Fa est deuxi\u00e8me. Sa performance en vid\u00e9o.","breadcrumb":{"@id":"https:\/\/dicodusport.fr\/blog\/adam-siao-him-fa-bien-place-pour-une-medaille-le-resume-video-du-programme-court-aux-mondiaux-de-patinage-artistique\/#breadcrumb"},"inLanguage":"fr-FR","potentialAction":[{"@type":"ReadAction","target":["https:\/\/dicodusport.fr\/blog\/adam-siao-him-fa-bien-place-pour-une-medaille-le-resume-video-du-programme-court-aux-mondiaux-de-patinage-artistique\/"]}]},{"@type":"ImageObject","inLanguage":"fr-FR","@id":"https:\/\/dicodusport.fr\/blog\/adam-siao-him-fa-bien-place-pour-une-medaille-le-resume-video-du-programme-court-aux-mondiaux-de-patinage-artistique\/#primaryimage","url":"https:\/\/dicodusport.fr\/blog\/wp-content\/uploads\/2026\/03\/Adam-Siao-Him-Fa-bien-place-pour-une-medaille-le-resume-video-du-programme-court-aux-Mondiaux-de-patinage-artistique.png","contentUrl":"https:\/\/dicodusport.fr\/blog\/wp-content\/uploads\/2026\/03\/Adam-Siao-Him-Fa-bien-place-pour-une-medaille-le-resume-video-du-programme-court-aux-Mondiaux-de-patinage-artistique.png","width":1200,"height":674,"caption":"Adam Siao Him Fa bien plac\u00e9 pour une m\u00e9daille le r\u00e9sum\u00e9 vid\u00e9o du programme court aux Mondiaux de patinage artistique"},{"@type":"BreadcrumbList","@id":"https:\/\/dicodusport.fr\/blog\/adam-siao-him-fa-bien-place-pour-une-medaille-le-resume-video-du-programme-court-aux-mondiaux-de-patinage-artistique\/#breadcrumb","itemListElement":[{"@type":"ListItem","position":1,"name":"Accueil","item":"https:\/\/dicodusport.fr\/blog\/"},{"@type":"ListItem","position":2,"name":"Adam Siao Him Fa bien plac\u00e9 pour une m\u00e9daille : le r\u00e9sum\u00e9 vid\u00e9o du programme court aux Mondiaux de patinage artistique"}]},{"@type":"WebSite","@id":"https:\/\/dicodusport.fr\/blog\/#website","url":"https:\/\/dicodusport.fr\/blog\/","name":"Dicodusport","description":"L&#039;encyclop\u00e9die de l&#039;actualit\u00e9 sportive","publisher":{"@id":"https:\/\/dicodusport.fr\/blog\/#organization"},"potentialAction":[{"@type":"SearchAction","target":{"@type":"EntryPoint","urlTemplate":"https:\/\/dicodusport.fr\/blog\/?s={search_term_string}"},"query-input":{"@type":"PropertyValueSpecification","valueRequired":true,"valueName":"search_term_string"}}],"inLanguage":"fr-FR"},{"@type":"NewsMediaOrganization","@id":"https:\/\/dicodusport.fr\/blog\/#organization","name":"Dicodusport","url":"https:\/\/dicodusport.fr\/blog\/","logo":{"@type":"ImageObject","inLanguage":"fr-FR","@id":"https:\/\/dicodusport.fr\/blog\/#\/schema\/logo\/image\/","url":"https:\/\/dicodusport.fr\/blog\/wp-content\/uploads\/2020\/06\/cropped-LOGO-DICODUSPORT-2020-SANS-FOND-SANS-TEXTE.png","contentUrl":"https:\/\/dicodusport.fr\/blog\/wp-content\/uploads\/2020\/06\/cropped-LOGO-DICODUSPORT-2020-SANS-FOND-SANS-TEXTE.png","width":512,"height":512,"caption":"Dicodusport"},"image":{"@id":"https:\/\/dicodusport.fr\/blog\/#\/schema\/logo\/image\/"},"sameAs":["https:\/\/www.facebook.com\/dicodusport","https:\/\/x.com\/dicodusport","https:\/\/www.instagram.com\/dicodusport\/","https:\/\/www.youtube.com\/channel\/UC7V2KZ5sd3htJivAbA4ZG3w"],"description":"Dicodusport est l'encyclop\u00e9die de l'actualit\u00e9 sportive.","email":"bonjour@dicodusport.fr","legalName":"DICODUSPORT","foundingDate":"2018-01-14","vatID":"FR71834470973","taxID":"83447097300043","numberOfEmployees":{"@type":"QuantitativeValue","minValue":"1","maxValue":"10"}},{"@type":"Person","@id":"https:\/\/dicodusport.fr\/blog\/#\/schema\/person\/627966a6cde45dbd8c5e36ac85d783da","name":"S\u00e9bastien Gente","image":{"@type":"ImageObject","inLanguage":"fr-FR","@id":"https:\/\/dicodusport.fr\/blog\/#\/schema\/person\/image\/","url":"https:\/\/dicodusport.fr\/blog\/wp-content\/uploads\/2021\/09\/1510990_10205810251400683_4124423575079401707_n-150x150.jpg","contentUrl":"https:\/\/dicodusport.fr\/blog\/wp-content\/uploads\/2021\/09\/1510990_10205810251400683_4124423575079401707_n-150x150.jpg","caption":"S\u00e9bastien Gente"},"description":"John Stockton, Gianni Bugno, Zinedine Zidane, Steffi Graf, Frode Andresen, St\u00e9phane Stoecklin, Davis Kamoga, Primoz Peterka, Werner Schlager et Aur\u00e9lien Rougerie. Point commun entre ces sportifs? Ils m'ont fait r\u00eaver et ont berc\u00e9 mon adolescence. Je suis un fondu de sports et j'essaie de retranscrire ma passion \u00e0 travers mes articles. Originaire du P\u00e9rigord, ma passion pour les Girondins, les Jaunards et les Jazzmen transpire dans mes \u00e9crits. \u00c0 Dicodusport depuis 2021, je d\u00e9niche les sports m\u00e9connus dans lesquels la France brille, et il y en a !","sameAs":["https:\/\/www.facebook.com\/sebastien.gente\/","https:\/\/www.instagram.com\/sebgente\/","https:\/\/www.linkedin.com\/in\/sbastien-gente-a29583169\/","https:\/\/x.com\/https:\/\/twitter.com\/globulo24","SebastienGente"],"worksFor":"S\u00e9bastien GENTE","url":"https:\/\/dicodusport.fr\/blog\/author\/sebastiengente\/"}]}},"_links":{"self":[{"href":"https:\/\/dicodusport.fr\/blog\/wp-json\/wp\/v2\/posts\/658464","targetHints":{"allow":["GET"]}}],"collection":[{"href":"https:\/\/dicodusport.fr\/blog\/wp-json\/wp\/v2\/posts"}],"about":[{"href":"https:\/\/dicodusport.fr\/blog\/wp-json\/wp\/v2\/types\/post"}],"author":[{"embeddable":true,"href":"https:\/\/dicodusport.fr\/blog\/wp-json\/wp\/v2\/users\/59"}],"replies":[{"embeddable":true,"href":"https:\/\/dicodusport.fr\/blog\/wp-json\/wp\/v2\/comments?post=658464"}],"version-history":[{"count":2,"href":"https:\/\/dicodusport.fr\/blog\/wp-json\/wp\/v2\/posts\/658464\/revisions"}],"predecessor-version":[{"id":658467,"href":"https:\/\/dicodusport.fr\/blog\/wp-json\/wp\/v2\/posts\/658464\/revisions\/658467"}],"wp:featuredmedia":[{"embeddable":true,"href":"https:\/\/dicodusport.fr\/blog\/wp-json\/wp\/v2\/media\/658466"}],"wp:attachment":[{"href":"https:\/\/dicodusport.fr\/blog\/wp-json\/wp\/v2\/media?parent=658464"}],"wp:term":[{"taxonomy":"category","embeddable":true,"href":"https:\/\/dicodusport.fr\/blog\/wp-json\/wp\/v2\/categories?post=658464"},{"taxonomy":"post_tag","embeddable":true,"href":"https:\/\/dicodusport.fr\/blog\/wp-json\/wp\/v2\/tags?post=658464"}],"curies":[{"name":"wp","href":"https:\/\/api.w.org\/{rel}","templated":true}]}}