{"id":65848,"date":"2020-08-01T08:51:34","date_gmt":"2020-08-01T06:51:34","guid":{"rendered":"http:\/\/dicodusport.fr\/blog\/?p=65848&#038;preview=true&#038;preview_id=65848"},"modified":"2020-10-05T08:27:51","modified_gmt":"2020-10-05T06:27:51","slug":"cyclisme-nouveau-calendrier-uci-saison-2020","status":"publish","type":"post","link":"https:\/\/dicodusport.fr\/blog\/cyclisme-nouveau-calendrier-uci-saison-2020\/","title":{"rendered":"Le nouveau calendrier UCI pour la saison 2020"},"content":{"rendered":"<p style=\"text-align: justify;\"><strong><em><a href=\"https:\/\/dicodusport.fr\/blog\/actualites\/cyclisme\/\" target=\"_blank\" rel=\"noopener noreferrer\">CYCLISME<\/a> &#8211; L&rsquo;UCI (Union Cycliste Internationale) a annonc\u00e9 ce mardi le calendrier pour la saison 2020. Un programme dense et attractif, sur le papier.<\/em><\/strong><\/p>\n<p style=\"text-align: justify;\">Comme pr\u00e9vu, le <strong>Giro<\/strong> (3 &#8211; 25 octobre) et la <strong>Vuelta<\/strong> (20 octobre &#8211; 8 novembre) vont donc se chevaucher. Avant cela, la saison reprendra en Italie, avec les <strong>Strade Bianche<\/strong> (1er ao\u00fbt). S&rsquo;en suivra le <strong>Tour de Pologne<\/strong> et puis le premier Monument de la saison, <strong>Milan-San Remo<\/strong> (8 ao\u00fbt).<\/p>\n<p style=\"text-align: justify;\">Le <strong>Tour de France<\/strong> est bien maintenu du 29 ao\u00fbt au 20 septembre, avec dans la foul\u00e9e, les <a href=\"https:\/\/dicodusport.fr\/blog\/cyclisme-mondiaux-2020-le-parcours-et-le-profil-ont-ete-devoiles\/\" target=\"_blank\" rel=\"noopener noreferrer\"><strong>Mondiaux en Suisse<\/strong><\/a>. <a href=\"https:\/\/dicodusport.fr\/blog\/quiz-connaissez-vous-bien-histoire-de-paris-roubaix\/\" target=\"_blank\" rel=\"noopener noreferrer\"><strong>Paris-Roubaix<\/strong><\/a> est pr\u00e9vu le 25 octobre. Reste \u00e0 savoir d\u00e9sormais si l&rsquo;\u00e9pid\u00e9mie de <strong>coronavirus<\/strong> \u00e9volue favorablement d&rsquo;ici cet \u00e9t\u00e9.<\/p>\n<h2 style=\"text-align: justify;\">Le calendrier 2020<\/h2>\n<p style=\"text-align: justify;\"><span style=\"color: #ff0000;\"><strong>En rouge, les \u00e9preuves ajout\u00e9es au calendrier \u00e0 partir du 19 mai 2020.<\/strong><\/span><\/p>\n<h3 style=\"text-align: justify;\">Juillet<\/h3>\n<p style=\"text-align: justify;\"><span style=\"color: #ff0000;\"><strong>2-5 juillet : <\/strong>Sibiu Cycling Tour<strong><br \/>\n<del>26 juillet &#8211; 2 ao\u00fbt :<\/del><\/strong><del> Tour du Lac Qinghai<\/del> ANNUL\u00c9<br \/>\n<\/span><span style=\"color: #ff0000;\"><strong>28 juillet &#8211; 1er ao\u00fbt :<\/strong> Tour de Burgos<br \/>\n<del><strong>29 juillet &#8211; 9 ao\u00fbt :<\/strong> Tour du Portugal<\/del> REPORT\u00c9\u00a0<\/span><\/p>\n<h3 style=\"text-align: justify;\">Ao\u00fbt<\/h3>\n<p style=\"text-align: justify;\"><span style=\"color: #ff0000;\"><strong>1er au 4 ao\u00fbt : <\/strong>La Route d&rsquo;Occitanie<\/span><strong><br \/>\n1er ao\u00fbt :<\/strong>\u00a0Strade Bianche<br \/>\n<span style=\"color: #ff0000;\"><strong>2 ao\u00fbt :<\/strong> Circuito de Getxo-Memorial Hermanos Otxoa<br \/>\n<strong>3 ao\u00fbt :<\/strong> Trittico Lombardo<\/span><br \/>\n<span style=\"color: #ff0000;\"><strong>5 ao\u00fbt :<\/strong> Milan-Turin<br \/>\n<\/span><strong>5-9 ao\u00fbt :<\/strong>\u00a0Tour de Pologne<span style=\"color: #ff0000;\"><br \/>\n<strong>6 ao\u00fbt :<\/strong> Mont-Ventoux D\u00e9nivel\u00e9 Challenge<\/span><br \/>\n<span style=\"color: #ff0000;\"><strong>7-9 ao\u00fbt :<\/strong> Tour de l&rsquo;Ain<\/span><br \/>\n<span style=\"color: #ff0000;\"><strong>8 ao\u00fbt :<\/strong> Milan &#8211; San Remo<br \/>\n<strong>12 ao\u00fbt :<\/strong> Tour du Pi\u00e9mont<br \/>\n<\/span><strong>12-16 ao\u00fbt :<\/strong> Dauphin\u00e9<br \/>\n<span style=\"color: #ff0000;\"><strong>15 ao\u00fbt :<\/strong> Tour de Lombardie<br \/>\n<strong>15 ao\u00fbt :<\/strong> \u00c0 travers le Hageland<\/span><br \/>\n<span style=\"color: #ff0000;\"><strong>16-19 ao\u00fbt :<\/strong> Tour de Wallonie<\/span><br \/>\n<span style=\"color: #ff0000;\"><strong>18 &#8211; 21 ao\u00fbt :<\/strong> Tour du Limousin<\/span><br \/>\n<span style=\"color: #ff0000;\"><strong>18 ao\u00fbt :<\/strong> Tour d&rsquo;\u00c9milie<\/span><br \/>\n<strong>20-23 ao\u00fbt :<\/strong> Championnats nationaux (si cela est possible)<br \/>\n<span style=\"color: #ff0000;\"><strong>24 &#8211; 28 ao\u00fbt :<\/strong> Championnats d&rsquo;Europe\u00a0<\/span><br \/>\n<strong>25 ao\u00fbt :<\/strong>\u00a0Bretagne Classic<br \/>\n<span style=\"color: #ff0000;\"><strong>27 &#8211; 30 ao\u00fbt :<\/strong> Tour du Poitou-Charentes<br \/>\n<strong>29 ao\u00fbt :<\/strong> Troph\u00e9e Matteotti<\/span><br \/>\n<strong>29 ao\u00fbt &#8211; 20 septembre :<\/strong>\u00a0<a href=\"https:\/\/dicodusport.fr\/blog\/tour-de-france-2020-profils-des-etapes\/\" target=\"_blank\" rel=\"noopener noreferrer\">Tour de France<\/a><br \/>\n<span style=\"color: #ff0000;\"><strong>30 ao\u00fbt :<\/strong> Paris-Bruxelles<br \/>\n<strong>30 ao\u00fbt :<\/strong> Memorial Marco Pantani<\/span><\/p>\n<h3 style=\"text-align: justify;\"><span style=\"color: #000000;\">Septembre<\/span><\/h3>\n<p style=\"text-align: justify;\"><span style=\"color: #ff0000;\"><strong>1er &#8211; 5 septembre :<\/strong> Semaine Internationale Coppi et Bartali<br \/>\n<strong>6 septembre :<\/strong> Tour du Doubs<br \/>\n<\/span><strong>7 -14 septembre :<\/strong>\u00a0Tirreno-Adriatico<br \/>\n<del><strong>11 septembre :<\/strong> Grand Prix de Qu\u00e9bec<\/del> ANNUL\u00c9<br \/>\n<span style=\"color: #ff0000;\"><del><strong>12 septembre :<\/strong> Tour de l&rsquo;Eurom\u00e9tropole<\/del> ANNUL\u00c9<br \/>\n<del><strong>13 septembre :<\/strong> Grand Prix de Fourmies<\/del> ANNUL\u00c9<\/span><br \/>\n<del><strong>13 septembre :<\/strong> Grand Prix de Montr\u00e9al<\/del> ANNUL\u00c9<br \/>\n<span style=\"color: #ff0000;\"><strong>15 au 19 septembre :<\/strong> Tour du Luxembourg<br \/>\n<strong>16 septembre :<\/strong> Tour de Toscane<\/span><br \/>\n<span style=\"color: #ff0000;\"><del><strong>16 septembre :<\/strong> Grand Prix de Wallonie<\/del> ANNUL\u00c9<br \/>\n<strong>17 septembre :<\/strong> Coppa Sabatini<br \/>\n<\/span><strong>20-27 septembre :<\/strong> Championnats du monde (Imola, Italie)<br \/>\n<span style=\"color: #ff0000;\"><strong>20 septembre :<\/strong> Grand Prix d&rsquo;Isbergues<br \/>\n<strong>22 septembre :<\/strong> Paris-Camembert<\/span><br \/>\n<span style=\"color: #ff0000;\"><strong>22 septembre :<\/strong> Regione Lombardia<br \/>\n<strong>27 septembre :<\/strong> Paris-Chauny<br \/>\n<del><strong>29 septembre \u2013 2 octobre :<\/strong> Tour de Croatie<\/del> ANNUL\u00c9<\/span><br \/>\n<strong>29 septembre \u2013 3 octobre :<\/strong>\u00a0BinckBank Tour<br \/>\n<strong>30 septembre :<\/strong> Fl\u00e8che Wallonne<\/p>\n<h3 style=\"text-align: justify;\">Octobre<\/h3>\n<p style=\"text-align: justify;\"><strong>3-25 octobre :<\/strong>\u00a0Tour d\u2019Italie<br \/>\n<span style=\"color: #ff0000;\"><del><strong>3 octobre :<\/strong> EuroEyes Cyclassics<\/del> ANNUL\u00c9<\/span><br \/>\n<strong>4 octobre :<\/strong>\u00a0Li\u00e8ge-Bastogne-Li\u00e8ge<br \/>\n<span style=\"color: #ff0000;\"><strong>7 octobre :<\/strong> La Fl\u00e8che Braban\u00e7onne<br \/>\n<del><strong>8 octobre :<\/strong> Paris-Bourges<\/del> ANNUL\u00c9<\/span><br \/>\n<del><strong>10 octobre :<\/strong> Amstel Gold Race<\/del> ANNUL\u00c9<br \/>\n<span style=\"color: #ff0000;\"><strong>11 octobre :<\/strong> Paris-Tours<\/span><br \/>\n<strong>11 octobre :<\/strong>\u00a0Gand-Wevelgem<br \/>\n<span style=\"color: #ff0000;\"><strong>14 octobre :<\/strong> Grand Prix de l&rsquo;Escaut\u00a0<\/span><br \/>\n<strong>18 octobre :<\/strong> Tour des Flandres<br \/>\n<span style=\"color: #ff0000;\"><del><strong>18 octobre :<\/strong> Japan Cup<\/del> ANNUL\u00c9<\/span><br \/>\n<strong>20 octobre \u2013 8 novembre :<\/strong>\u00a0Tour d\u2019Espagne<br \/>\n<strong>21 octobre :<\/strong> Driedaagse Brugge-De Panne<br \/>\n<strong>25 octobre :<\/strong> Paris-Roubaix<\/p>\n<h2 style=\"text-align: justify;\">Novembre<\/h2>\n<p style=\"text-align: justify;\"><span style=\"color: #ff0000;\"><del><strong>5 &#8211; 10 novembre :<\/strong> Tour de Guangxi<\/del> ANNUL\u00c9<\/span><\/p>\n<p><em><strong>Calendrier mis \u00e0 jour le 05\/10\/2020 \u00e0 08h20<\/strong><\/em><\/p>\n<blockquote class=\"twitter-tweet\">\n<p dir=\"ltr\" lang=\"en\">&#x1f5d3;2020 UCI WorldTour | Calendar Update<\/p>\n<p>&#x1f4c4; More info &#x1f517;<a href=\"https:\/\/t.co\/9gH7TThZpM\">https:\/\/t.co\/9gH7TThZpM<\/a><a href=\"https:\/\/twitter.com\/hashtag\/UCIWT?src=hash&amp;ref_src=twsrc%5Etfw\">#UCIWT<\/a> <a href=\"https:\/\/t.co\/SpsqD6NXC0\">pic.twitter.com\/SpsqD6NXC0<\/a><\/p>\n<p>\u2014 UCI (@UCI_cycling) <a href=\"https:\/\/twitter.com\/UCI_cycling\/status\/1257667170307366914?ref_src=twsrc%5Etfw\">May 5, 2020<\/a><\/p><\/blockquote>\n<p><script async src=\"https:\/\/platform.twitter.com\/widgets.js\" charset=\"utf-8\"><\/script><\/p>\n<h2 style=\"text-align: justify;\">Les pr\u00e9cisions concernant les championnats nationaux<\/h2>\n<p style=\"text-align: justify;\">L&rsquo;<strong>UCI<\/strong> a indiqu\u00e9 que la tenue des championnats domestiques d\u00e9pendra des diff\u00e9rentes f\u00e9d\u00e9rations, en fonction des capacit\u00e9s d&rsquo;organisation.<\/p>\n<blockquote>\n<p style=\"text-align: justify;\">Dans le cas o\u00f9 celles-ci se retrouveraient dans l&rsquo;incapacit\u00e9 de maintenir l&rsquo;\u00e9preuve, des dates alternatives pourront \u00eatre propos\u00e9es.<\/p>\n<\/blockquote>\n<p><strong><em>Dicodusport<br \/>\n<a href=\"https:\/\/www.facebook.com\/dicodusport\/\" target=\"_blank\" rel=\"noopener noreferrer\"><img loading=\"lazy\" decoding=\"async\" class=\"alignnone wp-image-2909\" src=\"http:\/\/dicodusport.fr\/blog\/wp-content\/uploads\/2017\/07\/logo-facebook-150x150.png\" alt=\"\" width=\"40\" height=\"40\" \/><\/a><a href=\"https:\/\/twitter.com\/dicodusport\" target=\"_blank\" rel=\"noopener noreferrer\"><img loading=\"lazy\" decoding=\"async\" class=\"alignnone wp-image-2908\" src=\"http:\/\/dicodusport.fr\/blog\/wp-content\/uploads\/2017\/07\/logo-twitter-150x150.png\" alt=\"\" width=\"39\" height=\"39\" \/><\/a><\/em><\/strong><\/p>\n","protected":false},"excerpt":{"rendered":"<p>CYCLISME &#8211; L&rsquo;UCI (Union Cycliste Internationale) a annonc\u00e9 ce mardi le calendrier pour la saison 2020. Un programme dense et attractif, sur le papier.<\/p>\n","protected":false},"author":4,"featured_media":66187,"comment_status":"open","ping_status":"closed","sticky":false,"template":"","format":"standard","meta":{"_acf_changed":false,"_daextam_enable_autolinks":"","footnotes":""},"categories":[2307],"tags":[574,2831],"class_list":["post-65848","post","type-post","status-publish","format-standard","has-post-thumbnail","hentry","category-cyclisme","tag-cyclisme","tag-uci"],"acf":[],"yoast_head":"<!-- This site is optimized with the Yoast SEO Premium plugin v26.7 (Yoast SEO v26.7) - https:\/\/yoast.com\/wordpress\/plugins\/seo\/ -->\n<title>Le nouveau calendrier UCI pour la saison 2020<\/title>\n<meta name=\"description\" content=\"CYCLISME - L&#039;UCI (Union Cycliste Internationale) a annonc\u00e9 ce mardi le calendrier pour la saison 2020. Un programme dense et attractif, sur le papier.\" \/>\n<meta name=\"robots\" content=\"index, follow, max-snippet:-1, max-image-preview:large, max-video-preview:-1\" \/>\n<link rel=\"canonical\" href=\"https:\/\/dicodusport.fr\/blog\/cyclisme-nouveau-calendrier-uci-saison-2020\/\" \/>\n<meta property=\"og:locale\" content=\"fr_FR\" \/>\n<meta property=\"og:type\" content=\"article\" \/>\n<meta property=\"og:title\" content=\"Cyclisme : le calendrier masculin mis \u00e0 jour\" \/>\n<meta property=\"og:description\" content=\"CYCLISME - L&#039;UCI (Union Cycliste Internationale) a annonc\u00e9 ce mardi le calendrier pour la saison 2020. Un programme dense et attractif, sur le papier.\" \/>\n<meta property=\"og:url\" content=\"https:\/\/dicodusport.fr\/blog\/cyclisme-nouveau-calendrier-uci-saison-2020\/\" \/>\n<meta property=\"og:site_name\" content=\"Dicodusport\" \/>\n<meta property=\"article:publisher\" content=\"https:\/\/www.facebook.com\/dicodusport\" \/>\n<meta property=\"article:author\" content=\"https:\/\/www.facebook.com\/florent.ostermann\" \/>\n<meta property=\"article:published_time\" content=\"2020-08-01T06:51:34+00:00\" \/>\n<meta property=\"article:modified_time\" content=\"2020-10-05T06:27:51+00:00\" \/>\n<meta property=\"og:image\" content=\"https:\/\/dicodusport.fr\/blog\/wp-content\/uploads\/2020\/05\/Le-nouveau-calendrier-UCI-pour-la-saison-2020.png\" \/>\n\t<meta property=\"og:image:width\" content=\"800\" \/>\n\t<meta property=\"og:image:height\" content=\"445\" \/>\n\t<meta property=\"og:image:type\" content=\"image\/png\" \/>\n<meta name=\"author\" content=\"Flo Ostermann\" \/>\n<meta name=\"twitter:card\" content=\"summary_large_image\" \/>\n<meta name=\"twitter:title\" content=\"Cyclisme : le calendrier masculin mis \u00e0 jour\" \/>\n<meta name=\"twitter:creator\" content=\"@https:\/\/twitter.com\/FlOstermann\" \/>\n<meta name=\"twitter:site\" content=\"@dicodusport\" \/>\n<script type=\"application\/ld+json\" class=\"yoast-schema-graph\">{\"@context\":\"https:\/\/schema.org\",\"@graph\":[{\"@type\":\"NewsArticle\",\"@id\":\"https:\/\/dicodusport.fr\/blog\/cyclisme-nouveau-calendrier-uci-saison-2020\/#article\",\"isPartOf\":{\"@id\":\"https:\/\/dicodusport.fr\/blog\/cyclisme-nouveau-calendrier-uci-saison-2020\/\"},\"author\":{\"name\":\"Flo Ostermann\",\"@id\":\"https:\/\/dicodusport.fr\/blog\/#\/schema\/person\/cb02af4c173ce4a653b55e9baf388d4a\"},\"headline\":\"Le nouveau calendrier UCI pour la saison 2020\",\"datePublished\":\"2020-08-01T06:51:34+00:00\",\"dateModified\":\"2020-10-05T06:27:51+00:00\",\"mainEntityOfPage\":{\"@id\":\"https:\/\/dicodusport.fr\/blog\/cyclisme-nouveau-calendrier-uci-saison-2020\/\"},\"wordCount\":550,\"commentCount\":1,\"publisher\":{\"@id\":\"https:\/\/dicodusport.fr\/blog\/#organization\"},\"image\":{\"@id\":\"https:\/\/dicodusport.fr\/blog\/cyclisme-nouveau-calendrier-uci-saison-2020\/#primaryimage\"},\"thumbnailUrl\":\"https:\/\/dicodusport.fr\/blog\/wp-content\/uploads\/2020\/05\/Le-nouveau-calendrier-UCI-pour-la-saison-2020.png\",\"keywords\":[\"Cyclisme\",\"UCI\"],\"articleSection\":[\"Cyclisme\"],\"inLanguage\":\"fr-FR\",\"potentialAction\":[{\"@type\":\"CommentAction\",\"name\":\"Comment\",\"target\":[\"https:\/\/dicodusport.fr\/blog\/cyclisme-nouveau-calendrier-uci-saison-2020\/#respond\"]}],\"copyrightYear\":\"2020\",\"copyrightHolder\":{\"@id\":\"https:\/\/dicodusport.fr\/blog\/#organization\"}},{\"@type\":\"WebPage\",\"@id\":\"https:\/\/dicodusport.fr\/blog\/cyclisme-nouveau-calendrier-uci-saison-2020\/\",\"url\":\"https:\/\/dicodusport.fr\/blog\/cyclisme-nouveau-calendrier-uci-saison-2020\/\",\"name\":\"Le nouveau calendrier UCI pour la saison 2020\",\"isPartOf\":{\"@id\":\"https:\/\/dicodusport.fr\/blog\/#website\"},\"primaryImageOfPage\":{\"@id\":\"https:\/\/dicodusport.fr\/blog\/cyclisme-nouveau-calendrier-uci-saison-2020\/#primaryimage\"},\"image\":{\"@id\":\"https:\/\/dicodusport.fr\/blog\/cyclisme-nouveau-calendrier-uci-saison-2020\/#primaryimage\"},\"thumbnailUrl\":\"https:\/\/dicodusport.fr\/blog\/wp-content\/uploads\/2020\/05\/Le-nouveau-calendrier-UCI-pour-la-saison-2020.png\",\"datePublished\":\"2020-08-01T06:51:34+00:00\",\"dateModified\":\"2020-10-05T06:27:51+00:00\",\"description\":\"CYCLISME - L'UCI (Union Cycliste Internationale) a annonc\u00e9 ce mardi le calendrier pour la saison 2020. Un programme dense et attractif, sur le papier.\",\"breadcrumb\":{\"@id\":\"https:\/\/dicodusport.fr\/blog\/cyclisme-nouveau-calendrier-uci-saison-2020\/#breadcrumb\"},\"inLanguage\":\"fr-FR\",\"potentialAction\":[{\"@type\":\"ReadAction\",\"target\":[\"https:\/\/dicodusport.fr\/blog\/cyclisme-nouveau-calendrier-uci-saison-2020\/\"]}]},{\"@type\":\"ImageObject\",\"inLanguage\":\"fr-FR\",\"@id\":\"https:\/\/dicodusport.fr\/blog\/cyclisme-nouveau-calendrier-uci-saison-2020\/#primaryimage\",\"url\":\"https:\/\/dicodusport.fr\/blog\/wp-content\/uploads\/2020\/05\/Le-nouveau-calendrier-UCI-pour-la-saison-2020.png\",\"contentUrl\":\"https:\/\/dicodusport.fr\/blog\/wp-content\/uploads\/2020\/05\/Le-nouveau-calendrier-UCI-pour-la-saison-2020.png\",\"width\":800,\"height\":445,\"caption\":\"Le nouveau calendrier UCI pour la saison 2020\"},{\"@type\":\"BreadcrumbList\",\"@id\":\"https:\/\/dicodusport.fr\/blog\/cyclisme-nouveau-calendrier-uci-saison-2020\/#breadcrumb\",\"itemListElement\":[{\"@type\":\"ListItem\",\"position\":1,\"name\":\"Accueil\",\"item\":\"https:\/\/dicodusport.fr\/blog\/\"},{\"@type\":\"ListItem\",\"position\":2,\"name\":\"Le nouveau calendrier UCI pour la saison 2020\"}]},{\"@type\":\"WebSite\",\"@id\":\"https:\/\/dicodusport.fr\/blog\/#website\",\"url\":\"https:\/\/dicodusport.fr\/blog\/\",\"name\":\"Dicodusport\",\"description\":\"L&#039;encyclop\u00e9die de l&#039;actualit\u00e9 sportive\",\"publisher\":{\"@id\":\"https:\/\/dicodusport.fr\/blog\/#organization\"},\"potentialAction\":[{\"@type\":\"SearchAction\",\"target\":{\"@type\":\"EntryPoint\",\"urlTemplate\":\"https:\/\/dicodusport.fr\/blog\/?s={search_term_string}\"},\"query-input\":{\"@type\":\"PropertyValueSpecification\",\"valueRequired\":true,\"valueName\":\"search_term_string\"}}],\"inLanguage\":\"fr-FR\"},{\"@type\":\"NewsMediaOrganization\",\"@id\":\"https:\/\/dicodusport.fr\/blog\/#organization\",\"name\":\"Dicodusport\",\"url\":\"https:\/\/dicodusport.fr\/blog\/\",\"logo\":{\"@type\":\"ImageObject\",\"inLanguage\":\"fr-FR\",\"@id\":\"https:\/\/dicodusport.fr\/blog\/#\/schema\/logo\/image\/\",\"url\":\"https:\/\/dicodusport.fr\/blog\/wp-content\/uploads\/2020\/06\/cropped-LOGO-DICODUSPORT-2020-SANS-FOND-SANS-TEXTE.png\",\"contentUrl\":\"https:\/\/dicodusport.fr\/blog\/wp-content\/uploads\/2020\/06\/cropped-LOGO-DICODUSPORT-2020-SANS-FOND-SANS-TEXTE.png\",\"width\":512,\"height\":512,\"caption\":\"Dicodusport\"},\"image\":{\"@id\":\"https:\/\/dicodusport.fr\/blog\/#\/schema\/logo\/image\/\"},\"sameAs\":[\"https:\/\/www.facebook.com\/dicodusport\",\"https:\/\/x.com\/dicodusport\",\"https:\/\/www.instagram.com\/dicodusport\/\",\"https:\/\/www.youtube.com\/channel\/UC7V2KZ5sd3htJivAbA4ZG3w\"],\"description\":\"Dicodusport est l'encyclop\u00e9die de l'actualit\u00e9 sportive.\",\"email\":\"bonjour@dicodusport.fr\",\"legalName\":\"DICODUSPORT\",\"foundingDate\":\"2018-01-14\",\"vatID\":\"FR71834470973\",\"taxID\":\"83447097300043\",\"numberOfEmployees\":{\"@type\":\"QuantitativeValue\",\"minValue\":\"1\",\"maxValue\":\"10\"}},{\"@type\":\"Person\",\"@id\":\"https:\/\/dicodusport.fr\/blog\/#\/schema\/person\/cb02af4c173ce4a653b55e9baf388d4a\",\"name\":\"Flo Ostermann\",\"image\":{\"@type\":\"ImageObject\",\"inLanguage\":\"fr-FR\",\"@id\":\"https:\/\/dicodusport.fr\/blog\/#\/schema\/person\/image\/\",\"url\":\"https:\/\/dicodusport.fr\/blog\/wp-content\/uploads\/2021\/05\/Flo-Ostermann-150x150.jpg\",\"contentUrl\":\"https:\/\/dicodusport.fr\/blog\/wp-content\/uploads\/2021\/05\/Flo-Ostermann-150x150.jpg\",\"caption\":\"Flo Ostermann\"},\"description\":\"Journaliste\/R\u00e9dacteur depuis septembre 2015 - Mes premiers souvenirs dans le sport ? Les envol\u00e9es du Stade Toulousain et les duels Villeneuve-Schumacher et H\u00e4kkinen-Schumacher \u00e0 la fin des ann\u00e9es 90, la Coupe du monde de football en 1998, l\u2019exploit du XV de France face aux All Blacks en 1999, mais aussi Richard C\u0153ur de Lion qui vole sur les montagnes du Tour de France. Bien parti pour devenir professeur d\u2019EPS, les \u00e9v\u00e9nements de la vie (et la flemme d\u2019animer des s\u00e9ances de 3x500 m\u00e8tres toute ma vie) m\u2019ont conduit \u00e0 revoir mes plans. Me voil\u00e0 depuis fin 2017 sur Dicodusport, m\u00e9dia gr\u00e2ce (et pour) lequel je partage ma passion : le sport dans tous ses \u00e9tats. Le tout accompagn\u00e9 par les fous furieux et folles furieuses cit\u00e9s sur cette page !\",\"sameAs\":[\"https:\/\/www.facebook.com\/florent.ostermann\",\"https:\/\/x.com\/https:\/\/twitter.com\/FlOstermann\",\"admin\"],\"url\":\"https:\/\/dicodusport.fr\/blog\/author\/flo\/\"}]}<\/script>\n<!-- \/ Yoast SEO Premium plugin. -->","yoast_head_json":{"title":"Le nouveau calendrier UCI pour la saison 2020","description":"CYCLISME - L'UCI (Union Cycliste Internationale) a annonc\u00e9 ce mardi le calendrier pour la saison 2020. Un programme dense et attractif, sur le papier.","robots":{"index":"index","follow":"follow","max-snippet":"max-snippet:-1","max-image-preview":"max-image-preview:large","max-video-preview":"max-video-preview:-1"},"canonical":"https:\/\/dicodusport.fr\/blog\/cyclisme-nouveau-calendrier-uci-saison-2020\/","og_locale":"fr_FR","og_type":"article","og_title":"Cyclisme : le calendrier masculin mis \u00e0 jour","og_description":"CYCLISME - L'UCI (Union Cycliste Internationale) a annonc\u00e9 ce mardi le calendrier pour la saison 2020. Un programme dense et attractif, sur le papier.","og_url":"https:\/\/dicodusport.fr\/blog\/cyclisme-nouveau-calendrier-uci-saison-2020\/","og_site_name":"Dicodusport","article_publisher":"https:\/\/www.facebook.com\/dicodusport","article_author":"https:\/\/www.facebook.com\/florent.ostermann","article_published_time":"2020-08-01T06:51:34+00:00","article_modified_time":"2020-10-05T06:27:51+00:00","og_image":[{"width":800,"height":445,"url":"https:\/\/dicodusport.fr\/blog\/wp-content\/uploads\/2020\/05\/Le-nouveau-calendrier-UCI-pour-la-saison-2020.png","type":"image\/png"}],"author":"Flo Ostermann","twitter_card":"summary_large_image","twitter_title":"Cyclisme : le calendrier masculin mis \u00e0 jour","twitter_creator":"@https:\/\/twitter.com\/FlOstermann","twitter_site":"@dicodusport","schema":{"@context":"https:\/\/schema.org","@graph":[{"@type":"NewsArticle","@id":"https:\/\/dicodusport.fr\/blog\/cyclisme-nouveau-calendrier-uci-saison-2020\/#article","isPartOf":{"@id":"https:\/\/dicodusport.fr\/blog\/cyclisme-nouveau-calendrier-uci-saison-2020\/"},"author":{"name":"Flo Ostermann","@id":"https:\/\/dicodusport.fr\/blog\/#\/schema\/person\/cb02af4c173ce4a653b55e9baf388d4a"},"headline":"Le nouveau calendrier UCI pour la saison 2020","datePublished":"2020-08-01T06:51:34+00:00","dateModified":"2020-10-05T06:27:51+00:00","mainEntityOfPage":{"@id":"https:\/\/dicodusport.fr\/blog\/cyclisme-nouveau-calendrier-uci-saison-2020\/"},"wordCount":550,"commentCount":1,"publisher":{"@id":"https:\/\/dicodusport.fr\/blog\/#organization"},"image":{"@id":"https:\/\/dicodusport.fr\/blog\/cyclisme-nouveau-calendrier-uci-saison-2020\/#primaryimage"},"thumbnailUrl":"https:\/\/dicodusport.fr\/blog\/wp-content\/uploads\/2020\/05\/Le-nouveau-calendrier-UCI-pour-la-saison-2020.png","keywords":["Cyclisme","UCI"],"articleSection":["Cyclisme"],"inLanguage":"fr-FR","potentialAction":[{"@type":"CommentAction","name":"Comment","target":["https:\/\/dicodusport.fr\/blog\/cyclisme-nouveau-calendrier-uci-saison-2020\/#respond"]}],"copyrightYear":"2020","copyrightHolder":{"@id":"https:\/\/dicodusport.fr\/blog\/#organization"}},{"@type":"WebPage","@id":"https:\/\/dicodusport.fr\/blog\/cyclisme-nouveau-calendrier-uci-saison-2020\/","url":"https:\/\/dicodusport.fr\/blog\/cyclisme-nouveau-calendrier-uci-saison-2020\/","name":"Le nouveau calendrier UCI pour la saison 2020","isPartOf":{"@id":"https:\/\/dicodusport.fr\/blog\/#website"},"primaryImageOfPage":{"@id":"https:\/\/dicodusport.fr\/blog\/cyclisme-nouveau-calendrier-uci-saison-2020\/#primaryimage"},"image":{"@id":"https:\/\/dicodusport.fr\/blog\/cyclisme-nouveau-calendrier-uci-saison-2020\/#primaryimage"},"thumbnailUrl":"https:\/\/dicodusport.fr\/blog\/wp-content\/uploads\/2020\/05\/Le-nouveau-calendrier-UCI-pour-la-saison-2020.png","datePublished":"2020-08-01T06:51:34+00:00","dateModified":"2020-10-05T06:27:51+00:00","description":"CYCLISME - L'UCI (Union Cycliste Internationale) a annonc\u00e9 ce mardi le calendrier pour la saison 2020. Un programme dense et attractif, sur le papier.","breadcrumb":{"@id":"https:\/\/dicodusport.fr\/blog\/cyclisme-nouveau-calendrier-uci-saison-2020\/#breadcrumb"},"inLanguage":"fr-FR","potentialAction":[{"@type":"ReadAction","target":["https:\/\/dicodusport.fr\/blog\/cyclisme-nouveau-calendrier-uci-saison-2020\/"]}]},{"@type":"ImageObject","inLanguage":"fr-FR","@id":"https:\/\/dicodusport.fr\/blog\/cyclisme-nouveau-calendrier-uci-saison-2020\/#primaryimage","url":"https:\/\/dicodusport.fr\/blog\/wp-content\/uploads\/2020\/05\/Le-nouveau-calendrier-UCI-pour-la-saison-2020.png","contentUrl":"https:\/\/dicodusport.fr\/blog\/wp-content\/uploads\/2020\/05\/Le-nouveau-calendrier-UCI-pour-la-saison-2020.png","width":800,"height":445,"caption":"Le nouveau calendrier UCI pour la saison 2020"},{"@type":"BreadcrumbList","@id":"https:\/\/dicodusport.fr\/blog\/cyclisme-nouveau-calendrier-uci-saison-2020\/#breadcrumb","itemListElement":[{"@type":"ListItem","position":1,"name":"Accueil","item":"https:\/\/dicodusport.fr\/blog\/"},{"@type":"ListItem","position":2,"name":"Le nouveau calendrier UCI pour la saison 2020"}]},{"@type":"WebSite","@id":"https:\/\/dicodusport.fr\/blog\/#website","url":"https:\/\/dicodusport.fr\/blog\/","name":"Dicodusport","description":"L&#039;encyclop\u00e9die de l&#039;actualit\u00e9 sportive","publisher":{"@id":"https:\/\/dicodusport.fr\/blog\/#organization"},"potentialAction":[{"@type":"SearchAction","target":{"@type":"EntryPoint","urlTemplate":"https:\/\/dicodusport.fr\/blog\/?s={search_term_string}"},"query-input":{"@type":"PropertyValueSpecification","valueRequired":true,"valueName":"search_term_string"}}],"inLanguage":"fr-FR"},{"@type":"NewsMediaOrganization","@id":"https:\/\/dicodusport.fr\/blog\/#organization","name":"Dicodusport","url":"https:\/\/dicodusport.fr\/blog\/","logo":{"@type":"ImageObject","inLanguage":"fr-FR","@id":"https:\/\/dicodusport.fr\/blog\/#\/schema\/logo\/image\/","url":"https:\/\/dicodusport.fr\/blog\/wp-content\/uploads\/2020\/06\/cropped-LOGO-DICODUSPORT-2020-SANS-FOND-SANS-TEXTE.png","contentUrl":"https:\/\/dicodusport.fr\/blog\/wp-content\/uploads\/2020\/06\/cropped-LOGO-DICODUSPORT-2020-SANS-FOND-SANS-TEXTE.png","width":512,"height":512,"caption":"Dicodusport"},"image":{"@id":"https:\/\/dicodusport.fr\/blog\/#\/schema\/logo\/image\/"},"sameAs":["https:\/\/www.facebook.com\/dicodusport","https:\/\/x.com\/dicodusport","https:\/\/www.instagram.com\/dicodusport\/","https:\/\/www.youtube.com\/channel\/UC7V2KZ5sd3htJivAbA4ZG3w"],"description":"Dicodusport est l'encyclop\u00e9die de l'actualit\u00e9 sportive.","email":"bonjour@dicodusport.fr","legalName":"DICODUSPORT","foundingDate":"2018-01-14","vatID":"FR71834470973","taxID":"83447097300043","numberOfEmployees":{"@type":"QuantitativeValue","minValue":"1","maxValue":"10"}},{"@type":"Person","@id":"https:\/\/dicodusport.fr\/blog\/#\/schema\/person\/cb02af4c173ce4a653b55e9baf388d4a","name":"Flo Ostermann","image":{"@type":"ImageObject","inLanguage":"fr-FR","@id":"https:\/\/dicodusport.fr\/blog\/#\/schema\/person\/image\/","url":"https:\/\/dicodusport.fr\/blog\/wp-content\/uploads\/2021\/05\/Flo-Ostermann-150x150.jpg","contentUrl":"https:\/\/dicodusport.fr\/blog\/wp-content\/uploads\/2021\/05\/Flo-Ostermann-150x150.jpg","caption":"Flo Ostermann"},"description":"Journaliste\/R\u00e9dacteur depuis septembre 2015 - Mes premiers souvenirs dans le sport ? Les envol\u00e9es du Stade Toulousain et les duels Villeneuve-Schumacher et H\u00e4kkinen-Schumacher \u00e0 la fin des ann\u00e9es 90, la Coupe du monde de football en 1998, l\u2019exploit du XV de France face aux All Blacks en 1999, mais aussi Richard C\u0153ur de Lion qui vole sur les montagnes du Tour de France. Bien parti pour devenir professeur d\u2019EPS, les \u00e9v\u00e9nements de la vie (et la flemme d\u2019animer des s\u00e9ances de 3x500 m\u00e8tres toute ma vie) m\u2019ont conduit \u00e0 revoir mes plans. Me voil\u00e0 depuis fin 2017 sur Dicodusport, m\u00e9dia gr\u00e2ce (et pour) lequel je partage ma passion : le sport dans tous ses \u00e9tats. Le tout accompagn\u00e9 par les fous furieux et folles furieuses cit\u00e9s sur cette page !","sameAs":["https:\/\/www.facebook.com\/florent.ostermann","https:\/\/x.com\/https:\/\/twitter.com\/FlOstermann","admin"],"url":"https:\/\/dicodusport.fr\/blog\/author\/flo\/"}]}},"_links":{"self":[{"href":"https:\/\/dicodusport.fr\/blog\/wp-json\/wp\/v2\/posts\/65848","targetHints":{"allow":["GET"]}}],"collection":[{"href":"https:\/\/dicodusport.fr\/blog\/wp-json\/wp\/v2\/posts"}],"about":[{"href":"https:\/\/dicodusport.fr\/blog\/wp-json\/wp\/v2\/types\/post"}],"author":[{"embeddable":true,"href":"https:\/\/dicodusport.fr\/blog\/wp-json\/wp\/v2\/users\/4"}],"replies":[{"embeddable":true,"href":"https:\/\/dicodusport.fr\/blog\/wp-json\/wp\/v2\/comments?post=65848"}],"version-history":[{"count":0,"href":"https:\/\/dicodusport.fr\/blog\/wp-json\/wp\/v2\/posts\/65848\/revisions"}],"wp:featuredmedia":[{"embeddable":true,"href":"https:\/\/dicodusport.fr\/blog\/wp-json\/wp\/v2\/media\/66187"}],"wp:attachment":[{"href":"https:\/\/dicodusport.fr\/blog\/wp-json\/wp\/v2\/media?parent=65848"}],"wp:term":[{"taxonomy":"category","embeddable":true,"href":"https:\/\/dicodusport.fr\/blog\/wp-json\/wp\/v2\/categories?post=65848"},{"taxonomy":"post_tag","embeddable":true,"href":"https:\/\/dicodusport.fr\/blog\/wp-json\/wp\/v2\/tags?post=65848"}],"curies":[{"name":"wp","href":"https:\/\/api.w.org\/{rel}","templated":true}]}}