{"id":658830,"date":"2026-03-28T15:41:57","date_gmt":"2026-03-28T14:41:57","guid":{"rendered":"https:\/\/dicodusport.fr\/blog\/?p=658830&#038;preview=true&#038;preview_id=658830"},"modified":"2026-03-28T16:22:49","modified_gmt":"2026-03-28T15:22:49","slug":"axel-laurance-soffre-un-deuxieme-bouquet-sur-la-semaine-coppi-et-bartali","status":"publish","type":"post","link":"https:\/\/dicodusport.fr\/blog\/axel-laurance-soffre-un-deuxieme-bouquet-sur-la-semaine-coppi-et-bartali\/","title":{"rendered":"Axel Laurance s&rsquo;offre un deuxi\u00e8me bouquet sur la Semaine Coppi et Bartali"},"content":{"rendered":"<p style=\"text-align: justify;\"><strong><em>SEMAINE COPPI ET BARTALI 2026 \u2013 Axel Laurance (INEOS Grenadiers) s&rsquo;offre un nouveau succ\u00e8s en s&rsquo;imposant au sprint \u00e0 Valdobbiadene. Il reprend la t\u00eate du classement g\u00e9n\u00e9ral.<\/em><\/strong><\/p>\n<ul>\n<li style=\"text-align: justify;\"><strong>\u00c0 ce sujet \u2013 <a href=\"https:\/\/dicodusport.fr\/blog\/4e-etape-semaine-coppi-et-bartali-2026-classement-et-resultats\/\">4e \u00e9tape Semaine Coppi et Bartali 2026 : Classement et r\u00e9sultats<\/a><\/strong><\/li>\n<\/ul>\n<p style=\"text-align: justify;\"><strong>Axel Laurance<\/strong> a bien doubl\u00e9 la mise ! Tr\u00e8s costaud sur le sprint final, il s&rsquo;impose pour la deuxi\u00e8me fois cette semaine, devan\u00e7ant une nouvelle fois le valeureux Suisse <strong>Mauro Schmid<\/strong>. Le coureur fran\u00e7ais de la formation INEOS Grenadiers a fait parler son punch et sa pointe de vitesse une nouvelle fois, devant une concurrence \u2014 il est vrai \u2014 fam\u00e9lique. Toutefois, cette huiti\u00e8me victoire professionnelle devrait lui redonner un plein de confiance pour la suite de la saison.<\/p>\n<blockquote class=\"twitter-tweet\">\n<p dir=\"ltr\" lang=\"fr\">Axel Laurance (Ineos Grenadiers) l&#8217;emporte sur la 4e \u00e9tape de la Semaine Internationale <a href=\"https:\/\/twitter.com\/hashtag\/CoppieBartali?src=hash&amp;ref_src=twsrc%5Etfw\">#CoppieBartali<\/a> ! \u00c0 la veille du dernier jour de course, le Fran\u00e7ais (24 ans) reprend aussi le maillot de leader au Suisse Mauro Schmid (Jayco-AlUla), 2e du jour. <a href=\"https:\/\/t.co\/YRTLil52NS\">pic.twitter.com\/YRTLil52NS<\/a><\/p>\n<p>\u2014 Le Gruppetto (@LeGruppetto) <a href=\"https:\/\/twitter.com\/LeGruppetto\/status\/2037901649281187972?ref_src=twsrc%5Etfw\">March 28, 2026<\/a><\/p><\/blockquote>\n<p><script async src=\"https:\/\/platform.twitter.com\/widgets.js\" charset=\"utf-8\"><\/script><\/p>\n<h2 style=\"text-align: justify;\">Les \u00e9quipes continentales italiennes une nouvelle fois \u00e0 l&rsquo;honneur<\/h2>\n<p style=\"text-align: justify;\">Auparavant, un groupe de trois coureurs issus d&rsquo;\u00e9quipes continentales transalpines a ouvert la route tr\u00e8s t\u00f4t, d\u00e8s le d\u00e9part donn\u00e9 \u00e0 Ponte di Piave. Il s&rsquo;agissait de <strong>Filippo Agostinacchio<\/strong> (Biesse &#8211; Carrera &#8211; Premac), <strong>Matteo Spreafico<\/strong> (Mg.K Vis Costruzioni e Ambiente) et <strong>Emanuele Ansaloni<\/strong> (Team Technipes Caff\u00e8 Borbone). Ils ont compt\u00e9 \u00e0 peu pr\u00e8s 3&rsquo;00 d&rsquo;avance au maximum sur un peloton emmen\u00e9 par les Ineos Grenadiers d&rsquo;<strong>Axel Laurance<\/strong> et les Jayco AlUla du leader <strong>Mauro Schmid<\/strong>, qui trouvaient l\u00e0 un final l\u00e9g\u00e8rement vallonn\u00e9 \u00e0 leur convenance.<\/p>\n<p style=\"text-align: justify;\">Puis, alors que <strong>Spreafico<\/strong> a l\u00e2ch\u00e9 prise dans la mont\u00e9e de Combai (3,1 km \u00e0 5 %), \u00e0 30 km de l&rsquo;arriv\u00e9e, c&rsquo;est un autre Italien qui s&rsquo;est lanc\u00e9 dans un contre relativement os\u00e9 en la personne de <strong>Lorenzo Masciarelli<\/strong> (MBH Bank CSB Telecom Fort). Bient\u00f4t, <strong>Andrea Pietrobon<\/strong> (Team Polti VisitMalta) le rejoignait pour former un duo de poursuivants. Mais finalement, le peloton a repris tout le monde \u00e0 12 km de l&rsquo;arriv\u00e9e, laissant la place \u00e0 l&rsquo;issue logique d&rsquo;un sprint massif. Celui-ci s&rsquo;effectuait en faux plat montant, avec un dernier kilom\u00e8tre pour costauds, notamment les 200 derniers m\u00e8tres \u00e0 6 %.<\/p>\n<h2 style=\"text-align: justify;\">Laurance reprend (provisoirement) son bien<\/h2>\n<p style=\"text-align: justify;\"><strong>Axel Laurance<\/strong> a donc coup\u00e9 la ligne en premier et, en terminant devant son rival helv\u00e8te, il a r\u00e9cup\u00e9r\u00e9 son bien du premier jour, la tunique de leader de cette Semaine Coppi et Bartali. Une satisfaction qui pourrait toutefois s&rsquo;av\u00e9rer de courte dur\u00e9e puisque l&rsquo;ultime \u00e9tape, qui aura lieu ce dimanche, empruntera les routes du Monte Stella (4,6 km \u00e0 8,7 %), dont le sommet se situera \u00e0 18 km de l&rsquo;arriv\u00e9e. De quoi faire bouger les lignes du classement g\u00e9n\u00e9ral actuel.<\/p>\n<ul style=\"text-align: justify;\">\n<li><strong>\u00c0 ce sujet \u2013\u00a0<a href=\"https:\/\/dicodusport.fr\/blog\/classement-general-semaine-coppi-et-bartali-2026-mis-a-jour\/\">Classement g\u00e9n\u00e9ral Semaine Coppi et Bartali 2026 mis \u00e0 jour<\/a><\/strong><\/li>\n<\/ul>\n<p>&nbsp;<\/p>\n<div id=\"gtx-trans\" style=\"position: absolute; left: -14px; top: 40.9091px;\">\n<div class=\"gtx-trans-icon\" style=\"text-align: justify;\"><\/div>\n<\/div>\n","protected":false},"excerpt":{"rendered":"<p>Axel Laurance (INEOS Grenadiers) s&rsquo;offre un nouveau succ\u00e8s en s&rsquo;imposant au sprint \u00e0 Valdobbiadene. Il reprend la t\u00eate du classement g\u00e9n\u00e9ral.<\/p>\n","protected":false},"author":92,"featured_media":658867,"comment_status":"open","ping_status":"closed","sticky":false,"template":"","format":"standard","meta":{"_acf_changed":false,"_daextam_enable_autolinks":"1","footnotes":""},"categories":[46994],"tags":[16878,574,11197,22493],"class_list":["post-658830","post","type-post","status-publish","format-standard","has-post-thumbnail","hentry","category-cyclisme-sur-route","tag-breve","tag-cyclisme","tag-cyclisme-sur-route","tag-semaine-coppi-et-bartali"],"acf":[],"yoast_head":"<!-- This site is optimized with the Yoast SEO Premium plugin v26.7 (Yoast SEO v26.7) - https:\/\/yoast.com\/wordpress\/plugins\/seo\/ -->\n<title>Axel Laurance s&#039;offre un deuxi\u00e8me bouquet sur la Semaine Coppi et Bartali<\/title>\n<meta name=\"description\" content=\"SEMAINE COPPI ET BARTALI 2026 \u2013 Axel Laurance (Ineos Grenadiers) s&#039;offre un nouveau succ\u00e8s en s&#039;imposant au sprint \u00e0 Valdobbiadene.\" \/>\n<meta name=\"robots\" content=\"index, follow, max-snippet:-1, max-image-preview:large, max-video-preview:-1\" \/>\n<link rel=\"canonical\" href=\"https:\/\/dicodusport.fr\/blog\/axel-laurance-soffre-un-deuxieme-bouquet-sur-la-semaine-coppi-et-bartali\/\" \/>\n<meta property=\"og:locale\" content=\"fr_FR\" \/>\n<meta property=\"og:type\" content=\"article\" \/>\n<meta property=\"og:title\" content=\"Axel Laurance s&#039;offre un deuxi\u00e8me bouquet sur la Semaine Coppi et Bartali\" \/>\n<meta property=\"og:description\" content=\"SEMAINE COPPI ET BARTALI 2026 \u2013 Axel Laurance (Ineos Grenadiers) s&#039;offre un nouveau succ\u00e8s en s&#039;imposant au sprint \u00e0 Valdobbiadene.\" \/>\n<meta property=\"og:url\" content=\"https:\/\/dicodusport.fr\/blog\/axel-laurance-soffre-un-deuxieme-bouquet-sur-la-semaine-coppi-et-bartali\/\" \/>\n<meta property=\"og:site_name\" content=\"Dicodusport\" \/>\n<meta property=\"article:publisher\" content=\"https:\/\/www.facebook.com\/dicodusport\" \/>\n<meta property=\"article:published_time\" content=\"2026-03-28T14:41:57+00:00\" \/>\n<meta property=\"article:modified_time\" content=\"2026-03-28T15:22:49+00:00\" \/>\n<meta property=\"og:image\" content=\"https:\/\/dicodusport.fr\/blog\/wp-content\/uploads\/2026\/03\/Axel-Laurance-soffre-un-deuxieme-bouquet-sur-la-Semaine-Coppi-et-Bartali-1.png\" \/>\n\t<meta property=\"og:image:width\" content=\"1200\" \/>\n\t<meta property=\"og:image:height\" content=\"674\" \/>\n\t<meta property=\"og:image:type\" content=\"image\/png\" \/>\n<meta name=\"author\" content=\"Olivier Dobiezynski\" \/>\n<meta name=\"twitter:card\" content=\"summary_large_image\" \/>\n<meta name=\"twitter:title\" content=\"Axel Laurance s&#039;offre un deuxi\u00e8me bouquet sur la Semaine Coppi et Bartali\" \/>\n<meta name=\"twitter:creator\" content=\"@https:\/\/x.com\/Olivier_Matros\" \/>\n<meta name=\"twitter:site\" content=\"@dicodusport\" \/>\n<script type=\"application\/ld+json\" class=\"yoast-schema-graph\">{\"@context\":\"https:\/\/schema.org\",\"@graph\":[{\"@type\":\"NewsArticle\",\"@id\":\"https:\/\/dicodusport.fr\/blog\/axel-laurance-soffre-un-deuxieme-bouquet-sur-la-semaine-coppi-et-bartali\/#article\",\"isPartOf\":{\"@id\":\"https:\/\/dicodusport.fr\/blog\/axel-laurance-soffre-un-deuxieme-bouquet-sur-la-semaine-coppi-et-bartali\/\"},\"author\":{\"name\":\"Olivier Dobiezynski\",\"@id\":\"https:\/\/dicodusport.fr\/blog\/#\/schema\/person\/fe500246414ca17ddf0c0312d7a792cc\"},\"headline\":\"Axel Laurance s&rsquo;offre un deuxi\u00e8me bouquet sur la Semaine Coppi et Bartali\",\"datePublished\":\"2026-03-28T14:41:57+00:00\",\"dateModified\":\"2026-03-28T15:22:49+00:00\",\"mainEntityOfPage\":{\"@id\":\"https:\/\/dicodusport.fr\/blog\/axel-laurance-soffre-un-deuxieme-bouquet-sur-la-semaine-coppi-et-bartali\/\"},\"wordCount\":499,\"commentCount\":0,\"publisher\":{\"@id\":\"https:\/\/dicodusport.fr\/blog\/#organization\"},\"image\":{\"@id\":\"https:\/\/dicodusport.fr\/blog\/axel-laurance-soffre-un-deuxieme-bouquet-sur-la-semaine-coppi-et-bartali\/#primaryimage\"},\"thumbnailUrl\":\"https:\/\/dicodusport.fr\/blog\/wp-content\/uploads\/2026\/03\/Axel-Laurance-soffre-un-deuxieme-bouquet-sur-la-Semaine-Coppi-et-Bartali-1.png\",\"keywords\":[\"br\u00e8ve\",\"Cyclisme\",\"Cyclisme sur route\",\"Semaine Coppi et Bartali\"],\"articleSection\":[\"Cyclisme sur route\"],\"inLanguage\":\"fr-FR\",\"potentialAction\":[{\"@type\":\"CommentAction\",\"name\":\"Comment\",\"target\":[\"https:\/\/dicodusport.fr\/blog\/axel-laurance-soffre-un-deuxieme-bouquet-sur-la-semaine-coppi-et-bartali\/#respond\"]}],\"copyrightYear\":\"2026\",\"copyrightHolder\":{\"@id\":\"https:\/\/dicodusport.fr\/blog\/#organization\"}},{\"@type\":\"WebPage\",\"@id\":\"https:\/\/dicodusport.fr\/blog\/axel-laurance-soffre-un-deuxieme-bouquet-sur-la-semaine-coppi-et-bartali\/\",\"url\":\"https:\/\/dicodusport.fr\/blog\/axel-laurance-soffre-un-deuxieme-bouquet-sur-la-semaine-coppi-et-bartali\/\",\"name\":\"Axel Laurance s'offre un deuxi\u00e8me bouquet sur la Semaine Coppi et Bartali\",\"isPartOf\":{\"@id\":\"https:\/\/dicodusport.fr\/blog\/#website\"},\"primaryImageOfPage\":{\"@id\":\"https:\/\/dicodusport.fr\/blog\/axel-laurance-soffre-un-deuxieme-bouquet-sur-la-semaine-coppi-et-bartali\/#primaryimage\"},\"image\":{\"@id\":\"https:\/\/dicodusport.fr\/blog\/axel-laurance-soffre-un-deuxieme-bouquet-sur-la-semaine-coppi-et-bartali\/#primaryimage\"},\"thumbnailUrl\":\"https:\/\/dicodusport.fr\/blog\/wp-content\/uploads\/2026\/03\/Axel-Laurance-soffre-un-deuxieme-bouquet-sur-la-Semaine-Coppi-et-Bartali-1.png\",\"datePublished\":\"2026-03-28T14:41:57+00:00\",\"dateModified\":\"2026-03-28T15:22:49+00:00\",\"description\":\"SEMAINE COPPI ET BARTALI 2026 \u2013 Axel Laurance (Ineos Grenadiers) s'offre un nouveau succ\u00e8s en s'imposant au sprint \u00e0 Valdobbiadene.\",\"breadcrumb\":{\"@id\":\"https:\/\/dicodusport.fr\/blog\/axel-laurance-soffre-un-deuxieme-bouquet-sur-la-semaine-coppi-et-bartali\/#breadcrumb\"},\"inLanguage\":\"fr-FR\",\"potentialAction\":[{\"@type\":\"ReadAction\",\"target\":[\"https:\/\/dicodusport.fr\/blog\/axel-laurance-soffre-un-deuxieme-bouquet-sur-la-semaine-coppi-et-bartali\/\"]}]},{\"@type\":\"ImageObject\",\"inLanguage\":\"fr-FR\",\"@id\":\"https:\/\/dicodusport.fr\/blog\/axel-laurance-soffre-un-deuxieme-bouquet-sur-la-semaine-coppi-et-bartali\/#primaryimage\",\"url\":\"https:\/\/dicodusport.fr\/blog\/wp-content\/uploads\/2026\/03\/Axel-Laurance-soffre-un-deuxieme-bouquet-sur-la-Semaine-Coppi-et-Bartali-1.png\",\"contentUrl\":\"https:\/\/dicodusport.fr\/blog\/wp-content\/uploads\/2026\/03\/Axel-Laurance-soffre-un-deuxieme-bouquet-sur-la-Semaine-Coppi-et-Bartali-1.png\",\"width\":1200,\"height\":674,\"caption\":\"Axel Laurance s'offre un deuxi\u00e8me bouquet sur la Semaine Coppi et Bartali (1)\"},{\"@type\":\"BreadcrumbList\",\"@id\":\"https:\/\/dicodusport.fr\/blog\/axel-laurance-soffre-un-deuxieme-bouquet-sur-la-semaine-coppi-et-bartali\/#breadcrumb\",\"itemListElement\":[{\"@type\":\"ListItem\",\"position\":1,\"name\":\"Accueil\",\"item\":\"https:\/\/dicodusport.fr\/blog\/\"},{\"@type\":\"ListItem\",\"position\":2,\"name\":\"Axel Laurance s&rsquo;offre un deuxi\u00e8me bouquet sur la Semaine Coppi et Bartali\"}]},{\"@type\":\"WebSite\",\"@id\":\"https:\/\/dicodusport.fr\/blog\/#website\",\"url\":\"https:\/\/dicodusport.fr\/blog\/\",\"name\":\"Dicodusport\",\"description\":\"L&#039;encyclop\u00e9die de l&#039;actualit\u00e9 sportive\",\"publisher\":{\"@id\":\"https:\/\/dicodusport.fr\/blog\/#organization\"},\"potentialAction\":[{\"@type\":\"SearchAction\",\"target\":{\"@type\":\"EntryPoint\",\"urlTemplate\":\"https:\/\/dicodusport.fr\/blog\/?s={search_term_string}\"},\"query-input\":{\"@type\":\"PropertyValueSpecification\",\"valueRequired\":true,\"valueName\":\"search_term_string\"}}],\"inLanguage\":\"fr-FR\"},{\"@type\":\"NewsMediaOrganization\",\"@id\":\"https:\/\/dicodusport.fr\/blog\/#organization\",\"name\":\"Dicodusport\",\"url\":\"https:\/\/dicodusport.fr\/blog\/\",\"logo\":{\"@type\":\"ImageObject\",\"inLanguage\":\"fr-FR\",\"@id\":\"https:\/\/dicodusport.fr\/blog\/#\/schema\/logo\/image\/\",\"url\":\"https:\/\/dicodusport.fr\/blog\/wp-content\/uploads\/2020\/06\/cropped-LOGO-DICODUSPORT-2020-SANS-FOND-SANS-TEXTE.png\",\"contentUrl\":\"https:\/\/dicodusport.fr\/blog\/wp-content\/uploads\/2020\/06\/cropped-LOGO-DICODUSPORT-2020-SANS-FOND-SANS-TEXTE.png\",\"width\":512,\"height\":512,\"caption\":\"Dicodusport\"},\"image\":{\"@id\":\"https:\/\/dicodusport.fr\/blog\/#\/schema\/logo\/image\/\"},\"sameAs\":[\"https:\/\/www.facebook.com\/dicodusport\",\"https:\/\/x.com\/dicodusport\",\"https:\/\/www.instagram.com\/dicodusport\/\",\"https:\/\/www.youtube.com\/channel\/UC7V2KZ5sd3htJivAbA4ZG3w\"],\"description\":\"Dicodusport est l'encyclop\u00e9die de l'actualit\u00e9 sportive.\",\"email\":\"bonjour@dicodusport.fr\",\"legalName\":\"DICODUSPORT\",\"foundingDate\":\"2018-01-14\",\"vatID\":\"FR71834470973\",\"taxID\":\"83447097300043\",\"numberOfEmployees\":{\"@type\":\"QuantitativeValue\",\"minValue\":\"1\",\"maxValue\":\"10\"}},{\"@type\":\"Person\",\"@id\":\"https:\/\/dicodusport.fr\/blog\/#\/schema\/person\/fe500246414ca17ddf0c0312d7a792cc\",\"name\":\"Olivier Dobiezynski\",\"image\":{\"@type\":\"ImageObject\",\"inLanguage\":\"fr-FR\",\"@id\":\"https:\/\/dicodusport.fr\/blog\/#\/schema\/person\/image\/\",\"url\":\"https:\/\/dicodusport.fr\/blog\/wp-content\/uploads\/2024\/09\/5be8fe8d-9962-4f1e-ad06-d6f9dee30e6d-150x150.jpg\",\"contentUrl\":\"https:\/\/dicodusport.fr\/blog\/wp-content\/uploads\/2024\/09\/5be8fe8d-9962-4f1e-ad06-d6f9dee30e6d-150x150.jpg\",\"caption\":\"Olivier Dobiezynski\"},\"description\":\"Depuis le milieu des ann\u00e9es 90, la passion du cyclisme m'anime. Mes h\u00e9ros s'appellent Luc Leblanc, Piotr Ugrumov, Paolo Savoldelli, Peter Sagan et bien \u00e9videmment Romain Bardet. R\u00e9dacteur depuis 2023, je suis ici pour partager cet amour de la Petite Reine. Vous pourrez me lire \u00e9galement sur du trail, du ski de fond et tout autre sujet susceptible d'\u00e9veiller ma curiosit\u00e9 sportive.\",\"sameAs\":[\"https:\/\/x.com\/https:\/\/x.com\/Olivier_Matros\"],\"url\":\"https:\/\/dicodusport.fr\/blog\/author\/olivier-gh\/\"}]}<\/script>\n<!-- \/ Yoast SEO Premium plugin. -->","yoast_head_json":{"title":"Axel Laurance s'offre un deuxi\u00e8me bouquet sur la Semaine Coppi et Bartali","description":"SEMAINE COPPI ET BARTALI 2026 \u2013 Axel Laurance (Ineos Grenadiers) s'offre un nouveau succ\u00e8s en s'imposant au sprint \u00e0 Valdobbiadene.","robots":{"index":"index","follow":"follow","max-snippet":"max-snippet:-1","max-image-preview":"max-image-preview:large","max-video-preview":"max-video-preview:-1"},"canonical":"https:\/\/dicodusport.fr\/blog\/axel-laurance-soffre-un-deuxieme-bouquet-sur-la-semaine-coppi-et-bartali\/","og_locale":"fr_FR","og_type":"article","og_title":"Axel Laurance s'offre un deuxi\u00e8me bouquet sur la Semaine Coppi et Bartali","og_description":"SEMAINE COPPI ET BARTALI 2026 \u2013 Axel Laurance (Ineos Grenadiers) s'offre un nouveau succ\u00e8s en s'imposant au sprint \u00e0 Valdobbiadene.","og_url":"https:\/\/dicodusport.fr\/blog\/axel-laurance-soffre-un-deuxieme-bouquet-sur-la-semaine-coppi-et-bartali\/","og_site_name":"Dicodusport","article_publisher":"https:\/\/www.facebook.com\/dicodusport","article_published_time":"2026-03-28T14:41:57+00:00","article_modified_time":"2026-03-28T15:22:49+00:00","og_image":[{"width":1200,"height":674,"url":"https:\/\/dicodusport.fr\/blog\/wp-content\/uploads\/2026\/03\/Axel-Laurance-soffre-un-deuxieme-bouquet-sur-la-Semaine-Coppi-et-Bartali-1.png","type":"image\/png"}],"author":"Olivier Dobiezynski","twitter_card":"summary_large_image","twitter_title":"Axel Laurance s'offre un deuxi\u00e8me bouquet sur la Semaine Coppi et Bartali","twitter_creator":"@https:\/\/x.com\/Olivier_Matros","twitter_site":"@dicodusport","schema":{"@context":"https:\/\/schema.org","@graph":[{"@type":"NewsArticle","@id":"https:\/\/dicodusport.fr\/blog\/axel-laurance-soffre-un-deuxieme-bouquet-sur-la-semaine-coppi-et-bartali\/#article","isPartOf":{"@id":"https:\/\/dicodusport.fr\/blog\/axel-laurance-soffre-un-deuxieme-bouquet-sur-la-semaine-coppi-et-bartali\/"},"author":{"name":"Olivier Dobiezynski","@id":"https:\/\/dicodusport.fr\/blog\/#\/schema\/person\/fe500246414ca17ddf0c0312d7a792cc"},"headline":"Axel Laurance s&rsquo;offre un deuxi\u00e8me bouquet sur la Semaine Coppi et Bartali","datePublished":"2026-03-28T14:41:57+00:00","dateModified":"2026-03-28T15:22:49+00:00","mainEntityOfPage":{"@id":"https:\/\/dicodusport.fr\/blog\/axel-laurance-soffre-un-deuxieme-bouquet-sur-la-semaine-coppi-et-bartali\/"},"wordCount":499,"commentCount":0,"publisher":{"@id":"https:\/\/dicodusport.fr\/blog\/#organization"},"image":{"@id":"https:\/\/dicodusport.fr\/blog\/axel-laurance-soffre-un-deuxieme-bouquet-sur-la-semaine-coppi-et-bartali\/#primaryimage"},"thumbnailUrl":"https:\/\/dicodusport.fr\/blog\/wp-content\/uploads\/2026\/03\/Axel-Laurance-soffre-un-deuxieme-bouquet-sur-la-Semaine-Coppi-et-Bartali-1.png","keywords":["br\u00e8ve","Cyclisme","Cyclisme sur route","Semaine Coppi et Bartali"],"articleSection":["Cyclisme sur route"],"inLanguage":"fr-FR","potentialAction":[{"@type":"CommentAction","name":"Comment","target":["https:\/\/dicodusport.fr\/blog\/axel-laurance-soffre-un-deuxieme-bouquet-sur-la-semaine-coppi-et-bartali\/#respond"]}],"copyrightYear":"2026","copyrightHolder":{"@id":"https:\/\/dicodusport.fr\/blog\/#organization"}},{"@type":"WebPage","@id":"https:\/\/dicodusport.fr\/blog\/axel-laurance-soffre-un-deuxieme-bouquet-sur-la-semaine-coppi-et-bartali\/","url":"https:\/\/dicodusport.fr\/blog\/axel-laurance-soffre-un-deuxieme-bouquet-sur-la-semaine-coppi-et-bartali\/","name":"Axel Laurance s'offre un deuxi\u00e8me bouquet sur la Semaine Coppi et Bartali","isPartOf":{"@id":"https:\/\/dicodusport.fr\/blog\/#website"},"primaryImageOfPage":{"@id":"https:\/\/dicodusport.fr\/blog\/axel-laurance-soffre-un-deuxieme-bouquet-sur-la-semaine-coppi-et-bartali\/#primaryimage"},"image":{"@id":"https:\/\/dicodusport.fr\/blog\/axel-laurance-soffre-un-deuxieme-bouquet-sur-la-semaine-coppi-et-bartali\/#primaryimage"},"thumbnailUrl":"https:\/\/dicodusport.fr\/blog\/wp-content\/uploads\/2026\/03\/Axel-Laurance-soffre-un-deuxieme-bouquet-sur-la-Semaine-Coppi-et-Bartali-1.png","datePublished":"2026-03-28T14:41:57+00:00","dateModified":"2026-03-28T15:22:49+00:00","description":"SEMAINE COPPI ET BARTALI 2026 \u2013 Axel Laurance (Ineos Grenadiers) s'offre un nouveau succ\u00e8s en s'imposant au sprint \u00e0 Valdobbiadene.","breadcrumb":{"@id":"https:\/\/dicodusport.fr\/blog\/axel-laurance-soffre-un-deuxieme-bouquet-sur-la-semaine-coppi-et-bartali\/#breadcrumb"},"inLanguage":"fr-FR","potentialAction":[{"@type":"ReadAction","target":["https:\/\/dicodusport.fr\/blog\/axel-laurance-soffre-un-deuxieme-bouquet-sur-la-semaine-coppi-et-bartali\/"]}]},{"@type":"ImageObject","inLanguage":"fr-FR","@id":"https:\/\/dicodusport.fr\/blog\/axel-laurance-soffre-un-deuxieme-bouquet-sur-la-semaine-coppi-et-bartali\/#primaryimage","url":"https:\/\/dicodusport.fr\/blog\/wp-content\/uploads\/2026\/03\/Axel-Laurance-soffre-un-deuxieme-bouquet-sur-la-Semaine-Coppi-et-Bartali-1.png","contentUrl":"https:\/\/dicodusport.fr\/blog\/wp-content\/uploads\/2026\/03\/Axel-Laurance-soffre-un-deuxieme-bouquet-sur-la-Semaine-Coppi-et-Bartali-1.png","width":1200,"height":674,"caption":"Axel Laurance s'offre un deuxi\u00e8me bouquet sur la Semaine Coppi et Bartali (1)"},{"@type":"BreadcrumbList","@id":"https:\/\/dicodusport.fr\/blog\/axel-laurance-soffre-un-deuxieme-bouquet-sur-la-semaine-coppi-et-bartali\/#breadcrumb","itemListElement":[{"@type":"ListItem","position":1,"name":"Accueil","item":"https:\/\/dicodusport.fr\/blog\/"},{"@type":"ListItem","position":2,"name":"Axel Laurance s&rsquo;offre un deuxi\u00e8me bouquet sur la Semaine Coppi et Bartali"}]},{"@type":"WebSite","@id":"https:\/\/dicodusport.fr\/blog\/#website","url":"https:\/\/dicodusport.fr\/blog\/","name":"Dicodusport","description":"L&#039;encyclop\u00e9die de l&#039;actualit\u00e9 sportive","publisher":{"@id":"https:\/\/dicodusport.fr\/blog\/#organization"},"potentialAction":[{"@type":"SearchAction","target":{"@type":"EntryPoint","urlTemplate":"https:\/\/dicodusport.fr\/blog\/?s={search_term_string}"},"query-input":{"@type":"PropertyValueSpecification","valueRequired":true,"valueName":"search_term_string"}}],"inLanguage":"fr-FR"},{"@type":"NewsMediaOrganization","@id":"https:\/\/dicodusport.fr\/blog\/#organization","name":"Dicodusport","url":"https:\/\/dicodusport.fr\/blog\/","logo":{"@type":"ImageObject","inLanguage":"fr-FR","@id":"https:\/\/dicodusport.fr\/blog\/#\/schema\/logo\/image\/","url":"https:\/\/dicodusport.fr\/blog\/wp-content\/uploads\/2020\/06\/cropped-LOGO-DICODUSPORT-2020-SANS-FOND-SANS-TEXTE.png","contentUrl":"https:\/\/dicodusport.fr\/blog\/wp-content\/uploads\/2020\/06\/cropped-LOGO-DICODUSPORT-2020-SANS-FOND-SANS-TEXTE.png","width":512,"height":512,"caption":"Dicodusport"},"image":{"@id":"https:\/\/dicodusport.fr\/blog\/#\/schema\/logo\/image\/"},"sameAs":["https:\/\/www.facebook.com\/dicodusport","https:\/\/x.com\/dicodusport","https:\/\/www.instagram.com\/dicodusport\/","https:\/\/www.youtube.com\/channel\/UC7V2KZ5sd3htJivAbA4ZG3w"],"description":"Dicodusport est l'encyclop\u00e9die de l'actualit\u00e9 sportive.","email":"bonjour@dicodusport.fr","legalName":"DICODUSPORT","foundingDate":"2018-01-14","vatID":"FR71834470973","taxID":"83447097300043","numberOfEmployees":{"@type":"QuantitativeValue","minValue":"1","maxValue":"10"}},{"@type":"Person","@id":"https:\/\/dicodusport.fr\/blog\/#\/schema\/person\/fe500246414ca17ddf0c0312d7a792cc","name":"Olivier Dobiezynski","image":{"@type":"ImageObject","inLanguage":"fr-FR","@id":"https:\/\/dicodusport.fr\/blog\/#\/schema\/person\/image\/","url":"https:\/\/dicodusport.fr\/blog\/wp-content\/uploads\/2024\/09\/5be8fe8d-9962-4f1e-ad06-d6f9dee30e6d-150x150.jpg","contentUrl":"https:\/\/dicodusport.fr\/blog\/wp-content\/uploads\/2024\/09\/5be8fe8d-9962-4f1e-ad06-d6f9dee30e6d-150x150.jpg","caption":"Olivier Dobiezynski"},"description":"Depuis le milieu des ann\u00e9es 90, la passion du cyclisme m'anime. Mes h\u00e9ros s'appellent Luc Leblanc, Piotr Ugrumov, Paolo Savoldelli, Peter Sagan et bien \u00e9videmment Romain Bardet. R\u00e9dacteur depuis 2023, je suis ici pour partager cet amour de la Petite Reine. Vous pourrez me lire \u00e9galement sur du trail, du ski de fond et tout autre sujet susceptible d'\u00e9veiller ma curiosit\u00e9 sportive.","sameAs":["https:\/\/x.com\/https:\/\/x.com\/Olivier_Matros"],"url":"https:\/\/dicodusport.fr\/blog\/author\/olivier-gh\/"}]}},"_links":{"self":[{"href":"https:\/\/dicodusport.fr\/blog\/wp-json\/wp\/v2\/posts\/658830","targetHints":{"allow":["GET"]}}],"collection":[{"href":"https:\/\/dicodusport.fr\/blog\/wp-json\/wp\/v2\/posts"}],"about":[{"href":"https:\/\/dicodusport.fr\/blog\/wp-json\/wp\/v2\/types\/post"}],"author":[{"embeddable":true,"href":"https:\/\/dicodusport.fr\/blog\/wp-json\/wp\/v2\/users\/92"}],"replies":[{"embeddable":true,"href":"https:\/\/dicodusport.fr\/blog\/wp-json\/wp\/v2\/comments?post=658830"}],"version-history":[{"count":5,"href":"https:\/\/dicodusport.fr\/blog\/wp-json\/wp\/v2\/posts\/658830\/revisions"}],"predecessor-version":[{"id":658891,"href":"https:\/\/dicodusport.fr\/blog\/wp-json\/wp\/v2\/posts\/658830\/revisions\/658891"}],"wp:featuredmedia":[{"embeddable":true,"href":"https:\/\/dicodusport.fr\/blog\/wp-json\/wp\/v2\/media\/658867"}],"wp:attachment":[{"href":"https:\/\/dicodusport.fr\/blog\/wp-json\/wp\/v2\/media?parent=658830"}],"wp:term":[{"taxonomy":"category","embeddable":true,"href":"https:\/\/dicodusport.fr\/blog\/wp-json\/wp\/v2\/categories?post=658830"},{"taxonomy":"post_tag","embeddable":true,"href":"https:\/\/dicodusport.fr\/blog\/wp-json\/wp\/v2\/tags?post=658830"}],"curies":[{"name":"wp","href":"https:\/\/api.w.org\/{rel}","templated":true}]}}