{"id":658841,"date":"2026-03-28T15:19:28","date_gmt":"2026-03-28T14:19:28","guid":{"rendered":"https:\/\/dicodusport.fr\/blog\/?p=658841&#038;preview=true&#038;preview_id=658841"},"modified":"2026-03-29T14:31:15","modified_gmt":"2026-03-29T12:31:15","slug":"trois-podiums-francais-pour-clore-la-saison-de-telemark-le-petit-globe-du-sprint-parallele-pour-yoann-rostolan","status":"publish","type":"post","link":"https:\/\/dicodusport.fr\/blog\/trois-podiums-francais-pour-clore-la-saison-de-telemark-le-petit-globe-du-sprint-parallele-pour-yoann-rostolan\/","title":{"rendered":"Trois podiums fran\u00e7ais pour clore la saison de t\u00e9l\u00e9mark, le petit globe du sprint parall\u00e8le pour Yoann Rostolan"},"content":{"rendered":"<p style=\"text-align: justify;\"><strong><em>COUPE DU MONDE DE T\u00c9L\u00c9MARK 2025\/2026 &#8211; Podium sur le dernier sprint parall\u00e8le pour Augustine Carliez, Charly Petex et Yoann Rostolan, qui s&rsquo;offre un petit globe.\u00a0<\/em><\/strong><\/p>\n<p style=\"text-align: justify;\">C&rsquo;\u00e9tait l&rsquo;heure de refermer le livre de la saison de t\u00e9l\u00e9mark, avec les derni\u00e8res courses aux Contamines-Montjoie. \u00c0 domicile, les Bleus voulaient finir en beaut\u00e9, et en particulier Yoann Rostolan, en lice pour le petit globe du sprint parall\u00e8le, un classement qu&rsquo;il dominait avant de s&rsquo;\u00e9lancer pour la derni\u00e8re fois cet hiver. Apr\u00e8s celui d&rsquo;Augustine Carliez hier, un deuxi\u00e8me petit globe pour les Bleus ?<\/p>\n<div class=\"vlp-link-container vlp-layout-article\"><a href=\"https:\/\/dicodusport.fr\/blog\/3eme-de-la-derniere-classic-aux-contamines-montjoie-augustine-carliez-rafle-son-premier-petit-globe-en-telemark\/\" class=\"vlp-link\" title=\"3\u00e8me de la derni\u00e8re classic aux Contamines-Montjoie, Augustine Carliez rafle son premier petit globe en t\u00e9l\u00e9mark\"><\/a><div class=\"vlp-layout-zone-side\"><div class=\"vlp-block-4 vlp-link-image\"><img loading=\"lazy\" decoding=\"async\" style=\"max-width: 792px;\" width=\"792\" height=\"445\" src=\"https:\/\/dicodusport.fr\/blog\/wp-content\/uploads\/2026\/03\/3eme-de-la-derniere-classic-aux-Contamines-Montjoie-Augustine-Carliez-rafle-son-premier-petit-globe.png\" class=\"attachment-800x445 size-800x445\" alt=\"3\u00e8me de la derni\u00e8re classic aux Contamines-Montjoie, Augustine Carliez rafle son premier petit globe\" srcset=\"https:\/\/dicodusport.fr\/blog\/wp-content\/uploads\/2026\/03\/3eme-de-la-derniere-classic-aux-Contamines-Montjoie-Augustine-Carliez-rafle-son-premier-petit-globe.png 1200w, https:\/\/dicodusport.fr\/blog\/wp-content\/uploads\/2026\/03\/3eme-de-la-derniere-classic-aux-Contamines-Montjoie-Augustine-Carliez-rafle-son-premier-petit-globe-300x169.png 300w, https:\/\/dicodusport.fr\/blog\/wp-content\/uploads\/2026\/03\/3eme-de-la-derniere-classic-aux-Contamines-Montjoie-Augustine-Carliez-rafle-son-premier-petit-globe-1024x575.png 1024w, https:\/\/dicodusport.fr\/blog\/wp-content\/uploads\/2026\/03\/3eme-de-la-derniere-classic-aux-Contamines-Montjoie-Augustine-Carliez-rafle-son-premier-petit-globe-768x431.png 768w\" sizes=\"auto, (max-width: 792px) 100vw, 792px\" \/><\/div><\/div><div class=\"vlp-layout-zone-main\"><div class=\"vlp-block-0 vlp-link-title\">3\u00e8me de la derni\u00e8re classic aux Contamines-Montjoie, Augustine Carliez rafle son premier petit globe en t\u00e9l\u00e9mark<\/div><div class=\"vlp-block-1 vlp-link-summary\">COUPE DU MONDE DE T\u00c9L\u00c9MARK 2025\/2026 - En s'emparant de la 3\u00e8me place de la classic disput\u00e9e aux Contamines-Montjoie ce vendredi, Augustine Carliez a mis la main sur le petit globe de la sp\u00e9cialit\u00e9.<\/div><div class=\"vlp-block-2 vlp-link-button\">Lire l'article<\/div><div class=\"vlp-block-3 vlp-link-url\">dicodusport.fr<\/div><\/div><\/div>\n<h2 style=\"text-align: justify;\">La fin d&rsquo;une belle saison fran\u00e7aise<\/h2>\n<p style=\"text-align: justify;\">La bonne nouvelle n&rsquo;a pas tard\u00e9 \u00e0 tomber : vainqueur de la qualification au matin, <strong>Nicolas Michel<\/strong>, vainqueur du classement g\u00e9n\u00e9ral, ne s&rsquo;est pas \u00e9lanc\u00e9. Deuxi\u00e8me au classement, le Suisse a donc laiss\u00e9 \u00e9chapper le Grand Chelem, lui qui avait remport\u00e9 les petits globes de la classic et du sprint. Ainsi, <strong>Yoann Rostolan<\/strong> s&rsquo;offrait le premier petit globe de sa carri\u00e8re.<\/p>\n<p style=\"text-align: justify;\">Restait \u00e0 finir en beaut\u00e9 : ils \u00e9taient trois Bleus en demi-finale, mais <strong>Alexis Page<\/strong> ne parvenait pas \u00e0 sortir <strong>Adrian Ball<\/strong>, le Canadien retrouvant en finale <strong>Charly Petex<\/strong>, qui avait sorti <strong>Yoann Rostolan<\/strong>. Ce dernier allait s&rsquo;offrir un ultime podium, mais en finale, le Canadien \u00e9tait trop fort et triomphait pour cl\u00f4turer la saison. N\u00e9anmoins, ce double podium fran\u00e7ais confirmait la place des Bleus dans la hi\u00e9rarchie, et surtout l&rsquo;incroyable densit\u00e9 qui a fait la force de la France cette saison.<\/p>\n<p style=\"text-align: justify;\">Chez les femmes, une seule concurrente s&rsquo;est hiss\u00e9e dans le dernier carr\u00e9 : <strong>Augustine Carliez<\/strong>, qui allait m\u00eame faire tomber une des Reines du circuit,<strong> Jasmin Taylor<\/strong>, en demi-finale, pour un petit dixi\u00e8me. Mais rien \u00e0 faire lors de la finale contre la meilleure de la saison : <strong>G\u00f8ril Str\u00f8m Eriksen<\/strong>, qui s&rsquo;offre un nouveau globe apr\u00e8s celui du g\u00e9n\u00e9ral et du sprint. N\u00e9anmoins, pour <strong>Augustine Carliez<\/strong>, avec ce globe de la classic, et une quatri\u00e8me place au g\u00e9n\u00e9ral juste derri\u00e8re une autre Fran\u00e7aise, <strong>Camille Bourbon<\/strong>, la saison est une v\u00e9ritable r\u00e9ussite !<\/p>\n<div id=\"gtx-trans\" style=\"position: absolute; left: -14px; top: 40.9091px;\">\n<div class=\"gtx-trans-icon\" style=\"text-align: justify;\"><\/div>\n<\/div>\n","protected":false},"excerpt":{"rendered":"<p>COUPE DU MONDE DE T\u00c9L\u00c9MARK 2025\/2026 &#8211; Podium sur le dernier sprint parall\u00e8le pour Augustine Carliez, Charly Petex et Yoann Rostolan, qui s&rsquo;offre un petit globe.\u00a0<\/p>\n","protected":false},"author":59,"featured_media":658857,"comment_status":"open","ping_status":"closed","sticky":false,"template":"","format":"standard","meta":{"_acf_changed":false,"_daextam_enable_autolinks":"1","footnotes":""},"categories":[45756],"tags":[30242,16878,13759,675],"class_list":["post-658841","post","type-post","status-publish","format-standard","has-post-thumbnail","hentry","category-telemark","tag-augustine-carliez","tag-breve","tag-coupe-du-monde-de-telemark","tag-telemark"],"acf":[],"yoast_head":"<!-- This site is optimized with the Yoast SEO Premium plugin v26.7 (Yoast SEO v26.7) - https:\/\/yoast.com\/wordpress\/plugins\/seo\/ -->\n<title>Trois podiums fran\u00e7ais pour clore la saison de t\u00e9l\u00e9mark, le petit globe du sprint parall\u00e8le pour Yoann Rostolan<\/title>\n<meta name=\"description\" content=\"COUPE DU MONDE DE T\u00c9L\u00c9MARK 2025\/2026 - Podium sur le dernier sprint parall\u00e8le pour Augustine Carliez, Charly Petex et Yoann Rostolan, qui s&#039;offre un petit globe.\u00a0\" \/>\n<meta name=\"robots\" content=\"index, follow, max-snippet:-1, max-image-preview:large, max-video-preview:-1\" \/>\n<link rel=\"canonical\" href=\"https:\/\/dicodusport.fr\/blog\/trois-podiums-francais-pour-clore-la-saison-de-telemark-le-petit-globe-du-sprint-parallele-pour-yoann-rostolan\/\" \/>\n<meta property=\"og:locale\" content=\"fr_FR\" \/>\n<meta property=\"og:type\" content=\"article\" \/>\n<meta property=\"og:title\" content=\"Trois podiums fran\u00e7ais pour clore la saison de t\u00e9l\u00e9mark, le petit globe du sprint parall\u00e8le pour Yoann Rostolan\" \/>\n<meta property=\"og:description\" content=\"COUPE DU MONDE DE T\u00c9L\u00c9MARK 2025\/2026 - Podium sur le dernier sprint parall\u00e8le pour Augustine Carliez, Charly Petex et Yoann Rostolan, qui s&#039;offre un petit globe.\u00a0\" \/>\n<meta property=\"og:url\" content=\"https:\/\/dicodusport.fr\/blog\/trois-podiums-francais-pour-clore-la-saison-de-telemark-le-petit-globe-du-sprint-parallele-pour-yoann-rostolan\/\" \/>\n<meta property=\"og:site_name\" content=\"Dicodusport\" \/>\n<meta property=\"article:publisher\" content=\"https:\/\/www.facebook.com\/dicodusport\" \/>\n<meta property=\"article:author\" content=\"https:\/\/www.facebook.com\/sebastien.gente\/\" \/>\n<meta property=\"article:published_time\" content=\"2026-03-28T14:19:28+00:00\" \/>\n<meta property=\"article:modified_time\" content=\"2026-03-29T12:31:15+00:00\" \/>\n<meta property=\"og:image\" content=\"https:\/\/dicodusport.fr\/blog\/wp-content\/uploads\/2026\/03\/Trois-podiums-francais-pour-clore-la-saison-de-telemark-le-petit-globe-du-sprint-parallele-pour-Yoann-Rostolan.png\" \/>\n\t<meta property=\"og:image:width\" content=\"1200\" \/>\n\t<meta property=\"og:image:height\" content=\"674\" \/>\n\t<meta property=\"og:image:type\" content=\"image\/png\" \/>\n<meta name=\"author\" content=\"S\u00e9bastien Gente\" \/>\n<meta name=\"twitter:card\" content=\"summary_large_image\" \/>\n<meta name=\"twitter:title\" content=\"Trois podiums fran\u00e7ais pour clore la saison de t\u00e9l\u00e9mark, le petit globe du sprint parall\u00e8le pour Yoann Rostolan\" \/>\n<meta name=\"twitter:creator\" content=\"@https:\/\/twitter.com\/globulo24\" \/>\n<meta name=\"twitter:site\" content=\"@dicodusport\" \/>\n<script type=\"application\/ld+json\" class=\"yoast-schema-graph\">{\"@context\":\"https:\/\/schema.org\",\"@graph\":[{\"@type\":\"NewsArticle\",\"@id\":\"https:\/\/dicodusport.fr\/blog\/trois-podiums-francais-pour-clore-la-saison-de-telemark-le-petit-globe-du-sprint-parallele-pour-yoann-rostolan\/#article\",\"isPartOf\":{\"@id\":\"https:\/\/dicodusport.fr\/blog\/trois-podiums-francais-pour-clore-la-saison-de-telemark-le-petit-globe-du-sprint-parallele-pour-yoann-rostolan\/\"},\"author\":{\"name\":\"S\u00e9bastien Gente\",\"@id\":\"https:\/\/dicodusport.fr\/blog\/#\/schema\/person\/627966a6cde45dbd8c5e36ac85d783da\"},\"headline\":\"Trois podiums fran\u00e7ais pour clore la saison de t\u00e9l\u00e9mark, le petit globe du sprint parall\u00e8le pour Yoann Rostolan\",\"datePublished\":\"2026-03-28T14:19:28+00:00\",\"dateModified\":\"2026-03-29T12:31:15+00:00\",\"mainEntityOfPage\":{\"@id\":\"https:\/\/dicodusport.fr\/blog\/trois-podiums-francais-pour-clore-la-saison-de-telemark-le-petit-globe-du-sprint-parallele-pour-yoann-rostolan\/\"},\"wordCount\":509,\"commentCount\":0,\"publisher\":{\"@id\":\"https:\/\/dicodusport.fr\/blog\/#organization\"},\"image\":{\"@id\":\"https:\/\/dicodusport.fr\/blog\/trois-podiums-francais-pour-clore-la-saison-de-telemark-le-petit-globe-du-sprint-parallele-pour-yoann-rostolan\/#primaryimage\"},\"thumbnailUrl\":\"https:\/\/dicodusport.fr\/blog\/wp-content\/uploads\/2026\/03\/Trois-podiums-francais-pour-clore-la-saison-de-telemark-le-petit-globe-du-sprint-parallele-pour-Yoann-Rostolan.png\",\"keywords\":[\"Augustine Carliez\",\"br\u00e8ve\",\"Coupe du monde de t\u00e9l\u00e9mark\",\"T\u00e9l\u00e9mark\"],\"articleSection\":[\"T\u00e9l\u00e9mark\"],\"inLanguage\":\"fr-FR\",\"potentialAction\":[{\"@type\":\"CommentAction\",\"name\":\"Comment\",\"target\":[\"https:\/\/dicodusport.fr\/blog\/trois-podiums-francais-pour-clore-la-saison-de-telemark-le-petit-globe-du-sprint-parallele-pour-yoann-rostolan\/#respond\"]}],\"copyrightYear\":\"2026\",\"copyrightHolder\":{\"@id\":\"https:\/\/dicodusport.fr\/blog\/#organization\"}},{\"@type\":\"WebPage\",\"@id\":\"https:\/\/dicodusport.fr\/blog\/trois-podiums-francais-pour-clore-la-saison-de-telemark-le-petit-globe-du-sprint-parallele-pour-yoann-rostolan\/\",\"url\":\"https:\/\/dicodusport.fr\/blog\/trois-podiums-francais-pour-clore-la-saison-de-telemark-le-petit-globe-du-sprint-parallele-pour-yoann-rostolan\/\",\"name\":\"Trois podiums fran\u00e7ais pour clore la saison de t\u00e9l\u00e9mark, le petit globe du sprint parall\u00e8le pour Yoann Rostolan\",\"isPartOf\":{\"@id\":\"https:\/\/dicodusport.fr\/blog\/#website\"},\"primaryImageOfPage\":{\"@id\":\"https:\/\/dicodusport.fr\/blog\/trois-podiums-francais-pour-clore-la-saison-de-telemark-le-petit-globe-du-sprint-parallele-pour-yoann-rostolan\/#primaryimage\"},\"image\":{\"@id\":\"https:\/\/dicodusport.fr\/blog\/trois-podiums-francais-pour-clore-la-saison-de-telemark-le-petit-globe-du-sprint-parallele-pour-yoann-rostolan\/#primaryimage\"},\"thumbnailUrl\":\"https:\/\/dicodusport.fr\/blog\/wp-content\/uploads\/2026\/03\/Trois-podiums-francais-pour-clore-la-saison-de-telemark-le-petit-globe-du-sprint-parallele-pour-Yoann-Rostolan.png\",\"datePublished\":\"2026-03-28T14:19:28+00:00\",\"dateModified\":\"2026-03-29T12:31:15+00:00\",\"description\":\"COUPE DU MONDE DE T\u00c9L\u00c9MARK 2025\/2026 - Podium sur le dernier sprint parall\u00e8le pour Augustine Carliez, Charly Petex et Yoann Rostolan, qui s'offre un petit globe.\u00a0\",\"breadcrumb\":{\"@id\":\"https:\/\/dicodusport.fr\/blog\/trois-podiums-francais-pour-clore-la-saison-de-telemark-le-petit-globe-du-sprint-parallele-pour-yoann-rostolan\/#breadcrumb\"},\"inLanguage\":\"fr-FR\",\"potentialAction\":[{\"@type\":\"ReadAction\",\"target\":[\"https:\/\/dicodusport.fr\/blog\/trois-podiums-francais-pour-clore-la-saison-de-telemark-le-petit-globe-du-sprint-parallele-pour-yoann-rostolan\/\"]}]},{\"@type\":\"ImageObject\",\"inLanguage\":\"fr-FR\",\"@id\":\"https:\/\/dicodusport.fr\/blog\/trois-podiums-francais-pour-clore-la-saison-de-telemark-le-petit-globe-du-sprint-parallele-pour-yoann-rostolan\/#primaryimage\",\"url\":\"https:\/\/dicodusport.fr\/blog\/wp-content\/uploads\/2026\/03\/Trois-podiums-francais-pour-clore-la-saison-de-telemark-le-petit-globe-du-sprint-parallele-pour-Yoann-Rostolan.png\",\"contentUrl\":\"https:\/\/dicodusport.fr\/blog\/wp-content\/uploads\/2026\/03\/Trois-podiums-francais-pour-clore-la-saison-de-telemark-le-petit-globe-du-sprint-parallele-pour-Yoann-Rostolan.png\",\"width\":1200,\"height\":674,\"caption\":\"Trois podiums fran\u00e7ais pour clore la saison de t\u00e9l\u00e9mark, le petit globe du sprint parall\u00e8le pour Yoann Rostolan\"},{\"@type\":\"BreadcrumbList\",\"@id\":\"https:\/\/dicodusport.fr\/blog\/trois-podiums-francais-pour-clore-la-saison-de-telemark-le-petit-globe-du-sprint-parallele-pour-yoann-rostolan\/#breadcrumb\",\"itemListElement\":[{\"@type\":\"ListItem\",\"position\":1,\"name\":\"Accueil\",\"item\":\"https:\/\/dicodusport.fr\/blog\/\"},{\"@type\":\"ListItem\",\"position\":2,\"name\":\"Trois podiums fran\u00e7ais pour clore la saison de t\u00e9l\u00e9mark, le petit globe du sprint parall\u00e8le pour Yoann Rostolan\"}]},{\"@type\":\"WebSite\",\"@id\":\"https:\/\/dicodusport.fr\/blog\/#website\",\"url\":\"https:\/\/dicodusport.fr\/blog\/\",\"name\":\"Dicodusport\",\"description\":\"L&#039;encyclop\u00e9die de l&#039;actualit\u00e9 sportive\",\"publisher\":{\"@id\":\"https:\/\/dicodusport.fr\/blog\/#organization\"},\"potentialAction\":[{\"@type\":\"SearchAction\",\"target\":{\"@type\":\"EntryPoint\",\"urlTemplate\":\"https:\/\/dicodusport.fr\/blog\/?s={search_term_string}\"},\"query-input\":{\"@type\":\"PropertyValueSpecification\",\"valueRequired\":true,\"valueName\":\"search_term_string\"}}],\"inLanguage\":\"fr-FR\"},{\"@type\":\"NewsMediaOrganization\",\"@id\":\"https:\/\/dicodusport.fr\/blog\/#organization\",\"name\":\"Dicodusport\",\"url\":\"https:\/\/dicodusport.fr\/blog\/\",\"logo\":{\"@type\":\"ImageObject\",\"inLanguage\":\"fr-FR\",\"@id\":\"https:\/\/dicodusport.fr\/blog\/#\/schema\/logo\/image\/\",\"url\":\"https:\/\/dicodusport.fr\/blog\/wp-content\/uploads\/2020\/06\/cropped-LOGO-DICODUSPORT-2020-SANS-FOND-SANS-TEXTE.png\",\"contentUrl\":\"https:\/\/dicodusport.fr\/blog\/wp-content\/uploads\/2020\/06\/cropped-LOGO-DICODUSPORT-2020-SANS-FOND-SANS-TEXTE.png\",\"width\":512,\"height\":512,\"caption\":\"Dicodusport\"},\"image\":{\"@id\":\"https:\/\/dicodusport.fr\/blog\/#\/schema\/logo\/image\/\"},\"sameAs\":[\"https:\/\/www.facebook.com\/dicodusport\",\"https:\/\/x.com\/dicodusport\",\"https:\/\/www.instagram.com\/dicodusport\/\",\"https:\/\/www.youtube.com\/channel\/UC7V2KZ5sd3htJivAbA4ZG3w\"],\"description\":\"Dicodusport est l'encyclop\u00e9die de l'actualit\u00e9 sportive.\",\"email\":\"bonjour@dicodusport.fr\",\"legalName\":\"DICODUSPORT\",\"foundingDate\":\"2018-01-14\",\"vatID\":\"FR71834470973\",\"taxID\":\"83447097300043\",\"numberOfEmployees\":{\"@type\":\"QuantitativeValue\",\"minValue\":\"1\",\"maxValue\":\"10\"}},{\"@type\":\"Person\",\"@id\":\"https:\/\/dicodusport.fr\/blog\/#\/schema\/person\/627966a6cde45dbd8c5e36ac85d783da\",\"name\":\"S\u00e9bastien Gente\",\"image\":{\"@type\":\"ImageObject\",\"inLanguage\":\"fr-FR\",\"@id\":\"https:\/\/dicodusport.fr\/blog\/#\/schema\/person\/image\/\",\"url\":\"https:\/\/dicodusport.fr\/blog\/wp-content\/uploads\/2021\/09\/1510990_10205810251400683_4124423575079401707_n-150x150.jpg\",\"contentUrl\":\"https:\/\/dicodusport.fr\/blog\/wp-content\/uploads\/2021\/09\/1510990_10205810251400683_4124423575079401707_n-150x150.jpg\",\"caption\":\"S\u00e9bastien Gente\"},\"description\":\"John Stockton, Gianni Bugno, Zinedine Zidane, Steffi Graf, Frode Andresen, St\u00e9phane Stoecklin, Davis Kamoga, Primoz Peterka, Werner Schlager et Aur\u00e9lien Rougerie. Point commun entre ces sportifs? Ils m'ont fait r\u00eaver et ont berc\u00e9 mon adolescence. Je suis un fondu de sports et j'essaie de retranscrire ma passion \u00e0 travers mes articles. Originaire du P\u00e9rigord, ma passion pour les Girondins, les Jaunards et les Jazzmen transpire dans mes \u00e9crits. \u00c0 Dicodusport depuis 2021, je d\u00e9niche les sports m\u00e9connus dans lesquels la France brille, et il y en a !\",\"sameAs\":[\"https:\/\/www.facebook.com\/sebastien.gente\/\",\"https:\/\/www.instagram.com\/sebgente\/\",\"https:\/\/www.linkedin.com\/in\/sbastien-gente-a29583169\/\",\"https:\/\/x.com\/https:\/\/twitter.com\/globulo24\",\"SebastienGente\"],\"worksFor\":\"S\u00e9bastien GENTE\",\"url\":\"https:\/\/dicodusport.fr\/blog\/author\/sebastiengente\/\"}]}<\/script>\n<!-- \/ Yoast SEO Premium plugin. -->","yoast_head_json":{"title":"Trois podiums fran\u00e7ais pour clore la saison de t\u00e9l\u00e9mark, le petit globe du sprint parall\u00e8le pour Yoann Rostolan","description":"COUPE DU MONDE DE T\u00c9L\u00c9MARK 2025\/2026 - Podium sur le dernier sprint parall\u00e8le pour Augustine Carliez, Charly Petex et Yoann Rostolan, qui s'offre un petit globe.\u00a0","robots":{"index":"index","follow":"follow","max-snippet":"max-snippet:-1","max-image-preview":"max-image-preview:large","max-video-preview":"max-video-preview:-1"},"canonical":"https:\/\/dicodusport.fr\/blog\/trois-podiums-francais-pour-clore-la-saison-de-telemark-le-petit-globe-du-sprint-parallele-pour-yoann-rostolan\/","og_locale":"fr_FR","og_type":"article","og_title":"Trois podiums fran\u00e7ais pour clore la saison de t\u00e9l\u00e9mark, le petit globe du sprint parall\u00e8le pour Yoann Rostolan","og_description":"COUPE DU MONDE DE T\u00c9L\u00c9MARK 2025\/2026 - Podium sur le dernier sprint parall\u00e8le pour Augustine Carliez, Charly Petex et Yoann Rostolan, qui s'offre un petit globe.\u00a0","og_url":"https:\/\/dicodusport.fr\/blog\/trois-podiums-francais-pour-clore-la-saison-de-telemark-le-petit-globe-du-sprint-parallele-pour-yoann-rostolan\/","og_site_name":"Dicodusport","article_publisher":"https:\/\/www.facebook.com\/dicodusport","article_author":"https:\/\/www.facebook.com\/sebastien.gente\/","article_published_time":"2026-03-28T14:19:28+00:00","article_modified_time":"2026-03-29T12:31:15+00:00","og_image":[{"width":1200,"height":674,"url":"https:\/\/dicodusport.fr\/blog\/wp-content\/uploads\/2026\/03\/Trois-podiums-francais-pour-clore-la-saison-de-telemark-le-petit-globe-du-sprint-parallele-pour-Yoann-Rostolan.png","type":"image\/png"}],"author":"S\u00e9bastien Gente","twitter_card":"summary_large_image","twitter_title":"Trois podiums fran\u00e7ais pour clore la saison de t\u00e9l\u00e9mark, le petit globe du sprint parall\u00e8le pour Yoann Rostolan","twitter_creator":"@https:\/\/twitter.com\/globulo24","twitter_site":"@dicodusport","schema":{"@context":"https:\/\/schema.org","@graph":[{"@type":"NewsArticle","@id":"https:\/\/dicodusport.fr\/blog\/trois-podiums-francais-pour-clore-la-saison-de-telemark-le-petit-globe-du-sprint-parallele-pour-yoann-rostolan\/#article","isPartOf":{"@id":"https:\/\/dicodusport.fr\/blog\/trois-podiums-francais-pour-clore-la-saison-de-telemark-le-petit-globe-du-sprint-parallele-pour-yoann-rostolan\/"},"author":{"name":"S\u00e9bastien Gente","@id":"https:\/\/dicodusport.fr\/blog\/#\/schema\/person\/627966a6cde45dbd8c5e36ac85d783da"},"headline":"Trois podiums fran\u00e7ais pour clore la saison de t\u00e9l\u00e9mark, le petit globe du sprint parall\u00e8le pour Yoann Rostolan","datePublished":"2026-03-28T14:19:28+00:00","dateModified":"2026-03-29T12:31:15+00:00","mainEntityOfPage":{"@id":"https:\/\/dicodusport.fr\/blog\/trois-podiums-francais-pour-clore-la-saison-de-telemark-le-petit-globe-du-sprint-parallele-pour-yoann-rostolan\/"},"wordCount":509,"commentCount":0,"publisher":{"@id":"https:\/\/dicodusport.fr\/blog\/#organization"},"image":{"@id":"https:\/\/dicodusport.fr\/blog\/trois-podiums-francais-pour-clore-la-saison-de-telemark-le-petit-globe-du-sprint-parallele-pour-yoann-rostolan\/#primaryimage"},"thumbnailUrl":"https:\/\/dicodusport.fr\/blog\/wp-content\/uploads\/2026\/03\/Trois-podiums-francais-pour-clore-la-saison-de-telemark-le-petit-globe-du-sprint-parallele-pour-Yoann-Rostolan.png","keywords":["Augustine Carliez","br\u00e8ve","Coupe du monde de t\u00e9l\u00e9mark","T\u00e9l\u00e9mark"],"articleSection":["T\u00e9l\u00e9mark"],"inLanguage":"fr-FR","potentialAction":[{"@type":"CommentAction","name":"Comment","target":["https:\/\/dicodusport.fr\/blog\/trois-podiums-francais-pour-clore-la-saison-de-telemark-le-petit-globe-du-sprint-parallele-pour-yoann-rostolan\/#respond"]}],"copyrightYear":"2026","copyrightHolder":{"@id":"https:\/\/dicodusport.fr\/blog\/#organization"}},{"@type":"WebPage","@id":"https:\/\/dicodusport.fr\/blog\/trois-podiums-francais-pour-clore-la-saison-de-telemark-le-petit-globe-du-sprint-parallele-pour-yoann-rostolan\/","url":"https:\/\/dicodusport.fr\/blog\/trois-podiums-francais-pour-clore-la-saison-de-telemark-le-petit-globe-du-sprint-parallele-pour-yoann-rostolan\/","name":"Trois podiums fran\u00e7ais pour clore la saison de t\u00e9l\u00e9mark, le petit globe du sprint parall\u00e8le pour Yoann Rostolan","isPartOf":{"@id":"https:\/\/dicodusport.fr\/blog\/#website"},"primaryImageOfPage":{"@id":"https:\/\/dicodusport.fr\/blog\/trois-podiums-francais-pour-clore-la-saison-de-telemark-le-petit-globe-du-sprint-parallele-pour-yoann-rostolan\/#primaryimage"},"image":{"@id":"https:\/\/dicodusport.fr\/blog\/trois-podiums-francais-pour-clore-la-saison-de-telemark-le-petit-globe-du-sprint-parallele-pour-yoann-rostolan\/#primaryimage"},"thumbnailUrl":"https:\/\/dicodusport.fr\/blog\/wp-content\/uploads\/2026\/03\/Trois-podiums-francais-pour-clore-la-saison-de-telemark-le-petit-globe-du-sprint-parallele-pour-Yoann-Rostolan.png","datePublished":"2026-03-28T14:19:28+00:00","dateModified":"2026-03-29T12:31:15+00:00","description":"COUPE DU MONDE DE T\u00c9L\u00c9MARK 2025\/2026 - Podium sur le dernier sprint parall\u00e8le pour Augustine Carliez, Charly Petex et Yoann Rostolan, qui s'offre un petit globe.\u00a0","breadcrumb":{"@id":"https:\/\/dicodusport.fr\/blog\/trois-podiums-francais-pour-clore-la-saison-de-telemark-le-petit-globe-du-sprint-parallele-pour-yoann-rostolan\/#breadcrumb"},"inLanguage":"fr-FR","potentialAction":[{"@type":"ReadAction","target":["https:\/\/dicodusport.fr\/blog\/trois-podiums-francais-pour-clore-la-saison-de-telemark-le-petit-globe-du-sprint-parallele-pour-yoann-rostolan\/"]}]},{"@type":"ImageObject","inLanguage":"fr-FR","@id":"https:\/\/dicodusport.fr\/blog\/trois-podiums-francais-pour-clore-la-saison-de-telemark-le-petit-globe-du-sprint-parallele-pour-yoann-rostolan\/#primaryimage","url":"https:\/\/dicodusport.fr\/blog\/wp-content\/uploads\/2026\/03\/Trois-podiums-francais-pour-clore-la-saison-de-telemark-le-petit-globe-du-sprint-parallele-pour-Yoann-Rostolan.png","contentUrl":"https:\/\/dicodusport.fr\/blog\/wp-content\/uploads\/2026\/03\/Trois-podiums-francais-pour-clore-la-saison-de-telemark-le-petit-globe-du-sprint-parallele-pour-Yoann-Rostolan.png","width":1200,"height":674,"caption":"Trois podiums fran\u00e7ais pour clore la saison de t\u00e9l\u00e9mark, le petit globe du sprint parall\u00e8le pour Yoann Rostolan"},{"@type":"BreadcrumbList","@id":"https:\/\/dicodusport.fr\/blog\/trois-podiums-francais-pour-clore-la-saison-de-telemark-le-petit-globe-du-sprint-parallele-pour-yoann-rostolan\/#breadcrumb","itemListElement":[{"@type":"ListItem","position":1,"name":"Accueil","item":"https:\/\/dicodusport.fr\/blog\/"},{"@type":"ListItem","position":2,"name":"Trois podiums fran\u00e7ais pour clore la saison de t\u00e9l\u00e9mark, le petit globe du sprint parall\u00e8le pour Yoann Rostolan"}]},{"@type":"WebSite","@id":"https:\/\/dicodusport.fr\/blog\/#website","url":"https:\/\/dicodusport.fr\/blog\/","name":"Dicodusport","description":"L&#039;encyclop\u00e9die de l&#039;actualit\u00e9 sportive","publisher":{"@id":"https:\/\/dicodusport.fr\/blog\/#organization"},"potentialAction":[{"@type":"SearchAction","target":{"@type":"EntryPoint","urlTemplate":"https:\/\/dicodusport.fr\/blog\/?s={search_term_string}"},"query-input":{"@type":"PropertyValueSpecification","valueRequired":true,"valueName":"search_term_string"}}],"inLanguage":"fr-FR"},{"@type":"NewsMediaOrganization","@id":"https:\/\/dicodusport.fr\/blog\/#organization","name":"Dicodusport","url":"https:\/\/dicodusport.fr\/blog\/","logo":{"@type":"ImageObject","inLanguage":"fr-FR","@id":"https:\/\/dicodusport.fr\/blog\/#\/schema\/logo\/image\/","url":"https:\/\/dicodusport.fr\/blog\/wp-content\/uploads\/2020\/06\/cropped-LOGO-DICODUSPORT-2020-SANS-FOND-SANS-TEXTE.png","contentUrl":"https:\/\/dicodusport.fr\/blog\/wp-content\/uploads\/2020\/06\/cropped-LOGO-DICODUSPORT-2020-SANS-FOND-SANS-TEXTE.png","width":512,"height":512,"caption":"Dicodusport"},"image":{"@id":"https:\/\/dicodusport.fr\/blog\/#\/schema\/logo\/image\/"},"sameAs":["https:\/\/www.facebook.com\/dicodusport","https:\/\/x.com\/dicodusport","https:\/\/www.instagram.com\/dicodusport\/","https:\/\/www.youtube.com\/channel\/UC7V2KZ5sd3htJivAbA4ZG3w"],"description":"Dicodusport est l'encyclop\u00e9die de l'actualit\u00e9 sportive.","email":"bonjour@dicodusport.fr","legalName":"DICODUSPORT","foundingDate":"2018-01-14","vatID":"FR71834470973","taxID":"83447097300043","numberOfEmployees":{"@type":"QuantitativeValue","minValue":"1","maxValue":"10"}},{"@type":"Person","@id":"https:\/\/dicodusport.fr\/blog\/#\/schema\/person\/627966a6cde45dbd8c5e36ac85d783da","name":"S\u00e9bastien Gente","image":{"@type":"ImageObject","inLanguage":"fr-FR","@id":"https:\/\/dicodusport.fr\/blog\/#\/schema\/person\/image\/","url":"https:\/\/dicodusport.fr\/blog\/wp-content\/uploads\/2021\/09\/1510990_10205810251400683_4124423575079401707_n-150x150.jpg","contentUrl":"https:\/\/dicodusport.fr\/blog\/wp-content\/uploads\/2021\/09\/1510990_10205810251400683_4124423575079401707_n-150x150.jpg","caption":"S\u00e9bastien Gente"},"description":"John Stockton, Gianni Bugno, Zinedine Zidane, Steffi Graf, Frode Andresen, St\u00e9phane Stoecklin, Davis Kamoga, Primoz Peterka, Werner Schlager et Aur\u00e9lien Rougerie. Point commun entre ces sportifs? Ils m'ont fait r\u00eaver et ont berc\u00e9 mon adolescence. Je suis un fondu de sports et j'essaie de retranscrire ma passion \u00e0 travers mes articles. Originaire du P\u00e9rigord, ma passion pour les Girondins, les Jaunards et les Jazzmen transpire dans mes \u00e9crits. \u00c0 Dicodusport depuis 2021, je d\u00e9niche les sports m\u00e9connus dans lesquels la France brille, et il y en a !","sameAs":["https:\/\/www.facebook.com\/sebastien.gente\/","https:\/\/www.instagram.com\/sebgente\/","https:\/\/www.linkedin.com\/in\/sbastien-gente-a29583169\/","https:\/\/x.com\/https:\/\/twitter.com\/globulo24","SebastienGente"],"worksFor":"S\u00e9bastien GENTE","url":"https:\/\/dicodusport.fr\/blog\/author\/sebastiengente\/"}]}},"_links":{"self":[{"href":"https:\/\/dicodusport.fr\/blog\/wp-json\/wp\/v2\/posts\/658841","targetHints":{"allow":["GET"]}}],"collection":[{"href":"https:\/\/dicodusport.fr\/blog\/wp-json\/wp\/v2\/posts"}],"about":[{"href":"https:\/\/dicodusport.fr\/blog\/wp-json\/wp\/v2\/types\/post"}],"author":[{"embeddable":true,"href":"https:\/\/dicodusport.fr\/blog\/wp-json\/wp\/v2\/users\/59"}],"replies":[{"embeddable":true,"href":"https:\/\/dicodusport.fr\/blog\/wp-json\/wp\/v2\/comments?post=658841"}],"version-history":[{"count":2,"href":"https:\/\/dicodusport.fr\/blog\/wp-json\/wp\/v2\/posts\/658841\/revisions"}],"predecessor-version":[{"id":659183,"href":"https:\/\/dicodusport.fr\/blog\/wp-json\/wp\/v2\/posts\/658841\/revisions\/659183"}],"wp:featuredmedia":[{"embeddable":true,"href":"https:\/\/dicodusport.fr\/blog\/wp-json\/wp\/v2\/media\/658857"}],"wp:attachment":[{"href":"https:\/\/dicodusport.fr\/blog\/wp-json\/wp\/v2\/media?parent=658841"}],"wp:term":[{"taxonomy":"category","embeddable":true,"href":"https:\/\/dicodusport.fr\/blog\/wp-json\/wp\/v2\/categories?post=658841"},{"taxonomy":"post_tag","embeddable":true,"href":"https:\/\/dicodusport.fr\/blog\/wp-json\/wp\/v2\/tags?post=658841"}],"curies":[{"name":"wp","href":"https:\/\/api.w.org\/{rel}","templated":true}]}}