{"id":658876,"date":"2026-03-28T17:34:52","date_gmt":"2026-03-28T16:34:52","guid":{"rendered":"https:\/\/dicodusport.fr\/blog\/?p=658876&#038;preview=true&#038;preview_id=658876"},"modified":"2026-03-28T17:34:52","modified_gmt":"2026-03-28T16:34:52","slug":"fabio-di-giannantonio-soffre-une-deuxieme-pole-daffilee-au-grand-prix-motogp-des-ameriques","status":"publish","type":"post","link":"https:\/\/dicodusport.fr\/blog\/fabio-di-giannantonio-soffre-une-deuxieme-pole-daffilee-au-grand-prix-motogp-des-ameriques\/","title":{"rendered":"Fabio Di Giannantonio s&rsquo;offre une deuxi\u00e8me pole d&rsquo;affil\u00e9e au Grand Prix MotoGP des Am\u00e9riques"},"content":{"rendered":"<p style=\"text-align: justify;\"><strong><em>GRAND PRIX MOTO DES AM\u00c9RIQUES 2026 &#8211; Fabio Di Giannantonio remporte la bataille \u00e0 Austin et partira en pole, alors que les Bleus ont d\u00e9\u00e7u.\u00a0<\/em><\/strong><\/p>\n<ul style=\"text-align: justify;\">\n<li><strong>\u00c0 ce sujet \u2013\u00a0<a href=\"https:\/\/dicodusport.fr\/blog\/motogp-grand-prix-des-ameriques-2026-programme-horaires-et-resultats-mis-a-jour\/\">MotoGP Grand Prix des Am\u00e9riques 2026 : Programme, Horaires et R\u00e9sultats mis \u00e0 jour<\/a><\/strong><\/li>\n<\/ul>\n<p style=\"text-align: justify;\">Place \u00e0 la troisi\u00e8me manche du Championnat du monde Moto GP, le Grand Prix des Am\u00e9riques. Sur le circuit d&rsquo;Austin, un des plus longs de la saison, la qualification s&rsquo;annon\u00e7ait \u00e9reintante. \u00c0 commencer par la Q1, \u00e0 laquelle <strong>Johann Zarco<\/strong> (Castrol Honda LCR) et <strong>Fabio Quartararo<\/strong> (Monster Energy Yamaha MotoGP Team) \u00e9taient contraints de participer.<\/p>\n<h2 style=\"text-align: justify;\">Les Bleus d\u00e9cevants<\/h2>\n<p style=\"text-align: justify;\">Cela commen\u00e7ait mal pour <strong>Quartararo<\/strong>, qui partait rapidement \u00e0 la faute et devait repasser par les stands.<strong> Joan Mir<\/strong> (Honda HRC Castrol) s&rsquo;installait rapidement en t\u00eate, second\u00e9 par <strong>Ra\u00fal Fern\u00e1ndez<\/strong> (Trackhouse MotoGP Team). Quartararo am\u00e9liorait alors son chrono, mais pas assez, et pire encore, <strong>Ferm\u00edn Aldeguer<\/strong> (BK8 Gresini Racing MotoGP) sortait du bois pour prendre la t\u00eate.<\/p>\n<blockquote class=\"twitter-tweet\">\n<p dir=\"ltr\" lang=\"pt\">La chute \u00e9trange de Fabio Quartararo \ud83e\uddd0<\/p>\n<p>\u27a1\ufe0f CANAL+SPORT360 \ud83d\udcfa<a href=\"https:\/\/twitter.com\/hashtag\/USGP?src=hash&amp;ref_src=twsrc%5Etfw\">#USGP<\/a> | <a href=\"https:\/\/twitter.com\/hashtag\/MotoGP?src=hash&amp;ref_src=twsrc%5Etfw\">#MotoGP<\/a> <a href=\"https:\/\/t.co\/Ec36MndouT\">pic.twitter.com\/Ec36MndouT<\/a><\/p>\n<p>\u2014 CANAL+ MotoGP\u2122 (@CanalplusMotoGP) <a href=\"https:\/\/twitter.com\/CanalplusMotoGP\/status\/2037923627329339809?ref_src=twsrc%5Etfw\">March 28, 2026<\/a><\/p><\/blockquote>\n<p style=\"text-align: justify;\"><script async src=\"https:\/\/platform.twitter.com\/widgets.js\" charset=\"utf-8\"><\/script><br \/>\nIl ne restait plus qu&rsquo;une tentative pour tout le monde, longueur du circuit oblige, mais les Bleus n&rsquo;allaient pas r\u00e9ussir \u00e0 am\u00e9liorer. 15\u00e8me place pour <strong>Zarco<\/strong>, 16\u00e8me pour <strong>Quartararo<\/strong>, difficile de positiver apr\u00e8s cette s\u00e9ance. <strong>Ferm\u00edn Aldeguer<\/strong> et<strong> Joan Mir<\/strong>, eux, filaient en Q2, et <strong>Ra\u00fal Fern\u00e1ndez <\/strong>\u00e9tait donc la victime de marque de cette Q1.<\/p>\n<ul style=\"text-align: justify;\">\n<li><strong>\u00c0 ce sujet \u2013\u00a0<a href=\"https:\/\/dicodusport.fr\/blog\/motogp-la-grille-de-depart-du-grand-prix-des-ameriques-2026\/\">MotoGP \u2013 La grille de d\u00e9part du Grand Prix des Am\u00e9riques 2026<\/a><\/strong><\/li>\n<\/ul>\n<h2 style=\"text-align: justify;\">Di Giannantonio en feu<\/h2>\n<p style=\"text-align: justify;\">La premi\u00e8re salve de tours rapides livrait un verdict surprenant : <strong>Francesco Bagnaia<\/strong> (Ducati Lenovo Team) faisait tomber une barri\u00e8re en <strong>2:00.815<\/strong> . Mais juste apr\u00e8s, <strong>Joan Mir<\/strong> envoyait un tour mirifique en <strong>2:00.591<\/strong> ! Incroyable, l&rsquo;Espagnol mettait une \u00e9norme option sur la pole, alors que <strong>Marc M\u00e1rquez<\/strong> (Ducati Lenovo Team) semblait lui en difficult\u00e9.<\/p>\n<ul style=\"text-align: justify;\">\n<li><strong>\u00c0 ce sujet \u2013\u00a0<a href=\"https:\/\/dicodusport.fr\/blog\/motogp-2026-le-classement-du-championnat-du-monde-des-pilotes-mis-a-jour\/\">MotoGP 2026 : le classement du championnat du monde des pilotes mis \u00e0 jour<\/a><\/strong><\/li>\n<\/ul>\n<p style=\"text-align: justify;\">N\u00e9anmoins, les derniers essais semblaient partis pour \u00eatre encore plus rapides. Beaucoup de pilotes en avance aux interm\u00e9diaires. \u00c0 ce petit jeu, c&rsquo;est <strong>Fabio Di Giannantonio<\/strong> (Pertamina Enduro VR46 Racing Team) qui prenait la t\u00eate et se rapprochait de la barre des deux minutes. Il restait une cartouche \u00e0 tout le monde, mais personne n&rsquo;irait chercher l&rsquo;Italien et ses 2:00.136. Pole position &#8211; <a href=\"https:\/\/dicodusport.fr\/blog\/fabio-di-giannantonio-signe-une-pole-surprise-au-bresil-fabio-quartararo-rate-de-peu-la-premiere-ligne\/\">la deuxi\u00e8me d&rsquo;affil\u00e9e<\/a> &#8211; pour <strong>Fabio Di Giannantonio\u00a0<\/strong>devant <strong>Marco Bezzecchi<\/strong> (Aprilia Racing) et <strong>Pedro Acosta<\/strong> (Red Bull KTM Factory Racing). De quoi promettre du grand spectacle sur les deux courses du weekend !<\/p>\n<ul>\n<li style=\"text-align: justify;\"><strong>\u00c0 ce sujet \u2013\u00a0<a href=\"https:\/\/dicodusport.fr\/blog\/calendrier-motogp-2026-toutes-les-dates-et-le-programme-complet-de-la-saison\/\">Calendrier MotoGP 2026 : toutes les dates et le programme complet de la saison<\/a><\/strong><\/li>\n<\/ul>\n","protected":false},"excerpt":{"rendered":"<p>GRAND PRIX MOTO DES AM\u00c9RIQUES 2026 &#8211; Fabio Di Giannantonio remporte la bataille \u00e0 Austin et partira en pole, alors que les Bleus ont d\u00e9\u00e7u.\u00a0<\/p>\n","protected":false},"author":59,"featured_media":658919,"comment_status":"open","ping_status":"closed","sticky":false,"template":"","format":"standard","meta":{"_acf_changed":false,"_daextam_enable_autolinks":"1","footnotes":""},"categories":[47087],"tags":[16878,19659,10938,19554],"class_list":["post-658876","post","type-post","status-publish","format-standard","has-post-thumbnail","hentry","category-motogp","tag-breve","tag-grand-prix-des-ameriques-motogp","tag-motogp","tag-motogp-ameriques"],"acf":[],"yoast_head":"<!-- This site is optimized with the Yoast SEO Premium plugin v26.7 (Yoast SEO v26.7) - https:\/\/yoast.com\/wordpress\/plugins\/seo\/ -->\n<title>Fabio Di Giannantonio s&#039;offre une deuxi\u00e8me pole d&#039;affil\u00e9e au Grand Prix MotoGP des Am\u00e9riques<\/title>\n<meta name=\"description\" content=\"GRAND PRIX MOTO DES AM\u00c9RIQUES 2026 - Fabio Di Giannantonio remporte la bataille \u00e0 Austin et partira en pole, alors que les Bleus ont d\u00e9\u00e7u.\u00a0\" \/>\n<meta name=\"robots\" content=\"index, follow, max-snippet:-1, max-image-preview:large, max-video-preview:-1\" \/>\n<link rel=\"canonical\" href=\"https:\/\/dicodusport.fr\/blog\/fabio-di-giannantonio-soffre-une-deuxieme-pole-daffilee-au-grand-prix-motogp-des-ameriques\/\" \/>\n<meta property=\"og:locale\" content=\"fr_FR\" \/>\n<meta property=\"og:type\" content=\"article\" \/>\n<meta property=\"og:title\" content=\"Fabio Di Giannantonio s&#039;offre une deuxi\u00e8me pole d&#039;affil\u00e9e au Grand Prix MotoGP des Am\u00e9riques\" \/>\n<meta property=\"og:description\" content=\"GRAND PRIX MOTO DES AM\u00c9RIQUES 2026 - Fabio Di Giannantonio remporte la bataille \u00e0 Austin et partira en pole, alors que les Bleus ont d\u00e9\u00e7u.\u00a0\" \/>\n<meta property=\"og:url\" content=\"https:\/\/dicodusport.fr\/blog\/fabio-di-giannantonio-soffre-une-deuxieme-pole-daffilee-au-grand-prix-motogp-des-ameriques\/\" \/>\n<meta property=\"og:site_name\" content=\"Dicodusport\" \/>\n<meta property=\"article:publisher\" content=\"https:\/\/www.facebook.com\/dicodusport\" \/>\n<meta property=\"article:author\" content=\"https:\/\/www.facebook.com\/sebastien.gente\/\" \/>\n<meta property=\"article:published_time\" content=\"2026-03-28T16:34:52+00:00\" \/>\n<meta property=\"og:image\" content=\"https:\/\/dicodusport.fr\/blog\/wp-content\/uploads\/2026\/03\/Fabio-Di-Giannantonio-soffre-une-deuxieme-pole-daffilee-au-Grand-Prix-MotoGP-des-Ameriques.png\" \/>\n\t<meta property=\"og:image:width\" content=\"1200\" \/>\n\t<meta property=\"og:image:height\" content=\"674\" \/>\n\t<meta property=\"og:image:type\" content=\"image\/png\" \/>\n<meta name=\"author\" content=\"S\u00e9bastien Gente\" \/>\n<meta name=\"twitter:card\" content=\"summary_large_image\" \/>\n<meta name=\"twitter:title\" content=\"Fabio Di Giannantonio s&#039;offre une deuxi\u00e8me pole d&#039;affil\u00e9e au Grand Prix MotoGP des Am\u00e9riques\" \/>\n<meta name=\"twitter:creator\" content=\"@https:\/\/twitter.com\/globulo24\" \/>\n<meta name=\"twitter:site\" content=\"@dicodusport\" \/>\n<script type=\"application\/ld+json\" class=\"yoast-schema-graph\">{\"@context\":\"https:\/\/schema.org\",\"@graph\":[{\"@type\":\"NewsArticle\",\"@id\":\"https:\/\/dicodusport.fr\/blog\/fabio-di-giannantonio-soffre-une-deuxieme-pole-daffilee-au-grand-prix-motogp-des-ameriques\/#article\",\"isPartOf\":{\"@id\":\"https:\/\/dicodusport.fr\/blog\/fabio-di-giannantonio-soffre-une-deuxieme-pole-daffilee-au-grand-prix-motogp-des-ameriques\/\"},\"author\":{\"name\":\"S\u00e9bastien Gente\",\"@id\":\"https:\/\/dicodusport.fr\/blog\/#\/schema\/person\/627966a6cde45dbd8c5e36ac85d783da\"},\"headline\":\"Fabio Di Giannantonio s&rsquo;offre une deuxi\u00e8me pole d&rsquo;affil\u00e9e au Grand Prix MotoGP des Am\u00e9riques\",\"datePublished\":\"2026-03-28T16:34:52+00:00\",\"mainEntityOfPage\":{\"@id\":\"https:\/\/dicodusport.fr\/blog\/fabio-di-giannantonio-soffre-une-deuxieme-pole-daffilee-au-grand-prix-motogp-des-ameriques\/\"},\"wordCount\":469,\"commentCount\":0,\"publisher\":{\"@id\":\"https:\/\/dicodusport.fr\/blog\/#organization\"},\"image\":{\"@id\":\"https:\/\/dicodusport.fr\/blog\/fabio-di-giannantonio-soffre-une-deuxieme-pole-daffilee-au-grand-prix-motogp-des-ameriques\/#primaryimage\"},\"thumbnailUrl\":\"https:\/\/dicodusport.fr\/blog\/wp-content\/uploads\/2026\/03\/Fabio-Di-Giannantonio-soffre-une-deuxieme-pole-daffilee-au-Grand-Prix-MotoGP-des-Ameriques.png\",\"keywords\":[\"br\u00e8ve\",\"Grand Prix des Am\u00e9riques MotoGP\",\"MotoGP\",\"MotoGP Am\u00e9riques\"],\"articleSection\":[\"MotoGP\"],\"inLanguage\":\"fr-FR\",\"potentialAction\":[{\"@type\":\"CommentAction\",\"name\":\"Comment\",\"target\":[\"https:\/\/dicodusport.fr\/blog\/fabio-di-giannantonio-soffre-une-deuxieme-pole-daffilee-au-grand-prix-motogp-des-ameriques\/#respond\"]}],\"copyrightYear\":\"2026\",\"copyrightHolder\":{\"@id\":\"https:\/\/dicodusport.fr\/blog\/#organization\"}},{\"@type\":\"WebPage\",\"@id\":\"https:\/\/dicodusport.fr\/blog\/fabio-di-giannantonio-soffre-une-deuxieme-pole-daffilee-au-grand-prix-motogp-des-ameriques\/\",\"url\":\"https:\/\/dicodusport.fr\/blog\/fabio-di-giannantonio-soffre-une-deuxieme-pole-daffilee-au-grand-prix-motogp-des-ameriques\/\",\"name\":\"Fabio Di Giannantonio s'offre une deuxi\u00e8me pole d'affil\u00e9e au Grand Prix MotoGP des Am\u00e9riques\",\"isPartOf\":{\"@id\":\"https:\/\/dicodusport.fr\/blog\/#website\"},\"primaryImageOfPage\":{\"@id\":\"https:\/\/dicodusport.fr\/blog\/fabio-di-giannantonio-soffre-une-deuxieme-pole-daffilee-au-grand-prix-motogp-des-ameriques\/#primaryimage\"},\"image\":{\"@id\":\"https:\/\/dicodusport.fr\/blog\/fabio-di-giannantonio-soffre-une-deuxieme-pole-daffilee-au-grand-prix-motogp-des-ameriques\/#primaryimage\"},\"thumbnailUrl\":\"https:\/\/dicodusport.fr\/blog\/wp-content\/uploads\/2026\/03\/Fabio-Di-Giannantonio-soffre-une-deuxieme-pole-daffilee-au-Grand-Prix-MotoGP-des-Ameriques.png\",\"datePublished\":\"2026-03-28T16:34:52+00:00\",\"description\":\"GRAND PRIX MOTO DES AM\u00c9RIQUES 2026 - Fabio Di Giannantonio remporte la bataille \u00e0 Austin et partira en pole, alors que les Bleus ont d\u00e9\u00e7u.\u00a0\",\"breadcrumb\":{\"@id\":\"https:\/\/dicodusport.fr\/blog\/fabio-di-giannantonio-soffre-une-deuxieme-pole-daffilee-au-grand-prix-motogp-des-ameriques\/#breadcrumb\"},\"inLanguage\":\"fr-FR\",\"potentialAction\":[{\"@type\":\"ReadAction\",\"target\":[\"https:\/\/dicodusport.fr\/blog\/fabio-di-giannantonio-soffre-une-deuxieme-pole-daffilee-au-grand-prix-motogp-des-ameriques\/\"]}]},{\"@type\":\"ImageObject\",\"inLanguage\":\"fr-FR\",\"@id\":\"https:\/\/dicodusport.fr\/blog\/fabio-di-giannantonio-soffre-une-deuxieme-pole-daffilee-au-grand-prix-motogp-des-ameriques\/#primaryimage\",\"url\":\"https:\/\/dicodusport.fr\/blog\/wp-content\/uploads\/2026\/03\/Fabio-Di-Giannantonio-soffre-une-deuxieme-pole-daffilee-au-Grand-Prix-MotoGP-des-Ameriques.png\",\"contentUrl\":\"https:\/\/dicodusport.fr\/blog\/wp-content\/uploads\/2026\/03\/Fabio-Di-Giannantonio-soffre-une-deuxieme-pole-daffilee-au-Grand-Prix-MotoGP-des-Ameriques.png\",\"width\":1200,\"height\":674,\"caption\":\"Fabio Di Giannantonio s'offre une deuxi\u00e8me pole d'affil\u00e9e au Grand Prix MotoGP des Am\u00e9riques\"},{\"@type\":\"BreadcrumbList\",\"@id\":\"https:\/\/dicodusport.fr\/blog\/fabio-di-giannantonio-soffre-une-deuxieme-pole-daffilee-au-grand-prix-motogp-des-ameriques\/#breadcrumb\",\"itemListElement\":[{\"@type\":\"ListItem\",\"position\":1,\"name\":\"Accueil\",\"item\":\"https:\/\/dicodusport.fr\/blog\/\"},{\"@type\":\"ListItem\",\"position\":2,\"name\":\"Fabio Di Giannantonio s&rsquo;offre une deuxi\u00e8me pole d&rsquo;affil\u00e9e au Grand Prix MotoGP des Am\u00e9riques\"}]},{\"@type\":\"WebSite\",\"@id\":\"https:\/\/dicodusport.fr\/blog\/#website\",\"url\":\"https:\/\/dicodusport.fr\/blog\/\",\"name\":\"Dicodusport\",\"description\":\"L&#039;encyclop\u00e9die de l&#039;actualit\u00e9 sportive\",\"publisher\":{\"@id\":\"https:\/\/dicodusport.fr\/blog\/#organization\"},\"potentialAction\":[{\"@type\":\"SearchAction\",\"target\":{\"@type\":\"EntryPoint\",\"urlTemplate\":\"https:\/\/dicodusport.fr\/blog\/?s={search_term_string}\"},\"query-input\":{\"@type\":\"PropertyValueSpecification\",\"valueRequired\":true,\"valueName\":\"search_term_string\"}}],\"inLanguage\":\"fr-FR\"},{\"@type\":\"NewsMediaOrganization\",\"@id\":\"https:\/\/dicodusport.fr\/blog\/#organization\",\"name\":\"Dicodusport\",\"url\":\"https:\/\/dicodusport.fr\/blog\/\",\"logo\":{\"@type\":\"ImageObject\",\"inLanguage\":\"fr-FR\",\"@id\":\"https:\/\/dicodusport.fr\/blog\/#\/schema\/logo\/image\/\",\"url\":\"https:\/\/dicodusport.fr\/blog\/wp-content\/uploads\/2020\/06\/cropped-LOGO-DICODUSPORT-2020-SANS-FOND-SANS-TEXTE.png\",\"contentUrl\":\"https:\/\/dicodusport.fr\/blog\/wp-content\/uploads\/2020\/06\/cropped-LOGO-DICODUSPORT-2020-SANS-FOND-SANS-TEXTE.png\",\"width\":512,\"height\":512,\"caption\":\"Dicodusport\"},\"image\":{\"@id\":\"https:\/\/dicodusport.fr\/blog\/#\/schema\/logo\/image\/\"},\"sameAs\":[\"https:\/\/www.facebook.com\/dicodusport\",\"https:\/\/x.com\/dicodusport\",\"https:\/\/www.instagram.com\/dicodusport\/\",\"https:\/\/www.youtube.com\/channel\/UC7V2KZ5sd3htJivAbA4ZG3w\"],\"description\":\"Dicodusport est l'encyclop\u00e9die de l'actualit\u00e9 sportive.\",\"email\":\"bonjour@dicodusport.fr\",\"legalName\":\"DICODUSPORT\",\"foundingDate\":\"2018-01-14\",\"vatID\":\"FR71834470973\",\"taxID\":\"83447097300043\",\"numberOfEmployees\":{\"@type\":\"QuantitativeValue\",\"minValue\":\"1\",\"maxValue\":\"10\"}},{\"@type\":\"Person\",\"@id\":\"https:\/\/dicodusport.fr\/blog\/#\/schema\/person\/627966a6cde45dbd8c5e36ac85d783da\",\"name\":\"S\u00e9bastien Gente\",\"image\":{\"@type\":\"ImageObject\",\"inLanguage\":\"fr-FR\",\"@id\":\"https:\/\/dicodusport.fr\/blog\/#\/schema\/person\/image\/\",\"url\":\"https:\/\/dicodusport.fr\/blog\/wp-content\/uploads\/2021\/09\/1510990_10205810251400683_4124423575079401707_n-150x150.jpg\",\"contentUrl\":\"https:\/\/dicodusport.fr\/blog\/wp-content\/uploads\/2021\/09\/1510990_10205810251400683_4124423575079401707_n-150x150.jpg\",\"caption\":\"S\u00e9bastien Gente\"},\"description\":\"John Stockton, Gianni Bugno, Zinedine Zidane, Steffi Graf, Frode Andresen, St\u00e9phane Stoecklin, Davis Kamoga, Primoz Peterka, Werner Schlager et Aur\u00e9lien Rougerie. Point commun entre ces sportifs? Ils m'ont fait r\u00eaver et ont berc\u00e9 mon adolescence. Je suis un fondu de sports et j'essaie de retranscrire ma passion \u00e0 travers mes articles. Originaire du P\u00e9rigord, ma passion pour les Girondins, les Jaunards et les Jazzmen transpire dans mes \u00e9crits. \u00c0 Dicodusport depuis 2021, je d\u00e9niche les sports m\u00e9connus dans lesquels la France brille, et il y en a !\",\"sameAs\":[\"https:\/\/www.facebook.com\/sebastien.gente\/\",\"https:\/\/www.instagram.com\/sebgente\/\",\"https:\/\/www.linkedin.com\/in\/sbastien-gente-a29583169\/\",\"https:\/\/x.com\/https:\/\/twitter.com\/globulo24\",\"SebastienGente\"],\"worksFor\":\"S\u00e9bastien GENTE\",\"url\":\"https:\/\/dicodusport.fr\/blog\/author\/sebastiengente\/\"}]}<\/script>\n<!-- \/ Yoast SEO Premium plugin. -->","yoast_head_json":{"title":"Fabio Di Giannantonio s'offre une deuxi\u00e8me pole d'affil\u00e9e au Grand Prix MotoGP des Am\u00e9riques","description":"GRAND PRIX MOTO DES AM\u00c9RIQUES 2026 - Fabio Di Giannantonio remporte la bataille \u00e0 Austin et partira en pole, alors que les Bleus ont d\u00e9\u00e7u.\u00a0","robots":{"index":"index","follow":"follow","max-snippet":"max-snippet:-1","max-image-preview":"max-image-preview:large","max-video-preview":"max-video-preview:-1"},"canonical":"https:\/\/dicodusport.fr\/blog\/fabio-di-giannantonio-soffre-une-deuxieme-pole-daffilee-au-grand-prix-motogp-des-ameriques\/","og_locale":"fr_FR","og_type":"article","og_title":"Fabio Di Giannantonio s'offre une deuxi\u00e8me pole d'affil\u00e9e au Grand Prix MotoGP des Am\u00e9riques","og_description":"GRAND PRIX MOTO DES AM\u00c9RIQUES 2026 - Fabio Di Giannantonio remporte la bataille \u00e0 Austin et partira en pole, alors que les Bleus ont d\u00e9\u00e7u.\u00a0","og_url":"https:\/\/dicodusport.fr\/blog\/fabio-di-giannantonio-soffre-une-deuxieme-pole-daffilee-au-grand-prix-motogp-des-ameriques\/","og_site_name":"Dicodusport","article_publisher":"https:\/\/www.facebook.com\/dicodusport","article_author":"https:\/\/www.facebook.com\/sebastien.gente\/","article_published_time":"2026-03-28T16:34:52+00:00","og_image":[{"width":1200,"height":674,"url":"https:\/\/dicodusport.fr\/blog\/wp-content\/uploads\/2026\/03\/Fabio-Di-Giannantonio-soffre-une-deuxieme-pole-daffilee-au-Grand-Prix-MotoGP-des-Ameriques.png","type":"image\/png"}],"author":"S\u00e9bastien Gente","twitter_card":"summary_large_image","twitter_title":"Fabio Di Giannantonio s'offre une deuxi\u00e8me pole d'affil\u00e9e au Grand Prix MotoGP des Am\u00e9riques","twitter_creator":"@https:\/\/twitter.com\/globulo24","twitter_site":"@dicodusport","schema":{"@context":"https:\/\/schema.org","@graph":[{"@type":"NewsArticle","@id":"https:\/\/dicodusport.fr\/blog\/fabio-di-giannantonio-soffre-une-deuxieme-pole-daffilee-au-grand-prix-motogp-des-ameriques\/#article","isPartOf":{"@id":"https:\/\/dicodusport.fr\/blog\/fabio-di-giannantonio-soffre-une-deuxieme-pole-daffilee-au-grand-prix-motogp-des-ameriques\/"},"author":{"name":"S\u00e9bastien Gente","@id":"https:\/\/dicodusport.fr\/blog\/#\/schema\/person\/627966a6cde45dbd8c5e36ac85d783da"},"headline":"Fabio Di Giannantonio s&rsquo;offre une deuxi\u00e8me pole d&rsquo;affil\u00e9e au Grand Prix MotoGP des Am\u00e9riques","datePublished":"2026-03-28T16:34:52+00:00","mainEntityOfPage":{"@id":"https:\/\/dicodusport.fr\/blog\/fabio-di-giannantonio-soffre-une-deuxieme-pole-daffilee-au-grand-prix-motogp-des-ameriques\/"},"wordCount":469,"commentCount":0,"publisher":{"@id":"https:\/\/dicodusport.fr\/blog\/#organization"},"image":{"@id":"https:\/\/dicodusport.fr\/blog\/fabio-di-giannantonio-soffre-une-deuxieme-pole-daffilee-au-grand-prix-motogp-des-ameriques\/#primaryimage"},"thumbnailUrl":"https:\/\/dicodusport.fr\/blog\/wp-content\/uploads\/2026\/03\/Fabio-Di-Giannantonio-soffre-une-deuxieme-pole-daffilee-au-Grand-Prix-MotoGP-des-Ameriques.png","keywords":["br\u00e8ve","Grand Prix des Am\u00e9riques MotoGP","MotoGP","MotoGP Am\u00e9riques"],"articleSection":["MotoGP"],"inLanguage":"fr-FR","potentialAction":[{"@type":"CommentAction","name":"Comment","target":["https:\/\/dicodusport.fr\/blog\/fabio-di-giannantonio-soffre-une-deuxieme-pole-daffilee-au-grand-prix-motogp-des-ameriques\/#respond"]}],"copyrightYear":"2026","copyrightHolder":{"@id":"https:\/\/dicodusport.fr\/blog\/#organization"}},{"@type":"WebPage","@id":"https:\/\/dicodusport.fr\/blog\/fabio-di-giannantonio-soffre-une-deuxieme-pole-daffilee-au-grand-prix-motogp-des-ameriques\/","url":"https:\/\/dicodusport.fr\/blog\/fabio-di-giannantonio-soffre-une-deuxieme-pole-daffilee-au-grand-prix-motogp-des-ameriques\/","name":"Fabio Di Giannantonio s'offre une deuxi\u00e8me pole d'affil\u00e9e au Grand Prix MotoGP des Am\u00e9riques","isPartOf":{"@id":"https:\/\/dicodusport.fr\/blog\/#website"},"primaryImageOfPage":{"@id":"https:\/\/dicodusport.fr\/blog\/fabio-di-giannantonio-soffre-une-deuxieme-pole-daffilee-au-grand-prix-motogp-des-ameriques\/#primaryimage"},"image":{"@id":"https:\/\/dicodusport.fr\/blog\/fabio-di-giannantonio-soffre-une-deuxieme-pole-daffilee-au-grand-prix-motogp-des-ameriques\/#primaryimage"},"thumbnailUrl":"https:\/\/dicodusport.fr\/blog\/wp-content\/uploads\/2026\/03\/Fabio-Di-Giannantonio-soffre-une-deuxieme-pole-daffilee-au-Grand-Prix-MotoGP-des-Ameriques.png","datePublished":"2026-03-28T16:34:52+00:00","description":"GRAND PRIX MOTO DES AM\u00c9RIQUES 2026 - Fabio Di Giannantonio remporte la bataille \u00e0 Austin et partira en pole, alors que les Bleus ont d\u00e9\u00e7u.\u00a0","breadcrumb":{"@id":"https:\/\/dicodusport.fr\/blog\/fabio-di-giannantonio-soffre-une-deuxieme-pole-daffilee-au-grand-prix-motogp-des-ameriques\/#breadcrumb"},"inLanguage":"fr-FR","potentialAction":[{"@type":"ReadAction","target":["https:\/\/dicodusport.fr\/blog\/fabio-di-giannantonio-soffre-une-deuxieme-pole-daffilee-au-grand-prix-motogp-des-ameriques\/"]}]},{"@type":"ImageObject","inLanguage":"fr-FR","@id":"https:\/\/dicodusport.fr\/blog\/fabio-di-giannantonio-soffre-une-deuxieme-pole-daffilee-au-grand-prix-motogp-des-ameriques\/#primaryimage","url":"https:\/\/dicodusport.fr\/blog\/wp-content\/uploads\/2026\/03\/Fabio-Di-Giannantonio-soffre-une-deuxieme-pole-daffilee-au-Grand-Prix-MotoGP-des-Ameriques.png","contentUrl":"https:\/\/dicodusport.fr\/blog\/wp-content\/uploads\/2026\/03\/Fabio-Di-Giannantonio-soffre-une-deuxieme-pole-daffilee-au-Grand-Prix-MotoGP-des-Ameriques.png","width":1200,"height":674,"caption":"Fabio Di Giannantonio s'offre une deuxi\u00e8me pole d'affil\u00e9e au Grand Prix MotoGP des Am\u00e9riques"},{"@type":"BreadcrumbList","@id":"https:\/\/dicodusport.fr\/blog\/fabio-di-giannantonio-soffre-une-deuxieme-pole-daffilee-au-grand-prix-motogp-des-ameriques\/#breadcrumb","itemListElement":[{"@type":"ListItem","position":1,"name":"Accueil","item":"https:\/\/dicodusport.fr\/blog\/"},{"@type":"ListItem","position":2,"name":"Fabio Di Giannantonio s&rsquo;offre une deuxi\u00e8me pole d&rsquo;affil\u00e9e au Grand Prix MotoGP des Am\u00e9riques"}]},{"@type":"WebSite","@id":"https:\/\/dicodusport.fr\/blog\/#website","url":"https:\/\/dicodusport.fr\/blog\/","name":"Dicodusport","description":"L&#039;encyclop\u00e9die de l&#039;actualit\u00e9 sportive","publisher":{"@id":"https:\/\/dicodusport.fr\/blog\/#organization"},"potentialAction":[{"@type":"SearchAction","target":{"@type":"EntryPoint","urlTemplate":"https:\/\/dicodusport.fr\/blog\/?s={search_term_string}"},"query-input":{"@type":"PropertyValueSpecification","valueRequired":true,"valueName":"search_term_string"}}],"inLanguage":"fr-FR"},{"@type":"NewsMediaOrganization","@id":"https:\/\/dicodusport.fr\/blog\/#organization","name":"Dicodusport","url":"https:\/\/dicodusport.fr\/blog\/","logo":{"@type":"ImageObject","inLanguage":"fr-FR","@id":"https:\/\/dicodusport.fr\/blog\/#\/schema\/logo\/image\/","url":"https:\/\/dicodusport.fr\/blog\/wp-content\/uploads\/2020\/06\/cropped-LOGO-DICODUSPORT-2020-SANS-FOND-SANS-TEXTE.png","contentUrl":"https:\/\/dicodusport.fr\/blog\/wp-content\/uploads\/2020\/06\/cropped-LOGO-DICODUSPORT-2020-SANS-FOND-SANS-TEXTE.png","width":512,"height":512,"caption":"Dicodusport"},"image":{"@id":"https:\/\/dicodusport.fr\/blog\/#\/schema\/logo\/image\/"},"sameAs":["https:\/\/www.facebook.com\/dicodusport","https:\/\/x.com\/dicodusport","https:\/\/www.instagram.com\/dicodusport\/","https:\/\/www.youtube.com\/channel\/UC7V2KZ5sd3htJivAbA4ZG3w"],"description":"Dicodusport est l'encyclop\u00e9die de l'actualit\u00e9 sportive.","email":"bonjour@dicodusport.fr","legalName":"DICODUSPORT","foundingDate":"2018-01-14","vatID":"FR71834470973","taxID":"83447097300043","numberOfEmployees":{"@type":"QuantitativeValue","minValue":"1","maxValue":"10"}},{"@type":"Person","@id":"https:\/\/dicodusport.fr\/blog\/#\/schema\/person\/627966a6cde45dbd8c5e36ac85d783da","name":"S\u00e9bastien Gente","image":{"@type":"ImageObject","inLanguage":"fr-FR","@id":"https:\/\/dicodusport.fr\/blog\/#\/schema\/person\/image\/","url":"https:\/\/dicodusport.fr\/blog\/wp-content\/uploads\/2021\/09\/1510990_10205810251400683_4124423575079401707_n-150x150.jpg","contentUrl":"https:\/\/dicodusport.fr\/blog\/wp-content\/uploads\/2021\/09\/1510990_10205810251400683_4124423575079401707_n-150x150.jpg","caption":"S\u00e9bastien Gente"},"description":"John Stockton, Gianni Bugno, Zinedine Zidane, Steffi Graf, Frode Andresen, St\u00e9phane Stoecklin, Davis Kamoga, Primoz Peterka, Werner Schlager et Aur\u00e9lien Rougerie. Point commun entre ces sportifs? Ils m'ont fait r\u00eaver et ont berc\u00e9 mon adolescence. Je suis un fondu de sports et j'essaie de retranscrire ma passion \u00e0 travers mes articles. Originaire du P\u00e9rigord, ma passion pour les Girondins, les Jaunards et les Jazzmen transpire dans mes \u00e9crits. \u00c0 Dicodusport depuis 2021, je d\u00e9niche les sports m\u00e9connus dans lesquels la France brille, et il y en a !","sameAs":["https:\/\/www.facebook.com\/sebastien.gente\/","https:\/\/www.instagram.com\/sebgente\/","https:\/\/www.linkedin.com\/in\/sbastien-gente-a29583169\/","https:\/\/x.com\/https:\/\/twitter.com\/globulo24","SebastienGente"],"worksFor":"S\u00e9bastien GENTE","url":"https:\/\/dicodusport.fr\/blog\/author\/sebastiengente\/"}]}},"_links":{"self":[{"href":"https:\/\/dicodusport.fr\/blog\/wp-json\/wp\/v2\/posts\/658876","targetHints":{"allow":["GET"]}}],"collection":[{"href":"https:\/\/dicodusport.fr\/blog\/wp-json\/wp\/v2\/posts"}],"about":[{"href":"https:\/\/dicodusport.fr\/blog\/wp-json\/wp\/v2\/types\/post"}],"author":[{"embeddable":true,"href":"https:\/\/dicodusport.fr\/blog\/wp-json\/wp\/v2\/users\/59"}],"replies":[{"embeddable":true,"href":"https:\/\/dicodusport.fr\/blog\/wp-json\/wp\/v2\/comments?post=658876"}],"version-history":[{"count":1,"href":"https:\/\/dicodusport.fr\/blog\/wp-json\/wp\/v2\/posts\/658876\/revisions"}],"predecessor-version":[{"id":658920,"href":"https:\/\/dicodusport.fr\/blog\/wp-json\/wp\/v2\/posts\/658876\/revisions\/658920"}],"wp:featuredmedia":[{"embeddable":true,"href":"https:\/\/dicodusport.fr\/blog\/wp-json\/wp\/v2\/media\/658919"}],"wp:attachment":[{"href":"https:\/\/dicodusport.fr\/blog\/wp-json\/wp\/v2\/media?parent=658876"}],"wp:term":[{"taxonomy":"category","embeddable":true,"href":"https:\/\/dicodusport.fr\/blog\/wp-json\/wp\/v2\/categories?post=658876"},{"taxonomy":"post_tag","embeddable":true,"href":"https:\/\/dicodusport.fr\/blog\/wp-json\/wp\/v2\/tags?post=658876"}],"curies":[{"name":"wp","href":"https:\/\/api.w.org\/{rel}","templated":true}]}}