{"id":658897,"date":"2026-03-29T12:00:40","date_gmt":"2026-03-29T10:00:40","guid":{"rendered":"https:\/\/dicodusport.fr\/blog\/?p=658897&#038;preview=true&#038;preview_id=658897"},"modified":"2026-03-29T13:30:49","modified_gmt":"2026-03-29T11:30:49","slug":"resultats-et-classement-championnats-de-france-de-trail-court-2026","status":"publish","type":"post","link":"https:\/\/dicodusport.fr\/blog\/resultats-et-classement-championnats-de-france-de-trail-court-2026\/","title":{"rendered":"R\u00e9sultats et classement Championnats de France de trail court 2026"},"content":{"rendered":"<p style=\"text-align: justify;\"><strong><em>Retrouvez les r\u00e9sultats et le classement des championnats de France de trail court 2026, autour du Mont-Ventoux. D\u00e9part donn\u00e9 ce dimanche 29 mars \u00e0 9h30, heure fran\u00e7aise.<\/em><\/strong><\/p>\n<h2 style=\"text-align: justify;\">Championnats de France de trail court 2026 : un parcours exigeant dans le Vaucluse<\/h2>\n<p style=\"text-align: justify;\">Les <strong>Championnats de France de trail court 2026<\/strong> se disputent ce dimanche 29 mars dans le Vaucluse. Sur un trac\u00e9 exigeant de 29 kilom\u00e8tres pour environ 1350 m\u00e8tres de d\u00e9nivel\u00e9 positif, les meilleurs sp\u00e9cialistes nationaux de la discipline se retrouvent pour se disputer le titre tricolore. Entre coureurs confirm\u00e9s, sp\u00e9cialistes du long format et athl\u00e8tes en pleine progression, la lutte s\u2019annonce particuli\u00e8rement ouverte sur ce parcours nerveux qui promet une course intense du d\u00e9but \u00e0 la fin.<\/p>\n<ul>\n<li style=\"text-align: justify;\"><strong>\u00c0 ce sujet &#8211; <a href=\"https:\/\/dicodusport.fr\/blog\/classement-championnats-de-france-2025-trail-court-en-direct-dimanche-13-juillet\/\">Classement Championnats de France 2025 Trail court<\/a><\/strong><\/li>\n<\/ul>\n<h2 style=\"text-align: justify;\">Un plateau relev\u00e9 chez les hommes<\/h2>\n<p style=\"text-align: justify;\">Chez les hommes, <strong>Benjamin Roubiol<\/strong> fera figure de coureur tr\u00e8s attendu. Habitu\u00e9 \u00e0 briller sur des formats plus longs, le pensionnaire d\u2019Annecy Athl\u00e9tisme tente cette fois sa chance sur la distance courte avec l\u2019ambition d\u2019ajouter une nouvelle ligne \u00e0 son palmar\u00e8s. Plusieurs concurrents esp\u00e8rent toutefois contester sa domination, \u00e0 commencer par <strong>Thomas Butez<\/strong>, qui avait d\u00e9j\u00e0 montr\u00e9 de belles choses lors de l\u2019\u00e9dition pr\u00e9c\u00e9dente et vise cette fois les toutes premi\u00e8res places. Les regards se tourneront \u00e9galement vers <strong>Quentin Meyleu<\/strong> et <strong>Pierre Galbourdin<\/strong>, deux athl\u00e8tes capables de se m\u00ealer \u00e0 la bataille pour le podium.<\/p>\n<p style=\"text-align: justify;\">Le plateau masculin sera aussi marqu\u00e9 par la pr\u00e9sence de coureurs exp\u00e9riment\u00e9s issus d\u2019autres formats. <strong>Gautier Airiau<\/strong>, habitu\u00e9 des longues distances en montagne, pourrait profiter de sa puissance pour jouer un r\u00f4le important. De son c\u00f4t\u00e9, <strong>Thibaut Baronian<\/strong>, ancien champion de France de trail court, effectue son retour \u00e0 la comp\u00e9tition apr\u00e8s une saison 2025 tr\u00e8s discr\u00e8te. <strong>Lo\u00efc Robert<\/strong> fait \u00e9galement partie des pr\u00e9tendants cr\u00e9dibles, tandis que <strong>Benjamin Polin<\/strong>, connu pour ses performances sur route et dans le cross, tentera d\u2019exprimer ses qualit\u00e9s de vitesse sur ce terrain vallonn\u00e9.<\/p>\n<h2 style=\"text-align: justify;\">Une course f\u00e9minine ouverte<\/h2>\n<p style=\"text-align: justify;\">La course f\u00e9minine promet elle aussi une belle confrontation. Tenante du titre, <strong>C\u00e9cile Jarousseau<\/strong> revient d\u00e9fendre sa couronne apr\u00e8s avoir d\u00fb interrompre sa saison pr\u00e9c\u00e9dente pour cause de blessure. Face \u00e0 elle, <strong>Julie Lelong<\/strong>, sacr\u00e9e championne de France en 2024, ambitionne de retrouver le sommet. Plusieurs athl\u00e8tes pourraient \u00e9galement jouer les premiers r\u00f4les, notamment <strong>Magalie Mellon <\/strong>(<a href=\"https:\/\/dicodusport.fr\/blog\/classement-tour-du-lac-maxi-race-2025-en-direct\/\">laur\u00e9ate de la Maxi-Race<\/a> et <a href=\"https:\/\/dicodusport.fr\/blog\/classement-en-direct-utmb-mont-blanc-2025\/\">6\u00e8me de l&rsquo;UTMB en 2025<\/a>), <strong>Ma\u00eblle Beauvir<\/strong> et <strong>Manon Lallement<\/strong>. Dans ce championnat tr\u00e8s ouvert, <strong>Charlotte Mouchet<\/strong> et <strong>Eva Delafosse<\/strong> auront aussi l\u2019ambition de se rapprocher des premi\u00e8res places, tandis que d\u2019autres concurrentes pourraient profiter du terrain pour cr\u00e9er la surprise.<\/p>\n<p style=\"text-align: justify;\"><strong>Retrouvez le top 10 du classement des championnats de France de trail court 2026, avec un d\u00e9nivel\u00e9 positif de 1 350 m\u00e8tres.<\/strong><\/p>\n<h2 style=\"text-align: justify;\">Classement Championnats de France de trail court 2026 &#8211; Course hommes<\/h2>\n<p style=\"text-align: justify;\"><span style=\"font-size: 14px;\"><strong><em>Classement officiel mis \u00e0 jour \u00e0 l&rsquo;issue de la course.<\/em><\/strong><\/span><\/p>\n<div class=\"su-table su-table-alternate\">\n<table style=\"width: 800px;border-collapse: collapse\" border=\"1\">\n<tbody>\n<tr style=\"height: 24px\">\n<td style=\"border-color: #ebebeb;height: 24px;text-align: center;width: 80px;vertical-align: middle\">\ud83c\udfc6<\/td>\n<td style=\"border-color: #ebebeb;height: 24px;text-align: center;width: 500px;vertical-align: middle\"><span style=\"font-size: 0.9em\"><strong>ATHL\u00c8TES<\/strong><\/span><\/td>\n<td style=\"border-color: #ebebeb;height: 24px;text-align: center;width: 220px;vertical-align: middle\"><span style=\"font-size: 0.9em\"><strong>TEMPS<\/strong><\/span><\/td>\n<\/tr>\n<tr style=\"height: 24px\">\n<td style=\"border-color: #ebebeb;height: 24px;text-align: center;width: 80px;vertical-align: middle\"><strong><span class=\"su-label su-label-type-warning\">1.<\/span><\/strong><\/td>\n<td style=\"border-color: #ebebeb;text-align: center;vertical-align: middle;width: 500px\"><span style=\"font-size: 0.9em\"><b>\ud83c\uddeb\ud83c\uddf7 PIERRE GALBOURDIN<\/b><\/span><\/td>\n<td style=\"border-color: #ebebeb;text-align: center;width: 220px;vertical-align: middle\"><span style=\"font-size: 0.9em\"><strong>2h00m20s<\/strong><\/span><\/td>\n<\/tr>\n<tr>\n<td style=\"border-color: #ebebeb;text-align: center;width: 80px;vertical-align: middle\"><strong><span class=\"su-label su-label-type-default\">2.<\/span><\/strong><\/td>\n<td style=\"border-color: #ebebeb;text-align: center;vertical-align: middle;width: 500px\"><span style=\"font-size: 0.9em\"><b>\ud83c\uddeb\ud83c\uddf7 BENJAMIN ROUBIOL<\/b><\/span><\/td>\n<td style=\"border-color: #ebebeb;text-align: center;vertical-align: middle;width: 220px\"><span style=\"font-size: 0.9em\"><strong>\u00e0 23s<\/strong><\/span><\/td>\n<\/tr>\n<tr>\n<td style=\"border-color: #ebebeb;text-align: center;width: 80px;vertical-align: middle\"><strong><span class=\"su-label su-label-type-important\">3.<\/span><\/strong><\/td>\n<td style=\"border-color: #ebebeb;text-align: center;vertical-align: middle;width: 500px\"><span style=\"font-size: 0.9em\"><b>\ud83c\uddeb\ud83c\uddf7 THOMAS BUTEZ<\/b><\/span><\/td>\n<td style=\"border-color: #ebebeb;text-align: center;vertical-align: middle;width: 220px\"><span style=\"font-size: 0.9em\"><strong>\u00e0 34s<\/strong><\/span><\/td>\n<\/tr>\n<tr>\n<td style=\"border-color: #ebebeb;text-align: center;width: 80px;vertical-align: middle\"><span style=\"font-size: 0.9em\">4.<\/span><\/td>\n<td style=\"border-color: #ebebeb;text-align: center;vertical-align: middle;width: 500px\"><span style=\"font-size: 0.9em\"><b>\ud83c\uddeb\ud83c\uddf7 LOIC ROBERT<\/b><\/span><\/td>\n<td style=\"border-color: #ebebeb;text-align: center;vertical-align: middle;width: 220px\"><span style=\"font-size: 0.9em\"><strong>\u00e0 1m53s<\/strong><\/span><\/td>\n<\/tr>\n<tr>\n<td style=\"border-color: #ebebeb;text-align: center;width: 80px;vertical-align: middle\"><span style=\"font-size: 0.9em\">5.<\/span><\/td>\n<td style=\"border-color: #ebebeb;text-align: center;vertical-align: middle;width: 500px\"><span style=\"font-size: 0.9em\"><b>\ud83c\uddeb\ud83c\uddf7 QUENTIN MEYLEU<\/b><\/span><\/td>\n<td style=\"border-color: #ebebeb;text-align: center;vertical-align: middle;width: 220px\"><span style=\"font-size: 0.9em\"><strong>\u00e0 2m32s<\/strong><\/span><\/td>\n<\/tr>\n<tr>\n<td style=\"border-color: #ebebeb;text-align: center;width: 80px;vertical-align: middle\"><span style=\"font-size: 0.9em\">6.<\/span><\/td>\n<td style=\"border-color: #ebebeb;text-align: center;vertical-align: middle;width: 500px\"><span style=\"font-size: 0.9em\"><b>\ud83c\uddeb\ud83c\uddf7 ALEXANDRE MEYLEU<\/b><\/span><\/td>\n<td style=\"border-color: #ebebeb;text-align: center;vertical-align: middle;width: 220px\"><span style=\"font-size: 0.9em\"><strong>\u00e0 3m08s<\/strong><\/span><\/td>\n<\/tr>\n<tr>\n<td style=\"border-color: #ebebeb;text-align: center;width: 80px;vertical-align: middle\"><span style=\"font-size: 0.9em\">7.<\/span><\/td>\n<td style=\"border-color: #ebebeb;text-align: center;vertical-align: middle;width: 500px\"><span style=\"font-size: 0.9em\"><b>\ud83c\uddeb\ud83c\uddf7 BENJAMIN POLIN<\/b><\/span><\/td>\n<td style=\"border-color: #ebebeb;text-align: center;vertical-align: middle;width: 220px\"><span style=\"font-size: 0.9em\"><strong>\u00e0 3m33s<\/strong><\/span><\/td>\n<\/tr>\n<tr>\n<td style=\"border-color: #ebebeb;text-align: center;width: 80px;vertical-align: middle\"><span style=\"font-size: 0.9em\">8.<\/span><\/td>\n<td style=\"border-color: #ebebeb;text-align: center;vertical-align: middle;width: 500px\"><span style=\"font-size: 0.9em\"><b>\ud83c\uddeb\ud83c\uddf7 MARC FERNANDES<\/b><\/span><\/td>\n<td style=\"border-color: #ebebeb;text-align: center;vertical-align: middle;width: 220px\"><span style=\"font-size: 0.9em\"><strong>\u00e0 4m59s<\/strong><\/span><\/td>\n<\/tr>\n<tr>\n<td style=\"border-color: #ebebeb;text-align: center;width: 80px;vertical-align: middle\"><span style=\"font-size: 0.9em\">9.<\/span><\/td>\n<td style=\"border-color: #ebebeb;text-align: center;vertical-align: middle;width: 500px\"><span style=\"font-size: 0.9em\"><b>\ud83c\uddeb\ud83c\uddf7 KILLIAN ALLAIRE<\/b><\/span><\/td>\n<td style=\"border-color: #ebebeb;text-align: center;vertical-align: middle;width: 220px\"><span style=\"font-size: 0.9em\"><strong>\u00e0 5m36s<\/strong><\/span><\/td>\n<\/tr>\n<tr style=\"height: 24px\">\n<td style=\"border-color: #ebebeb;height: 24px;text-align: center;width: 80px;vertical-align: middle\"><span style=\"font-size: 0.9em\">10.<\/span><\/td>\n<td style=\"border-color: #ebebeb;text-align: center;vertical-align: middle;width: 500px\"><span style=\"font-size: 0.9em\"><b>\ud83c\uddeb\ud83c\uddf7 GAUTIER AIRIAU<\/b><\/span><\/td>\n<td style=\"border-color: #ebebeb;text-align: center;vertical-align: middle;width: 220px\"><span style=\"font-size: 0.9em\"><strong>\u00e0 6m11s<\/strong><\/span><\/td>\n<\/tr>\n<\/tbody>\n<\/table>\n<\/div>\n<ul>\n<li style=\"text-align: justify;\"><strong><a href=\"https:\/\/www.athle.fr\/bases\/liste.aspx?frmbase=directs&amp;frmmode=2&amp;frmcompetition=308788&amp;frmepreuve=84cbf0b3-b183-47b5-af20-4b595153b0a7&amp;frmposition=0\">Le classement complet<\/a><br \/>\n<\/strong><\/li>\n<\/ul>\n<hr \/>\n<h2 style=\"text-align: justify;\">Classement Championnats de France de trail court 2026 &#8211; Course femmes<\/h2>\n<p style=\"text-align: justify;\"><span style=\"font-size: 14px;\"><strong><em>Classement officiel mis \u00e0 jour \u00e0 l&rsquo;issue de la course.<\/em><\/strong><\/span><\/p>\n<div class=\"su-table su-table-alternate\">\n<table style=\"width: 800px;border-collapse: collapse\" border=\"1\">\n<tbody>\n<tr style=\"height: 24px\">\n<td style=\"border-color: #ebebeb;height: 24px;text-align: center;width: 80px;vertical-align: middle\">\ud83c\udfc6<\/td>\n<td style=\"border-color: #ebebeb;height: 24px;text-align: center;width: 500px;vertical-align: middle\"><span style=\"font-size: 0.9em\"><strong>ATHL\u00c8TES<\/strong><\/span><\/td>\n<td style=\"border-color: #ebebeb;height: 24px;text-align: center;width: 220px;vertical-align: middle\"><span style=\"font-size: 0.9em\"><strong>TEMPS<\/strong><\/span><\/td>\n<\/tr>\n<tr style=\"height: 24px\">\n<td style=\"border-color: #ebebeb;height: 24px;text-align: center;width: 80px;vertical-align: middle\"><strong><span class=\"su-label su-label-type-warning\">1.<\/span><\/strong><\/td>\n<td style=\"border-color: #ebebeb;text-align: center;vertical-align: middle;width: 500px\"><span style=\"font-size: 0.9em\"><b>\ud83c\uddeb\ud83c\uddf7 CECILE JAROUSSEAU<\/b><\/span><\/td>\n<td style=\"border-color: #ebebeb;text-align: center;width: 220px;vertical-align: middle\"><span style=\"font-size: 0.9em\"><strong>2h28m03s<\/strong><\/span><\/td>\n<\/tr>\n<tr>\n<td style=\"border-color: #ebebeb;text-align: center;width: 80px;vertical-align: middle\"><strong><span class=\"su-label su-label-type-default\">2.<\/span><\/strong><\/td>\n<td style=\"border-color: #ebebeb;text-align: center;vertical-align: middle;width: 500px\"><span style=\"font-size: 0.9em\"><b>\ud83c\uddeb\ud83c\uddf7 MAELLE BEAUVIR<\/b><\/span><\/td>\n<td style=\"border-color: #ebebeb;text-align: center;vertical-align: middle;width: 220px\"><span style=\"font-size: 0.9em\"><strong>\u00e0 29s<\/strong><\/span><\/td>\n<\/tr>\n<tr>\n<td style=\"border-color: #ebebeb;text-align: center;width: 80px;vertical-align: middle\"><strong><span class=\"su-label su-label-type-important\">3.<\/span><\/strong><\/td>\n<td style=\"border-color: #ebebeb;text-align: center;vertical-align: middle;width: 500px\"><span style=\"font-size: 0.9em\"><b>\ud83c\uddeb\ud83c\uddf7 TIPHAINE BAZILE<\/b><\/span><\/td>\n<td style=\"border-color: #ebebeb;text-align: center;vertical-align: middle;width: 220px\"><span style=\"font-size: 0.9em\"><strong>\u00e0 46s<\/strong><\/span><\/td>\n<\/tr>\n<tr>\n<td style=\"border-color: #ebebeb;text-align: center;width: 80px;vertical-align: middle\"><span style=\"font-size: 0.9em\">4.<\/span><\/td>\n<td style=\"border-color: #ebebeb;text-align: center;vertical-align: middle;width: 500px\"><span style=\"font-size: 0.9em\"><b>\ud83c\uddeb\ud83c\uddf7 MARINA BOUQUET<\/b><\/span><\/td>\n<td style=\"border-color: #ebebeb;text-align: center;vertical-align: middle;width: 220px\"><span style=\"font-size: 0.9em\"><strong>\u00e0 2m46s<\/strong><\/span><\/td>\n<\/tr>\n<tr>\n<td style=\"border-color: #ebebeb;text-align: center;width: 80px;vertical-align: middle\"><span style=\"font-size: 0.9em\">5.<\/span><\/td>\n<td style=\"border-color: #ebebeb;text-align: center;vertical-align: middle;width: 500px\"><span style=\"font-size: 0.9em\"><b>\ud83c\uddeb\ud83c\uddf7 EVA DELAFOSSE<\/b><\/span><\/td>\n<td style=\"border-color: #ebebeb;text-align: center;vertical-align: middle;width: 220px\"><span style=\"font-size: 0.9em\"><strong>\u00e0 3m11s<\/strong><\/span><\/td>\n<\/tr>\n<tr>\n<td style=\"border-color: #ebebeb;text-align: center;width: 80px;vertical-align: middle\"><span style=\"font-size: 0.9em\">6.<\/span><\/td>\n<td style=\"border-color: #ebebeb;text-align: center;vertical-align: middle;width: 500px\"><span style=\"font-size: 0.9em\"><b>\ud83c\uddeb\ud83c\uddf7 JULIE LELONG<\/b><\/span><\/td>\n<td style=\"border-color: #ebebeb;text-align: center;vertical-align: middle;width: 220px\"><span style=\"font-size: 0.9em\"><strong>\u00e0 6m17s<\/strong><\/span><\/td>\n<\/tr>\n<tr>\n<td style=\"border-color: #ebebeb;text-align: center;width: 80px;vertical-align: middle\"><span style=\"font-size: 0.9em\">7.<\/span><\/td>\n<td style=\"border-color: #ebebeb;text-align: center;vertical-align: middle;width: 500px\"><span style=\"font-size: 0.9em\"><b>\ud83c\uddeb\ud83c\uddf7 CHARLOTTE MOUSSET<\/b><\/span><\/td>\n<td style=\"border-color: #ebebeb;text-align: center;vertical-align: middle;width: 220px\"><span style=\"font-size: 0.9em\"><strong>\u00e0 7m47s<\/strong><\/span><\/td>\n<\/tr>\n<tr>\n<td style=\"border-color: #ebebeb;text-align: center;width: 80px;vertical-align: middle\"><span style=\"font-size: 0.9em\">8.<\/span><\/td>\n<td style=\"border-color: #ebebeb;height: 24px;text-align: center;width: 500px;vertical-align: middle\"><span style=\"font-size: 0.9em\"><b>\ud83c\uddeb\ud83c\uddf7 MARINE GRANGE<\/b><\/span><\/td>\n<td style=\"border-color: #ebebeb;text-align: center;vertical-align: middle;width: 220px\"><span style=\"font-size: 0.9em\"><strong>\u00e0 9m55s<\/strong><\/span><\/td>\n<\/tr>\n<tr>\n<td style=\"border-color: #ebebeb;text-align: center;width: 80px;vertical-align: middle\"><span style=\"font-size: 0.9em\">9.<\/span><\/td>\n<td style=\"border-color: #ebebeb;height: 24px;text-align: center;width: 500px;vertical-align: middle\"><span style=\"font-size: 0.9em\"><b>\ud83c\uddeb\ud83c\uddf7 LUCIE GUIGNET<\/b><\/span><\/td>\n<td style=\"border-color: #ebebeb;text-align: center;vertical-align: middle;width: 220px\"><span style=\"font-size: 0.9em\"><strong>\u00e0 10m48s<\/strong><\/span><\/td>\n<\/tr>\n<tr style=\"height: 24px\">\n<td style=\"border-color: #ebebeb;height: 24px;text-align: center;width: 80px;vertical-align: middle\"><span style=\"font-size: 0.9em\">10.<\/span><\/td>\n<td style=\"border-color: #ebebeb;height: 24px;text-align: center;width: 500px;vertical-align: middle\"><span style=\"font-size: 0.9em\"><b>\ud83c\uddeb\ud83c\uddf7 EVA LORUSSO<\/b><\/span><\/td>\n<td style=\"border-color: #ebebeb;text-align: center;vertical-align: middle;width: 220px\"><span style=\"font-size: 0.9em\"><strong>\u00e0 11m22s<\/strong><\/span><\/td>\n<\/tr>\n<\/tbody>\n<\/table>\n<\/div>\n<ul>\n<li style=\"text-align: justify;\"><a href=\"https:\/\/www.athle.fr\/bases\/liste.aspx?frmbase=directs&amp;frmmode=2&amp;frmcompetition=308788&amp;frmepreuve=84cbf0b3-b183-47b5-af20-4b595153b0a7&amp;frmposition=0\"><strong>Le classement complet<\/strong><\/a><\/li>\n<\/ul>\n","protected":false},"excerpt":{"rendered":"<p>Retrouvez les r\u00e9sultats et le classement des championnats de France de trail court 2026, autour du Mont-Ventoux.<\/p>\n","protected":false},"author":4,"featured_media":658912,"comment_status":"open","ping_status":"closed","sticky":false,"template":"","format":"standard","meta":{"_acf_changed":false,"_daextam_enable_autolinks":"1","footnotes":""},"categories":[8673],"tags":[16878,862,5836],"class_list":["post-658897","post","type-post","status-publish","format-standard","has-post-thumbnail","hentry","category-trail","tag-breve","tag-trail","tag-ultra-trail"],"acf":[],"yoast_head":"<!-- This site is optimized with the Yoast SEO Premium plugin v26.7 (Yoast SEO v26.7) - https:\/\/yoast.com\/wordpress\/plugins\/seo\/ -->\n<title>R\u00e9sultats et classement Championnats de France de trail court 2026<\/title>\n<meta name=\"description\" content=\"Retrouvez les r\u00e9sultats et le classement des championnats de France de trail court 2026, autour du Mont-Ventoux.\" \/>\n<meta name=\"robots\" content=\"index, follow, max-snippet:-1, max-image-preview:large, max-video-preview:-1\" \/>\n<link rel=\"canonical\" href=\"https:\/\/dicodusport.fr\/blog\/resultats-et-classement-championnats-de-france-de-trail-court-2026\/\" \/>\n<meta property=\"og:locale\" content=\"fr_FR\" \/>\n<meta property=\"og:type\" content=\"article\" \/>\n<meta property=\"og:title\" content=\"R\u00e9sultats et classement Championnats de France de trail court 2026\" \/>\n<meta property=\"og:description\" content=\"Retrouvez les r\u00e9sultats et le classement des championnats de France de trail court 2026, autour du Mont-Ventoux.\" \/>\n<meta property=\"og:url\" content=\"https:\/\/dicodusport.fr\/blog\/resultats-et-classement-championnats-de-france-de-trail-court-2026\/\" \/>\n<meta property=\"og:site_name\" content=\"Dicodusport\" \/>\n<meta property=\"article:publisher\" content=\"https:\/\/www.facebook.com\/dicodusport\" \/>\n<meta property=\"article:author\" content=\"https:\/\/www.facebook.com\/florent.ostermann\" \/>\n<meta property=\"article:published_time\" content=\"2026-03-29T10:00:40+00:00\" \/>\n<meta property=\"article:modified_time\" content=\"2026-03-29T11:30:49+00:00\" \/>\n<meta property=\"og:image\" content=\"https:\/\/dicodusport.fr\/blog\/wp-content\/uploads\/2026\/03\/Resultats-et-classement-Championnats-de-France-de-trail-court-2026.png\" \/>\n\t<meta property=\"og:image:width\" content=\"1200\" \/>\n\t<meta property=\"og:image:height\" content=\"674\" \/>\n\t<meta property=\"og:image:type\" content=\"image\/png\" \/>\n<meta name=\"author\" content=\"Flo Ostermann\" \/>\n<meta name=\"twitter:card\" content=\"summary_large_image\" \/>\n<meta name=\"twitter:creator\" content=\"@https:\/\/twitter.com\/FlOstermann\" \/>\n<meta name=\"twitter:site\" content=\"@dicodusport\" \/>\n<script type=\"application\/ld+json\" class=\"yoast-schema-graph\">{\"@context\":\"https:\/\/schema.org\",\"@graph\":[{\"@type\":\"NewsArticle\",\"@id\":\"https:\/\/dicodusport.fr\/blog\/resultats-et-classement-championnats-de-france-de-trail-court-2026\/#article\",\"isPartOf\":{\"@id\":\"https:\/\/dicodusport.fr\/blog\/resultats-et-classement-championnats-de-france-de-trail-court-2026\/\"},\"author\":{\"name\":\"Flo Ostermann\",\"@id\":\"https:\/\/dicodusport.fr\/blog\/#\/schema\/person\/cb02af4c173ce4a653b55e9baf388d4a\"},\"headline\":\"R\u00e9sultats et classement Championnats de France de trail court 2026\",\"datePublished\":\"2026-03-29T10:00:40+00:00\",\"dateModified\":\"2026-03-29T11:30:49+00:00\",\"mainEntityOfPage\":{\"@id\":\"https:\/\/dicodusport.fr\/blog\/resultats-et-classement-championnats-de-france-de-trail-court-2026\/\"},\"wordCount\":666,\"commentCount\":0,\"publisher\":{\"@id\":\"https:\/\/dicodusport.fr\/blog\/#organization\"},\"image\":{\"@id\":\"https:\/\/dicodusport.fr\/blog\/resultats-et-classement-championnats-de-france-de-trail-court-2026\/#primaryimage\"},\"thumbnailUrl\":\"https:\/\/dicodusport.fr\/blog\/wp-content\/uploads\/2026\/03\/Resultats-et-classement-Championnats-de-France-de-trail-court-2026.png\",\"keywords\":[\"br\u00e8ve\",\"trail\",\"Ultra-Trail\"],\"articleSection\":[\"Trail\"],\"inLanguage\":\"fr-FR\",\"potentialAction\":[{\"@type\":\"CommentAction\",\"name\":\"Comment\",\"target\":[\"https:\/\/dicodusport.fr\/blog\/resultats-et-classement-championnats-de-france-de-trail-court-2026\/#respond\"]}],\"copyrightYear\":\"2026\",\"copyrightHolder\":{\"@id\":\"https:\/\/dicodusport.fr\/blog\/#organization\"}},{\"@type\":\"WebPage\",\"@id\":\"https:\/\/dicodusport.fr\/blog\/resultats-et-classement-championnats-de-france-de-trail-court-2026\/\",\"url\":\"https:\/\/dicodusport.fr\/blog\/resultats-et-classement-championnats-de-france-de-trail-court-2026\/\",\"name\":\"R\u00e9sultats et classement Championnats de France de trail court 2026\",\"isPartOf\":{\"@id\":\"https:\/\/dicodusport.fr\/blog\/#website\"},\"primaryImageOfPage\":{\"@id\":\"https:\/\/dicodusport.fr\/blog\/resultats-et-classement-championnats-de-france-de-trail-court-2026\/#primaryimage\"},\"image\":{\"@id\":\"https:\/\/dicodusport.fr\/blog\/resultats-et-classement-championnats-de-france-de-trail-court-2026\/#primaryimage\"},\"thumbnailUrl\":\"https:\/\/dicodusport.fr\/blog\/wp-content\/uploads\/2026\/03\/Resultats-et-classement-Championnats-de-France-de-trail-court-2026.png\",\"datePublished\":\"2026-03-29T10:00:40+00:00\",\"dateModified\":\"2026-03-29T11:30:49+00:00\",\"description\":\"Retrouvez les r\u00e9sultats et le classement des championnats de France de trail court 2026, autour du Mont-Ventoux.\",\"breadcrumb\":{\"@id\":\"https:\/\/dicodusport.fr\/blog\/resultats-et-classement-championnats-de-france-de-trail-court-2026\/#breadcrumb\"},\"inLanguage\":\"fr-FR\",\"potentialAction\":[{\"@type\":\"ReadAction\",\"target\":[\"https:\/\/dicodusport.fr\/blog\/resultats-et-classement-championnats-de-france-de-trail-court-2026\/\"]}]},{\"@type\":\"ImageObject\",\"inLanguage\":\"fr-FR\",\"@id\":\"https:\/\/dicodusport.fr\/blog\/resultats-et-classement-championnats-de-france-de-trail-court-2026\/#primaryimage\",\"url\":\"https:\/\/dicodusport.fr\/blog\/wp-content\/uploads\/2026\/03\/Resultats-et-classement-Championnats-de-France-de-trail-court-2026.png\",\"contentUrl\":\"https:\/\/dicodusport.fr\/blog\/wp-content\/uploads\/2026\/03\/Resultats-et-classement-Championnats-de-France-de-trail-court-2026.png\",\"width\":1200,\"height\":674,\"caption\":\"R\u00e9sultats et classement Championnats de France de trail court 2026\"},{\"@type\":\"BreadcrumbList\",\"@id\":\"https:\/\/dicodusport.fr\/blog\/resultats-et-classement-championnats-de-france-de-trail-court-2026\/#breadcrumb\",\"itemListElement\":[{\"@type\":\"ListItem\",\"position\":1,\"name\":\"Accueil\",\"item\":\"https:\/\/dicodusport.fr\/blog\/\"},{\"@type\":\"ListItem\",\"position\":2,\"name\":\"R\u00e9sultats et classement Championnats de France de trail court 2026\"}]},{\"@type\":\"WebSite\",\"@id\":\"https:\/\/dicodusport.fr\/blog\/#website\",\"url\":\"https:\/\/dicodusport.fr\/blog\/\",\"name\":\"Dicodusport\",\"description\":\"L&#039;encyclop\u00e9die de l&#039;actualit\u00e9 sportive\",\"publisher\":{\"@id\":\"https:\/\/dicodusport.fr\/blog\/#organization\"},\"potentialAction\":[{\"@type\":\"SearchAction\",\"target\":{\"@type\":\"EntryPoint\",\"urlTemplate\":\"https:\/\/dicodusport.fr\/blog\/?s={search_term_string}\"},\"query-input\":{\"@type\":\"PropertyValueSpecification\",\"valueRequired\":true,\"valueName\":\"search_term_string\"}}],\"inLanguage\":\"fr-FR\"},{\"@type\":\"NewsMediaOrganization\",\"@id\":\"https:\/\/dicodusport.fr\/blog\/#organization\",\"name\":\"Dicodusport\",\"url\":\"https:\/\/dicodusport.fr\/blog\/\",\"logo\":{\"@type\":\"ImageObject\",\"inLanguage\":\"fr-FR\",\"@id\":\"https:\/\/dicodusport.fr\/blog\/#\/schema\/logo\/image\/\",\"url\":\"https:\/\/dicodusport.fr\/blog\/wp-content\/uploads\/2020\/06\/cropped-LOGO-DICODUSPORT-2020-SANS-FOND-SANS-TEXTE.png\",\"contentUrl\":\"https:\/\/dicodusport.fr\/blog\/wp-content\/uploads\/2020\/06\/cropped-LOGO-DICODUSPORT-2020-SANS-FOND-SANS-TEXTE.png\",\"width\":512,\"height\":512,\"caption\":\"Dicodusport\"},\"image\":{\"@id\":\"https:\/\/dicodusport.fr\/blog\/#\/schema\/logo\/image\/\"},\"sameAs\":[\"https:\/\/www.facebook.com\/dicodusport\",\"https:\/\/x.com\/dicodusport\",\"https:\/\/www.instagram.com\/dicodusport\/\",\"https:\/\/www.youtube.com\/channel\/UC7V2KZ5sd3htJivAbA4ZG3w\"],\"description\":\"Dicodusport est l'encyclop\u00e9die de l'actualit\u00e9 sportive.\",\"email\":\"bonjour@dicodusport.fr\",\"legalName\":\"DICODUSPORT\",\"foundingDate\":\"2018-01-14\",\"vatID\":\"FR71834470973\",\"taxID\":\"83447097300043\",\"numberOfEmployees\":{\"@type\":\"QuantitativeValue\",\"minValue\":\"1\",\"maxValue\":\"10\"}},{\"@type\":\"Person\",\"@id\":\"https:\/\/dicodusport.fr\/blog\/#\/schema\/person\/cb02af4c173ce4a653b55e9baf388d4a\",\"name\":\"Flo Ostermann\",\"image\":{\"@type\":\"ImageObject\",\"inLanguage\":\"fr-FR\",\"@id\":\"https:\/\/dicodusport.fr\/blog\/#\/schema\/person\/image\/\",\"url\":\"https:\/\/dicodusport.fr\/blog\/wp-content\/uploads\/2021\/05\/Flo-Ostermann-150x150.jpg\",\"contentUrl\":\"https:\/\/dicodusport.fr\/blog\/wp-content\/uploads\/2021\/05\/Flo-Ostermann-150x150.jpg\",\"caption\":\"Flo Ostermann\"},\"description\":\"Journaliste\/R\u00e9dacteur depuis septembre 2015 - Mes premiers souvenirs dans le sport ? Les envol\u00e9es du Stade Toulousain et les duels Villeneuve-Schumacher et H\u00e4kkinen-Schumacher \u00e0 la fin des ann\u00e9es 90, la Coupe du monde de football en 1998, l\u2019exploit du XV de France face aux All Blacks en 1999, mais aussi Richard C\u0153ur de Lion qui vole sur les montagnes du Tour de France. Bien parti pour devenir professeur d\u2019EPS, les \u00e9v\u00e9nements de la vie (et la flemme d\u2019animer des s\u00e9ances de 3x500 m\u00e8tres toute ma vie) m\u2019ont conduit \u00e0 revoir mes plans. Me voil\u00e0 depuis fin 2017 sur Dicodusport, m\u00e9dia gr\u00e2ce (et pour) lequel je partage ma passion : le sport dans tous ses \u00e9tats. Le tout accompagn\u00e9 par les fous furieux et folles furieuses cit\u00e9s sur cette page !\",\"sameAs\":[\"https:\/\/www.facebook.com\/florent.ostermann\",\"https:\/\/x.com\/https:\/\/twitter.com\/FlOstermann\",\"admin\"],\"url\":\"https:\/\/dicodusport.fr\/blog\/author\/flo\/\"}]}<\/script>\n<!-- \/ Yoast SEO Premium plugin. -->","yoast_head_json":{"title":"R\u00e9sultats et classement Championnats de France de trail court 2026","description":"Retrouvez les r\u00e9sultats et le classement des championnats de France de trail court 2026, autour du Mont-Ventoux.","robots":{"index":"index","follow":"follow","max-snippet":"max-snippet:-1","max-image-preview":"max-image-preview:large","max-video-preview":"max-video-preview:-1"},"canonical":"https:\/\/dicodusport.fr\/blog\/resultats-et-classement-championnats-de-france-de-trail-court-2026\/","og_locale":"fr_FR","og_type":"article","og_title":"R\u00e9sultats et classement Championnats de France de trail court 2026","og_description":"Retrouvez les r\u00e9sultats et le classement des championnats de France de trail court 2026, autour du Mont-Ventoux.","og_url":"https:\/\/dicodusport.fr\/blog\/resultats-et-classement-championnats-de-france-de-trail-court-2026\/","og_site_name":"Dicodusport","article_publisher":"https:\/\/www.facebook.com\/dicodusport","article_author":"https:\/\/www.facebook.com\/florent.ostermann","article_published_time":"2026-03-29T10:00:40+00:00","article_modified_time":"2026-03-29T11:30:49+00:00","og_image":[{"width":1200,"height":674,"url":"https:\/\/dicodusport.fr\/blog\/wp-content\/uploads\/2026\/03\/Resultats-et-classement-Championnats-de-France-de-trail-court-2026.png","type":"image\/png"}],"author":"Flo Ostermann","twitter_card":"summary_large_image","twitter_creator":"@https:\/\/twitter.com\/FlOstermann","twitter_site":"@dicodusport","schema":{"@context":"https:\/\/schema.org","@graph":[{"@type":"NewsArticle","@id":"https:\/\/dicodusport.fr\/blog\/resultats-et-classement-championnats-de-france-de-trail-court-2026\/#article","isPartOf":{"@id":"https:\/\/dicodusport.fr\/blog\/resultats-et-classement-championnats-de-france-de-trail-court-2026\/"},"author":{"name":"Flo Ostermann","@id":"https:\/\/dicodusport.fr\/blog\/#\/schema\/person\/cb02af4c173ce4a653b55e9baf388d4a"},"headline":"R\u00e9sultats et classement Championnats de France de trail court 2026","datePublished":"2026-03-29T10:00:40+00:00","dateModified":"2026-03-29T11:30:49+00:00","mainEntityOfPage":{"@id":"https:\/\/dicodusport.fr\/blog\/resultats-et-classement-championnats-de-france-de-trail-court-2026\/"},"wordCount":666,"commentCount":0,"publisher":{"@id":"https:\/\/dicodusport.fr\/blog\/#organization"},"image":{"@id":"https:\/\/dicodusport.fr\/blog\/resultats-et-classement-championnats-de-france-de-trail-court-2026\/#primaryimage"},"thumbnailUrl":"https:\/\/dicodusport.fr\/blog\/wp-content\/uploads\/2026\/03\/Resultats-et-classement-Championnats-de-France-de-trail-court-2026.png","keywords":["br\u00e8ve","trail","Ultra-Trail"],"articleSection":["Trail"],"inLanguage":"fr-FR","potentialAction":[{"@type":"CommentAction","name":"Comment","target":["https:\/\/dicodusport.fr\/blog\/resultats-et-classement-championnats-de-france-de-trail-court-2026\/#respond"]}],"copyrightYear":"2026","copyrightHolder":{"@id":"https:\/\/dicodusport.fr\/blog\/#organization"}},{"@type":"WebPage","@id":"https:\/\/dicodusport.fr\/blog\/resultats-et-classement-championnats-de-france-de-trail-court-2026\/","url":"https:\/\/dicodusport.fr\/blog\/resultats-et-classement-championnats-de-france-de-trail-court-2026\/","name":"R\u00e9sultats et classement Championnats de France de trail court 2026","isPartOf":{"@id":"https:\/\/dicodusport.fr\/blog\/#website"},"primaryImageOfPage":{"@id":"https:\/\/dicodusport.fr\/blog\/resultats-et-classement-championnats-de-france-de-trail-court-2026\/#primaryimage"},"image":{"@id":"https:\/\/dicodusport.fr\/blog\/resultats-et-classement-championnats-de-france-de-trail-court-2026\/#primaryimage"},"thumbnailUrl":"https:\/\/dicodusport.fr\/blog\/wp-content\/uploads\/2026\/03\/Resultats-et-classement-Championnats-de-France-de-trail-court-2026.png","datePublished":"2026-03-29T10:00:40+00:00","dateModified":"2026-03-29T11:30:49+00:00","description":"Retrouvez les r\u00e9sultats et le classement des championnats de France de trail court 2026, autour du Mont-Ventoux.","breadcrumb":{"@id":"https:\/\/dicodusport.fr\/blog\/resultats-et-classement-championnats-de-france-de-trail-court-2026\/#breadcrumb"},"inLanguage":"fr-FR","potentialAction":[{"@type":"ReadAction","target":["https:\/\/dicodusport.fr\/blog\/resultats-et-classement-championnats-de-france-de-trail-court-2026\/"]}]},{"@type":"ImageObject","inLanguage":"fr-FR","@id":"https:\/\/dicodusport.fr\/blog\/resultats-et-classement-championnats-de-france-de-trail-court-2026\/#primaryimage","url":"https:\/\/dicodusport.fr\/blog\/wp-content\/uploads\/2026\/03\/Resultats-et-classement-Championnats-de-France-de-trail-court-2026.png","contentUrl":"https:\/\/dicodusport.fr\/blog\/wp-content\/uploads\/2026\/03\/Resultats-et-classement-Championnats-de-France-de-trail-court-2026.png","width":1200,"height":674,"caption":"R\u00e9sultats et classement Championnats de France de trail court 2026"},{"@type":"BreadcrumbList","@id":"https:\/\/dicodusport.fr\/blog\/resultats-et-classement-championnats-de-france-de-trail-court-2026\/#breadcrumb","itemListElement":[{"@type":"ListItem","position":1,"name":"Accueil","item":"https:\/\/dicodusport.fr\/blog\/"},{"@type":"ListItem","position":2,"name":"R\u00e9sultats et classement Championnats de France de trail court 2026"}]},{"@type":"WebSite","@id":"https:\/\/dicodusport.fr\/blog\/#website","url":"https:\/\/dicodusport.fr\/blog\/","name":"Dicodusport","description":"L&#039;encyclop\u00e9die de l&#039;actualit\u00e9 sportive","publisher":{"@id":"https:\/\/dicodusport.fr\/blog\/#organization"},"potentialAction":[{"@type":"SearchAction","target":{"@type":"EntryPoint","urlTemplate":"https:\/\/dicodusport.fr\/blog\/?s={search_term_string}"},"query-input":{"@type":"PropertyValueSpecification","valueRequired":true,"valueName":"search_term_string"}}],"inLanguage":"fr-FR"},{"@type":"NewsMediaOrganization","@id":"https:\/\/dicodusport.fr\/blog\/#organization","name":"Dicodusport","url":"https:\/\/dicodusport.fr\/blog\/","logo":{"@type":"ImageObject","inLanguage":"fr-FR","@id":"https:\/\/dicodusport.fr\/blog\/#\/schema\/logo\/image\/","url":"https:\/\/dicodusport.fr\/blog\/wp-content\/uploads\/2020\/06\/cropped-LOGO-DICODUSPORT-2020-SANS-FOND-SANS-TEXTE.png","contentUrl":"https:\/\/dicodusport.fr\/blog\/wp-content\/uploads\/2020\/06\/cropped-LOGO-DICODUSPORT-2020-SANS-FOND-SANS-TEXTE.png","width":512,"height":512,"caption":"Dicodusport"},"image":{"@id":"https:\/\/dicodusport.fr\/blog\/#\/schema\/logo\/image\/"},"sameAs":["https:\/\/www.facebook.com\/dicodusport","https:\/\/x.com\/dicodusport","https:\/\/www.instagram.com\/dicodusport\/","https:\/\/www.youtube.com\/channel\/UC7V2KZ5sd3htJivAbA4ZG3w"],"description":"Dicodusport est l'encyclop\u00e9die de l'actualit\u00e9 sportive.","email":"bonjour@dicodusport.fr","legalName":"DICODUSPORT","foundingDate":"2018-01-14","vatID":"FR71834470973","taxID":"83447097300043","numberOfEmployees":{"@type":"QuantitativeValue","minValue":"1","maxValue":"10"}},{"@type":"Person","@id":"https:\/\/dicodusport.fr\/blog\/#\/schema\/person\/cb02af4c173ce4a653b55e9baf388d4a","name":"Flo Ostermann","image":{"@type":"ImageObject","inLanguage":"fr-FR","@id":"https:\/\/dicodusport.fr\/blog\/#\/schema\/person\/image\/","url":"https:\/\/dicodusport.fr\/blog\/wp-content\/uploads\/2021\/05\/Flo-Ostermann-150x150.jpg","contentUrl":"https:\/\/dicodusport.fr\/blog\/wp-content\/uploads\/2021\/05\/Flo-Ostermann-150x150.jpg","caption":"Flo Ostermann"},"description":"Journaliste\/R\u00e9dacteur depuis septembre 2015 - Mes premiers souvenirs dans le sport ? Les envol\u00e9es du Stade Toulousain et les duels Villeneuve-Schumacher et H\u00e4kkinen-Schumacher \u00e0 la fin des ann\u00e9es 90, la Coupe du monde de football en 1998, l\u2019exploit du XV de France face aux All Blacks en 1999, mais aussi Richard C\u0153ur de Lion qui vole sur les montagnes du Tour de France. Bien parti pour devenir professeur d\u2019EPS, les \u00e9v\u00e9nements de la vie (et la flemme d\u2019animer des s\u00e9ances de 3x500 m\u00e8tres toute ma vie) m\u2019ont conduit \u00e0 revoir mes plans. Me voil\u00e0 depuis fin 2017 sur Dicodusport, m\u00e9dia gr\u00e2ce (et pour) lequel je partage ma passion : le sport dans tous ses \u00e9tats. Le tout accompagn\u00e9 par les fous furieux et folles furieuses cit\u00e9s sur cette page !","sameAs":["https:\/\/www.facebook.com\/florent.ostermann","https:\/\/x.com\/https:\/\/twitter.com\/FlOstermann","admin"],"url":"https:\/\/dicodusport.fr\/blog\/author\/flo\/"}]}},"_links":{"self":[{"href":"https:\/\/dicodusport.fr\/blog\/wp-json\/wp\/v2\/posts\/658897","targetHints":{"allow":["GET"]}}],"collection":[{"href":"https:\/\/dicodusport.fr\/blog\/wp-json\/wp\/v2\/posts"}],"about":[{"href":"https:\/\/dicodusport.fr\/blog\/wp-json\/wp\/v2\/types\/post"}],"author":[{"embeddable":true,"href":"https:\/\/dicodusport.fr\/blog\/wp-json\/wp\/v2\/users\/4"}],"replies":[{"embeddable":true,"href":"https:\/\/dicodusport.fr\/blog\/wp-json\/wp\/v2\/comments?post=658897"}],"version-history":[{"count":5,"href":"https:\/\/dicodusport.fr\/blog\/wp-json\/wp\/v2\/posts\/658897\/revisions"}],"predecessor-version":[{"id":659165,"href":"https:\/\/dicodusport.fr\/blog\/wp-json\/wp\/v2\/posts\/658897\/revisions\/659165"}],"wp:featuredmedia":[{"embeddable":true,"href":"https:\/\/dicodusport.fr\/blog\/wp-json\/wp\/v2\/media\/658912"}],"wp:attachment":[{"href":"https:\/\/dicodusport.fr\/blog\/wp-json\/wp\/v2\/media?parent=658897"}],"wp:term":[{"taxonomy":"category","embeddable":true,"href":"https:\/\/dicodusport.fr\/blog\/wp-json\/wp\/v2\/categories?post=658897"},{"taxonomy":"post_tag","embeddable":true,"href":"https:\/\/dicodusport.fr\/blog\/wp-json\/wp\/v2\/tags?post=658897"}],"curies":[{"name":"wp","href":"https:\/\/api.w.org\/{rel}","templated":true}]}}