{"id":658931,"date":"2026-03-29T12:15:34","date_gmt":"2026-03-29T10:15:34","guid":{"rendered":"https:\/\/dicodusport.fr\/blog\/?p=658931&#038;preview=true&#038;preview_id=658931"},"modified":"2026-03-29T13:42:26","modified_gmt":"2026-03-29T11:42:26","slug":"resultats-et-classement-trail-long-championnats-de-france-2026","status":"publish","type":"post","link":"https:\/\/dicodusport.fr\/blog\/resultats-et-classement-trail-long-championnats-de-france-2026\/","title":{"rendered":"R\u00e9sultats et classement Trail long Championnats de France 2026"},"content":{"rendered":"<p style=\"text-align: justify;\"><strong><em>Retrouvez les r\u00e9sultats et le classement des championnats de France de trail long 2026, autour du Mont-Ventoux. D\u00e9part donn\u00e9 ce dimanche 29 mars \u00e0 7h30, heure fran\u00e7aise.<\/em><\/strong><\/p>\n<h2 style=\"text-align: justify;\">Championnats de France de trail long 2026 : un d\u00e9fi de 50 km autour de B\u00e9doin<\/h2>\n<p style=\"text-align: justify;\">Les <strong>Championnats de France de trail long 2026<\/strong> promettent eux aussi une confrontation intense ce week-end dans le Vaucluse. Au programme, un parcours exigeant d\u2019environ 50 kilom\u00e8tres pour pr\u00e8s de 2500 m\u00e8tres de d\u00e9nivel\u00e9 positif autour de <strong>B\u00e9doin<\/strong>, au pied du Mont Ventoux. Malgr\u00e9 l\u2019absence des champions en titre, la liste des engag\u00e9s pr\u00e9sente un plateau particuli\u00e8rement dense, avec plusieurs sp\u00e9cialistes du trail et des coureurs habitu\u00e9s aux grandes \u00e9ch\u00e9ances nationales et internationales. Entre conditions m\u00e9t\u00e9orologiques potentiellement d\u00e9licates et terrain \u00e9prouvant, l\u2019endurance et la gestion de l\u2019effort devraient jouer un r\u00f4le d\u00e9terminant dans l\u2019attribution du titre.<\/p>\n<ul>\n<li style=\"text-align: justify;\"><strong>\u00c0 ce sujet &#8211; <a href=\"https:\/\/dicodusport.fr\/blog\/classement-trail-long-championnats-de-france-2025-en-direct\/\">Classement Championnats de France 2025 Trail long<\/a><\/strong><\/li>\n<\/ul>\n<h2 style=\"text-align: justify;\">Un plateau masculin dense pour le titre<\/h2>\n<p style=\"text-align: justify;\">La course masculine s\u2019annonce tr\u00e8s disput\u00e9e avec plusieurs pr\u00e9tendants cr\u00e9dibles. <strong>Antoine Charvolin<\/strong>, <a href=\"https:\/\/dicodusport.fr\/blog\/utmb-2025-classement-tds-en-direct\/\">vainqueur de la TDS 2025 \u00e0 Chamonix<\/a>, arrive avec un solide statut et une r\u00e9putation grandissante dans le monde du trail. Il devra n\u00e9anmoins se m\u00e9fier de <strong>Pierre Livache<\/strong>, <a href=\"https:\/\/dicodusport.fr\/blog\/classement-grand-trail-des-templiers-2025-en-direct\/\">vainqueur des Templiers 2025<\/a>, et de <strong>Lo\u00efc Rolland<\/strong>, qui s\u2019\u00e9tait illustr\u00e9 lors des championnats d\u2019Europe en 2024.<\/p>\n<p style=\"text-align: justify;\">D\u2019autres coureurs exp\u00e9riment\u00e9s auront \u00e9galement leur mot \u00e0 dire. <strong>Robin Juillaguet<\/strong> et <strong>Mathieu Delpeuch<\/strong>, d\u00e9j\u00e0 bien plac\u00e9s lors des derniers championnats de France, ambitionnent de franchir un cap cette ann\u00e9e. L\u2019exp\u00e9riment\u00e9 <strong>Arnaud Bonin<\/strong> tentera lui aussi de jouer les premiers r\u00f4les, tandis que <strong>Dylan Ribeiro<\/strong> et <strong>Anthony Felber<\/strong> esp\u00e8rent profiter de ce parcours exigeant pour se m\u00ealer \u00e0 la lutte pour le podium.<\/p>\n<p style=\"text-align: justify;\">Au-del\u00e0 du titre national, l\u2019enjeu est \u00e9galement international : les deux premiers de la course d\u00e9crocheront un acc\u00e8s prioritaire \u00e0 l\u2019\u00e9quipe de France pour les championnats d\u2019Europe de trail pr\u00e9vus d\u00e9but juin \u00e0 Kamnik, en Slov\u00e9nie.<\/p>\n<h2 style=\"text-align: justify;\">Trois places europ\u00e9ennes en jeu chez les femmes<\/h2>\n<p style=\"text-align: justify;\">La course f\u00e9minine devrait \u00e9galement offrir un sc\u00e9nario tr\u00e8s ouvert. <strong>Adeline Martin<\/strong>, habitu\u00e9e du maillot de l\u2019\u00e9quipe de France, fait partie des principales candidates au podium. Elle retrouvera sur sa route plusieurs adversaires ambitieuses, notamment <strong>Audrey Tanguy<\/strong>, qui effectue son retour \u00e0 la comp\u00e9tition apr\u00e8s une pause li\u00e9e \u00e0 la maternit\u00e9.<\/p>\n<p style=\"text-align: justify;\">Parmi les autres pr\u00e9tendantes au podium figurent <strong>Anne-C\u00e9cile Th\u00e9venot<\/strong> et <strong>Olivia Magnone<\/strong>, toutes deux exp\u00e9riment\u00e9es sur la sc\u00e8ne internationale. <strong>Louise Serban Penhoat<\/strong> et <a href=\"https:\/\/dicodusport.fr\/blog\/classement-saintelyon-2025-en-direct\/\">la laur\u00e9ate de la Saint\u00e9Lyon 2025 <strong>Marie Goncalves<\/strong><\/a>, d\u00e9j\u00e0 mont\u00e9es sur le podium des championnats de France par le pass\u00e9, auront \u00e9galement l\u2019ambition de briller sur ce parcours s\u00e9lectif. Dans une course o\u00f9 trois places qualificatives pour les championnats d\u2019Europe sont en jeu, chaque d\u00e9tail pourrait compter dans la qu\u00eate du titre et des s\u00e9lections internationales.<\/p>\n<p style=\"text-align: justify;\"><strong>Retrouvez le top 10 du classement des championnats de France de trail long 2026, avec un d\u00e9nivel\u00e9 positif de 2 500 m\u00e8tres.<\/strong><\/p>\n<h2 style=\"text-align: justify;\">Classement Championnats de France de trail long 2026 &#8211; Course hommes<\/h2>\n<p style=\"text-align: justify;\"><span style=\"font-size: 14px;\"><strong><em>Classement officiel mis \u00e0 jour \u00e0 l&rsquo;issue de la course.<\/em><\/strong><\/span><\/p>\n<div class=\"su-table su-table-alternate\">\n<table style=\"width: 800px;border-collapse: collapse\" border=\"1\">\n<tbody>\n<tr style=\"height: 24px\">\n<td style=\"border-color: #ebebeb;height: 24px;text-align: center;width: 80px;vertical-align: middle\">\ud83c\udfc6<\/td>\n<td style=\"border-color: #ebebeb;height: 24px;text-align: center;width: 500px;vertical-align: middle\"><span style=\"font-size: 0.9em\"><strong>ATHL\u00c8TES<\/strong><\/span><\/td>\n<td style=\"border-color: #ebebeb;height: 24px;text-align: center;width: 220px;vertical-align: middle\"><span style=\"font-size: 0.9em\"><strong>TEMPS<\/strong><\/span><\/td>\n<\/tr>\n<tr style=\"height: 24px\">\n<td style=\"border-color: #ebebeb;height: 24px;text-align: center;width: 80px;vertical-align: middle\"><strong><span class=\"su-label su-label-type-warning\">1.<\/span><\/strong><\/td>\n<td style=\"border-color: #ebebeb;text-align: center;vertical-align: middle;width: 500px\"><span style=\"font-size: 0.9em\"><b>\ud83c\uddeb\ud83c\uddf7 FLORIAN BERNABEU-SEGUY<\/b><\/span><\/td>\n<td style=\"border-color: #ebebeb;text-align: center;width: 220px;vertical-align: middle\"><span style=\"font-size: 0.9em\"><strong>4h18m01s<\/strong><\/span><\/td>\n<\/tr>\n<tr>\n<td style=\"border-color: #ebebeb;text-align: center;width: 80px;vertical-align: middle\"><strong><span class=\"su-label su-label-type-default\">2.<\/span><\/strong><\/td>\n<td style=\"border-color: #ebebeb;text-align: center;vertical-align: middle;width: 500px\"><span style=\"font-size: 0.9em\"><b>\ud83c\uddeb\ud83c\uddf7 XAVIER BARTOLI<\/b><\/span><\/td>\n<td style=\"border-color: #ebebeb;text-align: center;vertical-align: middle;width: 220px\"><span style=\"font-size: 0.9em\"><strong>\u00e0 4m50s<\/strong><\/span><\/td>\n<\/tr>\n<tr>\n<td style=\"border-color: #ebebeb;text-align: center;width: 80px;vertical-align: middle\"><strong><span class=\"su-label su-label-type-important\">3.<\/span><\/strong><\/td>\n<td style=\"border-color: #ebebeb;text-align: center;vertical-align: middle;width: 500px\"><span style=\"font-size: 0.9em\"><b>\ud83c\uddeb\ud83c\uddf7 VALENTIN BENARD<\/b><\/span><\/td>\n<td style=\"border-color: #ebebeb;text-align: center;vertical-align: middle;width: 220px\"><span style=\"font-size: 0.9em\"><strong>\u00e0 5m54s<\/strong><\/span><\/td>\n<\/tr>\n<tr>\n<td style=\"border-color: #ebebeb;text-align: center;width: 80px;vertical-align: middle\"><span style=\"font-size: 0.9em\">4.<\/span><\/td>\n<td style=\"border-color: #ebebeb;text-align: center;vertical-align: middle;width: 500px\"><span style=\"font-size: 0.9em\"><b>\ud83c\uddeb\ud83c\uddf7 ANTHONIN IRAGNE<\/b><\/span><\/td>\n<td style=\"border-color: #ebebeb;text-align: center;vertical-align: middle;width: 220px\"><span style=\"font-size: 0.9em\"><strong>\u00e0 6m26s<\/strong><\/span><\/td>\n<\/tr>\n<tr>\n<td style=\"border-color: #ebebeb;text-align: center;width: 80px;vertical-align: middle\"><span style=\"font-size: 0.9em\">5.<\/span><\/td>\n<td style=\"border-color: #ebebeb;text-align: center;vertical-align: middle;width: 500px\"><span style=\"font-size: 0.9em\"><b>\ud83c\uddeb\ud83c\uddf7 AUGUSTIN KERHARDY<\/b><\/span><\/td>\n<td style=\"border-color: #ebebeb;text-align: center;vertical-align: middle;width: 220px\"><span style=\"font-size: 0.9em\"><strong>\u00e0 9m22s<\/strong><\/span><\/td>\n<\/tr>\n<tr>\n<td style=\"border-color: #ebebeb;text-align: center;width: 80px;vertical-align: middle\"><span style=\"font-size: 0.9em\">6.<\/span><\/td>\n<td style=\"border-color: #ebebeb;text-align: center;vertical-align: middle;width: 500px\"><span style=\"font-size: 0.9em\"><b>\ud83c\uddeb\ud83c\uddf7 REMY BRASSAC<\/b><\/span><\/td>\n<td style=\"border-color: #ebebeb;text-align: center;vertical-align: middle;width: 220px\"><span style=\"font-size: 0.9em\"><strong>\u00e0 9m50s<\/strong><\/span><\/td>\n<\/tr>\n<tr>\n<td style=\"border-color: #ebebeb;text-align: center;width: 80px;vertical-align: middle\"><span style=\"font-size: 0.9em\">7.<\/span><\/td>\n<td style=\"border-color: #ebebeb;text-align: center;vertical-align: middle;width: 500px\"><span style=\"font-size: 0.9em\"><b>\ud83c\uddeb\ud83c\uddf7 MELAINE LE PALABE<\/b><\/span><\/td>\n<td style=\"border-color: #ebebeb;text-align: center;vertical-align: middle;width: 220px\"><span style=\"font-size: 0.9em\"><strong>\u00e0 10m20s<\/strong><\/span><\/td>\n<\/tr>\n<tr>\n<td style=\"border-color: #ebebeb;text-align: center;width: 80px;vertical-align: middle\"><span style=\"font-size: 0.9em\">8.<\/span><\/td>\n<td style=\"border-color: #ebebeb;text-align: center;vertical-align: middle;width: 500px\"><span style=\"font-size: 0.9em\"><b>\ud83c\uddeb\ud83c\uddf7 LOUIS SORIN<\/b><\/span><\/td>\n<td style=\"border-color: #ebebeb;text-align: center;vertical-align: middle;width: 220px\"><span style=\"font-size: 0.9em\"><strong>\u00e0 10m39s<\/strong><\/span><\/td>\n<\/tr>\n<tr>\n<td style=\"border-color: #ebebeb;text-align: center;width: 80px;vertical-align: middle\"><span style=\"font-size: 0.9em\">9.<\/span><\/td>\n<td style=\"border-color: #ebebeb;text-align: center;vertical-align: middle;width: 500px\"><span style=\"font-size: 0.9em\"><b>\ud83c\uddeb\ud83c\uddf7 LUDVIK FERNANDES<\/b><\/span><\/td>\n<td style=\"border-color: #ebebeb;text-align: center;vertical-align: middle;width: 220px\"><span style=\"font-size: 0.9em\"><strong>\u00e0 11m32s<\/strong><\/span><\/td>\n<\/tr>\n<tr style=\"height: 24px\">\n<td style=\"border-color: #ebebeb;height: 24px;text-align: center;width: 80px;vertical-align: middle\"><span style=\"font-size: 0.9em\">10.<\/span><\/td>\n<td style=\"border-color: #ebebeb;text-align: center;vertical-align: middle;width: 500px\"><span style=\"font-size: 0.9em\"><b>\ud83c\uddeb\ud83c\uddf7 PIERRE-ANDRE ANIZAN<\/b><\/span><\/td>\n<td style=\"border-color: #ebebeb;text-align: center;vertical-align: middle;width: 220px\"><span style=\"font-size: 0.9em\"><strong>\u00e0 12m05s<\/strong><\/span><\/td>\n<\/tr>\n<\/tbody>\n<\/table>\n<\/div>\n<ul>\n<li style=\"text-align: justify;\"><strong><a href=\"https:\/\/www.athle.fr\/bases\/liste.aspx?frmbase=directs&amp;frmmode=0&amp;frmcompetition=308788&amp;frmepreuve=9dcf703b-cde9-4879-9c02-b66622d83107\">Le classement complet<\/a><br \/>\n<\/strong><\/li>\n<\/ul>\n<hr \/>\n<h2 style=\"text-align: justify;\">Classement Championnats de France de trail long 2026 &#8211; Course femmes<\/h2>\n<p style=\"text-align: justify;\"><span style=\"font-size: 14px;\"><strong><em>Classement officiel mis \u00e0 jour \u00e0 l&rsquo;issue de la course.<\/em><\/strong><\/span><\/p>\n<div class=\"su-table su-table-alternate\">\n<table style=\"width: 800px;border-collapse: collapse\" border=\"1\">\n<tbody>\n<tr style=\"height: 24px\">\n<td style=\"border-color: #ebebeb;height: 24px;text-align: center;width: 80px;vertical-align: middle\">\ud83c\udfc6<\/td>\n<td style=\"border-color: #ebebeb;height: 24px;text-align: center;width: 500px;vertical-align: middle\"><span style=\"font-size: 0.9em\"><strong>ATHL\u00c8TES<\/strong><\/span><\/td>\n<td style=\"border-color: #ebebeb;height: 24px;text-align: center;width: 220px;vertical-align: middle\"><span style=\"font-size: 0.9em\"><strong>TEMPS<\/strong><\/span><\/td>\n<\/tr>\n<tr style=\"height: 24px\">\n<td style=\"border-color: #ebebeb;height: 24px;text-align: center;width: 80px;vertical-align: middle\"><strong><span class=\"su-label su-label-type-warning\">1.<\/span><\/strong><\/td>\n<td style=\"border-color: #ebebeb;text-align: center;vertical-align: middle;width: 500px\"><span style=\"font-size: 0.9em\"><b>\ud83c\uddeb\ud83c\uddf7 AUDREY TANGUY<\/b><\/span><\/td>\n<td style=\"border-color: #ebebeb;text-align: center;width: 220px;vertical-align: middle\"><span style=\"font-size: 0.9em\"><strong>4h58m02s<\/strong><\/span><\/td>\n<\/tr>\n<tr>\n<td style=\"border-color: #ebebeb;text-align: center;width: 80px;vertical-align: middle\"><strong><span class=\"su-label su-label-type-default\">2.<\/span><\/strong><\/td>\n<td style=\"border-color: #ebebeb;text-align: center;vertical-align: middle;width: 500px\"><span style=\"font-size: 0.9em\"><b>\ud83c\uddeb\ud83c\uddf7 MARIE GONCALVES<\/b><\/span><\/td>\n<td style=\"border-color: #ebebeb;text-align: center;vertical-align: middle;width: 220px\"><span style=\"font-size: 0.9em\"><strong>\u00e0 2m30s<\/strong><\/span><\/td>\n<\/tr>\n<tr>\n<td style=\"border-color: #ebebeb;text-align: center;width: 80px;vertical-align: middle\"><strong><span class=\"su-label su-label-type-important\">3.<\/span><\/strong><\/td>\n<td style=\"border-color: #ebebeb;text-align: center;vertical-align: middle;width: 500px\"><span style=\"font-size: 0.9em\"><b>\ud83c\uddeb\ud83c\uddf7 ANNE-CECILE THEVENOT<\/b><\/span><\/td>\n<td style=\"border-color: #ebebeb;text-align: center;vertical-align: middle;width: 220px\"><span style=\"font-size: 0.9em\"><strong>\u00e0 3m04s<\/strong><\/span><\/td>\n<\/tr>\n<tr>\n<td style=\"border-color: #ebebeb;text-align: center;width: 80px;vertical-align: middle\"><span style=\"font-size: 0.9em\">4.<\/span><\/td>\n<td style=\"border-color: #ebebeb;text-align: center;vertical-align: middle;width: 500px\"><span style=\"font-size: 0.9em\"><b>\ud83c\uddeb\ud83c\uddf7 ADELINE MARTIN<\/b><\/span><\/td>\n<td style=\"border-color: #ebebeb;text-align: center;vertical-align: middle;width: 220px\"><span style=\"font-size: 0.9em\"><strong>\u00e0 11m38s<\/strong><\/span><\/td>\n<\/tr>\n<tr>\n<td style=\"border-color: #ebebeb;text-align: center;width: 80px;vertical-align: middle\"><span style=\"font-size: 0.9em\">5.<\/span><\/td>\n<td style=\"border-color: #ebebeb;text-align: center;vertical-align: middle;width: 500px\"><span style=\"font-size: 0.9em\"><b>\ud83c\uddeb\ud83c\uddf7 EMELINE AZAM<\/b><\/span><\/td>\n<td style=\"border-color: #ebebeb;text-align: center;vertical-align: middle;width: 220px\"><span style=\"font-size: 0.9em\"><strong>\u00e0 19m34s<\/strong><\/span><\/td>\n<\/tr>\n<tr>\n<td style=\"border-color: #ebebeb;text-align: center;width: 80px;vertical-align: middle\"><span style=\"font-size: 0.9em\">6.<\/span><\/td>\n<td style=\"border-color: #ebebeb;text-align: center;vertical-align: middle;width: 500px\"><span style=\"font-size: 0.9em\"><b>\ud83c\uddeb\ud83c\uddf7 CAMILLE LESCUYER<\/b><\/span><\/td>\n<td style=\"border-color: #ebebeb;text-align: center;vertical-align: middle;width: 220px\"><span style=\"font-size: 0.9em\"><strong>\u00e0 21m47s<\/strong><\/span><\/td>\n<\/tr>\n<tr>\n<td style=\"border-color: #ebebeb;text-align: center;width: 80px;vertical-align: middle\"><span style=\"font-size: 0.9em\">7.<\/span><\/td>\n<td style=\"border-color: #ebebeb;text-align: center;vertical-align: middle;width: 500px\"><span style=\"font-size: 0.9em\"><b>\ud83c\uddeb\ud83c\uddf7 BLANDINE ORSINI<\/b><\/span><\/td>\n<td style=\"border-color: #ebebeb;text-align: center;vertical-align: middle;width: 220px\"><span style=\"font-size: 0.9em\"><strong>\u00e0 22m31s<\/strong><\/span><\/td>\n<\/tr>\n<tr>\n<td style=\"border-color: #ebebeb;text-align: center;width: 80px;vertical-align: middle\"><span style=\"font-size: 0.9em\">8.<\/span><\/td>\n<td style=\"border-color: #ebebeb;height: 24px;text-align: center;width: 500px;vertical-align: middle\"><span style=\"font-size: 0.9em\"><b>\ud83c\uddeb\ud83c\uddf7 OLIVIA MAGNONE<\/b><\/span><\/td>\n<td style=\"border-color: #ebebeb;text-align: center;vertical-align: middle;width: 220px\"><span style=\"font-size: 0.9em\"><strong>\u00e0 23m24s<\/strong><\/span><\/td>\n<\/tr>\n<tr>\n<td style=\"border-color: #ebebeb;text-align: center;width: 80px;vertical-align: middle\"><span style=\"font-size: 0.9em\">9.<\/span><\/td>\n<td style=\"border-color: #ebebeb;height: 24px;text-align: center;width: 500px;vertical-align: middle\"><span style=\"font-size: 0.9em\"><b>\ud83c\uddeb\ud83c\uddf7 MARINA REBOLLO<\/b><\/span><\/td>\n<td style=\"border-color: #ebebeb;text-align: center;vertical-align: middle;width: 220px\"><span style=\"font-size: 0.9em\"><strong>\u00e0 24m51s<\/strong><\/span><\/td>\n<\/tr>\n<tr style=\"height: 24px\">\n<td style=\"border-color: #ebebeb;height: 24px;text-align: center;width: 80px;vertical-align: middle\"><span style=\"font-size: 0.9em\">10.<\/span><\/td>\n<td style=\"border-color: #ebebeb;height: 24px;text-align: center;width: 500px;vertical-align: middle\"><span style=\"font-size: 0.9em\"><b>\ud83c\uddeb\ud83c\uddf7 LAURE PARADAN<\/b><\/span><\/td>\n<td style=\"border-color: #ebebeb;text-align: center;vertical-align: middle;width: 220px\"><span style=\"font-size: 0.9em\"><strong>\u00e0 31m06s<\/strong><\/span><\/td>\n<\/tr>\n<\/tbody>\n<\/table>\n<\/div>\n<ul>\n<li style=\"text-align: justify;\"><a href=\"https:\/\/www.athle.fr\/bases\/liste.aspx?frmbase=directs&amp;frmmode=0&amp;frmcompetition=308788&amp;frmepreuve=9dcf703b-cde9-4879-9c02-b66622d83107\"><strong>Le classement complet<\/strong><\/a><\/li>\n<\/ul>\n","protected":false},"excerpt":{"rendered":"<p>Retrouvez les r\u00e9sultats et le classement des championnats de France de trail long 2026, autour du Mont-Ventoux.<\/p>\n","protected":false},"author":4,"featured_media":658962,"comment_status":"open","ping_status":"closed","sticky":false,"template":"","format":"standard","meta":{"_acf_changed":false,"_daextam_enable_autolinks":"1","footnotes":""},"categories":[8673],"tags":[16878,862,5836],"class_list":["post-658931","post","type-post","status-publish","format-standard","has-post-thumbnail","hentry","category-trail","tag-breve","tag-trail","tag-ultra-trail"],"acf":[],"yoast_head":"<!-- This site is optimized with the Yoast SEO Premium plugin v26.7 (Yoast SEO v26.7) - https:\/\/yoast.com\/wordpress\/plugins\/seo\/ -->\n<title>R\u00e9sultats et classement Trail long Championnats de France 2026<\/title>\n<meta name=\"description\" content=\"Retrouvez les r\u00e9sultats et le classement des championnats de France de trail long 2026, autour du Mont-Ventoux.\" \/>\n<meta name=\"robots\" content=\"index, follow, max-snippet:-1, max-image-preview:large, max-video-preview:-1\" \/>\n<link rel=\"canonical\" href=\"https:\/\/dicodusport.fr\/blog\/resultats-et-classement-trail-long-championnats-de-france-2026\/\" \/>\n<meta property=\"og:locale\" content=\"fr_FR\" \/>\n<meta property=\"og:type\" content=\"article\" \/>\n<meta property=\"og:title\" content=\"R\u00e9sultats et classement Trail long Championnats de France 2026\" \/>\n<meta property=\"og:description\" content=\"Retrouvez les r\u00e9sultats et le classement des championnats de France de trail long 2026, autour du Mont-Ventoux.\" \/>\n<meta property=\"og:url\" content=\"https:\/\/dicodusport.fr\/blog\/resultats-et-classement-trail-long-championnats-de-france-2026\/\" \/>\n<meta property=\"og:site_name\" content=\"Dicodusport\" \/>\n<meta property=\"article:publisher\" content=\"https:\/\/www.facebook.com\/dicodusport\" \/>\n<meta property=\"article:author\" content=\"https:\/\/www.facebook.com\/florent.ostermann\" \/>\n<meta property=\"article:published_time\" content=\"2026-03-29T10:15:34+00:00\" \/>\n<meta property=\"article:modified_time\" content=\"2026-03-29T11:42:26+00:00\" \/>\n<meta property=\"og:image\" content=\"https:\/\/dicodusport.fr\/blog\/wp-content\/uploads\/2026\/03\/Resultats-et-classement-Trail-long-Championnats-de-France-2026.png\" \/>\n\t<meta property=\"og:image:width\" content=\"1200\" \/>\n\t<meta property=\"og:image:height\" content=\"674\" \/>\n\t<meta property=\"og:image:type\" content=\"image\/png\" \/>\n<meta name=\"author\" content=\"Flo Ostermann\" \/>\n<meta name=\"twitter:card\" content=\"summary_large_image\" \/>\n<meta name=\"twitter:creator\" content=\"@https:\/\/twitter.com\/FlOstermann\" \/>\n<meta name=\"twitter:site\" content=\"@dicodusport\" \/>\n<script type=\"application\/ld+json\" class=\"yoast-schema-graph\">{\"@context\":\"https:\/\/schema.org\",\"@graph\":[{\"@type\":\"NewsArticle\",\"@id\":\"https:\/\/dicodusport.fr\/blog\/resultats-et-classement-trail-long-championnats-de-france-2026\/#article\",\"isPartOf\":{\"@id\":\"https:\/\/dicodusport.fr\/blog\/resultats-et-classement-trail-long-championnats-de-france-2026\/\"},\"author\":{\"name\":\"Flo Ostermann\",\"@id\":\"https:\/\/dicodusport.fr\/blog\/#\/schema\/person\/cb02af4c173ce4a653b55e9baf388d4a\"},\"headline\":\"R\u00e9sultats et classement Trail long Championnats de France 2026\",\"datePublished\":\"2026-03-29T10:15:34+00:00\",\"dateModified\":\"2026-03-29T11:42:26+00:00\",\"mainEntityOfPage\":{\"@id\":\"https:\/\/dicodusport.fr\/blog\/resultats-et-classement-trail-long-championnats-de-france-2026\/\"},\"wordCount\":716,\"commentCount\":1,\"publisher\":{\"@id\":\"https:\/\/dicodusport.fr\/blog\/#organization\"},\"image\":{\"@id\":\"https:\/\/dicodusport.fr\/blog\/resultats-et-classement-trail-long-championnats-de-france-2026\/#primaryimage\"},\"thumbnailUrl\":\"https:\/\/dicodusport.fr\/blog\/wp-content\/uploads\/2026\/03\/Resultats-et-classement-Trail-long-Championnats-de-France-2026.png\",\"keywords\":[\"br\u00e8ve\",\"trail\",\"Ultra-Trail\"],\"articleSection\":[\"Trail\"],\"inLanguage\":\"fr-FR\",\"potentialAction\":[{\"@type\":\"CommentAction\",\"name\":\"Comment\",\"target\":[\"https:\/\/dicodusport.fr\/blog\/resultats-et-classement-trail-long-championnats-de-france-2026\/#respond\"]}],\"copyrightYear\":\"2026\",\"copyrightHolder\":{\"@id\":\"https:\/\/dicodusport.fr\/blog\/#organization\"}},{\"@type\":\"WebPage\",\"@id\":\"https:\/\/dicodusport.fr\/blog\/resultats-et-classement-trail-long-championnats-de-france-2026\/\",\"url\":\"https:\/\/dicodusport.fr\/blog\/resultats-et-classement-trail-long-championnats-de-france-2026\/\",\"name\":\"R\u00e9sultats et classement Trail long Championnats de France 2026\",\"isPartOf\":{\"@id\":\"https:\/\/dicodusport.fr\/blog\/#website\"},\"primaryImageOfPage\":{\"@id\":\"https:\/\/dicodusport.fr\/blog\/resultats-et-classement-trail-long-championnats-de-france-2026\/#primaryimage\"},\"image\":{\"@id\":\"https:\/\/dicodusport.fr\/blog\/resultats-et-classement-trail-long-championnats-de-france-2026\/#primaryimage\"},\"thumbnailUrl\":\"https:\/\/dicodusport.fr\/blog\/wp-content\/uploads\/2026\/03\/Resultats-et-classement-Trail-long-Championnats-de-France-2026.png\",\"datePublished\":\"2026-03-29T10:15:34+00:00\",\"dateModified\":\"2026-03-29T11:42:26+00:00\",\"description\":\"Retrouvez les r\u00e9sultats et le classement des championnats de France de trail long 2026, autour du Mont-Ventoux.\",\"breadcrumb\":{\"@id\":\"https:\/\/dicodusport.fr\/blog\/resultats-et-classement-trail-long-championnats-de-france-2026\/#breadcrumb\"},\"inLanguage\":\"fr-FR\",\"potentialAction\":[{\"@type\":\"ReadAction\",\"target\":[\"https:\/\/dicodusport.fr\/blog\/resultats-et-classement-trail-long-championnats-de-france-2026\/\"]}]},{\"@type\":\"ImageObject\",\"inLanguage\":\"fr-FR\",\"@id\":\"https:\/\/dicodusport.fr\/blog\/resultats-et-classement-trail-long-championnats-de-france-2026\/#primaryimage\",\"url\":\"https:\/\/dicodusport.fr\/blog\/wp-content\/uploads\/2026\/03\/Resultats-et-classement-Trail-long-Championnats-de-France-2026.png\",\"contentUrl\":\"https:\/\/dicodusport.fr\/blog\/wp-content\/uploads\/2026\/03\/Resultats-et-classement-Trail-long-Championnats-de-France-2026.png\",\"width\":1200,\"height\":674,\"caption\":\"R\u00e9sultats et classement Trail long Championnats de France 2026\"},{\"@type\":\"BreadcrumbList\",\"@id\":\"https:\/\/dicodusport.fr\/blog\/resultats-et-classement-trail-long-championnats-de-france-2026\/#breadcrumb\",\"itemListElement\":[{\"@type\":\"ListItem\",\"position\":1,\"name\":\"Accueil\",\"item\":\"https:\/\/dicodusport.fr\/blog\/\"},{\"@type\":\"ListItem\",\"position\":2,\"name\":\"R\u00e9sultats et classement Trail long Championnats de France 2026\"}]},{\"@type\":\"WebSite\",\"@id\":\"https:\/\/dicodusport.fr\/blog\/#website\",\"url\":\"https:\/\/dicodusport.fr\/blog\/\",\"name\":\"Dicodusport\",\"description\":\"L&#039;encyclop\u00e9die de l&#039;actualit\u00e9 sportive\",\"publisher\":{\"@id\":\"https:\/\/dicodusport.fr\/blog\/#organization\"},\"potentialAction\":[{\"@type\":\"SearchAction\",\"target\":{\"@type\":\"EntryPoint\",\"urlTemplate\":\"https:\/\/dicodusport.fr\/blog\/?s={search_term_string}\"},\"query-input\":{\"@type\":\"PropertyValueSpecification\",\"valueRequired\":true,\"valueName\":\"search_term_string\"}}],\"inLanguage\":\"fr-FR\"},{\"@type\":\"NewsMediaOrganization\",\"@id\":\"https:\/\/dicodusport.fr\/blog\/#organization\",\"name\":\"Dicodusport\",\"url\":\"https:\/\/dicodusport.fr\/blog\/\",\"logo\":{\"@type\":\"ImageObject\",\"inLanguage\":\"fr-FR\",\"@id\":\"https:\/\/dicodusport.fr\/blog\/#\/schema\/logo\/image\/\",\"url\":\"https:\/\/dicodusport.fr\/blog\/wp-content\/uploads\/2020\/06\/cropped-LOGO-DICODUSPORT-2020-SANS-FOND-SANS-TEXTE.png\",\"contentUrl\":\"https:\/\/dicodusport.fr\/blog\/wp-content\/uploads\/2020\/06\/cropped-LOGO-DICODUSPORT-2020-SANS-FOND-SANS-TEXTE.png\",\"width\":512,\"height\":512,\"caption\":\"Dicodusport\"},\"image\":{\"@id\":\"https:\/\/dicodusport.fr\/blog\/#\/schema\/logo\/image\/\"},\"sameAs\":[\"https:\/\/www.facebook.com\/dicodusport\",\"https:\/\/x.com\/dicodusport\",\"https:\/\/www.instagram.com\/dicodusport\/\",\"https:\/\/www.youtube.com\/channel\/UC7V2KZ5sd3htJivAbA4ZG3w\"],\"description\":\"Dicodusport est l'encyclop\u00e9die de l'actualit\u00e9 sportive.\",\"email\":\"bonjour@dicodusport.fr\",\"legalName\":\"DICODUSPORT\",\"foundingDate\":\"2018-01-14\",\"vatID\":\"FR71834470973\",\"taxID\":\"83447097300043\",\"numberOfEmployees\":{\"@type\":\"QuantitativeValue\",\"minValue\":\"1\",\"maxValue\":\"10\"}},{\"@type\":\"Person\",\"@id\":\"https:\/\/dicodusport.fr\/blog\/#\/schema\/person\/cb02af4c173ce4a653b55e9baf388d4a\",\"name\":\"Flo Ostermann\",\"image\":{\"@type\":\"ImageObject\",\"inLanguage\":\"fr-FR\",\"@id\":\"https:\/\/dicodusport.fr\/blog\/#\/schema\/person\/image\/\",\"url\":\"https:\/\/dicodusport.fr\/blog\/wp-content\/uploads\/2021\/05\/Flo-Ostermann-150x150.jpg\",\"contentUrl\":\"https:\/\/dicodusport.fr\/blog\/wp-content\/uploads\/2021\/05\/Flo-Ostermann-150x150.jpg\",\"caption\":\"Flo Ostermann\"},\"description\":\"Journaliste\/R\u00e9dacteur depuis septembre 2015 - Mes premiers souvenirs dans le sport ? Les envol\u00e9es du Stade Toulousain et les duels Villeneuve-Schumacher et H\u00e4kkinen-Schumacher \u00e0 la fin des ann\u00e9es 90, la Coupe du monde de football en 1998, l\u2019exploit du XV de France face aux All Blacks en 1999, mais aussi Richard C\u0153ur de Lion qui vole sur les montagnes du Tour de France. Bien parti pour devenir professeur d\u2019EPS, les \u00e9v\u00e9nements de la vie (et la flemme d\u2019animer des s\u00e9ances de 3x500 m\u00e8tres toute ma vie) m\u2019ont conduit \u00e0 revoir mes plans. Me voil\u00e0 depuis fin 2017 sur Dicodusport, m\u00e9dia gr\u00e2ce (et pour) lequel je partage ma passion : le sport dans tous ses \u00e9tats. Le tout accompagn\u00e9 par les fous furieux et folles furieuses cit\u00e9s sur cette page !\",\"sameAs\":[\"https:\/\/www.facebook.com\/florent.ostermann\",\"https:\/\/x.com\/https:\/\/twitter.com\/FlOstermann\",\"admin\"],\"url\":\"https:\/\/dicodusport.fr\/blog\/author\/flo\/\"}]}<\/script>\n<!-- \/ Yoast SEO Premium plugin. -->","yoast_head_json":{"title":"R\u00e9sultats et classement Trail long Championnats de France 2026","description":"Retrouvez les r\u00e9sultats et le classement des championnats de France de trail long 2026, autour du Mont-Ventoux.","robots":{"index":"index","follow":"follow","max-snippet":"max-snippet:-1","max-image-preview":"max-image-preview:large","max-video-preview":"max-video-preview:-1"},"canonical":"https:\/\/dicodusport.fr\/blog\/resultats-et-classement-trail-long-championnats-de-france-2026\/","og_locale":"fr_FR","og_type":"article","og_title":"R\u00e9sultats et classement Trail long Championnats de France 2026","og_description":"Retrouvez les r\u00e9sultats et le classement des championnats de France de trail long 2026, autour du Mont-Ventoux.","og_url":"https:\/\/dicodusport.fr\/blog\/resultats-et-classement-trail-long-championnats-de-france-2026\/","og_site_name":"Dicodusport","article_publisher":"https:\/\/www.facebook.com\/dicodusport","article_author":"https:\/\/www.facebook.com\/florent.ostermann","article_published_time":"2026-03-29T10:15:34+00:00","article_modified_time":"2026-03-29T11:42:26+00:00","og_image":[{"width":1200,"height":674,"url":"https:\/\/dicodusport.fr\/blog\/wp-content\/uploads\/2026\/03\/Resultats-et-classement-Trail-long-Championnats-de-France-2026.png","type":"image\/png"}],"author":"Flo Ostermann","twitter_card":"summary_large_image","twitter_creator":"@https:\/\/twitter.com\/FlOstermann","twitter_site":"@dicodusport","schema":{"@context":"https:\/\/schema.org","@graph":[{"@type":"NewsArticle","@id":"https:\/\/dicodusport.fr\/blog\/resultats-et-classement-trail-long-championnats-de-france-2026\/#article","isPartOf":{"@id":"https:\/\/dicodusport.fr\/blog\/resultats-et-classement-trail-long-championnats-de-france-2026\/"},"author":{"name":"Flo Ostermann","@id":"https:\/\/dicodusport.fr\/blog\/#\/schema\/person\/cb02af4c173ce4a653b55e9baf388d4a"},"headline":"R\u00e9sultats et classement Trail long Championnats de France 2026","datePublished":"2026-03-29T10:15:34+00:00","dateModified":"2026-03-29T11:42:26+00:00","mainEntityOfPage":{"@id":"https:\/\/dicodusport.fr\/blog\/resultats-et-classement-trail-long-championnats-de-france-2026\/"},"wordCount":716,"commentCount":1,"publisher":{"@id":"https:\/\/dicodusport.fr\/blog\/#organization"},"image":{"@id":"https:\/\/dicodusport.fr\/blog\/resultats-et-classement-trail-long-championnats-de-france-2026\/#primaryimage"},"thumbnailUrl":"https:\/\/dicodusport.fr\/blog\/wp-content\/uploads\/2026\/03\/Resultats-et-classement-Trail-long-Championnats-de-France-2026.png","keywords":["br\u00e8ve","trail","Ultra-Trail"],"articleSection":["Trail"],"inLanguage":"fr-FR","potentialAction":[{"@type":"CommentAction","name":"Comment","target":["https:\/\/dicodusport.fr\/blog\/resultats-et-classement-trail-long-championnats-de-france-2026\/#respond"]}],"copyrightYear":"2026","copyrightHolder":{"@id":"https:\/\/dicodusport.fr\/blog\/#organization"}},{"@type":"WebPage","@id":"https:\/\/dicodusport.fr\/blog\/resultats-et-classement-trail-long-championnats-de-france-2026\/","url":"https:\/\/dicodusport.fr\/blog\/resultats-et-classement-trail-long-championnats-de-france-2026\/","name":"R\u00e9sultats et classement Trail long Championnats de France 2026","isPartOf":{"@id":"https:\/\/dicodusport.fr\/blog\/#website"},"primaryImageOfPage":{"@id":"https:\/\/dicodusport.fr\/blog\/resultats-et-classement-trail-long-championnats-de-france-2026\/#primaryimage"},"image":{"@id":"https:\/\/dicodusport.fr\/blog\/resultats-et-classement-trail-long-championnats-de-france-2026\/#primaryimage"},"thumbnailUrl":"https:\/\/dicodusport.fr\/blog\/wp-content\/uploads\/2026\/03\/Resultats-et-classement-Trail-long-Championnats-de-France-2026.png","datePublished":"2026-03-29T10:15:34+00:00","dateModified":"2026-03-29T11:42:26+00:00","description":"Retrouvez les r\u00e9sultats et le classement des championnats de France de trail long 2026, autour du Mont-Ventoux.","breadcrumb":{"@id":"https:\/\/dicodusport.fr\/blog\/resultats-et-classement-trail-long-championnats-de-france-2026\/#breadcrumb"},"inLanguage":"fr-FR","potentialAction":[{"@type":"ReadAction","target":["https:\/\/dicodusport.fr\/blog\/resultats-et-classement-trail-long-championnats-de-france-2026\/"]}]},{"@type":"ImageObject","inLanguage":"fr-FR","@id":"https:\/\/dicodusport.fr\/blog\/resultats-et-classement-trail-long-championnats-de-france-2026\/#primaryimage","url":"https:\/\/dicodusport.fr\/blog\/wp-content\/uploads\/2026\/03\/Resultats-et-classement-Trail-long-Championnats-de-France-2026.png","contentUrl":"https:\/\/dicodusport.fr\/blog\/wp-content\/uploads\/2026\/03\/Resultats-et-classement-Trail-long-Championnats-de-France-2026.png","width":1200,"height":674,"caption":"R\u00e9sultats et classement Trail long Championnats de France 2026"},{"@type":"BreadcrumbList","@id":"https:\/\/dicodusport.fr\/blog\/resultats-et-classement-trail-long-championnats-de-france-2026\/#breadcrumb","itemListElement":[{"@type":"ListItem","position":1,"name":"Accueil","item":"https:\/\/dicodusport.fr\/blog\/"},{"@type":"ListItem","position":2,"name":"R\u00e9sultats et classement Trail long Championnats de France 2026"}]},{"@type":"WebSite","@id":"https:\/\/dicodusport.fr\/blog\/#website","url":"https:\/\/dicodusport.fr\/blog\/","name":"Dicodusport","description":"L&#039;encyclop\u00e9die de l&#039;actualit\u00e9 sportive","publisher":{"@id":"https:\/\/dicodusport.fr\/blog\/#organization"},"potentialAction":[{"@type":"SearchAction","target":{"@type":"EntryPoint","urlTemplate":"https:\/\/dicodusport.fr\/blog\/?s={search_term_string}"},"query-input":{"@type":"PropertyValueSpecification","valueRequired":true,"valueName":"search_term_string"}}],"inLanguage":"fr-FR"},{"@type":"NewsMediaOrganization","@id":"https:\/\/dicodusport.fr\/blog\/#organization","name":"Dicodusport","url":"https:\/\/dicodusport.fr\/blog\/","logo":{"@type":"ImageObject","inLanguage":"fr-FR","@id":"https:\/\/dicodusport.fr\/blog\/#\/schema\/logo\/image\/","url":"https:\/\/dicodusport.fr\/blog\/wp-content\/uploads\/2020\/06\/cropped-LOGO-DICODUSPORT-2020-SANS-FOND-SANS-TEXTE.png","contentUrl":"https:\/\/dicodusport.fr\/blog\/wp-content\/uploads\/2020\/06\/cropped-LOGO-DICODUSPORT-2020-SANS-FOND-SANS-TEXTE.png","width":512,"height":512,"caption":"Dicodusport"},"image":{"@id":"https:\/\/dicodusport.fr\/blog\/#\/schema\/logo\/image\/"},"sameAs":["https:\/\/www.facebook.com\/dicodusport","https:\/\/x.com\/dicodusport","https:\/\/www.instagram.com\/dicodusport\/","https:\/\/www.youtube.com\/channel\/UC7V2KZ5sd3htJivAbA4ZG3w"],"description":"Dicodusport est l'encyclop\u00e9die de l'actualit\u00e9 sportive.","email":"bonjour@dicodusport.fr","legalName":"DICODUSPORT","foundingDate":"2018-01-14","vatID":"FR71834470973","taxID":"83447097300043","numberOfEmployees":{"@type":"QuantitativeValue","minValue":"1","maxValue":"10"}},{"@type":"Person","@id":"https:\/\/dicodusport.fr\/blog\/#\/schema\/person\/cb02af4c173ce4a653b55e9baf388d4a","name":"Flo Ostermann","image":{"@type":"ImageObject","inLanguage":"fr-FR","@id":"https:\/\/dicodusport.fr\/blog\/#\/schema\/person\/image\/","url":"https:\/\/dicodusport.fr\/blog\/wp-content\/uploads\/2021\/05\/Flo-Ostermann-150x150.jpg","contentUrl":"https:\/\/dicodusport.fr\/blog\/wp-content\/uploads\/2021\/05\/Flo-Ostermann-150x150.jpg","caption":"Flo Ostermann"},"description":"Journaliste\/R\u00e9dacteur depuis septembre 2015 - Mes premiers souvenirs dans le sport ? Les envol\u00e9es du Stade Toulousain et les duels Villeneuve-Schumacher et H\u00e4kkinen-Schumacher \u00e0 la fin des ann\u00e9es 90, la Coupe du monde de football en 1998, l\u2019exploit du XV de France face aux All Blacks en 1999, mais aussi Richard C\u0153ur de Lion qui vole sur les montagnes du Tour de France. Bien parti pour devenir professeur d\u2019EPS, les \u00e9v\u00e9nements de la vie (et la flemme d\u2019animer des s\u00e9ances de 3x500 m\u00e8tres toute ma vie) m\u2019ont conduit \u00e0 revoir mes plans. Me voil\u00e0 depuis fin 2017 sur Dicodusport, m\u00e9dia gr\u00e2ce (et pour) lequel je partage ma passion : le sport dans tous ses \u00e9tats. Le tout accompagn\u00e9 par les fous furieux et folles furieuses cit\u00e9s sur cette page !","sameAs":["https:\/\/www.facebook.com\/florent.ostermann","https:\/\/x.com\/https:\/\/twitter.com\/FlOstermann","admin"],"url":"https:\/\/dicodusport.fr\/blog\/author\/flo\/"}]}},"_links":{"self":[{"href":"https:\/\/dicodusport.fr\/blog\/wp-json\/wp\/v2\/posts\/658931","targetHints":{"allow":["GET"]}}],"collection":[{"href":"https:\/\/dicodusport.fr\/blog\/wp-json\/wp\/v2\/posts"}],"about":[{"href":"https:\/\/dicodusport.fr\/blog\/wp-json\/wp\/v2\/types\/post"}],"author":[{"embeddable":true,"href":"https:\/\/dicodusport.fr\/blog\/wp-json\/wp\/v2\/users\/4"}],"replies":[{"embeddable":true,"href":"https:\/\/dicodusport.fr\/blog\/wp-json\/wp\/v2\/comments?post=658931"}],"version-history":[{"count":5,"href":"https:\/\/dicodusport.fr\/blog\/wp-json\/wp\/v2\/posts\/658931\/revisions"}],"predecessor-version":[{"id":659167,"href":"https:\/\/dicodusport.fr\/blog\/wp-json\/wp\/v2\/posts\/658931\/revisions\/659167"}],"wp:featuredmedia":[{"embeddable":true,"href":"https:\/\/dicodusport.fr\/blog\/wp-json\/wp\/v2\/media\/658962"}],"wp:attachment":[{"href":"https:\/\/dicodusport.fr\/blog\/wp-json\/wp\/v2\/media?parent=658931"}],"wp:term":[{"taxonomy":"category","embeddable":true,"href":"https:\/\/dicodusport.fr\/blog\/wp-json\/wp\/v2\/categories?post=658931"},{"taxonomy":"post_tag","embeddable":true,"href":"https:\/\/dicodusport.fr\/blog\/wp-json\/wp\/v2\/tags?post=658931"}],"curies":[{"name":"wp","href":"https:\/\/api.w.org\/{rel}","templated":true}]}}