{"id":65895,"date":"2020-04-30T11:27:09","date_gmt":"2020-04-30T09:27:09","guid":{"rendered":"http:\/\/dicodusport.fr\/blog\/?p=65895&#038;preview=true&#038;preview_id=65895"},"modified":"2020-04-30T12:42:28","modified_gmt":"2020-04-30T10:42:28","slug":"officiel-saison-top-14-pro-d2-terminee","status":"publish","type":"post","link":"https:\/\/dicodusport.fr\/blog\/officiel-saison-top-14-pro-d2-terminee\/","title":{"rendered":"Officiel : la saison de Top 14 et Pro D2 termin\u00e9e"},"content":{"rendered":"<p style=\"text-align: justify;\"><em><b>RUGBY &#8211; Annonc\u00e9 par RMC Sport et confirm\u00e9 par la LNR, l&rsquo;arr\u00eat d\u00e9finitif de la saison 2019-2020 de Top 14 et Pro D2 est officiellement act\u00e9.<\/b><\/em><\/p>\n<p style=\"text-align: justify;\"><a href=\"https:\/\/rmcsport.bfmtv.com\/rugby\/le-top-14-ne-reprendra-pas-avant-septembre-1904685.html\" target=\"_blank\" rel=\"noopener noreferrer\"><em>RMC Sport<\/em><\/a> annoncait ce jeudi matin la fin de la saison 2019-2020 du rugby professionnel. Les championnats de <a href=\"https:\/\/dicodusport.fr\/blog\/tag\/top-14\/\" target=\"_blank\" rel=\"noopener noreferrer\"><strong>Top 14<\/strong><\/a> et <a href=\"https:\/\/dicodusport.fr\/blog\/tag\/pro-d2\/\" target=\"_blank\" rel=\"noopener noreferrer\"><strong>Pro D2<\/strong><\/a> ne reprendront pas. La d\u00e9cision a \u00e9t\u00e9 act\u00e9e ce matin, lors d&rsquo;une r\u00e9union entre les acteurs du rugby fran\u00e7ais et le Minist\u00e8re des Sports.<\/p>\n<h2 style=\"text-align: justify;\">Pas de huis clos en ao\u00fbt<\/h2>\n<p style=\"text-align: justify;\"><a href=\"https:\/\/dicodusport.fr\/blog\/pas-grandes-manifestations-sportives-avant-mois-septembre\/\" target=\"_blank\" rel=\"noopener noreferrer\">Les annonces du <strong>Premier Ministre \u00c9douard Philippe<\/strong><\/a> ce mardi ne laissaient que tr\u00e8s peu de place \u00e0 l&rsquo;optimisme. Malgr\u00e9 les propos nuanc\u00e9s de la <strong>Ministre des Sports Roxana Maracineanu<\/strong>, concernant de possibles matchs \u00e0 huis clos en ao\u00fbt, la Ligue Nationale de Rugby, en accord avec les pr\u00e9sidents des 30 clubs professionnels et la FFR, a d\u00e9cid\u00e9 que <strong>Top 14<\/strong> et <strong>Pro D2<\/strong> ne reprendraient pas. Une d\u00e9cision qui sera ent\u00e9rin\u00e9e et officialis\u00e9e dans les prochains jours, \u00e0 l&rsquo;issue d&rsquo;un comit\u00e9 directeur de la LNR.<\/p>\n<h2>Une reprise en septembre ?<\/h2>\n<p style=\"text-align: justify;\">D\u00e9sormais, la <strong>Ligue Nationale de Rugby<\/strong> vise une reprise le week-end de 4 et 5 septembre. Cela marquerait donc le d\u00e9but de l&rsquo;exercice 2020-2021. Cependant, comme le rappelle <em>RMC Sport<\/em>, ce retour \u00e0 la comp\u00e9tition ne pourra avoir lieu qu&rsquo;avec un protocole strict de tests. Mais la <strong>Ministre des Sports<\/strong> a pr\u00e9venu les dirigeants du rugby fran\u00e7ais ce jeudi matin : l&rsquo;ovalie ne sera pas prioritaire. L&rsquo;hypoth\u00e8se d&rsquo;une reprise au mois de janvier 2021, \u00e9voqu\u00e9e ce mercredi, n&rsquo;est pas souhaitable pour Paul Goze, le pr\u00e9sident de la LNR.<\/p>\n<h2 style=\"text-align: justify;\">Le communiqu\u00e9 de la LNR<\/h2>\n<blockquote class=\"twitter-tweet\">\n<p dir=\"ltr\" lang=\"fr\">Le Bureau de la LNR et les Pr\u00e9sidents de Clubs se sont r\u00e9unis hier soir. Le Pr\u00e9sident de la LNR a pr\u00e9sent\u00e9 les diff\u00e9rentes options faisant suite \u00e0 l&rsquo;annonce des mesures sp\u00e9cifiques aux \u00e9v\u00e9nements sportifs inscrites dans le plan de d\u00e9confinement 1\/4&#x27a1;&#xfe0f;&#x1f4c4; <a href=\"https:\/\/t.co\/u8z4mrld7P\">https:\/\/t.co\/u8z4mrld7P<\/a> <a href=\"https:\/\/t.co\/XT5rMkAObW\">pic.twitter.com\/XT5rMkAObW<\/a><\/p>\n<p>\u2014 Ligue Nationale de Rugby (@LNRofficiel) <a href=\"https:\/\/twitter.com\/LNRofficiel\/status\/1255807448000221185?ref_src=twsrc%5Etfw\">April 30, 2020<\/a><\/p><\/blockquote>\n<p><script async src=\"https:\/\/platform.twitter.com\/widgets.js\" charset=\"utf-8\"><\/script><\/p>\n<p><strong><em>Dicodusport<br \/>\n<a href=\"https:\/\/www.facebook.com\/dicodusport\/\" target=\"_blank\" rel=\"noopener noreferrer\"><img loading=\"lazy\" decoding=\"async\" class=\"alignnone wp-image-2909\" src=\"http:\/\/dicodusport.fr\/blog\/wp-content\/uploads\/2017\/07\/logo-facebook-150x150.png\" alt=\"\" width=\"40\" height=\"40\" \/><\/a><a href=\"https:\/\/twitter.com\/dicodusport\" target=\"_blank\" rel=\"noopener noreferrer\"><img loading=\"lazy\" decoding=\"async\" class=\"alignnone wp-image-2908\" src=\"http:\/\/dicodusport.fr\/blog\/wp-content\/uploads\/2017\/07\/logo-twitter-150x150.png\" alt=\"\" width=\"39\" height=\"39\" \/><\/a><\/em><\/strong><\/p>\n","protected":false},"excerpt":{"rendered":"<p>RUGBY &#8211; Selon les informations de RMC Sport, la saison 2019-2020 de Top 14 et Pro D2 est officiellement\u00a0termin\u00e9e.<\/p>\n","protected":false},"author":4,"featured_media":65896,"comment_status":"open","ping_status":"closed","sticky":false,"template":"","format":"standard","meta":{"_acf_changed":false,"_daextam_enable_autolinks":"","footnotes":""},"categories":[9129],"tags":[1839,111],"class_list":["post-65895","post","type-post","status-publish","format-standard","has-post-thumbnail","hentry","category-rugby-a-xv","tag-pro-d2","tag-top-14"],"acf":[],"yoast_head":"<!-- This site is optimized with the Yoast SEO Premium plugin v26.7 (Yoast SEO v26.7) - https:\/\/yoast.com\/wordpress\/plugins\/seo\/ -->\n<title>Officiel : la saison de Top 14 et Pro D2 termin\u00e9e<\/title>\n<meta name=\"description\" content=\"RUGBY - Selon les informations de RMC Sport, la saison 2019-2020 de Top 14 et Pro D2 est officiellement\u00a0termin\u00e9e.\" \/>\n<meta name=\"robots\" content=\"index, follow, max-snippet:-1, max-image-preview:large, max-video-preview:-1\" \/>\n<link rel=\"canonical\" href=\"https:\/\/dicodusport.fr\/blog\/officiel-saison-top-14-pro-d2-terminee\/\" \/>\n<meta property=\"og:locale\" content=\"fr_FR\" \/>\n<meta property=\"og:type\" content=\"article\" \/>\n<meta property=\"og:title\" content=\"Officiel : la saison de Top 14 et Pro D2 termin\u00e9e\" \/>\n<meta property=\"og:description\" content=\"RUGBY - Selon les informations de RMC Sport, la saison 2019-2020 de Top 14 et Pro D2 est officiellement\u00a0termin\u00e9e.\" \/>\n<meta property=\"og:url\" content=\"https:\/\/dicodusport.fr\/blog\/officiel-saison-top-14-pro-d2-terminee\/\" \/>\n<meta property=\"og:site_name\" content=\"Dicodusport\" \/>\n<meta property=\"article:publisher\" content=\"https:\/\/www.facebook.com\/dicodusport\" \/>\n<meta property=\"article:author\" content=\"https:\/\/www.facebook.com\/florent.ostermann\" \/>\n<meta property=\"article:published_time\" content=\"2020-04-30T09:27:09+00:00\" \/>\n<meta property=\"article:modified_time\" content=\"2020-04-30T10:42:28+00:00\" \/>\n<meta property=\"og:image\" content=\"https:\/\/dicodusport.fr\/blog\/wp-content\/uploads\/2020\/04\/Officiel-La-saison-de-Top-14-et-Pro-D2-termin\u00e9e.png\" \/>\n\t<meta property=\"og:image:width\" content=\"800\" \/>\n\t<meta property=\"og:image:height\" content=\"445\" \/>\n\t<meta property=\"og:image:type\" content=\"image\/png\" \/>\n<meta name=\"author\" content=\"Flo Ostermann\" \/>\n<meta name=\"twitter:card\" content=\"summary_large_image\" \/>\n<meta name=\"twitter:title\" content=\"Officiel : la saison de Top 14 et Pro D2 termin\u00e9e\" \/>\n<meta name=\"twitter:creator\" content=\"@https:\/\/twitter.com\/FlOstermann\" \/>\n<meta name=\"twitter:site\" content=\"@dicodusport\" \/>\n<script type=\"application\/ld+json\" class=\"yoast-schema-graph\">{\"@context\":\"https:\/\/schema.org\",\"@graph\":[{\"@type\":\"NewsArticle\",\"@id\":\"https:\/\/dicodusport.fr\/blog\/officiel-saison-top-14-pro-d2-terminee\/#article\",\"isPartOf\":{\"@id\":\"https:\/\/dicodusport.fr\/blog\/officiel-saison-top-14-pro-d2-terminee\/\"},\"author\":{\"name\":\"Flo Ostermann\",\"@id\":\"https:\/\/dicodusport.fr\/blog\/#\/schema\/person\/cb02af4c173ce4a653b55e9baf388d4a\"},\"headline\":\"Officiel : la saison de Top 14 et Pro D2 termin\u00e9e\",\"datePublished\":\"2020-04-30T09:27:09+00:00\",\"dateModified\":\"2020-04-30T10:42:28+00:00\",\"mainEntityOfPage\":{\"@id\":\"https:\/\/dicodusport.fr\/blog\/officiel-saison-top-14-pro-d2-terminee\/\"},\"wordCount\":370,\"commentCount\":0,\"publisher\":{\"@id\":\"https:\/\/dicodusport.fr\/blog\/#organization\"},\"image\":{\"@id\":\"https:\/\/dicodusport.fr\/blog\/officiel-saison-top-14-pro-d2-terminee\/#primaryimage\"},\"thumbnailUrl\":\"https:\/\/dicodusport.fr\/blog\/wp-content\/uploads\/2020\/04\/Officiel-La-saison-de-Top-14-et-Pro-D2-termin\u00e9e.png\",\"keywords\":[\"Pro D2\",\"Top 14\"],\"articleSection\":[\"Rugby \u00e0 XV\"],\"inLanguage\":\"fr-FR\",\"potentialAction\":[{\"@type\":\"CommentAction\",\"name\":\"Comment\",\"target\":[\"https:\/\/dicodusport.fr\/blog\/officiel-saison-top-14-pro-d2-terminee\/#respond\"]}],\"copyrightYear\":\"2020\",\"copyrightHolder\":{\"@id\":\"https:\/\/dicodusport.fr\/blog\/#organization\"}},{\"@type\":\"WebPage\",\"@id\":\"https:\/\/dicodusport.fr\/blog\/officiel-saison-top-14-pro-d2-terminee\/\",\"url\":\"https:\/\/dicodusport.fr\/blog\/officiel-saison-top-14-pro-d2-terminee\/\",\"name\":\"Officiel : la saison de Top 14 et Pro D2 termin\u00e9e\",\"isPartOf\":{\"@id\":\"https:\/\/dicodusport.fr\/blog\/#website\"},\"primaryImageOfPage\":{\"@id\":\"https:\/\/dicodusport.fr\/blog\/officiel-saison-top-14-pro-d2-terminee\/#primaryimage\"},\"image\":{\"@id\":\"https:\/\/dicodusport.fr\/blog\/officiel-saison-top-14-pro-d2-terminee\/#primaryimage\"},\"thumbnailUrl\":\"https:\/\/dicodusport.fr\/blog\/wp-content\/uploads\/2020\/04\/Officiel-La-saison-de-Top-14-et-Pro-D2-termin\u00e9e.png\",\"datePublished\":\"2020-04-30T09:27:09+00:00\",\"dateModified\":\"2020-04-30T10:42:28+00:00\",\"description\":\"RUGBY - Selon les informations de RMC Sport, la saison 2019-2020 de Top 14 et Pro D2 est officiellement\u00a0termin\u00e9e.\",\"breadcrumb\":{\"@id\":\"https:\/\/dicodusport.fr\/blog\/officiel-saison-top-14-pro-d2-terminee\/#breadcrumb\"},\"inLanguage\":\"fr-FR\",\"potentialAction\":[{\"@type\":\"ReadAction\",\"target\":[\"https:\/\/dicodusport.fr\/blog\/officiel-saison-top-14-pro-d2-terminee\/\"]}]},{\"@type\":\"ImageObject\",\"inLanguage\":\"fr-FR\",\"@id\":\"https:\/\/dicodusport.fr\/blog\/officiel-saison-top-14-pro-d2-terminee\/#primaryimage\",\"url\":\"https:\/\/dicodusport.fr\/blog\/wp-content\/uploads\/2020\/04\/Officiel-La-saison-de-Top-14-et-Pro-D2-termin\u00e9e.png\",\"contentUrl\":\"https:\/\/dicodusport.fr\/blog\/wp-content\/uploads\/2020\/04\/Officiel-La-saison-de-Top-14-et-Pro-D2-termin\u00e9e.png\",\"width\":800,\"height\":445,\"caption\":\"L'incertitude plane encore et toujours sur le Top 14\"},{\"@type\":\"BreadcrumbList\",\"@id\":\"https:\/\/dicodusport.fr\/blog\/officiel-saison-top-14-pro-d2-terminee\/#breadcrumb\",\"itemListElement\":[{\"@type\":\"ListItem\",\"position\":1,\"name\":\"Accueil\",\"item\":\"https:\/\/dicodusport.fr\/blog\/\"},{\"@type\":\"ListItem\",\"position\":2,\"name\":\"Officiel : la saison de Top 14 et Pro D2 termin\u00e9e\"}]},{\"@type\":\"WebSite\",\"@id\":\"https:\/\/dicodusport.fr\/blog\/#website\",\"url\":\"https:\/\/dicodusport.fr\/blog\/\",\"name\":\"Dicodusport\",\"description\":\"L&#039;encyclop\u00e9die de l&#039;actualit\u00e9 sportive\",\"publisher\":{\"@id\":\"https:\/\/dicodusport.fr\/blog\/#organization\"},\"potentialAction\":[{\"@type\":\"SearchAction\",\"target\":{\"@type\":\"EntryPoint\",\"urlTemplate\":\"https:\/\/dicodusport.fr\/blog\/?s={search_term_string}\"},\"query-input\":{\"@type\":\"PropertyValueSpecification\",\"valueRequired\":true,\"valueName\":\"search_term_string\"}}],\"inLanguage\":\"fr-FR\"},{\"@type\":\"NewsMediaOrganization\",\"@id\":\"https:\/\/dicodusport.fr\/blog\/#organization\",\"name\":\"Dicodusport\",\"url\":\"https:\/\/dicodusport.fr\/blog\/\",\"logo\":{\"@type\":\"ImageObject\",\"inLanguage\":\"fr-FR\",\"@id\":\"https:\/\/dicodusport.fr\/blog\/#\/schema\/logo\/image\/\",\"url\":\"https:\/\/dicodusport.fr\/blog\/wp-content\/uploads\/2020\/06\/cropped-LOGO-DICODUSPORT-2020-SANS-FOND-SANS-TEXTE.png\",\"contentUrl\":\"https:\/\/dicodusport.fr\/blog\/wp-content\/uploads\/2020\/06\/cropped-LOGO-DICODUSPORT-2020-SANS-FOND-SANS-TEXTE.png\",\"width\":512,\"height\":512,\"caption\":\"Dicodusport\"},\"image\":{\"@id\":\"https:\/\/dicodusport.fr\/blog\/#\/schema\/logo\/image\/\"},\"sameAs\":[\"https:\/\/www.facebook.com\/dicodusport\",\"https:\/\/x.com\/dicodusport\",\"https:\/\/www.instagram.com\/dicodusport\/\",\"https:\/\/www.youtube.com\/channel\/UC7V2KZ5sd3htJivAbA4ZG3w\"],\"description\":\"Dicodusport est l'encyclop\u00e9die de l'actualit\u00e9 sportive.\",\"email\":\"bonjour@dicodusport.fr\",\"legalName\":\"DICODUSPORT\",\"foundingDate\":\"2018-01-14\",\"vatID\":\"FR71834470973\",\"taxID\":\"83447097300043\",\"numberOfEmployees\":{\"@type\":\"QuantitativeValue\",\"minValue\":\"1\",\"maxValue\":\"10\"}},{\"@type\":\"Person\",\"@id\":\"https:\/\/dicodusport.fr\/blog\/#\/schema\/person\/cb02af4c173ce4a653b55e9baf388d4a\",\"name\":\"Flo Ostermann\",\"image\":{\"@type\":\"ImageObject\",\"inLanguage\":\"fr-FR\",\"@id\":\"https:\/\/dicodusport.fr\/blog\/#\/schema\/person\/image\/\",\"url\":\"https:\/\/dicodusport.fr\/blog\/wp-content\/uploads\/2021\/05\/Flo-Ostermann-150x150.jpg\",\"contentUrl\":\"https:\/\/dicodusport.fr\/blog\/wp-content\/uploads\/2021\/05\/Flo-Ostermann-150x150.jpg\",\"caption\":\"Flo Ostermann\"},\"description\":\"Journaliste\/R\u00e9dacteur depuis septembre 2015 - Mes premiers souvenirs dans le sport ? Les envol\u00e9es du Stade Toulousain et les duels Villeneuve-Schumacher et H\u00e4kkinen-Schumacher \u00e0 la fin des ann\u00e9es 90, la Coupe du monde de football en 1998, l\u2019exploit du XV de France face aux All Blacks en 1999, mais aussi Richard C\u0153ur de Lion qui vole sur les montagnes du Tour de France. Bien parti pour devenir professeur d\u2019EPS, les \u00e9v\u00e9nements de la vie (et la flemme d\u2019animer des s\u00e9ances de 3x500 m\u00e8tres toute ma vie) m\u2019ont conduit \u00e0 revoir mes plans. Me voil\u00e0 depuis fin 2017 sur Dicodusport, m\u00e9dia gr\u00e2ce (et pour) lequel je partage ma passion : le sport dans tous ses \u00e9tats. Le tout accompagn\u00e9 par les fous furieux et folles furieuses cit\u00e9s sur cette page !\",\"sameAs\":[\"https:\/\/www.facebook.com\/florent.ostermann\",\"https:\/\/x.com\/https:\/\/twitter.com\/FlOstermann\",\"admin\"],\"url\":\"https:\/\/dicodusport.fr\/blog\/author\/flo\/\"}]}<\/script>\n<!-- \/ Yoast SEO Premium plugin. -->","yoast_head_json":{"title":"Officiel : la saison de Top 14 et Pro D2 termin\u00e9e","description":"RUGBY - Selon les informations de RMC Sport, la saison 2019-2020 de Top 14 et Pro D2 est officiellement\u00a0termin\u00e9e.","robots":{"index":"index","follow":"follow","max-snippet":"max-snippet:-1","max-image-preview":"max-image-preview:large","max-video-preview":"max-video-preview:-1"},"canonical":"https:\/\/dicodusport.fr\/blog\/officiel-saison-top-14-pro-d2-terminee\/","og_locale":"fr_FR","og_type":"article","og_title":"Officiel : la saison de Top 14 et Pro D2 termin\u00e9e","og_description":"RUGBY - Selon les informations de RMC Sport, la saison 2019-2020 de Top 14 et Pro D2 est officiellement\u00a0termin\u00e9e.","og_url":"https:\/\/dicodusport.fr\/blog\/officiel-saison-top-14-pro-d2-terminee\/","og_site_name":"Dicodusport","article_publisher":"https:\/\/www.facebook.com\/dicodusport","article_author":"https:\/\/www.facebook.com\/florent.ostermann","article_published_time":"2020-04-30T09:27:09+00:00","article_modified_time":"2020-04-30T10:42:28+00:00","og_image":[{"width":800,"height":445,"url":"https:\/\/dicodusport.fr\/blog\/wp-content\/uploads\/2020\/04\/Officiel-La-saison-de-Top-14-et-Pro-D2-termin\u00e9e.png","type":"image\/png"}],"author":"Flo Ostermann","twitter_card":"summary_large_image","twitter_title":"Officiel : la saison de Top 14 et Pro D2 termin\u00e9e","twitter_creator":"@https:\/\/twitter.com\/FlOstermann","twitter_site":"@dicodusport","schema":{"@context":"https:\/\/schema.org","@graph":[{"@type":"NewsArticle","@id":"https:\/\/dicodusport.fr\/blog\/officiel-saison-top-14-pro-d2-terminee\/#article","isPartOf":{"@id":"https:\/\/dicodusport.fr\/blog\/officiel-saison-top-14-pro-d2-terminee\/"},"author":{"name":"Flo Ostermann","@id":"https:\/\/dicodusport.fr\/blog\/#\/schema\/person\/cb02af4c173ce4a653b55e9baf388d4a"},"headline":"Officiel : la saison de Top 14 et Pro D2 termin\u00e9e","datePublished":"2020-04-30T09:27:09+00:00","dateModified":"2020-04-30T10:42:28+00:00","mainEntityOfPage":{"@id":"https:\/\/dicodusport.fr\/blog\/officiel-saison-top-14-pro-d2-terminee\/"},"wordCount":370,"commentCount":0,"publisher":{"@id":"https:\/\/dicodusport.fr\/blog\/#organization"},"image":{"@id":"https:\/\/dicodusport.fr\/blog\/officiel-saison-top-14-pro-d2-terminee\/#primaryimage"},"thumbnailUrl":"https:\/\/dicodusport.fr\/blog\/wp-content\/uploads\/2020\/04\/Officiel-La-saison-de-Top-14-et-Pro-D2-termin\u00e9e.png","keywords":["Pro D2","Top 14"],"articleSection":["Rugby \u00e0 XV"],"inLanguage":"fr-FR","potentialAction":[{"@type":"CommentAction","name":"Comment","target":["https:\/\/dicodusport.fr\/blog\/officiel-saison-top-14-pro-d2-terminee\/#respond"]}],"copyrightYear":"2020","copyrightHolder":{"@id":"https:\/\/dicodusport.fr\/blog\/#organization"}},{"@type":"WebPage","@id":"https:\/\/dicodusport.fr\/blog\/officiel-saison-top-14-pro-d2-terminee\/","url":"https:\/\/dicodusport.fr\/blog\/officiel-saison-top-14-pro-d2-terminee\/","name":"Officiel : la saison de Top 14 et Pro D2 termin\u00e9e","isPartOf":{"@id":"https:\/\/dicodusport.fr\/blog\/#website"},"primaryImageOfPage":{"@id":"https:\/\/dicodusport.fr\/blog\/officiel-saison-top-14-pro-d2-terminee\/#primaryimage"},"image":{"@id":"https:\/\/dicodusport.fr\/blog\/officiel-saison-top-14-pro-d2-terminee\/#primaryimage"},"thumbnailUrl":"https:\/\/dicodusport.fr\/blog\/wp-content\/uploads\/2020\/04\/Officiel-La-saison-de-Top-14-et-Pro-D2-termin\u00e9e.png","datePublished":"2020-04-30T09:27:09+00:00","dateModified":"2020-04-30T10:42:28+00:00","description":"RUGBY - Selon les informations de RMC Sport, la saison 2019-2020 de Top 14 et Pro D2 est officiellement\u00a0termin\u00e9e.","breadcrumb":{"@id":"https:\/\/dicodusport.fr\/blog\/officiel-saison-top-14-pro-d2-terminee\/#breadcrumb"},"inLanguage":"fr-FR","potentialAction":[{"@type":"ReadAction","target":["https:\/\/dicodusport.fr\/blog\/officiel-saison-top-14-pro-d2-terminee\/"]}]},{"@type":"ImageObject","inLanguage":"fr-FR","@id":"https:\/\/dicodusport.fr\/blog\/officiel-saison-top-14-pro-d2-terminee\/#primaryimage","url":"https:\/\/dicodusport.fr\/blog\/wp-content\/uploads\/2020\/04\/Officiel-La-saison-de-Top-14-et-Pro-D2-termin\u00e9e.png","contentUrl":"https:\/\/dicodusport.fr\/blog\/wp-content\/uploads\/2020\/04\/Officiel-La-saison-de-Top-14-et-Pro-D2-termin\u00e9e.png","width":800,"height":445,"caption":"L'incertitude plane encore et toujours sur le Top 14"},{"@type":"BreadcrumbList","@id":"https:\/\/dicodusport.fr\/blog\/officiel-saison-top-14-pro-d2-terminee\/#breadcrumb","itemListElement":[{"@type":"ListItem","position":1,"name":"Accueil","item":"https:\/\/dicodusport.fr\/blog\/"},{"@type":"ListItem","position":2,"name":"Officiel : la saison de Top 14 et Pro D2 termin\u00e9e"}]},{"@type":"WebSite","@id":"https:\/\/dicodusport.fr\/blog\/#website","url":"https:\/\/dicodusport.fr\/blog\/","name":"Dicodusport","description":"L&#039;encyclop\u00e9die de l&#039;actualit\u00e9 sportive","publisher":{"@id":"https:\/\/dicodusport.fr\/blog\/#organization"},"potentialAction":[{"@type":"SearchAction","target":{"@type":"EntryPoint","urlTemplate":"https:\/\/dicodusport.fr\/blog\/?s={search_term_string}"},"query-input":{"@type":"PropertyValueSpecification","valueRequired":true,"valueName":"search_term_string"}}],"inLanguage":"fr-FR"},{"@type":"NewsMediaOrganization","@id":"https:\/\/dicodusport.fr\/blog\/#organization","name":"Dicodusport","url":"https:\/\/dicodusport.fr\/blog\/","logo":{"@type":"ImageObject","inLanguage":"fr-FR","@id":"https:\/\/dicodusport.fr\/blog\/#\/schema\/logo\/image\/","url":"https:\/\/dicodusport.fr\/blog\/wp-content\/uploads\/2020\/06\/cropped-LOGO-DICODUSPORT-2020-SANS-FOND-SANS-TEXTE.png","contentUrl":"https:\/\/dicodusport.fr\/blog\/wp-content\/uploads\/2020\/06\/cropped-LOGO-DICODUSPORT-2020-SANS-FOND-SANS-TEXTE.png","width":512,"height":512,"caption":"Dicodusport"},"image":{"@id":"https:\/\/dicodusport.fr\/blog\/#\/schema\/logo\/image\/"},"sameAs":["https:\/\/www.facebook.com\/dicodusport","https:\/\/x.com\/dicodusport","https:\/\/www.instagram.com\/dicodusport\/","https:\/\/www.youtube.com\/channel\/UC7V2KZ5sd3htJivAbA4ZG3w"],"description":"Dicodusport est l'encyclop\u00e9die de l'actualit\u00e9 sportive.","email":"bonjour@dicodusport.fr","legalName":"DICODUSPORT","foundingDate":"2018-01-14","vatID":"FR71834470973","taxID":"83447097300043","numberOfEmployees":{"@type":"QuantitativeValue","minValue":"1","maxValue":"10"}},{"@type":"Person","@id":"https:\/\/dicodusport.fr\/blog\/#\/schema\/person\/cb02af4c173ce4a653b55e9baf388d4a","name":"Flo Ostermann","image":{"@type":"ImageObject","inLanguage":"fr-FR","@id":"https:\/\/dicodusport.fr\/blog\/#\/schema\/person\/image\/","url":"https:\/\/dicodusport.fr\/blog\/wp-content\/uploads\/2021\/05\/Flo-Ostermann-150x150.jpg","contentUrl":"https:\/\/dicodusport.fr\/blog\/wp-content\/uploads\/2021\/05\/Flo-Ostermann-150x150.jpg","caption":"Flo Ostermann"},"description":"Journaliste\/R\u00e9dacteur depuis septembre 2015 - Mes premiers souvenirs dans le sport ? Les envol\u00e9es du Stade Toulousain et les duels Villeneuve-Schumacher et H\u00e4kkinen-Schumacher \u00e0 la fin des ann\u00e9es 90, la Coupe du monde de football en 1998, l\u2019exploit du XV de France face aux All Blacks en 1999, mais aussi Richard C\u0153ur de Lion qui vole sur les montagnes du Tour de France. Bien parti pour devenir professeur d\u2019EPS, les \u00e9v\u00e9nements de la vie (et la flemme d\u2019animer des s\u00e9ances de 3x500 m\u00e8tres toute ma vie) m\u2019ont conduit \u00e0 revoir mes plans. Me voil\u00e0 depuis fin 2017 sur Dicodusport, m\u00e9dia gr\u00e2ce (et pour) lequel je partage ma passion : le sport dans tous ses \u00e9tats. Le tout accompagn\u00e9 par les fous furieux et folles furieuses cit\u00e9s sur cette page !","sameAs":["https:\/\/www.facebook.com\/florent.ostermann","https:\/\/x.com\/https:\/\/twitter.com\/FlOstermann","admin"],"url":"https:\/\/dicodusport.fr\/blog\/author\/flo\/"}]}},"_links":{"self":[{"href":"https:\/\/dicodusport.fr\/blog\/wp-json\/wp\/v2\/posts\/65895","targetHints":{"allow":["GET"]}}],"collection":[{"href":"https:\/\/dicodusport.fr\/blog\/wp-json\/wp\/v2\/posts"}],"about":[{"href":"https:\/\/dicodusport.fr\/blog\/wp-json\/wp\/v2\/types\/post"}],"author":[{"embeddable":true,"href":"https:\/\/dicodusport.fr\/blog\/wp-json\/wp\/v2\/users\/4"}],"replies":[{"embeddable":true,"href":"https:\/\/dicodusport.fr\/blog\/wp-json\/wp\/v2\/comments?post=65895"}],"version-history":[{"count":0,"href":"https:\/\/dicodusport.fr\/blog\/wp-json\/wp\/v2\/posts\/65895\/revisions"}],"wp:featuredmedia":[{"embeddable":true,"href":"https:\/\/dicodusport.fr\/blog\/wp-json\/wp\/v2\/media\/65896"}],"wp:attachment":[{"href":"https:\/\/dicodusport.fr\/blog\/wp-json\/wp\/v2\/media?parent=65895"}],"wp:term":[{"taxonomy":"category","embeddable":true,"href":"https:\/\/dicodusport.fr\/blog\/wp-json\/wp\/v2\/categories?post=65895"},{"taxonomy":"post_tag","embeddable":true,"href":"https:\/\/dicodusport.fr\/blog\/wp-json\/wp\/v2\/tags?post=65895"}],"curies":[{"name":"wp","href":"https:\/\/api.w.org\/{rel}","templated":true}]}}