{"id":658968,"date":"2026-03-28T20:22:00","date_gmt":"2026-03-28T19:22:00","guid":{"rendered":"https:\/\/dicodusport.fr\/blog\/?p=658968&#038;preview=true&#038;preview_id=658968"},"modified":"2026-03-28T20:22:00","modified_gmt":"2026-03-28T19:22:00","slug":"lou-barin-sacree-pour-sa-premiere-saison-sur-le-freeride-world-tour","status":"publish","type":"post","link":"https:\/\/dicodusport.fr\/blog\/lou-barin-sacree-pour-sa-premiere-saison-sur-le-freeride-world-tour\/","title":{"rendered":"Lou Barin sacr\u00e9e pour sa premi\u00e8re saison sur le Freeride World Tour"},"content":{"rendered":"<p style=\"text-align: justify;\"><em><strong>FREERIDE WORLD TOUR &#8211; Gr\u00e2ce \u00e0 sa victoire sur la derni\u00e8re manche en Suisse, Lou Barin remporte le titre pour sa premi\u00e8re saison dans l\u2019\u00e9lite.<\/strong><\/em><\/p>\n<p style=\"text-align: justify;\">Apr\u00e8s le snowboardeur <strong>Victor De Le Rue<\/strong>, qui est un peu plus entr\u00e9 dans l\u2019histoire du freeride avec un 5<sup>\u00e8me<\/sup> sacre, c\u2019est la skieuse <strong>Lou Barin<\/strong> qui a frapp\u00e9 fort lors de la derni\u00e8re manche de la saison. La Fran\u00e7aise fait coup double avec la victoire et le troph\u00e9e du g\u00e9n\u00e9ral !<\/p>\n<div class=\"vlp-link-container vlp-layout-article\"><a href=\"https:\/\/dicodusport.fr\/blog\/victor-de-le-rue-toujours-plus-historique-avec-un-5eme-sacre-sur-le-freeride-world-tour\/\" class=\"vlp-link\" title=\"Victor De Le Rue toujours plus historique avec un 5\u00e8me sacre sur le Freeride World Tour\"><\/a><div class=\"vlp-layout-zone-side\"><div class=\"vlp-block-4 vlp-link-image\"><img loading=\"lazy\" decoding=\"async\" style=\"max-width: 792px;\" width=\"792\" height=\"445\" src=\"https:\/\/dicodusport.fr\/blog\/wp-content\/uploads\/2026\/03\/Victor-De-Le-Rue-toujours-plus-historique-avec-un-5eme-sacre-sur-le-Freeride-World-Tour.png\" class=\"attachment-800x445 size-800x445\" alt=\"Victor De Le Rue toujours plus historique avec un 5\u00e8me sacre sur le Freeride World Tour\" srcset=\"https:\/\/dicodusport.fr\/blog\/wp-content\/uploads\/2026\/03\/Victor-De-Le-Rue-toujours-plus-historique-avec-un-5eme-sacre-sur-le-Freeride-World-Tour.png 1200w, https:\/\/dicodusport.fr\/blog\/wp-content\/uploads\/2026\/03\/Victor-De-Le-Rue-toujours-plus-historique-avec-un-5eme-sacre-sur-le-Freeride-World-Tour-300x169.png 300w, https:\/\/dicodusport.fr\/blog\/wp-content\/uploads\/2026\/03\/Victor-De-Le-Rue-toujours-plus-historique-avec-un-5eme-sacre-sur-le-Freeride-World-Tour-1024x575.png 1024w, https:\/\/dicodusport.fr\/blog\/wp-content\/uploads\/2026\/03\/Victor-De-Le-Rue-toujours-plus-historique-avec-un-5eme-sacre-sur-le-Freeride-World-Tour-768x431.png 768w\" sizes=\"auto, (max-width: 792px) 100vw, 792px\" \/><\/div><\/div><div class=\"vlp-layout-zone-main\"><div class=\"vlp-block-0 vlp-link-title\">Victor De Le Rue toujours plus historique avec un 5\u00e8me sacre sur le Freeride World Tour<\/div><div class=\"vlp-block-1 vlp-link-summary\">Laur\u00e9at pour la 5\u00e8me fois du circuit annuel, Victor De Le Rue devient le snowboardeur le plus titr\u00e9 de sa discipline.<\/div><div class=\"vlp-block-2 vlp-link-button\">Lire l'article<\/div><div class=\"vlp-block-3 vlp-link-url\">dicodusport.fr<\/div><\/div><\/div>\n<h2 style=\"text-align: justify;\">Coup double pour Lou Barin<\/h2>\n<p style=\"text-align: justify;\">C\u2019est un coup d\u2019essai transform\u00e9 imm\u00e9diatement en coup de ma\u00eetre pour <strong>Lou Barin<\/strong>. Pour sa premi\u00e8re saison sur le Freeride World Tour, la skieuse de Val Thorens monte directement sur la plus haute marche du classement g\u00e9n\u00e9ral. Une performance rendue possible gr\u00e2ce \u00e0 sa victoire ce samedi sur l\u2019Xtreme de Verbier.<\/p>\n<p style=\"text-align: justify;\">La Fran\u00e7aise aura gravi marche apr\u00e8s marche cette saison pour d\u00e9crocher le graal. Apr\u00e8s avoir lanc\u00e9 sa saison par une troisi\u00e8me place en Espagne, elle avait d\u00fb patienter quelques \u00e9tapes pour retrouver le podium. Am\u00e9liorant le m\u00e9tal avec une deuxi\u00e8me place sur l\u2019avant dernier arr\u00eat du circuit, <strong>Lou Barin<\/strong> est encore mont\u00e9e en puissance en Suisse.<\/p>\n<p style=\"text-align: justify;\">Gr\u00e2ce \u00e0 un run flirtant avec la perfection, not\u00e9 95\/100, elle a devanc\u00e9 la Canadienne <strong>Justine Dufour-Lapointe<\/strong> et l\u2019h\u00f4tesse <strong>Sybille Jeanjean<\/strong>, rel\u00e9guant au passage au deuxi\u00e8me rang du g\u00e9n\u00e9ral la Suissesse. Si elle prive la Suissesse d\u2019un sacre \u00e0 domicile, elle fait coup double en s\u2019emparant aussi du g\u00e9n\u00e9ral sur le fil.<\/p>\n<blockquote class=\"instagram-media\" style=\"background: #FFF; border: 0; border-radius: 3px; box-shadow: 0 0 1px 0 rgba(0,0,0,0.5),0 1px 10px 0 rgba(0,0,0,0.15); margin: 1px; max-width: 540px; min-width: 326px; padding: 0; width: calc(100% - 2px);\" data-instgrm-captioned=\"\" data-instgrm-permalink=\"https:\/\/www.instagram.com\/reel\/DWbIa9TjD99\/?utm_source=ig_embed&amp;utm_campaign=loading\" data-instgrm-version=\"14\">\n<div style=\"padding: 16px;\">\n<p>&nbsp;<\/p>\n<div style=\"display: flex; flex-direction: row; align-items: center;\">\n<div style=\"background-color: #f4f4f4; border-radius: 50%; flex-grow: 0; height: 40px; margin-right: 14px; width: 40px;\"><\/div>\n<div style=\"display: flex; flex-direction: column; flex-grow: 1; justify-content: center;\">\n<div style=\"background-color: #f4f4f4; border-radius: 4px; flex-grow: 0; height: 14px; margin-bottom: 6px; width: 100px;\"><\/div>\n<div style=\"background-color: #f4f4f4; border-radius: 4px; flex-grow: 0; height: 14px; width: 60px;\"><\/div>\n<\/div>\n<\/div>\n<div style=\"padding: 19% 0;\"><\/div>\n<div style=\"display: block; height: 50px; margin: 0 auto 12px; width: 50px;\"><\/div>\n<div style=\"padding-top: 8px;\">\n<div style=\"color: #3897f0; font-family: Arial,sans-serif; font-size: 14px; font-style: normal; font-weight: 550; line-height: 18px;\">Voir cette publication sur Instagram<\/div>\n<\/div>\n<div style=\"padding: 12.5% 0;\"><\/div>\n<div style=\"display: flex; flex-direction: row; margin-bottom: 14px; align-items: center;\">\n<div>\n<div style=\"background-color: #f4f4f4; border-radius: 50%; height: 12.5px; width: 12.5px; transform: translateX(0px) translateY(7px);\"><\/div>\n<div style=\"background-color: #f4f4f4; height: 12.5px; transform: rotate(-45deg) translateX(3px) translateY(1px); width: 12.5px; flex-grow: 0; margin-right: 14px; margin-left: 2px;\"><\/div>\n<div style=\"background-color: #f4f4f4; border-radius: 50%; height: 12.5px; width: 12.5px; transform: translateX(9px) translateY(-18px);\"><\/div>\n<\/div>\n<div style=\"margin-left: 8px;\">\n<div style=\"background-color: #f4f4f4; border-radius: 50%; flex-grow: 0; height: 20px; width: 20px;\"><\/div>\n<div style=\"width: 0; height: 0; border-top: 2px solid transparent; border-left: 6px solid #f4f4f4; border-bottom: 2px solid transparent; transform: translateX(16px) translateY(-4px) rotate(30deg);\"><\/div>\n<\/div>\n<div style=\"margin-left: auto;\">\n<div style=\"width: 0px; border-top: 8px solid #F4F4F4; border-right: 8px solid transparent; transform: translateY(16px);\"><\/div>\n<div style=\"background-color: #f4f4f4; flex-grow: 0; height: 12px; width: 16px; transform: translateY(-4px);\"><\/div>\n<div style=\"width: 0; height: 0; border-top: 8px solid #F4F4F4; border-left: 8px solid transparent; transform: translateY(-4px) translateX(8px);\"><\/div>\n<\/div>\n<\/div>\n<div style=\"display: flex; flex-direction: column; flex-grow: 1; justify-content: center; margin-bottom: 24px;\">\n<div style=\"background-color: #f4f4f4; border-radius: 4px; flex-grow: 0; height: 14px; margin-bottom: 6px; width: 224px;\"><\/div>\n<div style=\"background-color: #f4f4f4; border-radius: 4px; flex-grow: 0; height: 14px; width: 144px;\"><\/div>\n<\/div>\n<p>&nbsp;<\/p>\n<p style=\"color: #c9c8cd; font-family: Arial,sans-serif; font-size: 14px; line-height: 17px; margin-bottom: 0; margin-top: 8px; overflow: hidden; padding: 8px 0 7px; text-align: center; text-overflow: ellipsis; white-space: nowrap;\"><a style=\"color: #c9c8cd; font-family: Arial,sans-serif; font-size: 14px; font-style: normal; font-weight: normal; line-height: 17px; text-decoration: none;\" href=\"https:\/\/www.instagram.com\/reel\/DWbIa9TjD99\/?utm_source=ig_embed&amp;utm_campaign=loading\" target=\"_blank\" rel=\"noopener\">Une publication partag\u00e9e par FIS Freeride World Tour by Peak Performance (@freerideworldtour)<\/a><\/p>\n<\/div>\n<\/blockquote>\n<p><script async src=\"\/\/www.instagram.com\/embed.js\"><\/script><\/p>\n<div id=\"gtx-trans\" style=\"position: absolute; left: -14px; top: 40.9091px;\">\n<div class=\"gtx-trans-icon\" style=\"text-align: justify;\"><\/div>\n<\/div>\n","protected":false},"excerpt":{"rendered":"<p>Gr\u00e2ce \u00e0 sa victoire sur la derni\u00e8re manche en Suisse, Lou Barin remporte le titre pour sa premi\u00e8re saison sur le Freeride World Tour.<\/p>\n","protected":false},"author":18,"featured_media":658971,"comment_status":"open","ping_status":"closed","sticky":false,"template":"","format":"standard","meta":{"_acf_changed":false,"_daextam_enable_autolinks":"1","footnotes":""},"categories":[9217],"tags":[16878,47454,47456],"class_list":["post-658968","post","type-post","status-publish","format-standard","has-post-thumbnail","hentry","category-ski","tag-breve","tag-freeride","tag-lou-barin"],"acf":[],"yoast_head":"<!-- This site is optimized with the Yoast SEO Premium plugin v26.7 (Yoast SEO v26.7) - https:\/\/yoast.com\/wordpress\/plugins\/seo\/ -->\n<title>Lou Barin sacr\u00e9e pour sa premi\u00e8re saison sur le Freeride World Tour<\/title>\n<meta name=\"description\" content=\"FREERIDE WORLD TOUR - Gr\u00e2ce \u00e0 sa victoire sur la derni\u00e8re manche en Suisse, Lou Barin remporte le titre pour sa premi\u00e8re saison dans l\u2019\u00e9lite.\" \/>\n<meta name=\"robots\" content=\"index, follow, max-snippet:-1, max-image-preview:large, max-video-preview:-1\" \/>\n<link rel=\"canonical\" href=\"https:\/\/dicodusport.fr\/blog\/lou-barin-sacree-pour-sa-premiere-saison-sur-le-freeride-world-tour\/\" \/>\n<meta property=\"og:locale\" content=\"fr_FR\" \/>\n<meta property=\"og:type\" content=\"article\" \/>\n<meta property=\"og:title\" content=\"Lou Barin sacr\u00e9e pour sa premi\u00e8re saison sur le Freeride World Tour\" \/>\n<meta property=\"og:description\" content=\"FREERIDE WORLD TOUR - Gr\u00e2ce \u00e0 sa victoire sur la derni\u00e8re manche en Suisse, Lou Barin remporte le titre pour sa premi\u00e8re saison dans l\u2019\u00e9lite.\" \/>\n<meta property=\"og:url\" content=\"https:\/\/dicodusport.fr\/blog\/lou-barin-sacree-pour-sa-premiere-saison-sur-le-freeride-world-tour\/\" \/>\n<meta property=\"og:site_name\" content=\"Dicodusport\" \/>\n<meta property=\"article:publisher\" content=\"https:\/\/www.facebook.com\/dicodusport\" \/>\n<meta property=\"article:author\" content=\"https:\/\/www.facebook.com\/soocube\" \/>\n<meta property=\"article:published_time\" content=\"2026-03-28T19:22:00+00:00\" \/>\n<meta property=\"og:image\" content=\"https:\/\/dicodusport.fr\/blog\/wp-content\/uploads\/2026\/03\/Lou-Barin-couronnee-pour-sa-premiere-sur-le-Freeride-World-Tour.png\" \/>\n\t<meta property=\"og:image:width\" content=\"1200\" \/>\n\t<meta property=\"og:image:height\" content=\"674\" \/>\n\t<meta property=\"og:image:type\" content=\"image\/png\" \/>\n<meta name=\"author\" content=\"Sophie Clapier\" \/>\n<meta name=\"twitter:card\" content=\"summary_large_image\" \/>\n<meta name=\"twitter:title\" content=\"Lou Barin sacr\u00e9e pour sa premi\u00e8re saison sur le Freeride World Tour\" \/>\n<meta name=\"twitter:creator\" content=\"@https:\/\/twitter.com\/soocube\" \/>\n<meta name=\"twitter:site\" content=\"@dicodusport\" \/>\n<script type=\"application\/ld+json\" class=\"yoast-schema-graph\">{\"@context\":\"https:\/\/schema.org\",\"@graph\":[{\"@type\":\"NewsArticle\",\"@id\":\"https:\/\/dicodusport.fr\/blog\/lou-barin-sacree-pour-sa-premiere-saison-sur-le-freeride-world-tour\/#article\",\"isPartOf\":{\"@id\":\"https:\/\/dicodusport.fr\/blog\/lou-barin-sacree-pour-sa-premiere-saison-sur-le-freeride-world-tour\/\"},\"author\":{\"name\":\"Sophie Clapier\",\"@id\":\"https:\/\/dicodusport.fr\/blog\/#\/schema\/person\/416c975648aca9da8839bdfe333a21c9\"},\"headline\":\"Lou Barin sacr\u00e9e pour sa premi\u00e8re saison sur le Freeride World Tour\",\"datePublished\":\"2026-03-28T19:22:00+00:00\",\"mainEntityOfPage\":{\"@id\":\"https:\/\/dicodusport.fr\/blog\/lou-barin-sacree-pour-sa-premiere-saison-sur-le-freeride-world-tour\/\"},\"wordCount\":411,\"commentCount\":0,\"publisher\":{\"@id\":\"https:\/\/dicodusport.fr\/blog\/#organization\"},\"image\":{\"@id\":\"https:\/\/dicodusport.fr\/blog\/lou-barin-sacree-pour-sa-premiere-saison-sur-le-freeride-world-tour\/#primaryimage\"},\"thumbnailUrl\":\"https:\/\/dicodusport.fr\/blog\/wp-content\/uploads\/2026\/03\/Lou-Barin-couronnee-pour-sa-premiere-sur-le-Freeride-World-Tour.png\",\"keywords\":[\"br\u00e8ve\",\"Freeride\",\"Lou Barin\"],\"articleSection\":[\"Ski\"],\"inLanguage\":\"fr-FR\",\"potentialAction\":[{\"@type\":\"CommentAction\",\"name\":\"Comment\",\"target\":[\"https:\/\/dicodusport.fr\/blog\/lou-barin-sacree-pour-sa-premiere-saison-sur-le-freeride-world-tour\/#respond\"]}],\"copyrightYear\":\"2026\",\"copyrightHolder\":{\"@id\":\"https:\/\/dicodusport.fr\/blog\/#organization\"}},{\"@type\":\"WebPage\",\"@id\":\"https:\/\/dicodusport.fr\/blog\/lou-barin-sacree-pour-sa-premiere-saison-sur-le-freeride-world-tour\/\",\"url\":\"https:\/\/dicodusport.fr\/blog\/lou-barin-sacree-pour-sa-premiere-saison-sur-le-freeride-world-tour\/\",\"name\":\"Lou Barin sacr\u00e9e pour sa premi\u00e8re saison sur le Freeride World Tour\",\"isPartOf\":{\"@id\":\"https:\/\/dicodusport.fr\/blog\/#website\"},\"primaryImageOfPage\":{\"@id\":\"https:\/\/dicodusport.fr\/blog\/lou-barin-sacree-pour-sa-premiere-saison-sur-le-freeride-world-tour\/#primaryimage\"},\"image\":{\"@id\":\"https:\/\/dicodusport.fr\/blog\/lou-barin-sacree-pour-sa-premiere-saison-sur-le-freeride-world-tour\/#primaryimage\"},\"thumbnailUrl\":\"https:\/\/dicodusport.fr\/blog\/wp-content\/uploads\/2026\/03\/Lou-Barin-couronnee-pour-sa-premiere-sur-le-Freeride-World-Tour.png\",\"datePublished\":\"2026-03-28T19:22:00+00:00\",\"description\":\"FREERIDE WORLD TOUR - Gr\u00e2ce \u00e0 sa victoire sur la derni\u00e8re manche en Suisse, Lou Barin remporte le titre pour sa premi\u00e8re saison dans l\u2019\u00e9lite.\",\"breadcrumb\":{\"@id\":\"https:\/\/dicodusport.fr\/blog\/lou-barin-sacree-pour-sa-premiere-saison-sur-le-freeride-world-tour\/#breadcrumb\"},\"inLanguage\":\"fr-FR\",\"potentialAction\":[{\"@type\":\"ReadAction\",\"target\":[\"https:\/\/dicodusport.fr\/blog\/lou-barin-sacree-pour-sa-premiere-saison-sur-le-freeride-world-tour\/\"]}]},{\"@type\":\"ImageObject\",\"inLanguage\":\"fr-FR\",\"@id\":\"https:\/\/dicodusport.fr\/blog\/lou-barin-sacree-pour-sa-premiere-saison-sur-le-freeride-world-tour\/#primaryimage\",\"url\":\"https:\/\/dicodusport.fr\/blog\/wp-content\/uploads\/2026\/03\/Lou-Barin-couronnee-pour-sa-premiere-sur-le-Freeride-World-Tour.png\",\"contentUrl\":\"https:\/\/dicodusport.fr\/blog\/wp-content\/uploads\/2026\/03\/Lou-Barin-couronnee-pour-sa-premiere-sur-le-Freeride-World-Tour.png\",\"width\":1200,\"height\":674,\"caption\":\"Lou Barin sacr\u00e9e pour sa premi\u00e8re saison sur le Freeride World Tour\"},{\"@type\":\"BreadcrumbList\",\"@id\":\"https:\/\/dicodusport.fr\/blog\/lou-barin-sacree-pour-sa-premiere-saison-sur-le-freeride-world-tour\/#breadcrumb\",\"itemListElement\":[{\"@type\":\"ListItem\",\"position\":1,\"name\":\"Accueil\",\"item\":\"https:\/\/dicodusport.fr\/blog\/\"},{\"@type\":\"ListItem\",\"position\":2,\"name\":\"Lou Barin sacr\u00e9e pour sa premi\u00e8re saison sur le Freeride World Tour\"}]},{\"@type\":\"WebSite\",\"@id\":\"https:\/\/dicodusport.fr\/blog\/#website\",\"url\":\"https:\/\/dicodusport.fr\/blog\/\",\"name\":\"Dicodusport\",\"description\":\"L&#039;encyclop\u00e9die de l&#039;actualit\u00e9 sportive\",\"publisher\":{\"@id\":\"https:\/\/dicodusport.fr\/blog\/#organization\"},\"potentialAction\":[{\"@type\":\"SearchAction\",\"target\":{\"@type\":\"EntryPoint\",\"urlTemplate\":\"https:\/\/dicodusport.fr\/blog\/?s={search_term_string}\"},\"query-input\":{\"@type\":\"PropertyValueSpecification\",\"valueRequired\":true,\"valueName\":\"search_term_string\"}}],\"inLanguage\":\"fr-FR\"},{\"@type\":\"NewsMediaOrganization\",\"@id\":\"https:\/\/dicodusport.fr\/blog\/#organization\",\"name\":\"Dicodusport\",\"url\":\"https:\/\/dicodusport.fr\/blog\/\",\"logo\":{\"@type\":\"ImageObject\",\"inLanguage\":\"fr-FR\",\"@id\":\"https:\/\/dicodusport.fr\/blog\/#\/schema\/logo\/image\/\",\"url\":\"https:\/\/dicodusport.fr\/blog\/wp-content\/uploads\/2020\/06\/cropped-LOGO-DICODUSPORT-2020-SANS-FOND-SANS-TEXTE.png\",\"contentUrl\":\"https:\/\/dicodusport.fr\/blog\/wp-content\/uploads\/2020\/06\/cropped-LOGO-DICODUSPORT-2020-SANS-FOND-SANS-TEXTE.png\",\"width\":512,\"height\":512,\"caption\":\"Dicodusport\"},\"image\":{\"@id\":\"https:\/\/dicodusport.fr\/blog\/#\/schema\/logo\/image\/\"},\"sameAs\":[\"https:\/\/www.facebook.com\/dicodusport\",\"https:\/\/x.com\/dicodusport\",\"https:\/\/www.instagram.com\/dicodusport\/\",\"https:\/\/www.youtube.com\/channel\/UC7V2KZ5sd3htJivAbA4ZG3w\"],\"description\":\"Dicodusport est l'encyclop\u00e9die de l'actualit\u00e9 sportive.\",\"email\":\"bonjour@dicodusport.fr\",\"legalName\":\"DICODUSPORT\",\"foundingDate\":\"2018-01-14\",\"vatID\":\"FR71834470973\",\"taxID\":\"83447097300043\",\"numberOfEmployees\":{\"@type\":\"QuantitativeValue\",\"minValue\":\"1\",\"maxValue\":\"10\"}},{\"@type\":\"Person\",\"@id\":\"https:\/\/dicodusport.fr\/blog\/#\/schema\/person\/416c975648aca9da8839bdfe333a21c9\",\"name\":\"Sophie Clapier\",\"image\":{\"@type\":\"ImageObject\",\"inLanguage\":\"fr-FR\",\"@id\":\"https:\/\/dicodusport.fr\/blog\/#\/schema\/person\/image\/\",\"url\":\"https:\/\/dicodusport.fr\/blog\/wp-content\/uploads\/2021\/05\/Sophie-Clapier-150x150.jpg\",\"contentUrl\":\"https:\/\/dicodusport.fr\/blog\/wp-content\/uploads\/2021\/05\/Sophie-Clapier-150x150.jpg\",\"caption\":\"Sophie Clapier\"},\"description\":\"Journaliste\/r\u00e9dactrice depuis janvier 2016 - Passionn\u00e9e de sport depuis toujours, j\u2019en ai pratiqu\u00e9 quelques-uns. Judo, football, handball ou encore tennis, je n\u2019ai jamais pu me mettre d\u2019accord sur un en particulier. Mais \u00e7a, c\u2019\u00e9tait avant de d\u00e9couvrir le basket, devenu mon sport de pr\u00e9dilection. Les actions NBA, le All-Star Week-end, la fureur des Game 7 pendant les playoffs ou mieux, lors des Finals, this is why we play. Team Spurs T.P, je m\u2019accroche encore \u00e0 Gregg Popovich (don\u2019t leave !). Team chef Curry, je souhaite qu\u2019il finisse aux Warriors (staaaay !). Non, il n\u2019y a pas qu\u2019eux, des petits nouveaux -et des petites nouvelles \u00e9videmment- arrivent chaque jour dans toutes les disciplines et cr\u00e9ent de nouveaux exploits. Alors pour les grands \u00e9v\u00e9nements et comp\u00e9titions internationales, vive les pulsations 240\/minutes et le d\u00e9fibrillateur pas loin, et allez les Bleu(e)s ! C\u2019est s\u00fbr, j\u2019aurai plus vu ma vie sur un terrain de sport, mais \u00e0 d\u00e9faut d\u2019en faire en haut niveau, je le partage avec vous.\",\"sameAs\":[\"https:\/\/www.facebook.com\/soocube\",\"https:\/\/x.com\/https:\/\/twitter.com\/soocube\",\"admin\"],\"url\":\"https:\/\/dicodusport.fr\/blog\/author\/sophie\/\"}]}<\/script>\n<!-- \/ Yoast SEO Premium plugin. -->","yoast_head_json":{"title":"Lou Barin sacr\u00e9e pour sa premi\u00e8re saison sur le Freeride World Tour","description":"FREERIDE WORLD TOUR - Gr\u00e2ce \u00e0 sa victoire sur la derni\u00e8re manche en Suisse, Lou Barin remporte le titre pour sa premi\u00e8re saison dans l\u2019\u00e9lite.","robots":{"index":"index","follow":"follow","max-snippet":"max-snippet:-1","max-image-preview":"max-image-preview:large","max-video-preview":"max-video-preview:-1"},"canonical":"https:\/\/dicodusport.fr\/blog\/lou-barin-sacree-pour-sa-premiere-saison-sur-le-freeride-world-tour\/","og_locale":"fr_FR","og_type":"article","og_title":"Lou Barin sacr\u00e9e pour sa premi\u00e8re saison sur le Freeride World Tour","og_description":"FREERIDE WORLD TOUR - Gr\u00e2ce \u00e0 sa victoire sur la derni\u00e8re manche en Suisse, Lou Barin remporte le titre pour sa premi\u00e8re saison dans l\u2019\u00e9lite.","og_url":"https:\/\/dicodusport.fr\/blog\/lou-barin-sacree-pour-sa-premiere-saison-sur-le-freeride-world-tour\/","og_site_name":"Dicodusport","article_publisher":"https:\/\/www.facebook.com\/dicodusport","article_author":"https:\/\/www.facebook.com\/soocube","article_published_time":"2026-03-28T19:22:00+00:00","og_image":[{"width":1200,"height":674,"url":"https:\/\/dicodusport.fr\/blog\/wp-content\/uploads\/2026\/03\/Lou-Barin-couronnee-pour-sa-premiere-sur-le-Freeride-World-Tour.png","type":"image\/png"}],"author":"Sophie Clapier","twitter_card":"summary_large_image","twitter_title":"Lou Barin sacr\u00e9e pour sa premi\u00e8re saison sur le Freeride World Tour","twitter_creator":"@https:\/\/twitter.com\/soocube","twitter_site":"@dicodusport","schema":{"@context":"https:\/\/schema.org","@graph":[{"@type":"NewsArticle","@id":"https:\/\/dicodusport.fr\/blog\/lou-barin-sacree-pour-sa-premiere-saison-sur-le-freeride-world-tour\/#article","isPartOf":{"@id":"https:\/\/dicodusport.fr\/blog\/lou-barin-sacree-pour-sa-premiere-saison-sur-le-freeride-world-tour\/"},"author":{"name":"Sophie Clapier","@id":"https:\/\/dicodusport.fr\/blog\/#\/schema\/person\/416c975648aca9da8839bdfe333a21c9"},"headline":"Lou Barin sacr\u00e9e pour sa premi\u00e8re saison sur le Freeride World Tour","datePublished":"2026-03-28T19:22:00+00:00","mainEntityOfPage":{"@id":"https:\/\/dicodusport.fr\/blog\/lou-barin-sacree-pour-sa-premiere-saison-sur-le-freeride-world-tour\/"},"wordCount":411,"commentCount":0,"publisher":{"@id":"https:\/\/dicodusport.fr\/blog\/#organization"},"image":{"@id":"https:\/\/dicodusport.fr\/blog\/lou-barin-sacree-pour-sa-premiere-saison-sur-le-freeride-world-tour\/#primaryimage"},"thumbnailUrl":"https:\/\/dicodusport.fr\/blog\/wp-content\/uploads\/2026\/03\/Lou-Barin-couronnee-pour-sa-premiere-sur-le-Freeride-World-Tour.png","keywords":["br\u00e8ve","Freeride","Lou Barin"],"articleSection":["Ski"],"inLanguage":"fr-FR","potentialAction":[{"@type":"CommentAction","name":"Comment","target":["https:\/\/dicodusport.fr\/blog\/lou-barin-sacree-pour-sa-premiere-saison-sur-le-freeride-world-tour\/#respond"]}],"copyrightYear":"2026","copyrightHolder":{"@id":"https:\/\/dicodusport.fr\/blog\/#organization"}},{"@type":"WebPage","@id":"https:\/\/dicodusport.fr\/blog\/lou-barin-sacree-pour-sa-premiere-saison-sur-le-freeride-world-tour\/","url":"https:\/\/dicodusport.fr\/blog\/lou-barin-sacree-pour-sa-premiere-saison-sur-le-freeride-world-tour\/","name":"Lou Barin sacr\u00e9e pour sa premi\u00e8re saison sur le Freeride World Tour","isPartOf":{"@id":"https:\/\/dicodusport.fr\/blog\/#website"},"primaryImageOfPage":{"@id":"https:\/\/dicodusport.fr\/blog\/lou-barin-sacree-pour-sa-premiere-saison-sur-le-freeride-world-tour\/#primaryimage"},"image":{"@id":"https:\/\/dicodusport.fr\/blog\/lou-barin-sacree-pour-sa-premiere-saison-sur-le-freeride-world-tour\/#primaryimage"},"thumbnailUrl":"https:\/\/dicodusport.fr\/blog\/wp-content\/uploads\/2026\/03\/Lou-Barin-couronnee-pour-sa-premiere-sur-le-Freeride-World-Tour.png","datePublished":"2026-03-28T19:22:00+00:00","description":"FREERIDE WORLD TOUR - Gr\u00e2ce \u00e0 sa victoire sur la derni\u00e8re manche en Suisse, Lou Barin remporte le titre pour sa premi\u00e8re saison dans l\u2019\u00e9lite.","breadcrumb":{"@id":"https:\/\/dicodusport.fr\/blog\/lou-barin-sacree-pour-sa-premiere-saison-sur-le-freeride-world-tour\/#breadcrumb"},"inLanguage":"fr-FR","potentialAction":[{"@type":"ReadAction","target":["https:\/\/dicodusport.fr\/blog\/lou-barin-sacree-pour-sa-premiere-saison-sur-le-freeride-world-tour\/"]}]},{"@type":"ImageObject","inLanguage":"fr-FR","@id":"https:\/\/dicodusport.fr\/blog\/lou-barin-sacree-pour-sa-premiere-saison-sur-le-freeride-world-tour\/#primaryimage","url":"https:\/\/dicodusport.fr\/blog\/wp-content\/uploads\/2026\/03\/Lou-Barin-couronnee-pour-sa-premiere-sur-le-Freeride-World-Tour.png","contentUrl":"https:\/\/dicodusport.fr\/blog\/wp-content\/uploads\/2026\/03\/Lou-Barin-couronnee-pour-sa-premiere-sur-le-Freeride-World-Tour.png","width":1200,"height":674,"caption":"Lou Barin sacr\u00e9e pour sa premi\u00e8re saison sur le Freeride World Tour"},{"@type":"BreadcrumbList","@id":"https:\/\/dicodusport.fr\/blog\/lou-barin-sacree-pour-sa-premiere-saison-sur-le-freeride-world-tour\/#breadcrumb","itemListElement":[{"@type":"ListItem","position":1,"name":"Accueil","item":"https:\/\/dicodusport.fr\/blog\/"},{"@type":"ListItem","position":2,"name":"Lou Barin sacr\u00e9e pour sa premi\u00e8re saison sur le Freeride World Tour"}]},{"@type":"WebSite","@id":"https:\/\/dicodusport.fr\/blog\/#website","url":"https:\/\/dicodusport.fr\/blog\/","name":"Dicodusport","description":"L&#039;encyclop\u00e9die de l&#039;actualit\u00e9 sportive","publisher":{"@id":"https:\/\/dicodusport.fr\/blog\/#organization"},"potentialAction":[{"@type":"SearchAction","target":{"@type":"EntryPoint","urlTemplate":"https:\/\/dicodusport.fr\/blog\/?s={search_term_string}"},"query-input":{"@type":"PropertyValueSpecification","valueRequired":true,"valueName":"search_term_string"}}],"inLanguage":"fr-FR"},{"@type":"NewsMediaOrganization","@id":"https:\/\/dicodusport.fr\/blog\/#organization","name":"Dicodusport","url":"https:\/\/dicodusport.fr\/blog\/","logo":{"@type":"ImageObject","inLanguage":"fr-FR","@id":"https:\/\/dicodusport.fr\/blog\/#\/schema\/logo\/image\/","url":"https:\/\/dicodusport.fr\/blog\/wp-content\/uploads\/2020\/06\/cropped-LOGO-DICODUSPORT-2020-SANS-FOND-SANS-TEXTE.png","contentUrl":"https:\/\/dicodusport.fr\/blog\/wp-content\/uploads\/2020\/06\/cropped-LOGO-DICODUSPORT-2020-SANS-FOND-SANS-TEXTE.png","width":512,"height":512,"caption":"Dicodusport"},"image":{"@id":"https:\/\/dicodusport.fr\/blog\/#\/schema\/logo\/image\/"},"sameAs":["https:\/\/www.facebook.com\/dicodusport","https:\/\/x.com\/dicodusport","https:\/\/www.instagram.com\/dicodusport\/","https:\/\/www.youtube.com\/channel\/UC7V2KZ5sd3htJivAbA4ZG3w"],"description":"Dicodusport est l'encyclop\u00e9die de l'actualit\u00e9 sportive.","email":"bonjour@dicodusport.fr","legalName":"DICODUSPORT","foundingDate":"2018-01-14","vatID":"FR71834470973","taxID":"83447097300043","numberOfEmployees":{"@type":"QuantitativeValue","minValue":"1","maxValue":"10"}},{"@type":"Person","@id":"https:\/\/dicodusport.fr\/blog\/#\/schema\/person\/416c975648aca9da8839bdfe333a21c9","name":"Sophie Clapier","image":{"@type":"ImageObject","inLanguage":"fr-FR","@id":"https:\/\/dicodusport.fr\/blog\/#\/schema\/person\/image\/","url":"https:\/\/dicodusport.fr\/blog\/wp-content\/uploads\/2021\/05\/Sophie-Clapier-150x150.jpg","contentUrl":"https:\/\/dicodusport.fr\/blog\/wp-content\/uploads\/2021\/05\/Sophie-Clapier-150x150.jpg","caption":"Sophie Clapier"},"description":"Journaliste\/r\u00e9dactrice depuis janvier 2016 - Passionn\u00e9e de sport depuis toujours, j\u2019en ai pratiqu\u00e9 quelques-uns. Judo, football, handball ou encore tennis, je n\u2019ai jamais pu me mettre d\u2019accord sur un en particulier. Mais \u00e7a, c\u2019\u00e9tait avant de d\u00e9couvrir le basket, devenu mon sport de pr\u00e9dilection. Les actions NBA, le All-Star Week-end, la fureur des Game 7 pendant les playoffs ou mieux, lors des Finals, this is why we play. Team Spurs T.P, je m\u2019accroche encore \u00e0 Gregg Popovich (don\u2019t leave !). Team chef Curry, je souhaite qu\u2019il finisse aux Warriors (staaaay !). Non, il n\u2019y a pas qu\u2019eux, des petits nouveaux -et des petites nouvelles \u00e9videmment- arrivent chaque jour dans toutes les disciplines et cr\u00e9ent de nouveaux exploits. Alors pour les grands \u00e9v\u00e9nements et comp\u00e9titions internationales, vive les pulsations 240\/minutes et le d\u00e9fibrillateur pas loin, et allez les Bleu(e)s ! C\u2019est s\u00fbr, j\u2019aurai plus vu ma vie sur un terrain de sport, mais \u00e0 d\u00e9faut d\u2019en faire en haut niveau, je le partage avec vous.","sameAs":["https:\/\/www.facebook.com\/soocube","https:\/\/x.com\/https:\/\/twitter.com\/soocube","admin"],"url":"https:\/\/dicodusport.fr\/blog\/author\/sophie\/"}]}},"_links":{"self":[{"href":"https:\/\/dicodusport.fr\/blog\/wp-json\/wp\/v2\/posts\/658968","targetHints":{"allow":["GET"]}}],"collection":[{"href":"https:\/\/dicodusport.fr\/blog\/wp-json\/wp\/v2\/posts"}],"about":[{"href":"https:\/\/dicodusport.fr\/blog\/wp-json\/wp\/v2\/types\/post"}],"author":[{"embeddable":true,"href":"https:\/\/dicodusport.fr\/blog\/wp-json\/wp\/v2\/users\/18"}],"replies":[{"embeddable":true,"href":"https:\/\/dicodusport.fr\/blog\/wp-json\/wp\/v2\/comments?post=658968"}],"version-history":[{"count":1,"href":"https:\/\/dicodusport.fr\/blog\/wp-json\/wp\/v2\/posts\/658968\/revisions"}],"predecessor-version":[{"id":658972,"href":"https:\/\/dicodusport.fr\/blog\/wp-json\/wp\/v2\/posts\/658968\/revisions\/658972"}],"wp:featuredmedia":[{"embeddable":true,"href":"https:\/\/dicodusport.fr\/blog\/wp-json\/wp\/v2\/media\/658971"}],"wp:attachment":[{"href":"https:\/\/dicodusport.fr\/blog\/wp-json\/wp\/v2\/media?parent=658968"}],"wp:term":[{"taxonomy":"category","embeddable":true,"href":"https:\/\/dicodusport.fr\/blog\/wp-json\/wp\/v2\/categories?post=658968"},{"taxonomy":"post_tag","embeddable":true,"href":"https:\/\/dicodusport.fr\/blog\/wp-json\/wp\/v2\/tags?post=658968"}],"curies":[{"name":"wp","href":"https:\/\/api.w.org\/{rel}","templated":true}]}}