{"id":659008,"date":"2026-03-29T16:38:55","date_gmt":"2026-03-29T14:38:55","guid":{"rendered":"https:\/\/dicodusport.fr\/blog\/?p=659008&#038;preview=true&#038;preview_id=659008"},"modified":"2026-03-29T16:40:55","modified_gmt":"2026-03-29T14:40:55","slug":"resultats-gand-wevelgem-2026-classement-de-la-course-in-flanders-fields","status":"publish","type":"post","link":"https:\/\/dicodusport.fr\/blog\/resultats-gand-wevelgem-2026-classement-de-la-course-in-flanders-fields\/","title":{"rendered":"R\u00e9sultats Gand-Wevelgem 2026 : classement de la course (In Flanders Fields)"},"content":{"rendered":"<p style=\"text-align: justify;\"><strong><em>Qui a remport\u00e9 Gand-Wevelgem 2026 ce dimanche 29 <\/em><\/strong><strong><em>mars ? D\u00e9couvrez le classement et les r\u00e9sultats complets de In Flanders Fields.<\/em><\/strong><\/p>\n<ul>\n<li style=\"text-align: justify;\"><strong>\u00c0 ce sujet &#8211; <a href=\"https:\/\/dicodusport.fr\/blog\/actualites\/cyclisme\/\">L&rsquo;actualit\u00e9 du cyclisme<\/a><\/strong><\/li>\n<\/ul>\n<p style=\"text-align: justify;\">Deux jours apr\u00e8s <a href=\"https:\/\/dicodusport.fr\/blog\/mathieu-van-der-poel-fait-le-triple-sur-une-magnifique-edition-du-gp-e3-saxo-classic\/\">le GP E3 Saxo Classic remport\u00e9 par Mathieu van der Poel<\/a>, le peloton des flandriennes encha\u00eene avec un autre rendez-vous majeur du printemps : <strong>Gand-Wevelgem 2026<\/strong>, d\u00e9sormais rebaptis\u00e9 <strong>In Flanders Fields &#8211; From Middelkerke to Wevelgem<\/strong>. Cette 88e \u00e9dition, disput\u00e9e ce dimanche 29 mars, s\u2019annonce comme une r\u00e9p\u00e9tition grandeur nature avant le Tour des Flandres. Entre longues portions expos\u00e9es au vent, encha\u00eenement de monts et final plus favorable aux hommes rapides, la classique belge promet encore un sc\u00e9nario tendu et spectaculaire.<\/p>\n<h2 style=\"text-align: justify;\">Un parcours exigeant entre plaine, monts et secteurs de gravier<\/h2>\n<p style=\"text-align: justify;\">Le trac\u00e9 2026 m\u00e8nera le peloton de <strong>Middelkerke<\/strong> \u00e0 <strong>Wevelgem<\/strong> sur 240,8 kilom\u00e8tres. Les 130 premiers kilom\u00e8tres s\u2019annoncent globalement plats, avec un terrain o\u00f9 le vent pourrait rapidement provoquer des cassures. La course passera notamment par <strong>Nieuwpoort<\/strong>, <strong>Diksmuide<\/strong>, <strong>La Panne<\/strong> et <strong>Veurne<\/strong>, avant de rejoindre <strong>De Moeren<\/strong>, un secteur toujours redout\u00e9 quand les bordures se forment.<\/p>\n<p style=\"text-align: justify;\">La seconde partie de l\u2019\u00e9preuve conduira ensuite les coureurs vers le <strong>Heuvelland<\/strong>, o\u00f9 la s\u00e9lection devrait se faire. Le <strong>Scherpenberg<\/strong>, le <strong>Baneberg<\/strong>, le <strong>Monteberg<\/strong> et surtout le <strong>Kemmelberg<\/strong> rythmeront cette phase d\u00e9cisive. Les c\u00e9l\u00e8bres <strong>Plugstreets<\/strong>, chemins de gravier semi-pav\u00e9s situ\u00e9s du c\u00f4t\u00e9 de <strong>Ploegsteert<\/strong>, ajouteront encore de la tension avant la derni\u00e8re grande explication. Apr\u00e8s une troisi\u00e8me ascension du Kemmelberg, il restera plus de trente kilom\u00e8tres de plaine pour rallier l\u2019arriv\u00e9e et permettre soit un regroupement, soit une bataille tactique entre survivants.<\/p>\n<div class=\"vlp-link-container vlp-layout-article\"><a href=\"https:\/\/dicodusport.fr\/blog\/gand-wevelgem-2026-decouvrez-le-parcours-et-le-profil-de-la-classique-in-flanders-fields\/\" class=\"vlp-link\" title=\"Gand-Wevelgem 2026 : d\u00e9couvrez le parcours et le profil de la classique In Flanders Fields\"><\/a><div class=\"vlp-layout-zone-side\"><div class=\"vlp-block-4 vlp-link-image\"><img loading=\"lazy\" decoding=\"async\" style=\"max-width: 792px;\" width=\"792\" height=\"445\" src=\"https:\/\/dicodusport.fr\/blog\/wp-content\/uploads\/2026\/03\/Gand-Wevelgem-2026-decouvrez-le-parcours-et-le-profil-de-la-classique-In-Flanders-Fields.png\" class=\"attachment-800x445 size-800x445\" alt=\"Gand-Wevelgem 2026 d\u00e9couvrez le parcours et le profil de la classique In Flanders Fields\" srcset=\"https:\/\/dicodusport.fr\/blog\/wp-content\/uploads\/2026\/03\/Gand-Wevelgem-2026-decouvrez-le-parcours-et-le-profil-de-la-classique-In-Flanders-Fields.png 1200w, https:\/\/dicodusport.fr\/blog\/wp-content\/uploads\/2026\/03\/Gand-Wevelgem-2026-decouvrez-le-parcours-et-le-profil-de-la-classique-In-Flanders-Fields-300x169.png 300w, https:\/\/dicodusport.fr\/blog\/wp-content\/uploads\/2026\/03\/Gand-Wevelgem-2026-decouvrez-le-parcours-et-le-profil-de-la-classique-In-Flanders-Fields-1024x575.png 1024w, https:\/\/dicodusport.fr\/blog\/wp-content\/uploads\/2026\/03\/Gand-Wevelgem-2026-decouvrez-le-parcours-et-le-profil-de-la-classique-In-Flanders-Fields-768x431.png 768w\" sizes=\"auto, (max-width: 792px) 100vw, 792px\" \/><\/div><\/div><div class=\"vlp-layout-zone-main\"><div class=\"vlp-block-0 vlp-link-title\">Gand-Wevelgem 2026 : d\u00e9couvrez le parcours et le profil de la classique In Flanders Fields<\/div><div class=\"vlp-block-1 vlp-link-summary\">D\u00e9couvrez le parcours d\u00e9taill\u00e9 et le profil de Gand-Wevelgem 2026. La classique flandrienne In Flanders Fields reliera Middelkerke \u00e0 Wevelgem ce dimanche 29 mars.<\/div><div class=\"vlp-block-2 vlp-link-button\">Lire l'article<\/div><div class=\"vlp-block-3 vlp-link-url\">dicodusport.fr<\/div><\/div><\/div>\n<h2 style=\"text-align: justify;\">Mathieu van der Poel et Wout Van Aert en t\u00eates d\u2019affiche<\/h2>\n<p style=\"text-align: justify;\">Cette \u00e9dition 2026 s\u2019annonce particuli\u00e8rement ouverte, d\u2019autant que <strong>Mads Pedersen<\/strong>, double tenant du titre, est forfait. Dans ce contexte, <strong>Mathieu van der Poel<\/strong> appara\u00eet comme <a href=\"https:\/\/dicodusport.fr\/blog\/gand-wevelgem-2026-les-favoris-et-la-liste-des-engages-sur-in-flanders-fields\/\">l\u2019un des tr\u00e8s grands favori<\/a>s. Le N\u00e9erlandais revient sur une course qui manque encore \u00e0 son palmar\u00e8s r\u00e9cent, avec l\u2019ambition de peser sur les monts et de durcir l\u2019\u00e9preuve de loin. Face \u00e0 lui, <strong>Wout Van Aert<\/strong> repr\u00e9sentera l\u2019autre immense menace. Le Belge poursuit sa mont\u00e9e en puissance et dispose du profil id\u00e9al pour briller sur un parcours aussi complet.<\/p>\n<p style=\"text-align: justify;\">Autour de ce duo, plusieurs coureurs auront aussi de solides arguments. <strong>Christophe Laporte<\/strong>, d\u00e9j\u00e0 vainqueur ici, peut tirer profit d\u2019un final r\u00e9duit gr\u00e2ce \u00e0 sa pointe de vitesse. C\u00f4t\u00e9 sprinteurs capables de passer les difficult\u00e9s, <strong>Jasper Philipsen<\/strong> et <strong>Jordi Meeus<\/strong> font figure de s\u00e9rieux candidats si la course se referme dans les derniers kilom\u00e8tres. <strong>Matthew Brennan<\/strong> repr\u00e9sente \u00e9galement une carte int\u00e9ressante pour <strong>Visma Lease a Bike<\/strong> en cas d\u2019arriv\u00e9e plus group\u00e9e.<\/p>\n<h2 style=\"text-align: justify;\">Une classique toujours impr\u00e9visible<\/h2>\n<p style=\"text-align: justify;\">Comme souvent sur <strong>Gand-Wevelgem<\/strong>, plusieurs sc\u00e9narios restent possibles. Une offensive des costauds dans les monts, une course \u00e9clat\u00e9e par le vent ou un sprint entre rescap\u00e9s peuvent tous se dessiner. C\u2019est justement cette incertitude qui fait le charme de l\u2019\u00e9preuve. Entre puncheurs, flandriens et sprinteurs r\u00e9sistants, <strong>In Flanders Fields 2026<\/strong> a tout pour offrir une nouvelle bataille de prestige sur les routes belges.<\/p>\n<p style=\"text-align: justify;\"><strong>Arriv\u00e9e pr\u00e9vue sur les coups de 16h15, heure fran\u00e7aise. Retrouvez les r\u00e9sultats complets et le classement de Gand-Wevelgem 2026 ci-dessous.<\/strong><\/p>\n<h2 style=\"text-align: justify;\">Gand-Wevelgem 2026 : le classement et les r\u00e9sultats de la course In Flanders Fields<\/h2>\n<p style=\"text-align: justify;\"><strong><span style=\"font-size: 14px;\"><em>Classement officiel mis \u00e0 jour \u00e0 l&rsquo;issue de la course.<\/em><\/span><\/strong><\/p>\n<div class=\"su-table su-table-alternate\">\n<table style=\"width: 800px;border-collapse: collapse\" border=\"1\">\n<tbody>\n<tr style=\"height: 24px\">\n<td style=\"border-color: #ebebeb;height: 24px;text-align: center;width: 80px;vertical-align: middle\">\ud83c\udfc6<\/td>\n<td style=\"border-color: #ebebeb;height: 24px;text-align: center;width: 500px;vertical-align: middle\"><span style=\"font-size: 0.9em\"><strong>COUREURS<\/strong><\/span><\/td>\n<td style=\"border-color: #ebebeb;height: 24px;text-align: center;width: 220px;vertical-align: middle\"><span style=\"font-size: 0.9em\"><strong>TEMPS \/ \u00c9CART<\/strong><\/span><\/td>\n<\/tr>\n<tr style=\"height: 24px\">\n<td style=\"border-color: #ebebeb;height: 24px;text-align: center;width: 80px;vertical-align: middle\"><strong><span class=\"su-label su-label-type-warning\">1.<\/span><\/strong><\/td>\n<td style=\"border-color: #ebebeb;text-align: center;width: 500px;vertical-align: middle\"><span style=\"font-size: 0.9em\"><strong>\ud83c\udde7\ud83c\uddea JASPER PHILIPSEN<\/strong><br \/>\n<span style=\"font-size: 0.8em\">ALPECIN-PREMIER TECH<\/span><\/span><\/td>\n<td style=\"border-color: #ebebeb;text-align: center;width: 220px;vertical-align: middle\"><strong><span style=\"font-size: 0.9em\">5h08m03s<\/span><\/strong><\/td>\n<\/tr>\n<tr>\n<td style=\"border-color: #ebebeb;text-align: center;width: 80px;vertical-align: middle\"><span style=\"font-size: 0.9em\">2.<\/span><\/td>\n<td style=\"border-color: #ebebeb;text-align: center;width: 500px;vertical-align: middle\"><span style=\"font-size: 0.9em\"><strong>\ud83c\udde9\ud83c\uddf0 TOBIAS LUND ANDRESEN<\/strong><br \/>\n<span style=\"font-size: 0.8em\">DECATHLON CMA CGM TEAM<\/span><\/span><\/td>\n<td style=\"border-color: #ebebeb;text-align: center;width: 220px;vertical-align: middle\"><span style=\"font-size: 0.9em\"><strong>\u00e0 0s<\/strong><\/span><\/td>\n<\/tr>\n<tr>\n<td style=\"border-color: #ebebeb;text-align: center;width: 80px;vertical-align: middle\"><span style=\"font-size: 0.9em\">3.<\/span><\/td>\n<td style=\"border-color: #ebebeb;text-align: center;width: 500px;vertical-align: middle\"><span style=\"font-size: 0.9em\"><strong>\ud83c\uddeb\ud83c\uddf7 CHRISTOPHE LAPORTE<\/strong><br \/>\n<span style=\"font-size: 0.8em\">TEAM VISMA | LEASE A BIKE<\/span><\/span><\/td>\n<td style=\"border-color: #ebebeb;text-align: center;width: 220px;vertical-align: middle\"><span style=\"font-size: 0.9em\"><strong>\u00e0 0s<\/strong><\/span><\/td>\n<\/tr>\n<tr>\n<td style=\"border-color: #ebebeb;text-align: center;width: 80px;vertical-align: middle\"><span style=\"font-size: 0.9em\">4.<\/span><\/td>\n<td style=\"border-color: #ebebeb;text-align: center;width: 500px;vertical-align: middle\"><span style=\"font-size: 0.9em\"><strong>\ud83c\udde7\ud83c\uddea ARNAUD DE LIE<\/strong><br \/>\n<span style=\"font-size: 0.8em\">LOTTO INTERMARCH\u00c9<\/span><\/span><\/td>\n<td style=\"border-color: #ebebeb;text-align: center;width: 220px;vertical-align: middle\"><span style=\"font-size: 0.9em\"><strong>\u00e0 0s<\/strong><\/span><\/td>\n<\/tr>\n<tr>\n<td style=\"border-color: #ebebeb;text-align: center;width: 80px;vertical-align: middle\"><span style=\"font-size: 0.9em\">5.<\/span><\/td>\n<td style=\"border-color: #ebebeb;text-align: center;width: 500px;vertical-align: middle\"><span style=\"font-size: 0.9em\"><strong>\ud83c\uddec\ud83c\udde7 ROBERT DONALDSON<\/strong><br \/>\n<span style=\"font-size: 0.8em\">TEAM JAYCO ALULA<\/span><\/span><\/td>\n<td style=\"border-color: #ebebeb;text-align: center;width: 220px;vertical-align: middle\"><span style=\"font-size: 0.9em\"><strong>\u00e0 0s<\/strong><\/span><\/td>\n<\/tr>\n<tr>\n<td style=\"border-color: #ebebeb;text-align: center;width: 80px;vertical-align: middle\"><span style=\"font-size: 0.9em\">6.<\/span><\/td>\n<td style=\"border-color: #ebebeb;text-align: center;width: 500px;vertical-align: middle\"><span style=\"font-size: 0.9em\"><strong>\ud83c\uddee\ud83c\uddf9 MATTEO TRENTIN<\/strong><br \/>\n<span style=\"font-size: 0.8em\">TUDOR PRO CYCLING TEAM<\/span><\/span><\/td>\n<td style=\"border-color: #ebebeb;text-align: center;width: 220px;vertical-align: middle\"><span style=\"font-size: 0.9em\"><strong>\u00e0 0s<\/strong><\/span><\/td>\n<\/tr>\n<tr>\n<td style=\"border-color: #ebebeb;text-align: center;width: 80px;vertical-align: middle\"><span style=\"font-size: 0.9em\">7.<\/span><\/td>\n<td style=\"border-color: #ebebeb;text-align: center;width: 500px;vertical-align: middle\"><span style=\"font-size: 0.9em\"><strong>\ud83c\uddee\ud83c\uddf9 LUCA MOZZATO<\/strong><br \/>\n<span style=\"font-size: 0.8em\">TUDOR PRO CYCLING TEAM<\/span><\/span><\/td>\n<td style=\"border-color: #ebebeb;text-align: center;width: 220px;vertical-align: middle\"><span style=\"font-size: 0.9em\"><strong>\u00e0 0s<\/strong><\/span><\/td>\n<\/tr>\n<tr>\n<td style=\"border-color: #ebebeb;text-align: center;width: 80px;vertical-align: middle\"><span style=\"font-size: 0.9em\">8.<\/span><\/td>\n<td style=\"border-color: #ebebeb;text-align: center;width: 500px;vertical-align: middle\"><span style=\"font-size: 0.9em\"><strong>\ud83c\udde7\ud83c\uddea AIM\u00c9 DE GENDT<\/strong><br \/>\n<span style=\"font-size: 0.8em\">PINARELLO Q36.5 PRO CYCLING TEAM<\/span><\/span><\/td>\n<td style=\"border-color: #ebebeb;text-align: center;width: 220px;vertical-align: middle\"><span style=\"font-size: 0.9em\"><strong>\u00e0 0s<\/strong><\/span><\/td>\n<\/tr>\n<tr>\n<td style=\"border-color: #ebebeb;text-align: center;width: 80px;vertical-align: middle\"><span style=\"font-size: 0.9em\">9.<\/span><\/td>\n<td style=\"border-color: #ebebeb;text-align: center;width: 500px;vertical-align: middle\"><span style=\"font-size: 0.9em\"><strong>\ud83c\uddf3\ud83c\uddf4 JONAS ABRAHAMSEN<\/strong><br \/>\n<span style=\"font-size: 0.8em\">UNO-X MOBILITY<\/span><\/span><\/td>\n<td style=\"border-color: #ebebeb;text-align: center;width: 220px;vertical-align: middle\"><span style=\"font-size: 0.9em\"><strong>\u00e0 0s<\/strong><\/span><\/td>\n<\/tr>\n<tr>\n<td style=\"border-color: #ebebeb;text-align: center;width: 80px;vertical-align: middle\"><span style=\"font-size: 0.9em\">10.<\/span><\/td>\n<td style=\"border-color: #ebebeb;text-align: center;width: 500px;vertical-align: middle\"><span style=\"font-size: 0.9em\"><strong>\ud83c\udde7\ud83c\uddea JASPER STUYVEN<\/strong><br \/>\n<span style=\"font-size: 0.8em\">SOUDAL QUICK-STEP<\/span><\/span><\/td>\n<td style=\"border-color: #ebebeb;text-align: center;width: 220px;vertical-align: middle\"><span style=\"font-size: 0.9em\"><strong>\u00e0 0s<\/strong><\/span><\/td>\n<\/tr>\n<tr>\n<td style=\"border-color: #ebebeb;text-align: center;width: 80px;vertical-align: middle\"><span style=\"font-size: 0.9em\">11.<\/span><\/td>\n<td style=\"border-color: #ebebeb;text-align: center;width: 500px;vertical-align: middle\"><span style=\"font-size: 0.9em\"><strong>\ud83c\udde7\ud83c\uddea JENNO BERCKMOES<\/strong><br \/>\n<span style=\"font-size: 0.8em\">LOTTO INTERMARCH\u00c9<\/span><\/span><\/td>\n<td style=\"border-color: #ebebeb;text-align: center;width: 220px;vertical-align: middle\"><span style=\"font-size: 0.9em\"><strong>\u00e0 0s<\/strong><\/span><\/td>\n<\/tr>\n<tr>\n<td style=\"border-color: #ebebeb;text-align: center;width: 80px;vertical-align: middle\"><span style=\"font-size: 0.9em\">12.<\/span><\/td>\n<td style=\"border-color: #ebebeb;text-align: center;width: 500px;vertical-align: middle\"><span style=\"font-size: 0.9em\"><strong>\ud83c\uddeb\ud83c\uddf7 AXEL HUENS<\/strong><br \/>\n<span style=\"font-size: 0.8em\">GROUPAMA &#8211; FDJ UNITED<\/span><\/span><\/td>\n<td style=\"border-color: #ebebeb;text-align: center;width: 220px;vertical-align: middle\"><span style=\"font-size: 0.9em\"><strong>\u00e0 0s<\/strong><\/span><\/td>\n<\/tr>\n<tr>\n<td style=\"border-color: #ebebeb;text-align: center;width: 80px;vertical-align: middle\"><span style=\"font-size: 0.9em\">13.<\/span><\/td>\n<td style=\"border-color: #ebebeb;text-align: center;width: 500px;vertical-align: middle\"><span style=\"font-size: 0.9em\"><strong>\ud83c\uddeb\ud83c\uddf7 ANTHONY TURGIS<\/strong><br \/>\n<span style=\"font-size: 0.8em\">TOTALENERGIES<\/span><\/span><\/td>\n<td style=\"border-color: #ebebeb;text-align: center;width: 220px;vertical-align: middle\"><span style=\"font-size: 0.9em\"><strong>\u00e0 0s<\/strong><\/span><\/td>\n<\/tr>\n<tr>\n<td style=\"border-color: #ebebeb;text-align: center;width: 80px;vertical-align: middle\"><span style=\"font-size: 0.9em\">14.<\/span><\/td>\n<td style=\"border-color: #ebebeb;text-align: center;width: 500px;vertical-align: middle\"><span style=\"font-size: 0.9em\"><strong>\ud83c\udde9\ud83c\uddea JOHN DEGENKOLB<\/strong><br \/>\n<span style=\"font-size: 0.8em\">TEAM PICNIC POSTNL<\/span><\/span><\/td>\n<td style=\"border-color: #ebebeb;text-align: center;width: 220px;vertical-align: middle\"><span style=\"font-size: 0.9em\"><strong>\u00e0 0s<\/strong><\/span><\/td>\n<\/tr>\n<tr>\n<td style=\"border-color: #ebebeb;text-align: center;width: 80px;vertical-align: middle\"><span style=\"font-size: 0.9em\">15.<\/span><\/td>\n<td style=\"border-color: #ebebeb;text-align: center;width: 500px;vertical-align: middle\"><span style=\"font-size: 0.9em\"><strong>\ud83c\uddee\ud83c\uddf9 DAVIDE BALLERINI<\/strong><br \/>\n<span style=\"font-size: 0.8em\">XDS ASTANA TEAM<\/span><\/span><\/td>\n<td style=\"border-color: #ebebeb;text-align: center;width: 220px;vertical-align: middle\"><span style=\"font-size: 0.9em\"><strong>\u00e0 0s<\/strong><\/span><\/td>\n<\/tr>\n<tr>\n<td style=\"border-color: #ebebeb;text-align: center;width: 80px;vertical-align: middle\"><span style=\"font-size: 0.9em\">16.<\/span><\/td>\n<td style=\"border-color: #ebebeb;text-align: center;width: 500px;vertical-align: middle\"><span style=\"font-size: 0.9em\"><strong>\ud83c\uddea\ud83c\uddf8 CARLOS CANAL<\/strong><br \/>\n<span style=\"font-size: 0.8em\">MOVISTAR TEAM<\/span><\/span><\/td>\n<td style=\"border-color: #ebebeb;text-align: center;width: 220px;vertical-align: middle\"><span style=\"font-size: 0.9em\"><strong>\u00e0 0s<\/strong><\/span><\/td>\n<\/tr>\n<tr>\n<td style=\"border-color: #ebebeb;text-align: center;width: 80px;vertical-align: middle\"><span style=\"font-size: 0.9em\">17.<\/span><\/td>\n<td style=\"border-color: #ebebeb;text-align: center;width: 500px;vertical-align: middle\"><span style=\"font-size: 0.9em\"><strong>\ud83c\uddec\ud83c\udde7 SAMUEL WATSON<\/strong><br \/>\n<span style=\"font-size: 0.8em\">INEOS GRENADIERS<\/span><\/span><\/td>\n<td style=\"border-color: #ebebeb;text-align: center;width: 220px;vertical-align: middle\"><span style=\"font-size: 0.9em\"><strong>\u00e0 0s<\/strong><\/span><\/td>\n<\/tr>\n<tr>\n<td style=\"border-color: #ebebeb;text-align: center;width: 80px;vertical-align: middle\"><span style=\"font-size: 0.9em\">18.<\/span><\/td>\n<td style=\"border-color: #ebebeb;text-align: center;width: 500px;vertical-align: middle\"><span style=\"font-size: 0.9em\"><strong>\ud83c\udde9\ud83c\uddea NILS POLITT<\/strong><br \/>\n<span style=\"font-size: 0.8em\">UAE TEAM EMIRATES &#8211; XRG<\/span><\/span><\/td>\n<td style=\"border-color: #ebebeb;text-align: center;width: 220px;vertical-align: middle\"><span style=\"font-size: 0.9em\"><strong>\u00e0 0s<\/strong><\/span><\/td>\n<\/tr>\n<tr>\n<td style=\"border-color: #ebebeb;text-align: center;width: 80px;vertical-align: middle\"><span style=\"font-size: 0.9em\">19.<\/span><\/td>\n<td style=\"border-color: #ebebeb;text-align: center;width: 500px;vertical-align: middle\"><span style=\"font-size: 0.9em\"><strong>\ud83c\udde8\ud83c\uddff MATY\u00c1\u0160 KOPECK\u00dd<\/strong><br \/>\n<span style=\"font-size: 0.8em\">UNIBET ROSE ROCKETS<\/span><\/span><\/td>\n<td style=\"border-color: #ebebeb;text-align: center;width: 220px;vertical-align: middle\"><span style=\"font-size: 0.9em\"><strong>\u00e0 0s<\/strong><\/span><\/td>\n<\/tr>\n<tr>\n<td style=\"border-color: #ebebeb;text-align: center;width: 80px;vertical-align: middle\"><span style=\"font-size: 0.9em\">20.<\/span><\/td>\n<td style=\"border-color: #ebebeb;text-align: center;width: 500px;vertical-align: middle\"><span style=\"font-size: 0.9em\"><strong>\ud83c\uddf0\ud83c\uddff YEVGENIY FEDOROV<\/strong><br \/>\n<span style=\"font-size: 0.8em\">XDS ASTANA TEAM<\/span><\/span><\/td>\n<td style=\"border-color: #ebebeb;text-align: center;width: 220px;vertical-align: middle\"><span style=\"font-size: 0.9em\"><strong>\u00e0 0s<\/strong><\/span><\/td>\n<\/tr>\n<\/tbody>\n<\/table>\n<\/div>\n<h3 style=\"text-align: justify;\">\u00c0 lire aussi<\/h3>\n<ul>\n<li style=\"text-align: justify;\"><a href=\"https:\/\/www.procyclingstats.com\/race\/gent-wevelgem\/2026\/result\/result\"><strong>Le classement complet de Gand-Wevelgem 2026<\/strong><\/a><\/li>\n<\/ul>\n","protected":false},"excerpt":{"rendered":"<p>Qui a remport\u00e9 Gand-Wevelgem 2026 ce dimanche 29 mars ? D\u00e9couvrez le classement et les r\u00e9sultats complets de In Flanders Fields.<\/p>\n","protected":false},"author":4,"featured_media":659041,"comment_status":"open","ping_status":"closed","sticky":false,"template":"","format":"standard","meta":{"_acf_changed":false,"_daextam_enable_autolinks":"1","footnotes":""},"categories":[46994],"tags":[16878,574,11197,4283],"class_list":["post-659008","post","type-post","status-publish","format-standard","has-post-thumbnail","hentry","category-cyclisme-sur-route","tag-breve","tag-cyclisme","tag-cyclisme-sur-route","tag-gand-wevelgem"],"acf":[],"yoast_head":"<!-- This site is optimized with the Yoast SEO Premium plugin v26.7 (Yoast SEO v26.7) - https:\/\/yoast.com\/wordpress\/plugins\/seo\/ -->\n<title>R\u00e9sultats Gand-Wevelgem 2026 : classement de la course (In Flanders Fields)<\/title>\n<meta name=\"description\" content=\"Qui a remport\u00e9 Gand-Wevelgem 2026 ce dimanche 29 mars ? D\u00e9couvrez le classement et les r\u00e9sultats complets de In Flanders Fields.\" \/>\n<meta name=\"robots\" content=\"index, follow, max-snippet:-1, max-image-preview:large, max-video-preview:-1\" \/>\n<link rel=\"canonical\" href=\"https:\/\/dicodusport.fr\/blog\/resultats-gand-wevelgem-2026-classement-de-la-course-in-flanders-fields\/\" \/>\n<meta property=\"og:locale\" content=\"fr_FR\" \/>\n<meta property=\"og:type\" content=\"article\" \/>\n<meta property=\"og:title\" content=\"Qui a gagn\u00e9 Gand-Wevelgem 2026 ? Classement et r\u00e9sultats complets de In Flanders Fields\" \/>\n<meta property=\"og:description\" content=\"Qui a remport\u00e9 Gand-Wevelgem 2026 ce dimanche 29 mars ? D\u00e9couvrez le classement et les r\u00e9sultats complets de In Flanders Fields.\" \/>\n<meta property=\"og:url\" content=\"https:\/\/dicodusport.fr\/blog\/resultats-gand-wevelgem-2026-classement-de-la-course-in-flanders-fields\/\" \/>\n<meta property=\"og:site_name\" content=\"Dicodusport\" \/>\n<meta property=\"article:publisher\" content=\"https:\/\/www.facebook.com\/dicodusport\" \/>\n<meta property=\"article:author\" content=\"https:\/\/www.facebook.com\/florent.ostermann\" \/>\n<meta property=\"article:published_time\" content=\"2026-03-29T14:38:55+00:00\" \/>\n<meta property=\"article:modified_time\" content=\"2026-03-29T14:40:55+00:00\" \/>\n<meta property=\"og:image\" content=\"https:\/\/dicodusport.fr\/blog\/wp-content\/uploads\/2026\/03\/Resultats-Gand-Wevelgem-2026-classement-de-la-course-In-Flanders-Fields.png\" \/>\n\t<meta property=\"og:image:width\" content=\"1200\" \/>\n\t<meta property=\"og:image:height\" content=\"674\" \/>\n\t<meta property=\"og:image:type\" content=\"image\/png\" \/>\n<meta name=\"author\" content=\"Flo Ostermann\" \/>\n<meta name=\"twitter:card\" content=\"summary_large_image\" \/>\n<meta name=\"twitter:title\" content=\"Qui a gagn\u00e9 Gand-Wevelgem 2026 ? Classement et r\u00e9sultats complets de In Flanders Fields\" \/>\n<meta name=\"twitter:creator\" content=\"@https:\/\/twitter.com\/FlOstermann\" \/>\n<meta name=\"twitter:site\" content=\"@dicodusport\" \/>\n<script type=\"application\/ld+json\" class=\"yoast-schema-graph\">{\"@context\":\"https:\/\/schema.org\",\"@graph\":[{\"@type\":\"NewsArticle\",\"@id\":\"https:\/\/dicodusport.fr\/blog\/resultats-gand-wevelgem-2026-classement-de-la-course-in-flanders-fields\/#article\",\"isPartOf\":{\"@id\":\"https:\/\/dicodusport.fr\/blog\/resultats-gand-wevelgem-2026-classement-de-la-course-in-flanders-fields\/\"},\"author\":{\"name\":\"Flo Ostermann\",\"@id\":\"https:\/\/dicodusport.fr\/blog\/#\/schema\/person\/cb02af4c173ce4a653b55e9baf388d4a\"},\"headline\":\"R\u00e9sultats Gand-Wevelgem 2026 : classement de la course (In Flanders Fields)\",\"datePublished\":\"2026-03-29T14:38:55+00:00\",\"dateModified\":\"2026-03-29T14:40:55+00:00\",\"mainEntityOfPage\":{\"@id\":\"https:\/\/dicodusport.fr\/blog\/resultats-gand-wevelgem-2026-classement-de-la-course-in-flanders-fields\/\"},\"wordCount\":826,\"commentCount\":0,\"publisher\":{\"@id\":\"https:\/\/dicodusport.fr\/blog\/#organization\"},\"image\":{\"@id\":\"https:\/\/dicodusport.fr\/blog\/resultats-gand-wevelgem-2026-classement-de-la-course-in-flanders-fields\/#primaryimage\"},\"thumbnailUrl\":\"https:\/\/dicodusport.fr\/blog\/wp-content\/uploads\/2026\/03\/Resultats-Gand-Wevelgem-2026-classement-de-la-course-In-Flanders-Fields.png\",\"keywords\":[\"br\u00e8ve\",\"Cyclisme\",\"Cyclisme sur route\",\"Gand-Wevelgem\"],\"articleSection\":[\"Cyclisme sur route\"],\"inLanguage\":\"fr-FR\",\"potentialAction\":[{\"@type\":\"CommentAction\",\"name\":\"Comment\",\"target\":[\"https:\/\/dicodusport.fr\/blog\/resultats-gand-wevelgem-2026-classement-de-la-course-in-flanders-fields\/#respond\"]}],\"copyrightYear\":\"2026\",\"copyrightHolder\":{\"@id\":\"https:\/\/dicodusport.fr\/blog\/#organization\"}},{\"@type\":\"WebPage\",\"@id\":\"https:\/\/dicodusport.fr\/blog\/resultats-gand-wevelgem-2026-classement-de-la-course-in-flanders-fields\/\",\"url\":\"https:\/\/dicodusport.fr\/blog\/resultats-gand-wevelgem-2026-classement-de-la-course-in-flanders-fields\/\",\"name\":\"R\u00e9sultats Gand-Wevelgem 2026 : classement de la course (In Flanders Fields)\",\"isPartOf\":{\"@id\":\"https:\/\/dicodusport.fr\/blog\/#website\"},\"primaryImageOfPage\":{\"@id\":\"https:\/\/dicodusport.fr\/blog\/resultats-gand-wevelgem-2026-classement-de-la-course-in-flanders-fields\/#primaryimage\"},\"image\":{\"@id\":\"https:\/\/dicodusport.fr\/blog\/resultats-gand-wevelgem-2026-classement-de-la-course-in-flanders-fields\/#primaryimage\"},\"thumbnailUrl\":\"https:\/\/dicodusport.fr\/blog\/wp-content\/uploads\/2026\/03\/Resultats-Gand-Wevelgem-2026-classement-de-la-course-In-Flanders-Fields.png\",\"datePublished\":\"2026-03-29T14:38:55+00:00\",\"dateModified\":\"2026-03-29T14:40:55+00:00\",\"description\":\"Qui a remport\u00e9 Gand-Wevelgem 2026 ce dimanche 29 mars ? D\u00e9couvrez le classement et les r\u00e9sultats complets de In Flanders Fields.\",\"breadcrumb\":{\"@id\":\"https:\/\/dicodusport.fr\/blog\/resultats-gand-wevelgem-2026-classement-de-la-course-in-flanders-fields\/#breadcrumb\"},\"inLanguage\":\"fr-FR\",\"potentialAction\":[{\"@type\":\"ReadAction\",\"target\":[\"https:\/\/dicodusport.fr\/blog\/resultats-gand-wevelgem-2026-classement-de-la-course-in-flanders-fields\/\"]}]},{\"@type\":\"ImageObject\",\"inLanguage\":\"fr-FR\",\"@id\":\"https:\/\/dicodusport.fr\/blog\/resultats-gand-wevelgem-2026-classement-de-la-course-in-flanders-fields\/#primaryimage\",\"url\":\"https:\/\/dicodusport.fr\/blog\/wp-content\/uploads\/2026\/03\/Resultats-Gand-Wevelgem-2026-classement-de-la-course-In-Flanders-Fields.png\",\"contentUrl\":\"https:\/\/dicodusport.fr\/blog\/wp-content\/uploads\/2026\/03\/Resultats-Gand-Wevelgem-2026-classement-de-la-course-In-Flanders-Fields.png\",\"width\":1200,\"height\":674,\"caption\":\"R\u00e9sultats Gand-Wevelgem 2026 classement de la course (In Flanders Fields)\"},{\"@type\":\"BreadcrumbList\",\"@id\":\"https:\/\/dicodusport.fr\/blog\/resultats-gand-wevelgem-2026-classement-de-la-course-in-flanders-fields\/#breadcrumb\",\"itemListElement\":[{\"@type\":\"ListItem\",\"position\":1,\"name\":\"Accueil\",\"item\":\"https:\/\/dicodusport.fr\/blog\/\"},{\"@type\":\"ListItem\",\"position\":2,\"name\":\"R\u00e9sultats Gand-Wevelgem 2026 : classement de la course (In Flanders Fields)\"}]},{\"@type\":\"WebSite\",\"@id\":\"https:\/\/dicodusport.fr\/blog\/#website\",\"url\":\"https:\/\/dicodusport.fr\/blog\/\",\"name\":\"Dicodusport\",\"description\":\"L&#039;encyclop\u00e9die de l&#039;actualit\u00e9 sportive\",\"publisher\":{\"@id\":\"https:\/\/dicodusport.fr\/blog\/#organization\"},\"potentialAction\":[{\"@type\":\"SearchAction\",\"target\":{\"@type\":\"EntryPoint\",\"urlTemplate\":\"https:\/\/dicodusport.fr\/blog\/?s={search_term_string}\"},\"query-input\":{\"@type\":\"PropertyValueSpecification\",\"valueRequired\":true,\"valueName\":\"search_term_string\"}}],\"inLanguage\":\"fr-FR\"},{\"@type\":\"NewsMediaOrganization\",\"@id\":\"https:\/\/dicodusport.fr\/blog\/#organization\",\"name\":\"Dicodusport\",\"url\":\"https:\/\/dicodusport.fr\/blog\/\",\"logo\":{\"@type\":\"ImageObject\",\"inLanguage\":\"fr-FR\",\"@id\":\"https:\/\/dicodusport.fr\/blog\/#\/schema\/logo\/image\/\",\"url\":\"https:\/\/dicodusport.fr\/blog\/wp-content\/uploads\/2020\/06\/cropped-LOGO-DICODUSPORT-2020-SANS-FOND-SANS-TEXTE.png\",\"contentUrl\":\"https:\/\/dicodusport.fr\/blog\/wp-content\/uploads\/2020\/06\/cropped-LOGO-DICODUSPORT-2020-SANS-FOND-SANS-TEXTE.png\",\"width\":512,\"height\":512,\"caption\":\"Dicodusport\"},\"image\":{\"@id\":\"https:\/\/dicodusport.fr\/blog\/#\/schema\/logo\/image\/\"},\"sameAs\":[\"https:\/\/www.facebook.com\/dicodusport\",\"https:\/\/x.com\/dicodusport\",\"https:\/\/www.instagram.com\/dicodusport\/\",\"https:\/\/www.youtube.com\/channel\/UC7V2KZ5sd3htJivAbA4ZG3w\"],\"description\":\"Dicodusport est l'encyclop\u00e9die de l'actualit\u00e9 sportive.\",\"email\":\"bonjour@dicodusport.fr\",\"legalName\":\"DICODUSPORT\",\"foundingDate\":\"2018-01-14\",\"vatID\":\"FR71834470973\",\"taxID\":\"83447097300043\",\"numberOfEmployees\":{\"@type\":\"QuantitativeValue\",\"minValue\":\"1\",\"maxValue\":\"10\"}},{\"@type\":\"Person\",\"@id\":\"https:\/\/dicodusport.fr\/blog\/#\/schema\/person\/cb02af4c173ce4a653b55e9baf388d4a\",\"name\":\"Flo Ostermann\",\"image\":{\"@type\":\"ImageObject\",\"inLanguage\":\"fr-FR\",\"@id\":\"https:\/\/dicodusport.fr\/blog\/#\/schema\/person\/image\/\",\"url\":\"https:\/\/dicodusport.fr\/blog\/wp-content\/uploads\/2021\/05\/Flo-Ostermann-150x150.jpg\",\"contentUrl\":\"https:\/\/dicodusport.fr\/blog\/wp-content\/uploads\/2021\/05\/Flo-Ostermann-150x150.jpg\",\"caption\":\"Flo Ostermann\"},\"description\":\"Journaliste\/R\u00e9dacteur depuis septembre 2015 - Mes premiers souvenirs dans le sport ? Les envol\u00e9es du Stade Toulousain et les duels Villeneuve-Schumacher et H\u00e4kkinen-Schumacher \u00e0 la fin des ann\u00e9es 90, la Coupe du monde de football en 1998, l\u2019exploit du XV de France face aux All Blacks en 1999, mais aussi Richard C\u0153ur de Lion qui vole sur les montagnes du Tour de France. Bien parti pour devenir professeur d\u2019EPS, les \u00e9v\u00e9nements de la vie (et la flemme d\u2019animer des s\u00e9ances de 3x500 m\u00e8tres toute ma vie) m\u2019ont conduit \u00e0 revoir mes plans. Me voil\u00e0 depuis fin 2017 sur Dicodusport, m\u00e9dia gr\u00e2ce (et pour) lequel je partage ma passion : le sport dans tous ses \u00e9tats. Le tout accompagn\u00e9 par les fous furieux et folles furieuses cit\u00e9s sur cette page !\",\"sameAs\":[\"https:\/\/www.facebook.com\/florent.ostermann\",\"https:\/\/x.com\/https:\/\/twitter.com\/FlOstermann\",\"admin\"],\"url\":\"https:\/\/dicodusport.fr\/blog\/author\/flo\/\"}]}<\/script>\n<!-- \/ Yoast SEO Premium plugin. -->","yoast_head_json":{"title":"R\u00e9sultats Gand-Wevelgem 2026 : classement de la course (In Flanders Fields)","description":"Qui a remport\u00e9 Gand-Wevelgem 2026 ce dimanche 29 mars ? D\u00e9couvrez le classement et les r\u00e9sultats complets de In Flanders Fields.","robots":{"index":"index","follow":"follow","max-snippet":"max-snippet:-1","max-image-preview":"max-image-preview:large","max-video-preview":"max-video-preview:-1"},"canonical":"https:\/\/dicodusport.fr\/blog\/resultats-gand-wevelgem-2026-classement-de-la-course-in-flanders-fields\/","og_locale":"fr_FR","og_type":"article","og_title":"Qui a gagn\u00e9 Gand-Wevelgem 2026 ? Classement et r\u00e9sultats complets de In Flanders Fields","og_description":"Qui a remport\u00e9 Gand-Wevelgem 2026 ce dimanche 29 mars ? D\u00e9couvrez le classement et les r\u00e9sultats complets de In Flanders Fields.","og_url":"https:\/\/dicodusport.fr\/blog\/resultats-gand-wevelgem-2026-classement-de-la-course-in-flanders-fields\/","og_site_name":"Dicodusport","article_publisher":"https:\/\/www.facebook.com\/dicodusport","article_author":"https:\/\/www.facebook.com\/florent.ostermann","article_published_time":"2026-03-29T14:38:55+00:00","article_modified_time":"2026-03-29T14:40:55+00:00","og_image":[{"width":1200,"height":674,"url":"https:\/\/dicodusport.fr\/blog\/wp-content\/uploads\/2026\/03\/Resultats-Gand-Wevelgem-2026-classement-de-la-course-In-Flanders-Fields.png","type":"image\/png"}],"author":"Flo Ostermann","twitter_card":"summary_large_image","twitter_title":"Qui a gagn\u00e9 Gand-Wevelgem 2026 ? Classement et r\u00e9sultats complets de In Flanders Fields","twitter_creator":"@https:\/\/twitter.com\/FlOstermann","twitter_site":"@dicodusport","schema":{"@context":"https:\/\/schema.org","@graph":[{"@type":"NewsArticle","@id":"https:\/\/dicodusport.fr\/blog\/resultats-gand-wevelgem-2026-classement-de-la-course-in-flanders-fields\/#article","isPartOf":{"@id":"https:\/\/dicodusport.fr\/blog\/resultats-gand-wevelgem-2026-classement-de-la-course-in-flanders-fields\/"},"author":{"name":"Flo Ostermann","@id":"https:\/\/dicodusport.fr\/blog\/#\/schema\/person\/cb02af4c173ce4a653b55e9baf388d4a"},"headline":"R\u00e9sultats Gand-Wevelgem 2026 : classement de la course (In Flanders Fields)","datePublished":"2026-03-29T14:38:55+00:00","dateModified":"2026-03-29T14:40:55+00:00","mainEntityOfPage":{"@id":"https:\/\/dicodusport.fr\/blog\/resultats-gand-wevelgem-2026-classement-de-la-course-in-flanders-fields\/"},"wordCount":826,"commentCount":0,"publisher":{"@id":"https:\/\/dicodusport.fr\/blog\/#organization"},"image":{"@id":"https:\/\/dicodusport.fr\/blog\/resultats-gand-wevelgem-2026-classement-de-la-course-in-flanders-fields\/#primaryimage"},"thumbnailUrl":"https:\/\/dicodusport.fr\/blog\/wp-content\/uploads\/2026\/03\/Resultats-Gand-Wevelgem-2026-classement-de-la-course-In-Flanders-Fields.png","keywords":["br\u00e8ve","Cyclisme","Cyclisme sur route","Gand-Wevelgem"],"articleSection":["Cyclisme sur route"],"inLanguage":"fr-FR","potentialAction":[{"@type":"CommentAction","name":"Comment","target":["https:\/\/dicodusport.fr\/blog\/resultats-gand-wevelgem-2026-classement-de-la-course-in-flanders-fields\/#respond"]}],"copyrightYear":"2026","copyrightHolder":{"@id":"https:\/\/dicodusport.fr\/blog\/#organization"}},{"@type":"WebPage","@id":"https:\/\/dicodusport.fr\/blog\/resultats-gand-wevelgem-2026-classement-de-la-course-in-flanders-fields\/","url":"https:\/\/dicodusport.fr\/blog\/resultats-gand-wevelgem-2026-classement-de-la-course-in-flanders-fields\/","name":"R\u00e9sultats Gand-Wevelgem 2026 : classement de la course (In Flanders Fields)","isPartOf":{"@id":"https:\/\/dicodusport.fr\/blog\/#website"},"primaryImageOfPage":{"@id":"https:\/\/dicodusport.fr\/blog\/resultats-gand-wevelgem-2026-classement-de-la-course-in-flanders-fields\/#primaryimage"},"image":{"@id":"https:\/\/dicodusport.fr\/blog\/resultats-gand-wevelgem-2026-classement-de-la-course-in-flanders-fields\/#primaryimage"},"thumbnailUrl":"https:\/\/dicodusport.fr\/blog\/wp-content\/uploads\/2026\/03\/Resultats-Gand-Wevelgem-2026-classement-de-la-course-In-Flanders-Fields.png","datePublished":"2026-03-29T14:38:55+00:00","dateModified":"2026-03-29T14:40:55+00:00","description":"Qui a remport\u00e9 Gand-Wevelgem 2026 ce dimanche 29 mars ? D\u00e9couvrez le classement et les r\u00e9sultats complets de In Flanders Fields.","breadcrumb":{"@id":"https:\/\/dicodusport.fr\/blog\/resultats-gand-wevelgem-2026-classement-de-la-course-in-flanders-fields\/#breadcrumb"},"inLanguage":"fr-FR","potentialAction":[{"@type":"ReadAction","target":["https:\/\/dicodusport.fr\/blog\/resultats-gand-wevelgem-2026-classement-de-la-course-in-flanders-fields\/"]}]},{"@type":"ImageObject","inLanguage":"fr-FR","@id":"https:\/\/dicodusport.fr\/blog\/resultats-gand-wevelgem-2026-classement-de-la-course-in-flanders-fields\/#primaryimage","url":"https:\/\/dicodusport.fr\/blog\/wp-content\/uploads\/2026\/03\/Resultats-Gand-Wevelgem-2026-classement-de-la-course-In-Flanders-Fields.png","contentUrl":"https:\/\/dicodusport.fr\/blog\/wp-content\/uploads\/2026\/03\/Resultats-Gand-Wevelgem-2026-classement-de-la-course-In-Flanders-Fields.png","width":1200,"height":674,"caption":"R\u00e9sultats Gand-Wevelgem 2026 classement de la course (In Flanders Fields)"},{"@type":"BreadcrumbList","@id":"https:\/\/dicodusport.fr\/blog\/resultats-gand-wevelgem-2026-classement-de-la-course-in-flanders-fields\/#breadcrumb","itemListElement":[{"@type":"ListItem","position":1,"name":"Accueil","item":"https:\/\/dicodusport.fr\/blog\/"},{"@type":"ListItem","position":2,"name":"R\u00e9sultats Gand-Wevelgem 2026 : classement de la course (In Flanders Fields)"}]},{"@type":"WebSite","@id":"https:\/\/dicodusport.fr\/blog\/#website","url":"https:\/\/dicodusport.fr\/blog\/","name":"Dicodusport","description":"L&#039;encyclop\u00e9die de l&#039;actualit\u00e9 sportive","publisher":{"@id":"https:\/\/dicodusport.fr\/blog\/#organization"},"potentialAction":[{"@type":"SearchAction","target":{"@type":"EntryPoint","urlTemplate":"https:\/\/dicodusport.fr\/blog\/?s={search_term_string}"},"query-input":{"@type":"PropertyValueSpecification","valueRequired":true,"valueName":"search_term_string"}}],"inLanguage":"fr-FR"},{"@type":"NewsMediaOrganization","@id":"https:\/\/dicodusport.fr\/blog\/#organization","name":"Dicodusport","url":"https:\/\/dicodusport.fr\/blog\/","logo":{"@type":"ImageObject","inLanguage":"fr-FR","@id":"https:\/\/dicodusport.fr\/blog\/#\/schema\/logo\/image\/","url":"https:\/\/dicodusport.fr\/blog\/wp-content\/uploads\/2020\/06\/cropped-LOGO-DICODUSPORT-2020-SANS-FOND-SANS-TEXTE.png","contentUrl":"https:\/\/dicodusport.fr\/blog\/wp-content\/uploads\/2020\/06\/cropped-LOGO-DICODUSPORT-2020-SANS-FOND-SANS-TEXTE.png","width":512,"height":512,"caption":"Dicodusport"},"image":{"@id":"https:\/\/dicodusport.fr\/blog\/#\/schema\/logo\/image\/"},"sameAs":["https:\/\/www.facebook.com\/dicodusport","https:\/\/x.com\/dicodusport","https:\/\/www.instagram.com\/dicodusport\/","https:\/\/www.youtube.com\/channel\/UC7V2KZ5sd3htJivAbA4ZG3w"],"description":"Dicodusport est l'encyclop\u00e9die de l'actualit\u00e9 sportive.","email":"bonjour@dicodusport.fr","legalName":"DICODUSPORT","foundingDate":"2018-01-14","vatID":"FR71834470973","taxID":"83447097300043","numberOfEmployees":{"@type":"QuantitativeValue","minValue":"1","maxValue":"10"}},{"@type":"Person","@id":"https:\/\/dicodusport.fr\/blog\/#\/schema\/person\/cb02af4c173ce4a653b55e9baf388d4a","name":"Flo Ostermann","image":{"@type":"ImageObject","inLanguage":"fr-FR","@id":"https:\/\/dicodusport.fr\/blog\/#\/schema\/person\/image\/","url":"https:\/\/dicodusport.fr\/blog\/wp-content\/uploads\/2021\/05\/Flo-Ostermann-150x150.jpg","contentUrl":"https:\/\/dicodusport.fr\/blog\/wp-content\/uploads\/2021\/05\/Flo-Ostermann-150x150.jpg","caption":"Flo Ostermann"},"description":"Journaliste\/R\u00e9dacteur depuis septembre 2015 - Mes premiers souvenirs dans le sport ? Les envol\u00e9es du Stade Toulousain et les duels Villeneuve-Schumacher et H\u00e4kkinen-Schumacher \u00e0 la fin des ann\u00e9es 90, la Coupe du monde de football en 1998, l\u2019exploit du XV de France face aux All Blacks en 1999, mais aussi Richard C\u0153ur de Lion qui vole sur les montagnes du Tour de France. Bien parti pour devenir professeur d\u2019EPS, les \u00e9v\u00e9nements de la vie (et la flemme d\u2019animer des s\u00e9ances de 3x500 m\u00e8tres toute ma vie) m\u2019ont conduit \u00e0 revoir mes plans. Me voil\u00e0 depuis fin 2017 sur Dicodusport, m\u00e9dia gr\u00e2ce (et pour) lequel je partage ma passion : le sport dans tous ses \u00e9tats. Le tout accompagn\u00e9 par les fous furieux et folles furieuses cit\u00e9s sur cette page !","sameAs":["https:\/\/www.facebook.com\/florent.ostermann","https:\/\/x.com\/https:\/\/twitter.com\/FlOstermann","admin"],"url":"https:\/\/dicodusport.fr\/blog\/author\/flo\/"}]}},"_links":{"self":[{"href":"https:\/\/dicodusport.fr\/blog\/wp-json\/wp\/v2\/posts\/659008","targetHints":{"allow":["GET"]}}],"collection":[{"href":"https:\/\/dicodusport.fr\/blog\/wp-json\/wp\/v2\/posts"}],"about":[{"href":"https:\/\/dicodusport.fr\/blog\/wp-json\/wp\/v2\/types\/post"}],"author":[{"embeddable":true,"href":"https:\/\/dicodusport.fr\/blog\/wp-json\/wp\/v2\/users\/4"}],"replies":[{"embeddable":true,"href":"https:\/\/dicodusport.fr\/blog\/wp-json\/wp\/v2\/comments?post=659008"}],"version-history":[{"count":5,"href":"https:\/\/dicodusport.fr\/blog\/wp-json\/wp\/v2\/posts\/659008\/revisions"}],"predecessor-version":[{"id":659227,"href":"https:\/\/dicodusport.fr\/blog\/wp-json\/wp\/v2\/posts\/659008\/revisions\/659227"}],"wp:featuredmedia":[{"embeddable":true,"href":"https:\/\/dicodusport.fr\/blog\/wp-json\/wp\/v2\/media\/659041"}],"wp:attachment":[{"href":"https:\/\/dicodusport.fr\/blog\/wp-json\/wp\/v2\/media?parent=659008"}],"wp:term":[{"taxonomy":"category","embeddable":true,"href":"https:\/\/dicodusport.fr\/blog\/wp-json\/wp\/v2\/categories?post=659008"},{"taxonomy":"post_tag","embeddable":true,"href":"https:\/\/dicodusport.fr\/blog\/wp-json\/wp\/v2\/tags?post=659008"}],"curies":[{"name":"wp","href":"https:\/\/api.w.org\/{rel}","templated":true}]}}