{"id":659122,"date":"2026-03-29T12:38:37","date_gmt":"2026-03-29T10:38:37","guid":{"rendered":"https:\/\/dicodusport.fr\/blog\/?p=659122&#038;preview=true&#038;preview_id=659122"},"modified":"2026-03-29T13:08:22","modified_gmt":"2026-03-29T11:08:22","slug":"marielle-berger-sabbatel-soffre-un-37eme-podium-pour-sa-derniere-course-en-coupe-du-monde","status":"publish","type":"post","link":"https:\/\/dicodusport.fr\/blog\/marielle-berger-sabbatel-soffre-un-37eme-podium-pour-sa-derniere-course-en-coupe-du-monde\/","title":{"rendered":"Marielle Berger Sabbatel s\u2019offre un 37\u00e8me podium pour sa derni\u00e8re course en Coupe du monde"},"content":{"rendered":"<p style=\"text-align: justify;\"><strong><em>COUPE DU MONDE DE SKICROSS 2025\/2026 &#8211; Magnifique Marielle Berger Sabbatel ! Pour sa derni\u00e8re course, la Fran\u00e7aise s&rsquo;offre une deuxi\u00e8me place derri\u00e8re l&rsquo;intouchable Sandra Naeslund.<\/em><\/strong><\/p>\n<ul style=\"text-align: justify;\">\n<li><strong>\u00c0 ce sujet \u2013\u00a0<a href=\"https:\/\/dicodusport.fr\/blog\/?s=skicross\">Toute l\u2019actualit\u00e9 du skicross<\/a><\/strong><\/li>\n<\/ul>\n<p style=\"text-align: justify;\">La Su\u00e8de a accueilli ce weekend les finales de Coupe du monde de skicross. L\u2019heure des derniers frissons pour <strong>Marielle Berger Sabbatel<\/strong>, qui quitte le circuit au sortir de cette 2<sup>\u00e8me<\/sup> manche de G\u00e4llivare.<\/p>\n<p style=\"text-align: justify;\">La veille, la Savoyarde avait d\u00fb se contenter d\u2019une petite finale dans une journ\u00e9e un peu terne pour le collectif fran\u00e7ais, priv\u00e9 de podium. Le globe de cristal en poche de la Su\u00e9doise <strong>Sandra Naeslund<\/strong> avant cette derni\u00e8re manche de la saison, celle-ci \u00e9tait d\u00e9nu\u00e9e de tout enjeu. Si ce n\u2019est peut-\u00eatre de terminer en beaut\u00e9.<\/p>\n<h2 style=\"text-align: justify;\">Un remake de la finale olympique chez les femmes<\/h2>\n<p style=\"text-align: justify;\">Et pour sa derni\u00e8re en Coupe du monde, <strong>Marielle Berger Sabbatel<\/strong> est celle qui a port\u00e9 le plus haut les espoirs tricolores. Engag\u00e9e dans la m\u00eame s\u00e9rie initiale que <strong>Myl\u00e8ne Ballet Baz<\/strong>, la plus exp\u00e9riment\u00e9e des Bleues n\u2019a jamais boug\u00e9 de la deuxi\u00e8me place, compostant son billet pour les demies derri\u00e8re <strong>Hannah Schmidt<\/strong> et \u00e9liminant ainsi sa compatriote.<\/p>\n<p style=\"text-align: justify;\">Derni\u00e8re Fran\u00e7aise encore en lice en demies apr\u00e8s la sortie de piste de <strong>Jade Grillet-Aubert<\/strong> d\u2019entr\u00e9e, <strong>Marielle Berger Sabbatel<\/strong> a poursuivi son chemin sans trembler pour une finale r\u00eav\u00e9e entre les quatre meilleures mondiales. Le remake de la finale olympique\u2026 qui n\u2019avait pas fait le bonheur de la Fran\u00e7aise.<\/p>\n<div class=\"vlp-link-container vlp-layout-article\"><a href=\"https:\/\/dicodusport.fr\/blog\/daniela-maier-nouvelle-reine-du-skicross-marielle-berger-sabbatel-au-pied-du-podium-olympique\/\" class=\"vlp-link\" title=\"Daniela Maier nouvelle reine du skicross, Marielle Berger Sabbatel au pied du podium olympique\"><\/a><div class=\"vlp-layout-zone-side\"><div class=\"vlp-block-4 vlp-link-image\"><img loading=\"lazy\" decoding=\"async\" style=\"max-width: 792px;\" width=\"792\" height=\"445\" src=\"https:\/\/dicodusport.fr\/blog\/wp-content\/uploads\/2026\/02\/Daniela-Maier-nouvelle-reine-du-skicross-Marielle-Berger-Sabbatel-au-pied-du-podium-olympique-1.png\" class=\"attachment-800x445 size-800x445\" alt=\"Daniela Maier nouvelle reine du skicross, Marielle Berger Sabbatel au pied du podium olympique\" srcset=\"https:\/\/dicodusport.fr\/blog\/wp-content\/uploads\/2026\/02\/Daniela-Maier-nouvelle-reine-du-skicross-Marielle-Berger-Sabbatel-au-pied-du-podium-olympique-1.png 1200w, https:\/\/dicodusport.fr\/blog\/wp-content\/uploads\/2026\/02\/Daniela-Maier-nouvelle-reine-du-skicross-Marielle-Berger-Sabbatel-au-pied-du-podium-olympique-1-300x169.png 300w, https:\/\/dicodusport.fr\/blog\/wp-content\/uploads\/2026\/02\/Daniela-Maier-nouvelle-reine-du-skicross-Marielle-Berger-Sabbatel-au-pied-du-podium-olympique-1-1024x575.png 1024w, https:\/\/dicodusport.fr\/blog\/wp-content\/uploads\/2026\/02\/Daniela-Maier-nouvelle-reine-du-skicross-Marielle-Berger-Sabbatel-au-pied-du-podium-olympique-1-768x431.png 768w\" sizes=\"auto, (max-width: 792px) 100vw, 792px\" \/><\/div><\/div><div class=\"vlp-layout-zone-main\"><div class=\"vlp-block-0 vlp-link-title\">Daniela Maier nouvelle reine du skicross, Marielle Berger Sabbatel au pied du podium olympique<\/div><div class=\"vlp-block-1 vlp-link-summary\">SKI ACROBATIQUE JO 2026 - Daniela Maier s\u2019offre le titre olympique du skicross devant Fanny Smith et Sandra Naeslund. Marielle Berger Sabbatel termine \u00e0 une frustrante 4\u00e8me place.<\/div><div class=\"vlp-block-2 vlp-link-button\">Lire l'article<\/div><div class=\"vlp-block-3 vlp-link-url\">dicodusport.fr<\/div><\/div><\/div>\n<h2 style=\"text-align: justify;\">Marielle Berger Sabbatel tire sa r\u00e9v\u00e9rence avec un 37<sup>\u00e8me<\/sup> podium<\/h2>\n<p style=\"text-align: justify;\">Longtemps au pied de la boite au d\u00e9part, la Fran\u00e7aise a englouti \u00e0 mi-parcours la championne olympique <strong>Daniela Maier<\/strong> et la m\u00e9daill\u00e9e d\u2019argent \u00e0 Milan <strong>Fanny Smith<\/strong>. Si elle n\u2019a pas r\u00e9ussi \u00e0 priver <strong>Sandra Naeslund<\/strong> d\u2019une 50<sup>\u00e8me<\/sup> victoire en carri\u00e8re, elle met un terme \u00e0 la sienne avec un 37<sup>\u00e8me<\/sup> podium. Pouvait-elle r\u00eaver mieux\u00a0?!<\/p>\n<p style=\"text-align: justify;\">Chez les hommes, l\u2019h\u00e9catombe est arriv\u00e9e d\u00e8s les huiti\u00e8mes. Et chose assez rare sur le circuit, il n\u2019y en avait plus aucun en demies. Sur les 6 Fran\u00e7ais engag\u00e9s au d\u00e9part de cette 2<sup>\u00e8me<\/sup> \u00e9preuve su\u00e9doise, seul <strong>Nicolas Raffort<\/strong> a compost\u00e9, sur la ligne, son billet pour les quarts. Il a ensuite \u00e9t\u00e9 d\u00e9pos\u00e9 \u00e0 ce stade par <strong>Jared Schmidt<\/strong> et <strong>Edoardo Zorzi<\/strong>.<\/p>\n<div id=\"gtx-trans\" style=\"position: absolute; left: -14px; top: 40.9091px;\">\n<div class=\"gtx-trans-icon\" style=\"text-align: justify;\"><\/div>\n<\/div>\n","protected":false},"excerpt":{"rendered":"<p>COUPE DU MONDE DE SKICROSS 2025\/2026 &#8211; Magnifique Marielle Berger Sabbatel ! Pour sa derni\u00e8re course, la Fran\u00e7aise s&rsquo;offre une deuxi\u00e8me place derri\u00e8re l&rsquo;intouchable Sandra Naeslund.<\/p>\n","protected":false},"author":18,"featured_media":659147,"comment_status":"open","ping_status":"closed","sticky":false,"template":"","format":"standard","meta":{"_acf_changed":false,"_daextam_enable_autolinks":"1","footnotes":""},"categories":[9217],"tags":[16878,13800,2947],"class_list":["post-659122","post","type-post","status-publish","format-standard","has-post-thumbnail","hentry","category-ski","tag-breve","tag-marielle-berger-sabbatel","tag-skicross"],"acf":[],"yoast_head":"<!-- This site is optimized with the Yoast SEO Premium plugin v26.7 (Yoast SEO v26.7) - https:\/\/yoast.com\/wordpress\/plugins\/seo\/ -->\n<title>Marielle Berger Sabbatel s\u2019offre un 37\u00e8me podium pour sa derni\u00e8re course en Coupe du monde<\/title>\n<meta name=\"description\" content=\"COUPE DU MONDE DE SKICROSS 2025\/2026 - Marielle Berger Sabbatel s&#039;offre une deuxi\u00e8me place pour sa derni\u00e8re course.\" \/>\n<meta name=\"robots\" content=\"index, follow, max-snippet:-1, max-image-preview:large, max-video-preview:-1\" \/>\n<link rel=\"canonical\" href=\"https:\/\/dicodusport.fr\/blog\/marielle-berger-sabbatel-soffre-un-37eme-podium-pour-sa-derniere-course-en-coupe-du-monde\/\" \/>\n<meta property=\"og:locale\" content=\"fr_FR\" \/>\n<meta property=\"og:type\" content=\"article\" \/>\n<meta property=\"og:title\" content=\"Marielle Berger Sabbatel s\u2019offre un 37\u00e8me podium pour sa derni\u00e8re course en Coupe du monde\" \/>\n<meta property=\"og:description\" content=\"COUPE DU MONDE DE SKICROSS 2025\/2026 - Marielle Berger Sabbatel s&#039;offre une deuxi\u00e8me place pour sa derni\u00e8re course.\" \/>\n<meta property=\"og:url\" content=\"https:\/\/dicodusport.fr\/blog\/marielle-berger-sabbatel-soffre-un-37eme-podium-pour-sa-derniere-course-en-coupe-du-monde\/\" \/>\n<meta property=\"og:site_name\" content=\"Dicodusport\" \/>\n<meta property=\"article:publisher\" content=\"https:\/\/www.facebook.com\/dicodusport\" \/>\n<meta property=\"article:author\" content=\"https:\/\/www.facebook.com\/soocube\" \/>\n<meta property=\"article:published_time\" content=\"2026-03-29T10:38:37+00:00\" \/>\n<meta property=\"article:modified_time\" content=\"2026-03-29T11:08:22+00:00\" \/>\n<meta property=\"og:image\" content=\"https:\/\/dicodusport.fr\/blog\/wp-content\/uploads\/2026\/03\/Marielle-Berger-Sabbatel-soffre-un-37eme-podium-pour-sa-derniere-course-en-Coupe-du-monde.png\" \/>\n\t<meta property=\"og:image:width\" content=\"1200\" \/>\n\t<meta property=\"og:image:height\" content=\"674\" \/>\n\t<meta property=\"og:image:type\" content=\"image\/png\" \/>\n<meta name=\"author\" content=\"Sophie Clapier\" \/>\n<meta name=\"twitter:card\" content=\"summary_large_image\" \/>\n<meta name=\"twitter:title\" content=\"Marielle Berger Sabbatel s\u2019offre un 37\u00e8me podium pour sa derni\u00e8re course en Coupe du monde\" \/>\n<meta name=\"twitter:creator\" content=\"@https:\/\/twitter.com\/soocube\" \/>\n<meta name=\"twitter:site\" content=\"@dicodusport\" \/>\n<script type=\"application\/ld+json\" class=\"yoast-schema-graph\">{\"@context\":\"https:\/\/schema.org\",\"@graph\":[{\"@type\":\"NewsArticle\",\"@id\":\"https:\/\/dicodusport.fr\/blog\/marielle-berger-sabbatel-soffre-un-37eme-podium-pour-sa-derniere-course-en-coupe-du-monde\/#article\",\"isPartOf\":{\"@id\":\"https:\/\/dicodusport.fr\/blog\/marielle-berger-sabbatel-soffre-un-37eme-podium-pour-sa-derniere-course-en-coupe-du-monde\/\"},\"author\":{\"name\":\"Sophie Clapier\",\"@id\":\"https:\/\/dicodusport.fr\/blog\/#\/schema\/person\/416c975648aca9da8839bdfe333a21c9\"},\"headline\":\"Marielle Berger Sabbatel s\u2019offre un 37\u00e8me podium pour sa derni\u00e8re course en Coupe du monde\",\"datePublished\":\"2026-03-29T10:38:37+00:00\",\"dateModified\":\"2026-03-29T11:08:22+00:00\",\"mainEntityOfPage\":{\"@id\":\"https:\/\/dicodusport.fr\/blog\/marielle-berger-sabbatel-soffre-un-37eme-podium-pour-sa-derniere-course-en-coupe-du-monde\/\"},\"wordCount\":531,\"commentCount\":0,\"publisher\":{\"@id\":\"https:\/\/dicodusport.fr\/blog\/#organization\"},\"image\":{\"@id\":\"https:\/\/dicodusport.fr\/blog\/marielle-berger-sabbatel-soffre-un-37eme-podium-pour-sa-derniere-course-en-coupe-du-monde\/#primaryimage\"},\"thumbnailUrl\":\"https:\/\/dicodusport.fr\/blog\/wp-content\/uploads\/2026\/03\/Marielle-Berger-Sabbatel-soffre-un-37eme-podium-pour-sa-derniere-course-en-Coupe-du-monde.png\",\"keywords\":[\"br\u00e8ve\",\"Marielle Berger Sabbatel\",\"skicross\"],\"articleSection\":[\"Ski\"],\"inLanguage\":\"fr-FR\",\"potentialAction\":[{\"@type\":\"CommentAction\",\"name\":\"Comment\",\"target\":[\"https:\/\/dicodusport.fr\/blog\/marielle-berger-sabbatel-soffre-un-37eme-podium-pour-sa-derniere-course-en-coupe-du-monde\/#respond\"]}],\"copyrightYear\":\"2026\",\"copyrightHolder\":{\"@id\":\"https:\/\/dicodusport.fr\/blog\/#organization\"}},{\"@type\":\"WebPage\",\"@id\":\"https:\/\/dicodusport.fr\/blog\/marielle-berger-sabbatel-soffre-un-37eme-podium-pour-sa-derniere-course-en-coupe-du-monde\/\",\"url\":\"https:\/\/dicodusport.fr\/blog\/marielle-berger-sabbatel-soffre-un-37eme-podium-pour-sa-derniere-course-en-coupe-du-monde\/\",\"name\":\"Marielle Berger Sabbatel s\u2019offre un 37\u00e8me podium pour sa derni\u00e8re course en Coupe du monde\",\"isPartOf\":{\"@id\":\"https:\/\/dicodusport.fr\/blog\/#website\"},\"primaryImageOfPage\":{\"@id\":\"https:\/\/dicodusport.fr\/blog\/marielle-berger-sabbatel-soffre-un-37eme-podium-pour-sa-derniere-course-en-coupe-du-monde\/#primaryimage\"},\"image\":{\"@id\":\"https:\/\/dicodusport.fr\/blog\/marielle-berger-sabbatel-soffre-un-37eme-podium-pour-sa-derniere-course-en-coupe-du-monde\/#primaryimage\"},\"thumbnailUrl\":\"https:\/\/dicodusport.fr\/blog\/wp-content\/uploads\/2026\/03\/Marielle-Berger-Sabbatel-soffre-un-37eme-podium-pour-sa-derniere-course-en-Coupe-du-monde.png\",\"datePublished\":\"2026-03-29T10:38:37+00:00\",\"dateModified\":\"2026-03-29T11:08:22+00:00\",\"description\":\"COUPE DU MONDE DE SKICROSS 2025\/2026 - Marielle Berger Sabbatel s'offre une deuxi\u00e8me place pour sa derni\u00e8re course.\",\"breadcrumb\":{\"@id\":\"https:\/\/dicodusport.fr\/blog\/marielle-berger-sabbatel-soffre-un-37eme-podium-pour-sa-derniere-course-en-coupe-du-monde\/#breadcrumb\"},\"inLanguage\":\"fr-FR\",\"potentialAction\":[{\"@type\":\"ReadAction\",\"target\":[\"https:\/\/dicodusport.fr\/blog\/marielle-berger-sabbatel-soffre-un-37eme-podium-pour-sa-derniere-course-en-coupe-du-monde\/\"]}]},{\"@type\":\"ImageObject\",\"inLanguage\":\"fr-FR\",\"@id\":\"https:\/\/dicodusport.fr\/blog\/marielle-berger-sabbatel-soffre-un-37eme-podium-pour-sa-derniere-course-en-coupe-du-monde\/#primaryimage\",\"url\":\"https:\/\/dicodusport.fr\/blog\/wp-content\/uploads\/2026\/03\/Marielle-Berger-Sabbatel-soffre-un-37eme-podium-pour-sa-derniere-course-en-Coupe-du-monde.png\",\"contentUrl\":\"https:\/\/dicodusport.fr\/blog\/wp-content\/uploads\/2026\/03\/Marielle-Berger-Sabbatel-soffre-un-37eme-podium-pour-sa-derniere-course-en-Coupe-du-monde.png\",\"width\":1200,\"height\":674,\"caption\":\"Marielle Berger Sabbatel s\u2019offre un 37\u00e8me podium pour sa derni\u00e8re course en Coupe du monde\"},{\"@type\":\"BreadcrumbList\",\"@id\":\"https:\/\/dicodusport.fr\/blog\/marielle-berger-sabbatel-soffre-un-37eme-podium-pour-sa-derniere-course-en-coupe-du-monde\/#breadcrumb\",\"itemListElement\":[{\"@type\":\"ListItem\",\"position\":1,\"name\":\"Accueil\",\"item\":\"https:\/\/dicodusport.fr\/blog\/\"},{\"@type\":\"ListItem\",\"position\":2,\"name\":\"Marielle Berger Sabbatel s\u2019offre un 37\u00e8me podium pour sa derni\u00e8re course en Coupe du monde\"}]},{\"@type\":\"WebSite\",\"@id\":\"https:\/\/dicodusport.fr\/blog\/#website\",\"url\":\"https:\/\/dicodusport.fr\/blog\/\",\"name\":\"Dicodusport\",\"description\":\"L&#039;encyclop\u00e9die de l&#039;actualit\u00e9 sportive\",\"publisher\":{\"@id\":\"https:\/\/dicodusport.fr\/blog\/#organization\"},\"potentialAction\":[{\"@type\":\"SearchAction\",\"target\":{\"@type\":\"EntryPoint\",\"urlTemplate\":\"https:\/\/dicodusport.fr\/blog\/?s={search_term_string}\"},\"query-input\":{\"@type\":\"PropertyValueSpecification\",\"valueRequired\":true,\"valueName\":\"search_term_string\"}}],\"inLanguage\":\"fr-FR\"},{\"@type\":\"NewsMediaOrganization\",\"@id\":\"https:\/\/dicodusport.fr\/blog\/#organization\",\"name\":\"Dicodusport\",\"url\":\"https:\/\/dicodusport.fr\/blog\/\",\"logo\":{\"@type\":\"ImageObject\",\"inLanguage\":\"fr-FR\",\"@id\":\"https:\/\/dicodusport.fr\/blog\/#\/schema\/logo\/image\/\",\"url\":\"https:\/\/dicodusport.fr\/blog\/wp-content\/uploads\/2020\/06\/cropped-LOGO-DICODUSPORT-2020-SANS-FOND-SANS-TEXTE.png\",\"contentUrl\":\"https:\/\/dicodusport.fr\/blog\/wp-content\/uploads\/2020\/06\/cropped-LOGO-DICODUSPORT-2020-SANS-FOND-SANS-TEXTE.png\",\"width\":512,\"height\":512,\"caption\":\"Dicodusport\"},\"image\":{\"@id\":\"https:\/\/dicodusport.fr\/blog\/#\/schema\/logo\/image\/\"},\"sameAs\":[\"https:\/\/www.facebook.com\/dicodusport\",\"https:\/\/x.com\/dicodusport\",\"https:\/\/www.instagram.com\/dicodusport\/\",\"https:\/\/www.youtube.com\/channel\/UC7V2KZ5sd3htJivAbA4ZG3w\"],\"description\":\"Dicodusport est l'encyclop\u00e9die de l'actualit\u00e9 sportive.\",\"email\":\"bonjour@dicodusport.fr\",\"legalName\":\"DICODUSPORT\",\"foundingDate\":\"2018-01-14\",\"vatID\":\"FR71834470973\",\"taxID\":\"83447097300043\",\"numberOfEmployees\":{\"@type\":\"QuantitativeValue\",\"minValue\":\"1\",\"maxValue\":\"10\"}},{\"@type\":\"Person\",\"@id\":\"https:\/\/dicodusport.fr\/blog\/#\/schema\/person\/416c975648aca9da8839bdfe333a21c9\",\"name\":\"Sophie Clapier\",\"image\":{\"@type\":\"ImageObject\",\"inLanguage\":\"fr-FR\",\"@id\":\"https:\/\/dicodusport.fr\/blog\/#\/schema\/person\/image\/\",\"url\":\"https:\/\/dicodusport.fr\/blog\/wp-content\/uploads\/2021\/05\/Sophie-Clapier-150x150.jpg\",\"contentUrl\":\"https:\/\/dicodusport.fr\/blog\/wp-content\/uploads\/2021\/05\/Sophie-Clapier-150x150.jpg\",\"caption\":\"Sophie Clapier\"},\"description\":\"Journaliste\/r\u00e9dactrice depuis janvier 2016 - Passionn\u00e9e de sport depuis toujours, j\u2019en ai pratiqu\u00e9 quelques-uns. Judo, football, handball ou encore tennis, je n\u2019ai jamais pu me mettre d\u2019accord sur un en particulier. Mais \u00e7a, c\u2019\u00e9tait avant de d\u00e9couvrir le basket, devenu mon sport de pr\u00e9dilection. Les actions NBA, le All-Star Week-end, la fureur des Game 7 pendant les playoffs ou mieux, lors des Finals, this is why we play. Team Spurs T.P, je m\u2019accroche encore \u00e0 Gregg Popovich (don\u2019t leave !). Team chef Curry, je souhaite qu\u2019il finisse aux Warriors (staaaay !). Non, il n\u2019y a pas qu\u2019eux, des petits nouveaux -et des petites nouvelles \u00e9videmment- arrivent chaque jour dans toutes les disciplines et cr\u00e9ent de nouveaux exploits. Alors pour les grands \u00e9v\u00e9nements et comp\u00e9titions internationales, vive les pulsations 240\/minutes et le d\u00e9fibrillateur pas loin, et allez les Bleu(e)s ! C\u2019est s\u00fbr, j\u2019aurai plus vu ma vie sur un terrain de sport, mais \u00e0 d\u00e9faut d\u2019en faire en haut niveau, je le partage avec vous.\",\"sameAs\":[\"https:\/\/www.facebook.com\/soocube\",\"https:\/\/x.com\/https:\/\/twitter.com\/soocube\",\"admin\"],\"url\":\"https:\/\/dicodusport.fr\/blog\/author\/sophie\/\"}]}<\/script>\n<!-- \/ Yoast SEO Premium plugin. -->","yoast_head_json":{"title":"Marielle Berger Sabbatel s\u2019offre un 37\u00e8me podium pour sa derni\u00e8re course en Coupe du monde","description":"COUPE DU MONDE DE SKICROSS 2025\/2026 - Marielle Berger Sabbatel s'offre une deuxi\u00e8me place pour sa derni\u00e8re course.","robots":{"index":"index","follow":"follow","max-snippet":"max-snippet:-1","max-image-preview":"max-image-preview:large","max-video-preview":"max-video-preview:-1"},"canonical":"https:\/\/dicodusport.fr\/blog\/marielle-berger-sabbatel-soffre-un-37eme-podium-pour-sa-derniere-course-en-coupe-du-monde\/","og_locale":"fr_FR","og_type":"article","og_title":"Marielle Berger Sabbatel s\u2019offre un 37\u00e8me podium pour sa derni\u00e8re course en Coupe du monde","og_description":"COUPE DU MONDE DE SKICROSS 2025\/2026 - Marielle Berger Sabbatel s'offre une deuxi\u00e8me place pour sa derni\u00e8re course.","og_url":"https:\/\/dicodusport.fr\/blog\/marielle-berger-sabbatel-soffre-un-37eme-podium-pour-sa-derniere-course-en-coupe-du-monde\/","og_site_name":"Dicodusport","article_publisher":"https:\/\/www.facebook.com\/dicodusport","article_author":"https:\/\/www.facebook.com\/soocube","article_published_time":"2026-03-29T10:38:37+00:00","article_modified_time":"2026-03-29T11:08:22+00:00","og_image":[{"width":1200,"height":674,"url":"https:\/\/dicodusport.fr\/blog\/wp-content\/uploads\/2026\/03\/Marielle-Berger-Sabbatel-soffre-un-37eme-podium-pour-sa-derniere-course-en-Coupe-du-monde.png","type":"image\/png"}],"author":"Sophie Clapier","twitter_card":"summary_large_image","twitter_title":"Marielle Berger Sabbatel s\u2019offre un 37\u00e8me podium pour sa derni\u00e8re course en Coupe du monde","twitter_creator":"@https:\/\/twitter.com\/soocube","twitter_site":"@dicodusport","schema":{"@context":"https:\/\/schema.org","@graph":[{"@type":"NewsArticle","@id":"https:\/\/dicodusport.fr\/blog\/marielle-berger-sabbatel-soffre-un-37eme-podium-pour-sa-derniere-course-en-coupe-du-monde\/#article","isPartOf":{"@id":"https:\/\/dicodusport.fr\/blog\/marielle-berger-sabbatel-soffre-un-37eme-podium-pour-sa-derniere-course-en-coupe-du-monde\/"},"author":{"name":"Sophie Clapier","@id":"https:\/\/dicodusport.fr\/blog\/#\/schema\/person\/416c975648aca9da8839bdfe333a21c9"},"headline":"Marielle Berger Sabbatel s\u2019offre un 37\u00e8me podium pour sa derni\u00e8re course en Coupe du monde","datePublished":"2026-03-29T10:38:37+00:00","dateModified":"2026-03-29T11:08:22+00:00","mainEntityOfPage":{"@id":"https:\/\/dicodusport.fr\/blog\/marielle-berger-sabbatel-soffre-un-37eme-podium-pour-sa-derniere-course-en-coupe-du-monde\/"},"wordCount":531,"commentCount":0,"publisher":{"@id":"https:\/\/dicodusport.fr\/blog\/#organization"},"image":{"@id":"https:\/\/dicodusport.fr\/blog\/marielle-berger-sabbatel-soffre-un-37eme-podium-pour-sa-derniere-course-en-coupe-du-monde\/#primaryimage"},"thumbnailUrl":"https:\/\/dicodusport.fr\/blog\/wp-content\/uploads\/2026\/03\/Marielle-Berger-Sabbatel-soffre-un-37eme-podium-pour-sa-derniere-course-en-Coupe-du-monde.png","keywords":["br\u00e8ve","Marielle Berger Sabbatel","skicross"],"articleSection":["Ski"],"inLanguage":"fr-FR","potentialAction":[{"@type":"CommentAction","name":"Comment","target":["https:\/\/dicodusport.fr\/blog\/marielle-berger-sabbatel-soffre-un-37eme-podium-pour-sa-derniere-course-en-coupe-du-monde\/#respond"]}],"copyrightYear":"2026","copyrightHolder":{"@id":"https:\/\/dicodusport.fr\/blog\/#organization"}},{"@type":"WebPage","@id":"https:\/\/dicodusport.fr\/blog\/marielle-berger-sabbatel-soffre-un-37eme-podium-pour-sa-derniere-course-en-coupe-du-monde\/","url":"https:\/\/dicodusport.fr\/blog\/marielle-berger-sabbatel-soffre-un-37eme-podium-pour-sa-derniere-course-en-coupe-du-monde\/","name":"Marielle Berger Sabbatel s\u2019offre un 37\u00e8me podium pour sa derni\u00e8re course en Coupe du monde","isPartOf":{"@id":"https:\/\/dicodusport.fr\/blog\/#website"},"primaryImageOfPage":{"@id":"https:\/\/dicodusport.fr\/blog\/marielle-berger-sabbatel-soffre-un-37eme-podium-pour-sa-derniere-course-en-coupe-du-monde\/#primaryimage"},"image":{"@id":"https:\/\/dicodusport.fr\/blog\/marielle-berger-sabbatel-soffre-un-37eme-podium-pour-sa-derniere-course-en-coupe-du-monde\/#primaryimage"},"thumbnailUrl":"https:\/\/dicodusport.fr\/blog\/wp-content\/uploads\/2026\/03\/Marielle-Berger-Sabbatel-soffre-un-37eme-podium-pour-sa-derniere-course-en-Coupe-du-monde.png","datePublished":"2026-03-29T10:38:37+00:00","dateModified":"2026-03-29T11:08:22+00:00","description":"COUPE DU MONDE DE SKICROSS 2025\/2026 - Marielle Berger Sabbatel s'offre une deuxi\u00e8me place pour sa derni\u00e8re course.","breadcrumb":{"@id":"https:\/\/dicodusport.fr\/blog\/marielle-berger-sabbatel-soffre-un-37eme-podium-pour-sa-derniere-course-en-coupe-du-monde\/#breadcrumb"},"inLanguage":"fr-FR","potentialAction":[{"@type":"ReadAction","target":["https:\/\/dicodusport.fr\/blog\/marielle-berger-sabbatel-soffre-un-37eme-podium-pour-sa-derniere-course-en-coupe-du-monde\/"]}]},{"@type":"ImageObject","inLanguage":"fr-FR","@id":"https:\/\/dicodusport.fr\/blog\/marielle-berger-sabbatel-soffre-un-37eme-podium-pour-sa-derniere-course-en-coupe-du-monde\/#primaryimage","url":"https:\/\/dicodusport.fr\/blog\/wp-content\/uploads\/2026\/03\/Marielle-Berger-Sabbatel-soffre-un-37eme-podium-pour-sa-derniere-course-en-Coupe-du-monde.png","contentUrl":"https:\/\/dicodusport.fr\/blog\/wp-content\/uploads\/2026\/03\/Marielle-Berger-Sabbatel-soffre-un-37eme-podium-pour-sa-derniere-course-en-Coupe-du-monde.png","width":1200,"height":674,"caption":"Marielle Berger Sabbatel s\u2019offre un 37\u00e8me podium pour sa derni\u00e8re course en Coupe du monde"},{"@type":"BreadcrumbList","@id":"https:\/\/dicodusport.fr\/blog\/marielle-berger-sabbatel-soffre-un-37eme-podium-pour-sa-derniere-course-en-coupe-du-monde\/#breadcrumb","itemListElement":[{"@type":"ListItem","position":1,"name":"Accueil","item":"https:\/\/dicodusport.fr\/blog\/"},{"@type":"ListItem","position":2,"name":"Marielle Berger Sabbatel s\u2019offre un 37\u00e8me podium pour sa derni\u00e8re course en Coupe du monde"}]},{"@type":"WebSite","@id":"https:\/\/dicodusport.fr\/blog\/#website","url":"https:\/\/dicodusport.fr\/blog\/","name":"Dicodusport","description":"L&#039;encyclop\u00e9die de l&#039;actualit\u00e9 sportive","publisher":{"@id":"https:\/\/dicodusport.fr\/blog\/#organization"},"potentialAction":[{"@type":"SearchAction","target":{"@type":"EntryPoint","urlTemplate":"https:\/\/dicodusport.fr\/blog\/?s={search_term_string}"},"query-input":{"@type":"PropertyValueSpecification","valueRequired":true,"valueName":"search_term_string"}}],"inLanguage":"fr-FR"},{"@type":"NewsMediaOrganization","@id":"https:\/\/dicodusport.fr\/blog\/#organization","name":"Dicodusport","url":"https:\/\/dicodusport.fr\/blog\/","logo":{"@type":"ImageObject","inLanguage":"fr-FR","@id":"https:\/\/dicodusport.fr\/blog\/#\/schema\/logo\/image\/","url":"https:\/\/dicodusport.fr\/blog\/wp-content\/uploads\/2020\/06\/cropped-LOGO-DICODUSPORT-2020-SANS-FOND-SANS-TEXTE.png","contentUrl":"https:\/\/dicodusport.fr\/blog\/wp-content\/uploads\/2020\/06\/cropped-LOGO-DICODUSPORT-2020-SANS-FOND-SANS-TEXTE.png","width":512,"height":512,"caption":"Dicodusport"},"image":{"@id":"https:\/\/dicodusport.fr\/blog\/#\/schema\/logo\/image\/"},"sameAs":["https:\/\/www.facebook.com\/dicodusport","https:\/\/x.com\/dicodusport","https:\/\/www.instagram.com\/dicodusport\/","https:\/\/www.youtube.com\/channel\/UC7V2KZ5sd3htJivAbA4ZG3w"],"description":"Dicodusport est l'encyclop\u00e9die de l'actualit\u00e9 sportive.","email":"bonjour@dicodusport.fr","legalName":"DICODUSPORT","foundingDate":"2018-01-14","vatID":"FR71834470973","taxID":"83447097300043","numberOfEmployees":{"@type":"QuantitativeValue","minValue":"1","maxValue":"10"}},{"@type":"Person","@id":"https:\/\/dicodusport.fr\/blog\/#\/schema\/person\/416c975648aca9da8839bdfe333a21c9","name":"Sophie Clapier","image":{"@type":"ImageObject","inLanguage":"fr-FR","@id":"https:\/\/dicodusport.fr\/blog\/#\/schema\/person\/image\/","url":"https:\/\/dicodusport.fr\/blog\/wp-content\/uploads\/2021\/05\/Sophie-Clapier-150x150.jpg","contentUrl":"https:\/\/dicodusport.fr\/blog\/wp-content\/uploads\/2021\/05\/Sophie-Clapier-150x150.jpg","caption":"Sophie Clapier"},"description":"Journaliste\/r\u00e9dactrice depuis janvier 2016 - Passionn\u00e9e de sport depuis toujours, j\u2019en ai pratiqu\u00e9 quelques-uns. Judo, football, handball ou encore tennis, je n\u2019ai jamais pu me mettre d\u2019accord sur un en particulier. Mais \u00e7a, c\u2019\u00e9tait avant de d\u00e9couvrir le basket, devenu mon sport de pr\u00e9dilection. Les actions NBA, le All-Star Week-end, la fureur des Game 7 pendant les playoffs ou mieux, lors des Finals, this is why we play. Team Spurs T.P, je m\u2019accroche encore \u00e0 Gregg Popovich (don\u2019t leave !). Team chef Curry, je souhaite qu\u2019il finisse aux Warriors (staaaay !). Non, il n\u2019y a pas qu\u2019eux, des petits nouveaux -et des petites nouvelles \u00e9videmment- arrivent chaque jour dans toutes les disciplines et cr\u00e9ent de nouveaux exploits. Alors pour les grands \u00e9v\u00e9nements et comp\u00e9titions internationales, vive les pulsations 240\/minutes et le d\u00e9fibrillateur pas loin, et allez les Bleu(e)s ! C\u2019est s\u00fbr, j\u2019aurai plus vu ma vie sur un terrain de sport, mais \u00e0 d\u00e9faut d\u2019en faire en haut niveau, je le partage avec vous.","sameAs":["https:\/\/www.facebook.com\/soocube","https:\/\/x.com\/https:\/\/twitter.com\/soocube","admin"],"url":"https:\/\/dicodusport.fr\/blog\/author\/sophie\/"}]}},"_links":{"self":[{"href":"https:\/\/dicodusport.fr\/blog\/wp-json\/wp\/v2\/posts\/659122","targetHints":{"allow":["GET"]}}],"collection":[{"href":"https:\/\/dicodusport.fr\/blog\/wp-json\/wp\/v2\/posts"}],"about":[{"href":"https:\/\/dicodusport.fr\/blog\/wp-json\/wp\/v2\/types\/post"}],"author":[{"embeddable":true,"href":"https:\/\/dicodusport.fr\/blog\/wp-json\/wp\/v2\/users\/18"}],"replies":[{"embeddable":true,"href":"https:\/\/dicodusport.fr\/blog\/wp-json\/wp\/v2\/comments?post=659122"}],"version-history":[{"count":5,"href":"https:\/\/dicodusport.fr\/blog\/wp-json\/wp\/v2\/posts\/659122\/revisions"}],"predecessor-version":[{"id":659159,"href":"https:\/\/dicodusport.fr\/blog\/wp-json\/wp\/v2\/posts\/659122\/revisions\/659159"}],"wp:featuredmedia":[{"embeddable":true,"href":"https:\/\/dicodusport.fr\/blog\/wp-json\/wp\/v2\/media\/659147"}],"wp:attachment":[{"href":"https:\/\/dicodusport.fr\/blog\/wp-json\/wp\/v2\/media?parent=659122"}],"wp:term":[{"taxonomy":"category","embeddable":true,"href":"https:\/\/dicodusport.fr\/blog\/wp-json\/wp\/v2\/categories?post=659122"},{"taxonomy":"post_tag","embeddable":true,"href":"https:\/\/dicodusport.fr\/blog\/wp-json\/wp\/v2\/tags?post=659122"}],"curies":[{"name":"wp","href":"https:\/\/api.w.org\/{rel}","templated":true}]}}