{"id":65922,"date":"2020-04-30T18:01:46","date_gmt":"2020-04-30T16:01:46","guid":{"rendered":"http:\/\/dicodusport.fr\/blog\/?p=65922&#038;preview=true&#038;preview_id=65922"},"modified":"2020-05-03T17:14:04","modified_gmt":"2020-05-03T15:14:04","slug":"saison-terminee-ligue-1-ligue-2-psg-champion-rc-lens-remonte","status":"publish","type":"post","link":"https:\/\/dicodusport.fr\/blog\/saison-terminee-ligue-1-ligue-2-psg-champion-rc-lens-remonte\/","title":{"rendered":"Saison termin\u00e9e pour la Ligue 1 et la Ligue 2 : le PSG champion, le RC Lens remonte"},"content":{"rendered":"<p style=\"text-align: justify;\"><b><i>Ligue 1 \/ Ligue 2 &#8211; La Ligue de Football Professionnel a annonc\u00e9 la fin de la saison 2019-2020. Elle confirme les titres de champion au PSG pour la <a href=\"https:\/\/dicodusport.fr\/blog\/tag\/ligue-1-conforama\/\" target=\"_blank\" rel=\"noopener noreferrer\">Ligue 1<\/a> et \u00e0 Lorient pour la Ligue 2.<\/i><\/b><\/p>\n<p style=\"text-align: justify;\">C&rsquo;est le ratio points par matchs jou\u00e9s qui a \u00e9t\u00e9 retenu pour d\u00e9terminer les classements finaux. Les principaux enseignements sont donc <strong>la qualification en Ligue des Champions du PSG, de l&rsquo;OM et de Rennes<\/strong>. Le <strong>LOSC<\/strong> ira en <strong>Ligue Europa<\/strong>. Si la finale de la <strong>Coupe de France<\/strong> et la <strong>Coupe de la Ligue<\/strong> ne peuvent pas se jouer, ce sont bien <strong>Reims<\/strong> et <strong>Nice<\/strong> qui accompagneront Lille.<\/p>\n<p style=\"text-align: justify;\"><strong>Amiens<\/strong> et <strong>Toulouse<\/strong> sont quant \u00e0 eux rel\u00e9gu\u00e9s en <strong>Ligue 2<\/strong>. <strong>Lorient<\/strong> remonte en Ligue 1, tout comme le <strong>RC Lens<\/strong>, de retour dans l&rsquo;\u00e9lite. Les dirigeants de la Ligue expliquent qu&rsquo;ils s&rsquo;attendaient \u00e0 voir des recours. Cependant, la LFP affirme \u00e9galement que ses d\u00e9cisions sont juridiquement solides.<\/p>\n<blockquote class=\"twitter-tweet\">\n<p dir=\"ltr\" lang=\"fr\">Connaissance prise des d\u00e9cisions et d\u00e9clarations du Premier Ministre et du Gouvernement, la LFP acte la fin de la saison 2019\/2020.<\/p>\n<p>&#x1f3c6; <a href=\"https:\/\/twitter.com\/PSG_inside?ref_src=twsrc%5Etfw\">@PSG_inside<\/a> champion de <a href=\"https:\/\/twitter.com\/Ligue1Conforama?ref_src=twsrc%5Etfw\">@Ligue1Conforama<\/a><br \/>\n&#x1f3c6; <a href=\"https:\/\/twitter.com\/FCLorient?ref_src=twsrc%5Etfw\">@FCLorient<\/a> champion de <a href=\"https:\/\/twitter.com\/DominosLigue2?ref_src=twsrc%5Etfw\">@DominosLigue2<\/a><\/p>\n<p>Communiqu\u00e9 &#x1f4dd;&#x27a1;&#xfe0f; <a href=\"https:\/\/t.co\/LtLVoKV6Ye\">https:\/\/t.co\/LtLVoKV6Ye<\/a> <a href=\"https:\/\/t.co\/6Z3GIxKSKV\">pic.twitter.com\/6Z3GIxKSKV<\/a><\/p>\n<p>\u2014 Ligue de Football Professionnel (@LFPfr) <a href=\"https:\/\/twitter.com\/LFPfr\/status\/1255883399241371649?ref_src=twsrc%5Etfw\">April 30, 2020<\/a><\/p><\/blockquote>\n<p><script async src=\"https:\/\/platform.twitter.com\/widgets.js\" charset=\"utf-8\"><\/script><\/p>\n<p style=\"text-align: justify;\"><strong><em>Dicodusport<br \/>\n<a href=\"https:\/\/www.facebook.com\/dicodusport\/\" target=\"_blank\" rel=\"noopener noreferrer\"><img loading=\"lazy\" decoding=\"async\" class=\"alignnone wp-image-2909\" src=\"http:\/\/dicodusport.fr\/blog\/wp-content\/uploads\/2017\/07\/logo-facebook-150x150.png\" alt=\"\" width=\"40\" height=\"40\" \/><\/a><a href=\"https:\/\/twitter.com\/dicodusport\" target=\"_blank\" rel=\"noopener noreferrer\"><img loading=\"lazy\" decoding=\"async\" class=\"alignnone wp-image-2908\" src=\"http:\/\/dicodusport.fr\/blog\/wp-content\/uploads\/2017\/07\/logo-twitter-150x150.png\" alt=\"\" width=\"39\" height=\"39\" \/><\/a><\/em><\/strong><\/p>\n","protected":false},"excerpt":{"rendered":"<p>Ligue 1 \/ Ligue 2 &#8211; La Ligue de Football Professionnel a annonc\u00e9 la fin de la saison 2019-2020. Elle confirme les titres de champion au PSG pour la Ligue 1 et \u00e0 Lorient pour la Ligue 2.<\/p>\n","protected":false},"author":1,"featured_media":65926,"comment_status":"open","ping_status":"closed","sticky":false,"template":"","format":"standard","meta":{"_acf_changed":false,"_daextam_enable_autolinks":"","footnotes":""},"categories":[2301],"tags":[75,465,1554,231,910],"class_list":["post-65922","post","type-post","status-publish","format-standard","has-post-thumbnail","hentry","category-football","tag-football","tag-lens","tag-ligue-1","tag-ligue-2","tag-psg"],"acf":[],"yoast_head":"<!-- This site is optimized with the Yoast SEO Premium plugin v26.7 (Yoast SEO v26.7) - https:\/\/yoast.com\/wordpress\/plugins\/seo\/ -->\n<title>Saison termin\u00e9e pour la Ligue 1 et la Ligue 2 : le PSG champion, le RC Lens remonte<\/title>\n<meta name=\"description\" content=\"Ligue 1 \/ Ligue 2 - La Ligue de Football Professionnel a annonc\u00e9 la fin de la saison 2019-2020. Elle confirme les titres de champion au PSG pour la Ligue 1 et \u00e0 Lorient pour la Ligue 2.\" \/>\n<meta name=\"robots\" content=\"index, follow, max-snippet:-1, max-image-preview:large, max-video-preview:-1\" \/>\n<link rel=\"canonical\" href=\"https:\/\/dicodusport.fr\/blog\/saison-terminee-ligue-1-ligue-2-psg-champion-rc-lens-remonte\/\" \/>\n<meta property=\"og:locale\" content=\"fr_FR\" \/>\n<meta property=\"og:type\" content=\"article\" \/>\n<meta property=\"og:title\" content=\"Saison termin\u00e9e pour la Ligue 1 et la Ligue 2 : PSG champion, le RC Lens remonte\" \/>\n<meta property=\"og:description\" content=\"Ligue 1 \/ Ligue 2 - La Ligue de Football Professionnel a annonc\u00e9 la fin de la saison 2019-2020. Elle confirme les titres de champion au PSG pour la Ligue 1 et \u00e0 Lorient pour la Ligue 2.\" \/>\n<meta property=\"og:url\" content=\"https:\/\/dicodusport.fr\/blog\/saison-terminee-ligue-1-ligue-2-psg-champion-rc-lens-remonte\/\" \/>\n<meta property=\"og:site_name\" content=\"Dicodusport\" \/>\n<meta property=\"article:publisher\" content=\"https:\/\/www.facebook.com\/dicodusport\" \/>\n<meta property=\"article:author\" content=\"https:\/\/www.facebook.com\/dicodusport\" \/>\n<meta property=\"article:published_time\" content=\"2020-04-30T16:01:46+00:00\" \/>\n<meta property=\"article:modified_time\" content=\"2020-05-03T15:14:04+00:00\" \/>\n<meta property=\"og:image\" content=\"https:\/\/dicodusport.fr\/blog\/wp-content\/uploads\/2020\/04\/Saison-termin\u00e9e-pour-la-Ligue-1-et-la-Ligue-2-_-le-PSG-champion-le-RC-Lens-remonte.png\" \/>\n\t<meta property=\"og:image:width\" content=\"800\" \/>\n\t<meta property=\"og:image:height\" content=\"445\" \/>\n\t<meta property=\"og:image:type\" content=\"image\/png\" \/>\n<meta name=\"author\" content=\"Nicolas Jacquemard\" \/>\n<meta name=\"twitter:card\" content=\"summary_large_image\" \/>\n<meta name=\"twitter:title\" content=\"Saison termin\u00e9e pour la Ligue 1 et la Ligue 2 : PSG champion, le RC Lens remonte\" \/>\n<meta name=\"twitter:creator\" content=\"@https:\/\/twitter.com\/Nico_Jacquemard\" \/>\n<meta name=\"twitter:site\" content=\"@dicodusport\" \/>\n<script type=\"application\/ld+json\" class=\"yoast-schema-graph\">{\"@context\":\"https:\/\/schema.org\",\"@graph\":[{\"@type\":\"NewsArticle\",\"@id\":\"https:\/\/dicodusport.fr\/blog\/saison-terminee-ligue-1-ligue-2-psg-champion-rc-lens-remonte\/#article\",\"isPartOf\":{\"@id\":\"https:\/\/dicodusport.fr\/blog\/saison-terminee-ligue-1-ligue-2-psg-champion-rc-lens-remonte\/\"},\"author\":{\"name\":\"Nicolas Jacquemard\",\"@id\":\"https:\/\/dicodusport.fr\/blog\/#\/schema\/person\/55dcb50ad410894e431ed812bbb70191\"},\"headline\":\"Saison termin\u00e9e pour la Ligue 1 et la Ligue 2 : le PSG champion, le RC Lens remonte\",\"datePublished\":\"2020-04-30T16:01:46+00:00\",\"dateModified\":\"2020-05-03T15:14:04+00:00\",\"mainEntityOfPage\":{\"@id\":\"https:\/\/dicodusport.fr\/blog\/saison-terminee-ligue-1-ligue-2-psg-champion-rc-lens-remonte\/\"},\"wordCount\":233,\"commentCount\":0,\"publisher\":{\"@id\":\"https:\/\/dicodusport.fr\/blog\/#organization\"},\"image\":{\"@id\":\"https:\/\/dicodusport.fr\/blog\/saison-terminee-ligue-1-ligue-2-psg-champion-rc-lens-remonte\/#primaryimage\"},\"thumbnailUrl\":\"https:\/\/dicodusport.fr\/blog\/wp-content\/uploads\/2020\/04\/Saison-termin\u00e9e-pour-la-Ligue-1-et-la-Ligue-2-_-le-PSG-champion-le-RC-Lens-remonte.png\",\"keywords\":[\"Football\",\"Lens\",\"Ligue 1\",\"ligue 2\",\"PSG\"],\"articleSection\":[\"Football\"],\"inLanguage\":\"fr-FR\",\"potentialAction\":[{\"@type\":\"CommentAction\",\"name\":\"Comment\",\"target\":[\"https:\/\/dicodusport.fr\/blog\/saison-terminee-ligue-1-ligue-2-psg-champion-rc-lens-remonte\/#respond\"]}],\"copyrightYear\":\"2020\",\"copyrightHolder\":{\"@id\":\"https:\/\/dicodusport.fr\/blog\/#organization\"}},{\"@type\":\"WebPage\",\"@id\":\"https:\/\/dicodusport.fr\/blog\/saison-terminee-ligue-1-ligue-2-psg-champion-rc-lens-remonte\/\",\"url\":\"https:\/\/dicodusport.fr\/blog\/saison-terminee-ligue-1-ligue-2-psg-champion-rc-lens-remonte\/\",\"name\":\"Saison termin\u00e9e pour la Ligue 1 et la Ligue 2 : le PSG champion, le RC Lens remonte\",\"isPartOf\":{\"@id\":\"https:\/\/dicodusport.fr\/blog\/#website\"},\"primaryImageOfPage\":{\"@id\":\"https:\/\/dicodusport.fr\/blog\/saison-terminee-ligue-1-ligue-2-psg-champion-rc-lens-remonte\/#primaryimage\"},\"image\":{\"@id\":\"https:\/\/dicodusport.fr\/blog\/saison-terminee-ligue-1-ligue-2-psg-champion-rc-lens-remonte\/#primaryimage\"},\"thumbnailUrl\":\"https:\/\/dicodusport.fr\/blog\/wp-content\/uploads\/2020\/04\/Saison-termin\u00e9e-pour-la-Ligue-1-et-la-Ligue-2-_-le-PSG-champion-le-RC-Lens-remonte.png\",\"datePublished\":\"2020-04-30T16:01:46+00:00\",\"dateModified\":\"2020-05-03T15:14:04+00:00\",\"description\":\"Ligue 1 \/ Ligue 2 - La Ligue de Football Professionnel a annonc\u00e9 la fin de la saison 2019-2020. Elle confirme les titres de champion au PSG pour la Ligue 1 et \u00e0 Lorient pour la Ligue 2.\",\"breadcrumb\":{\"@id\":\"https:\/\/dicodusport.fr\/blog\/saison-terminee-ligue-1-ligue-2-psg-champion-rc-lens-remonte\/#breadcrumb\"},\"inLanguage\":\"fr-FR\",\"potentialAction\":[{\"@type\":\"ReadAction\",\"target\":[\"https:\/\/dicodusport.fr\/blog\/saison-terminee-ligue-1-ligue-2-psg-champion-rc-lens-remonte\/\"]}]},{\"@type\":\"ImageObject\",\"inLanguage\":\"fr-FR\",\"@id\":\"https:\/\/dicodusport.fr\/blog\/saison-terminee-ligue-1-ligue-2-psg-champion-rc-lens-remonte\/#primaryimage\",\"url\":\"https:\/\/dicodusport.fr\/blog\/wp-content\/uploads\/2020\/04\/Saison-termin\u00e9e-pour-la-Ligue-1-et-la-Ligue-2-_-le-PSG-champion-le-RC-Lens-remonte.png\",\"contentUrl\":\"https:\/\/dicodusport.fr\/blog\/wp-content\/uploads\/2020\/04\/Saison-termin\u00e9e-pour-la-Ligue-1-et-la-Ligue-2-_-le-PSG-champion-le-RC-Lens-remonte.png\",\"width\":800,\"height\":445,\"caption\":\"Saison termin\u00e9e pour la Ligue 1 et la Ligue 2 : le PSG champion, le RC Lens remonte\"},{\"@type\":\"BreadcrumbList\",\"@id\":\"https:\/\/dicodusport.fr\/blog\/saison-terminee-ligue-1-ligue-2-psg-champion-rc-lens-remonte\/#breadcrumb\",\"itemListElement\":[{\"@type\":\"ListItem\",\"position\":1,\"name\":\"Accueil\",\"item\":\"https:\/\/dicodusport.fr\/blog\/\"},{\"@type\":\"ListItem\",\"position\":2,\"name\":\"Saison termin\u00e9e pour la Ligue 1 et la Ligue 2 : le PSG champion, le RC Lens remonte\"}]},{\"@type\":\"WebSite\",\"@id\":\"https:\/\/dicodusport.fr\/blog\/#website\",\"url\":\"https:\/\/dicodusport.fr\/blog\/\",\"name\":\"Dicodusport\",\"description\":\"L&#039;encyclop\u00e9die de l&#039;actualit\u00e9 sportive\",\"publisher\":{\"@id\":\"https:\/\/dicodusport.fr\/blog\/#organization\"},\"potentialAction\":[{\"@type\":\"SearchAction\",\"target\":{\"@type\":\"EntryPoint\",\"urlTemplate\":\"https:\/\/dicodusport.fr\/blog\/?s={search_term_string}\"},\"query-input\":{\"@type\":\"PropertyValueSpecification\",\"valueRequired\":true,\"valueName\":\"search_term_string\"}}],\"inLanguage\":\"fr-FR\"},{\"@type\":\"NewsMediaOrganization\",\"@id\":\"https:\/\/dicodusport.fr\/blog\/#organization\",\"name\":\"Dicodusport\",\"url\":\"https:\/\/dicodusport.fr\/blog\/\",\"logo\":{\"@type\":\"ImageObject\",\"inLanguage\":\"fr-FR\",\"@id\":\"https:\/\/dicodusport.fr\/blog\/#\/schema\/logo\/image\/\",\"url\":\"https:\/\/dicodusport.fr\/blog\/wp-content\/uploads\/2020\/06\/cropped-LOGO-DICODUSPORT-2020-SANS-FOND-SANS-TEXTE.png\",\"contentUrl\":\"https:\/\/dicodusport.fr\/blog\/wp-content\/uploads\/2020\/06\/cropped-LOGO-DICODUSPORT-2020-SANS-FOND-SANS-TEXTE.png\",\"width\":512,\"height\":512,\"caption\":\"Dicodusport\"},\"image\":{\"@id\":\"https:\/\/dicodusport.fr\/blog\/#\/schema\/logo\/image\/\"},\"sameAs\":[\"https:\/\/www.facebook.com\/dicodusport\",\"https:\/\/x.com\/dicodusport\",\"https:\/\/www.instagram.com\/dicodusport\/\",\"https:\/\/www.youtube.com\/channel\/UC7V2KZ5sd3htJivAbA4ZG3w\"],\"description\":\"Dicodusport est l'encyclop\u00e9die de l'actualit\u00e9 sportive.\",\"email\":\"bonjour@dicodusport.fr\",\"legalName\":\"DICODUSPORT\",\"foundingDate\":\"2018-01-14\",\"vatID\":\"FR71834470973\",\"taxID\":\"83447097300043\",\"numberOfEmployees\":{\"@type\":\"QuantitativeValue\",\"minValue\":\"1\",\"maxValue\":\"10\"}},{\"@type\":\"Person\",\"@id\":\"https:\/\/dicodusport.fr\/blog\/#\/schema\/person\/55dcb50ad410894e431ed812bbb70191\",\"name\":\"Nicolas Jacquemard\",\"image\":{\"@type\":\"ImageObject\",\"inLanguage\":\"fr-FR\",\"@id\":\"https:\/\/dicodusport.fr\/blog\/#\/schema\/person\/image\/\",\"url\":\"https:\/\/dicodusport.fr\/blog\/wp-content\/uploads\/2021\/05\/Nicolas-Jacquemard-150x150.jpeg\",\"contentUrl\":\"https:\/\/dicodusport.fr\/blog\/wp-content\/uploads\/2021\/05\/Nicolas-Jacquemard-150x150.jpeg\",\"caption\":\"Nicolas Jacquemard\"},\"description\":\"Passionn\u00e9 de sport et entrepreneur depuis mes 18 ans, la cr\u00e9ation de Dicodusport m'a sembl\u00e9 \u00e9vidente pour participer \u00e0 la m\u00e9diatisation d'un plus grand nombre de sports. Le chemin est long mais avec une \u00e9quipe des plus motiv\u00e9es et les Jeux Olympiques de Paris 2024 en point de mire, nous y arriverons ! Journaliste dans le monde du sport depuis plus de 5 ans, je traite aussi bien de football, de rugby, de biathlon que de cyclisme.\",\"sameAs\":[\"https:\/\/www.facebook.com\/dicodusport\",\"https:\/\/x.com\/https:\/\/twitter.com\/Nico_Jacquemard\"],\"url\":\"https:\/\/dicodusport.fr\/blog\/author\/dicodusport\/\"}]}<\/script>\n<!-- \/ Yoast SEO Premium plugin. -->","yoast_head_json":{"title":"Saison termin\u00e9e pour la Ligue 1 et la Ligue 2 : le PSG champion, le RC Lens remonte","description":"Ligue 1 \/ Ligue 2 - La Ligue de Football Professionnel a annonc\u00e9 la fin de la saison 2019-2020. Elle confirme les titres de champion au PSG pour la Ligue 1 et \u00e0 Lorient pour la Ligue 2.","robots":{"index":"index","follow":"follow","max-snippet":"max-snippet:-1","max-image-preview":"max-image-preview:large","max-video-preview":"max-video-preview:-1"},"canonical":"https:\/\/dicodusport.fr\/blog\/saison-terminee-ligue-1-ligue-2-psg-champion-rc-lens-remonte\/","og_locale":"fr_FR","og_type":"article","og_title":"Saison termin\u00e9e pour la Ligue 1 et la Ligue 2 : PSG champion, le RC Lens remonte","og_description":"Ligue 1 \/ Ligue 2 - La Ligue de Football Professionnel a annonc\u00e9 la fin de la saison 2019-2020. Elle confirme les titres de champion au PSG pour la Ligue 1 et \u00e0 Lorient pour la Ligue 2.","og_url":"https:\/\/dicodusport.fr\/blog\/saison-terminee-ligue-1-ligue-2-psg-champion-rc-lens-remonte\/","og_site_name":"Dicodusport","article_publisher":"https:\/\/www.facebook.com\/dicodusport","article_author":"https:\/\/www.facebook.com\/dicodusport","article_published_time":"2020-04-30T16:01:46+00:00","article_modified_time":"2020-05-03T15:14:04+00:00","og_image":[{"width":800,"height":445,"url":"https:\/\/dicodusport.fr\/blog\/wp-content\/uploads\/2020\/04\/Saison-termin\u00e9e-pour-la-Ligue-1-et-la-Ligue-2-_-le-PSG-champion-le-RC-Lens-remonte.png","type":"image\/png"}],"author":"Nicolas Jacquemard","twitter_card":"summary_large_image","twitter_title":"Saison termin\u00e9e pour la Ligue 1 et la Ligue 2 : PSG champion, le RC Lens remonte","twitter_creator":"@https:\/\/twitter.com\/Nico_Jacquemard","twitter_site":"@dicodusport","schema":{"@context":"https:\/\/schema.org","@graph":[{"@type":"NewsArticle","@id":"https:\/\/dicodusport.fr\/blog\/saison-terminee-ligue-1-ligue-2-psg-champion-rc-lens-remonte\/#article","isPartOf":{"@id":"https:\/\/dicodusport.fr\/blog\/saison-terminee-ligue-1-ligue-2-psg-champion-rc-lens-remonte\/"},"author":{"name":"Nicolas Jacquemard","@id":"https:\/\/dicodusport.fr\/blog\/#\/schema\/person\/55dcb50ad410894e431ed812bbb70191"},"headline":"Saison termin\u00e9e pour la Ligue 1 et la Ligue 2 : le PSG champion, le RC Lens remonte","datePublished":"2020-04-30T16:01:46+00:00","dateModified":"2020-05-03T15:14:04+00:00","mainEntityOfPage":{"@id":"https:\/\/dicodusport.fr\/blog\/saison-terminee-ligue-1-ligue-2-psg-champion-rc-lens-remonte\/"},"wordCount":233,"commentCount":0,"publisher":{"@id":"https:\/\/dicodusport.fr\/blog\/#organization"},"image":{"@id":"https:\/\/dicodusport.fr\/blog\/saison-terminee-ligue-1-ligue-2-psg-champion-rc-lens-remonte\/#primaryimage"},"thumbnailUrl":"https:\/\/dicodusport.fr\/blog\/wp-content\/uploads\/2020\/04\/Saison-termin\u00e9e-pour-la-Ligue-1-et-la-Ligue-2-_-le-PSG-champion-le-RC-Lens-remonte.png","keywords":["Football","Lens","Ligue 1","ligue 2","PSG"],"articleSection":["Football"],"inLanguage":"fr-FR","potentialAction":[{"@type":"CommentAction","name":"Comment","target":["https:\/\/dicodusport.fr\/blog\/saison-terminee-ligue-1-ligue-2-psg-champion-rc-lens-remonte\/#respond"]}],"copyrightYear":"2020","copyrightHolder":{"@id":"https:\/\/dicodusport.fr\/blog\/#organization"}},{"@type":"WebPage","@id":"https:\/\/dicodusport.fr\/blog\/saison-terminee-ligue-1-ligue-2-psg-champion-rc-lens-remonte\/","url":"https:\/\/dicodusport.fr\/blog\/saison-terminee-ligue-1-ligue-2-psg-champion-rc-lens-remonte\/","name":"Saison termin\u00e9e pour la Ligue 1 et la Ligue 2 : le PSG champion, le RC Lens remonte","isPartOf":{"@id":"https:\/\/dicodusport.fr\/blog\/#website"},"primaryImageOfPage":{"@id":"https:\/\/dicodusport.fr\/blog\/saison-terminee-ligue-1-ligue-2-psg-champion-rc-lens-remonte\/#primaryimage"},"image":{"@id":"https:\/\/dicodusport.fr\/blog\/saison-terminee-ligue-1-ligue-2-psg-champion-rc-lens-remonte\/#primaryimage"},"thumbnailUrl":"https:\/\/dicodusport.fr\/blog\/wp-content\/uploads\/2020\/04\/Saison-termin\u00e9e-pour-la-Ligue-1-et-la-Ligue-2-_-le-PSG-champion-le-RC-Lens-remonte.png","datePublished":"2020-04-30T16:01:46+00:00","dateModified":"2020-05-03T15:14:04+00:00","description":"Ligue 1 \/ Ligue 2 - La Ligue de Football Professionnel a annonc\u00e9 la fin de la saison 2019-2020. Elle confirme les titres de champion au PSG pour la Ligue 1 et \u00e0 Lorient pour la Ligue 2.","breadcrumb":{"@id":"https:\/\/dicodusport.fr\/blog\/saison-terminee-ligue-1-ligue-2-psg-champion-rc-lens-remonte\/#breadcrumb"},"inLanguage":"fr-FR","potentialAction":[{"@type":"ReadAction","target":["https:\/\/dicodusport.fr\/blog\/saison-terminee-ligue-1-ligue-2-psg-champion-rc-lens-remonte\/"]}]},{"@type":"ImageObject","inLanguage":"fr-FR","@id":"https:\/\/dicodusport.fr\/blog\/saison-terminee-ligue-1-ligue-2-psg-champion-rc-lens-remonte\/#primaryimage","url":"https:\/\/dicodusport.fr\/blog\/wp-content\/uploads\/2020\/04\/Saison-termin\u00e9e-pour-la-Ligue-1-et-la-Ligue-2-_-le-PSG-champion-le-RC-Lens-remonte.png","contentUrl":"https:\/\/dicodusport.fr\/blog\/wp-content\/uploads\/2020\/04\/Saison-termin\u00e9e-pour-la-Ligue-1-et-la-Ligue-2-_-le-PSG-champion-le-RC-Lens-remonte.png","width":800,"height":445,"caption":"Saison termin\u00e9e pour la Ligue 1 et la Ligue 2 : le PSG champion, le RC Lens remonte"},{"@type":"BreadcrumbList","@id":"https:\/\/dicodusport.fr\/blog\/saison-terminee-ligue-1-ligue-2-psg-champion-rc-lens-remonte\/#breadcrumb","itemListElement":[{"@type":"ListItem","position":1,"name":"Accueil","item":"https:\/\/dicodusport.fr\/blog\/"},{"@type":"ListItem","position":2,"name":"Saison termin\u00e9e pour la Ligue 1 et la Ligue 2 : le PSG champion, le RC Lens remonte"}]},{"@type":"WebSite","@id":"https:\/\/dicodusport.fr\/blog\/#website","url":"https:\/\/dicodusport.fr\/blog\/","name":"Dicodusport","description":"L&#039;encyclop\u00e9die de l&#039;actualit\u00e9 sportive","publisher":{"@id":"https:\/\/dicodusport.fr\/blog\/#organization"},"potentialAction":[{"@type":"SearchAction","target":{"@type":"EntryPoint","urlTemplate":"https:\/\/dicodusport.fr\/blog\/?s={search_term_string}"},"query-input":{"@type":"PropertyValueSpecification","valueRequired":true,"valueName":"search_term_string"}}],"inLanguage":"fr-FR"},{"@type":"NewsMediaOrganization","@id":"https:\/\/dicodusport.fr\/blog\/#organization","name":"Dicodusport","url":"https:\/\/dicodusport.fr\/blog\/","logo":{"@type":"ImageObject","inLanguage":"fr-FR","@id":"https:\/\/dicodusport.fr\/blog\/#\/schema\/logo\/image\/","url":"https:\/\/dicodusport.fr\/blog\/wp-content\/uploads\/2020\/06\/cropped-LOGO-DICODUSPORT-2020-SANS-FOND-SANS-TEXTE.png","contentUrl":"https:\/\/dicodusport.fr\/blog\/wp-content\/uploads\/2020\/06\/cropped-LOGO-DICODUSPORT-2020-SANS-FOND-SANS-TEXTE.png","width":512,"height":512,"caption":"Dicodusport"},"image":{"@id":"https:\/\/dicodusport.fr\/blog\/#\/schema\/logo\/image\/"},"sameAs":["https:\/\/www.facebook.com\/dicodusport","https:\/\/x.com\/dicodusport","https:\/\/www.instagram.com\/dicodusport\/","https:\/\/www.youtube.com\/channel\/UC7V2KZ5sd3htJivAbA4ZG3w"],"description":"Dicodusport est l'encyclop\u00e9die de l'actualit\u00e9 sportive.","email":"bonjour@dicodusport.fr","legalName":"DICODUSPORT","foundingDate":"2018-01-14","vatID":"FR71834470973","taxID":"83447097300043","numberOfEmployees":{"@type":"QuantitativeValue","minValue":"1","maxValue":"10"}},{"@type":"Person","@id":"https:\/\/dicodusport.fr\/blog\/#\/schema\/person\/55dcb50ad410894e431ed812bbb70191","name":"Nicolas Jacquemard","image":{"@type":"ImageObject","inLanguage":"fr-FR","@id":"https:\/\/dicodusport.fr\/blog\/#\/schema\/person\/image\/","url":"https:\/\/dicodusport.fr\/blog\/wp-content\/uploads\/2021\/05\/Nicolas-Jacquemard-150x150.jpeg","contentUrl":"https:\/\/dicodusport.fr\/blog\/wp-content\/uploads\/2021\/05\/Nicolas-Jacquemard-150x150.jpeg","caption":"Nicolas Jacquemard"},"description":"Passionn\u00e9 de sport et entrepreneur depuis mes 18 ans, la cr\u00e9ation de Dicodusport m'a sembl\u00e9 \u00e9vidente pour participer \u00e0 la m\u00e9diatisation d'un plus grand nombre de sports. Le chemin est long mais avec une \u00e9quipe des plus motiv\u00e9es et les Jeux Olympiques de Paris 2024 en point de mire, nous y arriverons ! Journaliste dans le monde du sport depuis plus de 5 ans, je traite aussi bien de football, de rugby, de biathlon que de cyclisme.","sameAs":["https:\/\/www.facebook.com\/dicodusport","https:\/\/x.com\/https:\/\/twitter.com\/Nico_Jacquemard"],"url":"https:\/\/dicodusport.fr\/blog\/author\/dicodusport\/"}]}},"_links":{"self":[{"href":"https:\/\/dicodusport.fr\/blog\/wp-json\/wp\/v2\/posts\/65922","targetHints":{"allow":["GET"]}}],"collection":[{"href":"https:\/\/dicodusport.fr\/blog\/wp-json\/wp\/v2\/posts"}],"about":[{"href":"https:\/\/dicodusport.fr\/blog\/wp-json\/wp\/v2\/types\/post"}],"author":[{"embeddable":true,"href":"https:\/\/dicodusport.fr\/blog\/wp-json\/wp\/v2\/users\/1"}],"replies":[{"embeddable":true,"href":"https:\/\/dicodusport.fr\/blog\/wp-json\/wp\/v2\/comments?post=65922"}],"version-history":[{"count":0,"href":"https:\/\/dicodusport.fr\/blog\/wp-json\/wp\/v2\/posts\/65922\/revisions"}],"wp:featuredmedia":[{"embeddable":true,"href":"https:\/\/dicodusport.fr\/blog\/wp-json\/wp\/v2\/media\/65926"}],"wp:attachment":[{"href":"https:\/\/dicodusport.fr\/blog\/wp-json\/wp\/v2\/media?parent=65922"}],"wp:term":[{"taxonomy":"category","embeddable":true,"href":"https:\/\/dicodusport.fr\/blog\/wp-json\/wp\/v2\/categories?post=65922"},{"taxonomy":"post_tag","embeddable":true,"href":"https:\/\/dicodusport.fr\/blog\/wp-json\/wp\/v2\/tags?post=65922"}],"curies":[{"name":"wp","href":"https:\/\/api.w.org\/{rel}","templated":true}]}}