{"id":659300,"date":"2026-03-30T13:31:15","date_gmt":"2026-03-30T11:31:15","guid":{"rendered":"https:\/\/dicodusport.fr\/blog\/?p=659300&#038;preview=true&#038;preview_id=659300"},"modified":"2026-03-30T13:41:03","modified_gmt":"2026-03-30T11:41:03","slug":"comme-emilien-jacquelin-ces-sportifs-qui-ont-change-de-sport","status":"publish","type":"post","link":"https:\/\/dicodusport.fr\/blog\/comme-emilien-jacquelin-ces-sportifs-qui-ont-change-de-sport\/","title":{"rendered":"Comme \u00c9milien Jacquelin, ces sportifs qui ont chang\u00e9 de sport"},"content":{"rendered":"<p style=\"text-align: justify;\"><strong><em>Comme \u00c9milien Jacquelin, certains champions ont chang\u00e9 de sport au cours de leur carri\u00e8re. Retour sur ces sportifs qui ont r\u00e9ussi \u00e0 se r\u00e9inventer.<\/em><\/strong><\/p>\n<h2 style=\"text-align: justify;\">Ils ont r\u00e9ussi leur reconversion<\/h2>\n<p style=\"text-align: justify;\">L&rsquo;exemple le plus embl\u00e9matique est peut-\u00eatre celui du skieur <strong>Luc Alphand<\/strong> ! Vainqueur de 12 manches de Coupe du monde en ski alpin et du gros globe de cristal en 1997, il se reconvertit ensuite en pilote de rallye-raid. Deux disciplines qui n&rsquo;ont, sur le papier, absolument rien \u00e0 voir. Pourtant, il va devenir l&rsquo;un des meilleurs dans ce domaine, jusqu&rsquo;\u00e0 remporter le mythique <strong>Paris-Dakar<\/strong> en 2006, moins de dix ans apr\u00e8s avoir d\u00e9croch\u00e9 son gros globe de cristal. On tient sans doute l\u00e0 l&rsquo;une des reconversions les plus folles de l&rsquo;histoire, tant le ski alpin et la course automobile semblent \u00e9loign\u00e9s.<\/p>\n<p style=\"text-align: justify;\">Dans un autre style, la reconversion d&rsquo;<strong>\u00c9lise Chabbey<\/strong> est elle aussi remarquable. La Suissesse a particip\u00e9 aux <strong>Jeux Olympiques<\/strong> en cano\u00eb-kayak, terminant 20e du K1 en eau vive en 2012. Avant de basculer vers le cyclisme, elle a \u00e9galement remport\u00e9 le semi-marathon de <strong>Gen\u00e8ve<\/strong> en 1h21:52. Sur route, sa transition est une r\u00e9ussite. Elle a d&rsquo;ailleurs remport\u00e9, en ce d\u00e9but de mois de mars, les <strong>Strade Bianche Donne<\/strong>, au terme d&rsquo;une course magnifique, l&rsquo;une des plus belles classiques du calendrier.<\/p>\n<div class=\"vlp-link-container vlp-layout-article\"><a href=\"https:\/\/dicodusport.fr\/blog\/elise-chabbey-remporte-les-strade-bianche-au-terme-dun-final-danthologie\/\" class=\"vlp-link\" title=\"Elise Chabbey remporte les Strade Bianche au terme d&#039;un final d&#039;anthologie\"><\/a><div class=\"vlp-layout-zone-side\"><div class=\"vlp-block-4 vlp-link-image\"><img loading=\"lazy\" decoding=\"async\" style=\"max-width: 792px;\" width=\"792\" height=\"445\" src=\"https:\/\/dicodusport.fr\/blog\/wp-content\/uploads\/2026\/03\/Elise-Chabbey-remporte-les-Strade-Bianche-au-terme-dun-final-danthologie-1.png\" class=\"attachment-800x445 size-800x445\" alt=\"Elise Chabbey remporte les Strade Bianche au terme d&#039;un final d&#039;anthologie\" srcset=\"https:\/\/dicodusport.fr\/blog\/wp-content\/uploads\/2026\/03\/Elise-Chabbey-remporte-les-Strade-Bianche-au-terme-dun-final-danthologie-1.png 1200w, https:\/\/dicodusport.fr\/blog\/wp-content\/uploads\/2026\/03\/Elise-Chabbey-remporte-les-Strade-Bianche-au-terme-dun-final-danthologie-1-300x169.png 300w, https:\/\/dicodusport.fr\/blog\/wp-content\/uploads\/2026\/03\/Elise-Chabbey-remporte-les-Strade-Bianche-au-terme-dun-final-danthologie-1-1024x575.png 1024w, https:\/\/dicodusport.fr\/blog\/wp-content\/uploads\/2026\/03\/Elise-Chabbey-remporte-les-Strade-Bianche-au-terme-dun-final-danthologie-1-768x431.png 768w\" sizes=\"auto, (max-width: 792px) 100vw, 792px\" \/><\/div><\/div><div class=\"vlp-layout-zone-main\"><div class=\"vlp-block-0 vlp-link-title\">Elise Chabbey remporte les Strade Bianche au terme d'un final d'anthologie<\/div><div class=\"vlp-block-1 vlp-link-summary\">Auteure d'une course \u00e9norme et impeccable dans le final, la Suissesse Elise Chabbey (FDJ United - Suez) s'adjuge une course exceptionnelle.<\/div><div class=\"vlp-block-2 vlp-link-button\">Lire l'article<\/div><div class=\"vlp-block-3 vlp-link-url\">dicodusport.fr<\/div><\/div><\/div>\n<h3 style=\"text-align: justify;\">Kilian Jornet, trois disciplines diff\u00e9rentes<\/h3>\n<p style=\"text-align: justify;\">L&rsquo;Espagnol <strong>Kilian Jornet<\/strong> n&rsquo;est pas mal non plus dans son genre. Octuple champion du monde de ski-alpinisme, une discipline r\u00e9cemment mise en lumi\u00e8re par son apparition aux <a href=\"https:\/\/dicodusport.fr\/blog\/actualites\/sports-dhiver\/jo-hiver-2026\/\"><strong>Jeux Olympiques de Milan-Cortina<\/strong><\/a>, il a ensuite bascul\u00e9 vers le skyrunning, o\u00f9 il a remport\u00e9 quatre titres de champion du monde. Le skyrunning est une forme de course \u00e0 pied pratiqu\u00e9e au-del\u00e0 de 2 000 m\u00e8tres d&rsquo;altitude.<\/p>\n<p style=\"text-align: justify;\">C&rsquo;est ensuite en trail, puis en ultra-trail, qu&rsquo;il a b\u00e2ti sa l\u00e9gende, remportant certaines des courses les plus mythiques du calendrier. De l&rsquo;<a href=\"https:\/\/dicodusport.fr\/blog\/utmb-2025-programme-complet-horaires-et-resultats\/\"><strong>UTMB<\/strong><\/a>, dont il a annonc\u00e9 le retour cette ann\u00e9e, \u00e0 la <a href=\"https:\/\/dicodusport.fr\/blog\/classement-hardrock-100-2025-en-direct\/\"><strong>Hardrock 100<\/strong><\/a>, en passant par <a href=\"https:\/\/dicodusport.fr\/blog\/classement-zegama-aizkorri-2025-en-direct\/\"><strong>Zegama-Aizkorri<\/strong><\/a>. Il a m\u00eame r\u00e9ussi l&rsquo;exploit de remporter ces trois courses en 2022, \u00e0 chaque fois avec le record de l&rsquo;\u00e9preuve \u00e0 la cl\u00e9.<\/p>\n<div class=\"vlp-link-container vlp-layout-article\"><a href=\"https:\/\/dicodusport.fr\/blog\/kilian-jornet-genese-et-itineraire-dun-surdoue\/\" class=\"vlp-link\" title=\"Kilian Jornet : G\u00e9n\u00e8se et itin\u00e9raire d&#039;un surdou\u00e9\"><\/a><div class=\"vlp-layout-zone-side\"><div class=\"vlp-block-4 vlp-link-image\"><img loading=\"lazy\" decoding=\"async\" style=\"max-width: 792px;\" width=\"792\" height=\"445\" src=\"https:\/\/dicodusport.fr\/blog\/wp-content\/uploads\/2024\/09\/Kilian-Jornet-Genese-et-itineraire-dun-surdoue.png\" class=\"attachment-800x445 size-800x445\" alt=\"Kilian Jornet G\u00e9n\u00e8se et itin\u00e9raire d&#039;un surdou\u00e9\" srcset=\"https:\/\/dicodusport.fr\/blog\/wp-content\/uploads\/2024\/09\/Kilian-Jornet-Genese-et-itineraire-dun-surdoue.png 1200w, https:\/\/dicodusport.fr\/blog\/wp-content\/uploads\/2024\/09\/Kilian-Jornet-Genese-et-itineraire-dun-surdoue-300x169.png 300w, https:\/\/dicodusport.fr\/blog\/wp-content\/uploads\/2024\/09\/Kilian-Jornet-Genese-et-itineraire-dun-surdoue-1024x575.png 1024w, https:\/\/dicodusport.fr\/blog\/wp-content\/uploads\/2024\/09\/Kilian-Jornet-Genese-et-itineraire-dun-surdoue-768x431.png 768w\" sizes=\"auto, (max-width: 792px) 100vw, 792px\" \/><\/div><\/div><div class=\"vlp-layout-zone-main\"><div class=\"vlp-block-0 vlp-link-title\">Kilian Jornet : G\u00e9n\u00e8se et itin\u00e9raire d'un surdou\u00e9<\/div><div class=\"vlp-block-1 vlp-link-summary\">Ultra-traileur de l\u00e9gende et v\u00e9ritable aventurier des temps modernes, Kilian Jornet Burgada ose tout et rel\u00e8ve des challenges toujours plus audacieux.<\/div><div class=\"vlp-block-2 vlp-link-button\">Lire l'article<\/div><div class=\"vlp-block-3 vlp-link-url\">dicodusport.fr<\/div><\/div><\/div>\n<p style=\"text-align: justify;\">Dans un autre registre, <strong>Petr \u010cech<\/strong>, l&rsquo;un des meilleurs gardiens de football des ann\u00e9es 2000 et 2010, a men\u00e9 une tr\u00e8s belle carri\u00e8re amateur en hockey sur glace. <strong>Johanna Holzmann<\/strong> a, elle, brill\u00e9 en d\u00e9but de carri\u00e8re en t\u00e9l\u00e9mark, devenant championne du monde en 2019 sur le parall\u00e8le. Elle a \u00e9galement remport\u00e9 treize manches de Coupe du monde, dont huit sur le parall\u00e8le, avant de basculer vers le ski acrobatique et le ski-cross, une discipline cette fois olympique.<\/p>\n<p style=\"text-align: justify;\">Elle a d&rsquo;ailleurs pris la 15e place des <strong>Jeux Olympiques<\/strong> de 2022. <strong>Jean Galfione<\/strong> a lui aussi r\u00e9ussi une belle reconversion. Premier Fran\u00e7ais \u00e0 franchir les six m\u00e8tres \u00e0 la perche et champion olympique \u00e0 <strong>Atlanta<\/strong>, il s&rsquo;est ensuite tourn\u00e9 vers la voile. Il a particip\u00e9 \u00e0 la <strong>Coupe de l&rsquo;America<\/strong>, mais aussi \u00e0 plusieurs <strong>Routes du Rhum<\/strong>.<\/p>\n<h2 style=\"text-align: justify;\">Ils brillent dans deux sports diff\u00e9rents en m\u00eame temps<\/h2>\n<p style=\"text-align: justify;\">D&rsquo;autres athl\u00e8tes n&rsquo;ont pas attendu la reconversion pour briller dans plusieurs disciplines. C&rsquo;est le cas de l&#8217;embl\u00e9matique Am\u00e9ricaine <strong>Oksana Masters<\/strong> dans le parasport. Reine du cyclisme, avec trois titres paralympiques, elle a \u00e9galement brill\u00e9 en aviron, avec une m\u00e9daille de bronze remport\u00e9e \u00e0 <strong>Londres 2012<\/strong>.<\/p>\n<p style=\"text-align: justify;\">L&rsquo;hiver, elle s&rsquo;est aussi impos\u00e9e comme l&rsquo;une des r\u00e9f\u00e9rences du ski de fond et du biathlon. Elle a encore remport\u00e9 trois titres et une m\u00e9daille de bronze \u00e0 <strong>Milan-Cortina 2026<\/strong>, portant son total \u00e0 dix titres paralympiques et 21 m\u00e9dailles au total. Un des plus grands palmar\u00e8s, tous sports confondus.<\/p>\n<p style=\"text-align: justify;\">Pour l&rsquo;heure, <strong>Arthur Bauchet<\/strong>, qui tente l&rsquo;aventure en cyclisme en parall\u00e8le du ski alpin, n&rsquo;a pas encore la m\u00eame r\u00e9ussite \u00e0 v\u00e9lo que sur les skis, o\u00f9 il compte d\u00e9sormais dix m\u00e9dailles paralympiques, dont cinq titres. Il n&rsquo;a pas r\u00e9ussi \u00e0 se qualifier pour les <strong>Jeux de Paris 2024<\/strong> \u00e0 v\u00e9lo.<\/p>\n<p style=\"text-align: justify;\">C&rsquo;est aussi le cas d&rsquo;<strong>Aleix Espargar\u00f3<\/strong>, triple vainqueur en <a href=\"https:\/\/dicodusport.fr\/blog\/actualites\/sports-mecaniques\/moto\/motogp\/\"><strong>MotoGP<\/strong><\/a>, qui avait int\u00e9gr\u00e9 l&rsquo;an pass\u00e9 l&rsquo;\u00e9quipe continentale de <strong>Lidl-Trek<\/strong>. Il s&rsquo;est fractur\u00e9 la clavicule sur le <strong>Tour d&rsquo;Autriche<\/strong> et ne compte que quatre jours de course en 2025. Cela dit, arriv\u00e9 sur le v\u00e9lo \u00e0 35 ans, il avait cinq ans de plus qu&rsquo;<strong>\u00c9milien Jacquelin<\/strong>.<\/p>\n<div class=\"vlp-link-container vlp-layout-article\"><a href=\"https:\/\/dicodusport.fr\/blog\/deuxieme-titre-en-italie-pour-le-roi-arthur-bauchet-laureat-du-geant-debout-aux-jeux-paralympiques\/\" class=\"vlp-link\" title=\"Deuxi\u00e8me titre en Italie pour le roi Arthur Bauchet, laur\u00e9at du g\u00e9ant debout aux Jeux-Paralympiques\"><\/a><div class=\"vlp-layout-zone-side\"><div class=\"vlp-block-4 vlp-link-image\"><img loading=\"lazy\" decoding=\"async\" style=\"max-width: 792px;\" width=\"792\" height=\"445\" src=\"https:\/\/dicodusport.fr\/blog\/wp-content\/uploads\/2026\/03\/Deuxieme-titre-en-Italie-pour-le-roi-Arthur-Bauchet-laureat-du-geant-debout-aux-Jeux-Paralympiques.png\" class=\"attachment-800x445 size-800x445\" alt=\"Deuxi\u00e8me titre en Italie pour le roi Arthur Bauchet, laur\u00e9at du g\u00e9ant debout aux Jeux Paralympiques\" srcset=\"https:\/\/dicodusport.fr\/blog\/wp-content\/uploads\/2026\/03\/Deuxieme-titre-en-Italie-pour-le-roi-Arthur-Bauchet-laureat-du-geant-debout-aux-Jeux-Paralympiques.png 1200w, https:\/\/dicodusport.fr\/blog\/wp-content\/uploads\/2026\/03\/Deuxieme-titre-en-Italie-pour-le-roi-Arthur-Bauchet-laureat-du-geant-debout-aux-Jeux-Paralympiques-300x169.png 300w, https:\/\/dicodusport.fr\/blog\/wp-content\/uploads\/2026\/03\/Deuxieme-titre-en-Italie-pour-le-roi-Arthur-Bauchet-laureat-du-geant-debout-aux-Jeux-Paralympiques-1024x575.png 1024w, https:\/\/dicodusport.fr\/blog\/wp-content\/uploads\/2026\/03\/Deuxieme-titre-en-Italie-pour-le-roi-Arthur-Bauchet-laureat-du-geant-debout-aux-Jeux-Paralympiques-768x431.png 768w\" sizes=\"auto, (max-width: 792px) 100vw, 792px\" \/><\/div><\/div><div class=\"vlp-layout-zone-main\"><div class=\"vlp-block-0 vlp-link-title\">Deuxi\u00e8me titre en Italie pour le roi Arthur Bauchet, laur\u00e9at du g\u00e9ant debout aux Jeux-Paralympiques<\/div><div class=\"vlp-block-1 vlp-link-summary\">JEUX PARALYMPIQUES DE MILAN-CORTINA 2026 - Arthur Bauchet s\u2019offre son deuxi\u00e8me titre paralympique dans cette \u00e9dition italienne. Le Fran\u00e7ais s\u2019impose sur le g\u00e9ant de la cat\u00e9gorie debout et devance Robin Cuche et Aleksei Bugaev.<\/div><div class=\"vlp-block-2 vlp-link-button\">Lire l'article<\/div><div class=\"vlp-block-3 vlp-link-url\">dicodusport.fr<\/div><\/div><\/div>\n<h3 style=\"text-align: justify;\">L&rsquo;athl\u00e9tisme et le bobsleigh, des points communs<\/h3>\n<p style=\"text-align: justify;\">La passerelle entre deux sports s&rsquo;observe souvent entre l&rsquo;athl\u00e9tisme et le bobsleigh. Les qualit\u00e9s de sprinteur sont particuli\u00e8rement recherch\u00e9es par les bobeurs, qui s&rsquo;appuient sur ces profils lors de la pouss\u00e9e initiale. Au sein de l&rsquo;\u00e9quipe de France pr\u00e9sente \u00e0 <strong>Milan-Cortina<\/strong>, tous les pousseurs venaient de l&rsquo;athl\u00e9tisme. <strong>Lolo Jones<\/strong> a \u00e9t\u00e9 sacr\u00e9e championne du monde en bob \u00e0 deux avec <strong>Kaillie Humphries<\/strong> en 2021, alors qu&rsquo;elle est \u00e9galement double championne du monde en salle sur 60 m haies, en 2008 et 2010.<\/p>\n<p style=\"text-align: justify;\">Mais l&rsquo;exemple le plus marquant reste celui de <strong>Lauryn Williams<\/strong>, seule athl\u00e8te m\u00e9daill\u00e9e olympique dans les deux disciplines : argent sur 100 m en 2004 et or sur 4 x 100 m en 2012 en athl\u00e9tisme, puis argent en bobsleigh en 2014. <strong>Tyson Gay<\/strong>, triple champion du monde du 100 m, du 200 m et du relais 4 x 100 m en 2007, est lui aussi pass\u00e9 par la case bobsleigh.<\/p>\n<h2 style=\"text-align: justify;\">Une reconversion plus en forme de folklore<\/h2>\n<p style=\"text-align: justify;\">Apr\u00e8s leur fin de carri\u00e8re, d&rsquo;autres sportifs ont tent\u00e9 une reconversion que l&rsquo;on qualifiera de moins r\u00e9ussie. C&rsquo;est le cas d&rsquo;<strong>Usain Bolt<\/strong>. D\u00e9tenteur des records du monde du 100 m (9.58) et du 200 m (19.19), il a voulu se reconvertir dans le football.<\/p>\n<p style=\"text-align: justify;\">Il a effectu\u00e9 des essais avec le <strong>Borussia Dortmund<\/strong> et est \u00e9galement pass\u00e9 par la <strong>Norv\u00e8ge<\/strong> et l&rsquo;<strong>Australie<\/strong>. Mais il n&rsquo;est jamais parvenu \u00e0 signer un contrat professionnel. Il aura tent\u00e9 de vivre son r\u00eave, mais cela a surtout ressembl\u00e9, pour les clubs, \u00e0 une opportunit\u00e9 de communication.<\/p>\n<p style=\"text-align: justify;\">Le cas de <strong>Florent Manaudou<\/strong>, qui avait mis sa carri\u00e8re de nageur en pause, pour int\u00e9grer le club de handball <strong>d&rsquo;Aix-en-Provence (PAUC)<\/strong>. Il y jouera quelques matchs en Nationale 2, avec l&rsquo;\u00e9quipe r\u00e9serve du club \u00e9voluant en Premi\u00e8re division. Avant de revenir \u00e0 ses premiers amours.<\/p>\n<p style=\"text-align: justify;\">Comme <strong>Decathlon CMA CGM<\/strong> avec <strong>\u00c9milien Jacquelin<\/strong> ? Sans doute, car on ne s&rsquo;improvise pas cycliste professionnel. <strong>Aleix Espargar\u00f3<\/strong> pourra en t\u00e9moigner. Il n&#8217;emp\u00eache que cette annonce reste s\u00e9duisante et qu&rsquo;il sera int\u00e9ressant de le voir sur un v\u00e9lo aux couleurs de la formation fran\u00e7aise.<\/p>\n<h3>\u00c0 ce sujet<\/h3>\n<div class=\"vlp-link-container vlp-layout-article\"><a href=\"https:\/\/dicodusport.fr\/blog\/de-la-carabine-au-velo-emilien-jacquelin-delaisse-le-biathlon-et-va-decouvrir-le-cyclisme\/\" class=\"vlp-link\" title=\"De la carabine au v\u00e9lo : \u00c9milien Jacquelin d\u00e9laisse le biathlon et va d\u00e9couvrir le cyclisme\"><\/a><div class=\"vlp-layout-zone-side\"><div class=\"vlp-block-4 vlp-link-image\"><img loading=\"lazy\" decoding=\"async\" style=\"max-width: 792px;\" width=\"792\" height=\"445\" src=\"https:\/\/dicodusport.fr\/blog\/wp-content\/uploads\/2026\/02\/Laegreid-provoque-Jacquelin-contre-attaque-la-tension-monte-avant-la-poursuite-de-dimanche.png\" class=\"attachment-800x445 size-800x445\" alt=\"De la carabine au v\u00e9lo : \u00c9milien Jacquelin d\u00e9laisse le biathlon et va d\u00e9couvrir le cyclisme\" srcset=\"https:\/\/dicodusport.fr\/blog\/wp-content\/uploads\/2026\/02\/Laegreid-provoque-Jacquelin-contre-attaque-la-tension-monte-avant-la-poursuite-de-dimanche.png 1200w, https:\/\/dicodusport.fr\/blog\/wp-content\/uploads\/2026\/02\/Laegreid-provoque-Jacquelin-contre-attaque-la-tension-monte-avant-la-poursuite-de-dimanche-300x169.png 300w, https:\/\/dicodusport.fr\/blog\/wp-content\/uploads\/2026\/02\/Laegreid-provoque-Jacquelin-contre-attaque-la-tension-monte-avant-la-poursuite-de-dimanche-1024x575.png 1024w, https:\/\/dicodusport.fr\/blog\/wp-content\/uploads\/2026\/02\/Laegreid-provoque-Jacquelin-contre-attaque-la-tension-monte-avant-la-poursuite-de-dimanche-768x431.png 768w\" sizes=\"auto, (max-width: 792px) 100vw, 792px\" \/><\/div><\/div><div class=\"vlp-layout-zone-main\"><div class=\"vlp-block-0 vlp-link-title\">De la carabine au v\u00e9lo : \u00c9milien Jacquelin d\u00e9laisse le biathlon et va d\u00e9couvrir le cyclisme<\/div><div class=\"vlp-block-1 vlp-link-summary\">SPORT FRAN\u00c7AIS - Sacr\u00e9e nouvelle pour \u00c9milien Jacquelin, qui va devenir stagiaire pour la formation Decathlon CMA CGM.<\/div><div class=\"vlp-block-2 vlp-link-button\">Lire l'article<\/div><div class=\"vlp-block-3 vlp-link-url\">dicodusport.fr<\/div><\/div><\/div>\n<div id=\"gtx-trans\" style=\"position: absolute; left: -14px; top: 40.9091px;\">\n<div class=\"gtx-trans-icon\"><\/div>\n<\/div>\n","protected":false},"excerpt":{"rendered":"<p>Comme \u00c9milien Jacquelin, certains champions ont chang\u00e9 de sport au cours de leur carri\u00e8re. Retour sur ces sportifs qui ont r\u00e9ussi \u00e0 se r\u00e9inventer.<\/p>\n","protected":false},"author":83,"featured_media":659422,"comment_status":"open","ping_status":"closed","sticky":false,"template":"","format":"standard","meta":{"_acf_changed":false,"_daextam_enable_autolinks":"1","footnotes":""},"categories":[2316],"tags":[16878,2692,24,1479],"class_list":["post-659300","post","type-post","status-publish","format-standard","has-post-thumbnail","hentry","category-tous-les-sports","tag-breve","tag-emilien-jacquelin","tag-sport","tag-sports"],"acf":[],"yoast_head":"<!-- This site is optimized with the Yoast SEO Premium plugin v26.7 (Yoast SEO v26.7) - https:\/\/yoast.com\/wordpress\/plugins\/seo\/ -->\n<title>Comme \u00c9milien Jacquelin, ces sportifs qui ont chang\u00e9 de sport<\/title>\n<meta name=\"description\" content=\"Comme \u00c9milien Jacquelin, certains champions ont chang\u00e9 de sport au cours de leur carri\u00e8re. Retour sur ces sportifs qui ont r\u00e9ussi \u00e0 se r\u00e9inventer.\" \/>\n<meta name=\"robots\" content=\"index, follow, max-snippet:-1, max-image-preview:large, max-video-preview:-1\" \/>\n<link rel=\"canonical\" href=\"https:\/\/dicodusport.fr\/blog\/comme-emilien-jacquelin-ces-sportifs-qui-ont-change-de-sport\/\" \/>\n<meta property=\"og:locale\" content=\"fr_FR\" \/>\n<meta property=\"og:type\" content=\"article\" \/>\n<meta property=\"og:title\" content=\"Comme \u00c9milien Jacquelin, ces sportifs qui ont chang\u00e9 de sport\" \/>\n<meta property=\"og:description\" content=\"Comme \u00c9milien Jacquelin, certains champions ont chang\u00e9 de sport au cours de leur carri\u00e8re. Retour sur ces sportifs qui ont r\u00e9ussi \u00e0 se r\u00e9inventer.\" \/>\n<meta property=\"og:url\" content=\"https:\/\/dicodusport.fr\/blog\/comme-emilien-jacquelin-ces-sportifs-qui-ont-change-de-sport\/\" \/>\n<meta property=\"og:site_name\" content=\"Dicodusport\" \/>\n<meta property=\"article:publisher\" content=\"https:\/\/www.facebook.com\/dicodusport\" \/>\n<meta property=\"article:published_time\" content=\"2026-03-30T11:31:15+00:00\" \/>\n<meta property=\"article:modified_time\" content=\"2026-03-30T11:41:03+00:00\" \/>\n<meta property=\"og:image\" content=\"https:\/\/dicodusport.fr\/blog\/wp-content\/uploads\/2026\/03\/Comme-Emilien-Jacquelin-ces-sportifs-qui-ont-change-de-sport.png\" \/>\n\t<meta property=\"og:image:width\" content=\"1200\" \/>\n\t<meta property=\"og:image:height\" content=\"674\" \/>\n\t<meta property=\"og:image:type\" content=\"image\/png\" \/>\n<meta name=\"author\" content=\"Etienne Goursaud\" \/>\n<meta name=\"twitter:card\" content=\"summary_large_image\" \/>\n<meta name=\"twitter:title\" content=\"Comme \u00c9milien Jacquelin, ces sportifs qui ont chang\u00e9 de sport\" \/>\n<meta name=\"twitter:creator\" content=\"@dicodusport\" \/>\n<meta name=\"twitter:site\" content=\"@dicodusport\" \/>\n<script type=\"application\/ld+json\" class=\"yoast-schema-graph\">{\"@context\":\"https:\/\/schema.org\",\"@graph\":[{\"@type\":\"NewsArticle\",\"@id\":\"https:\/\/dicodusport.fr\/blog\/comme-emilien-jacquelin-ces-sportifs-qui-ont-change-de-sport\/#article\",\"isPartOf\":{\"@id\":\"https:\/\/dicodusport.fr\/blog\/comme-emilien-jacquelin-ces-sportifs-qui-ont-change-de-sport\/\"},\"author\":{\"name\":\"Etienne Goursaud\",\"@id\":\"https:\/\/dicodusport.fr\/blog\/#\/schema\/person\/d603dd7da31fb2b46c82b9835a77ec13\"},\"headline\":\"Comme \u00c9milien Jacquelin, ces sportifs qui ont chang\u00e9 de sport\",\"datePublished\":\"2026-03-30T11:31:15+00:00\",\"dateModified\":\"2026-03-30T11:41:03+00:00\",\"mainEntityOfPage\":{\"@id\":\"https:\/\/dicodusport.fr\/blog\/comme-emilien-jacquelin-ces-sportifs-qui-ont-change-de-sport\/\"},\"wordCount\":1533,\"commentCount\":0,\"publisher\":{\"@id\":\"https:\/\/dicodusport.fr\/blog\/#organization\"},\"image\":{\"@id\":\"https:\/\/dicodusport.fr\/blog\/comme-emilien-jacquelin-ces-sportifs-qui-ont-change-de-sport\/#primaryimage\"},\"thumbnailUrl\":\"https:\/\/dicodusport.fr\/blog\/wp-content\/uploads\/2026\/03\/Comme-Emilien-Jacquelin-ces-sportifs-qui-ont-change-de-sport.png\",\"keywords\":[\"br\u00e8ve\",\"Emilien Jacquelin\",\"sport\",\"sports\"],\"articleSection\":[\"Sports\"],\"inLanguage\":\"fr-FR\",\"potentialAction\":[{\"@type\":\"CommentAction\",\"name\":\"Comment\",\"target\":[\"https:\/\/dicodusport.fr\/blog\/comme-emilien-jacquelin-ces-sportifs-qui-ont-change-de-sport\/#respond\"]}],\"copyrightYear\":\"2026\",\"copyrightHolder\":{\"@id\":\"https:\/\/dicodusport.fr\/blog\/#organization\"}},{\"@type\":\"WebPage\",\"@id\":\"https:\/\/dicodusport.fr\/blog\/comme-emilien-jacquelin-ces-sportifs-qui-ont-change-de-sport\/\",\"url\":\"https:\/\/dicodusport.fr\/blog\/comme-emilien-jacquelin-ces-sportifs-qui-ont-change-de-sport\/\",\"name\":\"Comme \u00c9milien Jacquelin, ces sportifs qui ont chang\u00e9 de sport\",\"isPartOf\":{\"@id\":\"https:\/\/dicodusport.fr\/blog\/#website\"},\"primaryImageOfPage\":{\"@id\":\"https:\/\/dicodusport.fr\/blog\/comme-emilien-jacquelin-ces-sportifs-qui-ont-change-de-sport\/#primaryimage\"},\"image\":{\"@id\":\"https:\/\/dicodusport.fr\/blog\/comme-emilien-jacquelin-ces-sportifs-qui-ont-change-de-sport\/#primaryimage\"},\"thumbnailUrl\":\"https:\/\/dicodusport.fr\/blog\/wp-content\/uploads\/2026\/03\/Comme-Emilien-Jacquelin-ces-sportifs-qui-ont-change-de-sport.png\",\"datePublished\":\"2026-03-30T11:31:15+00:00\",\"dateModified\":\"2026-03-30T11:41:03+00:00\",\"description\":\"Comme \u00c9milien Jacquelin, certains champions ont chang\u00e9 de sport au cours de leur carri\u00e8re. Retour sur ces sportifs qui ont r\u00e9ussi \u00e0 se r\u00e9inventer.\",\"breadcrumb\":{\"@id\":\"https:\/\/dicodusport.fr\/blog\/comme-emilien-jacquelin-ces-sportifs-qui-ont-change-de-sport\/#breadcrumb\"},\"inLanguage\":\"fr-FR\",\"potentialAction\":[{\"@type\":\"ReadAction\",\"target\":[\"https:\/\/dicodusport.fr\/blog\/comme-emilien-jacquelin-ces-sportifs-qui-ont-change-de-sport\/\"]}]},{\"@type\":\"ImageObject\",\"inLanguage\":\"fr-FR\",\"@id\":\"https:\/\/dicodusport.fr\/blog\/comme-emilien-jacquelin-ces-sportifs-qui-ont-change-de-sport\/#primaryimage\",\"url\":\"https:\/\/dicodusport.fr\/blog\/wp-content\/uploads\/2026\/03\/Comme-Emilien-Jacquelin-ces-sportifs-qui-ont-change-de-sport.png\",\"contentUrl\":\"https:\/\/dicodusport.fr\/blog\/wp-content\/uploads\/2026\/03\/Comme-Emilien-Jacquelin-ces-sportifs-qui-ont-change-de-sport.png\",\"width\":1200,\"height\":674,\"caption\":\"Comme \u00c9milien Jacquelin, ces sportifs qui ont chang\u00e9 de sport\"},{\"@type\":\"BreadcrumbList\",\"@id\":\"https:\/\/dicodusport.fr\/blog\/comme-emilien-jacquelin-ces-sportifs-qui-ont-change-de-sport\/#breadcrumb\",\"itemListElement\":[{\"@type\":\"ListItem\",\"position\":1,\"name\":\"Accueil\",\"item\":\"https:\/\/dicodusport.fr\/blog\/\"},{\"@type\":\"ListItem\",\"position\":2,\"name\":\"Comme \u00c9milien Jacquelin, ces sportifs qui ont chang\u00e9 de sport\"}]},{\"@type\":\"WebSite\",\"@id\":\"https:\/\/dicodusport.fr\/blog\/#website\",\"url\":\"https:\/\/dicodusport.fr\/blog\/\",\"name\":\"Dicodusport\",\"description\":\"L&#039;encyclop\u00e9die de l&#039;actualit\u00e9 sportive\",\"publisher\":{\"@id\":\"https:\/\/dicodusport.fr\/blog\/#organization\"},\"potentialAction\":[{\"@type\":\"SearchAction\",\"target\":{\"@type\":\"EntryPoint\",\"urlTemplate\":\"https:\/\/dicodusport.fr\/blog\/?s={search_term_string}\"},\"query-input\":{\"@type\":\"PropertyValueSpecification\",\"valueRequired\":true,\"valueName\":\"search_term_string\"}}],\"inLanguage\":\"fr-FR\"},{\"@type\":\"NewsMediaOrganization\",\"@id\":\"https:\/\/dicodusport.fr\/blog\/#organization\",\"name\":\"Dicodusport\",\"url\":\"https:\/\/dicodusport.fr\/blog\/\",\"logo\":{\"@type\":\"ImageObject\",\"inLanguage\":\"fr-FR\",\"@id\":\"https:\/\/dicodusport.fr\/blog\/#\/schema\/logo\/image\/\",\"url\":\"https:\/\/dicodusport.fr\/blog\/wp-content\/uploads\/2020\/06\/cropped-LOGO-DICODUSPORT-2020-SANS-FOND-SANS-TEXTE.png\",\"contentUrl\":\"https:\/\/dicodusport.fr\/blog\/wp-content\/uploads\/2020\/06\/cropped-LOGO-DICODUSPORT-2020-SANS-FOND-SANS-TEXTE.png\",\"width\":512,\"height\":512,\"caption\":\"Dicodusport\"},\"image\":{\"@id\":\"https:\/\/dicodusport.fr\/blog\/#\/schema\/logo\/image\/\"},\"sameAs\":[\"https:\/\/www.facebook.com\/dicodusport\",\"https:\/\/x.com\/dicodusport\",\"https:\/\/www.instagram.com\/dicodusport\/\",\"https:\/\/www.youtube.com\/channel\/UC7V2KZ5sd3htJivAbA4ZG3w\"],\"description\":\"Dicodusport est l'encyclop\u00e9die de l'actualit\u00e9 sportive.\",\"email\":\"bonjour@dicodusport.fr\",\"legalName\":\"DICODUSPORT\",\"foundingDate\":\"2018-01-14\",\"vatID\":\"FR71834470973\",\"taxID\":\"83447097300043\",\"numberOfEmployees\":{\"@type\":\"QuantitativeValue\",\"minValue\":\"1\",\"maxValue\":\"10\"}},{\"@type\":\"Person\",\"@id\":\"https:\/\/dicodusport.fr\/blog\/#\/schema\/person\/d603dd7da31fb2b46c82b9835a77ec13\",\"name\":\"Etienne Goursaud\",\"image\":{\"@type\":\"ImageObject\",\"inLanguage\":\"fr-FR\",\"@id\":\"https:\/\/dicodusport.fr\/blog\/#\/schema\/person\/image\/\",\"url\":\"https:\/\/dicodusport.fr\/blog\/wp-content\/uploads\/2023\/12\/410122264_10231602061736049_5565839791558026645_n-150x150.jpg\",\"contentUrl\":\"https:\/\/dicodusport.fr\/blog\/wp-content\/uploads\/2023\/12\/410122264_10231602061736049_5565839791558026645_n-150x150.jpg\",\"caption\":\"Etienne Goursaud\"},\"description\":\"Journaliste et amoureux de sport. Ancien footballeur reconverti athl\u00e8te quand ses muscles le laissent tranquille. \u00c9lev\u00e9 \u00e0 la sauce des exploits de Thomas Voeckler en 2004, du dernier essai de l\u00e9gende de Eunice Barber \u00e0 la longueur lors des championnats du monde d'athl\u00e9tisme de 2003 mais aussi Zidane, Omeyer et Titou Lamaison.\",\"url\":\"https:\/\/dicodusport.fr\/blog\/author\/etienne-goursaud\/\"}]}<\/script>\n<!-- \/ Yoast SEO Premium plugin. -->","yoast_head_json":{"title":"Comme \u00c9milien Jacquelin, ces sportifs qui ont chang\u00e9 de sport","description":"Comme \u00c9milien Jacquelin, certains champions ont chang\u00e9 de sport au cours de leur carri\u00e8re. Retour sur ces sportifs qui ont r\u00e9ussi \u00e0 se r\u00e9inventer.","robots":{"index":"index","follow":"follow","max-snippet":"max-snippet:-1","max-image-preview":"max-image-preview:large","max-video-preview":"max-video-preview:-1"},"canonical":"https:\/\/dicodusport.fr\/blog\/comme-emilien-jacquelin-ces-sportifs-qui-ont-change-de-sport\/","og_locale":"fr_FR","og_type":"article","og_title":"Comme \u00c9milien Jacquelin, ces sportifs qui ont chang\u00e9 de sport","og_description":"Comme \u00c9milien Jacquelin, certains champions ont chang\u00e9 de sport au cours de leur carri\u00e8re. Retour sur ces sportifs qui ont r\u00e9ussi \u00e0 se r\u00e9inventer.","og_url":"https:\/\/dicodusport.fr\/blog\/comme-emilien-jacquelin-ces-sportifs-qui-ont-change-de-sport\/","og_site_name":"Dicodusport","article_publisher":"https:\/\/www.facebook.com\/dicodusport","article_published_time":"2026-03-30T11:31:15+00:00","article_modified_time":"2026-03-30T11:41:03+00:00","og_image":[{"width":1200,"height":674,"url":"https:\/\/dicodusport.fr\/blog\/wp-content\/uploads\/2026\/03\/Comme-Emilien-Jacquelin-ces-sportifs-qui-ont-change-de-sport.png","type":"image\/png"}],"author":"Etienne Goursaud","twitter_card":"summary_large_image","twitter_title":"Comme \u00c9milien Jacquelin, ces sportifs qui ont chang\u00e9 de sport","twitter_creator":"@dicodusport","twitter_site":"@dicodusport","schema":{"@context":"https:\/\/schema.org","@graph":[{"@type":"NewsArticle","@id":"https:\/\/dicodusport.fr\/blog\/comme-emilien-jacquelin-ces-sportifs-qui-ont-change-de-sport\/#article","isPartOf":{"@id":"https:\/\/dicodusport.fr\/blog\/comme-emilien-jacquelin-ces-sportifs-qui-ont-change-de-sport\/"},"author":{"name":"Etienne Goursaud","@id":"https:\/\/dicodusport.fr\/blog\/#\/schema\/person\/d603dd7da31fb2b46c82b9835a77ec13"},"headline":"Comme \u00c9milien Jacquelin, ces sportifs qui ont chang\u00e9 de sport","datePublished":"2026-03-30T11:31:15+00:00","dateModified":"2026-03-30T11:41:03+00:00","mainEntityOfPage":{"@id":"https:\/\/dicodusport.fr\/blog\/comme-emilien-jacquelin-ces-sportifs-qui-ont-change-de-sport\/"},"wordCount":1533,"commentCount":0,"publisher":{"@id":"https:\/\/dicodusport.fr\/blog\/#organization"},"image":{"@id":"https:\/\/dicodusport.fr\/blog\/comme-emilien-jacquelin-ces-sportifs-qui-ont-change-de-sport\/#primaryimage"},"thumbnailUrl":"https:\/\/dicodusport.fr\/blog\/wp-content\/uploads\/2026\/03\/Comme-Emilien-Jacquelin-ces-sportifs-qui-ont-change-de-sport.png","keywords":["br\u00e8ve","Emilien Jacquelin","sport","sports"],"articleSection":["Sports"],"inLanguage":"fr-FR","potentialAction":[{"@type":"CommentAction","name":"Comment","target":["https:\/\/dicodusport.fr\/blog\/comme-emilien-jacquelin-ces-sportifs-qui-ont-change-de-sport\/#respond"]}],"copyrightYear":"2026","copyrightHolder":{"@id":"https:\/\/dicodusport.fr\/blog\/#organization"}},{"@type":"WebPage","@id":"https:\/\/dicodusport.fr\/blog\/comme-emilien-jacquelin-ces-sportifs-qui-ont-change-de-sport\/","url":"https:\/\/dicodusport.fr\/blog\/comme-emilien-jacquelin-ces-sportifs-qui-ont-change-de-sport\/","name":"Comme \u00c9milien Jacquelin, ces sportifs qui ont chang\u00e9 de sport","isPartOf":{"@id":"https:\/\/dicodusport.fr\/blog\/#website"},"primaryImageOfPage":{"@id":"https:\/\/dicodusport.fr\/blog\/comme-emilien-jacquelin-ces-sportifs-qui-ont-change-de-sport\/#primaryimage"},"image":{"@id":"https:\/\/dicodusport.fr\/blog\/comme-emilien-jacquelin-ces-sportifs-qui-ont-change-de-sport\/#primaryimage"},"thumbnailUrl":"https:\/\/dicodusport.fr\/blog\/wp-content\/uploads\/2026\/03\/Comme-Emilien-Jacquelin-ces-sportifs-qui-ont-change-de-sport.png","datePublished":"2026-03-30T11:31:15+00:00","dateModified":"2026-03-30T11:41:03+00:00","description":"Comme \u00c9milien Jacquelin, certains champions ont chang\u00e9 de sport au cours de leur carri\u00e8re. Retour sur ces sportifs qui ont r\u00e9ussi \u00e0 se r\u00e9inventer.","breadcrumb":{"@id":"https:\/\/dicodusport.fr\/blog\/comme-emilien-jacquelin-ces-sportifs-qui-ont-change-de-sport\/#breadcrumb"},"inLanguage":"fr-FR","potentialAction":[{"@type":"ReadAction","target":["https:\/\/dicodusport.fr\/blog\/comme-emilien-jacquelin-ces-sportifs-qui-ont-change-de-sport\/"]}]},{"@type":"ImageObject","inLanguage":"fr-FR","@id":"https:\/\/dicodusport.fr\/blog\/comme-emilien-jacquelin-ces-sportifs-qui-ont-change-de-sport\/#primaryimage","url":"https:\/\/dicodusport.fr\/blog\/wp-content\/uploads\/2026\/03\/Comme-Emilien-Jacquelin-ces-sportifs-qui-ont-change-de-sport.png","contentUrl":"https:\/\/dicodusport.fr\/blog\/wp-content\/uploads\/2026\/03\/Comme-Emilien-Jacquelin-ces-sportifs-qui-ont-change-de-sport.png","width":1200,"height":674,"caption":"Comme \u00c9milien Jacquelin, ces sportifs qui ont chang\u00e9 de sport"},{"@type":"BreadcrumbList","@id":"https:\/\/dicodusport.fr\/blog\/comme-emilien-jacquelin-ces-sportifs-qui-ont-change-de-sport\/#breadcrumb","itemListElement":[{"@type":"ListItem","position":1,"name":"Accueil","item":"https:\/\/dicodusport.fr\/blog\/"},{"@type":"ListItem","position":2,"name":"Comme \u00c9milien Jacquelin, ces sportifs qui ont chang\u00e9 de sport"}]},{"@type":"WebSite","@id":"https:\/\/dicodusport.fr\/blog\/#website","url":"https:\/\/dicodusport.fr\/blog\/","name":"Dicodusport","description":"L&#039;encyclop\u00e9die de l&#039;actualit\u00e9 sportive","publisher":{"@id":"https:\/\/dicodusport.fr\/blog\/#organization"},"potentialAction":[{"@type":"SearchAction","target":{"@type":"EntryPoint","urlTemplate":"https:\/\/dicodusport.fr\/blog\/?s={search_term_string}"},"query-input":{"@type":"PropertyValueSpecification","valueRequired":true,"valueName":"search_term_string"}}],"inLanguage":"fr-FR"},{"@type":"NewsMediaOrganization","@id":"https:\/\/dicodusport.fr\/blog\/#organization","name":"Dicodusport","url":"https:\/\/dicodusport.fr\/blog\/","logo":{"@type":"ImageObject","inLanguage":"fr-FR","@id":"https:\/\/dicodusport.fr\/blog\/#\/schema\/logo\/image\/","url":"https:\/\/dicodusport.fr\/blog\/wp-content\/uploads\/2020\/06\/cropped-LOGO-DICODUSPORT-2020-SANS-FOND-SANS-TEXTE.png","contentUrl":"https:\/\/dicodusport.fr\/blog\/wp-content\/uploads\/2020\/06\/cropped-LOGO-DICODUSPORT-2020-SANS-FOND-SANS-TEXTE.png","width":512,"height":512,"caption":"Dicodusport"},"image":{"@id":"https:\/\/dicodusport.fr\/blog\/#\/schema\/logo\/image\/"},"sameAs":["https:\/\/www.facebook.com\/dicodusport","https:\/\/x.com\/dicodusport","https:\/\/www.instagram.com\/dicodusport\/","https:\/\/www.youtube.com\/channel\/UC7V2KZ5sd3htJivAbA4ZG3w"],"description":"Dicodusport est l'encyclop\u00e9die de l'actualit\u00e9 sportive.","email":"bonjour@dicodusport.fr","legalName":"DICODUSPORT","foundingDate":"2018-01-14","vatID":"FR71834470973","taxID":"83447097300043","numberOfEmployees":{"@type":"QuantitativeValue","minValue":"1","maxValue":"10"}},{"@type":"Person","@id":"https:\/\/dicodusport.fr\/blog\/#\/schema\/person\/d603dd7da31fb2b46c82b9835a77ec13","name":"Etienne Goursaud","image":{"@type":"ImageObject","inLanguage":"fr-FR","@id":"https:\/\/dicodusport.fr\/blog\/#\/schema\/person\/image\/","url":"https:\/\/dicodusport.fr\/blog\/wp-content\/uploads\/2023\/12\/410122264_10231602061736049_5565839791558026645_n-150x150.jpg","contentUrl":"https:\/\/dicodusport.fr\/blog\/wp-content\/uploads\/2023\/12\/410122264_10231602061736049_5565839791558026645_n-150x150.jpg","caption":"Etienne Goursaud"},"description":"Journaliste et amoureux de sport. Ancien footballeur reconverti athl\u00e8te quand ses muscles le laissent tranquille. \u00c9lev\u00e9 \u00e0 la sauce des exploits de Thomas Voeckler en 2004, du dernier essai de l\u00e9gende de Eunice Barber \u00e0 la longueur lors des championnats du monde d'athl\u00e9tisme de 2003 mais aussi Zidane, Omeyer et Titou Lamaison.","url":"https:\/\/dicodusport.fr\/blog\/author\/etienne-goursaud\/"}]}},"_links":{"self":[{"href":"https:\/\/dicodusport.fr\/blog\/wp-json\/wp\/v2\/posts\/659300","targetHints":{"allow":["GET"]}}],"collection":[{"href":"https:\/\/dicodusport.fr\/blog\/wp-json\/wp\/v2\/posts"}],"about":[{"href":"https:\/\/dicodusport.fr\/blog\/wp-json\/wp\/v2\/types\/post"}],"author":[{"embeddable":true,"href":"https:\/\/dicodusport.fr\/blog\/wp-json\/wp\/v2\/users\/83"}],"replies":[{"embeddable":true,"href":"https:\/\/dicodusport.fr\/blog\/wp-json\/wp\/v2\/comments?post=659300"}],"version-history":[{"count":5,"href":"https:\/\/dicodusport.fr\/blog\/wp-json\/wp\/v2\/posts\/659300\/revisions"}],"predecessor-version":[{"id":659425,"href":"https:\/\/dicodusport.fr\/blog\/wp-json\/wp\/v2\/posts\/659300\/revisions\/659425"}],"wp:featuredmedia":[{"embeddable":true,"href":"https:\/\/dicodusport.fr\/blog\/wp-json\/wp\/v2\/media\/659422"}],"wp:attachment":[{"href":"https:\/\/dicodusport.fr\/blog\/wp-json\/wp\/v2\/media?parent=659300"}],"wp:term":[{"taxonomy":"category","embeddable":true,"href":"https:\/\/dicodusport.fr\/blog\/wp-json\/wp\/v2\/categories?post=659300"},{"taxonomy":"post_tag","embeddable":true,"href":"https:\/\/dicodusport.fr\/blog\/wp-json\/wp\/v2\/tags?post=659300"}],"curies":[{"name":"wp","href":"https:\/\/api.w.org\/{rel}","templated":true}]}}