{"id":659596,"date":"2026-04-04T10:00:32","date_gmt":"2026-04-04T08:00:32","guid":{"rendered":"https:\/\/dicodusport.fr\/blog\/?p=659596&#038;preview=true&#038;preview_id=659596"},"modified":"2026-04-04T16:18:37","modified_gmt":"2026-04-04T14:18:37","slug":"ces-francais-a-suivre-sur-le-tour-des-flandres-2026","status":"publish","type":"post","link":"https:\/\/dicodusport.fr\/blog\/ces-francais-a-suivre-sur-le-tour-des-flandres-2026\/","title":{"rendered":"Ces Fran\u00e7ais \u00e0 suivre sur le Tour des Flandres 2026"},"content":{"rendered":"<p style=\"text-align: justify;\"><strong><em>Les Fran\u00e7ais peuvent-ils enfin briller sur le Tour des Flandres 2026 ? Entre espoirs, outsiders et histoire compliqu\u00e9e sur le Ronde, focus sur les chances tricolores dans le Monument flandrien.<\/em><\/strong><\/p>\n<ul>\n<li><strong>\u00c0 ce sujet &#8211; <a href=\"https:\/\/dicodusport.fr\/blog\/tour-des-flandres-2026-decouvrez-le-parcours-dantesque-et-le-profil-du-ronde\/\">Tour des Flandres 2026 : d\u00e9couvrez le parcours dantesque et le profil du Ronde\u00a0<\/a><\/strong><\/li>\n<\/ul>\n<h2 style=\"text-align: justify;\">Le Tour des Flandres : le Monument qui r\u00e9ussit le moins aux Fran\u00e7ais<\/h2>\n<p style=\"text-align: justify;\">Pourtant voisin de la fronti\u00e8re fran\u00e7aise, le Tour des Flandres est le Monument qui r\u00e9ussit le moins au cyclisme tricolore. Ils ne sont que trois \u00e0 avoir lev\u00e9 les bras sur le Ronde. Si <strong>Louison Bobet<\/strong> (1955) et <strong>Jean Forestier<\/strong> (1956) ont encha\u00een\u00e9 deux succ\u00e8s de rang, il faudra attendre 1992 et <strong>Jacky Durand<\/strong> pour voir un Tricolore remporter la course. Sans doute la victoire la plus improbable de l&rsquo;histoire de l\u2019\u00e9preuve et l\u2019une des plus marquantes du cyclisme fran\u00e7ais.<\/p>\n<div class=\"vlp-link-container vlp-layout-article\"><a href=\"https:\/\/dicodusport.fr\/blog\/tour-des-flandres-2025-le-deuxieme-triomphe-de-tadej-pogacar\/\" class=\"vlp-link\" title=\"Tour des Flandres 2025 : Le deuxi\u00e8me triomphe de Tadej Pogacar\"><\/a><div class=\"vlp-layout-zone-side\"><div class=\"vlp-block-4 vlp-link-image\"><img loading=\"lazy\" decoding=\"async\" style=\"max-width: 792px;\" width=\"792\" height=\"445\" src=\"https:\/\/dicodusport.fr\/blog\/wp-content\/uploads\/2025\/04\/Tour-des-Flandres-2025-Le-deuxieme-triomphe-de-Tadej-Pogacar-1.png\" class=\"attachment-800x445 size-800x445\" alt=\"Tour des Flandres 2025 Le deuxi\u00e8me triomphe de Tadej Pogacar\" srcset=\"https:\/\/dicodusport.fr\/blog\/wp-content\/uploads\/2025\/04\/Tour-des-Flandres-2025-Le-deuxieme-triomphe-de-Tadej-Pogacar-1.png 1200w, https:\/\/dicodusport.fr\/blog\/wp-content\/uploads\/2025\/04\/Tour-des-Flandres-2025-Le-deuxieme-triomphe-de-Tadej-Pogacar-1-300x169.png 300w, https:\/\/dicodusport.fr\/blog\/wp-content\/uploads\/2025\/04\/Tour-des-Flandres-2025-Le-deuxieme-triomphe-de-Tadej-Pogacar-1-1024x575.png 1024w, https:\/\/dicodusport.fr\/blog\/wp-content\/uploads\/2025\/04\/Tour-des-Flandres-2025-Le-deuxieme-triomphe-de-Tadej-Pogacar-1-768x431.png 768w\" sizes=\"auto, (max-width: 792px) 100vw, 792px\" \/><\/div><\/div><div class=\"vlp-layout-zone-main\"><div class=\"vlp-block-0 vlp-link-title\">Tour des Flandres 2025 : Le deuxi\u00e8me triomphe de Tadej Pogacar<\/div><div class=\"vlp-block-1 vlp-link-summary\">TOUR DES FLANDRES 2025 - Tadej Pogacar (UAE Team Emirates XRG) s'est impos\u00e9 ce dimanche sur la 109\u00e8me \u00e9dition. Le Slov\u00e8ne a sign\u00e9 son deuxi\u00e8me succ\u00e8s sur le Ronde apr\u00e8s 2023, et a remport\u00e9 son huiti\u00e8me Monument.<\/div><div class=\"vlp-block-2 vlp-link-button\">Lire l'article<\/div><div class=\"vlp-block-3 vlp-link-url\">dicodusport.fr<\/div><\/div><\/div>\n<p style=\"text-align: justify;\">Depuis ? Plus rien. Le d\u00e9sormais consultant pour Eurosport se cherche un successeur 34 ans apr\u00e8s. Plus que le manque de victoires, les Fran\u00e7ais peinent \u00e0 s&rsquo;inviter sur le podium. Au XXIe si\u00e8cle, seuls <strong>Sylvain Chavanel<\/strong> (2e en 2011) et <strong>Valentin Madouas<\/strong> (3e en 2022) sont mont\u00e9s sur la bo\u00eete. Les deux ont jou\u00e9 la victoire. Depuis <strong>Valentin Madouas<\/strong>, c&rsquo;est tr\u00e8s compliqu\u00e9 pour les Tricolores. <strong>Aur\u00e9lien Paret-Peintre<\/strong>, 16e, est le meilleur Fran\u00e7ais en 2025. <strong>Valentin Madouas<\/strong> avait termin\u00e9 au m\u00eame rang en 2024, tandis que <strong>Christophe Laporte<\/strong> avait pris la 14e place en 2023.<\/p>\n<ul>\n<li style=\"text-align: justify;\"><strong>\u00c0 ce sujet &#8211; <a href=\"https:\/\/dicodusport.fr\/blog\/actualites\/cyclisme\/\">L&rsquo;actualit\u00e9 du cyclisme<\/a><\/strong><\/li>\n<\/ul>\n<h2>Christophe Laporte la meilleure carte, mais&#8230;<\/h2>\n<p style=\"text-align: justify;\">Cette ann\u00e9e, quinze Fran\u00e7ais se lancent \u00e0 l&rsquo;assaut du Ronde 2026. Et ce n&rsquo;est pas faire preuve de pessimisme que de craindre de les voir en retrait. La meilleure carte, au vu des r\u00e9sultats r\u00e9cents, semble \u00eatre <strong>Christophe Laporte<\/strong> (Visma-Lease a bike). Probl\u00e8me : il ne sera pas le leader de la formation n\u00e9erlandaise. Avec un <strong>Wout Van Aert<\/strong> revenu en grande forme et pass\u00e9 tout pr\u00e8s de la gagne <a href=\"https:\/\/dicodusport.fr\/blog\/jasper-philipsen-sadjuge-gand-wevelgem-in-flanders-field-au-sprint-a-la-suite-dun-final-haletant\/\">sur Gand-Wevelgem<\/a> dimanche dernier et <a href=\"https:\/\/dicodusport.fr\/blog\/au-terme-dun-final-fou-filippo-ganna-remporte-a-travers-la-flandre-devant-wout-van-aert\/\">sur \u00c0 Travers la Flandre<\/a> mercredi. Sans oublier sa 3e place sur Milan-San Remo.<\/p>\n<ul>\n<li style=\"text-align: justify;\"><strong>\u00c0 ce sujet \u2013\u00a0<a href=\"https:\/\/dicodusport.fr\/blog\/tour-des-flandres-2026-a-quelle-heure-et-sur-quelle-chaine-tv-suivre-le-ronde-en-direct\/\">Tour des Flandres 2026 : \u00e0 quelle heure et sur quelle cha\u00eene TV suivre le Ronde en direct ?<\/a><\/strong><\/li>\n<\/ul>\n<p style=\"text-align: justify;\">Jamais depuis 2023, le Belge n&rsquo;a sembl\u00e9 aussi proche de jouer la gagne d&rsquo;un Monument, m\u00eame si <strong>Tadej Pogacar<\/strong> (UAE Team Emirates-XRG) en sera l&rsquo;immense favori dimanche : le Slov\u00e8ne sera par ailleurs \u00e9paul\u00e9 par un certain <strong>Beno\u00eet Cosnefroy<\/strong>, invit\u00e9 de derni\u00e8re minute chez les \u00c9mirates. La Visma-Lease a Bike compte aussi sur le travail d&rsquo;<strong>Axel Zingle<\/strong>, \u00e0 l&rsquo;aise sur les monts pav\u00e9s. Un r\u00f4le d&rsquo;\u00e9quipier qu&rsquo;occupera \u00e9galement <strong>Florian S\u00e9n\u00e9chal<\/strong> chez Alpecin-Premier Tech pour son leader <strong>Mathieu van der Poel<\/strong>.<\/p>\n<div class=\"vlp-link-container vlp-layout-article\"><a href=\"https:\/\/dicodusport.fr\/blog\/tour-des-flandres-2026-les-favoris-et-la-liste-des-engages-du-ronde\/\" class=\"vlp-link\" title=\"Tour des Flandres 2026 : les favoris et la liste des engag\u00e9s du Ronde\"><\/a><div class=\"vlp-layout-zone-side\"><div class=\"vlp-block-4 vlp-link-image\"><img loading=\"lazy\" decoding=\"async\" style=\"max-width: 792px;\" width=\"792\" height=\"445\" src=\"https:\/\/dicodusport.fr\/blog\/wp-content\/uploads\/2026\/04\/Tour-des-Flandres-2026-les-favoris-et-la-liste-des-engages-du-Ronde.png\" class=\"attachment-800x445 size-800x445\" alt=\"Tour des Flandres 2026 les favoris et la liste des engag\u00e9s du Ronde\" srcset=\"https:\/\/dicodusport.fr\/blog\/wp-content\/uploads\/2026\/04\/Tour-des-Flandres-2026-les-favoris-et-la-liste-des-engages-du-Ronde.png 1200w, https:\/\/dicodusport.fr\/blog\/wp-content\/uploads\/2026\/04\/Tour-des-Flandres-2026-les-favoris-et-la-liste-des-engages-du-Ronde-300x169.png 300w, https:\/\/dicodusport.fr\/blog\/wp-content\/uploads\/2026\/04\/Tour-des-Flandres-2026-les-favoris-et-la-liste-des-engages-du-Ronde-1024x575.png 1024w, https:\/\/dicodusport.fr\/blog\/wp-content\/uploads\/2026\/04\/Tour-des-Flandres-2026-les-favoris-et-la-liste-des-engages-du-Ronde-768x431.png 768w\" sizes=\"auto, (max-width: 792px) 100vw, 792px\" \/><\/div><\/div><div class=\"vlp-layout-zone-main\"><div class=\"vlp-block-0 vlp-link-title\">Tour des Flandres 2026 : les favoris et la liste des engag\u00e9s du Ronde<\/div><div class=\"vlp-block-1 vlp-link-summary\">Tour des Flandres 2026 : d\u00e9couvrez les favoris et la liste des engag\u00e9s du Ronde van Vlaanderen avec Pogacar, van der Poel, Van Aert et Evenepoel.\u00a0<\/div><div class=\"vlp-block-2 vlp-link-button\">Lire l'article<\/div><div class=\"vlp-block-3 vlp-link-url\">dicodusport.fr<\/div><\/div><\/div>\n<h2>La Groupama-FDJ United group\u00e9e, mais sans grand leader<\/h2>\n<p style=\"text-align: justify;\">Derri\u00e8re ? Rien n&rsquo;incite vraiment \u00e0 l&rsquo;optimisme. La formation Groupama-FDJ United am\u00e8ne une \u00e9quipe presque 100 % tricolore, avec plusieurs cartes. Mais peut-elle r\u00eaver d&rsquo;un top 10 ? On a vu <strong>Romain Gr\u00e9goire<\/strong> \u00e0 l&rsquo;attaque ce mercredi. Mais le puncheur fran\u00e7ais a explos\u00e9 dans la roue de <strong>Wout Van Aert<\/strong>. <strong>Thibaud Gruel<\/strong> et <strong>Axel Huens<\/strong> ont montr\u00e9 de belles choses sur chaque classique disput\u00e9e, mais sans parvenir \u00e0 obtenir de r\u00e9sultats probants.<\/p>\n<p style=\"text-align: justify;\">Et <strong>Valentin Madouas<\/strong> ne semble pas avoir les m\u00eames jambes que lors de sa 3e place en 2022, malgr\u00e9 une belle activit\u00e9 mercredi vers Waregem. Mais le Ronde a parfois souri \u00e0 des coureurs qui ont anticip\u00e9. Pourquoi ne pas partir de loin et r\u00eaver d&rsquo;un top 10 ?<\/p>\n<p style=\"text-align: justify;\">Tr\u00e8s malchanceux depuis le d\u00e9but des classiques flandriennes, <strong>Paul Magnier<\/strong> reste une des cartes de la Soudal-Quick Step. Une formation belge qui est en train de passer quelque peu au travers de ses Flandriennes. 62e l&rsquo;an pass\u00e9 pour sa premi\u00e8re participation, le sprinteur peut-il ambitionner un top 10 ? Il semble encore un peu tendre dans les monts, comme <strong>Hugo Page<\/strong> (Cofidis), qui sort n\u00e9anmoins d&rsquo;une 12e place sur \u00c0 Travers la Flandre, son meilleur r\u00e9sultat sur une Flandrienne depuis le d\u00e9but de la saison.<\/p>\n<h3>\u00c0 ce sujet<\/h3>\n<div class=\"vlp-link-container vlp-layout-article\"><a href=\"https:\/\/dicodusport.fr\/blog\/remco-evenepoel-sera-au-depart-du-tour-des-flandres-ce-dimanche\/\" class=\"vlp-link\" title=\"Remco Evenepoel sera au d\u00e9part du Tour des Flandres ce dimanche\"><\/a><div class=\"vlp-layout-zone-side\"><div class=\"vlp-block-4 vlp-link-image\"><img loading=\"lazy\" decoding=\"async\" style=\"max-width: 792px;\" width=\"792\" height=\"445\" src=\"https:\/\/dicodusport.fr\/blog\/wp-content\/uploads\/2026\/04\/Remco-Evenepoel-sera-au-depart-du-Tour-des-Flandres-ce-dimanche.png\" class=\"attachment-800x445 size-800x445\" alt=\"Remco Evenepoel sera au d\u00e9part du Tour des Flandres ce dimanche\" srcset=\"https:\/\/dicodusport.fr\/blog\/wp-content\/uploads\/2026\/04\/Remco-Evenepoel-sera-au-depart-du-Tour-des-Flandres-ce-dimanche.png 1200w, https:\/\/dicodusport.fr\/blog\/wp-content\/uploads\/2026\/04\/Remco-Evenepoel-sera-au-depart-du-Tour-des-Flandres-ce-dimanche-300x169.png 300w, https:\/\/dicodusport.fr\/blog\/wp-content\/uploads\/2026\/04\/Remco-Evenepoel-sera-au-depart-du-Tour-des-Flandres-ce-dimanche-1024x575.png 1024w, https:\/\/dicodusport.fr\/blog\/wp-content\/uploads\/2026\/04\/Remco-Evenepoel-sera-au-depart-du-Tour-des-Flandres-ce-dimanche-768x431.png 768w\" sizes=\"auto, (max-width: 792px) 100vw, 792px\" \/><\/div><\/div><div class=\"vlp-layout-zone-main\"><div class=\"vlp-block-0 vlp-link-title\">Remco Evenepoel sera au d\u00e9part du Tour des Flandres ce dimanche<\/div><div class=\"vlp-block-1 vlp-link-summary\">TOUR DES FLANDRES 2026 - Suite \u00e0 plusieurs jours d'incertitude, Remco Evenepoel va finalement s'aligner au d\u00e9part du 2\u00e8me Monument de l'ann\u00e9e.<\/div><div class=\"vlp-block-2 vlp-link-button\">Lire l'article<\/div><div class=\"vlp-block-3 vlp-link-url\">dicodusport.fr<\/div><\/div><\/div>\n","protected":false},"excerpt":{"rendered":"<p>Les Fran\u00e7ais peuvent-ils enfin briller sur le Tour des Flandres 2026 ? Entre espoirs, outsiders et histoire compliqu\u00e9e sur le Ronde, focus sur les chances tricolores dans le Monument flandrien.<\/p>\n","protected":false},"author":83,"featured_media":659850,"comment_status":"open","ping_status":"closed","sticky":false,"template":"","format":"standard","meta":{"_acf_changed":false,"_daextam_enable_autolinks":"1","footnotes":""},"categories":[46994],"tags":[16878,574,3118,11197,24,4325],"class_list":["post-659596","post","type-post","status-publish","format-standard","has-post-thumbnail","hentry","category-cyclisme-sur-route","tag-breve","tag-cyclisme","tag-cyclisme-francais","tag-cyclisme-sur-route","tag-sport","tag-tour-des-flandres"],"acf":[],"yoast_head":"<!-- This site is optimized with the Yoast SEO Premium plugin v26.7 (Yoast SEO v26.7) - https:\/\/yoast.com\/wordpress\/plugins\/seo\/ -->\n<title>Ces Fran\u00e7ais \u00e0 suivre sur le Tour des Flandres 2026<\/title>\n<meta name=\"description\" content=\"Les Fran\u00e7ais peuvent-ils enfin briller sur le Tour des Flandres 2026 ? Entre espoirs, outsiders et histoire compliqu\u00e9e sur le Ronde, focus sur les chances tricolores dans le Monument flandrien.\" \/>\n<meta name=\"robots\" content=\"index, follow, max-snippet:-1, max-image-preview:large, max-video-preview:-1\" \/>\n<link rel=\"canonical\" href=\"https:\/\/dicodusport.fr\/blog\/ces-francais-a-suivre-sur-le-tour-des-flandres-2026\/\" \/>\n<meta property=\"og:locale\" content=\"fr_FR\" \/>\n<meta property=\"og:type\" content=\"article\" \/>\n<meta property=\"og:title\" content=\"Ces Fran\u00e7ais \u00e0 suivre sur le Tour des Flandres 2026\" \/>\n<meta property=\"og:description\" content=\"Les Fran\u00e7ais peuvent-ils enfin briller sur le Tour des Flandres 2026 ? Entre espoirs, outsiders et histoire compliqu\u00e9e sur le Ronde, focus sur les chances tricolores dans le Monument flandrien.\" \/>\n<meta property=\"og:url\" content=\"https:\/\/dicodusport.fr\/blog\/ces-francais-a-suivre-sur-le-tour-des-flandres-2026\/\" \/>\n<meta property=\"og:site_name\" content=\"Dicodusport\" \/>\n<meta property=\"article:publisher\" content=\"https:\/\/www.facebook.com\/dicodusport\" \/>\n<meta property=\"article:published_time\" content=\"2026-04-04T08:00:32+00:00\" \/>\n<meta property=\"article:modified_time\" content=\"2026-04-04T14:18:37+00:00\" \/>\n<meta property=\"og:image\" content=\"https:\/\/dicodusport.fr\/blog\/wp-content\/uploads\/2026\/04\/Ces-Francais-a-suivre-sur-le-Tour-des-Flandres-2026.png\" \/>\n\t<meta property=\"og:image:width\" content=\"1200\" \/>\n\t<meta property=\"og:image:height\" content=\"680\" \/>\n\t<meta property=\"og:image:type\" content=\"image\/png\" \/>\n<meta name=\"author\" content=\"Etienne Goursaud\" \/>\n<meta name=\"twitter:card\" content=\"summary_large_image\" \/>\n<meta name=\"twitter:title\" content=\"Ces Fran\u00e7ais \u00e0 suivre sur le Tour des Flandres 2026\" \/>\n<meta name=\"twitter:creator\" content=\"@dicodusport\" \/>\n<meta name=\"twitter:site\" content=\"@dicodusport\" \/>\n<script type=\"application\/ld+json\" class=\"yoast-schema-graph\">{\"@context\":\"https:\/\/schema.org\",\"@graph\":[{\"@type\":\"NewsArticle\",\"@id\":\"https:\/\/dicodusport.fr\/blog\/ces-francais-a-suivre-sur-le-tour-des-flandres-2026\/#article\",\"isPartOf\":{\"@id\":\"https:\/\/dicodusport.fr\/blog\/ces-francais-a-suivre-sur-le-tour-des-flandres-2026\/\"},\"author\":{\"name\":\"Etienne Goursaud\",\"@id\":\"https:\/\/dicodusport.fr\/blog\/#\/schema\/person\/d603dd7da31fb2b46c82b9835a77ec13\"},\"headline\":\"Ces Fran\u00e7ais \u00e0 suivre sur le Tour des Flandres 2026\",\"datePublished\":\"2026-04-04T08:00:32+00:00\",\"dateModified\":\"2026-04-04T14:18:37+00:00\",\"mainEntityOfPage\":{\"@id\":\"https:\/\/dicodusport.fr\/blog\/ces-francais-a-suivre-sur-le-tour-des-flandres-2026\/\"},\"wordCount\":941,\"commentCount\":0,\"publisher\":{\"@id\":\"https:\/\/dicodusport.fr\/blog\/#organization\"},\"image\":{\"@id\":\"https:\/\/dicodusport.fr\/blog\/ces-francais-a-suivre-sur-le-tour-des-flandres-2026\/#primaryimage\"},\"thumbnailUrl\":\"https:\/\/dicodusport.fr\/blog\/wp-content\/uploads\/2026\/04\/Ces-Francais-a-suivre-sur-le-Tour-des-Flandres-2026.png\",\"keywords\":[\"br\u00e8ve\",\"Cyclisme\",\"cyclisme fran\u00e7ais\",\"Cyclisme sur route\",\"sport\",\"Tour des Flandres\"],\"articleSection\":[\"Cyclisme sur route\"],\"inLanguage\":\"fr-FR\",\"potentialAction\":[{\"@type\":\"CommentAction\",\"name\":\"Comment\",\"target\":[\"https:\/\/dicodusport.fr\/blog\/ces-francais-a-suivre-sur-le-tour-des-flandres-2026\/#respond\"]}],\"copyrightYear\":\"2026\",\"copyrightHolder\":{\"@id\":\"https:\/\/dicodusport.fr\/blog\/#organization\"}},{\"@type\":\"WebPage\",\"@id\":\"https:\/\/dicodusport.fr\/blog\/ces-francais-a-suivre-sur-le-tour-des-flandres-2026\/\",\"url\":\"https:\/\/dicodusport.fr\/blog\/ces-francais-a-suivre-sur-le-tour-des-flandres-2026\/\",\"name\":\"Ces Fran\u00e7ais \u00e0 suivre sur le Tour des Flandres 2026\",\"isPartOf\":{\"@id\":\"https:\/\/dicodusport.fr\/blog\/#website\"},\"primaryImageOfPage\":{\"@id\":\"https:\/\/dicodusport.fr\/blog\/ces-francais-a-suivre-sur-le-tour-des-flandres-2026\/#primaryimage\"},\"image\":{\"@id\":\"https:\/\/dicodusport.fr\/blog\/ces-francais-a-suivre-sur-le-tour-des-flandres-2026\/#primaryimage\"},\"thumbnailUrl\":\"https:\/\/dicodusport.fr\/blog\/wp-content\/uploads\/2026\/04\/Ces-Francais-a-suivre-sur-le-Tour-des-Flandres-2026.png\",\"datePublished\":\"2026-04-04T08:00:32+00:00\",\"dateModified\":\"2026-04-04T14:18:37+00:00\",\"description\":\"Les Fran\u00e7ais peuvent-ils enfin briller sur le Tour des Flandres 2026 ? Entre espoirs, outsiders et histoire compliqu\u00e9e sur le Ronde, focus sur les chances tricolores dans le Monument flandrien.\",\"breadcrumb\":{\"@id\":\"https:\/\/dicodusport.fr\/blog\/ces-francais-a-suivre-sur-le-tour-des-flandres-2026\/#breadcrumb\"},\"inLanguage\":\"fr-FR\",\"potentialAction\":[{\"@type\":\"ReadAction\",\"target\":[\"https:\/\/dicodusport.fr\/blog\/ces-francais-a-suivre-sur-le-tour-des-flandres-2026\/\"]}]},{\"@type\":\"ImageObject\",\"inLanguage\":\"fr-FR\",\"@id\":\"https:\/\/dicodusport.fr\/blog\/ces-francais-a-suivre-sur-le-tour-des-flandres-2026\/#primaryimage\",\"url\":\"https:\/\/dicodusport.fr\/blog\/wp-content\/uploads\/2026\/04\/Ces-Francais-a-suivre-sur-le-Tour-des-Flandres-2026.png\",\"contentUrl\":\"https:\/\/dicodusport.fr\/blog\/wp-content\/uploads\/2026\/04\/Ces-Francais-a-suivre-sur-le-Tour-des-Flandres-2026.png\",\"width\":1200,\"height\":680,\"caption\":\"Ces Fran\u00e7ais \u00e0 suivre sur le Tour des Flandres 2026\"},{\"@type\":\"BreadcrumbList\",\"@id\":\"https:\/\/dicodusport.fr\/blog\/ces-francais-a-suivre-sur-le-tour-des-flandres-2026\/#breadcrumb\",\"itemListElement\":[{\"@type\":\"ListItem\",\"position\":1,\"name\":\"Accueil\",\"item\":\"https:\/\/dicodusport.fr\/blog\/\"},{\"@type\":\"ListItem\",\"position\":2,\"name\":\"Ces Fran\u00e7ais \u00e0 suivre sur le Tour des Flandres 2026\"}]},{\"@type\":\"WebSite\",\"@id\":\"https:\/\/dicodusport.fr\/blog\/#website\",\"url\":\"https:\/\/dicodusport.fr\/blog\/\",\"name\":\"Dicodusport\",\"description\":\"L&#039;encyclop\u00e9die de l&#039;actualit\u00e9 sportive\",\"publisher\":{\"@id\":\"https:\/\/dicodusport.fr\/blog\/#organization\"},\"potentialAction\":[{\"@type\":\"SearchAction\",\"target\":{\"@type\":\"EntryPoint\",\"urlTemplate\":\"https:\/\/dicodusport.fr\/blog\/?s={search_term_string}\"},\"query-input\":{\"@type\":\"PropertyValueSpecification\",\"valueRequired\":true,\"valueName\":\"search_term_string\"}}],\"inLanguage\":\"fr-FR\"},{\"@type\":\"NewsMediaOrganization\",\"@id\":\"https:\/\/dicodusport.fr\/blog\/#organization\",\"name\":\"Dicodusport\",\"url\":\"https:\/\/dicodusport.fr\/blog\/\",\"logo\":{\"@type\":\"ImageObject\",\"inLanguage\":\"fr-FR\",\"@id\":\"https:\/\/dicodusport.fr\/blog\/#\/schema\/logo\/image\/\",\"url\":\"https:\/\/dicodusport.fr\/blog\/wp-content\/uploads\/2020\/06\/cropped-LOGO-DICODUSPORT-2020-SANS-FOND-SANS-TEXTE.png\",\"contentUrl\":\"https:\/\/dicodusport.fr\/blog\/wp-content\/uploads\/2020\/06\/cropped-LOGO-DICODUSPORT-2020-SANS-FOND-SANS-TEXTE.png\",\"width\":512,\"height\":512,\"caption\":\"Dicodusport\"},\"image\":{\"@id\":\"https:\/\/dicodusport.fr\/blog\/#\/schema\/logo\/image\/\"},\"sameAs\":[\"https:\/\/www.facebook.com\/dicodusport\",\"https:\/\/x.com\/dicodusport\",\"https:\/\/www.instagram.com\/dicodusport\/\",\"https:\/\/www.youtube.com\/channel\/UC7V2KZ5sd3htJivAbA4ZG3w\"],\"description\":\"Dicodusport est l'encyclop\u00e9die de l'actualit\u00e9 sportive.\",\"email\":\"bonjour@dicodusport.fr\",\"legalName\":\"DICODUSPORT\",\"foundingDate\":\"2018-01-14\",\"vatID\":\"FR71834470973\",\"taxID\":\"83447097300043\",\"numberOfEmployees\":{\"@type\":\"QuantitativeValue\",\"minValue\":\"1\",\"maxValue\":\"10\"}},{\"@type\":\"Person\",\"@id\":\"https:\/\/dicodusport.fr\/blog\/#\/schema\/person\/d603dd7da31fb2b46c82b9835a77ec13\",\"name\":\"Etienne Goursaud\",\"image\":{\"@type\":\"ImageObject\",\"inLanguage\":\"fr-FR\",\"@id\":\"https:\/\/dicodusport.fr\/blog\/#\/schema\/person\/image\/\",\"url\":\"https:\/\/dicodusport.fr\/blog\/wp-content\/uploads\/2023\/12\/410122264_10231602061736049_5565839791558026645_n-150x150.jpg\",\"contentUrl\":\"https:\/\/dicodusport.fr\/blog\/wp-content\/uploads\/2023\/12\/410122264_10231602061736049_5565839791558026645_n-150x150.jpg\",\"caption\":\"Etienne Goursaud\"},\"description\":\"Journaliste et amoureux de sport. Ancien footballeur reconverti athl\u00e8te quand ses muscles le laissent tranquille. \u00c9lev\u00e9 \u00e0 la sauce des exploits de Thomas Voeckler en 2004, du dernier essai de l\u00e9gende de Eunice Barber \u00e0 la longueur lors des championnats du monde d'athl\u00e9tisme de 2003 mais aussi Zidane, Omeyer et Titou Lamaison.\",\"url\":\"https:\/\/dicodusport.fr\/blog\/author\/etienne-goursaud\/\"}]}<\/script>\n<!-- \/ Yoast SEO Premium plugin. -->","yoast_head_json":{"title":"Ces Fran\u00e7ais \u00e0 suivre sur le Tour des Flandres 2026","description":"Les Fran\u00e7ais peuvent-ils enfin briller sur le Tour des Flandres 2026 ? Entre espoirs, outsiders et histoire compliqu\u00e9e sur le Ronde, focus sur les chances tricolores dans le Monument flandrien.","robots":{"index":"index","follow":"follow","max-snippet":"max-snippet:-1","max-image-preview":"max-image-preview:large","max-video-preview":"max-video-preview:-1"},"canonical":"https:\/\/dicodusport.fr\/blog\/ces-francais-a-suivre-sur-le-tour-des-flandres-2026\/","og_locale":"fr_FR","og_type":"article","og_title":"Ces Fran\u00e7ais \u00e0 suivre sur le Tour des Flandres 2026","og_description":"Les Fran\u00e7ais peuvent-ils enfin briller sur le Tour des Flandres 2026 ? Entre espoirs, outsiders et histoire compliqu\u00e9e sur le Ronde, focus sur les chances tricolores dans le Monument flandrien.","og_url":"https:\/\/dicodusport.fr\/blog\/ces-francais-a-suivre-sur-le-tour-des-flandres-2026\/","og_site_name":"Dicodusport","article_publisher":"https:\/\/www.facebook.com\/dicodusport","article_published_time":"2026-04-04T08:00:32+00:00","article_modified_time":"2026-04-04T14:18:37+00:00","og_image":[{"width":1200,"height":680,"url":"https:\/\/dicodusport.fr\/blog\/wp-content\/uploads\/2026\/04\/Ces-Francais-a-suivre-sur-le-Tour-des-Flandres-2026.png","type":"image\/png"}],"author":"Etienne Goursaud","twitter_card":"summary_large_image","twitter_title":"Ces Fran\u00e7ais \u00e0 suivre sur le Tour des Flandres 2026","twitter_creator":"@dicodusport","twitter_site":"@dicodusport","schema":{"@context":"https:\/\/schema.org","@graph":[{"@type":"NewsArticle","@id":"https:\/\/dicodusport.fr\/blog\/ces-francais-a-suivre-sur-le-tour-des-flandres-2026\/#article","isPartOf":{"@id":"https:\/\/dicodusport.fr\/blog\/ces-francais-a-suivre-sur-le-tour-des-flandres-2026\/"},"author":{"name":"Etienne Goursaud","@id":"https:\/\/dicodusport.fr\/blog\/#\/schema\/person\/d603dd7da31fb2b46c82b9835a77ec13"},"headline":"Ces Fran\u00e7ais \u00e0 suivre sur le Tour des Flandres 2026","datePublished":"2026-04-04T08:00:32+00:00","dateModified":"2026-04-04T14:18:37+00:00","mainEntityOfPage":{"@id":"https:\/\/dicodusport.fr\/blog\/ces-francais-a-suivre-sur-le-tour-des-flandres-2026\/"},"wordCount":941,"commentCount":0,"publisher":{"@id":"https:\/\/dicodusport.fr\/blog\/#organization"},"image":{"@id":"https:\/\/dicodusport.fr\/blog\/ces-francais-a-suivre-sur-le-tour-des-flandres-2026\/#primaryimage"},"thumbnailUrl":"https:\/\/dicodusport.fr\/blog\/wp-content\/uploads\/2026\/04\/Ces-Francais-a-suivre-sur-le-Tour-des-Flandres-2026.png","keywords":["br\u00e8ve","Cyclisme","cyclisme fran\u00e7ais","Cyclisme sur route","sport","Tour des Flandres"],"articleSection":["Cyclisme sur route"],"inLanguage":"fr-FR","potentialAction":[{"@type":"CommentAction","name":"Comment","target":["https:\/\/dicodusport.fr\/blog\/ces-francais-a-suivre-sur-le-tour-des-flandres-2026\/#respond"]}],"copyrightYear":"2026","copyrightHolder":{"@id":"https:\/\/dicodusport.fr\/blog\/#organization"}},{"@type":"WebPage","@id":"https:\/\/dicodusport.fr\/blog\/ces-francais-a-suivre-sur-le-tour-des-flandres-2026\/","url":"https:\/\/dicodusport.fr\/blog\/ces-francais-a-suivre-sur-le-tour-des-flandres-2026\/","name":"Ces Fran\u00e7ais \u00e0 suivre sur le Tour des Flandres 2026","isPartOf":{"@id":"https:\/\/dicodusport.fr\/blog\/#website"},"primaryImageOfPage":{"@id":"https:\/\/dicodusport.fr\/blog\/ces-francais-a-suivre-sur-le-tour-des-flandres-2026\/#primaryimage"},"image":{"@id":"https:\/\/dicodusport.fr\/blog\/ces-francais-a-suivre-sur-le-tour-des-flandres-2026\/#primaryimage"},"thumbnailUrl":"https:\/\/dicodusport.fr\/blog\/wp-content\/uploads\/2026\/04\/Ces-Francais-a-suivre-sur-le-Tour-des-Flandres-2026.png","datePublished":"2026-04-04T08:00:32+00:00","dateModified":"2026-04-04T14:18:37+00:00","description":"Les Fran\u00e7ais peuvent-ils enfin briller sur le Tour des Flandres 2026 ? Entre espoirs, outsiders et histoire compliqu\u00e9e sur le Ronde, focus sur les chances tricolores dans le Monument flandrien.","breadcrumb":{"@id":"https:\/\/dicodusport.fr\/blog\/ces-francais-a-suivre-sur-le-tour-des-flandres-2026\/#breadcrumb"},"inLanguage":"fr-FR","potentialAction":[{"@type":"ReadAction","target":["https:\/\/dicodusport.fr\/blog\/ces-francais-a-suivre-sur-le-tour-des-flandres-2026\/"]}]},{"@type":"ImageObject","inLanguage":"fr-FR","@id":"https:\/\/dicodusport.fr\/blog\/ces-francais-a-suivre-sur-le-tour-des-flandres-2026\/#primaryimage","url":"https:\/\/dicodusport.fr\/blog\/wp-content\/uploads\/2026\/04\/Ces-Francais-a-suivre-sur-le-Tour-des-Flandres-2026.png","contentUrl":"https:\/\/dicodusport.fr\/blog\/wp-content\/uploads\/2026\/04\/Ces-Francais-a-suivre-sur-le-Tour-des-Flandres-2026.png","width":1200,"height":680,"caption":"Ces Fran\u00e7ais \u00e0 suivre sur le Tour des Flandres 2026"},{"@type":"BreadcrumbList","@id":"https:\/\/dicodusport.fr\/blog\/ces-francais-a-suivre-sur-le-tour-des-flandres-2026\/#breadcrumb","itemListElement":[{"@type":"ListItem","position":1,"name":"Accueil","item":"https:\/\/dicodusport.fr\/blog\/"},{"@type":"ListItem","position":2,"name":"Ces Fran\u00e7ais \u00e0 suivre sur le Tour des Flandres 2026"}]},{"@type":"WebSite","@id":"https:\/\/dicodusport.fr\/blog\/#website","url":"https:\/\/dicodusport.fr\/blog\/","name":"Dicodusport","description":"L&#039;encyclop\u00e9die de l&#039;actualit\u00e9 sportive","publisher":{"@id":"https:\/\/dicodusport.fr\/blog\/#organization"},"potentialAction":[{"@type":"SearchAction","target":{"@type":"EntryPoint","urlTemplate":"https:\/\/dicodusport.fr\/blog\/?s={search_term_string}"},"query-input":{"@type":"PropertyValueSpecification","valueRequired":true,"valueName":"search_term_string"}}],"inLanguage":"fr-FR"},{"@type":"NewsMediaOrganization","@id":"https:\/\/dicodusport.fr\/blog\/#organization","name":"Dicodusport","url":"https:\/\/dicodusport.fr\/blog\/","logo":{"@type":"ImageObject","inLanguage":"fr-FR","@id":"https:\/\/dicodusport.fr\/blog\/#\/schema\/logo\/image\/","url":"https:\/\/dicodusport.fr\/blog\/wp-content\/uploads\/2020\/06\/cropped-LOGO-DICODUSPORT-2020-SANS-FOND-SANS-TEXTE.png","contentUrl":"https:\/\/dicodusport.fr\/blog\/wp-content\/uploads\/2020\/06\/cropped-LOGO-DICODUSPORT-2020-SANS-FOND-SANS-TEXTE.png","width":512,"height":512,"caption":"Dicodusport"},"image":{"@id":"https:\/\/dicodusport.fr\/blog\/#\/schema\/logo\/image\/"},"sameAs":["https:\/\/www.facebook.com\/dicodusport","https:\/\/x.com\/dicodusport","https:\/\/www.instagram.com\/dicodusport\/","https:\/\/www.youtube.com\/channel\/UC7V2KZ5sd3htJivAbA4ZG3w"],"description":"Dicodusport est l'encyclop\u00e9die de l'actualit\u00e9 sportive.","email":"bonjour@dicodusport.fr","legalName":"DICODUSPORT","foundingDate":"2018-01-14","vatID":"FR71834470973","taxID":"83447097300043","numberOfEmployees":{"@type":"QuantitativeValue","minValue":"1","maxValue":"10"}},{"@type":"Person","@id":"https:\/\/dicodusport.fr\/blog\/#\/schema\/person\/d603dd7da31fb2b46c82b9835a77ec13","name":"Etienne Goursaud","image":{"@type":"ImageObject","inLanguage":"fr-FR","@id":"https:\/\/dicodusport.fr\/blog\/#\/schema\/person\/image\/","url":"https:\/\/dicodusport.fr\/blog\/wp-content\/uploads\/2023\/12\/410122264_10231602061736049_5565839791558026645_n-150x150.jpg","contentUrl":"https:\/\/dicodusport.fr\/blog\/wp-content\/uploads\/2023\/12\/410122264_10231602061736049_5565839791558026645_n-150x150.jpg","caption":"Etienne Goursaud"},"description":"Journaliste et amoureux de sport. Ancien footballeur reconverti athl\u00e8te quand ses muscles le laissent tranquille. \u00c9lev\u00e9 \u00e0 la sauce des exploits de Thomas Voeckler en 2004, du dernier essai de l\u00e9gende de Eunice Barber \u00e0 la longueur lors des championnats du monde d'athl\u00e9tisme de 2003 mais aussi Zidane, Omeyer et Titou Lamaison.","url":"https:\/\/dicodusport.fr\/blog\/author\/etienne-goursaud\/"}]}},"_links":{"self":[{"href":"https:\/\/dicodusport.fr\/blog\/wp-json\/wp\/v2\/posts\/659596","targetHints":{"allow":["GET"]}}],"collection":[{"href":"https:\/\/dicodusport.fr\/blog\/wp-json\/wp\/v2\/posts"}],"about":[{"href":"https:\/\/dicodusport.fr\/blog\/wp-json\/wp\/v2\/types\/post"}],"author":[{"embeddable":true,"href":"https:\/\/dicodusport.fr\/blog\/wp-json\/wp\/v2\/users\/83"}],"replies":[{"embeddable":true,"href":"https:\/\/dicodusport.fr\/blog\/wp-json\/wp\/v2\/comments?post=659596"}],"version-history":[{"count":5,"href":"https:\/\/dicodusport.fr\/blog\/wp-json\/wp\/v2\/posts\/659596\/revisions"}],"predecessor-version":[{"id":660318,"href":"https:\/\/dicodusport.fr\/blog\/wp-json\/wp\/v2\/posts\/659596\/revisions\/660318"}],"wp:featuredmedia":[{"embeddable":true,"href":"https:\/\/dicodusport.fr\/blog\/wp-json\/wp\/v2\/media\/659850"}],"wp:attachment":[{"href":"https:\/\/dicodusport.fr\/blog\/wp-json\/wp\/v2\/media?parent=659596"}],"wp:term":[{"taxonomy":"category","embeddable":true,"href":"https:\/\/dicodusport.fr\/blog\/wp-json\/wp\/v2\/categories?post=659596"},{"taxonomy":"post_tag","embeddable":true,"href":"https:\/\/dicodusport.fr\/blog\/wp-json\/wp\/v2\/tags?post=659596"}],"curies":[{"name":"wp","href":"https:\/\/api.w.org\/{rel}","templated":true}]}}