{"id":659717,"date":"2026-04-01T16:01:21","date_gmt":"2026-04-01T14:01:21","guid":{"rendered":"https:\/\/dicodusport.fr\/blog\/?p=659717&#038;preview=true&#038;preview_id=659717"},"modified":"2026-04-01T16:57:03","modified_gmt":"2026-04-01T14:57:03","slug":"au-terme-dun-final-fou-filippo-ganna-remporte-a-travers-la-flandre-devant-wout-van-aert","status":"publish","type":"post","link":"https:\/\/dicodusport.fr\/blog\/au-terme-dun-final-fou-filippo-ganna-remporte-a-travers-la-flandre-devant-wout-van-aert\/","title":{"rendered":"Au terme d\u2019un final fou, Filippo Ganna remporte \u00c0 Travers la Flandre devant Wout Van Aert"},"content":{"rendered":"<p style=\"text-align: justify;\"><strong><em>\u00c0 TRAVERS LA FLANDRE 2026 &#8211; Malgr\u00e9 un grand num\u00e9ro de Wout Van Aert, Filippo Ganna est revenu sur le Belge dans la derni\u00e8re ligne droite pour l&#8217;emporter.<\/em><\/strong><\/p>\n<ul>\n<li style=\"text-align: justify;\"><strong>\u00c0 ce sujet &#8211; <a href=\"https:\/\/dicodusport.fr\/blog\/resultats-a-travers-la-flandre-2026-classement-de-la-course\/\">R\u00e9sultats \u00c0 Travers la Flandre 2026 : classement de la course<\/a><\/strong><\/li>\n<\/ul>\n<p style=\"font-weight: 400; text-align: justify;\">Derni\u00e8re r\u00e9p\u00e9tition g\u00e9n\u00e9rale avant le <strong>Tour des Flandres<\/strong> pr\u00e9vu dimanche, la 80<sup>\u00e8me<\/sup> \u00e9dition d\u2019<strong>\u00c0 Travers la Flandre<\/strong> a couronn\u00e9 un coureur italien pour la premi\u00e8re fois depuis 2013.<\/p>\n<h2 style=\"font-weight: 400; text-align: justify;\"><strong>Du cyclisme total sur 180 kilom\u00e8tres<\/strong><\/h2>\n<p style=\"font-weight: 400; text-align: justify;\">Du premier au dernier kilom\u00e8tre, le rythme n\u2019a jamais faibli sur cet <strong>\u00c0 Travers la Flandre<\/strong>, disput\u00e9 sous des conditions m\u00e9t\u00e9o optimales. Sur ce parcours jalonn\u00e9 par ces c\u00e9l\u00e8bres monts qui font la renomm\u00e9e des courses flandriennes, aucune \u00e9chapp\u00e9e matinale n\u2019est parvenue \u00e0 se d\u00e9faire des griffes du peloton.<\/p>\n<p style=\"font-weight: 400; text-align: justify;\">Pourtant, la course n\u2019a pas \u00e9t\u00e9 avare en offensives. Chaque nouvelle ascension \u00e9tait l\u2019occasion d\u2019assister \u00e0 une nouvelle attaque \u00e0 l\u2019avant de la course. Les hommes de la <strong>Visma Lease a Bike<\/strong> ont longtemps tent\u00e9 de prendre la course \u00e0 leur compte, par l\u2019interm\u00e9diaire de <strong>Christophe Laporte<\/strong>, <strong>Per Strand Hagenes<\/strong> et d\u2019un <strong>Wout Van Aert<\/strong> particuli\u00e8rement remuant, qui multipliait les banderilles.<\/p>\n<p style=\"font-weight: 400; text-align: justify;\"><strong>Nils Politt<\/strong> et <strong>Ant\u00f3nio Morgado<\/strong> s\u2019essayaient \u00e0 leur tour pour la formation <strong>UAE Team Emirates XRG<\/strong>, tout comme <strong>Samuel Watson<\/strong> (<strong>INEOS Grenadiers<\/strong>), <strong>Mads Pedersen<\/strong> (<strong>Lidl-Trek<\/strong>) ou encore <strong>Matej Mohori\u010d<\/strong> (<strong>Bahrain-Victorious<\/strong>).<\/p>\n<p style=\"font-weight: 400; text-align: justify;\">Mais toutes ces tentatives d\u2019\u00e9chapp\u00e9e \u00e9chouaient quelques kilom\u00e8tres plus loin, ayant pour unique cons\u00e9quence d\u2019\u00e9cr\u00e9mer un peloton de plus en plus maigre au fil des difficult\u00e9s. Favoris en cas d\u2019une \u00e9ventuelle arriv\u00e9e au sprint massif, <strong>Jonathan Milan<\/strong> (<strong>Lidl-Trek<\/strong>) et <strong>Tobias Lund Andresen<\/strong> (<strong>Decathlon CMA CGM<\/strong>) \u00e9taient les principales victimes de ces innombrables attaques plac\u00e9es dans les monts. Les deux sprinteurs perdaient le contact avec le peloton \u00e0 plus de 70 kilom\u00e8tres de l\u2019arriv\u00e9e.<\/p>\n<h2 style=\"font-weight: 400; text-align: justify;\"><strong>Un Wout Van Aert intenable attaque dans l\u2019Eikenberg<\/strong><\/h2>\n<p style=\"font-weight: 400; text-align: justify;\">L\u2019attaque la plus tranchante survenait \u00e0 40 kilom\u00e8tres de l\u2019arriv\u00e9e. D\u00e9j\u00e0 \u00e0 l\u2019\u0153uvre dans les monts pr\u00e9c\u00e9dents, <strong>Wout Van Aert<\/strong> repartait \u00e0 l\u2019attaque dans les pentes de l\u2019<strong>Eikenberg<\/strong> et distan\u00e7ait le reste du peloton. En solitaire sur ces pav\u00e9s, il revenait sur un duo de t\u00eate compos\u00e9 de <strong>Romain Gr\u00e9goire<\/strong> (<strong>Groupama-FDJ United<\/strong>) et <strong>Niklas Larsen<\/strong> (<strong>Unibet Rose Rockets<\/strong>), partis quelques kilom\u00e8tres avant le pied de l\u2019Eikenberg.<\/p>\n<p style=\"font-weight: 400; text-align: justify;\">Ensemble, les trois hommes creusaient un \u00e9cart qui avoisinait la minute. <strong>Tim Van Dijke<\/strong> (<strong>Red Bull-Bora-Hansgrohe<\/strong>), <strong>Magnus Sheffield<\/strong> (<strong>INEOS Grenadiers<\/strong>) et <strong>Florian Vermeersch<\/strong> (<strong>UAE Team Emirates XRG<\/strong>) se lan\u00e7aient dans un deuxi\u00e8me temps \u00e0 la poursuite du trio de t\u00eate, mais les trois coureurs ne parvenaient pas \u00e0 combler cette vingtaine de secondes qui les s\u00e9parait des trois fuyards.<\/p>\n<h2 style=\"font-weight: 400; text-align: justify;\"><strong>Wout Van Aert coiff\u00e9 sur le fil par Filippo Ganna<\/strong><\/h2>\n<p style=\"font-weight: 400; text-align: justify;\">Plus fort que ses deux compagnons d\u2019infortune, <strong>Wout Van Aert<\/strong> l\u00e2chait <strong>Romain Gr\u00e9goire<\/strong> dans les pentes du <strong>Nokereberg<\/strong>, puis s\u2019envolait en solitaire \u00e0 moins de dix kilom\u00e8tres de l\u2019arriv\u00e9e. Le Belge pouvait sentir le souffle du peloton revenu \u00e0 moins de 20 secondes de lui. Un face-\u00e0-face s\u2019amor\u00e7ait entre lui et les co\u00e9quipiers des sprinteurs pr\u00e9sents au sein du peloton.<\/p>\n<p style=\"font-weight: 400; text-align: justify;\">Le bourreau de <strong>Wout Van Aert<\/strong> fut finalement <strong>Filippo Ganna<\/strong>. Parti \u00e0 la poursuite du Belge dans les cinq derniers kilom\u00e8tres, le rouleur italien revenait dans la roue d\u2019un <strong>Van Aert<\/strong> \u00e0 bout de force dans la derni\u00e8re ligne droite. <strong>Ganna<\/strong> cueillait le Belge \u00e0 150 m\u00e8tres de la ligne d\u2019arriv\u00e9e. Il n\u2019avait plus qu\u2019\u00e0 conclure le travail au sprint pour d\u00e9crocher son premier succ\u00e8s sur une course d\u2019un jour. Revenu \u00e0 quelques m\u00e8tres des deux fuyards, <strong>S\u00f8ren W\u00e6renskjold<\/strong> (<strong>Uno-X Mobility<\/strong>) r\u00e9glait le sprint du peloton et compl\u00e9tait le podium.<\/p>\n<blockquote class=\"twitter-tweet\">\n<p dir=\"ltr\" lang=\"fr\">Filippo Ganna \u00e9coeure Wout van Aert ! L&rsquo;Italien reprend le Belge \u00e0 quelques m\u00e8tres de la ligne pour inscrire son nom au palmar\u00e8s d&rsquo;A Travers la Flandre ! <a href=\"https:\/\/twitter.com\/hashtag\/DDV26?src=hash&amp;ref_src=twsrc%5Etfw\">#DDV26<\/a> <a href=\"https:\/\/twitter.com\/hashtag\/LesRP?src=hash&amp;ref_src=twsrc%5Etfw\">#LesRP<\/a> <a href=\"https:\/\/t.co\/NYJnQW0TOf\">pic.twitter.com\/NYJnQW0TOf<\/a><\/p>\n<p>\u2014 Eurosport France (@Eurosport_FR) <a href=\"https:\/\/twitter.com\/Eurosport_FR\/status\/2039343430208274509?ref_src=twsrc%5Etfw\">April 1, 2026<\/a><\/p><\/blockquote>\n<p style=\"text-align: justify;\"><script async src=\"https:\/\/platform.twitter.com\/widgets.js\" charset=\"utf-8\"><\/script><\/p>\n<div id=\"gtx-trans\" style=\"position: absolute; left: -14px; top: 40.9091px;\">\n<div class=\"gtx-trans-icon\" style=\"text-align: justify;\"><\/div>\n<\/div>\n","protected":false},"excerpt":{"rendered":"<p>\u00c0 TRAVERS LA FLANDRE 2026 &#8211; Malgr\u00e9 un grand num\u00e9ro de Wout Van Aert, Filippo Ganna est revenu sur le Belge dans la derni\u00e8re ligne droite pour l&#8217;emporter.<\/p>\n","protected":false},"author":107,"featured_media":659757,"comment_status":"open","ping_status":"closed","sticky":false,"template":"","format":"standard","meta":{"_acf_changed":false,"_daextam_enable_autolinks":"1","footnotes":""},"categories":[46994],"tags":[7544,16878,574,11197,14193,24],"class_list":["post-659717","post","type-post","status-publish","format-standard","has-post-thumbnail","hentry","category-cyclisme-sur-route","tag-a-travers-la-flandre","tag-breve","tag-cyclisme","tag-cyclisme-sur-route","tag-filippo-ganna","tag-sport"],"acf":[],"yoast_head":"<!-- This site is optimized with the Yoast SEO Premium plugin v26.7 (Yoast SEO v26.7) - https:\/\/yoast.com\/wordpress\/plugins\/seo\/ -->\n<title>Au terme d\u2019un final fou, Filippo Ganna remporte \u00c0 Travers la Flandre devant Wout Van Aert<\/title>\n<meta name=\"description\" content=\"\u00c0 TRAVERS LA FLANDRE 2026 - Malgr\u00e9 un grand num\u00e9ro de Wout Van Aert, Filippo Ganna est revenu sur le Belge dans la derni\u00e8re ligne droite pour l&#039;emporter.\" \/>\n<meta name=\"robots\" content=\"index, follow, max-snippet:-1, max-image-preview:large, max-video-preview:-1\" \/>\n<link rel=\"canonical\" href=\"https:\/\/dicodusport.fr\/blog\/au-terme-dun-final-fou-filippo-ganna-remporte-a-travers-la-flandre-devant-wout-van-aert\/\" \/>\n<meta property=\"og:locale\" content=\"fr_FR\" \/>\n<meta property=\"og:type\" content=\"article\" \/>\n<meta property=\"og:title\" content=\"Au terme d\u2019un final fou, Filippo Ganna remporte \u00c0 Travers la Flandre devant Wout Van Aert\" \/>\n<meta property=\"og:description\" content=\"\u00c0 TRAVERS LA FLANDRE 2026 - Malgr\u00e9 un grand num\u00e9ro de Wout Van Aert, Filippo Ganna est revenu sur le Belge dans la derni\u00e8re ligne droite pour l&#039;emporter.\" \/>\n<meta property=\"og:url\" content=\"https:\/\/dicodusport.fr\/blog\/au-terme-dun-final-fou-filippo-ganna-remporte-a-travers-la-flandre-devant-wout-van-aert\/\" \/>\n<meta property=\"og:site_name\" content=\"Dicodusport\" \/>\n<meta property=\"article:publisher\" content=\"https:\/\/www.facebook.com\/dicodusport\" \/>\n<meta property=\"article:published_time\" content=\"2026-04-01T14:01:21+00:00\" \/>\n<meta property=\"article:modified_time\" content=\"2026-04-01T14:57:03+00:00\" \/>\n<meta property=\"og:image\" content=\"https:\/\/dicodusport.fr\/blog\/wp-content\/uploads\/2026\/04\/Au-terme-dun-final-fou-Filippo-Ganna-remporte-A-Travers-la-Flandre-devant-Wout-Van-Aert-1.png\" \/>\n\t<meta property=\"og:image:width\" content=\"1200\" \/>\n\t<meta property=\"og:image:height\" content=\"674\" \/>\n\t<meta property=\"og:image:type\" content=\"image\/png\" \/>\n<meta name=\"author\" content=\"Th\u00e9o Gripon Auer\" \/>\n<meta name=\"twitter:card\" content=\"summary_large_image\" \/>\n<meta name=\"twitter:title\" content=\"Au terme d\u2019un final fou, Filippo Ganna remporte \u00c0 Travers la Flandre devant Wout Van Aert\" \/>\n<meta name=\"twitter:creator\" content=\"@dicodusport\" \/>\n<meta name=\"twitter:site\" content=\"@dicodusport\" \/>\n<script type=\"application\/ld+json\" class=\"yoast-schema-graph\">{\"@context\":\"https:\/\/schema.org\",\"@graph\":[{\"@type\":\"NewsArticle\",\"@id\":\"https:\/\/dicodusport.fr\/blog\/au-terme-dun-final-fou-filippo-ganna-remporte-a-travers-la-flandre-devant-wout-van-aert\/#article\",\"isPartOf\":{\"@id\":\"https:\/\/dicodusport.fr\/blog\/au-terme-dun-final-fou-filippo-ganna-remporte-a-travers-la-flandre-devant-wout-van-aert\/\"},\"author\":{\"name\":\"Th\u00e9o Gripon Auer\",\"@id\":\"https:\/\/dicodusport.fr\/blog\/#\/schema\/person\/c0d35c220c4e79773da9e19a595ab67c\"},\"headline\":\"Au terme d\u2019un final fou, Filippo Ganna remporte \u00c0 Travers la Flandre devant Wout Van Aert\",\"datePublished\":\"2026-04-01T14:01:21+00:00\",\"dateModified\":\"2026-04-01T14:57:03+00:00\",\"mainEntityOfPage\":{\"@id\":\"https:\/\/dicodusport.fr\/blog\/au-terme-dun-final-fou-filippo-ganna-remporte-a-travers-la-flandre-devant-wout-van-aert\/\"},\"wordCount\":703,\"commentCount\":0,\"publisher\":{\"@id\":\"https:\/\/dicodusport.fr\/blog\/#organization\"},\"image\":{\"@id\":\"https:\/\/dicodusport.fr\/blog\/au-terme-dun-final-fou-filippo-ganna-remporte-a-travers-la-flandre-devant-wout-van-aert\/#primaryimage\"},\"thumbnailUrl\":\"https:\/\/dicodusport.fr\/blog\/wp-content\/uploads\/2026\/04\/Au-terme-dun-final-fou-Filippo-Ganna-remporte-A-Travers-la-Flandre-devant-Wout-Van-Aert-1.png\",\"keywords\":[\"A Travers la Flandre\",\"br\u00e8ve\",\"Cyclisme\",\"Cyclisme sur route\",\"Filippo Ganna\",\"sport\"],\"articleSection\":[\"Cyclisme sur route\"],\"inLanguage\":\"fr-FR\",\"potentialAction\":[{\"@type\":\"CommentAction\",\"name\":\"Comment\",\"target\":[\"https:\/\/dicodusport.fr\/blog\/au-terme-dun-final-fou-filippo-ganna-remporte-a-travers-la-flandre-devant-wout-van-aert\/#respond\"]}],\"copyrightYear\":\"2026\",\"copyrightHolder\":{\"@id\":\"https:\/\/dicodusport.fr\/blog\/#organization\"}},{\"@type\":\"WebPage\",\"@id\":\"https:\/\/dicodusport.fr\/blog\/au-terme-dun-final-fou-filippo-ganna-remporte-a-travers-la-flandre-devant-wout-van-aert\/\",\"url\":\"https:\/\/dicodusport.fr\/blog\/au-terme-dun-final-fou-filippo-ganna-remporte-a-travers-la-flandre-devant-wout-van-aert\/\",\"name\":\"Au terme d\u2019un final fou, Filippo Ganna remporte \u00c0 Travers la Flandre devant Wout Van Aert\",\"isPartOf\":{\"@id\":\"https:\/\/dicodusport.fr\/blog\/#website\"},\"primaryImageOfPage\":{\"@id\":\"https:\/\/dicodusport.fr\/blog\/au-terme-dun-final-fou-filippo-ganna-remporte-a-travers-la-flandre-devant-wout-van-aert\/#primaryimage\"},\"image\":{\"@id\":\"https:\/\/dicodusport.fr\/blog\/au-terme-dun-final-fou-filippo-ganna-remporte-a-travers-la-flandre-devant-wout-van-aert\/#primaryimage\"},\"thumbnailUrl\":\"https:\/\/dicodusport.fr\/blog\/wp-content\/uploads\/2026\/04\/Au-terme-dun-final-fou-Filippo-Ganna-remporte-A-Travers-la-Flandre-devant-Wout-Van-Aert-1.png\",\"datePublished\":\"2026-04-01T14:01:21+00:00\",\"dateModified\":\"2026-04-01T14:57:03+00:00\",\"description\":\"\u00c0 TRAVERS LA FLANDRE 2026 - Malgr\u00e9 un grand num\u00e9ro de Wout Van Aert, Filippo Ganna est revenu sur le Belge dans la derni\u00e8re ligne droite pour l'emporter.\",\"breadcrumb\":{\"@id\":\"https:\/\/dicodusport.fr\/blog\/au-terme-dun-final-fou-filippo-ganna-remporte-a-travers-la-flandre-devant-wout-van-aert\/#breadcrumb\"},\"inLanguage\":\"fr-FR\",\"potentialAction\":[{\"@type\":\"ReadAction\",\"target\":[\"https:\/\/dicodusport.fr\/blog\/au-terme-dun-final-fou-filippo-ganna-remporte-a-travers-la-flandre-devant-wout-van-aert\/\"]}]},{\"@type\":\"ImageObject\",\"inLanguage\":\"fr-FR\",\"@id\":\"https:\/\/dicodusport.fr\/blog\/au-terme-dun-final-fou-filippo-ganna-remporte-a-travers-la-flandre-devant-wout-van-aert\/#primaryimage\",\"url\":\"https:\/\/dicodusport.fr\/blog\/wp-content\/uploads\/2026\/04\/Au-terme-dun-final-fou-Filippo-Ganna-remporte-A-Travers-la-Flandre-devant-Wout-Van-Aert-1.png\",\"contentUrl\":\"https:\/\/dicodusport.fr\/blog\/wp-content\/uploads\/2026\/04\/Au-terme-dun-final-fou-Filippo-Ganna-remporte-A-Travers-la-Flandre-devant-Wout-Van-Aert-1.png\",\"width\":1200,\"height\":674,\"caption\":\"Au terme d\u2019un final fou, Filippo Ganna remporte \u00c0 Travers la Flandre devant Wout Van Aert\"},{\"@type\":\"BreadcrumbList\",\"@id\":\"https:\/\/dicodusport.fr\/blog\/au-terme-dun-final-fou-filippo-ganna-remporte-a-travers-la-flandre-devant-wout-van-aert\/#breadcrumb\",\"itemListElement\":[{\"@type\":\"ListItem\",\"position\":1,\"name\":\"Accueil\",\"item\":\"https:\/\/dicodusport.fr\/blog\/\"},{\"@type\":\"ListItem\",\"position\":2,\"name\":\"Au terme d\u2019un final fou, Filippo Ganna remporte \u00c0 Travers la Flandre devant Wout Van Aert\"}]},{\"@type\":\"WebSite\",\"@id\":\"https:\/\/dicodusport.fr\/blog\/#website\",\"url\":\"https:\/\/dicodusport.fr\/blog\/\",\"name\":\"Dicodusport\",\"description\":\"L&#039;encyclop\u00e9die de l&#039;actualit\u00e9 sportive\",\"publisher\":{\"@id\":\"https:\/\/dicodusport.fr\/blog\/#organization\"},\"potentialAction\":[{\"@type\":\"SearchAction\",\"target\":{\"@type\":\"EntryPoint\",\"urlTemplate\":\"https:\/\/dicodusport.fr\/blog\/?s={search_term_string}\"},\"query-input\":{\"@type\":\"PropertyValueSpecification\",\"valueRequired\":true,\"valueName\":\"search_term_string\"}}],\"inLanguage\":\"fr-FR\"},{\"@type\":\"NewsMediaOrganization\",\"@id\":\"https:\/\/dicodusport.fr\/blog\/#organization\",\"name\":\"Dicodusport\",\"url\":\"https:\/\/dicodusport.fr\/blog\/\",\"logo\":{\"@type\":\"ImageObject\",\"inLanguage\":\"fr-FR\",\"@id\":\"https:\/\/dicodusport.fr\/blog\/#\/schema\/logo\/image\/\",\"url\":\"https:\/\/dicodusport.fr\/blog\/wp-content\/uploads\/2020\/06\/cropped-LOGO-DICODUSPORT-2020-SANS-FOND-SANS-TEXTE.png\",\"contentUrl\":\"https:\/\/dicodusport.fr\/blog\/wp-content\/uploads\/2020\/06\/cropped-LOGO-DICODUSPORT-2020-SANS-FOND-SANS-TEXTE.png\",\"width\":512,\"height\":512,\"caption\":\"Dicodusport\"},\"image\":{\"@id\":\"https:\/\/dicodusport.fr\/blog\/#\/schema\/logo\/image\/\"},\"sameAs\":[\"https:\/\/www.facebook.com\/dicodusport\",\"https:\/\/x.com\/dicodusport\",\"https:\/\/www.instagram.com\/dicodusport\/\",\"https:\/\/www.youtube.com\/channel\/UC7V2KZ5sd3htJivAbA4ZG3w\"],\"description\":\"Dicodusport est l'encyclop\u00e9die de l'actualit\u00e9 sportive.\",\"email\":\"bonjour@dicodusport.fr\",\"legalName\":\"DICODUSPORT\",\"foundingDate\":\"2018-01-14\",\"vatID\":\"FR71834470973\",\"taxID\":\"83447097300043\",\"numberOfEmployees\":{\"@type\":\"QuantitativeValue\",\"minValue\":\"1\",\"maxValue\":\"10\"}},{\"@type\":\"Person\",\"@id\":\"https:\/\/dicodusport.fr\/blog\/#\/schema\/person\/c0d35c220c4e79773da9e19a595ab67c\",\"name\":\"Th\u00e9o Gripon Auer\",\"image\":{\"@type\":\"ImageObject\",\"inLanguage\":\"fr-FR\",\"@id\":\"https:\/\/dicodusport.fr\/blog\/#\/schema\/person\/image\/\",\"url\":\"https:\/\/dicodusport.fr\/blog\/wp-content\/uploads\/2025\/02\/Maillot-Dicodusport-Theo-150x150.png\",\"contentUrl\":\"https:\/\/dicodusport.fr\/blog\/wp-content\/uploads\/2025\/02\/Maillot-Dicodusport-Theo-150x150.png\",\"caption\":\"Th\u00e9o Gripon Auer\"},\"description\":\"Partag\u00e9 entre la passion du sport et celle de l\u2019\u00e9criture, je f\u00e9d\u00e8re les deux au service de Dicodusport. Un poil frustr\u00e9 de ne pas avoir r\u00e9ussi \u00e0 devenir sportif pro, alors que je ne me suis jamais fait les crois\u00e9s, je partage tout de m\u00eame un point commun avec Tadej Pogacar, Cristiano Ronaldo et John McEnroe : celui de n\u2019avoir jamais \u00e9t\u00e9 champion olympique.\",\"url\":\"https:\/\/dicodusport.fr\/blog\/author\/theo-gripon-auer\/\"}]}<\/script>\n<!-- \/ Yoast SEO Premium plugin. -->","yoast_head_json":{"title":"Au terme d\u2019un final fou, Filippo Ganna remporte \u00c0 Travers la Flandre devant Wout Van Aert","description":"\u00c0 TRAVERS LA FLANDRE 2026 - Malgr\u00e9 un grand num\u00e9ro de Wout Van Aert, Filippo Ganna est revenu sur le Belge dans la derni\u00e8re ligne droite pour l'emporter.","robots":{"index":"index","follow":"follow","max-snippet":"max-snippet:-1","max-image-preview":"max-image-preview:large","max-video-preview":"max-video-preview:-1"},"canonical":"https:\/\/dicodusport.fr\/blog\/au-terme-dun-final-fou-filippo-ganna-remporte-a-travers-la-flandre-devant-wout-van-aert\/","og_locale":"fr_FR","og_type":"article","og_title":"Au terme d\u2019un final fou, Filippo Ganna remporte \u00c0 Travers la Flandre devant Wout Van Aert","og_description":"\u00c0 TRAVERS LA FLANDRE 2026 - Malgr\u00e9 un grand num\u00e9ro de Wout Van Aert, Filippo Ganna est revenu sur le Belge dans la derni\u00e8re ligne droite pour l'emporter.","og_url":"https:\/\/dicodusport.fr\/blog\/au-terme-dun-final-fou-filippo-ganna-remporte-a-travers-la-flandre-devant-wout-van-aert\/","og_site_name":"Dicodusport","article_publisher":"https:\/\/www.facebook.com\/dicodusport","article_published_time":"2026-04-01T14:01:21+00:00","article_modified_time":"2026-04-01T14:57:03+00:00","og_image":[{"width":1200,"height":674,"url":"https:\/\/dicodusport.fr\/blog\/wp-content\/uploads\/2026\/04\/Au-terme-dun-final-fou-Filippo-Ganna-remporte-A-Travers-la-Flandre-devant-Wout-Van-Aert-1.png","type":"image\/png"}],"author":"Th\u00e9o Gripon Auer","twitter_card":"summary_large_image","twitter_title":"Au terme d\u2019un final fou, Filippo Ganna remporte \u00c0 Travers la Flandre devant Wout Van Aert","twitter_creator":"@dicodusport","twitter_site":"@dicodusport","schema":{"@context":"https:\/\/schema.org","@graph":[{"@type":"NewsArticle","@id":"https:\/\/dicodusport.fr\/blog\/au-terme-dun-final-fou-filippo-ganna-remporte-a-travers-la-flandre-devant-wout-van-aert\/#article","isPartOf":{"@id":"https:\/\/dicodusport.fr\/blog\/au-terme-dun-final-fou-filippo-ganna-remporte-a-travers-la-flandre-devant-wout-van-aert\/"},"author":{"name":"Th\u00e9o Gripon Auer","@id":"https:\/\/dicodusport.fr\/blog\/#\/schema\/person\/c0d35c220c4e79773da9e19a595ab67c"},"headline":"Au terme d\u2019un final fou, Filippo Ganna remporte \u00c0 Travers la Flandre devant Wout Van Aert","datePublished":"2026-04-01T14:01:21+00:00","dateModified":"2026-04-01T14:57:03+00:00","mainEntityOfPage":{"@id":"https:\/\/dicodusport.fr\/blog\/au-terme-dun-final-fou-filippo-ganna-remporte-a-travers-la-flandre-devant-wout-van-aert\/"},"wordCount":703,"commentCount":0,"publisher":{"@id":"https:\/\/dicodusport.fr\/blog\/#organization"},"image":{"@id":"https:\/\/dicodusport.fr\/blog\/au-terme-dun-final-fou-filippo-ganna-remporte-a-travers-la-flandre-devant-wout-van-aert\/#primaryimage"},"thumbnailUrl":"https:\/\/dicodusport.fr\/blog\/wp-content\/uploads\/2026\/04\/Au-terme-dun-final-fou-Filippo-Ganna-remporte-A-Travers-la-Flandre-devant-Wout-Van-Aert-1.png","keywords":["A Travers la Flandre","br\u00e8ve","Cyclisme","Cyclisme sur route","Filippo Ganna","sport"],"articleSection":["Cyclisme sur route"],"inLanguage":"fr-FR","potentialAction":[{"@type":"CommentAction","name":"Comment","target":["https:\/\/dicodusport.fr\/blog\/au-terme-dun-final-fou-filippo-ganna-remporte-a-travers-la-flandre-devant-wout-van-aert\/#respond"]}],"copyrightYear":"2026","copyrightHolder":{"@id":"https:\/\/dicodusport.fr\/blog\/#organization"}},{"@type":"WebPage","@id":"https:\/\/dicodusport.fr\/blog\/au-terme-dun-final-fou-filippo-ganna-remporte-a-travers-la-flandre-devant-wout-van-aert\/","url":"https:\/\/dicodusport.fr\/blog\/au-terme-dun-final-fou-filippo-ganna-remporte-a-travers-la-flandre-devant-wout-van-aert\/","name":"Au terme d\u2019un final fou, Filippo Ganna remporte \u00c0 Travers la Flandre devant Wout Van Aert","isPartOf":{"@id":"https:\/\/dicodusport.fr\/blog\/#website"},"primaryImageOfPage":{"@id":"https:\/\/dicodusport.fr\/blog\/au-terme-dun-final-fou-filippo-ganna-remporte-a-travers-la-flandre-devant-wout-van-aert\/#primaryimage"},"image":{"@id":"https:\/\/dicodusport.fr\/blog\/au-terme-dun-final-fou-filippo-ganna-remporte-a-travers-la-flandre-devant-wout-van-aert\/#primaryimage"},"thumbnailUrl":"https:\/\/dicodusport.fr\/blog\/wp-content\/uploads\/2026\/04\/Au-terme-dun-final-fou-Filippo-Ganna-remporte-A-Travers-la-Flandre-devant-Wout-Van-Aert-1.png","datePublished":"2026-04-01T14:01:21+00:00","dateModified":"2026-04-01T14:57:03+00:00","description":"\u00c0 TRAVERS LA FLANDRE 2026 - Malgr\u00e9 un grand num\u00e9ro de Wout Van Aert, Filippo Ganna est revenu sur le Belge dans la derni\u00e8re ligne droite pour l'emporter.","breadcrumb":{"@id":"https:\/\/dicodusport.fr\/blog\/au-terme-dun-final-fou-filippo-ganna-remporte-a-travers-la-flandre-devant-wout-van-aert\/#breadcrumb"},"inLanguage":"fr-FR","potentialAction":[{"@type":"ReadAction","target":["https:\/\/dicodusport.fr\/blog\/au-terme-dun-final-fou-filippo-ganna-remporte-a-travers-la-flandre-devant-wout-van-aert\/"]}]},{"@type":"ImageObject","inLanguage":"fr-FR","@id":"https:\/\/dicodusport.fr\/blog\/au-terme-dun-final-fou-filippo-ganna-remporte-a-travers-la-flandre-devant-wout-van-aert\/#primaryimage","url":"https:\/\/dicodusport.fr\/blog\/wp-content\/uploads\/2026\/04\/Au-terme-dun-final-fou-Filippo-Ganna-remporte-A-Travers-la-Flandre-devant-Wout-Van-Aert-1.png","contentUrl":"https:\/\/dicodusport.fr\/blog\/wp-content\/uploads\/2026\/04\/Au-terme-dun-final-fou-Filippo-Ganna-remporte-A-Travers-la-Flandre-devant-Wout-Van-Aert-1.png","width":1200,"height":674,"caption":"Au terme d\u2019un final fou, Filippo Ganna remporte \u00c0 Travers la Flandre devant Wout Van Aert"},{"@type":"BreadcrumbList","@id":"https:\/\/dicodusport.fr\/blog\/au-terme-dun-final-fou-filippo-ganna-remporte-a-travers-la-flandre-devant-wout-van-aert\/#breadcrumb","itemListElement":[{"@type":"ListItem","position":1,"name":"Accueil","item":"https:\/\/dicodusport.fr\/blog\/"},{"@type":"ListItem","position":2,"name":"Au terme d\u2019un final fou, Filippo Ganna remporte \u00c0 Travers la Flandre devant Wout Van Aert"}]},{"@type":"WebSite","@id":"https:\/\/dicodusport.fr\/blog\/#website","url":"https:\/\/dicodusport.fr\/blog\/","name":"Dicodusport","description":"L&#039;encyclop\u00e9die de l&#039;actualit\u00e9 sportive","publisher":{"@id":"https:\/\/dicodusport.fr\/blog\/#organization"},"potentialAction":[{"@type":"SearchAction","target":{"@type":"EntryPoint","urlTemplate":"https:\/\/dicodusport.fr\/blog\/?s={search_term_string}"},"query-input":{"@type":"PropertyValueSpecification","valueRequired":true,"valueName":"search_term_string"}}],"inLanguage":"fr-FR"},{"@type":"NewsMediaOrganization","@id":"https:\/\/dicodusport.fr\/blog\/#organization","name":"Dicodusport","url":"https:\/\/dicodusport.fr\/blog\/","logo":{"@type":"ImageObject","inLanguage":"fr-FR","@id":"https:\/\/dicodusport.fr\/blog\/#\/schema\/logo\/image\/","url":"https:\/\/dicodusport.fr\/blog\/wp-content\/uploads\/2020\/06\/cropped-LOGO-DICODUSPORT-2020-SANS-FOND-SANS-TEXTE.png","contentUrl":"https:\/\/dicodusport.fr\/blog\/wp-content\/uploads\/2020\/06\/cropped-LOGO-DICODUSPORT-2020-SANS-FOND-SANS-TEXTE.png","width":512,"height":512,"caption":"Dicodusport"},"image":{"@id":"https:\/\/dicodusport.fr\/blog\/#\/schema\/logo\/image\/"},"sameAs":["https:\/\/www.facebook.com\/dicodusport","https:\/\/x.com\/dicodusport","https:\/\/www.instagram.com\/dicodusport\/","https:\/\/www.youtube.com\/channel\/UC7V2KZ5sd3htJivAbA4ZG3w"],"description":"Dicodusport est l'encyclop\u00e9die de l'actualit\u00e9 sportive.","email":"bonjour@dicodusport.fr","legalName":"DICODUSPORT","foundingDate":"2018-01-14","vatID":"FR71834470973","taxID":"83447097300043","numberOfEmployees":{"@type":"QuantitativeValue","minValue":"1","maxValue":"10"}},{"@type":"Person","@id":"https:\/\/dicodusport.fr\/blog\/#\/schema\/person\/c0d35c220c4e79773da9e19a595ab67c","name":"Th\u00e9o Gripon Auer","image":{"@type":"ImageObject","inLanguage":"fr-FR","@id":"https:\/\/dicodusport.fr\/blog\/#\/schema\/person\/image\/","url":"https:\/\/dicodusport.fr\/blog\/wp-content\/uploads\/2025\/02\/Maillot-Dicodusport-Theo-150x150.png","contentUrl":"https:\/\/dicodusport.fr\/blog\/wp-content\/uploads\/2025\/02\/Maillot-Dicodusport-Theo-150x150.png","caption":"Th\u00e9o Gripon Auer"},"description":"Partag\u00e9 entre la passion du sport et celle de l\u2019\u00e9criture, je f\u00e9d\u00e8re les deux au service de Dicodusport. Un poil frustr\u00e9 de ne pas avoir r\u00e9ussi \u00e0 devenir sportif pro, alors que je ne me suis jamais fait les crois\u00e9s, je partage tout de m\u00eame un point commun avec Tadej Pogacar, Cristiano Ronaldo et John McEnroe : celui de n\u2019avoir jamais \u00e9t\u00e9 champion olympique.","url":"https:\/\/dicodusport.fr\/blog\/author\/theo-gripon-auer\/"}]}},"_links":{"self":[{"href":"https:\/\/dicodusport.fr\/blog\/wp-json\/wp\/v2\/posts\/659717","targetHints":{"allow":["GET"]}}],"collection":[{"href":"https:\/\/dicodusport.fr\/blog\/wp-json\/wp\/v2\/posts"}],"about":[{"href":"https:\/\/dicodusport.fr\/blog\/wp-json\/wp\/v2\/types\/post"}],"author":[{"embeddable":true,"href":"https:\/\/dicodusport.fr\/blog\/wp-json\/wp\/v2\/users\/107"}],"replies":[{"embeddable":true,"href":"https:\/\/dicodusport.fr\/blog\/wp-json\/wp\/v2\/comments?post=659717"}],"version-history":[{"count":5,"href":"https:\/\/dicodusport.fr\/blog\/wp-json\/wp\/v2\/posts\/659717\/revisions"}],"predecessor-version":[{"id":659771,"href":"https:\/\/dicodusport.fr\/blog\/wp-json\/wp\/v2\/posts\/659717\/revisions\/659771"}],"wp:featuredmedia":[{"embeddable":true,"href":"https:\/\/dicodusport.fr\/blog\/wp-json\/wp\/v2\/media\/659757"}],"wp:attachment":[{"href":"https:\/\/dicodusport.fr\/blog\/wp-json\/wp\/v2\/media?parent=659717"}],"wp:term":[{"taxonomy":"category","embeddable":true,"href":"https:\/\/dicodusport.fr\/blog\/wp-json\/wp\/v2\/categories?post=659717"},{"taxonomy":"post_tag","embeddable":true,"href":"https:\/\/dicodusport.fr\/blog\/wp-json\/wp\/v2\/tags?post=659717"}],"curies":[{"name":"wp","href":"https:\/\/api.w.org\/{rel}","templated":true}]}}