{"id":659853,"date":"2026-04-04T12:00:40","date_gmt":"2026-04-04T10:00:40","guid":{"rendered":"https:\/\/dicodusport.fr\/blog\/?p=659853&#038;preview=true&#038;preview_id=659853"},"modified":"2026-04-03T17:43:26","modified_gmt":"2026-04-03T15:43:26","slug":"tour-des-flandres-femmes-2026-qui-sont-les-favorites-du-monument-flamand","status":"publish","type":"post","link":"https:\/\/dicodusport.fr\/blog\/tour-des-flandres-femmes-2026-qui-sont-les-favorites-du-monument-flamand\/","title":{"rendered":"Tour des Flandres femmes 2026 : qui sont les favorites du Monument flamand ?"},"content":{"rendered":"<p style=\"text-align: justify;\"><strong><em>Vollering, Kopecky, Ferrand-Pr\u00e9vot&#8230; Focus sur les favorites de la course du Tour des Flandres femmes 2026.<\/em><\/strong><\/p>\n<ul style=\"text-align: justify;\">\n<li><strong>\u00c0 ce sujet &#8211; <a href=\"https:\/\/dicodusport.fr\/blog\/actualites\/cyclisme\/\">L&rsquo;actualit\u00e9 du cyclisme<\/a><\/strong><\/li>\n<\/ul>\n<h2 style=\"text-align: justify;\">Il n&rsquo;y a pas de hi\u00e9rarchie claire avant le Tour des Flandres 2026<\/h2>\n<p style=\"text-align: justify;\">Si <strong>Tadej Pogacar<\/strong> (UAE Team Emirates-XRG) est l&rsquo;immense favori de la course chez les hommes, le Tour des Flandres femmes est bien plus ouvert. Il est peut-\u00eatre m\u00eame plus ouvert que jamais. La tendance est claire depuis le d\u00e9but de la saison sur les Flandriennes : il n&rsquo;y a pas une coureuse qui sort du lot. Dans un cyclisme f\u00e9minin de plus en plus resserr\u00e9, le niveau entre les leaders est devenu tr\u00e8s homog\u00e8ne.<\/p>\n<p style=\"text-align: justify;\">Le palmar\u00e8s des courses est assez \u00e9vocateur. <strong>Demi Vollering<\/strong> (FDJ United-Suez) a frapp\u00e9 la premi\u00e8re, <a href=\"https:\/\/dicodusport.fr\/blog\/demi-vollering-dispose-aisement-de-kasia-niewiadoma-et-remporte-pour-la-premiere-fois-lomloop-nieuwsblad\/\">lors de l&rsquo;Omloop Nieuwsblad<\/a>. La N\u00e9erlandaise, de retour \u00e0 100 % sur les Flandriennes cette saison, a marqu\u00e9 des points. Avant que le d\u00e9but de printemps ne consacre le retour de <strong>Lotte Kopecky<\/strong> (Team SD Worx-Protime) ! L&rsquo;ancienne co\u00e9quipi\u00e8re de Demi Vollering <a href=\"https:\/\/dicodusport.fr\/blog\/lotte-kopecky-triomphe-sur-milan-san-remo-et-soffre-un-nouveau-monument\/\">a remport\u00e9 Milan-San Remo en patronne<\/a>, apr\u00e8s de longs mois difficiles. Mais elle n&rsquo;a pas pes\u00e9 sur \u00c0 Travers la Flandre (12e).<\/p>\n<p style=\"text-align: justify;\">Cette derni\u00e8re semi-classique a consacr\u00e9 une nouvelle candidate \u00e0 la victoire sur le Ronde. <a href=\"https:\/\/dicodusport.fr\/blog\/marlen-reusser-se-joue-de-demi-vollering-et-remporte-a-travers-la-flandre\/\"><strong>Marlen Reusser<\/strong> (Movistar) a \u00e9t\u00e9 impressionnante ce mercredi pour l&#8217;emporter<\/a>. Solide dans les monts et plus forte au sprint que <strong>Demi Vollering<\/strong>. On n&rsquo;oubliera pas <a href=\"https:\/\/dicodusport.fr\/blog\/lorena-wiebes-triple-la-mise-en-patronne-sur-gand-wevelgem-femmes-in-flanders-field\/\">la victoire de <strong>Lorena Wiebes<\/strong> (Team SD Worx-Protime), dimanche dernier, sur les routes de Gand-Wevelgem<\/a>, dont elle est d\u00e9sormais la triple tenante du titre. Alors qu&rsquo;il n&rsquo;y a pas d&rsquo;E3 Saxo Bank Classic chez les femmes.<\/p>\n<h2 style=\"text-align: justify;\">Lotte Kopecky pour entrer encore plus dans la l\u00e9gende ?<\/h2>\n<p style=\"text-align: justify;\">Si la course est plus ouverte que jamais, le Tour des Flandres a su consacrer les plus fortes. Parmi elles, <strong>Lotte Kopecky<\/strong> est d\u00e9j\u00e0 entr\u00e9e dans la l\u00e9gende du Ronde en remportant trois fois la course. Si elle le remporte et que Mathieu van der Poel ne gagne pas (la course hommes \u00e9tant avant celle des femmes), elle sera la toute premi\u00e8re \u2013 hommes et femmes confondus \u2013 \u00e0 remporter quatre fois la course. Elle d\u00e9tient d\u00e9j\u00e0 le record absolu chez les femmes, sur une \u00e9preuve qui n&rsquo;existe que depuis 2004.<\/p>\n<p style=\"text-align: justify;\">En 2025, au c\u0153ur d&rsquo;une ann\u00e9e gal\u00e8re, elle avait renait de ses cendres \u00e0 Audenarde, pour remporter son seul grand succ\u00e8s de l&rsquo;ann\u00e9e. Elle avait devanc\u00e9 <strong>Pauline Ferrand-Pr\u00e9vot<\/strong>. Cette ann\u00e9e, elle a lanc\u00e9 sa saison sur de bien meilleures bases (lire plus haut). De celles qui ont remport\u00e9 des grosses courses cette ann\u00e9e, elle est celle qui a la meilleure pointe de vitesse. Sera-t-elle la plus forte dans les monts ? Ce n&rsquo;est pas s\u00fbr. Mais il faudra la d\u00e9cramponner pour ne pas arriver au sprint avec elle.<\/p>\n<h2 style=\"text-align: justify;\">Pauline Ferrand-Pr\u00e9vot pour troubler la hi\u00e9rarchie ?<\/h2>\n<p style=\"text-align: justify;\">On l&rsquo;a \u00e9voqu\u00e9, \u00ab\u00a0PFP\u00a0\u00bb (Visma-Lease a bike) a pris la 2e place l&rsquo;an pass\u00e9. La Fran\u00e7aise avait ensuite remport\u00e9 Paris-Roubaix et le Tour de France (exploit que m\u00eame <strong>Tadej Pogacar<\/strong> n&rsquo;a pas encore r\u00e9ussi et qu&rsquo;<strong>Eddy Merckx<\/strong> n&rsquo;a r\u00e9ussi qu&rsquo;une fois en 1970). En 2025, elle \u00e9tait arriv\u00e9e en Belgique avec davantage de jours de course que cette ann\u00e9e. Elle n&rsquo;a particip\u00e9 qu&rsquo;aux Strade Bianche Donne. Course dans laquelle elle a eu un p\u00e9pin m\u00e9canique au pire moment (28e).<\/p>\n<p style=\"text-align: justify;\">Doit-on \u00eatre inquiet sur la forme de la Fran\u00e7aise ? Dans bien des cas, on serait tent\u00e9 de dire oui. Sauf qu&rsquo;on parle de <strong>Pauline Ferrand-Pr\u00e9vot<\/strong> ! En cyclisme, que ce soit chez les hommes comme chez les femmes, il n&rsquo;y a pas cinq coureurs dans le monde qui ont cette capacit\u00e9 \u00e0 cibler des objectifs, comme le fait la Fran\u00e7aise. Elle a annonc\u00e9 vouloir remporter le Ronde. On peut pr\u00e9sumer qu&rsquo;elle y sera en forme. M\u00eame si le sport n&rsquo;est \u00e9videmment pas une science exacte. Elle la seule leader des <em>Jaune et Noir<\/em>, apr\u00e8s le forfait de <strong>Marianne Vos<\/strong>.<\/p>\n<div class=\"vlp-link-container vlp-layout-article\"><a href=\"https:\/\/dicodusport.fr\/blog\/programme-corse-pour-pauline-ferrand-prevot-en-2026\/\" class=\"vlp-link\" title=\"Programme cors\u00e9 pour Pauline Ferrand-Pr\u00e9vot en 2026\"><\/a><div class=\"vlp-layout-zone-side\"><div class=\"vlp-block-4 vlp-link-image\"><img loading=\"lazy\" decoding=\"async\" style=\"max-width: 792px;\" width=\"792\" height=\"445\" src=\"https:\/\/dicodusport.fr\/blog\/wp-content\/uploads\/2026\/01\/Programme-corse-pour-Pauline-Ferrand-Prevot-en-2026.png\" class=\"attachment-800x445 size-800x445\" alt=\"Programme cors\u00e9 pour Pauline Ferrand-Pr\u00e9vot en 2026\" srcset=\"https:\/\/dicodusport.fr\/blog\/wp-content\/uploads\/2026\/01\/Programme-corse-pour-Pauline-Ferrand-Prevot-en-2026.png 1200w, https:\/\/dicodusport.fr\/blog\/wp-content\/uploads\/2026\/01\/Programme-corse-pour-Pauline-Ferrand-Prevot-en-2026-300x169.png 300w, https:\/\/dicodusport.fr\/blog\/wp-content\/uploads\/2026\/01\/Programme-corse-pour-Pauline-Ferrand-Prevot-en-2026-1024x575.png 1024w, https:\/\/dicodusport.fr\/blog\/wp-content\/uploads\/2026\/01\/Programme-corse-pour-Pauline-Ferrand-Prevot-en-2026-768x431.png 768w\" sizes=\"auto, (max-width: 792px) 100vw, 792px\" \/><\/div><\/div><div class=\"vlp-layout-zone-main\"><div class=\"vlp-block-0 vlp-link-title\">Programme cors\u00e9 pour Pauline Ferrand-Pr\u00e9vot en 2026<\/div><div class=\"vlp-block-1 vlp-link-summary\">La vainqueure du Tour 2025, Pauline Ferrand-Pr\u00e9vot, d\u00e9voile son programme pour la saison 2026.<\/div><div class=\"vlp-block-2 vlp-link-button\">Lire l'article<\/div><div class=\"vlp-block-3 vlp-link-url\">dicodusport.fr<\/div><\/div><\/div>\n<h2 style=\"text-align: justify;\">Or, Kopecky, \u00ab\u00a0PFP\u00a0\u00bb, Vollering ou Reusser, qui peut remporter le Tour des Flandres 2026 ?<\/h2>\n<p style=\"text-align: justify;\">Le cyclisme f\u00e9minin nous a offert quelques vainqueures surprises depuis le d\u00e9but de l&rsquo;ann\u00e9e. <a href=\"https:\/\/dicodusport.fr\/blog\/karlijn-swinkels-remporte-le-trofeo-alfredo-binda-apres-un-gros-travail-collectif-duae-team-adq\/\">On n&rsquo;attendait pas forc\u00e9ment <strong>Karlijn Swinkels<\/strong> vainqueure du Trofeo Alfredo Binda<\/a>, au terme d&rsquo;un superbe travail de la formation UAE Team-ADQ. Cette course \u00e9tant encore consid\u00e9r\u00e9e comme un Monument chez les femmes. On attendait encore moins <a href=\"https:\/\/dicodusport.fr\/blog\/carys-lloyd-cree-une-immense-sensation-et-remporte-sa-premiere-victoire-sur-le-tour-de-bruges-femmes\/\"><strong>Carys Lloyd<\/strong> (Movistar), auteure d&rsquo;une immense sensation sur les routes du Tour de Bruges<\/a>. M\u00eame la victoire d&rsquo;<strong>Elise Chabbey<\/strong>, sur les Strade Bianche, n&rsquo;\u00e9tait pas la plus attendue.<\/p>\n<p style=\"text-align: justify;\">Qui d&rsquo;autre que la Suissesse pour \u00eatre l&rsquo;outsider parfaite pour cr\u00e9er la surprise. L&rsquo;attention sera d&rsquo;abord focalis\u00e9e sur <strong>Demi Vollering<\/strong> au sein de la FDJ United-Suez. Elle a pris la 4e place de Gand-Wevelgem, apr\u00e8s y avoir \u00e9t\u00e9 tr\u00e8s offensive. Mais domin\u00e9e par <strong>Lorena Wiebes<\/strong>. Outre sa victoire, c&rsquo;est la mani\u00e8re qui a impressionn\u00e9 chez la N\u00e9erlandaise (\u00e0 l&rsquo;exception de ses dix derniers m\u00e8tres).<\/p>\n<div class=\"vlp-link-container vlp-layout-article\"><a href=\"https:\/\/dicodusport.fr\/blog\/elise-chabbey-remporte-les-strade-bianche-au-terme-dun-final-danthologie\/\" class=\"vlp-link\" title=\"Elise Chabbey remporte les Strade Bianche au terme d&#039;un final d&#039;anthologie\"><\/a><div class=\"vlp-layout-zone-side\"><div class=\"vlp-block-4 vlp-link-image\"><img loading=\"lazy\" decoding=\"async\" style=\"max-width: 792px;\" width=\"792\" height=\"445\" src=\"https:\/\/dicodusport.fr\/blog\/wp-content\/uploads\/2026\/03\/Elise-Chabbey-remporte-les-Strade-Bianche-au-terme-dun-final-danthologie-1.png\" class=\"attachment-800x445 size-800x445\" alt=\"Elise Chabbey remporte les Strade Bianche au terme d&#039;un final d&#039;anthologie\" srcset=\"https:\/\/dicodusport.fr\/blog\/wp-content\/uploads\/2026\/03\/Elise-Chabbey-remporte-les-Strade-Bianche-au-terme-dun-final-danthologie-1.png 1200w, https:\/\/dicodusport.fr\/blog\/wp-content\/uploads\/2026\/03\/Elise-Chabbey-remporte-les-Strade-Bianche-au-terme-dun-final-danthologie-1-300x169.png 300w, https:\/\/dicodusport.fr\/blog\/wp-content\/uploads\/2026\/03\/Elise-Chabbey-remporte-les-Strade-Bianche-au-terme-dun-final-danthologie-1-1024x575.png 1024w, https:\/\/dicodusport.fr\/blog\/wp-content\/uploads\/2026\/03\/Elise-Chabbey-remporte-les-Strade-Bianche-au-terme-dun-final-danthologie-1-768x431.png 768w\" sizes=\"auto, (max-width: 792px) 100vw, 792px\" \/><\/div><\/div><div class=\"vlp-layout-zone-main\"><div class=\"vlp-block-0 vlp-link-title\">Elise Chabbey remporte les Strade Bianche au terme d'un final d'anthologie<\/div><div class=\"vlp-block-1 vlp-link-summary\">Auteure d'une course \u00e9norme et impeccable dans le final, la Suissesse Elise Chabbey (FDJ United - Suez) s'adjuge une course exceptionnelle.<\/div><div class=\"vlp-block-2 vlp-link-button\">Lire l'article<\/div><div class=\"vlp-block-3 vlp-link-url\">dicodusport.fr<\/div><\/div><\/div>\n<p style=\"text-align: justify;\">Elle a vol\u00e9 dans la derni\u00e8re ascension du Mont Kemmel. Oui, le Vieux-Quaremont et le Paterberg sont autrement plus difficiles pour celle qui n&rsquo;a jamais brill\u00e9 sur le Ronde (aucun Top 10). Mais qui semble avoir envie d&rsquo;y performer. Il ne faudra pas l&rsquo;avoir dans la roue dans la derni\u00e8re ligne droite. Encore moins si <strong>Lotte Kopecky<\/strong> est avec elle !<\/p>\n<p style=\"text-align: justify;\">Si elle est moins en r\u00e9ussite sur les classiques en 2026, <strong>Elisa Longo Borghini<\/strong> (UAE Team ADQ), si elle triomphe, peut rejoindre le club des triples vainqueurs du Ronde, apr\u00e8s ses victoires en 2015 et 2024. On a d\u00e9j\u00e0 vu son \u00e9quipe \u00eatre capable de d\u00e9canter la course par sa force collective. UAE, la seule \u00e0 avoir tent\u00e9 d&rsquo;attaquer <strong>Lorena Wiebes<\/strong>, dans le final de Gand-Wevelgem.<\/p>\n<h3 style=\"text-align: justify;\">Les autres outsiders<\/h3>\n<p style=\"text-align: justify;\">D&rsquo;autres coureuses peuvent tirer les marrons du feu d&rsquo;un marquage de leader. Outre Marlen Reusser, la Movistar a quelques tr\u00e8s bonnes \u00e9l\u00e9ments. Comme <strong>Liane Lippert<\/strong> ou Cat <strong>Ferguson.<\/strong> La formation espagnole fait \u00e9galement confiance \u00e0 <strong>Carys Lloyd<\/strong>.<\/p>\n<p style=\"text-align: justify;\">Du c\u00f4t\u00e9 de la formation CANYON\/\/SRAM zondacrypto, malgr\u00e9 l&rsquo;absence de <strong>Kasia Niewiadoma,<\/strong> durement touch\u00e9e \u00e0 Milan-San Remo, il y a du personnel. Notamment la jeune <strong>Zoe B\u00e4ckstedt<\/strong>, performante sur A Travers La Flandre (4e et premi\u00e8re du peloton de chasse). Elle a \u00e9norm\u00e9ment progress\u00e9 sur sa pointe de vitesse et reste une rouleuse redoutable.<\/p>\n<p style=\"text-align: justify;\">Victime d&rsquo;une chute et finalement peu pr\u00e9sente mercredi, <strong>Puck Pieterse<\/strong> (Fenix-Premier Tech) se cherche encore cette ann\u00e9e. Mais la N\u00e9erlandaise de 23 ans reste une coureuse de grand talent. M\u00eame constat pour Kimberley Le Court (AG Insurance-Soudal Team), plus en retrait en ce d\u00e9but d&rsquo;ann\u00e9e, apr\u00e8s une ann\u00e9e 2025 exceptionnelle.<\/p>\n<div class=\"vlp-link-container vlp-layout-article\"><a href=\"https:\/\/dicodusport.fr\/blog\/cyclisme-puck-pieterse-une-future-cannibale-en-construction\/\" class=\"vlp-link\" title=\"Cyclisme\u00a0: Puck Pieterse, une future cannibale en construction\"><\/a><div class=\"vlp-layout-zone-side\"><div class=\"vlp-block-4 vlp-link-image\"><img loading=\"lazy\" decoding=\"async\" style=\"max-width: 792px;\" width=\"792\" height=\"445\" src=\"https:\/\/dicodusport.fr\/blog\/wp-content\/uploads\/2025\/04\/Cyclisme-Puck-Pieterse-une-future-cannibale-en-construction.png\" class=\"attachment-800x445 size-800x445\" alt=\"Cyclisme\u00a0: Puck Pieterse, une future cannibale en construction\" srcset=\"https:\/\/dicodusport.fr\/blog\/wp-content\/uploads\/2025\/04\/Cyclisme-Puck-Pieterse-une-future-cannibale-en-construction.png 1200w, https:\/\/dicodusport.fr\/blog\/wp-content\/uploads\/2025\/04\/Cyclisme-Puck-Pieterse-une-future-cannibale-en-construction-300x169.png 300w, https:\/\/dicodusport.fr\/blog\/wp-content\/uploads\/2025\/04\/Cyclisme-Puck-Pieterse-une-future-cannibale-en-construction-1024x575.png 1024w, https:\/\/dicodusport.fr\/blog\/wp-content\/uploads\/2025\/04\/Cyclisme-Puck-Pieterse-une-future-cannibale-en-construction-768x431.png 768w\" sizes=\"auto, (max-width: 792px) 100vw, 792px\" \/><\/div><\/div><div class=\"vlp-layout-zone-main\"><div class=\"vlp-block-0 vlp-link-title\">Cyclisme\u00a0: Puck Pieterse, une future cannibale en construction<\/div><div class=\"vlp-block-1 vlp-link-summary\">CYCLISME SUR ROUTE \u2013 Vainqueure de la Fl\u00e8che Wallonne mercredi, Puck Pieterse a enfin d\u00e9croch\u00e9 la grande victoire sur une classique autour de laquelle elle tournait depuis de longs mois. Constamment plac\u00e9e, la N\u00e9erlandaise de seulement 22 ans confirme au fil des \u00e9preuves qu\u2019elle a tout pour devenir une v\u00e9ritable cannibale dans les prochaines ann\u00e9es.<\/div><div class=\"vlp-block-2 vlp-link-button\">Lire l'article<\/div><div class=\"vlp-block-3 vlp-link-url\">dicodusport.fr<\/div><\/div><\/div>\n<p style=\"text-align: justify;\"><strong style=\"text-align: justify;\">Shirin van Anrooij<\/strong><span style=\"text-align: justify;\"> (Lidl-Trek) n&rsquo;a pas encore totalement confirm\u00e9 sur la route. Mais elle a d\u00e9j\u00e0 pris la 3e place de la course en 2024. Parmi les autres outsiders, on peut citer <\/span><strong style=\"text-align: justify;\">Letizia Paternoster, Caroline Andersson<\/strong><span style=\"text-align: justify;\"> (Liv AlUla Jayco), <\/span><strong style=\"text-align: justify;\">Pfeiffer Georgi<\/strong><span style=\"text-align: justify;\"> (Team Picnic PostNL), <\/span><strong style=\"text-align: justify;\">Alison Jackson<\/strong><span style=\"text-align: justify;\"> (St Michel-Preference Home-Auber 93), Noemi R\u00fcegg (EF Education-Oatly) ou encore <\/span><strong style=\"text-align: justify;\">Lily Williams<\/strong><span style=\"text-align: justify;\"> (Human Powered Health).<\/span><\/p>\n<p>&nbsp;<\/p>\n<div id=\"gtx-trans\" style=\"position: absolute; left: -14px; top: 40.9091px;\">\n<div class=\"gtx-trans-icon\"><\/div>\n<\/div>\n","protected":false},"excerpt":{"rendered":"<p>Vollering, Kopecky, Ferrand-Pr\u00e9vot&#8230; Focus sur les favorites de la course du Tour des Flandres femmes 2026.<\/p>\n","protected":false},"author":83,"featured_media":659866,"comment_status":"open","ping_status":"closed","sticky":false,"template":"","format":"standard","meta":{"_acf_changed":false,"_daextam_enable_autolinks":"1","footnotes":""},"categories":[46994],"tags":[32415,16878,574,2875,11197,4325],"class_list":["post-659853","post","type-post","status-publish","format-standard","has-post-thumbnail","hentry","category-cyclisme-sur-route","tag-actu","tag-breve","tag-cyclisme","tag-cyclisme-feminin","tag-cyclisme-sur-route","tag-tour-des-flandres"],"acf":[],"yoast_head":"<!-- This site is optimized with the Yoast SEO Premium plugin v26.7 (Yoast SEO v26.7) - https:\/\/yoast.com\/wordpress\/plugins\/seo\/ -->\n<title>Tour des Flandres femmes 2026 : qui sont les favorites du Monument flamand ?<\/title>\n<meta name=\"description\" content=\"Vollering, Kopecky, Ferrand-Pr\u00e9vot... Focus sur les favorites de la course du Tour des Flandres femmes 2026.\" \/>\n<meta name=\"robots\" content=\"index, follow, max-snippet:-1, max-image-preview:large, max-video-preview:-1\" \/>\n<link rel=\"canonical\" href=\"https:\/\/dicodusport.fr\/blog\/tour-des-flandres-femmes-2026-qui-sont-les-favorites-du-monument-flamand\/\" \/>\n<meta property=\"og:locale\" content=\"fr_FR\" \/>\n<meta property=\"og:type\" content=\"article\" \/>\n<meta property=\"og:title\" content=\"Tour des Flandres femmes 2026 : qui sont les favorites du Monument flamand ?\" \/>\n<meta property=\"og:description\" content=\"Vollering, Kopecky, Ferrand-Pr\u00e9vot... Focus sur les favorites de la course du Tour des Flandres femmes 2026.\" \/>\n<meta property=\"og:url\" content=\"https:\/\/dicodusport.fr\/blog\/tour-des-flandres-femmes-2026-qui-sont-les-favorites-du-monument-flamand\/\" \/>\n<meta property=\"og:site_name\" content=\"Dicodusport\" \/>\n<meta property=\"article:publisher\" content=\"https:\/\/www.facebook.com\/dicodusport\" \/>\n<meta property=\"article:published_time\" content=\"2026-04-04T10:00:40+00:00\" \/>\n<meta property=\"og:image\" content=\"https:\/\/dicodusport.fr\/blog\/wp-content\/uploads\/2026\/04\/Tour-des-Flandres-femmes-2026-qui-sont-les-favorites-du-Monument-flamand-.png\" \/>\n\t<meta property=\"og:image:width\" content=\"1200\" \/>\n\t<meta property=\"og:image:height\" content=\"680\" \/>\n\t<meta property=\"og:image:type\" content=\"image\/png\" \/>\n<meta name=\"author\" content=\"Etienne Goursaud\" \/>\n<meta name=\"twitter:card\" content=\"summary_large_image\" \/>\n<meta name=\"twitter:title\" content=\"Tour des Flandres femmes 2026 : qui sont les favorites du Monument flamand ?\" \/>\n<meta name=\"twitter:creator\" content=\"@dicodusport\" \/>\n<meta name=\"twitter:site\" content=\"@dicodusport\" \/>\n<script type=\"application\/ld+json\" class=\"yoast-schema-graph\">{\"@context\":\"https:\/\/schema.org\",\"@graph\":[{\"@type\":\"NewsArticle\",\"@id\":\"https:\/\/dicodusport.fr\/blog\/tour-des-flandres-femmes-2026-qui-sont-les-favorites-du-monument-flamand\/#article\",\"isPartOf\":{\"@id\":\"https:\/\/dicodusport.fr\/blog\/tour-des-flandres-femmes-2026-qui-sont-les-favorites-du-monument-flamand\/\"},\"author\":{\"name\":\"Etienne Goursaud\",\"@id\":\"https:\/\/dicodusport.fr\/blog\/#\/schema\/person\/d603dd7da31fb2b46c82b9835a77ec13\"},\"headline\":\"Tour des Flandres femmes 2026 : qui sont les favorites du Monument flamand ?\",\"datePublished\":\"2026-04-04T10:00:40+00:00\",\"mainEntityOfPage\":{\"@id\":\"https:\/\/dicodusport.fr\/blog\/tour-des-flandres-femmes-2026-qui-sont-les-favorites-du-monument-flamand\/\"},\"wordCount\":1521,\"commentCount\":0,\"publisher\":{\"@id\":\"https:\/\/dicodusport.fr\/blog\/#organization\"},\"image\":{\"@id\":\"https:\/\/dicodusport.fr\/blog\/tour-des-flandres-femmes-2026-qui-sont-les-favorites-du-monument-flamand\/#primaryimage\"},\"thumbnailUrl\":\"https:\/\/dicodusport.fr\/blog\/wp-content\/uploads\/2026\/04\/Tour-des-Flandres-femmes-2026-qui-sont-les-favorites-du-Monument-flamand-.png\",\"keywords\":[\"actu\",\"br\u00e8ve\",\"Cyclisme\",\"cyclisme f\u00e9minin\",\"Cyclisme sur route\",\"Tour des Flandres\"],\"articleSection\":[\"Cyclisme sur route\"],\"inLanguage\":\"fr-FR\",\"potentialAction\":[{\"@type\":\"CommentAction\",\"name\":\"Comment\",\"target\":[\"https:\/\/dicodusport.fr\/blog\/tour-des-flandres-femmes-2026-qui-sont-les-favorites-du-monument-flamand\/#respond\"]}],\"copyrightYear\":\"2026\",\"copyrightHolder\":{\"@id\":\"https:\/\/dicodusport.fr\/blog\/#organization\"}},{\"@type\":\"WebPage\",\"@id\":\"https:\/\/dicodusport.fr\/blog\/tour-des-flandres-femmes-2026-qui-sont-les-favorites-du-monument-flamand\/\",\"url\":\"https:\/\/dicodusport.fr\/blog\/tour-des-flandres-femmes-2026-qui-sont-les-favorites-du-monument-flamand\/\",\"name\":\"Tour des Flandres femmes 2026 : qui sont les favorites du Monument flamand ?\",\"isPartOf\":{\"@id\":\"https:\/\/dicodusport.fr\/blog\/#website\"},\"primaryImageOfPage\":{\"@id\":\"https:\/\/dicodusport.fr\/blog\/tour-des-flandres-femmes-2026-qui-sont-les-favorites-du-monument-flamand\/#primaryimage\"},\"image\":{\"@id\":\"https:\/\/dicodusport.fr\/blog\/tour-des-flandres-femmes-2026-qui-sont-les-favorites-du-monument-flamand\/#primaryimage\"},\"thumbnailUrl\":\"https:\/\/dicodusport.fr\/blog\/wp-content\/uploads\/2026\/04\/Tour-des-Flandres-femmes-2026-qui-sont-les-favorites-du-Monument-flamand-.png\",\"datePublished\":\"2026-04-04T10:00:40+00:00\",\"description\":\"Vollering, Kopecky, Ferrand-Pr\u00e9vot... Focus sur les favorites de la course du Tour des Flandres femmes 2026.\",\"breadcrumb\":{\"@id\":\"https:\/\/dicodusport.fr\/blog\/tour-des-flandres-femmes-2026-qui-sont-les-favorites-du-monument-flamand\/#breadcrumb\"},\"inLanguage\":\"fr-FR\",\"potentialAction\":[{\"@type\":\"ReadAction\",\"target\":[\"https:\/\/dicodusport.fr\/blog\/tour-des-flandres-femmes-2026-qui-sont-les-favorites-du-monument-flamand\/\"]}]},{\"@type\":\"ImageObject\",\"inLanguage\":\"fr-FR\",\"@id\":\"https:\/\/dicodusport.fr\/blog\/tour-des-flandres-femmes-2026-qui-sont-les-favorites-du-monument-flamand\/#primaryimage\",\"url\":\"https:\/\/dicodusport.fr\/blog\/wp-content\/uploads\/2026\/04\/Tour-des-Flandres-femmes-2026-qui-sont-les-favorites-du-Monument-flamand-.png\",\"contentUrl\":\"https:\/\/dicodusport.fr\/blog\/wp-content\/uploads\/2026\/04\/Tour-des-Flandres-femmes-2026-qui-sont-les-favorites-du-Monument-flamand-.png\",\"width\":1200,\"height\":680,\"caption\":\"Tour des Flandres femmes 2026 : qui sont les favorites du Monument flamand ?\"},{\"@type\":\"BreadcrumbList\",\"@id\":\"https:\/\/dicodusport.fr\/blog\/tour-des-flandres-femmes-2026-qui-sont-les-favorites-du-monument-flamand\/#breadcrumb\",\"itemListElement\":[{\"@type\":\"ListItem\",\"position\":1,\"name\":\"Accueil\",\"item\":\"https:\/\/dicodusport.fr\/blog\/\"},{\"@type\":\"ListItem\",\"position\":2,\"name\":\"Tour des Flandres femmes 2026 : qui sont les favorites du Monument flamand ?\"}]},{\"@type\":\"WebSite\",\"@id\":\"https:\/\/dicodusport.fr\/blog\/#website\",\"url\":\"https:\/\/dicodusport.fr\/blog\/\",\"name\":\"Dicodusport\",\"description\":\"L&#039;encyclop\u00e9die de l&#039;actualit\u00e9 sportive\",\"publisher\":{\"@id\":\"https:\/\/dicodusport.fr\/blog\/#organization\"},\"potentialAction\":[{\"@type\":\"SearchAction\",\"target\":{\"@type\":\"EntryPoint\",\"urlTemplate\":\"https:\/\/dicodusport.fr\/blog\/?s={search_term_string}\"},\"query-input\":{\"@type\":\"PropertyValueSpecification\",\"valueRequired\":true,\"valueName\":\"search_term_string\"}}],\"inLanguage\":\"fr-FR\"},{\"@type\":\"NewsMediaOrganization\",\"@id\":\"https:\/\/dicodusport.fr\/blog\/#organization\",\"name\":\"Dicodusport\",\"url\":\"https:\/\/dicodusport.fr\/blog\/\",\"logo\":{\"@type\":\"ImageObject\",\"inLanguage\":\"fr-FR\",\"@id\":\"https:\/\/dicodusport.fr\/blog\/#\/schema\/logo\/image\/\",\"url\":\"https:\/\/dicodusport.fr\/blog\/wp-content\/uploads\/2020\/06\/cropped-LOGO-DICODUSPORT-2020-SANS-FOND-SANS-TEXTE.png\",\"contentUrl\":\"https:\/\/dicodusport.fr\/blog\/wp-content\/uploads\/2020\/06\/cropped-LOGO-DICODUSPORT-2020-SANS-FOND-SANS-TEXTE.png\",\"width\":512,\"height\":512,\"caption\":\"Dicodusport\"},\"image\":{\"@id\":\"https:\/\/dicodusport.fr\/blog\/#\/schema\/logo\/image\/\"},\"sameAs\":[\"https:\/\/www.facebook.com\/dicodusport\",\"https:\/\/x.com\/dicodusport\",\"https:\/\/www.instagram.com\/dicodusport\/\",\"https:\/\/www.youtube.com\/channel\/UC7V2KZ5sd3htJivAbA4ZG3w\"],\"description\":\"Dicodusport est l'encyclop\u00e9die de l'actualit\u00e9 sportive.\",\"email\":\"bonjour@dicodusport.fr\",\"legalName\":\"DICODUSPORT\",\"foundingDate\":\"2018-01-14\",\"vatID\":\"FR71834470973\",\"taxID\":\"83447097300043\",\"numberOfEmployees\":{\"@type\":\"QuantitativeValue\",\"minValue\":\"1\",\"maxValue\":\"10\"}},{\"@type\":\"Person\",\"@id\":\"https:\/\/dicodusport.fr\/blog\/#\/schema\/person\/d603dd7da31fb2b46c82b9835a77ec13\",\"name\":\"Etienne Goursaud\",\"image\":{\"@type\":\"ImageObject\",\"inLanguage\":\"fr-FR\",\"@id\":\"https:\/\/dicodusport.fr\/blog\/#\/schema\/person\/image\/\",\"url\":\"https:\/\/dicodusport.fr\/blog\/wp-content\/uploads\/2023\/12\/410122264_10231602061736049_5565839791558026645_n-150x150.jpg\",\"contentUrl\":\"https:\/\/dicodusport.fr\/blog\/wp-content\/uploads\/2023\/12\/410122264_10231602061736049_5565839791558026645_n-150x150.jpg\",\"caption\":\"Etienne Goursaud\"},\"description\":\"Journaliste et amoureux de sport. Ancien footballeur reconverti athl\u00e8te quand ses muscles le laissent tranquille. \u00c9lev\u00e9 \u00e0 la sauce des exploits de Thomas Voeckler en 2004, du dernier essai de l\u00e9gende de Eunice Barber \u00e0 la longueur lors des championnats du monde d'athl\u00e9tisme de 2003 mais aussi Zidane, Omeyer et Titou Lamaison.\",\"url\":\"https:\/\/dicodusport.fr\/blog\/author\/etienne-goursaud\/\"}]}<\/script>\n<!-- \/ Yoast SEO Premium plugin. -->","yoast_head_json":{"title":"Tour des Flandres femmes 2026 : qui sont les favorites du Monument flamand ?","description":"Vollering, Kopecky, Ferrand-Pr\u00e9vot... Focus sur les favorites de la course du Tour des Flandres femmes 2026.","robots":{"index":"index","follow":"follow","max-snippet":"max-snippet:-1","max-image-preview":"max-image-preview:large","max-video-preview":"max-video-preview:-1"},"canonical":"https:\/\/dicodusport.fr\/blog\/tour-des-flandres-femmes-2026-qui-sont-les-favorites-du-monument-flamand\/","og_locale":"fr_FR","og_type":"article","og_title":"Tour des Flandres femmes 2026 : qui sont les favorites du Monument flamand ?","og_description":"Vollering, Kopecky, Ferrand-Pr\u00e9vot... Focus sur les favorites de la course du Tour des Flandres femmes 2026.","og_url":"https:\/\/dicodusport.fr\/blog\/tour-des-flandres-femmes-2026-qui-sont-les-favorites-du-monument-flamand\/","og_site_name":"Dicodusport","article_publisher":"https:\/\/www.facebook.com\/dicodusport","article_published_time":"2026-04-04T10:00:40+00:00","og_image":[{"width":1200,"height":680,"url":"https:\/\/dicodusport.fr\/blog\/wp-content\/uploads\/2026\/04\/Tour-des-Flandres-femmes-2026-qui-sont-les-favorites-du-Monument-flamand-.png","type":"image\/png"}],"author":"Etienne Goursaud","twitter_card":"summary_large_image","twitter_title":"Tour des Flandres femmes 2026 : qui sont les favorites du Monument flamand ?","twitter_creator":"@dicodusport","twitter_site":"@dicodusport","schema":{"@context":"https:\/\/schema.org","@graph":[{"@type":"NewsArticle","@id":"https:\/\/dicodusport.fr\/blog\/tour-des-flandres-femmes-2026-qui-sont-les-favorites-du-monument-flamand\/#article","isPartOf":{"@id":"https:\/\/dicodusport.fr\/blog\/tour-des-flandres-femmes-2026-qui-sont-les-favorites-du-monument-flamand\/"},"author":{"name":"Etienne Goursaud","@id":"https:\/\/dicodusport.fr\/blog\/#\/schema\/person\/d603dd7da31fb2b46c82b9835a77ec13"},"headline":"Tour des Flandres femmes 2026 : qui sont les favorites du Monument flamand ?","datePublished":"2026-04-04T10:00:40+00:00","mainEntityOfPage":{"@id":"https:\/\/dicodusport.fr\/blog\/tour-des-flandres-femmes-2026-qui-sont-les-favorites-du-monument-flamand\/"},"wordCount":1521,"commentCount":0,"publisher":{"@id":"https:\/\/dicodusport.fr\/blog\/#organization"},"image":{"@id":"https:\/\/dicodusport.fr\/blog\/tour-des-flandres-femmes-2026-qui-sont-les-favorites-du-monument-flamand\/#primaryimage"},"thumbnailUrl":"https:\/\/dicodusport.fr\/blog\/wp-content\/uploads\/2026\/04\/Tour-des-Flandres-femmes-2026-qui-sont-les-favorites-du-Monument-flamand-.png","keywords":["actu","br\u00e8ve","Cyclisme","cyclisme f\u00e9minin","Cyclisme sur route","Tour des Flandres"],"articleSection":["Cyclisme sur route"],"inLanguage":"fr-FR","potentialAction":[{"@type":"CommentAction","name":"Comment","target":["https:\/\/dicodusport.fr\/blog\/tour-des-flandres-femmes-2026-qui-sont-les-favorites-du-monument-flamand\/#respond"]}],"copyrightYear":"2026","copyrightHolder":{"@id":"https:\/\/dicodusport.fr\/blog\/#organization"}},{"@type":"WebPage","@id":"https:\/\/dicodusport.fr\/blog\/tour-des-flandres-femmes-2026-qui-sont-les-favorites-du-monument-flamand\/","url":"https:\/\/dicodusport.fr\/blog\/tour-des-flandres-femmes-2026-qui-sont-les-favorites-du-monument-flamand\/","name":"Tour des Flandres femmes 2026 : qui sont les favorites du Monument flamand ?","isPartOf":{"@id":"https:\/\/dicodusport.fr\/blog\/#website"},"primaryImageOfPage":{"@id":"https:\/\/dicodusport.fr\/blog\/tour-des-flandres-femmes-2026-qui-sont-les-favorites-du-monument-flamand\/#primaryimage"},"image":{"@id":"https:\/\/dicodusport.fr\/blog\/tour-des-flandres-femmes-2026-qui-sont-les-favorites-du-monument-flamand\/#primaryimage"},"thumbnailUrl":"https:\/\/dicodusport.fr\/blog\/wp-content\/uploads\/2026\/04\/Tour-des-Flandres-femmes-2026-qui-sont-les-favorites-du-Monument-flamand-.png","datePublished":"2026-04-04T10:00:40+00:00","description":"Vollering, Kopecky, Ferrand-Pr\u00e9vot... Focus sur les favorites de la course du Tour des Flandres femmes 2026.","breadcrumb":{"@id":"https:\/\/dicodusport.fr\/blog\/tour-des-flandres-femmes-2026-qui-sont-les-favorites-du-monument-flamand\/#breadcrumb"},"inLanguage":"fr-FR","potentialAction":[{"@type":"ReadAction","target":["https:\/\/dicodusport.fr\/blog\/tour-des-flandres-femmes-2026-qui-sont-les-favorites-du-monument-flamand\/"]}]},{"@type":"ImageObject","inLanguage":"fr-FR","@id":"https:\/\/dicodusport.fr\/blog\/tour-des-flandres-femmes-2026-qui-sont-les-favorites-du-monument-flamand\/#primaryimage","url":"https:\/\/dicodusport.fr\/blog\/wp-content\/uploads\/2026\/04\/Tour-des-Flandres-femmes-2026-qui-sont-les-favorites-du-Monument-flamand-.png","contentUrl":"https:\/\/dicodusport.fr\/blog\/wp-content\/uploads\/2026\/04\/Tour-des-Flandres-femmes-2026-qui-sont-les-favorites-du-Monument-flamand-.png","width":1200,"height":680,"caption":"Tour des Flandres femmes 2026 : qui sont les favorites du Monument flamand ?"},{"@type":"BreadcrumbList","@id":"https:\/\/dicodusport.fr\/blog\/tour-des-flandres-femmes-2026-qui-sont-les-favorites-du-monument-flamand\/#breadcrumb","itemListElement":[{"@type":"ListItem","position":1,"name":"Accueil","item":"https:\/\/dicodusport.fr\/blog\/"},{"@type":"ListItem","position":2,"name":"Tour des Flandres femmes 2026 : qui sont les favorites du Monument flamand ?"}]},{"@type":"WebSite","@id":"https:\/\/dicodusport.fr\/blog\/#website","url":"https:\/\/dicodusport.fr\/blog\/","name":"Dicodusport","description":"L&#039;encyclop\u00e9die de l&#039;actualit\u00e9 sportive","publisher":{"@id":"https:\/\/dicodusport.fr\/blog\/#organization"},"potentialAction":[{"@type":"SearchAction","target":{"@type":"EntryPoint","urlTemplate":"https:\/\/dicodusport.fr\/blog\/?s={search_term_string}"},"query-input":{"@type":"PropertyValueSpecification","valueRequired":true,"valueName":"search_term_string"}}],"inLanguage":"fr-FR"},{"@type":"NewsMediaOrganization","@id":"https:\/\/dicodusport.fr\/blog\/#organization","name":"Dicodusport","url":"https:\/\/dicodusport.fr\/blog\/","logo":{"@type":"ImageObject","inLanguage":"fr-FR","@id":"https:\/\/dicodusport.fr\/blog\/#\/schema\/logo\/image\/","url":"https:\/\/dicodusport.fr\/blog\/wp-content\/uploads\/2020\/06\/cropped-LOGO-DICODUSPORT-2020-SANS-FOND-SANS-TEXTE.png","contentUrl":"https:\/\/dicodusport.fr\/blog\/wp-content\/uploads\/2020\/06\/cropped-LOGO-DICODUSPORT-2020-SANS-FOND-SANS-TEXTE.png","width":512,"height":512,"caption":"Dicodusport"},"image":{"@id":"https:\/\/dicodusport.fr\/blog\/#\/schema\/logo\/image\/"},"sameAs":["https:\/\/www.facebook.com\/dicodusport","https:\/\/x.com\/dicodusport","https:\/\/www.instagram.com\/dicodusport\/","https:\/\/www.youtube.com\/channel\/UC7V2KZ5sd3htJivAbA4ZG3w"],"description":"Dicodusport est l'encyclop\u00e9die de l'actualit\u00e9 sportive.","email":"bonjour@dicodusport.fr","legalName":"DICODUSPORT","foundingDate":"2018-01-14","vatID":"FR71834470973","taxID":"83447097300043","numberOfEmployees":{"@type":"QuantitativeValue","minValue":"1","maxValue":"10"}},{"@type":"Person","@id":"https:\/\/dicodusport.fr\/blog\/#\/schema\/person\/d603dd7da31fb2b46c82b9835a77ec13","name":"Etienne Goursaud","image":{"@type":"ImageObject","inLanguage":"fr-FR","@id":"https:\/\/dicodusport.fr\/blog\/#\/schema\/person\/image\/","url":"https:\/\/dicodusport.fr\/blog\/wp-content\/uploads\/2023\/12\/410122264_10231602061736049_5565839791558026645_n-150x150.jpg","contentUrl":"https:\/\/dicodusport.fr\/blog\/wp-content\/uploads\/2023\/12\/410122264_10231602061736049_5565839791558026645_n-150x150.jpg","caption":"Etienne Goursaud"},"description":"Journaliste et amoureux de sport. Ancien footballeur reconverti athl\u00e8te quand ses muscles le laissent tranquille. \u00c9lev\u00e9 \u00e0 la sauce des exploits de Thomas Voeckler en 2004, du dernier essai de l\u00e9gende de Eunice Barber \u00e0 la longueur lors des championnats du monde d'athl\u00e9tisme de 2003 mais aussi Zidane, Omeyer et Titou Lamaison.","url":"https:\/\/dicodusport.fr\/blog\/author\/etienne-goursaud\/"}]}},"_links":{"self":[{"href":"https:\/\/dicodusport.fr\/blog\/wp-json\/wp\/v2\/posts\/659853","targetHints":{"allow":["GET"]}}],"collection":[{"href":"https:\/\/dicodusport.fr\/blog\/wp-json\/wp\/v2\/posts"}],"about":[{"href":"https:\/\/dicodusport.fr\/blog\/wp-json\/wp\/v2\/types\/post"}],"author":[{"embeddable":true,"href":"https:\/\/dicodusport.fr\/blog\/wp-json\/wp\/v2\/users\/83"}],"replies":[{"embeddable":true,"href":"https:\/\/dicodusport.fr\/blog\/wp-json\/wp\/v2\/comments?post=659853"}],"version-history":[{"count":5,"href":"https:\/\/dicodusport.fr\/blog\/wp-json\/wp\/v2\/posts\/659853\/revisions"}],"predecessor-version":[{"id":660167,"href":"https:\/\/dicodusport.fr\/blog\/wp-json\/wp\/v2\/posts\/659853\/revisions\/660167"}],"wp:featuredmedia":[{"embeddable":true,"href":"https:\/\/dicodusport.fr\/blog\/wp-json\/wp\/v2\/media\/659866"}],"wp:attachment":[{"href":"https:\/\/dicodusport.fr\/blog\/wp-json\/wp\/v2\/media?parent=659853"}],"wp:term":[{"taxonomy":"category","embeddable":true,"href":"https:\/\/dicodusport.fr\/blog\/wp-json\/wp\/v2\/categories?post=659853"},{"taxonomy":"post_tag","embeddable":true,"href":"https:\/\/dicodusport.fr\/blog\/wp-json\/wp\/v2\/tags?post=659853"}],"curies":[{"name":"wp","href":"https:\/\/api.w.org\/{rel}","templated":true}]}}