{"id":660051,"date":"2026-04-03T23:32:22","date_gmt":"2026-04-03T21:32:22","guid":{"rendered":"https:\/\/dicodusport.fr\/blog\/?p=660051&#038;preview=true&#038;preview_id=660051"},"modified":"2026-04-03T23:33:58","modified_gmt":"2026-04-03T21:33:58","slug":"ares-39-bordeaux-carte-et-liste-des-combats-cotes-chaine-tv-et-heure","status":"publish","type":"post","link":"https:\/\/dicodusport.fr\/blog\/ares-39-bordeaux-carte-et-liste-des-combats-cotes-chaine-tv-et-heure\/","title":{"rendered":"ARES 39 Bordeaux : Carte et liste des combats, R\u00e9sultats, Cotes, Cha\u00eene TV et Heure"},"content":{"rendered":"<p style=\"text-align: justify;\" align=\"justify\"><em><strong>Retrouvez la carte des combats, l&rsquo;heure et la cha\u00eene TV de ARES 39 Bordeaux 2026, qui se d\u00e9roule ce vendredi 3 avril 2026.<\/strong><\/em><\/p>\n<p style=\"text-align: justify;\" align=\"justify\">Le <strong>39\u00e8me \u00e9v\u00e8nement num\u00e9rot\u00e9 de l&rsquo;ARES Fighting Championship<\/strong> aura lieu ce vendredi 3 avril 2026 \u00e0 partir de 19h30, \u00e0 l&rsquo;Ark\u00e9a Arena de Bordeaux. Avec en point d&rsquo;orgue la d\u00e9fense de la ceinture int\u00e9rimaire des poids plumes pour <strong>Ghassen Jbalia<\/strong>.<\/p>\n<h2 style=\"text-align: justify;\" align=\"justify\">Jbalia dans l&rsquo;attente<\/h2>\n<p style=\"text-align: justify;\"><strong>Ghassen Jbalia <\/strong>vs <strong>Josh O&rsquo;Connor<\/strong> (champion) pour le titre des poids plumes de l&rsquo;ARES. C&rsquo;\u00e9tait au programme en d\u00e9cembre, mais la blessure du Gallois a rebattu les cartes. Le combat n&rsquo;a pas eu lieu, et \u00e0 la place, <strong>Jbalia<\/strong> a gagn\u00e9 une ceinture int\u00e9rimaire apr\u00e8s avoir mis KO <strong>Abubakar Savirov<\/strong>, qu&rsquo;il va donc devoir d\u00e9fendre ce soir \u00e0 Bordeaux contre <strong>Fabacary Diatta<\/strong>. Un adversaire curieux, qui n&rsquo;a pas combattu depuis trois ans, mais dont on pense qu&rsquo;il pourra offrir une r\u00e9elle opposition. Une ceinture \u00e0 d\u00e9fendre avant de peut-\u00eatre enfin avoir un combat pour une r\u00e9unification.<\/p>\n<blockquote class=\"twitter-tweet\">\n<p dir=\"ltr\" lang=\"fr\">Ils sont all\u00e9s la chercher ensemble ! \ud83c\udfc6<\/p>\n<p>Ghassen Jbalia et son \u00e9quipe d\u00e9fendront la ceinture int\u00e9rimaire featherweight le vendredi 3 avril \u00e0 Bordeaux, pour un main event de folie face \u00e0 Fabacary Diatta sur <a href=\"https:\/\/twitter.com\/hashtag\/ARES39?src=hash&amp;ref_src=twsrc%5Etfw\">#ARES39<\/a>. \ud83e\udd29\ud83d\udd25<a href=\"https:\/\/twitter.com\/hashtag\/ARESFC?src=hash&amp;ref_src=twsrc%5Etfw\">#ARESFC<\/a> <a href=\"https:\/\/t.co\/7XEWsaKTxM\">pic.twitter.com\/7XEWsaKTxM<\/a><\/p>\n<p>\u2014 ARES Fighting Championship (@ares_fighting) <a href=\"https:\/\/twitter.com\/ares_fighting\/status\/2032176065573945452?ref_src=twsrc%5Etfw\">March 12, 2026<\/a><\/p><\/blockquote>\n<p style=\"text-align: justify;\"><script async src=\"https:\/\/platform.twitter.com\/widgets.js\" charset=\"utf-8\"><\/script><\/p>\n<p style=\"text-align: justify;\">Il faudra \u00e9galement surveiller la suite de la mont\u00e9e en puissance de <strong>Jimmy Vienot<\/strong>. L&rsquo;ancien champion du monde de boxe tha\u00eflandaise et de muay tha\u00ef dispute son troisi\u00e8me combat pro, pour confirmer sa nouvelle carri\u00e8re et monter tranquillement au classement chez les poids l\u00e9gers. On surveillera \u00e9galement la locale <strong>Jade Jorand<\/strong>, pr\u00e9c\u00e9d\u00e9e d&rsquo;une flatteuse r\u00e9putation malgr\u00e9 son bilan de 4-3, et surtout <strong>Noah Gugnon<\/strong> qui, s&rsquo;il gagne, pourrait bien se voir proposer un combat pour le titre chez les poids l\u00e9gers.<\/p>\n<h2 style=\"text-align: justify;\">Date, heure et cha\u00eene TV de ARES 39<\/h2>\n<p style=\"text-align: justify;\"><strong>ARES 39<\/strong>\u00a0est pr\u00e9vu ce <strong>vendredi 3 avril 2026 <\/strong>\u00e0 <strong>19h30<\/strong> <strong>pour la carte pr\u00e9liminaire<\/strong> et <strong>21h30<\/strong> <strong>pour la carte principale<\/strong>. Concernant la <strong>diffusion<\/strong>, la carte pr\u00e9liminaire sera retransmise en direct sur le <em>Twitch Canal+<\/em>, puis sur <em>Canal+ Sport 360 <\/em>\u00e0 partir de 20h30, tandis que la carte principale sera int\u00e9gralement diffus\u00e9e sur <em>Canal+ Sport 360<\/em>.<\/p>\n<h2 style=\"text-align: justify;\">Carte de ARES 39 Bordeaux 2026 : la liste des combats<\/h2>\n<h3 style=\"text-align: justify;\">Carte pr\u00e9liminaire (d\u00e8s 19h30)<\/h3>\n<p style=\"text-align: justify;\"><strong>Rafael Saraiva<\/strong> bat<strong> Romain Tango par TKO R3 <\/strong>(poids mouches)<\/p>\n<p style=\"text-align: justify;\"><strong>Baba Nadjombe<\/strong> bat<strong> Phruethikorn Chaichongcharoen par d\u00e9cision partag\u00e9e <\/strong>(poids l\u00e9gers)<\/p>\n<p style=\"text-align: justify;\"><strong>Jade Jorand <\/strong>bat <strong>Adriana Fusini par TKO R1 <\/strong>(poids pailles)<\/p>\n<p style=\"text-align: justify;\"><strong>Sakhi Qambari <\/strong>bat <strong>Gabriel Pasqualotti par soumission R1\u00a0 <\/strong>(poids plumes)<\/p>\n<hr \/>\n<h3 style=\"text-align: justify;\"><strong>\u00a0<\/strong>Carte principale (d\u00e8s 21h30)<\/h3>\n<p style=\"text-align: justify;\"><strong>Mario Gagliardi<\/strong> bat<strong> Jimmy Vienot par d\u00e9cision unanime <\/strong>(poids l\u00e9gers)<\/p>\n<p style=\"text-align: justify;\"><strong>Noah Gugnon <\/strong>bat <strong>Bruno Matos par TKO R1 <\/strong>(poids l\u00e9gers)<\/p>\n<p style=\"text-align: justify;\"><strong>Jason Ponet<\/strong> bat<strong> Ibrahima Man\u00e9 par d\u00e9cision unanime<\/strong><strong>\u00a0<\/strong>(poids mi-moyens)<\/p>\n<p style=\"text-align: justify;\"><strong>Fabacary Diatta<\/strong> bat<strong> Ghassen Jbalia par d\u00e9cision unanime <\/strong>(pour la ceinture int\u00e9rimaire des poids plumes)<\/p>\n<h2 style=\"text-align: justify;\">Les cotes de Ghassen Jbalia-Fabacary Diatta<\/h2>\n<table style=\"width: 840px;\">\n<tbody>\n<tr style=\"height: 16px;\">\n<td style=\"background-color: #404040; text-align: left; border-color: #ededed; width: 532px;\" colspan=\"2\"><span style=\"font-size: 12px; color: #ffffff;\">Vendredi 3 avril 23h00<\/span><\/td>\n<\/tr>\n<tr style=\"height: 24px;\">\n<td style=\"background-color: #ffffff; border-color: #ededed; vertical-align: middle; text-align: center; width: 400px;\"><span style=\"font-size: 10px;\"><span style=\"font-size: 14px;\"><strong>Ghassen Jbalia<\/strong><\/span><br \/>\n<a href=\"https:\/\/www.winamax.fr\/paris-sportifs\/match\/?banid=33423\" class=\"su-button su-button-style-flat su-button-wide\" style=\"color:#fff;background-color:#013369;border-color:#012954;border-radius:5px\" target=\"_blank\" rel=\"noopener noreferrer\"><span style=\"color:#fff;padding:0px 20px;font-size:16px;line-height:32px;border-color:#4e7196;border-radius:5px;text-shadow:none\"> NC<\/span><\/a><\/span><\/td>\n<td style=\"background-color: #ffffff; border-color: #ededed; vertical-align: middle; text-align: center; width: 400px;\"><span style=\"font-size: 10px;\"><span style=\"font-size: 14px;\"><strong>Fabacary Diatta<\/strong><\/span><br \/>\n<a href=\"https:\/\/www.winamax.fr\/paris-sportifs\/match\/?banid=33423\" class=\"su-button su-button-style-flat su-button-wide\" style=\"color:#fff;background-color:#013369;border-color:#012954;border-radius:5px\" target=\"_blank\" rel=\"noopener noreferrer\"><span style=\"color:#fff;padding:0px 20px;font-size:16px;line-height:32px;border-color:#4e7196;border-radius:5px;text-shadow:none\"> NC<\/span><\/a><\/span><\/td>\n<\/tr>\n<\/tbody>\n<\/table>\n<p style=\"text-align: justify;\">Tentez votre chance en profitant de votre <a href=\"https:\/\/www.winamax.fr\/registration\/landing\/affiliation_Bonus100?banid=33423\">1er d\u00e9p\u00f4t doubl\u00e9 jusqu&rsquo;\u00e0 100 \u20ac<\/a> direct en paris gratuits sur Winamax !<\/p>\n","protected":false},"excerpt":{"rendered":"<p>Retrouvez la carte des combats, l&rsquo;heure et la cha\u00eene TV de ARES 39 Bordeaux 2026, qui se d\u00e9roule ce vendredi 3 avril 2026.<\/p>\n","protected":false},"author":59,"featured_media":660052,"comment_status":"open","ping_status":"closed","sticky":false,"template":"","format":"standard","meta":{"_acf_changed":false,"_daextam_enable_autolinks":"1","footnotes":""},"categories":[44295,10666],"tags":[32415,47294,16878,1222],"class_list":["post-660051","post","type-post","status-publish","format-standard","has-post-thumbnail","hentry","category-chaine-tv","category-mma","tag-actu","tag-ares","tag-breve","tag-mma"],"acf":[],"yoast_head":"<!-- This site is optimized with the Yoast SEO Premium plugin v26.7 (Yoast SEO v26.7) - https:\/\/yoast.com\/wordpress\/plugins\/seo\/ -->\n<title>ARES 39 Bordeaux : Carte et liste des combats, R\u00e9sultats, Cotes, Cha\u00eene TV et Heure<\/title>\n<meta name=\"description\" content=\"Retrouvez la carte des combats, l&#039;heure et la cha\u00eene TV de ARES 39 Bordeaux 2026, qui se d\u00e9roule ce vendredi 3 avril 2026.\" \/>\n<meta name=\"robots\" content=\"index, follow, max-snippet:-1, max-image-preview:large, max-video-preview:-1\" \/>\n<link rel=\"canonical\" href=\"https:\/\/dicodusport.fr\/blog\/ares-39-bordeaux-carte-et-liste-des-combats-cotes-chaine-tv-et-heure\/\" \/>\n<meta property=\"og:locale\" content=\"fr_FR\" \/>\n<meta property=\"og:type\" content=\"article\" \/>\n<meta property=\"og:title\" content=\"ARES 39 Bordeaux : Carte et liste des combats, R\u00e9sultats, Cotes, Cha\u00eene TV et Heure\" \/>\n<meta property=\"og:description\" content=\"Retrouvez la carte des combats, l&#039;heure et la cha\u00eene TV de ARES 39 Bordeaux 2026, qui se d\u00e9roule ce vendredi 3 avril 2026.\" \/>\n<meta property=\"og:url\" content=\"https:\/\/dicodusport.fr\/blog\/ares-39-bordeaux-carte-et-liste-des-combats-cotes-chaine-tv-et-heure\/\" \/>\n<meta property=\"og:site_name\" content=\"Dicodusport\" \/>\n<meta property=\"article:publisher\" content=\"https:\/\/www.facebook.com\/dicodusport\" \/>\n<meta property=\"article:author\" content=\"https:\/\/www.facebook.com\/sebastien.gente\/\" \/>\n<meta property=\"article:published_time\" content=\"2026-04-03T21:32:22+00:00\" \/>\n<meta property=\"article:modified_time\" content=\"2026-04-03T21:33:58+00:00\" \/>\n<meta property=\"og:image\" content=\"https:\/\/dicodusport.fr\/blog\/wp-content\/uploads\/2026\/04\/ARES-39-Bordeaux-Carte-et-liste-des-combats-Cotes-Chaine-TV-et-Heure.png\" \/>\n\t<meta property=\"og:image:width\" content=\"1200\" \/>\n\t<meta property=\"og:image:height\" content=\"674\" \/>\n\t<meta property=\"og:image:type\" content=\"image\/png\" \/>\n<meta name=\"author\" content=\"S\u00e9bastien Gente\" \/>\n<meta name=\"twitter:card\" content=\"summary_large_image\" \/>\n<meta name=\"twitter:title\" content=\"ARES 39 Bordeaux : Carte et liste des combats, R\u00e9sultats, Cotes, Cha\u00eene TV et Heure\" \/>\n<meta name=\"twitter:creator\" content=\"@https:\/\/twitter.com\/globulo24\" \/>\n<meta name=\"twitter:site\" content=\"@dicodusport\" \/>\n<script type=\"application\/ld+json\" class=\"yoast-schema-graph\">{\"@context\":\"https:\/\/schema.org\",\"@graph\":[{\"@type\":\"NewsArticle\",\"@id\":\"https:\/\/dicodusport.fr\/blog\/ares-39-bordeaux-carte-et-liste-des-combats-cotes-chaine-tv-et-heure\/#article\",\"isPartOf\":{\"@id\":\"https:\/\/dicodusport.fr\/blog\/ares-39-bordeaux-carte-et-liste-des-combats-cotes-chaine-tv-et-heure\/\"},\"author\":{\"name\":\"S\u00e9bastien Gente\",\"@id\":\"https:\/\/dicodusport.fr\/blog\/#\/schema\/person\/627966a6cde45dbd8c5e36ac85d783da\"},\"headline\":\"ARES 39 Bordeaux : Carte et liste des combats, R\u00e9sultats, Cotes, Cha\u00eene TV et Heure\",\"datePublished\":\"2026-04-03T21:32:22+00:00\",\"dateModified\":\"2026-04-03T21:33:58+00:00\",\"mainEntityOfPage\":{\"@id\":\"https:\/\/dicodusport.fr\/blog\/ares-39-bordeaux-carte-et-liste-des-combats-cotes-chaine-tv-et-heure\/\"},\"wordCount\":587,\"commentCount\":0,\"publisher\":{\"@id\":\"https:\/\/dicodusport.fr\/blog\/#organization\"},\"image\":{\"@id\":\"https:\/\/dicodusport.fr\/blog\/ares-39-bordeaux-carte-et-liste-des-combats-cotes-chaine-tv-et-heure\/#primaryimage\"},\"thumbnailUrl\":\"https:\/\/dicodusport.fr\/blog\/wp-content\/uploads\/2026\/04\/ARES-39-Bordeaux-Carte-et-liste-des-combats-Cotes-Chaine-TV-et-Heure.png\",\"keywords\":[\"actu\",\"ARES\",\"br\u00e8ve\",\"MMA\"],\"articleSection\":[\"Cha\u00eene TV\",\"MMA\"],\"inLanguage\":\"fr-FR\",\"potentialAction\":[{\"@type\":\"CommentAction\",\"name\":\"Comment\",\"target\":[\"https:\/\/dicodusport.fr\/blog\/ares-39-bordeaux-carte-et-liste-des-combats-cotes-chaine-tv-et-heure\/#respond\"]}],\"copyrightYear\":\"2026\",\"copyrightHolder\":{\"@id\":\"https:\/\/dicodusport.fr\/blog\/#organization\"}},{\"@type\":\"WebPage\",\"@id\":\"https:\/\/dicodusport.fr\/blog\/ares-39-bordeaux-carte-et-liste-des-combats-cotes-chaine-tv-et-heure\/\",\"url\":\"https:\/\/dicodusport.fr\/blog\/ares-39-bordeaux-carte-et-liste-des-combats-cotes-chaine-tv-et-heure\/\",\"name\":\"ARES 39 Bordeaux : Carte et liste des combats, R\u00e9sultats, Cotes, Cha\u00eene TV et Heure\",\"isPartOf\":{\"@id\":\"https:\/\/dicodusport.fr\/blog\/#website\"},\"primaryImageOfPage\":{\"@id\":\"https:\/\/dicodusport.fr\/blog\/ares-39-bordeaux-carte-et-liste-des-combats-cotes-chaine-tv-et-heure\/#primaryimage\"},\"image\":{\"@id\":\"https:\/\/dicodusport.fr\/blog\/ares-39-bordeaux-carte-et-liste-des-combats-cotes-chaine-tv-et-heure\/#primaryimage\"},\"thumbnailUrl\":\"https:\/\/dicodusport.fr\/blog\/wp-content\/uploads\/2026\/04\/ARES-39-Bordeaux-Carte-et-liste-des-combats-Cotes-Chaine-TV-et-Heure.png\",\"datePublished\":\"2026-04-03T21:32:22+00:00\",\"dateModified\":\"2026-04-03T21:33:58+00:00\",\"description\":\"Retrouvez la carte des combats, l'heure et la cha\u00eene TV de ARES 39 Bordeaux 2026, qui se d\u00e9roule ce vendredi 3 avril 2026.\",\"breadcrumb\":{\"@id\":\"https:\/\/dicodusport.fr\/blog\/ares-39-bordeaux-carte-et-liste-des-combats-cotes-chaine-tv-et-heure\/#breadcrumb\"},\"inLanguage\":\"fr-FR\",\"potentialAction\":[{\"@type\":\"ReadAction\",\"target\":[\"https:\/\/dicodusport.fr\/blog\/ares-39-bordeaux-carte-et-liste-des-combats-cotes-chaine-tv-et-heure\/\"]}]},{\"@type\":\"ImageObject\",\"inLanguage\":\"fr-FR\",\"@id\":\"https:\/\/dicodusport.fr\/blog\/ares-39-bordeaux-carte-et-liste-des-combats-cotes-chaine-tv-et-heure\/#primaryimage\",\"url\":\"https:\/\/dicodusport.fr\/blog\/wp-content\/uploads\/2026\/04\/ARES-39-Bordeaux-Carte-et-liste-des-combats-Cotes-Chaine-TV-et-Heure.png\",\"contentUrl\":\"https:\/\/dicodusport.fr\/blog\/wp-content\/uploads\/2026\/04\/ARES-39-Bordeaux-Carte-et-liste-des-combats-Cotes-Chaine-TV-et-Heure.png\",\"width\":1200,\"height\":674,\"caption\":\"ARES 39 Bordeaux Carte et liste des combats, Cotes, Cha\u00eene TV et Heure\"},{\"@type\":\"BreadcrumbList\",\"@id\":\"https:\/\/dicodusport.fr\/blog\/ares-39-bordeaux-carte-et-liste-des-combats-cotes-chaine-tv-et-heure\/#breadcrumb\",\"itemListElement\":[{\"@type\":\"ListItem\",\"position\":1,\"name\":\"Accueil\",\"item\":\"https:\/\/dicodusport.fr\/blog\/\"},{\"@type\":\"ListItem\",\"position\":2,\"name\":\"ARES 39 Bordeaux : Carte et liste des combats, R\u00e9sultats, Cotes, Cha\u00eene TV et Heure\"}]},{\"@type\":\"WebSite\",\"@id\":\"https:\/\/dicodusport.fr\/blog\/#website\",\"url\":\"https:\/\/dicodusport.fr\/blog\/\",\"name\":\"Dicodusport\",\"description\":\"L&#039;encyclop\u00e9die de l&#039;actualit\u00e9 sportive\",\"publisher\":{\"@id\":\"https:\/\/dicodusport.fr\/blog\/#organization\"},\"potentialAction\":[{\"@type\":\"SearchAction\",\"target\":{\"@type\":\"EntryPoint\",\"urlTemplate\":\"https:\/\/dicodusport.fr\/blog\/?s={search_term_string}\"},\"query-input\":{\"@type\":\"PropertyValueSpecification\",\"valueRequired\":true,\"valueName\":\"search_term_string\"}}],\"inLanguage\":\"fr-FR\"},{\"@type\":\"NewsMediaOrganization\",\"@id\":\"https:\/\/dicodusport.fr\/blog\/#organization\",\"name\":\"Dicodusport\",\"url\":\"https:\/\/dicodusport.fr\/blog\/\",\"logo\":{\"@type\":\"ImageObject\",\"inLanguage\":\"fr-FR\",\"@id\":\"https:\/\/dicodusport.fr\/blog\/#\/schema\/logo\/image\/\",\"url\":\"https:\/\/dicodusport.fr\/blog\/wp-content\/uploads\/2020\/06\/cropped-LOGO-DICODUSPORT-2020-SANS-FOND-SANS-TEXTE.png\",\"contentUrl\":\"https:\/\/dicodusport.fr\/blog\/wp-content\/uploads\/2020\/06\/cropped-LOGO-DICODUSPORT-2020-SANS-FOND-SANS-TEXTE.png\",\"width\":512,\"height\":512,\"caption\":\"Dicodusport\"},\"image\":{\"@id\":\"https:\/\/dicodusport.fr\/blog\/#\/schema\/logo\/image\/\"},\"sameAs\":[\"https:\/\/www.facebook.com\/dicodusport\",\"https:\/\/x.com\/dicodusport\",\"https:\/\/www.instagram.com\/dicodusport\/\",\"https:\/\/www.youtube.com\/channel\/UC7V2KZ5sd3htJivAbA4ZG3w\"],\"description\":\"Dicodusport est l'encyclop\u00e9die de l'actualit\u00e9 sportive.\",\"email\":\"bonjour@dicodusport.fr\",\"legalName\":\"DICODUSPORT\",\"foundingDate\":\"2018-01-14\",\"vatID\":\"FR71834470973\",\"taxID\":\"83447097300043\",\"numberOfEmployees\":{\"@type\":\"QuantitativeValue\",\"minValue\":\"1\",\"maxValue\":\"10\"}},{\"@type\":\"Person\",\"@id\":\"https:\/\/dicodusport.fr\/blog\/#\/schema\/person\/627966a6cde45dbd8c5e36ac85d783da\",\"name\":\"S\u00e9bastien Gente\",\"image\":{\"@type\":\"ImageObject\",\"inLanguage\":\"fr-FR\",\"@id\":\"https:\/\/dicodusport.fr\/blog\/#\/schema\/person\/image\/\",\"url\":\"https:\/\/dicodusport.fr\/blog\/wp-content\/uploads\/2021\/09\/1510990_10205810251400683_4124423575079401707_n-150x150.jpg\",\"contentUrl\":\"https:\/\/dicodusport.fr\/blog\/wp-content\/uploads\/2021\/09\/1510990_10205810251400683_4124423575079401707_n-150x150.jpg\",\"caption\":\"S\u00e9bastien Gente\"},\"description\":\"John Stockton, Gianni Bugno, Zinedine Zidane, Steffi Graf, Frode Andresen, St\u00e9phane Stoecklin, Davis Kamoga, Primoz Peterka, Werner Schlager et Aur\u00e9lien Rougerie. Point commun entre ces sportifs? Ils m'ont fait r\u00eaver et ont berc\u00e9 mon adolescence. Je suis un fondu de sports et j'essaie de retranscrire ma passion \u00e0 travers mes articles. Originaire du P\u00e9rigord, ma passion pour les Girondins, les Jaunards et les Jazzmen transpire dans mes \u00e9crits. \u00c0 Dicodusport depuis 2021, je d\u00e9niche les sports m\u00e9connus dans lesquels la France brille, et il y en a !\",\"sameAs\":[\"https:\/\/www.facebook.com\/sebastien.gente\/\",\"https:\/\/www.instagram.com\/sebgente\/\",\"https:\/\/www.linkedin.com\/in\/sbastien-gente-a29583169\/\",\"https:\/\/x.com\/https:\/\/twitter.com\/globulo24\",\"SebastienGente\"],\"worksFor\":\"S\u00e9bastien GENTE\",\"url\":\"https:\/\/dicodusport.fr\/blog\/author\/sebastiengente\/\"}]}<\/script>\n<!-- \/ Yoast SEO Premium plugin. -->","yoast_head_json":{"title":"ARES 39 Bordeaux : Carte et liste des combats, R\u00e9sultats, Cotes, Cha\u00eene TV et Heure","description":"Retrouvez la carte des combats, l'heure et la cha\u00eene TV de ARES 39 Bordeaux 2026, qui se d\u00e9roule ce vendredi 3 avril 2026.","robots":{"index":"index","follow":"follow","max-snippet":"max-snippet:-1","max-image-preview":"max-image-preview:large","max-video-preview":"max-video-preview:-1"},"canonical":"https:\/\/dicodusport.fr\/blog\/ares-39-bordeaux-carte-et-liste-des-combats-cotes-chaine-tv-et-heure\/","og_locale":"fr_FR","og_type":"article","og_title":"ARES 39 Bordeaux : Carte et liste des combats, R\u00e9sultats, Cotes, Cha\u00eene TV et Heure","og_description":"Retrouvez la carte des combats, l'heure et la cha\u00eene TV de ARES 39 Bordeaux 2026, qui se d\u00e9roule ce vendredi 3 avril 2026.","og_url":"https:\/\/dicodusport.fr\/blog\/ares-39-bordeaux-carte-et-liste-des-combats-cotes-chaine-tv-et-heure\/","og_site_name":"Dicodusport","article_publisher":"https:\/\/www.facebook.com\/dicodusport","article_author":"https:\/\/www.facebook.com\/sebastien.gente\/","article_published_time":"2026-04-03T21:32:22+00:00","article_modified_time":"2026-04-03T21:33:58+00:00","og_image":[{"width":1200,"height":674,"url":"https:\/\/dicodusport.fr\/blog\/wp-content\/uploads\/2026\/04\/ARES-39-Bordeaux-Carte-et-liste-des-combats-Cotes-Chaine-TV-et-Heure.png","type":"image\/png"}],"author":"S\u00e9bastien Gente","twitter_card":"summary_large_image","twitter_title":"ARES 39 Bordeaux : Carte et liste des combats, R\u00e9sultats, Cotes, Cha\u00eene TV et Heure","twitter_creator":"@https:\/\/twitter.com\/globulo24","twitter_site":"@dicodusport","schema":{"@context":"https:\/\/schema.org","@graph":[{"@type":"NewsArticle","@id":"https:\/\/dicodusport.fr\/blog\/ares-39-bordeaux-carte-et-liste-des-combats-cotes-chaine-tv-et-heure\/#article","isPartOf":{"@id":"https:\/\/dicodusport.fr\/blog\/ares-39-bordeaux-carte-et-liste-des-combats-cotes-chaine-tv-et-heure\/"},"author":{"name":"S\u00e9bastien Gente","@id":"https:\/\/dicodusport.fr\/blog\/#\/schema\/person\/627966a6cde45dbd8c5e36ac85d783da"},"headline":"ARES 39 Bordeaux : Carte et liste des combats, R\u00e9sultats, Cotes, Cha\u00eene TV et Heure","datePublished":"2026-04-03T21:32:22+00:00","dateModified":"2026-04-03T21:33:58+00:00","mainEntityOfPage":{"@id":"https:\/\/dicodusport.fr\/blog\/ares-39-bordeaux-carte-et-liste-des-combats-cotes-chaine-tv-et-heure\/"},"wordCount":587,"commentCount":0,"publisher":{"@id":"https:\/\/dicodusport.fr\/blog\/#organization"},"image":{"@id":"https:\/\/dicodusport.fr\/blog\/ares-39-bordeaux-carte-et-liste-des-combats-cotes-chaine-tv-et-heure\/#primaryimage"},"thumbnailUrl":"https:\/\/dicodusport.fr\/blog\/wp-content\/uploads\/2026\/04\/ARES-39-Bordeaux-Carte-et-liste-des-combats-Cotes-Chaine-TV-et-Heure.png","keywords":["actu","ARES","br\u00e8ve","MMA"],"articleSection":["Cha\u00eene TV","MMA"],"inLanguage":"fr-FR","potentialAction":[{"@type":"CommentAction","name":"Comment","target":["https:\/\/dicodusport.fr\/blog\/ares-39-bordeaux-carte-et-liste-des-combats-cotes-chaine-tv-et-heure\/#respond"]}],"copyrightYear":"2026","copyrightHolder":{"@id":"https:\/\/dicodusport.fr\/blog\/#organization"}},{"@type":"WebPage","@id":"https:\/\/dicodusport.fr\/blog\/ares-39-bordeaux-carte-et-liste-des-combats-cotes-chaine-tv-et-heure\/","url":"https:\/\/dicodusport.fr\/blog\/ares-39-bordeaux-carte-et-liste-des-combats-cotes-chaine-tv-et-heure\/","name":"ARES 39 Bordeaux : Carte et liste des combats, R\u00e9sultats, Cotes, Cha\u00eene TV et Heure","isPartOf":{"@id":"https:\/\/dicodusport.fr\/blog\/#website"},"primaryImageOfPage":{"@id":"https:\/\/dicodusport.fr\/blog\/ares-39-bordeaux-carte-et-liste-des-combats-cotes-chaine-tv-et-heure\/#primaryimage"},"image":{"@id":"https:\/\/dicodusport.fr\/blog\/ares-39-bordeaux-carte-et-liste-des-combats-cotes-chaine-tv-et-heure\/#primaryimage"},"thumbnailUrl":"https:\/\/dicodusport.fr\/blog\/wp-content\/uploads\/2026\/04\/ARES-39-Bordeaux-Carte-et-liste-des-combats-Cotes-Chaine-TV-et-Heure.png","datePublished":"2026-04-03T21:32:22+00:00","dateModified":"2026-04-03T21:33:58+00:00","description":"Retrouvez la carte des combats, l'heure et la cha\u00eene TV de ARES 39 Bordeaux 2026, qui se d\u00e9roule ce vendredi 3 avril 2026.","breadcrumb":{"@id":"https:\/\/dicodusport.fr\/blog\/ares-39-bordeaux-carte-et-liste-des-combats-cotes-chaine-tv-et-heure\/#breadcrumb"},"inLanguage":"fr-FR","potentialAction":[{"@type":"ReadAction","target":["https:\/\/dicodusport.fr\/blog\/ares-39-bordeaux-carte-et-liste-des-combats-cotes-chaine-tv-et-heure\/"]}]},{"@type":"ImageObject","inLanguage":"fr-FR","@id":"https:\/\/dicodusport.fr\/blog\/ares-39-bordeaux-carte-et-liste-des-combats-cotes-chaine-tv-et-heure\/#primaryimage","url":"https:\/\/dicodusport.fr\/blog\/wp-content\/uploads\/2026\/04\/ARES-39-Bordeaux-Carte-et-liste-des-combats-Cotes-Chaine-TV-et-Heure.png","contentUrl":"https:\/\/dicodusport.fr\/blog\/wp-content\/uploads\/2026\/04\/ARES-39-Bordeaux-Carte-et-liste-des-combats-Cotes-Chaine-TV-et-Heure.png","width":1200,"height":674,"caption":"ARES 39 Bordeaux Carte et liste des combats, Cotes, Cha\u00eene TV et Heure"},{"@type":"BreadcrumbList","@id":"https:\/\/dicodusport.fr\/blog\/ares-39-bordeaux-carte-et-liste-des-combats-cotes-chaine-tv-et-heure\/#breadcrumb","itemListElement":[{"@type":"ListItem","position":1,"name":"Accueil","item":"https:\/\/dicodusport.fr\/blog\/"},{"@type":"ListItem","position":2,"name":"ARES 39 Bordeaux : Carte et liste des combats, R\u00e9sultats, Cotes, Cha\u00eene TV et Heure"}]},{"@type":"WebSite","@id":"https:\/\/dicodusport.fr\/blog\/#website","url":"https:\/\/dicodusport.fr\/blog\/","name":"Dicodusport","description":"L&#039;encyclop\u00e9die de l&#039;actualit\u00e9 sportive","publisher":{"@id":"https:\/\/dicodusport.fr\/blog\/#organization"},"potentialAction":[{"@type":"SearchAction","target":{"@type":"EntryPoint","urlTemplate":"https:\/\/dicodusport.fr\/blog\/?s={search_term_string}"},"query-input":{"@type":"PropertyValueSpecification","valueRequired":true,"valueName":"search_term_string"}}],"inLanguage":"fr-FR"},{"@type":"NewsMediaOrganization","@id":"https:\/\/dicodusport.fr\/blog\/#organization","name":"Dicodusport","url":"https:\/\/dicodusport.fr\/blog\/","logo":{"@type":"ImageObject","inLanguage":"fr-FR","@id":"https:\/\/dicodusport.fr\/blog\/#\/schema\/logo\/image\/","url":"https:\/\/dicodusport.fr\/blog\/wp-content\/uploads\/2020\/06\/cropped-LOGO-DICODUSPORT-2020-SANS-FOND-SANS-TEXTE.png","contentUrl":"https:\/\/dicodusport.fr\/blog\/wp-content\/uploads\/2020\/06\/cropped-LOGO-DICODUSPORT-2020-SANS-FOND-SANS-TEXTE.png","width":512,"height":512,"caption":"Dicodusport"},"image":{"@id":"https:\/\/dicodusport.fr\/blog\/#\/schema\/logo\/image\/"},"sameAs":["https:\/\/www.facebook.com\/dicodusport","https:\/\/x.com\/dicodusport","https:\/\/www.instagram.com\/dicodusport\/","https:\/\/www.youtube.com\/channel\/UC7V2KZ5sd3htJivAbA4ZG3w"],"description":"Dicodusport est l'encyclop\u00e9die de l'actualit\u00e9 sportive.","email":"bonjour@dicodusport.fr","legalName":"DICODUSPORT","foundingDate":"2018-01-14","vatID":"FR71834470973","taxID":"83447097300043","numberOfEmployees":{"@type":"QuantitativeValue","minValue":"1","maxValue":"10"}},{"@type":"Person","@id":"https:\/\/dicodusport.fr\/blog\/#\/schema\/person\/627966a6cde45dbd8c5e36ac85d783da","name":"S\u00e9bastien Gente","image":{"@type":"ImageObject","inLanguage":"fr-FR","@id":"https:\/\/dicodusport.fr\/blog\/#\/schema\/person\/image\/","url":"https:\/\/dicodusport.fr\/blog\/wp-content\/uploads\/2021\/09\/1510990_10205810251400683_4124423575079401707_n-150x150.jpg","contentUrl":"https:\/\/dicodusport.fr\/blog\/wp-content\/uploads\/2021\/09\/1510990_10205810251400683_4124423575079401707_n-150x150.jpg","caption":"S\u00e9bastien Gente"},"description":"John Stockton, Gianni Bugno, Zinedine Zidane, Steffi Graf, Frode Andresen, St\u00e9phane Stoecklin, Davis Kamoga, Primoz Peterka, Werner Schlager et Aur\u00e9lien Rougerie. Point commun entre ces sportifs? Ils m'ont fait r\u00eaver et ont berc\u00e9 mon adolescence. Je suis un fondu de sports et j'essaie de retranscrire ma passion \u00e0 travers mes articles. Originaire du P\u00e9rigord, ma passion pour les Girondins, les Jaunards et les Jazzmen transpire dans mes \u00e9crits. \u00c0 Dicodusport depuis 2021, je d\u00e9niche les sports m\u00e9connus dans lesquels la France brille, et il y en a !","sameAs":["https:\/\/www.facebook.com\/sebastien.gente\/","https:\/\/www.instagram.com\/sebgente\/","https:\/\/www.linkedin.com\/in\/sbastien-gente-a29583169\/","https:\/\/x.com\/https:\/\/twitter.com\/globulo24","SebastienGente"],"worksFor":"S\u00e9bastien GENTE","url":"https:\/\/dicodusport.fr\/blog\/author\/sebastiengente\/"}]}},"_links":{"self":[{"href":"https:\/\/dicodusport.fr\/blog\/wp-json\/wp\/v2\/posts\/660051","targetHints":{"allow":["GET"]}}],"collection":[{"href":"https:\/\/dicodusport.fr\/blog\/wp-json\/wp\/v2\/posts"}],"about":[{"href":"https:\/\/dicodusport.fr\/blog\/wp-json\/wp\/v2\/types\/post"}],"author":[{"embeddable":true,"href":"https:\/\/dicodusport.fr\/blog\/wp-json\/wp\/v2\/users\/59"}],"replies":[{"embeddable":true,"href":"https:\/\/dicodusport.fr\/blog\/wp-json\/wp\/v2\/comments?post=660051"}],"version-history":[{"count":5,"href":"https:\/\/dicodusport.fr\/blog\/wp-json\/wp\/v2\/posts\/660051\/revisions"}],"predecessor-version":[{"id":660251,"href":"https:\/\/dicodusport.fr\/blog\/wp-json\/wp\/v2\/posts\/660051\/revisions\/660251"}],"wp:featuredmedia":[{"embeddable":true,"href":"https:\/\/dicodusport.fr\/blog\/wp-json\/wp\/v2\/media\/660052"}],"wp:attachment":[{"href":"https:\/\/dicodusport.fr\/blog\/wp-json\/wp\/v2\/media?parent=660051"}],"wp:term":[{"taxonomy":"category","embeddable":true,"href":"https:\/\/dicodusport.fr\/blog\/wp-json\/wp\/v2\/categories?post=660051"},{"taxonomy":"post_tag","embeddable":true,"href":"https:\/\/dicodusport.fr\/blog\/wp-json\/wp\/v2\/tags?post=660051"}],"curies":[{"name":"wp","href":"https:\/\/api.w.org\/{rel}","templated":true}]}}