{"id":660074,"date":"2026-04-03T16:35:09","date_gmt":"2026-04-03T14:35:09","guid":{"rendered":"https:\/\/dicodusport.fr\/blog\/?p=660074&#038;preview=true&#038;preview_id=660074"},"modified":"2026-04-03T18:09:54","modified_gmt":"2026-04-03T16:09:54","slug":"pierre-gautherat-continue-sa-semaine-de-feu-et-remporte-la-classic-velox-adelie-de-vitre-2026","status":"publish","type":"post","link":"https:\/\/dicodusport.fr\/blog\/pierre-gautherat-continue-sa-semaine-de-feu-et-remporte-la-classic-velox-adelie-de-vitre-2026\/","title":{"rendered":"Pierre Gautherat d\u00e9class\u00e9, Marc Brustenga remporte la Classic Velox Ad\u00e9lie de Vitr\u00e9 2026"},"content":{"rendered":"<p style=\"text-align: justify;\"><strong><em>CLASSIC VELOX-AD\u00c9LIE DE VITR\u00c9 2026 &#8211; Marc Brustenga remporte la course bretonne apr\u00e8s le d\u00e9classement de Pierre Gautherat pour sprint irr\u00e9gulier.<\/em><\/strong><\/p>\n<ul style=\"text-align: justify;\">\n<li><strong>\u00c0 ce sujet &#8211; <a href=\"https:\/\/dicodusport.fr\/blog\/resultats-classic-velox-adelie-de-vitre-2026-classement-de-la-route-adelie\/\">R\u00e9sultats Classic Velox Ad\u00e9lie de Vitr\u00e9 2026 : classement de la Route Ad\u00e9lie<\/a><\/strong><\/li>\n<\/ul>\n<h2 style=\"text-align: justify;\">Quatre hommes \u00e0 l&rsquo;avant, van der Tuuk auteur d&rsquo;un gros num\u00e9ro<\/h2>\n<p style=\"text-align: justify;\">Quatre hommes se sont \u00e9chapp\u00e9s d\u00e8s le d\u00e9but de la course. Une \u00e9chapp\u00e9e cosmopolite. On retrouve le N\u00e9erlandais <strong>Axel van der Tuuk<\/strong> (Euskaltel &#8211; Euskadi), l&rsquo;Espagnol <strong>Javier Ib\u00e1\u00f1ez<\/strong> (Caja Rural &#8211; Seguros RGA), le Belge <strong>Quinten De Graeve<\/strong> (Team Novo Nordisk) et le Tricolore <strong>Victor Jean<\/strong> (Elite Fondations Cycling Team). Un groupe de t\u00eate qui n&rsquo;aura jamais eu plus de 2 minutes d&rsquo;avance sur le peloton. Autant dire que la meute n&rsquo;avait pas envie de jouer. Peut-\u00eatre refroidie par les conditions climatiques tr\u00e8s compliqu\u00e9es en Bretagne.<\/p>\n<p style=\"text-align: justify;\">Une course longtemps calme, qui a commenc\u00e9 \u00e0 se d\u00e9canter \u00e0 45 kilom\u00e8tres du but. La formation Cofidis a lanc\u00e9 les hostilit\u00e9s ! Mais, malgr\u00e9 quelques attaques, pendant plus de 20 kilom\u00e8tres, aucun coureur dangereux ne parvient \u00e0 s&rsquo;extraire du peloton. Encore moins un groupe de costauds. Pourtant, il n&rsquo;y a quasiment eu aucun temps mort, \u00e9norm\u00e9ment de coureurs tentant de relancer l&rsquo;allure dans le peloton. H\u00e9ro\u00efque de r\u00e9sistance,<strong> Axel van der Tuuk\u00a0<\/strong>aura \u00e9t\u00e9 le dernier de l&rsquo;\u00e9chapp\u00e9e \u00e0 r\u00e9sister \u00e0 l&rsquo;avant. Le N\u00e9erlandais aura \u00e9t\u00e9 en t\u00eate jusqu&rsquo;\u00e0 7 kilom\u00e8tres de l&rsquo;arriv\u00e9e. Une sorte d&rsquo;exploit vu le rythme \u00e0 l&rsquo;arri\u00e8re.<\/p>\n<h2 style=\"text-align: justify;\">Un sprint totalement d\u00e9cousu, Gautherat gagne mais est d\u00e9class\u00e9<\/h2>\n<p style=\"text-align: justify;\"><strong>Gorka Sorarrain<\/strong> (Caja Rural &#8211; Seguros RGA) a \u00e9t\u00e9 le premier \u00e0 reprendre le N\u00e9erlandais, avant que le peloton ne fasse la jonction quelques hectom\u00e8tres plus loin. Un peloton qui s&rsquo;est tendu par le rythme impos\u00e9 par Cofidis et Groupama-FDJ United. Si aucun coureur n&rsquo;a pu faire la diff\u00e9rence seul ou dans un petit groupe, les pr\u00e9tendants \u00e0 la victoire n&rsquo;\u00e9taient plus si nombreux au moment d&rsquo;aborder la flamme rouge ! C&rsquo;est un sprint \u00e0 environ 50 coureurs.<\/p>\n<p style=\"text-align: justify;\">La formation Lotto-Intermarch\u00e9 a pris le manche \u00e0 1900 m du but, dans le but de placer <strong>Milan Menten ou Matys Grise<\/strong>l. On aura le droit \u00e0 un sprint, mais tr\u00e8s d\u00e9cousu. Le pistard <strong>I\u00fari Leit\u00e3o <\/strong>(Caja Rural &#8211; Seguros RGA), vainqueur de la Classic Loire Atlantique, aborde le dernier virage en t\u00eate. Longtemps, le Portugais tient la corde dans ce final. Mais le surpuissant<strong> Pierre Gautherat<\/strong> le d\u00e9borde, dans un sprint qui va faire parler. Le Fran\u00e7ais l\u00e8ve les bras, mais n&rsquo;a pas livr\u00e9 le sprint le plus r\u00e9gulier du monde, loin de l\u00e0.<\/p>\n<blockquote class=\"twitter-tweet\">\n<p dir=\"ltr\" lang=\"es\">\ud83d\udc9a \u00a1Hay victoria espa\u00f1ola para <a href=\"https:\/\/twitter.com\/EqKernPharma?ref_src=twsrc%5Etfw\">@EqKernPharma<\/a> en la Normand\u00eda francesa!<\/p>\n<p>Marc Brustenga, declarado vencedor de la <a href=\"https:\/\/twitter.com\/hashtag\/ClassicVeloxAdelieDeVitre?src=hash&amp;ref_src=twsrc%5Etfw\">#ClassicVeloxAdelieDeVitre<\/a> tras ser relegado Pierre Gautherat (Decathlon) por sprint irregular. Iuri Leitao (<a href=\"https:\/\/twitter.com\/CajaRural_RGA?ref_src=twsrc%5Etfw\">@CajaRural_RGA<\/a>) termina 2\u00ba<a href=\"https:\/\/twitter.com\/hashtag\/LaCasaDelCiclismo?src=hash&amp;ref_src=twsrc%5Etfw\">#LaCasaDelCiclismo<\/a> <a href=\"https:\/\/t.co\/y016M8eFOu\">pic.twitter.com\/y016M8eFOu<\/a><\/p>\n<p>\u2014 Eurosport.es (@Eurosport_ES) <a href=\"https:\/\/twitter.com\/Eurosport_ES\/status\/2040076988149354940?ref_src=twsrc%5Etfw\">April 3, 2026<\/a><\/p><\/blockquote>\n<p style=\"text-align: justify;\"><script async src=\"https:\/\/platform.twitter.com\/widgets.js\" charset=\"utf-8\"><\/script><\/p>\n<p style=\"text-align: justify;\">Le Fran\u00e7ais sera d\u00e9class\u00e9 une dizaine de minutes plus tard. Le Portugais, 2\u00e8me apr\u00e8s reclassement, est aussi d\u00e9bord\u00e9 par <strong>Marc Brustenga<\/strong> (Equipo Kern Pharma) qui l&#8217;emporte finalement apr\u00e8s la d\u00e9cision des juges. L&rsquo;Espagnol remporte son premier succ\u00e8s pro \u00e0 26 ans. \u00c0 noter la 3\u00e8me place de <strong>Louis Hardouin<\/strong>, r\u00e9compensant Van Rysel Roubaix qui r\u00e9alise un beau d\u00e9but de saison.<\/p>\n<blockquote class=\"twitter-tweet\">\n<p dir=\"ltr\" lang=\"fr\">Pierre Gautherat (Decathlon CMA CGM) est finalement d\u00e9class\u00e9 pour son sprint ! C&rsquo;est donc l&rsquo;Espagnol Marc Brustenga (Kern Pharma) qui l&#8217;emporte, pour son premier succ\u00e8s pro \u00e0 26 ans. <a href=\"https:\/\/twitter.com\/hashtag\/ClassicVeloxAdeliedeVitre?src=hash&amp;ref_src=twsrc%5Etfw\">#ClassicVeloxAdeliedeVitre<\/a><a href=\"https:\/\/t.co\/SXZKGLLVEY\">pic.twitter.com\/SXZKGLLVEY<\/a><\/p>\n<p>\u2014 Le Gruppetto (@LeGruppetto) <a href=\"https:\/\/twitter.com\/LeGruppetto\/status\/2040076618006204892?ref_src=twsrc%5Etfw\">April 3, 2026<\/a><\/p><\/blockquote>\n<p style=\"text-align: justify;\"><script async src=\"https:\/\/platform.twitter.com\/widgets.js\" charset=\"utf-8\"><\/script><\/p>\n<div class=\"vlp-link-container vlp-layout-article\"><a href=\"https:\/\/dicodusport.fr\/blog\/pierre-gautherat-remporte-une-victoire-forte-en-caractere-sur-paris-camembert\/\" class=\"vlp-link\" title=\"Pierre Gautherat remporte une victoire forte en caract\u00e8re sur Paris-Camembert\"><\/a><div class=\"vlp-layout-zone-side\"><div class=\"vlp-block-4 vlp-link-image\"><img loading=\"lazy\" decoding=\"async\" style=\"max-width: 792px;\" width=\"792\" height=\"445\" src=\"https:\/\/dicodusport.fr\/blog\/wp-content\/uploads\/2026\/03\/Pierre-Gautherat-remporte-une-victoire-forte-en-caractere-sur-Paris-Camembert-1.png\" class=\"attachment-800x445 size-800x445\" alt=\"Pierre Gautherat remporte une victoire forte en caract\u00e8re sur Paris-Camembert (1)\" srcset=\"https:\/\/dicodusport.fr\/blog\/wp-content\/uploads\/2026\/03\/Pierre-Gautherat-remporte-une-victoire-forte-en-caractere-sur-Paris-Camembert-1.png 1200w, https:\/\/dicodusport.fr\/blog\/wp-content\/uploads\/2026\/03\/Pierre-Gautherat-remporte-une-victoire-forte-en-caractere-sur-Paris-Camembert-1-300x169.png 300w, https:\/\/dicodusport.fr\/blog\/wp-content\/uploads\/2026\/03\/Pierre-Gautherat-remporte-une-victoire-forte-en-caractere-sur-Paris-Camembert-1-1024x575.png 1024w, https:\/\/dicodusport.fr\/blog\/wp-content\/uploads\/2026\/03\/Pierre-Gautherat-remporte-une-victoire-forte-en-caractere-sur-Paris-Camembert-1-768x431.png 768w\" sizes=\"auto, (max-width: 792px) 100vw, 792px\" \/><\/div><\/div><div class=\"vlp-layout-zone-main\"><div class=\"vlp-block-0 vlp-link-title\">Pierre Gautherat remporte une victoire forte en caract\u00e8re sur Paris-Camembert<\/div><div class=\"vlp-block-1 vlp-link-summary\">Pierre Gautherat (Decathlon CMA CGM) remporte Paris-Camembert 2026 au terme d'un final tr\u00e8s muscl\u00e9 et en r\u00e9glant un groupe de six hommes.<\/div><div class=\"vlp-block-2 vlp-link-button\">Lire l'article<\/div><div class=\"vlp-block-3 vlp-link-url\">dicodusport.fr<\/div><\/div><\/div>\n<div id=\"gtx-trans\" style=\"position: absolute; left: -14px; top: 40.9091px;\">\n<div class=\"gtx-trans-icon\" style=\"text-align: justify;\"><\/div>\n<\/div>\n","protected":false},"excerpt":{"rendered":"<p>CLASSIC VELOX-AD\u00c9LIE DE VITR\u00c9 2026 &#8211; Marc Brustenga remporte la course bretonne apr\u00e8s le d\u00e9classement de Pierre Gautherat pour sprint irr\u00e9gulier.<\/p>\n","protected":false},"author":83,"featured_media":660172,"comment_status":"open","ping_status":"closed","sticky":false,"template":"","format":"standard","meta":{"_acf_changed":false,"_daextam_enable_autolinks":"1","footnotes":""},"categories":[46994],"tags":[16878,574,11197,19586],"class_list":["post-660074","post","type-post","status-publish","format-standard","has-post-thumbnail","hentry","category-cyclisme-sur-route","tag-breve","tag-cyclisme","tag-cyclisme-sur-route","tag-la-route-adelie-de-vitre"],"acf":[],"yoast_head":"<!-- This site is optimized with the Yoast SEO Premium plugin v26.7 (Yoast SEO v26.7) - https:\/\/yoast.com\/wordpress\/plugins\/seo\/ -->\n<title>Pierre Gautherat d\u00e9class\u00e9, Marc Brustenga remporte la Classic Velox Ad\u00e9lie de Vitr\u00e9 2026<\/title>\n<meta name=\"description\" content=\"CLASSIC VELOX-AD\u00c9LIE DE VITR\u00c9 2026 - Marc Brustenga remporte la course bretonne apr\u00e8s le d\u00e9classement de Pierre Gautherat pour sprint irr\u00e9gulier.\" \/>\n<meta name=\"robots\" content=\"index, follow, max-snippet:-1, max-image-preview:large, max-video-preview:-1\" \/>\n<link rel=\"canonical\" href=\"https:\/\/dicodusport.fr\/blog\/pierre-gautherat-continue-sa-semaine-de-feu-et-remporte-la-classic-velox-adelie-de-vitre-2026\/\" \/>\n<meta property=\"og:locale\" content=\"fr_FR\" \/>\n<meta property=\"og:type\" content=\"article\" \/>\n<meta property=\"og:title\" content=\"Pierre Gautherat d\u00e9class\u00e9, Marc Brustenga remporte la Classic Velox Ad\u00e9lie de Vitr\u00e9 2026\" \/>\n<meta property=\"og:description\" content=\"CLASSIC VELOX-AD\u00c9LIE DE VITR\u00c9 2026 - Marc Brustenga remporte la course bretonne apr\u00e8s le d\u00e9classement de Pierre Gautherat pour sprint irr\u00e9gulier.\" \/>\n<meta property=\"og:url\" content=\"https:\/\/dicodusport.fr\/blog\/pierre-gautherat-continue-sa-semaine-de-feu-et-remporte-la-classic-velox-adelie-de-vitre-2026\/\" \/>\n<meta property=\"og:site_name\" content=\"Dicodusport\" \/>\n<meta property=\"article:publisher\" content=\"https:\/\/www.facebook.com\/dicodusport\" \/>\n<meta property=\"article:published_time\" content=\"2026-04-03T14:35:09+00:00\" \/>\n<meta property=\"article:modified_time\" content=\"2026-04-03T16:09:54+00:00\" \/>\n<meta property=\"og:image\" content=\"https:\/\/dicodusport.fr\/blog\/wp-content\/uploads\/2026\/04\/Pierre-Gautherat-declasse-Marc-Brustenga-remporte-la-Classic-Velox-Adelie-de-Vitre-2026-1.png\" \/>\n\t<meta property=\"og:image:width\" content=\"1200\" \/>\n\t<meta property=\"og:image:height\" content=\"674\" \/>\n\t<meta property=\"og:image:type\" content=\"image\/png\" \/>\n<meta name=\"author\" content=\"Etienne Goursaud\" \/>\n<meta name=\"twitter:card\" content=\"summary_large_image\" \/>\n<meta name=\"twitter:title\" content=\"Pierre Gautherat d\u00e9class\u00e9, Marc Brustenga remporte la Classic Velox Ad\u00e9lie de Vitr\u00e9 2026\" \/>\n<meta name=\"twitter:creator\" content=\"@dicodusport\" \/>\n<meta name=\"twitter:site\" content=\"@dicodusport\" \/>\n<script type=\"application\/ld+json\" class=\"yoast-schema-graph\">{\"@context\":\"https:\/\/schema.org\",\"@graph\":[{\"@type\":\"NewsArticle\",\"@id\":\"https:\/\/dicodusport.fr\/blog\/pierre-gautherat-continue-sa-semaine-de-feu-et-remporte-la-classic-velox-adelie-de-vitre-2026\/#article\",\"isPartOf\":{\"@id\":\"https:\/\/dicodusport.fr\/blog\/pierre-gautherat-continue-sa-semaine-de-feu-et-remporte-la-classic-velox-adelie-de-vitre-2026\/\"},\"author\":{\"name\":\"Etienne Goursaud\",\"@id\":\"https:\/\/dicodusport.fr\/blog\/#\/schema\/person\/d603dd7da31fb2b46c82b9835a77ec13\"},\"headline\":\"Pierre Gautherat d\u00e9class\u00e9, Marc Brustenga remporte la Classic Velox Ad\u00e9lie de Vitr\u00e9 2026\",\"datePublished\":\"2026-04-03T14:35:09+00:00\",\"dateModified\":\"2026-04-03T16:09:54+00:00\",\"mainEntityOfPage\":{\"@id\":\"https:\/\/dicodusport.fr\/blog\/pierre-gautherat-continue-sa-semaine-de-feu-et-remporte-la-classic-velox-adelie-de-vitre-2026\/\"},\"wordCount\":723,\"commentCount\":0,\"publisher\":{\"@id\":\"https:\/\/dicodusport.fr\/blog\/#organization\"},\"image\":{\"@id\":\"https:\/\/dicodusport.fr\/blog\/pierre-gautherat-continue-sa-semaine-de-feu-et-remporte-la-classic-velox-adelie-de-vitre-2026\/#primaryimage\"},\"thumbnailUrl\":\"https:\/\/dicodusport.fr\/blog\/wp-content\/uploads\/2026\/04\/Pierre-Gautherat-declasse-Marc-Brustenga-remporte-la-Classic-Velox-Adelie-de-Vitre-2026-1.png\",\"keywords\":[\"br\u00e8ve\",\"Cyclisme\",\"Cyclisme sur route\",\"La Route Ad\u00e9lie de Vitr\u00e9\"],\"articleSection\":[\"Cyclisme sur route\"],\"inLanguage\":\"fr-FR\",\"potentialAction\":[{\"@type\":\"CommentAction\",\"name\":\"Comment\",\"target\":[\"https:\/\/dicodusport.fr\/blog\/pierre-gautherat-continue-sa-semaine-de-feu-et-remporte-la-classic-velox-adelie-de-vitre-2026\/#respond\"]}],\"copyrightYear\":\"2026\",\"copyrightHolder\":{\"@id\":\"https:\/\/dicodusport.fr\/blog\/#organization\"}},{\"@type\":\"WebPage\",\"@id\":\"https:\/\/dicodusport.fr\/blog\/pierre-gautherat-continue-sa-semaine-de-feu-et-remporte-la-classic-velox-adelie-de-vitre-2026\/\",\"url\":\"https:\/\/dicodusport.fr\/blog\/pierre-gautherat-continue-sa-semaine-de-feu-et-remporte-la-classic-velox-adelie-de-vitre-2026\/\",\"name\":\"Pierre Gautherat d\u00e9class\u00e9, Marc Brustenga remporte la Classic Velox Ad\u00e9lie de Vitr\u00e9 2026\",\"isPartOf\":{\"@id\":\"https:\/\/dicodusport.fr\/blog\/#website\"},\"primaryImageOfPage\":{\"@id\":\"https:\/\/dicodusport.fr\/blog\/pierre-gautherat-continue-sa-semaine-de-feu-et-remporte-la-classic-velox-adelie-de-vitre-2026\/#primaryimage\"},\"image\":{\"@id\":\"https:\/\/dicodusport.fr\/blog\/pierre-gautherat-continue-sa-semaine-de-feu-et-remporte-la-classic-velox-adelie-de-vitre-2026\/#primaryimage\"},\"thumbnailUrl\":\"https:\/\/dicodusport.fr\/blog\/wp-content\/uploads\/2026\/04\/Pierre-Gautherat-declasse-Marc-Brustenga-remporte-la-Classic-Velox-Adelie-de-Vitre-2026-1.png\",\"datePublished\":\"2026-04-03T14:35:09+00:00\",\"dateModified\":\"2026-04-03T16:09:54+00:00\",\"description\":\"CLASSIC VELOX-AD\u00c9LIE DE VITR\u00c9 2026 - Marc Brustenga remporte la course bretonne apr\u00e8s le d\u00e9classement de Pierre Gautherat pour sprint irr\u00e9gulier.\",\"breadcrumb\":{\"@id\":\"https:\/\/dicodusport.fr\/blog\/pierre-gautherat-continue-sa-semaine-de-feu-et-remporte-la-classic-velox-adelie-de-vitre-2026\/#breadcrumb\"},\"inLanguage\":\"fr-FR\",\"potentialAction\":[{\"@type\":\"ReadAction\",\"target\":[\"https:\/\/dicodusport.fr\/blog\/pierre-gautherat-continue-sa-semaine-de-feu-et-remporte-la-classic-velox-adelie-de-vitre-2026\/\"]}]},{\"@type\":\"ImageObject\",\"inLanguage\":\"fr-FR\",\"@id\":\"https:\/\/dicodusport.fr\/blog\/pierre-gautherat-continue-sa-semaine-de-feu-et-remporte-la-classic-velox-adelie-de-vitre-2026\/#primaryimage\",\"url\":\"https:\/\/dicodusport.fr\/blog\/wp-content\/uploads\/2026\/04\/Pierre-Gautherat-declasse-Marc-Brustenga-remporte-la-Classic-Velox-Adelie-de-Vitre-2026-1.png\",\"contentUrl\":\"https:\/\/dicodusport.fr\/blog\/wp-content\/uploads\/2026\/04\/Pierre-Gautherat-declasse-Marc-Brustenga-remporte-la-Classic-Velox-Adelie-de-Vitre-2026-1.png\",\"width\":1200,\"height\":674,\"caption\":\"Pierre Gautherat d\u00e9class\u00e9, Marc Brustenga remporte la Classic Velox Ad\u00e9lie de Vitr\u00e9 2026\"},{\"@type\":\"BreadcrumbList\",\"@id\":\"https:\/\/dicodusport.fr\/blog\/pierre-gautherat-continue-sa-semaine-de-feu-et-remporte-la-classic-velox-adelie-de-vitre-2026\/#breadcrumb\",\"itemListElement\":[{\"@type\":\"ListItem\",\"position\":1,\"name\":\"Accueil\",\"item\":\"https:\/\/dicodusport.fr\/blog\/\"},{\"@type\":\"ListItem\",\"position\":2,\"name\":\"Pierre Gautherat d\u00e9class\u00e9, Marc Brustenga remporte la Classic Velox Ad\u00e9lie de Vitr\u00e9 2026\"}]},{\"@type\":\"WebSite\",\"@id\":\"https:\/\/dicodusport.fr\/blog\/#website\",\"url\":\"https:\/\/dicodusport.fr\/blog\/\",\"name\":\"Dicodusport\",\"description\":\"L&#039;encyclop\u00e9die de l&#039;actualit\u00e9 sportive\",\"publisher\":{\"@id\":\"https:\/\/dicodusport.fr\/blog\/#organization\"},\"potentialAction\":[{\"@type\":\"SearchAction\",\"target\":{\"@type\":\"EntryPoint\",\"urlTemplate\":\"https:\/\/dicodusport.fr\/blog\/?s={search_term_string}\"},\"query-input\":{\"@type\":\"PropertyValueSpecification\",\"valueRequired\":true,\"valueName\":\"search_term_string\"}}],\"inLanguage\":\"fr-FR\"},{\"@type\":\"NewsMediaOrganization\",\"@id\":\"https:\/\/dicodusport.fr\/blog\/#organization\",\"name\":\"Dicodusport\",\"url\":\"https:\/\/dicodusport.fr\/blog\/\",\"logo\":{\"@type\":\"ImageObject\",\"inLanguage\":\"fr-FR\",\"@id\":\"https:\/\/dicodusport.fr\/blog\/#\/schema\/logo\/image\/\",\"url\":\"https:\/\/dicodusport.fr\/blog\/wp-content\/uploads\/2020\/06\/cropped-LOGO-DICODUSPORT-2020-SANS-FOND-SANS-TEXTE.png\",\"contentUrl\":\"https:\/\/dicodusport.fr\/blog\/wp-content\/uploads\/2020\/06\/cropped-LOGO-DICODUSPORT-2020-SANS-FOND-SANS-TEXTE.png\",\"width\":512,\"height\":512,\"caption\":\"Dicodusport\"},\"image\":{\"@id\":\"https:\/\/dicodusport.fr\/blog\/#\/schema\/logo\/image\/\"},\"sameAs\":[\"https:\/\/www.facebook.com\/dicodusport\",\"https:\/\/x.com\/dicodusport\",\"https:\/\/www.instagram.com\/dicodusport\/\",\"https:\/\/www.youtube.com\/channel\/UC7V2KZ5sd3htJivAbA4ZG3w\"],\"description\":\"Dicodusport est l'encyclop\u00e9die de l'actualit\u00e9 sportive.\",\"email\":\"bonjour@dicodusport.fr\",\"legalName\":\"DICODUSPORT\",\"foundingDate\":\"2018-01-14\",\"vatID\":\"FR71834470973\",\"taxID\":\"83447097300043\",\"numberOfEmployees\":{\"@type\":\"QuantitativeValue\",\"minValue\":\"1\",\"maxValue\":\"10\"}},{\"@type\":\"Person\",\"@id\":\"https:\/\/dicodusport.fr\/blog\/#\/schema\/person\/d603dd7da31fb2b46c82b9835a77ec13\",\"name\":\"Etienne Goursaud\",\"image\":{\"@type\":\"ImageObject\",\"inLanguage\":\"fr-FR\",\"@id\":\"https:\/\/dicodusport.fr\/blog\/#\/schema\/person\/image\/\",\"url\":\"https:\/\/dicodusport.fr\/blog\/wp-content\/uploads\/2023\/12\/410122264_10231602061736049_5565839791558026645_n-150x150.jpg\",\"contentUrl\":\"https:\/\/dicodusport.fr\/blog\/wp-content\/uploads\/2023\/12\/410122264_10231602061736049_5565839791558026645_n-150x150.jpg\",\"caption\":\"Etienne Goursaud\"},\"description\":\"Journaliste et amoureux de sport. Ancien footballeur reconverti athl\u00e8te quand ses muscles le laissent tranquille. \u00c9lev\u00e9 \u00e0 la sauce des exploits de Thomas Voeckler en 2004, du dernier essai de l\u00e9gende de Eunice Barber \u00e0 la longueur lors des championnats du monde d'athl\u00e9tisme de 2003 mais aussi Zidane, Omeyer et Titou Lamaison.\",\"url\":\"https:\/\/dicodusport.fr\/blog\/author\/etienne-goursaud\/\"}]}<\/script>\n<!-- \/ Yoast SEO Premium plugin. -->","yoast_head_json":{"title":"Pierre Gautherat d\u00e9class\u00e9, Marc Brustenga remporte la Classic Velox Ad\u00e9lie de Vitr\u00e9 2026","description":"CLASSIC VELOX-AD\u00c9LIE DE VITR\u00c9 2026 - Marc Brustenga remporte la course bretonne apr\u00e8s le d\u00e9classement de Pierre Gautherat pour sprint irr\u00e9gulier.","robots":{"index":"index","follow":"follow","max-snippet":"max-snippet:-1","max-image-preview":"max-image-preview:large","max-video-preview":"max-video-preview:-1"},"canonical":"https:\/\/dicodusport.fr\/blog\/pierre-gautherat-continue-sa-semaine-de-feu-et-remporte-la-classic-velox-adelie-de-vitre-2026\/","og_locale":"fr_FR","og_type":"article","og_title":"Pierre Gautherat d\u00e9class\u00e9, Marc Brustenga remporte la Classic Velox Ad\u00e9lie de Vitr\u00e9 2026","og_description":"CLASSIC VELOX-AD\u00c9LIE DE VITR\u00c9 2026 - Marc Brustenga remporte la course bretonne apr\u00e8s le d\u00e9classement de Pierre Gautherat pour sprint irr\u00e9gulier.","og_url":"https:\/\/dicodusport.fr\/blog\/pierre-gautherat-continue-sa-semaine-de-feu-et-remporte-la-classic-velox-adelie-de-vitre-2026\/","og_site_name":"Dicodusport","article_publisher":"https:\/\/www.facebook.com\/dicodusport","article_published_time":"2026-04-03T14:35:09+00:00","article_modified_time":"2026-04-03T16:09:54+00:00","og_image":[{"width":1200,"height":674,"url":"https:\/\/dicodusport.fr\/blog\/wp-content\/uploads\/2026\/04\/Pierre-Gautherat-declasse-Marc-Brustenga-remporte-la-Classic-Velox-Adelie-de-Vitre-2026-1.png","type":"image\/png"}],"author":"Etienne Goursaud","twitter_card":"summary_large_image","twitter_title":"Pierre Gautherat d\u00e9class\u00e9, Marc Brustenga remporte la Classic Velox Ad\u00e9lie de Vitr\u00e9 2026","twitter_creator":"@dicodusport","twitter_site":"@dicodusport","schema":{"@context":"https:\/\/schema.org","@graph":[{"@type":"NewsArticle","@id":"https:\/\/dicodusport.fr\/blog\/pierre-gautherat-continue-sa-semaine-de-feu-et-remporte-la-classic-velox-adelie-de-vitre-2026\/#article","isPartOf":{"@id":"https:\/\/dicodusport.fr\/blog\/pierre-gautherat-continue-sa-semaine-de-feu-et-remporte-la-classic-velox-adelie-de-vitre-2026\/"},"author":{"name":"Etienne Goursaud","@id":"https:\/\/dicodusport.fr\/blog\/#\/schema\/person\/d603dd7da31fb2b46c82b9835a77ec13"},"headline":"Pierre Gautherat d\u00e9class\u00e9, Marc Brustenga remporte la Classic Velox Ad\u00e9lie de Vitr\u00e9 2026","datePublished":"2026-04-03T14:35:09+00:00","dateModified":"2026-04-03T16:09:54+00:00","mainEntityOfPage":{"@id":"https:\/\/dicodusport.fr\/blog\/pierre-gautherat-continue-sa-semaine-de-feu-et-remporte-la-classic-velox-adelie-de-vitre-2026\/"},"wordCount":723,"commentCount":0,"publisher":{"@id":"https:\/\/dicodusport.fr\/blog\/#organization"},"image":{"@id":"https:\/\/dicodusport.fr\/blog\/pierre-gautherat-continue-sa-semaine-de-feu-et-remporte-la-classic-velox-adelie-de-vitre-2026\/#primaryimage"},"thumbnailUrl":"https:\/\/dicodusport.fr\/blog\/wp-content\/uploads\/2026\/04\/Pierre-Gautherat-declasse-Marc-Brustenga-remporte-la-Classic-Velox-Adelie-de-Vitre-2026-1.png","keywords":["br\u00e8ve","Cyclisme","Cyclisme sur route","La Route Ad\u00e9lie de Vitr\u00e9"],"articleSection":["Cyclisme sur route"],"inLanguage":"fr-FR","potentialAction":[{"@type":"CommentAction","name":"Comment","target":["https:\/\/dicodusport.fr\/blog\/pierre-gautherat-continue-sa-semaine-de-feu-et-remporte-la-classic-velox-adelie-de-vitre-2026\/#respond"]}],"copyrightYear":"2026","copyrightHolder":{"@id":"https:\/\/dicodusport.fr\/blog\/#organization"}},{"@type":"WebPage","@id":"https:\/\/dicodusport.fr\/blog\/pierre-gautherat-continue-sa-semaine-de-feu-et-remporte-la-classic-velox-adelie-de-vitre-2026\/","url":"https:\/\/dicodusport.fr\/blog\/pierre-gautherat-continue-sa-semaine-de-feu-et-remporte-la-classic-velox-adelie-de-vitre-2026\/","name":"Pierre Gautherat d\u00e9class\u00e9, Marc Brustenga remporte la Classic Velox Ad\u00e9lie de Vitr\u00e9 2026","isPartOf":{"@id":"https:\/\/dicodusport.fr\/blog\/#website"},"primaryImageOfPage":{"@id":"https:\/\/dicodusport.fr\/blog\/pierre-gautherat-continue-sa-semaine-de-feu-et-remporte-la-classic-velox-adelie-de-vitre-2026\/#primaryimage"},"image":{"@id":"https:\/\/dicodusport.fr\/blog\/pierre-gautherat-continue-sa-semaine-de-feu-et-remporte-la-classic-velox-adelie-de-vitre-2026\/#primaryimage"},"thumbnailUrl":"https:\/\/dicodusport.fr\/blog\/wp-content\/uploads\/2026\/04\/Pierre-Gautherat-declasse-Marc-Brustenga-remporte-la-Classic-Velox-Adelie-de-Vitre-2026-1.png","datePublished":"2026-04-03T14:35:09+00:00","dateModified":"2026-04-03T16:09:54+00:00","description":"CLASSIC VELOX-AD\u00c9LIE DE VITR\u00c9 2026 - Marc Brustenga remporte la course bretonne apr\u00e8s le d\u00e9classement de Pierre Gautherat pour sprint irr\u00e9gulier.","breadcrumb":{"@id":"https:\/\/dicodusport.fr\/blog\/pierre-gautherat-continue-sa-semaine-de-feu-et-remporte-la-classic-velox-adelie-de-vitre-2026\/#breadcrumb"},"inLanguage":"fr-FR","potentialAction":[{"@type":"ReadAction","target":["https:\/\/dicodusport.fr\/blog\/pierre-gautherat-continue-sa-semaine-de-feu-et-remporte-la-classic-velox-adelie-de-vitre-2026\/"]}]},{"@type":"ImageObject","inLanguage":"fr-FR","@id":"https:\/\/dicodusport.fr\/blog\/pierre-gautherat-continue-sa-semaine-de-feu-et-remporte-la-classic-velox-adelie-de-vitre-2026\/#primaryimage","url":"https:\/\/dicodusport.fr\/blog\/wp-content\/uploads\/2026\/04\/Pierre-Gautherat-declasse-Marc-Brustenga-remporte-la-Classic-Velox-Adelie-de-Vitre-2026-1.png","contentUrl":"https:\/\/dicodusport.fr\/blog\/wp-content\/uploads\/2026\/04\/Pierre-Gautherat-declasse-Marc-Brustenga-remporte-la-Classic-Velox-Adelie-de-Vitre-2026-1.png","width":1200,"height":674,"caption":"Pierre Gautherat d\u00e9class\u00e9, Marc Brustenga remporte la Classic Velox Ad\u00e9lie de Vitr\u00e9 2026"},{"@type":"BreadcrumbList","@id":"https:\/\/dicodusport.fr\/blog\/pierre-gautherat-continue-sa-semaine-de-feu-et-remporte-la-classic-velox-adelie-de-vitre-2026\/#breadcrumb","itemListElement":[{"@type":"ListItem","position":1,"name":"Accueil","item":"https:\/\/dicodusport.fr\/blog\/"},{"@type":"ListItem","position":2,"name":"Pierre Gautherat d\u00e9class\u00e9, Marc Brustenga remporte la Classic Velox Ad\u00e9lie de Vitr\u00e9 2026"}]},{"@type":"WebSite","@id":"https:\/\/dicodusport.fr\/blog\/#website","url":"https:\/\/dicodusport.fr\/blog\/","name":"Dicodusport","description":"L&#039;encyclop\u00e9die de l&#039;actualit\u00e9 sportive","publisher":{"@id":"https:\/\/dicodusport.fr\/blog\/#organization"},"potentialAction":[{"@type":"SearchAction","target":{"@type":"EntryPoint","urlTemplate":"https:\/\/dicodusport.fr\/blog\/?s={search_term_string}"},"query-input":{"@type":"PropertyValueSpecification","valueRequired":true,"valueName":"search_term_string"}}],"inLanguage":"fr-FR"},{"@type":"NewsMediaOrganization","@id":"https:\/\/dicodusport.fr\/blog\/#organization","name":"Dicodusport","url":"https:\/\/dicodusport.fr\/blog\/","logo":{"@type":"ImageObject","inLanguage":"fr-FR","@id":"https:\/\/dicodusport.fr\/blog\/#\/schema\/logo\/image\/","url":"https:\/\/dicodusport.fr\/blog\/wp-content\/uploads\/2020\/06\/cropped-LOGO-DICODUSPORT-2020-SANS-FOND-SANS-TEXTE.png","contentUrl":"https:\/\/dicodusport.fr\/blog\/wp-content\/uploads\/2020\/06\/cropped-LOGO-DICODUSPORT-2020-SANS-FOND-SANS-TEXTE.png","width":512,"height":512,"caption":"Dicodusport"},"image":{"@id":"https:\/\/dicodusport.fr\/blog\/#\/schema\/logo\/image\/"},"sameAs":["https:\/\/www.facebook.com\/dicodusport","https:\/\/x.com\/dicodusport","https:\/\/www.instagram.com\/dicodusport\/","https:\/\/www.youtube.com\/channel\/UC7V2KZ5sd3htJivAbA4ZG3w"],"description":"Dicodusport est l'encyclop\u00e9die de l'actualit\u00e9 sportive.","email":"bonjour@dicodusport.fr","legalName":"DICODUSPORT","foundingDate":"2018-01-14","vatID":"FR71834470973","taxID":"83447097300043","numberOfEmployees":{"@type":"QuantitativeValue","minValue":"1","maxValue":"10"}},{"@type":"Person","@id":"https:\/\/dicodusport.fr\/blog\/#\/schema\/person\/d603dd7da31fb2b46c82b9835a77ec13","name":"Etienne Goursaud","image":{"@type":"ImageObject","inLanguage":"fr-FR","@id":"https:\/\/dicodusport.fr\/blog\/#\/schema\/person\/image\/","url":"https:\/\/dicodusport.fr\/blog\/wp-content\/uploads\/2023\/12\/410122264_10231602061736049_5565839791558026645_n-150x150.jpg","contentUrl":"https:\/\/dicodusport.fr\/blog\/wp-content\/uploads\/2023\/12\/410122264_10231602061736049_5565839791558026645_n-150x150.jpg","caption":"Etienne Goursaud"},"description":"Journaliste et amoureux de sport. Ancien footballeur reconverti athl\u00e8te quand ses muscles le laissent tranquille. \u00c9lev\u00e9 \u00e0 la sauce des exploits de Thomas Voeckler en 2004, du dernier essai de l\u00e9gende de Eunice Barber \u00e0 la longueur lors des championnats du monde d'athl\u00e9tisme de 2003 mais aussi Zidane, Omeyer et Titou Lamaison.","url":"https:\/\/dicodusport.fr\/blog\/author\/etienne-goursaud\/"}]}},"_links":{"self":[{"href":"https:\/\/dicodusport.fr\/blog\/wp-json\/wp\/v2\/posts\/660074","targetHints":{"allow":["GET"]}}],"collection":[{"href":"https:\/\/dicodusport.fr\/blog\/wp-json\/wp\/v2\/posts"}],"about":[{"href":"https:\/\/dicodusport.fr\/blog\/wp-json\/wp\/v2\/types\/post"}],"author":[{"embeddable":true,"href":"https:\/\/dicodusport.fr\/blog\/wp-json\/wp\/v2\/users\/83"}],"replies":[{"embeddable":true,"href":"https:\/\/dicodusport.fr\/blog\/wp-json\/wp\/v2\/comments?post=660074"}],"version-history":[{"count":5,"href":"https:\/\/dicodusport.fr\/blog\/wp-json\/wp\/v2\/posts\/660074\/revisions"}],"predecessor-version":[{"id":660162,"href":"https:\/\/dicodusport.fr\/blog\/wp-json\/wp\/v2\/posts\/660074\/revisions\/660162"}],"wp:featuredmedia":[{"embeddable":true,"href":"https:\/\/dicodusport.fr\/blog\/wp-json\/wp\/v2\/media\/660172"}],"wp:attachment":[{"href":"https:\/\/dicodusport.fr\/blog\/wp-json\/wp\/v2\/media?parent=660074"}],"wp:term":[{"taxonomy":"category","embeddable":true,"href":"https:\/\/dicodusport.fr\/blog\/wp-json\/wp\/v2\/categories?post=660074"},{"taxonomy":"post_tag","embeddable":true,"href":"https:\/\/dicodusport.fr\/blog\/wp-json\/wp\/v2\/tags?post=660074"}],"curies":[{"name":"wp","href":"https:\/\/api.w.org\/{rel}","templated":true}]}}