{"id":660280,"date":"2026-04-04T17:04:44","date_gmt":"2026-04-04T15:04:44","guid":{"rendered":"https:\/\/dicodusport.fr\/blog\/?p=660280&#038;preview=true&#038;preview_id=660280"},"modified":"2026-04-04T17:29:00","modified_gmt":"2026-04-04T15:29:00","slug":"ion-izagirre-renoue-avec-la-victoire-sur-le-grand-prix-miguel-indurain","status":"publish","type":"post","link":"https:\/\/dicodusport.fr\/blog\/ion-izagirre-renoue-avec-la-victoire-sur-le-grand-prix-miguel-indurain\/","title":{"rendered":"Ion Izagirre renoue avec la victoire sur le Grand Prix Miguel Indurain"},"content":{"rendered":"<p style=\"text-align: justify;\"><strong><em>GRAND PRIX MIGUEL INDURAIN 2026 &#8211; Ion Izagirre (Cofidis) s&rsquo;offre une troisi\u00e8me victoire sur ses terres apr\u00e8s 2016 et 2023.<\/em><\/strong><\/p>\n<ul style=\"text-align: justify;\">\n<li style=\"text-align: justify;\"><strong>\u00c0 ce sujet \u2013 <a href=\"https:\/\/dicodusport.fr\/blog\/actualites\/cyclisme\/\">L&rsquo;actualit\u00e9 du cyclisme<\/a><\/strong><\/li>\n<\/ul>\n<p style=\"text-align: justify;\">37 ans. \u00c9ternel <strong>Ion Izagirre<\/strong> qui vient chercher aujourd&rsquo;hui un troisi\u00e8me succ\u00e8s sur le Grand Prix Miguel Indurain, pr\u00e8s de 3 ans apr\u00e8s <a href=\"https:\/\/dicodusport.fr\/blog\/tour-de-france-2023-ion-izagirre-sadjuge-la-12eme-etape\/\">son dernier succ\u00e8s du c\u00f4t\u00e9 de Belleville-en-Beaujolais sur le Tour de France<\/a>. Le Basque de la Cofidis s&rsquo;est d\u00e9barrass\u00e9 du tenace <strong>Quinn Simmons<\/strong> (Lidl-Trek) dans l&rsquo;ultime bosse. De retour de stage du Teide, il s&rsquo;est montr\u00e9 impressionnant et intenable dans le final pour s&rsquo;offrir une troisi\u00e8me victoire ici, apr\u00e8s 2016 et <a href=\"https:\/\/dicodusport.fr\/blog\/grand-prix-miguel-indurain-2023-ion-izagirre-simpose-en-patron\/\">2023<\/a>.<\/p>\n<blockquote class=\"twitter-tweet\">\n<p dir=\"ltr\" lang=\"fr\">Ion Izagirre (Cofidis) renoue avec la victoire sur le <a href=\"https:\/\/twitter.com\/hashtag\/GPIndurain?src=hash&amp;ref_src=twsrc%5Etfw\">#GPIndurain<\/a> ! Le v\u00e9t\u00e9ran espagnol (37 ans), qui n&rsquo;avait plus gagn\u00e9 depuis la 12e \u00e9tape du Tour de France 2023, a l\u00e2ch\u00e9 Quinn Simmons (Lidl-Trek) et Markel Beloki (EF Education-Easy Post) dans la derni\u00e8re mont\u00e9e. <a href=\"https:\/\/t.co\/xN36RxmXsE\">pic.twitter.com\/xN36RxmXsE<\/a><\/p>\n<p>\u2014 Le Gruppetto (@LeGruppetto) <a href=\"https:\/\/twitter.com\/LeGruppetto\/status\/2040444999758663777?ref_src=twsrc%5Etfw\">April 4, 2026<\/a><\/p><\/blockquote>\n<p style=\"text-align: justify;\"><script async src=\"https:\/\/platform.twitter.com\/widgets.js\" charset=\"utf-8\"><\/script><\/p>\n<h2 style=\"text-align: justify;\">Cinq \u00e9chapp\u00e9s rapidement ramen\u00e9s \u00e0 la raison<\/h2>\n<p style=\"text-align: justify;\">Auparavant, un groupe de cinq coureurs s&rsquo;est rapidement d\u00e9gag\u00e9 du peloton d\u00e8s les premiers kilom\u00e8tres &#8211; les plus plats &#8211; de la classique ib\u00e9rique. Parmi eux, un Fran\u00e7ais m\u00e9connu appartenant \u00e0 l&rsquo;\u00e9quipe portugaise Anicolor\/Campicarn, <strong>Louis Ferreira<\/strong>. Avec lui, on retrouvait <strong>Carlos Garcia Pierna<\/strong> et <strong>Sinuh\u00e9 Fernandez<\/strong> (Burgos Burpellet BH), <strong>Unai Aznar<\/strong> (Euskaltel Euskadi) et <strong>Rafael Duraes<\/strong> (Efapel Cycling). Le club des cinq a compt\u00e9 jusqu&rsquo;\u00e0 4 minutes d&rsquo;avance mais a finalement \u00e9t\u00e9 revu rapidement \u00e0 plus de 50 km de l&rsquo;arriv\u00e9e, dans l&rsquo;Alto Guirguillano (2,8 km \u00e0 5,7%).<\/p>\n<h2 style=\"text-align: justify;\">Grosse pagaille et multiples attaques dans le final<\/h2>\n<p style=\"text-align: justify;\">Puis, on a assist\u00e9 \u00e0 de nombreuses tentatives de contres sur un final plus escarp\u00e9. Ainsi, \u00e0 45 km du terme, un groupe int\u00e9ressant s&rsquo;est form\u00e9 \u00e0 la faveur d&rsquo;une bosse, l&rsquo;Alto de Lezaun. On notait la pr\u00e9sence de <strong>Javier Romo<\/strong> (Movistar), <strong>Lennert Van Eetvelt<\/strong> (Lotto Intermarch\u00e9) ou encore <strong>George Bennett<\/strong> (NSN). Mais c&rsquo;est bien <strong>Julien Bernard<\/strong> (Lidl-Trek) et<strong> Antonio Tiberi<\/strong> (Bahrain Victorious) qui ont le plus insist\u00e9, comptant une trentaine de secondes sur un peloton remuant et d\u00e9sorganis\u00e9. Peu avant le troisi\u00e8me et dernier passage sur la ligne, ils ont finalement fini par c\u00e9der, laissant \u00e0 la place \u00e0 un autre groupe de contre.<\/p>\n<p style=\"text-align: justify;\">Un groupe bien plus consistant comprenant quasiment l&rsquo;int\u00e9gralit\u00e9 des formations, \u00e0 l&rsquo;exception de la Movistar, contrainte de rouler derri\u00e8re. Une belle lutte s&rsquo;engageait entre le groupe de t\u00eate et le peloton \u00e0 l&rsquo;approche de la derni\u00e8re difficult\u00e9, l&rsquo;Alto de Eraul (3,9 km \u00e0 5,3%), habituel juge de paix de la classique espagnole. Se sont alors extraits du groupe de t\u00eate <strong>Quinn Simmons<\/strong> (Lidl-Trek), <strong>Harry Sweeny<\/strong> (EF Education \u2013 EasyPost), l&rsquo;intenable <strong>George Bennett<\/strong>, <strong>Igor Arrieta<\/strong> (UAE Emirates XRG) et<strong> Ion Izagirre<\/strong> (Cofidis).<\/p>\n<h2 style=\"text-align: justify;\">Les Basques intenables en leurs terres<\/h2>\n<p style=\"text-align: justify;\"><strong>Simmons<\/strong> et <strong>Izagirre<\/strong> se sont alors d\u00e9tach\u00e9s \u00e0 la p\u00e9dale, rejoints par un autre local tr\u00e8s fort, <strong>Markel Beloki<\/strong> (EF Education &#8211; EasyPost), qui est parvenu \u00e0 revenir sur eux. Trois coureurs pour la gagne, dont deux Basques. <strong>Izagirre<\/strong> s&rsquo;envolait alors devant un public d\u00e9cha\u00een\u00e9 et une ambiance de feu, devan\u00e7ant finalement <strong>Simmons<\/strong> et, \u00e0 quelques encablures derri\u00e8re, ce qui restait du peloton r\u00e9gl\u00e9 par un autre EF Education &#8211; EasyPost, le Fran\u00e7ais<strong> Alex Baudin<\/strong>, le malheureux <strong>Beloki<\/strong> ne terminant finalement que neuvi\u00e8me.<\/p>\n<ul style=\"text-align: justify;\">\n<li><strong>\u00c0 ce sujet \u2013 <a href=\"https:\/\/dicodusport.fr\/blog\/resultats-grand-prix-miguel-indurain-2026-classement-de-la-course\/\">R\u00e9sultats Grand Prix Miguel Indurain 2026 : classement de la course<\/a><\/strong><\/li>\n<\/ul>\n<div id=\"gtx-trans\" style=\"position: absolute; left: -14px; top: 40.9091px;\">\n<div class=\"gtx-trans-icon\" style=\"text-align: justify;\"><\/div>\n<\/div>\n","protected":false},"excerpt":{"rendered":"<p>GRAND PRIX MIGUEL INDURAIN 2026 &#8211; Ion Izagirre (Cofidis) s&rsquo;offre une troisi\u00e8me victoire sur ses terres apr\u00e8s 2016 et 2023.<\/p>\n","protected":false},"author":92,"featured_media":660370,"comment_status":"open","ping_status":"closed","sticky":false,"template":"","format":"standard","meta":{"_acf_changed":false,"_daextam_enable_autolinks":"1","footnotes":""},"categories":[46994],"tags":[16878,574,11197,15638],"class_list":["post-660280","post","type-post","status-publish","format-standard","has-post-thumbnail","hentry","category-cyclisme-sur-route","tag-breve","tag-cyclisme","tag-cyclisme-sur-route","tag-grand-prix-miguel-indurain"],"acf":[],"yoast_head":"<!-- This site is optimized with the Yoast SEO Premium plugin v26.7 (Yoast SEO v26.7) - https:\/\/yoast.com\/wordpress\/plugins\/seo\/ -->\n<title>Ion Izagirre renoue avec la victoire sur le Grand Prix Miguel Indurain<\/title>\n<meta name=\"description\" content=\"GRAND GRAND PRIX MIGUEL INDURAIN 2026 - Ion Izagirre (Cofidis) s&#039;offre une troisi\u00e8me victoire sur ses terres apr\u00e8s 2016 et 2023.\" \/>\n<meta name=\"robots\" content=\"index, follow, max-snippet:-1, max-image-preview:large, max-video-preview:-1\" \/>\n<link rel=\"canonical\" href=\"https:\/\/dicodusport.fr\/blog\/ion-izagirre-renoue-avec-la-victoire-sur-le-grand-prix-miguel-indurain\/\" \/>\n<meta property=\"og:locale\" content=\"fr_FR\" \/>\n<meta property=\"og:type\" content=\"article\" \/>\n<meta property=\"og:title\" content=\"Ion Izagirre renoue avec la victoire sur le Grand Prix Miguel Indurain\" \/>\n<meta property=\"og:description\" content=\"GRAND GRAND PRIX MIGUEL INDURAIN 2026 - Ion Izagirre (Cofidis) s&#039;offre une troisi\u00e8me victoire sur ses terres apr\u00e8s 2016 et 2023.\" \/>\n<meta property=\"og:url\" content=\"https:\/\/dicodusport.fr\/blog\/ion-izagirre-renoue-avec-la-victoire-sur-le-grand-prix-miguel-indurain\/\" \/>\n<meta property=\"og:site_name\" content=\"Dicodusport\" \/>\n<meta property=\"article:publisher\" content=\"https:\/\/www.facebook.com\/dicodusport\" \/>\n<meta property=\"article:published_time\" content=\"2026-04-04T15:04:44+00:00\" \/>\n<meta property=\"article:modified_time\" content=\"2026-04-04T15:29:00+00:00\" \/>\n<meta property=\"og:image\" content=\"https:\/\/dicodusport.fr\/blog\/wp-content\/uploads\/2026\/04\/Ion-Izagirre-renoue-avec-la-victoire-sur-le-Grand-Prix-Miguel-Indurain-3.png\" \/>\n\t<meta property=\"og:image:width\" content=\"1200\" \/>\n\t<meta property=\"og:image:height\" content=\"674\" \/>\n\t<meta property=\"og:image:type\" content=\"image\/png\" \/>\n<meta name=\"author\" content=\"Olivier Dobiezynski\" \/>\n<meta name=\"twitter:card\" content=\"summary_large_image\" \/>\n<meta name=\"twitter:title\" content=\"Ion Izagirre renoue avec la victoire sur le Grand Prix Miguel Indurain\" \/>\n<meta name=\"twitter:creator\" content=\"@https:\/\/x.com\/Olivier_Matros\" \/>\n<meta name=\"twitter:site\" content=\"@dicodusport\" \/>\n<script type=\"application\/ld+json\" class=\"yoast-schema-graph\">{\"@context\":\"https:\/\/schema.org\",\"@graph\":[{\"@type\":\"NewsArticle\",\"@id\":\"https:\/\/dicodusport.fr\/blog\/ion-izagirre-renoue-avec-la-victoire-sur-le-grand-prix-miguel-indurain\/#article\",\"isPartOf\":{\"@id\":\"https:\/\/dicodusport.fr\/blog\/ion-izagirre-renoue-avec-la-victoire-sur-le-grand-prix-miguel-indurain\/\"},\"author\":{\"name\":\"Olivier Dobiezynski\",\"@id\":\"https:\/\/dicodusport.fr\/blog\/#\/schema\/person\/fe500246414ca17ddf0c0312d7a792cc\"},\"headline\":\"Ion Izagirre renoue avec la victoire sur le Grand Prix Miguel Indurain\",\"datePublished\":\"2026-04-04T15:04:44+00:00\",\"dateModified\":\"2026-04-04T15:29:00+00:00\",\"mainEntityOfPage\":{\"@id\":\"https:\/\/dicodusport.fr\/blog\/ion-izagirre-renoue-avec-la-victoire-sur-le-grand-prix-miguel-indurain\/\"},\"wordCount\":593,\"commentCount\":0,\"publisher\":{\"@id\":\"https:\/\/dicodusport.fr\/blog\/#organization\"},\"image\":{\"@id\":\"https:\/\/dicodusport.fr\/blog\/ion-izagirre-renoue-avec-la-victoire-sur-le-grand-prix-miguel-indurain\/#primaryimage\"},\"thumbnailUrl\":\"https:\/\/dicodusport.fr\/blog\/wp-content\/uploads\/2026\/04\/Ion-Izagirre-renoue-avec-la-victoire-sur-le-Grand-Prix-Miguel-Indurain-3.png\",\"keywords\":[\"br\u00e8ve\",\"Cyclisme\",\"Cyclisme sur route\",\"Grand Prix Miguel Indurain\"],\"articleSection\":[\"Cyclisme sur route\"],\"inLanguage\":\"fr-FR\",\"potentialAction\":[{\"@type\":\"CommentAction\",\"name\":\"Comment\",\"target\":[\"https:\/\/dicodusport.fr\/blog\/ion-izagirre-renoue-avec-la-victoire-sur-le-grand-prix-miguel-indurain\/#respond\"]}],\"copyrightYear\":\"2026\",\"copyrightHolder\":{\"@id\":\"https:\/\/dicodusport.fr\/blog\/#organization\"}},{\"@type\":\"WebPage\",\"@id\":\"https:\/\/dicodusport.fr\/blog\/ion-izagirre-renoue-avec-la-victoire-sur-le-grand-prix-miguel-indurain\/\",\"url\":\"https:\/\/dicodusport.fr\/blog\/ion-izagirre-renoue-avec-la-victoire-sur-le-grand-prix-miguel-indurain\/\",\"name\":\"Ion Izagirre renoue avec la victoire sur le Grand Prix Miguel Indurain\",\"isPartOf\":{\"@id\":\"https:\/\/dicodusport.fr\/blog\/#website\"},\"primaryImageOfPage\":{\"@id\":\"https:\/\/dicodusport.fr\/blog\/ion-izagirre-renoue-avec-la-victoire-sur-le-grand-prix-miguel-indurain\/#primaryimage\"},\"image\":{\"@id\":\"https:\/\/dicodusport.fr\/blog\/ion-izagirre-renoue-avec-la-victoire-sur-le-grand-prix-miguel-indurain\/#primaryimage\"},\"thumbnailUrl\":\"https:\/\/dicodusport.fr\/blog\/wp-content\/uploads\/2026\/04\/Ion-Izagirre-renoue-avec-la-victoire-sur-le-Grand-Prix-Miguel-Indurain-3.png\",\"datePublished\":\"2026-04-04T15:04:44+00:00\",\"dateModified\":\"2026-04-04T15:29:00+00:00\",\"description\":\"GRAND GRAND PRIX MIGUEL INDURAIN 2026 - Ion Izagirre (Cofidis) s'offre une troisi\u00e8me victoire sur ses terres apr\u00e8s 2016 et 2023.\",\"breadcrumb\":{\"@id\":\"https:\/\/dicodusport.fr\/blog\/ion-izagirre-renoue-avec-la-victoire-sur-le-grand-prix-miguel-indurain\/#breadcrumb\"},\"inLanguage\":\"fr-FR\",\"potentialAction\":[{\"@type\":\"ReadAction\",\"target\":[\"https:\/\/dicodusport.fr\/blog\/ion-izagirre-renoue-avec-la-victoire-sur-le-grand-prix-miguel-indurain\/\"]}]},{\"@type\":\"ImageObject\",\"inLanguage\":\"fr-FR\",\"@id\":\"https:\/\/dicodusport.fr\/blog\/ion-izagirre-renoue-avec-la-victoire-sur-le-grand-prix-miguel-indurain\/#primaryimage\",\"url\":\"https:\/\/dicodusport.fr\/blog\/wp-content\/uploads\/2026\/04\/Ion-Izagirre-renoue-avec-la-victoire-sur-le-Grand-Prix-Miguel-Indurain-3.png\",\"contentUrl\":\"https:\/\/dicodusport.fr\/blog\/wp-content\/uploads\/2026\/04\/Ion-Izagirre-renoue-avec-la-victoire-sur-le-Grand-Prix-Miguel-Indurain-3.png\",\"width\":1200,\"height\":674,\"caption\":\"Ion Izagirre renoue avec la victoire sur le Grand Prix Miguel Indurain\"},{\"@type\":\"BreadcrumbList\",\"@id\":\"https:\/\/dicodusport.fr\/blog\/ion-izagirre-renoue-avec-la-victoire-sur-le-grand-prix-miguel-indurain\/#breadcrumb\",\"itemListElement\":[{\"@type\":\"ListItem\",\"position\":1,\"name\":\"Accueil\",\"item\":\"https:\/\/dicodusport.fr\/blog\/\"},{\"@type\":\"ListItem\",\"position\":2,\"name\":\"Ion Izagirre renoue avec la victoire sur le Grand Prix Miguel Indurain\"}]},{\"@type\":\"WebSite\",\"@id\":\"https:\/\/dicodusport.fr\/blog\/#website\",\"url\":\"https:\/\/dicodusport.fr\/blog\/\",\"name\":\"Dicodusport\",\"description\":\"L&#039;encyclop\u00e9die de l&#039;actualit\u00e9 sportive\",\"publisher\":{\"@id\":\"https:\/\/dicodusport.fr\/blog\/#organization\"},\"potentialAction\":[{\"@type\":\"SearchAction\",\"target\":{\"@type\":\"EntryPoint\",\"urlTemplate\":\"https:\/\/dicodusport.fr\/blog\/?s={search_term_string}\"},\"query-input\":{\"@type\":\"PropertyValueSpecification\",\"valueRequired\":true,\"valueName\":\"search_term_string\"}}],\"inLanguage\":\"fr-FR\"},{\"@type\":\"NewsMediaOrganization\",\"@id\":\"https:\/\/dicodusport.fr\/blog\/#organization\",\"name\":\"Dicodusport\",\"url\":\"https:\/\/dicodusport.fr\/blog\/\",\"logo\":{\"@type\":\"ImageObject\",\"inLanguage\":\"fr-FR\",\"@id\":\"https:\/\/dicodusport.fr\/blog\/#\/schema\/logo\/image\/\",\"url\":\"https:\/\/dicodusport.fr\/blog\/wp-content\/uploads\/2020\/06\/cropped-LOGO-DICODUSPORT-2020-SANS-FOND-SANS-TEXTE.png\",\"contentUrl\":\"https:\/\/dicodusport.fr\/blog\/wp-content\/uploads\/2020\/06\/cropped-LOGO-DICODUSPORT-2020-SANS-FOND-SANS-TEXTE.png\",\"width\":512,\"height\":512,\"caption\":\"Dicodusport\"},\"image\":{\"@id\":\"https:\/\/dicodusport.fr\/blog\/#\/schema\/logo\/image\/\"},\"sameAs\":[\"https:\/\/www.facebook.com\/dicodusport\",\"https:\/\/x.com\/dicodusport\",\"https:\/\/www.instagram.com\/dicodusport\/\",\"https:\/\/www.youtube.com\/channel\/UC7V2KZ5sd3htJivAbA4ZG3w\"],\"description\":\"Dicodusport est l'encyclop\u00e9die de l'actualit\u00e9 sportive.\",\"email\":\"bonjour@dicodusport.fr\",\"legalName\":\"DICODUSPORT\",\"foundingDate\":\"2018-01-14\",\"vatID\":\"FR71834470973\",\"taxID\":\"83447097300043\",\"numberOfEmployees\":{\"@type\":\"QuantitativeValue\",\"minValue\":\"1\",\"maxValue\":\"10\"}},{\"@type\":\"Person\",\"@id\":\"https:\/\/dicodusport.fr\/blog\/#\/schema\/person\/fe500246414ca17ddf0c0312d7a792cc\",\"name\":\"Olivier Dobiezynski\",\"image\":{\"@type\":\"ImageObject\",\"inLanguage\":\"fr-FR\",\"@id\":\"https:\/\/dicodusport.fr\/blog\/#\/schema\/person\/image\/\",\"url\":\"https:\/\/dicodusport.fr\/blog\/wp-content\/uploads\/2024\/09\/5be8fe8d-9962-4f1e-ad06-d6f9dee30e6d-150x150.jpg\",\"contentUrl\":\"https:\/\/dicodusport.fr\/blog\/wp-content\/uploads\/2024\/09\/5be8fe8d-9962-4f1e-ad06-d6f9dee30e6d-150x150.jpg\",\"caption\":\"Olivier Dobiezynski\"},\"description\":\"Depuis le milieu des ann\u00e9es 90, la passion du cyclisme m'anime. Mes h\u00e9ros s'appellent Luc Leblanc, Piotr Ugrumov, Paolo Savoldelli, Peter Sagan et bien \u00e9videmment Romain Bardet. R\u00e9dacteur depuis 2023, je suis ici pour partager cet amour de la Petite Reine. Vous pourrez me lire \u00e9galement sur du trail, du ski de fond et tout autre sujet susceptible d'\u00e9veiller ma curiosit\u00e9 sportive.\",\"sameAs\":[\"https:\/\/x.com\/https:\/\/x.com\/Olivier_Matros\"],\"url\":\"https:\/\/dicodusport.fr\/blog\/author\/olivier-gh\/\"}]}<\/script>\n<!-- \/ Yoast SEO Premium plugin. -->","yoast_head_json":{"title":"Ion Izagirre renoue avec la victoire sur le Grand Prix Miguel Indurain","description":"GRAND GRAND PRIX MIGUEL INDURAIN 2026 - Ion Izagirre (Cofidis) s'offre une troisi\u00e8me victoire sur ses terres apr\u00e8s 2016 et 2023.","robots":{"index":"index","follow":"follow","max-snippet":"max-snippet:-1","max-image-preview":"max-image-preview:large","max-video-preview":"max-video-preview:-1"},"canonical":"https:\/\/dicodusport.fr\/blog\/ion-izagirre-renoue-avec-la-victoire-sur-le-grand-prix-miguel-indurain\/","og_locale":"fr_FR","og_type":"article","og_title":"Ion Izagirre renoue avec la victoire sur le Grand Prix Miguel Indurain","og_description":"GRAND GRAND PRIX MIGUEL INDURAIN 2026 - Ion Izagirre (Cofidis) s'offre une troisi\u00e8me victoire sur ses terres apr\u00e8s 2016 et 2023.","og_url":"https:\/\/dicodusport.fr\/blog\/ion-izagirre-renoue-avec-la-victoire-sur-le-grand-prix-miguel-indurain\/","og_site_name":"Dicodusport","article_publisher":"https:\/\/www.facebook.com\/dicodusport","article_published_time":"2026-04-04T15:04:44+00:00","article_modified_time":"2026-04-04T15:29:00+00:00","og_image":[{"width":1200,"height":674,"url":"https:\/\/dicodusport.fr\/blog\/wp-content\/uploads\/2026\/04\/Ion-Izagirre-renoue-avec-la-victoire-sur-le-Grand-Prix-Miguel-Indurain-3.png","type":"image\/png"}],"author":"Olivier Dobiezynski","twitter_card":"summary_large_image","twitter_title":"Ion Izagirre renoue avec la victoire sur le Grand Prix Miguel Indurain","twitter_creator":"@https:\/\/x.com\/Olivier_Matros","twitter_site":"@dicodusport","schema":{"@context":"https:\/\/schema.org","@graph":[{"@type":"NewsArticle","@id":"https:\/\/dicodusport.fr\/blog\/ion-izagirre-renoue-avec-la-victoire-sur-le-grand-prix-miguel-indurain\/#article","isPartOf":{"@id":"https:\/\/dicodusport.fr\/blog\/ion-izagirre-renoue-avec-la-victoire-sur-le-grand-prix-miguel-indurain\/"},"author":{"name":"Olivier Dobiezynski","@id":"https:\/\/dicodusport.fr\/blog\/#\/schema\/person\/fe500246414ca17ddf0c0312d7a792cc"},"headline":"Ion Izagirre renoue avec la victoire sur le Grand Prix Miguel Indurain","datePublished":"2026-04-04T15:04:44+00:00","dateModified":"2026-04-04T15:29:00+00:00","mainEntityOfPage":{"@id":"https:\/\/dicodusport.fr\/blog\/ion-izagirre-renoue-avec-la-victoire-sur-le-grand-prix-miguel-indurain\/"},"wordCount":593,"commentCount":0,"publisher":{"@id":"https:\/\/dicodusport.fr\/blog\/#organization"},"image":{"@id":"https:\/\/dicodusport.fr\/blog\/ion-izagirre-renoue-avec-la-victoire-sur-le-grand-prix-miguel-indurain\/#primaryimage"},"thumbnailUrl":"https:\/\/dicodusport.fr\/blog\/wp-content\/uploads\/2026\/04\/Ion-Izagirre-renoue-avec-la-victoire-sur-le-Grand-Prix-Miguel-Indurain-3.png","keywords":["br\u00e8ve","Cyclisme","Cyclisme sur route","Grand Prix Miguel Indurain"],"articleSection":["Cyclisme sur route"],"inLanguage":"fr-FR","potentialAction":[{"@type":"CommentAction","name":"Comment","target":["https:\/\/dicodusport.fr\/blog\/ion-izagirre-renoue-avec-la-victoire-sur-le-grand-prix-miguel-indurain\/#respond"]}],"copyrightYear":"2026","copyrightHolder":{"@id":"https:\/\/dicodusport.fr\/blog\/#organization"}},{"@type":"WebPage","@id":"https:\/\/dicodusport.fr\/blog\/ion-izagirre-renoue-avec-la-victoire-sur-le-grand-prix-miguel-indurain\/","url":"https:\/\/dicodusport.fr\/blog\/ion-izagirre-renoue-avec-la-victoire-sur-le-grand-prix-miguel-indurain\/","name":"Ion Izagirre renoue avec la victoire sur le Grand Prix Miguel Indurain","isPartOf":{"@id":"https:\/\/dicodusport.fr\/blog\/#website"},"primaryImageOfPage":{"@id":"https:\/\/dicodusport.fr\/blog\/ion-izagirre-renoue-avec-la-victoire-sur-le-grand-prix-miguel-indurain\/#primaryimage"},"image":{"@id":"https:\/\/dicodusport.fr\/blog\/ion-izagirre-renoue-avec-la-victoire-sur-le-grand-prix-miguel-indurain\/#primaryimage"},"thumbnailUrl":"https:\/\/dicodusport.fr\/blog\/wp-content\/uploads\/2026\/04\/Ion-Izagirre-renoue-avec-la-victoire-sur-le-Grand-Prix-Miguel-Indurain-3.png","datePublished":"2026-04-04T15:04:44+00:00","dateModified":"2026-04-04T15:29:00+00:00","description":"GRAND GRAND PRIX MIGUEL INDURAIN 2026 - Ion Izagirre (Cofidis) s'offre une troisi\u00e8me victoire sur ses terres apr\u00e8s 2016 et 2023.","breadcrumb":{"@id":"https:\/\/dicodusport.fr\/blog\/ion-izagirre-renoue-avec-la-victoire-sur-le-grand-prix-miguel-indurain\/#breadcrumb"},"inLanguage":"fr-FR","potentialAction":[{"@type":"ReadAction","target":["https:\/\/dicodusport.fr\/blog\/ion-izagirre-renoue-avec-la-victoire-sur-le-grand-prix-miguel-indurain\/"]}]},{"@type":"ImageObject","inLanguage":"fr-FR","@id":"https:\/\/dicodusport.fr\/blog\/ion-izagirre-renoue-avec-la-victoire-sur-le-grand-prix-miguel-indurain\/#primaryimage","url":"https:\/\/dicodusport.fr\/blog\/wp-content\/uploads\/2026\/04\/Ion-Izagirre-renoue-avec-la-victoire-sur-le-Grand-Prix-Miguel-Indurain-3.png","contentUrl":"https:\/\/dicodusport.fr\/blog\/wp-content\/uploads\/2026\/04\/Ion-Izagirre-renoue-avec-la-victoire-sur-le-Grand-Prix-Miguel-Indurain-3.png","width":1200,"height":674,"caption":"Ion Izagirre renoue avec la victoire sur le Grand Prix Miguel Indurain"},{"@type":"BreadcrumbList","@id":"https:\/\/dicodusport.fr\/blog\/ion-izagirre-renoue-avec-la-victoire-sur-le-grand-prix-miguel-indurain\/#breadcrumb","itemListElement":[{"@type":"ListItem","position":1,"name":"Accueil","item":"https:\/\/dicodusport.fr\/blog\/"},{"@type":"ListItem","position":2,"name":"Ion Izagirre renoue avec la victoire sur le Grand Prix Miguel Indurain"}]},{"@type":"WebSite","@id":"https:\/\/dicodusport.fr\/blog\/#website","url":"https:\/\/dicodusport.fr\/blog\/","name":"Dicodusport","description":"L&#039;encyclop\u00e9die de l&#039;actualit\u00e9 sportive","publisher":{"@id":"https:\/\/dicodusport.fr\/blog\/#organization"},"potentialAction":[{"@type":"SearchAction","target":{"@type":"EntryPoint","urlTemplate":"https:\/\/dicodusport.fr\/blog\/?s={search_term_string}"},"query-input":{"@type":"PropertyValueSpecification","valueRequired":true,"valueName":"search_term_string"}}],"inLanguage":"fr-FR"},{"@type":"NewsMediaOrganization","@id":"https:\/\/dicodusport.fr\/blog\/#organization","name":"Dicodusport","url":"https:\/\/dicodusport.fr\/blog\/","logo":{"@type":"ImageObject","inLanguage":"fr-FR","@id":"https:\/\/dicodusport.fr\/blog\/#\/schema\/logo\/image\/","url":"https:\/\/dicodusport.fr\/blog\/wp-content\/uploads\/2020\/06\/cropped-LOGO-DICODUSPORT-2020-SANS-FOND-SANS-TEXTE.png","contentUrl":"https:\/\/dicodusport.fr\/blog\/wp-content\/uploads\/2020\/06\/cropped-LOGO-DICODUSPORT-2020-SANS-FOND-SANS-TEXTE.png","width":512,"height":512,"caption":"Dicodusport"},"image":{"@id":"https:\/\/dicodusport.fr\/blog\/#\/schema\/logo\/image\/"},"sameAs":["https:\/\/www.facebook.com\/dicodusport","https:\/\/x.com\/dicodusport","https:\/\/www.instagram.com\/dicodusport\/","https:\/\/www.youtube.com\/channel\/UC7V2KZ5sd3htJivAbA4ZG3w"],"description":"Dicodusport est l'encyclop\u00e9die de l'actualit\u00e9 sportive.","email":"bonjour@dicodusport.fr","legalName":"DICODUSPORT","foundingDate":"2018-01-14","vatID":"FR71834470973","taxID":"83447097300043","numberOfEmployees":{"@type":"QuantitativeValue","minValue":"1","maxValue":"10"}},{"@type":"Person","@id":"https:\/\/dicodusport.fr\/blog\/#\/schema\/person\/fe500246414ca17ddf0c0312d7a792cc","name":"Olivier Dobiezynski","image":{"@type":"ImageObject","inLanguage":"fr-FR","@id":"https:\/\/dicodusport.fr\/blog\/#\/schema\/person\/image\/","url":"https:\/\/dicodusport.fr\/blog\/wp-content\/uploads\/2024\/09\/5be8fe8d-9962-4f1e-ad06-d6f9dee30e6d-150x150.jpg","contentUrl":"https:\/\/dicodusport.fr\/blog\/wp-content\/uploads\/2024\/09\/5be8fe8d-9962-4f1e-ad06-d6f9dee30e6d-150x150.jpg","caption":"Olivier Dobiezynski"},"description":"Depuis le milieu des ann\u00e9es 90, la passion du cyclisme m'anime. Mes h\u00e9ros s'appellent Luc Leblanc, Piotr Ugrumov, Paolo Savoldelli, Peter Sagan et bien \u00e9videmment Romain Bardet. R\u00e9dacteur depuis 2023, je suis ici pour partager cet amour de la Petite Reine. Vous pourrez me lire \u00e9galement sur du trail, du ski de fond et tout autre sujet susceptible d'\u00e9veiller ma curiosit\u00e9 sportive.","sameAs":["https:\/\/x.com\/https:\/\/x.com\/Olivier_Matros"],"url":"https:\/\/dicodusport.fr\/blog\/author\/olivier-gh\/"}]}},"_links":{"self":[{"href":"https:\/\/dicodusport.fr\/blog\/wp-json\/wp\/v2\/posts\/660280","targetHints":{"allow":["GET"]}}],"collection":[{"href":"https:\/\/dicodusport.fr\/blog\/wp-json\/wp\/v2\/posts"}],"about":[{"href":"https:\/\/dicodusport.fr\/blog\/wp-json\/wp\/v2\/types\/post"}],"author":[{"embeddable":true,"href":"https:\/\/dicodusport.fr\/blog\/wp-json\/wp\/v2\/users\/92"}],"replies":[{"embeddable":true,"href":"https:\/\/dicodusport.fr\/blog\/wp-json\/wp\/v2\/comments?post=660280"}],"version-history":[{"count":5,"href":"https:\/\/dicodusport.fr\/blog\/wp-json\/wp\/v2\/posts\/660280\/revisions"}],"predecessor-version":[{"id":660367,"href":"https:\/\/dicodusport.fr\/blog\/wp-json\/wp\/v2\/posts\/660280\/revisions\/660367"}],"wp:featuredmedia":[{"embeddable":true,"href":"https:\/\/dicodusport.fr\/blog\/wp-json\/wp\/v2\/media\/660370"}],"wp:attachment":[{"href":"https:\/\/dicodusport.fr\/blog\/wp-json\/wp\/v2\/media?parent=660280"}],"wp:term":[{"taxonomy":"category","embeddable":true,"href":"https:\/\/dicodusport.fr\/blog\/wp-json\/wp\/v2\/categories?post=660280"},{"taxonomy":"post_tag","embeddable":true,"href":"https:\/\/dicodusport.fr\/blog\/wp-json\/wp\/v2\/tags?post=660280"}],"curies":[{"name":"wp","href":"https:\/\/api.w.org\/{rel}","templated":true}]}}