{"id":66038,"date":"2020-05-03T13:08:22","date_gmt":"2020-05-03T11:08:22","guid":{"rendered":"http:\/\/dicodusport.fr\/blog\/?p=66038&#038;preview=true&#038;preview_id=66038"},"modified":"2020-05-05T10:41:07","modified_gmt":"2020-05-05T08:41:07","slug":"pauline-parmentier-aujourdhui-jai-34-ans-et-jai-envie-de-passer-a-autre-chose","status":"publish","type":"post","link":"https:\/\/dicodusport.fr\/blog\/pauline-parmentier-aujourdhui-jai-34-ans-et-jai-envie-de-passer-a-autre-chose\/","title":{"rendered":"Pauline Parmentier : \u00ab\u00a0Aujourd&rsquo;hui, j&rsquo;ai 34 ans et j&rsquo;ai envie de passer \u00e0 autre chose\u00a0\u00bb"},"content":{"rendered":"<p style=\"text-align: justify;\"><span style=\"color: #000000;\"><strong><em>TENNIS &#8211; Dans un long entretien accord\u00e9 \u00e0 <a href=\"https:\/\/www.lequipe.fr\/Tennis\/Article\/Pauline-parmentier-ma-journee-avait-un-sens-en-etant-benevole-face-au-coronavirus\/1131555\" target=\"_blank\" rel=\"noopener noreferrer\">L&rsquo;\u00c9quipe<\/a>, Pauline Parmentier a confirm\u00e9 que 2020 devrait \u00eatre sa derni\u00e8re saison sur la circuit WTA. M\u00eame si elle laisse une petite porte ouverte.\u00a0<\/em><\/strong><\/span><\/p>\n<p style=\"text-align: justify;\"><span style=\"color: #000000;\"><strong>Pauline Parmentier<\/strong> esp\u00e8re pouvoir jouer <a href=\"https:\/\/dicodusport.fr\/blog\/roland-garros-decale-27-septembre\/\" target=\"_blank\" rel=\"noopener noreferrer\"><strong>Roland-Garros<\/strong> en septembre<\/a>. Et c&rsquo;est en cas d&rsquo;annulation du Grand Chelem fran\u00e7ais que la native du Pas-de-Calais pourrait reconsid\u00e9rer sa d\u00e9cision.<\/span><\/p>\n<blockquote>\n<p style=\"text-align: justify;\"><span style=\"color: #000000;\">Quand Wimbledon a \u00e9t\u00e9 annul\u00e9, j&rsquo;avais un peu de nostalgie. Mais dans la balance, \u00e7a signifie de repartir sur huit mois. Si je devais repartir, le but serait d&rsquo;aller jusqu&rsquo;\u00e0 Roland. Aujourd&rsquo;hui, je suis 150\u00e8me, ce qui signifie que je ne peux pas faire les tournois que je veux. Est-ce que je suis pr\u00eate \u00e0 faire huit mois de challengers ? C&rsquo;est compliqu\u00e9. Je me raccroche \u00e0 Roland en septembre. Le jour o\u00f9 la d\u00e9cision tombera, je re-r\u00e9fl\u00e9chirai. Aujourd&rsquo;hui, j&rsquo;ai 34 ans et j&rsquo;ai envie de passer \u00e0 autre chose.<\/span><\/p>\n<\/blockquote>\n<p style=\"text-align: justify;\"><span style=\"color: #000000;\"><strong>Pauline Parmentier<\/strong>, quatre titres au compteur, a aussi expliqu\u00e9 qu&rsquo;elle avait continu\u00e9 l&rsquo;entra\u00eenement physique au d\u00e9but du confinement. Tout en avouant que d\u00e9sormais, au bout de 45 jours, elle \u00e9tait plut\u00f4t <em>\u00ab en roue libre \u00bb<\/em>.\u00a0<\/span><\/p>\n<p style=\"text-align: justify;\"><span style=\"color: #000000;\"><strong><em>Dicodusport<br \/>\n<a style=\"color: #000000;\" href=\"https:\/\/www.facebook.com\/dicodusport\/\" target=\"_blank\" rel=\"noopener noreferrer\"><img loading=\"lazy\" decoding=\"async\" class=\"alignnone wp-image-2909\" src=\"http:\/\/dicodusport.fr\/blog\/wp-content\/uploads\/2017\/07\/logo-facebook-150x150.png\" alt=\"\" width=\"40\" height=\"40\" \/><\/a><a style=\"color: #000000;\" href=\"https:\/\/twitter.com\/dicodusport\" target=\"_blank\" rel=\"noopener noreferrer\"><img loading=\"lazy\" decoding=\"async\" class=\"alignnone wp-image-2908\" src=\"http:\/\/dicodusport.fr\/blog\/wp-content\/uploads\/2017\/07\/logo-twitter-150x150.png\" alt=\"\" width=\"39\" height=\"39\" \/><\/a><\/em><\/strong><\/span><\/p>\n","protected":false},"excerpt":{"rendered":"<p>TENNIS &#8211; Dans un long entretien accord\u00e9 \u00e0 L&rsquo;\u00c9quipe, Pauline Parmentier a confirm\u00e9 que 2020 devrait \u00eatre sa derni\u00e8re saison sur la circuit WTA. M\u00eame si elle laisse une petite porte ouverte.\u00a0<\/p>\n","protected":false},"author":1,"featured_media":66045,"comment_status":"open","ping_status":"closed","sticky":false,"template":"","format":"standard","meta":{"_acf_changed":false,"_daextam_enable_autolinks":"","footnotes":""},"categories":[10646,2302],"tags":[3759,136],"class_list":["post-66038","post","type-post","status-publish","format-standard","has-post-thumbnail","hentry","category-coronavirus","category-tennis","tag-pauline-parmentier","tag-tennis"],"acf":[],"yoast_head":"<!-- This site is optimized with the Yoast SEO Premium plugin v26.7 (Yoast SEO v26.7) - https:\/\/yoast.com\/wordpress\/plugins\/seo\/ -->\n<title>Pauline Parmentier : &quot;Aujourd&#039;hui, j&#039;ai 34 ans et j&#039;ai envie de passer \u00e0 autre chose&quot;<\/title>\n<meta name=\"description\" content=\"TENNIS - Dans un long entretien accord\u00e9 \u00e0 L&#039;\u00c9quipe, Pauline Parmentier a confirm\u00e9 que 2020 devrait \u00eatre sa derni\u00e8re saison sur la circuit WTA. M\u00eame si elle laisse une petite porte ouverte.\u00a0\" \/>\n<meta name=\"robots\" content=\"index, follow, max-snippet:-1, max-image-preview:large, max-video-preview:-1\" \/>\n<link rel=\"canonical\" href=\"https:\/\/dicodusport.fr\/blog\/pauline-parmentier-aujourdhui-jai-34-ans-et-jai-envie-de-passer-a-autre-chose\/\" \/>\n<meta property=\"og:locale\" content=\"fr_FR\" \/>\n<meta property=\"og:type\" content=\"article\" \/>\n<meta property=\"og:title\" content=\"Pauline Parmentier : \u00ab Aujourd&#039;hui, j&#039;ai 34 ans et j&#039;ai envie de passer \u00e0 autre chose \u00bb\" \/>\n<meta property=\"og:description\" content=\"TENNIS - Dans un long entretien accord\u00e9 \u00e0 L&#039;\u00c9quipe, Pauline Parmentier a confirm\u00e9 que 2020 devrait \u00eatre sa derni\u00e8re saison sur la circuit WTA. M\u00eame si elle laisse une petite porte ouverte.\u00a0\" \/>\n<meta property=\"og:url\" content=\"https:\/\/dicodusport.fr\/blog\/pauline-parmentier-aujourdhui-jai-34-ans-et-jai-envie-de-passer-a-autre-chose\/\" \/>\n<meta property=\"og:site_name\" content=\"Dicodusport\" \/>\n<meta property=\"article:publisher\" content=\"https:\/\/www.facebook.com\/dicodusport\" \/>\n<meta property=\"article:author\" content=\"https:\/\/www.facebook.com\/dicodusport\" \/>\n<meta property=\"article:published_time\" content=\"2020-05-03T11:08:22+00:00\" \/>\n<meta property=\"article:modified_time\" content=\"2020-05-05T08:41:07+00:00\" \/>\n<meta property=\"og:image\" content=\"https:\/\/dicodusport.fr\/blog\/wp-content\/uploads\/2020\/05\/Pauline-Parmentier-Aujourdhui-jai-34-ans-et-jai-envie-de-passer-\u00e0-autre-chose.png\" \/>\n\t<meta property=\"og:image:width\" content=\"800\" \/>\n\t<meta property=\"og:image:height\" content=\"445\" \/>\n\t<meta property=\"og:image:type\" content=\"image\/png\" \/>\n<meta name=\"author\" content=\"Nicolas Jacquemard\" \/>\n<meta name=\"twitter:card\" content=\"summary_large_image\" \/>\n<meta name=\"twitter:title\" content=\"Pauline Parmentier : \u00ab Aujourd&#039;hui, j&#039;ai 34 ans et j&#039;ai envie de passer \u00e0 autre chose \u00bb\" \/>\n<meta name=\"twitter:creator\" content=\"@https:\/\/twitter.com\/Nico_Jacquemard\" \/>\n<meta name=\"twitter:site\" content=\"@dicodusport\" \/>\n<script type=\"application\/ld+json\" class=\"yoast-schema-graph\">{\"@context\":\"https:\/\/schema.org\",\"@graph\":[{\"@type\":\"NewsArticle\",\"@id\":\"https:\/\/dicodusport.fr\/blog\/pauline-parmentier-aujourdhui-jai-34-ans-et-jai-envie-de-passer-a-autre-chose\/#article\",\"isPartOf\":{\"@id\":\"https:\/\/dicodusport.fr\/blog\/pauline-parmentier-aujourdhui-jai-34-ans-et-jai-envie-de-passer-a-autre-chose\/\"},\"author\":{\"name\":\"Nicolas Jacquemard\",\"@id\":\"https:\/\/dicodusport.fr\/blog\/#\/schema\/person\/55dcb50ad410894e431ed812bbb70191\"},\"headline\":\"Pauline Parmentier : \u00ab\u00a0Aujourd&rsquo;hui, j&rsquo;ai 34 ans et j&rsquo;ai envie de passer \u00e0 autre chose\u00a0\u00bb\",\"datePublished\":\"2020-05-03T11:08:22+00:00\",\"dateModified\":\"2020-05-05T08:41:07+00:00\",\"mainEntityOfPage\":{\"@id\":\"https:\/\/dicodusport.fr\/blog\/pauline-parmentier-aujourdhui-jai-34-ans-et-jai-envie-de-passer-a-autre-chose\/\"},\"wordCount\":216,\"commentCount\":1,\"publisher\":{\"@id\":\"https:\/\/dicodusport.fr\/blog\/#organization\"},\"image\":{\"@id\":\"https:\/\/dicodusport.fr\/blog\/pauline-parmentier-aujourdhui-jai-34-ans-et-jai-envie-de-passer-a-autre-chose\/#primaryimage\"},\"thumbnailUrl\":\"https:\/\/dicodusport.fr\/blog\/wp-content\/uploads\/2020\/05\/Pauline-Parmentier-Aujourdhui-jai-34-ans-et-jai-envie-de-passer-\u00e0-autre-chose.png\",\"keywords\":[\"Pauline Parmentier\",\"Tennis\"],\"articleSection\":[\"Coronavirus\",\"Tennis\"],\"inLanguage\":\"fr-FR\",\"potentialAction\":[{\"@type\":\"CommentAction\",\"name\":\"Comment\",\"target\":[\"https:\/\/dicodusport.fr\/blog\/pauline-parmentier-aujourdhui-jai-34-ans-et-jai-envie-de-passer-a-autre-chose\/#respond\"]}],\"copyrightYear\":\"2020\",\"copyrightHolder\":{\"@id\":\"https:\/\/dicodusport.fr\/blog\/#organization\"}},{\"@type\":\"WebPage\",\"@id\":\"https:\/\/dicodusport.fr\/blog\/pauline-parmentier-aujourdhui-jai-34-ans-et-jai-envie-de-passer-a-autre-chose\/\",\"url\":\"https:\/\/dicodusport.fr\/blog\/pauline-parmentier-aujourdhui-jai-34-ans-et-jai-envie-de-passer-a-autre-chose\/\",\"name\":\"Pauline Parmentier : \\\"Aujourd'hui, j'ai 34 ans et j'ai envie de passer \u00e0 autre chose\\\"\",\"isPartOf\":{\"@id\":\"https:\/\/dicodusport.fr\/blog\/#website\"},\"primaryImageOfPage\":{\"@id\":\"https:\/\/dicodusport.fr\/blog\/pauline-parmentier-aujourdhui-jai-34-ans-et-jai-envie-de-passer-a-autre-chose\/#primaryimage\"},\"image\":{\"@id\":\"https:\/\/dicodusport.fr\/blog\/pauline-parmentier-aujourdhui-jai-34-ans-et-jai-envie-de-passer-a-autre-chose\/#primaryimage\"},\"thumbnailUrl\":\"https:\/\/dicodusport.fr\/blog\/wp-content\/uploads\/2020\/05\/Pauline-Parmentier-Aujourdhui-jai-34-ans-et-jai-envie-de-passer-\u00e0-autre-chose.png\",\"datePublished\":\"2020-05-03T11:08:22+00:00\",\"dateModified\":\"2020-05-05T08:41:07+00:00\",\"description\":\"TENNIS - Dans un long entretien accord\u00e9 \u00e0 L'\u00c9quipe, Pauline Parmentier a confirm\u00e9 que 2020 devrait \u00eatre sa derni\u00e8re saison sur la circuit WTA. M\u00eame si elle laisse une petite porte ouverte.\u00a0\",\"breadcrumb\":{\"@id\":\"https:\/\/dicodusport.fr\/blog\/pauline-parmentier-aujourdhui-jai-34-ans-et-jai-envie-de-passer-a-autre-chose\/#breadcrumb\"},\"inLanguage\":\"fr-FR\",\"potentialAction\":[{\"@type\":\"ReadAction\",\"target\":[\"https:\/\/dicodusport.fr\/blog\/pauline-parmentier-aujourdhui-jai-34-ans-et-jai-envie-de-passer-a-autre-chose\/\"]}]},{\"@type\":\"ImageObject\",\"inLanguage\":\"fr-FR\",\"@id\":\"https:\/\/dicodusport.fr\/blog\/pauline-parmentier-aujourdhui-jai-34-ans-et-jai-envie-de-passer-a-autre-chose\/#primaryimage\",\"url\":\"https:\/\/dicodusport.fr\/blog\/wp-content\/uploads\/2020\/05\/Pauline-Parmentier-Aujourdhui-jai-34-ans-et-jai-envie-de-passer-\u00e0-autre-chose.png\",\"contentUrl\":\"https:\/\/dicodusport.fr\/blog\/wp-content\/uploads\/2020\/05\/Pauline-Parmentier-Aujourdhui-jai-34-ans-et-jai-envie-de-passer-\u00e0-autre-chose.png\",\"width\":800,\"height\":445,\"caption\":\"Pauline Parmentier : \\\"Aujourd'hui, j'ai 34 ans et j'ai envie de passer \u00e0 autre chose\\\"\"},{\"@type\":\"BreadcrumbList\",\"@id\":\"https:\/\/dicodusport.fr\/blog\/pauline-parmentier-aujourdhui-jai-34-ans-et-jai-envie-de-passer-a-autre-chose\/#breadcrumb\",\"itemListElement\":[{\"@type\":\"ListItem\",\"position\":1,\"name\":\"Accueil\",\"item\":\"https:\/\/dicodusport.fr\/blog\/\"},{\"@type\":\"ListItem\",\"position\":2,\"name\":\"Pauline Parmentier : \u00ab\u00a0Aujourd&rsquo;hui, j&rsquo;ai 34 ans et j&rsquo;ai envie de passer \u00e0 autre chose\u00a0\u00bb\"}]},{\"@type\":\"WebSite\",\"@id\":\"https:\/\/dicodusport.fr\/blog\/#website\",\"url\":\"https:\/\/dicodusport.fr\/blog\/\",\"name\":\"Dicodusport\",\"description\":\"L&#039;encyclop\u00e9die de l&#039;actualit\u00e9 sportive\",\"publisher\":{\"@id\":\"https:\/\/dicodusport.fr\/blog\/#organization\"},\"potentialAction\":[{\"@type\":\"SearchAction\",\"target\":{\"@type\":\"EntryPoint\",\"urlTemplate\":\"https:\/\/dicodusport.fr\/blog\/?s={search_term_string}\"},\"query-input\":{\"@type\":\"PropertyValueSpecification\",\"valueRequired\":true,\"valueName\":\"search_term_string\"}}],\"inLanguage\":\"fr-FR\"},{\"@type\":\"NewsMediaOrganization\",\"@id\":\"https:\/\/dicodusport.fr\/blog\/#organization\",\"name\":\"Dicodusport\",\"url\":\"https:\/\/dicodusport.fr\/blog\/\",\"logo\":{\"@type\":\"ImageObject\",\"inLanguage\":\"fr-FR\",\"@id\":\"https:\/\/dicodusport.fr\/blog\/#\/schema\/logo\/image\/\",\"url\":\"https:\/\/dicodusport.fr\/blog\/wp-content\/uploads\/2020\/06\/cropped-LOGO-DICODUSPORT-2020-SANS-FOND-SANS-TEXTE.png\",\"contentUrl\":\"https:\/\/dicodusport.fr\/blog\/wp-content\/uploads\/2020\/06\/cropped-LOGO-DICODUSPORT-2020-SANS-FOND-SANS-TEXTE.png\",\"width\":512,\"height\":512,\"caption\":\"Dicodusport\"},\"image\":{\"@id\":\"https:\/\/dicodusport.fr\/blog\/#\/schema\/logo\/image\/\"},\"sameAs\":[\"https:\/\/www.facebook.com\/dicodusport\",\"https:\/\/x.com\/dicodusport\",\"https:\/\/www.instagram.com\/dicodusport\/\",\"https:\/\/www.youtube.com\/channel\/UC7V2KZ5sd3htJivAbA4ZG3w\"],\"description\":\"Dicodusport est l'encyclop\u00e9die de l'actualit\u00e9 sportive.\",\"email\":\"bonjour@dicodusport.fr\",\"legalName\":\"DICODUSPORT\",\"foundingDate\":\"2018-01-14\",\"vatID\":\"FR71834470973\",\"taxID\":\"83447097300043\",\"numberOfEmployees\":{\"@type\":\"QuantitativeValue\",\"minValue\":\"1\",\"maxValue\":\"10\"}},{\"@type\":\"Person\",\"@id\":\"https:\/\/dicodusport.fr\/blog\/#\/schema\/person\/55dcb50ad410894e431ed812bbb70191\",\"name\":\"Nicolas Jacquemard\",\"image\":{\"@type\":\"ImageObject\",\"inLanguage\":\"fr-FR\",\"@id\":\"https:\/\/dicodusport.fr\/blog\/#\/schema\/person\/image\/\",\"url\":\"https:\/\/dicodusport.fr\/blog\/wp-content\/uploads\/2021\/05\/Nicolas-Jacquemard-150x150.jpeg\",\"contentUrl\":\"https:\/\/dicodusport.fr\/blog\/wp-content\/uploads\/2021\/05\/Nicolas-Jacquemard-150x150.jpeg\",\"caption\":\"Nicolas Jacquemard\"},\"description\":\"Passionn\u00e9 de sport et entrepreneur depuis mes 18 ans, la cr\u00e9ation de Dicodusport m'a sembl\u00e9 \u00e9vidente pour participer \u00e0 la m\u00e9diatisation d'un plus grand nombre de sports. Le chemin est long mais avec une \u00e9quipe des plus motiv\u00e9es et les Jeux Olympiques de Paris 2024 en point de mire, nous y arriverons ! Journaliste dans le monde du sport depuis plus de 5 ans, je traite aussi bien de football, de rugby, de biathlon que de cyclisme.\",\"sameAs\":[\"https:\/\/www.facebook.com\/dicodusport\",\"https:\/\/x.com\/https:\/\/twitter.com\/Nico_Jacquemard\"],\"url\":\"https:\/\/dicodusport.fr\/blog\/author\/dicodusport\/\"}]}<\/script>\n<!-- \/ Yoast SEO Premium plugin. -->","yoast_head_json":{"title":"Pauline Parmentier : \"Aujourd'hui, j'ai 34 ans et j'ai envie de passer \u00e0 autre chose\"","description":"TENNIS - Dans un long entretien accord\u00e9 \u00e0 L'\u00c9quipe, Pauline Parmentier a confirm\u00e9 que 2020 devrait \u00eatre sa derni\u00e8re saison sur la circuit WTA. M\u00eame si elle laisse une petite porte ouverte.\u00a0","robots":{"index":"index","follow":"follow","max-snippet":"max-snippet:-1","max-image-preview":"max-image-preview:large","max-video-preview":"max-video-preview:-1"},"canonical":"https:\/\/dicodusport.fr\/blog\/pauline-parmentier-aujourdhui-jai-34-ans-et-jai-envie-de-passer-a-autre-chose\/","og_locale":"fr_FR","og_type":"article","og_title":"Pauline Parmentier : \u00ab Aujourd'hui, j'ai 34 ans et j'ai envie de passer \u00e0 autre chose \u00bb","og_description":"TENNIS - Dans un long entretien accord\u00e9 \u00e0 L'\u00c9quipe, Pauline Parmentier a confirm\u00e9 que 2020 devrait \u00eatre sa derni\u00e8re saison sur la circuit WTA. M\u00eame si elle laisse une petite porte ouverte.\u00a0","og_url":"https:\/\/dicodusport.fr\/blog\/pauline-parmentier-aujourdhui-jai-34-ans-et-jai-envie-de-passer-a-autre-chose\/","og_site_name":"Dicodusport","article_publisher":"https:\/\/www.facebook.com\/dicodusport","article_author":"https:\/\/www.facebook.com\/dicodusport","article_published_time":"2020-05-03T11:08:22+00:00","article_modified_time":"2020-05-05T08:41:07+00:00","og_image":[{"width":800,"height":445,"url":"https:\/\/dicodusport.fr\/blog\/wp-content\/uploads\/2020\/05\/Pauline-Parmentier-Aujourdhui-jai-34-ans-et-jai-envie-de-passer-\u00e0-autre-chose.png","type":"image\/png"}],"author":"Nicolas Jacquemard","twitter_card":"summary_large_image","twitter_title":"Pauline Parmentier : \u00ab Aujourd'hui, j'ai 34 ans et j'ai envie de passer \u00e0 autre chose \u00bb","twitter_creator":"@https:\/\/twitter.com\/Nico_Jacquemard","twitter_site":"@dicodusport","schema":{"@context":"https:\/\/schema.org","@graph":[{"@type":"NewsArticle","@id":"https:\/\/dicodusport.fr\/blog\/pauline-parmentier-aujourdhui-jai-34-ans-et-jai-envie-de-passer-a-autre-chose\/#article","isPartOf":{"@id":"https:\/\/dicodusport.fr\/blog\/pauline-parmentier-aujourdhui-jai-34-ans-et-jai-envie-de-passer-a-autre-chose\/"},"author":{"name":"Nicolas Jacquemard","@id":"https:\/\/dicodusport.fr\/blog\/#\/schema\/person\/55dcb50ad410894e431ed812bbb70191"},"headline":"Pauline Parmentier : \u00ab\u00a0Aujourd&rsquo;hui, j&rsquo;ai 34 ans et j&rsquo;ai envie de passer \u00e0 autre chose\u00a0\u00bb","datePublished":"2020-05-03T11:08:22+00:00","dateModified":"2020-05-05T08:41:07+00:00","mainEntityOfPage":{"@id":"https:\/\/dicodusport.fr\/blog\/pauline-parmentier-aujourdhui-jai-34-ans-et-jai-envie-de-passer-a-autre-chose\/"},"wordCount":216,"commentCount":1,"publisher":{"@id":"https:\/\/dicodusport.fr\/blog\/#organization"},"image":{"@id":"https:\/\/dicodusport.fr\/blog\/pauline-parmentier-aujourdhui-jai-34-ans-et-jai-envie-de-passer-a-autre-chose\/#primaryimage"},"thumbnailUrl":"https:\/\/dicodusport.fr\/blog\/wp-content\/uploads\/2020\/05\/Pauline-Parmentier-Aujourdhui-jai-34-ans-et-jai-envie-de-passer-\u00e0-autre-chose.png","keywords":["Pauline Parmentier","Tennis"],"articleSection":["Coronavirus","Tennis"],"inLanguage":"fr-FR","potentialAction":[{"@type":"CommentAction","name":"Comment","target":["https:\/\/dicodusport.fr\/blog\/pauline-parmentier-aujourdhui-jai-34-ans-et-jai-envie-de-passer-a-autre-chose\/#respond"]}],"copyrightYear":"2020","copyrightHolder":{"@id":"https:\/\/dicodusport.fr\/blog\/#organization"}},{"@type":"WebPage","@id":"https:\/\/dicodusport.fr\/blog\/pauline-parmentier-aujourdhui-jai-34-ans-et-jai-envie-de-passer-a-autre-chose\/","url":"https:\/\/dicodusport.fr\/blog\/pauline-parmentier-aujourdhui-jai-34-ans-et-jai-envie-de-passer-a-autre-chose\/","name":"Pauline Parmentier : \"Aujourd'hui, j'ai 34 ans et j'ai envie de passer \u00e0 autre chose\"","isPartOf":{"@id":"https:\/\/dicodusport.fr\/blog\/#website"},"primaryImageOfPage":{"@id":"https:\/\/dicodusport.fr\/blog\/pauline-parmentier-aujourdhui-jai-34-ans-et-jai-envie-de-passer-a-autre-chose\/#primaryimage"},"image":{"@id":"https:\/\/dicodusport.fr\/blog\/pauline-parmentier-aujourdhui-jai-34-ans-et-jai-envie-de-passer-a-autre-chose\/#primaryimage"},"thumbnailUrl":"https:\/\/dicodusport.fr\/blog\/wp-content\/uploads\/2020\/05\/Pauline-Parmentier-Aujourdhui-jai-34-ans-et-jai-envie-de-passer-\u00e0-autre-chose.png","datePublished":"2020-05-03T11:08:22+00:00","dateModified":"2020-05-05T08:41:07+00:00","description":"TENNIS - Dans un long entretien accord\u00e9 \u00e0 L'\u00c9quipe, Pauline Parmentier a confirm\u00e9 que 2020 devrait \u00eatre sa derni\u00e8re saison sur la circuit WTA. M\u00eame si elle laisse une petite porte ouverte.\u00a0","breadcrumb":{"@id":"https:\/\/dicodusport.fr\/blog\/pauline-parmentier-aujourdhui-jai-34-ans-et-jai-envie-de-passer-a-autre-chose\/#breadcrumb"},"inLanguage":"fr-FR","potentialAction":[{"@type":"ReadAction","target":["https:\/\/dicodusport.fr\/blog\/pauline-parmentier-aujourdhui-jai-34-ans-et-jai-envie-de-passer-a-autre-chose\/"]}]},{"@type":"ImageObject","inLanguage":"fr-FR","@id":"https:\/\/dicodusport.fr\/blog\/pauline-parmentier-aujourdhui-jai-34-ans-et-jai-envie-de-passer-a-autre-chose\/#primaryimage","url":"https:\/\/dicodusport.fr\/blog\/wp-content\/uploads\/2020\/05\/Pauline-Parmentier-Aujourdhui-jai-34-ans-et-jai-envie-de-passer-\u00e0-autre-chose.png","contentUrl":"https:\/\/dicodusport.fr\/blog\/wp-content\/uploads\/2020\/05\/Pauline-Parmentier-Aujourdhui-jai-34-ans-et-jai-envie-de-passer-\u00e0-autre-chose.png","width":800,"height":445,"caption":"Pauline Parmentier : \"Aujourd'hui, j'ai 34 ans et j'ai envie de passer \u00e0 autre chose\""},{"@type":"BreadcrumbList","@id":"https:\/\/dicodusport.fr\/blog\/pauline-parmentier-aujourdhui-jai-34-ans-et-jai-envie-de-passer-a-autre-chose\/#breadcrumb","itemListElement":[{"@type":"ListItem","position":1,"name":"Accueil","item":"https:\/\/dicodusport.fr\/blog\/"},{"@type":"ListItem","position":2,"name":"Pauline Parmentier : \u00ab\u00a0Aujourd&rsquo;hui, j&rsquo;ai 34 ans et j&rsquo;ai envie de passer \u00e0 autre chose\u00a0\u00bb"}]},{"@type":"WebSite","@id":"https:\/\/dicodusport.fr\/blog\/#website","url":"https:\/\/dicodusport.fr\/blog\/","name":"Dicodusport","description":"L&#039;encyclop\u00e9die de l&#039;actualit\u00e9 sportive","publisher":{"@id":"https:\/\/dicodusport.fr\/blog\/#organization"},"potentialAction":[{"@type":"SearchAction","target":{"@type":"EntryPoint","urlTemplate":"https:\/\/dicodusport.fr\/blog\/?s={search_term_string}"},"query-input":{"@type":"PropertyValueSpecification","valueRequired":true,"valueName":"search_term_string"}}],"inLanguage":"fr-FR"},{"@type":"NewsMediaOrganization","@id":"https:\/\/dicodusport.fr\/blog\/#organization","name":"Dicodusport","url":"https:\/\/dicodusport.fr\/blog\/","logo":{"@type":"ImageObject","inLanguage":"fr-FR","@id":"https:\/\/dicodusport.fr\/blog\/#\/schema\/logo\/image\/","url":"https:\/\/dicodusport.fr\/blog\/wp-content\/uploads\/2020\/06\/cropped-LOGO-DICODUSPORT-2020-SANS-FOND-SANS-TEXTE.png","contentUrl":"https:\/\/dicodusport.fr\/blog\/wp-content\/uploads\/2020\/06\/cropped-LOGO-DICODUSPORT-2020-SANS-FOND-SANS-TEXTE.png","width":512,"height":512,"caption":"Dicodusport"},"image":{"@id":"https:\/\/dicodusport.fr\/blog\/#\/schema\/logo\/image\/"},"sameAs":["https:\/\/www.facebook.com\/dicodusport","https:\/\/x.com\/dicodusport","https:\/\/www.instagram.com\/dicodusport\/","https:\/\/www.youtube.com\/channel\/UC7V2KZ5sd3htJivAbA4ZG3w"],"description":"Dicodusport est l'encyclop\u00e9die de l'actualit\u00e9 sportive.","email":"bonjour@dicodusport.fr","legalName":"DICODUSPORT","foundingDate":"2018-01-14","vatID":"FR71834470973","taxID":"83447097300043","numberOfEmployees":{"@type":"QuantitativeValue","minValue":"1","maxValue":"10"}},{"@type":"Person","@id":"https:\/\/dicodusport.fr\/blog\/#\/schema\/person\/55dcb50ad410894e431ed812bbb70191","name":"Nicolas Jacquemard","image":{"@type":"ImageObject","inLanguage":"fr-FR","@id":"https:\/\/dicodusport.fr\/blog\/#\/schema\/person\/image\/","url":"https:\/\/dicodusport.fr\/blog\/wp-content\/uploads\/2021\/05\/Nicolas-Jacquemard-150x150.jpeg","contentUrl":"https:\/\/dicodusport.fr\/blog\/wp-content\/uploads\/2021\/05\/Nicolas-Jacquemard-150x150.jpeg","caption":"Nicolas Jacquemard"},"description":"Passionn\u00e9 de sport et entrepreneur depuis mes 18 ans, la cr\u00e9ation de Dicodusport m'a sembl\u00e9 \u00e9vidente pour participer \u00e0 la m\u00e9diatisation d'un plus grand nombre de sports. Le chemin est long mais avec une \u00e9quipe des plus motiv\u00e9es et les Jeux Olympiques de Paris 2024 en point de mire, nous y arriverons ! Journaliste dans le monde du sport depuis plus de 5 ans, je traite aussi bien de football, de rugby, de biathlon que de cyclisme.","sameAs":["https:\/\/www.facebook.com\/dicodusport","https:\/\/x.com\/https:\/\/twitter.com\/Nico_Jacquemard"],"url":"https:\/\/dicodusport.fr\/blog\/author\/dicodusport\/"}]}},"_links":{"self":[{"href":"https:\/\/dicodusport.fr\/blog\/wp-json\/wp\/v2\/posts\/66038","targetHints":{"allow":["GET"]}}],"collection":[{"href":"https:\/\/dicodusport.fr\/blog\/wp-json\/wp\/v2\/posts"}],"about":[{"href":"https:\/\/dicodusport.fr\/blog\/wp-json\/wp\/v2\/types\/post"}],"author":[{"embeddable":true,"href":"https:\/\/dicodusport.fr\/blog\/wp-json\/wp\/v2\/users\/1"}],"replies":[{"embeddable":true,"href":"https:\/\/dicodusport.fr\/blog\/wp-json\/wp\/v2\/comments?post=66038"}],"version-history":[{"count":0,"href":"https:\/\/dicodusport.fr\/blog\/wp-json\/wp\/v2\/posts\/66038\/revisions"}],"wp:featuredmedia":[{"embeddable":true,"href":"https:\/\/dicodusport.fr\/blog\/wp-json\/wp\/v2\/media\/66045"}],"wp:attachment":[{"href":"https:\/\/dicodusport.fr\/blog\/wp-json\/wp\/v2\/media?parent=66038"}],"wp:term":[{"taxonomy":"category","embeddable":true,"href":"https:\/\/dicodusport.fr\/blog\/wp-json\/wp\/v2\/categories?post=66038"},{"taxonomy":"post_tag","embeddable":true,"href":"https:\/\/dicodusport.fr\/blog\/wp-json\/wp\/v2\/tags?post=66038"}],"curies":[{"name":"wp","href":"https:\/\/api.w.org\/{rel}","templated":true}]}}