{"id":660511,"date":"2026-04-05T12:05:49","date_gmt":"2026-04-05T10:05:49","guid":{"rendered":"https:\/\/dicodusport.fr\/blog\/?p=660511&#038;preview=true&#038;preview_id=660511"},"modified":"2026-04-05T12:18:10","modified_gmt":"2026-04-05T10:18:10","slug":"thibault-anselmet-et-celia-perillat-pessey-terminent-la-saison-de-ski-alpinisme-par-un-podium-sur-le-relais-mixte-de-villars-sur-ollon","status":"publish","type":"post","link":"https:\/\/dicodusport.fr\/blog\/thibault-anselmet-et-celia-perillat-pessey-terminent-la-saison-de-ski-alpinisme-par-un-podium-sur-le-relais-mixte-de-villars-sur-ollon\/","title":{"rendered":"Thibault Anselmet et C\u00e9lia Perillat-Pessey terminent la saison de ski alpinisme par un podium sur le relais mixte de Villars-sur-Ollon"},"content":{"rendered":"<p style=\"text-align: justify;\"><strong><em>COUPE DU MONDE DE SKI ALPINISME 2025\/2026 &#8211; Le duo Thibault Anselmet &#8211; C\u00e9lia Perillat-Pessey s&rsquo;est empar\u00e9 de la 3\u00e8me place lors du relais mixte de Villars-sur-Ollon ce dimanche.<\/em><\/strong><\/p>\n<p style=\"text-align: justify;\">La <strong>Coupe du monde de ski alpinisme<\/strong> s&rsquo;est achev\u00e9e ce dimanche du c\u00f4t\u00e9 de <strong>Villars-sur-Ollon<\/strong> (Suisse) par un ultime <strong>relais mixte<\/strong>. \u00c9cart\u00e9e de la course au globe, l&rsquo;\u00e9quipe de France a tout de m\u00eame r\u00e9ussi \u00e0 boucler son hiver sur une note positive en s&rsquo;appuyant sur le duo form\u00e9 par <strong>Thibault Anselmet<\/strong> et <strong>C\u00e9lia P\u00e9rillat-Pessey<\/strong>.<\/p>\n<h2 style=\"text-align: justify;\">Anselmet et P\u00e9rillat-Pessey sur la bo\u00eete, le globe pour l&rsquo;Italie<\/h2>\n<p style=\"text-align: justify;\">Le duo tricolore est en effet parvenu \u00e0 accrocher la <strong>3e place<\/strong> au terme d&rsquo;une lutte serr\u00e9e avec les bin\u00f4mes autrichiens (<strong>Paul Verbnjak<\/strong> &#8211; <strong>Johanna Hiemer<\/strong>) et suisses (<strong>Jon Kistler<\/strong> &#8211; <strong>Caroline Ulrich<\/strong>). La diff\u00e9rence s&rsquo;est faite lors des deuxi\u00e8mes relais. Gr\u00e2ce \u00e0 une derni\u00e8re descente et une transition toutes deux bien plus efficaces que celles de ses rivales, <strong>P\u00e9rillat-Pessey<\/strong> avait transmis le relais \u00e0 <strong>Anselmet<\/strong> avec plus de dix secondes d&rsquo;avance. Un avantage que le champion olympique de la discipline (aux c\u00f4t\u00e9s d&rsquo;<strong>Emily Harrop<\/strong>) a su faire fructifier pour <strong>rallier la ligne d&rsquo;arriv\u00e9e avec plus de 20 secondes d&rsquo;avance sur les Autrichiens<\/strong>.<\/p>\n<p style=\"text-align: justify;\">Pour la victoire, l&rsquo;<strong>Italie<\/strong> et l&rsquo;<strong>Espagne<\/strong> ont offert un duel magnifique, duquel sont sortis vainqueurs <strong>Oriol Cardona Coll<\/strong> et <strong>Ana Alonso Rodr\u00edguez<\/strong>. N\u00e9anmoins, les Transalpins ont de quoi se consoler. La <strong>2e place<\/strong> obtenue par <strong>Alba De Silvestro<\/strong> et <strong>Michele Boscacci<\/strong>, combin\u00e9e \u00e0 la d\u00e9faillance suisse (seulement <strong>6e<\/strong>), leur permet de s&#8217;emparer du <strong>globe de cristal<\/strong>.<\/p>\n<p style=\"text-align: justify;\">La Coupe du monde est donc termin\u00e9e, mais la saison de ski alpinisme n&rsquo;est pas encore tout \u00e0 fait achev\u00e9e. Mi-avril, la mythique <strong>Patrouille des Glaciers<\/strong> en Suisse offrira un dernier spectacle grandiose aux amateurs de la discipline !<\/p>\n<h3>\u00c0 lire aussi<\/h3>\n<div class=\"vlp-link-container vlp-layout-article\"><a href=\"https:\/\/dicodusport.fr\/blog\/emily-harrop-soffre-le-dernier-sprint-de-lhiver-a-villars-sur-ollon-le-petit-globe-pour-margot-ravinel-et-thibault-anselmet\/\" class=\"vlp-link\" title=\"Emily Harrop s&#039;offre le dernier sprint de l&#039;hiver \u00e0 Villars-sur-Ollon, le petit globe pour Margot Ravinel et Thibault Anselmet\"><\/a><div class=\"vlp-layout-zone-side\"><div class=\"vlp-block-4 vlp-link-image\"><img loading=\"lazy\" decoding=\"async\" style=\"max-width: 792px;\" width=\"792\" height=\"445\" src=\"https:\/\/dicodusport.fr\/blog\/wp-content\/uploads\/2026\/04\/Emily-Harrop-soffre-le-dernier-sprint-de-lhiver-a-Villars-sur-Ollon-le-petit-globe-pour-Margot-Ravinel-et-Thibault-Anselmet.png\" class=\"attachment-800x445 size-800x445\" alt=\"Emily Harrop s&#039;offre le dernier sprint de l&#039;hiver \u00e0 Villars-sur-Ollon, le petit globe pour Margot Ravinel et Thibault Anselmet\" srcset=\"https:\/\/dicodusport.fr\/blog\/wp-content\/uploads\/2026\/04\/Emily-Harrop-soffre-le-dernier-sprint-de-lhiver-a-Villars-sur-Ollon-le-petit-globe-pour-Margot-Ravinel-et-Thibault-Anselmet.png 1200w, https:\/\/dicodusport.fr\/blog\/wp-content\/uploads\/2026\/04\/Emily-Harrop-soffre-le-dernier-sprint-de-lhiver-a-Villars-sur-Ollon-le-petit-globe-pour-Margot-Ravinel-et-Thibault-Anselmet-300x169.png 300w, https:\/\/dicodusport.fr\/blog\/wp-content\/uploads\/2026\/04\/Emily-Harrop-soffre-le-dernier-sprint-de-lhiver-a-Villars-sur-Ollon-le-petit-globe-pour-Margot-Ravinel-et-Thibault-Anselmet-1024x575.png 1024w, https:\/\/dicodusport.fr\/blog\/wp-content\/uploads\/2026\/04\/Emily-Harrop-soffre-le-dernier-sprint-de-lhiver-a-Villars-sur-Ollon-le-petit-globe-pour-Margot-Ravinel-et-Thibault-Anselmet-768x431.png 768w\" sizes=\"auto, (max-width: 792px) 100vw, 792px\" \/><\/div><\/div><div class=\"vlp-layout-zone-main\"><div class=\"vlp-block-0 vlp-link-title\">Emily Harrop s'offre le dernier sprint de l'hiver \u00e0 Villars-sur-Ollon, le petit globe pour Margot Ravinel et Thibault Anselmet<\/div><div class=\"vlp-block-1 vlp-link-summary\">COUPE DU MONDE DE SKI ALPINISME 2025\/2026 - Si Emily Harrop a d\u00e9croch\u00e9 la victoire sur le dernier sprint disput\u00e9 \u00e0 Villars-sur-Ollon, Margot Ravinel et Thibault Anselmet ont d\u00e9croch\u00e9 une 2\u00e8me place synonyme de petit globe !<\/div><div class=\"vlp-block-2 vlp-link-button\">Lire l'article<\/div><div class=\"vlp-block-3 vlp-link-url\">dicodusport.fr<\/div><\/div><\/div>\n<div id=\"gtx-trans\" style=\"position: absolute; left: -14px; top: 40.9091px;\">\n<div class=\"gtx-trans-icon\"><\/div>\n<\/div>\n","protected":false},"excerpt":{"rendered":"<p>COUPE DU MONDE DE SKI ALPINISME 2025\/2026 &#8211; Le duo Thibault Anselmet &#8211; C\u00e9lia Perillat-Pessey s&rsquo;est empar\u00e9 de la 3\u00e8me place lors du relais mixte de Villars-sur-Ollon (Suisse) ce dimanche.<\/p>\n","protected":false},"author":55,"featured_media":660513,"comment_status":"open","ping_status":"closed","sticky":false,"template":"","format":"standard","meta":{"_acf_changed":false,"_daextam_enable_autolinks":"1","footnotes":""},"categories":[45757],"tags":[16878,38088,37201,30136],"class_list":["post-660511","post","type-post","status-publish","format-standard","has-post-thumbnail","hentry","category-ski-alpinisme","tag-breve","tag-celia-perillat-pessey","tag-coupe-du-monde-ski-alpinisme","tag-thibault-anselmet"],"acf":[],"yoast_head":"<!-- This site is optimized with the Yoast SEO Premium plugin v26.7 (Yoast SEO v26.7) - https:\/\/yoast.com\/wordpress\/plugins\/seo\/ -->\n<title>Thibault Anselmet et C\u00e9lia Perillat-Pessey terminent la saison de ski alpinisme par un podium sur le relais mixte de Villars-sur-Ollon<\/title>\n<meta name=\"description\" content=\"COUPE DU MONDE DE SKI ALPINISME 2025\/2026 - Le duo Thibault Anselmet - C\u00e9lia Perillat-Pessey s&#039;est empar\u00e9 de la 3\u00e8me place lors du relais mixte de Villars-sur-Ollon (Suisse) ce dimanche.\" \/>\n<meta name=\"robots\" content=\"index, follow, max-snippet:-1, max-image-preview:large, max-video-preview:-1\" \/>\n<link rel=\"canonical\" href=\"https:\/\/dicodusport.fr\/blog\/thibault-anselmet-et-celia-perillat-pessey-terminent-la-saison-de-ski-alpinisme-par-un-podium-sur-le-relais-mixte-de-villars-sur-ollon\/\" \/>\n<meta property=\"og:locale\" content=\"fr_FR\" \/>\n<meta property=\"og:type\" content=\"article\" \/>\n<meta property=\"og:title\" content=\"Thibault Anselmet et C\u00e9lia Perillat-Pessey terminent la saison de ski alpinisme par un podium sur le relais mixte de Villars-sur-Ollon\" \/>\n<meta property=\"og:description\" content=\"COUPE DU MONDE DE SKI ALPINISME 2025\/2026 - Le duo Thibault Anselmet - C\u00e9lia Perillat-Pessey s&#039;est empar\u00e9 de la 3\u00e8me place lors du relais mixte de Villars-sur-Ollon (Suisse) ce dimanche.\" \/>\n<meta property=\"og:url\" content=\"https:\/\/dicodusport.fr\/blog\/thibault-anselmet-et-celia-perillat-pessey-terminent-la-saison-de-ski-alpinisme-par-un-podium-sur-le-relais-mixte-de-villars-sur-ollon\/\" \/>\n<meta property=\"og:site_name\" content=\"Dicodusport\" \/>\n<meta property=\"article:publisher\" content=\"https:\/\/www.facebook.com\/dicodusport\" \/>\n<meta property=\"article:published_time\" content=\"2026-04-05T10:05:49+00:00\" \/>\n<meta property=\"article:modified_time\" content=\"2026-04-05T10:18:10+00:00\" \/>\n<meta property=\"og:image\" content=\"https:\/\/dicodusport.fr\/blog\/wp-content\/uploads\/2026\/04\/Thibault-Anselmet-et-Celia-Perillat-Pessey-terminent-la-saison-de-ski-alpinisme-par-un-podium-sur-le-relais-mixte-de-Villars-sur-Ollon.png\" \/>\n\t<meta property=\"og:image:width\" content=\"1200\" \/>\n\t<meta property=\"og:image:height\" content=\"674\" \/>\n\t<meta property=\"og:image:type\" content=\"image\/png\" \/>\n<meta name=\"author\" content=\"Maxime Cazenave\" \/>\n<meta name=\"twitter:card\" content=\"summary_large_image\" \/>\n<meta name=\"twitter:title\" content=\"Thibault Anselmet et C\u00e9lia Perillat-Pessey terminent la saison de ski alpinisme par un podium sur le relais mixte de Villars-sur-Ollon\" \/>\n<meta name=\"twitter:creator\" content=\"@https:\/\/twitter.com\/Maxime_Caze\" \/>\n<meta name=\"twitter:site\" content=\"@dicodusport\" \/>\n<script type=\"application\/ld+json\" class=\"yoast-schema-graph\">{\"@context\":\"https:\/\/schema.org\",\"@graph\":[{\"@type\":\"NewsArticle\",\"@id\":\"https:\/\/dicodusport.fr\/blog\/thibault-anselmet-et-celia-perillat-pessey-terminent-la-saison-de-ski-alpinisme-par-un-podium-sur-le-relais-mixte-de-villars-sur-ollon\/#article\",\"isPartOf\":{\"@id\":\"https:\/\/dicodusport.fr\/blog\/thibault-anselmet-et-celia-perillat-pessey-terminent-la-saison-de-ski-alpinisme-par-un-podium-sur-le-relais-mixte-de-villars-sur-ollon\/\"},\"author\":{\"name\":\"Maxime Cazenave\",\"@id\":\"https:\/\/dicodusport.fr\/blog\/#\/schema\/person\/37def232098a7a5cbab3974a3690abb0\"},\"headline\":\"Thibault Anselmet et C\u00e9lia Perillat-Pessey terminent la saison de ski alpinisme par un podium sur le relais mixte de Villars-sur-Ollon\",\"datePublished\":\"2026-04-05T10:05:49+00:00\",\"dateModified\":\"2026-04-05T10:18:10+00:00\",\"mainEntityOfPage\":{\"@id\":\"https:\/\/dicodusport.fr\/blog\/thibault-anselmet-et-celia-perillat-pessey-terminent-la-saison-de-ski-alpinisme-par-un-podium-sur-le-relais-mixte-de-villars-sur-ollon\/\"},\"wordCount\":461,\"commentCount\":0,\"publisher\":{\"@id\":\"https:\/\/dicodusport.fr\/blog\/#organization\"},\"image\":{\"@id\":\"https:\/\/dicodusport.fr\/blog\/thibault-anselmet-et-celia-perillat-pessey-terminent-la-saison-de-ski-alpinisme-par-un-podium-sur-le-relais-mixte-de-villars-sur-ollon\/#primaryimage\"},\"thumbnailUrl\":\"https:\/\/dicodusport.fr\/blog\/wp-content\/uploads\/2026\/04\/Thibault-Anselmet-et-Celia-Perillat-Pessey-terminent-la-saison-de-ski-alpinisme-par-un-podium-sur-le-relais-mixte-de-Villars-sur-Ollon.png\",\"keywords\":[\"br\u00e8ve\",\"C\u00e9lia Perillat-Pessey\",\"Coupe du monde ski alpinisme\",\"Thibault Anselmet\"],\"articleSection\":[\"Ski alpinisme\"],\"inLanguage\":\"fr-FR\",\"potentialAction\":[{\"@type\":\"CommentAction\",\"name\":\"Comment\",\"target\":[\"https:\/\/dicodusport.fr\/blog\/thibault-anselmet-et-celia-perillat-pessey-terminent-la-saison-de-ski-alpinisme-par-un-podium-sur-le-relais-mixte-de-villars-sur-ollon\/#respond\"]}],\"copyrightYear\":\"2026\",\"copyrightHolder\":{\"@id\":\"https:\/\/dicodusport.fr\/blog\/#organization\"}},{\"@type\":\"WebPage\",\"@id\":\"https:\/\/dicodusport.fr\/blog\/thibault-anselmet-et-celia-perillat-pessey-terminent-la-saison-de-ski-alpinisme-par-un-podium-sur-le-relais-mixte-de-villars-sur-ollon\/\",\"url\":\"https:\/\/dicodusport.fr\/blog\/thibault-anselmet-et-celia-perillat-pessey-terminent-la-saison-de-ski-alpinisme-par-un-podium-sur-le-relais-mixte-de-villars-sur-ollon\/\",\"name\":\"Thibault Anselmet et C\u00e9lia Perillat-Pessey terminent la saison de ski alpinisme par un podium sur le relais mixte de Villars-sur-Ollon\",\"isPartOf\":{\"@id\":\"https:\/\/dicodusport.fr\/blog\/#website\"},\"primaryImageOfPage\":{\"@id\":\"https:\/\/dicodusport.fr\/blog\/thibault-anselmet-et-celia-perillat-pessey-terminent-la-saison-de-ski-alpinisme-par-un-podium-sur-le-relais-mixte-de-villars-sur-ollon\/#primaryimage\"},\"image\":{\"@id\":\"https:\/\/dicodusport.fr\/blog\/thibault-anselmet-et-celia-perillat-pessey-terminent-la-saison-de-ski-alpinisme-par-un-podium-sur-le-relais-mixte-de-villars-sur-ollon\/#primaryimage\"},\"thumbnailUrl\":\"https:\/\/dicodusport.fr\/blog\/wp-content\/uploads\/2026\/04\/Thibault-Anselmet-et-Celia-Perillat-Pessey-terminent-la-saison-de-ski-alpinisme-par-un-podium-sur-le-relais-mixte-de-Villars-sur-Ollon.png\",\"datePublished\":\"2026-04-05T10:05:49+00:00\",\"dateModified\":\"2026-04-05T10:18:10+00:00\",\"description\":\"COUPE DU MONDE DE SKI ALPINISME 2025\/2026 - Le duo Thibault Anselmet - C\u00e9lia Perillat-Pessey s'est empar\u00e9 de la 3\u00e8me place lors du relais mixte de Villars-sur-Ollon (Suisse) ce dimanche.\",\"breadcrumb\":{\"@id\":\"https:\/\/dicodusport.fr\/blog\/thibault-anselmet-et-celia-perillat-pessey-terminent-la-saison-de-ski-alpinisme-par-un-podium-sur-le-relais-mixte-de-villars-sur-ollon\/#breadcrumb\"},\"inLanguage\":\"fr-FR\",\"potentialAction\":[{\"@type\":\"ReadAction\",\"target\":[\"https:\/\/dicodusport.fr\/blog\/thibault-anselmet-et-celia-perillat-pessey-terminent-la-saison-de-ski-alpinisme-par-un-podium-sur-le-relais-mixte-de-villars-sur-ollon\/\"]}]},{\"@type\":\"ImageObject\",\"inLanguage\":\"fr-FR\",\"@id\":\"https:\/\/dicodusport.fr\/blog\/thibault-anselmet-et-celia-perillat-pessey-terminent-la-saison-de-ski-alpinisme-par-un-podium-sur-le-relais-mixte-de-villars-sur-ollon\/#primaryimage\",\"url\":\"https:\/\/dicodusport.fr\/blog\/wp-content\/uploads\/2026\/04\/Thibault-Anselmet-et-Celia-Perillat-Pessey-terminent-la-saison-de-ski-alpinisme-par-un-podium-sur-le-relais-mixte-de-Villars-sur-Ollon.png\",\"contentUrl\":\"https:\/\/dicodusport.fr\/blog\/wp-content\/uploads\/2026\/04\/Thibault-Anselmet-et-Celia-Perillat-Pessey-terminent-la-saison-de-ski-alpinisme-par-un-podium-sur-le-relais-mixte-de-Villars-sur-Ollon.png\",\"width\":1200,\"height\":674,\"caption\":\"Thibault Anselmet et C\u00e9lia Perillat-Pessey terminent la saison de ski alpinisme par un podium sur le relais mixte de Villars-sur-Ollon\"},{\"@type\":\"BreadcrumbList\",\"@id\":\"https:\/\/dicodusport.fr\/blog\/thibault-anselmet-et-celia-perillat-pessey-terminent-la-saison-de-ski-alpinisme-par-un-podium-sur-le-relais-mixte-de-villars-sur-ollon\/#breadcrumb\",\"itemListElement\":[{\"@type\":\"ListItem\",\"position\":1,\"name\":\"Accueil\",\"item\":\"https:\/\/dicodusport.fr\/blog\/\"},{\"@type\":\"ListItem\",\"position\":2,\"name\":\"Thibault Anselmet et C\u00e9lia Perillat-Pessey terminent la saison de ski alpinisme par un podium sur le relais mixte de Villars-sur-Ollon\"}]},{\"@type\":\"WebSite\",\"@id\":\"https:\/\/dicodusport.fr\/blog\/#website\",\"url\":\"https:\/\/dicodusport.fr\/blog\/\",\"name\":\"Dicodusport\",\"description\":\"L&#039;encyclop\u00e9die de l&#039;actualit\u00e9 sportive\",\"publisher\":{\"@id\":\"https:\/\/dicodusport.fr\/blog\/#organization\"},\"potentialAction\":[{\"@type\":\"SearchAction\",\"target\":{\"@type\":\"EntryPoint\",\"urlTemplate\":\"https:\/\/dicodusport.fr\/blog\/?s={search_term_string}\"},\"query-input\":{\"@type\":\"PropertyValueSpecification\",\"valueRequired\":true,\"valueName\":\"search_term_string\"}}],\"inLanguage\":\"fr-FR\"},{\"@type\":\"NewsMediaOrganization\",\"@id\":\"https:\/\/dicodusport.fr\/blog\/#organization\",\"name\":\"Dicodusport\",\"url\":\"https:\/\/dicodusport.fr\/blog\/\",\"logo\":{\"@type\":\"ImageObject\",\"inLanguage\":\"fr-FR\",\"@id\":\"https:\/\/dicodusport.fr\/blog\/#\/schema\/logo\/image\/\",\"url\":\"https:\/\/dicodusport.fr\/blog\/wp-content\/uploads\/2020\/06\/cropped-LOGO-DICODUSPORT-2020-SANS-FOND-SANS-TEXTE.png\",\"contentUrl\":\"https:\/\/dicodusport.fr\/blog\/wp-content\/uploads\/2020\/06\/cropped-LOGO-DICODUSPORT-2020-SANS-FOND-SANS-TEXTE.png\",\"width\":512,\"height\":512,\"caption\":\"Dicodusport\"},\"image\":{\"@id\":\"https:\/\/dicodusport.fr\/blog\/#\/schema\/logo\/image\/\"},\"sameAs\":[\"https:\/\/www.facebook.com\/dicodusport\",\"https:\/\/x.com\/dicodusport\",\"https:\/\/www.instagram.com\/dicodusport\/\",\"https:\/\/www.youtube.com\/channel\/UC7V2KZ5sd3htJivAbA4ZG3w\"],\"description\":\"Dicodusport est l'encyclop\u00e9die de l'actualit\u00e9 sportive.\",\"email\":\"bonjour@dicodusport.fr\",\"legalName\":\"DICODUSPORT\",\"foundingDate\":\"2018-01-14\",\"vatID\":\"FR71834470973\",\"taxID\":\"83447097300043\",\"numberOfEmployees\":{\"@type\":\"QuantitativeValue\",\"minValue\":\"1\",\"maxValue\":\"10\"}},{\"@type\":\"Person\",\"@id\":\"https:\/\/dicodusport.fr\/blog\/#\/schema\/person\/37def232098a7a5cbab3974a3690abb0\",\"name\":\"Maxime Cazenave\",\"image\":{\"@type\":\"ImageObject\",\"inLanguage\":\"fr-FR\",\"@id\":\"https:\/\/dicodusport.fr\/blog\/#\/schema\/person\/image\/\",\"url\":\"https:\/\/dicodusport.fr\/blog\/wp-content\/uploads\/2021\/05\/Maxime-Cazenave-150x150.jpg\",\"contentUrl\":\"https:\/\/dicodusport.fr\/blog\/wp-content\/uploads\/2021\/05\/Maxime-Cazenave-150x150.jpg\",\"caption\":\"Maxime Cazenave\"},\"description\":\"Journaliste\/R\u00e9dacteur depuis 2012 - Berc\u00e9 par l\u2019amour des Girondins de Bordeaux, les \u00e9checs de Christophe Moreau sur le Tour de France sous l'\u00e8re Lance Armstrong et le fade-away l\u00e9tal de Dirk Nowitzki, ma passion d\u00e9vorante pour le sport a toujours \u00e9t\u00e9 un pan incontournable de ma vie. Transmettre ma passion \u00e0 l\u2019\u00e9crit a \u00e9t\u00e9 une transition naturelle. Suiveur assidu de basket et de hockey sur glace, je garde toujours un peu de place pour suivre le cyclisme, le football et le maximum de performances fran\u00e7aises.\",\"sameAs\":[\"https:\/\/x.com\/https:\/\/twitter.com\/Maxime_Caze\"],\"url\":\"https:\/\/dicodusport.fr\/blog\/author\/maximec\/\"}]}<\/script>\n<!-- \/ Yoast SEO Premium plugin. -->","yoast_head_json":{"title":"Thibault Anselmet et C\u00e9lia Perillat-Pessey terminent la saison de ski alpinisme par un podium sur le relais mixte de Villars-sur-Ollon","description":"COUPE DU MONDE DE SKI ALPINISME 2025\/2026 - Le duo Thibault Anselmet - C\u00e9lia Perillat-Pessey s'est empar\u00e9 de la 3\u00e8me place lors du relais mixte de Villars-sur-Ollon (Suisse) ce dimanche.","robots":{"index":"index","follow":"follow","max-snippet":"max-snippet:-1","max-image-preview":"max-image-preview:large","max-video-preview":"max-video-preview:-1"},"canonical":"https:\/\/dicodusport.fr\/blog\/thibault-anselmet-et-celia-perillat-pessey-terminent-la-saison-de-ski-alpinisme-par-un-podium-sur-le-relais-mixte-de-villars-sur-ollon\/","og_locale":"fr_FR","og_type":"article","og_title":"Thibault Anselmet et C\u00e9lia Perillat-Pessey terminent la saison de ski alpinisme par un podium sur le relais mixte de Villars-sur-Ollon","og_description":"COUPE DU MONDE DE SKI ALPINISME 2025\/2026 - Le duo Thibault Anselmet - C\u00e9lia Perillat-Pessey s'est empar\u00e9 de la 3\u00e8me place lors du relais mixte de Villars-sur-Ollon (Suisse) ce dimanche.","og_url":"https:\/\/dicodusport.fr\/blog\/thibault-anselmet-et-celia-perillat-pessey-terminent-la-saison-de-ski-alpinisme-par-un-podium-sur-le-relais-mixte-de-villars-sur-ollon\/","og_site_name":"Dicodusport","article_publisher":"https:\/\/www.facebook.com\/dicodusport","article_published_time":"2026-04-05T10:05:49+00:00","article_modified_time":"2026-04-05T10:18:10+00:00","og_image":[{"width":1200,"height":674,"url":"https:\/\/dicodusport.fr\/blog\/wp-content\/uploads\/2026\/04\/Thibault-Anselmet-et-Celia-Perillat-Pessey-terminent-la-saison-de-ski-alpinisme-par-un-podium-sur-le-relais-mixte-de-Villars-sur-Ollon.png","type":"image\/png"}],"author":"Maxime Cazenave","twitter_card":"summary_large_image","twitter_title":"Thibault Anselmet et C\u00e9lia Perillat-Pessey terminent la saison de ski alpinisme par un podium sur le relais mixte de Villars-sur-Ollon","twitter_creator":"@https:\/\/twitter.com\/Maxime_Caze","twitter_site":"@dicodusport","schema":{"@context":"https:\/\/schema.org","@graph":[{"@type":"NewsArticle","@id":"https:\/\/dicodusport.fr\/blog\/thibault-anselmet-et-celia-perillat-pessey-terminent-la-saison-de-ski-alpinisme-par-un-podium-sur-le-relais-mixte-de-villars-sur-ollon\/#article","isPartOf":{"@id":"https:\/\/dicodusport.fr\/blog\/thibault-anselmet-et-celia-perillat-pessey-terminent-la-saison-de-ski-alpinisme-par-un-podium-sur-le-relais-mixte-de-villars-sur-ollon\/"},"author":{"name":"Maxime Cazenave","@id":"https:\/\/dicodusport.fr\/blog\/#\/schema\/person\/37def232098a7a5cbab3974a3690abb0"},"headline":"Thibault Anselmet et C\u00e9lia Perillat-Pessey terminent la saison de ski alpinisme par un podium sur le relais mixte de Villars-sur-Ollon","datePublished":"2026-04-05T10:05:49+00:00","dateModified":"2026-04-05T10:18:10+00:00","mainEntityOfPage":{"@id":"https:\/\/dicodusport.fr\/blog\/thibault-anselmet-et-celia-perillat-pessey-terminent-la-saison-de-ski-alpinisme-par-un-podium-sur-le-relais-mixte-de-villars-sur-ollon\/"},"wordCount":461,"commentCount":0,"publisher":{"@id":"https:\/\/dicodusport.fr\/blog\/#organization"},"image":{"@id":"https:\/\/dicodusport.fr\/blog\/thibault-anselmet-et-celia-perillat-pessey-terminent-la-saison-de-ski-alpinisme-par-un-podium-sur-le-relais-mixte-de-villars-sur-ollon\/#primaryimage"},"thumbnailUrl":"https:\/\/dicodusport.fr\/blog\/wp-content\/uploads\/2026\/04\/Thibault-Anselmet-et-Celia-Perillat-Pessey-terminent-la-saison-de-ski-alpinisme-par-un-podium-sur-le-relais-mixte-de-Villars-sur-Ollon.png","keywords":["br\u00e8ve","C\u00e9lia Perillat-Pessey","Coupe du monde ski alpinisme","Thibault Anselmet"],"articleSection":["Ski alpinisme"],"inLanguage":"fr-FR","potentialAction":[{"@type":"CommentAction","name":"Comment","target":["https:\/\/dicodusport.fr\/blog\/thibault-anselmet-et-celia-perillat-pessey-terminent-la-saison-de-ski-alpinisme-par-un-podium-sur-le-relais-mixte-de-villars-sur-ollon\/#respond"]}],"copyrightYear":"2026","copyrightHolder":{"@id":"https:\/\/dicodusport.fr\/blog\/#organization"}},{"@type":"WebPage","@id":"https:\/\/dicodusport.fr\/blog\/thibault-anselmet-et-celia-perillat-pessey-terminent-la-saison-de-ski-alpinisme-par-un-podium-sur-le-relais-mixte-de-villars-sur-ollon\/","url":"https:\/\/dicodusport.fr\/blog\/thibault-anselmet-et-celia-perillat-pessey-terminent-la-saison-de-ski-alpinisme-par-un-podium-sur-le-relais-mixte-de-villars-sur-ollon\/","name":"Thibault Anselmet et C\u00e9lia Perillat-Pessey terminent la saison de ski alpinisme par un podium sur le relais mixte de Villars-sur-Ollon","isPartOf":{"@id":"https:\/\/dicodusport.fr\/blog\/#website"},"primaryImageOfPage":{"@id":"https:\/\/dicodusport.fr\/blog\/thibault-anselmet-et-celia-perillat-pessey-terminent-la-saison-de-ski-alpinisme-par-un-podium-sur-le-relais-mixte-de-villars-sur-ollon\/#primaryimage"},"image":{"@id":"https:\/\/dicodusport.fr\/blog\/thibault-anselmet-et-celia-perillat-pessey-terminent-la-saison-de-ski-alpinisme-par-un-podium-sur-le-relais-mixte-de-villars-sur-ollon\/#primaryimage"},"thumbnailUrl":"https:\/\/dicodusport.fr\/blog\/wp-content\/uploads\/2026\/04\/Thibault-Anselmet-et-Celia-Perillat-Pessey-terminent-la-saison-de-ski-alpinisme-par-un-podium-sur-le-relais-mixte-de-Villars-sur-Ollon.png","datePublished":"2026-04-05T10:05:49+00:00","dateModified":"2026-04-05T10:18:10+00:00","description":"COUPE DU MONDE DE SKI ALPINISME 2025\/2026 - Le duo Thibault Anselmet - C\u00e9lia Perillat-Pessey s'est empar\u00e9 de la 3\u00e8me place lors du relais mixte de Villars-sur-Ollon (Suisse) ce dimanche.","breadcrumb":{"@id":"https:\/\/dicodusport.fr\/blog\/thibault-anselmet-et-celia-perillat-pessey-terminent-la-saison-de-ski-alpinisme-par-un-podium-sur-le-relais-mixte-de-villars-sur-ollon\/#breadcrumb"},"inLanguage":"fr-FR","potentialAction":[{"@type":"ReadAction","target":["https:\/\/dicodusport.fr\/blog\/thibault-anselmet-et-celia-perillat-pessey-terminent-la-saison-de-ski-alpinisme-par-un-podium-sur-le-relais-mixte-de-villars-sur-ollon\/"]}]},{"@type":"ImageObject","inLanguage":"fr-FR","@id":"https:\/\/dicodusport.fr\/blog\/thibault-anselmet-et-celia-perillat-pessey-terminent-la-saison-de-ski-alpinisme-par-un-podium-sur-le-relais-mixte-de-villars-sur-ollon\/#primaryimage","url":"https:\/\/dicodusport.fr\/blog\/wp-content\/uploads\/2026\/04\/Thibault-Anselmet-et-Celia-Perillat-Pessey-terminent-la-saison-de-ski-alpinisme-par-un-podium-sur-le-relais-mixte-de-Villars-sur-Ollon.png","contentUrl":"https:\/\/dicodusport.fr\/blog\/wp-content\/uploads\/2026\/04\/Thibault-Anselmet-et-Celia-Perillat-Pessey-terminent-la-saison-de-ski-alpinisme-par-un-podium-sur-le-relais-mixte-de-Villars-sur-Ollon.png","width":1200,"height":674,"caption":"Thibault Anselmet et C\u00e9lia Perillat-Pessey terminent la saison de ski alpinisme par un podium sur le relais mixte de Villars-sur-Ollon"},{"@type":"BreadcrumbList","@id":"https:\/\/dicodusport.fr\/blog\/thibault-anselmet-et-celia-perillat-pessey-terminent-la-saison-de-ski-alpinisme-par-un-podium-sur-le-relais-mixte-de-villars-sur-ollon\/#breadcrumb","itemListElement":[{"@type":"ListItem","position":1,"name":"Accueil","item":"https:\/\/dicodusport.fr\/blog\/"},{"@type":"ListItem","position":2,"name":"Thibault Anselmet et C\u00e9lia Perillat-Pessey terminent la saison de ski alpinisme par un podium sur le relais mixte de Villars-sur-Ollon"}]},{"@type":"WebSite","@id":"https:\/\/dicodusport.fr\/blog\/#website","url":"https:\/\/dicodusport.fr\/blog\/","name":"Dicodusport","description":"L&#039;encyclop\u00e9die de l&#039;actualit\u00e9 sportive","publisher":{"@id":"https:\/\/dicodusport.fr\/blog\/#organization"},"potentialAction":[{"@type":"SearchAction","target":{"@type":"EntryPoint","urlTemplate":"https:\/\/dicodusport.fr\/blog\/?s={search_term_string}"},"query-input":{"@type":"PropertyValueSpecification","valueRequired":true,"valueName":"search_term_string"}}],"inLanguage":"fr-FR"},{"@type":"NewsMediaOrganization","@id":"https:\/\/dicodusport.fr\/blog\/#organization","name":"Dicodusport","url":"https:\/\/dicodusport.fr\/blog\/","logo":{"@type":"ImageObject","inLanguage":"fr-FR","@id":"https:\/\/dicodusport.fr\/blog\/#\/schema\/logo\/image\/","url":"https:\/\/dicodusport.fr\/blog\/wp-content\/uploads\/2020\/06\/cropped-LOGO-DICODUSPORT-2020-SANS-FOND-SANS-TEXTE.png","contentUrl":"https:\/\/dicodusport.fr\/blog\/wp-content\/uploads\/2020\/06\/cropped-LOGO-DICODUSPORT-2020-SANS-FOND-SANS-TEXTE.png","width":512,"height":512,"caption":"Dicodusport"},"image":{"@id":"https:\/\/dicodusport.fr\/blog\/#\/schema\/logo\/image\/"},"sameAs":["https:\/\/www.facebook.com\/dicodusport","https:\/\/x.com\/dicodusport","https:\/\/www.instagram.com\/dicodusport\/","https:\/\/www.youtube.com\/channel\/UC7V2KZ5sd3htJivAbA4ZG3w"],"description":"Dicodusport est l'encyclop\u00e9die de l'actualit\u00e9 sportive.","email":"bonjour@dicodusport.fr","legalName":"DICODUSPORT","foundingDate":"2018-01-14","vatID":"FR71834470973","taxID":"83447097300043","numberOfEmployees":{"@type":"QuantitativeValue","minValue":"1","maxValue":"10"}},{"@type":"Person","@id":"https:\/\/dicodusport.fr\/blog\/#\/schema\/person\/37def232098a7a5cbab3974a3690abb0","name":"Maxime Cazenave","image":{"@type":"ImageObject","inLanguage":"fr-FR","@id":"https:\/\/dicodusport.fr\/blog\/#\/schema\/person\/image\/","url":"https:\/\/dicodusport.fr\/blog\/wp-content\/uploads\/2021\/05\/Maxime-Cazenave-150x150.jpg","contentUrl":"https:\/\/dicodusport.fr\/blog\/wp-content\/uploads\/2021\/05\/Maxime-Cazenave-150x150.jpg","caption":"Maxime Cazenave"},"description":"Journaliste\/R\u00e9dacteur depuis 2012 - Berc\u00e9 par l\u2019amour des Girondins de Bordeaux, les \u00e9checs de Christophe Moreau sur le Tour de France sous l'\u00e8re Lance Armstrong et le fade-away l\u00e9tal de Dirk Nowitzki, ma passion d\u00e9vorante pour le sport a toujours \u00e9t\u00e9 un pan incontournable de ma vie. Transmettre ma passion \u00e0 l\u2019\u00e9crit a \u00e9t\u00e9 une transition naturelle. Suiveur assidu de basket et de hockey sur glace, je garde toujours un peu de place pour suivre le cyclisme, le football et le maximum de performances fran\u00e7aises.","sameAs":["https:\/\/x.com\/https:\/\/twitter.com\/Maxime_Caze"],"url":"https:\/\/dicodusport.fr\/blog\/author\/maximec\/"}]}},"_links":{"self":[{"href":"https:\/\/dicodusport.fr\/blog\/wp-json\/wp\/v2\/posts\/660511","targetHints":{"allow":["GET"]}}],"collection":[{"href":"https:\/\/dicodusport.fr\/blog\/wp-json\/wp\/v2\/posts"}],"about":[{"href":"https:\/\/dicodusport.fr\/blog\/wp-json\/wp\/v2\/types\/post"}],"author":[{"embeddable":true,"href":"https:\/\/dicodusport.fr\/blog\/wp-json\/wp\/v2\/users\/55"}],"replies":[{"embeddable":true,"href":"https:\/\/dicodusport.fr\/blog\/wp-json\/wp\/v2\/comments?post=660511"}],"version-history":[{"count":2,"href":"https:\/\/dicodusport.fr\/blog\/wp-json\/wp\/v2\/posts\/660511\/revisions"}],"predecessor-version":[{"id":660522,"href":"https:\/\/dicodusport.fr\/blog\/wp-json\/wp\/v2\/posts\/660511\/revisions\/660522"}],"wp:featuredmedia":[{"embeddable":true,"href":"https:\/\/dicodusport.fr\/blog\/wp-json\/wp\/v2\/media\/660513"}],"wp:attachment":[{"href":"https:\/\/dicodusport.fr\/blog\/wp-json\/wp\/v2\/media?parent=660511"}],"wp:term":[{"taxonomy":"category","embeddable":true,"href":"https:\/\/dicodusport.fr\/blog\/wp-json\/wp\/v2\/categories?post=660511"},{"taxonomy":"post_tag","embeddable":true,"href":"https:\/\/dicodusport.fr\/blog\/wp-json\/wp\/v2\/tags?post=660511"}],"curies":[{"name":"wp","href":"https:\/\/api.w.org\/{rel}","templated":true}]}}