{"id":660572,"date":"2026-04-05T17:55:03","date_gmt":"2026-04-05T15:55:03","guid":{"rendered":"https:\/\/dicodusport.fr\/blog\/?p=660572&#038;preview=true&#038;preview_id=660572"},"modified":"2026-04-05T19:15:53","modified_gmt":"2026-04-05T17:15:53","slug":"demi-vollering-soffre-enfin-le-tour-des-flandres-pauline-ferrand-prevot-sur-le-podium","status":"publish","type":"post","link":"https:\/\/dicodusport.fr\/blog\/demi-vollering-soffre-enfin-le-tour-des-flandres-pauline-ferrand-prevot-sur-le-podium\/","title":{"rendered":"Demi Vollering s&rsquo;offre enfin le Tour des Flandres, Pauline Ferrand-Pr\u00e9vot sur le podium !"},"content":{"rendered":"<p style=\"text-align: justify;\"><strong><em>TOUR DES FLANDRES FEMMES 2026 &#8211; Demi Vollering (FDJ United-SUEZ) s&rsquo;impose en solitaire triomphant enfin dans l&rsquo;\u00e9preuve. Pauline Ferrand-Pr\u00e9vot termine deuxi\u00e8me.<\/em><\/strong><\/p>\n<ul>\n<li><strong>\u00c0 ce sujet &#8211; <a href=\"https:\/\/dicodusport.fr\/blog\/actualites\/cyclisme\/\">L&rsquo;actualit\u00e9 du cyclisme<\/a><\/strong><\/li>\n<\/ul>\n<p style=\"text-align: justify;\">La sixi\u00e8me tentative fut la bonne. La N\u00e9erlandaise <strong>Demi Vollering<\/strong>, maillot de championne d&rsquo;Europe sur le dos, ajoute enfin son nom au palmar\u00e8s du Tour des Flandres. Le Vieux Quaremont fut son affaire, \u00e0 une vingtaine de kilom\u00e8tres de l&rsquo;arriv\u00e9e. Personne n&rsquo;a r\u00e9sist\u00e9 au d\u00e9marrage de la coureuse de la FDJ United-SUEZ, qui a termin\u00e9 le travail en solitaire. Elle ajoute une course qui lui manquait \u00e0 son palmar\u00e8s, un Monument qui plus est. Et avec la mani\u00e8re, sans contestation possible.<\/p>\n<blockquote class=\"twitter-tweet\">\n<p dir=\"ltr\" lang=\"fr\">\ud83d\udeb4\u200d\u2640\ufe0f <a href=\"https:\/\/twitter.com\/hashtag\/RVV26?src=hash&amp;ref_src=twsrc%5Etfw\">#RVV26<\/a> | \ud83c\uddf3\ud83c\uddf1 DEMI VOLLERING REMPORTE LE TOUR DES FLANDRES ! La championne d&rsquo;Europe s&rsquo;impose devant Pauline Ferrand-Pr\u00e9vot et Puck Pieterse.<\/p>\n<p>\ud83d\udcfa Suivez le direct sur notre cha\u00eene sport : <a href=\"https:\/\/t.co\/2YyyGIAfdo\">https:\/\/t.co\/2YyyGIAfdo<\/a> <a href=\"https:\/\/t.co\/65aUZElXBr\">pic.twitter.com\/65aUZElXBr<\/a><\/p>\n<p>\u2014 francetvsport (@francetvsport) <a href=\"https:\/\/twitter.com\/francetvsport\/status\/2040819981248528735?ref_src=twsrc%5Etfw\">April 5, 2026<\/a><\/p><\/blockquote>\n<p><script async src=\"https:\/\/platform.twitter.com\/widgets.js\" charset=\"utf-8\"><\/script><\/p>\n<h2 style=\"text-align: justify;\">Chass\u00e9s-crois\u00e9s \u00e0 l\u2019avant avant les bergs<\/h2>\n<p style=\"text-align: justify;\">Tout d&rsquo;abord, on a assist\u00e9 \u00e0 la formation de deux groupes de quatre qui se sont donn\u00e9 la r\u00e9plique pendant toute la premi\u00e8re partie de ce Tour des Flandres. Le premier quatuor comprenait <strong>Anastasiya Kolesava<\/strong> (CANYON\/\/SRAM zondakrypto), <strong>Teuntje Beekhuis<\/strong> (Uno-X Mobility), <strong>Allison Mrugal<\/strong> (Mayenne Monbana My Pie) et <strong>Sophie von Berswordt<\/strong> (VolkerWessels Cycling Team).<\/p>\n<p style=\"text-align: justify;\">En poursuite, on retrouvait <strong>Iurani Blanco<\/strong> (Human Powered Health), <strong>Ilken Seynave<\/strong> (Lotto Intermarch\u00e9 Ladies), <strong>Caroline Wreszin<\/strong> (St Michel &#8211; Pr\u00e9f\u00e9rence Home &#8211; Auber93) et <strong>Yonna van Dam<\/strong> (Citymesh &#8211; Customm Pro Cycling Team). Le peloton a vite laiss\u00e9 filer et l&rsquo;avance maximale a flirt\u00e9 avec les quatre minutes.<\/p>\n<p style=\"text-align: justify;\">Ensuite, les plus fortes se sont progressivement extirp\u00e9es \u00e0 la faveur des premiers monts et c&rsquo;est la Bi\u00e9lorusse <strong>Kolesava<\/strong> qui a \u00e9t\u00e9 la derni\u00e8re r\u00e9sistante. Derri\u00e8re, le peloton ne l&rsquo;entendait \u00e9videmment pas de cette oreille et a rapidement contr\u00f4l\u00e9 les aventureuses de la premi\u00e8re heure.<\/p>\n<ul>\n<li style=\"text-align: justify;\"><strong>\u00c0 ce sujet &#8211; <a href=\"https:\/\/dicodusport.fr\/blog\/tour-des-flandres-femmes-2026-classement-et-resultats-de-la-course\/\">Tour des Flandres Femmes 2026 : Classement et r\u00e9sultats de la course<\/a><\/strong><\/li>\n<\/ul>\n<h2 style=\"text-align: justify;\">Reusser, Le Court et Wiebes \u00e9limin\u00e9es sur chute<\/h2>\n<p style=\"text-align: justify;\">La poursuite a logiquement amen\u00e9 pas mal de nervosit\u00e9 \u00e0 l&rsquo;arri\u00e8re, notamment dans la guerre de placement. Ainsi, <strong>Marlen Reusser<\/strong> (Movistar) a mis pied \u00e0 terre apr\u00e8s avoir touch\u00e9 deux fois le bitume. Prises dans la m\u00eame chute violente, <strong>Victoire Berteau<\/strong> (Cofidis Women Team) et surtout <strong>Kimberley Le Court<\/strong> (AG Insurance &#8211; Soudal Team) l&rsquo;ont imit\u00e9e. Un peu plus loin, la sprinteuse <strong>Lorena Wiebes<\/strong> (Team SD Worx &#8211; Protime) a \u00e9galement pris une grosse gamelle, peu apr\u00e8s le Koppenberg \u00e0 50 km de l&rsquo;arriv\u00e9e.<\/p>\n<p style=\"text-align: justify;\">L&rsquo;\u00e9cr\u00e9mage se faisait petit \u00e0 petit sous l&rsquo;impulsion de la FDJ United &#8211; SUEZ, omnipr\u00e9sente \u00e0 l&rsquo;avant de la course et reprenant les derni\u00e8res \u00e9chapp\u00e9es. Le Koppenberg a r\u00e9duit le groupe des favorites comme peau de chagrin pour ne plus compter qu&rsquo;une quinzaine d&rsquo;unit\u00e9s \u00e0 l&rsquo;approche du Vieux Kruisberg.<\/p>\n<h2 style=\"text-align: justify;\">La FDJ United &#8211; SUEZ a crev\u00e9 l&rsquo;\u00e9cran<\/h2>\n<p style=\"text-align: justify;\">Trop forte, l&rsquo;\u00e9quipe fran\u00e7aise, qui avait amen\u00e9 une \u00e9quipe de r\u00eave, a fait la s\u00e9lection. \u00c0 leur tour, <strong>Amber Kraak<\/strong>, <strong>Franziska Koch<\/strong> et une \u00e9norme <strong>C\u00e9lia G\u00e9ry<\/strong> ont fait le travail \u00e0 l&rsquo;approche de l&rsquo;encha\u00eenement mythique Vieux Quaremont \/ Paterberg.<\/p>\n<p style=\"text-align: justify;\">C&rsquo;est dans le premier de ces deux bergs que <strong>Demi Vollering<\/strong> a assomm\u00e9 la concurrence et r\u00e9compens\u00e9 le travail de ses \u00e9quipi\u00e8res tout au long de la journ\u00e9e. Elle a d\u00e9croch\u00e9 de sa roue ses deux derni\u00e8res rivales, <strong>Pauline Ferrand-Pr\u00e9vot<\/strong> (Team Visma-Lease a Bike) et sa compatriote <strong>Puck Pieterse<\/strong> (F\u00e9nix &#8211; Premier Tech).<\/p>\n<p style=\"text-align: justify;\">Derri\u00e8re la tr\u00e8s revancharde Demi, en v\u00e9ritable mission aujourd&rsquo;hui, le duo de poursuivantes ne s&rsquo;\u00e9croulait pas et parvenait \u00e0 se jouer les places sur le podium, avec la Fran\u00e7aise qui prenait le dessus sur la N\u00e9erlandaise. Une nouvelle deuxi\u00e8me place cons\u00e9cutive pour <strong>Pauline Ferrand-Pr\u00e9vot<\/strong> sur l&rsquo;\u00e9preuve, mais une deuxi\u00e8me place sans aucun regret tant il n&rsquo;y avait rien \u00e0 faire aujourd&rsquo;hui.<\/p>\n<p>&nbsp;<\/p>\n<div id=\"gtx-trans\" style=\"position: absolute; left: -14px; top: 40.9091px;\">\n<div class=\"gtx-trans-icon\"><\/div>\n<\/div>\n","protected":false},"excerpt":{"rendered":"<p>Demi Vollering (FDJ United-SUEZ) s&rsquo;impose en solitaire sur le Tour des Flandres femmes, triomphant enfin dans l&rsquo;\u00e9preuve. Pauline Ferrand-Pr\u00e9vot termine deuxi\u00e8me.<\/p>\n","protected":false},"author":92,"featured_media":660647,"comment_status":"open","ping_status":"closed","sticky":false,"template":"","format":"standard","meta":{"_acf_changed":false,"_daextam_enable_autolinks":"1","footnotes":""},"categories":[46994],"tags":[16878,574,11197,24,4325],"class_list":["post-660572","post","type-post","status-publish","format-standard","has-post-thumbnail","hentry","category-cyclisme-sur-route","tag-breve","tag-cyclisme","tag-cyclisme-sur-route","tag-sport","tag-tour-des-flandres"],"acf":[],"yoast_head":"<!-- This site is optimized with the Yoast SEO Premium plugin v26.7 (Yoast SEO v26.7) - https:\/\/yoast.com\/wordpress\/plugins\/seo\/ -->\n<title>Demi Vollering s&#039;offre enfin le Tour des Flandres, Pauline Ferrand-Pr\u00e9vot sur le podium !<\/title>\n<meta name=\"description\" content=\"TOUR DES FLANDRES FEMMES 2026 - Demi Vollering (FDJ United-SUEZ) s&#039;impose en solitaire triomphant enfin dans l&#039;\u00e9preuve.\" \/>\n<meta name=\"robots\" content=\"index, follow, max-snippet:-1, max-image-preview:large, max-video-preview:-1\" \/>\n<link rel=\"canonical\" href=\"https:\/\/dicodusport.fr\/blog\/demi-vollering-soffre-enfin-le-tour-des-flandres-pauline-ferrand-prevot-sur-le-podium\/\" \/>\n<meta property=\"og:locale\" content=\"fr_FR\" \/>\n<meta property=\"og:type\" content=\"article\" \/>\n<meta property=\"og:title\" content=\"Demi Vollering s&#039;offre enfin le Tour des Flandres, Pauline Ferrand-Pr\u00e9vot sur le podium !\" \/>\n<meta property=\"og:description\" content=\"TOUR DES FLANDRES FEMMES 2026 - Demi Vollering (FDJ United-SUEZ) s&#039;impose en solitaire triomphant enfin dans l&#039;\u00e9preuve.\" \/>\n<meta property=\"og:url\" content=\"https:\/\/dicodusport.fr\/blog\/demi-vollering-soffre-enfin-le-tour-des-flandres-pauline-ferrand-prevot-sur-le-podium\/\" \/>\n<meta property=\"og:site_name\" content=\"Dicodusport\" \/>\n<meta property=\"article:publisher\" content=\"https:\/\/www.facebook.com\/dicodusport\" \/>\n<meta property=\"article:published_time\" content=\"2026-04-05T15:55:03+00:00\" \/>\n<meta property=\"article:modified_time\" content=\"2026-04-05T17:15:53+00:00\" \/>\n<meta property=\"og:image\" content=\"https:\/\/dicodusport.fr\/blog\/wp-content\/uploads\/2026\/04\/Demi-Vollering-soffre-enfin-le-Tour-des-Flandres-Pauline-Ferrand-Prevot-sur-le-podium-1.png\" \/>\n\t<meta property=\"og:image:width\" content=\"1200\" \/>\n\t<meta property=\"og:image:height\" content=\"674\" \/>\n\t<meta property=\"og:image:type\" content=\"image\/png\" \/>\n<meta name=\"author\" content=\"Olivier Dobiezynski\" \/>\n<meta name=\"twitter:card\" content=\"summary_large_image\" \/>\n<meta name=\"twitter:title\" content=\"Demi Vollering s&#039;offre enfin le Tour des Flandres, Pauline Ferrand-Pr\u00e9vot sur le podium !\" \/>\n<meta name=\"twitter:creator\" content=\"@https:\/\/x.com\/Olivier_Matros\" \/>\n<meta name=\"twitter:site\" content=\"@dicodusport\" \/>\n<script type=\"application\/ld+json\" class=\"yoast-schema-graph\">{\"@context\":\"https:\/\/schema.org\",\"@graph\":[{\"@type\":\"NewsArticle\",\"@id\":\"https:\/\/dicodusport.fr\/blog\/demi-vollering-soffre-enfin-le-tour-des-flandres-pauline-ferrand-prevot-sur-le-podium\/#article\",\"isPartOf\":{\"@id\":\"https:\/\/dicodusport.fr\/blog\/demi-vollering-soffre-enfin-le-tour-des-flandres-pauline-ferrand-prevot-sur-le-podium\/\"},\"author\":{\"name\":\"Olivier Dobiezynski\",\"@id\":\"https:\/\/dicodusport.fr\/blog\/#\/schema\/person\/fe500246414ca17ddf0c0312d7a792cc\"},\"headline\":\"Demi Vollering s&rsquo;offre enfin le Tour des Flandres, Pauline Ferrand-Pr\u00e9vot sur le podium !\",\"datePublished\":\"2026-04-05T15:55:03+00:00\",\"dateModified\":\"2026-04-05T17:15:53+00:00\",\"mainEntityOfPage\":{\"@id\":\"https:\/\/dicodusport.fr\/blog\/demi-vollering-soffre-enfin-le-tour-des-flandres-pauline-ferrand-prevot-sur-le-podium\/\"},\"wordCount\":706,\"commentCount\":0,\"publisher\":{\"@id\":\"https:\/\/dicodusport.fr\/blog\/#organization\"},\"image\":{\"@id\":\"https:\/\/dicodusport.fr\/blog\/demi-vollering-soffre-enfin-le-tour-des-flandres-pauline-ferrand-prevot-sur-le-podium\/#primaryimage\"},\"thumbnailUrl\":\"https:\/\/dicodusport.fr\/blog\/wp-content\/uploads\/2026\/04\/Demi-Vollering-soffre-enfin-le-Tour-des-Flandres-Pauline-Ferrand-Prevot-sur-le-podium-1.png\",\"keywords\":[\"br\u00e8ve\",\"Cyclisme\",\"Cyclisme sur route\",\"sport\",\"Tour des Flandres\"],\"articleSection\":[\"Cyclisme sur route\"],\"inLanguage\":\"fr-FR\",\"potentialAction\":[{\"@type\":\"CommentAction\",\"name\":\"Comment\",\"target\":[\"https:\/\/dicodusport.fr\/blog\/demi-vollering-soffre-enfin-le-tour-des-flandres-pauline-ferrand-prevot-sur-le-podium\/#respond\"]}],\"copyrightYear\":\"2026\",\"copyrightHolder\":{\"@id\":\"https:\/\/dicodusport.fr\/blog\/#organization\"}},{\"@type\":\"WebPage\",\"@id\":\"https:\/\/dicodusport.fr\/blog\/demi-vollering-soffre-enfin-le-tour-des-flandres-pauline-ferrand-prevot-sur-le-podium\/\",\"url\":\"https:\/\/dicodusport.fr\/blog\/demi-vollering-soffre-enfin-le-tour-des-flandres-pauline-ferrand-prevot-sur-le-podium\/\",\"name\":\"Demi Vollering s'offre enfin le Tour des Flandres, Pauline Ferrand-Pr\u00e9vot sur le podium !\",\"isPartOf\":{\"@id\":\"https:\/\/dicodusport.fr\/blog\/#website\"},\"primaryImageOfPage\":{\"@id\":\"https:\/\/dicodusport.fr\/blog\/demi-vollering-soffre-enfin-le-tour-des-flandres-pauline-ferrand-prevot-sur-le-podium\/#primaryimage\"},\"image\":{\"@id\":\"https:\/\/dicodusport.fr\/blog\/demi-vollering-soffre-enfin-le-tour-des-flandres-pauline-ferrand-prevot-sur-le-podium\/#primaryimage\"},\"thumbnailUrl\":\"https:\/\/dicodusport.fr\/blog\/wp-content\/uploads\/2026\/04\/Demi-Vollering-soffre-enfin-le-Tour-des-Flandres-Pauline-Ferrand-Prevot-sur-le-podium-1.png\",\"datePublished\":\"2026-04-05T15:55:03+00:00\",\"dateModified\":\"2026-04-05T17:15:53+00:00\",\"description\":\"TOUR DES FLANDRES FEMMES 2026 - Demi Vollering (FDJ United-SUEZ) s'impose en solitaire triomphant enfin dans l'\u00e9preuve.\",\"breadcrumb\":{\"@id\":\"https:\/\/dicodusport.fr\/blog\/demi-vollering-soffre-enfin-le-tour-des-flandres-pauline-ferrand-prevot-sur-le-podium\/#breadcrumb\"},\"inLanguage\":\"fr-FR\",\"potentialAction\":[{\"@type\":\"ReadAction\",\"target\":[\"https:\/\/dicodusport.fr\/blog\/demi-vollering-soffre-enfin-le-tour-des-flandres-pauline-ferrand-prevot-sur-le-podium\/\"]}]},{\"@type\":\"ImageObject\",\"inLanguage\":\"fr-FR\",\"@id\":\"https:\/\/dicodusport.fr\/blog\/demi-vollering-soffre-enfin-le-tour-des-flandres-pauline-ferrand-prevot-sur-le-podium\/#primaryimage\",\"url\":\"https:\/\/dicodusport.fr\/blog\/wp-content\/uploads\/2026\/04\/Demi-Vollering-soffre-enfin-le-Tour-des-Flandres-Pauline-Ferrand-Prevot-sur-le-podium-1.png\",\"contentUrl\":\"https:\/\/dicodusport.fr\/blog\/wp-content\/uploads\/2026\/04\/Demi-Vollering-soffre-enfin-le-Tour-des-Flandres-Pauline-Ferrand-Prevot-sur-le-podium-1.png\",\"width\":1200,\"height\":674,\"caption\":\"Demi Vollering s'offre enfin le Tour des Flandres, Pauline Ferrand-Pr\u00e9vot sur le podium ! (1)\"},{\"@type\":\"BreadcrumbList\",\"@id\":\"https:\/\/dicodusport.fr\/blog\/demi-vollering-soffre-enfin-le-tour-des-flandres-pauline-ferrand-prevot-sur-le-podium\/#breadcrumb\",\"itemListElement\":[{\"@type\":\"ListItem\",\"position\":1,\"name\":\"Accueil\",\"item\":\"https:\/\/dicodusport.fr\/blog\/\"},{\"@type\":\"ListItem\",\"position\":2,\"name\":\"Demi Vollering s&rsquo;offre enfin le Tour des Flandres, Pauline Ferrand-Pr\u00e9vot sur le podium !\"}]},{\"@type\":\"WebSite\",\"@id\":\"https:\/\/dicodusport.fr\/blog\/#website\",\"url\":\"https:\/\/dicodusport.fr\/blog\/\",\"name\":\"Dicodusport\",\"description\":\"L&#039;encyclop\u00e9die de l&#039;actualit\u00e9 sportive\",\"publisher\":{\"@id\":\"https:\/\/dicodusport.fr\/blog\/#organization\"},\"potentialAction\":[{\"@type\":\"SearchAction\",\"target\":{\"@type\":\"EntryPoint\",\"urlTemplate\":\"https:\/\/dicodusport.fr\/blog\/?s={search_term_string}\"},\"query-input\":{\"@type\":\"PropertyValueSpecification\",\"valueRequired\":true,\"valueName\":\"search_term_string\"}}],\"inLanguage\":\"fr-FR\"},{\"@type\":\"NewsMediaOrganization\",\"@id\":\"https:\/\/dicodusport.fr\/blog\/#organization\",\"name\":\"Dicodusport\",\"url\":\"https:\/\/dicodusport.fr\/blog\/\",\"logo\":{\"@type\":\"ImageObject\",\"inLanguage\":\"fr-FR\",\"@id\":\"https:\/\/dicodusport.fr\/blog\/#\/schema\/logo\/image\/\",\"url\":\"https:\/\/dicodusport.fr\/blog\/wp-content\/uploads\/2020\/06\/cropped-LOGO-DICODUSPORT-2020-SANS-FOND-SANS-TEXTE.png\",\"contentUrl\":\"https:\/\/dicodusport.fr\/blog\/wp-content\/uploads\/2020\/06\/cropped-LOGO-DICODUSPORT-2020-SANS-FOND-SANS-TEXTE.png\",\"width\":512,\"height\":512,\"caption\":\"Dicodusport\"},\"image\":{\"@id\":\"https:\/\/dicodusport.fr\/blog\/#\/schema\/logo\/image\/\"},\"sameAs\":[\"https:\/\/www.facebook.com\/dicodusport\",\"https:\/\/x.com\/dicodusport\",\"https:\/\/www.instagram.com\/dicodusport\/\",\"https:\/\/www.youtube.com\/channel\/UC7V2KZ5sd3htJivAbA4ZG3w\"],\"description\":\"Dicodusport est l'encyclop\u00e9die de l'actualit\u00e9 sportive.\",\"email\":\"bonjour@dicodusport.fr\",\"legalName\":\"DICODUSPORT\",\"foundingDate\":\"2018-01-14\",\"vatID\":\"FR71834470973\",\"taxID\":\"83447097300043\",\"numberOfEmployees\":{\"@type\":\"QuantitativeValue\",\"minValue\":\"1\",\"maxValue\":\"10\"}},{\"@type\":\"Person\",\"@id\":\"https:\/\/dicodusport.fr\/blog\/#\/schema\/person\/fe500246414ca17ddf0c0312d7a792cc\",\"name\":\"Olivier Dobiezynski\",\"image\":{\"@type\":\"ImageObject\",\"inLanguage\":\"fr-FR\",\"@id\":\"https:\/\/dicodusport.fr\/blog\/#\/schema\/person\/image\/\",\"url\":\"https:\/\/dicodusport.fr\/blog\/wp-content\/uploads\/2024\/09\/5be8fe8d-9962-4f1e-ad06-d6f9dee30e6d-150x150.jpg\",\"contentUrl\":\"https:\/\/dicodusport.fr\/blog\/wp-content\/uploads\/2024\/09\/5be8fe8d-9962-4f1e-ad06-d6f9dee30e6d-150x150.jpg\",\"caption\":\"Olivier Dobiezynski\"},\"description\":\"Depuis le milieu des ann\u00e9es 90, la passion du cyclisme m'anime. Mes h\u00e9ros s'appellent Luc Leblanc, Piotr Ugrumov, Paolo Savoldelli, Peter Sagan et bien \u00e9videmment Romain Bardet. R\u00e9dacteur depuis 2023, je suis ici pour partager cet amour de la Petite Reine. Vous pourrez me lire \u00e9galement sur du trail, du ski de fond et tout autre sujet susceptible d'\u00e9veiller ma curiosit\u00e9 sportive.\",\"sameAs\":[\"https:\/\/x.com\/https:\/\/x.com\/Olivier_Matros\"],\"url\":\"https:\/\/dicodusport.fr\/blog\/author\/olivier-gh\/\"}]}<\/script>\n<!-- \/ Yoast SEO Premium plugin. -->","yoast_head_json":{"title":"Demi Vollering s'offre enfin le Tour des Flandres, Pauline Ferrand-Pr\u00e9vot sur le podium !","description":"TOUR DES FLANDRES FEMMES 2026 - Demi Vollering (FDJ United-SUEZ) s'impose en solitaire triomphant enfin dans l'\u00e9preuve.","robots":{"index":"index","follow":"follow","max-snippet":"max-snippet:-1","max-image-preview":"max-image-preview:large","max-video-preview":"max-video-preview:-1"},"canonical":"https:\/\/dicodusport.fr\/blog\/demi-vollering-soffre-enfin-le-tour-des-flandres-pauline-ferrand-prevot-sur-le-podium\/","og_locale":"fr_FR","og_type":"article","og_title":"Demi Vollering s'offre enfin le Tour des Flandres, Pauline Ferrand-Pr\u00e9vot sur le podium !","og_description":"TOUR DES FLANDRES FEMMES 2026 - Demi Vollering (FDJ United-SUEZ) s'impose en solitaire triomphant enfin dans l'\u00e9preuve.","og_url":"https:\/\/dicodusport.fr\/blog\/demi-vollering-soffre-enfin-le-tour-des-flandres-pauline-ferrand-prevot-sur-le-podium\/","og_site_name":"Dicodusport","article_publisher":"https:\/\/www.facebook.com\/dicodusport","article_published_time":"2026-04-05T15:55:03+00:00","article_modified_time":"2026-04-05T17:15:53+00:00","og_image":[{"width":1200,"height":674,"url":"https:\/\/dicodusport.fr\/blog\/wp-content\/uploads\/2026\/04\/Demi-Vollering-soffre-enfin-le-Tour-des-Flandres-Pauline-Ferrand-Prevot-sur-le-podium-1.png","type":"image\/png"}],"author":"Olivier Dobiezynski","twitter_card":"summary_large_image","twitter_title":"Demi Vollering s'offre enfin le Tour des Flandres, Pauline Ferrand-Pr\u00e9vot sur le podium !","twitter_creator":"@https:\/\/x.com\/Olivier_Matros","twitter_site":"@dicodusport","schema":{"@context":"https:\/\/schema.org","@graph":[{"@type":"NewsArticle","@id":"https:\/\/dicodusport.fr\/blog\/demi-vollering-soffre-enfin-le-tour-des-flandres-pauline-ferrand-prevot-sur-le-podium\/#article","isPartOf":{"@id":"https:\/\/dicodusport.fr\/blog\/demi-vollering-soffre-enfin-le-tour-des-flandres-pauline-ferrand-prevot-sur-le-podium\/"},"author":{"name":"Olivier Dobiezynski","@id":"https:\/\/dicodusport.fr\/blog\/#\/schema\/person\/fe500246414ca17ddf0c0312d7a792cc"},"headline":"Demi Vollering s&rsquo;offre enfin le Tour des Flandres, Pauline Ferrand-Pr\u00e9vot sur le podium !","datePublished":"2026-04-05T15:55:03+00:00","dateModified":"2026-04-05T17:15:53+00:00","mainEntityOfPage":{"@id":"https:\/\/dicodusport.fr\/blog\/demi-vollering-soffre-enfin-le-tour-des-flandres-pauline-ferrand-prevot-sur-le-podium\/"},"wordCount":706,"commentCount":0,"publisher":{"@id":"https:\/\/dicodusport.fr\/blog\/#organization"},"image":{"@id":"https:\/\/dicodusport.fr\/blog\/demi-vollering-soffre-enfin-le-tour-des-flandres-pauline-ferrand-prevot-sur-le-podium\/#primaryimage"},"thumbnailUrl":"https:\/\/dicodusport.fr\/blog\/wp-content\/uploads\/2026\/04\/Demi-Vollering-soffre-enfin-le-Tour-des-Flandres-Pauline-Ferrand-Prevot-sur-le-podium-1.png","keywords":["br\u00e8ve","Cyclisme","Cyclisme sur route","sport","Tour des Flandres"],"articleSection":["Cyclisme sur route"],"inLanguage":"fr-FR","potentialAction":[{"@type":"CommentAction","name":"Comment","target":["https:\/\/dicodusport.fr\/blog\/demi-vollering-soffre-enfin-le-tour-des-flandres-pauline-ferrand-prevot-sur-le-podium\/#respond"]}],"copyrightYear":"2026","copyrightHolder":{"@id":"https:\/\/dicodusport.fr\/blog\/#organization"}},{"@type":"WebPage","@id":"https:\/\/dicodusport.fr\/blog\/demi-vollering-soffre-enfin-le-tour-des-flandres-pauline-ferrand-prevot-sur-le-podium\/","url":"https:\/\/dicodusport.fr\/blog\/demi-vollering-soffre-enfin-le-tour-des-flandres-pauline-ferrand-prevot-sur-le-podium\/","name":"Demi Vollering s'offre enfin le Tour des Flandres, Pauline Ferrand-Pr\u00e9vot sur le podium !","isPartOf":{"@id":"https:\/\/dicodusport.fr\/blog\/#website"},"primaryImageOfPage":{"@id":"https:\/\/dicodusport.fr\/blog\/demi-vollering-soffre-enfin-le-tour-des-flandres-pauline-ferrand-prevot-sur-le-podium\/#primaryimage"},"image":{"@id":"https:\/\/dicodusport.fr\/blog\/demi-vollering-soffre-enfin-le-tour-des-flandres-pauline-ferrand-prevot-sur-le-podium\/#primaryimage"},"thumbnailUrl":"https:\/\/dicodusport.fr\/blog\/wp-content\/uploads\/2026\/04\/Demi-Vollering-soffre-enfin-le-Tour-des-Flandres-Pauline-Ferrand-Prevot-sur-le-podium-1.png","datePublished":"2026-04-05T15:55:03+00:00","dateModified":"2026-04-05T17:15:53+00:00","description":"TOUR DES FLANDRES FEMMES 2026 - Demi Vollering (FDJ United-SUEZ) s'impose en solitaire triomphant enfin dans l'\u00e9preuve.","breadcrumb":{"@id":"https:\/\/dicodusport.fr\/blog\/demi-vollering-soffre-enfin-le-tour-des-flandres-pauline-ferrand-prevot-sur-le-podium\/#breadcrumb"},"inLanguage":"fr-FR","potentialAction":[{"@type":"ReadAction","target":["https:\/\/dicodusport.fr\/blog\/demi-vollering-soffre-enfin-le-tour-des-flandres-pauline-ferrand-prevot-sur-le-podium\/"]}]},{"@type":"ImageObject","inLanguage":"fr-FR","@id":"https:\/\/dicodusport.fr\/blog\/demi-vollering-soffre-enfin-le-tour-des-flandres-pauline-ferrand-prevot-sur-le-podium\/#primaryimage","url":"https:\/\/dicodusport.fr\/blog\/wp-content\/uploads\/2026\/04\/Demi-Vollering-soffre-enfin-le-Tour-des-Flandres-Pauline-Ferrand-Prevot-sur-le-podium-1.png","contentUrl":"https:\/\/dicodusport.fr\/blog\/wp-content\/uploads\/2026\/04\/Demi-Vollering-soffre-enfin-le-Tour-des-Flandres-Pauline-Ferrand-Prevot-sur-le-podium-1.png","width":1200,"height":674,"caption":"Demi Vollering s'offre enfin le Tour des Flandres, Pauline Ferrand-Pr\u00e9vot sur le podium ! (1)"},{"@type":"BreadcrumbList","@id":"https:\/\/dicodusport.fr\/blog\/demi-vollering-soffre-enfin-le-tour-des-flandres-pauline-ferrand-prevot-sur-le-podium\/#breadcrumb","itemListElement":[{"@type":"ListItem","position":1,"name":"Accueil","item":"https:\/\/dicodusport.fr\/blog\/"},{"@type":"ListItem","position":2,"name":"Demi Vollering s&rsquo;offre enfin le Tour des Flandres, Pauline Ferrand-Pr\u00e9vot sur le podium !"}]},{"@type":"WebSite","@id":"https:\/\/dicodusport.fr\/blog\/#website","url":"https:\/\/dicodusport.fr\/blog\/","name":"Dicodusport","description":"L&#039;encyclop\u00e9die de l&#039;actualit\u00e9 sportive","publisher":{"@id":"https:\/\/dicodusport.fr\/blog\/#organization"},"potentialAction":[{"@type":"SearchAction","target":{"@type":"EntryPoint","urlTemplate":"https:\/\/dicodusport.fr\/blog\/?s={search_term_string}"},"query-input":{"@type":"PropertyValueSpecification","valueRequired":true,"valueName":"search_term_string"}}],"inLanguage":"fr-FR"},{"@type":"NewsMediaOrganization","@id":"https:\/\/dicodusport.fr\/blog\/#organization","name":"Dicodusport","url":"https:\/\/dicodusport.fr\/blog\/","logo":{"@type":"ImageObject","inLanguage":"fr-FR","@id":"https:\/\/dicodusport.fr\/blog\/#\/schema\/logo\/image\/","url":"https:\/\/dicodusport.fr\/blog\/wp-content\/uploads\/2020\/06\/cropped-LOGO-DICODUSPORT-2020-SANS-FOND-SANS-TEXTE.png","contentUrl":"https:\/\/dicodusport.fr\/blog\/wp-content\/uploads\/2020\/06\/cropped-LOGO-DICODUSPORT-2020-SANS-FOND-SANS-TEXTE.png","width":512,"height":512,"caption":"Dicodusport"},"image":{"@id":"https:\/\/dicodusport.fr\/blog\/#\/schema\/logo\/image\/"},"sameAs":["https:\/\/www.facebook.com\/dicodusport","https:\/\/x.com\/dicodusport","https:\/\/www.instagram.com\/dicodusport\/","https:\/\/www.youtube.com\/channel\/UC7V2KZ5sd3htJivAbA4ZG3w"],"description":"Dicodusport est l'encyclop\u00e9die de l'actualit\u00e9 sportive.","email":"bonjour@dicodusport.fr","legalName":"DICODUSPORT","foundingDate":"2018-01-14","vatID":"FR71834470973","taxID":"83447097300043","numberOfEmployees":{"@type":"QuantitativeValue","minValue":"1","maxValue":"10"}},{"@type":"Person","@id":"https:\/\/dicodusport.fr\/blog\/#\/schema\/person\/fe500246414ca17ddf0c0312d7a792cc","name":"Olivier Dobiezynski","image":{"@type":"ImageObject","inLanguage":"fr-FR","@id":"https:\/\/dicodusport.fr\/blog\/#\/schema\/person\/image\/","url":"https:\/\/dicodusport.fr\/blog\/wp-content\/uploads\/2024\/09\/5be8fe8d-9962-4f1e-ad06-d6f9dee30e6d-150x150.jpg","contentUrl":"https:\/\/dicodusport.fr\/blog\/wp-content\/uploads\/2024\/09\/5be8fe8d-9962-4f1e-ad06-d6f9dee30e6d-150x150.jpg","caption":"Olivier Dobiezynski"},"description":"Depuis le milieu des ann\u00e9es 90, la passion du cyclisme m'anime. Mes h\u00e9ros s'appellent Luc Leblanc, Piotr Ugrumov, Paolo Savoldelli, Peter Sagan et bien \u00e9videmment Romain Bardet. R\u00e9dacteur depuis 2023, je suis ici pour partager cet amour de la Petite Reine. Vous pourrez me lire \u00e9galement sur du trail, du ski de fond et tout autre sujet susceptible d'\u00e9veiller ma curiosit\u00e9 sportive.","sameAs":["https:\/\/x.com\/https:\/\/x.com\/Olivier_Matros"],"url":"https:\/\/dicodusport.fr\/blog\/author\/olivier-gh\/"}]}},"_links":{"self":[{"href":"https:\/\/dicodusport.fr\/blog\/wp-json\/wp\/v2\/posts\/660572","targetHints":{"allow":["GET"]}}],"collection":[{"href":"https:\/\/dicodusport.fr\/blog\/wp-json\/wp\/v2\/posts"}],"about":[{"href":"https:\/\/dicodusport.fr\/blog\/wp-json\/wp\/v2\/types\/post"}],"author":[{"embeddable":true,"href":"https:\/\/dicodusport.fr\/blog\/wp-json\/wp\/v2\/users\/92"}],"replies":[{"embeddable":true,"href":"https:\/\/dicodusport.fr\/blog\/wp-json\/wp\/v2\/comments?post=660572"}],"version-history":[{"count":6,"href":"https:\/\/dicodusport.fr\/blog\/wp-json\/wp\/v2\/posts\/660572\/revisions"}],"predecessor-version":[{"id":660648,"href":"https:\/\/dicodusport.fr\/blog\/wp-json\/wp\/v2\/posts\/660572\/revisions\/660648"}],"wp:featuredmedia":[{"embeddable":true,"href":"https:\/\/dicodusport.fr\/blog\/wp-json\/wp\/v2\/media\/660647"}],"wp:attachment":[{"href":"https:\/\/dicodusport.fr\/blog\/wp-json\/wp\/v2\/media?parent=660572"}],"wp:term":[{"taxonomy":"category","embeddable":true,"href":"https:\/\/dicodusport.fr\/blog\/wp-json\/wp\/v2\/categories?post=660572"},{"taxonomy":"post_tag","embeddable":true,"href":"https:\/\/dicodusport.fr\/blog\/wp-json\/wp\/v2\/tags?post=660572"}],"curies":[{"name":"wp","href":"https:\/\/api.w.org\/{rel}","templated":true}]}}