{"id":660688,"date":"2026-04-06T08:00:54","date_gmt":"2026-04-06T06:00:54","guid":{"rendered":"https:\/\/dicodusport.fr\/blog\/?p=660688&#038;preview=true&#038;preview_id=660688"},"modified":"2026-04-06T08:42:53","modified_gmt":"2026-04-06T06:42:53","slug":"indesirable-a-pau-aymeric-luc-pourrait-rebondir-chez-un-cador-de-pro-d2","status":"publish","type":"post","link":"https:\/\/dicodusport.fr\/blog\/indesirable-a-pau-aymeric-luc-pourrait-rebondir-chez-un-cador-de-pro-d2\/","title":{"rendered":"Ind\u00e9sirable \u00e0 Pau, Aymeric Luc pourrait rebondir chez un cador de Pro D2"},"content":{"rendered":"<p style=\"text-align: justify;\"><strong><em>La situation d\u2019<strong>Aymeric Luc<\/strong> devrait animer le mercato rugby ces prochains jours. L\u2019arri\u00e8re de la <strong>Section Paloise<\/strong>, confront\u00e9 \u00e0 une forte concurrence \u00e0 Pau, int\u00e9resse notamment le <strong>CA Brive<\/strong>.<\/em><\/strong><\/p>\n<p style=\"text-align: justify;\">Alors que les effectifs pour la saison 2026-2027 prennent progressivement forme, le nom de <strong>Aymeric Luc<\/strong> commence \u00e0 circuler sur le march\u00e9 des transferts. En fin de contrat avec la <a href=\"https:\/\/dicodusport.fr\/blog\/transferts-section-paloise-2026-arrivees-departs-et-prolongations\/\"><strong>Section Paloise<\/strong><\/a> et non conserv\u00e9 par le club b\u00e9arnais, l\u2019arri\u00e8re-ailier de 28 ans suscite d\u00e9j\u00e0 l\u2019int\u00e9r\u00eat de plusieurs formations et va animer les discussions dans les semaines \u00e0 venir.<\/p>\n<div class=\"vlp-link-container vlp-layout-article\"><a href=\"https:\/\/dicodusport.fr\/blog\/quel-avenir-pour-aymeric-luc-le-joueur-de-pau-dans-le-flou-total\/\" class=\"vlp-link\" title=\"Quel avenir pour Aymeric Luc ? Le joueur de Pau dans le flou total\"><\/a><div class=\"vlp-layout-zone-side\"><div class=\"vlp-block-4 vlp-link-image\"><img loading=\"lazy\" decoding=\"async\" style=\"max-width: 792px;\" width=\"792\" height=\"445\" src=\"https:\/\/dicodusport.fr\/blog\/wp-content\/uploads\/2025\/12\/Quel-avenir-pour-Aymeric-Luc-Le-joueur-de-Pau-dans-le-flou-total.png\" class=\"attachment-800x445 size-800x445\" alt=\"\" srcset=\"https:\/\/dicodusport.fr\/blog\/wp-content\/uploads\/2025\/12\/Quel-avenir-pour-Aymeric-Luc-Le-joueur-de-Pau-dans-le-flou-total.png 1200w, https:\/\/dicodusport.fr\/blog\/wp-content\/uploads\/2025\/12\/Quel-avenir-pour-Aymeric-Luc-Le-joueur-de-Pau-dans-le-flou-total-300x169.png 300w, https:\/\/dicodusport.fr\/blog\/wp-content\/uploads\/2025\/12\/Quel-avenir-pour-Aymeric-Luc-Le-joueur-de-Pau-dans-le-flou-total-1024x575.png 1024w, https:\/\/dicodusport.fr\/blog\/wp-content\/uploads\/2025\/12\/Quel-avenir-pour-Aymeric-Luc-Le-joueur-de-Pau-dans-le-flou-total-768x431.png 768w\" sizes=\"auto, (max-width: 792px) 100vw, 792px\" \/><\/div><\/div><div class=\"vlp-layout-zone-main\"><div class=\"vlp-block-0 vlp-link-title\">Quel avenir pour Aymeric Luc ? Le joueur de Pau dans le flou total<\/div><div class=\"vlp-block-1 vlp-link-summary\">Selon le Midi Olympique, Aymeric Luc ne sera pas conserv\u00e9 par la Section Paloise et cherche donc un nouveau projet.<\/div><div class=\"vlp-block-2 vlp-link-button\">Lire l'article<\/div><div class=\"vlp-block-3 vlp-link-url\">dicodusport.fr<\/div><\/div><\/div>\n<h2 style=\"text-align: justify;\">Brive attentif \u00e0 la situation d\u2019Aymeric Luc<\/h2>\n<p style=\"text-align: justify;\">Parmi les clubs attentifs \u00e0 sa situation figure le <strong>CA Brive<\/strong>. Actuellement engag\u00e9 dans la lutte pour le top 6 de <strong>Pro D2 <\/strong>(<a href=\"https:\/\/dicodusport.fr\/blog\/classement-actualise-pro-d2-saison-2025-2026\/\">5\u00e8me au classement, 69 points<\/a>), le club corr\u00e9zien pr\u00e9pare d\u00e9j\u00e0 son effectif pour la saison prochaine et explore plusieurs pistes pour renforcer ses lignes arri\u00e8re.<\/p>\n<p style=\"text-align: justify;\">Selon le <em>Midi Olympique<\/em>, <strong>Aymeric Luc<\/strong> appara\u00eet comme un profil \u00e9tudi\u00e9 par les d\u00e9cideurs brivistes. Le joueur poss\u00e8de une exp\u00e9rience solide au plus haut niveau. Pass\u00e9 par <strong>Bayonne<\/strong> entre 2019 et 2021, il avait ensuite rejoint le <a href=\"https:\/\/dicodusport.fr\/blog\/tag\/rc-toulon\/\"><strong>RC Toulon<\/strong><\/a>, o\u00f9 il est rest\u00e9 trois saisons avant de s\u2019engager avec Pau en 2024. Son avenir va d\u00e9sormais s\u2019\u00e9crire loin du B\u00e9arn.<\/p>\n<h2 style=\"text-align: justify;\">Une forte concurrence \u00e0 Pau<\/h2>\n<p style=\"text-align: justify;\">\u00c0 la <strong>Section Paloise<\/strong>, la concurrence s\u2019est consid\u00e9rablement renforc\u00e9e dans le triangle arri\u00e8re. Plusieurs joueurs se partagent r\u00e9guli\u00e8rement les postes, notamment <strong>Grandidier<\/strong>, <strong>Attissogbe<\/strong>, <a href=\"https:\/\/dicodusport.fr\/blog\/qui-est-gregoire-arfeuil-le-jeune-ailier-qui-bouscule-la-hierarchie-a-la-section-paloise\/\"><strong>Arfeuil<\/strong><\/a> et <strong>Maddocks<\/strong>, rendant les places particuli\u00e8rement disput\u00e9es dans l\u2019effectif b\u00e9arnais.<\/p>\n<p style=\"text-align: justify;\">Dans ce contexte, <strong>Aymeric Luc<\/strong> a \u00e9t\u00e9 utilis\u00e9 de mani\u00e8re plus intermittente cette saison. L\u2019international fran\u00e7ais a tout de m\u00eame \u00e9t\u00e9 titularis\u00e9 \u00e0 sept reprises en <strong>Top 14<\/strong>, tout en s\u2019inscrivant dans la rotation mise en place par le staff palois.<\/p>\n<div class=\"vlp-link-container vlp-layout-article\"><a href=\"https:\/\/dicodusport.fr\/blog\/pau-loupe-le-quart-en-challenge-cup-apres-sa-defaite-sur-le-pelouse-du-zebre-parme\/\" class=\"vlp-link\" title=\"Pau loupe le quart en Challenge Cup apr\u00e8s sa d\u00e9faite sur la pelouse du Zebre Parme\"><\/a><div class=\"vlp-layout-zone-side\"><div class=\"vlp-block-4 vlp-link-image\"><img loading=\"lazy\" decoding=\"async\" style=\"max-width: 792px;\" width=\"792\" height=\"445\" src=\"https:\/\/dicodusport.fr\/blog\/wp-content\/uploads\/2026\/04\/Pau-loupe-le-quart-en-Challenge-Cup-apres-sa-defaite-sur-le-pelouse-du-Zebre-Parme.png\" class=\"attachment-800x445 size-800x445\" alt=\"Pau loupe le quart en Challenge Cup apr\u00e8s sa d\u00e9faite sur le pelouse du Zebre Parme\" srcset=\"https:\/\/dicodusport.fr\/blog\/wp-content\/uploads\/2026\/04\/Pau-loupe-le-quart-en-Challenge-Cup-apres-sa-defaite-sur-le-pelouse-du-Zebre-Parme.png 1200w, https:\/\/dicodusport.fr\/blog\/wp-content\/uploads\/2026\/04\/Pau-loupe-le-quart-en-Challenge-Cup-apres-sa-defaite-sur-le-pelouse-du-Zebre-Parme-300x169.png 300w, https:\/\/dicodusport.fr\/blog\/wp-content\/uploads\/2026\/04\/Pau-loupe-le-quart-en-Challenge-Cup-apres-sa-defaite-sur-le-pelouse-du-Zebre-Parme-1024x575.png 1024w, https:\/\/dicodusport.fr\/blog\/wp-content\/uploads\/2026\/04\/Pau-loupe-le-quart-en-Challenge-Cup-apres-sa-defaite-sur-le-pelouse-du-Zebre-Parme-768x431.png 768w\" sizes=\"auto, (max-width: 792px) 100vw, 792px\" \/><\/div><\/div><div class=\"vlp-layout-zone-main\"><div class=\"vlp-block-0 vlp-link-title\">Pau loupe le quart en Challenge Cup apr\u00e8s sa d\u00e9faite sur la pelouse du Zebre Parme<\/div><div class=\"vlp-block-1 vlp-link-summary\">C'est termin\u00e9 pour Pau en Challenge Cup, battu sur la pelouse du Zebre Parme (31-15).<\/div><div class=\"vlp-block-2 vlp-link-button\">Lire l'article<\/div><div class=\"vlp-block-3 vlp-link-url\">dicodusport.fr<\/div><\/div><\/div>\n<h2 style=\"text-align: justify;\">Un avenir encore \u00e0 \u00e9crire<\/h2>\n<p style=\"text-align: justify;\">Du c\u00f4t\u00e9 de <strong>Brive<\/strong>, la r\u00e9flexion autour du recrutement se poursuit afin de b\u00e2tir un groupe comp\u00e9titif pour l\u2019exercice \u00e0 venir. L\u2019exp\u00e9rience et la polyvalence d\u2019<strong>Aymeric Luc<\/strong> pourraient correspondre aux attentes du club corr\u00e9zien, qui souhaite renforcer la profondeur de ses lignes arri\u00e8re.<\/p>\n<p style=\"text-align: justify;\">Pour l\u2019heure, aucune d\u00e9cision n\u2019a encore \u00e9t\u00e9 officialis\u00e9e, <a href=\"https:\/\/dicodusport.fr\/blog\/asm-clermont-irae-simone-dans-le-viseur-dune-grosse-ecurie-de-pro-d2\/\">le CAB ayant aussi le polyvalent n\u00e9o-z\u00e9landais <strong>Irae Simone<\/strong> (Clermont) dans le viseur<\/a>. Mais \u00e0 l\u2019approche de l\u2019intersaison, la situation de l\u2019ancien joueur de <strong>Bayonne<\/strong> et de <strong>Toulon<\/strong> pourrait \u00e9voluer rapidement. Son nom devrait continuer d\u2019alimenter les discussions dans les prochaines semaines sur le march\u00e9 des transferts.<\/p>\n<div id=\"gtx-trans\" style=\"position: absolute; left: -14px; top: 40.9091px;\">\n<div class=\"gtx-trans-icon\"><\/div>\n<\/div>\n","protected":false},"excerpt":{"rendered":"<p>La situation d\u2019Aymeric Luc devrait animer le mercato rugby ces prochains jours. L\u2019arri\u00e8re de la Section Paloise, confront\u00e9 \u00e0 une forte concurrence \u00e0 Pau, int\u00e9resse notamment le CA Brive.<\/p>\n","protected":false},"author":4,"featured_media":660696,"comment_status":"open","ping_status":"closed","sticky":false,"template":"","format":"standard","meta":{"_acf_changed":false,"_daextam_enable_autolinks":"1","footnotes":""},"categories":[47052],"tags":[47343,16878,1092,29105],"class_list":["post-660688","post","type-post","status-publish","format-standard","has-post-thumbnail","hentry","category-pro-d2","tag-aymeric-luc","tag-breve","tag-section-paloise","tag-transferts-rugby"],"acf":[],"yoast_head":"<!-- This site is optimized with the Yoast SEO Premium plugin v26.7 (Yoast SEO v26.7) - https:\/\/yoast.com\/wordpress\/plugins\/seo\/ -->\n<title>Ind\u00e9sirable \u00e0 Pau, Aymeric Luc pourrait rebondir chez un cador de Pro D2<\/title>\n<meta name=\"description\" content=\"La situation d\u2019Aymeric Luc devrait animer le mercato rugby ces prochains jours. L\u2019arri\u00e8re de la Section Paloise, confront\u00e9 \u00e0 une forte concurrence \u00e0 Pau, int\u00e9resse notamment le CA Brive.\" \/>\n<meta name=\"robots\" content=\"index, follow, max-snippet:-1, max-image-preview:large, max-video-preview:-1\" \/>\n<link rel=\"canonical\" href=\"https:\/\/dicodusport.fr\/blog\/indesirable-a-pau-aymeric-luc-pourrait-rebondir-chez-un-cador-de-pro-d2\/\" \/>\n<meta property=\"og:locale\" content=\"fr_FR\" \/>\n<meta property=\"og:type\" content=\"article\" \/>\n<meta property=\"og:title\" content=\"Ind\u00e9sirable \u00e0 Pau, Aymeric Luc pourrait rebondir chez un cador de Pro D2\" \/>\n<meta property=\"og:description\" content=\"La situation d\u2019Aymeric Luc devrait animer le mercato rugby ces prochains jours. L\u2019arri\u00e8re de la Section Paloise, confront\u00e9 \u00e0 une forte concurrence \u00e0 Pau, int\u00e9resse notamment le CA Brive.\" \/>\n<meta property=\"og:url\" content=\"https:\/\/dicodusport.fr\/blog\/indesirable-a-pau-aymeric-luc-pourrait-rebondir-chez-un-cador-de-pro-d2\/\" \/>\n<meta property=\"og:site_name\" content=\"Dicodusport\" \/>\n<meta property=\"article:publisher\" content=\"https:\/\/www.facebook.com\/dicodusport\" \/>\n<meta property=\"article:author\" content=\"https:\/\/www.facebook.com\/florent.ostermann\" \/>\n<meta property=\"article:published_time\" content=\"2026-04-06T06:00:54+00:00\" \/>\n<meta property=\"article:modified_time\" content=\"2026-04-06T06:42:53+00:00\" \/>\n<meta property=\"og:image\" content=\"https:\/\/dicodusport.fr\/blog\/wp-content\/uploads\/2026\/04\/Indesirable-a-Pau-Aymeric-Luc-pourrait-rebondir-chez-un-cador-de-Pro-D2.png\" \/>\n\t<meta property=\"og:image:width\" content=\"1200\" \/>\n\t<meta property=\"og:image:height\" content=\"674\" \/>\n\t<meta property=\"og:image:type\" content=\"image\/png\" \/>\n<meta name=\"author\" content=\"Flo Ostermann\" \/>\n<meta name=\"twitter:card\" content=\"summary_large_image\" \/>\n<meta name=\"twitter:title\" content=\"Ind\u00e9sirable \u00e0 Pau, Aymeric Luc pourrait rebondir chez un cador de Pro D2\" \/>\n<meta name=\"twitter:creator\" content=\"@https:\/\/twitter.com\/FlOstermann\" \/>\n<meta name=\"twitter:site\" content=\"@dicodusport\" \/>\n<script type=\"application\/ld+json\" class=\"yoast-schema-graph\">{\"@context\":\"https:\/\/schema.org\",\"@graph\":[{\"@type\":\"NewsArticle\",\"@id\":\"https:\/\/dicodusport.fr\/blog\/indesirable-a-pau-aymeric-luc-pourrait-rebondir-chez-un-cador-de-pro-d2\/#article\",\"isPartOf\":{\"@id\":\"https:\/\/dicodusport.fr\/blog\/indesirable-a-pau-aymeric-luc-pourrait-rebondir-chez-un-cador-de-pro-d2\/\"},\"author\":{\"name\":\"Flo Ostermann\",\"@id\":\"https:\/\/dicodusport.fr\/blog\/#\/schema\/person\/cb02af4c173ce4a653b55e9baf388d4a\"},\"headline\":\"Ind\u00e9sirable \u00e0 Pau, Aymeric Luc pourrait rebondir chez un cador de Pro D2\",\"datePublished\":\"2026-04-06T06:00:54+00:00\",\"dateModified\":\"2026-04-06T06:42:53+00:00\",\"mainEntityOfPage\":{\"@id\":\"https:\/\/dicodusport.fr\/blog\/indesirable-a-pau-aymeric-luc-pourrait-rebondir-chez-un-cador-de-pro-d2\/\"},\"wordCount\":591,\"commentCount\":1,\"publisher\":{\"@id\":\"https:\/\/dicodusport.fr\/blog\/#organization\"},\"image\":{\"@id\":\"https:\/\/dicodusport.fr\/blog\/indesirable-a-pau-aymeric-luc-pourrait-rebondir-chez-un-cador-de-pro-d2\/#primaryimage\"},\"thumbnailUrl\":\"https:\/\/dicodusport.fr\/blog\/wp-content\/uploads\/2026\/04\/Indesirable-a-Pau-Aymeric-Luc-pourrait-rebondir-chez-un-cador-de-Pro-D2.png\",\"keywords\":[\"Aymeric Luc\",\"br\u00e8ve\",\"section paloise\",\"Transferts rugby\"],\"articleSection\":[\"Pro D2\"],\"inLanguage\":\"fr-FR\",\"potentialAction\":[{\"@type\":\"CommentAction\",\"name\":\"Comment\",\"target\":[\"https:\/\/dicodusport.fr\/blog\/indesirable-a-pau-aymeric-luc-pourrait-rebondir-chez-un-cador-de-pro-d2\/#respond\"]}],\"copyrightYear\":\"2026\",\"copyrightHolder\":{\"@id\":\"https:\/\/dicodusport.fr\/blog\/#organization\"}},{\"@type\":\"WebPage\",\"@id\":\"https:\/\/dicodusport.fr\/blog\/indesirable-a-pau-aymeric-luc-pourrait-rebondir-chez-un-cador-de-pro-d2\/\",\"url\":\"https:\/\/dicodusport.fr\/blog\/indesirable-a-pau-aymeric-luc-pourrait-rebondir-chez-un-cador-de-pro-d2\/\",\"name\":\"Ind\u00e9sirable \u00e0 Pau, Aymeric Luc pourrait rebondir chez un cador de Pro D2\",\"isPartOf\":{\"@id\":\"https:\/\/dicodusport.fr\/blog\/#website\"},\"primaryImageOfPage\":{\"@id\":\"https:\/\/dicodusport.fr\/blog\/indesirable-a-pau-aymeric-luc-pourrait-rebondir-chez-un-cador-de-pro-d2\/#primaryimage\"},\"image\":{\"@id\":\"https:\/\/dicodusport.fr\/blog\/indesirable-a-pau-aymeric-luc-pourrait-rebondir-chez-un-cador-de-pro-d2\/#primaryimage\"},\"thumbnailUrl\":\"https:\/\/dicodusport.fr\/blog\/wp-content\/uploads\/2026\/04\/Indesirable-a-Pau-Aymeric-Luc-pourrait-rebondir-chez-un-cador-de-Pro-D2.png\",\"datePublished\":\"2026-04-06T06:00:54+00:00\",\"dateModified\":\"2026-04-06T06:42:53+00:00\",\"description\":\"La situation d\u2019Aymeric Luc devrait animer le mercato rugby ces prochains jours. L\u2019arri\u00e8re de la Section Paloise, confront\u00e9 \u00e0 une forte concurrence \u00e0 Pau, int\u00e9resse notamment le CA Brive.\",\"breadcrumb\":{\"@id\":\"https:\/\/dicodusport.fr\/blog\/indesirable-a-pau-aymeric-luc-pourrait-rebondir-chez-un-cador-de-pro-d2\/#breadcrumb\"},\"inLanguage\":\"fr-FR\",\"potentialAction\":[{\"@type\":\"ReadAction\",\"target\":[\"https:\/\/dicodusport.fr\/blog\/indesirable-a-pau-aymeric-luc-pourrait-rebondir-chez-un-cador-de-pro-d2\/\"]}]},{\"@type\":\"ImageObject\",\"inLanguage\":\"fr-FR\",\"@id\":\"https:\/\/dicodusport.fr\/blog\/indesirable-a-pau-aymeric-luc-pourrait-rebondir-chez-un-cador-de-pro-d2\/#primaryimage\",\"url\":\"https:\/\/dicodusport.fr\/blog\/wp-content\/uploads\/2026\/04\/Indesirable-a-Pau-Aymeric-Luc-pourrait-rebondir-chez-un-cador-de-Pro-D2.png\",\"contentUrl\":\"https:\/\/dicodusport.fr\/blog\/wp-content\/uploads\/2026\/04\/Indesirable-a-Pau-Aymeric-Luc-pourrait-rebondir-chez-un-cador-de-Pro-D2.png\",\"width\":1200,\"height\":674,\"caption\":\"Ind\u00e9sirable \u00e0 Pau, Aymeric Luc pourrait rebondir chez un cador de Pro D2\"},{\"@type\":\"BreadcrumbList\",\"@id\":\"https:\/\/dicodusport.fr\/blog\/indesirable-a-pau-aymeric-luc-pourrait-rebondir-chez-un-cador-de-pro-d2\/#breadcrumb\",\"itemListElement\":[{\"@type\":\"ListItem\",\"position\":1,\"name\":\"Accueil\",\"item\":\"https:\/\/dicodusport.fr\/blog\/\"},{\"@type\":\"ListItem\",\"position\":2,\"name\":\"Ind\u00e9sirable \u00e0 Pau, Aymeric Luc pourrait rebondir chez un cador de Pro D2\"}]},{\"@type\":\"WebSite\",\"@id\":\"https:\/\/dicodusport.fr\/blog\/#website\",\"url\":\"https:\/\/dicodusport.fr\/blog\/\",\"name\":\"Dicodusport\",\"description\":\"L&#039;encyclop\u00e9die de l&#039;actualit\u00e9 sportive\",\"publisher\":{\"@id\":\"https:\/\/dicodusport.fr\/blog\/#organization\"},\"potentialAction\":[{\"@type\":\"SearchAction\",\"target\":{\"@type\":\"EntryPoint\",\"urlTemplate\":\"https:\/\/dicodusport.fr\/blog\/?s={search_term_string}\"},\"query-input\":{\"@type\":\"PropertyValueSpecification\",\"valueRequired\":true,\"valueName\":\"search_term_string\"}}],\"inLanguage\":\"fr-FR\"},{\"@type\":\"NewsMediaOrganization\",\"@id\":\"https:\/\/dicodusport.fr\/blog\/#organization\",\"name\":\"Dicodusport\",\"url\":\"https:\/\/dicodusport.fr\/blog\/\",\"logo\":{\"@type\":\"ImageObject\",\"inLanguage\":\"fr-FR\",\"@id\":\"https:\/\/dicodusport.fr\/blog\/#\/schema\/logo\/image\/\",\"url\":\"https:\/\/dicodusport.fr\/blog\/wp-content\/uploads\/2020\/06\/cropped-LOGO-DICODUSPORT-2020-SANS-FOND-SANS-TEXTE.png\",\"contentUrl\":\"https:\/\/dicodusport.fr\/blog\/wp-content\/uploads\/2020\/06\/cropped-LOGO-DICODUSPORT-2020-SANS-FOND-SANS-TEXTE.png\",\"width\":512,\"height\":512,\"caption\":\"Dicodusport\"},\"image\":{\"@id\":\"https:\/\/dicodusport.fr\/blog\/#\/schema\/logo\/image\/\"},\"sameAs\":[\"https:\/\/www.facebook.com\/dicodusport\",\"https:\/\/x.com\/dicodusport\",\"https:\/\/www.instagram.com\/dicodusport\/\",\"https:\/\/www.youtube.com\/channel\/UC7V2KZ5sd3htJivAbA4ZG3w\"],\"description\":\"Dicodusport est l'encyclop\u00e9die de l'actualit\u00e9 sportive.\",\"email\":\"bonjour@dicodusport.fr\",\"legalName\":\"DICODUSPORT\",\"foundingDate\":\"2018-01-14\",\"vatID\":\"FR71834470973\",\"taxID\":\"83447097300043\",\"numberOfEmployees\":{\"@type\":\"QuantitativeValue\",\"minValue\":\"1\",\"maxValue\":\"10\"}},{\"@type\":\"Person\",\"@id\":\"https:\/\/dicodusport.fr\/blog\/#\/schema\/person\/cb02af4c173ce4a653b55e9baf388d4a\",\"name\":\"Flo Ostermann\",\"image\":{\"@type\":\"ImageObject\",\"inLanguage\":\"fr-FR\",\"@id\":\"https:\/\/dicodusport.fr\/blog\/#\/schema\/person\/image\/\",\"url\":\"https:\/\/dicodusport.fr\/blog\/wp-content\/uploads\/2021\/05\/Flo-Ostermann-150x150.jpg\",\"contentUrl\":\"https:\/\/dicodusport.fr\/blog\/wp-content\/uploads\/2021\/05\/Flo-Ostermann-150x150.jpg\",\"caption\":\"Flo Ostermann\"},\"description\":\"Journaliste\/R\u00e9dacteur depuis septembre 2015 - Mes premiers souvenirs dans le sport ? Les envol\u00e9es du Stade Toulousain et les duels Villeneuve-Schumacher et H\u00e4kkinen-Schumacher \u00e0 la fin des ann\u00e9es 90, la Coupe du monde de football en 1998, l\u2019exploit du XV de France face aux All Blacks en 1999, mais aussi Richard C\u0153ur de Lion qui vole sur les montagnes du Tour de France. Bien parti pour devenir professeur d\u2019EPS, les \u00e9v\u00e9nements de la vie (et la flemme d\u2019animer des s\u00e9ances de 3x500 m\u00e8tres toute ma vie) m\u2019ont conduit \u00e0 revoir mes plans. Me voil\u00e0 depuis fin 2017 sur Dicodusport, m\u00e9dia gr\u00e2ce (et pour) lequel je partage ma passion : le sport dans tous ses \u00e9tats. Le tout accompagn\u00e9 par les fous furieux et folles furieuses cit\u00e9s sur cette page !\",\"sameAs\":[\"https:\/\/www.facebook.com\/florent.ostermann\",\"https:\/\/x.com\/https:\/\/twitter.com\/FlOstermann\",\"admin\"],\"url\":\"https:\/\/dicodusport.fr\/blog\/author\/flo\/\"}]}<\/script>\n<!-- \/ Yoast SEO Premium plugin. -->","yoast_head_json":{"title":"Ind\u00e9sirable \u00e0 Pau, Aymeric Luc pourrait rebondir chez un cador de Pro D2","description":"La situation d\u2019Aymeric Luc devrait animer le mercato rugby ces prochains jours. L\u2019arri\u00e8re de la Section Paloise, confront\u00e9 \u00e0 une forte concurrence \u00e0 Pau, int\u00e9resse notamment le CA Brive.","robots":{"index":"index","follow":"follow","max-snippet":"max-snippet:-1","max-image-preview":"max-image-preview:large","max-video-preview":"max-video-preview:-1"},"canonical":"https:\/\/dicodusport.fr\/blog\/indesirable-a-pau-aymeric-luc-pourrait-rebondir-chez-un-cador-de-pro-d2\/","og_locale":"fr_FR","og_type":"article","og_title":"Ind\u00e9sirable \u00e0 Pau, Aymeric Luc pourrait rebondir chez un cador de Pro D2","og_description":"La situation d\u2019Aymeric Luc devrait animer le mercato rugby ces prochains jours. L\u2019arri\u00e8re de la Section Paloise, confront\u00e9 \u00e0 une forte concurrence \u00e0 Pau, int\u00e9resse notamment le CA Brive.","og_url":"https:\/\/dicodusport.fr\/blog\/indesirable-a-pau-aymeric-luc-pourrait-rebondir-chez-un-cador-de-pro-d2\/","og_site_name":"Dicodusport","article_publisher":"https:\/\/www.facebook.com\/dicodusport","article_author":"https:\/\/www.facebook.com\/florent.ostermann","article_published_time":"2026-04-06T06:00:54+00:00","article_modified_time":"2026-04-06T06:42:53+00:00","og_image":[{"width":1200,"height":674,"url":"https:\/\/dicodusport.fr\/blog\/wp-content\/uploads\/2026\/04\/Indesirable-a-Pau-Aymeric-Luc-pourrait-rebondir-chez-un-cador-de-Pro-D2.png","type":"image\/png"}],"author":"Flo Ostermann","twitter_card":"summary_large_image","twitter_title":"Ind\u00e9sirable \u00e0 Pau, Aymeric Luc pourrait rebondir chez un cador de Pro D2","twitter_creator":"@https:\/\/twitter.com\/FlOstermann","twitter_site":"@dicodusport","schema":{"@context":"https:\/\/schema.org","@graph":[{"@type":"NewsArticle","@id":"https:\/\/dicodusport.fr\/blog\/indesirable-a-pau-aymeric-luc-pourrait-rebondir-chez-un-cador-de-pro-d2\/#article","isPartOf":{"@id":"https:\/\/dicodusport.fr\/blog\/indesirable-a-pau-aymeric-luc-pourrait-rebondir-chez-un-cador-de-pro-d2\/"},"author":{"name":"Flo Ostermann","@id":"https:\/\/dicodusport.fr\/blog\/#\/schema\/person\/cb02af4c173ce4a653b55e9baf388d4a"},"headline":"Ind\u00e9sirable \u00e0 Pau, Aymeric Luc pourrait rebondir chez un cador de Pro D2","datePublished":"2026-04-06T06:00:54+00:00","dateModified":"2026-04-06T06:42:53+00:00","mainEntityOfPage":{"@id":"https:\/\/dicodusport.fr\/blog\/indesirable-a-pau-aymeric-luc-pourrait-rebondir-chez-un-cador-de-pro-d2\/"},"wordCount":591,"commentCount":1,"publisher":{"@id":"https:\/\/dicodusport.fr\/blog\/#organization"},"image":{"@id":"https:\/\/dicodusport.fr\/blog\/indesirable-a-pau-aymeric-luc-pourrait-rebondir-chez-un-cador-de-pro-d2\/#primaryimage"},"thumbnailUrl":"https:\/\/dicodusport.fr\/blog\/wp-content\/uploads\/2026\/04\/Indesirable-a-Pau-Aymeric-Luc-pourrait-rebondir-chez-un-cador-de-Pro-D2.png","keywords":["Aymeric Luc","br\u00e8ve","section paloise","Transferts rugby"],"articleSection":["Pro D2"],"inLanguage":"fr-FR","potentialAction":[{"@type":"CommentAction","name":"Comment","target":["https:\/\/dicodusport.fr\/blog\/indesirable-a-pau-aymeric-luc-pourrait-rebondir-chez-un-cador-de-pro-d2\/#respond"]}],"copyrightYear":"2026","copyrightHolder":{"@id":"https:\/\/dicodusport.fr\/blog\/#organization"}},{"@type":"WebPage","@id":"https:\/\/dicodusport.fr\/blog\/indesirable-a-pau-aymeric-luc-pourrait-rebondir-chez-un-cador-de-pro-d2\/","url":"https:\/\/dicodusport.fr\/blog\/indesirable-a-pau-aymeric-luc-pourrait-rebondir-chez-un-cador-de-pro-d2\/","name":"Ind\u00e9sirable \u00e0 Pau, Aymeric Luc pourrait rebondir chez un cador de Pro D2","isPartOf":{"@id":"https:\/\/dicodusport.fr\/blog\/#website"},"primaryImageOfPage":{"@id":"https:\/\/dicodusport.fr\/blog\/indesirable-a-pau-aymeric-luc-pourrait-rebondir-chez-un-cador-de-pro-d2\/#primaryimage"},"image":{"@id":"https:\/\/dicodusport.fr\/blog\/indesirable-a-pau-aymeric-luc-pourrait-rebondir-chez-un-cador-de-pro-d2\/#primaryimage"},"thumbnailUrl":"https:\/\/dicodusport.fr\/blog\/wp-content\/uploads\/2026\/04\/Indesirable-a-Pau-Aymeric-Luc-pourrait-rebondir-chez-un-cador-de-Pro-D2.png","datePublished":"2026-04-06T06:00:54+00:00","dateModified":"2026-04-06T06:42:53+00:00","description":"La situation d\u2019Aymeric Luc devrait animer le mercato rugby ces prochains jours. L\u2019arri\u00e8re de la Section Paloise, confront\u00e9 \u00e0 une forte concurrence \u00e0 Pau, int\u00e9resse notamment le CA Brive.","breadcrumb":{"@id":"https:\/\/dicodusport.fr\/blog\/indesirable-a-pau-aymeric-luc-pourrait-rebondir-chez-un-cador-de-pro-d2\/#breadcrumb"},"inLanguage":"fr-FR","potentialAction":[{"@type":"ReadAction","target":["https:\/\/dicodusport.fr\/blog\/indesirable-a-pau-aymeric-luc-pourrait-rebondir-chez-un-cador-de-pro-d2\/"]}]},{"@type":"ImageObject","inLanguage":"fr-FR","@id":"https:\/\/dicodusport.fr\/blog\/indesirable-a-pau-aymeric-luc-pourrait-rebondir-chez-un-cador-de-pro-d2\/#primaryimage","url":"https:\/\/dicodusport.fr\/blog\/wp-content\/uploads\/2026\/04\/Indesirable-a-Pau-Aymeric-Luc-pourrait-rebondir-chez-un-cador-de-Pro-D2.png","contentUrl":"https:\/\/dicodusport.fr\/blog\/wp-content\/uploads\/2026\/04\/Indesirable-a-Pau-Aymeric-Luc-pourrait-rebondir-chez-un-cador-de-Pro-D2.png","width":1200,"height":674,"caption":"Ind\u00e9sirable \u00e0 Pau, Aymeric Luc pourrait rebondir chez un cador de Pro D2"},{"@type":"BreadcrumbList","@id":"https:\/\/dicodusport.fr\/blog\/indesirable-a-pau-aymeric-luc-pourrait-rebondir-chez-un-cador-de-pro-d2\/#breadcrumb","itemListElement":[{"@type":"ListItem","position":1,"name":"Accueil","item":"https:\/\/dicodusport.fr\/blog\/"},{"@type":"ListItem","position":2,"name":"Ind\u00e9sirable \u00e0 Pau, Aymeric Luc pourrait rebondir chez un cador de Pro D2"}]},{"@type":"WebSite","@id":"https:\/\/dicodusport.fr\/blog\/#website","url":"https:\/\/dicodusport.fr\/blog\/","name":"Dicodusport","description":"L&#039;encyclop\u00e9die de l&#039;actualit\u00e9 sportive","publisher":{"@id":"https:\/\/dicodusport.fr\/blog\/#organization"},"potentialAction":[{"@type":"SearchAction","target":{"@type":"EntryPoint","urlTemplate":"https:\/\/dicodusport.fr\/blog\/?s={search_term_string}"},"query-input":{"@type":"PropertyValueSpecification","valueRequired":true,"valueName":"search_term_string"}}],"inLanguage":"fr-FR"},{"@type":"NewsMediaOrganization","@id":"https:\/\/dicodusport.fr\/blog\/#organization","name":"Dicodusport","url":"https:\/\/dicodusport.fr\/blog\/","logo":{"@type":"ImageObject","inLanguage":"fr-FR","@id":"https:\/\/dicodusport.fr\/blog\/#\/schema\/logo\/image\/","url":"https:\/\/dicodusport.fr\/blog\/wp-content\/uploads\/2020\/06\/cropped-LOGO-DICODUSPORT-2020-SANS-FOND-SANS-TEXTE.png","contentUrl":"https:\/\/dicodusport.fr\/blog\/wp-content\/uploads\/2020\/06\/cropped-LOGO-DICODUSPORT-2020-SANS-FOND-SANS-TEXTE.png","width":512,"height":512,"caption":"Dicodusport"},"image":{"@id":"https:\/\/dicodusport.fr\/blog\/#\/schema\/logo\/image\/"},"sameAs":["https:\/\/www.facebook.com\/dicodusport","https:\/\/x.com\/dicodusport","https:\/\/www.instagram.com\/dicodusport\/","https:\/\/www.youtube.com\/channel\/UC7V2KZ5sd3htJivAbA4ZG3w"],"description":"Dicodusport est l'encyclop\u00e9die de l'actualit\u00e9 sportive.","email":"bonjour@dicodusport.fr","legalName":"DICODUSPORT","foundingDate":"2018-01-14","vatID":"FR71834470973","taxID":"83447097300043","numberOfEmployees":{"@type":"QuantitativeValue","minValue":"1","maxValue":"10"}},{"@type":"Person","@id":"https:\/\/dicodusport.fr\/blog\/#\/schema\/person\/cb02af4c173ce4a653b55e9baf388d4a","name":"Flo Ostermann","image":{"@type":"ImageObject","inLanguage":"fr-FR","@id":"https:\/\/dicodusport.fr\/blog\/#\/schema\/person\/image\/","url":"https:\/\/dicodusport.fr\/blog\/wp-content\/uploads\/2021\/05\/Flo-Ostermann-150x150.jpg","contentUrl":"https:\/\/dicodusport.fr\/blog\/wp-content\/uploads\/2021\/05\/Flo-Ostermann-150x150.jpg","caption":"Flo Ostermann"},"description":"Journaliste\/R\u00e9dacteur depuis septembre 2015 - Mes premiers souvenirs dans le sport ? Les envol\u00e9es du Stade Toulousain et les duels Villeneuve-Schumacher et H\u00e4kkinen-Schumacher \u00e0 la fin des ann\u00e9es 90, la Coupe du monde de football en 1998, l\u2019exploit du XV de France face aux All Blacks en 1999, mais aussi Richard C\u0153ur de Lion qui vole sur les montagnes du Tour de France. Bien parti pour devenir professeur d\u2019EPS, les \u00e9v\u00e9nements de la vie (et la flemme d\u2019animer des s\u00e9ances de 3x500 m\u00e8tres toute ma vie) m\u2019ont conduit \u00e0 revoir mes plans. Me voil\u00e0 depuis fin 2017 sur Dicodusport, m\u00e9dia gr\u00e2ce (et pour) lequel je partage ma passion : le sport dans tous ses \u00e9tats. Le tout accompagn\u00e9 par les fous furieux et folles furieuses cit\u00e9s sur cette page !","sameAs":["https:\/\/www.facebook.com\/florent.ostermann","https:\/\/x.com\/https:\/\/twitter.com\/FlOstermann","admin"],"url":"https:\/\/dicodusport.fr\/blog\/author\/flo\/"}]}},"_links":{"self":[{"href":"https:\/\/dicodusport.fr\/blog\/wp-json\/wp\/v2\/posts\/660688","targetHints":{"allow":["GET"]}}],"collection":[{"href":"https:\/\/dicodusport.fr\/blog\/wp-json\/wp\/v2\/posts"}],"about":[{"href":"https:\/\/dicodusport.fr\/blog\/wp-json\/wp\/v2\/types\/post"}],"author":[{"embeddable":true,"href":"https:\/\/dicodusport.fr\/blog\/wp-json\/wp\/v2\/users\/4"}],"replies":[{"embeddable":true,"href":"https:\/\/dicodusport.fr\/blog\/wp-json\/wp\/v2\/comments?post=660688"}],"version-history":[{"count":4,"href":"https:\/\/dicodusport.fr\/blog\/wp-json\/wp\/v2\/posts\/660688\/revisions"}],"predecessor-version":[{"id":660714,"href":"https:\/\/dicodusport.fr\/blog\/wp-json\/wp\/v2\/posts\/660688\/revisions\/660714"}],"wp:featuredmedia":[{"embeddable":true,"href":"https:\/\/dicodusport.fr\/blog\/wp-json\/wp\/v2\/media\/660696"}],"wp:attachment":[{"href":"https:\/\/dicodusport.fr\/blog\/wp-json\/wp\/v2\/media?parent=660688"}],"wp:term":[{"taxonomy":"category","embeddable":true,"href":"https:\/\/dicodusport.fr\/blog\/wp-json\/wp\/v2\/categories?post=660688"},{"taxonomy":"post_tag","embeddable":true,"href":"https:\/\/dicodusport.fr\/blog\/wp-json\/wp\/v2\/tags?post=660688"}],"curies":[{"name":"wp","href":"https:\/\/api.w.org\/{rel}","templated":true}]}}