{"id":661165,"date":"2026-04-08T17:49:22","date_gmt":"2026-04-08T15:49:22","guid":{"rendered":"https:\/\/dicodusport.fr\/blog\/?p=661165&#038;preview=true&#038;preview_id=661165"},"modified":"2026-04-08T18:34:27","modified_gmt":"2026-04-08T16:34:27","slug":"resultats-grand-prix-de-l-escaut-2026-classement-de-la-course","status":"publish","type":"post","link":"https:\/\/dicodusport.fr\/blog\/resultats-grand-prix-de-l-escaut-2026-classement-de-la-course\/","title":{"rendered":"R\u00e9sultats Grand Prix de l&rsquo;Escaut 2026 : classement de la course"},"content":{"rendered":"<p style=\"text-align: justify;\"><strong><em>Qui a remport\u00e9 le Grand Prix de l&rsquo;Escaut 2026 ? D\u00e9couvrez le classement et les r\u00e9sultats complets de l&rsquo;\u00e9preuve destin\u00e9e aux sprinteurs, qui s&rsquo;est d\u00e9roul\u00e9e ce mercredi 8 avril 2026.<\/em><\/strong><\/p>\n<ul>\n<li style=\"text-align: justify;\"><strong>\u00c0 ce sujet &#8211; <a href=\"https:\/\/dicodusport.fr\/blog\/actualites\/cyclisme\/\">L&rsquo;actualit\u00e9 du cyclisme<\/a><\/strong><\/li>\n<\/ul>\n<p style=\"text-align: justify;\">Disput\u00e9 ce mercredi 8 avril, le <strong>Grand Prix de l\u2019Escaut 2026<\/strong>, \u00e9galement appel\u00e9 <strong>Scheldeprijs<\/strong>, s\u2019annonce une nouvelle fois comme le rendez-vous des sprinteurs du peloton international. Entre les Pays-Bas et la Belgique, cette classique de 205 kilom\u00e8tres devrait encore se conclure par une arriv\u00e9e massive \u00e0 <strong>Schoten<\/strong>, terrain de jeu id\u00e9al pour les sp\u00e9cialistes de la vitesse.<\/p>\n<h2 style=\"text-align: justify;\">Un parcours taill\u00e9 pour les sprinteurs<\/h2>\n<p style=\"text-align: justify;\">Le <strong>Grand Prix de l\u2019Escaut 2026<\/strong> s\u2019\u00e9lance depuis <strong>Terneuzen<\/strong>, aux Pays-Bas, avant de mettre le cap vers la Belgique pour rejoindre la ville de <strong>Schoten<\/strong>, pr\u00e8s d\u2019Anvers. Au total, les coureurs devront parcourir un peu plus de 205 kilom\u00e8tres sur un trac\u00e9 particuli\u00e8rement plat, sans v\u00e9ritable difficult\u00e9 r\u00e9pertori\u00e9e.<\/p>\n<p style=\"text-align: justify;\">La premi\u00e8re partie de course traverse la Z\u00e9lande et les longues routes expos\u00e9es au vent, o\u00f9 les bordures peuvent parfois venir dynamiter le peloton. Apr\u00e8s le passage de la fronti\u00e8re belge, les coureurs abordent un circuit final autour de Schoten, \u00e0 parcourir \u00e0 plusieurs reprises, qui comprend notamment le secteur pav\u00e9 de la <em>Broekstraat<\/em>.<\/p>\n<p style=\"text-align: justify;\">Malgr\u00e9 ce passage technique, le profil global de l\u2019\u00e9preuve reste extr\u00eamement favorable aux sprinteurs. Historiquement surnomm\u00e9 le \u00ab championnat du monde des sprinteurs \u00bb, le <strong>Scheldeprijs<\/strong> se termine tr\u00e8s souvent par un sprint massif, o\u00f9 les trains des \u00e9quipes se livrent une bataille strat\u00e9gique dans les derniers kilom\u00e8tres.<\/p>\n<div class=\"vlp-link-container vlp-layout-article\"><a href=\"https:\/\/dicodusport.fr\/blog\/grand-prix-de-lescaut-2026-decouvrez-le-parcours-detaille-et-le-profil-de-scheldeprijs\/\" class=\"vlp-link\" title=\"Grand Prix de l&#039;Escaut 2026 : d\u00e9couvrez le parcours d\u00e9taille et le profil de Scheldeprijs\"><\/a><div class=\"vlp-layout-zone-side\"><div class=\"vlp-block-4 vlp-link-image\"><img loading=\"lazy\" decoding=\"async\" style=\"max-width: 792px;\" width=\"792\" height=\"445\" src=\"https:\/\/dicodusport.fr\/blog\/wp-content\/uploads\/2026\/04\/Grand-Prix-de-lEscaut-2026-decouvrez-le-parcours-detaille-et-le-profil-de-Scheldeprijs.png\" class=\"attachment-800x445 size-800x445\" alt=\"Grand Prix de l&#039;Escaut 2026 d\u00e9couvrez le parcours d\u00e9taille et le profil de Scheldeprijs\" srcset=\"https:\/\/dicodusport.fr\/blog\/wp-content\/uploads\/2026\/04\/Grand-Prix-de-lEscaut-2026-decouvrez-le-parcours-detaille-et-le-profil-de-Scheldeprijs.png 1200w, https:\/\/dicodusport.fr\/blog\/wp-content\/uploads\/2026\/04\/Grand-Prix-de-lEscaut-2026-decouvrez-le-parcours-detaille-et-le-profil-de-Scheldeprijs-300x169.png 300w, https:\/\/dicodusport.fr\/blog\/wp-content\/uploads\/2026\/04\/Grand-Prix-de-lEscaut-2026-decouvrez-le-parcours-detaille-et-le-profil-de-Scheldeprijs-1024x575.png 1024w, https:\/\/dicodusport.fr\/blog\/wp-content\/uploads\/2026\/04\/Grand-Prix-de-lEscaut-2026-decouvrez-le-parcours-detaille-et-le-profil-de-Scheldeprijs-768x431.png 768w\" sizes=\"auto, (max-width: 792px) 100vw, 792px\" \/><\/div><\/div><div class=\"vlp-layout-zone-main\"><div class=\"vlp-block-0 vlp-link-title\">Grand Prix de l'Escaut 2026 : d\u00e9couvrez le parcours d\u00e9taille et le profil de Scheldeprijs<\/div><div class=\"vlp-block-1 vlp-link-summary\">Grand Prix de l\u2019Escaut 2026 : d\u00e9couvrez le parcours complet et le profil du Scheldeprijs, la classique des sprinteurs entre Terneuzen et Schoten, avec une arriv\u00e9e attendue \u00e0 grande vitesse.<\/div><div class=\"vlp-block-2 vlp-link-button\">Lire l'article<\/div><div class=\"vlp-block-3 vlp-link-url\">dicodusport.fr<\/div><\/div><\/div>\n<h2 style=\"text-align: justify;\">Jasper Philipsen, Tim Merlier et Jordi Meeus en t\u00eates d\u2019affiche<\/h2>\n<p style=\"text-align: justify;\">Comme souvent sur cette classique flamande, <a href=\"https:\/\/dicodusport.fr\/blog\/grand-prix-de-lescaut-2026-les-favoris-et-la-liste-des-engages-de-scheldeprijs\/\">le plateau de sprinteurs<\/a> est particuli\u00e8rement dense. <a href=\"https:\/\/dicodusport.fr\/blog\/jasper-philipsen-sadjuge-gand-wevelgem-in-flanders-field-au-sprint-a-la-suite-dun-final-haletant\/\">Le vainqueur de Gand-Wevelgem <strong>Jasper Philipsen<\/strong><\/a>\u00a0figure parmi les grands favoris. Le coureur d\u2019Alpecin-Premier Tech poss\u00e8de d\u00e9j\u00e0 un solide palmar\u00e8s sur ce type d\u2019\u00e9preuve et fait partie des r\u00e9f\u00e9rences du sprint mondial.<\/p>\n<p style=\"text-align: justify;\">Le tenant du titre <strong>Tim Merlier<\/strong> sera \u00e9galement tr\u00e8s attendu. Le sprinteur de <strong>Soudal Quick-Step<\/strong> conna\u00eet parfaitement cette course et dispose d\u2019un train solide pour l\u2019emmener dans le final.<\/p>\n<p style=\"text-align: justify;\">Parmi les autres pr\u00e9tendants \u00e0 la victoire, il faudra aussi surveiller <strong>Jordi Meeus<\/strong>, le laur\u00e9at de <a href=\"https:\/\/dicodusport.fr\/blog\/dylan-groenewegen-remporte-avec-autorite-la-bredene-koksijde-classic-au-sprint\/\">la Bredene Koksijde Classic<\/a>,\u00a0<a href=\"https:\/\/dicodusport.fr\/blog\/dylan-groenewegen-remporte-de-justesse-le-grand-prix-jean-pierre-monsere\/\">du Grand Prix Jean-Pierre Mons\u00e9r\u00e9<\/a>\u00a0et surtout\u00a0<a href=\"https:\/\/dicodusport.fr\/blog\/dylan-groenewegen-coiffe-jasper-philipsen-au-sprint-sur-le-tour-de-bruges\/\">du Tour de Bruges<\/a> <strong>Dylan Groenewegen<\/strong>, <strong>Matteo Moschetti<\/strong> ou encore <strong>Phil Bauhaus<\/strong>, tous capables de rivaliser dans un sprint massif si le peloton arrive group\u00e9 \u00e0 Schoten.<\/p>\n<p style=\"text-align: justify;\">Quelques outsiders pourraient \u00e9galement jouer les trouble-f\u00eates, comme <strong>Milan Fretin<\/strong>, <strong>Pavel Bittner<\/strong> ou les Fran\u00e7ais <strong>\u00c9milien Jeanni\u00e8re<\/strong> et <strong>Hugo Hofstetter<\/strong>, bien d\u00e9cid\u00e9s \u00e0 tirer profit d\u2019un final nerveux pour cr\u00e9er la surprise.<\/p>\n<p style=\"text-align: justify;\">Dans une course aussi rapide et nerveuse, la bataille pour le placement dans les derniers kilom\u00e8tres sera d\u00e9cisive. Si la logique est respect\u00e9e, le <strong>Grand Prix de l\u2019Escaut 2026<\/strong> devrait encore offrir un sprint royal entre les meilleurs finisseurs du peloton.<\/p>\n<p style=\"text-align: justify;\"><strong>Arriv\u00e9e pr\u00e9vue sur les coups de 17h15, heure fran\u00e7aise. Retrouvez les r\u00e9sultats complets et le classement du Grand Prix de l&rsquo;Escaut 2026 ci-dessous.<\/strong><\/p>\n<h2 style=\"text-align: justify;\">Grand Prix de l&rsquo;Escaut 2026 : le classement et les r\u00e9sultats de la course<\/h2>\n<p style=\"text-align: justify;\"><strong><span style=\"font-size: 14px;\"><em>Classement officiel mis \u00e0 jour \u00e0 l&rsquo;issue de la course.<\/em><\/span><\/strong><\/p>\n<div class=\"su-table su-table-alternate\">\n<table style=\"width: 800px;border-collapse: collapse\" border=\"1\">\n<tbody>\n<tr style=\"height: 24px\">\n<td style=\"border-color: #ebebeb;height: 24px;text-align: center;width: 80px;vertical-align: middle\">\ud83c\udfc6<\/td>\n<td style=\"border-color: #ebebeb;height: 24px;text-align: center;width: 500px;vertical-align: middle\"><span style=\"font-size: 0.9em\"><strong>COUREURS<\/strong><\/span><\/td>\n<td style=\"border-color: #ebebeb;height: 24px;text-align: center;width: 220px;vertical-align: middle\"><span style=\"font-size: 0.9em\"><strong>TEMPS \/ \u00c9CART<\/strong><\/span><\/td>\n<\/tr>\n<tr style=\"height: 24px\">\n<td style=\"border-color: #ebebeb;height: 24px;text-align: center;width: 80px;vertical-align: middle\"><strong><span class=\"su-label su-label-type-warning\">1.<\/span><\/strong><\/td>\n<td style=\"border-color: #ebebeb;text-align: center;width: 500px;vertical-align: middle\"><span style=\"font-size: 0.9em\"><strong>\ud83c\udde7\ud83c\uddea TIM MERLIER<\/strong><br \/>\n<span style=\"font-size: 0.8em\">SOUDAL QUICK-STEP<\/span><\/span><\/td>\n<td style=\"border-color: #ebebeb;text-align: center;width: 220px;vertical-align: middle\"><strong><span style=\"font-size: 0.9em\">4h25m01s<\/span><\/strong><\/td>\n<\/tr>\n<tr>\n<td style=\"border-color: #ebebeb;text-align: center;width: 80px;vertical-align: middle\"><span style=\"font-size: 0.9em\">2.<\/span><\/td>\n<td style=\"border-color: #ebebeb;text-align: center;width: 500px;vertical-align: middle\"><span style=\"font-size: 0.9em\"><strong>\ud83c\udde8\ud83c\uddff PAVEL BITTNER<\/strong><br \/>\n<span style=\"font-size: 0.8em\">TEAM PICNIC POSTNL<\/span><\/span><\/td>\n<td style=\"border-color: #ebebeb;text-align: center;width: 220px;vertical-align: middle\"><span style=\"font-size: 0.9em\"><strong>\u00e0 0s<\/strong><\/span><\/td>\n<\/tr>\n<tr>\n<td style=\"border-color: #ebebeb;text-align: center;width: 80px;vertical-align: middle\"><span style=\"font-size: 0.9em\">3.<\/span><\/td>\n<td style=\"border-color: #ebebeb;text-align: center;width: 500px;vertical-align: middle\"><span style=\"font-size: 0.9em\"><strong>\ud83c\uddeb\ud83c\uddf7 EMILIEN JEANNI\u00c8RE<\/strong><br \/>\n<span style=\"font-size: 0.8em\">TOTALENERGIES<\/span><\/span><\/td>\n<td style=\"border-color: #ebebeb;text-align: center;width: 220px;vertical-align: middle\"><span style=\"font-size: 0.9em\"><strong>\u00e0 0s<\/strong><\/span><\/td>\n<\/tr>\n<tr>\n<td style=\"border-color: #ebebeb;text-align: center;width: 80px;vertical-align: middle\"><span style=\"font-size: 0.9em\">4.<\/span><\/td>\n<td style=\"border-color: #ebebeb;text-align: center;width: 500px;vertical-align: middle\"><span style=\"font-size: 0.9em\"><strong>\ud83c\uddf7\ud83c\uddf8 DU\u0160AN RAJOVI\u0106<\/strong><br \/>\n<span style=\"font-size: 0.8em\">SOLUTION TECH NIPPO RALI<\/span><\/span><\/td>\n<td style=\"border-color: #ebebeb;text-align: center;width: 220px;vertical-align: middle\"><span style=\"font-size: 0.9em\"><strong>\u00e0 0s<\/strong><\/span><\/td>\n<\/tr>\n<tr>\n<td style=\"border-color: #ebebeb;text-align: center;width: 80px;vertical-align: middle\"><span style=\"font-size: 0.9em\">5.<\/span><\/td>\n<td style=\"border-color: #ebebeb;text-align: center;width: 500px;vertical-align: middle\"><span style=\"font-size: 0.9em\"><strong>\ud83c\uddf8\ud83c\uddee \u017dAK ER\u017dEN<\/strong><br \/>\n<span style=\"font-size: 0.8em\">BAHRAIN &#8211; VICTORIOUS<\/span><\/span><\/td>\n<td style=\"border-color: #ebebeb;text-align: center;width: 220px;vertical-align: middle\"><span style=\"font-size: 0.9em\"><strong>\u00e0 0s<\/strong><\/span><\/td>\n<\/tr>\n<tr>\n<td style=\"border-color: #ebebeb;text-align: center;width: 80px;vertical-align: middle\"><span style=\"font-size: 0.9em\">6.<\/span><\/td>\n<td style=\"border-color: #ebebeb;text-align: center;width: 500px;vertical-align: middle\"><span style=\"font-size: 0.9em\"><strong>\ud83c\uddeb\ud83c\uddf7 HUGO HOFSTETTER<\/strong><br \/>\n<span style=\"font-size: 0.8em\">NSN CYCLING TEAM<\/span><\/span><\/td>\n<td style=\"border-color: #ebebeb;text-align: center;width: 220px;vertical-align: middle\"><span style=\"font-size: 0.9em\"><strong>\u00e0 0s<\/strong><\/span><\/td>\n<\/tr>\n<tr>\n<td style=\"border-color: #ebebeb;text-align: center;width: 80px;vertical-align: middle\"><span style=\"font-size: 0.9em\">7.<\/span><\/td>\n<td style=\"border-color: #ebebeb;text-align: center;width: 500px;vertical-align: middle\"><span style=\"font-size: 0.9em\"><strong>\ud83c\uddf3\ud83c\uddf1 DAVID DEKKER<\/strong><br \/>\n<span style=\"font-size: 0.8em\">BEAT CC P\/B SAXO<\/span><\/span><\/td>\n<td style=\"border-color: #ebebeb;text-align: center;width: 220px;vertical-align: middle\"><span style=\"font-size: 0.9em\"><strong>\u00e0 0s<\/strong><\/span><\/td>\n<\/tr>\n<tr>\n<td style=\"border-color: #ebebeb;text-align: center;width: 80px;vertical-align: middle\"><span style=\"font-size: 0.9em\">8.<\/span><\/td>\n<td style=\"border-color: #ebebeb;text-align: center;width: 500px;vertical-align: middle\"><span style=\"font-size: 0.9em\"><strong>\ud83c\udde7\ud83c\uddea JASPER PHILIPSEN<\/strong><br \/>\n<span style=\"font-size: 0.8em\">ALPECIN-PREMIER TECH<\/span><\/span><\/td>\n<td style=\"border-color: #ebebeb;text-align: center;width: 220px;vertical-align: middle\"><span style=\"font-size: 0.9em\"><strong>\u00e0 0s<\/strong><\/span><\/td>\n<\/tr>\n<tr>\n<td style=\"border-color: #ebebeb;text-align: center;width: 80px;vertical-align: middle\"><span style=\"font-size: 0.9em\">9.<\/span><\/td>\n<td style=\"border-color: #ebebeb;text-align: center;width: 500px;vertical-align: middle\"><span style=\"font-size: 0.9em\"><strong>\ud83c\udde7\ud83c\uddea STEFFEN DE SCHUYTENEER<\/strong><br \/>\n<span style=\"font-size: 0.8em\">LOTTO INTERMARCH\u00c9<\/span><\/span><\/td>\n<td style=\"border-color: #ebebeb;text-align: center;width: 220px;vertical-align: middle\"><span style=\"font-size: 0.9em\"><strong>\u00e0 0s<\/strong><\/span><\/td>\n<\/tr>\n<tr>\n<td style=\"border-color: #ebebeb;text-align: center;width: 80px;vertical-align: middle\"><span style=\"font-size: 0.9em\">10.<\/span><\/td>\n<td style=\"border-color: #ebebeb;text-align: center;width: 500px;vertical-align: middle\"><span style=\"font-size: 0.9em\"><strong>\ud83c\udde7\ud83c\uddea TOM CRABBE<\/strong><br \/>\n<span style=\"font-size: 0.8em\">TEAM FLANDERS &#8211; BALOISE<\/span><\/span><\/td>\n<td style=\"border-color: #ebebeb;text-align: center;width: 220px;vertical-align: middle\"><span style=\"font-size: 0.9em\"><strong>\u00e0 0s<\/strong><\/span><\/td>\n<\/tr>\n<tr>\n<td style=\"border-color: #ebebeb;text-align: center;width: 80px;vertical-align: middle\"><span style=\"font-size: 0.9em\">11.<\/span><\/td>\n<td style=\"border-color: #ebebeb;text-align: center;width: 500px;vertical-align: middle\"><span style=\"font-size: 0.9em\"><strong>\ud83c\uddf1\ud83c\uddfb EM\u012aLS LIEPI\u0145\u0160<\/strong><br \/>\n<span style=\"font-size: 0.8em\">PINARELLO Q36.5 PRO CYCLING TEAM<\/span><\/span><\/td>\n<td style=\"border-color: #ebebeb;text-align: center;width: 220px;vertical-align: middle\"><span style=\"font-size: 0.9em\"><strong>\u00e0 0s<\/strong><\/span><\/td>\n<\/tr>\n<tr>\n<td style=\"border-color: #ebebeb;text-align: center;width: 80px;vertical-align: middle\"><span style=\"font-size: 0.9em\">12.<\/span><\/td>\n<td style=\"border-color: #ebebeb;text-align: center;width: 500px;vertical-align: middle\"><span style=\"font-size: 0.9em\"><strong>\ud83c\uddea\ud83c\uddf8 DANIEL CAVIA<\/strong><br \/>\n<span style=\"font-size: 0.8em\">BURGOS BURPELLET BH<\/span><\/span><\/td>\n<td style=\"border-color: #ebebeb;text-align: center;width: 220px;vertical-align: middle\"><span style=\"font-size: 0.9em\"><strong>\u00e0 0s<\/strong><\/span><\/td>\n<\/tr>\n<tr>\n<td style=\"border-color: #ebebeb;text-align: center;width: 80px;vertical-align: middle\"><span style=\"font-size: 0.9em\">13.<\/span><\/td>\n<td style=\"border-color: #ebebeb;text-align: center;width: 500px;vertical-align: middle\"><span style=\"font-size: 0.9em\"><strong>\ud83c\uddf5\ud83c\uddf1 STANIS\u0141AW ANIO\u0141KOWSKI<\/strong><br \/>\n<span style=\"font-size: 0.8em\">COFIDIS<\/span><\/span><\/td>\n<td style=\"border-color: #ebebeb;text-align: center;width: 220px;vertical-align: middle\"><span style=\"font-size: 0.9em\"><strong>\u00e0 0s<\/strong><\/span><\/td>\n<\/tr>\n<tr>\n<td style=\"border-color: #ebebeb;text-align: center;width: 80px;vertical-align: middle\"><span style=\"font-size: 0.9em\">14.<\/span><\/td>\n<td style=\"border-color: #ebebeb;text-align: center;width: 500px;vertical-align: middle\"><span style=\"font-size: 0.9em\"><strong>\ud83c\udde7\ud83c\uddea JORDI MEEUS<\/strong><br \/>\n<span style=\"font-size: 0.8em\">RED BULL &#8211; BORA &#8211; HANSGROHE<\/span><\/span><\/td>\n<td style=\"border-color: #ebebeb;text-align: center;width: 220px;vertical-align: middle\"><span style=\"font-size: 0.9em\"><strong>\u00e0 0s<\/strong><\/span><\/td>\n<\/tr>\n<tr>\n<td style=\"border-color: #ebebeb;text-align: center;width: 80px;vertical-align: middle\"><span style=\"font-size: 0.9em\">15.<\/span><\/td>\n<td style=\"border-color: #ebebeb;text-align: center;width: 500px;vertical-align: middle\"><span style=\"font-size: 0.9em\"><strong>\ud83c\udde9\ud83c\uddea PASCAL ACKERMANN<\/strong><br \/>\n<span style=\"font-size: 0.8em\">TEAM JAYCO ALULA<\/span><\/span><\/td>\n<td style=\"border-color: #ebebeb;text-align: center;width: 220px;vertical-align: middle\"><span style=\"font-size: 0.9em\"><strong>\u00e0 0s<\/strong><\/span><\/td>\n<\/tr>\n<tr>\n<td style=\"border-color: #ebebeb;text-align: center;width: 80px;vertical-align: middle\"><span style=\"font-size: 0.9em\">16.<\/span><\/td>\n<td style=\"border-color: #ebebeb;text-align: center;width: 500px;vertical-align: middle\"><span style=\"font-size: 0.9em\"><strong>\ud83c\uddf3\ud83c\uddf1 ELMAR REINDERS<\/strong><br \/>\n<span style=\"font-size: 0.8em\">UNIBET ROSE ROCKETS<\/span><\/span><\/td>\n<td style=\"border-color: #ebebeb;text-align: center;width: 220px;vertical-align: middle\"><span style=\"font-size: 0.9em\"><strong>\u00e0 0s<\/strong><\/span><\/td>\n<\/tr>\n<tr>\n<td style=\"border-color: #ebebeb;text-align: center;width: 80px;vertical-align: middle\"><span style=\"font-size: 0.9em\">17.<\/span><\/td>\n<td style=\"border-color: #ebebeb;text-align: center;width: 500px;vertical-align: middle\"><span style=\"font-size: 0.9em\"><strong>\ud83c\udde8\ud83c\udded ROBIN FROIDEVAUX<\/strong><br \/>\n<span style=\"font-size: 0.8em\">TUDOR PRO CYCLING TEAM<\/span><\/span><\/td>\n<td style=\"border-color: #ebebeb;text-align: center;width: 220px;vertical-align: middle\"><span style=\"font-size: 0.9em\"><strong>\u00e0 0s<\/strong><\/span><\/td>\n<\/tr>\n<tr>\n<td style=\"border-color: #ebebeb;text-align: center;width: 80px;vertical-align: middle\"><span style=\"font-size: 0.9em\">18.<\/span><\/td>\n<td style=\"border-color: #ebebeb;text-align: center;width: 500px;vertical-align: middle\"><span style=\"font-size: 0.9em\"><strong>\ud83c\uddfa\ud83c\uddf8 HUGO SCALA<\/strong><br \/>\n<span style=\"font-size: 0.8em\">MODERN ADVENTURE PRO CYCLING<\/span><\/span><\/td>\n<td style=\"border-color: #ebebeb;text-align: center;width: 220px;vertical-align: middle\"><span style=\"font-size: 0.9em\"><strong>\u00e0 0s<\/strong><\/span><\/td>\n<\/tr>\n<tr>\n<td style=\"border-color: #ebebeb;text-align: center;width: 80px;vertical-align: middle\"><span style=\"font-size: 0.9em\">19.<\/span><\/td>\n<td style=\"border-color: #ebebeb;text-align: center;width: 500px;vertical-align: middle\"><span style=\"font-size: 0.9em\"><strong>\ud83c\uddf2\ud83c\uddfd C\u00c9SAR MAC\u00cdAS<\/strong><br \/>\n<span style=\"font-size: 0.8em\">BURGOS BURPELLET BH<\/span><\/span><\/td>\n<td style=\"border-color: #ebebeb;text-align: center;width: 220px;vertical-align: middle\"><span style=\"font-size: 0.9em\"><strong>\u00e0 0s<\/strong><\/span><\/td>\n<\/tr>\n<tr>\n<td style=\"border-color: #ebebeb;text-align: center;width: 80px;vertical-align: middle\"><span style=\"font-size: 0.9em\">20.<\/span><\/td>\n<td style=\"border-color: #ebebeb;text-align: center;width: 500px;vertical-align: middle\"><span style=\"font-size: 0.9em\"><strong>\ud83c\udde9\ud83c\uddea MAX WALSCHEID<\/strong><br \/>\n<span style=\"font-size: 0.8em\">LIDL &#8211; TREK<\/span><\/span><\/td>\n<td style=\"border-color: #ebebeb;text-align: center;width: 220px;vertical-align: middle\"><span style=\"font-size: 0.9em\"><strong>\u00e0 0s<\/strong><\/span><\/td>\n<\/tr>\n<\/tbody>\n<\/table>\n<\/div>\n<h3 style=\"text-align: justify;\">\u00c0 lire aussi<\/h3>\n<ul>\n<li style=\"text-align: justify;\"><a href=\"https:\/\/www.procyclingstats.com\/race\/scheldeprijs\/2026\/result\/result\"><strong>Le classement complet du Grand Prix de l&rsquo;Escaut 2026<\/strong><\/a><\/li>\n<\/ul>\n","protected":false},"excerpt":{"rendered":"<p>Qui a remport\u00e9 le Grand Prix de l&rsquo;Escaut 2026 ? D\u00e9couvrez le classement et les r\u00e9sultats complets de l&rsquo;\u00e9preuve destin\u00e9e aux sprinteurs, qui s&rsquo;est d\u00e9roul\u00e9e ce mercredi 8 avril 2026.<\/p>\n","protected":false},"author":4,"featured_media":661170,"comment_status":"open","ping_status":"closed","sticky":false,"template":"","format":"standard","meta":{"_acf_changed":false,"_daextam_enable_autolinks":"1","footnotes":""},"categories":[46994],"tags":[16878,574,11197,12074],"class_list":["post-661165","post","type-post","status-publish","format-standard","has-post-thumbnail","hentry","category-cyclisme-sur-route","tag-breve","tag-cyclisme","tag-cyclisme-sur-route","tag-grand-prix-de-lescaut"],"acf":[],"yoast_head":"<!-- This site is optimized with the Yoast SEO Premium plugin v26.7 (Yoast SEO v26.7) - https:\/\/yoast.com\/wordpress\/plugins\/seo\/ -->\n<title>R\u00e9sultats Grand Prix de l&#039;Escaut 2026 : classement de la course<\/title>\n<meta name=\"description\" content=\"Qui a remport\u00e9 le Grand Prix de l&#039;Escaut 2026 ? D\u00e9couvrez le classement et les r\u00e9sultats complets de l&#039;\u00e9preuve destin\u00e9e aux sprinteurs, qui s&#039;est d\u00e9roul\u00e9e ce mercredi 8 avril 2026.\" \/>\n<meta name=\"robots\" content=\"index, follow, max-snippet:-1, max-image-preview:large, max-video-preview:-1\" \/>\n<link rel=\"canonical\" href=\"https:\/\/dicodusport.fr\/blog\/resultats-grand-prix-de-l-escaut-2026-classement-de-la-course\/\" \/>\n<meta property=\"og:locale\" content=\"fr_FR\" \/>\n<meta property=\"og:type\" content=\"article\" \/>\n<meta property=\"og:title\" content=\"Grand Prix de l&#039;Escaut 2026 : Qui a gagn\u00e9 la course ? Classement et r\u00e9sultats complets\" \/>\n<meta property=\"og:description\" content=\"Qui a remport\u00e9 le Grand Prix de l&#039;Escaut 2026 ? D\u00e9couvrez le classement et les r\u00e9sultats complets de l&#039;\u00e9preuve destin\u00e9e aux sprinteurs, qui s&#039;est d\u00e9roul\u00e9e ce mercredi 8 avril 2026.\" \/>\n<meta property=\"og:url\" content=\"https:\/\/dicodusport.fr\/blog\/resultats-grand-prix-de-l-escaut-2026-classement-de-la-course\/\" \/>\n<meta property=\"og:site_name\" content=\"Dicodusport\" \/>\n<meta property=\"article:publisher\" content=\"https:\/\/www.facebook.com\/dicodusport\" \/>\n<meta property=\"article:author\" content=\"https:\/\/www.facebook.com\/florent.ostermann\" \/>\n<meta property=\"article:published_time\" content=\"2026-04-08T15:49:22+00:00\" \/>\n<meta property=\"article:modified_time\" content=\"2026-04-08T16:34:27+00:00\" \/>\n<meta property=\"og:image\" content=\"https:\/\/dicodusport.fr\/blog\/wp-content\/uploads\/2026\/04\/Resultats-Grand-Prix-de-lEscaut-2026-classement-de-la-course.png\" \/>\n\t<meta property=\"og:image:width\" content=\"1200\" \/>\n\t<meta property=\"og:image:height\" content=\"674\" \/>\n\t<meta property=\"og:image:type\" content=\"image\/png\" \/>\n<meta name=\"author\" content=\"Flo Ostermann\" \/>\n<meta name=\"twitter:card\" content=\"summary_large_image\" \/>\n<meta name=\"twitter:title\" content=\"Grand Prix de l&#039;Escaut 2026 : Qui a gagn\u00e9 la course ? Classement et r\u00e9sultats complets\" \/>\n<meta name=\"twitter:creator\" content=\"@https:\/\/twitter.com\/FlOstermann\" \/>\n<meta name=\"twitter:site\" content=\"@dicodusport\" \/>\n<script type=\"application\/ld+json\" class=\"yoast-schema-graph\">{\"@context\":\"https:\/\/schema.org\",\"@graph\":[{\"@type\":\"NewsArticle\",\"@id\":\"https:\/\/dicodusport.fr\/blog\/resultats-grand-prix-de-l-escaut-2026-classement-de-la-course\/#article\",\"isPartOf\":{\"@id\":\"https:\/\/dicodusport.fr\/blog\/resultats-grand-prix-de-l-escaut-2026-classement-de-la-course\/\"},\"author\":{\"name\":\"Flo Ostermann\",\"@id\":\"https:\/\/dicodusport.fr\/blog\/#\/schema\/person\/cb02af4c173ce4a653b55e9baf388d4a\"},\"headline\":\"R\u00e9sultats Grand Prix de l&rsquo;Escaut 2026 : classement de la course\",\"datePublished\":\"2026-04-08T15:49:22+00:00\",\"dateModified\":\"2026-04-08T16:34:27+00:00\",\"mainEntityOfPage\":{\"@id\":\"https:\/\/dicodusport.fr\/blog\/resultats-grand-prix-de-l-escaut-2026-classement-de-la-course\/\"},\"wordCount\":813,\"commentCount\":0,\"publisher\":{\"@id\":\"https:\/\/dicodusport.fr\/blog\/#organization\"},\"image\":{\"@id\":\"https:\/\/dicodusport.fr\/blog\/resultats-grand-prix-de-l-escaut-2026-classement-de-la-course\/#primaryimage\"},\"thumbnailUrl\":\"https:\/\/dicodusport.fr\/blog\/wp-content\/uploads\/2026\/04\/Resultats-Grand-Prix-de-lEscaut-2026-classement-de-la-course.png\",\"keywords\":[\"br\u00e8ve\",\"Cyclisme\",\"Cyclisme sur route\",\"Grand Prix de l'Escaut\"],\"articleSection\":[\"Cyclisme sur route\"],\"inLanguage\":\"fr-FR\",\"potentialAction\":[{\"@type\":\"CommentAction\",\"name\":\"Comment\",\"target\":[\"https:\/\/dicodusport.fr\/blog\/resultats-grand-prix-de-l-escaut-2026-classement-de-la-course\/#respond\"]}],\"copyrightYear\":\"2026\",\"copyrightHolder\":{\"@id\":\"https:\/\/dicodusport.fr\/blog\/#organization\"}},{\"@type\":\"WebPage\",\"@id\":\"https:\/\/dicodusport.fr\/blog\/resultats-grand-prix-de-l-escaut-2026-classement-de-la-course\/\",\"url\":\"https:\/\/dicodusport.fr\/blog\/resultats-grand-prix-de-l-escaut-2026-classement-de-la-course\/\",\"name\":\"R\u00e9sultats Grand Prix de l'Escaut 2026 : classement de la course\",\"isPartOf\":{\"@id\":\"https:\/\/dicodusport.fr\/blog\/#website\"},\"primaryImageOfPage\":{\"@id\":\"https:\/\/dicodusport.fr\/blog\/resultats-grand-prix-de-l-escaut-2026-classement-de-la-course\/#primaryimage\"},\"image\":{\"@id\":\"https:\/\/dicodusport.fr\/blog\/resultats-grand-prix-de-l-escaut-2026-classement-de-la-course\/#primaryimage\"},\"thumbnailUrl\":\"https:\/\/dicodusport.fr\/blog\/wp-content\/uploads\/2026\/04\/Resultats-Grand-Prix-de-lEscaut-2026-classement-de-la-course.png\",\"datePublished\":\"2026-04-08T15:49:22+00:00\",\"dateModified\":\"2026-04-08T16:34:27+00:00\",\"description\":\"Qui a remport\u00e9 le Grand Prix de l'Escaut 2026 ? D\u00e9couvrez le classement et les r\u00e9sultats complets de l'\u00e9preuve destin\u00e9e aux sprinteurs, qui s'est d\u00e9roul\u00e9e ce mercredi 8 avril 2026.\",\"breadcrumb\":{\"@id\":\"https:\/\/dicodusport.fr\/blog\/resultats-grand-prix-de-l-escaut-2026-classement-de-la-course\/#breadcrumb\"},\"inLanguage\":\"fr-FR\",\"potentialAction\":[{\"@type\":\"ReadAction\",\"target\":[\"https:\/\/dicodusport.fr\/blog\/resultats-grand-prix-de-l-escaut-2026-classement-de-la-course\/\"]}]},{\"@type\":\"ImageObject\",\"inLanguage\":\"fr-FR\",\"@id\":\"https:\/\/dicodusport.fr\/blog\/resultats-grand-prix-de-l-escaut-2026-classement-de-la-course\/#primaryimage\",\"url\":\"https:\/\/dicodusport.fr\/blog\/wp-content\/uploads\/2026\/04\/Resultats-Grand-Prix-de-lEscaut-2026-classement-de-la-course.png\",\"contentUrl\":\"https:\/\/dicodusport.fr\/blog\/wp-content\/uploads\/2026\/04\/Resultats-Grand-Prix-de-lEscaut-2026-classement-de-la-course.png\",\"width\":1200,\"height\":674,\"caption\":\"R\u00e9sultats Grand Prix de l'Escaut 2026 classement de la course\"},{\"@type\":\"BreadcrumbList\",\"@id\":\"https:\/\/dicodusport.fr\/blog\/resultats-grand-prix-de-l-escaut-2026-classement-de-la-course\/#breadcrumb\",\"itemListElement\":[{\"@type\":\"ListItem\",\"position\":1,\"name\":\"Accueil\",\"item\":\"https:\/\/dicodusport.fr\/blog\/\"},{\"@type\":\"ListItem\",\"position\":2,\"name\":\"R\u00e9sultats Grand Prix de l&rsquo;Escaut 2026 : classement de la course\"}]},{\"@type\":\"WebSite\",\"@id\":\"https:\/\/dicodusport.fr\/blog\/#website\",\"url\":\"https:\/\/dicodusport.fr\/blog\/\",\"name\":\"Dicodusport\",\"description\":\"L&#039;encyclop\u00e9die de l&#039;actualit\u00e9 sportive\",\"publisher\":{\"@id\":\"https:\/\/dicodusport.fr\/blog\/#organization\"},\"potentialAction\":[{\"@type\":\"SearchAction\",\"target\":{\"@type\":\"EntryPoint\",\"urlTemplate\":\"https:\/\/dicodusport.fr\/blog\/?s={search_term_string}\"},\"query-input\":{\"@type\":\"PropertyValueSpecification\",\"valueRequired\":true,\"valueName\":\"search_term_string\"}}],\"inLanguage\":\"fr-FR\"},{\"@type\":\"NewsMediaOrganization\",\"@id\":\"https:\/\/dicodusport.fr\/blog\/#organization\",\"name\":\"Dicodusport\",\"url\":\"https:\/\/dicodusport.fr\/blog\/\",\"logo\":{\"@type\":\"ImageObject\",\"inLanguage\":\"fr-FR\",\"@id\":\"https:\/\/dicodusport.fr\/blog\/#\/schema\/logo\/image\/\",\"url\":\"https:\/\/dicodusport.fr\/blog\/wp-content\/uploads\/2020\/06\/cropped-LOGO-DICODUSPORT-2020-SANS-FOND-SANS-TEXTE.png\",\"contentUrl\":\"https:\/\/dicodusport.fr\/blog\/wp-content\/uploads\/2020\/06\/cropped-LOGO-DICODUSPORT-2020-SANS-FOND-SANS-TEXTE.png\",\"width\":512,\"height\":512,\"caption\":\"Dicodusport\"},\"image\":{\"@id\":\"https:\/\/dicodusport.fr\/blog\/#\/schema\/logo\/image\/\"},\"sameAs\":[\"https:\/\/www.facebook.com\/dicodusport\",\"https:\/\/x.com\/dicodusport\",\"https:\/\/www.instagram.com\/dicodusport\/\",\"https:\/\/www.youtube.com\/channel\/UC7V2KZ5sd3htJivAbA4ZG3w\"],\"description\":\"Dicodusport est l'encyclop\u00e9die de l'actualit\u00e9 sportive.\",\"email\":\"bonjour@dicodusport.fr\",\"legalName\":\"DICODUSPORT\",\"foundingDate\":\"2018-01-14\",\"vatID\":\"FR71834470973\",\"taxID\":\"83447097300043\",\"numberOfEmployees\":{\"@type\":\"QuantitativeValue\",\"minValue\":\"1\",\"maxValue\":\"10\"}},{\"@type\":\"Person\",\"@id\":\"https:\/\/dicodusport.fr\/blog\/#\/schema\/person\/cb02af4c173ce4a653b55e9baf388d4a\",\"name\":\"Flo Ostermann\",\"image\":{\"@type\":\"ImageObject\",\"inLanguage\":\"fr-FR\",\"@id\":\"https:\/\/dicodusport.fr\/blog\/#\/schema\/person\/image\/\",\"url\":\"https:\/\/dicodusport.fr\/blog\/wp-content\/uploads\/2021\/05\/Flo-Ostermann-150x150.jpg\",\"contentUrl\":\"https:\/\/dicodusport.fr\/blog\/wp-content\/uploads\/2021\/05\/Flo-Ostermann-150x150.jpg\",\"caption\":\"Flo Ostermann\"},\"description\":\"Journaliste\/R\u00e9dacteur depuis septembre 2015 - Mes premiers souvenirs dans le sport ? Les envol\u00e9es du Stade Toulousain et les duels Villeneuve-Schumacher et H\u00e4kkinen-Schumacher \u00e0 la fin des ann\u00e9es 90, la Coupe du monde de football en 1998, l\u2019exploit du XV de France face aux All Blacks en 1999, mais aussi Richard C\u0153ur de Lion qui vole sur les montagnes du Tour de France. Bien parti pour devenir professeur d\u2019EPS, les \u00e9v\u00e9nements de la vie (et la flemme d\u2019animer des s\u00e9ances de 3x500 m\u00e8tres toute ma vie) m\u2019ont conduit \u00e0 revoir mes plans. Me voil\u00e0 depuis fin 2017 sur Dicodusport, m\u00e9dia gr\u00e2ce (et pour) lequel je partage ma passion : le sport dans tous ses \u00e9tats. Le tout accompagn\u00e9 par les fous furieux et folles furieuses cit\u00e9s sur cette page !\",\"sameAs\":[\"https:\/\/www.facebook.com\/florent.ostermann\",\"https:\/\/x.com\/https:\/\/twitter.com\/FlOstermann\",\"admin\"],\"url\":\"https:\/\/dicodusport.fr\/blog\/author\/flo\/\"}]}<\/script>\n<!-- \/ Yoast SEO Premium plugin. -->","yoast_head_json":{"title":"R\u00e9sultats Grand Prix de l'Escaut 2026 : classement de la course","description":"Qui a remport\u00e9 le Grand Prix de l'Escaut 2026 ? D\u00e9couvrez le classement et les r\u00e9sultats complets de l'\u00e9preuve destin\u00e9e aux sprinteurs, qui s'est d\u00e9roul\u00e9e ce mercredi 8 avril 2026.","robots":{"index":"index","follow":"follow","max-snippet":"max-snippet:-1","max-image-preview":"max-image-preview:large","max-video-preview":"max-video-preview:-1"},"canonical":"https:\/\/dicodusport.fr\/blog\/resultats-grand-prix-de-l-escaut-2026-classement-de-la-course\/","og_locale":"fr_FR","og_type":"article","og_title":"Grand Prix de l'Escaut 2026 : Qui a gagn\u00e9 la course ? Classement et r\u00e9sultats complets","og_description":"Qui a remport\u00e9 le Grand Prix de l'Escaut 2026 ? D\u00e9couvrez le classement et les r\u00e9sultats complets de l'\u00e9preuve destin\u00e9e aux sprinteurs, qui s'est d\u00e9roul\u00e9e ce mercredi 8 avril 2026.","og_url":"https:\/\/dicodusport.fr\/blog\/resultats-grand-prix-de-l-escaut-2026-classement-de-la-course\/","og_site_name":"Dicodusport","article_publisher":"https:\/\/www.facebook.com\/dicodusport","article_author":"https:\/\/www.facebook.com\/florent.ostermann","article_published_time":"2026-04-08T15:49:22+00:00","article_modified_time":"2026-04-08T16:34:27+00:00","og_image":[{"width":1200,"height":674,"url":"https:\/\/dicodusport.fr\/blog\/wp-content\/uploads\/2026\/04\/Resultats-Grand-Prix-de-lEscaut-2026-classement-de-la-course.png","type":"image\/png"}],"author":"Flo Ostermann","twitter_card":"summary_large_image","twitter_title":"Grand Prix de l'Escaut 2026 : Qui a gagn\u00e9 la course ? Classement et r\u00e9sultats complets","twitter_creator":"@https:\/\/twitter.com\/FlOstermann","twitter_site":"@dicodusport","schema":{"@context":"https:\/\/schema.org","@graph":[{"@type":"NewsArticle","@id":"https:\/\/dicodusport.fr\/blog\/resultats-grand-prix-de-l-escaut-2026-classement-de-la-course\/#article","isPartOf":{"@id":"https:\/\/dicodusport.fr\/blog\/resultats-grand-prix-de-l-escaut-2026-classement-de-la-course\/"},"author":{"name":"Flo Ostermann","@id":"https:\/\/dicodusport.fr\/blog\/#\/schema\/person\/cb02af4c173ce4a653b55e9baf388d4a"},"headline":"R\u00e9sultats Grand Prix de l&rsquo;Escaut 2026 : classement de la course","datePublished":"2026-04-08T15:49:22+00:00","dateModified":"2026-04-08T16:34:27+00:00","mainEntityOfPage":{"@id":"https:\/\/dicodusport.fr\/blog\/resultats-grand-prix-de-l-escaut-2026-classement-de-la-course\/"},"wordCount":813,"commentCount":0,"publisher":{"@id":"https:\/\/dicodusport.fr\/blog\/#organization"},"image":{"@id":"https:\/\/dicodusport.fr\/blog\/resultats-grand-prix-de-l-escaut-2026-classement-de-la-course\/#primaryimage"},"thumbnailUrl":"https:\/\/dicodusport.fr\/blog\/wp-content\/uploads\/2026\/04\/Resultats-Grand-Prix-de-lEscaut-2026-classement-de-la-course.png","keywords":["br\u00e8ve","Cyclisme","Cyclisme sur route","Grand Prix de l'Escaut"],"articleSection":["Cyclisme sur route"],"inLanguage":"fr-FR","potentialAction":[{"@type":"CommentAction","name":"Comment","target":["https:\/\/dicodusport.fr\/blog\/resultats-grand-prix-de-l-escaut-2026-classement-de-la-course\/#respond"]}],"copyrightYear":"2026","copyrightHolder":{"@id":"https:\/\/dicodusport.fr\/blog\/#organization"}},{"@type":"WebPage","@id":"https:\/\/dicodusport.fr\/blog\/resultats-grand-prix-de-l-escaut-2026-classement-de-la-course\/","url":"https:\/\/dicodusport.fr\/blog\/resultats-grand-prix-de-l-escaut-2026-classement-de-la-course\/","name":"R\u00e9sultats Grand Prix de l'Escaut 2026 : classement de la course","isPartOf":{"@id":"https:\/\/dicodusport.fr\/blog\/#website"},"primaryImageOfPage":{"@id":"https:\/\/dicodusport.fr\/blog\/resultats-grand-prix-de-l-escaut-2026-classement-de-la-course\/#primaryimage"},"image":{"@id":"https:\/\/dicodusport.fr\/blog\/resultats-grand-prix-de-l-escaut-2026-classement-de-la-course\/#primaryimage"},"thumbnailUrl":"https:\/\/dicodusport.fr\/blog\/wp-content\/uploads\/2026\/04\/Resultats-Grand-Prix-de-lEscaut-2026-classement-de-la-course.png","datePublished":"2026-04-08T15:49:22+00:00","dateModified":"2026-04-08T16:34:27+00:00","description":"Qui a remport\u00e9 le Grand Prix de l'Escaut 2026 ? D\u00e9couvrez le classement et les r\u00e9sultats complets de l'\u00e9preuve destin\u00e9e aux sprinteurs, qui s'est d\u00e9roul\u00e9e ce mercredi 8 avril 2026.","breadcrumb":{"@id":"https:\/\/dicodusport.fr\/blog\/resultats-grand-prix-de-l-escaut-2026-classement-de-la-course\/#breadcrumb"},"inLanguage":"fr-FR","potentialAction":[{"@type":"ReadAction","target":["https:\/\/dicodusport.fr\/blog\/resultats-grand-prix-de-l-escaut-2026-classement-de-la-course\/"]}]},{"@type":"ImageObject","inLanguage":"fr-FR","@id":"https:\/\/dicodusport.fr\/blog\/resultats-grand-prix-de-l-escaut-2026-classement-de-la-course\/#primaryimage","url":"https:\/\/dicodusport.fr\/blog\/wp-content\/uploads\/2026\/04\/Resultats-Grand-Prix-de-lEscaut-2026-classement-de-la-course.png","contentUrl":"https:\/\/dicodusport.fr\/blog\/wp-content\/uploads\/2026\/04\/Resultats-Grand-Prix-de-lEscaut-2026-classement-de-la-course.png","width":1200,"height":674,"caption":"R\u00e9sultats Grand Prix de l'Escaut 2026 classement de la course"},{"@type":"BreadcrumbList","@id":"https:\/\/dicodusport.fr\/blog\/resultats-grand-prix-de-l-escaut-2026-classement-de-la-course\/#breadcrumb","itemListElement":[{"@type":"ListItem","position":1,"name":"Accueil","item":"https:\/\/dicodusport.fr\/blog\/"},{"@type":"ListItem","position":2,"name":"R\u00e9sultats Grand Prix de l&rsquo;Escaut 2026 : classement de la course"}]},{"@type":"WebSite","@id":"https:\/\/dicodusport.fr\/blog\/#website","url":"https:\/\/dicodusport.fr\/blog\/","name":"Dicodusport","description":"L&#039;encyclop\u00e9die de l&#039;actualit\u00e9 sportive","publisher":{"@id":"https:\/\/dicodusport.fr\/blog\/#organization"},"potentialAction":[{"@type":"SearchAction","target":{"@type":"EntryPoint","urlTemplate":"https:\/\/dicodusport.fr\/blog\/?s={search_term_string}"},"query-input":{"@type":"PropertyValueSpecification","valueRequired":true,"valueName":"search_term_string"}}],"inLanguage":"fr-FR"},{"@type":"NewsMediaOrganization","@id":"https:\/\/dicodusport.fr\/blog\/#organization","name":"Dicodusport","url":"https:\/\/dicodusport.fr\/blog\/","logo":{"@type":"ImageObject","inLanguage":"fr-FR","@id":"https:\/\/dicodusport.fr\/blog\/#\/schema\/logo\/image\/","url":"https:\/\/dicodusport.fr\/blog\/wp-content\/uploads\/2020\/06\/cropped-LOGO-DICODUSPORT-2020-SANS-FOND-SANS-TEXTE.png","contentUrl":"https:\/\/dicodusport.fr\/blog\/wp-content\/uploads\/2020\/06\/cropped-LOGO-DICODUSPORT-2020-SANS-FOND-SANS-TEXTE.png","width":512,"height":512,"caption":"Dicodusport"},"image":{"@id":"https:\/\/dicodusport.fr\/blog\/#\/schema\/logo\/image\/"},"sameAs":["https:\/\/www.facebook.com\/dicodusport","https:\/\/x.com\/dicodusport","https:\/\/www.instagram.com\/dicodusport\/","https:\/\/www.youtube.com\/channel\/UC7V2KZ5sd3htJivAbA4ZG3w"],"description":"Dicodusport est l'encyclop\u00e9die de l'actualit\u00e9 sportive.","email":"bonjour@dicodusport.fr","legalName":"DICODUSPORT","foundingDate":"2018-01-14","vatID":"FR71834470973","taxID":"83447097300043","numberOfEmployees":{"@type":"QuantitativeValue","minValue":"1","maxValue":"10"}},{"@type":"Person","@id":"https:\/\/dicodusport.fr\/blog\/#\/schema\/person\/cb02af4c173ce4a653b55e9baf388d4a","name":"Flo Ostermann","image":{"@type":"ImageObject","inLanguage":"fr-FR","@id":"https:\/\/dicodusport.fr\/blog\/#\/schema\/person\/image\/","url":"https:\/\/dicodusport.fr\/blog\/wp-content\/uploads\/2021\/05\/Flo-Ostermann-150x150.jpg","contentUrl":"https:\/\/dicodusport.fr\/blog\/wp-content\/uploads\/2021\/05\/Flo-Ostermann-150x150.jpg","caption":"Flo Ostermann"},"description":"Journaliste\/R\u00e9dacteur depuis septembre 2015 - Mes premiers souvenirs dans le sport ? Les envol\u00e9es du Stade Toulousain et les duels Villeneuve-Schumacher et H\u00e4kkinen-Schumacher \u00e0 la fin des ann\u00e9es 90, la Coupe du monde de football en 1998, l\u2019exploit du XV de France face aux All Blacks en 1999, mais aussi Richard C\u0153ur de Lion qui vole sur les montagnes du Tour de France. Bien parti pour devenir professeur d\u2019EPS, les \u00e9v\u00e9nements de la vie (et la flemme d\u2019animer des s\u00e9ances de 3x500 m\u00e8tres toute ma vie) m\u2019ont conduit \u00e0 revoir mes plans. Me voil\u00e0 depuis fin 2017 sur Dicodusport, m\u00e9dia gr\u00e2ce (et pour) lequel je partage ma passion : le sport dans tous ses \u00e9tats. Le tout accompagn\u00e9 par les fous furieux et folles furieuses cit\u00e9s sur cette page !","sameAs":["https:\/\/www.facebook.com\/florent.ostermann","https:\/\/x.com\/https:\/\/twitter.com\/FlOstermann","admin"],"url":"https:\/\/dicodusport.fr\/blog\/author\/flo\/"}]}},"_links":{"self":[{"href":"https:\/\/dicodusport.fr\/blog\/wp-json\/wp\/v2\/posts\/661165","targetHints":{"allow":["GET"]}}],"collection":[{"href":"https:\/\/dicodusport.fr\/blog\/wp-json\/wp\/v2\/posts"}],"about":[{"href":"https:\/\/dicodusport.fr\/blog\/wp-json\/wp\/v2\/types\/post"}],"author":[{"embeddable":true,"href":"https:\/\/dicodusport.fr\/blog\/wp-json\/wp\/v2\/users\/4"}],"replies":[{"embeddable":true,"href":"https:\/\/dicodusport.fr\/blog\/wp-json\/wp\/v2\/comments?post=661165"}],"version-history":[{"count":5,"href":"https:\/\/dicodusport.fr\/blog\/wp-json\/wp\/v2\/posts\/661165\/revisions"}],"predecessor-version":[{"id":661324,"href":"https:\/\/dicodusport.fr\/blog\/wp-json\/wp\/v2\/posts\/661165\/revisions\/661324"}],"wp:featuredmedia":[{"embeddable":true,"href":"https:\/\/dicodusport.fr\/blog\/wp-json\/wp\/v2\/media\/661170"}],"wp:attachment":[{"href":"https:\/\/dicodusport.fr\/blog\/wp-json\/wp\/v2\/media?parent=661165"}],"wp:term":[{"taxonomy":"category","embeddable":true,"href":"https:\/\/dicodusport.fr\/blog\/wp-json\/wp\/v2\/categories?post=661165"},{"taxonomy":"post_tag","embeddable":true,"href":"https:\/\/dicodusport.fr\/blog\/wp-json\/wp\/v2\/tags?post=661165"}],"curies":[{"name":"wp","href":"https:\/\/api.w.org\/{rel}","templated":true}]}}