{"id":661416,"date":"2026-04-09T09:59:37","date_gmt":"2026-04-09T07:59:37","guid":{"rendered":"https:\/\/dicodusport.fr\/blog\/?p=661416&#038;preview=true&#038;preview_id=661416"},"modified":"2026-04-09T13:36:35","modified_gmt":"2026-04-09T11:36:35","slug":"surprise-pauline-ferrand-prevot-defendra-finalement-son-titre-sur-paris-roubaix","status":"publish","type":"post","link":"https:\/\/dicodusport.fr\/blog\/surprise-pauline-ferrand-prevot-defendra-finalement-son-titre-sur-paris-roubaix\/","title":{"rendered":"Surprise : Pauline Ferrand-Pr\u00e9vot d\u00e9fendra finalement son titre sur Paris-Roubaix"},"content":{"rendered":"<p style=\"text-align: justify;\"><strong><em>PARIS-ROUBAIX FEMMES 2026 &#8211; Selon <a href=\"https:\/\/www.lequipe.fr\/Cyclisme-sur-route\/Actualites\/Elle-sera-finalement-la-pauline-ferrand-prevot-vainqueure-de-l-edition-2025-prendra-le-depart-de-paris-roubaix-dimanche\/1666342?fbclid=IwY2xjawRENpRleHRuA2FlbQIxMABicmlkETFNZzh5eUxBN1R6c0tlbUc0c3J0YwZhcHBfaWQQMjIyMDM5MTc4ODIwMDg5MgABHto9J6hn_PIAuaX9M2jTS2QrxMA-Eks3lfhckrfRv3RJTiz8JKN802GqptGy_aem_05BlgkhfKKB2cgeOwgUKLw\">L&rsquo;\u00c9quipe<\/a>, Pauline Ferrand-Pr\u00e9vot va s&rsquo;aligner sur l&rsquo;Enfer du Nord pour d\u00e9fendre son titre.<\/em><\/strong><\/p>\n<ul>\n<li style=\"text-align: justify;\"><strong>\u00c0 ce sujet &#8211; <a href=\"https:\/\/dicodusport.fr\/blog\/actualites\/cyclisme\/\">L&rsquo;actualit\u00e9 du cyclisme<\/a><\/strong><\/li>\n<\/ul>\n<p style=\"text-align: justify;\">Elle n&rsquo;en finit pas de nous surprendre ! <strong>Pauline Ferrand-Pr\u00e9vot<\/strong> avait annonc\u00e9 ne pas participer \u00e0 <strong>Paris-Roubaix<\/strong>, <a href=\"https:\/\/dicodusport.fr\/blog\/programme-corse-pour-pauline-ferrand-prevot-en-2026\/\">quand elle avait annonc\u00e9 son programme en d\u00e9but de saison<\/a>. Mais, selon les informations de nos confr\u00e8res de <em>L&rsquo;\u00c9quipe<\/em>, elle sera bel et bien align\u00e9e sur les pav\u00e9s de l&rsquo;Enfer du Nord, et y d\u00e9fendra donc son titre.<\/p>\n<div class=\"vlp-link-container vlp-layout-article\"><a href=\"https:\/\/dicodusport.fr\/blog\/paris-roubaix-femmes-2025-pauline-ferrand-prevot-triomphe-sur-lenfer-du-nord\/\" class=\"vlp-link\" title=\"Paris-Roubaix Femmes 2025 : Pauline Ferrand-Pr\u00e9vot triomphe sur l&#039;Enfer du Nord !\"><\/a><div class=\"vlp-layout-zone-side\"><div class=\"vlp-block-4 vlp-link-image\"><img loading=\"lazy\" decoding=\"async\" style=\"max-width: 792px;\" width=\"792\" height=\"445\" src=\"https:\/\/dicodusport.fr\/blog\/wp-content\/uploads\/2025\/04\/Paris-Roubaix-Femmes-2025-Pauline-Ferrand-Prevot-triomphe-sur-lEnfer-du-Nord-1-1.png\" class=\"attachment-800x445 size-800x445\" alt=\"Paris-Roubaix Femmes 2025 Pauline Ferrand-Pr\u00e9vot triomphe sur l&#039;Enfer du Nord !\" srcset=\"https:\/\/dicodusport.fr\/blog\/wp-content\/uploads\/2025\/04\/Paris-Roubaix-Femmes-2025-Pauline-Ferrand-Prevot-triomphe-sur-lEnfer-du-Nord-1-1.png 1200w, https:\/\/dicodusport.fr\/blog\/wp-content\/uploads\/2025\/04\/Paris-Roubaix-Femmes-2025-Pauline-Ferrand-Prevot-triomphe-sur-lEnfer-du-Nord-1-1-300x169.png 300w, https:\/\/dicodusport.fr\/blog\/wp-content\/uploads\/2025\/04\/Paris-Roubaix-Femmes-2025-Pauline-Ferrand-Prevot-triomphe-sur-lEnfer-du-Nord-1-1-1024x575.png 1024w, https:\/\/dicodusport.fr\/blog\/wp-content\/uploads\/2025\/04\/Paris-Roubaix-Femmes-2025-Pauline-Ferrand-Prevot-triomphe-sur-lEnfer-du-Nord-1-1-768x431.png 768w\" sizes=\"auto, (max-width: 792px) 100vw, 792px\" \/><\/div><\/div><div class=\"vlp-layout-zone-main\"><div class=\"vlp-block-0 vlp-link-title\">Paris-Roubaix Femmes 2025 : Pauline Ferrand-Pr\u00e9vot triomphe sur l'Enfer du Nord !<\/div><div class=\"vlp-block-1 vlp-link-summary\">PARIS-ROUBAIX FEMMES 2025 - Incroyable Pauline Ferrand-Pr\u00e9vot, qui a produit son effort au bon moment, et a \u00e9c\u0153ur\u00e9 les favorites pour triompher sur le V\u00e9lodrome de Roubaix. Un succ\u00e8s magistral qui fait d'elle la premi\u00e8re Fran\u00e7aise laur\u00e9ate de l'Enfer du Nord.\u00a0<\/div><div class=\"vlp-block-2 vlp-link-button\">Lire l'article<\/div><div class=\"vlp-block-3 vlp-link-url\">dicodusport.fr<\/div><\/div><\/div>\n<h2>Troisi\u00e8me jour de course en 2026 sur Paris-Roubaix<\/h2>\n<p style=\"text-align: justify;\">Tenante du titre (et seule laur\u00e9ate tricolore hommes et femmes confondus au XXI\u00e8me si\u00e8cle) la Fran\u00e7aise a finalement fait le choix de revenir sur les lieux d&rsquo;un de ses plus gros succ\u00e8s de l&rsquo;ann\u00e9e 2025. Deuxi\u00e8me du Tour des Flandres dimanche dernier &#8211; <a href=\"https:\/\/dicodusport.fr\/blog\/demi-vollering-soffre-enfin-le-tour-des-flandres-pauline-ferrand-prevot-sur-le-podium\/\">domin\u00e9e par une surpuissante <strong>Demi Vollering <\/strong>sur les pentes du Vieux-Quaremont<\/a>, l&rsquo;app\u00e9tit vient en mangeant pour la Fran\u00e7aise, <a href=\"https:\/\/dicodusport.fr\/blog\/tour-des-flandres-femmes-2025-lotte-kopecky-simpose-et-marque-lhistoire-pauline-ferrand-prevot-2eme\/\">qui avait d\u00e9j\u00e0 termin\u00e9 \u00e0 la deuxi\u00e8me place du Ronde en 2025<\/a>.<\/p>\n<p style=\"text-align: justify;\">Au d\u00e9part \u00e0 Compi\u00e8gne, elle entamera son 3\u00e8me jour de course de l&rsquo;ann\u00e9e 2026, apr\u00e8s des Strade Bianche Donne contrast\u00e9es et marqu\u00e9es par un p\u00e9pin m\u00e9canique au plus mauvais moment, et donc sa deuxi\u00e8me place sur le Ronde. Alors que son premier objectif majeur de sa saison est <strong>Li\u00e8ge-Bastogne-Li\u00e8ge<\/strong>, qui aura lieu deux semaines apr\u00e8s Paris-Roubaix, la Tricolore, <a href=\"https:\/\/dicodusport.fr\/blog\/9eme-etape-tour-de-france-femmes-2025-pauline-ferrand-prevot-triomphe-a-chatel-et-remporte-le-classement-general\/\">laur\u00e9ate du Tour de France 2025<\/a>, a choisi de muscler un peu son programme. Rendez-vous ce dimanche. Pour la premi\u00e8re fois, Paris-Roubaix femmes se tiendra le m\u00eame jour que la course hommes.<\/p>\n<h3>\u00c0 ce sujet<\/h3>\n<div class=\"vlp-link-container vlp-layout-article\"><a href=\"https:\/\/dicodusport.fr\/blog\/le-cyclisme-feminin-est-il-devenu-plus-interessant-que-le-cyclisme-masculin\/\" class=\"vlp-link\" title=\"Le cyclisme f\u00e9minin est-il devenu plus int\u00e9ressant que le cyclisme masculin ?\"><\/a><div class=\"vlp-layout-zone-side\"><div class=\"vlp-block-4 vlp-link-image\"><img loading=\"lazy\" decoding=\"async\" style=\"max-width: 792px;\" width=\"792\" height=\"445\" src=\"https:\/\/dicodusport.fr\/blog\/wp-content\/uploads\/2026\/03\/Le-cyclisme-feminin-est-il-devenu-plus-interessant-que-le-cyclisme-masculin-1-1.png\" class=\"attachment-800x445 size-800x445\" alt=\"Le cyclisme f\u00e9minin est-il devenu plus int\u00e9ressant que le cyclisme masculin\" srcset=\"https:\/\/dicodusport.fr\/blog\/wp-content\/uploads\/2026\/03\/Le-cyclisme-feminin-est-il-devenu-plus-interessant-que-le-cyclisme-masculin-1-1.png 1200w, https:\/\/dicodusport.fr\/blog\/wp-content\/uploads\/2026\/03\/Le-cyclisme-feminin-est-il-devenu-plus-interessant-que-le-cyclisme-masculin-1-1-300x169.png 300w, https:\/\/dicodusport.fr\/blog\/wp-content\/uploads\/2026\/03\/Le-cyclisme-feminin-est-il-devenu-plus-interessant-que-le-cyclisme-masculin-1-1-1024x575.png 1024w, https:\/\/dicodusport.fr\/blog\/wp-content\/uploads\/2026\/03\/Le-cyclisme-feminin-est-il-devenu-plus-interessant-que-le-cyclisme-masculin-1-1-768x431.png 768w\" sizes=\"auto, (max-width: 792px) 100vw, 792px\" \/><\/div><\/div><div class=\"vlp-layout-zone-main\"><div class=\"vlp-block-0 vlp-link-title\">Le cyclisme f\u00e9minin est-il devenu plus int\u00e9ressant que le cyclisme masculin ?<\/div><div class=\"vlp-block-1 vlp-link-summary\">Apr\u00e8s les deux courses des Strade Bianche, la question se pose de l'int\u00e9r\u00eat du cyclisme f\u00e9minin par rapport au masculin.<\/div><div class=\"vlp-block-2 vlp-link-button\">Lire l'article<\/div><div class=\"vlp-block-3 vlp-link-url\">dicodusport.fr<\/div><\/div><\/div>\n<div id=\"gtx-trans\" style=\"position: absolute; left: -14px; top: 40.9091px;\">\n<div class=\"gtx-trans-icon\"><\/div>\n<\/div>\n","protected":false},"excerpt":{"rendered":"<p>PARIS-ROUBAIX FEMMES 2026 &#8211; Selon L&rsquo;\u00c9quipe, Pauline Ferrand-Pr\u00e9vot va s&rsquo;aligner sur l&rsquo;Enfer du Nord pour d\u00e9fendre son titre.<\/p>\n","protected":false},"author":83,"featured_media":661423,"comment_status":"open","ping_status":"closed","sticky":false,"template":"","format":"standard","meta":{"_acf_changed":false,"_daextam_enable_autolinks":"1","footnotes":""},"categories":[46994],"tags":[16878,574,11197,4164,1340],"class_list":["post-661416","post","type-post","status-publish","format-standard","has-post-thumbnail","hentry","category-cyclisme-sur-route","tag-breve","tag-cyclisme","tag-cyclisme-sur-route","tag-paris-roubaix","tag-pauline-ferrand-prevot"],"acf":[],"yoast_head":"<!-- This site is optimized with the Yoast SEO Premium plugin v26.7 (Yoast SEO v26.7) - https:\/\/yoast.com\/wordpress\/plugins\/seo\/ -->\n<title>Surprise : Pauline Ferrand-Pr\u00e9vot d\u00e9fendra finalement son titre sur Paris-Roubaix<\/title>\n<meta name=\"description\" content=\"PARIS-ROUBAIX FEMMES 2026 - Selon L&#039;\u00c9quipe, Pauline Ferrand-Pr\u00e9vot va s&#039;aligner sur l&#039;Enfer du Nord pour d\u00e9fendre son titre.\" \/>\n<meta name=\"robots\" content=\"index, follow, max-snippet:-1, max-image-preview:large, max-video-preview:-1\" \/>\n<link rel=\"canonical\" href=\"https:\/\/dicodusport.fr\/blog\/surprise-pauline-ferrand-prevot-defendra-finalement-son-titre-sur-paris-roubaix\/\" \/>\n<meta property=\"og:locale\" content=\"fr_FR\" \/>\n<meta property=\"og:type\" content=\"article\" \/>\n<meta property=\"og:title\" content=\"Surprise : Pauline Ferrand-Pr\u00e9vot d\u00e9fendra finalement son titre sur Paris-Roubaix\" \/>\n<meta property=\"og:description\" content=\"PARIS-ROUBAIX FEMMES 2026 - Selon L&#039;\u00c9quipe, Pauline Ferrand-Pr\u00e9vot va s&#039;aligner sur l&#039;Enfer du Nord pour d\u00e9fendre son titre.\" \/>\n<meta property=\"og:url\" content=\"https:\/\/dicodusport.fr\/blog\/surprise-pauline-ferrand-prevot-defendra-finalement-son-titre-sur-paris-roubaix\/\" \/>\n<meta property=\"og:site_name\" content=\"Dicodusport\" \/>\n<meta property=\"article:publisher\" content=\"https:\/\/www.facebook.com\/dicodusport\" \/>\n<meta property=\"article:published_time\" content=\"2026-04-09T07:59:37+00:00\" \/>\n<meta property=\"article:modified_time\" content=\"2026-04-09T11:36:35+00:00\" \/>\n<meta property=\"og:image\" content=\"https:\/\/dicodusport.fr\/blog\/wp-content\/uploads\/2026\/04\/Surprise-Pauline-Ferrand-Prevot-defendra-finalement-son-titre-sur-Paris-Roubaix-1.png\" \/>\n\t<meta property=\"og:image:width\" content=\"1200\" \/>\n\t<meta property=\"og:image:height\" content=\"674\" \/>\n\t<meta property=\"og:image:type\" content=\"image\/png\" \/>\n<meta name=\"author\" content=\"Etienne Goursaud\" \/>\n<meta name=\"twitter:card\" content=\"summary_large_image\" \/>\n<meta name=\"twitter:title\" content=\"Surprise : Pauline Ferrand-Pr\u00e9vot d\u00e9fendra finalement son titre sur Paris-Roubaix\" \/>\n<meta name=\"twitter:creator\" content=\"@dicodusport\" \/>\n<meta name=\"twitter:site\" content=\"@dicodusport\" \/>\n<script type=\"application\/ld+json\" class=\"yoast-schema-graph\">{\"@context\":\"https:\/\/schema.org\",\"@graph\":[{\"@type\":\"NewsArticle\",\"@id\":\"https:\/\/dicodusport.fr\/blog\/surprise-pauline-ferrand-prevot-defendra-finalement-son-titre-sur-paris-roubaix\/#article\",\"isPartOf\":{\"@id\":\"https:\/\/dicodusport.fr\/blog\/surprise-pauline-ferrand-prevot-defendra-finalement-son-titre-sur-paris-roubaix\/\"},\"author\":{\"name\":\"Etienne Goursaud\",\"@id\":\"https:\/\/dicodusport.fr\/blog\/#\/schema\/person\/d603dd7da31fb2b46c82b9835a77ec13\"},\"headline\":\"Surprise : Pauline Ferrand-Pr\u00e9vot d\u00e9fendra finalement son titre sur Paris-Roubaix\",\"datePublished\":\"2026-04-09T07:59:37+00:00\",\"dateModified\":\"2026-04-09T11:36:35+00:00\",\"mainEntityOfPage\":{\"@id\":\"https:\/\/dicodusport.fr\/blog\/surprise-pauline-ferrand-prevot-defendra-finalement-son-titre-sur-paris-roubaix\/\"},\"wordCount\":495,\"commentCount\":0,\"publisher\":{\"@id\":\"https:\/\/dicodusport.fr\/blog\/#organization\"},\"image\":{\"@id\":\"https:\/\/dicodusport.fr\/blog\/surprise-pauline-ferrand-prevot-defendra-finalement-son-titre-sur-paris-roubaix\/#primaryimage\"},\"thumbnailUrl\":\"https:\/\/dicodusport.fr\/blog\/wp-content\/uploads\/2026\/04\/Surprise-Pauline-Ferrand-Prevot-defendra-finalement-son-titre-sur-Paris-Roubaix-1.png\",\"keywords\":[\"br\u00e8ve\",\"Cyclisme\",\"Cyclisme sur route\",\"Paris-Roubaix\",\"Pauline Ferrand-Pr\u00e9vot\"],\"articleSection\":[\"Cyclisme sur route\"],\"inLanguage\":\"fr-FR\",\"potentialAction\":[{\"@type\":\"CommentAction\",\"name\":\"Comment\",\"target\":[\"https:\/\/dicodusport.fr\/blog\/surprise-pauline-ferrand-prevot-defendra-finalement-son-titre-sur-paris-roubaix\/#respond\"]}],\"copyrightYear\":\"2026\",\"copyrightHolder\":{\"@id\":\"https:\/\/dicodusport.fr\/blog\/#organization\"}},{\"@type\":\"WebPage\",\"@id\":\"https:\/\/dicodusport.fr\/blog\/surprise-pauline-ferrand-prevot-defendra-finalement-son-titre-sur-paris-roubaix\/\",\"url\":\"https:\/\/dicodusport.fr\/blog\/surprise-pauline-ferrand-prevot-defendra-finalement-son-titre-sur-paris-roubaix\/\",\"name\":\"Surprise : Pauline Ferrand-Pr\u00e9vot d\u00e9fendra finalement son titre sur Paris-Roubaix\",\"isPartOf\":{\"@id\":\"https:\/\/dicodusport.fr\/blog\/#website\"},\"primaryImageOfPage\":{\"@id\":\"https:\/\/dicodusport.fr\/blog\/surprise-pauline-ferrand-prevot-defendra-finalement-son-titre-sur-paris-roubaix\/#primaryimage\"},\"image\":{\"@id\":\"https:\/\/dicodusport.fr\/blog\/surprise-pauline-ferrand-prevot-defendra-finalement-son-titre-sur-paris-roubaix\/#primaryimage\"},\"thumbnailUrl\":\"https:\/\/dicodusport.fr\/blog\/wp-content\/uploads\/2026\/04\/Surprise-Pauline-Ferrand-Prevot-defendra-finalement-son-titre-sur-Paris-Roubaix-1.png\",\"datePublished\":\"2026-04-09T07:59:37+00:00\",\"dateModified\":\"2026-04-09T11:36:35+00:00\",\"description\":\"PARIS-ROUBAIX FEMMES 2026 - Selon L'\u00c9quipe, Pauline Ferrand-Pr\u00e9vot va s'aligner sur l'Enfer du Nord pour d\u00e9fendre son titre.\",\"breadcrumb\":{\"@id\":\"https:\/\/dicodusport.fr\/blog\/surprise-pauline-ferrand-prevot-defendra-finalement-son-titre-sur-paris-roubaix\/#breadcrumb\"},\"inLanguage\":\"fr-FR\",\"potentialAction\":[{\"@type\":\"ReadAction\",\"target\":[\"https:\/\/dicodusport.fr\/blog\/surprise-pauline-ferrand-prevot-defendra-finalement-son-titre-sur-paris-roubaix\/\"]}]},{\"@type\":\"ImageObject\",\"inLanguage\":\"fr-FR\",\"@id\":\"https:\/\/dicodusport.fr\/blog\/surprise-pauline-ferrand-prevot-defendra-finalement-son-titre-sur-paris-roubaix\/#primaryimage\",\"url\":\"https:\/\/dicodusport.fr\/blog\/wp-content\/uploads\/2026\/04\/Surprise-Pauline-Ferrand-Prevot-defendra-finalement-son-titre-sur-Paris-Roubaix-1.png\",\"contentUrl\":\"https:\/\/dicodusport.fr\/blog\/wp-content\/uploads\/2026\/04\/Surprise-Pauline-Ferrand-Prevot-defendra-finalement-son-titre-sur-Paris-Roubaix-1.png\",\"width\":1200,\"height\":674,\"caption\":\"Surprise Pauline Ferrand-Pr\u00e9vot d\u00e9fendra finalement son titre sur Paris-Roubaix\"},{\"@type\":\"BreadcrumbList\",\"@id\":\"https:\/\/dicodusport.fr\/blog\/surprise-pauline-ferrand-prevot-defendra-finalement-son-titre-sur-paris-roubaix\/#breadcrumb\",\"itemListElement\":[{\"@type\":\"ListItem\",\"position\":1,\"name\":\"Accueil\",\"item\":\"https:\/\/dicodusport.fr\/blog\/\"},{\"@type\":\"ListItem\",\"position\":2,\"name\":\"Surprise : Pauline Ferrand-Pr\u00e9vot d\u00e9fendra finalement son titre sur Paris-Roubaix\"}]},{\"@type\":\"WebSite\",\"@id\":\"https:\/\/dicodusport.fr\/blog\/#website\",\"url\":\"https:\/\/dicodusport.fr\/blog\/\",\"name\":\"Dicodusport\",\"description\":\"L&#039;encyclop\u00e9die de l&#039;actualit\u00e9 sportive\",\"publisher\":{\"@id\":\"https:\/\/dicodusport.fr\/blog\/#organization\"},\"potentialAction\":[{\"@type\":\"SearchAction\",\"target\":{\"@type\":\"EntryPoint\",\"urlTemplate\":\"https:\/\/dicodusport.fr\/blog\/?s={search_term_string}\"},\"query-input\":{\"@type\":\"PropertyValueSpecification\",\"valueRequired\":true,\"valueName\":\"search_term_string\"}}],\"inLanguage\":\"fr-FR\"},{\"@type\":\"NewsMediaOrganization\",\"@id\":\"https:\/\/dicodusport.fr\/blog\/#organization\",\"name\":\"Dicodusport\",\"url\":\"https:\/\/dicodusport.fr\/blog\/\",\"logo\":{\"@type\":\"ImageObject\",\"inLanguage\":\"fr-FR\",\"@id\":\"https:\/\/dicodusport.fr\/blog\/#\/schema\/logo\/image\/\",\"url\":\"https:\/\/dicodusport.fr\/blog\/wp-content\/uploads\/2020\/06\/cropped-LOGO-DICODUSPORT-2020-SANS-FOND-SANS-TEXTE.png\",\"contentUrl\":\"https:\/\/dicodusport.fr\/blog\/wp-content\/uploads\/2020\/06\/cropped-LOGO-DICODUSPORT-2020-SANS-FOND-SANS-TEXTE.png\",\"width\":512,\"height\":512,\"caption\":\"Dicodusport\"},\"image\":{\"@id\":\"https:\/\/dicodusport.fr\/blog\/#\/schema\/logo\/image\/\"},\"sameAs\":[\"https:\/\/www.facebook.com\/dicodusport\",\"https:\/\/x.com\/dicodusport\",\"https:\/\/www.instagram.com\/dicodusport\/\",\"https:\/\/www.youtube.com\/channel\/UC7V2KZ5sd3htJivAbA4ZG3w\"],\"description\":\"Dicodusport est l'encyclop\u00e9die de l'actualit\u00e9 sportive.\",\"email\":\"bonjour@dicodusport.fr\",\"legalName\":\"DICODUSPORT\",\"foundingDate\":\"2018-01-14\",\"vatID\":\"FR71834470973\",\"taxID\":\"83447097300043\",\"numberOfEmployees\":{\"@type\":\"QuantitativeValue\",\"minValue\":\"1\",\"maxValue\":\"10\"}},{\"@type\":\"Person\",\"@id\":\"https:\/\/dicodusport.fr\/blog\/#\/schema\/person\/d603dd7da31fb2b46c82b9835a77ec13\",\"name\":\"Etienne Goursaud\",\"image\":{\"@type\":\"ImageObject\",\"inLanguage\":\"fr-FR\",\"@id\":\"https:\/\/dicodusport.fr\/blog\/#\/schema\/person\/image\/\",\"url\":\"https:\/\/dicodusport.fr\/blog\/wp-content\/uploads\/2023\/12\/410122264_10231602061736049_5565839791558026645_n-150x150.jpg\",\"contentUrl\":\"https:\/\/dicodusport.fr\/blog\/wp-content\/uploads\/2023\/12\/410122264_10231602061736049_5565839791558026645_n-150x150.jpg\",\"caption\":\"Etienne Goursaud\"},\"description\":\"Journaliste et amoureux de sport. Ancien footballeur reconverti athl\u00e8te quand ses muscles le laissent tranquille. \u00c9lev\u00e9 \u00e0 la sauce des exploits de Thomas Voeckler en 2004, du dernier essai de l\u00e9gende de Eunice Barber \u00e0 la longueur lors des championnats du monde d'athl\u00e9tisme de 2003 mais aussi Zidane, Omeyer et Titou Lamaison.\",\"url\":\"https:\/\/dicodusport.fr\/blog\/author\/etienne-goursaud\/\"}]}<\/script>\n<!-- \/ Yoast SEO Premium plugin. -->","yoast_head_json":{"title":"Surprise : Pauline Ferrand-Pr\u00e9vot d\u00e9fendra finalement son titre sur Paris-Roubaix","description":"PARIS-ROUBAIX FEMMES 2026 - Selon L'\u00c9quipe, Pauline Ferrand-Pr\u00e9vot va s'aligner sur l'Enfer du Nord pour d\u00e9fendre son titre.","robots":{"index":"index","follow":"follow","max-snippet":"max-snippet:-1","max-image-preview":"max-image-preview:large","max-video-preview":"max-video-preview:-1"},"canonical":"https:\/\/dicodusport.fr\/blog\/surprise-pauline-ferrand-prevot-defendra-finalement-son-titre-sur-paris-roubaix\/","og_locale":"fr_FR","og_type":"article","og_title":"Surprise : Pauline Ferrand-Pr\u00e9vot d\u00e9fendra finalement son titre sur Paris-Roubaix","og_description":"PARIS-ROUBAIX FEMMES 2026 - Selon L'\u00c9quipe, Pauline Ferrand-Pr\u00e9vot va s'aligner sur l'Enfer du Nord pour d\u00e9fendre son titre.","og_url":"https:\/\/dicodusport.fr\/blog\/surprise-pauline-ferrand-prevot-defendra-finalement-son-titre-sur-paris-roubaix\/","og_site_name":"Dicodusport","article_publisher":"https:\/\/www.facebook.com\/dicodusport","article_published_time":"2026-04-09T07:59:37+00:00","article_modified_time":"2026-04-09T11:36:35+00:00","og_image":[{"width":1200,"height":674,"url":"https:\/\/dicodusport.fr\/blog\/wp-content\/uploads\/2026\/04\/Surprise-Pauline-Ferrand-Prevot-defendra-finalement-son-titre-sur-Paris-Roubaix-1.png","type":"image\/png"}],"author":"Etienne Goursaud","twitter_card":"summary_large_image","twitter_title":"Surprise : Pauline Ferrand-Pr\u00e9vot d\u00e9fendra finalement son titre sur Paris-Roubaix","twitter_creator":"@dicodusport","twitter_site":"@dicodusport","schema":{"@context":"https:\/\/schema.org","@graph":[{"@type":"NewsArticle","@id":"https:\/\/dicodusport.fr\/blog\/surprise-pauline-ferrand-prevot-defendra-finalement-son-titre-sur-paris-roubaix\/#article","isPartOf":{"@id":"https:\/\/dicodusport.fr\/blog\/surprise-pauline-ferrand-prevot-defendra-finalement-son-titre-sur-paris-roubaix\/"},"author":{"name":"Etienne Goursaud","@id":"https:\/\/dicodusport.fr\/blog\/#\/schema\/person\/d603dd7da31fb2b46c82b9835a77ec13"},"headline":"Surprise : Pauline Ferrand-Pr\u00e9vot d\u00e9fendra finalement son titre sur Paris-Roubaix","datePublished":"2026-04-09T07:59:37+00:00","dateModified":"2026-04-09T11:36:35+00:00","mainEntityOfPage":{"@id":"https:\/\/dicodusport.fr\/blog\/surprise-pauline-ferrand-prevot-defendra-finalement-son-titre-sur-paris-roubaix\/"},"wordCount":495,"commentCount":0,"publisher":{"@id":"https:\/\/dicodusport.fr\/blog\/#organization"},"image":{"@id":"https:\/\/dicodusport.fr\/blog\/surprise-pauline-ferrand-prevot-defendra-finalement-son-titre-sur-paris-roubaix\/#primaryimage"},"thumbnailUrl":"https:\/\/dicodusport.fr\/blog\/wp-content\/uploads\/2026\/04\/Surprise-Pauline-Ferrand-Prevot-defendra-finalement-son-titre-sur-Paris-Roubaix-1.png","keywords":["br\u00e8ve","Cyclisme","Cyclisme sur route","Paris-Roubaix","Pauline Ferrand-Pr\u00e9vot"],"articleSection":["Cyclisme sur route"],"inLanguage":"fr-FR","potentialAction":[{"@type":"CommentAction","name":"Comment","target":["https:\/\/dicodusport.fr\/blog\/surprise-pauline-ferrand-prevot-defendra-finalement-son-titre-sur-paris-roubaix\/#respond"]}],"copyrightYear":"2026","copyrightHolder":{"@id":"https:\/\/dicodusport.fr\/blog\/#organization"}},{"@type":"WebPage","@id":"https:\/\/dicodusport.fr\/blog\/surprise-pauline-ferrand-prevot-defendra-finalement-son-titre-sur-paris-roubaix\/","url":"https:\/\/dicodusport.fr\/blog\/surprise-pauline-ferrand-prevot-defendra-finalement-son-titre-sur-paris-roubaix\/","name":"Surprise : Pauline Ferrand-Pr\u00e9vot d\u00e9fendra finalement son titre sur Paris-Roubaix","isPartOf":{"@id":"https:\/\/dicodusport.fr\/blog\/#website"},"primaryImageOfPage":{"@id":"https:\/\/dicodusport.fr\/blog\/surprise-pauline-ferrand-prevot-defendra-finalement-son-titre-sur-paris-roubaix\/#primaryimage"},"image":{"@id":"https:\/\/dicodusport.fr\/blog\/surprise-pauline-ferrand-prevot-defendra-finalement-son-titre-sur-paris-roubaix\/#primaryimage"},"thumbnailUrl":"https:\/\/dicodusport.fr\/blog\/wp-content\/uploads\/2026\/04\/Surprise-Pauline-Ferrand-Prevot-defendra-finalement-son-titre-sur-Paris-Roubaix-1.png","datePublished":"2026-04-09T07:59:37+00:00","dateModified":"2026-04-09T11:36:35+00:00","description":"PARIS-ROUBAIX FEMMES 2026 - Selon L'\u00c9quipe, Pauline Ferrand-Pr\u00e9vot va s'aligner sur l'Enfer du Nord pour d\u00e9fendre son titre.","breadcrumb":{"@id":"https:\/\/dicodusport.fr\/blog\/surprise-pauline-ferrand-prevot-defendra-finalement-son-titre-sur-paris-roubaix\/#breadcrumb"},"inLanguage":"fr-FR","potentialAction":[{"@type":"ReadAction","target":["https:\/\/dicodusport.fr\/blog\/surprise-pauline-ferrand-prevot-defendra-finalement-son-titre-sur-paris-roubaix\/"]}]},{"@type":"ImageObject","inLanguage":"fr-FR","@id":"https:\/\/dicodusport.fr\/blog\/surprise-pauline-ferrand-prevot-defendra-finalement-son-titre-sur-paris-roubaix\/#primaryimage","url":"https:\/\/dicodusport.fr\/blog\/wp-content\/uploads\/2026\/04\/Surprise-Pauline-Ferrand-Prevot-defendra-finalement-son-titre-sur-Paris-Roubaix-1.png","contentUrl":"https:\/\/dicodusport.fr\/blog\/wp-content\/uploads\/2026\/04\/Surprise-Pauline-Ferrand-Prevot-defendra-finalement-son-titre-sur-Paris-Roubaix-1.png","width":1200,"height":674,"caption":"Surprise Pauline Ferrand-Pr\u00e9vot d\u00e9fendra finalement son titre sur Paris-Roubaix"},{"@type":"BreadcrumbList","@id":"https:\/\/dicodusport.fr\/blog\/surprise-pauline-ferrand-prevot-defendra-finalement-son-titre-sur-paris-roubaix\/#breadcrumb","itemListElement":[{"@type":"ListItem","position":1,"name":"Accueil","item":"https:\/\/dicodusport.fr\/blog\/"},{"@type":"ListItem","position":2,"name":"Surprise : Pauline Ferrand-Pr\u00e9vot d\u00e9fendra finalement son titre sur Paris-Roubaix"}]},{"@type":"WebSite","@id":"https:\/\/dicodusport.fr\/blog\/#website","url":"https:\/\/dicodusport.fr\/blog\/","name":"Dicodusport","description":"L&#039;encyclop\u00e9die de l&#039;actualit\u00e9 sportive","publisher":{"@id":"https:\/\/dicodusport.fr\/blog\/#organization"},"potentialAction":[{"@type":"SearchAction","target":{"@type":"EntryPoint","urlTemplate":"https:\/\/dicodusport.fr\/blog\/?s={search_term_string}"},"query-input":{"@type":"PropertyValueSpecification","valueRequired":true,"valueName":"search_term_string"}}],"inLanguage":"fr-FR"},{"@type":"NewsMediaOrganization","@id":"https:\/\/dicodusport.fr\/blog\/#organization","name":"Dicodusport","url":"https:\/\/dicodusport.fr\/blog\/","logo":{"@type":"ImageObject","inLanguage":"fr-FR","@id":"https:\/\/dicodusport.fr\/blog\/#\/schema\/logo\/image\/","url":"https:\/\/dicodusport.fr\/blog\/wp-content\/uploads\/2020\/06\/cropped-LOGO-DICODUSPORT-2020-SANS-FOND-SANS-TEXTE.png","contentUrl":"https:\/\/dicodusport.fr\/blog\/wp-content\/uploads\/2020\/06\/cropped-LOGO-DICODUSPORT-2020-SANS-FOND-SANS-TEXTE.png","width":512,"height":512,"caption":"Dicodusport"},"image":{"@id":"https:\/\/dicodusport.fr\/blog\/#\/schema\/logo\/image\/"},"sameAs":["https:\/\/www.facebook.com\/dicodusport","https:\/\/x.com\/dicodusport","https:\/\/www.instagram.com\/dicodusport\/","https:\/\/www.youtube.com\/channel\/UC7V2KZ5sd3htJivAbA4ZG3w"],"description":"Dicodusport est l'encyclop\u00e9die de l'actualit\u00e9 sportive.","email":"bonjour@dicodusport.fr","legalName":"DICODUSPORT","foundingDate":"2018-01-14","vatID":"FR71834470973","taxID":"83447097300043","numberOfEmployees":{"@type":"QuantitativeValue","minValue":"1","maxValue":"10"}},{"@type":"Person","@id":"https:\/\/dicodusport.fr\/blog\/#\/schema\/person\/d603dd7da31fb2b46c82b9835a77ec13","name":"Etienne Goursaud","image":{"@type":"ImageObject","inLanguage":"fr-FR","@id":"https:\/\/dicodusport.fr\/blog\/#\/schema\/person\/image\/","url":"https:\/\/dicodusport.fr\/blog\/wp-content\/uploads\/2023\/12\/410122264_10231602061736049_5565839791558026645_n-150x150.jpg","contentUrl":"https:\/\/dicodusport.fr\/blog\/wp-content\/uploads\/2023\/12\/410122264_10231602061736049_5565839791558026645_n-150x150.jpg","caption":"Etienne Goursaud"},"description":"Journaliste et amoureux de sport. Ancien footballeur reconverti athl\u00e8te quand ses muscles le laissent tranquille. \u00c9lev\u00e9 \u00e0 la sauce des exploits de Thomas Voeckler en 2004, du dernier essai de l\u00e9gende de Eunice Barber \u00e0 la longueur lors des championnats du monde d'athl\u00e9tisme de 2003 mais aussi Zidane, Omeyer et Titou Lamaison.","url":"https:\/\/dicodusport.fr\/blog\/author\/etienne-goursaud\/"}]}},"_links":{"self":[{"href":"https:\/\/dicodusport.fr\/blog\/wp-json\/wp\/v2\/posts\/661416","targetHints":{"allow":["GET"]}}],"collection":[{"href":"https:\/\/dicodusport.fr\/blog\/wp-json\/wp\/v2\/posts"}],"about":[{"href":"https:\/\/dicodusport.fr\/blog\/wp-json\/wp\/v2\/types\/post"}],"author":[{"embeddable":true,"href":"https:\/\/dicodusport.fr\/blog\/wp-json\/wp\/v2\/users\/83"}],"replies":[{"embeddable":true,"href":"https:\/\/dicodusport.fr\/blog\/wp-json\/wp\/v2\/comments?post=661416"}],"version-history":[{"count":5,"href":"https:\/\/dicodusport.fr\/blog\/wp-json\/wp\/v2\/posts\/661416\/revisions"}],"predecessor-version":[{"id":661501,"href":"https:\/\/dicodusport.fr\/blog\/wp-json\/wp\/v2\/posts\/661416\/revisions\/661501"}],"wp:featuredmedia":[{"embeddable":true,"href":"https:\/\/dicodusport.fr\/blog\/wp-json\/wp\/v2\/media\/661423"}],"wp:attachment":[{"href":"https:\/\/dicodusport.fr\/blog\/wp-json\/wp\/v2\/media?parent=661416"}],"wp:term":[{"taxonomy":"category","embeddable":true,"href":"https:\/\/dicodusport.fr\/blog\/wp-json\/wp\/v2\/categories?post=661416"},{"taxonomy":"post_tag","embeddable":true,"href":"https:\/\/dicodusport.fr\/blog\/wp-json\/wp\/v2\/tags?post=661416"}],"curies":[{"name":"wp","href":"https:\/\/api.w.org\/{rel}","templated":true}]}}