{"id":662042,"date":"2026-04-11T17:49:34","date_gmt":"2026-04-11T15:49:34","guid":{"rendered":"https:\/\/dicodusport.fr\/blog\/?p=662042&#038;preview=true&#038;preview_id=662042"},"modified":"2026-04-12T07:35:30","modified_gmt":"2026-04-12T05:35:30","slug":"paul-seixas-remporte-le-tour-du-pays-basque-et-met-fin-aux-19-ans-de-disette-francaise","status":"publish","type":"post","link":"https:\/\/dicodusport.fr\/blog\/paul-seixas-remporte-le-tour-du-pays-basque-et-met-fin-aux-19-ans-de-disette-francaise\/","title":{"rendered":"Paul Seixas remporte le Tour du Pays Basque et met fin aux 19 ans de disette fran\u00e7aise !"},"content":{"rendered":"<p style=\"text-align: justify;\"><strong><em>TOUR DU PAYS BASQUE 2026 &#8211; Offensif toute la semaine, Paul Seixas remporte le classement g\u00e9n\u00e9ral et s&rsquo;affirme encore un peu plus comme l&rsquo;un des meilleurs grimpeurs du peloton. La derni\u00e8re \u00e9tape a quant \u00e0 elle \u00e9t\u00e9 remport\u00e9e par Andrew August.<\/em><\/strong><\/p>\n<h2 style=\"text-align: justify;\">Paul Seixas met un terme \u00e0 la disette fran\u00e7aise !<\/h2>\n<p style=\"text-align: justify;\">19 ans, 6 mois, 17 jours seulement et d\u00e9j\u00e0 une course par \u00e9tapes World Tour \u00e0 son palmar\u00e8s ! Depuis lundi, <strong>Paul Seixas<\/strong> n&rsquo;a laiss\u00e9 que des miettes \u00e0 ses adversaires. S&rsquo;il devient le premier Fran\u00e7ais \u00e0 remporter l&rsquo;\u00e9preuve depuis <strong>Laurent Jalabert<\/strong> en 1999, il met surtout un terme aux 19 ann\u00e9es de disette du cyclisme fran\u00e7ais sur les courses par \u00e9tapes World Tour. Avant cette semaine, il fallait remonter au <strong>Crit\u00e9rium du Dauphin\u00e9 lib\u00e9r\u00e9 2007<\/strong> pour voir une victoire tricolore \u00e0 ce niveau. Il s&rsquo;agissait alors de <strong>Christophe Moreau<\/strong>.<\/p>\n<ul style=\"text-align: justify;\">\n<li><strong>\u00c0 ce sujet \u2013\u00a0<a href=\"https:\/\/dicodusport.fr\/blog\/classement-general-tour-du-pays-basque-2026-mis-a-jour\/\">Classement g\u00e9n\u00e9ral Tour du Pays Basque 2026 mis \u00e0 jour<\/a><\/strong><\/li>\n<\/ul>\n<p style=\"text-align: justify;\">Pour parachever sa tr\u00e8s belle semaine basque,<strong> Seixas<\/strong> a d\u00fb affronter la pluie, qui a tremp\u00e9 la route tout au long de l&rsquo;\u00e9tape, et les vell\u00e9it\u00e9s de l&rsquo;\u00e9quipe <strong>Uno-X Mobility<\/strong>. Tr\u00e8s vite, le peloton s&rsquo;est scind\u00e9 en trois groupes : <strong>Mattias Skjelmose<\/strong> (Lidl &#8211; Trek), <strong>Ben Healy<\/strong> (EF Education &#8211; EasyPost) et <strong>Marc Soler<\/strong> (UAE Team Emirates &#8211; XRG) ouvraient la route devant un demi-peloton emmen\u00e9 par la formation norv\u00e9gienne puis \u00e0 quatre minutes, le peloton des favoris dans lequel figurait <strong>Paul Seixas<\/strong>.<\/p>\n<blockquote class=\"twitter-tweet\">\n<p dir=\"ltr\" lang=\"fr\">\ud83d\udc51 \ud835\udc08\ud835\udc0b \ud835\udc0b&rsquo;\ud835\udc00 \ud835\udc05\ud835\udc00\ud835\udc08\ud835\udc13 ! Paul Seixas remporte le Tour du Pays Basque et met fin \u00e0 19 ans de disette pour le cyclisme fran\u00e7ais ! <a href=\"https:\/\/t.co\/Ul2E6rHX0H\">pic.twitter.com\/Ul2E6rHX0H<\/a><\/p>\n<p>\u2014 Eurosport France (@Eurosport_FR) <a href=\"https:\/\/twitter.com\/Eurosport_FR\/status\/2042993437000032624?ref_src=twsrc%5Etfw\">April 11, 2026<\/a><\/p><\/blockquote>\n<p style=\"text-align: justify;\"><script async src=\"https:\/\/platform.twitter.com\/widgets.js\" charset=\"utf-8\"><\/script><\/p>\n<h2 style=\"text-align: justify;\">Le Fran\u00e7ais a pris son destin en mains<\/h2>\n<p style=\"text-align: justify;\">Seulement, la surrepr\u00e9sentation des hommes en orange n&rsquo;\u00e9tait pas due au hasard. Leur leader pr\u00e9sent \u00e0 l&rsquo;avant, <strong>Tobias Halland Johannessen<\/strong>, figurait ce matin \u00e0 5:39 du Fran\u00e7ais, mais \u00e0 moins de deux minutes du podium provisoire. Ainsi, la perspective de voir un podium final s&rsquo;envoler a conduit <strong>Florian Lipowitz<\/strong> (Red Bull &#8211; BORA &#8211; hansgrohe) \u00e0 attaquer vainement dans les pentes d&rsquo;Elosua (6,9 km \u00e0 7,5%). Un coup d&rsquo;\u00e9p\u00e9e dans l&rsquo;eau puisque l&rsquo;Allemand s&rsquo;est ensuite fait contrer par une banderille de <strong>Paul Seixas<\/strong>. Au sommet, \u00e0 un peu moins de 60 km de l&rsquo;arriv\u00e9e, le prodige fran\u00e7ais se retrouvait ainsi intercal\u00e9 et pointait \u00e0 trois minutes du trio de t\u00eate.<\/p>\n<blockquote class=\"twitter-tweet\">\n<p dir=\"ltr\" lang=\"es\">\u00a1Pero qu\u00e9 hace! \ud83d\ude31\ud83d\ude0d<\/p>\n<p>Paul Seixas, dispuesto a revolucionar el ciclismo moderno al m\u00e1s puro estilo Pogacar, se marcha solo en Gorla a 56 km de meta.<\/p>\n<p>Es l\u00edder de la <a href=\"https:\/\/twitter.com\/hashtag\/itzulia2026?src=hash&amp;ref_src=twsrc%5Etfw\">#itzulia2026<\/a> con mucha ventaja. Pero le da igual. <a href=\"https:\/\/t.co\/QB0JZBCs4u\">pic.twitter.com\/QB0JZBCs4u<\/a><\/p>\n<p>\u2014 Eurosport.es (@Eurosport_ES) <a href=\"https:\/\/twitter.com\/Eurosport_ES\/status\/2042972668429746421?ref_src=twsrc%5Etfw\">April 11, 2026<\/a><\/p><\/blockquote>\n<p style=\"text-align: justify;\"><script src=\"https:\/\/platform.twitter.com\/widgets.js\" async=\"\" charset=\"utf-8\"><\/script><\/p>\n<p style=\"text-align: justify;\">Devant, les hommes de t\u00eate ont \u00e9t\u00e9 repris par un groupe d&rsquo;une quinzaine de coureurs \u00e0 25 km de l&rsquo;arriv\u00e9e. Il semblait alors \u00e9vident que le vainqueur se trouvait en son sein. Accompagn\u00e9 par <strong>Steff Cras<\/strong> (Soudal Quick-Step), la marche \u00e9tait trop haute pour<strong> Seixas<\/strong> pour esp\u00e9rer combler \u00e0 deux l&rsquo;\u00e9cart sur un tel groupe. Repris peu avant les premiers hectom\u00e8tres de la derni\u00e8re ascension, <strong>Seixas<\/strong> et ses adversaires directs pointaient \u00e0 plus de trois minutes de la t\u00eate.<\/p>\n<h2 style=\"text-align: justify;\">La derni\u00e8re \u00e9tape pour Andrew August<\/h2>\n<p style=\"text-align: justify;\">Finalement, c&rsquo;est <strong>Andrew August<\/strong> (INEOS Grenadiers) qui a fait la diff\u00e9rence pour filer en solitaire vers la victoire. L&rsquo;Am\u00e9ricain a d\u00e9pos\u00e9<strong> Ra\u00fal Garc\u00eda Pierna<\/strong> (Movistar Team), qui s&rsquo;\u00e9tait accroch\u00e9 sur les pentes d&rsquo;Asentzio pour lever les bras quelques minutes plus tard \u00e0 Bergara. Du c\u00f4t\u00e9 des favoris, <strong>Florian Lipowitz<\/strong> a finalement conserv\u00e9 sa deuxi\u00e8me place dans un mano \u00e0 mano \u00e0 distance avec <strong>Johannessen.<\/strong> Le Norv\u00e9gien s&#8217;empare de la troisi\u00e8me place au g\u00e9n\u00e9ral. <strong>Primo\u017e Rogli\u010d<\/strong>, qui occupait cette place avant le d\u00e9part, a d\u00e9gringol\u00e9. <strong>Cl\u00e9ment Champoussin<\/strong> finit cinqui\u00e8me du g\u00e9n\u00e9ral, <strong>Alex Baudin<\/strong> neuvi\u00e8me et <strong>K\u00e9vin Vauquelin<\/strong> dixi\u00e8me.<\/p>\n<ul style=\"text-align: justify;\">\n<li><strong>\u00c0 ce sujet \u2013\u00a0<a href=\"https:\/\/dicodusport.fr\/blog\/6e-etape-tour-du-pays-basque-2026-classement-et-resultats\/\">6e \u00e9tape Tour du Pays Basque 2026 : Classement et r\u00e9sultats<\/a><\/strong><\/li>\n<\/ul>\n<p style=\"text-align: justify;\">Pour <strong>Paul Seixas<\/strong>, le rendez-vous est donn\u00e9 pour la Fl\u00e8che Wallonne, puis Li\u00e8ge-Bastogne-Li\u00e8ge. Le Fran\u00e7ais cherchera \u00e0 y parfaire encore un peu plus son bilan : au soir de son treizi\u00e8me jour de course, il totalise d&rsquo;ores et d\u00e9j\u00e0 six victoires dont quatre en World Tour. Cette saison, seuls <strong>Jonas Vingegaard<\/strong> et<strong> Isaac del Toro<\/strong> ont davantage gagn\u00e9 \u00e0 ce niveau (respectivement six et cinq fois).<\/p>\n<div id=\"gtx-trans\" style=\"position: absolute; left: -14px; top: 40.9091px;\">\n<div class=\"gtx-trans-icon\" style=\"text-align: justify;\"><\/div>\n<\/div>\n","protected":false},"excerpt":{"rendered":"<p>TOUR DU PAYS BASQUE 2026 &#8211; Offensif toute la semaine, Paul Seixas remporte le classement g\u00e9n\u00e9ral et s&rsquo;affirme encore un peu plus comme l&rsquo;un des meilleurs grimpeurs du peloton. La derni\u00e8re \u00e9tape a quant \u00e0 elle \u00e9t\u00e9 remport\u00e9e par Andrew August.<\/p>\n","protected":false},"author":91,"featured_media":662257,"comment_status":"open","ping_status":"closed","sticky":false,"template":"","format":"standard","meta":{"_acf_changed":false,"_daextam_enable_autolinks":"1","footnotes":""},"categories":[46994],"tags":[16878,574,11197,39260,24,7583],"class_list":["post-662042","post","type-post","status-publish","format-standard","has-post-thumbnail","hentry","category-cyclisme-sur-route","tag-breve","tag-cyclisme","tag-cyclisme-sur-route","tag-paul-seixas","tag-sport","tag-tour-du-pays-basque"],"acf":[],"yoast_head":"<!-- This site is optimized with the Yoast SEO Premium plugin v26.7 (Yoast SEO v26.7) - https:\/\/yoast.com\/wordpress\/plugins\/seo\/ -->\n<title>Paul Seixas remporte le Tour du Pays Basque et met fin aux 19 ans de disette fran\u00e7aise !<\/title>\n<meta name=\"description\" content=\"TOUR DU PAYS BASQUE 2026 - Paul Seixas remporte le classement g\u00e9n\u00e9ral. Andrew August s&#039;est quant \u00e0 lui impos\u00e9 sur la derni\u00e8re \u00e9tape.\" \/>\n<meta name=\"robots\" content=\"index, follow, max-snippet:-1, max-image-preview:large, max-video-preview:-1\" \/>\n<link rel=\"canonical\" href=\"https:\/\/dicodusport.fr\/blog\/paul-seixas-remporte-le-tour-du-pays-basque-et-met-fin-aux-19-ans-de-disette-francaise\/\" \/>\n<meta property=\"og:locale\" content=\"fr_FR\" \/>\n<meta property=\"og:type\" content=\"article\" \/>\n<meta property=\"og:title\" content=\"Paul Seixas remporte le Tour du Pays Basque et met fin aux 19 ans de disette fran\u00e7aise !\" \/>\n<meta property=\"og:description\" content=\"TOUR DU PAYS BASQUE 2026 - Paul Seixas remporte le classement g\u00e9n\u00e9ral. Andrew August s&#039;est quant \u00e0 lui impos\u00e9 sur la derni\u00e8re \u00e9tape.\" \/>\n<meta property=\"og:url\" content=\"https:\/\/dicodusport.fr\/blog\/paul-seixas-remporte-le-tour-du-pays-basque-et-met-fin-aux-19-ans-de-disette-francaise\/\" \/>\n<meta property=\"og:site_name\" content=\"Dicodusport\" \/>\n<meta property=\"article:publisher\" content=\"https:\/\/www.facebook.com\/dicodusport\" \/>\n<meta property=\"article:published_time\" content=\"2026-04-11T15:49:34+00:00\" \/>\n<meta property=\"article:modified_time\" content=\"2026-04-12T05:35:30+00:00\" \/>\n<meta property=\"og:image\" content=\"https:\/\/dicodusport.fr\/blog\/wp-content\/uploads\/2026\/04\/Paul-Seixas-remporte-le-Tour-du-Pays-Basque-et-met-fin-aux-19-ans-de-disette-francaise-1-1.png\" \/>\n\t<meta property=\"og:image:width\" content=\"1200\" \/>\n\t<meta property=\"og:image:height\" content=\"674\" \/>\n\t<meta property=\"og:image:type\" content=\"image\/png\" \/>\n<meta name=\"author\" content=\"Victor Clot-Amiot\" \/>\n<meta name=\"twitter:card\" content=\"summary_large_image\" \/>\n<meta name=\"twitter:title\" content=\"Paul Seixas remporte le Tour du Pays Basque et met fin aux 19 ans de disette fran\u00e7aise !\" \/>\n<meta name=\"twitter:creator\" content=\"@https:\/\/x.com\/VictorClotAmiot\" \/>\n<meta name=\"twitter:site\" content=\"@dicodusport\" \/>\n<script type=\"application\/ld+json\" class=\"yoast-schema-graph\">{\"@context\":\"https:\/\/schema.org\",\"@graph\":[{\"@type\":\"NewsArticle\",\"@id\":\"https:\/\/dicodusport.fr\/blog\/paul-seixas-remporte-le-tour-du-pays-basque-et-met-fin-aux-19-ans-de-disette-francaise\/#article\",\"isPartOf\":{\"@id\":\"https:\/\/dicodusport.fr\/blog\/paul-seixas-remporte-le-tour-du-pays-basque-et-met-fin-aux-19-ans-de-disette-francaise\/\"},\"author\":{\"name\":\"Victor Clot-Amiot\",\"@id\":\"https:\/\/dicodusport.fr\/blog\/#\/schema\/person\/b623199cba9ba90fe84a3d16e9282360\"},\"headline\":\"Paul Seixas remporte le Tour du Pays Basque et met fin aux 19 ans de disette fran\u00e7aise !\",\"datePublished\":\"2026-04-11T15:49:34+00:00\",\"dateModified\":\"2026-04-12T05:35:30+00:00\",\"mainEntityOfPage\":{\"@id\":\"https:\/\/dicodusport.fr\/blog\/paul-seixas-remporte-le-tour-du-pays-basque-et-met-fin-aux-19-ans-de-disette-francaise\/\"},\"wordCount\":759,\"commentCount\":0,\"publisher\":{\"@id\":\"https:\/\/dicodusport.fr\/blog\/#organization\"},\"image\":{\"@id\":\"https:\/\/dicodusport.fr\/blog\/paul-seixas-remporte-le-tour-du-pays-basque-et-met-fin-aux-19-ans-de-disette-francaise\/#primaryimage\"},\"thumbnailUrl\":\"https:\/\/dicodusport.fr\/blog\/wp-content\/uploads\/2026\/04\/Paul-Seixas-remporte-le-Tour-du-Pays-Basque-et-met-fin-aux-19-ans-de-disette-francaise-1-1.png\",\"keywords\":[\"br\u00e8ve\",\"Cyclisme\",\"Cyclisme sur route\",\"paul seixas\",\"sport\",\"Tour du Pays Basque\"],\"articleSection\":[\"Cyclisme sur route\"],\"inLanguage\":\"fr-FR\",\"potentialAction\":[{\"@type\":\"CommentAction\",\"name\":\"Comment\",\"target\":[\"https:\/\/dicodusport.fr\/blog\/paul-seixas-remporte-le-tour-du-pays-basque-et-met-fin-aux-19-ans-de-disette-francaise\/#respond\"]}],\"copyrightYear\":\"2026\",\"copyrightHolder\":{\"@id\":\"https:\/\/dicodusport.fr\/blog\/#organization\"}},{\"@type\":\"WebPage\",\"@id\":\"https:\/\/dicodusport.fr\/blog\/paul-seixas-remporte-le-tour-du-pays-basque-et-met-fin-aux-19-ans-de-disette-francaise\/\",\"url\":\"https:\/\/dicodusport.fr\/blog\/paul-seixas-remporte-le-tour-du-pays-basque-et-met-fin-aux-19-ans-de-disette-francaise\/\",\"name\":\"Paul Seixas remporte le Tour du Pays Basque et met fin aux 19 ans de disette fran\u00e7aise !\",\"isPartOf\":{\"@id\":\"https:\/\/dicodusport.fr\/blog\/#website\"},\"primaryImageOfPage\":{\"@id\":\"https:\/\/dicodusport.fr\/blog\/paul-seixas-remporte-le-tour-du-pays-basque-et-met-fin-aux-19-ans-de-disette-francaise\/#primaryimage\"},\"image\":{\"@id\":\"https:\/\/dicodusport.fr\/blog\/paul-seixas-remporte-le-tour-du-pays-basque-et-met-fin-aux-19-ans-de-disette-francaise\/#primaryimage\"},\"thumbnailUrl\":\"https:\/\/dicodusport.fr\/blog\/wp-content\/uploads\/2026\/04\/Paul-Seixas-remporte-le-Tour-du-Pays-Basque-et-met-fin-aux-19-ans-de-disette-francaise-1-1.png\",\"datePublished\":\"2026-04-11T15:49:34+00:00\",\"dateModified\":\"2026-04-12T05:35:30+00:00\",\"description\":\"TOUR DU PAYS BASQUE 2026 - Paul Seixas remporte le classement g\u00e9n\u00e9ral. Andrew August s'est quant \u00e0 lui impos\u00e9 sur la derni\u00e8re \u00e9tape.\",\"breadcrumb\":{\"@id\":\"https:\/\/dicodusport.fr\/blog\/paul-seixas-remporte-le-tour-du-pays-basque-et-met-fin-aux-19-ans-de-disette-francaise\/#breadcrumb\"},\"inLanguage\":\"fr-FR\",\"potentialAction\":[{\"@type\":\"ReadAction\",\"target\":[\"https:\/\/dicodusport.fr\/blog\/paul-seixas-remporte-le-tour-du-pays-basque-et-met-fin-aux-19-ans-de-disette-francaise\/\"]}]},{\"@type\":\"ImageObject\",\"inLanguage\":\"fr-FR\",\"@id\":\"https:\/\/dicodusport.fr\/blog\/paul-seixas-remporte-le-tour-du-pays-basque-et-met-fin-aux-19-ans-de-disette-francaise\/#primaryimage\",\"url\":\"https:\/\/dicodusport.fr\/blog\/wp-content\/uploads\/2026\/04\/Paul-Seixas-remporte-le-Tour-du-Pays-Basque-et-met-fin-aux-19-ans-de-disette-francaise-1-1.png\",\"contentUrl\":\"https:\/\/dicodusport.fr\/blog\/wp-content\/uploads\/2026\/04\/Paul-Seixas-remporte-le-Tour-du-Pays-Basque-et-met-fin-aux-19-ans-de-disette-francaise-1-1.png\",\"width\":1200,\"height\":674,\"caption\":\"Paul Seixas remporte le Tour du Pays Basque et met fin aux 19 ans de disette fran\u00e7aise !\"},{\"@type\":\"BreadcrumbList\",\"@id\":\"https:\/\/dicodusport.fr\/blog\/paul-seixas-remporte-le-tour-du-pays-basque-et-met-fin-aux-19-ans-de-disette-francaise\/#breadcrumb\",\"itemListElement\":[{\"@type\":\"ListItem\",\"position\":1,\"name\":\"Accueil\",\"item\":\"https:\/\/dicodusport.fr\/blog\/\"},{\"@type\":\"ListItem\",\"position\":2,\"name\":\"Paul Seixas remporte le Tour du Pays Basque et met fin aux 19 ans de disette fran\u00e7aise !\"}]},{\"@type\":\"WebSite\",\"@id\":\"https:\/\/dicodusport.fr\/blog\/#website\",\"url\":\"https:\/\/dicodusport.fr\/blog\/\",\"name\":\"Dicodusport\",\"description\":\"L&#039;encyclop\u00e9die de l&#039;actualit\u00e9 sportive\",\"publisher\":{\"@id\":\"https:\/\/dicodusport.fr\/blog\/#organization\"},\"potentialAction\":[{\"@type\":\"SearchAction\",\"target\":{\"@type\":\"EntryPoint\",\"urlTemplate\":\"https:\/\/dicodusport.fr\/blog\/?s={search_term_string}\"},\"query-input\":{\"@type\":\"PropertyValueSpecification\",\"valueRequired\":true,\"valueName\":\"search_term_string\"}}],\"inLanguage\":\"fr-FR\"},{\"@type\":\"NewsMediaOrganization\",\"@id\":\"https:\/\/dicodusport.fr\/blog\/#organization\",\"name\":\"Dicodusport\",\"url\":\"https:\/\/dicodusport.fr\/blog\/\",\"logo\":{\"@type\":\"ImageObject\",\"inLanguage\":\"fr-FR\",\"@id\":\"https:\/\/dicodusport.fr\/blog\/#\/schema\/logo\/image\/\",\"url\":\"https:\/\/dicodusport.fr\/blog\/wp-content\/uploads\/2020\/06\/cropped-LOGO-DICODUSPORT-2020-SANS-FOND-SANS-TEXTE.png\",\"contentUrl\":\"https:\/\/dicodusport.fr\/blog\/wp-content\/uploads\/2020\/06\/cropped-LOGO-DICODUSPORT-2020-SANS-FOND-SANS-TEXTE.png\",\"width\":512,\"height\":512,\"caption\":\"Dicodusport\"},\"image\":{\"@id\":\"https:\/\/dicodusport.fr\/blog\/#\/schema\/logo\/image\/\"},\"sameAs\":[\"https:\/\/www.facebook.com\/dicodusport\",\"https:\/\/x.com\/dicodusport\",\"https:\/\/www.instagram.com\/dicodusport\/\",\"https:\/\/www.youtube.com\/channel\/UC7V2KZ5sd3htJivAbA4ZG3w\"],\"description\":\"Dicodusport est l'encyclop\u00e9die de l'actualit\u00e9 sportive.\",\"email\":\"bonjour@dicodusport.fr\",\"legalName\":\"DICODUSPORT\",\"foundingDate\":\"2018-01-14\",\"vatID\":\"FR71834470973\",\"taxID\":\"83447097300043\",\"numberOfEmployees\":{\"@type\":\"QuantitativeValue\",\"minValue\":\"1\",\"maxValue\":\"10\"}},{\"@type\":\"Person\",\"@id\":\"https:\/\/dicodusport.fr\/blog\/#\/schema\/person\/b623199cba9ba90fe84a3d16e9282360\",\"name\":\"Victor Clot-Amiot\",\"image\":{\"@type\":\"ImageObject\",\"inLanguage\":\"fr-FR\",\"@id\":\"https:\/\/dicodusport.fr\/blog\/#\/schema\/person\/image\/\",\"url\":\"https:\/\/dicodusport.fr\/blog\/wp-content\/uploads\/2023\/09\/IMG_20190826_114722-150x150.jpg\",\"contentUrl\":\"https:\/\/dicodusport.fr\/blog\/wp-content\/uploads\/2023\/09\/IMG_20190826_114722-150x150.jpg\",\"caption\":\"Victor Clot-Amiot\"},\"description\":\"Passionn\u00e9 de sport depuis toujours, un jour \u00e0 l'adolescence mes parents m'ont dit : \\\"quitte \u00e0 passer ton temps \u00e0 regarder du sport, au moins va le voir en vrai\\\" ! Depuis, cette remarque ne m'a plus quitt\u00e9 et je passe une grande partie de mon temps libre \u00e0 assister \u00e0 des comp\u00e9titions de tous sports. Je m\u00eale d'ailleurs mes deux passions, le sport et les voyages afin de faire une pierre deux coups ! Outre l'US Open ou l'Euro 2021 par exemple, j'ai assist\u00e9 cet \u00e9t\u00e9 aux Mondiaux d'athl\u00e9tisme \u00e0 Budapest. Mon plus gros coup dur est et restera les JO 2020-2021 pour lesquels j'avais r\u00e9serv\u00e9 17 \u00e9preuves. La suite, vous la connaissez...\",\"sameAs\":[\"https:\/\/x.com\/https:\/\/x.com\/VictorClotAmiot\"],\"url\":\"https:\/\/dicodusport.fr\/blog\/author\/victor-clot-amiot\/\"}]}<\/script>\n<!-- \/ Yoast SEO Premium plugin. -->","yoast_head_json":{"title":"Paul Seixas remporte le Tour du Pays Basque et met fin aux 19 ans de disette fran\u00e7aise !","description":"TOUR DU PAYS BASQUE 2026 - Paul Seixas remporte le classement g\u00e9n\u00e9ral. Andrew August s'est quant \u00e0 lui impos\u00e9 sur la derni\u00e8re \u00e9tape.","robots":{"index":"index","follow":"follow","max-snippet":"max-snippet:-1","max-image-preview":"max-image-preview:large","max-video-preview":"max-video-preview:-1"},"canonical":"https:\/\/dicodusport.fr\/blog\/paul-seixas-remporte-le-tour-du-pays-basque-et-met-fin-aux-19-ans-de-disette-francaise\/","og_locale":"fr_FR","og_type":"article","og_title":"Paul Seixas remporte le Tour du Pays Basque et met fin aux 19 ans de disette fran\u00e7aise !","og_description":"TOUR DU PAYS BASQUE 2026 - Paul Seixas remporte le classement g\u00e9n\u00e9ral. Andrew August s'est quant \u00e0 lui impos\u00e9 sur la derni\u00e8re \u00e9tape.","og_url":"https:\/\/dicodusport.fr\/blog\/paul-seixas-remporte-le-tour-du-pays-basque-et-met-fin-aux-19-ans-de-disette-francaise\/","og_site_name":"Dicodusport","article_publisher":"https:\/\/www.facebook.com\/dicodusport","article_published_time":"2026-04-11T15:49:34+00:00","article_modified_time":"2026-04-12T05:35:30+00:00","og_image":[{"width":1200,"height":674,"url":"https:\/\/dicodusport.fr\/blog\/wp-content\/uploads\/2026\/04\/Paul-Seixas-remporte-le-Tour-du-Pays-Basque-et-met-fin-aux-19-ans-de-disette-francaise-1-1.png","type":"image\/png"}],"author":"Victor Clot-Amiot","twitter_card":"summary_large_image","twitter_title":"Paul Seixas remporte le Tour du Pays Basque et met fin aux 19 ans de disette fran\u00e7aise !","twitter_creator":"@https:\/\/x.com\/VictorClotAmiot","twitter_site":"@dicodusport","schema":{"@context":"https:\/\/schema.org","@graph":[{"@type":"NewsArticle","@id":"https:\/\/dicodusport.fr\/blog\/paul-seixas-remporte-le-tour-du-pays-basque-et-met-fin-aux-19-ans-de-disette-francaise\/#article","isPartOf":{"@id":"https:\/\/dicodusport.fr\/blog\/paul-seixas-remporte-le-tour-du-pays-basque-et-met-fin-aux-19-ans-de-disette-francaise\/"},"author":{"name":"Victor Clot-Amiot","@id":"https:\/\/dicodusport.fr\/blog\/#\/schema\/person\/b623199cba9ba90fe84a3d16e9282360"},"headline":"Paul Seixas remporte le Tour du Pays Basque et met fin aux 19 ans de disette fran\u00e7aise !","datePublished":"2026-04-11T15:49:34+00:00","dateModified":"2026-04-12T05:35:30+00:00","mainEntityOfPage":{"@id":"https:\/\/dicodusport.fr\/blog\/paul-seixas-remporte-le-tour-du-pays-basque-et-met-fin-aux-19-ans-de-disette-francaise\/"},"wordCount":759,"commentCount":0,"publisher":{"@id":"https:\/\/dicodusport.fr\/blog\/#organization"},"image":{"@id":"https:\/\/dicodusport.fr\/blog\/paul-seixas-remporte-le-tour-du-pays-basque-et-met-fin-aux-19-ans-de-disette-francaise\/#primaryimage"},"thumbnailUrl":"https:\/\/dicodusport.fr\/blog\/wp-content\/uploads\/2026\/04\/Paul-Seixas-remporte-le-Tour-du-Pays-Basque-et-met-fin-aux-19-ans-de-disette-francaise-1-1.png","keywords":["br\u00e8ve","Cyclisme","Cyclisme sur route","paul seixas","sport","Tour du Pays Basque"],"articleSection":["Cyclisme sur route"],"inLanguage":"fr-FR","potentialAction":[{"@type":"CommentAction","name":"Comment","target":["https:\/\/dicodusport.fr\/blog\/paul-seixas-remporte-le-tour-du-pays-basque-et-met-fin-aux-19-ans-de-disette-francaise\/#respond"]}],"copyrightYear":"2026","copyrightHolder":{"@id":"https:\/\/dicodusport.fr\/blog\/#organization"}},{"@type":"WebPage","@id":"https:\/\/dicodusport.fr\/blog\/paul-seixas-remporte-le-tour-du-pays-basque-et-met-fin-aux-19-ans-de-disette-francaise\/","url":"https:\/\/dicodusport.fr\/blog\/paul-seixas-remporte-le-tour-du-pays-basque-et-met-fin-aux-19-ans-de-disette-francaise\/","name":"Paul Seixas remporte le Tour du Pays Basque et met fin aux 19 ans de disette fran\u00e7aise !","isPartOf":{"@id":"https:\/\/dicodusport.fr\/blog\/#website"},"primaryImageOfPage":{"@id":"https:\/\/dicodusport.fr\/blog\/paul-seixas-remporte-le-tour-du-pays-basque-et-met-fin-aux-19-ans-de-disette-francaise\/#primaryimage"},"image":{"@id":"https:\/\/dicodusport.fr\/blog\/paul-seixas-remporte-le-tour-du-pays-basque-et-met-fin-aux-19-ans-de-disette-francaise\/#primaryimage"},"thumbnailUrl":"https:\/\/dicodusport.fr\/blog\/wp-content\/uploads\/2026\/04\/Paul-Seixas-remporte-le-Tour-du-Pays-Basque-et-met-fin-aux-19-ans-de-disette-francaise-1-1.png","datePublished":"2026-04-11T15:49:34+00:00","dateModified":"2026-04-12T05:35:30+00:00","description":"TOUR DU PAYS BASQUE 2026 - Paul Seixas remporte le classement g\u00e9n\u00e9ral. Andrew August s'est quant \u00e0 lui impos\u00e9 sur la derni\u00e8re \u00e9tape.","breadcrumb":{"@id":"https:\/\/dicodusport.fr\/blog\/paul-seixas-remporte-le-tour-du-pays-basque-et-met-fin-aux-19-ans-de-disette-francaise\/#breadcrumb"},"inLanguage":"fr-FR","potentialAction":[{"@type":"ReadAction","target":["https:\/\/dicodusport.fr\/blog\/paul-seixas-remporte-le-tour-du-pays-basque-et-met-fin-aux-19-ans-de-disette-francaise\/"]}]},{"@type":"ImageObject","inLanguage":"fr-FR","@id":"https:\/\/dicodusport.fr\/blog\/paul-seixas-remporte-le-tour-du-pays-basque-et-met-fin-aux-19-ans-de-disette-francaise\/#primaryimage","url":"https:\/\/dicodusport.fr\/blog\/wp-content\/uploads\/2026\/04\/Paul-Seixas-remporte-le-Tour-du-Pays-Basque-et-met-fin-aux-19-ans-de-disette-francaise-1-1.png","contentUrl":"https:\/\/dicodusport.fr\/blog\/wp-content\/uploads\/2026\/04\/Paul-Seixas-remporte-le-Tour-du-Pays-Basque-et-met-fin-aux-19-ans-de-disette-francaise-1-1.png","width":1200,"height":674,"caption":"Paul Seixas remporte le Tour du Pays Basque et met fin aux 19 ans de disette fran\u00e7aise !"},{"@type":"BreadcrumbList","@id":"https:\/\/dicodusport.fr\/blog\/paul-seixas-remporte-le-tour-du-pays-basque-et-met-fin-aux-19-ans-de-disette-francaise\/#breadcrumb","itemListElement":[{"@type":"ListItem","position":1,"name":"Accueil","item":"https:\/\/dicodusport.fr\/blog\/"},{"@type":"ListItem","position":2,"name":"Paul Seixas remporte le Tour du Pays Basque et met fin aux 19 ans de disette fran\u00e7aise !"}]},{"@type":"WebSite","@id":"https:\/\/dicodusport.fr\/blog\/#website","url":"https:\/\/dicodusport.fr\/blog\/","name":"Dicodusport","description":"L&#039;encyclop\u00e9die de l&#039;actualit\u00e9 sportive","publisher":{"@id":"https:\/\/dicodusport.fr\/blog\/#organization"},"potentialAction":[{"@type":"SearchAction","target":{"@type":"EntryPoint","urlTemplate":"https:\/\/dicodusport.fr\/blog\/?s={search_term_string}"},"query-input":{"@type":"PropertyValueSpecification","valueRequired":true,"valueName":"search_term_string"}}],"inLanguage":"fr-FR"},{"@type":"NewsMediaOrganization","@id":"https:\/\/dicodusport.fr\/blog\/#organization","name":"Dicodusport","url":"https:\/\/dicodusport.fr\/blog\/","logo":{"@type":"ImageObject","inLanguage":"fr-FR","@id":"https:\/\/dicodusport.fr\/blog\/#\/schema\/logo\/image\/","url":"https:\/\/dicodusport.fr\/blog\/wp-content\/uploads\/2020\/06\/cropped-LOGO-DICODUSPORT-2020-SANS-FOND-SANS-TEXTE.png","contentUrl":"https:\/\/dicodusport.fr\/blog\/wp-content\/uploads\/2020\/06\/cropped-LOGO-DICODUSPORT-2020-SANS-FOND-SANS-TEXTE.png","width":512,"height":512,"caption":"Dicodusport"},"image":{"@id":"https:\/\/dicodusport.fr\/blog\/#\/schema\/logo\/image\/"},"sameAs":["https:\/\/www.facebook.com\/dicodusport","https:\/\/x.com\/dicodusport","https:\/\/www.instagram.com\/dicodusport\/","https:\/\/www.youtube.com\/channel\/UC7V2KZ5sd3htJivAbA4ZG3w"],"description":"Dicodusport est l'encyclop\u00e9die de l'actualit\u00e9 sportive.","email":"bonjour@dicodusport.fr","legalName":"DICODUSPORT","foundingDate":"2018-01-14","vatID":"FR71834470973","taxID":"83447097300043","numberOfEmployees":{"@type":"QuantitativeValue","minValue":"1","maxValue":"10"}},{"@type":"Person","@id":"https:\/\/dicodusport.fr\/blog\/#\/schema\/person\/b623199cba9ba90fe84a3d16e9282360","name":"Victor Clot-Amiot","image":{"@type":"ImageObject","inLanguage":"fr-FR","@id":"https:\/\/dicodusport.fr\/blog\/#\/schema\/person\/image\/","url":"https:\/\/dicodusport.fr\/blog\/wp-content\/uploads\/2023\/09\/IMG_20190826_114722-150x150.jpg","contentUrl":"https:\/\/dicodusport.fr\/blog\/wp-content\/uploads\/2023\/09\/IMG_20190826_114722-150x150.jpg","caption":"Victor Clot-Amiot"},"description":"Passionn\u00e9 de sport depuis toujours, un jour \u00e0 l'adolescence mes parents m'ont dit : \"quitte \u00e0 passer ton temps \u00e0 regarder du sport, au moins va le voir en vrai\" ! Depuis, cette remarque ne m'a plus quitt\u00e9 et je passe une grande partie de mon temps libre \u00e0 assister \u00e0 des comp\u00e9titions de tous sports. Je m\u00eale d'ailleurs mes deux passions, le sport et les voyages afin de faire une pierre deux coups ! Outre l'US Open ou l'Euro 2021 par exemple, j'ai assist\u00e9 cet \u00e9t\u00e9 aux Mondiaux d'athl\u00e9tisme \u00e0 Budapest. Mon plus gros coup dur est et restera les JO 2020-2021 pour lesquels j'avais r\u00e9serv\u00e9 17 \u00e9preuves. La suite, vous la connaissez...","sameAs":["https:\/\/x.com\/https:\/\/x.com\/VictorClotAmiot"],"url":"https:\/\/dicodusport.fr\/blog\/author\/victor-clot-amiot\/"}]}},"_links":{"self":[{"href":"https:\/\/dicodusport.fr\/blog\/wp-json\/wp\/v2\/posts\/662042","targetHints":{"allow":["GET"]}}],"collection":[{"href":"https:\/\/dicodusport.fr\/blog\/wp-json\/wp\/v2\/posts"}],"about":[{"href":"https:\/\/dicodusport.fr\/blog\/wp-json\/wp\/v2\/types\/post"}],"author":[{"embeddable":true,"href":"https:\/\/dicodusport.fr\/blog\/wp-json\/wp\/v2\/users\/91"}],"replies":[{"embeddable":true,"href":"https:\/\/dicodusport.fr\/blog\/wp-json\/wp\/v2\/comments?post=662042"}],"version-history":[{"count":5,"href":"https:\/\/dicodusport.fr\/blog\/wp-json\/wp\/v2\/posts\/662042\/revisions"}],"predecessor-version":[{"id":662143,"href":"https:\/\/dicodusport.fr\/blog\/wp-json\/wp\/v2\/posts\/662042\/revisions\/662143"}],"wp:featuredmedia":[{"embeddable":true,"href":"https:\/\/dicodusport.fr\/blog\/wp-json\/wp\/v2\/media\/662257"}],"wp:attachment":[{"href":"https:\/\/dicodusport.fr\/blog\/wp-json\/wp\/v2\/media?parent=662042"}],"wp:term":[{"taxonomy":"category","embeddable":true,"href":"https:\/\/dicodusport.fr\/blog\/wp-json\/wp\/v2\/categories?post=662042"},{"taxonomy":"post_tag","embeddable":true,"href":"https:\/\/dicodusport.fr\/blog\/wp-json\/wp\/v2\/tags?post=662042"}],"curies":[{"name":"wp","href":"https:\/\/api.w.org\/{rel}","templated":true}]}}