{"id":663074,"date":"2026-04-16T15:44:28","date_gmt":"2026-04-16T13:44:28","guid":{"rendered":"https:\/\/dicodusport.fr\/blog\/?p=663074&#038;preview=true&#038;preview_id=663074"},"modified":"2026-04-16T17:57:23","modified_gmt":"2026-04-16T15:57:23","slug":"comme-lan-dernier-walide-khyar-66-kg-soffre-une-medaille-de-bronze-europeenne","status":"publish","type":"post","link":"https:\/\/dicodusport.fr\/blog\/comme-lan-dernier-walide-khyar-66-kg-soffre-une-medaille-de-bronze-europeenne\/","title":{"rendered":"Comme l&rsquo;an dernier, Walide Khyar (-66 kg) s&rsquo;offre une m\u00e9daille de bronze europ\u00e9enne"},"content":{"rendered":"<p style=\"text-align: justify;\"><strong><em>CHAMPIONNATS D&rsquo;EUROPE DE JUDO 2026 &#8211; Battu en demi-finale, Walide Khyar a survol\u00e9 son dernier combat et s&rsquo;offre une nouvelle m\u00e9daille de bronze.<\/em><\/strong><\/p>\n<ul style=\"text-align: justify;\">\n<li><strong>\u00c0 lire aussi \u2013\u00a0<\/strong> <a href=\"https:\/\/dicodusport.fr\/blog\/championnats-deurope-de-judo-2026-programme-complet-et-resultats-mis-a-jour\/\" target=\"_blank\" rel=\"noopener\"><strong>Championnats d\u2019Europe de judo 2026 : programme complet et r\u00e9sultats mis \u00e0 jour<\/strong><\/a><\/li>\n<\/ul>\n<p style=\"text-align: justify;\">L&rsquo;\u00e9quipe de France avan\u00e7ait avec deux sacr\u00e9s arguments en cat\u00e9gorie des -66 kg : <strong>Walide Khyar<\/strong>, sacr\u00e9 voil\u00e0 dix ans (mais dans la cat\u00e9gorie inf\u00e9rieure), <a href=\"https:\/\/dicodusport.fr\/blog\/championnats-du-monde-de-judo-2023-amandine-buchard-et-walide-khyar-remportent-le-bronze\/\">m\u00e9daill\u00e9 mondial en 2023<\/a> et en bronze l&rsquo;an dernier, mais aussi le tenant du titre : <strong>Daikii Bouba<\/strong>, qui avait caus\u00e9 une sacr\u00e9e sensation l&rsquo;an dernier.<\/p>\n<div class=\"vlp-link-container vlp-layout-article\"><a href=\"https:\/\/dicodusport.fr\/blog\/championnats-deurope-judo-2025-daikii-bouba-champion-deurope-des-66-kg-walide-khyar-en-bronze\/\" class=\"vlp-link\" title=\"Championnats d&#039;Europe judo 2025 : Daikii Bouba champion d&#039;Europe des -66 kg, Walide Khyar en bronze\"><\/a><div class=\"vlp-layout-zone-side\"><div class=\"vlp-block-4 vlp-link-image\"><img loading=\"lazy\" decoding=\"async\" style=\"max-width: 792px;\" width=\"792\" height=\"445\" src=\"https:\/\/dicodusport.fr\/blog\/wp-content\/uploads\/2025\/04\/Championnats-dEurope-judo-2025-Daikii-Bouba-champion-dEurope-des-66-kg-Walide-Khyar-en-bronze.png\" class=\"attachment-800x445 size-800x445\" alt=\"Championnats d&#039;Europe judo 2025 Daikii Bouba champion d&#039;Europe des -66 kg, Walide Khyar en bronze\" srcset=\"https:\/\/dicodusport.fr\/blog\/wp-content\/uploads\/2025\/04\/Championnats-dEurope-judo-2025-Daikii-Bouba-champion-dEurope-des-66-kg-Walide-Khyar-en-bronze.png 1200w, https:\/\/dicodusport.fr\/blog\/wp-content\/uploads\/2025\/04\/Championnats-dEurope-judo-2025-Daikii-Bouba-champion-dEurope-des-66-kg-Walide-Khyar-en-bronze-300x169.png 300w, https:\/\/dicodusport.fr\/blog\/wp-content\/uploads\/2025\/04\/Championnats-dEurope-judo-2025-Daikii-Bouba-champion-dEurope-des-66-kg-Walide-Khyar-en-bronze-1024x575.png 1024w, https:\/\/dicodusport.fr\/blog\/wp-content\/uploads\/2025\/04\/Championnats-dEurope-judo-2025-Daikii-Bouba-champion-dEurope-des-66-kg-Walide-Khyar-en-bronze-768x431.png 768w\" sizes=\"auto, (max-width: 792px) 100vw, 792px\" \/><\/div><\/div><div class=\"vlp-layout-zone-main\"><div class=\"vlp-block-0 vlp-link-title\">Championnats d'Europe judo 2025 : Daikii Bouba champion d'Europe des -66 kg, Walide Khyar en bronze<\/div><div class=\"vlp-block-1 vlp-link-summary\">Championnats d'Europe judo 2025 : Daikii Bouba devient champion d'Europe des -66 kg, Walide Khyar se pare de bronze.<\/div><div class=\"vlp-block-2 vlp-link-button\">Lire l'article<\/div><div class=\"vlp-block-3 vlp-link-url\">dicodusport.fr<\/div><\/div><\/div>\n<h2 style=\"text-align: justify;\">Walide Khyar toujours au top<\/h2>\n<p style=\"text-align: justify;\">Malheureusement, la d\u00e9fense du titre ne s&rsquo;est pas bien pass\u00e9e pour <strong>Daikii Bouba<\/strong>. D\u00e8s le premier combat, il a \u00e9t\u00e9 menac\u00e9 par le Hongrois <strong>Bence Pongracz<\/strong>, s&rsquo;en sortant via un \u00e9clair alors qu&rsquo;il avait deux shidos. Et en quart de finale, il a \u00e9t\u00e9 surclass\u00e9 par <strong>Abdullakh Parchiev<\/strong>, avant de s&rsquo;incliner logiquement d\u00e8s son premier combat de rep\u00eachage contre <strong>Davit Abrahamyan<\/strong>. Jamais r\u00e9ellement dans le coup, il n&rsquo;aura m\u00eame pas eu la chance de combattre pour le bronze.<\/p>\n<ul style=\"text-align: justify;\">\n<li><strong>\u00c0 lire aussi \u2013\u00a0<a title=\"Judo Championnats d\u2019Europe 2024 : La s\u00e9lection fran\u00e7aise\" href=\"https:\/\/dicodusport.fr\/blog\/judo-la-selection-francaise-pour-les-championnats-deurope-2026\/\" target=\"_blank\" rel=\"noopener\">Championnats d\u2019Europe de judo 2026 : La s\u00e9lection fran\u00e7aise<\/a><\/strong><\/li>\n<\/ul>\n<p style=\"text-align: justify;\"><strong>Walide Khyar<\/strong> non plus n&rsquo;a pas eu la partie facile. Bouscul\u00e9 d&#8217;embl\u00e9e par <strong>Dani Kla\u010dar<\/strong>, il a petitement gagn\u00e9 sur waza-ari, avant de se montrer bien plus convaincant en quarts, collant un magnifique ippon \u00e0 Radu Izvoreanu.<\/p>\n<blockquote class=\"twitter-tweet\">\n<p dir=\"ltr\" lang=\"fr\">EN DEMIIIIIIIIIIIIIE \ud83d\udd25\ud83d\udd25\ud83d\udd25\ud83d\udd25<br \/>\nCette bo\u00eete de Walide \ud83d\ude2e\u200d\ud83d\udca8<\/p>\n<p>\ud83c\udfa5 IJF<a href=\"https:\/\/twitter.com\/hashtag\/JudoTbilisi2026?src=hash&amp;ref_src=twsrc%5Etfw\">#JudoTbilisi2026<\/a> <a href=\"https:\/\/twitter.com\/hashtag\/FierdEtreJudoka?src=hash&amp;ref_src=twsrc%5Etfw\">#FierdEtreJudoka<\/a> <a href=\"https:\/\/t.co\/1qUBjTx9ac\">pic.twitter.com\/1qUBjTx9ac<\/a><\/p>\n<p>\u2014 France Judo (@francejudo) <a href=\"https:\/\/twitter.com\/francejudo\/status\/2044710915669405722?ref_src=twsrc%5Etfw\">April 16, 2026<\/a><\/p><\/blockquote>\n<p style=\"text-align: justify;\"><script async src=\"https:\/\/platform.twitter.com\/widgets.js\" charset=\"utf-8\"><\/script><\/p>\n<p style=\"text-align: justify;\">Malheureusement, il a \u00e9chou\u00e9 en demi-finale contre <strong>Murad Chopanov<\/strong>. Pourtant, il s&rsquo;agissait l\u00e0 d&rsquo;un adversaire qu&rsquo;il avait battu deux fois en deux affrontements, notamment l&rsquo;an dernier <a href=\"https:\/\/dicodusport.fr\/blog\/grande-premiere-pour-walide-khyar-qui-simpose-au-grand-slam-dabou-dabi-66-kg\/\">lors de son tout premier sacre en Grand Slam<\/a>. Mais le Russe a \u00e9t\u00e9 bien plus incisif, faisant pleuvoir deux waza-ari pour plier le combat. Restait le combat pour le bronze contre\u2026 <strong>Davit Abrahamyan<\/strong>, le tombeur de <strong>Bouba<\/strong>. Tr\u00e8s vite, le Fran\u00e7ais marquait yuko sur une magnifique projection, et la reproduisait deux minutes plus tard pour un ippon sans r\u00e9mission. Quatri\u00e8me m\u00e9daille europ\u00e9enne pour <strong>Walide Khyar<\/strong>, toujours une valeur s\u00fbre de l&rsquo;\u00e9quipe de France de judo.<\/p>\n<ul>\n<li style=\"text-align: justify;\"><strong>\u00c0 lire aussi \u2013\u00a0<a href=\"https:\/\/dicodusport.fr\/blog\/tableau-des-medailles-des-championnats-deurope-de-judo-2026-mis-a-jour\/\" target=\"_blank\" rel=\"noopener\">Tableau des m\u00e9dailles Championnats d\u2019Europe de judo 2026<\/a><\/strong><\/li>\n<\/ul>\n<h3>\u00c0 ce sujet<\/h3>\n<div class=\"vlp-link-container vlp-layout-article\"><a href=\"https:\/\/dicodusport.fr\/blog\/amandine-buchard-52-kg-echoue-en-finale-des-championnats-deurope-de-judo\/\" class=\"vlp-link\" title=\"Amandine Buchard (-52 kg) \u00e9choue en finale des Championnats d&#039;Europe de judo\"><\/a><div class=\"vlp-layout-zone-side\"><div class=\"vlp-block-4 vlp-link-image\"><img loading=\"lazy\" decoding=\"async\" style=\"max-width: 792px;\" width=\"792\" height=\"445\" src=\"https:\/\/dicodusport.fr\/blog\/wp-content\/uploads\/2026\/04\/Amandine-Buchard-52-kg-echoue-en-finale-des-Championnats-dEurope-de-judo.png\" class=\"attachment-800x445 size-800x445\" alt=\"Amandine Buchard (-52 kg) \u00e9choue en finale des Championnats d&#039;Europe de judo\" srcset=\"https:\/\/dicodusport.fr\/blog\/wp-content\/uploads\/2026\/04\/Amandine-Buchard-52-kg-echoue-en-finale-des-Championnats-dEurope-de-judo.png 1200w, https:\/\/dicodusport.fr\/blog\/wp-content\/uploads\/2026\/04\/Amandine-Buchard-52-kg-echoue-en-finale-des-Championnats-dEurope-de-judo-300x169.png 300w, https:\/\/dicodusport.fr\/blog\/wp-content\/uploads\/2026\/04\/Amandine-Buchard-52-kg-echoue-en-finale-des-Championnats-dEurope-de-judo-1024x575.png 1024w, https:\/\/dicodusport.fr\/blog\/wp-content\/uploads\/2026\/04\/Amandine-Buchard-52-kg-echoue-en-finale-des-Championnats-dEurope-de-judo-768x431.png 768w\" sizes=\"auto, (max-width: 792px) 100vw, 792px\" \/><\/div><\/div><div class=\"vlp-layout-zone-main\"><div class=\"vlp-block-0 vlp-link-title\">Amandine Buchard (-52 kg) \u00e9choue en finale des Championnats d'Europe de judo<\/div><div class=\"vlp-block-1 vlp-link-summary\">CHAMPIONNATS D'EUROPE DE JUDO 2026 - Impuissante en finale contre Distria Krasniqi, Amandine Buchard devra se contenter de l'argent.<\/div><div class=\"vlp-block-2 vlp-link-button\">Lire l'article<\/div><div class=\"vlp-block-3 vlp-link-url\">dicodusport.fr<\/div><\/div><\/div>\n","protected":false},"excerpt":{"rendered":"<p>CHAMPIONNATS D&rsquo;EUROPE DE JUDO 2026 &#8211; Battu en demi-finale, Walide Khyar a survol\u00e9 son dernier combat et s&rsquo;offre une nouvelle m\u00e9daille de bronze.<\/p>\n","protected":false},"author":59,"featured_media":663206,"comment_status":"open","ping_status":"closed","sticky":false,"template":"","format":"standard","meta":{"_acf_changed":false,"_daextam_enable_autolinks":"1","footnotes":""},"categories":[8651],"tags":[16878,12310,15625],"class_list":["post-663074","post","type-post","status-publish","format-standard","has-post-thumbnail","hentry","category-judo","tag-breve","tag-championnats-deurope-de-judo","tag-walide-khyar"],"acf":[],"yoast_head":"<!-- This site is optimized with the Yoast SEO Premium plugin v26.7 (Yoast SEO v26.7) - https:\/\/yoast.com\/wordpress\/plugins\/seo\/ -->\n<title>Comme l&#039;an dernier, Walide Khyar (-66 kg) s&#039;offre une m\u00e9daille de bronze europ\u00e9enne<\/title>\n<meta name=\"description\" content=\"CHAMPIONNATS D&#039;EUROPE DE JUDO 2026 - Battu en demi-finale, Walide Khyar a survol\u00e9 son dernier combat et s&#039;offre une nouvelle m\u00e9daille de bronze.\" \/>\n<meta name=\"robots\" content=\"index, follow, max-snippet:-1, max-image-preview:large, max-video-preview:-1\" \/>\n<link rel=\"canonical\" href=\"https:\/\/dicodusport.fr\/blog\/comme-lan-dernier-walide-khyar-66-kg-soffre-une-medaille-de-bronze-europeenne\/\" \/>\n<meta property=\"og:locale\" content=\"fr_FR\" \/>\n<meta property=\"og:type\" content=\"article\" \/>\n<meta property=\"og:title\" content=\"Comme l&#039;an dernier, Walide Khyar (-66 kg) s&#039;offre une m\u00e9daille de bronze europ\u00e9enne\" \/>\n<meta property=\"og:description\" content=\"CHAMPIONNATS D&#039;EUROPE DE JUDO 2026 - Battu en demi-finale, Walide Khyar a survol\u00e9 son dernier combat et s&#039;offre une nouvelle m\u00e9daille de bronze.\" \/>\n<meta property=\"og:url\" content=\"https:\/\/dicodusport.fr\/blog\/comme-lan-dernier-walide-khyar-66-kg-soffre-une-medaille-de-bronze-europeenne\/\" \/>\n<meta property=\"og:site_name\" content=\"Dicodusport\" \/>\n<meta property=\"article:publisher\" content=\"https:\/\/www.facebook.com\/dicodusport\" \/>\n<meta property=\"article:author\" content=\"https:\/\/www.facebook.com\/sebastien.gente\/\" \/>\n<meta property=\"article:published_time\" content=\"2026-04-16T13:44:28+00:00\" \/>\n<meta property=\"article:modified_time\" content=\"2026-04-16T15:57:23+00:00\" \/>\n<meta property=\"og:image\" content=\"https:\/\/dicodusport.fr\/blog\/wp-content\/uploads\/2026\/04\/Comme-lan-dernier-Walide-Khyar-66-kg-soffre-une-medaille-de-bronze-europeenne-1.png\" \/>\n\t<meta property=\"og:image:width\" content=\"1200\" \/>\n\t<meta property=\"og:image:height\" content=\"674\" \/>\n\t<meta property=\"og:image:type\" content=\"image\/png\" \/>\n<meta name=\"author\" content=\"S\u00e9bastien Gente\" \/>\n<meta name=\"twitter:card\" content=\"summary_large_image\" \/>\n<meta name=\"twitter:title\" content=\"Comme l&#039;an dernier, Walide Khyar (-66 kg) s&#039;offre une m\u00e9daille de bronze europ\u00e9enne\" \/>\n<meta name=\"twitter:creator\" content=\"@https:\/\/twitter.com\/globulo24\" \/>\n<meta name=\"twitter:site\" content=\"@dicodusport\" \/>\n<script type=\"application\/ld+json\" class=\"yoast-schema-graph\">{\"@context\":\"https:\/\/schema.org\",\"@graph\":[{\"@type\":\"NewsArticle\",\"@id\":\"https:\/\/dicodusport.fr\/blog\/comme-lan-dernier-walide-khyar-66-kg-soffre-une-medaille-de-bronze-europeenne\/#article\",\"isPartOf\":{\"@id\":\"https:\/\/dicodusport.fr\/blog\/comme-lan-dernier-walide-khyar-66-kg-soffre-une-medaille-de-bronze-europeenne\/\"},\"author\":{\"name\":\"S\u00e9bastien Gente\",\"@id\":\"https:\/\/dicodusport.fr\/blog\/#\/schema\/person\/627966a6cde45dbd8c5e36ac85d783da\"},\"headline\":\"Comme l&rsquo;an dernier, Walide Khyar (-66 kg) s&rsquo;offre une m\u00e9daille de bronze europ\u00e9enne\",\"datePublished\":\"2026-04-16T13:44:28+00:00\",\"dateModified\":\"2026-04-16T15:57:23+00:00\",\"mainEntityOfPage\":{\"@id\":\"https:\/\/dicodusport.fr\/blog\/comme-lan-dernier-walide-khyar-66-kg-soffre-une-medaille-de-bronze-europeenne\/\"},\"wordCount\":601,\"commentCount\":0,\"publisher\":{\"@id\":\"https:\/\/dicodusport.fr\/blog\/#organization\"},\"image\":{\"@id\":\"https:\/\/dicodusport.fr\/blog\/comme-lan-dernier-walide-khyar-66-kg-soffre-une-medaille-de-bronze-europeenne\/#primaryimage\"},\"thumbnailUrl\":\"https:\/\/dicodusport.fr\/blog\/wp-content\/uploads\/2026\/04\/Comme-lan-dernier-Walide-Khyar-66-kg-soffre-une-medaille-de-bronze-europeenne-1.png\",\"keywords\":[\"br\u00e8ve\",\"Championnats d'Europe de judo\",\"Walide Khyar\"],\"articleSection\":[\"Judo\"],\"inLanguage\":\"fr-FR\",\"potentialAction\":[{\"@type\":\"CommentAction\",\"name\":\"Comment\",\"target\":[\"https:\/\/dicodusport.fr\/blog\/comme-lan-dernier-walide-khyar-66-kg-soffre-une-medaille-de-bronze-europeenne\/#respond\"]}],\"copyrightYear\":\"2026\",\"copyrightHolder\":{\"@id\":\"https:\/\/dicodusport.fr\/blog\/#organization\"}},{\"@type\":\"WebPage\",\"@id\":\"https:\/\/dicodusport.fr\/blog\/comme-lan-dernier-walide-khyar-66-kg-soffre-une-medaille-de-bronze-europeenne\/\",\"url\":\"https:\/\/dicodusport.fr\/blog\/comme-lan-dernier-walide-khyar-66-kg-soffre-une-medaille-de-bronze-europeenne\/\",\"name\":\"Comme l'an dernier, Walide Khyar (-66 kg) s'offre une m\u00e9daille de bronze europ\u00e9enne\",\"isPartOf\":{\"@id\":\"https:\/\/dicodusport.fr\/blog\/#website\"},\"primaryImageOfPage\":{\"@id\":\"https:\/\/dicodusport.fr\/blog\/comme-lan-dernier-walide-khyar-66-kg-soffre-une-medaille-de-bronze-europeenne\/#primaryimage\"},\"image\":{\"@id\":\"https:\/\/dicodusport.fr\/blog\/comme-lan-dernier-walide-khyar-66-kg-soffre-une-medaille-de-bronze-europeenne\/#primaryimage\"},\"thumbnailUrl\":\"https:\/\/dicodusport.fr\/blog\/wp-content\/uploads\/2026\/04\/Comme-lan-dernier-Walide-Khyar-66-kg-soffre-une-medaille-de-bronze-europeenne-1.png\",\"datePublished\":\"2026-04-16T13:44:28+00:00\",\"dateModified\":\"2026-04-16T15:57:23+00:00\",\"description\":\"CHAMPIONNATS D'EUROPE DE JUDO 2026 - Battu en demi-finale, Walide Khyar a survol\u00e9 son dernier combat et s'offre une nouvelle m\u00e9daille de bronze.\",\"breadcrumb\":{\"@id\":\"https:\/\/dicodusport.fr\/blog\/comme-lan-dernier-walide-khyar-66-kg-soffre-une-medaille-de-bronze-europeenne\/#breadcrumb\"},\"inLanguage\":\"fr-FR\",\"potentialAction\":[{\"@type\":\"ReadAction\",\"target\":[\"https:\/\/dicodusport.fr\/blog\/comme-lan-dernier-walide-khyar-66-kg-soffre-une-medaille-de-bronze-europeenne\/\"]}]},{\"@type\":\"ImageObject\",\"inLanguage\":\"fr-FR\",\"@id\":\"https:\/\/dicodusport.fr\/blog\/comme-lan-dernier-walide-khyar-66-kg-soffre-une-medaille-de-bronze-europeenne\/#primaryimage\",\"url\":\"https:\/\/dicodusport.fr\/blog\/wp-content\/uploads\/2026\/04\/Comme-lan-dernier-Walide-Khyar-66-kg-soffre-une-medaille-de-bronze-europeenne-1.png\",\"contentUrl\":\"https:\/\/dicodusport.fr\/blog\/wp-content\/uploads\/2026\/04\/Comme-lan-dernier-Walide-Khyar-66-kg-soffre-une-medaille-de-bronze-europeenne-1.png\",\"width\":1200,\"height\":674,\"caption\":\"Comme l'an dernier, Walide Khyar (-66 kg) s'offre une m\u00e9daille de bronze europ\u00e9enne\"},{\"@type\":\"BreadcrumbList\",\"@id\":\"https:\/\/dicodusport.fr\/blog\/comme-lan-dernier-walide-khyar-66-kg-soffre-une-medaille-de-bronze-europeenne\/#breadcrumb\",\"itemListElement\":[{\"@type\":\"ListItem\",\"position\":1,\"name\":\"Accueil\",\"item\":\"https:\/\/dicodusport.fr\/blog\/\"},{\"@type\":\"ListItem\",\"position\":2,\"name\":\"Comme l&rsquo;an dernier, Walide Khyar (-66 kg) s&rsquo;offre une m\u00e9daille de bronze europ\u00e9enne\"}]},{\"@type\":\"WebSite\",\"@id\":\"https:\/\/dicodusport.fr\/blog\/#website\",\"url\":\"https:\/\/dicodusport.fr\/blog\/\",\"name\":\"Dicodusport\",\"description\":\"L&#039;encyclop\u00e9die de l&#039;actualit\u00e9 sportive\",\"publisher\":{\"@id\":\"https:\/\/dicodusport.fr\/blog\/#organization\"},\"potentialAction\":[{\"@type\":\"SearchAction\",\"target\":{\"@type\":\"EntryPoint\",\"urlTemplate\":\"https:\/\/dicodusport.fr\/blog\/?s={search_term_string}\"},\"query-input\":{\"@type\":\"PropertyValueSpecification\",\"valueRequired\":true,\"valueName\":\"search_term_string\"}}],\"inLanguage\":\"fr-FR\"},{\"@type\":\"NewsMediaOrganization\",\"@id\":\"https:\/\/dicodusport.fr\/blog\/#organization\",\"name\":\"Dicodusport\",\"url\":\"https:\/\/dicodusport.fr\/blog\/\",\"logo\":{\"@type\":\"ImageObject\",\"inLanguage\":\"fr-FR\",\"@id\":\"https:\/\/dicodusport.fr\/blog\/#\/schema\/logo\/image\/\",\"url\":\"https:\/\/dicodusport.fr\/blog\/wp-content\/uploads\/2020\/06\/cropped-LOGO-DICODUSPORT-2020-SANS-FOND-SANS-TEXTE.png\",\"contentUrl\":\"https:\/\/dicodusport.fr\/blog\/wp-content\/uploads\/2020\/06\/cropped-LOGO-DICODUSPORT-2020-SANS-FOND-SANS-TEXTE.png\",\"width\":512,\"height\":512,\"caption\":\"Dicodusport\"},\"image\":{\"@id\":\"https:\/\/dicodusport.fr\/blog\/#\/schema\/logo\/image\/\"},\"sameAs\":[\"https:\/\/www.facebook.com\/dicodusport\",\"https:\/\/x.com\/dicodusport\",\"https:\/\/www.instagram.com\/dicodusport\/\",\"https:\/\/www.youtube.com\/channel\/UC7V2KZ5sd3htJivAbA4ZG3w\"],\"description\":\"Dicodusport est l'encyclop\u00e9die de l'actualit\u00e9 sportive.\",\"email\":\"bonjour@dicodusport.fr\",\"legalName\":\"DICODUSPORT\",\"foundingDate\":\"2018-01-14\",\"vatID\":\"FR71834470973\",\"taxID\":\"83447097300043\",\"numberOfEmployees\":{\"@type\":\"QuantitativeValue\",\"minValue\":\"1\",\"maxValue\":\"10\"}},{\"@type\":\"Person\",\"@id\":\"https:\/\/dicodusport.fr\/blog\/#\/schema\/person\/627966a6cde45dbd8c5e36ac85d783da\",\"name\":\"S\u00e9bastien Gente\",\"image\":{\"@type\":\"ImageObject\",\"inLanguage\":\"fr-FR\",\"@id\":\"https:\/\/dicodusport.fr\/blog\/#\/schema\/person\/image\/\",\"url\":\"https:\/\/dicodusport.fr\/blog\/wp-content\/uploads\/2021\/09\/1510990_10205810251400683_4124423575079401707_n-150x150.jpg\",\"contentUrl\":\"https:\/\/dicodusport.fr\/blog\/wp-content\/uploads\/2021\/09\/1510990_10205810251400683_4124423575079401707_n-150x150.jpg\",\"caption\":\"S\u00e9bastien Gente\"},\"description\":\"John Stockton, Gianni Bugno, Zinedine Zidane, Steffi Graf, Frode Andresen, St\u00e9phane Stoecklin, Davis Kamoga, Primoz Peterka, Werner Schlager et Aur\u00e9lien Rougerie. Point commun entre ces sportifs? Ils m'ont fait r\u00eaver et ont berc\u00e9 mon adolescence. Je suis un fondu de sports et j'essaie de retranscrire ma passion \u00e0 travers mes articles. Originaire du P\u00e9rigord, ma passion pour les Girondins, les Jaunards et les Jazzmen transpire dans mes \u00e9crits. \u00c0 Dicodusport depuis 2021, je d\u00e9niche les sports m\u00e9connus dans lesquels la France brille, et il y en a !\",\"sameAs\":[\"https:\/\/www.facebook.com\/sebastien.gente\/\",\"https:\/\/www.instagram.com\/sebgente\/\",\"https:\/\/www.linkedin.com\/in\/sbastien-gente-a29583169\/\",\"https:\/\/x.com\/https:\/\/twitter.com\/globulo24\",\"SebastienGente\"],\"worksFor\":\"S\u00e9bastien GENTE\",\"url\":\"https:\/\/dicodusport.fr\/blog\/author\/sebastiengente\/\"}]}<\/script>\n<!-- \/ Yoast SEO Premium plugin. -->","yoast_head_json":{"title":"Comme l'an dernier, Walide Khyar (-66 kg) s'offre une m\u00e9daille de bronze europ\u00e9enne","description":"CHAMPIONNATS D'EUROPE DE JUDO 2026 - Battu en demi-finale, Walide Khyar a survol\u00e9 son dernier combat et s'offre une nouvelle m\u00e9daille de bronze.","robots":{"index":"index","follow":"follow","max-snippet":"max-snippet:-1","max-image-preview":"max-image-preview:large","max-video-preview":"max-video-preview:-1"},"canonical":"https:\/\/dicodusport.fr\/blog\/comme-lan-dernier-walide-khyar-66-kg-soffre-une-medaille-de-bronze-europeenne\/","og_locale":"fr_FR","og_type":"article","og_title":"Comme l'an dernier, Walide Khyar (-66 kg) s'offre une m\u00e9daille de bronze europ\u00e9enne","og_description":"CHAMPIONNATS D'EUROPE DE JUDO 2026 - Battu en demi-finale, Walide Khyar a survol\u00e9 son dernier combat et s'offre une nouvelle m\u00e9daille de bronze.","og_url":"https:\/\/dicodusport.fr\/blog\/comme-lan-dernier-walide-khyar-66-kg-soffre-une-medaille-de-bronze-europeenne\/","og_site_name":"Dicodusport","article_publisher":"https:\/\/www.facebook.com\/dicodusport","article_author":"https:\/\/www.facebook.com\/sebastien.gente\/","article_published_time":"2026-04-16T13:44:28+00:00","article_modified_time":"2026-04-16T15:57:23+00:00","og_image":[{"width":1200,"height":674,"url":"https:\/\/dicodusport.fr\/blog\/wp-content\/uploads\/2026\/04\/Comme-lan-dernier-Walide-Khyar-66-kg-soffre-une-medaille-de-bronze-europeenne-1.png","type":"image\/png"}],"author":"S\u00e9bastien Gente","twitter_card":"summary_large_image","twitter_title":"Comme l'an dernier, Walide Khyar (-66 kg) s'offre une m\u00e9daille de bronze europ\u00e9enne","twitter_creator":"@https:\/\/twitter.com\/globulo24","twitter_site":"@dicodusport","schema":{"@context":"https:\/\/schema.org","@graph":[{"@type":"NewsArticle","@id":"https:\/\/dicodusport.fr\/blog\/comme-lan-dernier-walide-khyar-66-kg-soffre-une-medaille-de-bronze-europeenne\/#article","isPartOf":{"@id":"https:\/\/dicodusport.fr\/blog\/comme-lan-dernier-walide-khyar-66-kg-soffre-une-medaille-de-bronze-europeenne\/"},"author":{"name":"S\u00e9bastien Gente","@id":"https:\/\/dicodusport.fr\/blog\/#\/schema\/person\/627966a6cde45dbd8c5e36ac85d783da"},"headline":"Comme l&rsquo;an dernier, Walide Khyar (-66 kg) s&rsquo;offre une m\u00e9daille de bronze europ\u00e9enne","datePublished":"2026-04-16T13:44:28+00:00","dateModified":"2026-04-16T15:57:23+00:00","mainEntityOfPage":{"@id":"https:\/\/dicodusport.fr\/blog\/comme-lan-dernier-walide-khyar-66-kg-soffre-une-medaille-de-bronze-europeenne\/"},"wordCount":601,"commentCount":0,"publisher":{"@id":"https:\/\/dicodusport.fr\/blog\/#organization"},"image":{"@id":"https:\/\/dicodusport.fr\/blog\/comme-lan-dernier-walide-khyar-66-kg-soffre-une-medaille-de-bronze-europeenne\/#primaryimage"},"thumbnailUrl":"https:\/\/dicodusport.fr\/blog\/wp-content\/uploads\/2026\/04\/Comme-lan-dernier-Walide-Khyar-66-kg-soffre-une-medaille-de-bronze-europeenne-1.png","keywords":["br\u00e8ve","Championnats d'Europe de judo","Walide Khyar"],"articleSection":["Judo"],"inLanguage":"fr-FR","potentialAction":[{"@type":"CommentAction","name":"Comment","target":["https:\/\/dicodusport.fr\/blog\/comme-lan-dernier-walide-khyar-66-kg-soffre-une-medaille-de-bronze-europeenne\/#respond"]}],"copyrightYear":"2026","copyrightHolder":{"@id":"https:\/\/dicodusport.fr\/blog\/#organization"}},{"@type":"WebPage","@id":"https:\/\/dicodusport.fr\/blog\/comme-lan-dernier-walide-khyar-66-kg-soffre-une-medaille-de-bronze-europeenne\/","url":"https:\/\/dicodusport.fr\/blog\/comme-lan-dernier-walide-khyar-66-kg-soffre-une-medaille-de-bronze-europeenne\/","name":"Comme l'an dernier, Walide Khyar (-66 kg) s'offre une m\u00e9daille de bronze europ\u00e9enne","isPartOf":{"@id":"https:\/\/dicodusport.fr\/blog\/#website"},"primaryImageOfPage":{"@id":"https:\/\/dicodusport.fr\/blog\/comme-lan-dernier-walide-khyar-66-kg-soffre-une-medaille-de-bronze-europeenne\/#primaryimage"},"image":{"@id":"https:\/\/dicodusport.fr\/blog\/comme-lan-dernier-walide-khyar-66-kg-soffre-une-medaille-de-bronze-europeenne\/#primaryimage"},"thumbnailUrl":"https:\/\/dicodusport.fr\/blog\/wp-content\/uploads\/2026\/04\/Comme-lan-dernier-Walide-Khyar-66-kg-soffre-une-medaille-de-bronze-europeenne-1.png","datePublished":"2026-04-16T13:44:28+00:00","dateModified":"2026-04-16T15:57:23+00:00","description":"CHAMPIONNATS D'EUROPE DE JUDO 2026 - Battu en demi-finale, Walide Khyar a survol\u00e9 son dernier combat et s'offre une nouvelle m\u00e9daille de bronze.","breadcrumb":{"@id":"https:\/\/dicodusport.fr\/blog\/comme-lan-dernier-walide-khyar-66-kg-soffre-une-medaille-de-bronze-europeenne\/#breadcrumb"},"inLanguage":"fr-FR","potentialAction":[{"@type":"ReadAction","target":["https:\/\/dicodusport.fr\/blog\/comme-lan-dernier-walide-khyar-66-kg-soffre-une-medaille-de-bronze-europeenne\/"]}]},{"@type":"ImageObject","inLanguage":"fr-FR","@id":"https:\/\/dicodusport.fr\/blog\/comme-lan-dernier-walide-khyar-66-kg-soffre-une-medaille-de-bronze-europeenne\/#primaryimage","url":"https:\/\/dicodusport.fr\/blog\/wp-content\/uploads\/2026\/04\/Comme-lan-dernier-Walide-Khyar-66-kg-soffre-une-medaille-de-bronze-europeenne-1.png","contentUrl":"https:\/\/dicodusport.fr\/blog\/wp-content\/uploads\/2026\/04\/Comme-lan-dernier-Walide-Khyar-66-kg-soffre-une-medaille-de-bronze-europeenne-1.png","width":1200,"height":674,"caption":"Comme l'an dernier, Walide Khyar (-66 kg) s'offre une m\u00e9daille de bronze europ\u00e9enne"},{"@type":"BreadcrumbList","@id":"https:\/\/dicodusport.fr\/blog\/comme-lan-dernier-walide-khyar-66-kg-soffre-une-medaille-de-bronze-europeenne\/#breadcrumb","itemListElement":[{"@type":"ListItem","position":1,"name":"Accueil","item":"https:\/\/dicodusport.fr\/blog\/"},{"@type":"ListItem","position":2,"name":"Comme l&rsquo;an dernier, Walide Khyar (-66 kg) s&rsquo;offre une m\u00e9daille de bronze europ\u00e9enne"}]},{"@type":"WebSite","@id":"https:\/\/dicodusport.fr\/blog\/#website","url":"https:\/\/dicodusport.fr\/blog\/","name":"Dicodusport","description":"L&#039;encyclop\u00e9die de l&#039;actualit\u00e9 sportive","publisher":{"@id":"https:\/\/dicodusport.fr\/blog\/#organization"},"potentialAction":[{"@type":"SearchAction","target":{"@type":"EntryPoint","urlTemplate":"https:\/\/dicodusport.fr\/blog\/?s={search_term_string}"},"query-input":{"@type":"PropertyValueSpecification","valueRequired":true,"valueName":"search_term_string"}}],"inLanguage":"fr-FR"},{"@type":"NewsMediaOrganization","@id":"https:\/\/dicodusport.fr\/blog\/#organization","name":"Dicodusport","url":"https:\/\/dicodusport.fr\/blog\/","logo":{"@type":"ImageObject","inLanguage":"fr-FR","@id":"https:\/\/dicodusport.fr\/blog\/#\/schema\/logo\/image\/","url":"https:\/\/dicodusport.fr\/blog\/wp-content\/uploads\/2020\/06\/cropped-LOGO-DICODUSPORT-2020-SANS-FOND-SANS-TEXTE.png","contentUrl":"https:\/\/dicodusport.fr\/blog\/wp-content\/uploads\/2020\/06\/cropped-LOGO-DICODUSPORT-2020-SANS-FOND-SANS-TEXTE.png","width":512,"height":512,"caption":"Dicodusport"},"image":{"@id":"https:\/\/dicodusport.fr\/blog\/#\/schema\/logo\/image\/"},"sameAs":["https:\/\/www.facebook.com\/dicodusport","https:\/\/x.com\/dicodusport","https:\/\/www.instagram.com\/dicodusport\/","https:\/\/www.youtube.com\/channel\/UC7V2KZ5sd3htJivAbA4ZG3w"],"description":"Dicodusport est l'encyclop\u00e9die de l'actualit\u00e9 sportive.","email":"bonjour@dicodusport.fr","legalName":"DICODUSPORT","foundingDate":"2018-01-14","vatID":"FR71834470973","taxID":"83447097300043","numberOfEmployees":{"@type":"QuantitativeValue","minValue":"1","maxValue":"10"}},{"@type":"Person","@id":"https:\/\/dicodusport.fr\/blog\/#\/schema\/person\/627966a6cde45dbd8c5e36ac85d783da","name":"S\u00e9bastien Gente","image":{"@type":"ImageObject","inLanguage":"fr-FR","@id":"https:\/\/dicodusport.fr\/blog\/#\/schema\/person\/image\/","url":"https:\/\/dicodusport.fr\/blog\/wp-content\/uploads\/2021\/09\/1510990_10205810251400683_4124423575079401707_n-150x150.jpg","contentUrl":"https:\/\/dicodusport.fr\/blog\/wp-content\/uploads\/2021\/09\/1510990_10205810251400683_4124423575079401707_n-150x150.jpg","caption":"S\u00e9bastien Gente"},"description":"John Stockton, Gianni Bugno, Zinedine Zidane, Steffi Graf, Frode Andresen, St\u00e9phane Stoecklin, Davis Kamoga, Primoz Peterka, Werner Schlager et Aur\u00e9lien Rougerie. Point commun entre ces sportifs? Ils m'ont fait r\u00eaver et ont berc\u00e9 mon adolescence. Je suis un fondu de sports et j'essaie de retranscrire ma passion \u00e0 travers mes articles. Originaire du P\u00e9rigord, ma passion pour les Girondins, les Jaunards et les Jazzmen transpire dans mes \u00e9crits. \u00c0 Dicodusport depuis 2021, je d\u00e9niche les sports m\u00e9connus dans lesquels la France brille, et il y en a !","sameAs":["https:\/\/www.facebook.com\/sebastien.gente\/","https:\/\/www.instagram.com\/sebgente\/","https:\/\/www.linkedin.com\/in\/sbastien-gente-a29583169\/","https:\/\/x.com\/https:\/\/twitter.com\/globulo24","SebastienGente"],"worksFor":"S\u00e9bastien GENTE","url":"https:\/\/dicodusport.fr\/blog\/author\/sebastiengente\/"}]}},"_links":{"self":[{"href":"https:\/\/dicodusport.fr\/blog\/wp-json\/wp\/v2\/posts\/663074","targetHints":{"allow":["GET"]}}],"collection":[{"href":"https:\/\/dicodusport.fr\/blog\/wp-json\/wp\/v2\/posts"}],"about":[{"href":"https:\/\/dicodusport.fr\/blog\/wp-json\/wp\/v2\/types\/post"}],"author":[{"embeddable":true,"href":"https:\/\/dicodusport.fr\/blog\/wp-json\/wp\/v2\/users\/59"}],"replies":[{"embeddable":true,"href":"https:\/\/dicodusport.fr\/blog\/wp-json\/wp\/v2\/comments?post=663074"}],"version-history":[{"count":3,"href":"https:\/\/dicodusport.fr\/blog\/wp-json\/wp\/v2\/posts\/663074\/revisions"}],"predecessor-version":[{"id":663167,"href":"https:\/\/dicodusport.fr\/blog\/wp-json\/wp\/v2\/posts\/663074\/revisions\/663167"}],"wp:featuredmedia":[{"embeddable":true,"href":"https:\/\/dicodusport.fr\/blog\/wp-json\/wp\/v2\/media\/663206"}],"wp:attachment":[{"href":"https:\/\/dicodusport.fr\/blog\/wp-json\/wp\/v2\/media?parent=663074"}],"wp:term":[{"taxonomy":"category","embeddable":true,"href":"https:\/\/dicodusport.fr\/blog\/wp-json\/wp\/v2\/categories?post=663074"},{"taxonomy":"post_tag","embeddable":true,"href":"https:\/\/dicodusport.fr\/blog\/wp-json\/wp\/v2\/tags?post=663074"}],"curies":[{"name":"wp","href":"https:\/\/api.w.org\/{rel}","templated":true}]}}