{"id":663096,"date":"2026-04-16T17:23:42","date_gmt":"2026-04-16T15:23:42","guid":{"rendered":"https:\/\/dicodusport.fr\/blog\/?p=663096&#038;preview=true&#038;preview_id=663096"},"modified":"2026-04-16T17:43:17","modified_gmt":"2026-04-16T15:43:17","slug":"ivan-romeo-remporte-la-3e-etape-do-gran-camino-en-solitaire","status":"publish","type":"post","link":"https:\/\/dicodusport.fr\/blog\/ivan-romeo-remporte-la-3e-etape-do-gran-camino-en-solitaire\/","title":{"rendered":"Iv\u00e1n Romeo remporte la 3e \u00e9tape d&rsquo;O Gran Cami\u00f1o en solitaire"},"content":{"rendered":"<p style=\"text-align: justify;\"><strong><em>O GRAN CAMINO 2026 &#8211; Apr\u00e8s un v\u00e9ritable num\u00e9ro, Iv\u00e1n Romeo remporte la 3e \u00e9tape \u00e0 Padr\u00f3n, et revient dans la course pour le classement g\u00e9n\u00e9ral.\u00a0<\/em><\/strong><\/p>\n<p style=\"text-align: justify;\">\u00c0 la veille de l\u2019\u00e9tape reine, les coureurs r\u00e9alisent la plus longue \u00e9tape de la semaine entre <strong><span class=\"notion-enable-hover\" data-token-index=\"1\">Carballo<\/span><\/strong> et <strong><span class=\"notion-enable-hover\" data-token-index=\"3\">Padr\u00f3n<\/span><\/strong> (169km). Le parcours est vallonn\u00e9 avec notamment l\u2019ascension de l\u2019<strong><span class=\"notion-enable-hover\" data-token-index=\"5\">Alto Pico Muralla<\/span><\/strong> (10,7km \u00e0 3,8%) dont le sommet est plac\u00e9 \u00e0 34 kilom\u00e8tres de l\u2019arriv\u00e9e.<\/p>\n<blockquote class=\"twitter-tweet\">\n<p dir=\"ltr\" lang=\"en\">The 3rd stage of <a href=\"https:\/\/twitter.com\/ograncamino_thr?ref_src=twsrc%5Etfw\">@ograncamino_thr<\/a> is ON, 75 km to go. Similar finish profile as yesterday so Carlos Canal is favourite for a 2nd stage win if Romeo helps him again. I go with Eric Fagundez, a double victory today for Uruguay would be nice. \ud83d\udcaa\ud83c\uddfa\ud83c\uddfe<a href=\"https:\/\/twitter.com\/hashtag\/OGC26?src=hash&amp;ref_src=twsrc%5Etfw\">#OGC26<\/a> <a href=\"https:\/\/t.co\/Ll1GtFUK4o\">pic.twitter.com\/Ll1GtFUK4o<\/a><\/p>\n<p>\u2014 Mihai Simion (@faustocoppi60) <a href=\"https:\/\/twitter.com\/faustocoppi60\/status\/2044772525096259690?ref_src=twsrc%5Etfw\">April 16, 2026<\/a><\/p><\/blockquote>\n<p style=\"text-align: justify;\"><script src=\"https:\/\/platform.twitter.com\/widgets.js\" async=\"\" charset=\"utf-8\"><\/script><\/p>\n<h2 style=\"text-align: justify;\">L&rsquo;\u00e9chapp\u00e9e met du temps \u00e0 se dessiner, 6 hommes ouvrent la route<\/h2>\n<p style=\"text-align: justify;\"><strong>Jos\u00e9 Bicho<\/strong> (Tavira &#8211; Cr\u00e9dito Agr\u00edcola), <strong>Pedro Silva<\/strong> (Feira dos Sofas &#8211; Boavista) et <strong>Finnegan Murphy<\/strong> (Meridian Racing) auront eu le m\u00e9rite de tenter leur chance. Partis d\u00e8s le premier col (non r\u00e9pertori\u00e9 \u2013 7,2km \u00e0 3,2%), ils ont bataill\u00e9 pendant une quinzaine de kilom\u00e8tres avec un \u00e9cart qui n&rsquo;a jamais d\u00e9pass\u00e9 les trente secondes d&rsquo;avance sur le peloton avant d&rsquo;\u00eatre repris. Le malheur des uns faisant le bonheur des autres, une contre-attaque est lanc\u00e9e alors que les trois malheureux rentrent dans le rang. <strong>Xabier Isasa<\/strong> (Euskaltel &#8211; Euskadi), <strong>Carlos Miguel Salgueiro<\/strong> (Tavira &#8211; Cr\u00e9dito Agr\u00edcola), <strong>F\u00e1bio Costa<\/strong> (Feira dos Sof\u00e1s &#8211; Boavista), <strong>Lucas Sim\u00e3o <\/strong>(Tavfer &#8211; Ovos Matinados-Mort\u00e1gua), <strong>Jacob Roy<\/strong> et <strong>Joshua Lebo<\/strong> (Meridian Racing) sont les heureux membres de la bonne \u00e9chapp\u00e9e, form\u00e9e apr\u00e8s 31 kilom\u00e8tres de course.<\/p>\n<h2 style=\"text-align: justify;\">La Movistar et Iv\u00e1n Romeo acc\u00e9l\u00e8rent dans l&rsquo;Alto Pico Muralla<\/h2>\n<p style=\"text-align: justify;\">D\u00e8s le pied de la seule ascension r\u00e9pertori\u00e9e du jour, l&rsquo;\u00e9quipe <strong>Movistar<\/strong> acc\u00e9l\u00e8re et m\u00e8ne un train d&rsquo;enfer au profit de son leader, le champion d&rsquo;Espagne <strong>Iv\u00e1n Romeo<\/strong>. Le leader du classement g\u00e9n\u00e9ral, <strong>Rafael Reis<\/strong> (Anicolor\/Campicarn), figure parmi les premi\u00e8res victimes de cette acc\u00e9l\u00e9ration. Alors que les membres de l&rsquo;\u00e9chapp\u00e9e matinale sont repris un \u00e0 un, le champion d&rsquo;Espagne passe \u00e0 l&rsquo;attaque.<\/p>\n<blockquote class=\"twitter-tweet\">\n<p dir=\"ltr\" lang=\"es\">\ud83c\uddea\ud83c\uddf8 La casta de Iv\u00e1n Romeo: el espa\u00f1ol del <a href=\"https:\/\/twitter.com\/Movistar_Team?ref_src=twsrc%5Etfw\">@Movistar_Team<\/a> acelera y divide el grupo con el UAE de Yates<a href=\"https:\/\/twitter.com\/hashtag\/OGC26?src=hash&amp;ref_src=twsrc%5Etfw\">#OGC26<\/a> <a href=\"https:\/\/t.co\/Hf66O6djBv\">pic.twitter.com\/Hf66O6djBv<\/a><\/p>\n<p>\u2014 Eurosport.es (@Eurosport_ES) <a href=\"https:\/\/twitter.com\/Eurosport_ES\/status\/2044785672993542378?ref_src=twsrc%5Etfw\">April 16, 2026<\/a><\/p><\/blockquote>\n<p style=\"text-align: justify;\"><script src=\"https:\/\/platform.twitter.com\/widgets.js\" async=\"\" charset=\"utf-8\"><\/script><\/p>\n<p style=\"text-align: justify;\">Malgr\u00e9 les d\u00e9g\u00e2ts que cause cette acc\u00e9l\u00e9ration \u00e0 l&rsquo;arri\u00e8re du peloton, Ivan Romeo ne parvient pas \u00e0 distancer ses principaux concurrents. <strong>Adam Yates<\/strong> (UAE Team Emirates &#8211; XRG), <strong>Jorgen Nordhagen<\/strong> (Visma &#8211; Lease a Bike), <strong>Abel Balderstone<\/strong> (Caja-Rujal Seguros RGA), <strong>George Bennett<\/strong> et <strong>Alessandro Pinarello<\/strong> (NSN) ne l\u00e2chent pas le coureur de la Movistar, et composent le groupe de t\u00eate. Plusieurs offensives sont lanc\u00e9es, par <strong>George Bennett<\/strong> d&rsquo;abord, puis par <strong>Iv\u00e1n Romeo<\/strong> qui tente \u00e0 nouveau de s&rsquo;isoler \u00e0 l&rsquo;avant. Ces tentatives se soldent par des \u00e9checs et les 6 hommes de t\u00eate passent le sommet group\u00e9s.<\/p>\n<ul style=\"text-align: justify;\">\n<li><strong>\u00c0 lire aussi \u2013 <a href=\"https:\/\/dicodusport.fr\/blog\/3e-etape-o-gran-camino-2026-classement-et-resultats\/\">3e \u00e9tape O Gran Cami\u00f1o 2026 : Classement et r\u00e9sultats<\/a><\/strong><\/li>\n<\/ul>\n<h2 style=\"text-align: justify;\">Romeo pers\u00e9v\u00e8re et s&rsquo;envole vers la victoire<\/h2>\n<p style=\"text-align: justify;\">Apr\u00e8s des sprints interm\u00e9diaires disput\u00e9s \u2013 pour b\u00e9n\u00e9ficier des 3&Prime; de bonifications octroy\u00e9es au vainqueur \u2013 le champion d&rsquo;Espagne prend un coup d&rsquo;avance, accompagn\u00e9 d&rsquo;<strong>Alessandro Pinarello<\/strong> et d&rsquo;<strong>Abel Balderstone<\/strong>. Pi\u00e9g\u00e9s, <strong>Adam Yates<\/strong> et <strong>Jorgen Nordhagen<\/strong> collaborent pour r\u00e9duire l&rsquo;\u00e9cart, g\u00ean\u00e9s par la pr\u00e9sence de <strong>George Bennett<\/strong> \u2013 co\u00e9quipier de l&rsquo;Italien pr\u00e9sent \u00e0 l&rsquo;avant, ils n&rsquo;y parviendront jamais.<\/p>\n<p style=\"text-align: justify;\">Sur une partie relativement plate, et \u00e0 force d&rsquo;acharnement, <strong>Iv\u00e1n Romeo<\/strong> surprend ses deux compagnons et prend quelques m\u00e8tres d&rsquo;avance. Il fait parler ses qualit\u00e9s de rouleur et s&rsquo;envole, seul, vers la victoire d&rsquo;\u00e9tape.<\/p>\n<blockquote class=\"twitter-tweet\">\n<p dir=\"ltr\" lang=\"es\">\ud83d\udd25 Unas patas que asustan.<\/p>\n<p>\ud83d\udc4a Nivelazo de Iv\u00e1n Romeo, que suelta como el que no quiere la cosa a Pinarello y Balderstone a 10 kil\u00f3metros de meta<a href=\"https:\/\/twitter.com\/hashtag\/OGC26?src=hash&amp;ref_src=twsrc%5Etfw\">#OGC26<\/a> <a href=\"https:\/\/t.co\/pL1ucKU6yg\">pic.twitter.com\/pL1ucKU6yg<\/a><\/p>\n<p>\u2014 Eurosport.es (@Eurosport_ES) <a href=\"https:\/\/twitter.com\/Eurosport_ES\/status\/2044795159364157516?ref_src=twsrc%5Etfw\">April 16, 2026<\/a><\/p><\/blockquote>\n<p style=\"text-align: justify;\"><script src=\"https:\/\/platform.twitter.com\/widgets.js\" async=\"\" charset=\"utf-8\"><\/script><\/p>\n<p style=\"text-align: justify;\">Au classement g\u00e9n\u00e9ral, <strong>Alessandro Pinarello<\/strong> d\u00e9poss\u00e8de <strong>Rafael Reis<\/strong> de son maillot de leader, tandis qu&rsquo;<strong>Iv\u00e1n<\/strong> <strong>\u00a0Romeo<\/strong> revient dans la course.<\/p>\n<ul style=\"text-align: justify;\">\n<li><strong>\u00c0 ce sujet \u2013\u00a0<a href=\"https:\/\/dicodusport.fr\/blog\/classement-general-o-gran-camino-2026-mis-a-jour\/\">Classement g\u00e9n\u00e9ral O Gran Cami\u00f1o 2026 mis \u00e0 jour<\/a><\/strong><\/li>\n<\/ul>\n<p style=\"text-align: justify;\">\n<div id=\"gtx-trans\" style=\"position: absolute; left: -14px; top: 40.9091px;\">\n<div class=\"gtx-trans-icon\" style=\"text-align: justify;\"><\/div>\n<\/div>\n","protected":false},"excerpt":{"rendered":"<p>O GRAN CAMINO 2026 &#8211; Apr\u00e8s un v\u00e9ritable num\u00e9ro, Ivan Romeo remporte la 3e \u00e9tape \u00e0 Padr\u00f3n, et revient dans la course pour le classement g\u00e9n\u00e9ral.\u00a0<\/p>\n","protected":false},"author":131,"featured_media":663198,"comment_status":"open","ping_status":"closed","sticky":false,"template":"","format":"standard","meta":{"_acf_changed":false,"_daextam_enable_autolinks":"1","footnotes":""},"categories":[46994],"tags":[16878,574,11197,37991],"class_list":["post-663096","post","type-post","status-publish","format-standard","has-post-thumbnail","hentry","category-cyclisme-sur-route","tag-breve","tag-cyclisme","tag-cyclisme-sur-route","tag-o-gran-camino"],"acf":[],"yoast_head":"<!-- This site is optimized with the Yoast SEO Premium plugin v26.7 (Yoast SEO v26.7) - https:\/\/yoast.com\/wordpress\/plugins\/seo\/ -->\n<title>Iv\u00e1n Romeo remporte la 3e \u00e9tape d&#039;O Gran Cami\u00f1o en solitaire<\/title>\n<meta name=\"description\" content=\"O GRAN CAMINO 2026 - Apr\u00e8s un v\u00e9ritable num\u00e9ro, Ivan Romeo remporte la 3e \u00e9tape \u00e0 Padr\u00f3n, et revient dans la course pour le classement g\u00e9n\u00e9ral.\u00a0\" \/>\n<meta name=\"robots\" content=\"index, follow, max-snippet:-1, max-image-preview:large, max-video-preview:-1\" \/>\n<link rel=\"canonical\" href=\"https:\/\/dicodusport.fr\/blog\/ivan-romeo-remporte-la-3e-etape-do-gran-camino-en-solitaire\/\" \/>\n<meta property=\"og:locale\" content=\"fr_FR\" \/>\n<meta property=\"og:type\" content=\"article\" \/>\n<meta property=\"og:title\" content=\"Iv\u00e1n Romeo remporte la 3e \u00e9tape d&#039;O Gran Cami\u00f1o en solitaire\" \/>\n<meta property=\"og:description\" content=\"O GRAN CAMINO 2026 - Apr\u00e8s un v\u00e9ritable num\u00e9ro, Ivan Romeo remporte la 3e \u00e9tape \u00e0 Padr\u00f3n, et revient dans la course pour le classement g\u00e9n\u00e9ral.\u00a0\" \/>\n<meta property=\"og:url\" content=\"https:\/\/dicodusport.fr\/blog\/ivan-romeo-remporte-la-3e-etape-do-gran-camino-en-solitaire\/\" \/>\n<meta property=\"og:site_name\" content=\"Dicodusport\" \/>\n<meta property=\"article:publisher\" content=\"https:\/\/www.facebook.com\/dicodusport\" \/>\n<meta property=\"article:published_time\" content=\"2026-04-16T15:23:42+00:00\" \/>\n<meta property=\"article:modified_time\" content=\"2026-04-16T15:43:17+00:00\" \/>\n<meta property=\"og:image\" content=\"https:\/\/dicodusport.fr\/blog\/wp-content\/uploads\/2026\/04\/Ivan-Romeo-remporte-la-3e-etape-dO-Gran-Camino-en-solitaire-1.png\" \/>\n\t<meta property=\"og:image:width\" content=\"1200\" \/>\n\t<meta property=\"og:image:height\" content=\"674\" \/>\n\t<meta property=\"og:image:type\" content=\"image\/png\" \/>\n<meta name=\"author\" content=\"Nicolas Grasser\" \/>\n<meta name=\"twitter:card\" content=\"summary_large_image\" \/>\n<meta name=\"twitter:title\" content=\"Iv\u00e1n Romeo remporte la 3e \u00e9tape d&#039;O Gran Cami\u00f1o en solitaire\" \/>\n<meta name=\"twitter:creator\" content=\"@dicodusport\" \/>\n<meta name=\"twitter:site\" content=\"@dicodusport\" \/>\n<script type=\"application\/ld+json\" class=\"yoast-schema-graph\">{\"@context\":\"https:\/\/schema.org\",\"@graph\":[{\"@type\":\"NewsArticle\",\"@id\":\"https:\/\/dicodusport.fr\/blog\/ivan-romeo-remporte-la-3e-etape-do-gran-camino-en-solitaire\/#article\",\"isPartOf\":{\"@id\":\"https:\/\/dicodusport.fr\/blog\/ivan-romeo-remporte-la-3e-etape-do-gran-camino-en-solitaire\/\"},\"author\":{\"name\":\"Nicolas Grasser\",\"@id\":\"https:\/\/dicodusport.fr\/blog\/#\/schema\/person\/a173469c5b5aa34cf42cfa11482c966d\"},\"headline\":\"Iv\u00e1n Romeo remporte la 3e \u00e9tape d&rsquo;O Gran Cami\u00f1o en solitaire\",\"datePublished\":\"2026-04-16T15:23:42+00:00\",\"dateModified\":\"2026-04-16T15:43:17+00:00\",\"mainEntityOfPage\":{\"@id\":\"https:\/\/dicodusport.fr\/blog\/ivan-romeo-remporte-la-3e-etape-do-gran-camino-en-solitaire\/\"},\"wordCount\":756,\"commentCount\":0,\"publisher\":{\"@id\":\"https:\/\/dicodusport.fr\/blog\/#organization\"},\"image\":{\"@id\":\"https:\/\/dicodusport.fr\/blog\/ivan-romeo-remporte-la-3e-etape-do-gran-camino-en-solitaire\/#primaryimage\"},\"thumbnailUrl\":\"https:\/\/dicodusport.fr\/blog\/wp-content\/uploads\/2026\/04\/Ivan-Romeo-remporte-la-3e-etape-dO-Gran-Camino-en-solitaire-1.png\",\"keywords\":[\"br\u00e8ve\",\"Cyclisme\",\"Cyclisme sur route\",\"O Gran Camino\"],\"articleSection\":[\"Cyclisme sur route\"],\"inLanguage\":\"fr-FR\",\"potentialAction\":[{\"@type\":\"CommentAction\",\"name\":\"Comment\",\"target\":[\"https:\/\/dicodusport.fr\/blog\/ivan-romeo-remporte-la-3e-etape-do-gran-camino-en-solitaire\/#respond\"]}],\"copyrightYear\":\"2026\",\"copyrightHolder\":{\"@id\":\"https:\/\/dicodusport.fr\/blog\/#organization\"}},{\"@type\":\"WebPage\",\"@id\":\"https:\/\/dicodusport.fr\/blog\/ivan-romeo-remporte-la-3e-etape-do-gran-camino-en-solitaire\/\",\"url\":\"https:\/\/dicodusport.fr\/blog\/ivan-romeo-remporte-la-3e-etape-do-gran-camino-en-solitaire\/\",\"name\":\"Iv\u00e1n Romeo remporte la 3e \u00e9tape d'O Gran Cami\u00f1o en solitaire\",\"isPartOf\":{\"@id\":\"https:\/\/dicodusport.fr\/blog\/#website\"},\"primaryImageOfPage\":{\"@id\":\"https:\/\/dicodusport.fr\/blog\/ivan-romeo-remporte-la-3e-etape-do-gran-camino-en-solitaire\/#primaryimage\"},\"image\":{\"@id\":\"https:\/\/dicodusport.fr\/blog\/ivan-romeo-remporte-la-3e-etape-do-gran-camino-en-solitaire\/#primaryimage\"},\"thumbnailUrl\":\"https:\/\/dicodusport.fr\/blog\/wp-content\/uploads\/2026\/04\/Ivan-Romeo-remporte-la-3e-etape-dO-Gran-Camino-en-solitaire-1.png\",\"datePublished\":\"2026-04-16T15:23:42+00:00\",\"dateModified\":\"2026-04-16T15:43:17+00:00\",\"description\":\"O GRAN CAMINO 2026 - Apr\u00e8s un v\u00e9ritable num\u00e9ro, Ivan Romeo remporte la 3e \u00e9tape \u00e0 Padr\u00f3n, et revient dans la course pour le classement g\u00e9n\u00e9ral.\u00a0\",\"breadcrumb\":{\"@id\":\"https:\/\/dicodusport.fr\/blog\/ivan-romeo-remporte-la-3e-etape-do-gran-camino-en-solitaire\/#breadcrumb\"},\"inLanguage\":\"fr-FR\",\"potentialAction\":[{\"@type\":\"ReadAction\",\"target\":[\"https:\/\/dicodusport.fr\/blog\/ivan-romeo-remporte-la-3e-etape-do-gran-camino-en-solitaire\/\"]}]},{\"@type\":\"ImageObject\",\"inLanguage\":\"fr-FR\",\"@id\":\"https:\/\/dicodusport.fr\/blog\/ivan-romeo-remporte-la-3e-etape-do-gran-camino-en-solitaire\/#primaryimage\",\"url\":\"https:\/\/dicodusport.fr\/blog\/wp-content\/uploads\/2026\/04\/Ivan-Romeo-remporte-la-3e-etape-dO-Gran-Camino-en-solitaire-1.png\",\"contentUrl\":\"https:\/\/dicodusport.fr\/blog\/wp-content\/uploads\/2026\/04\/Ivan-Romeo-remporte-la-3e-etape-dO-Gran-Camino-en-solitaire-1.png\",\"width\":1200,\"height\":674,\"caption\":\"Ivan Romeo remporte la 3e \u00e9tape d'O Gran Cami\u00f1o en solitaire\"},{\"@type\":\"BreadcrumbList\",\"@id\":\"https:\/\/dicodusport.fr\/blog\/ivan-romeo-remporte-la-3e-etape-do-gran-camino-en-solitaire\/#breadcrumb\",\"itemListElement\":[{\"@type\":\"ListItem\",\"position\":1,\"name\":\"Accueil\",\"item\":\"https:\/\/dicodusport.fr\/blog\/\"},{\"@type\":\"ListItem\",\"position\":2,\"name\":\"Iv\u00e1n Romeo remporte la 3e \u00e9tape d&rsquo;O Gran Cami\u00f1o en solitaire\"}]},{\"@type\":\"WebSite\",\"@id\":\"https:\/\/dicodusport.fr\/blog\/#website\",\"url\":\"https:\/\/dicodusport.fr\/blog\/\",\"name\":\"Dicodusport\",\"description\":\"L&#039;encyclop\u00e9die de l&#039;actualit\u00e9 sportive\",\"publisher\":{\"@id\":\"https:\/\/dicodusport.fr\/blog\/#organization\"},\"potentialAction\":[{\"@type\":\"SearchAction\",\"target\":{\"@type\":\"EntryPoint\",\"urlTemplate\":\"https:\/\/dicodusport.fr\/blog\/?s={search_term_string}\"},\"query-input\":{\"@type\":\"PropertyValueSpecification\",\"valueRequired\":true,\"valueName\":\"search_term_string\"}}],\"inLanguage\":\"fr-FR\"},{\"@type\":\"NewsMediaOrganization\",\"@id\":\"https:\/\/dicodusport.fr\/blog\/#organization\",\"name\":\"Dicodusport\",\"url\":\"https:\/\/dicodusport.fr\/blog\/\",\"logo\":{\"@type\":\"ImageObject\",\"inLanguage\":\"fr-FR\",\"@id\":\"https:\/\/dicodusport.fr\/blog\/#\/schema\/logo\/image\/\",\"url\":\"https:\/\/dicodusport.fr\/blog\/wp-content\/uploads\/2020\/06\/cropped-LOGO-DICODUSPORT-2020-SANS-FOND-SANS-TEXTE.png\",\"contentUrl\":\"https:\/\/dicodusport.fr\/blog\/wp-content\/uploads\/2020\/06\/cropped-LOGO-DICODUSPORT-2020-SANS-FOND-SANS-TEXTE.png\",\"width\":512,\"height\":512,\"caption\":\"Dicodusport\"},\"image\":{\"@id\":\"https:\/\/dicodusport.fr\/blog\/#\/schema\/logo\/image\/\"},\"sameAs\":[\"https:\/\/www.facebook.com\/dicodusport\",\"https:\/\/x.com\/dicodusport\",\"https:\/\/www.instagram.com\/dicodusport\/\",\"https:\/\/www.youtube.com\/channel\/UC7V2KZ5sd3htJivAbA4ZG3w\"],\"description\":\"Dicodusport est l'encyclop\u00e9die de l'actualit\u00e9 sportive.\",\"email\":\"bonjour@dicodusport.fr\",\"legalName\":\"DICODUSPORT\",\"foundingDate\":\"2018-01-14\",\"vatID\":\"FR71834470973\",\"taxID\":\"83447097300043\",\"numberOfEmployees\":{\"@type\":\"QuantitativeValue\",\"minValue\":\"1\",\"maxValue\":\"10\"}},{\"@type\":\"Person\",\"@id\":\"https:\/\/dicodusport.fr\/blog\/#\/schema\/person\/a173469c5b5aa34cf42cfa11482c966d\",\"name\":\"Nicolas Grasser\",\"image\":{\"@type\":\"ImageObject\",\"inLanguage\":\"fr-FR\",\"@id\":\"https:\/\/dicodusport.fr\/blog\/#\/schema\/person\/image\/\",\"url\":\"https:\/\/dicodusport.fr\/blog\/wp-content\/uploads\/2020\/06\/cropped-LOGO-DICODUSPORT-2020-SANS-FOND-SANS-TEXTE-150x150.png\",\"contentUrl\":\"https:\/\/dicodusport.fr\/blog\/wp-content\/uploads\/2020\/06\/cropped-LOGO-DICODUSPORT-2020-SANS-FOND-SANS-TEXTE-150x150.png\",\"caption\":\"Nicolas Grasser\"},\"url\":\"https:\/\/dicodusport.fr\/blog\/author\/nicolas-grasser\/\"}]}<\/script>\n<!-- \/ Yoast SEO Premium plugin. -->","yoast_head_json":{"title":"Iv\u00e1n Romeo remporte la 3e \u00e9tape d'O Gran Cami\u00f1o en solitaire","description":"O GRAN CAMINO 2026 - Apr\u00e8s un v\u00e9ritable num\u00e9ro, Ivan Romeo remporte la 3e \u00e9tape \u00e0 Padr\u00f3n, et revient dans la course pour le classement g\u00e9n\u00e9ral.\u00a0","robots":{"index":"index","follow":"follow","max-snippet":"max-snippet:-1","max-image-preview":"max-image-preview:large","max-video-preview":"max-video-preview:-1"},"canonical":"https:\/\/dicodusport.fr\/blog\/ivan-romeo-remporte-la-3e-etape-do-gran-camino-en-solitaire\/","og_locale":"fr_FR","og_type":"article","og_title":"Iv\u00e1n Romeo remporte la 3e \u00e9tape d'O Gran Cami\u00f1o en solitaire","og_description":"O GRAN CAMINO 2026 - Apr\u00e8s un v\u00e9ritable num\u00e9ro, Ivan Romeo remporte la 3e \u00e9tape \u00e0 Padr\u00f3n, et revient dans la course pour le classement g\u00e9n\u00e9ral.\u00a0","og_url":"https:\/\/dicodusport.fr\/blog\/ivan-romeo-remporte-la-3e-etape-do-gran-camino-en-solitaire\/","og_site_name":"Dicodusport","article_publisher":"https:\/\/www.facebook.com\/dicodusport","article_published_time":"2026-04-16T15:23:42+00:00","article_modified_time":"2026-04-16T15:43:17+00:00","og_image":[{"width":1200,"height":674,"url":"https:\/\/dicodusport.fr\/blog\/wp-content\/uploads\/2026\/04\/Ivan-Romeo-remporte-la-3e-etape-dO-Gran-Camino-en-solitaire-1.png","type":"image\/png"}],"author":"Nicolas Grasser","twitter_card":"summary_large_image","twitter_title":"Iv\u00e1n Romeo remporte la 3e \u00e9tape d'O Gran Cami\u00f1o en solitaire","twitter_creator":"@dicodusport","twitter_site":"@dicodusport","schema":{"@context":"https:\/\/schema.org","@graph":[{"@type":"NewsArticle","@id":"https:\/\/dicodusport.fr\/blog\/ivan-romeo-remporte-la-3e-etape-do-gran-camino-en-solitaire\/#article","isPartOf":{"@id":"https:\/\/dicodusport.fr\/blog\/ivan-romeo-remporte-la-3e-etape-do-gran-camino-en-solitaire\/"},"author":{"name":"Nicolas Grasser","@id":"https:\/\/dicodusport.fr\/blog\/#\/schema\/person\/a173469c5b5aa34cf42cfa11482c966d"},"headline":"Iv\u00e1n Romeo remporte la 3e \u00e9tape d&rsquo;O Gran Cami\u00f1o en solitaire","datePublished":"2026-04-16T15:23:42+00:00","dateModified":"2026-04-16T15:43:17+00:00","mainEntityOfPage":{"@id":"https:\/\/dicodusport.fr\/blog\/ivan-romeo-remporte-la-3e-etape-do-gran-camino-en-solitaire\/"},"wordCount":756,"commentCount":0,"publisher":{"@id":"https:\/\/dicodusport.fr\/blog\/#organization"},"image":{"@id":"https:\/\/dicodusport.fr\/blog\/ivan-romeo-remporte-la-3e-etape-do-gran-camino-en-solitaire\/#primaryimage"},"thumbnailUrl":"https:\/\/dicodusport.fr\/blog\/wp-content\/uploads\/2026\/04\/Ivan-Romeo-remporte-la-3e-etape-dO-Gran-Camino-en-solitaire-1.png","keywords":["br\u00e8ve","Cyclisme","Cyclisme sur route","O Gran Camino"],"articleSection":["Cyclisme sur route"],"inLanguage":"fr-FR","potentialAction":[{"@type":"CommentAction","name":"Comment","target":["https:\/\/dicodusport.fr\/blog\/ivan-romeo-remporte-la-3e-etape-do-gran-camino-en-solitaire\/#respond"]}],"copyrightYear":"2026","copyrightHolder":{"@id":"https:\/\/dicodusport.fr\/blog\/#organization"}},{"@type":"WebPage","@id":"https:\/\/dicodusport.fr\/blog\/ivan-romeo-remporte-la-3e-etape-do-gran-camino-en-solitaire\/","url":"https:\/\/dicodusport.fr\/blog\/ivan-romeo-remporte-la-3e-etape-do-gran-camino-en-solitaire\/","name":"Iv\u00e1n Romeo remporte la 3e \u00e9tape d'O Gran Cami\u00f1o en solitaire","isPartOf":{"@id":"https:\/\/dicodusport.fr\/blog\/#website"},"primaryImageOfPage":{"@id":"https:\/\/dicodusport.fr\/blog\/ivan-romeo-remporte-la-3e-etape-do-gran-camino-en-solitaire\/#primaryimage"},"image":{"@id":"https:\/\/dicodusport.fr\/blog\/ivan-romeo-remporte-la-3e-etape-do-gran-camino-en-solitaire\/#primaryimage"},"thumbnailUrl":"https:\/\/dicodusport.fr\/blog\/wp-content\/uploads\/2026\/04\/Ivan-Romeo-remporte-la-3e-etape-dO-Gran-Camino-en-solitaire-1.png","datePublished":"2026-04-16T15:23:42+00:00","dateModified":"2026-04-16T15:43:17+00:00","description":"O GRAN CAMINO 2026 - Apr\u00e8s un v\u00e9ritable num\u00e9ro, Ivan Romeo remporte la 3e \u00e9tape \u00e0 Padr\u00f3n, et revient dans la course pour le classement g\u00e9n\u00e9ral.\u00a0","breadcrumb":{"@id":"https:\/\/dicodusport.fr\/blog\/ivan-romeo-remporte-la-3e-etape-do-gran-camino-en-solitaire\/#breadcrumb"},"inLanguage":"fr-FR","potentialAction":[{"@type":"ReadAction","target":["https:\/\/dicodusport.fr\/blog\/ivan-romeo-remporte-la-3e-etape-do-gran-camino-en-solitaire\/"]}]},{"@type":"ImageObject","inLanguage":"fr-FR","@id":"https:\/\/dicodusport.fr\/blog\/ivan-romeo-remporte-la-3e-etape-do-gran-camino-en-solitaire\/#primaryimage","url":"https:\/\/dicodusport.fr\/blog\/wp-content\/uploads\/2026\/04\/Ivan-Romeo-remporte-la-3e-etape-dO-Gran-Camino-en-solitaire-1.png","contentUrl":"https:\/\/dicodusport.fr\/blog\/wp-content\/uploads\/2026\/04\/Ivan-Romeo-remporte-la-3e-etape-dO-Gran-Camino-en-solitaire-1.png","width":1200,"height":674,"caption":"Ivan Romeo remporte la 3e \u00e9tape d'O Gran Cami\u00f1o en solitaire"},{"@type":"BreadcrumbList","@id":"https:\/\/dicodusport.fr\/blog\/ivan-romeo-remporte-la-3e-etape-do-gran-camino-en-solitaire\/#breadcrumb","itemListElement":[{"@type":"ListItem","position":1,"name":"Accueil","item":"https:\/\/dicodusport.fr\/blog\/"},{"@type":"ListItem","position":2,"name":"Iv\u00e1n Romeo remporte la 3e \u00e9tape d&rsquo;O Gran Cami\u00f1o en solitaire"}]},{"@type":"WebSite","@id":"https:\/\/dicodusport.fr\/blog\/#website","url":"https:\/\/dicodusport.fr\/blog\/","name":"Dicodusport","description":"L&#039;encyclop\u00e9die de l&#039;actualit\u00e9 sportive","publisher":{"@id":"https:\/\/dicodusport.fr\/blog\/#organization"},"potentialAction":[{"@type":"SearchAction","target":{"@type":"EntryPoint","urlTemplate":"https:\/\/dicodusport.fr\/blog\/?s={search_term_string}"},"query-input":{"@type":"PropertyValueSpecification","valueRequired":true,"valueName":"search_term_string"}}],"inLanguage":"fr-FR"},{"@type":"NewsMediaOrganization","@id":"https:\/\/dicodusport.fr\/blog\/#organization","name":"Dicodusport","url":"https:\/\/dicodusport.fr\/blog\/","logo":{"@type":"ImageObject","inLanguage":"fr-FR","@id":"https:\/\/dicodusport.fr\/blog\/#\/schema\/logo\/image\/","url":"https:\/\/dicodusport.fr\/blog\/wp-content\/uploads\/2020\/06\/cropped-LOGO-DICODUSPORT-2020-SANS-FOND-SANS-TEXTE.png","contentUrl":"https:\/\/dicodusport.fr\/blog\/wp-content\/uploads\/2020\/06\/cropped-LOGO-DICODUSPORT-2020-SANS-FOND-SANS-TEXTE.png","width":512,"height":512,"caption":"Dicodusport"},"image":{"@id":"https:\/\/dicodusport.fr\/blog\/#\/schema\/logo\/image\/"},"sameAs":["https:\/\/www.facebook.com\/dicodusport","https:\/\/x.com\/dicodusport","https:\/\/www.instagram.com\/dicodusport\/","https:\/\/www.youtube.com\/channel\/UC7V2KZ5sd3htJivAbA4ZG3w"],"description":"Dicodusport est l'encyclop\u00e9die de l'actualit\u00e9 sportive.","email":"bonjour@dicodusport.fr","legalName":"DICODUSPORT","foundingDate":"2018-01-14","vatID":"FR71834470973","taxID":"83447097300043","numberOfEmployees":{"@type":"QuantitativeValue","minValue":"1","maxValue":"10"}},{"@type":"Person","@id":"https:\/\/dicodusport.fr\/blog\/#\/schema\/person\/a173469c5b5aa34cf42cfa11482c966d","name":"Nicolas Grasser","image":{"@type":"ImageObject","inLanguage":"fr-FR","@id":"https:\/\/dicodusport.fr\/blog\/#\/schema\/person\/image\/","url":"https:\/\/dicodusport.fr\/blog\/wp-content\/uploads\/2020\/06\/cropped-LOGO-DICODUSPORT-2020-SANS-FOND-SANS-TEXTE-150x150.png","contentUrl":"https:\/\/dicodusport.fr\/blog\/wp-content\/uploads\/2020\/06\/cropped-LOGO-DICODUSPORT-2020-SANS-FOND-SANS-TEXTE-150x150.png","caption":"Nicolas Grasser"},"url":"https:\/\/dicodusport.fr\/blog\/author\/nicolas-grasser\/"}]}},"_links":{"self":[{"href":"https:\/\/dicodusport.fr\/blog\/wp-json\/wp\/v2\/posts\/663096","targetHints":{"allow":["GET"]}}],"collection":[{"href":"https:\/\/dicodusport.fr\/blog\/wp-json\/wp\/v2\/posts"}],"about":[{"href":"https:\/\/dicodusport.fr\/blog\/wp-json\/wp\/v2\/types\/post"}],"author":[{"embeddable":true,"href":"https:\/\/dicodusport.fr\/blog\/wp-json\/wp\/v2\/users\/131"}],"replies":[{"embeddable":true,"href":"https:\/\/dicodusport.fr\/blog\/wp-json\/wp\/v2\/comments?post=663096"}],"version-history":[{"count":5,"href":"https:\/\/dicodusport.fr\/blog\/wp-json\/wp\/v2\/posts\/663096\/revisions"}],"predecessor-version":[{"id":663200,"href":"https:\/\/dicodusport.fr\/blog\/wp-json\/wp\/v2\/posts\/663096\/revisions\/663200"}],"wp:featuredmedia":[{"embeddable":true,"href":"https:\/\/dicodusport.fr\/blog\/wp-json\/wp\/v2\/media\/663198"}],"wp:attachment":[{"href":"https:\/\/dicodusport.fr\/blog\/wp-json\/wp\/v2\/media?parent=663096"}],"wp:term":[{"taxonomy":"category","embeddable":true,"href":"https:\/\/dicodusport.fr\/blog\/wp-json\/wp\/v2\/categories?post=663096"},{"taxonomy":"post_tag","embeddable":true,"href":"https:\/\/dicodusport.fr\/blog\/wp-json\/wp\/v2\/tags?post=663096"}],"curies":[{"name":"wp","href":"https:\/\/api.w.org\/{rel}","templated":true}]}}