{"id":663847,"date":"2026-04-18T19:10:58","date_gmt":"2026-04-18T17:10:58","guid":{"rendered":"https:\/\/dicodusport.fr\/blog\/?p=663847&#038;preview=true&#038;preview_id=663847"},"modified":"2026-04-18T19:38:30","modified_gmt":"2026-04-18T17:38:30","slug":"titouan-perrin-ganier-soigne-sa-future-sortie-en-raflant-son-7eme-titre-mondial-en-vtt-eliminator","status":"publish","type":"post","link":"https:\/\/dicodusport.fr\/blog\/titouan-perrin-ganier-soigne-sa-future-sortie-en-raflant-son-7eme-titre-mondial-en-vtt-eliminator\/","title":{"rendered":"Titouan Perrin-Ganier soigne sa future sortie en raflant son 7\u00e8me titre mondial en VTT Eliminator"},"content":{"rendered":"<p style=\"text-align: justify;\"><strong><em>CHAMPIONNATS DU MONDE DE VTT ELIMINATOR 2026 \u2013 Titouan Perrin-Ganier a d\u00e9croch\u00e9 son 7\u00e8me titre mondial \u00e0 Barcelone ce samedi. Manon Borrelly s\u2019est elle empar\u00e9 du bronze.<\/em><\/strong><\/p>\n<p style=\"text-align: justify;\">Le dernier chapitre de la grande histoire de <strong><strong>Titouan Perrin-Ganier<\/strong><\/strong> en <strong>VTT Eliminator<\/strong> a pris une tournure fantastique ce samedi. Alors qu\u2019il s\u2019appr\u00eate \u00e0 prendre sa retraite en juin, le Fran\u00e7ais tenait \u00e0 peser sur les derniers <strong>championnats du monde<\/strong> de sa carri\u00e8re, \u00e0 <strong>Barcelone<\/strong>.<\/p>\n<h2 style=\"text-align: justify;\">Titouan Perrin-Ganier puissance 7<\/h2>\n<p style=\"text-align: justify;\">Six mois apr\u00e8s des championnats d\u2019Europe rat\u00e9s, la l\u00e9gende de la discipline a rebondi avec la mani\u00e8re. Franchissant les obstacles un \u00e0 un, il a b\u00e9n\u00e9fici\u00e9 d\u2019un coup de pouce du destin en demi-finale lorsque l\u2019Allemand <strong><strong>Simon Gegenheimer<\/strong><\/strong> est all\u00e9 au sol, lui offrant alors une qualification \u00ab facile \u00bb pour la finale.<\/p>\n<p style=\"text-align: justify;\">Une finale qui a tourn\u00e9 au r\u00eave pour le Fran\u00e7ais. Successivement, <strong><strong>Jakob Klemen\u010di\u010d<\/strong><\/strong> et <strong><strong>Ricardo Marinheiro<\/strong><\/strong> ont \u00e9t\u00e9 sortis de l\u2019\u00e9quation en raison de probl\u00e8mes m\u00e9caniques. Seul face \u00e0 <strong><strong>Casper Casserstedt<\/strong><\/strong> pour aller chercher l\u2019or, <strong><strong>Titouan Perrin-Ganier<\/strong><\/strong> a d\u2019abord tent\u00e9 de d\u00e9passer le Su\u00e9dois sans succ\u00e8s. Puis, avant le dernier virage, il est parvenu \u00e0 le doubler pour s\u2019offrir un nouveau moment de gloire. \u00c0 35 ans, il d\u00e9croche ainsi son 7e titre mondial en carri\u00e8re.<\/p>\n<p style=\"text-align: justify;\"><a href=\"https:\/\/dicodusport.fr\/blog\/vtt-eliminator-lorenzo-serres-sacre-vice-champion-deurope-a-gibraltar\/\">Vice-champion d\u2019Europe en titre<\/a>, <strong><strong>Lorenzo Serres<\/strong><\/strong> a, lui, vu son parcours s\u2019arr\u00eater en demi-finale apr\u00e8s une lourde chute. \u00c9galement \u00e9limin\u00e9 lors de la m\u00eame s\u00e9rie, <strong><strong>Thibault Khalhoven<\/strong><\/strong> prend la 6e place.<\/p>\n<blockquote class=\"twitter-tweet\">\n<p dir=\"ltr\" lang=\"en\">Going out on top! \ud83d\ude4c<\/p>\n<p>For his final UCI Mountain Bike Eliminator World Championships, Titouan Perrin-Ganier snatches the Men Elite title with an impressive late surge. \ud83e\udd2f<\/p>\n<p>His 7\ufe0f\u20e3th UCI rainbow jersey! \ud83c\udf08<a href=\"https:\/\/twitter.com\/hashtag\/Barcelona2026?src=hash&amp;ref_src=twsrc%5Etfw\">#Barcelona2026<\/a> | <a href=\"https:\/\/twitter.com\/CityMTB?ref_src=twsrc%5Etfw\">@CityMTB<\/a> <a href=\"https:\/\/t.co\/917h5H8g3G\">pic.twitter.com\/917h5H8g3G<\/a><\/p>\n<p>\u2014 UCI MTB (@UCI_MTB) <a href=\"https:\/\/twitter.com\/UCI_MTB\/status\/2045520973798015033?ref_src=twsrc%5Etfw\">April 18, 2026<\/a><\/p><\/blockquote>\n<p><script async src=\"https:\/\/platform.twitter.com\/widgets.js\" charset=\"utf-8\"><\/script><\/p>\n<h2 style=\"text-align: justify;\">Margaux Borrelly en bronze<\/h2>\n<p style=\"text-align: justify;\">Sur l\u2019\u00e9preuve f\u00e9minine, l\u2019\u00e9quipe de France a \u00e9galement pu c\u00e9l\u00e9brer une m\u00e9daille. Seule des quatre Tricolores en lice en demi-finales \u00e0 ne pas \u00eatre pass\u00e9e \u00e0 la trappe, <strong><strong>Margaux Borrelly<\/strong><\/strong> a profit\u00e9 de la crevaison d\u2019<strong><strong>Ad\u00e9la Pernick\u00e1<\/strong><\/strong> pour s\u2019emparer de la m\u00e9daille de bronze, derri\u00e8re la nouvelle championne du monde <strong><strong>Gaia Tormena<\/strong><\/strong>, titr\u00e9e pour la sixi\u00e8me fois de sa carri\u00e8re, et l\u2019ancienne tenante du titre, <strong><strong>Mariia Sukhopalova<\/strong><\/strong>.<\/p>\n<p style=\"text-align: justify;\"><strong><strong>Madison Boissi\u00e8re<\/strong><\/strong>, <strong><strong>Amandine Vidon<\/strong><\/strong> et <strong><strong>Lo\u00efs Philibert<\/strong><\/strong> terminent, elles, respectivement aux 6e \u00e0 8e places. Un an apr\u00e8s l\u2019<a href=\"https:\/\/dicodusport.fr\/blog\/vtt-eliminator-isaure-medde-se-pare-dargent-aux-championnats-du-monde\/\">unique m\u00e9daille d\u2019argent remport\u00e9e par Isaure Medde \u00e0 Sakarya<\/a>, cette \u00e9dition catalane a \u00e9t\u00e9 une r\u00e9ussite pour les Bleus.<\/p>\n<blockquote class=\"twitter-tweet\">\n<p dir=\"ltr\" lang=\"en\">2026 UCI Mountain Bike Eliminator World Championships Women Elite Podium \ud83d\udc47<\/p>\n<p>\ud83e\udd47 Gaia Tormena \ud83c\uddee\ud83c\uddf9<br \/>\n\ud83e\udd48 Mariia Sukhopalova \ud83c\uddfa\ud83c\udde6<br \/>\n\ud83e\udd49 Margaux Borrelly \ud83c\uddeb\ud83c\uddf7<a href=\"https:\/\/twitter.com\/hashtag\/Barcelona2026?src=hash&amp;ref_src=twsrc%5Etfw\">#Barcelona2026<\/a> | <a href=\"https:\/\/twitter.com\/CityMTB?ref_src=twsrc%5Etfw\">@CityMTB<\/a> <a href=\"https:\/\/t.co\/5OCrGphT7e\">pic.twitter.com\/5OCrGphT7e<\/a><\/p>\n<p>\u2014 UCI MTB (@UCI_MTB) <a href=\"https:\/\/twitter.com\/UCI_MTB\/status\/2045532630964183167?ref_src=twsrc%5Etfw\">April 18, 2026<\/a><\/p><\/blockquote>\n<p><script async src=\"https:\/\/platform.twitter.com\/widgets.js\" charset=\"utf-8\"><\/script><\/p>\n<div id=\"gtx-trans\" style=\"position: absolute; left: -14px; top: 40.9091px;\">\n<div class=\"gtx-trans-icon\"><\/div>\n<\/div>\n","protected":false},"excerpt":{"rendered":"<p>CHAMPIONNATS DU MONDE DE VTT ELIMINATOR 2026 \u2013 Titouan Perrin-Ganier a d\u00e9croch\u00e9 son 7\u00e8me titre mondial \u00e0 Barcelone ce samedi. Manon Borrelly s\u2019est elle empar\u00e9 du bronze.<\/p>\n","protected":false},"author":55,"featured_media":663851,"comment_status":"open","ping_status":"closed","sticky":false,"template":"","format":"standard","meta":{"_acf_changed":false,"_daextam_enable_autolinks":"1","footnotes":""},"categories":[10279],"tags":[32415,16878,2492,47121],"class_list":["post-663847","post","type-post","status-publish","format-standard","has-post-thumbnail","hentry","category-vtt","tag-actu","tag-breve","tag-titouan-perrin-ganier","tag-vtt-eliminator"],"acf":[],"yoast_head":"<!-- This site is optimized with the Yoast SEO Premium plugin v26.7 (Yoast SEO v26.7) - https:\/\/yoast.com\/wordpress\/plugins\/seo\/ -->\n<title>Titouan Perrin-Ganier soigne sa future sortie en raflant son 7\u00e8me titre mondial en VTT Eliminator<\/title>\n<meta name=\"description\" content=\"CHAMPIONNATS DU MONDE DE VTT ELIMINATOR 2026 \u2013 Titouan Perrin-Ganier a d\u00e9croch\u00e9 son 7\u00e8me titre mondial \u00e0 Barcelone ce samedi. Manon Borrelly s\u2019est elle empar\u00e9 du bronze.\" \/>\n<meta name=\"robots\" content=\"index, follow, max-snippet:-1, max-image-preview:large, max-video-preview:-1\" \/>\n<link rel=\"canonical\" href=\"https:\/\/dicodusport.fr\/blog\/titouan-perrin-ganier-soigne-sa-future-sortie-en-raflant-son-7eme-titre-mondial-en-vtt-eliminator\/\" \/>\n<meta property=\"og:locale\" content=\"fr_FR\" \/>\n<meta property=\"og:type\" content=\"article\" \/>\n<meta property=\"og:title\" content=\"Titouan Perrin-Ganier soigne sa future sortie en raflant son 7\u00e8me titre mondial en VTT Eliminator\" \/>\n<meta property=\"og:description\" content=\"CHAMPIONNATS DU MONDE DE VTT ELIMINATOR 2026 \u2013 Titouan Perrin-Ganier a d\u00e9croch\u00e9 son 7\u00e8me titre mondial \u00e0 Barcelone ce samedi. Manon Borrelly s\u2019est elle empar\u00e9 du bronze.\" \/>\n<meta property=\"og:url\" content=\"https:\/\/dicodusport.fr\/blog\/titouan-perrin-ganier-soigne-sa-future-sortie-en-raflant-son-7eme-titre-mondial-en-vtt-eliminator\/\" \/>\n<meta property=\"og:site_name\" content=\"Dicodusport\" \/>\n<meta property=\"article:publisher\" content=\"https:\/\/www.facebook.com\/dicodusport\" \/>\n<meta property=\"article:published_time\" content=\"2026-04-18T17:10:58+00:00\" \/>\n<meta property=\"article:modified_time\" content=\"2026-04-18T17:38:30+00:00\" \/>\n<meta property=\"og:image\" content=\"https:\/\/dicodusport.fr\/blog\/wp-content\/uploads\/2026\/04\/Titouan-Perrin-Ganier-soigne-sa-future-sortie-en-raflant-son-7eme-titre-mondial-en-VTT-Eliminator.png\" \/>\n\t<meta property=\"og:image:width\" content=\"1200\" \/>\n\t<meta property=\"og:image:height\" content=\"674\" \/>\n\t<meta property=\"og:image:type\" content=\"image\/png\" \/>\n<meta name=\"author\" content=\"Maxime Cazenave\" \/>\n<meta name=\"twitter:card\" content=\"summary_large_image\" \/>\n<meta name=\"twitter:title\" content=\"Titouan Perrin-Ganier soigne sa future sortie en raflant son 7\u00e8me titre mondial en VTT Eliminator\" \/>\n<meta name=\"twitter:creator\" content=\"@https:\/\/twitter.com\/Maxime_Caze\" \/>\n<meta name=\"twitter:site\" content=\"@dicodusport\" \/>\n<script type=\"application\/ld+json\" class=\"yoast-schema-graph\">{\"@context\":\"https:\/\/schema.org\",\"@graph\":[{\"@type\":\"NewsArticle\",\"@id\":\"https:\/\/dicodusport.fr\/blog\/titouan-perrin-ganier-soigne-sa-future-sortie-en-raflant-son-7eme-titre-mondial-en-vtt-eliminator\/#article\",\"isPartOf\":{\"@id\":\"https:\/\/dicodusport.fr\/blog\/titouan-perrin-ganier-soigne-sa-future-sortie-en-raflant-son-7eme-titre-mondial-en-vtt-eliminator\/\"},\"author\":{\"name\":\"Maxime Cazenave\",\"@id\":\"https:\/\/dicodusport.fr\/blog\/#\/schema\/person\/37def232098a7a5cbab3974a3690abb0\"},\"headline\":\"Titouan Perrin-Ganier soigne sa future sortie en raflant son 7\u00e8me titre mondial en VTT Eliminator\",\"datePublished\":\"2026-04-18T17:10:58+00:00\",\"dateModified\":\"2026-04-18T17:38:30+00:00\",\"mainEntityOfPage\":{\"@id\":\"https:\/\/dicodusport.fr\/blog\/titouan-perrin-ganier-soigne-sa-future-sortie-en-raflant-son-7eme-titre-mondial-en-vtt-eliminator\/\"},\"wordCount\":472,\"commentCount\":0,\"publisher\":{\"@id\":\"https:\/\/dicodusport.fr\/blog\/#organization\"},\"image\":{\"@id\":\"https:\/\/dicodusport.fr\/blog\/titouan-perrin-ganier-soigne-sa-future-sortie-en-raflant-son-7eme-titre-mondial-en-vtt-eliminator\/#primaryimage\"},\"thumbnailUrl\":\"https:\/\/dicodusport.fr\/blog\/wp-content\/uploads\/2026\/04\/Titouan-Perrin-Ganier-soigne-sa-future-sortie-en-raflant-son-7eme-titre-mondial-en-VTT-Eliminator.png\",\"keywords\":[\"actu\",\"br\u00e8ve\",\"Titouan Perrin-Ganier\",\"VTT Eliminator\"],\"articleSection\":[\"VTT\"],\"inLanguage\":\"fr-FR\",\"potentialAction\":[{\"@type\":\"CommentAction\",\"name\":\"Comment\",\"target\":[\"https:\/\/dicodusport.fr\/blog\/titouan-perrin-ganier-soigne-sa-future-sortie-en-raflant-son-7eme-titre-mondial-en-vtt-eliminator\/#respond\"]}],\"copyrightYear\":\"2026\",\"copyrightHolder\":{\"@id\":\"https:\/\/dicodusport.fr\/blog\/#organization\"}},{\"@type\":\"WebPage\",\"@id\":\"https:\/\/dicodusport.fr\/blog\/titouan-perrin-ganier-soigne-sa-future-sortie-en-raflant-son-7eme-titre-mondial-en-vtt-eliminator\/\",\"url\":\"https:\/\/dicodusport.fr\/blog\/titouan-perrin-ganier-soigne-sa-future-sortie-en-raflant-son-7eme-titre-mondial-en-vtt-eliminator\/\",\"name\":\"Titouan Perrin-Ganier soigne sa future sortie en raflant son 7\u00e8me titre mondial en VTT Eliminator\",\"isPartOf\":{\"@id\":\"https:\/\/dicodusport.fr\/blog\/#website\"},\"primaryImageOfPage\":{\"@id\":\"https:\/\/dicodusport.fr\/blog\/titouan-perrin-ganier-soigne-sa-future-sortie-en-raflant-son-7eme-titre-mondial-en-vtt-eliminator\/#primaryimage\"},\"image\":{\"@id\":\"https:\/\/dicodusport.fr\/blog\/titouan-perrin-ganier-soigne-sa-future-sortie-en-raflant-son-7eme-titre-mondial-en-vtt-eliminator\/#primaryimage\"},\"thumbnailUrl\":\"https:\/\/dicodusport.fr\/blog\/wp-content\/uploads\/2026\/04\/Titouan-Perrin-Ganier-soigne-sa-future-sortie-en-raflant-son-7eme-titre-mondial-en-VTT-Eliminator.png\",\"datePublished\":\"2026-04-18T17:10:58+00:00\",\"dateModified\":\"2026-04-18T17:38:30+00:00\",\"description\":\"CHAMPIONNATS DU MONDE DE VTT ELIMINATOR 2026 \u2013 Titouan Perrin-Ganier a d\u00e9croch\u00e9 son 7\u00e8me titre mondial \u00e0 Barcelone ce samedi. Manon Borrelly s\u2019est elle empar\u00e9 du bronze.\",\"breadcrumb\":{\"@id\":\"https:\/\/dicodusport.fr\/blog\/titouan-perrin-ganier-soigne-sa-future-sortie-en-raflant-son-7eme-titre-mondial-en-vtt-eliminator\/#breadcrumb\"},\"inLanguage\":\"fr-FR\",\"potentialAction\":[{\"@type\":\"ReadAction\",\"target\":[\"https:\/\/dicodusport.fr\/blog\/titouan-perrin-ganier-soigne-sa-future-sortie-en-raflant-son-7eme-titre-mondial-en-vtt-eliminator\/\"]}]},{\"@type\":\"ImageObject\",\"inLanguage\":\"fr-FR\",\"@id\":\"https:\/\/dicodusport.fr\/blog\/titouan-perrin-ganier-soigne-sa-future-sortie-en-raflant-son-7eme-titre-mondial-en-vtt-eliminator\/#primaryimage\",\"url\":\"https:\/\/dicodusport.fr\/blog\/wp-content\/uploads\/2026\/04\/Titouan-Perrin-Ganier-soigne-sa-future-sortie-en-raflant-son-7eme-titre-mondial-en-VTT-Eliminator.png\",\"contentUrl\":\"https:\/\/dicodusport.fr\/blog\/wp-content\/uploads\/2026\/04\/Titouan-Perrin-Ganier-soigne-sa-future-sortie-en-raflant-son-7eme-titre-mondial-en-VTT-Eliminator.png\",\"width\":1200,\"height\":674,\"caption\":\"Titouan Perrin-Ganier soigne sa future sortie en raflant son 7\u00e8me titre mondial en VTT Eliminator\"},{\"@type\":\"BreadcrumbList\",\"@id\":\"https:\/\/dicodusport.fr\/blog\/titouan-perrin-ganier-soigne-sa-future-sortie-en-raflant-son-7eme-titre-mondial-en-vtt-eliminator\/#breadcrumb\",\"itemListElement\":[{\"@type\":\"ListItem\",\"position\":1,\"name\":\"Accueil\",\"item\":\"https:\/\/dicodusport.fr\/blog\/\"},{\"@type\":\"ListItem\",\"position\":2,\"name\":\"Titouan Perrin-Ganier soigne sa future sortie en raflant son 7\u00e8me titre mondial en VTT Eliminator\"}]},{\"@type\":\"WebSite\",\"@id\":\"https:\/\/dicodusport.fr\/blog\/#website\",\"url\":\"https:\/\/dicodusport.fr\/blog\/\",\"name\":\"Dicodusport\",\"description\":\"L&#039;encyclop\u00e9die de l&#039;actualit\u00e9 sportive\",\"publisher\":{\"@id\":\"https:\/\/dicodusport.fr\/blog\/#organization\"},\"potentialAction\":[{\"@type\":\"SearchAction\",\"target\":{\"@type\":\"EntryPoint\",\"urlTemplate\":\"https:\/\/dicodusport.fr\/blog\/?s={search_term_string}\"},\"query-input\":{\"@type\":\"PropertyValueSpecification\",\"valueRequired\":true,\"valueName\":\"search_term_string\"}}],\"inLanguage\":\"fr-FR\"},{\"@type\":\"NewsMediaOrganization\",\"@id\":\"https:\/\/dicodusport.fr\/blog\/#organization\",\"name\":\"Dicodusport\",\"url\":\"https:\/\/dicodusport.fr\/blog\/\",\"logo\":{\"@type\":\"ImageObject\",\"inLanguage\":\"fr-FR\",\"@id\":\"https:\/\/dicodusport.fr\/blog\/#\/schema\/logo\/image\/\",\"url\":\"https:\/\/dicodusport.fr\/blog\/wp-content\/uploads\/2020\/06\/cropped-LOGO-DICODUSPORT-2020-SANS-FOND-SANS-TEXTE.png\",\"contentUrl\":\"https:\/\/dicodusport.fr\/blog\/wp-content\/uploads\/2020\/06\/cropped-LOGO-DICODUSPORT-2020-SANS-FOND-SANS-TEXTE.png\",\"width\":512,\"height\":512,\"caption\":\"Dicodusport\"},\"image\":{\"@id\":\"https:\/\/dicodusport.fr\/blog\/#\/schema\/logo\/image\/\"},\"sameAs\":[\"https:\/\/www.facebook.com\/dicodusport\",\"https:\/\/x.com\/dicodusport\",\"https:\/\/www.instagram.com\/dicodusport\/\",\"https:\/\/www.youtube.com\/channel\/UC7V2KZ5sd3htJivAbA4ZG3w\"],\"description\":\"Dicodusport est l'encyclop\u00e9die de l'actualit\u00e9 sportive.\",\"email\":\"bonjour@dicodusport.fr\",\"legalName\":\"DICODUSPORT\",\"foundingDate\":\"2018-01-14\",\"vatID\":\"FR71834470973\",\"taxID\":\"83447097300043\",\"numberOfEmployees\":{\"@type\":\"QuantitativeValue\",\"minValue\":\"1\",\"maxValue\":\"10\"}},{\"@type\":\"Person\",\"@id\":\"https:\/\/dicodusport.fr\/blog\/#\/schema\/person\/37def232098a7a5cbab3974a3690abb0\",\"name\":\"Maxime Cazenave\",\"image\":{\"@type\":\"ImageObject\",\"inLanguage\":\"fr-FR\",\"@id\":\"https:\/\/dicodusport.fr\/blog\/#\/schema\/person\/image\/\",\"url\":\"https:\/\/dicodusport.fr\/blog\/wp-content\/uploads\/2021\/05\/Maxime-Cazenave-150x150.jpg\",\"contentUrl\":\"https:\/\/dicodusport.fr\/blog\/wp-content\/uploads\/2021\/05\/Maxime-Cazenave-150x150.jpg\",\"caption\":\"Maxime Cazenave\"},\"description\":\"Journaliste\/R\u00e9dacteur depuis 2012 - Berc\u00e9 par l\u2019amour des Girondins de Bordeaux, les \u00e9checs de Christophe Moreau sur le Tour de France sous l'\u00e8re Lance Armstrong et le fade-away l\u00e9tal de Dirk Nowitzki, ma passion d\u00e9vorante pour le sport a toujours \u00e9t\u00e9 un pan incontournable de ma vie. Transmettre ma passion \u00e0 l\u2019\u00e9crit a \u00e9t\u00e9 une transition naturelle. Suiveur assidu de basket et de hockey sur glace, je garde toujours un peu de place pour suivre le cyclisme, le football et le maximum de performances fran\u00e7aises.\",\"sameAs\":[\"https:\/\/x.com\/https:\/\/twitter.com\/Maxime_Caze\"],\"url\":\"https:\/\/dicodusport.fr\/blog\/author\/maximec\/\"}]}<\/script>\n<!-- \/ Yoast SEO Premium plugin. -->","yoast_head_json":{"title":"Titouan Perrin-Ganier soigne sa future sortie en raflant son 7\u00e8me titre mondial en VTT Eliminator","description":"CHAMPIONNATS DU MONDE DE VTT ELIMINATOR 2026 \u2013 Titouan Perrin-Ganier a d\u00e9croch\u00e9 son 7\u00e8me titre mondial \u00e0 Barcelone ce samedi. Manon Borrelly s\u2019est elle empar\u00e9 du bronze.","robots":{"index":"index","follow":"follow","max-snippet":"max-snippet:-1","max-image-preview":"max-image-preview:large","max-video-preview":"max-video-preview:-1"},"canonical":"https:\/\/dicodusport.fr\/blog\/titouan-perrin-ganier-soigne-sa-future-sortie-en-raflant-son-7eme-titre-mondial-en-vtt-eliminator\/","og_locale":"fr_FR","og_type":"article","og_title":"Titouan Perrin-Ganier soigne sa future sortie en raflant son 7\u00e8me titre mondial en VTT Eliminator","og_description":"CHAMPIONNATS DU MONDE DE VTT ELIMINATOR 2026 \u2013 Titouan Perrin-Ganier a d\u00e9croch\u00e9 son 7\u00e8me titre mondial \u00e0 Barcelone ce samedi. Manon Borrelly s\u2019est elle empar\u00e9 du bronze.","og_url":"https:\/\/dicodusport.fr\/blog\/titouan-perrin-ganier-soigne-sa-future-sortie-en-raflant-son-7eme-titre-mondial-en-vtt-eliminator\/","og_site_name":"Dicodusport","article_publisher":"https:\/\/www.facebook.com\/dicodusport","article_published_time":"2026-04-18T17:10:58+00:00","article_modified_time":"2026-04-18T17:38:30+00:00","og_image":[{"width":1200,"height":674,"url":"https:\/\/dicodusport.fr\/blog\/wp-content\/uploads\/2026\/04\/Titouan-Perrin-Ganier-soigne-sa-future-sortie-en-raflant-son-7eme-titre-mondial-en-VTT-Eliminator.png","type":"image\/png"}],"author":"Maxime Cazenave","twitter_card":"summary_large_image","twitter_title":"Titouan Perrin-Ganier soigne sa future sortie en raflant son 7\u00e8me titre mondial en VTT Eliminator","twitter_creator":"@https:\/\/twitter.com\/Maxime_Caze","twitter_site":"@dicodusport","schema":{"@context":"https:\/\/schema.org","@graph":[{"@type":"NewsArticle","@id":"https:\/\/dicodusport.fr\/blog\/titouan-perrin-ganier-soigne-sa-future-sortie-en-raflant-son-7eme-titre-mondial-en-vtt-eliminator\/#article","isPartOf":{"@id":"https:\/\/dicodusport.fr\/blog\/titouan-perrin-ganier-soigne-sa-future-sortie-en-raflant-son-7eme-titre-mondial-en-vtt-eliminator\/"},"author":{"name":"Maxime Cazenave","@id":"https:\/\/dicodusport.fr\/blog\/#\/schema\/person\/37def232098a7a5cbab3974a3690abb0"},"headline":"Titouan Perrin-Ganier soigne sa future sortie en raflant son 7\u00e8me titre mondial en VTT Eliminator","datePublished":"2026-04-18T17:10:58+00:00","dateModified":"2026-04-18T17:38:30+00:00","mainEntityOfPage":{"@id":"https:\/\/dicodusport.fr\/blog\/titouan-perrin-ganier-soigne-sa-future-sortie-en-raflant-son-7eme-titre-mondial-en-vtt-eliminator\/"},"wordCount":472,"commentCount":0,"publisher":{"@id":"https:\/\/dicodusport.fr\/blog\/#organization"},"image":{"@id":"https:\/\/dicodusport.fr\/blog\/titouan-perrin-ganier-soigne-sa-future-sortie-en-raflant-son-7eme-titre-mondial-en-vtt-eliminator\/#primaryimage"},"thumbnailUrl":"https:\/\/dicodusport.fr\/blog\/wp-content\/uploads\/2026\/04\/Titouan-Perrin-Ganier-soigne-sa-future-sortie-en-raflant-son-7eme-titre-mondial-en-VTT-Eliminator.png","keywords":["actu","br\u00e8ve","Titouan Perrin-Ganier","VTT Eliminator"],"articleSection":["VTT"],"inLanguage":"fr-FR","potentialAction":[{"@type":"CommentAction","name":"Comment","target":["https:\/\/dicodusport.fr\/blog\/titouan-perrin-ganier-soigne-sa-future-sortie-en-raflant-son-7eme-titre-mondial-en-vtt-eliminator\/#respond"]}],"copyrightYear":"2026","copyrightHolder":{"@id":"https:\/\/dicodusport.fr\/blog\/#organization"}},{"@type":"WebPage","@id":"https:\/\/dicodusport.fr\/blog\/titouan-perrin-ganier-soigne-sa-future-sortie-en-raflant-son-7eme-titre-mondial-en-vtt-eliminator\/","url":"https:\/\/dicodusport.fr\/blog\/titouan-perrin-ganier-soigne-sa-future-sortie-en-raflant-son-7eme-titre-mondial-en-vtt-eliminator\/","name":"Titouan Perrin-Ganier soigne sa future sortie en raflant son 7\u00e8me titre mondial en VTT Eliminator","isPartOf":{"@id":"https:\/\/dicodusport.fr\/blog\/#website"},"primaryImageOfPage":{"@id":"https:\/\/dicodusport.fr\/blog\/titouan-perrin-ganier-soigne-sa-future-sortie-en-raflant-son-7eme-titre-mondial-en-vtt-eliminator\/#primaryimage"},"image":{"@id":"https:\/\/dicodusport.fr\/blog\/titouan-perrin-ganier-soigne-sa-future-sortie-en-raflant-son-7eme-titre-mondial-en-vtt-eliminator\/#primaryimage"},"thumbnailUrl":"https:\/\/dicodusport.fr\/blog\/wp-content\/uploads\/2026\/04\/Titouan-Perrin-Ganier-soigne-sa-future-sortie-en-raflant-son-7eme-titre-mondial-en-VTT-Eliminator.png","datePublished":"2026-04-18T17:10:58+00:00","dateModified":"2026-04-18T17:38:30+00:00","description":"CHAMPIONNATS DU MONDE DE VTT ELIMINATOR 2026 \u2013 Titouan Perrin-Ganier a d\u00e9croch\u00e9 son 7\u00e8me titre mondial \u00e0 Barcelone ce samedi. Manon Borrelly s\u2019est elle empar\u00e9 du bronze.","breadcrumb":{"@id":"https:\/\/dicodusport.fr\/blog\/titouan-perrin-ganier-soigne-sa-future-sortie-en-raflant-son-7eme-titre-mondial-en-vtt-eliminator\/#breadcrumb"},"inLanguage":"fr-FR","potentialAction":[{"@type":"ReadAction","target":["https:\/\/dicodusport.fr\/blog\/titouan-perrin-ganier-soigne-sa-future-sortie-en-raflant-son-7eme-titre-mondial-en-vtt-eliminator\/"]}]},{"@type":"ImageObject","inLanguage":"fr-FR","@id":"https:\/\/dicodusport.fr\/blog\/titouan-perrin-ganier-soigne-sa-future-sortie-en-raflant-son-7eme-titre-mondial-en-vtt-eliminator\/#primaryimage","url":"https:\/\/dicodusport.fr\/blog\/wp-content\/uploads\/2026\/04\/Titouan-Perrin-Ganier-soigne-sa-future-sortie-en-raflant-son-7eme-titre-mondial-en-VTT-Eliminator.png","contentUrl":"https:\/\/dicodusport.fr\/blog\/wp-content\/uploads\/2026\/04\/Titouan-Perrin-Ganier-soigne-sa-future-sortie-en-raflant-son-7eme-titre-mondial-en-VTT-Eliminator.png","width":1200,"height":674,"caption":"Titouan Perrin-Ganier soigne sa future sortie en raflant son 7\u00e8me titre mondial en VTT Eliminator"},{"@type":"BreadcrumbList","@id":"https:\/\/dicodusport.fr\/blog\/titouan-perrin-ganier-soigne-sa-future-sortie-en-raflant-son-7eme-titre-mondial-en-vtt-eliminator\/#breadcrumb","itemListElement":[{"@type":"ListItem","position":1,"name":"Accueil","item":"https:\/\/dicodusport.fr\/blog\/"},{"@type":"ListItem","position":2,"name":"Titouan Perrin-Ganier soigne sa future sortie en raflant son 7\u00e8me titre mondial en VTT Eliminator"}]},{"@type":"WebSite","@id":"https:\/\/dicodusport.fr\/blog\/#website","url":"https:\/\/dicodusport.fr\/blog\/","name":"Dicodusport","description":"L&#039;encyclop\u00e9die de l&#039;actualit\u00e9 sportive","publisher":{"@id":"https:\/\/dicodusport.fr\/blog\/#organization"},"potentialAction":[{"@type":"SearchAction","target":{"@type":"EntryPoint","urlTemplate":"https:\/\/dicodusport.fr\/blog\/?s={search_term_string}"},"query-input":{"@type":"PropertyValueSpecification","valueRequired":true,"valueName":"search_term_string"}}],"inLanguage":"fr-FR"},{"@type":"NewsMediaOrganization","@id":"https:\/\/dicodusport.fr\/blog\/#organization","name":"Dicodusport","url":"https:\/\/dicodusport.fr\/blog\/","logo":{"@type":"ImageObject","inLanguage":"fr-FR","@id":"https:\/\/dicodusport.fr\/blog\/#\/schema\/logo\/image\/","url":"https:\/\/dicodusport.fr\/blog\/wp-content\/uploads\/2020\/06\/cropped-LOGO-DICODUSPORT-2020-SANS-FOND-SANS-TEXTE.png","contentUrl":"https:\/\/dicodusport.fr\/blog\/wp-content\/uploads\/2020\/06\/cropped-LOGO-DICODUSPORT-2020-SANS-FOND-SANS-TEXTE.png","width":512,"height":512,"caption":"Dicodusport"},"image":{"@id":"https:\/\/dicodusport.fr\/blog\/#\/schema\/logo\/image\/"},"sameAs":["https:\/\/www.facebook.com\/dicodusport","https:\/\/x.com\/dicodusport","https:\/\/www.instagram.com\/dicodusport\/","https:\/\/www.youtube.com\/channel\/UC7V2KZ5sd3htJivAbA4ZG3w"],"description":"Dicodusport est l'encyclop\u00e9die de l'actualit\u00e9 sportive.","email":"bonjour@dicodusport.fr","legalName":"DICODUSPORT","foundingDate":"2018-01-14","vatID":"FR71834470973","taxID":"83447097300043","numberOfEmployees":{"@type":"QuantitativeValue","minValue":"1","maxValue":"10"}},{"@type":"Person","@id":"https:\/\/dicodusport.fr\/blog\/#\/schema\/person\/37def232098a7a5cbab3974a3690abb0","name":"Maxime Cazenave","image":{"@type":"ImageObject","inLanguage":"fr-FR","@id":"https:\/\/dicodusport.fr\/blog\/#\/schema\/person\/image\/","url":"https:\/\/dicodusport.fr\/blog\/wp-content\/uploads\/2021\/05\/Maxime-Cazenave-150x150.jpg","contentUrl":"https:\/\/dicodusport.fr\/blog\/wp-content\/uploads\/2021\/05\/Maxime-Cazenave-150x150.jpg","caption":"Maxime Cazenave"},"description":"Journaliste\/R\u00e9dacteur depuis 2012 - Berc\u00e9 par l\u2019amour des Girondins de Bordeaux, les \u00e9checs de Christophe Moreau sur le Tour de France sous l'\u00e8re Lance Armstrong et le fade-away l\u00e9tal de Dirk Nowitzki, ma passion d\u00e9vorante pour le sport a toujours \u00e9t\u00e9 un pan incontournable de ma vie. Transmettre ma passion \u00e0 l\u2019\u00e9crit a \u00e9t\u00e9 une transition naturelle. Suiveur assidu de basket et de hockey sur glace, je garde toujours un peu de place pour suivre le cyclisme, le football et le maximum de performances fran\u00e7aises.","sameAs":["https:\/\/x.com\/https:\/\/twitter.com\/Maxime_Caze"],"url":"https:\/\/dicodusport.fr\/blog\/author\/maximec\/"}]}},"_links":{"self":[{"href":"https:\/\/dicodusport.fr\/blog\/wp-json\/wp\/v2\/posts\/663847","targetHints":{"allow":["GET"]}}],"collection":[{"href":"https:\/\/dicodusport.fr\/blog\/wp-json\/wp\/v2\/posts"}],"about":[{"href":"https:\/\/dicodusport.fr\/blog\/wp-json\/wp\/v2\/types\/post"}],"author":[{"embeddable":true,"href":"https:\/\/dicodusport.fr\/blog\/wp-json\/wp\/v2\/users\/55"}],"replies":[{"embeddable":true,"href":"https:\/\/dicodusport.fr\/blog\/wp-json\/wp\/v2\/comments?post=663847"}],"version-history":[{"count":3,"href":"https:\/\/dicodusport.fr\/blog\/wp-json\/wp\/v2\/posts\/663847\/revisions"}],"predecessor-version":[{"id":663873,"href":"https:\/\/dicodusport.fr\/blog\/wp-json\/wp\/v2\/posts\/663847\/revisions\/663873"}],"wp:featuredmedia":[{"embeddable":true,"href":"https:\/\/dicodusport.fr\/blog\/wp-json\/wp\/v2\/media\/663851"}],"wp:attachment":[{"href":"https:\/\/dicodusport.fr\/blog\/wp-json\/wp\/v2\/media?parent=663847"}],"wp:term":[{"taxonomy":"category","embeddable":true,"href":"https:\/\/dicodusport.fr\/blog\/wp-json\/wp\/v2\/categories?post=663847"},{"taxonomy":"post_tag","embeddable":true,"href":"https:\/\/dicodusport.fr\/blog\/wp-json\/wp\/v2\/tags?post=663847"}],"curies":[{"name":"wp","href":"https:\/\/api.w.org\/{rel}","templated":true}]}}