{"id":6639,"date":"2017-11-08T15:00:18","date_gmt":"2017-11-08T14:00:18","guid":{"rendered":"http:\/\/dicodusport.fr\/blog\/?p=6639"},"modified":"2017-11-14T17:11:06","modified_gmt":"2017-11-14T16:11:06","slug":"bassin-de-mathieu-peisson-23-defaite-amer-contre-sabadell","status":"publish","type":"post","link":"https:\/\/dicodusport.fr\/blog\/bassin-de-mathieu-peisson-23-defaite-amer-contre-sabadell\/","title":{"rendered":"Le bassin de Mathieu Peisson #23 : Une d\u00e9faite amer contre Sabadell"},"content":{"rendered":"<p style=\"text-align: justify;\"><strong><em>Chaque semaine,\u00a0retrouvez \u00ab\u00a0<\/em><span style=\"color: #0000ff;\"><em><a style=\"color: #0000ff;\" href=\"http:\/\/dicodusport.fr\/blog\/bassin-de-mathieu-peisson-lundis-dicodusport-fr\/\">le bassin de\u00a0Mathieu Peisson<\/a><\/em><\/span><em><span style=\"color: #0000ff;\">\u00a0<\/span>\u00bb, sur votre blog\u00a0<\/em><span style=\"color: #0000ff;\"><em><a style=\"color: #0000ff;\" href=\"http:\/\/dicodusport.fr\" target=\"_blank\" rel=\"noopener noreferrer\">dicodusport.fr<\/a><\/em><\/span><em>,\u00a0avec son actu, son \u0153il\u00a0sur le monde du water-polo et sur la plan\u00e8te sport.\u00a0Cette semaine Mathieu Peisson revient sur la d\u00e9faite de son \u00e9quipe contre une pointure du championnat, Sabadell.<\/em><\/strong><\/p>\n<h4 style=\"text-align: justify;\">Mon actualit\u00e9<\/h4>\n<p style=\"text-align: justify;\">Comme je vous l&rsquo;avais dit la semaine derni\u00e8re, nous avons rencontr\u00e9 Sabadell,\u00a0un match un peu particulier pour moi. Mais \u00e7a le sera d&rsquo;autant plus quand je me d\u00e9placerai pour jouer dans leur piscine que j&rsquo;ai connu pendant trois ans. Sur le papier c&rsquo;est vraiment une grosse \u00e9quipe, 2\u00e8me du championnat et qui participe \u00e0 la Ligue des Champions avec de tr\u00e8s belles performances dans cette comp\u00e9tition. Nous avons un vrai d\u00e9ficit d&rsquo;exp\u00e9rience par rapport \u00e0 eux mais nous avons bien d\u00e9but\u00e9 le match et nous avons fait jeu \u00e9gal pendant deux p\u00e9riodes. En troisi\u00e8me p\u00e9riode nous nous sommes un peu d\u00e9concentr\u00e9 et nous avons \u00e9t\u00e9 moins en place d\u00e9fensivement. Notre jeu d&rsquo;attaque demande beaucoup d&rsquo;efforts car il est bas\u00e9 sur beaucoup de mouvements, cela nous prend de l&rsquo;\u00e9nergie et par moment a un impact sur notre concentration en d\u00e9fense.<br \/>\nAu final c&rsquo;est plus nous qui perdons ce match qu&rsquo;eux qui le gagnent, nous avions eu beaucoup d&rsquo;opportunit\u00e9s pour avoir le match en mains, beaucoup d&rsquo;occasions mais nous avons manqu\u00e9 d&rsquo;efficacit\u00e9. C&rsquo;est vraiment tr\u00e8s rageant de perdre ce genre de matchs, quand tu sais qu&rsquo;il\u00a0est vraiment\u00a0\u00e0 ta port\u00e9e.<\/p>\n<p style=\"text-align: justify;\">Il n&rsquo;y a pas de quoi s&rsquo;alarmer non plus car c&rsquo;est vraiment une belle \u00e9quipe de notre championnat et que nous avons des joueurs importants \u00e0 l&rsquo;infirmerie.\u00a0A nous d&rsquo;\u00eatre un peu plus rigoureux, d&rsquo;essayer de bien mettre\u00a0en place ce que nous travaillons \u00e0 l&rsquo;entra\u00eenement pour r\u00e9ussir \u00e0 gagner ces matchs et qui nous permettrait d&rsquo;\u00eatre mieux que 7\u00e8me au classement.<\/p>\n<p style=\"text-align: justify;\">Ce week-end nous nous d\u00e9pla\u00e7ons \u00e0 Madrid, pour affronter la seule \u00e9quipe de la ville, qui est tr\u00e8s difficile \u00e0 affronter chez elle ! Nous devons aller chercher la victoire, m\u00eame si l&rsquo;arbitrage risque d&rsquo;\u00eatre un peu pour les locaux, \u00e0 nous de faire le n\u00e9cessaire. Physiquement je me sens bien et le coach est satisfait de mes performances donc \u00e0 moi de continuer \u00e0 donner le maximum pour aider l&rsquo;\u00e9quipe.<\/p>\n<p style=\"text-align: justify;\"><em><strong><span style=\"color: #000000;\">Mathieu Peisson<\/span><\/strong><\/em><em><strong><br \/>\n<a href=\"https:\/\/twitter.com\/MathieuPeisson\" target=\"_blank\" rel=\"noopener noreferrer\"><img loading=\"lazy\" decoding=\"async\" class=\"alignnone wp-image-2908\" src=\"http:\/\/dicodusport.fr\/blog\/wp-content\/uploads\/2017\/07\/logo-twitter-150x150.png\" alt=\"\" width=\"39\" height=\"39\" \/><\/a><a href=\"https:\/\/www.facebook.com\/peisson7\/\" target=\"_blank\" rel=\"noopener noreferrer\"><img loading=\"lazy\" decoding=\"async\" class=\"alignnone wp-image-2909\" src=\"http:\/\/dicodusport.fr\/blog\/wp-content\/uploads\/2017\/07\/logo-facebook-150x150.png\" alt=\"\" width=\"40\" height=\"40\" \/><\/a><\/strong><\/em><\/p>\n","protected":false},"excerpt":{"rendered":"<p>Chaque semaine,\u00a0retrouvez \u00ab\u00a0le bassin de\u00a0Mathieu Peisson\u00a0\u00bb, sur votre blog\u00a0dicodusport.fr,\u00a0avec son actu, son \u0153il\u00a0sur le monde du water-polo et sur la plan\u00e8te sport.\u00a0Cette semaine Mathieu Peisson revient sur la d\u00e9faite de son \u00e9quipe contre une pointure du championnat, Sabadell. Mon actualit\u00e9 Comme je vous l&rsquo;avais dit la semaine derni\u00e8re, nous avons rencontr\u00e9 Sabadell,\u00a0un match un peu [&hellip;]<\/p>\n","protected":false},"author":1,"featured_media":2619,"comment_status":"open","ping_status":"closed","sticky":false,"template":"","format":"standard","meta":{"_acf_changed":false,"_daextam_enable_autolinks":"","footnotes":""},"categories":[2016,2315],"tags":[359,2350,989,1083,883],"class_list":["post-6639","post","type-post","status-publish","format-standard","has-post-thumbnail","hentry","category-nos-champions","category-sports-aquatiques","tag-espagne","tag-madrid","tag-mathieu-peisson","tag-peisson","tag-water-polo"],"acf":[],"yoast_head":"<!-- This site is optimized with the Yoast SEO Premium plugin v26.7 (Yoast SEO v26.7) - https:\/\/yoast.com\/wordpress\/plugins\/seo\/ -->\n<title>Le bassin de Mathieu Peisson #23 : Une d\u00e9faite amer contre Sabadell<\/title>\n<meta name=\"description\" content=\"Cette semaine Mathieu Peisson sur la d\u00e9faite de son \u00e9quipe contre une pointure du championnat, Sabadell.\" \/>\n<meta name=\"robots\" content=\"index, follow, max-snippet:-1, max-image-preview:large, max-video-preview:-1\" \/>\n<link rel=\"canonical\" href=\"https:\/\/dicodusport.fr\/blog\/bassin-de-mathieu-peisson-23-defaite-amer-contre-sabadell\/\" \/>\n<meta property=\"og:locale\" content=\"fr_FR\" \/>\n<meta property=\"og:type\" content=\"article\" \/>\n<meta property=\"og:title\" content=\"Le bassin de Mathieu Peisson #23 : Une d\u00e9faite amer contre Sabadell\" \/>\n<meta property=\"og:description\" content=\"Cette semaine Mathieu Peisson sur la d\u00e9faite de son \u00e9quipe contre une pointure du championnat, Sabadell.\" \/>\n<meta property=\"og:url\" content=\"https:\/\/dicodusport.fr\/blog\/bassin-de-mathieu-peisson-23-defaite-amer-contre-sabadell\/\" \/>\n<meta property=\"og:site_name\" content=\"Dicodusport\" \/>\n<meta property=\"article:publisher\" content=\"https:\/\/www.facebook.com\/dicodusport\" \/>\n<meta property=\"article:author\" content=\"https:\/\/www.facebook.com\/dicodusport\" \/>\n<meta property=\"article:published_time\" content=\"2017-11-08T14:00:18+00:00\" \/>\n<meta property=\"article:modified_time\" content=\"2017-11-14T16:11:06+00:00\" \/>\n<meta property=\"og:image\" content=\"https:\/\/dicodusport.fr\/blog\/wp-content\/uploads\/2017\/07\/mathieu-peisson-stage.png\" \/>\n\t<meta property=\"og:image:width\" content=\"1200\" \/>\n\t<meta property=\"og:image:height\" content=\"670\" \/>\n\t<meta property=\"og:image:type\" content=\"image\/png\" \/>\n<meta name=\"author\" content=\"Nicolas Jacquemard\" \/>\n<meta name=\"twitter:card\" content=\"summary_large_image\" \/>\n<meta name=\"twitter:creator\" content=\"@https:\/\/twitter.com\/Nico_Jacquemard\" \/>\n<meta name=\"twitter:site\" content=\"@dicodusport\" \/>\n<script type=\"application\/ld+json\" class=\"yoast-schema-graph\">{\"@context\":\"https:\/\/schema.org\",\"@graph\":[{\"@type\":\"NewsArticle\",\"@id\":\"https:\/\/dicodusport.fr\/blog\/bassin-de-mathieu-peisson-23-defaite-amer-contre-sabadell\/#article\",\"isPartOf\":{\"@id\":\"https:\/\/dicodusport.fr\/blog\/bassin-de-mathieu-peisson-23-defaite-amer-contre-sabadell\/\"},\"author\":{\"name\":\"Nicolas Jacquemard\",\"@id\":\"https:\/\/dicodusport.fr\/blog\/#\/schema\/person\/55dcb50ad410894e431ed812bbb70191\"},\"headline\":\"Le bassin de Mathieu Peisson #23 : Une d\u00e9faite amer contre Sabadell\",\"datePublished\":\"2017-11-08T14:00:18+00:00\",\"dateModified\":\"2017-11-14T16:11:06+00:00\",\"mainEntityOfPage\":{\"@id\":\"https:\/\/dicodusport.fr\/blog\/bassin-de-mathieu-peisson-23-defaite-amer-contre-sabadell\/\"},\"wordCount\":422,\"commentCount\":0,\"publisher\":{\"@id\":\"https:\/\/dicodusport.fr\/blog\/#organization\"},\"image\":{\"@id\":\"https:\/\/dicodusport.fr\/blog\/bassin-de-mathieu-peisson-23-defaite-amer-contre-sabadell\/#primaryimage\"},\"thumbnailUrl\":\"https:\/\/dicodusport.fr\/blog\/wp-content\/uploads\/2017\/07\/mathieu-peisson-stage.png\",\"keywords\":[\"Espagne\",\"madrid\",\"Mathieu Peisson\",\"Peisson\",\"water polo\"],\"articleSection\":[\"Nos champions\",\"Sports aquatiques\"],\"inLanguage\":\"fr-FR\",\"potentialAction\":[{\"@type\":\"CommentAction\",\"name\":\"Comment\",\"target\":[\"https:\/\/dicodusport.fr\/blog\/bassin-de-mathieu-peisson-23-defaite-amer-contre-sabadell\/#respond\"]}],\"copyrightYear\":\"2017\",\"copyrightHolder\":{\"@id\":\"https:\/\/dicodusport.fr\/blog\/#organization\"}},{\"@type\":\"WebPage\",\"@id\":\"https:\/\/dicodusport.fr\/blog\/bassin-de-mathieu-peisson-23-defaite-amer-contre-sabadell\/\",\"url\":\"https:\/\/dicodusport.fr\/blog\/bassin-de-mathieu-peisson-23-defaite-amer-contre-sabadell\/\",\"name\":\"Le bassin de Mathieu Peisson #23 : Une d\u00e9faite amer contre Sabadell\",\"isPartOf\":{\"@id\":\"https:\/\/dicodusport.fr\/blog\/#website\"},\"primaryImageOfPage\":{\"@id\":\"https:\/\/dicodusport.fr\/blog\/bassin-de-mathieu-peisson-23-defaite-amer-contre-sabadell\/#primaryimage\"},\"image\":{\"@id\":\"https:\/\/dicodusport.fr\/blog\/bassin-de-mathieu-peisson-23-defaite-amer-contre-sabadell\/#primaryimage\"},\"thumbnailUrl\":\"https:\/\/dicodusport.fr\/blog\/wp-content\/uploads\/2017\/07\/mathieu-peisson-stage.png\",\"datePublished\":\"2017-11-08T14:00:18+00:00\",\"dateModified\":\"2017-11-14T16:11:06+00:00\",\"description\":\"Cette semaine Mathieu Peisson sur la d\u00e9faite de son \u00e9quipe contre une pointure du championnat, Sabadell.\",\"breadcrumb\":{\"@id\":\"https:\/\/dicodusport.fr\/blog\/bassin-de-mathieu-peisson-23-defaite-amer-contre-sabadell\/#breadcrumb\"},\"inLanguage\":\"fr-FR\",\"potentialAction\":[{\"@type\":\"ReadAction\",\"target\":[\"https:\/\/dicodusport.fr\/blog\/bassin-de-mathieu-peisson-23-defaite-amer-contre-sabadell\/\"]}]},{\"@type\":\"ImageObject\",\"inLanguage\":\"fr-FR\",\"@id\":\"https:\/\/dicodusport.fr\/blog\/bassin-de-mathieu-peisson-23-defaite-amer-contre-sabadell\/#primaryimage\",\"url\":\"https:\/\/dicodusport.fr\/blog\/wp-content\/uploads\/2017\/07\/mathieu-peisson-stage.png\",\"contentUrl\":\"https:\/\/dicodusport.fr\/blog\/wp-content\/uploads\/2017\/07\/mathieu-peisson-stage.png\",\"width\":1200,\"height\":670,\"caption\":\"mathieu peisson stage\"},{\"@type\":\"BreadcrumbList\",\"@id\":\"https:\/\/dicodusport.fr\/blog\/bassin-de-mathieu-peisson-23-defaite-amer-contre-sabadell\/#breadcrumb\",\"itemListElement\":[{\"@type\":\"ListItem\",\"position\":1,\"name\":\"Accueil\",\"item\":\"https:\/\/dicodusport.fr\/blog\/\"},{\"@type\":\"ListItem\",\"position\":2,\"name\":\"Le bassin de Mathieu Peisson #23 : Une d\u00e9faite amer contre Sabadell\"}]},{\"@type\":\"WebSite\",\"@id\":\"https:\/\/dicodusport.fr\/blog\/#website\",\"url\":\"https:\/\/dicodusport.fr\/blog\/\",\"name\":\"Dicodusport\",\"description\":\"L&#039;encyclop\u00e9die de l&#039;actualit\u00e9 sportive\",\"publisher\":{\"@id\":\"https:\/\/dicodusport.fr\/blog\/#organization\"},\"potentialAction\":[{\"@type\":\"SearchAction\",\"target\":{\"@type\":\"EntryPoint\",\"urlTemplate\":\"https:\/\/dicodusport.fr\/blog\/?s={search_term_string}\"},\"query-input\":{\"@type\":\"PropertyValueSpecification\",\"valueRequired\":true,\"valueName\":\"search_term_string\"}}],\"inLanguage\":\"fr-FR\"},{\"@type\":\"NewsMediaOrganization\",\"@id\":\"https:\/\/dicodusport.fr\/blog\/#organization\",\"name\":\"Dicodusport\",\"url\":\"https:\/\/dicodusport.fr\/blog\/\",\"logo\":{\"@type\":\"ImageObject\",\"inLanguage\":\"fr-FR\",\"@id\":\"https:\/\/dicodusport.fr\/blog\/#\/schema\/logo\/image\/\",\"url\":\"https:\/\/dicodusport.fr\/blog\/wp-content\/uploads\/2020\/06\/cropped-LOGO-DICODUSPORT-2020-SANS-FOND-SANS-TEXTE.png\",\"contentUrl\":\"https:\/\/dicodusport.fr\/blog\/wp-content\/uploads\/2020\/06\/cropped-LOGO-DICODUSPORT-2020-SANS-FOND-SANS-TEXTE.png\",\"width\":512,\"height\":512,\"caption\":\"Dicodusport\"},\"image\":{\"@id\":\"https:\/\/dicodusport.fr\/blog\/#\/schema\/logo\/image\/\"},\"sameAs\":[\"https:\/\/www.facebook.com\/dicodusport\",\"https:\/\/x.com\/dicodusport\",\"https:\/\/www.instagram.com\/dicodusport\/\",\"https:\/\/www.youtube.com\/channel\/UC7V2KZ5sd3htJivAbA4ZG3w\"],\"description\":\"Dicodusport est l'encyclop\u00e9die de l'actualit\u00e9 sportive.\",\"email\":\"bonjour@dicodusport.fr\",\"legalName\":\"DICODUSPORT\",\"foundingDate\":\"2018-01-14\",\"vatID\":\"FR71834470973\",\"taxID\":\"83447097300043\",\"numberOfEmployees\":{\"@type\":\"QuantitativeValue\",\"minValue\":\"1\",\"maxValue\":\"10\"}},{\"@type\":\"Person\",\"@id\":\"https:\/\/dicodusport.fr\/blog\/#\/schema\/person\/55dcb50ad410894e431ed812bbb70191\",\"name\":\"Nicolas Jacquemard\",\"image\":{\"@type\":\"ImageObject\",\"inLanguage\":\"fr-FR\",\"@id\":\"https:\/\/dicodusport.fr\/blog\/#\/schema\/person\/image\/\",\"url\":\"https:\/\/dicodusport.fr\/blog\/wp-content\/uploads\/2021\/05\/Nicolas-Jacquemard-150x150.jpeg\",\"contentUrl\":\"https:\/\/dicodusport.fr\/blog\/wp-content\/uploads\/2021\/05\/Nicolas-Jacquemard-150x150.jpeg\",\"caption\":\"Nicolas Jacquemard\"},\"description\":\"Passionn\u00e9 de sport et entrepreneur depuis mes 18 ans, la cr\u00e9ation de Dicodusport m'a sembl\u00e9 \u00e9vidente pour participer \u00e0 la m\u00e9diatisation d'un plus grand nombre de sports. Le chemin est long mais avec une \u00e9quipe des plus motiv\u00e9es et les Jeux Olympiques de Paris 2024 en point de mire, nous y arriverons ! Journaliste dans le monde du sport depuis plus de 5 ans, je traite aussi bien de football, de rugby, de biathlon que de cyclisme.\",\"sameAs\":[\"https:\/\/www.facebook.com\/dicodusport\",\"https:\/\/x.com\/https:\/\/twitter.com\/Nico_Jacquemard\"],\"url\":\"https:\/\/dicodusport.fr\/blog\/author\/dicodusport\/\"}]}<\/script>\n<!-- \/ Yoast SEO Premium plugin. -->","yoast_head_json":{"title":"Le bassin de Mathieu Peisson #23 : Une d\u00e9faite amer contre Sabadell","description":"Cette semaine Mathieu Peisson sur la d\u00e9faite de son \u00e9quipe contre une pointure du championnat, Sabadell.","robots":{"index":"index","follow":"follow","max-snippet":"max-snippet:-1","max-image-preview":"max-image-preview:large","max-video-preview":"max-video-preview:-1"},"canonical":"https:\/\/dicodusport.fr\/blog\/bassin-de-mathieu-peisson-23-defaite-amer-contre-sabadell\/","og_locale":"fr_FR","og_type":"article","og_title":"Le bassin de Mathieu Peisson #23 : Une d\u00e9faite amer contre Sabadell","og_description":"Cette semaine Mathieu Peisson sur la d\u00e9faite de son \u00e9quipe contre une pointure du championnat, Sabadell.","og_url":"https:\/\/dicodusport.fr\/blog\/bassin-de-mathieu-peisson-23-defaite-amer-contre-sabadell\/","og_site_name":"Dicodusport","article_publisher":"https:\/\/www.facebook.com\/dicodusport","article_author":"https:\/\/www.facebook.com\/dicodusport","article_published_time":"2017-11-08T14:00:18+00:00","article_modified_time":"2017-11-14T16:11:06+00:00","og_image":[{"width":1200,"height":670,"url":"https:\/\/dicodusport.fr\/blog\/wp-content\/uploads\/2017\/07\/mathieu-peisson-stage.png","type":"image\/png"}],"author":"Nicolas Jacquemard","twitter_card":"summary_large_image","twitter_creator":"@https:\/\/twitter.com\/Nico_Jacquemard","twitter_site":"@dicodusport","schema":{"@context":"https:\/\/schema.org","@graph":[{"@type":"NewsArticle","@id":"https:\/\/dicodusport.fr\/blog\/bassin-de-mathieu-peisson-23-defaite-amer-contre-sabadell\/#article","isPartOf":{"@id":"https:\/\/dicodusport.fr\/blog\/bassin-de-mathieu-peisson-23-defaite-amer-contre-sabadell\/"},"author":{"name":"Nicolas Jacquemard","@id":"https:\/\/dicodusport.fr\/blog\/#\/schema\/person\/55dcb50ad410894e431ed812bbb70191"},"headline":"Le bassin de Mathieu Peisson #23 : Une d\u00e9faite amer contre Sabadell","datePublished":"2017-11-08T14:00:18+00:00","dateModified":"2017-11-14T16:11:06+00:00","mainEntityOfPage":{"@id":"https:\/\/dicodusport.fr\/blog\/bassin-de-mathieu-peisson-23-defaite-amer-contre-sabadell\/"},"wordCount":422,"commentCount":0,"publisher":{"@id":"https:\/\/dicodusport.fr\/blog\/#organization"},"image":{"@id":"https:\/\/dicodusport.fr\/blog\/bassin-de-mathieu-peisson-23-defaite-amer-contre-sabadell\/#primaryimage"},"thumbnailUrl":"https:\/\/dicodusport.fr\/blog\/wp-content\/uploads\/2017\/07\/mathieu-peisson-stage.png","keywords":["Espagne","madrid","Mathieu Peisson","Peisson","water polo"],"articleSection":["Nos champions","Sports aquatiques"],"inLanguage":"fr-FR","potentialAction":[{"@type":"CommentAction","name":"Comment","target":["https:\/\/dicodusport.fr\/blog\/bassin-de-mathieu-peisson-23-defaite-amer-contre-sabadell\/#respond"]}],"copyrightYear":"2017","copyrightHolder":{"@id":"https:\/\/dicodusport.fr\/blog\/#organization"}},{"@type":"WebPage","@id":"https:\/\/dicodusport.fr\/blog\/bassin-de-mathieu-peisson-23-defaite-amer-contre-sabadell\/","url":"https:\/\/dicodusport.fr\/blog\/bassin-de-mathieu-peisson-23-defaite-amer-contre-sabadell\/","name":"Le bassin de Mathieu Peisson #23 : Une d\u00e9faite amer contre Sabadell","isPartOf":{"@id":"https:\/\/dicodusport.fr\/blog\/#website"},"primaryImageOfPage":{"@id":"https:\/\/dicodusport.fr\/blog\/bassin-de-mathieu-peisson-23-defaite-amer-contre-sabadell\/#primaryimage"},"image":{"@id":"https:\/\/dicodusport.fr\/blog\/bassin-de-mathieu-peisson-23-defaite-amer-contre-sabadell\/#primaryimage"},"thumbnailUrl":"https:\/\/dicodusport.fr\/blog\/wp-content\/uploads\/2017\/07\/mathieu-peisson-stage.png","datePublished":"2017-11-08T14:00:18+00:00","dateModified":"2017-11-14T16:11:06+00:00","description":"Cette semaine Mathieu Peisson sur la d\u00e9faite de son \u00e9quipe contre une pointure du championnat, Sabadell.","breadcrumb":{"@id":"https:\/\/dicodusport.fr\/blog\/bassin-de-mathieu-peisson-23-defaite-amer-contre-sabadell\/#breadcrumb"},"inLanguage":"fr-FR","potentialAction":[{"@type":"ReadAction","target":["https:\/\/dicodusport.fr\/blog\/bassin-de-mathieu-peisson-23-defaite-amer-contre-sabadell\/"]}]},{"@type":"ImageObject","inLanguage":"fr-FR","@id":"https:\/\/dicodusport.fr\/blog\/bassin-de-mathieu-peisson-23-defaite-amer-contre-sabadell\/#primaryimage","url":"https:\/\/dicodusport.fr\/blog\/wp-content\/uploads\/2017\/07\/mathieu-peisson-stage.png","contentUrl":"https:\/\/dicodusport.fr\/blog\/wp-content\/uploads\/2017\/07\/mathieu-peisson-stage.png","width":1200,"height":670,"caption":"mathieu peisson stage"},{"@type":"BreadcrumbList","@id":"https:\/\/dicodusport.fr\/blog\/bassin-de-mathieu-peisson-23-defaite-amer-contre-sabadell\/#breadcrumb","itemListElement":[{"@type":"ListItem","position":1,"name":"Accueil","item":"https:\/\/dicodusport.fr\/blog\/"},{"@type":"ListItem","position":2,"name":"Le bassin de Mathieu Peisson #23 : Une d\u00e9faite amer contre Sabadell"}]},{"@type":"WebSite","@id":"https:\/\/dicodusport.fr\/blog\/#website","url":"https:\/\/dicodusport.fr\/blog\/","name":"Dicodusport","description":"L&#039;encyclop\u00e9die de l&#039;actualit\u00e9 sportive","publisher":{"@id":"https:\/\/dicodusport.fr\/blog\/#organization"},"potentialAction":[{"@type":"SearchAction","target":{"@type":"EntryPoint","urlTemplate":"https:\/\/dicodusport.fr\/blog\/?s={search_term_string}"},"query-input":{"@type":"PropertyValueSpecification","valueRequired":true,"valueName":"search_term_string"}}],"inLanguage":"fr-FR"},{"@type":"NewsMediaOrganization","@id":"https:\/\/dicodusport.fr\/blog\/#organization","name":"Dicodusport","url":"https:\/\/dicodusport.fr\/blog\/","logo":{"@type":"ImageObject","inLanguage":"fr-FR","@id":"https:\/\/dicodusport.fr\/blog\/#\/schema\/logo\/image\/","url":"https:\/\/dicodusport.fr\/blog\/wp-content\/uploads\/2020\/06\/cropped-LOGO-DICODUSPORT-2020-SANS-FOND-SANS-TEXTE.png","contentUrl":"https:\/\/dicodusport.fr\/blog\/wp-content\/uploads\/2020\/06\/cropped-LOGO-DICODUSPORT-2020-SANS-FOND-SANS-TEXTE.png","width":512,"height":512,"caption":"Dicodusport"},"image":{"@id":"https:\/\/dicodusport.fr\/blog\/#\/schema\/logo\/image\/"},"sameAs":["https:\/\/www.facebook.com\/dicodusport","https:\/\/x.com\/dicodusport","https:\/\/www.instagram.com\/dicodusport\/","https:\/\/www.youtube.com\/channel\/UC7V2KZ5sd3htJivAbA4ZG3w"],"description":"Dicodusport est l'encyclop\u00e9die de l'actualit\u00e9 sportive.","email":"bonjour@dicodusport.fr","legalName":"DICODUSPORT","foundingDate":"2018-01-14","vatID":"FR71834470973","taxID":"83447097300043","numberOfEmployees":{"@type":"QuantitativeValue","minValue":"1","maxValue":"10"}},{"@type":"Person","@id":"https:\/\/dicodusport.fr\/blog\/#\/schema\/person\/55dcb50ad410894e431ed812bbb70191","name":"Nicolas Jacquemard","image":{"@type":"ImageObject","inLanguage":"fr-FR","@id":"https:\/\/dicodusport.fr\/blog\/#\/schema\/person\/image\/","url":"https:\/\/dicodusport.fr\/blog\/wp-content\/uploads\/2021\/05\/Nicolas-Jacquemard-150x150.jpeg","contentUrl":"https:\/\/dicodusport.fr\/blog\/wp-content\/uploads\/2021\/05\/Nicolas-Jacquemard-150x150.jpeg","caption":"Nicolas Jacquemard"},"description":"Passionn\u00e9 de sport et entrepreneur depuis mes 18 ans, la cr\u00e9ation de Dicodusport m'a sembl\u00e9 \u00e9vidente pour participer \u00e0 la m\u00e9diatisation d'un plus grand nombre de sports. Le chemin est long mais avec une \u00e9quipe des plus motiv\u00e9es et les Jeux Olympiques de Paris 2024 en point de mire, nous y arriverons ! Journaliste dans le monde du sport depuis plus de 5 ans, je traite aussi bien de football, de rugby, de biathlon que de cyclisme.","sameAs":["https:\/\/www.facebook.com\/dicodusport","https:\/\/x.com\/https:\/\/twitter.com\/Nico_Jacquemard"],"url":"https:\/\/dicodusport.fr\/blog\/author\/dicodusport\/"}]}},"_links":{"self":[{"href":"https:\/\/dicodusport.fr\/blog\/wp-json\/wp\/v2\/posts\/6639","targetHints":{"allow":["GET"]}}],"collection":[{"href":"https:\/\/dicodusport.fr\/blog\/wp-json\/wp\/v2\/posts"}],"about":[{"href":"https:\/\/dicodusport.fr\/blog\/wp-json\/wp\/v2\/types\/post"}],"author":[{"embeddable":true,"href":"https:\/\/dicodusport.fr\/blog\/wp-json\/wp\/v2\/users\/1"}],"replies":[{"embeddable":true,"href":"https:\/\/dicodusport.fr\/blog\/wp-json\/wp\/v2\/comments?post=6639"}],"version-history":[{"count":0,"href":"https:\/\/dicodusport.fr\/blog\/wp-json\/wp\/v2\/posts\/6639\/revisions"}],"wp:featuredmedia":[{"embeddable":true,"href":"https:\/\/dicodusport.fr\/blog\/wp-json\/wp\/v2\/media\/2619"}],"wp:attachment":[{"href":"https:\/\/dicodusport.fr\/blog\/wp-json\/wp\/v2\/media?parent=6639"}],"wp:term":[{"taxonomy":"category","embeddable":true,"href":"https:\/\/dicodusport.fr\/blog\/wp-json\/wp\/v2\/categories?post=6639"},{"taxonomy":"post_tag","embeddable":true,"href":"https:\/\/dicodusport.fr\/blog\/wp-json\/wp\/v2\/tags?post=6639"}],"curies":[{"name":"wp","href":"https:\/\/api.w.org\/{rel}","templated":true}]}}