{"id":66487,"date":"2020-05-10T10:02:55","date_gmt":"2020-05-10T08:02:55","guid":{"rendered":"http:\/\/dicodusport.fr\/blog\/?p=66487&#038;preview=true&#038;preview_id=66487"},"modified":"2020-05-10T10:02:55","modified_gmt":"2020-05-10T08:02:55","slug":"video-ufc-249-impresionnant-ko-francis-ngannou-sur-jairzinho-rozenstruik","status":"publish","type":"post","link":"https:\/\/dicodusport.fr\/blog\/video-ufc-249-impresionnant-ko-francis-ngannou-sur-jairzinho-rozenstruik\/","title":{"rendered":"[Vid\u00e9o] UFC 249 : L&rsquo;impressionnant KO de Francis Ngannou sur Jairzinho Rozenstruik"},"content":{"rendered":"<p style=\"text-align: justify;\"><strong><em>MMA &#8211; Le Franco-Camerounais Francis Ngannou n&rsquo;a pas fait dans la dentelle lors de l&rsquo;UFC 249. Il a anesth\u00e9si\u00e9 au bout de 20 secondes le Surinamais Jairzinho Rozenstruik.<\/em><\/strong><\/p>\n<p style=\"text-align: justify;\">Le num\u00e9ro 2 de la cat\u00e9gorie des poids lourds, <strong>Francis Ngannou<\/strong>, n&rsquo;a fait qu&rsquo;une bouch\u00e9e du Surinamais <strong>Jairzinho Rozenstruik<\/strong>. Un KO au bout de 20 secondes, et une quinzi\u00e8me victoire en <strong>MMA<\/strong>, la 11\u00e8me sur KO.<\/p>\n<blockquote class=\"twitter-tweet\">\n<p dir=\"ltr\" lang=\"fr\">Le KO INCROYABLE de Francis Ngannou en si peu de temps &#x1f92f;&#x1f92f; <a href=\"https:\/\/twitter.com\/hashtag\/UFC249?src=hash&amp;ref_src=twsrc%5Etfw\">#UFC249<\/a> <a href=\"https:\/\/t.co\/mydJRTWZFy\">pic.twitter.com\/mydJRTWZFy<\/a><\/p>\n<p>\u2014 UFC France &#x1f1eb;&#x1f1f7;&#x269c;&#xfe0f; (@UFCFRA) <a href=\"https:\/\/twitter.com\/UFCFRA\/status\/1259327334399778817?ref_src=twsrc%5Etfw\">May 10, 2020<\/a><\/p><\/blockquote>\n<p><script async src=\"https:\/\/platform.twitter.com\/widgets.js\" charset=\"utf-8\"><\/script><\/p>\n<p><strong><em>Dicodusport<br \/>\n<a href=\"https:\/\/www.facebook.com\/dicodusport\/\" target=\"_blank\" rel=\"noopener noreferrer\"><img loading=\"lazy\" decoding=\"async\" class=\"alignnone wp-image-2909\" src=\"http:\/\/dicodusport.fr\/blog\/wp-content\/uploads\/2017\/07\/logo-facebook-150x150.png\" alt=\"\" width=\"40\" height=\"40\" \/><\/a><a href=\"https:\/\/twitter.com\/dicodusport\" target=\"_blank\" rel=\"noopener noreferrer\"><img loading=\"lazy\" decoding=\"async\" class=\"alignnone wp-image-2908\" src=\"http:\/\/dicodusport.fr\/blog\/wp-content\/uploads\/2017\/07\/logo-twitter-150x150.png\" alt=\"\" width=\"39\" height=\"39\" \/><\/a><\/em><\/strong><\/p>\n","protected":false},"excerpt":{"rendered":"<p>MMA &#8211; Le Franco-Camerounais Francis Ngannou n&rsquo;a pas fait dans la dentelle lors de l&rsquo;UFC 249. Il a anesth\u00e9si\u00e9 au bout de 20 secondes le Surinamais Jairzinho Rozenstruik.<\/p>\n","protected":false},"author":4,"featured_media":66488,"comment_status":"open","ping_status":"closed","sticky":false,"template":"","format":"standard","meta":{"_acf_changed":false,"_daextam_enable_autolinks":"","footnotes":""},"categories":[10666],"tags":[10694,1222,1224],"class_list":["post-66487","post","type-post","status-publish","format-standard","has-post-thumbnail","hentry","category-mma","tag-francis-ngannou","tag-mma","tag-ufc"],"acf":[],"yoast_head":"<!-- This site is optimized with the Yoast SEO Premium plugin v26.7 (Yoast SEO v26.7) - https:\/\/yoast.com\/wordpress\/plugins\/seo\/ -->\n<title>[Vid\u00e9o] UFC 249 : L&#039;impressionnant KO de Francis Ngannou sur Jairzinho Rozenstruik<\/title>\n<meta name=\"description\" content=\"MMA - Le Franco-Camerounais Francis Ngannou n&#039;a pas fait dans la dentelle lors de l&#039;UFC 249. Il a anesth\u00e9si\u00e9 au bout de 20 secondes le Surinamais Jairzinho Rozenstruik.\" \/>\n<meta name=\"robots\" content=\"index, follow, max-snippet:-1, max-image-preview:large, max-video-preview:-1\" \/>\n<link rel=\"canonical\" href=\"https:\/\/dicodusport.fr\/blog\/video-ufc-249-impresionnant-ko-francis-ngannou-sur-jairzinho-rozenstruik\/\" \/>\n<meta property=\"og:locale\" content=\"fr_FR\" \/>\n<meta property=\"og:type\" content=\"article\" \/>\n<meta property=\"og:title\" content=\"[Vid\u00e9o] UFC : L&#039;impressionnant KO de Francis Ngannou sur Jairzinho Rozenstruik\" \/>\n<meta property=\"og:description\" content=\"MMA - Le Franco-Camerounais Francis Ngannou n&#039;a pas fait dans la dentelle lors de l&#039;UFC 249. Il a anesth\u00e9si\u00e9 au bout de 20 secondes le Surinamais Jairzinho Rozenstruik.\" \/>\n<meta property=\"og:url\" content=\"https:\/\/dicodusport.fr\/blog\/video-ufc-249-impresionnant-ko-francis-ngannou-sur-jairzinho-rozenstruik\/\" \/>\n<meta property=\"og:site_name\" content=\"Dicodusport\" \/>\n<meta property=\"article:publisher\" content=\"https:\/\/www.facebook.com\/dicodusport\" \/>\n<meta property=\"article:author\" content=\"https:\/\/www.facebook.com\/florent.ostermann\" \/>\n<meta property=\"article:published_time\" content=\"2020-05-10T08:02:55+00:00\" \/>\n<meta property=\"og:image\" content=\"https:\/\/dicodusport.fr\/blog\/wp-content\/uploads\/2020\/05\/Vid\u00e9o-UFC-249-Limpressionnant-KO-de-Francis-Ngannou-sur-Jairzinho-Rozenstruik.png\" \/>\n\t<meta property=\"og:image:width\" content=\"800\" \/>\n\t<meta property=\"og:image:height\" content=\"445\" \/>\n\t<meta property=\"og:image:type\" content=\"image\/png\" \/>\n<meta name=\"author\" content=\"Flo Ostermann\" \/>\n<meta name=\"twitter:card\" content=\"summary_large_image\" \/>\n<meta name=\"twitter:title\" content=\"[Vid\u00e9o] UFC : L&#039;impressionnant KO de Francis Ngannou sur Jairzinho Rozenstruik\" \/>\n<meta name=\"twitter:creator\" content=\"@https:\/\/twitter.com\/FlOstermann\" \/>\n<meta name=\"twitter:site\" content=\"@dicodusport\" \/>\n<script type=\"application\/ld+json\" class=\"yoast-schema-graph\">{\"@context\":\"https:\/\/schema.org\",\"@graph\":[{\"@type\":\"NewsArticle\",\"@id\":\"https:\/\/dicodusport.fr\/blog\/video-ufc-249-impresionnant-ko-francis-ngannou-sur-jairzinho-rozenstruik\/#article\",\"isPartOf\":{\"@id\":\"https:\/\/dicodusport.fr\/blog\/video-ufc-249-impresionnant-ko-francis-ngannou-sur-jairzinho-rozenstruik\/\"},\"author\":{\"name\":\"Flo Ostermann\",\"@id\":\"https:\/\/dicodusport.fr\/blog\/#\/schema\/person\/cb02af4c173ce4a653b55e9baf388d4a\"},\"headline\":\"[Vid\u00e9o] UFC 249 : L&rsquo;impressionnant KO de Francis Ngannou sur Jairzinho Rozenstruik\",\"datePublished\":\"2020-05-10T08:02:55+00:00\",\"mainEntityOfPage\":{\"@id\":\"https:\/\/dicodusport.fr\/blog\/video-ufc-249-impresionnant-ko-francis-ngannou-sur-jairzinho-rozenstruik\/\"},\"wordCount\":118,\"commentCount\":0,\"publisher\":{\"@id\":\"https:\/\/dicodusport.fr\/blog\/#organization\"},\"image\":{\"@id\":\"https:\/\/dicodusport.fr\/blog\/video-ufc-249-impresionnant-ko-francis-ngannou-sur-jairzinho-rozenstruik\/#primaryimage\"},\"thumbnailUrl\":\"https:\/\/dicodusport.fr\/blog\/wp-content\/uploads\/2020\/05\/Vid\u00e9o-UFC-249-Limpressionnant-KO-de-Francis-Ngannou-sur-Jairzinho-Rozenstruik.png\",\"keywords\":[\"Francis Ngannou\",\"MMA\",\"UFC\"],\"articleSection\":[\"MMA\"],\"inLanguage\":\"fr-FR\",\"potentialAction\":[{\"@type\":\"CommentAction\",\"name\":\"Comment\",\"target\":[\"https:\/\/dicodusport.fr\/blog\/video-ufc-249-impresionnant-ko-francis-ngannou-sur-jairzinho-rozenstruik\/#respond\"]}],\"copyrightYear\":\"2020\",\"copyrightHolder\":{\"@id\":\"https:\/\/dicodusport.fr\/blog\/#organization\"}},{\"@type\":\"WebPage\",\"@id\":\"https:\/\/dicodusport.fr\/blog\/video-ufc-249-impresionnant-ko-francis-ngannou-sur-jairzinho-rozenstruik\/\",\"url\":\"https:\/\/dicodusport.fr\/blog\/video-ufc-249-impresionnant-ko-francis-ngannou-sur-jairzinho-rozenstruik\/\",\"name\":\"[Vid\u00e9o] UFC 249 : L'impressionnant KO de Francis Ngannou sur Jairzinho Rozenstruik\",\"isPartOf\":{\"@id\":\"https:\/\/dicodusport.fr\/blog\/#website\"},\"primaryImageOfPage\":{\"@id\":\"https:\/\/dicodusport.fr\/blog\/video-ufc-249-impresionnant-ko-francis-ngannou-sur-jairzinho-rozenstruik\/#primaryimage\"},\"image\":{\"@id\":\"https:\/\/dicodusport.fr\/blog\/video-ufc-249-impresionnant-ko-francis-ngannou-sur-jairzinho-rozenstruik\/#primaryimage\"},\"thumbnailUrl\":\"https:\/\/dicodusport.fr\/blog\/wp-content\/uploads\/2020\/05\/Vid\u00e9o-UFC-249-Limpressionnant-KO-de-Francis-Ngannou-sur-Jairzinho-Rozenstruik.png\",\"datePublished\":\"2020-05-10T08:02:55+00:00\",\"description\":\"MMA - Le Franco-Camerounais Francis Ngannou n'a pas fait dans la dentelle lors de l'UFC 249. Il a anesth\u00e9si\u00e9 au bout de 20 secondes le Surinamais Jairzinho Rozenstruik.\",\"breadcrumb\":{\"@id\":\"https:\/\/dicodusport.fr\/blog\/video-ufc-249-impresionnant-ko-francis-ngannou-sur-jairzinho-rozenstruik\/#breadcrumb\"},\"inLanguage\":\"fr-FR\",\"potentialAction\":[{\"@type\":\"ReadAction\",\"target\":[\"https:\/\/dicodusport.fr\/blog\/video-ufc-249-impresionnant-ko-francis-ngannou-sur-jairzinho-rozenstruik\/\"]}]},{\"@type\":\"ImageObject\",\"inLanguage\":\"fr-FR\",\"@id\":\"https:\/\/dicodusport.fr\/blog\/video-ufc-249-impresionnant-ko-francis-ngannou-sur-jairzinho-rozenstruik\/#primaryimage\",\"url\":\"https:\/\/dicodusport.fr\/blog\/wp-content\/uploads\/2020\/05\/Vid\u00e9o-UFC-249-Limpressionnant-KO-de-Francis-Ngannou-sur-Jairzinho-Rozenstruik.png\",\"contentUrl\":\"https:\/\/dicodusport.fr\/blog\/wp-content\/uploads\/2020\/05\/Vid\u00e9o-UFC-249-Limpressionnant-KO-de-Francis-Ngannou-sur-Jairzinho-Rozenstruik.png\",\"width\":800,\"height\":445,\"caption\":\"[Vid\u00e9o] UFC 249 : L'impressionnant KO de Francis Ngannou sur Jairzinho Rozenstruik\"},{\"@type\":\"BreadcrumbList\",\"@id\":\"https:\/\/dicodusport.fr\/blog\/video-ufc-249-impresionnant-ko-francis-ngannou-sur-jairzinho-rozenstruik\/#breadcrumb\",\"itemListElement\":[{\"@type\":\"ListItem\",\"position\":1,\"name\":\"Accueil\",\"item\":\"https:\/\/dicodusport.fr\/blog\/\"},{\"@type\":\"ListItem\",\"position\":2,\"name\":\"[Vid\u00e9o] UFC 249 : L&rsquo;impressionnant KO de Francis Ngannou sur Jairzinho Rozenstruik\"}]},{\"@type\":\"WebSite\",\"@id\":\"https:\/\/dicodusport.fr\/blog\/#website\",\"url\":\"https:\/\/dicodusport.fr\/blog\/\",\"name\":\"Dicodusport\",\"description\":\"L&#039;encyclop\u00e9die de l&#039;actualit\u00e9 sportive\",\"publisher\":{\"@id\":\"https:\/\/dicodusport.fr\/blog\/#organization\"},\"potentialAction\":[{\"@type\":\"SearchAction\",\"target\":{\"@type\":\"EntryPoint\",\"urlTemplate\":\"https:\/\/dicodusport.fr\/blog\/?s={search_term_string}\"},\"query-input\":{\"@type\":\"PropertyValueSpecification\",\"valueRequired\":true,\"valueName\":\"search_term_string\"}}],\"inLanguage\":\"fr-FR\"},{\"@type\":\"NewsMediaOrganization\",\"@id\":\"https:\/\/dicodusport.fr\/blog\/#organization\",\"name\":\"Dicodusport\",\"url\":\"https:\/\/dicodusport.fr\/blog\/\",\"logo\":{\"@type\":\"ImageObject\",\"inLanguage\":\"fr-FR\",\"@id\":\"https:\/\/dicodusport.fr\/blog\/#\/schema\/logo\/image\/\",\"url\":\"https:\/\/dicodusport.fr\/blog\/wp-content\/uploads\/2020\/06\/cropped-LOGO-DICODUSPORT-2020-SANS-FOND-SANS-TEXTE.png\",\"contentUrl\":\"https:\/\/dicodusport.fr\/blog\/wp-content\/uploads\/2020\/06\/cropped-LOGO-DICODUSPORT-2020-SANS-FOND-SANS-TEXTE.png\",\"width\":512,\"height\":512,\"caption\":\"Dicodusport\"},\"image\":{\"@id\":\"https:\/\/dicodusport.fr\/blog\/#\/schema\/logo\/image\/\"},\"sameAs\":[\"https:\/\/www.facebook.com\/dicodusport\",\"https:\/\/x.com\/dicodusport\",\"https:\/\/www.instagram.com\/dicodusport\/\",\"https:\/\/www.youtube.com\/channel\/UC7V2KZ5sd3htJivAbA4ZG3w\"],\"description\":\"Dicodusport est l'encyclop\u00e9die de l'actualit\u00e9 sportive.\",\"email\":\"bonjour@dicodusport.fr\",\"legalName\":\"DICODUSPORT\",\"foundingDate\":\"2018-01-14\",\"vatID\":\"FR71834470973\",\"taxID\":\"83447097300043\",\"numberOfEmployees\":{\"@type\":\"QuantitativeValue\",\"minValue\":\"1\",\"maxValue\":\"10\"}},{\"@type\":\"Person\",\"@id\":\"https:\/\/dicodusport.fr\/blog\/#\/schema\/person\/cb02af4c173ce4a653b55e9baf388d4a\",\"name\":\"Flo Ostermann\",\"image\":{\"@type\":\"ImageObject\",\"inLanguage\":\"fr-FR\",\"@id\":\"https:\/\/dicodusport.fr\/blog\/#\/schema\/person\/image\/\",\"url\":\"https:\/\/dicodusport.fr\/blog\/wp-content\/uploads\/2021\/05\/Flo-Ostermann-150x150.jpg\",\"contentUrl\":\"https:\/\/dicodusport.fr\/blog\/wp-content\/uploads\/2021\/05\/Flo-Ostermann-150x150.jpg\",\"caption\":\"Flo Ostermann\"},\"description\":\"Journaliste\/R\u00e9dacteur depuis septembre 2015 - Mes premiers souvenirs dans le sport ? Les envol\u00e9es du Stade Toulousain et les duels Villeneuve-Schumacher et H\u00e4kkinen-Schumacher \u00e0 la fin des ann\u00e9es 90, la Coupe du monde de football en 1998, l\u2019exploit du XV de France face aux All Blacks en 1999, mais aussi Richard C\u0153ur de Lion qui vole sur les montagnes du Tour de France. Bien parti pour devenir professeur d\u2019EPS, les \u00e9v\u00e9nements de la vie (et la flemme d\u2019animer des s\u00e9ances de 3x500 m\u00e8tres toute ma vie) m\u2019ont conduit \u00e0 revoir mes plans. Me voil\u00e0 depuis fin 2017 sur Dicodusport, m\u00e9dia gr\u00e2ce (et pour) lequel je partage ma passion : le sport dans tous ses \u00e9tats. Le tout accompagn\u00e9 par les fous furieux et folles furieuses cit\u00e9s sur cette page !\",\"sameAs\":[\"https:\/\/www.facebook.com\/florent.ostermann\",\"https:\/\/x.com\/https:\/\/twitter.com\/FlOstermann\",\"admin\"],\"url\":\"https:\/\/dicodusport.fr\/blog\/author\/flo\/\"}]}<\/script>\n<!-- \/ Yoast SEO Premium plugin. -->","yoast_head_json":{"title":"[Vid\u00e9o] UFC 249 : L'impressionnant KO de Francis Ngannou sur Jairzinho Rozenstruik","description":"MMA - Le Franco-Camerounais Francis Ngannou n'a pas fait dans la dentelle lors de l'UFC 249. Il a anesth\u00e9si\u00e9 au bout de 20 secondes le Surinamais Jairzinho Rozenstruik.","robots":{"index":"index","follow":"follow","max-snippet":"max-snippet:-1","max-image-preview":"max-image-preview:large","max-video-preview":"max-video-preview:-1"},"canonical":"https:\/\/dicodusport.fr\/blog\/video-ufc-249-impresionnant-ko-francis-ngannou-sur-jairzinho-rozenstruik\/","og_locale":"fr_FR","og_type":"article","og_title":"[Vid\u00e9o] UFC : L'impressionnant KO de Francis Ngannou sur Jairzinho Rozenstruik","og_description":"MMA - Le Franco-Camerounais Francis Ngannou n'a pas fait dans la dentelle lors de l'UFC 249. Il a anesth\u00e9si\u00e9 au bout de 20 secondes le Surinamais Jairzinho Rozenstruik.","og_url":"https:\/\/dicodusport.fr\/blog\/video-ufc-249-impresionnant-ko-francis-ngannou-sur-jairzinho-rozenstruik\/","og_site_name":"Dicodusport","article_publisher":"https:\/\/www.facebook.com\/dicodusport","article_author":"https:\/\/www.facebook.com\/florent.ostermann","article_published_time":"2020-05-10T08:02:55+00:00","og_image":[{"width":800,"height":445,"url":"https:\/\/dicodusport.fr\/blog\/wp-content\/uploads\/2020\/05\/Vid\u00e9o-UFC-249-Limpressionnant-KO-de-Francis-Ngannou-sur-Jairzinho-Rozenstruik.png","type":"image\/png"}],"author":"Flo Ostermann","twitter_card":"summary_large_image","twitter_title":"[Vid\u00e9o] UFC : L'impressionnant KO de Francis Ngannou sur Jairzinho Rozenstruik","twitter_creator":"@https:\/\/twitter.com\/FlOstermann","twitter_site":"@dicodusport","schema":{"@context":"https:\/\/schema.org","@graph":[{"@type":"NewsArticle","@id":"https:\/\/dicodusport.fr\/blog\/video-ufc-249-impresionnant-ko-francis-ngannou-sur-jairzinho-rozenstruik\/#article","isPartOf":{"@id":"https:\/\/dicodusport.fr\/blog\/video-ufc-249-impresionnant-ko-francis-ngannou-sur-jairzinho-rozenstruik\/"},"author":{"name":"Flo Ostermann","@id":"https:\/\/dicodusport.fr\/blog\/#\/schema\/person\/cb02af4c173ce4a653b55e9baf388d4a"},"headline":"[Vid\u00e9o] UFC 249 : L&rsquo;impressionnant KO de Francis Ngannou sur Jairzinho Rozenstruik","datePublished":"2020-05-10T08:02:55+00:00","mainEntityOfPage":{"@id":"https:\/\/dicodusport.fr\/blog\/video-ufc-249-impresionnant-ko-francis-ngannou-sur-jairzinho-rozenstruik\/"},"wordCount":118,"commentCount":0,"publisher":{"@id":"https:\/\/dicodusport.fr\/blog\/#organization"},"image":{"@id":"https:\/\/dicodusport.fr\/blog\/video-ufc-249-impresionnant-ko-francis-ngannou-sur-jairzinho-rozenstruik\/#primaryimage"},"thumbnailUrl":"https:\/\/dicodusport.fr\/blog\/wp-content\/uploads\/2020\/05\/Vid\u00e9o-UFC-249-Limpressionnant-KO-de-Francis-Ngannou-sur-Jairzinho-Rozenstruik.png","keywords":["Francis Ngannou","MMA","UFC"],"articleSection":["MMA"],"inLanguage":"fr-FR","potentialAction":[{"@type":"CommentAction","name":"Comment","target":["https:\/\/dicodusport.fr\/blog\/video-ufc-249-impresionnant-ko-francis-ngannou-sur-jairzinho-rozenstruik\/#respond"]}],"copyrightYear":"2020","copyrightHolder":{"@id":"https:\/\/dicodusport.fr\/blog\/#organization"}},{"@type":"WebPage","@id":"https:\/\/dicodusport.fr\/blog\/video-ufc-249-impresionnant-ko-francis-ngannou-sur-jairzinho-rozenstruik\/","url":"https:\/\/dicodusport.fr\/blog\/video-ufc-249-impresionnant-ko-francis-ngannou-sur-jairzinho-rozenstruik\/","name":"[Vid\u00e9o] UFC 249 : L'impressionnant KO de Francis Ngannou sur Jairzinho Rozenstruik","isPartOf":{"@id":"https:\/\/dicodusport.fr\/blog\/#website"},"primaryImageOfPage":{"@id":"https:\/\/dicodusport.fr\/blog\/video-ufc-249-impresionnant-ko-francis-ngannou-sur-jairzinho-rozenstruik\/#primaryimage"},"image":{"@id":"https:\/\/dicodusport.fr\/blog\/video-ufc-249-impresionnant-ko-francis-ngannou-sur-jairzinho-rozenstruik\/#primaryimage"},"thumbnailUrl":"https:\/\/dicodusport.fr\/blog\/wp-content\/uploads\/2020\/05\/Vid\u00e9o-UFC-249-Limpressionnant-KO-de-Francis-Ngannou-sur-Jairzinho-Rozenstruik.png","datePublished":"2020-05-10T08:02:55+00:00","description":"MMA - Le Franco-Camerounais Francis Ngannou n'a pas fait dans la dentelle lors de l'UFC 249. Il a anesth\u00e9si\u00e9 au bout de 20 secondes le Surinamais Jairzinho Rozenstruik.","breadcrumb":{"@id":"https:\/\/dicodusport.fr\/blog\/video-ufc-249-impresionnant-ko-francis-ngannou-sur-jairzinho-rozenstruik\/#breadcrumb"},"inLanguage":"fr-FR","potentialAction":[{"@type":"ReadAction","target":["https:\/\/dicodusport.fr\/blog\/video-ufc-249-impresionnant-ko-francis-ngannou-sur-jairzinho-rozenstruik\/"]}]},{"@type":"ImageObject","inLanguage":"fr-FR","@id":"https:\/\/dicodusport.fr\/blog\/video-ufc-249-impresionnant-ko-francis-ngannou-sur-jairzinho-rozenstruik\/#primaryimage","url":"https:\/\/dicodusport.fr\/blog\/wp-content\/uploads\/2020\/05\/Vid\u00e9o-UFC-249-Limpressionnant-KO-de-Francis-Ngannou-sur-Jairzinho-Rozenstruik.png","contentUrl":"https:\/\/dicodusport.fr\/blog\/wp-content\/uploads\/2020\/05\/Vid\u00e9o-UFC-249-Limpressionnant-KO-de-Francis-Ngannou-sur-Jairzinho-Rozenstruik.png","width":800,"height":445,"caption":"[Vid\u00e9o] UFC 249 : L'impressionnant KO de Francis Ngannou sur Jairzinho Rozenstruik"},{"@type":"BreadcrumbList","@id":"https:\/\/dicodusport.fr\/blog\/video-ufc-249-impresionnant-ko-francis-ngannou-sur-jairzinho-rozenstruik\/#breadcrumb","itemListElement":[{"@type":"ListItem","position":1,"name":"Accueil","item":"https:\/\/dicodusport.fr\/blog\/"},{"@type":"ListItem","position":2,"name":"[Vid\u00e9o] UFC 249 : L&rsquo;impressionnant KO de Francis Ngannou sur Jairzinho Rozenstruik"}]},{"@type":"WebSite","@id":"https:\/\/dicodusport.fr\/blog\/#website","url":"https:\/\/dicodusport.fr\/blog\/","name":"Dicodusport","description":"L&#039;encyclop\u00e9die de l&#039;actualit\u00e9 sportive","publisher":{"@id":"https:\/\/dicodusport.fr\/blog\/#organization"},"potentialAction":[{"@type":"SearchAction","target":{"@type":"EntryPoint","urlTemplate":"https:\/\/dicodusport.fr\/blog\/?s={search_term_string}"},"query-input":{"@type":"PropertyValueSpecification","valueRequired":true,"valueName":"search_term_string"}}],"inLanguage":"fr-FR"},{"@type":"NewsMediaOrganization","@id":"https:\/\/dicodusport.fr\/blog\/#organization","name":"Dicodusport","url":"https:\/\/dicodusport.fr\/blog\/","logo":{"@type":"ImageObject","inLanguage":"fr-FR","@id":"https:\/\/dicodusport.fr\/blog\/#\/schema\/logo\/image\/","url":"https:\/\/dicodusport.fr\/blog\/wp-content\/uploads\/2020\/06\/cropped-LOGO-DICODUSPORT-2020-SANS-FOND-SANS-TEXTE.png","contentUrl":"https:\/\/dicodusport.fr\/blog\/wp-content\/uploads\/2020\/06\/cropped-LOGO-DICODUSPORT-2020-SANS-FOND-SANS-TEXTE.png","width":512,"height":512,"caption":"Dicodusport"},"image":{"@id":"https:\/\/dicodusport.fr\/blog\/#\/schema\/logo\/image\/"},"sameAs":["https:\/\/www.facebook.com\/dicodusport","https:\/\/x.com\/dicodusport","https:\/\/www.instagram.com\/dicodusport\/","https:\/\/www.youtube.com\/channel\/UC7V2KZ5sd3htJivAbA4ZG3w"],"description":"Dicodusport est l'encyclop\u00e9die de l'actualit\u00e9 sportive.","email":"bonjour@dicodusport.fr","legalName":"DICODUSPORT","foundingDate":"2018-01-14","vatID":"FR71834470973","taxID":"83447097300043","numberOfEmployees":{"@type":"QuantitativeValue","minValue":"1","maxValue":"10"}},{"@type":"Person","@id":"https:\/\/dicodusport.fr\/blog\/#\/schema\/person\/cb02af4c173ce4a653b55e9baf388d4a","name":"Flo Ostermann","image":{"@type":"ImageObject","inLanguage":"fr-FR","@id":"https:\/\/dicodusport.fr\/blog\/#\/schema\/person\/image\/","url":"https:\/\/dicodusport.fr\/blog\/wp-content\/uploads\/2021\/05\/Flo-Ostermann-150x150.jpg","contentUrl":"https:\/\/dicodusport.fr\/blog\/wp-content\/uploads\/2021\/05\/Flo-Ostermann-150x150.jpg","caption":"Flo Ostermann"},"description":"Journaliste\/R\u00e9dacteur depuis septembre 2015 - Mes premiers souvenirs dans le sport ? Les envol\u00e9es du Stade Toulousain et les duels Villeneuve-Schumacher et H\u00e4kkinen-Schumacher \u00e0 la fin des ann\u00e9es 90, la Coupe du monde de football en 1998, l\u2019exploit du XV de France face aux All Blacks en 1999, mais aussi Richard C\u0153ur de Lion qui vole sur les montagnes du Tour de France. Bien parti pour devenir professeur d\u2019EPS, les \u00e9v\u00e9nements de la vie (et la flemme d\u2019animer des s\u00e9ances de 3x500 m\u00e8tres toute ma vie) m\u2019ont conduit \u00e0 revoir mes plans. Me voil\u00e0 depuis fin 2017 sur Dicodusport, m\u00e9dia gr\u00e2ce (et pour) lequel je partage ma passion : le sport dans tous ses \u00e9tats. Le tout accompagn\u00e9 par les fous furieux et folles furieuses cit\u00e9s sur cette page !","sameAs":["https:\/\/www.facebook.com\/florent.ostermann","https:\/\/x.com\/https:\/\/twitter.com\/FlOstermann","admin"],"url":"https:\/\/dicodusport.fr\/blog\/author\/flo\/"}]}},"_links":{"self":[{"href":"https:\/\/dicodusport.fr\/blog\/wp-json\/wp\/v2\/posts\/66487","targetHints":{"allow":["GET"]}}],"collection":[{"href":"https:\/\/dicodusport.fr\/blog\/wp-json\/wp\/v2\/posts"}],"about":[{"href":"https:\/\/dicodusport.fr\/blog\/wp-json\/wp\/v2\/types\/post"}],"author":[{"embeddable":true,"href":"https:\/\/dicodusport.fr\/blog\/wp-json\/wp\/v2\/users\/4"}],"replies":[{"embeddable":true,"href":"https:\/\/dicodusport.fr\/blog\/wp-json\/wp\/v2\/comments?post=66487"}],"version-history":[{"count":0,"href":"https:\/\/dicodusport.fr\/blog\/wp-json\/wp\/v2\/posts\/66487\/revisions"}],"wp:featuredmedia":[{"embeddable":true,"href":"https:\/\/dicodusport.fr\/blog\/wp-json\/wp\/v2\/media\/66488"}],"wp:attachment":[{"href":"https:\/\/dicodusport.fr\/blog\/wp-json\/wp\/v2\/media?parent=66487"}],"wp:term":[{"taxonomy":"category","embeddable":true,"href":"https:\/\/dicodusport.fr\/blog\/wp-json\/wp\/v2\/categories?post=66487"},{"taxonomy":"post_tag","embeddable":true,"href":"https:\/\/dicodusport.fr\/blog\/wp-json\/wp\/v2\/tags?post=66487"}],"curies":[{"name":"wp","href":"https:\/\/api.w.org\/{rel}","templated":true}]}}