{"id":664953,"date":"2026-04-23T20:10:02","date_gmt":"2026-04-23T18:10:02","guid":{"rendered":"https:\/\/dicodusport.fr\/blog\/?p=664953&#038;preview=true&#038;preview_id=664953"},"modified":"2026-04-23T20:25:01","modified_gmt":"2026-04-23T18:25:01","slug":"takamoto-katsuta-soffre-la-premiere-speciale-du-rallye-wrc-des-iles-canaries","status":"publish","type":"post","link":"https:\/\/dicodusport.fr\/blog\/takamoto-katsuta-soffre-la-premiere-speciale-du-rallye-wrc-des-iles-canaries\/","title":{"rendered":"Takamoto Katsuta s&rsquo;offre la premi\u00e8re sp\u00e9ciale du Rallye WRC des \u00celes Canaries"},"content":{"rendered":"<p style=\"text-align: justify;\"><strong><em>RALLYE WRC DES \u00ceLES CANARIES 2026 &#8211; Takamoto Katsuta (Toyota) a remport\u00e9 ce jeudi une premi\u00e8re sp\u00e9ciale \u00e0 la fois courte et atypique, au stade Gran Canaria.<\/em><\/strong><\/p>\n<ul style=\"text-align: justify;\">\n<li style=\"text-align: justify;\"><strong>\u00c0 lire aussi \u2013 <a href=\"https:\/\/dicodusport.fr\/blog\/rallye-des-iles-canaries-2026-programme-horaires-et-resultats-des-speciales\/\">Rallye des \u00celes Canaries 2026 : Programme, Horaires et R\u00e9sultats des sp\u00e9ciales<\/a><\/strong><em><br \/>\n<\/em><\/li>\n<\/ul>\n<p style=\"text-align: justify;\">Deux semaines apr\u00e8s un Rallye de Croatie chaotique qui a vu seulement trois Rally1 rallier l&rsquo;arriv\u00e9e, le <strong>WRC<\/strong> filait aux <strong>\u00eeles Canaries<\/strong> pour une \u00e9preuve attendue comme rapide, et surtout moins pi\u00e9geuse. Avec la pr\u00e9sence de <strong>S\u00e9bastien Ogier<\/strong> pour challenger ses co\u00e9quipiers, une guerre au sommet entre les Toyota se profile.<\/p>\n<div class=\"vlp-link-container vlp-layout-article\"><a href=\"https:\/\/dicodusport.fr\/blog\/thierry-neuville-gache-tout-sur-la-powerstage-takamoto-katsuta-remporte-le-rallye-wrc-de-croatie\/\" class=\"vlp-link\" title=\"Thierry Neuville g\u00e2che tout sur la Powerstage, Takamoto Katsuta remporte le Rallye WRC de Croatie !\"><\/a><div class=\"vlp-layout-zone-side\"><div class=\"vlp-block-4 vlp-link-image\"><img loading=\"lazy\" decoding=\"async\" style=\"max-width: 792px;\" width=\"792\" height=\"445\" src=\"https:\/\/dicodusport.fr\/blog\/wp-content\/uploads\/2026\/04\/Thierry-Neuville-gache-tout-sur-la-Powerstage-Takamoto-Katsuta-remporte-le-Rallye-WRC-de-Croatie-.png\" class=\"attachment-800x445 size-800x445\" alt=\"Thierry Neuville g\u00e2che tout sur la Powerstage, Takamoto Katsuta remporte le Rallye WRC de Croatie !\" srcset=\"https:\/\/dicodusport.fr\/blog\/wp-content\/uploads\/2026\/04\/Thierry-Neuville-gache-tout-sur-la-Powerstage-Takamoto-Katsuta-remporte-le-Rallye-WRC-de-Croatie-.png 1200w, https:\/\/dicodusport.fr\/blog\/wp-content\/uploads\/2026\/04\/Thierry-Neuville-gache-tout-sur-la-Powerstage-Takamoto-Katsuta-remporte-le-Rallye-WRC-de-Croatie--300x169.png 300w, https:\/\/dicodusport.fr\/blog\/wp-content\/uploads\/2026\/04\/Thierry-Neuville-gache-tout-sur-la-Powerstage-Takamoto-Katsuta-remporte-le-Rallye-WRC-de-Croatie--1024x575.png 1024w, https:\/\/dicodusport.fr\/blog\/wp-content\/uploads\/2026\/04\/Thierry-Neuville-gache-tout-sur-la-Powerstage-Takamoto-Katsuta-remporte-le-Rallye-WRC-de-Croatie--768x431.png 768w\" sizes=\"auto, (max-width: 792px) 100vw, 792px\" \/><\/div><\/div><div class=\"vlp-layout-zone-main\"><div class=\"vlp-block-0 vlp-link-title\">Thierry Neuville g\u00e2che tout sur la Powerstage, Takamoto Katsuta remporte le Rallye WRC de Croatie !<\/div><div class=\"vlp-block-1 vlp-link-summary\">RALLYE WRC DE CROATIE 2026 - Alors que la victoire lui tendait les bras, Thierry Neuville est parti \u00e0 la faute sur la Powerstage, laissant la victoire \u00e0 Takamoto Katsuta (Toyota) !<\/div><div class=\"vlp-block-2 vlp-link-button\">Lire l'article<\/div><div class=\"vlp-block-3 vlp-link-url\">dicodusport.fr<\/div><\/div><\/div>\n<h2 style=\"text-align: justify;\">Takamoto Katsuta marque le premier<\/h2>\n<p style=\"text-align: justify;\">D\u00e8s le shakedown, le ton avait \u00e9t\u00e9 donn\u00e9 puisqu&rsquo;<strong>Oliver Solberg<\/strong> (Toyota) avait sign\u00e9 le meilleur chrono en devan\u00e7ant les quatre autres voitures de la firme japonaise. La premi\u00e8re sp\u00e9ciale \u00e9tait tr\u00e8s courte (1,89km), et avait la particularit\u00e9 d&rsquo;\u00eatre trac\u00e9e autour de la pelouse du stade Gran Canaria, r\u00e9sidence de l&rsquo;UD Las Palmas. Les pilotes se sont ainsi \u00e9lanc\u00e9s par deux en mode duels.<\/p>\n<ul style=\"text-align: justify;\">\n<li style=\"text-align: justify;\"><strong>\u00c0 ce sujet \u2013\u00a0<a href=\"https:\/\/dicodusport.fr\/blog\/rallye-des-iles-canaries-2026-classement-general-en-direct\/\">Rallye des \u00celes Canaries 2026 \u2013 Classement g\u00e9n\u00e9ral en direct<\/a><\/strong><\/li>\n<\/ul>\n<p style=\"text-align: justify;\">\u00c0 ce jeu, <strong>Takamoto Katsuta<\/strong> (Toyota) a confirm\u00e9 sa bonne forme, tout en faisant \u00e9talage de son exp\u00e9rience sur circuit. Chirurgical et efficace \u00e0 la relance dans les \u00e9pingles, le Japonais a sign\u00e9 le meilleur chrono du jour en devan\u00e7ant de 4 dixi\u00e8mes <strong>Sami Pajari<\/strong> (Toyota). La Rally2 de l&rsquo;\u00e9patant <strong>Roberto Dapr\u00e0<\/strong> (Skoda) compl\u00e8te le podium. C\u00f4t\u00e9 fran\u00e7ais, <strong>Adrien Fourmaux<\/strong> (Hyundai) et <strong>S\u00e9bastien Ogier<\/strong> ont sign\u00e9 un chrono similaire (+1.6) dans une sp\u00e9ciale d&rsquo;ouverture sans r\u00e9el enseignement.<\/p>\n<blockquote class=\"twitter-tweet\">\n<p dir=\"ltr\" lang=\"en\">Taka wins SS1 in the Gran Canaria Stadium! \ud83e\udd29 Fastest by 0.4s over Sami to claim the early rally lead \ud83e\udd47\ud83e\udd48<a href=\"https:\/\/twitter.com\/hashtag\/ToyotaGAZOORacing?src=hash&amp;ref_src=twsrc%5Etfw\">#ToyotaGAZOORacing<\/a> <a href=\"https:\/\/twitter.com\/hashtag\/GRYaris?src=hash&amp;ref_src=twsrc%5Etfw\">#GRYaris<\/a> <a href=\"https:\/\/twitter.com\/hashtag\/WRC?src=hash&amp;ref_src=twsrc%5Etfw\">#WRC<\/a> <a href=\"https:\/\/twitter.com\/hashtag\/RallyIslasCanarias?src=hash&amp;ref_src=twsrc%5Etfw\">#RallyIslasCanarias<\/a> \ud83c\uddee\ud83c\udde8 <a href=\"https:\/\/t.co\/I6gPi8Y8JT\">pic.twitter.com\/I6gPi8Y8JT<\/a><\/p>\n<p>\u2014 TOYOTA GAZOO Racing WRT (@TGR_WRC) <a href=\"https:\/\/twitter.com\/TGR_WRC\/status\/2047375053411471495?ref_src=twsrc%5Etfw\">April 23, 2026<\/a><\/p><\/blockquote>\n<p style=\"text-align: justify;\"><script async src=\"https:\/\/platform.twitter.com\/widgets.js\" charset=\"utf-8\"><\/script><\/p>\n<p style=\"text-align: justify;\">En WRC2, <strong>Dapr\u00e0<\/strong> a logiquement domin\u00e9 la cat\u00e9gorie en devan\u00e7ant de plus d&rsquo;une seconde <strong>L\u00e9o Rossel<\/strong> (Citro\u00ebn). Rel\u00e9gu\u00e9 \u00e0 deux secondes, <strong>Yohan Rossel<\/strong> (Lancia) prend la 4\u00e8me place de la cat\u00e9gorie. Rendez-vous d\u00e8s demain matin pour le d\u00e9but des choses s\u00e9rieuses.<\/p>\n<h3 style=\"text-align: justify;\">\u00c0 lire aussi<\/h3>\n<ul style=\"text-align: justify;\">\n<li><strong><a href=\"https:\/\/dicodusport.fr\/blog\/rallye-des-iles-canaries-2026-a-quelle-heure-et-sur-quelle-chaine-tv-regarder-les-speciales-en-direct\/\">Rallye des \u00celes Canaries 2026 : \u00e0 quelle heure et sur quelle cha\u00eene TV regarder les sp\u00e9ciales en direct ?<\/a><\/strong><\/li>\n<li><a href=\"https:\/\/dicodusport.fr\/blog\/rallye-wrc-2026-le-calendrier-complet\/\"><strong>Rallye WRC 2026 \u2013 Le calendrier complet<\/strong><\/a><\/li>\n<li><strong><a href=\"https:\/\/dicodusport.fr\/blog\/wrc-2026-classement-general-des-pilotes-mis-a-jour\/\">WRC 2026 : classement g\u00e9n\u00e9ral des pilotes mis \u00e0 jour<\/a><\/strong><\/li>\n<\/ul>\n<div id=\"gtx-trans\" style=\"position: absolute; left: -14px; top: 40.9091px;\">\n<div class=\"gtx-trans-icon\" style=\"text-align: justify;\"><\/div>\n<\/div>\n","protected":false},"excerpt":{"rendered":"<p>RALLYE WRC DES \u00ceLES CANARIES 2026 &#8211; Takamoto Katsuta (Toyota) a remport\u00e9 ce jeudi une premi\u00e8re sp\u00e9ciale \u00e0 la fois courte et atypique, au stade Gran Canaria.<\/p>\n","protected":false},"author":55,"featured_media":664967,"comment_status":"open","ping_status":"closed","sticky":false,"template":"","format":"standard","meta":{"_acf_changed":false,"_daextam_enable_autolinks":"1","footnotes":""},"categories":[47088],"tags":[16878,3861,2235],"class_list":["post-664953","post","type-post","status-publish","format-standard","has-post-thumbnail","hentry","category-rallye-wrc","tag-breve","tag-rallye-wrc","tag-wrc"],"acf":[],"yoast_head":"<!-- This site is optimized with the Yoast SEO Premium plugin v26.7 (Yoast SEO v26.7) - https:\/\/yoast.com\/wordpress\/plugins\/seo\/ -->\n<title>Takamoto Katsuta s&#039;offre la premi\u00e8re sp\u00e9ciale du Rallye WRC des \u00celes Canaries<\/title>\n<meta name=\"description\" content=\"RALLYE WRC DES \u00ceLES CANARIES 2026 - Takamoto Katsuta (Toyota) a remport\u00e9 ce jeudi une premi\u00e8re sp\u00e9ciale \u00e0 la fois courte et atypique, au stade Gran Canaria.\" \/>\n<meta name=\"robots\" content=\"index, follow, max-snippet:-1, max-image-preview:large, max-video-preview:-1\" \/>\n<link rel=\"canonical\" href=\"https:\/\/dicodusport.fr\/blog\/takamoto-katsuta-soffre-la-premiere-speciale-du-rallye-wrc-des-iles-canaries\/\" \/>\n<meta property=\"og:locale\" content=\"fr_FR\" \/>\n<meta property=\"og:type\" content=\"article\" \/>\n<meta property=\"og:title\" content=\"Takamoto Katsuta s&#039;offre la premi\u00e8re sp\u00e9ciale du Rallye WRC des \u00celes Canaries\" \/>\n<meta property=\"og:description\" content=\"RALLYE WRC DES \u00ceLES CANARIES 2026 - Takamoto Katsuta (Toyota) a remport\u00e9 ce jeudi une premi\u00e8re sp\u00e9ciale \u00e0 la fois courte et atypique, au stade Gran Canaria.\" \/>\n<meta property=\"og:url\" content=\"https:\/\/dicodusport.fr\/blog\/takamoto-katsuta-soffre-la-premiere-speciale-du-rallye-wrc-des-iles-canaries\/\" \/>\n<meta property=\"og:site_name\" content=\"Dicodusport\" \/>\n<meta property=\"article:publisher\" content=\"https:\/\/www.facebook.com\/dicodusport\" \/>\n<meta property=\"article:published_time\" content=\"2026-04-23T18:10:02+00:00\" \/>\n<meta property=\"article:modified_time\" content=\"2026-04-23T18:25:01+00:00\" \/>\n<meta property=\"og:image\" content=\"https:\/\/dicodusport.fr\/blog\/wp-content\/uploads\/2026\/04\/Takamoto-Katsuta-soffre-la-premiere-speciale-du-Rallye-WRC-des-Canaries.png\" \/>\n\t<meta property=\"og:image:width\" content=\"1200\" \/>\n\t<meta property=\"og:image:height\" content=\"674\" \/>\n\t<meta property=\"og:image:type\" content=\"image\/png\" \/>\n<meta name=\"author\" content=\"Maxime Cazenave\" \/>\n<meta name=\"twitter:card\" content=\"summary_large_image\" \/>\n<meta name=\"twitter:title\" content=\"Takamoto Katsuta s&#039;offre la premi\u00e8re sp\u00e9ciale du Rallye WRC des \u00celes Canaries\" \/>\n<meta name=\"twitter:creator\" content=\"@https:\/\/twitter.com\/Maxime_Caze\" \/>\n<meta name=\"twitter:site\" content=\"@dicodusport\" \/>\n<script type=\"application\/ld+json\" class=\"yoast-schema-graph\">{\"@context\":\"https:\/\/schema.org\",\"@graph\":[{\"@type\":\"NewsArticle\",\"@id\":\"https:\/\/dicodusport.fr\/blog\/takamoto-katsuta-soffre-la-premiere-speciale-du-rallye-wrc-des-iles-canaries\/#article\",\"isPartOf\":{\"@id\":\"https:\/\/dicodusport.fr\/blog\/takamoto-katsuta-soffre-la-premiere-speciale-du-rallye-wrc-des-iles-canaries\/\"},\"author\":{\"name\":\"Maxime Cazenave\",\"@id\":\"https:\/\/dicodusport.fr\/blog\/#\/schema\/person\/37def232098a7a5cbab3974a3690abb0\"},\"headline\":\"Takamoto Katsuta s&rsquo;offre la premi\u00e8re sp\u00e9ciale du Rallye WRC des \u00celes Canaries\",\"datePublished\":\"2026-04-23T18:10:02+00:00\",\"dateModified\":\"2026-04-23T18:25:01+00:00\",\"mainEntityOfPage\":{\"@id\":\"https:\/\/dicodusport.fr\/blog\/takamoto-katsuta-soffre-la-premiere-speciale-du-rallye-wrc-des-iles-canaries\/\"},\"wordCount\":511,\"commentCount\":0,\"publisher\":{\"@id\":\"https:\/\/dicodusport.fr\/blog\/#organization\"},\"image\":{\"@id\":\"https:\/\/dicodusport.fr\/blog\/takamoto-katsuta-soffre-la-premiere-speciale-du-rallye-wrc-des-iles-canaries\/#primaryimage\"},\"thumbnailUrl\":\"https:\/\/dicodusport.fr\/blog\/wp-content\/uploads\/2026\/04\/Takamoto-Katsuta-soffre-la-premiere-speciale-du-Rallye-WRC-des-Canaries.png\",\"keywords\":[\"br\u00e8ve\",\"Rallye WRC\",\"WRC\"],\"articleSection\":[\"Rallye WRC\"],\"inLanguage\":\"fr-FR\",\"potentialAction\":[{\"@type\":\"CommentAction\",\"name\":\"Comment\",\"target\":[\"https:\/\/dicodusport.fr\/blog\/takamoto-katsuta-soffre-la-premiere-speciale-du-rallye-wrc-des-iles-canaries\/#respond\"]}],\"copyrightYear\":\"2026\",\"copyrightHolder\":{\"@id\":\"https:\/\/dicodusport.fr\/blog\/#organization\"}},{\"@type\":\"WebPage\",\"@id\":\"https:\/\/dicodusport.fr\/blog\/takamoto-katsuta-soffre-la-premiere-speciale-du-rallye-wrc-des-iles-canaries\/\",\"url\":\"https:\/\/dicodusport.fr\/blog\/takamoto-katsuta-soffre-la-premiere-speciale-du-rallye-wrc-des-iles-canaries\/\",\"name\":\"Takamoto Katsuta s'offre la premi\u00e8re sp\u00e9ciale du Rallye WRC des \u00celes Canaries\",\"isPartOf\":{\"@id\":\"https:\/\/dicodusport.fr\/blog\/#website\"},\"primaryImageOfPage\":{\"@id\":\"https:\/\/dicodusport.fr\/blog\/takamoto-katsuta-soffre-la-premiere-speciale-du-rallye-wrc-des-iles-canaries\/#primaryimage\"},\"image\":{\"@id\":\"https:\/\/dicodusport.fr\/blog\/takamoto-katsuta-soffre-la-premiere-speciale-du-rallye-wrc-des-iles-canaries\/#primaryimage\"},\"thumbnailUrl\":\"https:\/\/dicodusport.fr\/blog\/wp-content\/uploads\/2026\/04\/Takamoto-Katsuta-soffre-la-premiere-speciale-du-Rallye-WRC-des-Canaries.png\",\"datePublished\":\"2026-04-23T18:10:02+00:00\",\"dateModified\":\"2026-04-23T18:25:01+00:00\",\"description\":\"RALLYE WRC DES \u00ceLES CANARIES 2026 - Takamoto Katsuta (Toyota) a remport\u00e9 ce jeudi une premi\u00e8re sp\u00e9ciale \u00e0 la fois courte et atypique, au stade Gran Canaria.\",\"breadcrumb\":{\"@id\":\"https:\/\/dicodusport.fr\/blog\/takamoto-katsuta-soffre-la-premiere-speciale-du-rallye-wrc-des-iles-canaries\/#breadcrumb\"},\"inLanguage\":\"fr-FR\",\"potentialAction\":[{\"@type\":\"ReadAction\",\"target\":[\"https:\/\/dicodusport.fr\/blog\/takamoto-katsuta-soffre-la-premiere-speciale-du-rallye-wrc-des-iles-canaries\/\"]}]},{\"@type\":\"ImageObject\",\"inLanguage\":\"fr-FR\",\"@id\":\"https:\/\/dicodusport.fr\/blog\/takamoto-katsuta-soffre-la-premiere-speciale-du-rallye-wrc-des-iles-canaries\/#primaryimage\",\"url\":\"https:\/\/dicodusport.fr\/blog\/wp-content\/uploads\/2026\/04\/Takamoto-Katsuta-soffre-la-premiere-speciale-du-Rallye-WRC-des-Canaries.png\",\"contentUrl\":\"https:\/\/dicodusport.fr\/blog\/wp-content\/uploads\/2026\/04\/Takamoto-Katsuta-soffre-la-premiere-speciale-du-Rallye-WRC-des-Canaries.png\",\"width\":1200,\"height\":674,\"caption\":\"Takamoto Katsuta s'offre la premi\u00e8re sp\u00e9ciale du Rallye WRC des \u00celes Canaries\"},{\"@type\":\"BreadcrumbList\",\"@id\":\"https:\/\/dicodusport.fr\/blog\/takamoto-katsuta-soffre-la-premiere-speciale-du-rallye-wrc-des-iles-canaries\/#breadcrumb\",\"itemListElement\":[{\"@type\":\"ListItem\",\"position\":1,\"name\":\"Accueil\",\"item\":\"https:\/\/dicodusport.fr\/blog\/\"},{\"@type\":\"ListItem\",\"position\":2,\"name\":\"Takamoto Katsuta s&rsquo;offre la premi\u00e8re sp\u00e9ciale du Rallye WRC des \u00celes Canaries\"}]},{\"@type\":\"WebSite\",\"@id\":\"https:\/\/dicodusport.fr\/blog\/#website\",\"url\":\"https:\/\/dicodusport.fr\/blog\/\",\"name\":\"Dicodusport\",\"description\":\"L&#039;encyclop\u00e9die de l&#039;actualit\u00e9 sportive\",\"publisher\":{\"@id\":\"https:\/\/dicodusport.fr\/blog\/#organization\"},\"potentialAction\":[{\"@type\":\"SearchAction\",\"target\":{\"@type\":\"EntryPoint\",\"urlTemplate\":\"https:\/\/dicodusport.fr\/blog\/?s={search_term_string}\"},\"query-input\":{\"@type\":\"PropertyValueSpecification\",\"valueRequired\":true,\"valueName\":\"search_term_string\"}}],\"inLanguage\":\"fr-FR\"},{\"@type\":\"NewsMediaOrganization\",\"@id\":\"https:\/\/dicodusport.fr\/blog\/#organization\",\"name\":\"Dicodusport\",\"url\":\"https:\/\/dicodusport.fr\/blog\/\",\"logo\":{\"@type\":\"ImageObject\",\"inLanguage\":\"fr-FR\",\"@id\":\"https:\/\/dicodusport.fr\/blog\/#\/schema\/logo\/image\/\",\"url\":\"https:\/\/dicodusport.fr\/blog\/wp-content\/uploads\/2020\/06\/cropped-LOGO-DICODUSPORT-2020-SANS-FOND-SANS-TEXTE.png\",\"contentUrl\":\"https:\/\/dicodusport.fr\/blog\/wp-content\/uploads\/2020\/06\/cropped-LOGO-DICODUSPORT-2020-SANS-FOND-SANS-TEXTE.png\",\"width\":512,\"height\":512,\"caption\":\"Dicodusport\"},\"image\":{\"@id\":\"https:\/\/dicodusport.fr\/blog\/#\/schema\/logo\/image\/\"},\"sameAs\":[\"https:\/\/www.facebook.com\/dicodusport\",\"https:\/\/x.com\/dicodusport\",\"https:\/\/www.instagram.com\/dicodusport\/\",\"https:\/\/www.youtube.com\/channel\/UC7V2KZ5sd3htJivAbA4ZG3w\"],\"description\":\"Dicodusport est l'encyclop\u00e9die de l'actualit\u00e9 sportive.\",\"email\":\"bonjour@dicodusport.fr\",\"legalName\":\"DICODUSPORT\",\"foundingDate\":\"2018-01-14\",\"vatID\":\"FR71834470973\",\"taxID\":\"83447097300043\",\"numberOfEmployees\":{\"@type\":\"QuantitativeValue\",\"minValue\":\"1\",\"maxValue\":\"10\"}},{\"@type\":\"Person\",\"@id\":\"https:\/\/dicodusport.fr\/blog\/#\/schema\/person\/37def232098a7a5cbab3974a3690abb0\",\"name\":\"Maxime Cazenave\",\"image\":{\"@type\":\"ImageObject\",\"inLanguage\":\"fr-FR\",\"@id\":\"https:\/\/dicodusport.fr\/blog\/#\/schema\/person\/image\/\",\"url\":\"https:\/\/dicodusport.fr\/blog\/wp-content\/uploads\/2021\/05\/Maxime-Cazenave-150x150.jpg\",\"contentUrl\":\"https:\/\/dicodusport.fr\/blog\/wp-content\/uploads\/2021\/05\/Maxime-Cazenave-150x150.jpg\",\"caption\":\"Maxime Cazenave\"},\"description\":\"Journaliste\/R\u00e9dacteur depuis 2012 - Berc\u00e9 par l\u2019amour des Girondins de Bordeaux, les \u00e9checs de Christophe Moreau sur le Tour de France sous l'\u00e8re Lance Armstrong et le fade-away l\u00e9tal de Dirk Nowitzki, ma passion d\u00e9vorante pour le sport a toujours \u00e9t\u00e9 un pan incontournable de ma vie. Transmettre ma passion \u00e0 l\u2019\u00e9crit a \u00e9t\u00e9 une transition naturelle. Suiveur assidu de basket et de hockey sur glace, je garde toujours un peu de place pour suivre le cyclisme, le football et le maximum de performances fran\u00e7aises.\",\"sameAs\":[\"https:\/\/x.com\/https:\/\/twitter.com\/Maxime_Caze\"],\"url\":\"https:\/\/dicodusport.fr\/blog\/author\/maximec\/\"}]}<\/script>\n<!-- \/ Yoast SEO Premium plugin. -->","yoast_head_json":{"title":"Takamoto Katsuta s'offre la premi\u00e8re sp\u00e9ciale du Rallye WRC des \u00celes Canaries","description":"RALLYE WRC DES \u00ceLES CANARIES 2026 - Takamoto Katsuta (Toyota) a remport\u00e9 ce jeudi une premi\u00e8re sp\u00e9ciale \u00e0 la fois courte et atypique, au stade Gran Canaria.","robots":{"index":"index","follow":"follow","max-snippet":"max-snippet:-1","max-image-preview":"max-image-preview:large","max-video-preview":"max-video-preview:-1"},"canonical":"https:\/\/dicodusport.fr\/blog\/takamoto-katsuta-soffre-la-premiere-speciale-du-rallye-wrc-des-iles-canaries\/","og_locale":"fr_FR","og_type":"article","og_title":"Takamoto Katsuta s'offre la premi\u00e8re sp\u00e9ciale du Rallye WRC des \u00celes Canaries","og_description":"RALLYE WRC DES \u00ceLES CANARIES 2026 - Takamoto Katsuta (Toyota) a remport\u00e9 ce jeudi une premi\u00e8re sp\u00e9ciale \u00e0 la fois courte et atypique, au stade Gran Canaria.","og_url":"https:\/\/dicodusport.fr\/blog\/takamoto-katsuta-soffre-la-premiere-speciale-du-rallye-wrc-des-iles-canaries\/","og_site_name":"Dicodusport","article_publisher":"https:\/\/www.facebook.com\/dicodusport","article_published_time":"2026-04-23T18:10:02+00:00","article_modified_time":"2026-04-23T18:25:01+00:00","og_image":[{"width":1200,"height":674,"url":"https:\/\/dicodusport.fr\/blog\/wp-content\/uploads\/2026\/04\/Takamoto-Katsuta-soffre-la-premiere-speciale-du-Rallye-WRC-des-Canaries.png","type":"image\/png"}],"author":"Maxime Cazenave","twitter_card":"summary_large_image","twitter_title":"Takamoto Katsuta s'offre la premi\u00e8re sp\u00e9ciale du Rallye WRC des \u00celes Canaries","twitter_creator":"@https:\/\/twitter.com\/Maxime_Caze","twitter_site":"@dicodusport","schema":{"@context":"https:\/\/schema.org","@graph":[{"@type":"NewsArticle","@id":"https:\/\/dicodusport.fr\/blog\/takamoto-katsuta-soffre-la-premiere-speciale-du-rallye-wrc-des-iles-canaries\/#article","isPartOf":{"@id":"https:\/\/dicodusport.fr\/blog\/takamoto-katsuta-soffre-la-premiere-speciale-du-rallye-wrc-des-iles-canaries\/"},"author":{"name":"Maxime Cazenave","@id":"https:\/\/dicodusport.fr\/blog\/#\/schema\/person\/37def232098a7a5cbab3974a3690abb0"},"headline":"Takamoto Katsuta s&rsquo;offre la premi\u00e8re sp\u00e9ciale du Rallye WRC des \u00celes Canaries","datePublished":"2026-04-23T18:10:02+00:00","dateModified":"2026-04-23T18:25:01+00:00","mainEntityOfPage":{"@id":"https:\/\/dicodusport.fr\/blog\/takamoto-katsuta-soffre-la-premiere-speciale-du-rallye-wrc-des-iles-canaries\/"},"wordCount":511,"commentCount":0,"publisher":{"@id":"https:\/\/dicodusport.fr\/blog\/#organization"},"image":{"@id":"https:\/\/dicodusport.fr\/blog\/takamoto-katsuta-soffre-la-premiere-speciale-du-rallye-wrc-des-iles-canaries\/#primaryimage"},"thumbnailUrl":"https:\/\/dicodusport.fr\/blog\/wp-content\/uploads\/2026\/04\/Takamoto-Katsuta-soffre-la-premiere-speciale-du-Rallye-WRC-des-Canaries.png","keywords":["br\u00e8ve","Rallye WRC","WRC"],"articleSection":["Rallye WRC"],"inLanguage":"fr-FR","potentialAction":[{"@type":"CommentAction","name":"Comment","target":["https:\/\/dicodusport.fr\/blog\/takamoto-katsuta-soffre-la-premiere-speciale-du-rallye-wrc-des-iles-canaries\/#respond"]}],"copyrightYear":"2026","copyrightHolder":{"@id":"https:\/\/dicodusport.fr\/blog\/#organization"}},{"@type":"WebPage","@id":"https:\/\/dicodusport.fr\/blog\/takamoto-katsuta-soffre-la-premiere-speciale-du-rallye-wrc-des-iles-canaries\/","url":"https:\/\/dicodusport.fr\/blog\/takamoto-katsuta-soffre-la-premiere-speciale-du-rallye-wrc-des-iles-canaries\/","name":"Takamoto Katsuta s'offre la premi\u00e8re sp\u00e9ciale du Rallye WRC des \u00celes Canaries","isPartOf":{"@id":"https:\/\/dicodusport.fr\/blog\/#website"},"primaryImageOfPage":{"@id":"https:\/\/dicodusport.fr\/blog\/takamoto-katsuta-soffre-la-premiere-speciale-du-rallye-wrc-des-iles-canaries\/#primaryimage"},"image":{"@id":"https:\/\/dicodusport.fr\/blog\/takamoto-katsuta-soffre-la-premiere-speciale-du-rallye-wrc-des-iles-canaries\/#primaryimage"},"thumbnailUrl":"https:\/\/dicodusport.fr\/blog\/wp-content\/uploads\/2026\/04\/Takamoto-Katsuta-soffre-la-premiere-speciale-du-Rallye-WRC-des-Canaries.png","datePublished":"2026-04-23T18:10:02+00:00","dateModified":"2026-04-23T18:25:01+00:00","description":"RALLYE WRC DES \u00ceLES CANARIES 2026 - Takamoto Katsuta (Toyota) a remport\u00e9 ce jeudi une premi\u00e8re sp\u00e9ciale \u00e0 la fois courte et atypique, au stade Gran Canaria.","breadcrumb":{"@id":"https:\/\/dicodusport.fr\/blog\/takamoto-katsuta-soffre-la-premiere-speciale-du-rallye-wrc-des-iles-canaries\/#breadcrumb"},"inLanguage":"fr-FR","potentialAction":[{"@type":"ReadAction","target":["https:\/\/dicodusport.fr\/blog\/takamoto-katsuta-soffre-la-premiere-speciale-du-rallye-wrc-des-iles-canaries\/"]}]},{"@type":"ImageObject","inLanguage":"fr-FR","@id":"https:\/\/dicodusport.fr\/blog\/takamoto-katsuta-soffre-la-premiere-speciale-du-rallye-wrc-des-iles-canaries\/#primaryimage","url":"https:\/\/dicodusport.fr\/blog\/wp-content\/uploads\/2026\/04\/Takamoto-Katsuta-soffre-la-premiere-speciale-du-Rallye-WRC-des-Canaries.png","contentUrl":"https:\/\/dicodusport.fr\/blog\/wp-content\/uploads\/2026\/04\/Takamoto-Katsuta-soffre-la-premiere-speciale-du-Rallye-WRC-des-Canaries.png","width":1200,"height":674,"caption":"Takamoto Katsuta s'offre la premi\u00e8re sp\u00e9ciale du Rallye WRC des \u00celes Canaries"},{"@type":"BreadcrumbList","@id":"https:\/\/dicodusport.fr\/blog\/takamoto-katsuta-soffre-la-premiere-speciale-du-rallye-wrc-des-iles-canaries\/#breadcrumb","itemListElement":[{"@type":"ListItem","position":1,"name":"Accueil","item":"https:\/\/dicodusport.fr\/blog\/"},{"@type":"ListItem","position":2,"name":"Takamoto Katsuta s&rsquo;offre la premi\u00e8re sp\u00e9ciale du Rallye WRC des \u00celes Canaries"}]},{"@type":"WebSite","@id":"https:\/\/dicodusport.fr\/blog\/#website","url":"https:\/\/dicodusport.fr\/blog\/","name":"Dicodusport","description":"L&#039;encyclop\u00e9die de l&#039;actualit\u00e9 sportive","publisher":{"@id":"https:\/\/dicodusport.fr\/blog\/#organization"},"potentialAction":[{"@type":"SearchAction","target":{"@type":"EntryPoint","urlTemplate":"https:\/\/dicodusport.fr\/blog\/?s={search_term_string}"},"query-input":{"@type":"PropertyValueSpecification","valueRequired":true,"valueName":"search_term_string"}}],"inLanguage":"fr-FR"},{"@type":"NewsMediaOrganization","@id":"https:\/\/dicodusport.fr\/blog\/#organization","name":"Dicodusport","url":"https:\/\/dicodusport.fr\/blog\/","logo":{"@type":"ImageObject","inLanguage":"fr-FR","@id":"https:\/\/dicodusport.fr\/blog\/#\/schema\/logo\/image\/","url":"https:\/\/dicodusport.fr\/blog\/wp-content\/uploads\/2020\/06\/cropped-LOGO-DICODUSPORT-2020-SANS-FOND-SANS-TEXTE.png","contentUrl":"https:\/\/dicodusport.fr\/blog\/wp-content\/uploads\/2020\/06\/cropped-LOGO-DICODUSPORT-2020-SANS-FOND-SANS-TEXTE.png","width":512,"height":512,"caption":"Dicodusport"},"image":{"@id":"https:\/\/dicodusport.fr\/blog\/#\/schema\/logo\/image\/"},"sameAs":["https:\/\/www.facebook.com\/dicodusport","https:\/\/x.com\/dicodusport","https:\/\/www.instagram.com\/dicodusport\/","https:\/\/www.youtube.com\/channel\/UC7V2KZ5sd3htJivAbA4ZG3w"],"description":"Dicodusport est l'encyclop\u00e9die de l'actualit\u00e9 sportive.","email":"bonjour@dicodusport.fr","legalName":"DICODUSPORT","foundingDate":"2018-01-14","vatID":"FR71834470973","taxID":"83447097300043","numberOfEmployees":{"@type":"QuantitativeValue","minValue":"1","maxValue":"10"}},{"@type":"Person","@id":"https:\/\/dicodusport.fr\/blog\/#\/schema\/person\/37def232098a7a5cbab3974a3690abb0","name":"Maxime Cazenave","image":{"@type":"ImageObject","inLanguage":"fr-FR","@id":"https:\/\/dicodusport.fr\/blog\/#\/schema\/person\/image\/","url":"https:\/\/dicodusport.fr\/blog\/wp-content\/uploads\/2021\/05\/Maxime-Cazenave-150x150.jpg","contentUrl":"https:\/\/dicodusport.fr\/blog\/wp-content\/uploads\/2021\/05\/Maxime-Cazenave-150x150.jpg","caption":"Maxime Cazenave"},"description":"Journaliste\/R\u00e9dacteur depuis 2012 - Berc\u00e9 par l\u2019amour des Girondins de Bordeaux, les \u00e9checs de Christophe Moreau sur le Tour de France sous l'\u00e8re Lance Armstrong et le fade-away l\u00e9tal de Dirk Nowitzki, ma passion d\u00e9vorante pour le sport a toujours \u00e9t\u00e9 un pan incontournable de ma vie. Transmettre ma passion \u00e0 l\u2019\u00e9crit a \u00e9t\u00e9 une transition naturelle. Suiveur assidu de basket et de hockey sur glace, je garde toujours un peu de place pour suivre le cyclisme, le football et le maximum de performances fran\u00e7aises.","sameAs":["https:\/\/x.com\/https:\/\/twitter.com\/Maxime_Caze"],"url":"https:\/\/dicodusport.fr\/blog\/author\/maximec\/"}]}},"_links":{"self":[{"href":"https:\/\/dicodusport.fr\/blog\/wp-json\/wp\/v2\/posts\/664953","targetHints":{"allow":["GET"]}}],"collection":[{"href":"https:\/\/dicodusport.fr\/blog\/wp-json\/wp\/v2\/posts"}],"about":[{"href":"https:\/\/dicodusport.fr\/blog\/wp-json\/wp\/v2\/types\/post"}],"author":[{"embeddable":true,"href":"https:\/\/dicodusport.fr\/blog\/wp-json\/wp\/v2\/users\/55"}],"replies":[{"embeddable":true,"href":"https:\/\/dicodusport.fr\/blog\/wp-json\/wp\/v2\/comments?post=664953"}],"version-history":[{"count":5,"href":"https:\/\/dicodusport.fr\/blog\/wp-json\/wp\/v2\/posts\/664953\/revisions"}],"predecessor-version":[{"id":664975,"href":"https:\/\/dicodusport.fr\/blog\/wp-json\/wp\/v2\/posts\/664953\/revisions\/664975"}],"wp:featuredmedia":[{"embeddable":true,"href":"https:\/\/dicodusport.fr\/blog\/wp-json\/wp\/v2\/media\/664967"}],"wp:attachment":[{"href":"https:\/\/dicodusport.fr\/blog\/wp-json\/wp\/v2\/media?parent=664953"}],"wp:term":[{"taxonomy":"category","embeddable":true,"href":"https:\/\/dicodusport.fr\/blog\/wp-json\/wp\/v2\/categories?post=664953"},{"taxonomy":"post_tag","embeddable":true,"href":"https:\/\/dicodusport.fr\/blog\/wp-json\/wp\/v2\/tags?post=664953"}],"curies":[{"name":"wp","href":"https:\/\/api.w.org\/{rel}","templated":true}]}}