{"id":665213,"date":"2026-04-26T14:44:04","date_gmt":"2026-04-26T12:44:04","guid":{"rendered":"https:\/\/dicodusport.fr\/blog\/?p=665213&#038;preview=true&#038;preview_id=665213"},"modified":"2026-04-26T14:48:50","modified_gmt":"2026-04-26T12:48:50","slug":"motogp-grand-prix-despagne-2026-classement-et-resultats-de-la-course-a-jerez","status":"publish","type":"post","link":"https:\/\/dicodusport.fr\/blog\/motogp-grand-prix-despagne-2026-classement-et-resultats-de-la-course-a-jerez\/","title":{"rendered":"MotoGP \u2013 Grand Prix d&rsquo;Espagne 2026 : Classement et r\u00e9sultats de la course \u00e0 Jerez"},"content":{"rendered":"<p style=\"text-align: justify;\"><strong><em>D\u00e9couvrez le classement et les r\u00e9sultats du Grand Prix d&rsquo;Espagne de MotoGP 2026, disput\u00e9 sur le circuit de Jerez ce dimanche 26 avril.<\/em><\/strong><\/p>\n<ul>\n<li style=\"text-align: justify;\"><span style=\"font-size: 16px;\"><strong>\u00c0 ce sujet &#8211; <a href=\"https:\/\/dicodusport.fr\/blog\/motogp-grand-prix-despagne-2026-programme-horaires-et-resultats-mis-a-jour\/\">MotoGP Grand Prix d\u2019Espagne 2026 : Programme, Horaires et R\u00e9sultats mis \u00e0 jour<\/a><\/strong><\/span><span style=\"font-size: 16px;\"><br \/>\n<\/span><\/li>\n<\/ul>\n<p style=\"text-align: justify;\">Point d\u2019orgue du week-end andalou, le <strong>Grand Prix d\u2019Espagne 2026<\/strong> se dispute ce dimanche sur <strong>25 tours<\/strong> sur le circuit de Jerez. Apr\u00e8s la course sprint, place \u00e0 l\u2019\u00e9preuve principale, plus longue et strat\u00e9gique, o\u00f9 la gestion fera toute la diff\u00e9rence.<\/p>\n<h2 style=\"text-align: justify;\">Une course longue sur un trac\u00e9 technique et pi\u00e9geux<\/h2>\n<p style=\"text-align: justify;\">Sur les 4,423 kilom\u00e8tres du <strong>Circuito de Jerez-\u00c1ngel Nieto<\/strong>, les pilotes devront trouver le bon \u00e9quilibre entre attaque et ma\u00eetrise. Avec ses 13 virages et ses encha\u00eenements rapides, le trac\u00e9 espagnol met \u00e0 l\u2019\u00e9preuve la pr\u00e9cision et la r\u00e9gularit\u00e9, deux qualit\u00e9s essentielles sur une distance de 25 tours.<\/p>\n<p style=\"text-align: justify;\">Contrairement \u00e0 la sprint, cette course dominicale impose une gestion plus fine des pneus et du rythme. Les phases de freinage r\u00e9p\u00e9t\u00e9es et les nombreuses relances sollicitent fortement les machines, tandis que la faible longueur de la ligne droite limite les d\u00e9passements. La position en piste et la constance tour apr\u00e8s tour seront donc d\u00e9terminantes.<\/p>\n<h2 style=\"text-align: justify;\">Une hi\u00e9rarchie \u00e0 confirmer apr\u00e8s la course sprint<\/h2>\n<p style=\"text-align: justify;\">Les enseignements de la course sprint et des qualifications devraient servir de base pour cette \u00e9preuve principale. <strong>\u00c1lex M\u00e1rquez<\/strong>, tr\u00e8s en vue depuis le d\u00e9but du week-end, appara\u00eet comme l\u2019un des favoris naturels devant son public. Sa capacit\u00e9 \u00e0 maintenir un rythme \u00e9lev\u00e9 sur la dur\u00e9e sera toutefois mise \u00e0 l\u2019\u00e9preuve.<\/p>\n<p style=\"text-align: justify;\">Face \u00e0 lui, <strong>Marco Bezzecchi<\/strong> repr\u00e9sente une menace constante gr\u00e2ce \u00e0 sa r\u00e9gularit\u00e9, tandis que <strong>Fabio Di Giannantonio<\/strong> a d\u00e9montr\u00e9 qu\u2019il pouvait rivaliser aux avant-postes. <strong>Marc M\u00e1rquez<\/strong>, toujours opportuniste, reste \u00e9galement un candidat cr\u00e9dible \u00e0 la victoire sur un circuit qu\u2019il conna\u00eet parfaitement.<\/p>\n<h2 style=\"text-align: justify;\">Un d\u00e9fi de taille pour les Fran\u00e7ais<\/h2>\n<p style=\"text-align: justify;\">Du c\u00f4t\u00e9 tricolore, <strong>Johann Zarco<\/strong> et <strong>Fabio Quartararo<\/strong> abordent cette course avec l\u2019ambition de rebondir apr\u00e8s un d\u00e9but de week-end compliqu\u00e9. Sur une distance plus longue, les opportunit\u00e9s de remonter existent, \u00e0 condition de bien g\u00e9rer l\u2019usure des pneus et de profiter des \u00e9ventuelles erreurs des concurrents.<\/p>\n<p style=\"text-align: justify;\">Le d\u00e9part et les premiers tours resteront n\u00e9anmoins cruciaux, notamment sur un circuit o\u00f9 les d\u00e9passements sont rares. Une bonne mise en action pourrait leur permettre de se replacer rapidement dans le peloton.<\/p>\n<h2 style=\"text-align: justify;\">Une course strat\u00e9gique pour conclure le week-end<\/h2>\n<p style=\"text-align: justify;\">Avec 25 tours au programme, ce Grand Prix d\u2019Espagne 2026 devrait offrir un sc\u00e9nario plus construit que la sprint, o\u00f9 la gestion du rythme et la lecture de course seront essentielles. Entre batailles tactiques, gestion des pneumatiques et intensit\u00e9 progressive, l\u2019\u00e9preuve dominicale s\u2019annonce comme un v\u00e9ritable test complet pour les pilotes et les \u00e9quipes.<\/p>\n<p style=\"text-align: justify;\">Dans une atmosph\u00e8re toujours aussi \u00e9lectrique \u00e0 Jerez, ce rendez-vous pourrait bien marquer un tournant dans la saison, en confirmant \u2013 ou en redistribuant \u2013 les cartes au sommet du MotoGP.<\/p>\n<ul>\n<li style=\"text-align: justify;\"><strong>\u00c0 ce sujet &#8211; <\/strong><a href=\"https:\/\/dicodusport.fr\/blog\/motogp-2026-le-classement-du-championnat-du-monde-des-pilotes-mis-a-jour\/\"><strong>MotoGP 2026 : le classement du championnat du monde des pilotes mis \u00e0 jour<\/strong><\/a><\/li>\n<\/ul>\n<p style=\"text-align: justify;\"><strong>Retrouvez ci-dessous le classement complet du Grand Prix d&rsquo;Espagne MotoGP 2026, disput\u00e9 sur le circuit de Jerez.<\/strong><\/p>\n<h2 style=\"text-align: justify;\">MotoGP Espagne 2026 : le classement du Grand Prix<\/h2>\n<p style=\"text-align: justify;\"><span style=\"font-size: 14px;\"><em><strong>Classement officiel mis \u00e0 jour \u00e0 l&rsquo;issue de la course.<\/strong><\/em><\/span><\/p>\n<div class=\"su-table su-table-alternate\">\n<table style=\"width: 800px;border-collapse: collapse\" border=\"1\">\n<tbody>\n<tr style=\"height: 24px\">\n<td style=\"border-color: #ebebeb;height: 24px;text-align: center;width: 80px;vertical-align: middle\">\ud83c\udfc6<\/td>\n<td style=\"border-color: #ebebeb;height: 24px;text-align: center;width: 500px;vertical-align: middle\"><span style=\"font-size: 0.9em\"><strong>PILOTES<\/strong><\/span><\/td>\n<td style=\"border-color: #ebebeb;height: 24px;text-align: center;width: 220px;vertical-align: middle\"><span style=\"font-size: 0.9em\"><strong>POINTS<\/strong><\/span><\/td>\n<\/tr>\n<tr>\n<td style=\"border-color: #ebebeb;text-align: center;width: 80px;vertical-align: middle\"><strong><span class=\"su-label su-label-type-warning\">1.<\/span><\/strong><\/td>\n<td style=\"border-color: #ebebeb;text-align: center;width: 500px;vertical-align: middle\"><span style=\"font-size: 0.9em\"><strong><img loading=\"lazy\" decoding=\"async\" class=\"alignnone wp-image-651487\" src=\"https:\/\/dicodusport.fr\/blog\/wp-content\/uploads\/2026\/02\/73-MGP-Alex-Marquez-4.png\" alt=\"\" width=\"30\" height=\"20\" srcset=\"https:\/\/dicodusport.fr\/blog\/wp-content\/uploads\/2026\/02\/73-MGP-Alex-Marquez-4.png 400w, https:\/\/dicodusport.fr\/blog\/wp-content\/uploads\/2026\/02\/73-MGP-Alex-Marquez-4-300x200.png 300w\" sizes=\"auto, (max-width: 30px) 100vw, 30px\" \/><br \/>\n\ud83c\uddea\ud83c\uddf8 ALEX MARQUEZ<br \/>\n<\/strong><span style=\"font-size: 0.8em\">BK8 GRESINI RACING<\/span><\/span><\/td>\n<td style=\"border-color: #ebebeb;text-align: center;width: 220px;vertical-align: middle\"><span style=\"font-size: 0.9em\"><strong>40m48.861s<\/strong><\/span><\/td>\n<\/tr>\n<tr>\n<td style=\"border-color: #ebebeb;text-align: center;width: 80px;vertical-align: middle\"><span style=\"font-size: 0.9em\">2.<\/span><\/td>\n<td style=\"border-color: #ebebeb;text-align: center;width: 500px;vertical-align: middle\"><span style=\"font-size: 0.9em\"><strong><img loading=\"lazy\" decoding=\"async\" class=\"alignnone wp-image-651445\" src=\"https:\/\/dicodusport.fr\/blog\/wp-content\/uploads\/2026\/02\/72-MGP-Marco-Bezzecchi.png\" alt=\"\" width=\"30\" height=\"20\" srcset=\"https:\/\/dicodusport.fr\/blog\/wp-content\/uploads\/2026\/02\/72-MGP-Marco-Bezzecchi.png 400w, https:\/\/dicodusport.fr\/blog\/wp-content\/uploads\/2026\/02\/72-MGP-Marco-Bezzecchi-300x200.png 300w\" sizes=\"auto, (max-width: 30px) 100vw, 30px\" \/><br \/>\n\ud83c\uddee\ud83c\uddf9 MARCO BEZZECCHI<br \/>\n<\/strong><span style=\"font-size: 0.8em\">APRILIA RACING<\/span><\/span><\/td>\n<td style=\"border-color: #ebebeb;text-align: center;width: 220px;vertical-align: middle\"><span style=\"font-size: 0.9em\"><strong>+1.903s<\/strong><\/span><\/td>\n<\/tr>\n<tr>\n<td style=\"border-color: #ebebeb;text-align: center;width: 80px;vertical-align: middle\"><span style=\"font-size: 0.9em\">3.<\/span><\/td>\n<td style=\"border-color: #ebebeb;text-align: center;width: 500px;vertical-align: middle\"><span style=\"font-size: 0.9em\"><strong><img loading=\"lazy\" decoding=\"async\" class=\"alignnone wp-image-651485\" src=\"https:\/\/dicodusport.fr\/blog\/wp-content\/uploads\/2026\/02\/Pertamina-Enduro-VR46-Racing-Team-2026-1.png\" alt=\"\" width=\"30\" height=\"20\" srcset=\"https:\/\/dicodusport.fr\/blog\/wp-content\/uploads\/2026\/02\/Pertamina-Enduro-VR46-Racing-Team-2026-1.png 400w, https:\/\/dicodusport.fr\/blog\/wp-content\/uploads\/2026\/02\/Pertamina-Enduro-VR46-Racing-Team-2026-1-300x200.png 300w\" sizes=\"auto, (max-width: 30px) 100vw, 30px\" \/><br \/>\n\ud83c\uddee\ud83c\uddf9 FABIO DI GIANNANTONIO<br \/>\n<\/strong><span style=\"font-size: 0.8em\">PERTAMINA ENDURO VR46 RACING TEAM<\/span><\/span><\/td>\n<td style=\"border-color: #ebebeb;text-align: center;width: 220px;vertical-align: middle\"><span style=\"font-size: 0.9em\"><strong>+5.796s<\/strong><\/span><\/td>\n<\/tr>\n<tr>\n<td style=\"border-color: #ebebeb;text-align: center;width: 80px;vertical-align: middle\"><span style=\"font-size: 0.9em\">4.<\/span><\/td>\n<td style=\"border-color: #ebebeb;text-align: center;width: 500px;vertical-align: middle\"><span style=\"font-size: 0.9em\"><strong><img loading=\"lazy\" decoding=\"async\" class=\"alignnone wp-image-651445\" src=\"https:\/\/dicodusport.fr\/blog\/wp-content\/uploads\/2026\/02\/72-MGP-Marco-Bezzecchi.png\" alt=\"\" width=\"30\" height=\"20\" srcset=\"https:\/\/dicodusport.fr\/blog\/wp-content\/uploads\/2026\/02\/72-MGP-Marco-Bezzecchi.png 400w, https:\/\/dicodusport.fr\/blog\/wp-content\/uploads\/2026\/02\/72-MGP-Marco-Bezzecchi-300x200.png 300w\" sizes=\"auto, (max-width: 30px) 100vw, 30px\" \/><br \/>\n\ud83c\uddea\ud83c\uddf8 JORGE MARTIN<br \/>\n<\/strong><span style=\"font-size: 0.8em\">APRILIA RACING<\/span><\/span><\/td>\n<td style=\"border-color: #ebebeb;text-align: center;width: 220px;vertical-align: middle\"><span style=\"font-size: 0.9em\"><strong>+9.229s<\/strong><\/span><\/td>\n<\/tr>\n<tr>\n<td style=\"border-color: #ebebeb;text-align: center;width: 80px;vertical-align: middle\"><span style=\"font-size: 0.9em\">5.<\/span><\/td>\n<td style=\"border-color: #ebebeb;text-align: center;width: 500px;vertical-align: middle\"><span style=\"font-size: 0.9em\"><strong><img loading=\"lazy\" decoding=\"async\" class=\"alignnone wp-image-651478\" src=\"https:\/\/dicodusport.fr\/blog\/wp-content\/uploads\/2026\/02\/25-MGP-Raul-Fernandez.png\" alt=\"\" width=\"30\" height=\"20\" srcset=\"https:\/\/dicodusport.fr\/blog\/wp-content\/uploads\/2026\/02\/25-MGP-Raul-Fernandez.png 400w, https:\/\/dicodusport.fr\/blog\/wp-content\/uploads\/2026\/02\/25-MGP-Raul-Fernandez-300x200.png 300w\" sizes=\"auto, (max-width: 30px) 100vw, 30px\" \/><br \/>\n\ud83c\uddef\ud83c\uddf5 AI OGURA<br \/>\n<\/strong><span style=\"font-size: 0.8em\">TRACKHOUSE MOTOGP TEAM<\/span><\/span><\/td>\n<td style=\"border-color: #ebebeb;text-align: center;width: 220px;vertical-align: middle\"><span style=\"font-size: 0.9em\"><strong>+9.891s<\/strong><\/span><\/td>\n<\/tr>\n<tr>\n<td style=\"border-color: #ebebeb;text-align: center;width: 80px;vertical-align: middle\"><span style=\"font-size: 0.9em\">6.<\/span><\/td>\n<td style=\"border-color: #ebebeb;text-align: center;width: 500px;vertical-align: middle\"><span style=\"font-size: 0.9em\"><strong><img loading=\"lazy\" decoding=\"async\" class=\"alignnone wp-image-651478\" src=\"https:\/\/dicodusport.fr\/blog\/wp-content\/uploads\/2026\/02\/25-MGP-Raul-Fernandez.png\" alt=\"\" width=\"30\" height=\"20\" srcset=\"https:\/\/dicodusport.fr\/blog\/wp-content\/uploads\/2026\/02\/25-MGP-Raul-Fernandez.png 400w, https:\/\/dicodusport.fr\/blog\/wp-content\/uploads\/2026\/02\/25-MGP-Raul-Fernandez-300x200.png 300w\" sizes=\"auto, (max-width: 30px) 100vw, 30px\" \/><br \/>\n\ud83c\uddea\ud83c\uddf8 RAUL FERNANDEZ<br \/>\n<\/strong><span style=\"font-size: 0.8em\">TRACKHOUSE MOTOGP TEAM<\/span><\/span><\/td>\n<td style=\"border-color: #ebebeb;text-align: center;width: 220px;vertical-align: middle\"><span style=\"font-size: 0.9em\"><strong>+10.614s<\/strong><\/span><\/td>\n<\/tr>\n<tr>\n<td style=\"border-color: #ebebeb;text-align: center;width: 80px;vertical-align: middle\"><span style=\"font-size: 0.9em\">7.<\/span><\/td>\n<td style=\"border-color: #ebebeb;text-align: center;width: 500px;vertical-align: middle\"><span style=\"font-size: 0.9em\"><strong><img loading=\"lazy\" decoding=\"async\" class=\"alignnone wp-image-651483\" src=\"https:\/\/dicodusport.fr\/blog\/wp-content\/uploads\/2026\/02\/05-MGP-Johann-Zarco-1.png\" alt=\"\" width=\"30\" height=\"20\" srcset=\"https:\/\/dicodusport.fr\/blog\/wp-content\/uploads\/2026\/02\/05-MGP-Johann-Zarco-1.png 400w, https:\/\/dicodusport.fr\/blog\/wp-content\/uploads\/2026\/02\/05-MGP-Johann-Zarco-1-300x200.png 300w\" sizes=\"auto, (max-width: 30px) 100vw, 30px\" \/><br \/>\n\ud83c\uddeb\ud83c\uddf7 JOHANN ZARCO<br \/>\n<\/strong><span style=\"font-size: 0.8em\">LCR HONDA<\/span><\/span><\/td>\n<td style=\"border-color: #ebebeb;text-align: center;width: 220px;vertical-align: middle\"><span style=\"font-size: 0.9em\"><strong>+13.039s<\/strong><\/span><\/td>\n<\/tr>\n<tr>\n<td style=\"border-color: #ebebeb;text-align: center;width: 80px;vertical-align: middle\"><span style=\"font-size: 0.9em\">8.<\/span><\/td>\n<td style=\"border-color: #ebebeb;text-align: center;width: 500px;vertical-align: middle\"><span style=\"font-size: 0.9em\"><strong><img loading=\"lazy\" decoding=\"async\" class=\"alignnone wp-image-651481\" src=\"https:\/\/dicodusport.fr\/blog\/wp-content\/uploads\/2026\/02\/12-MGP-Maverick-Vinales-3.png\" alt=\"\" width=\"30\" height=\"20\" srcset=\"https:\/\/dicodusport.fr\/blog\/wp-content\/uploads\/2026\/02\/12-MGP-Maverick-Vinales-3.png 400w, https:\/\/dicodusport.fr\/blog\/wp-content\/uploads\/2026\/02\/12-MGP-Maverick-Vinales-3-300x200.png 300w\" sizes=\"auto, (max-width: 30px) 100vw, 30px\" \/><br \/>\n\ud83c\uddee\ud83c\uddf9 ENEA BASTIANINI<br \/>\n<\/strong><span style=\"font-size: 0.8em\">RED BULL KTM TECH3<\/span><\/span><\/td>\n<td style=\"border-color: #ebebeb;text-align: center;width: 220px;vertical-align: middle\"><span style=\"font-size: 0.9em\"><strong>+14.411s<\/strong><\/span><\/td>\n<\/tr>\n<tr>\n<td style=\"border-color: #ebebeb;text-align: center;width: 80px;vertical-align: middle\"><span style=\"font-size: 0.9em\">9<\/span><span style=\"font-size: 0.9em\">.<\/span><\/td>\n<td style=\"border-color: #ebebeb;text-align: center;width: 500px;vertical-align: middle\"><span style=\"font-size: 0.9em\"><strong><img loading=\"lazy\" decoding=\"async\" class=\"alignnone wp-image-651487\" src=\"https:\/\/dicodusport.fr\/blog\/wp-content\/uploads\/2026\/02\/73-MGP-Alex-Marquez-4.png\" alt=\"\" width=\"30\" height=\"20\" srcset=\"https:\/\/dicodusport.fr\/blog\/wp-content\/uploads\/2026\/02\/73-MGP-Alex-Marquez-4.png 400w, https:\/\/dicodusport.fr\/blog\/wp-content\/uploads\/2026\/02\/73-MGP-Alex-Marquez-4-300x200.png 300w\" sizes=\"auto, (max-width: 30px) 100vw, 30px\" \/><br \/>\n\ud83c\uddea\ud83c\uddf8 FERMIN ALDEGUER<br \/>\n<\/strong><span style=\"font-size: 0.8em\">BK8 GRESINI RACING<\/span><\/span><\/td>\n<td style=\"border-color: #ebebeb;text-align: center;width: 220px;vertical-align: middle\"><span style=\"font-size: 0.9em\"><strong>+19.778s<\/strong><\/span><\/td>\n<\/tr>\n<tr>\n<td style=\"border-color: #ebebeb;text-align: center;width: 80px;vertical-align: middle\"><span style=\"font-size: 0.9em\">10.<\/span><\/td>\n<td style=\"border-color: #ebebeb;text-align: center;width: 500px;vertical-align: middle\"><span style=\"font-size: 0.9em\"><strong><img loading=\"lazy\" decoding=\"async\" class=\"alignnone wp-image-651528\" src=\"https:\/\/dicodusport.fr\/blog\/wp-content\/uploads\/2026\/02\/37-MGP-Pedro-Acosta-3.png\" alt=\"\" width=\"30\" height=\"20\" srcset=\"https:\/\/dicodusport.fr\/blog\/wp-content\/uploads\/2026\/02\/37-MGP-Pedro-Acosta-3.png 400w, https:\/\/dicodusport.fr\/blog\/wp-content\/uploads\/2026\/02\/37-MGP-Pedro-Acosta-3-300x200.png 300w\" sizes=\"auto, (max-width: 30px) 100vw, 30px\" \/><br \/>\n\ud83c\uddea\ud83c\uddf8 PEDRO ACOSTA<br \/>\n<\/strong><span style=\"font-size: 0.8em\">RED BULL KTM FACTORY RACING<\/span><\/span><\/td>\n<td style=\"border-color: #ebebeb;text-align: center;width: 220px;vertical-align: middle\"><span style=\"font-size: 0.9em\"><strong>+22.431s<\/strong><\/span><\/td>\n<\/tr>\n<tr>\n<td style=\"border-color: #ebebeb;text-align: center;width: 80px;vertical-align: middle\"><span style=\"font-size: 0.9em\">11<\/span><span style=\"font-size: 0.9em\">.<\/span><\/td>\n<td style=\"border-color: #ebebeb;text-align: center;width: 500px;vertical-align: middle\"><span style=\"font-size: 0.9em\"><strong><img loading=\"lazy\" decoding=\"async\" class=\"alignnone wp-image-651528\" src=\"https:\/\/dicodusport.fr\/blog\/wp-content\/uploads\/2026\/02\/37-MGP-Pedro-Acosta-3.png\" alt=\"\" width=\"30\" height=\"20\" srcset=\"https:\/\/dicodusport.fr\/blog\/wp-content\/uploads\/2026\/02\/37-MGP-Pedro-Acosta-3.png 400w, https:\/\/dicodusport.fr\/blog\/wp-content\/uploads\/2026\/02\/37-MGP-Pedro-Acosta-3-300x200.png 300w\" sizes=\"auto, (max-width: 30px) 100vw, 30px\" \/><br \/>\n\ud83c\uddff\ud83c\udde6 BRAD BINDER<br \/>\n<\/strong><span style=\"font-size: 0.8em\">RED BULL KTM FACTORY RACING<\/span><\/span><\/td>\n<td style=\"border-color: #ebebeb;text-align: center;width: 220px;vertical-align: middle\"><span style=\"font-size: 0.9em\"><strong>+22.799s<\/strong><\/span><\/td>\n<\/tr>\n<tr>\n<td style=\"border-color: #ebebeb;text-align: center;width: 80px;vertical-align: middle\"><span style=\"font-size: 0.9em\">12.<\/span><\/td>\n<td style=\"border-color: #ebebeb;text-align: center;width: 500px;vertical-align: middle\"><span style=\"font-size: 0.9em\"><strong><img loading=\"lazy\" decoding=\"async\" class=\"alignnone wp-image-651485\" src=\"https:\/\/dicodusport.fr\/blog\/wp-content\/uploads\/2026\/02\/Pertamina-Enduro-VR46-Racing-Team-2026-1.png\" alt=\"\" width=\"30\" height=\"20\" srcset=\"https:\/\/dicodusport.fr\/blog\/wp-content\/uploads\/2026\/02\/Pertamina-Enduro-VR46-Racing-Team-2026-1.png 400w, https:\/\/dicodusport.fr\/blog\/wp-content\/uploads\/2026\/02\/Pertamina-Enduro-VR46-Racing-Team-2026-1-300x200.png 300w\" sizes=\"auto, (max-width: 30px) 100vw, 30px\" \/><br \/>\n\ud83c\uddee\ud83c\uddf9 FRANCO MORBIDELLI<br \/>\n<\/strong><span style=\"font-size: 0.8em\">PERTAMINA ENDURO VR46 RACING TEAM<\/span><\/span><\/td>\n<td style=\"border-color: #ebebeb;text-align: center;width: 220px;vertical-align: middle\"><span style=\"font-size: 0.9em\"><strong>+24.867s<\/strong><\/span><\/td>\n<\/tr>\n<tr style=\"height: 24px\">\n<td style=\"border-color: #ebebeb;height: 24px;text-align: center;width: 80px;vertical-align: middle\"><span style=\"font-size: 0.9em\">13.<\/span><\/td>\n<td style=\"border-color: #ebebeb;text-align: center;width: 500px;vertical-align: middle\"><span style=\"font-size: 0.9em\"><strong><img loading=\"lazy\" decoding=\"async\" class=\"alignnone wp-image-651527\" src=\"https:\/\/dicodusport.fr\/blog\/wp-content\/uploads\/2026\/02\/10-MGP-Luca-Marini-2.png\" alt=\"\" width=\"30\" height=\"20\" srcset=\"https:\/\/dicodusport.fr\/blog\/wp-content\/uploads\/2026\/02\/10-MGP-Luca-Marini-2.png 400w, https:\/\/dicodusport.fr\/blog\/wp-content\/uploads\/2026\/02\/10-MGP-Luca-Marini-2-300x200.png 300w\" sizes=\"auto, (max-width: 30px) 100vw, 30px\" \/><br \/>\n\ud83c\uddee\ud83c\uddf9 LUCA MARINI<br \/>\n<\/strong><span style=\"font-size: 0.8em\">HONDA HRC CASTROL<\/span><\/span><\/td>\n<td style=\"border-color: #ebebeb;text-align: center;width: 220px;vertical-align: middle\"><span style=\"font-size: 0.9em\"><strong>+26.871s<\/strong><\/span><\/td>\n<\/tr>\n<tr>\n<td style=\"border-color: #ebebeb;text-align: center;width: 80px;vertical-align: middle\"><span style=\"font-size: 0.9em\">14.<\/span><\/td>\n<td style=\"border-color: #ebebeb;text-align: center;width: 500px;vertical-align: middle\"><span style=\"font-size: 0.9em\"><strong><img loading=\"lazy\" decoding=\"async\" class=\"alignnone wp-image-651484\" src=\"https:\/\/dicodusport.fr\/blog\/wp-content\/uploads\/2026\/02\/20-MGP-Fabio-Quartararo-3.png\" alt=\"\" width=\"30\" height=\"20\" srcset=\"https:\/\/dicodusport.fr\/blog\/wp-content\/uploads\/2026\/02\/20-MGP-Fabio-Quartararo-3.png 400w, https:\/\/dicodusport.fr\/blog\/wp-content\/uploads\/2026\/02\/20-MGP-Fabio-Quartararo-3-300x200.png 300w\" sizes=\"auto, (max-width: 30px) 100vw, 30px\" \/><br \/>\n\ud83c\uddeb\ud83c\uddf7 FABIO QUARTARARO<br \/>\n<\/strong><span style=\"font-size: 0.8em\">MONSTER ENERGY YAMAHA<\/span><\/span><\/td>\n<td style=\"border-color: #ebebeb;text-align: center;width: 220px;vertical-align: middle\"><span style=\"font-size: 0.9em\"><strong>+29.532s<\/strong><\/span><\/td>\n<\/tr>\n<tr>\n<td style=\"border-color: #ebebeb;text-align: center;width: 80px;vertical-align: middle\"><span style=\"font-size: 0.9em\">15.<\/span><\/td>\n<td style=\"border-color: #ebebeb;text-align: center;width: 500px;vertical-align: middle\"><span style=\"font-size: 0.9em\"><strong><img loading=\"lazy\" decoding=\"async\" class=\"alignnone wp-image-651527\" src=\"https:\/\/dicodusport.fr\/blog\/wp-content\/uploads\/2026\/02\/10-MGP-Luca-Marini-2.png\" alt=\"\" width=\"30\" height=\"20\" srcset=\"https:\/\/dicodusport.fr\/blog\/wp-content\/uploads\/2026\/02\/10-MGP-Luca-Marini-2.png 400w, https:\/\/dicodusport.fr\/blog\/wp-content\/uploads\/2026\/02\/10-MGP-Luca-Marini-2-300x200.png 300w\" sizes=\"auto, (max-width: 30px) 100vw, 30px\" \/><br \/>\n\ud83c\uddea\ud83c\uddf8 JOAN MIR<br \/>\n<\/strong><span style=\"font-size: 0.8em\">HONDA HRC CASTROL<\/span><\/span><\/td>\n<td style=\"border-color: #ebebeb;text-align: center;width: 220px;vertical-align: middle\"><span style=\"font-size: 0.9em\"><strong>+29.899s<\/strong><\/span><\/td>\n<\/tr>\n<tr>\n<td style=\"border-color: #ebebeb;text-align: center;width: 80px;vertical-align: middle\"><span style=\"font-size: 0.9em\">16.<\/span><\/td>\n<td style=\"border-color: #ebebeb;text-align: center;width: 500px;vertical-align: middle\"><span style=\"font-size: 0.9em\"><strong><img loading=\"lazy\" decoding=\"async\" class=\"alignnone wp-image-651484\" src=\"https:\/\/dicodusport.fr\/blog\/wp-content\/uploads\/2026\/02\/20-MGP-Fabio-Quartararo-3.png\" alt=\"\" width=\"30\" height=\"20\" srcset=\"https:\/\/dicodusport.fr\/blog\/wp-content\/uploads\/2026\/02\/20-MGP-Fabio-Quartararo-3.png 400w, https:\/\/dicodusport.fr\/blog\/wp-content\/uploads\/2026\/02\/20-MGP-Fabio-Quartararo-3-300x200.png 300w\" sizes=\"auto, (max-width: 30px) 100vw, 30px\" \/><br \/>\n\ud83c\uddea\ud83c\uddf8 ALEX RINS<br \/>\n<\/strong><span style=\"font-size: 0.8em\">MONSTER ENERGY YAMAHA<\/span><\/span><\/td>\n<td style=\"border-color: #ebebeb;text-align: center;width: 220px;vertical-align: middle\"><span style=\"font-size: 0.9em\"><strong>+32.921s<\/strong><\/span><\/td>\n<\/tr>\n<tr>\n<td style=\"border-color: #ebebeb;text-align: center;width: 80px;vertical-align: middle\"><span style=\"font-size: 0.9em\">17.<\/span><\/td>\n<td style=\"border-color: #ebebeb;text-align: center;width: 500px;vertical-align: middle\"><span style=\"font-size: 0.9em\"><strong><img loading=\"lazy\" decoding=\"async\" class=\"alignnone wp-image-651483\" src=\"https:\/\/dicodusport.fr\/blog\/wp-content\/uploads\/2026\/02\/05-MGP-Johann-Zarco-1.png\" alt=\"\" width=\"30\" height=\"20\" srcset=\"https:\/\/dicodusport.fr\/blog\/wp-content\/uploads\/2026\/02\/05-MGP-Johann-Zarco-1.png 400w, https:\/\/dicodusport.fr\/blog\/wp-content\/uploads\/2026\/02\/05-MGP-Johann-Zarco-1-300x200.png 300w\" sizes=\"auto, (max-width: 30px) 100vw, 30px\" \/><br \/>\n\ud83c\udde7\ud83c\uddf7 DIOGO MOREIRA<br \/>\n<\/strong><span style=\"font-size: 0.8em\">LCR HONDA<\/span><\/span><\/td>\n<td style=\"border-color: #ebebeb;text-align: center;width: 220px;vertical-align: middle\"><span style=\"font-size: 0.9em\"><strong>+36.656s<\/strong><\/span><\/td>\n<\/tr>\n<tr>\n<td style=\"border-color: #ebebeb;text-align: center;width: 80px;vertical-align: middle\"><span style=\"font-size: 0.9em\">18.<\/span><\/td>\n<td style=\"border-color: #ebebeb;text-align: center;width: 500px;vertical-align: middle\"><span style=\"font-size: 0.9em\"><strong><img loading=\"lazy\" decoding=\"async\" class=\"alignnone wp-image-651486\" src=\"https:\/\/dicodusport.fr\/blog\/wp-content\/uploads\/2026\/02\/07-MGP-Toprak-Razgatlioglu-1.png\" alt=\"\" width=\"30\" height=\"20\" srcset=\"https:\/\/dicodusport.fr\/blog\/wp-content\/uploads\/2026\/02\/07-MGP-Toprak-Razgatlioglu-1.png 400w, https:\/\/dicodusport.fr\/blog\/wp-content\/uploads\/2026\/02\/07-MGP-Toprak-Razgatlioglu-1-300x200.png 300w\" sizes=\"auto, (max-width: 30px) 100vw, 30px\" \/><br \/>\n\ud83c\udde6\ud83c\uddfa JACK MILLER<br \/>\n<\/strong><span style=\"font-size: 0.8em\">PRIMA PRAMAC YAMAHA<\/span><\/span><\/td>\n<td style=\"border-color: #ebebeb;text-align: center;width: 220px;vertical-align: middle\"><span style=\"font-size: 0.9em\"><strong>+37.577s<\/strong><\/span><\/td>\n<\/tr>\n<tr>\n<td style=\"border-color: #ebebeb;text-align: center;width: 80px;vertical-align: middle\"><span style=\"font-size: 0.9em\">19.<\/span><\/td>\n<td style=\"border-color: #ebebeb;text-align: center;width: 500px;vertical-align: middle\"><span style=\"font-size: 0.9em\"><strong><img loading=\"lazy\" decoding=\"async\" class=\"alignnone wp-image-651486\" src=\"https:\/\/dicodusport.fr\/blog\/wp-content\/uploads\/2026\/02\/07-MGP-Toprak-Razgatlioglu-1.png\" alt=\"\" width=\"30\" height=\"20\" srcset=\"https:\/\/dicodusport.fr\/blog\/wp-content\/uploads\/2026\/02\/07-MGP-Toprak-Razgatlioglu-1.png 400w, https:\/\/dicodusport.fr\/blog\/wp-content\/uploads\/2026\/02\/07-MGP-Toprak-Razgatlioglu-1-300x200.png 300w\" sizes=\"auto, (max-width: 30px) 100vw, 30px\" \/><br \/>\n\ud83c\uddf9\ud83c\uddf7 TOPRAK RAZGATLIOGLU<br \/>\n<\/strong><span style=\"font-size: 0.8em\">PRIMA PRAMAC YAMAHA<\/span><\/span><\/td>\n<td style=\"border-color: #ebebeb;text-align: center;width: 220px;vertical-align: middle\"><span style=\"font-size: 0.9em\"><strong>+44.557s<\/strong><\/span><\/td>\n<\/tr>\n<tr>\n<td style=\"border-color: #ebebeb;text-align: center;width: 80px;vertical-align: middle\"><span style=\"font-size: 0.9em\">20.<\/span><\/td>\n<td style=\"border-color: #ebebeb;text-align: center;width: 500px;vertical-align: middle\"><span style=\"font-size: 0.9em\"><strong><img loading=\"lazy\" decoding=\"async\" class=\"alignnone wp-image-665323 \" src=\"https:\/\/dicodusport.fr\/blog\/wp-content\/uploads\/2024\/01\/MotoGP-2026.png\" alt=\"\" width=\"30\" height=\"20\" srcset=\"https:\/\/dicodusport.fr\/blog\/wp-content\/uploads\/2024\/01\/MotoGP-2026.png 400w, https:\/\/dicodusport.fr\/blog\/wp-content\/uploads\/2024\/01\/MotoGP-2026-300x200.png 300w\" sizes=\"auto, (max-width: 30px) 100vw, 30px\" \/><br \/>\n\ud83c\uddea\ud83c\uddf8 AUGUSTO FERNANDEZ<br \/>\n<\/strong><span style=\"font-size: 0.8em\">YAMAHA FACTORY RACING<\/span><\/span><\/td>\n<td style=\"border-color: #ebebeb;text-align: center;width: 220px;vertical-align: middle\"><span style=\"font-size: 0.9em\"><strong>+1m05.023s<\/strong><\/span><\/td>\n<\/tr>\n<tr>\n<td style=\"border-color: #ebebeb;text-align: center;width: 80px;vertical-align: middle\"><span style=\"font-size: 0.9em\">21.<\/span><\/td>\n<td style=\"border-color: #ebebeb;text-align: center;width: 500px;vertical-align: middle\"><span style=\"font-size: 0.9em\"><strong><img loading=\"lazy\" decoding=\"async\" class=\"alignnone wp-image-651479\" src=\"https:\/\/dicodusport.fr\/blog\/wp-content\/uploads\/2026\/02\/93-MGP-Marc-Marquez-1.png\" alt=\"\" width=\"30\" height=\"20\" srcset=\"https:\/\/dicodusport.fr\/blog\/wp-content\/uploads\/2026\/02\/93-MGP-Marc-Marquez-1.png 400w, https:\/\/dicodusport.fr\/blog\/wp-content\/uploads\/2026\/02\/93-MGP-Marc-Marquez-1-300x200.png 300w\" sizes=\"auto, (max-width: 30px) 100vw, 30px\" \/><br \/>\n\ud83c\uddee\ud83c\uddf9 FRANCESCO BAGNAIA<br \/>\n<\/strong><span style=\"font-size: 0.8em\">DUCATI LENOVO TEAM<\/span><\/span><\/td>\n<td style=\"border-color: #ebebeb;text-align: center;width: 220px;vertical-align: middle\"><span style=\"font-size: 0.9em\"><strong><span style=\"font-size: 1.0em\">DNF<\/span><\/strong><\/span><\/td>\n<\/tr>\n<tr>\n<td style=\"border-color: #ebebeb;text-align: center;width: 80px;vertical-align: middle\"><span style=\"font-size: 0.9em\">22.<\/span><\/td>\n<td style=\"border-color: #ebebeb;text-align: center;width: 500px;vertical-align: middle\"><span style=\"font-size: 0.9em\"><strong><img loading=\"lazy\" decoding=\"async\" class=\"alignnone wp-image-651445\" src=\"https:\/\/dicodusport.fr\/blog\/wp-content\/uploads\/2026\/02\/72-MGP-Marco-Bezzecchi.png\" alt=\"\" width=\"30\" height=\"20\" srcset=\"https:\/\/dicodusport.fr\/blog\/wp-content\/uploads\/2026\/02\/72-MGP-Marco-Bezzecchi.png 400w, https:\/\/dicodusport.fr\/blog\/wp-content\/uploads\/2026\/02\/72-MGP-Marco-Bezzecchi-300x200.png 300w\" sizes=\"auto, (max-width: 30px) 100vw, 30px\" \/><br \/>\n<span style=\"font-size: 1.0em\">\ud83c\uddee\ud83c\uddf9 LORENZO SAVADORI<\/span><br \/>\n<\/strong><span style=\"font-size: 0.8em\">APRILIA RACING<\/span><\/span><\/td>\n<td style=\"border-color: #ebebeb;text-align: center;width: 220px;vertical-align: middle\"><span style=\"font-size: 0.9em\"><strong><span style=\"font-size: 1.0em\">DNF<\/span><\/strong><\/span><\/td>\n<\/tr>\n<tr>\n<td style=\"border-color: #ebebeb;text-align: center;width: 80px;vertical-align: middle\"><span style=\"font-size: 0.9em\">23.<\/span><\/td>\n<td style=\"border-color: #ebebeb;text-align: center;width: 500px;vertical-align: middle\"><span style=\"font-size: 0.9em\"><strong><img loading=\"lazy\" decoding=\"async\" class=\"alignnone wp-image-651479\" src=\"https:\/\/dicodusport.fr\/blog\/wp-content\/uploads\/2026\/02\/93-MGP-Marc-Marquez-1.png\" alt=\"\" width=\"30\" height=\"20\" srcset=\"https:\/\/dicodusport.fr\/blog\/wp-content\/uploads\/2026\/02\/93-MGP-Marc-Marquez-1.png 400w, https:\/\/dicodusport.fr\/blog\/wp-content\/uploads\/2026\/02\/93-MGP-Marc-Marquez-1-300x200.png 300w\" sizes=\"auto, (max-width: 30px) 100vw, 30px\" \/><br \/>\n\ud83c\uddea\ud83c\uddf8 MARC MARQUEZ<br \/>\n<\/strong><span style=\"font-size: 0.8em\">DUCATI LENOVO TEAM<\/span><\/span><\/td>\n<td style=\"border-color: #ebebeb;text-align: center;width: 220px;vertical-align: middle\"><span style=\"font-size: 0.9em\"><strong><span style=\"font-size: 1.0em\">DNF<\/span><\/strong><\/span><\/td>\n<\/tr>\n<\/tbody>\n<\/table>\n<\/div>\n<ul>\n<li style=\"text-align: justify;\"><strong>\u00c0 ce sujet &#8211; <a href=\"https:\/\/dicodusport.fr\/blog\/calendrier-motogp-2026-toutes-les-dates-et-le-programme-complet-de-la-saison\/\">Calendrier MotoGP 2026 : toutes les dates et le programme complet de la saison<\/a><\/strong><\/li>\n<\/ul>\n","protected":false},"excerpt":{"rendered":"<p>D\u00e9couvrez le classement et les r\u00e9sultats du Grand Prix d&rsquo;Espagne de MotoGP 2026, disput\u00e9 sur le circuit de Jerez ce dimanche 26 avril.<\/p>\n","protected":false},"author":4,"featured_media":665216,"comment_status":"open","ping_status":"closed","sticky":false,"template":"","format":"standard","meta":{"_acf_changed":false,"_daextam_enable_autolinks":"1","footnotes":""},"categories":[47087],"tags":[32415,16878,16272,10938,16274],"class_list":["post-665213","post","type-post","status-publish","format-standard","has-post-thumbnail","hentry","category-motogp","tag-actu","tag-breve","tag-grand-prix-despagne-motogp","tag-motogp","tag-motogp-espagne"],"acf":[],"yoast_head":"<!-- This site is optimized with the Yoast SEO Premium plugin v26.7 (Yoast SEO v26.7) - https:\/\/yoast.com\/wordpress\/plugins\/seo\/ -->\n<title>MotoGP \u2013 Grand Prix d&#039;Espagne 2026 : Classement et r\u00e9sultats de la course \u00e0 Jerez<\/title>\n<meta name=\"description\" content=\"D\u00e9couvrez le classement et les r\u00e9sultats du Grand Prix d&#039;Espagne de MotoGP 2026, disput\u00e9 sur le circuit de Jerez ce dimanche 26 avril.\" \/>\n<meta name=\"robots\" content=\"index, follow, max-snippet:-1, max-image-preview:large, max-video-preview:-1\" \/>\n<link rel=\"canonical\" href=\"https:\/\/dicodusport.fr\/blog\/motogp-grand-prix-despagne-2026-classement-et-resultats-de-la-course-a-jerez\/\" \/>\n<meta property=\"og:locale\" content=\"fr_FR\" \/>\n<meta property=\"og:type\" content=\"article\" \/>\n<meta property=\"og:title\" content=\"MotoGP \u2013 Grand Prix d&#039;Espagne 2026 : Classement et r\u00e9sultats de la course \u00e0 Jerez\" \/>\n<meta property=\"og:description\" content=\"D\u00e9couvrez le classement et les r\u00e9sultats du Grand Prix d&#039;Espagne de MotoGP 2026, disput\u00e9 sur le circuit de Jerez ce dimanche 26 avril.\" \/>\n<meta property=\"og:url\" content=\"https:\/\/dicodusport.fr\/blog\/motogp-grand-prix-despagne-2026-classement-et-resultats-de-la-course-a-jerez\/\" \/>\n<meta property=\"og:site_name\" content=\"Dicodusport\" \/>\n<meta property=\"article:publisher\" content=\"https:\/\/www.facebook.com\/dicodusport\" \/>\n<meta property=\"article:author\" content=\"https:\/\/www.facebook.com\/florent.ostermann\" \/>\n<meta property=\"article:published_time\" content=\"2026-04-26T12:44:04+00:00\" \/>\n<meta property=\"article:modified_time\" content=\"2026-04-26T12:48:50+00:00\" \/>\n<meta property=\"og:image\" content=\"https:\/\/dicodusport.fr\/blog\/wp-content\/uploads\/2026\/04\/MotoGP-\u2013-Grand-Prix-dEspagne-2026-Classement-et-resultats-de-la-course-a-Jerez.png\" \/>\n\t<meta property=\"og:image:width\" content=\"1200\" \/>\n\t<meta property=\"og:image:height\" content=\"674\" \/>\n\t<meta property=\"og:image:type\" content=\"image\/png\" \/>\n<meta name=\"author\" content=\"Flo Ostermann\" \/>\n<meta name=\"twitter:card\" content=\"summary_large_image\" \/>\n<meta name=\"twitter:creator\" content=\"@https:\/\/twitter.com\/FlOstermann\" \/>\n<meta name=\"twitter:site\" content=\"@dicodusport\" \/>\n<script type=\"application\/ld+json\" class=\"yoast-schema-graph\">{\"@context\":\"https:\/\/schema.org\",\"@graph\":[{\"@type\":\"NewsArticle\",\"@id\":\"https:\/\/dicodusport.fr\/blog\/motogp-grand-prix-despagne-2026-classement-et-resultats-de-la-course-a-jerez\/#article\",\"isPartOf\":{\"@id\":\"https:\/\/dicodusport.fr\/blog\/motogp-grand-prix-despagne-2026-classement-et-resultats-de-la-course-a-jerez\/\"},\"author\":{\"name\":\"Flo Ostermann\",\"@id\":\"https:\/\/dicodusport.fr\/blog\/#\/schema\/person\/cb02af4c173ce4a653b55e9baf388d4a\"},\"headline\":\"MotoGP \u2013 Grand Prix d&rsquo;Espagne 2026 : Classement et r\u00e9sultats de la course \u00e0 Jerez\",\"datePublished\":\"2026-04-26T12:44:04+00:00\",\"dateModified\":\"2026-04-26T12:48:50+00:00\",\"mainEntityOfPage\":{\"@id\":\"https:\/\/dicodusport.fr\/blog\/motogp-grand-prix-despagne-2026-classement-et-resultats-de-la-course-a-jerez\/\"},\"wordCount\":743,\"commentCount\":0,\"publisher\":{\"@id\":\"https:\/\/dicodusport.fr\/blog\/#organization\"},\"image\":{\"@id\":\"https:\/\/dicodusport.fr\/blog\/motogp-grand-prix-despagne-2026-classement-et-resultats-de-la-course-a-jerez\/#primaryimage\"},\"thumbnailUrl\":\"https:\/\/dicodusport.fr\/blog\/wp-content\/uploads\/2026\/04\/MotoGP-\u2013-Grand-Prix-dEspagne-2026-Classement-et-resultats-de-la-course-a-Jerez.png\",\"keywords\":[\"actu\",\"br\u00e8ve\",\"Grand Prix d'Espagne MotoGP\",\"MotoGP\",\"MotoGP Espagne\"],\"articleSection\":[\"MotoGP\"],\"inLanguage\":\"fr-FR\",\"potentialAction\":[{\"@type\":\"CommentAction\",\"name\":\"Comment\",\"target\":[\"https:\/\/dicodusport.fr\/blog\/motogp-grand-prix-despagne-2026-classement-et-resultats-de-la-course-a-jerez\/#respond\"]}],\"copyrightYear\":\"2026\",\"copyrightHolder\":{\"@id\":\"https:\/\/dicodusport.fr\/blog\/#organization\"}},{\"@type\":\"WebPage\",\"@id\":\"https:\/\/dicodusport.fr\/blog\/motogp-grand-prix-despagne-2026-classement-et-resultats-de-la-course-a-jerez\/\",\"url\":\"https:\/\/dicodusport.fr\/blog\/motogp-grand-prix-despagne-2026-classement-et-resultats-de-la-course-a-jerez\/\",\"name\":\"MotoGP \u2013 Grand Prix d'Espagne 2026 : Classement et r\u00e9sultats de la course \u00e0 Jerez\",\"isPartOf\":{\"@id\":\"https:\/\/dicodusport.fr\/blog\/#website\"},\"primaryImageOfPage\":{\"@id\":\"https:\/\/dicodusport.fr\/blog\/motogp-grand-prix-despagne-2026-classement-et-resultats-de-la-course-a-jerez\/#primaryimage\"},\"image\":{\"@id\":\"https:\/\/dicodusport.fr\/blog\/motogp-grand-prix-despagne-2026-classement-et-resultats-de-la-course-a-jerez\/#primaryimage\"},\"thumbnailUrl\":\"https:\/\/dicodusport.fr\/blog\/wp-content\/uploads\/2026\/04\/MotoGP-\u2013-Grand-Prix-dEspagne-2026-Classement-et-resultats-de-la-course-a-Jerez.png\",\"datePublished\":\"2026-04-26T12:44:04+00:00\",\"dateModified\":\"2026-04-26T12:48:50+00:00\",\"description\":\"D\u00e9couvrez le classement et les r\u00e9sultats du Grand Prix d'Espagne de MotoGP 2026, disput\u00e9 sur le circuit de Jerez ce dimanche 26 avril.\",\"breadcrumb\":{\"@id\":\"https:\/\/dicodusport.fr\/blog\/motogp-grand-prix-despagne-2026-classement-et-resultats-de-la-course-a-jerez\/#breadcrumb\"},\"inLanguage\":\"fr-FR\",\"potentialAction\":[{\"@type\":\"ReadAction\",\"target\":[\"https:\/\/dicodusport.fr\/blog\/motogp-grand-prix-despagne-2026-classement-et-resultats-de-la-course-a-jerez\/\"]}]},{\"@type\":\"ImageObject\",\"inLanguage\":\"fr-FR\",\"@id\":\"https:\/\/dicodusport.fr\/blog\/motogp-grand-prix-despagne-2026-classement-et-resultats-de-la-course-a-jerez\/#primaryimage\",\"url\":\"https:\/\/dicodusport.fr\/blog\/wp-content\/uploads\/2026\/04\/MotoGP-\u2013-Grand-Prix-dEspagne-2026-Classement-et-resultats-de-la-course-a-Jerez.png\",\"contentUrl\":\"https:\/\/dicodusport.fr\/blog\/wp-content\/uploads\/2026\/04\/MotoGP-\u2013-Grand-Prix-dEspagne-2026-Classement-et-resultats-de-la-course-a-Jerez.png\",\"width\":1200,\"height\":674,\"caption\":\"MotoGP \u2013 Grand Prix d'Espagne 2026 Classement et r\u00e9sultats de la course \u00e0 Jerez\"},{\"@type\":\"BreadcrumbList\",\"@id\":\"https:\/\/dicodusport.fr\/blog\/motogp-grand-prix-despagne-2026-classement-et-resultats-de-la-course-a-jerez\/#breadcrumb\",\"itemListElement\":[{\"@type\":\"ListItem\",\"position\":1,\"name\":\"Accueil\",\"item\":\"https:\/\/dicodusport.fr\/blog\/\"},{\"@type\":\"ListItem\",\"position\":2,\"name\":\"MotoGP \u2013 Grand Prix d&rsquo;Espagne 2026 : Classement et r\u00e9sultats de la course \u00e0 Jerez\"}]},{\"@type\":\"WebSite\",\"@id\":\"https:\/\/dicodusport.fr\/blog\/#website\",\"url\":\"https:\/\/dicodusport.fr\/blog\/\",\"name\":\"Dicodusport\",\"description\":\"L&#039;encyclop\u00e9die de l&#039;actualit\u00e9 sportive\",\"publisher\":{\"@id\":\"https:\/\/dicodusport.fr\/blog\/#organization\"},\"potentialAction\":[{\"@type\":\"SearchAction\",\"target\":{\"@type\":\"EntryPoint\",\"urlTemplate\":\"https:\/\/dicodusport.fr\/blog\/?s={search_term_string}\"},\"query-input\":{\"@type\":\"PropertyValueSpecification\",\"valueRequired\":true,\"valueName\":\"search_term_string\"}}],\"inLanguage\":\"fr-FR\"},{\"@type\":\"NewsMediaOrganization\",\"@id\":\"https:\/\/dicodusport.fr\/blog\/#organization\",\"name\":\"Dicodusport\",\"url\":\"https:\/\/dicodusport.fr\/blog\/\",\"logo\":{\"@type\":\"ImageObject\",\"inLanguage\":\"fr-FR\",\"@id\":\"https:\/\/dicodusport.fr\/blog\/#\/schema\/logo\/image\/\",\"url\":\"https:\/\/dicodusport.fr\/blog\/wp-content\/uploads\/2020\/06\/cropped-LOGO-DICODUSPORT-2020-SANS-FOND-SANS-TEXTE.png\",\"contentUrl\":\"https:\/\/dicodusport.fr\/blog\/wp-content\/uploads\/2020\/06\/cropped-LOGO-DICODUSPORT-2020-SANS-FOND-SANS-TEXTE.png\",\"width\":512,\"height\":512,\"caption\":\"Dicodusport\"},\"image\":{\"@id\":\"https:\/\/dicodusport.fr\/blog\/#\/schema\/logo\/image\/\"},\"sameAs\":[\"https:\/\/www.facebook.com\/dicodusport\",\"https:\/\/x.com\/dicodusport\",\"https:\/\/www.instagram.com\/dicodusport\/\",\"https:\/\/www.youtube.com\/channel\/UC7V2KZ5sd3htJivAbA4ZG3w\"],\"description\":\"Dicodusport est l'encyclop\u00e9die de l'actualit\u00e9 sportive.\",\"email\":\"bonjour@dicodusport.fr\",\"legalName\":\"DICODUSPORT\",\"foundingDate\":\"2018-01-14\",\"vatID\":\"FR71834470973\",\"taxID\":\"83447097300043\",\"numberOfEmployees\":{\"@type\":\"QuantitativeValue\",\"minValue\":\"1\",\"maxValue\":\"10\"}},{\"@type\":\"Person\",\"@id\":\"https:\/\/dicodusport.fr\/blog\/#\/schema\/person\/cb02af4c173ce4a653b55e9baf388d4a\",\"name\":\"Flo Ostermann\",\"image\":{\"@type\":\"ImageObject\",\"inLanguage\":\"fr-FR\",\"@id\":\"https:\/\/dicodusport.fr\/blog\/#\/schema\/person\/image\/\",\"url\":\"https:\/\/dicodusport.fr\/blog\/wp-content\/uploads\/2021\/05\/Flo-Ostermann-150x150.jpg\",\"contentUrl\":\"https:\/\/dicodusport.fr\/blog\/wp-content\/uploads\/2021\/05\/Flo-Ostermann-150x150.jpg\",\"caption\":\"Flo Ostermann\"},\"description\":\"Journaliste\/R\u00e9dacteur depuis septembre 2015 - Mes premiers souvenirs dans le sport ? Les envol\u00e9es du Stade Toulousain et les duels Villeneuve-Schumacher et H\u00e4kkinen-Schumacher \u00e0 la fin des ann\u00e9es 90, la Coupe du monde de football en 1998, l\u2019exploit du XV de France face aux All Blacks en 1999, mais aussi Richard C\u0153ur de Lion qui vole sur les montagnes du Tour de France. Bien parti pour devenir professeur d\u2019EPS, les \u00e9v\u00e9nements de la vie (et la flemme d\u2019animer des s\u00e9ances de 3x500 m\u00e8tres toute ma vie) m\u2019ont conduit \u00e0 revoir mes plans. Me voil\u00e0 depuis fin 2017 sur Dicodusport, m\u00e9dia gr\u00e2ce (et pour) lequel je partage ma passion : le sport dans tous ses \u00e9tats. Le tout accompagn\u00e9 par les fous furieux et folles furieuses cit\u00e9s sur cette page !\",\"sameAs\":[\"https:\/\/www.facebook.com\/florent.ostermann\",\"https:\/\/x.com\/https:\/\/twitter.com\/FlOstermann\",\"admin\"],\"url\":\"https:\/\/dicodusport.fr\/blog\/author\/flo\/\"}]}<\/script>\n<!-- \/ Yoast SEO Premium plugin. -->","yoast_head_json":{"title":"MotoGP \u2013 Grand Prix d'Espagne 2026 : Classement et r\u00e9sultats de la course \u00e0 Jerez","description":"D\u00e9couvrez le classement et les r\u00e9sultats du Grand Prix d'Espagne de MotoGP 2026, disput\u00e9 sur le circuit de Jerez ce dimanche 26 avril.","robots":{"index":"index","follow":"follow","max-snippet":"max-snippet:-1","max-image-preview":"max-image-preview:large","max-video-preview":"max-video-preview:-1"},"canonical":"https:\/\/dicodusport.fr\/blog\/motogp-grand-prix-despagne-2026-classement-et-resultats-de-la-course-a-jerez\/","og_locale":"fr_FR","og_type":"article","og_title":"MotoGP \u2013 Grand Prix d'Espagne 2026 : Classement et r\u00e9sultats de la course \u00e0 Jerez","og_description":"D\u00e9couvrez le classement et les r\u00e9sultats du Grand Prix d'Espagne de MotoGP 2026, disput\u00e9 sur le circuit de Jerez ce dimanche 26 avril.","og_url":"https:\/\/dicodusport.fr\/blog\/motogp-grand-prix-despagne-2026-classement-et-resultats-de-la-course-a-jerez\/","og_site_name":"Dicodusport","article_publisher":"https:\/\/www.facebook.com\/dicodusport","article_author":"https:\/\/www.facebook.com\/florent.ostermann","article_published_time":"2026-04-26T12:44:04+00:00","article_modified_time":"2026-04-26T12:48:50+00:00","og_image":[{"width":1200,"height":674,"url":"https:\/\/dicodusport.fr\/blog\/wp-content\/uploads\/2026\/04\/MotoGP-\u2013-Grand-Prix-dEspagne-2026-Classement-et-resultats-de-la-course-a-Jerez.png","type":"image\/png"}],"author":"Flo Ostermann","twitter_card":"summary_large_image","twitter_creator":"@https:\/\/twitter.com\/FlOstermann","twitter_site":"@dicodusport","schema":{"@context":"https:\/\/schema.org","@graph":[{"@type":"NewsArticle","@id":"https:\/\/dicodusport.fr\/blog\/motogp-grand-prix-despagne-2026-classement-et-resultats-de-la-course-a-jerez\/#article","isPartOf":{"@id":"https:\/\/dicodusport.fr\/blog\/motogp-grand-prix-despagne-2026-classement-et-resultats-de-la-course-a-jerez\/"},"author":{"name":"Flo Ostermann","@id":"https:\/\/dicodusport.fr\/blog\/#\/schema\/person\/cb02af4c173ce4a653b55e9baf388d4a"},"headline":"MotoGP \u2013 Grand Prix d&rsquo;Espagne 2026 : Classement et r\u00e9sultats de la course \u00e0 Jerez","datePublished":"2026-04-26T12:44:04+00:00","dateModified":"2026-04-26T12:48:50+00:00","mainEntityOfPage":{"@id":"https:\/\/dicodusport.fr\/blog\/motogp-grand-prix-despagne-2026-classement-et-resultats-de-la-course-a-jerez\/"},"wordCount":743,"commentCount":0,"publisher":{"@id":"https:\/\/dicodusport.fr\/blog\/#organization"},"image":{"@id":"https:\/\/dicodusport.fr\/blog\/motogp-grand-prix-despagne-2026-classement-et-resultats-de-la-course-a-jerez\/#primaryimage"},"thumbnailUrl":"https:\/\/dicodusport.fr\/blog\/wp-content\/uploads\/2026\/04\/MotoGP-\u2013-Grand-Prix-dEspagne-2026-Classement-et-resultats-de-la-course-a-Jerez.png","keywords":["actu","br\u00e8ve","Grand Prix d'Espagne MotoGP","MotoGP","MotoGP Espagne"],"articleSection":["MotoGP"],"inLanguage":"fr-FR","potentialAction":[{"@type":"CommentAction","name":"Comment","target":["https:\/\/dicodusport.fr\/blog\/motogp-grand-prix-despagne-2026-classement-et-resultats-de-la-course-a-jerez\/#respond"]}],"copyrightYear":"2026","copyrightHolder":{"@id":"https:\/\/dicodusport.fr\/blog\/#organization"}},{"@type":"WebPage","@id":"https:\/\/dicodusport.fr\/blog\/motogp-grand-prix-despagne-2026-classement-et-resultats-de-la-course-a-jerez\/","url":"https:\/\/dicodusport.fr\/blog\/motogp-grand-prix-despagne-2026-classement-et-resultats-de-la-course-a-jerez\/","name":"MotoGP \u2013 Grand Prix d'Espagne 2026 : Classement et r\u00e9sultats de la course \u00e0 Jerez","isPartOf":{"@id":"https:\/\/dicodusport.fr\/blog\/#website"},"primaryImageOfPage":{"@id":"https:\/\/dicodusport.fr\/blog\/motogp-grand-prix-despagne-2026-classement-et-resultats-de-la-course-a-jerez\/#primaryimage"},"image":{"@id":"https:\/\/dicodusport.fr\/blog\/motogp-grand-prix-despagne-2026-classement-et-resultats-de-la-course-a-jerez\/#primaryimage"},"thumbnailUrl":"https:\/\/dicodusport.fr\/blog\/wp-content\/uploads\/2026\/04\/MotoGP-\u2013-Grand-Prix-dEspagne-2026-Classement-et-resultats-de-la-course-a-Jerez.png","datePublished":"2026-04-26T12:44:04+00:00","dateModified":"2026-04-26T12:48:50+00:00","description":"D\u00e9couvrez le classement et les r\u00e9sultats du Grand Prix d'Espagne de MotoGP 2026, disput\u00e9 sur le circuit de Jerez ce dimanche 26 avril.","breadcrumb":{"@id":"https:\/\/dicodusport.fr\/blog\/motogp-grand-prix-despagne-2026-classement-et-resultats-de-la-course-a-jerez\/#breadcrumb"},"inLanguage":"fr-FR","potentialAction":[{"@type":"ReadAction","target":["https:\/\/dicodusport.fr\/blog\/motogp-grand-prix-despagne-2026-classement-et-resultats-de-la-course-a-jerez\/"]}]},{"@type":"ImageObject","inLanguage":"fr-FR","@id":"https:\/\/dicodusport.fr\/blog\/motogp-grand-prix-despagne-2026-classement-et-resultats-de-la-course-a-jerez\/#primaryimage","url":"https:\/\/dicodusport.fr\/blog\/wp-content\/uploads\/2026\/04\/MotoGP-\u2013-Grand-Prix-dEspagne-2026-Classement-et-resultats-de-la-course-a-Jerez.png","contentUrl":"https:\/\/dicodusport.fr\/blog\/wp-content\/uploads\/2026\/04\/MotoGP-\u2013-Grand-Prix-dEspagne-2026-Classement-et-resultats-de-la-course-a-Jerez.png","width":1200,"height":674,"caption":"MotoGP \u2013 Grand Prix d'Espagne 2026 Classement et r\u00e9sultats de la course \u00e0 Jerez"},{"@type":"BreadcrumbList","@id":"https:\/\/dicodusport.fr\/blog\/motogp-grand-prix-despagne-2026-classement-et-resultats-de-la-course-a-jerez\/#breadcrumb","itemListElement":[{"@type":"ListItem","position":1,"name":"Accueil","item":"https:\/\/dicodusport.fr\/blog\/"},{"@type":"ListItem","position":2,"name":"MotoGP \u2013 Grand Prix d&rsquo;Espagne 2026 : Classement et r\u00e9sultats de la course \u00e0 Jerez"}]},{"@type":"WebSite","@id":"https:\/\/dicodusport.fr\/blog\/#website","url":"https:\/\/dicodusport.fr\/blog\/","name":"Dicodusport","description":"L&#039;encyclop\u00e9die de l&#039;actualit\u00e9 sportive","publisher":{"@id":"https:\/\/dicodusport.fr\/blog\/#organization"},"potentialAction":[{"@type":"SearchAction","target":{"@type":"EntryPoint","urlTemplate":"https:\/\/dicodusport.fr\/blog\/?s={search_term_string}"},"query-input":{"@type":"PropertyValueSpecification","valueRequired":true,"valueName":"search_term_string"}}],"inLanguage":"fr-FR"},{"@type":"NewsMediaOrganization","@id":"https:\/\/dicodusport.fr\/blog\/#organization","name":"Dicodusport","url":"https:\/\/dicodusport.fr\/blog\/","logo":{"@type":"ImageObject","inLanguage":"fr-FR","@id":"https:\/\/dicodusport.fr\/blog\/#\/schema\/logo\/image\/","url":"https:\/\/dicodusport.fr\/blog\/wp-content\/uploads\/2020\/06\/cropped-LOGO-DICODUSPORT-2020-SANS-FOND-SANS-TEXTE.png","contentUrl":"https:\/\/dicodusport.fr\/blog\/wp-content\/uploads\/2020\/06\/cropped-LOGO-DICODUSPORT-2020-SANS-FOND-SANS-TEXTE.png","width":512,"height":512,"caption":"Dicodusport"},"image":{"@id":"https:\/\/dicodusport.fr\/blog\/#\/schema\/logo\/image\/"},"sameAs":["https:\/\/www.facebook.com\/dicodusport","https:\/\/x.com\/dicodusport","https:\/\/www.instagram.com\/dicodusport\/","https:\/\/www.youtube.com\/channel\/UC7V2KZ5sd3htJivAbA4ZG3w"],"description":"Dicodusport est l'encyclop\u00e9die de l'actualit\u00e9 sportive.","email":"bonjour@dicodusport.fr","legalName":"DICODUSPORT","foundingDate":"2018-01-14","vatID":"FR71834470973","taxID":"83447097300043","numberOfEmployees":{"@type":"QuantitativeValue","minValue":"1","maxValue":"10"}},{"@type":"Person","@id":"https:\/\/dicodusport.fr\/blog\/#\/schema\/person\/cb02af4c173ce4a653b55e9baf388d4a","name":"Flo Ostermann","image":{"@type":"ImageObject","inLanguage":"fr-FR","@id":"https:\/\/dicodusport.fr\/blog\/#\/schema\/person\/image\/","url":"https:\/\/dicodusport.fr\/blog\/wp-content\/uploads\/2021\/05\/Flo-Ostermann-150x150.jpg","contentUrl":"https:\/\/dicodusport.fr\/blog\/wp-content\/uploads\/2021\/05\/Flo-Ostermann-150x150.jpg","caption":"Flo Ostermann"},"description":"Journaliste\/R\u00e9dacteur depuis septembre 2015 - Mes premiers souvenirs dans le sport ? Les envol\u00e9es du Stade Toulousain et les duels Villeneuve-Schumacher et H\u00e4kkinen-Schumacher \u00e0 la fin des ann\u00e9es 90, la Coupe du monde de football en 1998, l\u2019exploit du XV de France face aux All Blacks en 1999, mais aussi Richard C\u0153ur de Lion qui vole sur les montagnes du Tour de France. Bien parti pour devenir professeur d\u2019EPS, les \u00e9v\u00e9nements de la vie (et la flemme d\u2019animer des s\u00e9ances de 3x500 m\u00e8tres toute ma vie) m\u2019ont conduit \u00e0 revoir mes plans. Me voil\u00e0 depuis fin 2017 sur Dicodusport, m\u00e9dia gr\u00e2ce (et pour) lequel je partage ma passion : le sport dans tous ses \u00e9tats. Le tout accompagn\u00e9 par les fous furieux et folles furieuses cit\u00e9s sur cette page !","sameAs":["https:\/\/www.facebook.com\/florent.ostermann","https:\/\/x.com\/https:\/\/twitter.com\/FlOstermann","admin"],"url":"https:\/\/dicodusport.fr\/blog\/author\/flo\/"}]}},"_links":{"self":[{"href":"https:\/\/dicodusport.fr\/blog\/wp-json\/wp\/v2\/posts\/665213","targetHints":{"allow":["GET"]}}],"collection":[{"href":"https:\/\/dicodusport.fr\/blog\/wp-json\/wp\/v2\/posts"}],"about":[{"href":"https:\/\/dicodusport.fr\/blog\/wp-json\/wp\/v2\/types\/post"}],"author":[{"embeddable":true,"href":"https:\/\/dicodusport.fr\/blog\/wp-json\/wp\/v2\/users\/4"}],"replies":[{"embeddable":true,"href":"https:\/\/dicodusport.fr\/blog\/wp-json\/wp\/v2\/comments?post=665213"}],"version-history":[{"count":5,"href":"https:\/\/dicodusport.fr\/blog\/wp-json\/wp\/v2\/posts\/665213\/revisions"}],"predecessor-version":[{"id":665657,"href":"https:\/\/dicodusport.fr\/blog\/wp-json\/wp\/v2\/posts\/665213\/revisions\/665657"}],"wp:featuredmedia":[{"embeddable":true,"href":"https:\/\/dicodusport.fr\/blog\/wp-json\/wp\/v2\/media\/665216"}],"wp:attachment":[{"href":"https:\/\/dicodusport.fr\/blog\/wp-json\/wp\/v2\/media?parent=665213"}],"wp:term":[{"taxonomy":"category","embeddable":true,"href":"https:\/\/dicodusport.fr\/blog\/wp-json\/wp\/v2\/categories?post=665213"},{"taxonomy":"post_tag","embeddable":true,"href":"https:\/\/dicodusport.fr\/blog\/wp-json\/wp\/v2\/tags?post=665213"}],"curies":[{"name":"wp","href":"https:\/\/api.w.org\/{rel}","templated":true}]}}