{"id":665344,"date":"2026-04-25T12:14:00","date_gmt":"2026-04-25T10:14:00","guid":{"rendered":"https:\/\/dicodusport.fr\/blog\/?p=665344&#038;preview=true&#038;preview_id=665344"},"modified":"2026-04-25T18:05:08","modified_gmt":"2026-04-25T16:05:08","slug":"marc-antoine-oliver-3eme-de-la-coupe-du-monde-de-natation-en-eau-libre-dibiza-sur-le-3km-knockout","status":"publish","type":"post","link":"https:\/\/dicodusport.fr\/blog\/marc-antoine-oliver-3eme-de-la-coupe-du-monde-de-natation-en-eau-libre-dibiza-sur-le-3km-knockout\/","title":{"rendered":"Marc-Antoine Oliver 3\u00e8me de la Coupe du monde de natation en eau libre d&rsquo;Ibiza sur le 3km knockout"},"content":{"rendered":"<p style=\"text-align: justify;\"><strong><em>COUPE DU MONDE DE NATATION EN EAU LIBRE 2026 &#8211; Marc-Antoine Olivier s&rsquo;est hiss\u00e9 sur le podium du 3km knockout d&rsquo;Ibiza ce samedi.<\/em><\/strong><\/p>\n<p style=\"text-align: justify;\">Au lendemain de la premi\u00e8re m\u00e9daille de l&rsquo;ann\u00e9e en<strong> Coupe du monde<\/strong> obtenue par Sacha Velly sur le 10km d&rsquo;<strong>Ibiza<\/strong>, les nageurs remettaient le couvert ce samedi sur le<strong> 3km knockout<\/strong>, en cl\u00f4ture de cette deuxi\u00e8me manche espagnole. Encore une fois, le collectif masculin a fait parler sa densit\u00e9.<\/p>\n<div class=\"vlp-link-container vlp-layout-article\"><a href=\"https:\/\/dicodusport.fr\/blog\/sacha-velly-signe-son-premier-podium-de-lannee-en-eau-libre-sur-le-10km-dibiza\/\" class=\"vlp-link\" title=\"Sacha Velly signe son premier podium de l&#039;ann\u00e9e en eau libre sur le 10km d&#039;Ibiza\"><\/a><div class=\"vlp-layout-zone-side\"><div class=\"vlp-block-4 vlp-link-image\"><img loading=\"lazy\" decoding=\"async\" style=\"max-width: 792px;\" width=\"792\" height=\"445\" src=\"https:\/\/dicodusport.fr\/blog\/wp-content\/uploads\/2026\/04\/Sacha-Velly-signe-son-premier-podium-de-lannee-en-eau-libre-sur-le-10km-dIbiza.png\" class=\"attachment-800x445 size-800x445\" alt=\"Sacha Velly signe son premier podium de l&#039;ann\u00e9e en eau libre sur le 10km d&#039;Ibiza\" srcset=\"https:\/\/dicodusport.fr\/blog\/wp-content\/uploads\/2026\/04\/Sacha-Velly-signe-son-premier-podium-de-lannee-en-eau-libre-sur-le-10km-dIbiza.png 1200w, https:\/\/dicodusport.fr\/blog\/wp-content\/uploads\/2026\/04\/Sacha-Velly-signe-son-premier-podium-de-lannee-en-eau-libre-sur-le-10km-dIbiza-300x169.png 300w, https:\/\/dicodusport.fr\/blog\/wp-content\/uploads\/2026\/04\/Sacha-Velly-signe-son-premier-podium-de-lannee-en-eau-libre-sur-le-10km-dIbiza-1024x575.png 1024w, https:\/\/dicodusport.fr\/blog\/wp-content\/uploads\/2026\/04\/Sacha-Velly-signe-son-premier-podium-de-lannee-en-eau-libre-sur-le-10km-dIbiza-768x431.png 768w\" sizes=\"auto, (max-width: 792px) 100vw, 792px\" \/><\/div><\/div><div class=\"vlp-layout-zone-main\"><div class=\"vlp-block-0 vlp-link-title\">Sacha Velly signe son premier podium de l'ann\u00e9e en eau libre sur le 10km d'Ibiza<\/div><div class=\"vlp-block-1 vlp-link-summary\">COUPE DU MONDE DE NATATION EN EAU LIBRE 2026 - Ce vendredi, Sacha Velly s'est empar\u00e9 de la 2\u00e8me place sur le 10km d'Ibiza.<\/div><div class=\"vlp-block-2 vlp-link-button\">Lire l'article<\/div><div class=\"vlp-block-3 vlp-link-url\">dicodusport.fr<\/div><\/div><\/div>\n<h2 style=\"text-align: justify;\">Marc-Antoine Olivier sur la bo\u00eete, Ethan Parker se r\u00e9v\u00e8le<\/h2>\n<p style=\"text-align: justify;\">En effet, apr\u00e8s \u00eatre pass\u00e9 \u00e0 c\u00f4t\u00e9 hier, <strong>Logan Fontaine<\/strong> s&rsquo;est rattrap\u00e9 en beaut\u00e9 en signant le 2\u00e8me meilleur chrono de sa s\u00e9rie en qualifications, avant de se hisser en finale sans trembler, aux c\u00f4t\u00e9s de son compatriote <strong>Marc-Antoine Olivier<\/strong>. Mais la belle surprise est venue du benjamin de la s\u00e9lection, <strong>Ethan Parker<\/strong>.<\/p>\n<p style=\"text-align: justify;\">Du haut de ses 19 printemps, ce dernier a \u00e9galement franchi ce cap pour prendre part \u00e0 sa premi\u00e8re finale en carri\u00e8re. Gr\u00e2ce \u00e0 sa 8\u00e8me place, il signe son meilleur r\u00e9sultat en carri\u00e8re. Dans une finale encore domin\u00e9e par <strong>D\u00e1vid Betlehem<\/strong>, devant <strong>Gregorio Paltrinieri<\/strong>. Derri\u00e8re ce duo, <strong>Marc-Antoine Olivier<\/strong> a remport\u00e9 un duel franco-fran\u00e7ais en arrachant la <strong>3\u00e8me place<\/strong> sur le podium, juste devant <strong>Logan Fontaine<\/strong>.<\/p>\n<p style=\"text-align: justify;\">Sur l&rsquo;\u00e9preuve f\u00e9minine, quatre Tricolores avaient r\u00e9ussi \u00e0 se qualifier en finale. H\u00e9las, aucune n&rsquo;a craqu\u00e9 le Top 5.<strong> In\u00e8s Delacroix<\/strong> (6\u00e8me) s&rsquo;en est le mieux tir\u00e9e, devant <strong>Caroline Jouisse<\/strong> (7\u00e8me), <strong>Lou-Anne Gaudaire<\/strong> (9\u00e8me) et <strong>Cl\u00e9mence Coccordano<\/strong> (10\u00e8me). D\u00e8s le weekend prochain, place \u00e0 la 3\u00e8me \u00e9tape du calendrier, \u00e0 <strong>Golfo Aranci<\/strong> (Italie).<\/p>\n<div id=\"gtx-trans\" style=\"position: absolute; left: -14px; top: 40.9091px;\">\n<div class=\"gtx-trans-icon\" style=\"text-align: justify;\"><\/div>\n<\/div>\n","protected":false},"excerpt":{"rendered":"<p>COUPE DU MONDE DE NATATION EN EAU LIBRE 2026 &#8211; Marc-Antoine Olivier s&rsquo;est hiss\u00e9 sur le podium du 3km knockout d&rsquo;Ibiza ce samedi.<\/p>\n","protected":false},"author":55,"featured_media":665449,"comment_status":"open","ping_status":"closed","sticky":false,"template":"","format":"standard","meta":{"_acf_changed":false,"_daextam_enable_autolinks":"1","footnotes":""},"categories":[2306],"tags":[16878,47073,1341],"class_list":["post-665344","post","type-post","status-publish","format-standard","has-post-thumbnail","hentry","category-natation","tag-breve","tag-coupe-du-monde-natation-en-eau-libre","tag-marc-antoine-olivier"],"acf":[],"yoast_head":"<!-- This site is optimized with the Yoast SEO Premium plugin v26.7 (Yoast SEO v26.7) - https:\/\/yoast.com\/wordpress\/plugins\/seo\/ -->\n<title>Marc-Antoine Oliver 3\u00e8me de la Coupe du monde de natation en eau libre d&#039;Ibiza sur le 3km knockout<\/title>\n<meta name=\"description\" content=\"COUPE DU MONDE DE NATATION EN EAU LIBRE 2026 - Marc-Antoine Olivier s&#039;est hiss\u00e9 sur le podium du 3km knockout d&#039;Ibiza ce samedi.\" \/>\n<meta name=\"robots\" content=\"index, follow, max-snippet:-1, max-image-preview:large, max-video-preview:-1\" \/>\n<link rel=\"canonical\" href=\"https:\/\/dicodusport.fr\/blog\/marc-antoine-oliver-3eme-de-la-coupe-du-monde-de-natation-en-eau-libre-dibiza-sur-le-3km-knockout\/\" \/>\n<meta property=\"og:locale\" content=\"fr_FR\" \/>\n<meta property=\"og:type\" content=\"article\" \/>\n<meta property=\"og:title\" content=\"Marc-Antoine Oliver 3\u00e8me de la Coupe du monde de natation en eau libre d&#039;Ibiza sur le 3km knockout\" \/>\n<meta property=\"og:description\" content=\"COUPE DU MONDE DE NATATION EN EAU LIBRE 2026 - Marc-Antoine Olivier s&#039;est hiss\u00e9 sur le podium du 3km knockout d&#039;Ibiza ce samedi.\" \/>\n<meta property=\"og:url\" content=\"https:\/\/dicodusport.fr\/blog\/marc-antoine-oliver-3eme-de-la-coupe-du-monde-de-natation-en-eau-libre-dibiza-sur-le-3km-knockout\/\" \/>\n<meta property=\"og:site_name\" content=\"Dicodusport\" \/>\n<meta property=\"article:publisher\" content=\"https:\/\/www.facebook.com\/dicodusport\" \/>\n<meta property=\"article:published_time\" content=\"2026-04-25T10:14:00+00:00\" \/>\n<meta property=\"article:modified_time\" content=\"2026-04-25T16:05:08+00:00\" \/>\n<meta property=\"og:image\" content=\"https:\/\/dicodusport.fr\/blog\/wp-content\/uploads\/2026\/04\/Marc-Antoine-Oliver-3eme-de-la-Coupe-du-monde-de-natation-en-eau-libre-dIbiza-sur-le-3km-knockout-1.png\" \/>\n\t<meta property=\"og:image:width\" content=\"1200\" \/>\n\t<meta property=\"og:image:height\" content=\"674\" \/>\n\t<meta property=\"og:image:type\" content=\"image\/png\" \/>\n<meta name=\"author\" content=\"Maxime Cazenave\" \/>\n<meta name=\"twitter:card\" content=\"summary_large_image\" \/>\n<meta name=\"twitter:title\" content=\"Marc-Antoine Oliver 3\u00e8me de la Coupe du monde de natation en eau libre d&#039;Ibiza sur le 3km knockout\" \/>\n<meta name=\"twitter:creator\" content=\"@https:\/\/twitter.com\/Maxime_Caze\" \/>\n<meta name=\"twitter:site\" content=\"@dicodusport\" \/>\n<script type=\"application\/ld+json\" class=\"yoast-schema-graph\">{\"@context\":\"https:\/\/schema.org\",\"@graph\":[{\"@type\":\"NewsArticle\",\"@id\":\"https:\/\/dicodusport.fr\/blog\/marc-antoine-oliver-3eme-de-la-coupe-du-monde-de-natation-en-eau-libre-dibiza-sur-le-3km-knockout\/#article\",\"isPartOf\":{\"@id\":\"https:\/\/dicodusport.fr\/blog\/marc-antoine-oliver-3eme-de-la-coupe-du-monde-de-natation-en-eau-libre-dibiza-sur-le-3km-knockout\/\"},\"author\":{\"name\":\"Maxime Cazenave\",\"@id\":\"https:\/\/dicodusport.fr\/blog\/#\/schema\/person\/37def232098a7a5cbab3974a3690abb0\"},\"headline\":\"Marc-Antoine Oliver 3\u00e8me de la Coupe du monde de natation en eau libre d&rsquo;Ibiza sur le 3km knockout\",\"datePublished\":\"2026-04-25T10:14:00+00:00\",\"dateModified\":\"2026-04-25T16:05:08+00:00\",\"mainEntityOfPage\":{\"@id\":\"https:\/\/dicodusport.fr\/blog\/marc-antoine-oliver-3eme-de-la-coupe-du-monde-de-natation-en-eau-libre-dibiza-sur-le-3km-knockout\/\"},\"wordCount\":380,\"commentCount\":0,\"publisher\":{\"@id\":\"https:\/\/dicodusport.fr\/blog\/#organization\"},\"image\":{\"@id\":\"https:\/\/dicodusport.fr\/blog\/marc-antoine-oliver-3eme-de-la-coupe-du-monde-de-natation-en-eau-libre-dibiza-sur-le-3km-knockout\/#primaryimage\"},\"thumbnailUrl\":\"https:\/\/dicodusport.fr\/blog\/wp-content\/uploads\/2026\/04\/Marc-Antoine-Oliver-3eme-de-la-Coupe-du-monde-de-natation-en-eau-libre-dIbiza-sur-le-3km-knockout-1.png\",\"keywords\":[\"br\u00e8ve\",\"coupe du monde natation en eau libre\",\"Marc-Antoine Olivier\"],\"articleSection\":[\"Natation\"],\"inLanguage\":\"fr-FR\",\"potentialAction\":[{\"@type\":\"CommentAction\",\"name\":\"Comment\",\"target\":[\"https:\/\/dicodusport.fr\/blog\/marc-antoine-oliver-3eme-de-la-coupe-du-monde-de-natation-en-eau-libre-dibiza-sur-le-3km-knockout\/#respond\"]}],\"copyrightYear\":\"2026\",\"copyrightHolder\":{\"@id\":\"https:\/\/dicodusport.fr\/blog\/#organization\"}},{\"@type\":\"WebPage\",\"@id\":\"https:\/\/dicodusport.fr\/blog\/marc-antoine-oliver-3eme-de-la-coupe-du-monde-de-natation-en-eau-libre-dibiza-sur-le-3km-knockout\/\",\"url\":\"https:\/\/dicodusport.fr\/blog\/marc-antoine-oliver-3eme-de-la-coupe-du-monde-de-natation-en-eau-libre-dibiza-sur-le-3km-knockout\/\",\"name\":\"Marc-Antoine Oliver 3\u00e8me de la Coupe du monde de natation en eau libre d'Ibiza sur le 3km knockout\",\"isPartOf\":{\"@id\":\"https:\/\/dicodusport.fr\/blog\/#website\"},\"primaryImageOfPage\":{\"@id\":\"https:\/\/dicodusport.fr\/blog\/marc-antoine-oliver-3eme-de-la-coupe-du-monde-de-natation-en-eau-libre-dibiza-sur-le-3km-knockout\/#primaryimage\"},\"image\":{\"@id\":\"https:\/\/dicodusport.fr\/blog\/marc-antoine-oliver-3eme-de-la-coupe-du-monde-de-natation-en-eau-libre-dibiza-sur-le-3km-knockout\/#primaryimage\"},\"thumbnailUrl\":\"https:\/\/dicodusport.fr\/blog\/wp-content\/uploads\/2026\/04\/Marc-Antoine-Oliver-3eme-de-la-Coupe-du-monde-de-natation-en-eau-libre-dIbiza-sur-le-3km-knockout-1.png\",\"datePublished\":\"2026-04-25T10:14:00+00:00\",\"dateModified\":\"2026-04-25T16:05:08+00:00\",\"description\":\"COUPE DU MONDE DE NATATION EN EAU LIBRE 2026 - Marc-Antoine Olivier s'est hiss\u00e9 sur le podium du 3km knockout d'Ibiza ce samedi.\",\"breadcrumb\":{\"@id\":\"https:\/\/dicodusport.fr\/blog\/marc-antoine-oliver-3eme-de-la-coupe-du-monde-de-natation-en-eau-libre-dibiza-sur-le-3km-knockout\/#breadcrumb\"},\"inLanguage\":\"fr-FR\",\"potentialAction\":[{\"@type\":\"ReadAction\",\"target\":[\"https:\/\/dicodusport.fr\/blog\/marc-antoine-oliver-3eme-de-la-coupe-du-monde-de-natation-en-eau-libre-dibiza-sur-le-3km-knockout\/\"]}]},{\"@type\":\"ImageObject\",\"inLanguage\":\"fr-FR\",\"@id\":\"https:\/\/dicodusport.fr\/blog\/marc-antoine-oliver-3eme-de-la-coupe-du-monde-de-natation-en-eau-libre-dibiza-sur-le-3km-knockout\/#primaryimage\",\"url\":\"https:\/\/dicodusport.fr\/blog\/wp-content\/uploads\/2026\/04\/Marc-Antoine-Oliver-3eme-de-la-Coupe-du-monde-de-natation-en-eau-libre-dIbiza-sur-le-3km-knockout-1.png\",\"contentUrl\":\"https:\/\/dicodusport.fr\/blog\/wp-content\/uploads\/2026\/04\/Marc-Antoine-Oliver-3eme-de-la-Coupe-du-monde-de-natation-en-eau-libre-dIbiza-sur-le-3km-knockout-1.png\",\"width\":1200,\"height\":674,\"caption\":\"Marc-Antoine Oliver 3\u00e8me de la Coupe du monde de natation en eau libre d'Ibiza sur le 3km knockout\"},{\"@type\":\"BreadcrumbList\",\"@id\":\"https:\/\/dicodusport.fr\/blog\/marc-antoine-oliver-3eme-de-la-coupe-du-monde-de-natation-en-eau-libre-dibiza-sur-le-3km-knockout\/#breadcrumb\",\"itemListElement\":[{\"@type\":\"ListItem\",\"position\":1,\"name\":\"Accueil\",\"item\":\"https:\/\/dicodusport.fr\/blog\/\"},{\"@type\":\"ListItem\",\"position\":2,\"name\":\"Marc-Antoine Oliver 3\u00e8me de la Coupe du monde de natation en eau libre d&rsquo;Ibiza sur le 3km knockout\"}]},{\"@type\":\"WebSite\",\"@id\":\"https:\/\/dicodusport.fr\/blog\/#website\",\"url\":\"https:\/\/dicodusport.fr\/blog\/\",\"name\":\"Dicodusport\",\"description\":\"L&#039;encyclop\u00e9die de l&#039;actualit\u00e9 sportive\",\"publisher\":{\"@id\":\"https:\/\/dicodusport.fr\/blog\/#organization\"},\"potentialAction\":[{\"@type\":\"SearchAction\",\"target\":{\"@type\":\"EntryPoint\",\"urlTemplate\":\"https:\/\/dicodusport.fr\/blog\/?s={search_term_string}\"},\"query-input\":{\"@type\":\"PropertyValueSpecification\",\"valueRequired\":true,\"valueName\":\"search_term_string\"}}],\"inLanguage\":\"fr-FR\"},{\"@type\":\"NewsMediaOrganization\",\"@id\":\"https:\/\/dicodusport.fr\/blog\/#organization\",\"name\":\"Dicodusport\",\"url\":\"https:\/\/dicodusport.fr\/blog\/\",\"logo\":{\"@type\":\"ImageObject\",\"inLanguage\":\"fr-FR\",\"@id\":\"https:\/\/dicodusport.fr\/blog\/#\/schema\/logo\/image\/\",\"url\":\"https:\/\/dicodusport.fr\/blog\/wp-content\/uploads\/2020\/06\/cropped-LOGO-DICODUSPORT-2020-SANS-FOND-SANS-TEXTE.png\",\"contentUrl\":\"https:\/\/dicodusport.fr\/blog\/wp-content\/uploads\/2020\/06\/cropped-LOGO-DICODUSPORT-2020-SANS-FOND-SANS-TEXTE.png\",\"width\":512,\"height\":512,\"caption\":\"Dicodusport\"},\"image\":{\"@id\":\"https:\/\/dicodusport.fr\/blog\/#\/schema\/logo\/image\/\"},\"sameAs\":[\"https:\/\/www.facebook.com\/dicodusport\",\"https:\/\/x.com\/dicodusport\",\"https:\/\/www.instagram.com\/dicodusport\/\",\"https:\/\/www.youtube.com\/channel\/UC7V2KZ5sd3htJivAbA4ZG3w\"],\"description\":\"Dicodusport est l'encyclop\u00e9die de l'actualit\u00e9 sportive.\",\"email\":\"bonjour@dicodusport.fr\",\"legalName\":\"DICODUSPORT\",\"foundingDate\":\"2018-01-14\",\"vatID\":\"FR71834470973\",\"taxID\":\"83447097300043\",\"numberOfEmployees\":{\"@type\":\"QuantitativeValue\",\"minValue\":\"1\",\"maxValue\":\"10\"}},{\"@type\":\"Person\",\"@id\":\"https:\/\/dicodusport.fr\/blog\/#\/schema\/person\/37def232098a7a5cbab3974a3690abb0\",\"name\":\"Maxime Cazenave\",\"image\":{\"@type\":\"ImageObject\",\"inLanguage\":\"fr-FR\",\"@id\":\"https:\/\/dicodusport.fr\/blog\/#\/schema\/person\/image\/\",\"url\":\"https:\/\/dicodusport.fr\/blog\/wp-content\/uploads\/2021\/05\/Maxime-Cazenave-150x150.jpg\",\"contentUrl\":\"https:\/\/dicodusport.fr\/blog\/wp-content\/uploads\/2021\/05\/Maxime-Cazenave-150x150.jpg\",\"caption\":\"Maxime Cazenave\"},\"description\":\"Journaliste\/R\u00e9dacteur depuis 2012 - Berc\u00e9 par l\u2019amour des Girondins de Bordeaux, les \u00e9checs de Christophe Moreau sur le Tour de France sous l'\u00e8re Lance Armstrong et le fade-away l\u00e9tal de Dirk Nowitzki, ma passion d\u00e9vorante pour le sport a toujours \u00e9t\u00e9 un pan incontournable de ma vie. Transmettre ma passion \u00e0 l\u2019\u00e9crit a \u00e9t\u00e9 une transition naturelle. Suiveur assidu de basket et de hockey sur glace, je garde toujours un peu de place pour suivre le cyclisme, le football et le maximum de performances fran\u00e7aises.\",\"sameAs\":[\"https:\/\/x.com\/https:\/\/twitter.com\/Maxime_Caze\"],\"url\":\"https:\/\/dicodusport.fr\/blog\/author\/maximec\/\"}]}<\/script>\n<!-- \/ Yoast SEO Premium plugin. -->","yoast_head_json":{"title":"Marc-Antoine Oliver 3\u00e8me de la Coupe du monde de natation en eau libre d'Ibiza sur le 3km knockout","description":"COUPE DU MONDE DE NATATION EN EAU LIBRE 2026 - Marc-Antoine Olivier s'est hiss\u00e9 sur le podium du 3km knockout d'Ibiza ce samedi.","robots":{"index":"index","follow":"follow","max-snippet":"max-snippet:-1","max-image-preview":"max-image-preview:large","max-video-preview":"max-video-preview:-1"},"canonical":"https:\/\/dicodusport.fr\/blog\/marc-antoine-oliver-3eme-de-la-coupe-du-monde-de-natation-en-eau-libre-dibiza-sur-le-3km-knockout\/","og_locale":"fr_FR","og_type":"article","og_title":"Marc-Antoine Oliver 3\u00e8me de la Coupe du monde de natation en eau libre d'Ibiza sur le 3km knockout","og_description":"COUPE DU MONDE DE NATATION EN EAU LIBRE 2026 - Marc-Antoine Olivier s'est hiss\u00e9 sur le podium du 3km knockout d'Ibiza ce samedi.","og_url":"https:\/\/dicodusport.fr\/blog\/marc-antoine-oliver-3eme-de-la-coupe-du-monde-de-natation-en-eau-libre-dibiza-sur-le-3km-knockout\/","og_site_name":"Dicodusport","article_publisher":"https:\/\/www.facebook.com\/dicodusport","article_published_time":"2026-04-25T10:14:00+00:00","article_modified_time":"2026-04-25T16:05:08+00:00","og_image":[{"width":1200,"height":674,"url":"https:\/\/dicodusport.fr\/blog\/wp-content\/uploads\/2026\/04\/Marc-Antoine-Oliver-3eme-de-la-Coupe-du-monde-de-natation-en-eau-libre-dIbiza-sur-le-3km-knockout-1.png","type":"image\/png"}],"author":"Maxime Cazenave","twitter_card":"summary_large_image","twitter_title":"Marc-Antoine Oliver 3\u00e8me de la Coupe du monde de natation en eau libre d'Ibiza sur le 3km knockout","twitter_creator":"@https:\/\/twitter.com\/Maxime_Caze","twitter_site":"@dicodusport","schema":{"@context":"https:\/\/schema.org","@graph":[{"@type":"NewsArticle","@id":"https:\/\/dicodusport.fr\/blog\/marc-antoine-oliver-3eme-de-la-coupe-du-monde-de-natation-en-eau-libre-dibiza-sur-le-3km-knockout\/#article","isPartOf":{"@id":"https:\/\/dicodusport.fr\/blog\/marc-antoine-oliver-3eme-de-la-coupe-du-monde-de-natation-en-eau-libre-dibiza-sur-le-3km-knockout\/"},"author":{"name":"Maxime Cazenave","@id":"https:\/\/dicodusport.fr\/blog\/#\/schema\/person\/37def232098a7a5cbab3974a3690abb0"},"headline":"Marc-Antoine Oliver 3\u00e8me de la Coupe du monde de natation en eau libre d&rsquo;Ibiza sur le 3km knockout","datePublished":"2026-04-25T10:14:00+00:00","dateModified":"2026-04-25T16:05:08+00:00","mainEntityOfPage":{"@id":"https:\/\/dicodusport.fr\/blog\/marc-antoine-oliver-3eme-de-la-coupe-du-monde-de-natation-en-eau-libre-dibiza-sur-le-3km-knockout\/"},"wordCount":380,"commentCount":0,"publisher":{"@id":"https:\/\/dicodusport.fr\/blog\/#organization"},"image":{"@id":"https:\/\/dicodusport.fr\/blog\/marc-antoine-oliver-3eme-de-la-coupe-du-monde-de-natation-en-eau-libre-dibiza-sur-le-3km-knockout\/#primaryimage"},"thumbnailUrl":"https:\/\/dicodusport.fr\/blog\/wp-content\/uploads\/2026\/04\/Marc-Antoine-Oliver-3eme-de-la-Coupe-du-monde-de-natation-en-eau-libre-dIbiza-sur-le-3km-knockout-1.png","keywords":["br\u00e8ve","coupe du monde natation en eau libre","Marc-Antoine Olivier"],"articleSection":["Natation"],"inLanguage":"fr-FR","potentialAction":[{"@type":"CommentAction","name":"Comment","target":["https:\/\/dicodusport.fr\/blog\/marc-antoine-oliver-3eme-de-la-coupe-du-monde-de-natation-en-eau-libre-dibiza-sur-le-3km-knockout\/#respond"]}],"copyrightYear":"2026","copyrightHolder":{"@id":"https:\/\/dicodusport.fr\/blog\/#organization"}},{"@type":"WebPage","@id":"https:\/\/dicodusport.fr\/blog\/marc-antoine-oliver-3eme-de-la-coupe-du-monde-de-natation-en-eau-libre-dibiza-sur-le-3km-knockout\/","url":"https:\/\/dicodusport.fr\/blog\/marc-antoine-oliver-3eme-de-la-coupe-du-monde-de-natation-en-eau-libre-dibiza-sur-le-3km-knockout\/","name":"Marc-Antoine Oliver 3\u00e8me de la Coupe du monde de natation en eau libre d'Ibiza sur le 3km knockout","isPartOf":{"@id":"https:\/\/dicodusport.fr\/blog\/#website"},"primaryImageOfPage":{"@id":"https:\/\/dicodusport.fr\/blog\/marc-antoine-oliver-3eme-de-la-coupe-du-monde-de-natation-en-eau-libre-dibiza-sur-le-3km-knockout\/#primaryimage"},"image":{"@id":"https:\/\/dicodusport.fr\/blog\/marc-antoine-oliver-3eme-de-la-coupe-du-monde-de-natation-en-eau-libre-dibiza-sur-le-3km-knockout\/#primaryimage"},"thumbnailUrl":"https:\/\/dicodusport.fr\/blog\/wp-content\/uploads\/2026\/04\/Marc-Antoine-Oliver-3eme-de-la-Coupe-du-monde-de-natation-en-eau-libre-dIbiza-sur-le-3km-knockout-1.png","datePublished":"2026-04-25T10:14:00+00:00","dateModified":"2026-04-25T16:05:08+00:00","description":"COUPE DU MONDE DE NATATION EN EAU LIBRE 2026 - Marc-Antoine Olivier s'est hiss\u00e9 sur le podium du 3km knockout d'Ibiza ce samedi.","breadcrumb":{"@id":"https:\/\/dicodusport.fr\/blog\/marc-antoine-oliver-3eme-de-la-coupe-du-monde-de-natation-en-eau-libre-dibiza-sur-le-3km-knockout\/#breadcrumb"},"inLanguage":"fr-FR","potentialAction":[{"@type":"ReadAction","target":["https:\/\/dicodusport.fr\/blog\/marc-antoine-oliver-3eme-de-la-coupe-du-monde-de-natation-en-eau-libre-dibiza-sur-le-3km-knockout\/"]}]},{"@type":"ImageObject","inLanguage":"fr-FR","@id":"https:\/\/dicodusport.fr\/blog\/marc-antoine-oliver-3eme-de-la-coupe-du-monde-de-natation-en-eau-libre-dibiza-sur-le-3km-knockout\/#primaryimage","url":"https:\/\/dicodusport.fr\/blog\/wp-content\/uploads\/2026\/04\/Marc-Antoine-Oliver-3eme-de-la-Coupe-du-monde-de-natation-en-eau-libre-dIbiza-sur-le-3km-knockout-1.png","contentUrl":"https:\/\/dicodusport.fr\/blog\/wp-content\/uploads\/2026\/04\/Marc-Antoine-Oliver-3eme-de-la-Coupe-du-monde-de-natation-en-eau-libre-dIbiza-sur-le-3km-knockout-1.png","width":1200,"height":674,"caption":"Marc-Antoine Oliver 3\u00e8me de la Coupe du monde de natation en eau libre d'Ibiza sur le 3km knockout"},{"@type":"BreadcrumbList","@id":"https:\/\/dicodusport.fr\/blog\/marc-antoine-oliver-3eme-de-la-coupe-du-monde-de-natation-en-eau-libre-dibiza-sur-le-3km-knockout\/#breadcrumb","itemListElement":[{"@type":"ListItem","position":1,"name":"Accueil","item":"https:\/\/dicodusport.fr\/blog\/"},{"@type":"ListItem","position":2,"name":"Marc-Antoine Oliver 3\u00e8me de la Coupe du monde de natation en eau libre d&rsquo;Ibiza sur le 3km knockout"}]},{"@type":"WebSite","@id":"https:\/\/dicodusport.fr\/blog\/#website","url":"https:\/\/dicodusport.fr\/blog\/","name":"Dicodusport","description":"L&#039;encyclop\u00e9die de l&#039;actualit\u00e9 sportive","publisher":{"@id":"https:\/\/dicodusport.fr\/blog\/#organization"},"potentialAction":[{"@type":"SearchAction","target":{"@type":"EntryPoint","urlTemplate":"https:\/\/dicodusport.fr\/blog\/?s={search_term_string}"},"query-input":{"@type":"PropertyValueSpecification","valueRequired":true,"valueName":"search_term_string"}}],"inLanguage":"fr-FR"},{"@type":"NewsMediaOrganization","@id":"https:\/\/dicodusport.fr\/blog\/#organization","name":"Dicodusport","url":"https:\/\/dicodusport.fr\/blog\/","logo":{"@type":"ImageObject","inLanguage":"fr-FR","@id":"https:\/\/dicodusport.fr\/blog\/#\/schema\/logo\/image\/","url":"https:\/\/dicodusport.fr\/blog\/wp-content\/uploads\/2020\/06\/cropped-LOGO-DICODUSPORT-2020-SANS-FOND-SANS-TEXTE.png","contentUrl":"https:\/\/dicodusport.fr\/blog\/wp-content\/uploads\/2020\/06\/cropped-LOGO-DICODUSPORT-2020-SANS-FOND-SANS-TEXTE.png","width":512,"height":512,"caption":"Dicodusport"},"image":{"@id":"https:\/\/dicodusport.fr\/blog\/#\/schema\/logo\/image\/"},"sameAs":["https:\/\/www.facebook.com\/dicodusport","https:\/\/x.com\/dicodusport","https:\/\/www.instagram.com\/dicodusport\/","https:\/\/www.youtube.com\/channel\/UC7V2KZ5sd3htJivAbA4ZG3w"],"description":"Dicodusport est l'encyclop\u00e9die de l'actualit\u00e9 sportive.","email":"bonjour@dicodusport.fr","legalName":"DICODUSPORT","foundingDate":"2018-01-14","vatID":"FR71834470973","taxID":"83447097300043","numberOfEmployees":{"@type":"QuantitativeValue","minValue":"1","maxValue":"10"}},{"@type":"Person","@id":"https:\/\/dicodusport.fr\/blog\/#\/schema\/person\/37def232098a7a5cbab3974a3690abb0","name":"Maxime Cazenave","image":{"@type":"ImageObject","inLanguage":"fr-FR","@id":"https:\/\/dicodusport.fr\/blog\/#\/schema\/person\/image\/","url":"https:\/\/dicodusport.fr\/blog\/wp-content\/uploads\/2021\/05\/Maxime-Cazenave-150x150.jpg","contentUrl":"https:\/\/dicodusport.fr\/blog\/wp-content\/uploads\/2021\/05\/Maxime-Cazenave-150x150.jpg","caption":"Maxime Cazenave"},"description":"Journaliste\/R\u00e9dacteur depuis 2012 - Berc\u00e9 par l\u2019amour des Girondins de Bordeaux, les \u00e9checs de Christophe Moreau sur le Tour de France sous l'\u00e8re Lance Armstrong et le fade-away l\u00e9tal de Dirk Nowitzki, ma passion d\u00e9vorante pour le sport a toujours \u00e9t\u00e9 un pan incontournable de ma vie. Transmettre ma passion \u00e0 l\u2019\u00e9crit a \u00e9t\u00e9 une transition naturelle. Suiveur assidu de basket et de hockey sur glace, je garde toujours un peu de place pour suivre le cyclisme, le football et le maximum de performances fran\u00e7aises.","sameAs":["https:\/\/x.com\/https:\/\/twitter.com\/Maxime_Caze"],"url":"https:\/\/dicodusport.fr\/blog\/author\/maximec\/"}]}},"_links":{"self":[{"href":"https:\/\/dicodusport.fr\/blog\/wp-json\/wp\/v2\/posts\/665344","targetHints":{"allow":["GET"]}}],"collection":[{"href":"https:\/\/dicodusport.fr\/blog\/wp-json\/wp\/v2\/posts"}],"about":[{"href":"https:\/\/dicodusport.fr\/blog\/wp-json\/wp\/v2\/types\/post"}],"author":[{"embeddable":true,"href":"https:\/\/dicodusport.fr\/blog\/wp-json\/wp\/v2\/users\/55"}],"replies":[{"embeddable":true,"href":"https:\/\/dicodusport.fr\/blog\/wp-json\/wp\/v2\/comments?post=665344"}],"version-history":[{"count":4,"href":"https:\/\/dicodusport.fr\/blog\/wp-json\/wp\/v2\/posts\/665344\/revisions"}],"predecessor-version":[{"id":665358,"href":"https:\/\/dicodusport.fr\/blog\/wp-json\/wp\/v2\/posts\/665344\/revisions\/665358"}],"wp:featuredmedia":[{"embeddable":true,"href":"https:\/\/dicodusport.fr\/blog\/wp-json\/wp\/v2\/media\/665449"}],"wp:attachment":[{"href":"https:\/\/dicodusport.fr\/blog\/wp-json\/wp\/v2\/media?parent=665344"}],"wp:term":[{"taxonomy":"category","embeddable":true,"href":"https:\/\/dicodusport.fr\/blog\/wp-json\/wp\/v2\/categories?post=665344"},{"taxonomy":"post_tag","embeddable":true,"href":"https:\/\/dicodusport.fr\/blog\/wp-json\/wp\/v2\/tags?post=665344"}],"curies":[{"name":"wp","href":"https:\/\/api.w.org\/{rel}","templated":true}]}}