{"id":665453,"date":"2026-04-25T18:21:20","date_gmt":"2026-04-25T16:21:20","guid":{"rendered":"https:\/\/dicodusport.fr\/blog\/?p=665453&#038;preview=true&#038;preview_id=665453"},"modified":"2026-04-25T18:21:20","modified_gmt":"2026-04-25T16:21:20","slug":"pour-johann-zarco-marc-marquez-ne-devrait-pas-gagner-la-course-sprint-a-jerez","status":"publish","type":"post","link":"https:\/\/dicodusport.fr\/blog\/pour-johann-zarco-marc-marquez-ne-devrait-pas-gagner-la-course-sprint-a-jerez\/","title":{"rendered":"Pour Johann Zarco, Marc Marquez \u00ab\u00a0ne devrait pas gagner\u00a0\u00bb la course sprint \u00e0 Jerez"},"content":{"rendered":"<p style=\"text-align: justify;\"><strong><em>MOTOGP \u2013 GRAND PRIX D&rsquo;ESPAGNE 2026 \u2013 Au micro de Canal+, Johann Zarco a donn\u00e9 un avis tranch\u00e9 sur la victoire de Marc Marquez lors de la course sprint.<\/em><\/strong><\/p>\n<ul style=\"text-align: justify;\">\n<li><strong>\u00c0 ce sujet \u2013\u00a0<a href=\"https:\/\/dicodusport.fr\/blog\/motogp-grand-prix-despagne-2026-programme-horaires-et-resultats-mis-a-jour\/\">MotoGP Grand Prix d\u2019Espagne 2026 : Programme, Horaires et R\u00e9sultats mis \u00e0 jour<\/a><\/strong><\/li>\n<\/ul>\n<p style=\"text-align: justify;\">La course sprint du Grand Prix Moto d&rsquo;Espagne a \u00e9t\u00e9 anim\u00e9e. En cause : la pluie, arriv\u00e9e en masse en plein milieu de la course. Ce qui a provoqu\u00e9 de nombreuses chutes, du spectacle, et un sc\u00e9nario rocambolesque. Mais le vainqueur est assez classique : Marc Marquez.<\/p>\n<div class=\"vlp-link-container vlp-layout-article\"><a href=\"https:\/\/dicodusport.fr\/blog\/marc-marquez-remporte-une-course-sprint-spectaculaire-sous-la-pluie-a-jerez\/\" class=\"vlp-link\" title=\"Marc Marquez remporte une course sprint spectaculaire sous la pluie \u00e0 Jerez\"><\/a><div class=\"vlp-layout-zone-side\"><div class=\"vlp-block-4 vlp-link-image\"><img loading=\"lazy\" decoding=\"async\" style=\"max-width: 792px;\" width=\"792\" height=\"445\" src=\"https:\/\/dicodusport.fr\/blog\/wp-content\/uploads\/2026\/04\/Marc-Marquez-remporte-une-course-sprint-spectaculaire-sous-la-pluie-a-Jerez.png\" class=\"attachment-800x445 size-800x445\" alt=\"Marc Marquez remporte une course sprint spectaculaire sous la pluie \u00e0 Jerez\" srcset=\"https:\/\/dicodusport.fr\/blog\/wp-content\/uploads\/2026\/04\/Marc-Marquez-remporte-une-course-sprint-spectaculaire-sous-la-pluie-a-Jerez.png 1200w, https:\/\/dicodusport.fr\/blog\/wp-content\/uploads\/2026\/04\/Marc-Marquez-remporte-une-course-sprint-spectaculaire-sous-la-pluie-a-Jerez-300x169.png 300w, https:\/\/dicodusport.fr\/blog\/wp-content\/uploads\/2026\/04\/Marc-Marquez-remporte-une-course-sprint-spectaculaire-sous-la-pluie-a-Jerez-1024x575.png 1024w, https:\/\/dicodusport.fr\/blog\/wp-content\/uploads\/2026\/04\/Marc-Marquez-remporte-une-course-sprint-spectaculaire-sous-la-pluie-a-Jerez-768x431.png 768w\" sizes=\"auto, (max-width: 792px) 100vw, 792px\" \/><\/div><\/div><div class=\"vlp-layout-zone-main\"><div class=\"vlp-block-0 vlp-link-title\">Marc Marquez remporte une course sprint spectaculaire sous la pluie \u00e0 Jerez<\/div><div class=\"vlp-block-1 vlp-link-summary\">MOTOGP \u2013 GRAND PRIX D'ESPAGNE 2026 \u2013 Sous la pluie, et apr\u00e8s un changement de moto, Marc Marquez rafle la victoire devant Francesco Bagnaia.\u00a0<\/div><div class=\"vlp-block-2 vlp-link-button\">Lire l'article<\/div><div class=\"vlp-block-3 vlp-link-url\">dicodusport.fr<\/div><\/div><\/div>\n<h2 style=\"text-align: justify;\">Johann Zarco vote contre<\/h2>\n<p style=\"text-align: justify;\">N\u00e9anmoins, un fait de course a largement \u00e9t\u00e9 ignor\u00e9 : le champion du monde en titre a chut\u00e9 dans le dernier virage, au moment o\u00f9 la pluie redoublait. Et quand il est remont\u00e9 sur sa moto, il a coup\u00e9 \u00e0 travers l&rsquo;herbe pour rejoindre les stands, ayant d\u00e9j\u00e0 pass\u00e9 l&rsquo;entr\u00e9e. Ce qui lui a permis de changer de moto et de rester en course pour la victoire.<\/p>\n<blockquote class=\"twitter-tweet\">\n<p dir=\"ltr\" lang=\"en\">\ud83e\udd2f <a href=\"https:\/\/twitter.com\/marcmarquez93?ref_src=twsrc%5Etfw\">@marcmarquez93<\/a> HAS CRASHED BUT HAS MADE IT TO THE BOX TO CHANGE BIKES<a href=\"https:\/\/twitter.com\/hashtag\/SpanishGP?src=hash&amp;ref_src=twsrc%5Etfw\">#SpanishGP<\/a> \ud83c\uddea\ud83c\uddf8 <a href=\"https:\/\/t.co\/K41IPHPxTC\">pic.twitter.com\/K41IPHPxTC<\/a><\/p>\n<p>\u2014 MotoGP\u2122\ud83c\udfc1 (@MotoGP) <a href=\"https:\/\/twitter.com\/MotoGP\/status\/2048028913260011938?ref_src=twsrc%5Etfw\">April 25, 2026<\/a><\/p><\/blockquote>\n<p style=\"text-align: justify;\"><script async src=\"https:\/\/platform.twitter.com\/widgets.js\" charset=\"utf-8\"><\/script><\/p>\n<p style=\"text-align: justify;\">Aucune p\u00e9nalit\u00e9 pour <strong>Marc Marquez<\/strong>, qui a gard\u00e9 le b\u00e9n\u00e9fice de sa victoire. Ce qui a interpell\u00e9, notamment <strong>Johann Zarco<\/strong>. Au micro de Canal+, le Fran\u00e7ais a livr\u00e9 son analyse.<\/p>\n<div class=\"bg-gray-50 border border-gray-200 rounded-lg p-4 mb-4\" style=\"text-align: justify;\">\n<blockquote>\n<p class=\"text-gray-800 whitespace-pre-wrap\" style=\"text-align: justify;\">Il ne devrait pas gagner la course parce que quand il tombe dans le dernier virage, \u00e7a veut d\u00e9j\u00e0 dire que tu as pris la d\u00e9cision de ne pas rentrer au stand. S&rsquo;il est au virage 13 et qu&rsquo;il revient au stand, \u00e7a veut dire qu&rsquo;il revient en arri\u00e8re. Et on ne revient pas en arri\u00e8re sur la piste. S&rsquo;il n&rsquo;a pas de p\u00e9nalit\u00e9, c&rsquo;est franchement tr\u00e8s bizarre. Apr\u00e8s, on dira toujours comme s&rsquo;il connaissait mieux le r\u00e8glement que n&rsquo;importe qui d&rsquo;autre. Je ne crois pas, il a juste \u00e9norm\u00e9ment de chance. Il a os\u00e9 prendre ce risque, il serait rentr\u00e9 un tour trop tard aussi. Donc apr\u00e8s peut-\u00eatre qu&rsquo;il serait all\u00e9 un peu plus vite que les autres, mais sans avoir la victoire parce que sa d\u00e9cision \u00e9tait prise, je rentre peut-\u00eatre le tour d&rsquo;apr\u00e8s. Il tombe, oh bah tiens je vais rentrer au stand. Normalement ce n&rsquo;est pas possible.<\/p>\n<\/blockquote>\n<\/div>\n<div class=\"border-t border-gray-200 pt-6 mt-6\" style=\"text-align: justify;\">Chacun se fera son opinion, on sera clairement d&rsquo;accord avec le Fran\u00e7ais&#8230;<\/div>\n<blockquote class=\"twitter-tweet\">\n<p dir=\"ltr\" lang=\"fr\">\ud83c\udf99\ufe0f\u00a0\u00bbIl ne devrait pas gagner la course\u00a0\u00bb<\/p>\n<p>L&rsquo;avis de Johann Zarco sur l&rsquo;incident de Marc M\u00e1rquez en course sprint \ud83d\udc40<a href=\"https:\/\/twitter.com\/hashtag\/motogp?src=hash&amp;ref_src=twsrc%5Etfw\">#motogp<\/a> <a href=\"https:\/\/twitter.com\/hashtag\/SpanishGP?src=hash&amp;ref_src=twsrc%5Etfw\">#SpanishGP<\/a> <a href=\"https:\/\/t.co\/rt58nwzock\">pic.twitter.com\/rt58nwzock<\/a><\/p>\n<p>\u2014 CANAL+ MotoGP\u2122 (@CanalplusMotoGP) <a href=\"https:\/\/twitter.com\/CanalplusMotoGP\/status\/2048058274025468209?ref_src=twsrc%5Etfw\">April 25, 2026<\/a><\/p><\/blockquote>\n<p style=\"text-align: justify;\"><script async src=\"https:\/\/platform.twitter.com\/widgets.js\" charset=\"utf-8\"><\/script><\/p>\n<h3 style=\"text-align: justify;\">\u00c0 lire aussi<\/h3>\n<ul style=\"text-align: justify;\">\n<li><strong>\u00c0 ce sujet \u2013\u00a0<\/strong><a href=\"https:\/\/dicodusport.fr\/blog\/motogp-2026-le-classement-du-championnat-du-monde-des-pilotes-mis-a-jour\/\"><strong>MotoGP 2026 : le classement du championnat du monde des pilotes mis \u00e0 jour<\/strong><\/a><\/li>\n<li><strong>\u00c0 ce sujet \u2013\u00a0<a href=\"https:\/\/dicodusport.fr\/blog\/calendrier-motogp-2026-toutes-les-dates-et-le-programme-complet-de-la-saison\/\">Calendrier MotoGP 2026 : toutes les dates et le programme complet de la saison<\/a><\/strong><\/li>\n<\/ul>\n<div id=\"gtx-trans\" style=\"position: absolute; left: -14px; top: 40.9091px;\">\n<div class=\"gtx-trans-icon\" style=\"text-align: justify;\"><\/div>\n<\/div>\n","protected":false},"excerpt":{"rendered":"<p>MOTOGP \u2013 GRAND PRIX D&rsquo;ESPAGNE 2026 \u2013 Au micro de Canal+, Johann Zarco a donn\u00e9 un avis tranch\u00e9 sur la victoire de Marc Marquez lors de la course sprint.<\/p>\n","protected":false},"author":59,"featured_media":665454,"comment_status":"open","ping_status":"closed","sticky":false,"template":"","format":"standard","meta":{"_acf_changed":false,"_daextam_enable_autolinks":"1","footnotes":""},"categories":[47087],"tags":[32415,16878,16272,4734],"class_list":["post-665453","post","type-post","status-publish","format-standard","has-post-thumbnail","hentry","category-motogp","tag-actu","tag-breve","tag-grand-prix-despagne-motogp","tag-johann-zarco"],"acf":[],"yoast_head":"<!-- This site is optimized with the Yoast SEO Premium plugin v26.7 (Yoast SEO v26.7) - https:\/\/yoast.com\/wordpress\/plugins\/seo\/ -->\n<title>Pour Johann Zarco, Marc Marquez &quot;ne devrait pas gagner&quot; la course sprint \u00e0 Jerez<\/title>\n<meta name=\"description\" content=\"MOTOGP \u2013 GRAND PRIX D&#039;ESPAGNE 2026 \u2013 Au micro de Canal+, Johann Zarco a donn\u00e9 un avis tranch\u00e9 sur la victoire de Marc Marquez lors de la course sprint.\" \/>\n<meta name=\"robots\" content=\"index, follow, max-snippet:-1, max-image-preview:large, max-video-preview:-1\" \/>\n<link rel=\"canonical\" href=\"https:\/\/dicodusport.fr\/blog\/pour-johann-zarco-marc-marquez-ne-devrait-pas-gagner-la-course-sprint-a-jerez\/\" \/>\n<meta property=\"og:locale\" content=\"fr_FR\" \/>\n<meta property=\"og:type\" content=\"article\" \/>\n<meta property=\"og:title\" content=\"Pour Johann Zarco, Marc Marquez &quot;ne devrait pas gagner&quot; la course sprint \u00e0 Jerez\" \/>\n<meta property=\"og:description\" content=\"MOTOGP \u2013 GRAND PRIX D&#039;ESPAGNE 2026 \u2013 Au micro de Canal+, Johann Zarco a donn\u00e9 un avis tranch\u00e9 sur la victoire de Marc Marquez lors de la course sprint.\" \/>\n<meta property=\"og:url\" content=\"https:\/\/dicodusport.fr\/blog\/pour-johann-zarco-marc-marquez-ne-devrait-pas-gagner-la-course-sprint-a-jerez\/\" \/>\n<meta property=\"og:site_name\" content=\"Dicodusport\" \/>\n<meta property=\"article:publisher\" content=\"https:\/\/www.facebook.com\/dicodusport\" \/>\n<meta property=\"article:author\" content=\"https:\/\/www.facebook.com\/sebastien.gente\/\" \/>\n<meta property=\"article:published_time\" content=\"2026-04-25T16:21:20+00:00\" \/>\n<meta property=\"og:image\" content=\"https:\/\/dicodusport.fr\/blog\/wp-content\/uploads\/2026\/04\/Pour-Johann-Zarco-Marc-Marquez-ne-devrait-pas-gagner-la-course-sprint-a-Jerez.png\" \/>\n\t<meta property=\"og:image:width\" content=\"1200\" \/>\n\t<meta property=\"og:image:height\" content=\"674\" \/>\n\t<meta property=\"og:image:type\" content=\"image\/png\" \/>\n<meta name=\"author\" content=\"S\u00e9bastien Gente\" \/>\n<meta name=\"twitter:card\" content=\"summary_large_image\" \/>\n<meta name=\"twitter:title\" content=\"Pour Johann Zarco, Marc Marquez &quot;ne devrait pas gagner&quot; la course sprint \u00e0 Jerez\" \/>\n<meta name=\"twitter:creator\" content=\"@https:\/\/twitter.com\/globulo24\" \/>\n<meta name=\"twitter:site\" content=\"@dicodusport\" \/>\n<script type=\"application\/ld+json\" class=\"yoast-schema-graph\">{\"@context\":\"https:\/\/schema.org\",\"@graph\":[{\"@type\":\"NewsArticle\",\"@id\":\"https:\/\/dicodusport.fr\/blog\/pour-johann-zarco-marc-marquez-ne-devrait-pas-gagner-la-course-sprint-a-jerez\/#article\",\"isPartOf\":{\"@id\":\"https:\/\/dicodusport.fr\/blog\/pour-johann-zarco-marc-marquez-ne-devrait-pas-gagner-la-course-sprint-a-jerez\/\"},\"author\":{\"name\":\"S\u00e9bastien Gente\",\"@id\":\"https:\/\/dicodusport.fr\/blog\/#\/schema\/person\/627966a6cde45dbd8c5e36ac85d783da\"},\"headline\":\"Pour Johann Zarco, Marc Marquez \u00ab\u00a0ne devrait pas gagner\u00a0\u00bb la course sprint \u00e0 Jerez\",\"datePublished\":\"2026-04-25T16:21:20+00:00\",\"mainEntityOfPage\":{\"@id\":\"https:\/\/dicodusport.fr\/blog\/pour-johann-zarco-marc-marquez-ne-devrait-pas-gagner-la-course-sprint-a-jerez\/\"},\"wordCount\":579,\"commentCount\":0,\"publisher\":{\"@id\":\"https:\/\/dicodusport.fr\/blog\/#organization\"},\"image\":{\"@id\":\"https:\/\/dicodusport.fr\/blog\/pour-johann-zarco-marc-marquez-ne-devrait-pas-gagner-la-course-sprint-a-jerez\/#primaryimage\"},\"thumbnailUrl\":\"https:\/\/dicodusport.fr\/blog\/wp-content\/uploads\/2026\/04\/Pour-Johann-Zarco-Marc-Marquez-ne-devrait-pas-gagner-la-course-sprint-a-Jerez.png\",\"keywords\":[\"actu\",\"br\u00e8ve\",\"Grand Prix d'Espagne MotoGP\",\"Johann Zarco\"],\"articleSection\":[\"MotoGP\"],\"inLanguage\":\"fr-FR\",\"potentialAction\":[{\"@type\":\"CommentAction\",\"name\":\"Comment\",\"target\":[\"https:\/\/dicodusport.fr\/blog\/pour-johann-zarco-marc-marquez-ne-devrait-pas-gagner-la-course-sprint-a-jerez\/#respond\"]}],\"copyrightYear\":\"2026\",\"copyrightHolder\":{\"@id\":\"https:\/\/dicodusport.fr\/blog\/#organization\"}},{\"@type\":\"WebPage\",\"@id\":\"https:\/\/dicodusport.fr\/blog\/pour-johann-zarco-marc-marquez-ne-devrait-pas-gagner-la-course-sprint-a-jerez\/\",\"url\":\"https:\/\/dicodusport.fr\/blog\/pour-johann-zarco-marc-marquez-ne-devrait-pas-gagner-la-course-sprint-a-jerez\/\",\"name\":\"Pour Johann Zarco, Marc Marquez \\\"ne devrait pas gagner\\\" la course sprint \u00e0 Jerez\",\"isPartOf\":{\"@id\":\"https:\/\/dicodusport.fr\/blog\/#website\"},\"primaryImageOfPage\":{\"@id\":\"https:\/\/dicodusport.fr\/blog\/pour-johann-zarco-marc-marquez-ne-devrait-pas-gagner-la-course-sprint-a-jerez\/#primaryimage\"},\"image\":{\"@id\":\"https:\/\/dicodusport.fr\/blog\/pour-johann-zarco-marc-marquez-ne-devrait-pas-gagner-la-course-sprint-a-jerez\/#primaryimage\"},\"thumbnailUrl\":\"https:\/\/dicodusport.fr\/blog\/wp-content\/uploads\/2026\/04\/Pour-Johann-Zarco-Marc-Marquez-ne-devrait-pas-gagner-la-course-sprint-a-Jerez.png\",\"datePublished\":\"2026-04-25T16:21:20+00:00\",\"description\":\"MOTOGP \u2013 GRAND PRIX D'ESPAGNE 2026 \u2013 Au micro de Canal+, Johann Zarco a donn\u00e9 un avis tranch\u00e9 sur la victoire de Marc Marquez lors de la course sprint.\",\"breadcrumb\":{\"@id\":\"https:\/\/dicodusport.fr\/blog\/pour-johann-zarco-marc-marquez-ne-devrait-pas-gagner-la-course-sprint-a-jerez\/#breadcrumb\"},\"inLanguage\":\"fr-FR\",\"potentialAction\":[{\"@type\":\"ReadAction\",\"target\":[\"https:\/\/dicodusport.fr\/blog\/pour-johann-zarco-marc-marquez-ne-devrait-pas-gagner-la-course-sprint-a-jerez\/\"]}]},{\"@type\":\"ImageObject\",\"inLanguage\":\"fr-FR\",\"@id\":\"https:\/\/dicodusport.fr\/blog\/pour-johann-zarco-marc-marquez-ne-devrait-pas-gagner-la-course-sprint-a-jerez\/#primaryimage\",\"url\":\"https:\/\/dicodusport.fr\/blog\/wp-content\/uploads\/2026\/04\/Pour-Johann-Zarco-Marc-Marquez-ne-devrait-pas-gagner-la-course-sprint-a-Jerez.png\",\"contentUrl\":\"https:\/\/dicodusport.fr\/blog\/wp-content\/uploads\/2026\/04\/Pour-Johann-Zarco-Marc-Marquez-ne-devrait-pas-gagner-la-course-sprint-a-Jerez.png\",\"width\":1200,\"height\":674,\"caption\":\"Pour Johann Zarco, Marc Marquez ne devrait pas gagner la course sprint \u00e0 Jerez\"},{\"@type\":\"BreadcrumbList\",\"@id\":\"https:\/\/dicodusport.fr\/blog\/pour-johann-zarco-marc-marquez-ne-devrait-pas-gagner-la-course-sprint-a-jerez\/#breadcrumb\",\"itemListElement\":[{\"@type\":\"ListItem\",\"position\":1,\"name\":\"Accueil\",\"item\":\"https:\/\/dicodusport.fr\/blog\/\"},{\"@type\":\"ListItem\",\"position\":2,\"name\":\"Pour Johann Zarco, Marc Marquez \u00ab\u00a0ne devrait pas gagner\u00a0\u00bb la course sprint \u00e0 Jerez\"}]},{\"@type\":\"WebSite\",\"@id\":\"https:\/\/dicodusport.fr\/blog\/#website\",\"url\":\"https:\/\/dicodusport.fr\/blog\/\",\"name\":\"Dicodusport\",\"description\":\"L&#039;encyclop\u00e9die de l&#039;actualit\u00e9 sportive\",\"publisher\":{\"@id\":\"https:\/\/dicodusport.fr\/blog\/#organization\"},\"potentialAction\":[{\"@type\":\"SearchAction\",\"target\":{\"@type\":\"EntryPoint\",\"urlTemplate\":\"https:\/\/dicodusport.fr\/blog\/?s={search_term_string}\"},\"query-input\":{\"@type\":\"PropertyValueSpecification\",\"valueRequired\":true,\"valueName\":\"search_term_string\"}}],\"inLanguage\":\"fr-FR\"},{\"@type\":\"NewsMediaOrganization\",\"@id\":\"https:\/\/dicodusport.fr\/blog\/#organization\",\"name\":\"Dicodusport\",\"url\":\"https:\/\/dicodusport.fr\/blog\/\",\"logo\":{\"@type\":\"ImageObject\",\"inLanguage\":\"fr-FR\",\"@id\":\"https:\/\/dicodusport.fr\/blog\/#\/schema\/logo\/image\/\",\"url\":\"https:\/\/dicodusport.fr\/blog\/wp-content\/uploads\/2020\/06\/cropped-LOGO-DICODUSPORT-2020-SANS-FOND-SANS-TEXTE.png\",\"contentUrl\":\"https:\/\/dicodusport.fr\/blog\/wp-content\/uploads\/2020\/06\/cropped-LOGO-DICODUSPORT-2020-SANS-FOND-SANS-TEXTE.png\",\"width\":512,\"height\":512,\"caption\":\"Dicodusport\"},\"image\":{\"@id\":\"https:\/\/dicodusport.fr\/blog\/#\/schema\/logo\/image\/\"},\"sameAs\":[\"https:\/\/www.facebook.com\/dicodusport\",\"https:\/\/x.com\/dicodusport\",\"https:\/\/www.instagram.com\/dicodusport\/\",\"https:\/\/www.youtube.com\/channel\/UC7V2KZ5sd3htJivAbA4ZG3w\"],\"description\":\"Dicodusport est l'encyclop\u00e9die de l'actualit\u00e9 sportive.\",\"email\":\"bonjour@dicodusport.fr\",\"legalName\":\"DICODUSPORT\",\"foundingDate\":\"2018-01-14\",\"vatID\":\"FR71834470973\",\"taxID\":\"83447097300043\",\"numberOfEmployees\":{\"@type\":\"QuantitativeValue\",\"minValue\":\"1\",\"maxValue\":\"10\"}},{\"@type\":\"Person\",\"@id\":\"https:\/\/dicodusport.fr\/blog\/#\/schema\/person\/627966a6cde45dbd8c5e36ac85d783da\",\"name\":\"S\u00e9bastien Gente\",\"image\":{\"@type\":\"ImageObject\",\"inLanguage\":\"fr-FR\",\"@id\":\"https:\/\/dicodusport.fr\/blog\/#\/schema\/person\/image\/\",\"url\":\"https:\/\/dicodusport.fr\/blog\/wp-content\/uploads\/2021\/09\/1510990_10205810251400683_4124423575079401707_n-150x150.jpg\",\"contentUrl\":\"https:\/\/dicodusport.fr\/blog\/wp-content\/uploads\/2021\/09\/1510990_10205810251400683_4124423575079401707_n-150x150.jpg\",\"caption\":\"S\u00e9bastien Gente\"},\"description\":\"John Stockton, Gianni Bugno, Zinedine Zidane, Steffi Graf, Frode Andresen, St\u00e9phane Stoecklin, Davis Kamoga, Primoz Peterka, Werner Schlager et Aur\u00e9lien Rougerie. Point commun entre ces sportifs? Ils m'ont fait r\u00eaver et ont berc\u00e9 mon adolescence. Je suis un fondu de sports et j'essaie de retranscrire ma passion \u00e0 travers mes articles. Originaire du P\u00e9rigord, ma passion pour les Girondins, les Jaunards et les Jazzmen transpire dans mes \u00e9crits. \u00c0 Dicodusport depuis 2021, je d\u00e9niche les sports m\u00e9connus dans lesquels la France brille, et il y en a !\",\"sameAs\":[\"https:\/\/www.facebook.com\/sebastien.gente\/\",\"https:\/\/www.instagram.com\/sebgente\/\",\"https:\/\/www.linkedin.com\/in\/sbastien-gente-a29583169\/\",\"https:\/\/x.com\/https:\/\/twitter.com\/globulo24\",\"SebastienGente\"],\"worksFor\":\"S\u00e9bastien GENTE\",\"url\":\"https:\/\/dicodusport.fr\/blog\/author\/sebastiengente\/\"}]}<\/script>\n<!-- \/ Yoast SEO Premium plugin. -->","yoast_head_json":{"title":"Pour Johann Zarco, Marc Marquez \"ne devrait pas gagner\" la course sprint \u00e0 Jerez","description":"MOTOGP \u2013 GRAND PRIX D'ESPAGNE 2026 \u2013 Au micro de Canal+, Johann Zarco a donn\u00e9 un avis tranch\u00e9 sur la victoire de Marc Marquez lors de la course sprint.","robots":{"index":"index","follow":"follow","max-snippet":"max-snippet:-1","max-image-preview":"max-image-preview:large","max-video-preview":"max-video-preview:-1"},"canonical":"https:\/\/dicodusport.fr\/blog\/pour-johann-zarco-marc-marquez-ne-devrait-pas-gagner-la-course-sprint-a-jerez\/","og_locale":"fr_FR","og_type":"article","og_title":"Pour Johann Zarco, Marc Marquez \"ne devrait pas gagner\" la course sprint \u00e0 Jerez","og_description":"MOTOGP \u2013 GRAND PRIX D'ESPAGNE 2026 \u2013 Au micro de Canal+, Johann Zarco a donn\u00e9 un avis tranch\u00e9 sur la victoire de Marc Marquez lors de la course sprint.","og_url":"https:\/\/dicodusport.fr\/blog\/pour-johann-zarco-marc-marquez-ne-devrait-pas-gagner-la-course-sprint-a-jerez\/","og_site_name":"Dicodusport","article_publisher":"https:\/\/www.facebook.com\/dicodusport","article_author":"https:\/\/www.facebook.com\/sebastien.gente\/","article_published_time":"2026-04-25T16:21:20+00:00","og_image":[{"width":1200,"height":674,"url":"https:\/\/dicodusport.fr\/blog\/wp-content\/uploads\/2026\/04\/Pour-Johann-Zarco-Marc-Marquez-ne-devrait-pas-gagner-la-course-sprint-a-Jerez.png","type":"image\/png"}],"author":"S\u00e9bastien Gente","twitter_card":"summary_large_image","twitter_title":"Pour Johann Zarco, Marc Marquez \"ne devrait pas gagner\" la course sprint \u00e0 Jerez","twitter_creator":"@https:\/\/twitter.com\/globulo24","twitter_site":"@dicodusport","schema":{"@context":"https:\/\/schema.org","@graph":[{"@type":"NewsArticle","@id":"https:\/\/dicodusport.fr\/blog\/pour-johann-zarco-marc-marquez-ne-devrait-pas-gagner-la-course-sprint-a-jerez\/#article","isPartOf":{"@id":"https:\/\/dicodusport.fr\/blog\/pour-johann-zarco-marc-marquez-ne-devrait-pas-gagner-la-course-sprint-a-jerez\/"},"author":{"name":"S\u00e9bastien Gente","@id":"https:\/\/dicodusport.fr\/blog\/#\/schema\/person\/627966a6cde45dbd8c5e36ac85d783da"},"headline":"Pour Johann Zarco, Marc Marquez \u00ab\u00a0ne devrait pas gagner\u00a0\u00bb la course sprint \u00e0 Jerez","datePublished":"2026-04-25T16:21:20+00:00","mainEntityOfPage":{"@id":"https:\/\/dicodusport.fr\/blog\/pour-johann-zarco-marc-marquez-ne-devrait-pas-gagner-la-course-sprint-a-jerez\/"},"wordCount":579,"commentCount":0,"publisher":{"@id":"https:\/\/dicodusport.fr\/blog\/#organization"},"image":{"@id":"https:\/\/dicodusport.fr\/blog\/pour-johann-zarco-marc-marquez-ne-devrait-pas-gagner-la-course-sprint-a-jerez\/#primaryimage"},"thumbnailUrl":"https:\/\/dicodusport.fr\/blog\/wp-content\/uploads\/2026\/04\/Pour-Johann-Zarco-Marc-Marquez-ne-devrait-pas-gagner-la-course-sprint-a-Jerez.png","keywords":["actu","br\u00e8ve","Grand Prix d'Espagne MotoGP","Johann Zarco"],"articleSection":["MotoGP"],"inLanguage":"fr-FR","potentialAction":[{"@type":"CommentAction","name":"Comment","target":["https:\/\/dicodusport.fr\/blog\/pour-johann-zarco-marc-marquez-ne-devrait-pas-gagner-la-course-sprint-a-jerez\/#respond"]}],"copyrightYear":"2026","copyrightHolder":{"@id":"https:\/\/dicodusport.fr\/blog\/#organization"}},{"@type":"WebPage","@id":"https:\/\/dicodusport.fr\/blog\/pour-johann-zarco-marc-marquez-ne-devrait-pas-gagner-la-course-sprint-a-jerez\/","url":"https:\/\/dicodusport.fr\/blog\/pour-johann-zarco-marc-marquez-ne-devrait-pas-gagner-la-course-sprint-a-jerez\/","name":"Pour Johann Zarco, Marc Marquez \"ne devrait pas gagner\" la course sprint \u00e0 Jerez","isPartOf":{"@id":"https:\/\/dicodusport.fr\/blog\/#website"},"primaryImageOfPage":{"@id":"https:\/\/dicodusport.fr\/blog\/pour-johann-zarco-marc-marquez-ne-devrait-pas-gagner-la-course-sprint-a-jerez\/#primaryimage"},"image":{"@id":"https:\/\/dicodusport.fr\/blog\/pour-johann-zarco-marc-marquez-ne-devrait-pas-gagner-la-course-sprint-a-jerez\/#primaryimage"},"thumbnailUrl":"https:\/\/dicodusport.fr\/blog\/wp-content\/uploads\/2026\/04\/Pour-Johann-Zarco-Marc-Marquez-ne-devrait-pas-gagner-la-course-sprint-a-Jerez.png","datePublished":"2026-04-25T16:21:20+00:00","description":"MOTOGP \u2013 GRAND PRIX D'ESPAGNE 2026 \u2013 Au micro de Canal+, Johann Zarco a donn\u00e9 un avis tranch\u00e9 sur la victoire de Marc Marquez lors de la course sprint.","breadcrumb":{"@id":"https:\/\/dicodusport.fr\/blog\/pour-johann-zarco-marc-marquez-ne-devrait-pas-gagner-la-course-sprint-a-jerez\/#breadcrumb"},"inLanguage":"fr-FR","potentialAction":[{"@type":"ReadAction","target":["https:\/\/dicodusport.fr\/blog\/pour-johann-zarco-marc-marquez-ne-devrait-pas-gagner-la-course-sprint-a-jerez\/"]}]},{"@type":"ImageObject","inLanguage":"fr-FR","@id":"https:\/\/dicodusport.fr\/blog\/pour-johann-zarco-marc-marquez-ne-devrait-pas-gagner-la-course-sprint-a-jerez\/#primaryimage","url":"https:\/\/dicodusport.fr\/blog\/wp-content\/uploads\/2026\/04\/Pour-Johann-Zarco-Marc-Marquez-ne-devrait-pas-gagner-la-course-sprint-a-Jerez.png","contentUrl":"https:\/\/dicodusport.fr\/blog\/wp-content\/uploads\/2026\/04\/Pour-Johann-Zarco-Marc-Marquez-ne-devrait-pas-gagner-la-course-sprint-a-Jerez.png","width":1200,"height":674,"caption":"Pour Johann Zarco, Marc Marquez ne devrait pas gagner la course sprint \u00e0 Jerez"},{"@type":"BreadcrumbList","@id":"https:\/\/dicodusport.fr\/blog\/pour-johann-zarco-marc-marquez-ne-devrait-pas-gagner-la-course-sprint-a-jerez\/#breadcrumb","itemListElement":[{"@type":"ListItem","position":1,"name":"Accueil","item":"https:\/\/dicodusport.fr\/blog\/"},{"@type":"ListItem","position":2,"name":"Pour Johann Zarco, Marc Marquez \u00ab\u00a0ne devrait pas gagner\u00a0\u00bb la course sprint \u00e0 Jerez"}]},{"@type":"WebSite","@id":"https:\/\/dicodusport.fr\/blog\/#website","url":"https:\/\/dicodusport.fr\/blog\/","name":"Dicodusport","description":"L&#039;encyclop\u00e9die de l&#039;actualit\u00e9 sportive","publisher":{"@id":"https:\/\/dicodusport.fr\/blog\/#organization"},"potentialAction":[{"@type":"SearchAction","target":{"@type":"EntryPoint","urlTemplate":"https:\/\/dicodusport.fr\/blog\/?s={search_term_string}"},"query-input":{"@type":"PropertyValueSpecification","valueRequired":true,"valueName":"search_term_string"}}],"inLanguage":"fr-FR"},{"@type":"NewsMediaOrganization","@id":"https:\/\/dicodusport.fr\/blog\/#organization","name":"Dicodusport","url":"https:\/\/dicodusport.fr\/blog\/","logo":{"@type":"ImageObject","inLanguage":"fr-FR","@id":"https:\/\/dicodusport.fr\/blog\/#\/schema\/logo\/image\/","url":"https:\/\/dicodusport.fr\/blog\/wp-content\/uploads\/2020\/06\/cropped-LOGO-DICODUSPORT-2020-SANS-FOND-SANS-TEXTE.png","contentUrl":"https:\/\/dicodusport.fr\/blog\/wp-content\/uploads\/2020\/06\/cropped-LOGO-DICODUSPORT-2020-SANS-FOND-SANS-TEXTE.png","width":512,"height":512,"caption":"Dicodusport"},"image":{"@id":"https:\/\/dicodusport.fr\/blog\/#\/schema\/logo\/image\/"},"sameAs":["https:\/\/www.facebook.com\/dicodusport","https:\/\/x.com\/dicodusport","https:\/\/www.instagram.com\/dicodusport\/","https:\/\/www.youtube.com\/channel\/UC7V2KZ5sd3htJivAbA4ZG3w"],"description":"Dicodusport est l'encyclop\u00e9die de l'actualit\u00e9 sportive.","email":"bonjour@dicodusport.fr","legalName":"DICODUSPORT","foundingDate":"2018-01-14","vatID":"FR71834470973","taxID":"83447097300043","numberOfEmployees":{"@type":"QuantitativeValue","minValue":"1","maxValue":"10"}},{"@type":"Person","@id":"https:\/\/dicodusport.fr\/blog\/#\/schema\/person\/627966a6cde45dbd8c5e36ac85d783da","name":"S\u00e9bastien Gente","image":{"@type":"ImageObject","inLanguage":"fr-FR","@id":"https:\/\/dicodusport.fr\/blog\/#\/schema\/person\/image\/","url":"https:\/\/dicodusport.fr\/blog\/wp-content\/uploads\/2021\/09\/1510990_10205810251400683_4124423575079401707_n-150x150.jpg","contentUrl":"https:\/\/dicodusport.fr\/blog\/wp-content\/uploads\/2021\/09\/1510990_10205810251400683_4124423575079401707_n-150x150.jpg","caption":"S\u00e9bastien Gente"},"description":"John Stockton, Gianni Bugno, Zinedine Zidane, Steffi Graf, Frode Andresen, St\u00e9phane Stoecklin, Davis Kamoga, Primoz Peterka, Werner Schlager et Aur\u00e9lien Rougerie. Point commun entre ces sportifs? Ils m'ont fait r\u00eaver et ont berc\u00e9 mon adolescence. Je suis un fondu de sports et j'essaie de retranscrire ma passion \u00e0 travers mes articles. Originaire du P\u00e9rigord, ma passion pour les Girondins, les Jaunards et les Jazzmen transpire dans mes \u00e9crits. \u00c0 Dicodusport depuis 2021, je d\u00e9niche les sports m\u00e9connus dans lesquels la France brille, et il y en a !","sameAs":["https:\/\/www.facebook.com\/sebastien.gente\/","https:\/\/www.instagram.com\/sebgente\/","https:\/\/www.linkedin.com\/in\/sbastien-gente-a29583169\/","https:\/\/x.com\/https:\/\/twitter.com\/globulo24","SebastienGente"],"worksFor":"S\u00e9bastien GENTE","url":"https:\/\/dicodusport.fr\/blog\/author\/sebastiengente\/"}]}},"_links":{"self":[{"href":"https:\/\/dicodusport.fr\/blog\/wp-json\/wp\/v2\/posts\/665453","targetHints":{"allow":["GET"]}}],"collection":[{"href":"https:\/\/dicodusport.fr\/blog\/wp-json\/wp\/v2\/posts"}],"about":[{"href":"https:\/\/dicodusport.fr\/blog\/wp-json\/wp\/v2\/types\/post"}],"author":[{"embeddable":true,"href":"https:\/\/dicodusport.fr\/blog\/wp-json\/wp\/v2\/users\/59"}],"replies":[{"embeddable":true,"href":"https:\/\/dicodusport.fr\/blog\/wp-json\/wp\/v2\/comments?post=665453"}],"version-history":[{"count":1,"href":"https:\/\/dicodusport.fr\/blog\/wp-json\/wp\/v2\/posts\/665453\/revisions"}],"predecessor-version":[{"id":665455,"href":"https:\/\/dicodusport.fr\/blog\/wp-json\/wp\/v2\/posts\/665453\/revisions\/665455"}],"wp:featuredmedia":[{"embeddable":true,"href":"https:\/\/dicodusport.fr\/blog\/wp-json\/wp\/v2\/media\/665454"}],"wp:attachment":[{"href":"https:\/\/dicodusport.fr\/blog\/wp-json\/wp\/v2\/media?parent=665453"}],"wp:term":[{"taxonomy":"category","embeddable":true,"href":"https:\/\/dicodusport.fr\/blog\/wp-json\/wp\/v2\/categories?post=665453"},{"taxonomy":"post_tag","embeddable":true,"href":"https:\/\/dicodusport.fr\/blog\/wp-json\/wp\/v2\/tags?post=665453"}],"curies":[{"name":"wp","href":"https:\/\/api.w.org\/{rel}","templated":true}]}}